{"id":34514,"date":"2026-04-29T09:00:00","date_gmt":"2026-04-29T07:00:00","guid":{"rendered":"https:\/\/nid.pl\/?p=34514"},"modified":"2026-04-29T09:25:07","modified_gmt":"2026-04-29T07:25:07","slug":"5-miejsc-ktorych-jeszcze-nie-znacie","status":"publish","type":"post","link":"https:\/\/nid.pl\/en\/2026\/04\/29\/5-miejsc-ktorych-jeszcze-nie-znacie\/","title":{"rendered":"5 miejsc, kt\u00f3rych jeszcze nie znacie!"},"content":{"rendered":"<p><strong>Narodowy Instytut Dziedzictwa i magazyn \u201eSpotkania z Zabytkami\u201d zapraszaj\u0105 na maj\u00f3wk\u0119! D\u0142ugi weekend majowy to doskona\u0142a okazja, \u017ceby odkry\u0107 miejsca w Polsce, jakich jeszcze nie znacie! Specjali\u015bci z Narodowego Instytutu Dziedzictwa i dziennikarze magazynu \u201eSpotkania z Zabytkami\u201d maj\u0105 dla Was kilka unikatowych propozycji.<\/strong><\/p>\n\n\n\n<p>Pi\u0119\u0107 miejsc, pi\u0119\u0107 historii, pi\u0119\u0107 powod\u00f3w, \u017ceby spakowa\u0107 plecak i ruszy\u0107 w drog\u0119. Gwarantujemy, \u017ce b\u0119dzie ciekawie!<\/p>\n\n\n\n<p><\/p>\n\n\n\n<h2 class=\"wp-block-heading has-background\" style=\"background:linear-gradient(135deg,rgba(243,243,243,0.95) 0%,rgb(255,255,255) 100%);font-size:16px\"><strong>Zamek Ksi\u0105\u017c, Wa\u0142brzych.<br>Dla tych, kt\u00f3rzy lubi\u0105 histori\u0119 z dreszczem<\/strong><\/h2>\n\n\n\n<div style=\"height:15px\" aria-hidden=\"true\" class=\"wp-block-spacer\"><\/div>\n\n\n\n<p><strong>Idealny dla: <\/strong>par, mi\u0142o\u015bnik\u00f3w historii, podr\u00f3\u017cnik\u00f3w z dusz\u0105 detektywa<\/p>\n\n\n\n<p>Trzeci co do wielko\u015bci zamek w Polsce i jeden z najbardziej zagadkowych. Wzniesiony pod koniec XIII wieku przez Bolka I Surowego, przez ponad cztery stulecia w r\u0119kach rodu Hochberg\u00f3w, a\u017c do momentu, gdy nazi\u015bci przej\u0119li go si\u0142\u0105 i zabrali si\u0119 do wiercenia tuneli pod jego fundamentami. Po co? Historycy spieraj\u0105 si\u0119 o to do dzi\u015b. M\u00f3wi si\u0119 o planowanej kwaterze Hitlera, tajnym zapleczu III Rzeszy, a nawet o podziemnym mie\u015bcie. Tunele s\u0105 otwarte do zwiedzania. Ale Ksi\u0105\u017c to nie tylko mroczna historia. To tak\u017ce romanse i dramaty. Najs\u0142ynniejsza mieszkanka zamku, ksi\u0119\u017cna Daisy, angielska arystokratka z sercem spo\u0142eczniczki, zamieni\u0142a surow\u0105 rezydencj\u0119 w centrum \u017cycia towarzyskiego Europy i zasadzi\u0142a tu ogrody inspirowane Gertrude Jekyll. Jej histori\u0119 mo\u017cna czyta\u0107 w ka\u017cdym zakamarku zamku. W 2025 roku Ksi\u0105\u017c do\u0142\u0105czy\u0142 oficjalnie do grona pomnik\u00f3w historii. Wiosna to najlepszy moment \u2014 tarasy ogrodowe i romantyczny park rozkwitaj\u0105 dos\u0142ownie.]<\/p>\n\n\n\n<p><\/p>\n\n\n\n<div class=\"wp-block-columns is-layout-flex wp-container-core-columns-is-layout-9d6595d7 wp-block-columns-is-layout-flex\">\n<div class=\"wp-block-column is-layout-flow wp-block-column-is-layout-flow\" style=\"flex-basis:25%\"><\/div>\n\n\n\n<div class=\"wp-block-column is-layout-flow wp-block-column-is-layout-flow\" style=\"flex-basis:50%\">\n<figure data-wp-context=\"{&quot;imageId&quot;:&quot;69f5872680f94&quot;}\" data-wp-interactive=\"core\/image\" data-wp-key=\"69f5872680f94\" class=\"wp-block-image aligncenter size-full wp-lightbox-container\"><img loading=\"lazy\" decoding=\"async\" width=\"1200\" height=\"800\" data-wp-class--hide=\"state.isContentHidden\" data-wp-class--show=\"state.isContentVisible\" data-wp-init=\"callbacks.setButtonStyles\" data-wp-on--click=\"actions.showLightbox\" data-wp-on--load=\"callbacks.setButtonStyles\" data-wp-on-window--resize=\"callbacks.setButtonStyles\" src=\"https:\/\/nid.pl\/wp-content\/uploads\/2026\/04\/walbrzych-zamek-ksiaz_01.jpg\" alt=\"\" class=\"wp-image-34533\" style=\"aspect-ratio:1.5000284786694766;object-fit:cover\" srcset=\"https:\/\/nid.pl\/wp-content\/uploads\/2026\/04\/walbrzych-zamek-ksiaz_01.jpg 1200w, https:\/\/nid.pl\/wp-content\/uploads\/2026\/04\/walbrzych-zamek-ksiaz_01-980x653.jpg 980w, https:\/\/nid.pl\/wp-content\/uploads\/2026\/04\/walbrzych-zamek-ksiaz_01-480x320.jpg 480w\" sizes=\"(min-width: 0px) and (max-width: 480px) 480px, (min-width: 481px) and (max-width: 980px) 980px, (min-width: 981px) 1200px, 100vw\" \/><button\n\t\t\tclass=\"lightbox-trigger\"\n\t\t\ttype=\"button\"\n\t\t\taria-haspopup=\"dialog\"\n\t\t\taria-label=\"Enlarge\"\n\t\t\tdata-wp-init=\"callbacks.initTriggerButton\"\n\t\t\tdata-wp-on--click=\"actions.showLightbox\"\n\t\t\tdata-wp-style--right=\"state.imageButtonRight\"\n\t\t\tdata-wp-style--top=\"state.imageButtonTop\"\n\t\t>\n\t\t\t<svg xmlns=\"http:\/\/www.w3.org\/2000\/svg\" width=\"12\" height=\"12\" fill=\"none\" viewbox=\"0 0 12 12\">\n\t\t\t\t<path fill=\"#fff\" d=\"M2 0a2 2 0 0 0-2 2v2h1.5V2a.5.5 0 0 1 .5-.5h2V0H2Zm2 10.5H2a.5.5 0 0 1-.5-.5V8H0v2a2 2 0 0 0 2 2h2v-1.5ZM8 12v-1.5h2a.5.5 0 0 0 .5-.5V8H12v2a2 2 0 0 1-2 2H8Zm2-12a2 2 0 0 1 2 2v2h-1.5V2a.5.5 0 0 0-.5-.5H8V0h2Z\" \/>\n\t\t\t<\/svg>\n\t\t<\/button><figcaption class=\"wp-element-caption\">Wa\u0142brzych, zamek Ksi\u0105\u017c, woj. dolno\u015bl\u0105skie, <br>stan na wrzesie\u0144 2022 r., fot. Dominik Lisowski<\/figcaption><\/figure>\n<\/div>\n\n\n\n<div class=\"wp-block-column is-layout-flow wp-block-column-is-layout-flow\" style=\"flex-basis:25%\"><\/div>\n<\/div>\n\n\n\n<p><strong>Ciekawostka:<\/strong> Losy syn\u00f3w ksi\u0119\u017cnej Daisy otoczone s\u0105 aur\u0105 obyczajowej dwuznaczno\u015bci. Starszy syn Hans Heinrich XVII (zwany w rodzinie Hansel), obj\u0105\u0142 przewodnictwo dzia\u0142aj\u0105cej na polskim G\u00f3rnym \u015al\u0105sku organizacji mniejszo\u015bci niemieckiej \u2013 Volksbundu. M\u0142odszy Aleksander (w rodzinie zwany Lexel) mierzy\u0142 si\u0119 z podejrzeniami o homoseksualizm, w zwi\u0105zku z czym uciekaj\u0105c przed nazistami uda\u0142 si\u0119 do Polski i wst\u0105pi\u0142 do Si\u0142 Polskich na Zachodzie.<\/p>\n\n\n\n<p><\/p>\n\n\n\n<div class=\"wp-block-columns are-vertically-aligned-center is-layout-flex wp-container-core-columns-is-layout-9d6595d7 wp-block-columns-is-layout-flex\">\n<div class=\"wp-block-column is-vertically-aligned-center is-layout-flow wp-block-column-is-layout-flow\">\n<figure data-wp-context=\"{&quot;imageId&quot;:&quot;69f58726814f1&quot;}\" data-wp-interactive=\"core\/image\" data-wp-key=\"69f58726814f1\" class=\"wp-block-image aligncenter size-large wp-lightbox-container\"><img loading=\"lazy\" decoding=\"async\" width=\"1024\" height=\"683\" data-wp-class--hide=\"state.isContentHidden\" data-wp-class--show=\"state.isContentVisible\" data-wp-init=\"callbacks.setButtonStyles\" data-wp-on--click=\"actions.showLightbox\" data-wp-on--load=\"callbacks.setButtonStyles\" data-wp-on-window--resize=\"callbacks.setButtonStyles\" src=\"https:\/\/nid.pl\/wp-content\/uploads\/2026\/04\/walbrzych-zamek-ksiaz_02-1024x683.jpg\" alt=\"\" class=\"wp-image-34534\" style=\"box-shadow:var(--wp--preset--shadow--natural)\" srcset=\"https:\/\/nid.pl\/wp-content\/uploads\/2026\/04\/walbrzych-zamek-ksiaz_02-1024x683.jpg 1024w, https:\/\/nid.pl\/wp-content\/uploads\/2026\/04\/walbrzych-zamek-ksiaz_02-980x653.jpg 980w, https:\/\/nid.pl\/wp-content\/uploads\/2026\/04\/walbrzych-zamek-ksiaz_02-480x320.jpg 480w\" sizes=\"(min-width: 0px) and (max-width: 480px) 480px, (min-width: 481px) and (max-width: 980px) 980px, (min-width: 981px) 1024px, 100vw\" \/><button\n\t\t\tclass=\"lightbox-trigger\"\n\t\t\ttype=\"button\"\n\t\t\taria-haspopup=\"dialog\"\n\t\t\taria-label=\"Enlarge\"\n\t\t\tdata-wp-init=\"callbacks.initTriggerButton\"\n\t\t\tdata-wp-on--click=\"actions.showLightbox\"\n\t\t\tdata-wp-style--right=\"state.imageButtonRight\"\n\t\t\tdata-wp-style--top=\"state.imageButtonTop\"\n\t\t>\n\t\t\t<svg xmlns=\"http:\/\/www.w3.org\/2000\/svg\" width=\"12\" height=\"12\" fill=\"none\" viewbox=\"0 0 12 12\">\n\t\t\t\t<path fill=\"#fff\" d=\"M2 0a2 2 0 0 0-2 2v2h1.5V2a.5.5 0 0 1 .5-.5h2V0H2Zm2 10.5H2a.5.5 0 0 1-.5-.5V8H0v2a2 2 0 0 0 2 2h2v-1.5ZM8 12v-1.5h2a.5.5 0 0 0 .5-.5V8H12v2a2 2 0 0 1-2 2H8Zm2-12a2 2 0 0 1 2 2v2h-1.5V2a.5.5 0 0 0-.5-.5H8V0h2Z\" \/>\n\t\t\t<\/svg>\n\t\t<\/button><figcaption class=\"wp-element-caption\">Wa\u0142brzych, zamek Ksi\u0105\u017c, woj. dolno\u015bl\u0105skie, <br>stan na wrzesie\u0144 2022 r., fot. Dominik Lisowski<\/figcaption><\/figure>\n<\/div>\n\n\n\n<div class=\"wp-block-column is-vertically-aligned-center is-layout-flow wp-block-column-is-layout-flow\">\n<figure data-wp-context=\"{&quot;imageId&quot;:&quot;69f58726817f0&quot;}\" data-wp-interactive=\"core\/image\" data-wp-key=\"69f58726817f0\" class=\"wp-block-image aligncenter size-large wp-lightbox-container\"><img loading=\"lazy\" decoding=\"async\" width=\"1024\" height=\"683\" data-wp-class--hide=\"state.isContentHidden\" data-wp-class--show=\"state.isContentVisible\" data-wp-init=\"callbacks.setButtonStyles\" data-wp-on--click=\"actions.showLightbox\" data-wp-on--load=\"callbacks.setButtonStyles\" data-wp-on-window--resize=\"callbacks.setButtonStyles\" src=\"https:\/\/nid.pl\/wp-content\/uploads\/2026\/04\/walbrzych-zamek-ksiaz_03-1024x683.jpg\" alt=\"\" class=\"wp-image-34535\" style=\"box-shadow:var(--wp--preset--shadow--natural)\" srcset=\"https:\/\/nid.pl\/wp-content\/uploads\/2026\/04\/walbrzych-zamek-ksiaz_03-1024x683.jpg 1024w, https:\/\/nid.pl\/wp-content\/uploads\/2026\/04\/walbrzych-zamek-ksiaz_03-980x653.jpg 980w, https:\/\/nid.pl\/wp-content\/uploads\/2026\/04\/walbrzych-zamek-ksiaz_03-480x320.jpg 480w\" sizes=\"(min-width: 0px) and (max-width: 480px) 480px, (min-width: 481px) and (max-width: 980px) 980px, (min-width: 981px) 1024px, 100vw\" \/><button\n\t\t\tclass=\"lightbox-trigger\"\n\t\t\ttype=\"button\"\n\t\t\taria-haspopup=\"dialog\"\n\t\t\taria-label=\"Enlarge\"\n\t\t\tdata-wp-init=\"callbacks.initTriggerButton\"\n\t\t\tdata-wp-on--click=\"actions.showLightbox\"\n\t\t\tdata-wp-style--right=\"state.imageButtonRight\"\n\t\t\tdata-wp-style--top=\"state.imageButtonTop\"\n\t\t>\n\t\t\t<svg xmlns=\"http:\/\/www.w3.org\/2000\/svg\" width=\"12\" height=\"12\" fill=\"none\" viewbox=\"0 0 12 12\">\n\t\t\t\t<path fill=\"#fff\" d=\"M2 0a2 2 0 0 0-2 2v2h1.5V2a.5.5 0 0 1 .5-.5h2V0H2Zm2 10.5H2a.5.5 0 0 1-.5-.5V8H0v2a2 2 0 0 0 2 2h2v-1.5ZM8 12v-1.5h2a.5.5 0 0 0 .5-.5V8H12v2a2 2 0 0 1-2 2H8Zm2-12a2 2 0 0 1 2 2v2h-1.5V2a.5.5 0 0 0-.5-.5H8V0h2Z\" \/>\n\t\t\t<\/svg>\n\t\t<\/button><figcaption class=\"wp-element-caption\">Wa\u0142brzych, zamek Ksi\u0105\u017c, woj. dolno\u015bl\u0105skie, <br>stan na wrzesie\u0144 2022 r., fot. Dominik Lisowski<\/figcaption><\/figure>\n<\/div>\n<\/div>\n\n\n\n<div style=\"height:30px\" aria-hidden=\"true\" class=\"wp-block-spacer\"><\/div>\n\n\n\n<h2 class=\"wp-block-heading has-background\" style=\"background:linear-gradient(135deg,rgba(243,243,243,0.95) 0%,rgb(255,255,255) 100%);font-size:16px\"><strong>Hydropolis, Wroc\u0142aw. Dla ciekawskich!<\/strong><\/h2>\n\n\n\n<div style=\"height:15px\" aria-hidden=\"true\" class=\"wp-block-spacer\"><\/div>\n\n\n\n<p><strong>Idealny dla: <\/strong>rodzin z dzie\u0107mi, mi\u0142o\u015bnik\u00f3w techniki, fan\u00f3w muze\u00f3w<\/p>\n\n\n\n<p>Kto by pomy\u015bla\u0142, \u017ce pow\u00f3d\u017a mo\u017ce uratowa\u0107 muzeum? A jednak \u2014 to w\u0142a\u015bnie katastrofalna pow\u00f3d\u017a Odry z 1997 roku sprawi\u0142a, \u017ce stary podziemny zbiornik wody pitnej przy ul. Na Grobli we Wroc\u0142awiu wy\u0142\u0105czono z eksploatacji. Wkr\u00f3tce zacz\u0119to my\u015ble\u0107 o tym, \u017ceby da\u0107 mu nowe \u017cycie. Zbiornik pochodzi z ko\u0144ca XIX wieku: zbudowany pod nasypem ziemnym, przez dziesi\u0105tki lat skrycie przechowywa\u0142 miliony litr\u00f3w wody dla mieszka\u0144c\u00f3w Wroc\u0142awia. Dzi\u015b to tam kryje si\u0119 jedno z najciekawszych centr\u00f3w nauki w Polsce. Hydropolis to siedem stref tematycznych o wodzie: od stan\u00f3w skupienia, przez oceany i g\u0142\u0119biny (tu czeka replika s\u0142ynnego batyskafu \u201eTrieste&#8221;!), a\u017c po in\u017cynieri\u0119 miejskich wodoci\u0105g\u00f3w. Ekspozycje s\u0105 interaktywne i multimedialne. G\u0142os Krystyny Czub\u00f3wny towarzyszy opowie\u015bci o powstaniu i losach wody we wszech\u015bwiecie. Dzieci wychodz\u0105 zachwycone, doro\u015bli \u2014 zaskoczeni. Sprawd\u017a, ile jeszcze nie wiesz o H\u2082O.<\/p>\n\n\n\n<p><strong>Ciekawostka:<\/strong> W Hydropolis stoi jedyna na \u015bwiecie replika batyskafu \u201eTrieste&#8221;. Czyli pojazdu, kt\u00f3rym w 1960 roku Amerykanin Don Walsh i Szwajcar Jacques Piccard dotarli na dno Rowu Maria\u0144skiego, najg\u0142\u0119bsze miejsce na Ziemi. Gdy Walsh odwiedzi\u0142 Wroc\u0142aw w 2016 roku i wszed\u0142 do repliki, powiedzia\u0142: \u201ePoczu\u0142em si\u0119 jak w domu&#8221; \u2014 po czym wyzna\u0142, \u017ce po 14 godzinach wyprawy obaj zdobywcy byli\u2026 troch\u0119 rozczarowani tym, co zastali na dnie.<\/p>\n\n\n\n<div class=\"wp-block-columns is-layout-flex wp-container-core-columns-is-layout-9d6595d7 wp-block-columns-is-layout-flex\">\n<div class=\"wp-block-column is-layout-flow wp-block-column-is-layout-flow\">\n<figure data-wp-context=\"{&quot;imageId&quot;:&quot;69f5872681c79&quot;}\" data-wp-interactive=\"core\/image\" data-wp-key=\"69f5872681c79\" class=\"wp-block-image size-large wp-lightbox-container\"><img loading=\"lazy\" decoding=\"async\" width=\"1024\" height=\"683\" data-wp-class--hide=\"state.isContentHidden\" data-wp-class--show=\"state.isContentVisible\" data-wp-init=\"callbacks.setButtonStyles\" data-wp-on--click=\"actions.showLightbox\" data-wp-on--load=\"callbacks.setButtonStyles\" data-wp-on-window--resize=\"callbacks.setButtonStyles\" src=\"https:\/\/nid.pl\/wp-content\/uploads\/2026\/04\/hydropolis-we-wroclawiu_02-1024x683.jpeg\" alt=\"\" class=\"wp-image-34532\" style=\"box-shadow:var(--wp--preset--shadow--natural)\" srcset=\"https:\/\/nid.pl\/wp-content\/uploads\/2026\/04\/hydropolis-we-wroclawiu_02-1024x683.jpeg 1024w, https:\/\/nid.pl\/wp-content\/uploads\/2026\/04\/hydropolis-we-wroclawiu_02-980x653.jpeg 980w, https:\/\/nid.pl\/wp-content\/uploads\/2026\/04\/hydropolis-we-wroclawiu_02-480x320.jpeg 480w\" sizes=\"(min-width: 0px) and (max-width: 480px) 480px, (min-width: 481px) and (max-width: 980px) 980px, (min-width: 981px) 1024px, 100vw\" \/><button\n\t\t\tclass=\"lightbox-trigger\"\n\t\t\ttype=\"button\"\n\t\t\taria-haspopup=\"dialog\"\n\t\t\taria-label=\"Enlarge\"\n\t\t\tdata-wp-init=\"callbacks.initTriggerButton\"\n\t\t\tdata-wp-on--click=\"actions.showLightbox\"\n\t\t\tdata-wp-style--right=\"state.imageButtonRight\"\n\t\t\tdata-wp-style--top=\"state.imageButtonTop\"\n\t\t>\n\t\t\t<svg xmlns=\"http:\/\/www.w3.org\/2000\/svg\" width=\"12\" height=\"12\" fill=\"none\" viewbox=\"0 0 12 12\">\n\t\t\t\t<path fill=\"#fff\" d=\"M2 0a2 2 0 0 0-2 2v2h1.5V2a.5.5 0 0 1 .5-.5h2V0H2Zm2 10.5H2a.5.5 0 0 1-.5-.5V8H0v2a2 2 0 0 0 2 2h2v-1.5ZM8 12v-1.5h2a.5.5 0 0 0 .5-.5V8H12v2a2 2 0 0 1-2 2H8Zm2-12a2 2 0 0 1 2 2v2h-1.5V2a.5.5 0 0 0-.5-.5H8V0h2Z\" \/>\n\t\t\t<\/svg>\n\t\t<\/button><figcaption class=\"wp-element-caption\">Hydropolis we Wroc\u0142awiu, fot. Albin Marciniak<\/figcaption><\/figure>\n<\/div>\n\n\n\n<div class=\"wp-block-column is-layout-flow wp-block-column-is-layout-flow\">\n<figure data-wp-context=\"{&quot;imageId&quot;:&quot;69f5872681f7d&quot;}\" data-wp-interactive=\"core\/image\" data-wp-key=\"69f5872681f7d\" class=\"wp-block-image size-large wp-lightbox-container\"><img loading=\"lazy\" decoding=\"async\" width=\"1024\" height=\"683\" data-wp-class--hide=\"state.isContentHidden\" data-wp-class--show=\"state.isContentVisible\" data-wp-init=\"callbacks.setButtonStyles\" data-wp-on--click=\"actions.showLightbox\" data-wp-on--load=\"callbacks.setButtonStyles\" data-wp-on-window--resize=\"callbacks.setButtonStyles\" src=\"https:\/\/nid.pl\/wp-content\/uploads\/2026\/04\/hydropolis-we-wroclawiu_01-1024x683.jpeg\" alt=\"\" class=\"wp-image-34531\" style=\"box-shadow:var(--wp--preset--shadow--natural)\" srcset=\"https:\/\/nid.pl\/wp-content\/uploads\/2026\/04\/hydropolis-we-wroclawiu_01-1024x683.jpeg 1024w, https:\/\/nid.pl\/wp-content\/uploads\/2026\/04\/hydropolis-we-wroclawiu_01-980x653.jpeg 980w, https:\/\/nid.pl\/wp-content\/uploads\/2026\/04\/hydropolis-we-wroclawiu_01-480x320.jpeg 480w\" sizes=\"(min-width: 0px) and (max-width: 480px) 480px, (min-width: 481px) and (max-width: 980px) 980px, (min-width: 981px) 1024px, 100vw\" \/><button\n\t\t\tclass=\"lightbox-trigger\"\n\t\t\ttype=\"button\"\n\t\t\taria-haspopup=\"dialog\"\n\t\t\taria-label=\"Enlarge\"\n\t\t\tdata-wp-init=\"callbacks.initTriggerButton\"\n\t\t\tdata-wp-on--click=\"actions.showLightbox\"\n\t\t\tdata-wp-style--right=\"state.imageButtonRight\"\n\t\t\tdata-wp-style--top=\"state.imageButtonTop\"\n\t\t>\n\t\t\t<svg xmlns=\"http:\/\/www.w3.org\/2000\/svg\" width=\"12\" height=\"12\" fill=\"none\" viewbox=\"0 0 12 12\">\n\t\t\t\t<path fill=\"#fff\" d=\"M2 0a2 2 0 0 0-2 2v2h1.5V2a.5.5 0 0 1 .5-.5h2V0H2Zm2 10.5H2a.5.5 0 0 1-.5-.5V8H0v2a2 2 0 0 0 2 2h2v-1.5ZM8 12v-1.5h2a.5.5 0 0 0 .5-.5V8H12v2a2 2 0 0 1-2 2H8Zm2-12a2 2 0 0 1 2 2v2h-1.5V2a.5.5 0 0 0-.5-.5H8V0h2Z\" \/>\n\t\t\t<\/svg>\n\t\t<\/button><figcaption class=\"wp-element-caption\">Hydropolis we Wroc\u0142awiu, fot. Albin Marciniak<\/figcaption><\/figure>\n<\/div>\n<\/div>\n\n\n\n<h2 class=\"wp-block-heading has-background\" style=\"background:linear-gradient(135deg,rgba(243,243,243,0.95) 0%,rgb(255,255,255) 100%);font-size:16px\"><strong>Hevelianum, Gda\u0144sk. Dla rodzin i aktywnych spacerowicz\u00f3w<\/strong><\/h2>\n\n\n\n<div style=\"height:15px\" aria-hidden=\"true\" class=\"wp-block-spacer\"><\/div>\n\n\n\n<p><strong>Idealny dla:<\/strong> rodzin z dzie\u0107mi, turyst\u00f3w szukaj\u0105cych po\u0142\u0105czenia nauki z natur\u0105, mi\u0142o\u015bnik\u00f3w widok\u00f3w<\/p>\n\n\n\n<p>G\u00f3ra Gradowa w centrum Gda\u0144ska od wczesnego \u015bredniowiecza uwa\u017cana by\u0142a za kolebk\u0119 miast. To tu, jak przez wieki s\u0105dzono, sta\u0142 pierwszy gr\u00f3d, od kt\u00f3rego Gda\u0144sk wzi\u0105\u0142 sw\u00f3j pocz\u0105tek. Dzi\u015b wzniesienie o wysoko\u015bci 50 metr\u00f3w zajmuje ponad 20 hektar\u00f3w zabytkowego XIX-wiecznego fortu i mie\u015bci jedno z najbardziej wyj\u0105tkowych centr\u00f3w nauki w Polsce. Hevelianum to interaktywne wystawy z fizyki, matematyki, biologii i historii oraz ekspozycja po\u015bwi\u0119cona gda\u0144skiemu astronomowi Janowi Heweliuszowi. Wspania\u0142y jest te\u017c teren na zewn\u0105trz &#8211; \u015bcie\u017cki spacerowe, ziele\u0144, dwa punkty widokowe z panoram\u0105 Starego Miasta i stoczni, place zabaw dla dzieci. W dawnej wozowni artyleryjskiej dzia\u0142a restauracja. Hevelianum to rzadki przypadek, gdzie ka\u017cde pokolenie znajdzie co\u015b dla siebie. I wszyscy wyjd\u0105 zadowoleni.<\/p>\n\n\n\n<div class=\"wp-block-columns is-layout-flex wp-container-core-columns-is-layout-9d6595d7 wp-block-columns-is-layout-flex\">\n<div class=\"wp-block-column is-layout-flow wp-block-column-is-layout-flow\" style=\"flex-basis:25%\"><\/div>\n\n\n\n<div class=\"wp-block-column is-layout-flow wp-block-column-is-layout-flow\" style=\"flex-basis:50%\">\n<figure data-wp-context=\"{&quot;imageId&quot;:&quot;69f58726823e7&quot;}\" data-wp-interactive=\"core\/image\" data-wp-key=\"69f58726823e7\" class=\"wp-block-image size-large wp-lightbox-container\"><img loading=\"lazy\" decoding=\"async\" width=\"1024\" height=\"683\" data-wp-class--hide=\"state.isContentHidden\" data-wp-class--show=\"state.isContentVisible\" data-wp-init=\"callbacks.setButtonStyles\" data-wp-on--click=\"actions.showLightbox\" data-wp-on--load=\"callbacks.setButtonStyles\" data-wp-on-window--resize=\"callbacks.setButtonStyles\" src=\"https:\/\/nid.pl\/wp-content\/uploads\/2026\/04\/hevelianum-gdansk_03-1024x683.jpeg\" alt=\"\" class=\"wp-image-34528\" srcset=\"https:\/\/nid.pl\/wp-content\/uploads\/2026\/04\/hevelianum-gdansk_03-1024x683.jpeg 1024w, https:\/\/nid.pl\/wp-content\/uploads\/2026\/04\/hevelianum-gdansk_03-980x653.jpeg 980w, https:\/\/nid.pl\/wp-content\/uploads\/2026\/04\/hevelianum-gdansk_03-480x320.jpeg 480w\" sizes=\"(min-width: 0px) and (max-width: 480px) 480px, (min-width: 481px) and (max-width: 980px) 980px, (min-width: 981px) 1024px, 100vw\" \/><button\n\t\t\tclass=\"lightbox-trigger\"\n\t\t\ttype=\"button\"\n\t\t\taria-haspopup=\"dialog\"\n\t\t\taria-label=\"Enlarge\"\n\t\t\tdata-wp-init=\"callbacks.initTriggerButton\"\n\t\t\tdata-wp-on--click=\"actions.showLightbox\"\n\t\t\tdata-wp-style--right=\"state.imageButtonRight\"\n\t\t\tdata-wp-style--top=\"state.imageButtonTop\"\n\t\t>\n\t\t\t<svg xmlns=\"http:\/\/www.w3.org\/2000\/svg\" width=\"12\" height=\"12\" fill=\"none\" viewbox=\"0 0 12 12\">\n\t\t\t\t<path fill=\"#fff\" d=\"M2 0a2 2 0 0 0-2 2v2h1.5V2a.5.5 0 0 1 .5-.5h2V0H2Zm2 10.5H2a.5.5 0 0 1-.5-.5V8H0v2a2 2 0 0 0 2 2h2v-1.5ZM8 12v-1.5h2a.5.5 0 0 0 .5-.5V8H12v2a2 2 0 0 1-2 2H8Zm2-12a2 2 0 0 1 2 2v2h-1.5V2a.5.5 0 0 0-.5-.5H8V0h2Z\" \/>\n\t\t\t<\/svg>\n\t\t<\/button><figcaption class=\"wp-element-caption\">Hevelianum, Gda\u0144sk, fot. Adobe Stock, Kamil<\/figcaption><\/figure>\n<\/div>\n\n\n\n<div class=\"wp-block-column is-layout-flow wp-block-column-is-layout-flow\" style=\"flex-basis:25%\"><\/div>\n<\/div>\n\n\n\n<p><strong>Ciekawostka:<\/strong> G\u00f3ra Gradowa przez trzy wieki by\u0142a jednym z najgor\u0119tszych punkt\u00f3w na militarnej mapie Europy. Od XVII wieku stacjonowa\u0142y tu kolejno wojska gda\u0144skie, pruskie, francuskie, a w ostatnich tygodniach II wojny \u015bwiatowej \u2014 sowieckie. Dzi\u015b wzg\u00f3rze jest zielon\u0105 oaz\u0105 nauki i zabawy.<\/p>\n\n\n\n<div class=\"wp-block-columns is-layout-flex wp-container-core-columns-is-layout-9d6595d7 wp-block-columns-is-layout-flex\">\n<div class=\"wp-block-column is-layout-flow wp-block-column-is-layout-flow\">\n<figure data-wp-context=\"{&quot;imageId&quot;:&quot;69f58726827bc&quot;}\" data-wp-interactive=\"core\/image\" data-wp-key=\"69f58726827bc\" class=\"wp-block-image size-large wp-lightbox-container\"><img loading=\"lazy\" decoding=\"async\" width=\"1024\" height=\"683\" data-wp-class--hide=\"state.isContentHidden\" data-wp-class--show=\"state.isContentVisible\" data-wp-init=\"callbacks.setButtonStyles\" data-wp-on--click=\"actions.showLightbox\" data-wp-on--load=\"callbacks.setButtonStyles\" data-wp-on-window--resize=\"callbacks.setButtonStyles\" src=\"https:\/\/nid.pl\/wp-content\/uploads\/2026\/04\/hevelianum-gdansk_02-1024x683.jpeg\" alt=\"\" class=\"wp-image-34530\" style=\"box-shadow:var(--wp--preset--shadow--natural)\" srcset=\"https:\/\/nid.pl\/wp-content\/uploads\/2026\/04\/hevelianum-gdansk_02-1024x683.jpeg 1024w, https:\/\/nid.pl\/wp-content\/uploads\/2026\/04\/hevelianum-gdansk_02-980x653.jpeg 980w, https:\/\/nid.pl\/wp-content\/uploads\/2026\/04\/hevelianum-gdansk_02-480x320.jpeg 480w\" sizes=\"(min-width: 0px) and (max-width: 480px) 480px, (min-width: 481px) and (max-width: 980px) 980px, (min-width: 981px) 1024px, 100vw\" \/><button\n\t\t\tclass=\"lightbox-trigger\"\n\t\t\ttype=\"button\"\n\t\t\taria-haspopup=\"dialog\"\n\t\t\taria-label=\"Enlarge\"\n\t\t\tdata-wp-init=\"callbacks.initTriggerButton\"\n\t\t\tdata-wp-on--click=\"actions.showLightbox\"\n\t\t\tdata-wp-style--right=\"state.imageButtonRight\"\n\t\t\tdata-wp-style--top=\"state.imageButtonTop\"\n\t\t>\n\t\t\t<svg xmlns=\"http:\/\/www.w3.org\/2000\/svg\" width=\"12\" height=\"12\" fill=\"none\" viewbox=\"0 0 12 12\">\n\t\t\t\t<path fill=\"#fff\" d=\"M2 0a2 2 0 0 0-2 2v2h1.5V2a.5.5 0 0 1 .5-.5h2V0H2Zm2 10.5H2a.5.5 0 0 1-.5-.5V8H0v2a2 2 0 0 0 2 2h2v-1.5ZM8 12v-1.5h2a.5.5 0 0 0 .5-.5V8H12v2a2 2 0 0 1-2 2H8Zm2-12a2 2 0 0 1 2 2v2h-1.5V2a.5.5 0 0 0-.5-.5H8V0h2Z\" \/>\n\t\t\t<\/svg>\n\t\t<\/button><figcaption class=\"wp-element-caption\">Hevelianum, Gda\u0144sk, fot. Adobe Stock, Curioso.Photography<\/figcaption><\/figure>\n<\/div>\n\n\n\n<div class=\"wp-block-column is-layout-flow wp-block-column-is-layout-flow\">\n<figure data-wp-context=\"{&quot;imageId&quot;:&quot;69f5872682a88&quot;}\" data-wp-interactive=\"core\/image\" data-wp-key=\"69f5872682a88\" class=\"wp-block-image size-large wp-lightbox-container\"><img loading=\"lazy\" decoding=\"async\" width=\"1024\" height=\"683\" data-wp-class--hide=\"state.isContentHidden\" data-wp-class--show=\"state.isContentVisible\" data-wp-init=\"callbacks.setButtonStyles\" data-wp-on--click=\"actions.showLightbox\" data-wp-on--load=\"callbacks.setButtonStyles\" data-wp-on-window--resize=\"callbacks.setButtonStyles\" src=\"https:\/\/nid.pl\/wp-content\/uploads\/2026\/04\/hevelianum-gdansk_01-1024x683.jpeg\" alt=\"\" class=\"wp-image-34529\" style=\"box-shadow:var(--wp--preset--shadow--natural)\" srcset=\"https:\/\/nid.pl\/wp-content\/uploads\/2026\/04\/hevelianum-gdansk_01-1024x683.jpeg 1024w, https:\/\/nid.pl\/wp-content\/uploads\/2026\/04\/hevelianum-gdansk_01-980x653.jpeg 980w, https:\/\/nid.pl\/wp-content\/uploads\/2026\/04\/hevelianum-gdansk_01-480x320.jpeg 480w\" sizes=\"(min-width: 0px) and (max-width: 480px) 480px, (min-width: 481px) and (max-width: 980px) 980px, (min-width: 981px) 1024px, 100vw\" \/><button\n\t\t\tclass=\"lightbox-trigger\"\n\t\t\ttype=\"button\"\n\t\t\taria-haspopup=\"dialog\"\n\t\t\taria-label=\"Enlarge\"\n\t\t\tdata-wp-init=\"callbacks.initTriggerButton\"\n\t\t\tdata-wp-on--click=\"actions.showLightbox\"\n\t\t\tdata-wp-style--right=\"state.imageButtonRight\"\n\t\t\tdata-wp-style--top=\"state.imageButtonTop\"\n\t\t>\n\t\t\t<svg xmlns=\"http:\/\/www.w3.org\/2000\/svg\" width=\"12\" height=\"12\" fill=\"none\" viewbox=\"0 0 12 12\">\n\t\t\t\t<path fill=\"#fff\" d=\"M2 0a2 2 0 0 0-2 2v2h1.5V2a.5.5 0 0 1 .5-.5h2V0H2Zm2 10.5H2a.5.5 0 0 1-.5-.5V8H0v2a2 2 0 0 0 2 2h2v-1.5ZM8 12v-1.5h2a.5.5 0 0 0 .5-.5V8H12v2a2 2 0 0 1-2 2H8Zm2-12a2 2 0 0 1 2 2v2h-1.5V2a.5.5 0 0 0-.5-.5H8V0h2Z\" \/>\n\t\t\t<\/svg>\n\t\t<\/button><figcaption class=\"wp-element-caption\">Hevelianum, Gda\u0144sk, fot. Adobe Stock, Kamil<\/figcaption><\/figure>\n<\/div>\n<\/div>\n\n\n\n<h2 class=\"wp-block-heading has-background\" style=\"background:linear-gradient(135deg,rgba(243,243,243,0.95) 0%,rgb(255,255,255) 100%);font-size:16px\"><strong>Trzebiech\u00f3w. Dla odkrywc\u00f3w i fan\u00f3w architektury<\/strong><\/h2>\n\n\n\n<div style=\"height:15px\" aria-hidden=\"true\" class=\"wp-block-spacer\"><\/div>\n\n\n\n<p><strong>Idealny dla:<\/strong> mi\u0142o\u015bnik\u00f3w designu i architektury, podr\u00f3\u017cnik\u00f3w szukaj\u0105cych miejsc poza utartym szlakiem<\/p>\n\n\n\n<p>W ma\u0142ej lubuskiej wsi przez prawie sto lat nikt nie wiedzia\u0142, co kryje si\u0119 za historyczn\u0105 fasad\u0105 dawnego sanatorium. Odkrycie nast\u0105pi\u0142o w 2003 roku i odbi\u0142o si\u0119 szerokim echem w ca\u0142ej Europie.<\/p>\n\n\n\n<p>Okaza\u0142o si\u0119 \u017ce wn\u0119trza kompleksu zaprojektowa\u0142 Henry van de Velde, belgijski geniusz, kt\u00f3rego Walter Gropius uwa\u017ca\u0142 za bezpo\u015bredniego poprzednika Bauhausu. Van de Velde pracowa\u0142 tu na prze\u0142omie 1902 i 1905 roku, tworz\u0105c system wn\u0119trz, w kt\u00f3rym secesja ju\u017c wyczuwa nadchodz\u0105cy modernizm: liniowy ornament, przemy\u015blana kolorystyka, meble wbudowane, stolarka drzwiowa. Zinwentaryzowano 62 pary drzwi wykonanych wed\u0142ug 14 wzor\u00f3w. Zidentyfikowano przemy\u015blany zestaw barw: ciemnoniebieski, niebieskoszary, czerwony, jasnozielony, jasnoszary, pastelowy zielony i ugrowy. Zachowa\u0142y si\u0119 elementy wbudowane i wbudowana w schody sofa z oryginaln\u0105 tapicerk\u0105, a tak\u017ce dwie \u0142awki, dwa fotele oraz kominek.<\/p>\n\n\n\n<div class=\"wp-block-columns is-layout-flex wp-container-core-columns-is-layout-9d6595d7 wp-block-columns-is-layout-flex\">\n<div class=\"wp-block-column is-layout-flow wp-block-column-is-layout-flow\">\n<figure data-wp-context=\"{&quot;imageId&quot;:&quot;69f5872682efb&quot;}\" data-wp-interactive=\"core\/image\" data-wp-key=\"69f5872682efb\" class=\"wp-block-image size-large wp-lightbox-container\"><img loading=\"lazy\" decoding=\"async\" width=\"1024\" height=\"683\" data-wp-class--hide=\"state.isContentHidden\" data-wp-class--show=\"state.isContentVisible\" data-wp-init=\"callbacks.setButtonStyles\" data-wp-on--click=\"actions.showLightbox\" data-wp-on--load=\"callbacks.setButtonStyles\" data-wp-on-window--resize=\"callbacks.setButtonStyles\" src=\"https:\/\/nid.pl\/wp-content\/uploads\/2026\/04\/trzebiechow-zespol-sanatoryjno-parkowy_01-1024x683.jpg\" alt=\"\" class=\"wp-image-34524\" style=\"box-shadow:var(--wp--preset--shadow--natural)\" srcset=\"https:\/\/nid.pl\/wp-content\/uploads\/2026\/04\/trzebiechow-zespol-sanatoryjno-parkowy_01-1024x683.jpg 1024w, https:\/\/nid.pl\/wp-content\/uploads\/2026\/04\/trzebiechow-zespol-sanatoryjno-parkowy_01-980x653.jpg 980w, https:\/\/nid.pl\/wp-content\/uploads\/2026\/04\/trzebiechow-zespol-sanatoryjno-parkowy_01-480x320.jpg 480w\" sizes=\"(min-width: 0px) and (max-width: 480px) 480px, (min-width: 481px) and (max-width: 980px) 980px, (min-width: 981px) 1024px, 100vw\" \/><button\n\t\t\tclass=\"lightbox-trigger\"\n\t\t\ttype=\"button\"\n\t\t\taria-haspopup=\"dialog\"\n\t\t\taria-label=\"Enlarge\"\n\t\t\tdata-wp-init=\"callbacks.initTriggerButton\"\n\t\t\tdata-wp-on--click=\"actions.showLightbox\"\n\t\t\tdata-wp-style--right=\"state.imageButtonRight\"\n\t\t\tdata-wp-style--top=\"state.imageButtonTop\"\n\t\t>\n\t\t\t<svg xmlns=\"http:\/\/www.w3.org\/2000\/svg\" width=\"12\" height=\"12\" fill=\"none\" viewbox=\"0 0 12 12\">\n\t\t\t\t<path fill=\"#fff\" d=\"M2 0a2 2 0 0 0-2 2v2h1.5V2a.5.5 0 0 1 .5-.5h2V0H2Zm2 10.5H2a.5.5 0 0 1-.5-.5V8H0v2a2 2 0 0 0 2 2h2v-1.5ZM8 12v-1.5h2a.5.5 0 0 0 .5-.5V8H12v2a2 2 0 0 1-2 2H8Zm2-12a2 2 0 0 1 2 2v2h-1.5V2a.5.5 0 0 0-.5-.5H8V0h2Z\" \/>\n\t\t\t<\/svg>\n\t\t<\/button><figcaption class=\"wp-element-caption\">Trzebiech\u00f3w, zesp\u00f3\u0142 sanatoryjno \u2013 parkowy, stan z 2024 r., <br>fot. Maciej Jab\u0142o\u0144ski F11, zb. NID<\/figcaption><\/figure>\n<\/div>\n\n\n\n<div class=\"wp-block-column is-layout-flow wp-block-column-is-layout-flow\">\n<figure data-wp-context=\"{&quot;imageId&quot;:&quot;69f58726831bd&quot;}\" data-wp-interactive=\"core\/image\" data-wp-key=\"69f58726831bd\" class=\"wp-block-image size-large wp-lightbox-container\"><img loading=\"lazy\" decoding=\"async\" width=\"1024\" height=\"683\" data-wp-class--hide=\"state.isContentHidden\" data-wp-class--show=\"state.isContentVisible\" data-wp-init=\"callbacks.setButtonStyles\" data-wp-on--click=\"actions.showLightbox\" data-wp-on--load=\"callbacks.setButtonStyles\" data-wp-on-window--resize=\"callbacks.setButtonStyles\" src=\"https:\/\/nid.pl\/wp-content\/uploads\/2026\/04\/trzebiechow-zespol-sanatoryjno-parkowy_05-1024x683.jpg\" alt=\"\" class=\"wp-image-34523\" style=\"box-shadow:var(--wp--preset--shadow--natural)\" srcset=\"https:\/\/nid.pl\/wp-content\/uploads\/2026\/04\/trzebiechow-zespol-sanatoryjno-parkowy_05-1024x683.jpg 1024w, https:\/\/nid.pl\/wp-content\/uploads\/2026\/04\/trzebiechow-zespol-sanatoryjno-parkowy_05-980x653.jpg 980w, https:\/\/nid.pl\/wp-content\/uploads\/2026\/04\/trzebiechow-zespol-sanatoryjno-parkowy_05-480x320.jpg 480w\" sizes=\"(min-width: 0px) and (max-width: 480px) 480px, (min-width: 481px) and (max-width: 980px) 980px, (min-width: 981px) 1024px, 100vw\" \/><button\n\t\t\tclass=\"lightbox-trigger\"\n\t\t\ttype=\"button\"\n\t\t\taria-haspopup=\"dialog\"\n\t\t\taria-label=\"Enlarge\"\n\t\t\tdata-wp-init=\"callbacks.initTriggerButton\"\n\t\t\tdata-wp-on--click=\"actions.showLightbox\"\n\t\t\tdata-wp-style--right=\"state.imageButtonRight\"\n\t\t\tdata-wp-style--top=\"state.imageButtonTop\"\n\t\t>\n\t\t\t<svg xmlns=\"http:\/\/www.w3.org\/2000\/svg\" width=\"12\" height=\"12\" fill=\"none\" viewbox=\"0 0 12 12\">\n\t\t\t\t<path fill=\"#fff\" d=\"M2 0a2 2 0 0 0-2 2v2h1.5V2a.5.5 0 0 1 .5-.5h2V0H2Zm2 10.5H2a.5.5 0 0 1-.5-.5V8H0v2a2 2 0 0 0 2 2h2v-1.5ZM8 12v-1.5h2a.5.5 0 0 0 .5-.5V8H12v2a2 2 0 0 1-2 2H8Zm2-12a2 2 0 0 1 2 2v2h-1.5V2a.5.5 0 0 0-.5-.5H8V0h2Z\" \/>\n\t\t\t<\/svg>\n\t\t<\/button><figcaption class=\"wp-element-caption\">Trzebiech\u00f3w, zesp\u00f3\u0142 sanatoryjno \u2013 parkowy, stan z 2024 r., <br>fot. Maciej Jab\u0142o\u0144ski F11, zb. NID<\/figcaption><\/figure>\n<\/div>\n<\/div>\n\n\n\n<p><strong>Ciekawostka:<\/strong> PRL paradoksalnie uratowa\u0142 Trzebiech\u00f3w. Pa\u0144stwo nie mia\u0142o pieni\u0119dzy na \u201eunowocze\u015bnianie&#8221; wn\u0119trz, wi\u0119c arcydzie\u0142o van de Veldego po prostu zamalowano farb\u0105 i zapomniano o nim na dekady. Gdy w 2003 roku ekspert z Europejskiego Zwi\u0105zku Przyjaci\u00f3\u0142 van de Veldego potwierdzi\u0142 autentyczno\u015b\u0107 dzie\u0142a, okaza\u0142o si\u0119, \u017ce pod warstwami farby przetrwa\u0142y oryginalne polichromie, stolarka i dekoracje, nienaruszone przez niemal sto lat.<\/p>\n\n\n\n<p><\/p>\n\n\n\n<div class=\"wp-block-columns is-layout-flex wp-container-core-columns-is-layout-9d6595d7 wp-block-columns-is-layout-flex\">\n<div class=\"wp-block-column is-layout-flow wp-block-column-is-layout-flow\">\n<figure data-wp-context=\"{&quot;imageId&quot;:&quot;69f5872683554&quot;}\" data-wp-interactive=\"core\/image\" data-wp-key=\"69f5872683554\" class=\"wp-block-image size-large wp-lightbox-container\"><img loading=\"lazy\" decoding=\"async\" width=\"1024\" height=\"683\" data-wp-class--hide=\"state.isContentHidden\" data-wp-class--show=\"state.isContentVisible\" data-wp-init=\"callbacks.setButtonStyles\" data-wp-on--click=\"actions.showLightbox\" data-wp-on--load=\"callbacks.setButtonStyles\" data-wp-on-window--resize=\"callbacks.setButtonStyles\" src=\"https:\/\/nid.pl\/wp-content\/uploads\/2026\/04\/trzebiechow-zespol-sanatoryjno-parkowy_02-1024x683.jpg\" alt=\"\" class=\"wp-image-34525\" style=\"box-shadow:var(--wp--preset--shadow--natural)\" srcset=\"https:\/\/nid.pl\/wp-content\/uploads\/2026\/04\/trzebiechow-zespol-sanatoryjno-parkowy_02-1024x683.jpg 1024w, https:\/\/nid.pl\/wp-content\/uploads\/2026\/04\/trzebiechow-zespol-sanatoryjno-parkowy_02-980x653.jpg 980w, https:\/\/nid.pl\/wp-content\/uploads\/2026\/04\/trzebiechow-zespol-sanatoryjno-parkowy_02-480x320.jpg 480w\" sizes=\"(min-width: 0px) and (max-width: 480px) 480px, (min-width: 481px) and (max-width: 980px) 980px, (min-width: 981px) 1024px, 100vw\" \/><button\n\t\t\tclass=\"lightbox-trigger\"\n\t\t\ttype=\"button\"\n\t\t\taria-haspopup=\"dialog\"\n\t\t\taria-label=\"Enlarge\"\n\t\t\tdata-wp-init=\"callbacks.initTriggerButton\"\n\t\t\tdata-wp-on--click=\"actions.showLightbox\"\n\t\t\tdata-wp-style--right=\"state.imageButtonRight\"\n\t\t\tdata-wp-style--top=\"state.imageButtonTop\"\n\t\t>\n\t\t\t<svg xmlns=\"http:\/\/www.w3.org\/2000\/svg\" width=\"12\" height=\"12\" fill=\"none\" viewbox=\"0 0 12 12\">\n\t\t\t\t<path fill=\"#fff\" d=\"M2 0a2 2 0 0 0-2 2v2h1.5V2a.5.5 0 0 1 .5-.5h2V0H2Zm2 10.5H2a.5.5 0 0 1-.5-.5V8H0v2a2 2 0 0 0 2 2h2v-1.5ZM8 12v-1.5h2a.5.5 0 0 0 .5-.5V8H12v2a2 2 0 0 1-2 2H8Zm2-12a2 2 0 0 1 2 2v2h-1.5V2a.5.5 0 0 0-.5-.5H8V0h2Z\" \/>\n\t\t\t<\/svg>\n\t\t<\/button><figcaption class=\"wp-element-caption\">Trzebiech\u00f3w, zesp\u00f3\u0142 sanatoryjno \u2013 parkowy, stan z 2024 r., <br>fot. Maciej Jab\u0142o\u0144ski F11, zb. NID<\/figcaption><\/figure>\n<\/div>\n\n\n\n<div class=\"wp-block-column is-layout-flow wp-block-column-is-layout-flow\">\n<figure data-wp-context=\"{&quot;imageId&quot;:&quot;69f587268383a&quot;}\" data-wp-interactive=\"core\/image\" data-wp-key=\"69f587268383a\" class=\"wp-block-image size-large wp-lightbox-container\"><img loading=\"lazy\" decoding=\"async\" width=\"1024\" height=\"683\" data-wp-class--hide=\"state.isContentHidden\" data-wp-class--show=\"state.isContentVisible\" data-wp-init=\"callbacks.setButtonStyles\" data-wp-on--click=\"actions.showLightbox\" data-wp-on--load=\"callbacks.setButtonStyles\" data-wp-on-window--resize=\"callbacks.setButtonStyles\" src=\"https:\/\/nid.pl\/wp-content\/uploads\/2026\/04\/trzebiechow-zespol-sanatoryjno-parkowy_04-1024x683.jpg\" alt=\"\" class=\"wp-image-34527\" style=\"box-shadow:var(--wp--preset--shadow--natural)\" srcset=\"https:\/\/nid.pl\/wp-content\/uploads\/2026\/04\/trzebiechow-zespol-sanatoryjno-parkowy_04-980x653.jpg 980w, https:\/\/nid.pl\/wp-content\/uploads\/2026\/04\/trzebiechow-zespol-sanatoryjno-parkowy_04-480x320.jpg 480w\" sizes=\"(min-width: 0px) and (max-width: 480px) 480px, (min-width: 481px) and (max-width: 980px) 980px, (min-width: 981px) 1024px, 100vw\" \/><button\n\t\t\tclass=\"lightbox-trigger\"\n\t\t\ttype=\"button\"\n\t\t\taria-haspopup=\"dialog\"\n\t\t\taria-label=\"Enlarge\"\n\t\t\tdata-wp-init=\"callbacks.initTriggerButton\"\n\t\t\tdata-wp-on--click=\"actions.showLightbox\"\n\t\t\tdata-wp-style--right=\"state.imageButtonRight\"\n\t\t\tdata-wp-style--top=\"state.imageButtonTop\"\n\t\t>\n\t\t\t<svg xmlns=\"http:\/\/www.w3.org\/2000\/svg\" width=\"12\" height=\"12\" fill=\"none\" viewbox=\"0 0 12 12\">\n\t\t\t\t<path fill=\"#fff\" d=\"M2 0a2 2 0 0 0-2 2v2h1.5V2a.5.5 0 0 1 .5-.5h2V0H2Zm2 10.5H2a.5.5 0 0 1-.5-.5V8H0v2a2 2 0 0 0 2 2h2v-1.5ZM8 12v-1.5h2a.5.5 0 0 0 .5-.5V8H12v2a2 2 0 0 1-2 2H8Zm2-12a2 2 0 0 1 2 2v2h-1.5V2a.5.5 0 0 0-.5-.5H8V0h2Z\" \/>\n\t\t\t<\/svg>\n\t\t<\/button><figcaption class=\"wp-element-caption\">Trzebiech\u00f3w, zesp\u00f3\u0142 sanatoryjno \u2013 parkowy, stan z 2024 r., <br>fot. Maciej Jab\u0142o\u0144ski F11, zb. NID<\/figcaption><\/figure>\n<\/div>\n<\/div>\n\n\n\n<h2 class=\"wp-block-heading has-background\" style=\"background:linear-gradient(135deg,rgba(243,243,243,0.95) 0%,rgb(255,255,255) 100%);font-size:16px\"><strong>G\u00f3ry Kamienne. Dla aktywnych mi\u0142o\u015bnik\u00f3w ruin<\/strong><\/h2>\n\n\n\n<div style=\"height:15px\" aria-hidden=\"true\" class=\"wp-block-spacer\"><\/div>\n\n\n\n<p><strong>Idealny dla:<\/strong> piechur\u00f3w, rowerzyst\u00f3w, rodzin ze starszymi&nbsp; dzie\u0107mi, fan\u00f3w zamkowych ruin<\/p>\n\n\n\n<p>M\u00f3wi si\u0119 na nie \u201eSudeckie Tatry&#8221;. Nie bez powodu. Ostre grzbiety, strome podej\u015bcia, dzikie \u015bcie\u017cki mi\u0119dzy \u015bwierkami i bukami. G\u00f3ry Kamienne to cz\u0119\u015b\u0107 Sudet\u00f3w \u015arodkowych, kt\u00f3ra wci\u0105\u017c potrafi zaskoczy\u0107. Na szlakach czekaj\u0105 ruiny zamku Rogowiec \u2014 piastowskiej warowni, z kt\u00f3rej zosta\u0142y imponuj\u0105ce mury i klimat rodem z legendy. Widoki na czeskie G\u00f3ry Sto\u0142owe, malownicze Schronisko Andrzej\u00f3wka na trasie,a dla rowerzyst\u00f3w \u2014 rozbudowana sie\u0107 dr\u00f3g le\u015bnych. Portal zabytek.pl przygotowa\u0142 gotow\u0105 wycieczk\u0119 \u015bladem zamk\u00f3w G\u00f3r Kamiennych \u2014 tras\u0119 mo\u017cna pobra\u0107 i wej\u015b\u0107 w teren bez planowania. Ten typ maj\u00f3wki, z kt\u00f3rej wraca si\u0119 z b\u0142otem na butach i z u\u015bmiechem od ucha do ucha.<\/p>\n\n\n\n<p><strong>Ciekawostka:<\/strong> Zamek Rogowiec na szczycie g\u00f3ry o tej samej nazwie to najwy\u017cej po\u0142o\u017cony zamek w Polsce. W XV wieku by\u0142 \u201egniazdem\u201d rozb\u00f3jnik\u00f3w. Dlatego Maciej Korwin kr\u00f3l Czech i W\u0119gier kaza\u0142 ruiny wysadzi\u0107 w powietrze,&nbsp; aby ju\u017c nigdy nie osiedlili si\u0119 tam zb\u00f3je.<\/p>\n\n\n\n<div class=\"wp-block-columns is-layout-flex wp-container-core-columns-is-layout-9d6595d7 wp-block-columns-is-layout-flex\">\n<div class=\"wp-block-column is-layout-flow wp-block-column-is-layout-flow\">\n<figure data-wp-context=\"{&quot;imageId&quot;:&quot;69f5872683c68&quot;}\" data-wp-interactive=\"core\/image\" data-wp-key=\"69f5872683c68\" class=\"wp-block-image size-large wp-lightbox-container\"><img loading=\"lazy\" decoding=\"async\" width=\"1024\" height=\"683\" data-wp-class--hide=\"state.isContentHidden\" data-wp-class--show=\"state.isContentVisible\" data-wp-init=\"callbacks.setButtonStyles\" data-wp-on--click=\"actions.showLightbox\" data-wp-on--load=\"callbacks.setButtonStyles\" data-wp-on-window--resize=\"callbacks.setButtonStyles\" src=\"https:\/\/nid.pl\/wp-content\/uploads\/2026\/04\/gory-kamienne_01-1024x683.jpeg\" alt=\"\" class=\"wp-image-34517\" style=\"box-shadow:var(--wp--preset--shadow--natural)\" srcset=\"https:\/\/nid.pl\/wp-content\/uploads\/2026\/04\/gory-kamienne_01-1024x683.jpeg 1024w, https:\/\/nid.pl\/wp-content\/uploads\/2026\/04\/gory-kamienne_01-980x653.jpeg 980w, https:\/\/nid.pl\/wp-content\/uploads\/2026\/04\/gory-kamienne_01-480x320.jpeg 480w\" sizes=\"(min-width: 0px) and (max-width: 480px) 480px, (min-width: 481px) and (max-width: 980px) 980px, (min-width: 981px) 1024px, 100vw\" \/><button\n\t\t\tclass=\"lightbox-trigger\"\n\t\t\ttype=\"button\"\n\t\t\taria-haspopup=\"dialog\"\n\t\t\taria-label=\"Enlarge\"\n\t\t\tdata-wp-init=\"callbacks.initTriggerButton\"\n\t\t\tdata-wp-on--click=\"actions.showLightbox\"\n\t\t\tdata-wp-style--right=\"state.imageButtonRight\"\n\t\t\tdata-wp-style--top=\"state.imageButtonTop\"\n\t\t>\n\t\t\t<svg xmlns=\"http:\/\/www.w3.org\/2000\/svg\" width=\"12\" height=\"12\" fill=\"none\" viewbox=\"0 0 12 12\">\n\t\t\t\t<path fill=\"#fff\" d=\"M2 0a2 2 0 0 0-2 2v2h1.5V2a.5.5 0 0 1 .5-.5h2V0H2Zm2 10.5H2a.5.5 0 0 1-.5-.5V8H0v2a2 2 0 0 0 2 2h2v-1.5ZM8 12v-1.5h2a.5.5 0 0 0 .5-.5V8H12v2a2 2 0 0 1-2 2H8Zm2-12a2 2 0 0 1 2 2v2h-1.5V2a.5.5 0 0 0-.5-.5H8V0h2Z\" \/>\n\t\t\t<\/svg>\n\t\t<\/button><figcaption class=\"wp-element-caption\">G\u00f3ry Kamienne, Sudety, fot. Adobe Stock, bnorbert3<\/figcaption><\/figure>\n<\/div>\n\n\n\n<div class=\"wp-block-column is-layout-flow wp-block-column-is-layout-flow\">\n<figure data-wp-context=\"{&quot;imageId&quot;:&quot;69f5872683f8e&quot;}\" data-wp-interactive=\"core\/image\" data-wp-key=\"69f5872683f8e\" class=\"wp-block-image size-large wp-lightbox-container\"><img loading=\"lazy\" decoding=\"async\" width=\"1024\" height=\"683\" data-wp-class--hide=\"state.isContentHidden\" data-wp-class--show=\"state.isContentVisible\" data-wp-init=\"callbacks.setButtonStyles\" data-wp-on--click=\"actions.showLightbox\" data-wp-on--load=\"callbacks.setButtonStyles\" data-wp-on-window--resize=\"callbacks.setButtonStyles\" src=\"https:\/\/nid.pl\/wp-content\/uploads\/2026\/04\/gory-kamienne_02-1024x683.jpeg\" alt=\"\" class=\"wp-image-34516\" style=\"box-shadow:var(--wp--preset--shadow--natural)\" srcset=\"https:\/\/nid.pl\/wp-content\/uploads\/2026\/04\/gory-kamienne_02-1024x683.jpeg 1024w, https:\/\/nid.pl\/wp-content\/uploads\/2026\/04\/gory-kamienne_02-980x653.jpeg 980w, https:\/\/nid.pl\/wp-content\/uploads\/2026\/04\/gory-kamienne_02-480x320.jpeg 480w\" sizes=\"(min-width: 0px) and (max-width: 480px) 480px, (min-width: 481px) and (max-width: 980px) 980px, (min-width: 981px) 1024px, 100vw\" \/><button\n\t\t\tclass=\"lightbox-trigger\"\n\t\t\ttype=\"button\"\n\t\t\taria-haspopup=\"dialog\"\n\t\t\taria-label=\"Enlarge\"\n\t\t\tdata-wp-init=\"callbacks.initTriggerButton\"\n\t\t\tdata-wp-on--click=\"actions.showLightbox\"\n\t\t\tdata-wp-style--right=\"state.imageButtonRight\"\n\t\t\tdata-wp-style--top=\"state.imageButtonTop\"\n\t\t>\n\t\t\t<svg xmlns=\"http:\/\/www.w3.org\/2000\/svg\" width=\"12\" height=\"12\" fill=\"none\" viewbox=\"0 0 12 12\">\n\t\t\t\t<path fill=\"#fff\" d=\"M2 0a2 2 0 0 0-2 2v2h1.5V2a.5.5 0 0 1 .5-.5h2V0H2Zm2 10.5H2a.5.5 0 0 1-.5-.5V8H0v2a2 2 0 0 0 2 2h2v-1.5ZM8 12v-1.5h2a.5.5 0 0 0 .5-.5V8H12v2a2 2 0 0 1-2 2H8Zm2-12a2 2 0 0 1 2 2v2h-1.5V2a.5.5 0 0 0-.5-.5H8V0h2Z\" \/>\n\t\t\t<\/svg>\n\t\t<\/button><figcaption class=\"wp-element-caption\">G\u00f3ry Kamienne, Sudety, fot. Adobe Stock, bnorbert3<\/figcaption><\/figure>\n<\/div>\n<\/div>","protected":false},"excerpt":{"rendered":"<p>Narodowy Instytut Dziedzictwa i magazyn \u201eSpotkania z Zabytkami\u201d zapraszaj\u0105 na maj\u00f3wk\u0119! D\u0142ugi weekend majowy to doskona\u0142a okazja, \u017ceby odkry\u0107 miejsca w Polsce, jakich jeszcze nie znacie! Specjali\u015bci z Narodowego Instytutu [&hellip;]<\/p>","protected":false},"author":4,"featured_media":34515,"comment_status":"closed","ping_status":"closed","sticky":false,"template":"","format":"standard","meta":{"_et_pb_use_builder":"off","_et_pb_old_content":"","_et_gb_content_width":"","_monsterinsights_skip_tracking":false,"_monsterinsights_sitenote_active":false,"_monsterinsights_sitenote_note":"","_monsterinsights_sitenote_category":0,"footnotes":""},"categories":[3],"tags":[],"class_list":["post-34514","post","type-post","status-publish","format-standard","has-post-thumbnail","hentry","category-aktualnosci"],"yoast_head":"<!-- This site is optimized with the Yoast SEO plugin v26.5 - https:\/\/yoast.com\/wordpress\/plugins\/seo\/ -->\n<title>5 miejsc, kt\u00f3rych jeszcze nie znacie! - NID<\/title>\n<meta name=\"robots\" content=\"index, follow, max-snippet:-1, max-image-preview:large, max-video-preview:-1\" \/>\n<link rel=\"canonical\" href=\"https:\/\/nid.pl\/en\/2026\/04\/29\/5-miejsc-ktorych-jeszcze-nie-znacie\/\" \/>\n<meta property=\"og:locale\" content=\"en_GB\" \/>\n<meta property=\"og:type\" content=\"article\" \/>\n<meta property=\"og:title\" content=\"5 miejsc, kt\u00f3rych jeszcze nie znacie! - NID\" \/>\n<meta property=\"og:description\" content=\"Narodowy Instytut Dziedzictwa i magazyn \u201eSpotkania z Zabytkami\u201d zapraszaj\u0105 na maj\u00f3wk\u0119! D\u0142ugi weekend majowy to doskona\u0142a okazja, \u017ceby odkry\u0107 miejsca w Polsce, jakich jeszcze nie znacie! Specjali\u015bci z Narodowego Instytutu [&hellip;]\" \/>\n<meta property=\"og:url\" content=\"https:\/\/nid.pl\/en\/2026\/04\/29\/5-miejsc-ktorych-jeszcze-nie-znacie\/\" \/>\n<meta property=\"og:site_name\" content=\"NID\" \/>\n<meta property=\"article:publisher\" content=\"https:\/\/www.facebook.com\/zabytek\" \/>\n<meta property=\"article:published_time\" content=\"2026-04-29T07:00:00+00:00\" \/>\n<meta property=\"article:modified_time\" content=\"2026-04-29T07:25:07+00:00\" \/>\n<meta property=\"og:image\" content=\"https:\/\/nid.pl\/wp-content\/uploads\/2026\/04\/walbrzych-zamek-ksiaz_01_miniatura.jpg\" \/>\n\t<meta property=\"og:image:width\" content=\"1200\" \/>\n\t<meta property=\"og:image:height\" content=\"800\" \/>\n\t<meta property=\"og:image:type\" content=\"image\/jpeg\" \/>\n<meta name=\"author\" content=\"Marta Or\u0119ziak\" \/>\n<meta name=\"twitter:card\" content=\"summary_large_image\" \/>\n<meta name=\"twitter:creator\" content=\"@NarIDpl\" \/>\n<meta name=\"twitter:site\" content=\"@NarIDpl\" \/>\n<meta name=\"twitter:label1\" content=\"Written by\" \/>\n\t<meta name=\"twitter:data1\" content=\"Marta Or\u0119ziak\" \/>\n\t<meta name=\"twitter:label2\" content=\"Estimated reading time\" \/>\n\t<meta name=\"twitter:data2\" content=\"10 minutes\" \/>\n<script type=\"application\/ld+json\" class=\"yoast-schema-graph\">{\"@context\":\"https:\/\/schema.org\",\"@graph\":[{\"@type\":\"Article\",\"@id\":\"https:\/\/nid.pl\/2026\/04\/29\/5-miejsc-ktorych-jeszcze-nie-znacie\/#article\",\"isPartOf\":{\"@id\":\"https:\/\/nid.pl\/2026\/04\/29\/5-miejsc-ktorych-jeszcze-nie-znacie\/\"},\"author\":{\"name\":\"Marta Or\u0119ziak\",\"@id\":\"https:\/\/nid.pl\/#\/schema\/person\/9d848c4a54b78bc2a1461f1c5d8de615\"},\"headline\":\"5 miejsc, kt\u00f3rych jeszcze nie znacie!\",\"datePublished\":\"2026-04-29T07:00:00+00:00\",\"dateModified\":\"2026-04-29T07:25:07+00:00\",\"mainEntityOfPage\":{\"@id\":\"https:\/\/nid.pl\/2026\/04\/29\/5-miejsc-ktorych-jeszcze-nie-znacie\/\"},\"wordCount\":1388,\"publisher\":{\"@id\":\"https:\/\/nid.pl\/#organization\"},\"image\":{\"@id\":\"https:\/\/nid.pl\/2026\/04\/29\/5-miejsc-ktorych-jeszcze-nie-znacie\/#primaryimage\"},\"thumbnailUrl\":\"https:\/\/nid.pl\/wp-content\/uploads\/2026\/04\/walbrzych-zamek-ksiaz_01_miniatura.jpg\",\"articleSection\":[\"Aktualno\u015bci\"],\"inLanguage\":\"en-GB\"},{\"@type\":\"WebPage\",\"@id\":\"https:\/\/nid.pl\/2026\/04\/29\/5-miejsc-ktorych-jeszcze-nie-znacie\/\",\"url\":\"https:\/\/nid.pl\/2026\/04\/29\/5-miejsc-ktorych-jeszcze-nie-znacie\/\",\"name\":\"5 miejsc, kt\u00f3rych jeszcze nie znacie! - NID\",\"isPartOf\":{\"@id\":\"https:\/\/nid.pl\/#website\"},\"primaryImageOfPage\":{\"@id\":\"https:\/\/nid.pl\/2026\/04\/29\/5-miejsc-ktorych-jeszcze-nie-znacie\/#primaryimage\"},\"image\":{\"@id\":\"https:\/\/nid.pl\/2026\/04\/29\/5-miejsc-ktorych-jeszcze-nie-znacie\/#primaryimage\"},\"thumbnailUrl\":\"https:\/\/nid.pl\/wp-content\/uploads\/2026\/04\/walbrzych-zamek-ksiaz_01_miniatura.jpg\",\"datePublished\":\"2026-04-29T07:00:00+00:00\",\"dateModified\":\"2026-04-29T07:25:07+00:00\",\"breadcrumb\":{\"@id\":\"https:\/\/nid.pl\/2026\/04\/29\/5-miejsc-ktorych-jeszcze-nie-znacie\/#breadcrumb\"},\"inLanguage\":\"en-GB\",\"potentialAction\":[{\"@type\":\"ReadAction\",\"target\":[\"https:\/\/nid.pl\/2026\/04\/29\/5-miejsc-ktorych-jeszcze-nie-znacie\/\"]}]},{\"@type\":\"ImageObject\",\"inLanguage\":\"en-GB\",\"@id\":\"https:\/\/nid.pl\/2026\/04\/29\/5-miejsc-ktorych-jeszcze-nie-znacie\/#primaryimage\",\"url\":\"https:\/\/nid.pl\/wp-content\/uploads\/2026\/04\/walbrzych-zamek-ksiaz_01_miniatura.jpg\",\"contentUrl\":\"https:\/\/nid.pl\/wp-content\/uploads\/2026\/04\/walbrzych-zamek-ksiaz_01_miniatura.jpg\",\"width\":1200,\"height\":800,\"caption\":\"Wa\u0142brzych, zamek Ksi\u0105\u017c, woj. dolno\u015bl\u0105skie, stan na wrzesie\u0144 2022 r., fot. Dominik Lisowski\"},{\"@type\":\"BreadcrumbList\",\"@id\":\"https:\/\/nid.pl\/2026\/04\/29\/5-miejsc-ktorych-jeszcze-nie-znacie\/#breadcrumb\",\"itemListElement\":[{\"@type\":\"ListItem\",\"position\":1,\"name\":\"Home\",\"item\":\"https:\/\/nid.pl\/\"},{\"@type\":\"ListItem\",\"position\":2,\"name\":\"5 miejsc, kt\u00f3rych jeszcze nie znacie!\"}]},{\"@type\":\"WebSite\",\"@id\":\"https:\/\/nid.pl\/#website\",\"url\":\"https:\/\/nid.pl\/\",\"name\":\"NID\",\"description\":\"Narodowy Instytut Dziedzictwa\",\"publisher\":{\"@id\":\"https:\/\/nid.pl\/#organization\"},\"potentialAction\":[{\"@type\":\"SearchAction\",\"target\":{\"@type\":\"EntryPoint\",\"urlTemplate\":\"https:\/\/nid.pl\/?s={search_term_string}\"},\"query-input\":{\"@type\":\"PropertyValueSpecification\",\"valueRequired\":true,\"valueName\":\"search_term_string\"}}],\"inLanguage\":\"en-GB\"},{\"@type\":\"Organization\",\"@id\":\"https:\/\/nid.pl\/#organization\",\"name\":\"Narodowy Instytut Dziedzictwa\",\"url\":\"https:\/\/nid.pl\/\",\"logo\":{\"@type\":\"ImageObject\",\"inLanguage\":\"en-GB\",\"@id\":\"https:\/\/nid.pl\/#\/schema\/logo\/image\/\",\"url\":\"https:\/\/nid.pl\/wp-content\/uploads\/2022\/10\/logoRedDark.png\",\"contentUrl\":\"https:\/\/nid.pl\/wp-content\/uploads\/2022\/10\/logoRedDark.png\",\"width\":200,\"height\":197,\"caption\":\"Narodowy Instytut Dziedzictwa\"},\"image\":{\"@id\":\"https:\/\/nid.pl\/#\/schema\/logo\/image\/\"},\"sameAs\":[\"https:\/\/www.facebook.com\/zabytek\",\"https:\/\/x.com\/NarIDpl\",\"https:\/\/www.instagram.com\/nid.pl\/?hl=pl\",\"https:\/\/www.linkedin.com\/company\/narodowy-instytut-dziedzictwa\",\"https:\/\/www.youtube.com\/channel\/UCQXuhKa2uHtmNvLRUSx40JA\"]},{\"@type\":\"Person\",\"@id\":\"https:\/\/nid.pl\/#\/schema\/person\/9d848c4a54b78bc2a1461f1c5d8de615\",\"name\":\"Marta Or\u0119ziak\",\"image\":{\"@type\":\"ImageObject\",\"inLanguage\":\"en-GB\",\"@id\":\"https:\/\/nid.pl\/#\/schema\/person\/image\/\",\"url\":\"https:\/\/nid.pl\/wp-content\/litespeed\/avatar\/3cdc296a7eb01425272974c992bee3ea.jpg?ver=1777445267\",\"contentUrl\":\"https:\/\/nid.pl\/wp-content\/litespeed\/avatar\/3cdc296a7eb01425272974c992bee3ea.jpg?ver=1777445267\",\"caption\":\"Marta Or\u0119ziak\"},\"url\":\"https:\/\/nid.pl\/en\/author\/moreziak\/\"}]}<\/script>\n<!-- \/ Yoast SEO plugin. -->","yoast_head_json":{"title":"5 miejsc, kt\u00f3rych jeszcze nie znacie! - NID","robots":{"index":"index","follow":"follow","max-snippet":"max-snippet:-1","max-image-preview":"max-image-preview:large","max-video-preview":"max-video-preview:-1"},"canonical":"https:\/\/nid.pl\/en\/2026\/04\/29\/5-miejsc-ktorych-jeszcze-nie-znacie\/","og_locale":"en_GB","og_type":"article","og_title":"5 miejsc, kt\u00f3rych jeszcze nie znacie! - NID","og_description":"Narodowy Instytut Dziedzictwa i magazyn \u201eSpotkania z Zabytkami\u201d zapraszaj\u0105 na maj\u00f3wk\u0119! D\u0142ugi weekend majowy to doskona\u0142a okazja, \u017ceby odkry\u0107 miejsca w Polsce, jakich jeszcze nie znacie! Specjali\u015bci z Narodowego Instytutu [&hellip;]","og_url":"https:\/\/nid.pl\/en\/2026\/04\/29\/5-miejsc-ktorych-jeszcze-nie-znacie\/","og_site_name":"NID","article_publisher":"https:\/\/www.facebook.com\/zabytek","article_published_time":"2026-04-29T07:00:00+00:00","article_modified_time":"2026-04-29T07:25:07+00:00","og_image":[{"width":1200,"height":800,"url":"https:\/\/nid.pl\/wp-content\/uploads\/2026\/04\/walbrzych-zamek-ksiaz_01_miniatura.jpg","type":"image\/jpeg"}],"author":"Marta Or\u0119ziak","twitter_card":"summary_large_image","twitter_creator":"@NarIDpl","twitter_site":"@NarIDpl","twitter_misc":{"Written by":"Marta Or\u0119ziak","Estimated reading time":"10 minutes"},"schema":{"@context":"https:\/\/schema.org","@graph":[{"@type":"Article","@id":"https:\/\/nid.pl\/2026\/04\/29\/5-miejsc-ktorych-jeszcze-nie-znacie\/#article","isPartOf":{"@id":"https:\/\/nid.pl\/2026\/04\/29\/5-miejsc-ktorych-jeszcze-nie-znacie\/"},"author":{"name":"Marta Or\u0119ziak","@id":"https:\/\/nid.pl\/#\/schema\/person\/9d848c4a54b78bc2a1461f1c5d8de615"},"headline":"5 miejsc, kt\u00f3rych jeszcze nie znacie!","datePublished":"2026-04-29T07:00:00+00:00","dateModified":"2026-04-29T07:25:07+00:00","mainEntityOfPage":{"@id":"https:\/\/nid.pl\/2026\/04\/29\/5-miejsc-ktorych-jeszcze-nie-znacie\/"},"wordCount":1388,"publisher":{"@id":"https:\/\/nid.pl\/#organization"},"image":{"@id":"https:\/\/nid.pl\/2026\/04\/29\/5-miejsc-ktorych-jeszcze-nie-znacie\/#primaryimage"},"thumbnailUrl":"https:\/\/nid.pl\/wp-content\/uploads\/2026\/04\/walbrzych-zamek-ksiaz_01_miniatura.jpg","articleSection":["Aktualno\u015bci"],"inLanguage":"en-GB"},{"@type":"WebPage","@id":"https:\/\/nid.pl\/2026\/04\/29\/5-miejsc-ktorych-jeszcze-nie-znacie\/","url":"https:\/\/nid.pl\/2026\/04\/29\/5-miejsc-ktorych-jeszcze-nie-znacie\/","name":"5 miejsc, kt\u00f3rych jeszcze nie znacie! - NID","isPartOf":{"@id":"https:\/\/nid.pl\/#website"},"primaryImageOfPage":{"@id":"https:\/\/nid.pl\/2026\/04\/29\/5-miejsc-ktorych-jeszcze-nie-znacie\/#primaryimage"},"image":{"@id":"https:\/\/nid.pl\/2026\/04\/29\/5-miejsc-ktorych-jeszcze-nie-znacie\/#primaryimage"},"thumbnailUrl":"https:\/\/nid.pl\/wp-content\/uploads\/2026\/04\/walbrzych-zamek-ksiaz_01_miniatura.jpg","datePublished":"2026-04-29T07:00:00+00:00","dateModified":"2026-04-29T07:25:07+00:00","breadcrumb":{"@id":"https:\/\/nid.pl\/2026\/04\/29\/5-miejsc-ktorych-jeszcze-nie-znacie\/#breadcrumb"},"inLanguage":"en-GB","potentialAction":[{"@type":"ReadAction","target":["https:\/\/nid.pl\/2026\/04\/29\/5-miejsc-ktorych-jeszcze-nie-znacie\/"]}]},{"@type":"ImageObject","inLanguage":"en-GB","@id":"https:\/\/nid.pl\/2026\/04\/29\/5-miejsc-ktorych-jeszcze-nie-znacie\/#primaryimage","url":"https:\/\/nid.pl\/wp-content\/uploads\/2026\/04\/walbrzych-zamek-ksiaz_01_miniatura.jpg","contentUrl":"https:\/\/nid.pl\/wp-content\/uploads\/2026\/04\/walbrzych-zamek-ksiaz_01_miniatura.jpg","width":1200,"height":800,"caption":"Wa\u0142brzych, zamek Ksi\u0105\u017c, woj. dolno\u015bl\u0105skie, stan na wrzesie\u0144 2022 r., fot. Dominik Lisowski"},{"@type":"BreadcrumbList","@id":"https:\/\/nid.pl\/2026\/04\/29\/5-miejsc-ktorych-jeszcze-nie-znacie\/#breadcrumb","itemListElement":[{"@type":"ListItem","position":1,"name":"Home","item":"https:\/\/nid.pl\/"},{"@type":"ListItem","position":2,"name":"5 miejsc, kt\u00f3rych jeszcze nie znacie!"}]},{"@type":"WebSite","@id":"https:\/\/nid.pl\/#website","url":"https:\/\/nid.pl\/","name":"NID","description":"Narodowy Instytut Dziedzictwa","publisher":{"@id":"https:\/\/nid.pl\/#organization"},"potentialAction":[{"@type":"SearchAction","target":{"@type":"EntryPoint","urlTemplate":"https:\/\/nid.pl\/?s={search_term_string}"},"query-input":{"@type":"PropertyValueSpecification","valueRequired":true,"valueName":"search_term_string"}}],"inLanguage":"en-GB"},{"@type":"Organization","@id":"https:\/\/nid.pl\/#organization","name":"Narodowy Instytut Dziedzictwa","url":"https:\/\/nid.pl\/","logo":{"@type":"ImageObject","inLanguage":"en-GB","@id":"https:\/\/nid.pl\/#\/schema\/logo\/image\/","url":"https:\/\/nid.pl\/wp-content\/uploads\/2022\/10\/logoRedDark.png","contentUrl":"https:\/\/nid.pl\/wp-content\/uploads\/2022\/10\/logoRedDark.png","width":200,"height":197,"caption":"Narodowy Instytut Dziedzictwa"},"image":{"@id":"https:\/\/nid.pl\/#\/schema\/logo\/image\/"},"sameAs":["https:\/\/www.facebook.com\/zabytek","https:\/\/x.com\/NarIDpl","https:\/\/www.instagram.com\/nid.pl\/?hl=pl","https:\/\/www.linkedin.com\/company\/narodowy-instytut-dziedzictwa","https:\/\/www.youtube.com\/channel\/UCQXuhKa2uHtmNvLRUSx40JA"]},{"@type":"Person","@id":"https:\/\/nid.pl\/#\/schema\/person\/9d848c4a54b78bc2a1461f1c5d8de615","name":"Marta Or\u0119ziak","image":{"@type":"ImageObject","inLanguage":"en-GB","@id":"https:\/\/nid.pl\/#\/schema\/person\/image\/","url":"https:\/\/nid.pl\/wp-content\/litespeed\/avatar\/3cdc296a7eb01425272974c992bee3ea.jpg?ver=1777445267","contentUrl":"https:\/\/nid.pl\/wp-content\/litespeed\/avatar\/3cdc296a7eb01425272974c992bee3ea.jpg?ver=1777445267","caption":"Marta Or\u0119ziak"},"url":"https:\/\/nid.pl\/en\/author\/moreziak\/"}]}},"_links":{"self":[{"href":"https:\/\/nid.pl\/en\/wp-json\/wp\/v2\/posts\/34514","targetHints":{"allow":["GET"]}}],"collection":[{"href":"https:\/\/nid.pl\/en\/wp-json\/wp\/v2\/posts"}],"about":[{"href":"https:\/\/nid.pl\/en\/wp-json\/wp\/v2\/types\/post"}],"author":[{"embeddable":true,"href":"https:\/\/nid.pl\/en\/wp-json\/wp\/v2\/users\/4"}],"replies":[{"embeddable":true,"href":"https:\/\/nid.pl\/en\/wp-json\/wp\/v2\/comments?post=34514"}],"version-history":[{"count":7,"href":"https:\/\/nid.pl\/en\/wp-json\/wp\/v2\/posts\/34514\/revisions"}],"predecessor-version":[{"id":34548,"href":"https:\/\/nid.pl\/en\/wp-json\/wp\/v2\/posts\/34514\/revisions\/34548"}],"wp:featuredmedia":[{"embeddable":true,"href":"https:\/\/nid.pl\/en\/wp-json\/wp\/v2\/media\/34515"}],"wp:attachment":[{"href":"https:\/\/nid.pl\/en\/wp-json\/wp\/v2\/media?parent=34514"}],"wp:term":[{"taxonomy":"category","embeddable":true,"href":"https:\/\/nid.pl\/en\/wp-json\/wp\/v2\/categories?post=34514"},{"taxonomy":"post_tag","embeddable":true,"href":"https:\/\/nid.pl\/en\/wp-json\/wp\/v2\/tags?post=34514"}],"curies":[{"name":"wp","href":"https:\/\/api.w.org\/{rel}","templated":true}]}}