{"id":34465,"date":"2026-04-24T12:42:21","date_gmt":"2026-04-24T10:42:21","guid":{"rendered":"https:\/\/nid.pl\/?p=34465"},"modified":"2026-04-28T12:06:14","modified_gmt":"2026-04-28T10:06:14","slug":"spotkanie-komitetu-dziedzictwa-regionu-baltyckiego","status":"publish","type":"post","link":"https:\/\/nid.pl\/en\/2026\/04\/24\/spotkanie-komitetu-dziedzictwa-regionu-baltyckiego\/","title":{"rendered":"Spotkanie Komitetu Dziedzictwa Regionu Ba\u0142tyckiego"},"content":{"rendered":"<p><strong>W dniach 22-23 kwietnia 2026 roku w Warszawie odby\u0142o si\u0119 spotkanie Komitetu Dziedzictwa Regionu Ba\u0142tyckiego (ang. Baltic Region Heritage Committee), w kt\u00f3rym uczestniczyli przedstawiciele Litwy, \u0141otwy, Estonii, Finlandii, Norwegii, Szwecji oraz Islandii. Wydarzenie zosta\u0142o zorganizowane w ramach polskiej prezydencji w Komitecie, kt\u00f3rego pracami kieruje Monika O\u015bkiewicz z Narodowego Instytutu Dziedzictwa.<\/strong><\/p>\n\n\n\n<figure class=\"wp-block-image size-large\"><img loading=\"lazy\" decoding=\"async\" width=\"1024\" height=\"683\" src=\"https:\/\/nid.pl\/wp-content\/uploads\/2026\/04\/spotkanie-BRHC_00-1024x683.jpg\" alt=\"\" class=\"wp-image-34454\" srcset=\"https:\/\/nid.pl\/wp-content\/uploads\/2026\/04\/spotkanie-BRHC_00-1024x683.jpg 1024w, https:\/\/nid.pl\/wp-content\/uploads\/2026\/04\/spotkanie-BRHC_00-980x653.jpg 980w, https:\/\/nid.pl\/wp-content\/uploads\/2026\/04\/spotkanie-BRHC_00-480x320.jpg 480w\" sizes=\"(min-width: 0px) and (max-width: 480px) 480px, (min-width: 481px) and (max-width: 980px) 980px, (min-width: 981px) 1024px, 100vw\" \/><figcaption class=\"wp-element-caption\">Spotkanie Komitetu Dziedzictwa Regionu Ba\u0142tyckiego, fot. Maciej Mitr\u0119ga\/NID<\/figcaption><\/figure>\n\n\n\n<p>Polska pe\u0142ni przewodnictwo w Komitecie do 1 lipca 2026 roku, kiedy to prezydencja zostanie przekazana Islandii.<\/p>\n\n\n\n<p>Komitet jest form\u0105 wsp\u00f3\u0142pracy mi\u0119dzynarodowej mi\u0119dzy instytucjami eksperckimi zajmuj\u0105cymi si\u0119 dziedzictwem i dzia\u0142a w zwi\u0105zku z Rad\u0105 Pa\u0144stw Morza Ba\u0142tyckiego (Council of the Baltic Sea States \u2013 CBSS), gdzie polsk\u0105 prezydencj\u0119 koordynuje obecnie Ministerstwo Spraw Zagranicznych.<\/p>\n\n\n\n<p>Komitet promuje warto\u015b\u0107 dziedzictwa kulturowego jako zasobu strategicznego dla rozwoju spo\u0142ecznego, gospodarczego oraz to\u017csamo\u015bci regionu, dzia\u0142aj\u0105c na rzecz identyfikacji, ochrony, zachowania i wykorzystania dziedzictwa kultury, jak r\u00f3wnie\u017c wspieraj\u0105c zr\u00f3wnowa\u017cone zarz\u0105dzanie dziedzictwem.<\/p>\n\n\n\n<p>Podczas sesji roboczych om\u00f3wiono wsp\u00f3\u0142prac\u0119 regionaln\u0105 dotycz\u0105c\u0105 zarz\u0105dzania ryzykiem, przygotowania oraz reagowania w zakresie ochrony dziedzictwa kulturowego w konfliktach zbrojnych, a tak\u017ce przedstawiono raporty krajowe i sprawozdania grup roboczych.<\/p>\n\n\n\n<div class=\"wp-block-columns is-layout-flex wp-container-core-columns-is-layout-9d6595d7 wp-block-columns-is-layout-flex\">\n<div class=\"wp-block-column is-layout-flow wp-block-column-is-layout-flow\">\n<figure data-wp-context=\"{&quot;imageId&quot;:&quot;69f5ccab13e67&quot;}\" data-wp-interactive=\"core\/image\" data-wp-key=\"69f5ccab13e67\" class=\"wp-block-image aligncenter size-large wp-lightbox-container\"><img loading=\"lazy\" decoding=\"async\" width=\"1024\" height=\"683\" data-wp-class--hide=\"state.isContentHidden\" data-wp-class--show=\"state.isContentVisible\" data-wp-init=\"callbacks.setButtonStyles\" data-wp-on--click=\"actions.showLightbox\" data-wp-on--load=\"callbacks.setButtonStyles\" data-wp-on-window--resize=\"callbacks.setButtonStyles\" src=\"https:\/\/nid.pl\/wp-content\/uploads\/2026\/04\/spotkanie-BRHC_01-1024x683.jpg\" alt=\"\" class=\"wp-image-34455\" style=\"box-shadow:var(--wp--preset--shadow--natural)\" srcset=\"https:\/\/nid.pl\/wp-content\/uploads\/2026\/04\/spotkanie-BRHC_01-1024x683.jpg 1024w, https:\/\/nid.pl\/wp-content\/uploads\/2026\/04\/spotkanie-BRHC_01-980x653.jpg 980w, https:\/\/nid.pl\/wp-content\/uploads\/2026\/04\/spotkanie-BRHC_01-480x320.jpg 480w\" sizes=\"(min-width: 0px) and (max-width: 480px) 480px, (min-width: 481px) and (max-width: 980px) 980px, (min-width: 981px) 1024px, 100vw\" \/><button\n\t\t\tclass=\"lightbox-trigger\"\n\t\t\ttype=\"button\"\n\t\t\taria-haspopup=\"dialog\"\n\t\t\taria-label=\"Enlarge\"\n\t\t\tdata-wp-init=\"callbacks.initTriggerButton\"\n\t\t\tdata-wp-on--click=\"actions.showLightbox\"\n\t\t\tdata-wp-style--right=\"state.imageButtonRight\"\n\t\t\tdata-wp-style--top=\"state.imageButtonTop\"\n\t\t>\n\t\t\t<svg xmlns=\"http:\/\/www.w3.org\/2000\/svg\" width=\"12\" height=\"12\" fill=\"none\" viewbox=\"0 0 12 12\">\n\t\t\t\t<path fill=\"#fff\" d=\"M2 0a2 2 0 0 0-2 2v2h1.5V2a.5.5 0 0 1 .5-.5h2V0H2Zm2 10.5H2a.5.5 0 0 1-.5-.5V8H0v2a2 2 0 0 0 2 2h2v-1.5ZM8 12v-1.5h2a.5.5 0 0 0 .5-.5V8H12v2a2 2 0 0 1-2 2H8Zm2-12a2 2 0 0 1 2 2v2h-1.5V2a.5.5 0 0 0-.5-.5H8V0h2Z\" \/>\n\t\t\t<\/svg>\n\t\t<\/button><figcaption class=\"wp-element-caption\">fot. Maciej Mitr\u0119ga\/NID<\/figcaption><\/figure>\n<\/div>\n\n\n\n<div class=\"wp-block-column is-layout-flow wp-block-column-is-layout-flow\">\n<figure data-wp-context=\"{&quot;imageId&quot;:&quot;69f5ccab1424e&quot;}\" data-wp-interactive=\"core\/image\" data-wp-key=\"69f5ccab1424e\" class=\"wp-block-image aligncenter size-large wp-lightbox-container\"><img loading=\"lazy\" decoding=\"async\" width=\"1024\" height=\"683\" data-wp-class--hide=\"state.isContentHidden\" data-wp-class--show=\"state.isContentVisible\" data-wp-init=\"callbacks.setButtonStyles\" data-wp-on--click=\"actions.showLightbox\" data-wp-on--load=\"callbacks.setButtonStyles\" data-wp-on-window--resize=\"callbacks.setButtonStyles\" src=\"https:\/\/nid.pl\/wp-content\/uploads\/2026\/04\/spotkanie-BRHC_02-1024x683.jpg\" alt=\"\" class=\"wp-image-34456\" style=\"box-shadow:var(--wp--preset--shadow--natural)\" srcset=\"https:\/\/nid.pl\/wp-content\/uploads\/2026\/04\/spotkanie-BRHC_02-1024x683.jpg 1024w, https:\/\/nid.pl\/wp-content\/uploads\/2026\/04\/spotkanie-BRHC_02-980x653.jpg 980w, https:\/\/nid.pl\/wp-content\/uploads\/2026\/04\/spotkanie-BRHC_02-480x320.jpg 480w\" sizes=\"(min-width: 0px) and (max-width: 480px) 480px, (min-width: 481px) and (max-width: 980px) 980px, (min-width: 981px) 1024px, 100vw\" \/><button\n\t\t\tclass=\"lightbox-trigger\"\n\t\t\ttype=\"button\"\n\t\t\taria-haspopup=\"dialog\"\n\t\t\taria-label=\"Enlarge\"\n\t\t\tdata-wp-init=\"callbacks.initTriggerButton\"\n\t\t\tdata-wp-on--click=\"actions.showLightbox\"\n\t\t\tdata-wp-style--right=\"state.imageButtonRight\"\n\t\t\tdata-wp-style--top=\"state.imageButtonTop\"\n\t\t>\n\t\t\t<svg xmlns=\"http:\/\/www.w3.org\/2000\/svg\" width=\"12\" height=\"12\" fill=\"none\" viewbox=\"0 0 12 12\">\n\t\t\t\t<path fill=\"#fff\" d=\"M2 0a2 2 0 0 0-2 2v2h1.5V2a.5.5 0 0 1 .5-.5h2V0H2Zm2 10.5H2a.5.5 0 0 1-.5-.5V8H0v2a2 2 0 0 0 2 2h2v-1.5ZM8 12v-1.5h2a.5.5 0 0 0 .5-.5V8H12v2a2 2 0 0 1-2 2H8Zm2-12a2 2 0 0 1 2 2v2h-1.5V2a.5.5 0 0 0-.5-.5H8V0h2Z\" \/>\n\t\t\t<\/svg>\n\t\t<\/button><figcaption class=\"wp-element-caption\">fot. Maciej Mitr\u0119ga\/NID<\/figcaption><\/figure>\n<\/div>\n<\/div>\n\n\n\n<div class=\"wp-block-columns is-layout-flex wp-container-core-columns-is-layout-9d6595d7 wp-block-columns-is-layout-flex\">\n<div class=\"wp-block-column is-layout-flow wp-block-column-is-layout-flow\">\n<figure data-wp-context=\"{&quot;imageId&quot;:&quot;69f5ccab146aa&quot;}\" data-wp-interactive=\"core\/image\" data-wp-key=\"69f5ccab146aa\" class=\"wp-block-image aligncenter size-large wp-lightbox-container\"><img loading=\"lazy\" decoding=\"async\" width=\"1024\" height=\"683\" data-wp-class--hide=\"state.isContentHidden\" data-wp-class--show=\"state.isContentVisible\" data-wp-init=\"callbacks.setButtonStyles\" data-wp-on--click=\"actions.showLightbox\" data-wp-on--load=\"callbacks.setButtonStyles\" data-wp-on-window--resize=\"callbacks.setButtonStyles\" src=\"https:\/\/nid.pl\/wp-content\/uploads\/2026\/04\/spotkanie-BRHC_03-1024x683.jpg\" alt=\"\" class=\"wp-image-34457\" style=\"box-shadow:var(--wp--preset--shadow--natural)\" srcset=\"https:\/\/nid.pl\/wp-content\/uploads\/2026\/04\/spotkanie-BRHC_03-1024x683.jpg 1024w, https:\/\/nid.pl\/wp-content\/uploads\/2026\/04\/spotkanie-BRHC_03-980x653.jpg 980w, https:\/\/nid.pl\/wp-content\/uploads\/2026\/04\/spotkanie-BRHC_03-480x320.jpg 480w\" sizes=\"(min-width: 0px) and (max-width: 480px) 480px, (min-width: 481px) and (max-width: 980px) 980px, (min-width: 981px) 1024px, 100vw\" \/><button\n\t\t\tclass=\"lightbox-trigger\"\n\t\t\ttype=\"button\"\n\t\t\taria-haspopup=\"dialog\"\n\t\t\taria-label=\"Enlarge\"\n\t\t\tdata-wp-init=\"callbacks.initTriggerButton\"\n\t\t\tdata-wp-on--click=\"actions.showLightbox\"\n\t\t\tdata-wp-style--right=\"state.imageButtonRight\"\n\t\t\tdata-wp-style--top=\"state.imageButtonTop\"\n\t\t>\n\t\t\t<svg xmlns=\"http:\/\/www.w3.org\/2000\/svg\" width=\"12\" height=\"12\" fill=\"none\" viewbox=\"0 0 12 12\">\n\t\t\t\t<path fill=\"#fff\" d=\"M2 0a2 2 0 0 0-2 2v2h1.5V2a.5.5 0 0 1 .5-.5h2V0H2Zm2 10.5H2a.5.5 0 0 1-.5-.5V8H0v2a2 2 0 0 0 2 2h2v-1.5ZM8 12v-1.5h2a.5.5 0 0 0 .5-.5V8H12v2a2 2 0 0 1-2 2H8Zm2-12a2 2 0 0 1 2 2v2h-1.5V2a.5.5 0 0 0-.5-.5H8V0h2Z\" \/>\n\t\t\t<\/svg>\n\t\t<\/button><figcaption class=\"wp-element-caption\">fot. Maciej Mitr\u0119ga\/NID<\/figcaption><\/figure>\n<\/div>\n\n\n\n<div class=\"wp-block-column is-layout-flow wp-block-column-is-layout-flow\">\n<figure data-wp-context=\"{&quot;imageId&quot;:&quot;69f5ccab149e3&quot;}\" data-wp-interactive=\"core\/image\" data-wp-key=\"69f5ccab149e3\" class=\"wp-block-image aligncenter size-large wp-lightbox-container\"><img loading=\"lazy\" decoding=\"async\" width=\"1024\" height=\"683\" data-wp-class--hide=\"state.isContentHidden\" data-wp-class--show=\"state.isContentVisible\" data-wp-init=\"callbacks.setButtonStyles\" data-wp-on--click=\"actions.showLightbox\" data-wp-on--load=\"callbacks.setButtonStyles\" data-wp-on-window--resize=\"callbacks.setButtonStyles\" src=\"https:\/\/nid.pl\/wp-content\/uploads\/2026\/04\/spotkanie-BRHC_04-1024x683.jpg\" alt=\"\" class=\"wp-image-34458\" style=\"box-shadow:var(--wp--preset--shadow--natural)\" srcset=\"https:\/\/nid.pl\/wp-content\/uploads\/2026\/04\/spotkanie-BRHC_04-1024x683.jpg 1024w, https:\/\/nid.pl\/wp-content\/uploads\/2026\/04\/spotkanie-BRHC_04-980x653.jpg 980w, https:\/\/nid.pl\/wp-content\/uploads\/2026\/04\/spotkanie-BRHC_04-480x320.jpg 480w\" sizes=\"(min-width: 0px) and (max-width: 480px) 480px, (min-width: 481px) and (max-width: 980px) 980px, (min-width: 981px) 1024px, 100vw\" \/><button\n\t\t\tclass=\"lightbox-trigger\"\n\t\t\ttype=\"button\"\n\t\t\taria-haspopup=\"dialog\"\n\t\t\taria-label=\"Enlarge\"\n\t\t\tdata-wp-init=\"callbacks.initTriggerButton\"\n\t\t\tdata-wp-on--click=\"actions.showLightbox\"\n\t\t\tdata-wp-style--right=\"state.imageButtonRight\"\n\t\t\tdata-wp-style--top=\"state.imageButtonTop\"\n\t\t>\n\t\t\t<svg xmlns=\"http:\/\/www.w3.org\/2000\/svg\" width=\"12\" height=\"12\" fill=\"none\" viewbox=\"0 0 12 12\">\n\t\t\t\t<path fill=\"#fff\" d=\"M2 0a2 2 0 0 0-2 2v2h1.5V2a.5.5 0 0 1 .5-.5h2V0H2Zm2 10.5H2a.5.5 0 0 1-.5-.5V8H0v2a2 2 0 0 0 2 2h2v-1.5ZM8 12v-1.5h2a.5.5 0 0 0 .5-.5V8H12v2a2 2 0 0 1-2 2H8Zm2-12a2 2 0 0 1 2 2v2h-1.5V2a.5.5 0 0 0-.5-.5H8V0h2Z\" \/>\n\t\t\t<\/svg>\n\t\t<\/button><figcaption class=\"wp-element-caption\">fot. Maciej Mitr\u0119ga\/NID<\/figcaption><\/figure>\n<\/div>\n<\/div>\n\n\n\n<p>Komitet dzia\u0142a poprzez grupy robocze w obszarach zwi\u0105zanych z archeologi\u0105 podwodn\u0105, dziedzictwem wybrze\u017ca Morza Ba\u0142tyckiego, architektur\u0105 XX wieku, wp\u0142ywem zmian klimatu na dziedzictwo, zwalczaniem i zapobieganiem przemytowi d\u00f3br kultury oraz szlakami kulturowymi.<\/p>\n\n\n\n<p>Ostatniego dnia spotkania uczestnicy odwiedzili Muzeum Warszawy, gdzie odby\u0142o si\u0119 oprowadzanie przez przewodnika.<\/p>\n\n\n\n<div style=\"height:15px\" aria-hidden=\"true\" class=\"wp-block-spacer\"><\/div>\n\n\n\n<div class=\"wp-block-columns is-layout-flex wp-container-core-columns-is-layout-9d6595d7 wp-block-columns-is-layout-flex\">\n<div class=\"wp-block-column is-layout-flow wp-block-column-is-layout-flow\">\n<figure data-wp-context=\"{&quot;imageId&quot;:&quot;69f5ccab14dd1&quot;}\" data-wp-interactive=\"core\/image\" data-wp-key=\"69f5ccab14dd1\" class=\"wp-block-image size-large wp-lightbox-container\"><img loading=\"lazy\" decoding=\"async\" width=\"1024\" height=\"683\" data-wp-class--hide=\"state.isContentHidden\" data-wp-class--show=\"state.isContentVisible\" data-wp-init=\"callbacks.setButtonStyles\" data-wp-on--click=\"actions.showLightbox\" data-wp-on--load=\"callbacks.setButtonStyles\" data-wp-on-window--resize=\"callbacks.setButtonStyles\" src=\"https:\/\/nid.pl\/wp-content\/uploads\/2026\/04\/spotkanie-BRHC_05-1024x683.jpg\" alt=\"\" class=\"wp-image-34459\" style=\"box-shadow:var(--wp--preset--shadow--natural)\" srcset=\"https:\/\/nid.pl\/wp-content\/uploads\/2026\/04\/spotkanie-BRHC_05-1024x683.jpg 1024w, https:\/\/nid.pl\/wp-content\/uploads\/2026\/04\/spotkanie-BRHC_05-980x653.jpg 980w, https:\/\/nid.pl\/wp-content\/uploads\/2026\/04\/spotkanie-BRHC_05-480x320.jpg 480w\" sizes=\"(min-width: 0px) and (max-width: 480px) 480px, (min-width: 481px) and (max-width: 980px) 980px, (min-width: 981px) 1024px, 100vw\" \/><button\n\t\t\tclass=\"lightbox-trigger\"\n\t\t\ttype=\"button\"\n\t\t\taria-haspopup=\"dialog\"\n\t\t\taria-label=\"Enlarge\"\n\t\t\tdata-wp-init=\"callbacks.initTriggerButton\"\n\t\t\tdata-wp-on--click=\"actions.showLightbox\"\n\t\t\tdata-wp-style--right=\"state.imageButtonRight\"\n\t\t\tdata-wp-style--top=\"state.imageButtonTop\"\n\t\t>\n\t\t\t<svg xmlns=\"http:\/\/www.w3.org\/2000\/svg\" width=\"12\" height=\"12\" fill=\"none\" viewbox=\"0 0 12 12\">\n\t\t\t\t<path fill=\"#fff\" d=\"M2 0a2 2 0 0 0-2 2v2h1.5V2a.5.5 0 0 1 .5-.5h2V0H2Zm2 10.5H2a.5.5 0 0 1-.5-.5V8H0v2a2 2 0 0 0 2 2h2v-1.5ZM8 12v-1.5h2a.5.5 0 0 0 .5-.5V8H12v2a2 2 0 0 1-2 2H8Zm2-12a2 2 0 0 1 2 2v2h-1.5V2a.5.5 0 0 0-.5-.5H8V0h2Z\" \/>\n\t\t\t<\/svg>\n\t\t<\/button><figcaption class=\"wp-element-caption\">fot. Magdalena Karpi\u0144ska\/NID<\/figcaption><\/figure>\n<\/div>\n\n\n\n<div class=\"wp-block-column is-layout-flow wp-block-column-is-layout-flow\">\n<figure data-wp-context=\"{&quot;imageId&quot;:&quot;69f5ccab150e4&quot;}\" data-wp-interactive=\"core\/image\" data-wp-key=\"69f5ccab150e4\" class=\"wp-block-image size-large wp-lightbox-container\"><img loading=\"lazy\" decoding=\"async\" width=\"1024\" height=\"683\" data-wp-class--hide=\"state.isContentHidden\" data-wp-class--show=\"state.isContentVisible\" data-wp-init=\"callbacks.setButtonStyles\" data-wp-on--click=\"actions.showLightbox\" data-wp-on--load=\"callbacks.setButtonStyles\" data-wp-on-window--resize=\"callbacks.setButtonStyles\" src=\"https:\/\/nid.pl\/wp-content\/uploads\/2026\/04\/spotkanie-BRHC_07-1024x683.jpg\" alt=\"\" class=\"wp-image-34460\" style=\"box-shadow:var(--wp--preset--shadow--natural)\" srcset=\"https:\/\/nid.pl\/wp-content\/uploads\/2026\/04\/spotkanie-BRHC_07-1024x683.jpg 1024w, https:\/\/nid.pl\/wp-content\/uploads\/2026\/04\/spotkanie-BRHC_07-980x653.jpg 980w, https:\/\/nid.pl\/wp-content\/uploads\/2026\/04\/spotkanie-BRHC_07-480x320.jpg 480w\" sizes=\"(min-width: 0px) and (max-width: 480px) 480px, (min-width: 481px) and (max-width: 980px) 980px, (min-width: 981px) 1024px, 100vw\" \/><button\n\t\t\tclass=\"lightbox-trigger\"\n\t\t\ttype=\"button\"\n\t\t\taria-haspopup=\"dialog\"\n\t\t\taria-label=\"Enlarge\"\n\t\t\tdata-wp-init=\"callbacks.initTriggerButton\"\n\t\t\tdata-wp-on--click=\"actions.showLightbox\"\n\t\t\tdata-wp-style--right=\"state.imageButtonRight\"\n\t\t\tdata-wp-style--top=\"state.imageButtonTop\"\n\t\t>\n\t\t\t<svg xmlns=\"http:\/\/www.w3.org\/2000\/svg\" width=\"12\" height=\"12\" fill=\"none\" viewbox=\"0 0 12 12\">\n\t\t\t\t<path fill=\"#fff\" d=\"M2 0a2 2 0 0 0-2 2v2h1.5V2a.5.5 0 0 1 .5-.5h2V0H2Zm2 10.5H2a.5.5 0 0 1-.5-.5V8H0v2a2 2 0 0 0 2 2h2v-1.5ZM8 12v-1.5h2a.5.5 0 0 0 .5-.5V8H12v2a2 2 0 0 1-2 2H8Zm2-12a2 2 0 0 1 2 2v2h-1.5V2a.5.5 0 0 0-.5-.5H8V0h2Z\" \/>\n\t\t\t<\/svg>\n\t\t<\/button><figcaption class=\"wp-element-caption\">fot. Magdalena Karpi\u0144ska\/NID<\/figcaption><\/figure>\n<\/div>\n\n\n\n<div class=\"wp-block-column is-layout-flow wp-block-column-is-layout-flow\">\n<figure data-wp-context=\"{&quot;imageId&quot;:&quot;69f5ccab153d5&quot;}\" data-wp-interactive=\"core\/image\" data-wp-key=\"69f5ccab153d5\" class=\"wp-block-image size-large wp-lightbox-container\"><img loading=\"lazy\" decoding=\"async\" width=\"1024\" height=\"683\" data-wp-class--hide=\"state.isContentHidden\" data-wp-class--show=\"state.isContentVisible\" data-wp-init=\"callbacks.setButtonStyles\" data-wp-on--click=\"actions.showLightbox\" data-wp-on--load=\"callbacks.setButtonStyles\" data-wp-on-window--resize=\"callbacks.setButtonStyles\" src=\"https:\/\/nid.pl\/wp-content\/uploads\/2026\/04\/spotkanie-BRHC_08-1024x683.jpg\" alt=\"\" class=\"wp-image-34461\" style=\"box-shadow:var(--wp--preset--shadow--natural)\" srcset=\"https:\/\/nid.pl\/wp-content\/uploads\/2026\/04\/spotkanie-BRHC_08-1024x683.jpg 1024w, https:\/\/nid.pl\/wp-content\/uploads\/2026\/04\/spotkanie-BRHC_08-980x653.jpg 980w, https:\/\/nid.pl\/wp-content\/uploads\/2026\/04\/spotkanie-BRHC_08-480x320.jpg 480w\" sizes=\"(min-width: 0px) and (max-width: 480px) 480px, (min-width: 481px) and (max-width: 980px) 980px, (min-width: 981px) 1024px, 100vw\" \/><button\n\t\t\tclass=\"lightbox-trigger\"\n\t\t\ttype=\"button\"\n\t\t\taria-haspopup=\"dialog\"\n\t\t\taria-label=\"Enlarge\"\n\t\t\tdata-wp-init=\"callbacks.initTriggerButton\"\n\t\t\tdata-wp-on--click=\"actions.showLightbox\"\n\t\t\tdata-wp-style--right=\"state.imageButtonRight\"\n\t\t\tdata-wp-style--top=\"state.imageButtonTop\"\n\t\t>\n\t\t\t<svg xmlns=\"http:\/\/www.w3.org\/2000\/svg\" width=\"12\" height=\"12\" fill=\"none\" viewbox=\"0 0 12 12\">\n\t\t\t\t<path fill=\"#fff\" d=\"M2 0a2 2 0 0 0-2 2v2h1.5V2a.5.5 0 0 1 .5-.5h2V0H2Zm2 10.5H2a.5.5 0 0 1-.5-.5V8H0v2a2 2 0 0 0 2 2h2v-1.5ZM8 12v-1.5h2a.5.5 0 0 0 .5-.5V8H12v2a2 2 0 0 1-2 2H8Zm2-12a2 2 0 0 1 2 2v2h-1.5V2a.5.5 0 0 0-.5-.5H8V0h2Z\" \/>\n\t\t\t<\/svg>\n\t\t<\/button><figcaption class=\"wp-element-caption\">fot. Magdalena Karpi\u0144ska\/NID<\/figcaption><\/figure>\n<\/div>\n<\/div>\n\n\n\n<div class=\"wp-block-columns is-layout-flex wp-container-core-columns-is-layout-9d6595d7 wp-block-columns-is-layout-flex\">\n<div class=\"wp-block-column is-layout-flow wp-block-column-is-layout-flow\">\n<figure data-wp-context=\"{&quot;imageId&quot;:&quot;69f5ccab1573b&quot;}\" data-wp-interactive=\"core\/image\" data-wp-key=\"69f5ccab1573b\" class=\"wp-block-image size-large wp-lightbox-container\"><img loading=\"lazy\" decoding=\"async\" width=\"1024\" height=\"683\" data-wp-class--hide=\"state.isContentHidden\" data-wp-class--show=\"state.isContentVisible\" data-wp-init=\"callbacks.setButtonStyles\" data-wp-on--click=\"actions.showLightbox\" data-wp-on--load=\"callbacks.setButtonStyles\" data-wp-on-window--resize=\"callbacks.setButtonStyles\" src=\"https:\/\/nid.pl\/wp-content\/uploads\/2026\/04\/spotkanie-BRHC_09-1024x683.jpg\" alt=\"\" class=\"wp-image-34462\" style=\"box-shadow:var(--wp--preset--shadow--natural)\" srcset=\"https:\/\/nid.pl\/wp-content\/uploads\/2026\/04\/spotkanie-BRHC_09-1024x683.jpg 1024w, https:\/\/nid.pl\/wp-content\/uploads\/2026\/04\/spotkanie-BRHC_09-980x653.jpg 980w, https:\/\/nid.pl\/wp-content\/uploads\/2026\/04\/spotkanie-BRHC_09-480x320.jpg 480w\" sizes=\"(min-width: 0px) and (max-width: 480px) 480px, (min-width: 481px) and (max-width: 980px) 980px, (min-width: 981px) 1024px, 100vw\" \/><button\n\t\t\tclass=\"lightbox-trigger\"\n\t\t\ttype=\"button\"\n\t\t\taria-haspopup=\"dialog\"\n\t\t\taria-label=\"Enlarge\"\n\t\t\tdata-wp-init=\"callbacks.initTriggerButton\"\n\t\t\tdata-wp-on--click=\"actions.showLightbox\"\n\t\t\tdata-wp-style--right=\"state.imageButtonRight\"\n\t\t\tdata-wp-style--top=\"state.imageButtonTop\"\n\t\t>\n\t\t\t<svg xmlns=\"http:\/\/www.w3.org\/2000\/svg\" width=\"12\" height=\"12\" fill=\"none\" viewbox=\"0 0 12 12\">\n\t\t\t\t<path fill=\"#fff\" d=\"M2 0a2 2 0 0 0-2 2v2h1.5V2a.5.5 0 0 1 .5-.5h2V0H2Zm2 10.5H2a.5.5 0 0 1-.5-.5V8H0v2a2 2 0 0 0 2 2h2v-1.5ZM8 12v-1.5h2a.5.5 0 0 0 .5-.5V8H12v2a2 2 0 0 1-2 2H8Zm2-12a2 2 0 0 1 2 2v2h-1.5V2a.5.5 0 0 0-.5-.5H8V0h2Z\" \/>\n\t\t\t<\/svg>\n\t\t<\/button><figcaption class=\"wp-element-caption\">fot. Magdalena Karpi\u0144ska\/NID<\/figcaption><\/figure>\n<\/div>\n\n\n\n<div class=\"wp-block-column is-layout-flow wp-block-column-is-layout-flow\">\n<figure data-wp-context=\"{&quot;imageId&quot;:&quot;69f5ccab159ef&quot;}\" data-wp-interactive=\"core\/image\" data-wp-key=\"69f5ccab159ef\" class=\"wp-block-image size-large wp-lightbox-container\"><img loading=\"lazy\" decoding=\"async\" width=\"1024\" height=\"683\" data-wp-class--hide=\"state.isContentHidden\" data-wp-class--show=\"state.isContentVisible\" data-wp-init=\"callbacks.setButtonStyles\" data-wp-on--click=\"actions.showLightbox\" data-wp-on--load=\"callbacks.setButtonStyles\" data-wp-on-window--resize=\"callbacks.setButtonStyles\" src=\"https:\/\/nid.pl\/wp-content\/uploads\/2026\/04\/spotkanie-BRHC_10-1024x683.jpg\" alt=\"\" class=\"wp-image-34463\" style=\"box-shadow:var(--wp--preset--shadow--natural)\" srcset=\"https:\/\/nid.pl\/wp-content\/uploads\/2026\/04\/spotkanie-BRHC_10-1024x683.jpg 1024w, https:\/\/nid.pl\/wp-content\/uploads\/2026\/04\/spotkanie-BRHC_10-980x653.jpg 980w, https:\/\/nid.pl\/wp-content\/uploads\/2026\/04\/spotkanie-BRHC_10-480x320.jpg 480w\" sizes=\"(min-width: 0px) and (max-width: 480px) 480px, (min-width: 481px) and (max-width: 980px) 980px, (min-width: 981px) 1024px, 100vw\" \/><button\n\t\t\tclass=\"lightbox-trigger\"\n\t\t\ttype=\"button\"\n\t\t\taria-haspopup=\"dialog\"\n\t\t\taria-label=\"Enlarge\"\n\t\t\tdata-wp-init=\"callbacks.initTriggerButton\"\n\t\t\tdata-wp-on--click=\"actions.showLightbox\"\n\t\t\tdata-wp-style--right=\"state.imageButtonRight\"\n\t\t\tdata-wp-style--top=\"state.imageButtonTop\"\n\t\t>\n\t\t\t<svg xmlns=\"http:\/\/www.w3.org\/2000\/svg\" width=\"12\" height=\"12\" fill=\"none\" viewbox=\"0 0 12 12\">\n\t\t\t\t<path fill=\"#fff\" d=\"M2 0a2 2 0 0 0-2 2v2h1.5V2a.5.5 0 0 1 .5-.5h2V0H2Zm2 10.5H2a.5.5 0 0 1-.5-.5V8H0v2a2 2 0 0 0 2 2h2v-1.5ZM8 12v-1.5h2a.5.5 0 0 0 .5-.5V8H12v2a2 2 0 0 1-2 2H8Zm2-12a2 2 0 0 1 2 2v2h-1.5V2a.5.5 0 0 0-.5-.5H8V0h2Z\" \/>\n\t\t\t<\/svg>\n\t\t<\/button><figcaption class=\"wp-element-caption\">fot. Magdalena Karpi\u0144ska\/NID<\/figcaption><\/figure>\n<\/div>\n\n\n\n<div class=\"wp-block-column is-layout-flow wp-block-column-is-layout-flow\">\n<figure data-wp-context=\"{&quot;imageId&quot;:&quot;69f5ccab15c9b&quot;}\" data-wp-interactive=\"core\/image\" data-wp-key=\"69f5ccab15c9b\" class=\"wp-block-image size-large wp-lightbox-container\"><img loading=\"lazy\" decoding=\"async\" width=\"1024\" height=\"683\" data-wp-class--hide=\"state.isContentHidden\" data-wp-class--show=\"state.isContentVisible\" data-wp-init=\"callbacks.setButtonStyles\" data-wp-on--click=\"actions.showLightbox\" data-wp-on--load=\"callbacks.setButtonStyles\" data-wp-on-window--resize=\"callbacks.setButtonStyles\" src=\"https:\/\/nid.pl\/wp-content\/uploads\/2026\/04\/spotkanie-BRHC_11-1024x683.jpg\" alt=\"\" class=\"wp-image-34464\" style=\"box-shadow:var(--wp--preset--shadow--natural)\" srcset=\"https:\/\/nid.pl\/wp-content\/uploads\/2026\/04\/spotkanie-BRHC_11-1024x683.jpg 1024w, https:\/\/nid.pl\/wp-content\/uploads\/2026\/04\/spotkanie-BRHC_11-980x653.jpg 980w, https:\/\/nid.pl\/wp-content\/uploads\/2026\/04\/spotkanie-BRHC_11-480x320.jpg 480w\" sizes=\"(min-width: 0px) and (max-width: 480px) 480px, (min-width: 481px) and (max-width: 980px) 980px, (min-width: 981px) 1024px, 100vw\" \/><button\n\t\t\tclass=\"lightbox-trigger\"\n\t\t\ttype=\"button\"\n\t\t\taria-haspopup=\"dialog\"\n\t\t\taria-label=\"Enlarge\"\n\t\t\tdata-wp-init=\"callbacks.initTriggerButton\"\n\t\t\tdata-wp-on--click=\"actions.showLightbox\"\n\t\t\tdata-wp-style--right=\"state.imageButtonRight\"\n\t\t\tdata-wp-style--top=\"state.imageButtonTop\"\n\t\t>\n\t\t\t<svg xmlns=\"http:\/\/www.w3.org\/2000\/svg\" width=\"12\" height=\"12\" fill=\"none\" viewbox=\"0 0 12 12\">\n\t\t\t\t<path fill=\"#fff\" d=\"M2 0a2 2 0 0 0-2 2v2h1.5V2a.5.5 0 0 1 .5-.5h2V0H2Zm2 10.5H2a.5.5 0 0 1-.5-.5V8H0v2a2 2 0 0 0 2 2h2v-1.5ZM8 12v-1.5h2a.5.5 0 0 0 .5-.5V8H12v2a2 2 0 0 1-2 2H8Zm2-12a2 2 0 0 1 2 2v2h-1.5V2a.5.5 0 0 0-.5-.5H8V0h2Z\" \/>\n\t\t\t<\/svg>\n\t\t<\/button><figcaption class=\"wp-element-caption\">fot. Magdalena Karpi\u0144ska\/NID<\/figcaption><\/figure>\n<\/div>\n<\/div>","protected":false},"excerpt":{"rendered":"<p>W dniach 22-23 kwietnia 2026 roku w Warszawie odby\u0142o si\u0119 spotkanie Komitetu Dziedzictwa Regionu Ba\u0142tyckiego (ang. Baltic Region Heritage Committee), w kt\u00f3rym uczestniczyli przedstawiciele Litwy, \u0141otwy, Estonii, Finlandii, Norwegii, Szwecji [&hellip;]<\/p>","protected":false},"author":4,"featured_media":34512,"comment_status":"closed","ping_status":"closed","sticky":false,"template":"","format":"standard","meta":{"_et_pb_use_builder":"off","_et_pb_old_content":"","_et_gb_content_width":"","_monsterinsights_skip_tracking":false,"_monsterinsights_sitenote_active":false,"_monsterinsights_sitenote_note":"","_monsterinsights_sitenote_category":0,"footnotes":""},"categories":[3],"tags":[],"class_list":["post-34465","post","type-post","status-publish","format-standard","has-post-thumbnail","hentry","category-aktualnosci"],"yoast_head":"<!-- This site is optimized with the Yoast SEO plugin v26.5 - https:\/\/yoast.com\/wordpress\/plugins\/seo\/ -->\n<title>Spotkanie Komitetu Dziedzictwa Regionu Ba\u0142tyckiego - NID<\/title>\n<meta name=\"robots\" content=\"index, follow, max-snippet:-1, max-image-preview:large, max-video-preview:-1\" \/>\n<link rel=\"canonical\" href=\"https:\/\/nid.pl\/en\/2026\/04\/24\/spotkanie-komitetu-dziedzictwa-regionu-baltyckiego\/\" \/>\n<meta property=\"og:locale\" content=\"en_GB\" \/>\n<meta property=\"og:type\" content=\"article\" \/>\n<meta property=\"og:title\" content=\"Spotkanie Komitetu Dziedzictwa Regionu Ba\u0142tyckiego - NID\" \/>\n<meta property=\"og:description\" content=\"W dniach 22-23 kwietnia 2026 roku w Warszawie odby\u0142o si\u0119 spotkanie Komitetu Dziedzictwa Regionu Ba\u0142tyckiego (ang. Baltic Region Heritage Committee), w kt\u00f3rym uczestniczyli przedstawiciele Litwy, \u0141otwy, Estonii, Finlandii, Norwegii, Szwecji [&hellip;]\" \/>\n<meta property=\"og:url\" content=\"https:\/\/nid.pl\/en\/2026\/04\/24\/spotkanie-komitetu-dziedzictwa-regionu-baltyckiego\/\" \/>\n<meta property=\"og:site_name\" content=\"NID\" \/>\n<meta property=\"article:publisher\" content=\"https:\/\/www.facebook.com\/zabytek\" \/>\n<meta property=\"article:published_time\" content=\"2026-04-24T10:42:21+00:00\" \/>\n<meta property=\"article:modified_time\" content=\"2026-04-28T10:06:14+00:00\" \/>\n<meta property=\"og:image\" content=\"https:\/\/nid.pl\/wp-content\/uploads\/2026\/04\/spotkanie-BRHC.jpg\" \/>\n\t<meta property=\"og:image:width\" content=\"1200\" \/>\n\t<meta property=\"og:image:height\" content=\"800\" \/>\n\t<meta property=\"og:image:type\" content=\"image\/jpeg\" \/>\n<meta name=\"author\" content=\"Marta Or\u0119ziak\" \/>\n<meta name=\"twitter:card\" content=\"summary_large_image\" \/>\n<meta name=\"twitter:creator\" content=\"@NarIDpl\" \/>\n<meta name=\"twitter:site\" content=\"@NarIDpl\" \/>\n<meta name=\"twitter:label1\" content=\"Written by\" \/>\n\t<meta name=\"twitter:data1\" content=\"Marta Or\u0119ziak\" \/>\n\t<meta name=\"twitter:label2\" content=\"Estimated reading time\" \/>\n\t<meta name=\"twitter:data2\" content=\"4 minutes\" \/>\n<script type=\"application\/ld+json\" class=\"yoast-schema-graph\">{\"@context\":\"https:\/\/schema.org\",\"@graph\":[{\"@type\":\"Article\",\"@id\":\"https:\/\/nid.pl\/2026\/04\/24\/spotkanie-komitetu-dziedzictwa-regionu-baltyckiego\/#article\",\"isPartOf\":{\"@id\":\"https:\/\/nid.pl\/2026\/04\/24\/spotkanie-komitetu-dziedzictwa-regionu-baltyckiego\/\"},\"author\":{\"name\":\"Marta Or\u0119ziak\",\"@id\":\"https:\/\/nid.pl\/#\/schema\/person\/9d848c4a54b78bc2a1461f1c5d8de615\"},\"headline\":\"Spotkanie Komitetu Dziedzictwa Regionu Ba\u0142tyckiego\",\"datePublished\":\"2026-04-24T10:42:21+00:00\",\"dateModified\":\"2026-04-28T10:06:14+00:00\",\"mainEntityOfPage\":{\"@id\":\"https:\/\/nid.pl\/2026\/04\/24\/spotkanie-komitetu-dziedzictwa-regionu-baltyckiego\/\"},\"wordCount\":307,\"publisher\":{\"@id\":\"https:\/\/nid.pl\/#organization\"},\"image\":{\"@id\":\"https:\/\/nid.pl\/2026\/04\/24\/spotkanie-komitetu-dziedzictwa-regionu-baltyckiego\/#primaryimage\"},\"thumbnailUrl\":\"https:\/\/nid.pl\/wp-content\/uploads\/2026\/04\/spotkanie-BRHC.jpg\",\"articleSection\":[\"Aktualno\u015bci\"],\"inLanguage\":\"en-GB\"},{\"@type\":\"WebPage\",\"@id\":\"https:\/\/nid.pl\/2026\/04\/24\/spotkanie-komitetu-dziedzictwa-regionu-baltyckiego\/\",\"url\":\"https:\/\/nid.pl\/2026\/04\/24\/spotkanie-komitetu-dziedzictwa-regionu-baltyckiego\/\",\"name\":\"Spotkanie Komitetu Dziedzictwa Regionu Ba\u0142tyckiego - NID\",\"isPartOf\":{\"@id\":\"https:\/\/nid.pl\/#website\"},\"primaryImageOfPage\":{\"@id\":\"https:\/\/nid.pl\/2026\/04\/24\/spotkanie-komitetu-dziedzictwa-regionu-baltyckiego\/#primaryimage\"},\"image\":{\"@id\":\"https:\/\/nid.pl\/2026\/04\/24\/spotkanie-komitetu-dziedzictwa-regionu-baltyckiego\/#primaryimage\"},\"thumbnailUrl\":\"https:\/\/nid.pl\/wp-content\/uploads\/2026\/04\/spotkanie-BRHC.jpg\",\"datePublished\":\"2026-04-24T10:42:21+00:00\",\"dateModified\":\"2026-04-28T10:06:14+00:00\",\"breadcrumb\":{\"@id\":\"https:\/\/nid.pl\/2026\/04\/24\/spotkanie-komitetu-dziedzictwa-regionu-baltyckiego\/#breadcrumb\"},\"inLanguage\":\"en-GB\",\"potentialAction\":[{\"@type\":\"ReadAction\",\"target\":[\"https:\/\/nid.pl\/2026\/04\/24\/spotkanie-komitetu-dziedzictwa-regionu-baltyckiego\/\"]}]},{\"@type\":\"ImageObject\",\"inLanguage\":\"en-GB\",\"@id\":\"https:\/\/nid.pl\/2026\/04\/24\/spotkanie-komitetu-dziedzictwa-regionu-baltyckiego\/#primaryimage\",\"url\":\"https:\/\/nid.pl\/wp-content\/uploads\/2026\/04\/spotkanie-BRHC.jpg\",\"contentUrl\":\"https:\/\/nid.pl\/wp-content\/uploads\/2026\/04\/spotkanie-BRHC.jpg\",\"width\":1200,\"height\":800,\"caption\":\"Spotkanie Komitetu Dziedzictwa Regionu Ba\u0142tyckiego\"},{\"@type\":\"BreadcrumbList\",\"@id\":\"https:\/\/nid.pl\/2026\/04\/24\/spotkanie-komitetu-dziedzictwa-regionu-baltyckiego\/#breadcrumb\",\"itemListElement\":[{\"@type\":\"ListItem\",\"position\":1,\"name\":\"Home\",\"item\":\"https:\/\/nid.pl\/\"},{\"@type\":\"ListItem\",\"position\":2,\"name\":\"Spotkanie Komitetu Dziedzictwa Regionu Ba\u0142tyckiego\"}]},{\"@type\":\"WebSite\",\"@id\":\"https:\/\/nid.pl\/#website\",\"url\":\"https:\/\/nid.pl\/\",\"name\":\"NID\",\"description\":\"Narodowy Instytut Dziedzictwa\",\"publisher\":{\"@id\":\"https:\/\/nid.pl\/#organization\"},\"potentialAction\":[{\"@type\":\"SearchAction\",\"target\":{\"@type\":\"EntryPoint\",\"urlTemplate\":\"https:\/\/nid.pl\/?s={search_term_string}\"},\"query-input\":{\"@type\":\"PropertyValueSpecification\",\"valueRequired\":true,\"valueName\":\"search_term_string\"}}],\"inLanguage\":\"en-GB\"},{\"@type\":\"Organization\",\"@id\":\"https:\/\/nid.pl\/#organization\",\"name\":\"Narodowy Instytut Dziedzictwa\",\"url\":\"https:\/\/nid.pl\/\",\"logo\":{\"@type\":\"ImageObject\",\"inLanguage\":\"en-GB\",\"@id\":\"https:\/\/nid.pl\/#\/schema\/logo\/image\/\",\"url\":\"https:\/\/nid.pl\/wp-content\/uploads\/2022\/10\/logoRedDark.png\",\"contentUrl\":\"https:\/\/nid.pl\/wp-content\/uploads\/2022\/10\/logoRedDark.png\",\"width\":200,\"height\":197,\"caption\":\"Narodowy Instytut Dziedzictwa\"},\"image\":{\"@id\":\"https:\/\/nid.pl\/#\/schema\/logo\/image\/\"},\"sameAs\":[\"https:\/\/www.facebook.com\/zabytek\",\"https:\/\/x.com\/NarIDpl\",\"https:\/\/www.instagram.com\/nid.pl\/?hl=pl\",\"https:\/\/www.linkedin.com\/company\/narodowy-instytut-dziedzictwa\",\"https:\/\/www.youtube.com\/channel\/UCQXuhKa2uHtmNvLRUSx40JA\"]},{\"@type\":\"Person\",\"@id\":\"https:\/\/nid.pl\/#\/schema\/person\/9d848c4a54b78bc2a1461f1c5d8de615\",\"name\":\"Marta Or\u0119ziak\",\"image\":{\"@type\":\"ImageObject\",\"inLanguage\":\"en-GB\",\"@id\":\"https:\/\/nid.pl\/#\/schema\/person\/image\/\",\"url\":\"https:\/\/nid.pl\/wp-content\/litespeed\/avatar\/3cdc296a7eb01425272974c992bee3ea.jpg?ver=1777445267\",\"contentUrl\":\"https:\/\/nid.pl\/wp-content\/litespeed\/avatar\/3cdc296a7eb01425272974c992bee3ea.jpg?ver=1777445267\",\"caption\":\"Marta Or\u0119ziak\"},\"url\":\"https:\/\/nid.pl\/en\/author\/moreziak\/\"}]}<\/script>\n<!-- \/ Yoast SEO plugin. -->","yoast_head_json":{"title":"Spotkanie Komitetu Dziedzictwa Regionu Ba\u0142tyckiego - NID","robots":{"index":"index","follow":"follow","max-snippet":"max-snippet:-1","max-image-preview":"max-image-preview:large","max-video-preview":"max-video-preview:-1"},"canonical":"https:\/\/nid.pl\/en\/2026\/04\/24\/spotkanie-komitetu-dziedzictwa-regionu-baltyckiego\/","og_locale":"en_GB","og_type":"article","og_title":"Spotkanie Komitetu Dziedzictwa Regionu Ba\u0142tyckiego - NID","og_description":"W dniach 22-23 kwietnia 2026 roku w Warszawie odby\u0142o si\u0119 spotkanie Komitetu Dziedzictwa Regionu Ba\u0142tyckiego (ang. Baltic Region Heritage Committee), w kt\u00f3rym uczestniczyli przedstawiciele Litwy, \u0141otwy, Estonii, Finlandii, Norwegii, Szwecji [&hellip;]","og_url":"https:\/\/nid.pl\/en\/2026\/04\/24\/spotkanie-komitetu-dziedzictwa-regionu-baltyckiego\/","og_site_name":"NID","article_publisher":"https:\/\/www.facebook.com\/zabytek","article_published_time":"2026-04-24T10:42:21+00:00","article_modified_time":"2026-04-28T10:06:14+00:00","og_image":[{"width":1200,"height":800,"url":"https:\/\/nid.pl\/wp-content\/uploads\/2026\/04\/spotkanie-BRHC.jpg","type":"image\/jpeg"}],"author":"Marta Or\u0119ziak","twitter_card":"summary_large_image","twitter_creator":"@NarIDpl","twitter_site":"@NarIDpl","twitter_misc":{"Written by":"Marta Or\u0119ziak","Estimated reading time":"4 minutes"},"schema":{"@context":"https:\/\/schema.org","@graph":[{"@type":"Article","@id":"https:\/\/nid.pl\/2026\/04\/24\/spotkanie-komitetu-dziedzictwa-regionu-baltyckiego\/#article","isPartOf":{"@id":"https:\/\/nid.pl\/2026\/04\/24\/spotkanie-komitetu-dziedzictwa-regionu-baltyckiego\/"},"author":{"name":"Marta Or\u0119ziak","@id":"https:\/\/nid.pl\/#\/schema\/person\/9d848c4a54b78bc2a1461f1c5d8de615"},"headline":"Spotkanie Komitetu Dziedzictwa Regionu Ba\u0142tyckiego","datePublished":"2026-04-24T10:42:21+00:00","dateModified":"2026-04-28T10:06:14+00:00","mainEntityOfPage":{"@id":"https:\/\/nid.pl\/2026\/04\/24\/spotkanie-komitetu-dziedzictwa-regionu-baltyckiego\/"},"wordCount":307,"publisher":{"@id":"https:\/\/nid.pl\/#organization"},"image":{"@id":"https:\/\/nid.pl\/2026\/04\/24\/spotkanie-komitetu-dziedzictwa-regionu-baltyckiego\/#primaryimage"},"thumbnailUrl":"https:\/\/nid.pl\/wp-content\/uploads\/2026\/04\/spotkanie-BRHC.jpg","articleSection":["Aktualno\u015bci"],"inLanguage":"en-GB"},{"@type":"WebPage","@id":"https:\/\/nid.pl\/2026\/04\/24\/spotkanie-komitetu-dziedzictwa-regionu-baltyckiego\/","url":"https:\/\/nid.pl\/2026\/04\/24\/spotkanie-komitetu-dziedzictwa-regionu-baltyckiego\/","name":"Spotkanie Komitetu Dziedzictwa Regionu Ba\u0142tyckiego - NID","isPartOf":{"@id":"https:\/\/nid.pl\/#website"},"primaryImageOfPage":{"@id":"https:\/\/nid.pl\/2026\/04\/24\/spotkanie-komitetu-dziedzictwa-regionu-baltyckiego\/#primaryimage"},"image":{"@id":"https:\/\/nid.pl\/2026\/04\/24\/spotkanie-komitetu-dziedzictwa-regionu-baltyckiego\/#primaryimage"},"thumbnailUrl":"https:\/\/nid.pl\/wp-content\/uploads\/2026\/04\/spotkanie-BRHC.jpg","datePublished":"2026-04-24T10:42:21+00:00","dateModified":"2026-04-28T10:06:14+00:00","breadcrumb":{"@id":"https:\/\/nid.pl\/2026\/04\/24\/spotkanie-komitetu-dziedzictwa-regionu-baltyckiego\/#breadcrumb"},"inLanguage":"en-GB","potentialAction":[{"@type":"ReadAction","target":["https:\/\/nid.pl\/2026\/04\/24\/spotkanie-komitetu-dziedzictwa-regionu-baltyckiego\/"]}]},{"@type":"ImageObject","inLanguage":"en-GB","@id":"https:\/\/nid.pl\/2026\/04\/24\/spotkanie-komitetu-dziedzictwa-regionu-baltyckiego\/#primaryimage","url":"https:\/\/nid.pl\/wp-content\/uploads\/2026\/04\/spotkanie-BRHC.jpg","contentUrl":"https:\/\/nid.pl\/wp-content\/uploads\/2026\/04\/spotkanie-BRHC.jpg","width":1200,"height":800,"caption":"Spotkanie Komitetu Dziedzictwa Regionu Ba\u0142tyckiego"},{"@type":"BreadcrumbList","@id":"https:\/\/nid.pl\/2026\/04\/24\/spotkanie-komitetu-dziedzictwa-regionu-baltyckiego\/#breadcrumb","itemListElement":[{"@type":"ListItem","position":1,"name":"Home","item":"https:\/\/nid.pl\/"},{"@type":"ListItem","position":2,"name":"Spotkanie Komitetu Dziedzictwa Regionu Ba\u0142tyckiego"}]},{"@type":"WebSite","@id":"https:\/\/nid.pl\/#website","url":"https:\/\/nid.pl\/","name":"NID","description":"Narodowy Instytut Dziedzictwa","publisher":{"@id":"https:\/\/nid.pl\/#organization"},"potentialAction":[{"@type":"SearchAction","target":{"@type":"EntryPoint","urlTemplate":"https:\/\/nid.pl\/?s={search_term_string}"},"query-input":{"@type":"PropertyValueSpecification","valueRequired":true,"valueName":"search_term_string"}}],"inLanguage":"en-GB"},{"@type":"Organization","@id":"https:\/\/nid.pl\/#organization","name":"Narodowy Instytut Dziedzictwa","url":"https:\/\/nid.pl\/","logo":{"@type":"ImageObject","inLanguage":"en-GB","@id":"https:\/\/nid.pl\/#\/schema\/logo\/image\/","url":"https:\/\/nid.pl\/wp-content\/uploads\/2022\/10\/logoRedDark.png","contentUrl":"https:\/\/nid.pl\/wp-content\/uploads\/2022\/10\/logoRedDark.png","width":200,"height":197,"caption":"Narodowy Instytut Dziedzictwa"},"image":{"@id":"https:\/\/nid.pl\/#\/schema\/logo\/image\/"},"sameAs":["https:\/\/www.facebook.com\/zabytek","https:\/\/x.com\/NarIDpl","https:\/\/www.instagram.com\/nid.pl\/?hl=pl","https:\/\/www.linkedin.com\/company\/narodowy-instytut-dziedzictwa","https:\/\/www.youtube.com\/channel\/UCQXuhKa2uHtmNvLRUSx40JA"]},{"@type":"Person","@id":"https:\/\/nid.pl\/#\/schema\/person\/9d848c4a54b78bc2a1461f1c5d8de615","name":"Marta Or\u0119ziak","image":{"@type":"ImageObject","inLanguage":"en-GB","@id":"https:\/\/nid.pl\/#\/schema\/person\/image\/","url":"https:\/\/nid.pl\/wp-content\/litespeed\/avatar\/3cdc296a7eb01425272974c992bee3ea.jpg?ver=1777445267","contentUrl":"https:\/\/nid.pl\/wp-content\/litespeed\/avatar\/3cdc296a7eb01425272974c992bee3ea.jpg?ver=1777445267","caption":"Marta Or\u0119ziak"},"url":"https:\/\/nid.pl\/en\/author\/moreziak\/"}]}},"_links":{"self":[{"href":"https:\/\/nid.pl\/en\/wp-json\/wp\/v2\/posts\/34465","targetHints":{"allow":["GET"]}}],"collection":[{"href":"https:\/\/nid.pl\/en\/wp-json\/wp\/v2\/posts"}],"about":[{"href":"https:\/\/nid.pl\/en\/wp-json\/wp\/v2\/types\/post"}],"author":[{"embeddable":true,"href":"https:\/\/nid.pl\/en\/wp-json\/wp\/v2\/users\/4"}],"replies":[{"embeddable":true,"href":"https:\/\/nid.pl\/en\/wp-json\/wp\/v2\/comments?post=34465"}],"version-history":[{"count":3,"href":"https:\/\/nid.pl\/en\/wp-json\/wp\/v2\/posts\/34465\/revisions"}],"predecessor-version":[{"id":34513,"href":"https:\/\/nid.pl\/en\/wp-json\/wp\/v2\/posts\/34465\/revisions\/34513"}],"wp:featuredmedia":[{"embeddable":true,"href":"https:\/\/nid.pl\/en\/wp-json\/wp\/v2\/media\/34512"}],"wp:attachment":[{"href":"https:\/\/nid.pl\/en\/wp-json\/wp\/v2\/media?parent=34465"}],"wp:term":[{"taxonomy":"category","embeddable":true,"href":"https:\/\/nid.pl\/en\/wp-json\/wp\/v2\/categories?post=34465"},{"taxonomy":"post_tag","embeddable":true,"href":"https:\/\/nid.pl\/en\/wp-json\/wp\/v2\/tags?post=34465"}],"curies":[{"name":"wp","href":"https:\/\/api.w.org\/{rel}","templated":true}]}}