{"id":34403,"date":"2026-04-23T12:57:50","date_gmt":"2026-04-23T10:57:50","guid":{"rendered":"https:\/\/nid.pl\/?p=34403"},"modified":"2026-04-23T13:06:12","modified_gmt":"2026-04-23T11:06:12","slug":"inauguracja-programu-kultura-i-start-projektu-heritolab","status":"publish","type":"post","link":"https:\/\/nid.pl\/en\/2026\/04\/23\/inauguracja-programu-kultura-i-start-projektu-heritolab\/","title":{"rendered":"Inauguracja Programu \u201eKultura\u201d i start projektu HeritoLAB"},"content":{"rendered":"<p><strong>Za nami uroczysta inauguracja IV edycji Programu \u201eKultura\u201d, finansowanego z Funduszy Norweskich i EOG na lata 2021-2028, kt\u00f3ra odby\u0142a si\u0119 w Zamku Ujazdowskim w Warszawie. Podczas wydarzenia zaprezentowano strategiczny projekt Narodowego Instytutu Dziedzictwa \u2013 HeritoLAB, kt\u00f3ry wprowadza do Polski innowacyjny model proaktywnej opieki nad zabytkami.<\/strong><\/p>\n\n\n\n<p>W konferencji inauguracyjnej uczestniczyli przedstawiciele rz\u0105d\u00f3w i instytucji z Polski, Norwegii oraz Islandii, w tym Podsekretarz Stanu w MKiDN Marek Krawczyk oraz wiceministra kultury i r\u00f3wno\u015bci Kr\u00f3lestwa Norwegii Trude Storheim. Na realizacj\u0119 programu przeznaczono ponad <strong>106 mln euro<\/strong>, co stanowi wzrost o 20% wzgl\u0119dem poprzedniej edycji. G\u0142\u00f3wnym celem inicjatywy jest zwi\u0119kszenie uczestnictwa w kulturze, ochrona dziedzictwa oraz zacie\u015bnienie wsp\u00f3\u0142pracy mi\u0119dzynarodowej.<\/p>\n\n\n\n<p>W\u015br\u00f3d czterech projekt\u00f3w predefiniowanych znalaz\u0142 si\u0119 <strong>HeritoLAB \u2013 Mobilny Audyt Zabytku,<\/strong> na kt\u00f3ry przeznaczono 1,8 mln euro.<\/p>\n\n\n\n<p>Projekt przedstawili: Anna Maria Cymborowska-Walu\u015b (NID) oraz Vegard Bergg\u00e5rd (Riksantikvaren). Ponadto w cz\u0119\u015bci podsumowuj\u0105cej obrady Maria Bade\u0144ska-Stapp (NID) zaprezentowa\u0142a szereg zagadnie\u0144 zwi\u0105zanych z rol\u0105 dziedzictwa kulturowego, jak\u0105 pe\u0142ni w procesach rewitalizacji.<\/p>\n\n\n\n<div style=\"height:30px\" aria-hidden=\"true\" class=\"wp-block-spacer\"><\/div>\n\n\n\n<figure data-wp-context=\"{&quot;imageId&quot;:&quot;69f5ccab0b683&quot;}\" data-wp-interactive=\"core\/image\" data-wp-key=\"69f5ccab0b683\" class=\"wp-block-image aligncenter size-large wp-lightbox-container\"><img loading=\"lazy\" decoding=\"async\" width=\"1024\" height=\"683\" data-wp-class--hide=\"state.isContentHidden\" data-wp-class--show=\"state.isContentVisible\" data-wp-init=\"callbacks.setButtonStyles\" data-wp-on--click=\"actions.showLightbox\" data-wp-on--load=\"callbacks.setButtonStyles\" data-wp-on-window--resize=\"callbacks.setButtonStyles\" src=\"https:\/\/nid.pl\/wp-content\/uploads\/2026\/04\/inauguracja-programu-kultura-projektu-heritolab_02-1024x683.jpg\" alt=\"\" class=\"wp-image-34409\" style=\"aspect-ratio:3\/2;object-fit:cover\" srcset=\"https:\/\/nid.pl\/wp-content\/uploads\/2026\/04\/inauguracja-programu-kultura-projektu-heritolab_02-1024x683.jpg 1024w, https:\/\/nid.pl\/wp-content\/uploads\/2026\/04\/inauguracja-programu-kultura-projektu-heritolab_02-980x653.jpg 980w, https:\/\/nid.pl\/wp-content\/uploads\/2026\/04\/inauguracja-programu-kultura-projektu-heritolab_02-480x320.jpg 480w\" sizes=\"(min-width: 0px) and (max-width: 480px) 480px, (min-width: 481px) and (max-width: 980px) 980px, (min-width: 981px) 1024px, 100vw\" \/><button\n\t\t\tclass=\"lightbox-trigger\"\n\t\t\ttype=\"button\"\n\t\t\taria-haspopup=\"dialog\"\n\t\t\taria-label=\"Enlarge\"\n\t\t\tdata-wp-init=\"callbacks.initTriggerButton\"\n\t\t\tdata-wp-on--click=\"actions.showLightbox\"\n\t\t\tdata-wp-style--right=\"state.imageButtonRight\"\n\t\t\tdata-wp-style--top=\"state.imageButtonTop\"\n\t\t>\n\t\t\t<svg xmlns=\"http:\/\/www.w3.org\/2000\/svg\" width=\"12\" height=\"12\" fill=\"none\" viewbox=\"0 0 12 12\">\n\t\t\t\t<path fill=\"#fff\" d=\"M2 0a2 2 0 0 0-2 2v2h1.5V2a.5.5 0 0 1 .5-.5h2V0H2Zm2 10.5H2a.5.5 0 0 1-.5-.5V8H0v2a2 2 0 0 0 2 2h2v-1.5ZM8 12v-1.5h2a.5.5 0 0 0 .5-.5V8H12v2a2 2 0 0 1-2 2H8Zm2-12a2 2 0 0 1 2 2v2h-1.5V2a.5.5 0 0 0-.5-.5H8V0h2Z\" \/>\n\t\t\t<\/svg>\n\t\t<\/button><figcaption class=\"wp-element-caption\">fot. Aleksandra Szczepa\u0144ska\/NID<\/figcaption><\/figure>\n\n\n\n<div class=\"wp-block-columns is-layout-flex wp-container-core-columns-is-layout-9d6595d7 wp-block-columns-is-layout-flex\">\n<div class=\"wp-block-column is-layout-flow wp-block-column-is-layout-flow\">\n<figure data-wp-context=\"{&quot;imageId&quot;:&quot;69f5ccab0ba51&quot;}\" data-wp-interactive=\"core\/image\" data-wp-key=\"69f5ccab0ba51\" class=\"wp-block-image aligncenter size-large wp-lightbox-container\"><img loading=\"lazy\" decoding=\"async\" width=\"683\" height=\"1024\" data-wp-class--hide=\"state.isContentHidden\" data-wp-class--show=\"state.isContentVisible\" data-wp-init=\"callbacks.setButtonStyles\" data-wp-on--click=\"actions.showLightbox\" data-wp-on--load=\"callbacks.setButtonStyles\" data-wp-on-window--resize=\"callbacks.setButtonStyles\" src=\"https:\/\/nid.pl\/wp-content\/uploads\/2026\/04\/inauguracja-programu-kultura-projektu-heritolab_03-683x1024.jpg\" alt=\"\" class=\"wp-image-34410\" style=\"object-fit:cover\" srcset=\"https:\/\/nid.pl\/wp-content\/uploads\/2026\/04\/inauguracja-programu-kultura-projektu-heritolab_03-683x1024.jpg 683w, https:\/\/nid.pl\/wp-content\/uploads\/2026\/04\/inauguracja-programu-kultura-projektu-heritolab_03-480x720.jpg 480w\" sizes=\"(min-width: 0px) and (max-width: 480px) 480px, (min-width: 481px) 683px, 100vw\" \/><button\n\t\t\tclass=\"lightbox-trigger\"\n\t\t\ttype=\"button\"\n\t\t\taria-haspopup=\"dialog\"\n\t\t\taria-label=\"Enlarge\"\n\t\t\tdata-wp-init=\"callbacks.initTriggerButton\"\n\t\t\tdata-wp-on--click=\"actions.showLightbox\"\n\t\t\tdata-wp-style--right=\"state.imageButtonRight\"\n\t\t\tdata-wp-style--top=\"state.imageButtonTop\"\n\t\t>\n\t\t\t<svg xmlns=\"http:\/\/www.w3.org\/2000\/svg\" width=\"12\" height=\"12\" fill=\"none\" viewbox=\"0 0 12 12\">\n\t\t\t\t<path fill=\"#fff\" d=\"M2 0a2 2 0 0 0-2 2v2h1.5V2a.5.5 0 0 1 .5-.5h2V0H2Zm2 10.5H2a.5.5 0 0 1-.5-.5V8H0v2a2 2 0 0 0 2 2h2v-1.5ZM8 12v-1.5h2a.5.5 0 0 0 .5-.5V8H12v2a2 2 0 0 1-2 2H8Zm2-12a2 2 0 0 1 2 2v2h-1.5V2a.5.5 0 0 0-.5-.5H8V0h2Z\" \/>\n\t\t\t<\/svg>\n\t\t<\/button><figcaption class=\"wp-element-caption\">fot. Aleksandra Szczepa\u0144ska\/NID<\/figcaption><\/figure>\n<\/div>\n\n\n\n<div class=\"wp-block-column is-layout-flow wp-block-column-is-layout-flow\">\n<figure data-wp-context=\"{&quot;imageId&quot;:&quot;69f5ccab0c4c4&quot;}\" data-wp-interactive=\"core\/image\" data-wp-key=\"69f5ccab0c4c4\" class=\"wp-block-image aligncenter size-large wp-lightbox-container\"><img loading=\"lazy\" decoding=\"async\" width=\"683\" height=\"1024\" data-wp-class--hide=\"state.isContentHidden\" data-wp-class--show=\"state.isContentVisible\" data-wp-init=\"callbacks.setButtonStyles\" data-wp-on--click=\"actions.showLightbox\" data-wp-on--load=\"callbacks.setButtonStyles\" data-wp-on-window--resize=\"callbacks.setButtonStyles\" src=\"https:\/\/nid.pl\/wp-content\/uploads\/2026\/04\/inauguracja-programu-kultura-projektu-heritolab_04-683x1024.jpg\" alt=\"\" class=\"wp-image-34407\" style=\"object-fit:cover\" srcset=\"https:\/\/nid.pl\/wp-content\/uploads\/2026\/04\/inauguracja-programu-kultura-projektu-heritolab_04-683x1024.jpg 683w, https:\/\/nid.pl\/wp-content\/uploads\/2026\/04\/inauguracja-programu-kultura-projektu-heritolab_04-480x720.jpg 480w\" sizes=\"(min-width: 0px) and (max-width: 480px) 480px, (min-width: 481px) 683px, 100vw\" \/><button\n\t\t\tclass=\"lightbox-trigger\"\n\t\t\ttype=\"button\"\n\t\t\taria-haspopup=\"dialog\"\n\t\t\taria-label=\"Enlarge\"\n\t\t\tdata-wp-init=\"callbacks.initTriggerButton\"\n\t\t\tdata-wp-on--click=\"actions.showLightbox\"\n\t\t\tdata-wp-style--right=\"state.imageButtonRight\"\n\t\t\tdata-wp-style--top=\"state.imageButtonTop\"\n\t\t>\n\t\t\t<svg xmlns=\"http:\/\/www.w3.org\/2000\/svg\" width=\"12\" height=\"12\" fill=\"none\" viewbox=\"0 0 12 12\">\n\t\t\t\t<path fill=\"#fff\" d=\"M2 0a2 2 0 0 0-2 2v2h1.5V2a.5.5 0 0 1 .5-.5h2V0H2Zm2 10.5H2a.5.5 0 0 1-.5-.5V8H0v2a2 2 0 0 0 2 2h2v-1.5ZM8 12v-1.5h2a.5.5 0 0 0 .5-.5V8H12v2a2 2 0 0 1-2 2H8Zm2-12a2 2 0 0 1 2 2v2h-1.5V2a.5.5 0 0 0-.5-.5H8V0h2Z\" \/>\n\t\t\t<\/svg>\n\t\t<\/button><figcaption class=\"wp-element-caption\">fot. Aleksandra Szczepa\u0144ska\/NID<\/figcaption><\/figure>\n<\/div>\n<\/div>\n\n\n\n<h2 class=\"wp-block-heading has-background\" style=\"background:linear-gradient(135deg,rgba(243,243,243,0.95) 0%,rgb(255,255,255) 100%);font-size:16px\"><strong>O projekcie<\/strong><\/h2>\n\n\n\n<div style=\"height:30px\" aria-hidden=\"true\" class=\"wp-block-spacer\"><\/div>\n\n\n\n<p>Projekt HeritoLAB to pilota\u017cowa inicjatywa NID, kt\u00f3rej celem jest zbadanie mo\u017cliwo\u015bci wdro\u017cenia w Polsce modelu konserwacji zapobiegawczej (preventive maintenance). Zamiast reagowa\u0107 na zniszczenia, system opiera\u0142by si\u0119 na regularnym monitorowaniu stanu technicznego obiekt\u00f3w, co pozwoli\u0142oby unikn\u0105\u0107 kosztownych remont\u00f3w kapitalnych.<\/p>\n\n\n\n<div style=\"height:30px\" aria-hidden=\"true\" class=\"wp-block-spacer\"><\/div>\n\n\n\n<h2 class=\"wp-block-heading has-background\" style=\"background:linear-gradient(135deg,rgba(243,243,243,0.95) 0%,rgb(255,255,255) 100%);font-size:16px\"><strong>Kluczowe za\u0142o\u017cenia projektu:<\/strong><\/h2>\n\n\n\n<div style=\"height:30px\" aria-hidden=\"true\" class=\"wp-block-spacer\"><\/div>\n\n\n\n<ul class=\"wp-block-list\">\n<li><strong>Wsp\u00f3\u0142praca mi\u0119dzynarodowa: <\/strong>Projekt bazuje na do\u015bwiadczeniach holenderskiego Monumentenwacht, s\u0142owackiego ProMonumenta oraz norweskich strategiach ochrony dziedzictwa w obliczu zmian klimatu. Partnerem projektu jest Norweski Dyrektoriat ds. Dziedzictwa Kulturowego (Riksantikvaren).<\/li>\n\n\n\n<li><strong>Mobilne Zespo\u0142y Inspekcyjne: <\/strong>W ramach NID powo\u0142ane zostan\u0105 dwa profesjonalnie wyposa\u017cone zespo\u0142y, kt\u00f3re b\u0119d\u0105 dociera\u0107 bezpo\u015brednio do zabytk\u00f3w, oferuj\u0105c specjalistyczny audyt oraz wykonuj\u0105c drobne, dora\u017ane naprawy (np. czyszczenie rynien), kt\u00f3re nie wymagaj\u0105 pozwole\u0144 administracyjnych.<\/li>\n\n\n\n<li><strong>Wsparcie dla w\u0142a\u015bcicieli: <\/strong>Po inspekcji w\u0142a\u015bciciel obiektu otrzyma przejrzysty raport z wytycznymi dotycz\u0105cymi dalszego utrzymania zabytku.<\/li>\n\n\n\n<li><strong>Koncentracja na architekturze drewnianej: <\/strong>Ze wzgl\u0119du na skal\u0119 zagro\u017ce\u0144, pilota\u017c skupia si\u0119 w pierwszej kolejno\u015bci na obiektach drewnianych.<\/li>\n<\/ul>\n\n\n\n<div style=\"height:30px\" aria-hidden=\"true\" class=\"wp-block-spacer\"><\/div>\n\n\n\n<h2 class=\"wp-block-heading has-background\" style=\"background:linear-gradient(135deg,rgba(243,243,243,0.95) 0%,rgb(255,255,255) 100%);font-size:16px\"><strong>Projekt w liczbach<\/strong><\/h2>\n\n\n\n<div style=\"height:30px\" aria-hidden=\"true\" class=\"wp-block-spacer\"><\/div>\n\n\n\n<p>Realizacja HeritoLAB zak\u0142ada osi\u0105gni\u0119cie konkretnych wska\u017anik\u00f3w w ci\u0105gu trzech lat trwania projektu:<\/p>\n\n\n\n<ul class=\"wp-block-list\">\n<li><strong>130 obiekt\u00f3w zabytkowych<\/strong> obj\u0119tych monitoringiem i audytem technicznym.<\/li>\n\n\n\n<li><strong>24 wydarzenia edukacyjne i popularyzatorskie,<\/strong> w tym szkolenia dla w\u0142a\u015bcicieli i zarz\u0105dc\u00f3w.<\/li>\n\n\n\n<li><strong>285 os\u00f3b przeszkolonych<\/strong> w zakresie metod konserwacji zapobiegawczej.<\/li>\n\n\n\n<li><strong>2 mobilne zespo\u0142y inspekcyjne <\/strong>gotowe do pracy w terenie.<\/li>\n<\/ul>\n\n\n\n<div style=\"height:30px\" aria-hidden=\"true\" class=\"wp-block-spacer\"><\/div>\n\n\n\n<h2 class=\"wp-block-heading has-background\" style=\"background:linear-gradient(135deg,rgba(243,243,243,0.95) 0%,rgb(255,255,255) 100%);font-size:16px\"><strong>Nowa filozofia ochrony dziedzictwa<\/strong><\/h2>\n\n\n\n<div style=\"height:30px\" aria-hidden=\"true\" class=\"wp-block-spacer\"><\/div>\n\n\n\n<p>HeritoLAB to nie tylko inspekcje, ale strategiczna platforma wsparcia, kt\u00f3ra ma stymulowa\u0107 \u201eekonomi\u0119 dziedzictwa\u201d poprzez o\u017cywianie tradycyjnego rzemios\u0142a i promowanie niskich emisji w konserwacji. Projekt buduje pomost mi\u0119dzy administracj\u0105 a obywatelami, oferuj\u0105c realn\u0105 pomoc w\u0142a\u015bcicielom zabytk\u00f3w, szczeg\u00f3lnie w regionach o mniejszym potencjale ekonomicznym.<\/p>\n\n\n\n<p>Efekty polskiego pilota\u017cu pos\u0142u\u017c\u0105 nie tylko do budowy og\u00f3lnokrajowego systemu w Polsce, ale zostan\u0105 tak\u017ce wykorzystane przez partner\u00f3w norweskich do doskonalenia ich w\u0142asnych rozwi\u0105za\u0144 systemowych. <\/p>\n\n\n\n<div style=\"height:30px\" aria-hidden=\"true\" class=\"wp-block-spacer\"><\/div>","protected":false},"excerpt":{"rendered":"<p>Za nami uroczysta inauguracja IV edycji Programu \u201eKultura\u201d, finansowanego z Funduszy Norweskich i EOG na lata 2021-2028, kt\u00f3ra odby\u0142a si\u0119 w Zamku Ujazdowskim w Warszawie. Podczas wydarzenia zaprezentowano strategiczny projekt [&hellip;]<\/p>","protected":false},"author":4,"featured_media":34398,"comment_status":"closed","ping_status":"closed","sticky":false,"template":"","format":"standard","meta":{"_et_pb_use_builder":"off","_et_pb_old_content":"","_et_gb_content_width":"","_monsterinsights_skip_tracking":false,"_monsterinsights_sitenote_active":false,"_monsterinsights_sitenote_note":"","_monsterinsights_sitenote_category":0,"footnotes":""},"categories":[3],"tags":[],"class_list":["post-34403","post","type-post","status-publish","format-standard","has-post-thumbnail","hentry","category-aktualnosci"],"yoast_head":"<!-- This site is optimized with the Yoast SEO plugin v26.5 - https:\/\/yoast.com\/wordpress\/plugins\/seo\/ -->\n<title>Inauguracja Programu \u201eKultura\u201d i start projektu HeritoLAB - NID<\/title>\n<meta name=\"robots\" content=\"index, follow, max-snippet:-1, max-image-preview:large, max-video-preview:-1\" \/>\n<link rel=\"canonical\" href=\"https:\/\/nid.pl\/en\/2026\/04\/23\/inauguracja-programu-kultura-i-start-projektu-heritolab\/\" \/>\n<meta property=\"og:locale\" content=\"en_GB\" \/>\n<meta property=\"og:type\" content=\"article\" \/>\n<meta property=\"og:title\" content=\"Inauguracja Programu \u201eKultura\u201d i start projektu HeritoLAB - NID\" \/>\n<meta property=\"og:description\" content=\"Za nami uroczysta inauguracja IV edycji Programu \u201eKultura\u201d, finansowanego z Funduszy Norweskich i EOG na lata 2021-2028, kt\u00f3ra odby\u0142a si\u0119 w Zamku Ujazdowskim w Warszawie. Podczas wydarzenia zaprezentowano strategiczny projekt [&hellip;]\" \/>\n<meta property=\"og:url\" content=\"https:\/\/nid.pl\/en\/2026\/04\/23\/inauguracja-programu-kultura-i-start-projektu-heritolab\/\" \/>\n<meta property=\"og:site_name\" content=\"NID\" \/>\n<meta property=\"article:publisher\" content=\"https:\/\/www.facebook.com\/zabytek\" \/>\n<meta property=\"article:published_time\" content=\"2026-04-23T10:57:50+00:00\" \/>\n<meta property=\"article:modified_time\" content=\"2026-04-23T11:06:12+00:00\" \/>\n<meta property=\"og:image\" content=\"https:\/\/nid.pl\/wp-content\/uploads\/2026\/04\/inauguracja-programu-kultura-projektu-heritolab_00.jpg\" \/>\n\t<meta property=\"og:image:width\" content=\"1200\" \/>\n\t<meta property=\"og:image:height\" content=\"800\" \/>\n\t<meta property=\"og:image:type\" content=\"image\/jpeg\" \/>\n<meta name=\"author\" content=\"Marta Or\u0119ziak\" \/>\n<meta name=\"twitter:card\" content=\"summary_large_image\" \/>\n<meta name=\"twitter:creator\" content=\"@NarIDpl\" \/>\n<meta name=\"twitter:site\" content=\"@NarIDpl\" \/>\n<meta name=\"twitter:label1\" content=\"Written by\" \/>\n\t<meta name=\"twitter:data1\" content=\"Marta Or\u0119ziak\" \/>\n\t<meta name=\"twitter:label2\" content=\"Estimated reading time\" \/>\n\t<meta name=\"twitter:data2\" content=\"4 minutes\" \/>\n<script type=\"application\/ld+json\" class=\"yoast-schema-graph\">{\"@context\":\"https:\/\/schema.org\",\"@graph\":[{\"@type\":\"Article\",\"@id\":\"https:\/\/nid.pl\/2026\/04\/23\/inauguracja-programu-kultura-i-start-projektu-heritolab\/#article\",\"isPartOf\":{\"@id\":\"https:\/\/nid.pl\/2026\/04\/23\/inauguracja-programu-kultura-i-start-projektu-heritolab\/\"},\"author\":{\"name\":\"Marta Or\u0119ziak\",\"@id\":\"https:\/\/nid.pl\/#\/schema\/person\/9d848c4a54b78bc2a1461f1c5d8de615\"},\"headline\":\"Inauguracja Programu \u201eKultura\u201d i start projektu HeritoLAB\",\"datePublished\":\"2026-04-23T10:57:50+00:00\",\"dateModified\":\"2026-04-23T11:06:12+00:00\",\"mainEntityOfPage\":{\"@id\":\"https:\/\/nid.pl\/2026\/04\/23\/inauguracja-programu-kultura-i-start-projektu-heritolab\/\"},\"wordCount\":519,\"publisher\":{\"@id\":\"https:\/\/nid.pl\/#organization\"},\"image\":{\"@id\":\"https:\/\/nid.pl\/2026\/04\/23\/inauguracja-programu-kultura-i-start-projektu-heritolab\/#primaryimage\"},\"thumbnailUrl\":\"https:\/\/nid.pl\/wp-content\/uploads\/2026\/04\/inauguracja-programu-kultura-projektu-heritolab_00.jpg\",\"articleSection\":[\"Aktualno\u015bci\"],\"inLanguage\":\"en-GB\"},{\"@type\":\"WebPage\",\"@id\":\"https:\/\/nid.pl\/2026\/04\/23\/inauguracja-programu-kultura-i-start-projektu-heritolab\/\",\"url\":\"https:\/\/nid.pl\/2026\/04\/23\/inauguracja-programu-kultura-i-start-projektu-heritolab\/\",\"name\":\"Inauguracja Programu \u201eKultura\u201d i start projektu HeritoLAB - NID\",\"isPartOf\":{\"@id\":\"https:\/\/nid.pl\/#website\"},\"primaryImageOfPage\":{\"@id\":\"https:\/\/nid.pl\/2026\/04\/23\/inauguracja-programu-kultura-i-start-projektu-heritolab\/#primaryimage\"},\"image\":{\"@id\":\"https:\/\/nid.pl\/2026\/04\/23\/inauguracja-programu-kultura-i-start-projektu-heritolab\/#primaryimage\"},\"thumbnailUrl\":\"https:\/\/nid.pl\/wp-content\/uploads\/2026\/04\/inauguracja-programu-kultura-projektu-heritolab_00.jpg\",\"datePublished\":\"2026-04-23T10:57:50+00:00\",\"dateModified\":\"2026-04-23T11:06:12+00:00\",\"breadcrumb\":{\"@id\":\"https:\/\/nid.pl\/2026\/04\/23\/inauguracja-programu-kultura-i-start-projektu-heritolab\/#breadcrumb\"},\"inLanguage\":\"en-GB\",\"potentialAction\":[{\"@type\":\"ReadAction\",\"target\":[\"https:\/\/nid.pl\/2026\/04\/23\/inauguracja-programu-kultura-i-start-projektu-heritolab\/\"]}]},{\"@type\":\"ImageObject\",\"inLanguage\":\"en-GB\",\"@id\":\"https:\/\/nid.pl\/2026\/04\/23\/inauguracja-programu-kultura-i-start-projektu-heritolab\/#primaryimage\",\"url\":\"https:\/\/nid.pl\/wp-content\/uploads\/2026\/04\/inauguracja-programu-kultura-projektu-heritolab_00.jpg\",\"contentUrl\":\"https:\/\/nid.pl\/wp-content\/uploads\/2026\/04\/inauguracja-programu-kultura-projektu-heritolab_00.jpg\",\"width\":1200,\"height\":800,\"caption\":\"Inauguracja Programu \u201eKultura\u201d i start projektu HeritoLAB, fot. Aleksandra Szczepa\u0144ska\/NID\"},{\"@type\":\"BreadcrumbList\",\"@id\":\"https:\/\/nid.pl\/2026\/04\/23\/inauguracja-programu-kultura-i-start-projektu-heritolab\/#breadcrumb\",\"itemListElement\":[{\"@type\":\"ListItem\",\"position\":1,\"name\":\"Home\",\"item\":\"https:\/\/nid.pl\/\"},{\"@type\":\"ListItem\",\"position\":2,\"name\":\"Inauguracja Programu \u201eKultura\u201d i start projektu HeritoLAB\"}]},{\"@type\":\"WebSite\",\"@id\":\"https:\/\/nid.pl\/#website\",\"url\":\"https:\/\/nid.pl\/\",\"name\":\"NID\",\"description\":\"Narodowy Instytut Dziedzictwa\",\"publisher\":{\"@id\":\"https:\/\/nid.pl\/#organization\"},\"potentialAction\":[{\"@type\":\"SearchAction\",\"target\":{\"@type\":\"EntryPoint\",\"urlTemplate\":\"https:\/\/nid.pl\/?s={search_term_string}\"},\"query-input\":{\"@type\":\"PropertyValueSpecification\",\"valueRequired\":true,\"valueName\":\"search_term_string\"}}],\"inLanguage\":\"en-GB\"},{\"@type\":\"Organization\",\"@id\":\"https:\/\/nid.pl\/#organization\",\"name\":\"Narodowy Instytut Dziedzictwa\",\"url\":\"https:\/\/nid.pl\/\",\"logo\":{\"@type\":\"ImageObject\",\"inLanguage\":\"en-GB\",\"@id\":\"https:\/\/nid.pl\/#\/schema\/logo\/image\/\",\"url\":\"https:\/\/nid.pl\/wp-content\/uploads\/2022\/10\/logoRedDark.png\",\"contentUrl\":\"https:\/\/nid.pl\/wp-content\/uploads\/2022\/10\/logoRedDark.png\",\"width\":200,\"height\":197,\"caption\":\"Narodowy Instytut Dziedzictwa\"},\"image\":{\"@id\":\"https:\/\/nid.pl\/#\/schema\/logo\/image\/\"},\"sameAs\":[\"https:\/\/www.facebook.com\/zabytek\",\"https:\/\/x.com\/NarIDpl\",\"https:\/\/www.instagram.com\/nid.pl\/?hl=pl\",\"https:\/\/www.linkedin.com\/company\/narodowy-instytut-dziedzictwa\",\"https:\/\/www.youtube.com\/channel\/UCQXuhKa2uHtmNvLRUSx40JA\"]},{\"@type\":\"Person\",\"@id\":\"https:\/\/nid.pl\/#\/schema\/person\/9d848c4a54b78bc2a1461f1c5d8de615\",\"name\":\"Marta Or\u0119ziak\",\"image\":{\"@type\":\"ImageObject\",\"inLanguage\":\"en-GB\",\"@id\":\"https:\/\/nid.pl\/#\/schema\/person\/image\/\",\"url\":\"https:\/\/nid.pl\/wp-content\/litespeed\/avatar\/3cdc296a7eb01425272974c992bee3ea.jpg?ver=1777445267\",\"contentUrl\":\"https:\/\/nid.pl\/wp-content\/litespeed\/avatar\/3cdc296a7eb01425272974c992bee3ea.jpg?ver=1777445267\",\"caption\":\"Marta Or\u0119ziak\"},\"url\":\"https:\/\/nid.pl\/en\/author\/moreziak\/\"}]}<\/script>\n<!-- \/ Yoast SEO plugin. -->","yoast_head_json":{"title":"Inauguracja Programu \u201eKultura\u201d i start projektu HeritoLAB - NID","robots":{"index":"index","follow":"follow","max-snippet":"max-snippet:-1","max-image-preview":"max-image-preview:large","max-video-preview":"max-video-preview:-1"},"canonical":"https:\/\/nid.pl\/en\/2026\/04\/23\/inauguracja-programu-kultura-i-start-projektu-heritolab\/","og_locale":"en_GB","og_type":"article","og_title":"Inauguracja Programu \u201eKultura\u201d i start projektu HeritoLAB - NID","og_description":"Za nami uroczysta inauguracja IV edycji Programu \u201eKultura\u201d, finansowanego z Funduszy Norweskich i EOG na lata 2021-2028, kt\u00f3ra odby\u0142a si\u0119 w Zamku Ujazdowskim w Warszawie. Podczas wydarzenia zaprezentowano strategiczny projekt [&hellip;]","og_url":"https:\/\/nid.pl\/en\/2026\/04\/23\/inauguracja-programu-kultura-i-start-projektu-heritolab\/","og_site_name":"NID","article_publisher":"https:\/\/www.facebook.com\/zabytek","article_published_time":"2026-04-23T10:57:50+00:00","article_modified_time":"2026-04-23T11:06:12+00:00","og_image":[{"width":1200,"height":800,"url":"https:\/\/nid.pl\/wp-content\/uploads\/2026\/04\/inauguracja-programu-kultura-projektu-heritolab_00.jpg","type":"image\/jpeg"}],"author":"Marta Or\u0119ziak","twitter_card":"summary_large_image","twitter_creator":"@NarIDpl","twitter_site":"@NarIDpl","twitter_misc":{"Written by":"Marta Or\u0119ziak","Estimated reading time":"4 minutes"},"schema":{"@context":"https:\/\/schema.org","@graph":[{"@type":"Article","@id":"https:\/\/nid.pl\/2026\/04\/23\/inauguracja-programu-kultura-i-start-projektu-heritolab\/#article","isPartOf":{"@id":"https:\/\/nid.pl\/2026\/04\/23\/inauguracja-programu-kultura-i-start-projektu-heritolab\/"},"author":{"name":"Marta Or\u0119ziak","@id":"https:\/\/nid.pl\/#\/schema\/person\/9d848c4a54b78bc2a1461f1c5d8de615"},"headline":"Inauguracja Programu \u201eKultura\u201d i start projektu HeritoLAB","datePublished":"2026-04-23T10:57:50+00:00","dateModified":"2026-04-23T11:06:12+00:00","mainEntityOfPage":{"@id":"https:\/\/nid.pl\/2026\/04\/23\/inauguracja-programu-kultura-i-start-projektu-heritolab\/"},"wordCount":519,"publisher":{"@id":"https:\/\/nid.pl\/#organization"},"image":{"@id":"https:\/\/nid.pl\/2026\/04\/23\/inauguracja-programu-kultura-i-start-projektu-heritolab\/#primaryimage"},"thumbnailUrl":"https:\/\/nid.pl\/wp-content\/uploads\/2026\/04\/inauguracja-programu-kultura-projektu-heritolab_00.jpg","articleSection":["Aktualno\u015bci"],"inLanguage":"en-GB"},{"@type":"WebPage","@id":"https:\/\/nid.pl\/2026\/04\/23\/inauguracja-programu-kultura-i-start-projektu-heritolab\/","url":"https:\/\/nid.pl\/2026\/04\/23\/inauguracja-programu-kultura-i-start-projektu-heritolab\/","name":"Inauguracja Programu \u201eKultura\u201d i start projektu HeritoLAB - NID","isPartOf":{"@id":"https:\/\/nid.pl\/#website"},"primaryImageOfPage":{"@id":"https:\/\/nid.pl\/2026\/04\/23\/inauguracja-programu-kultura-i-start-projektu-heritolab\/#primaryimage"},"image":{"@id":"https:\/\/nid.pl\/2026\/04\/23\/inauguracja-programu-kultura-i-start-projektu-heritolab\/#primaryimage"},"thumbnailUrl":"https:\/\/nid.pl\/wp-content\/uploads\/2026\/04\/inauguracja-programu-kultura-projektu-heritolab_00.jpg","datePublished":"2026-04-23T10:57:50+00:00","dateModified":"2026-04-23T11:06:12+00:00","breadcrumb":{"@id":"https:\/\/nid.pl\/2026\/04\/23\/inauguracja-programu-kultura-i-start-projektu-heritolab\/#breadcrumb"},"inLanguage":"en-GB","potentialAction":[{"@type":"ReadAction","target":["https:\/\/nid.pl\/2026\/04\/23\/inauguracja-programu-kultura-i-start-projektu-heritolab\/"]}]},{"@type":"ImageObject","inLanguage":"en-GB","@id":"https:\/\/nid.pl\/2026\/04\/23\/inauguracja-programu-kultura-i-start-projektu-heritolab\/#primaryimage","url":"https:\/\/nid.pl\/wp-content\/uploads\/2026\/04\/inauguracja-programu-kultura-projektu-heritolab_00.jpg","contentUrl":"https:\/\/nid.pl\/wp-content\/uploads\/2026\/04\/inauguracja-programu-kultura-projektu-heritolab_00.jpg","width":1200,"height":800,"caption":"Inauguracja Programu \u201eKultura\u201d i start projektu HeritoLAB, fot. Aleksandra Szczepa\u0144ska\/NID"},{"@type":"BreadcrumbList","@id":"https:\/\/nid.pl\/2026\/04\/23\/inauguracja-programu-kultura-i-start-projektu-heritolab\/#breadcrumb","itemListElement":[{"@type":"ListItem","position":1,"name":"Home","item":"https:\/\/nid.pl\/"},{"@type":"ListItem","position":2,"name":"Inauguracja Programu \u201eKultura\u201d i start projektu HeritoLAB"}]},{"@type":"WebSite","@id":"https:\/\/nid.pl\/#website","url":"https:\/\/nid.pl\/","name":"NID","description":"Narodowy Instytut Dziedzictwa","publisher":{"@id":"https:\/\/nid.pl\/#organization"},"potentialAction":[{"@type":"SearchAction","target":{"@type":"EntryPoint","urlTemplate":"https:\/\/nid.pl\/?s={search_term_string}"},"query-input":{"@type":"PropertyValueSpecification","valueRequired":true,"valueName":"search_term_string"}}],"inLanguage":"en-GB"},{"@type":"Organization","@id":"https:\/\/nid.pl\/#organization","name":"Narodowy Instytut Dziedzictwa","url":"https:\/\/nid.pl\/","logo":{"@type":"ImageObject","inLanguage":"en-GB","@id":"https:\/\/nid.pl\/#\/schema\/logo\/image\/","url":"https:\/\/nid.pl\/wp-content\/uploads\/2022\/10\/logoRedDark.png","contentUrl":"https:\/\/nid.pl\/wp-content\/uploads\/2022\/10\/logoRedDark.png","width":200,"height":197,"caption":"Narodowy Instytut Dziedzictwa"},"image":{"@id":"https:\/\/nid.pl\/#\/schema\/logo\/image\/"},"sameAs":["https:\/\/www.facebook.com\/zabytek","https:\/\/x.com\/NarIDpl","https:\/\/www.instagram.com\/nid.pl\/?hl=pl","https:\/\/www.linkedin.com\/company\/narodowy-instytut-dziedzictwa","https:\/\/www.youtube.com\/channel\/UCQXuhKa2uHtmNvLRUSx40JA"]},{"@type":"Person","@id":"https:\/\/nid.pl\/#\/schema\/person\/9d848c4a54b78bc2a1461f1c5d8de615","name":"Marta Or\u0119ziak","image":{"@type":"ImageObject","inLanguage":"en-GB","@id":"https:\/\/nid.pl\/#\/schema\/person\/image\/","url":"https:\/\/nid.pl\/wp-content\/litespeed\/avatar\/3cdc296a7eb01425272974c992bee3ea.jpg?ver=1777445267","contentUrl":"https:\/\/nid.pl\/wp-content\/litespeed\/avatar\/3cdc296a7eb01425272974c992bee3ea.jpg?ver=1777445267","caption":"Marta Or\u0119ziak"},"url":"https:\/\/nid.pl\/en\/author\/moreziak\/"}]}},"_links":{"self":[{"href":"https:\/\/nid.pl\/en\/wp-json\/wp\/v2\/posts\/34403","targetHints":{"allow":["GET"]}}],"collection":[{"href":"https:\/\/nid.pl\/en\/wp-json\/wp\/v2\/posts"}],"about":[{"href":"https:\/\/nid.pl\/en\/wp-json\/wp\/v2\/types\/post"}],"author":[{"embeddable":true,"href":"https:\/\/nid.pl\/en\/wp-json\/wp\/v2\/users\/4"}],"replies":[{"embeddable":true,"href":"https:\/\/nid.pl\/en\/wp-json\/wp\/v2\/comments?post=34403"}],"version-history":[{"count":13,"href":"https:\/\/nid.pl\/en\/wp-json\/wp\/v2\/posts\/34403\/revisions"}],"predecessor-version":[{"id":34425,"href":"https:\/\/nid.pl\/en\/wp-json\/wp\/v2\/posts\/34403\/revisions\/34425"}],"wp:featuredmedia":[{"embeddable":true,"href":"https:\/\/nid.pl\/en\/wp-json\/wp\/v2\/media\/34398"}],"wp:attachment":[{"href":"https:\/\/nid.pl\/en\/wp-json\/wp\/v2\/media?parent=34403"}],"wp:term":[{"taxonomy":"category","embeddable":true,"href":"https:\/\/nid.pl\/en\/wp-json\/wp\/v2\/categories?post=34403"},{"taxonomy":"post_tag","embeddable":true,"href":"https:\/\/nid.pl\/en\/wp-json\/wp\/v2\/tags?post=34403"}],"curies":[{"name":"wp","href":"https:\/\/api.w.org\/{rel}","templated":true}]}}