{"id":34369,"date":"2026-04-22T13:16:25","date_gmt":"2026-04-22T11:16:25","guid":{"rendered":"https:\/\/nid.pl\/?p=34369"},"modified":"2026-04-22T14:07:34","modified_gmt":"2026-04-22T12:07:34","slug":"certyfikaty-unesco-dla-polskich-plecionkarzy-wreczone","status":"publish","type":"post","link":"https:\/\/nid.pl\/en\/2026\/04\/22\/certyfikaty-unesco-dla-polskich-plecionkarzy-wreczone\/","title":{"rendered":"Certyfikaty UNESCO dla polskich plecionkarzy wr\u0119czone"},"content":{"rendered":"<p><strong>W siedzibie Departamentu Ochrony Zabytk\u00f3w MKiDN odby\u0142a si\u0119 uroczysto\u015b\u0107 wr\u0119czenia certyfikatu UNESCO dla Tradycji Plecionkarskich, wpisanych na List\u0119 reprezentatywn\u0105 niematerialnego dziedzictwa kulturowego ludzko\u015bci. Certyfikaty wr\u0119czy\u0142a Sekretarz Stanu MKiDN, Generalny Konserwator Zabytk\u00f3w Bo\u017cena \u017belazowska. W wydarzeniu uczestniczyli przedstawiciele \u015brodowisk zaanga\u017cowanych w przygotowanie wniosku oraz depozytariusze tej tradycji z r\u00f3\u017cnych region\u00f3w kraju.<\/strong><\/p>\n\n\n\n<p>Sekretarz Stanu MKiDN, Generalny Konserwator Zabytk\u00f3w Bo\u017cena \u017belazowska podzi\u0119kowa\u0142a depozytariuszom, mistrzom tradycji oraz samorz\u0105dom za ich wsp\u00f3ln\u0105 prac\u0119 i dzia\u0142ania na rzecz ochrony i promocji tradycji plecionkarstwa, zar\u00f3wno w kraju, jak i za granic\u0105.<\/p>\n\n\n\n<blockquote class=\"wp-block-quote is-layout-flow wp-block-quote-is-layout-flow\">\n<p><em>Tego unikalnego r\u0119kodzie\u0142a i jego \u017cywej tradycji nie by\u0142oby bez ludzi, kt\u00f3rzy z pokolenia na pokolenie przekazuj\u0105 swoj\u0105 wiedz\u0119 i umiej\u0119tno\u015bci. Dzi\u015b s\u0105 z nami przedstawiciele grup depozytariuszy z ca\u0142ej Polski \u2013 reprezentuj\u0105 r\u00f3\u017cne regiony, lecz \u0142\u0105czy ich wsp\u00f3lna pasja, wiedza i kunszt. Wniosek na List\u0119 Reprezentatywn\u0105 powsta\u0142 jednak dzi\u0119ki wsp\u00f3\u0142pracy wielu \u015brodowisk: organizacji pozarz\u0105dowych, w\u0142adz samorz\u0105dowych, regionalnych instytucji kultury, szk\u00f3\u0142 oraz lokalnych spo\u0142eczno\u015bci, kt\u00f3re od pocz\u0105tku by\u0142y zaanga\u017cowane w jego przygotowanie<\/em> \u2013 doda\u0142a.<\/p>\n<\/blockquote>\n\n\n\n<p>W uroczysto\u015bci, kt\u00f3ra odby\u0142a si\u0119 w siedzibie Ministerstwa Kultury i Dziedzictwa Narodowego, uczestniczyli depozytariusze z Rudnika nad Sanem (woj. podkarpackie); Nowego Tomy\u015bla (woj. wielkopolskie); Lublina, regionu radomskiego oraz Powi\u015bla mazowieckiego i radomskiego (woj. mazowieckie i lubelskie); Ostro\u0142\u0119ki, Kurpi Puszcza Zielona i firmy \u201eSiostry Plot\u0105\u201d z Warszawy (woj. mazowieckie); Liceum Sztuk Plastycznych w Na\u0142\u0119czowie (woj. lubelskie); \u015al\u0105ska Cieszy\u0144skiego i Stowarzyszenia Serfenta oraz Cisku na \u015al\u0105sku Opolskim (woj. \u015bl\u0105skie); Centrum Kultury Gminy Ci\u0119\u017ckowice (woj. ma\u0142opolskie); Zrzeszenia Kaszubsko-Pomorskiego w Gda\u0144sku (woj. pomorskie) oraz Stowarzyszenia Plecionkarzy Polskich.<\/p>\n\n\n\n<div style=\"height:30px\" aria-hidden=\"true\" class=\"wp-block-spacer\"><\/div>\n\n\n\n<div class=\"wp-block-columns are-vertically-aligned-center is-layout-flex wp-container-core-columns-is-layout-9d6595d7 wp-block-columns-is-layout-flex\">\n<div class=\"wp-block-column is-vertically-aligned-center is-layout-flow wp-block-column-is-layout-flow\">\n<figure data-wp-context=\"{&quot;imageId&quot;:&quot;69f5e8690c7d5&quot;}\" data-wp-interactive=\"core\/image\" data-wp-key=\"69f5e8690c7d5\" class=\"wp-block-image aligncenter size-large is-style-default wp-lightbox-container\"><img loading=\"lazy\" decoding=\"async\" width=\"1024\" height=\"683\" data-wp-class--hide=\"state.isContentHidden\" data-wp-class--show=\"state.isContentVisible\" data-wp-init=\"callbacks.setButtonStyles\" data-wp-on--click=\"actions.showLightbox\" data-wp-on--load=\"callbacks.setButtonStyles\" data-wp-on-window--resize=\"callbacks.setButtonStyles\" src=\"https:\/\/nid.pl\/wp-content\/uploads\/2026\/04\/uroczystosc-wreczenia-certyfikatow-unesco-dla-tradycji-plecionkarskich_04-1024x683.jpg\" alt=\"\" class=\"wp-image-34373\" style=\"box-shadow:var(--wp--preset--shadow--natural)\" srcset=\"https:\/\/nid.pl\/wp-content\/uploads\/2026\/04\/uroczystosc-wreczenia-certyfikatow-unesco-dla-tradycji-plecionkarskich_04-1024x683.jpg 1024w, https:\/\/nid.pl\/wp-content\/uploads\/2026\/04\/uroczystosc-wreczenia-certyfikatow-unesco-dla-tradycji-plecionkarskich_04-980x653.jpg 980w, https:\/\/nid.pl\/wp-content\/uploads\/2026\/04\/uroczystosc-wreczenia-certyfikatow-unesco-dla-tradycji-plecionkarskich_04-480x320.jpg 480w\" sizes=\"(min-width: 0px) and (max-width: 480px) 480px, (min-width: 481px) and (max-width: 980px) 980px, (min-width: 981px) 1024px, 100vw\" \/><button\n\t\t\tclass=\"lightbox-trigger\"\n\t\t\ttype=\"button\"\n\t\t\taria-haspopup=\"dialog\"\n\t\t\taria-label=\"Enlarge\"\n\t\t\tdata-wp-init=\"callbacks.initTriggerButton\"\n\t\t\tdata-wp-on--click=\"actions.showLightbox\"\n\t\t\tdata-wp-style--right=\"state.imageButtonRight\"\n\t\t\tdata-wp-style--top=\"state.imageButtonTop\"\n\t\t>\n\t\t\t<svg xmlns=\"http:\/\/www.w3.org\/2000\/svg\" width=\"12\" height=\"12\" fill=\"none\" viewbox=\"0 0 12 12\">\n\t\t\t\t<path fill=\"#fff\" d=\"M2 0a2 2 0 0 0-2 2v2h1.5V2a.5.5 0 0 1 .5-.5h2V0H2Zm2 10.5H2a.5.5 0 0 1-.5-.5V8H0v2a2 2 0 0 0 2 2h2v-1.5ZM8 12v-1.5h2a.5.5 0 0 0 .5-.5V8H12v2a2 2 0 0 1-2 2H8Zm2-12a2 2 0 0 1 2 2v2h-1.5V2a.5.5 0 0 0-.5-.5H8V0h2Z\" \/>\n\t\t\t<\/svg>\n\t\t<\/button><figcaption class=\"wp-element-caption\">fot. Patrycja Adamczyk\/NID<\/figcaption><\/figure>\n<\/div>\n\n\n\n<div class=\"wp-block-column is-vertically-aligned-center is-layout-flow wp-block-column-is-layout-flow\">\n<figure data-wp-context=\"{&quot;imageId&quot;:&quot;69f5e8690cbef&quot;}\" data-wp-interactive=\"core\/image\" data-wp-key=\"69f5e8690cbef\" class=\"wp-block-image aligncenter size-large wp-lightbox-container\"><img loading=\"lazy\" decoding=\"async\" width=\"1024\" height=\"683\" data-wp-class--hide=\"state.isContentHidden\" data-wp-class--show=\"state.isContentVisible\" data-wp-init=\"callbacks.setButtonStyles\" data-wp-on--click=\"actions.showLightbox\" data-wp-on--load=\"callbacks.setButtonStyles\" data-wp-on-window--resize=\"callbacks.setButtonStyles\" src=\"https:\/\/nid.pl\/wp-content\/uploads\/2026\/04\/uroczystosc-wreczenia-certyfikatow-unesco-dla-tradycji-plecionkarskich_02-1024x683.jpg\" alt=\"\" class=\"wp-image-34371\" style=\"box-shadow:var(--wp--preset--shadow--natural)\" srcset=\"https:\/\/nid.pl\/wp-content\/uploads\/2026\/04\/uroczystosc-wreczenia-certyfikatow-unesco-dla-tradycji-plecionkarskich_02-1024x683.jpg 1024w, https:\/\/nid.pl\/wp-content\/uploads\/2026\/04\/uroczystosc-wreczenia-certyfikatow-unesco-dla-tradycji-plecionkarskich_02-980x653.jpg 980w, https:\/\/nid.pl\/wp-content\/uploads\/2026\/04\/uroczystosc-wreczenia-certyfikatow-unesco-dla-tradycji-plecionkarskich_02-480x320.jpg 480w\" sizes=\"(min-width: 0px) and (max-width: 480px) 480px, (min-width: 481px) and (max-width: 980px) 980px, (min-width: 981px) 1024px, 100vw\" \/><button\n\t\t\tclass=\"lightbox-trigger\"\n\t\t\ttype=\"button\"\n\t\t\taria-haspopup=\"dialog\"\n\t\t\taria-label=\"Enlarge\"\n\t\t\tdata-wp-init=\"callbacks.initTriggerButton\"\n\t\t\tdata-wp-on--click=\"actions.showLightbox\"\n\t\t\tdata-wp-style--right=\"state.imageButtonRight\"\n\t\t\tdata-wp-style--top=\"state.imageButtonTop\"\n\t\t>\n\t\t\t<svg xmlns=\"http:\/\/www.w3.org\/2000\/svg\" width=\"12\" height=\"12\" fill=\"none\" viewbox=\"0 0 12 12\">\n\t\t\t\t<path fill=\"#fff\" d=\"M2 0a2 2 0 0 0-2 2v2h1.5V2a.5.5 0 0 1 .5-.5h2V0H2Zm2 10.5H2a.5.5 0 0 1-.5-.5V8H0v2a2 2 0 0 0 2 2h2v-1.5ZM8 12v-1.5h2a.5.5 0 0 0 .5-.5V8H12v2a2 2 0 0 1-2 2H8Zm2-12a2 2 0 0 1 2 2v2h-1.5V2a.5.5 0 0 0-.5-.5H8V0h2Z\" \/>\n\t\t\t<\/svg>\n\t\t<\/button><figcaption class=\"wp-element-caption\">fot. Patrycja Adamczyk\/NID<\/figcaption><\/figure>\n<\/div>\n\n\n\n<div class=\"wp-block-column is-vertically-aligned-center is-layout-flow wp-block-column-is-layout-flow\">\n<figure data-wp-context=\"{&quot;imageId&quot;:&quot;69f5e8690cf5c&quot;}\" data-wp-interactive=\"core\/image\" data-wp-key=\"69f5e8690cf5c\" class=\"wp-block-image aligncenter size-large wp-lightbox-container\"><img loading=\"lazy\" decoding=\"async\" width=\"1024\" height=\"683\" data-wp-class--hide=\"state.isContentHidden\" data-wp-class--show=\"state.isContentVisible\" data-wp-init=\"callbacks.setButtonStyles\" data-wp-on--click=\"actions.showLightbox\" data-wp-on--load=\"callbacks.setButtonStyles\" data-wp-on-window--resize=\"callbacks.setButtonStyles\" src=\"https:\/\/nid.pl\/wp-content\/uploads\/2026\/04\/uroczystosc-wreczenia-certyfikatow-unesco-dla-tradycji-plecionkarskich_03-1024x683.jpg\" alt=\"\" class=\"wp-image-34372\" style=\"box-shadow:var(--wp--preset--shadow--natural)\" srcset=\"https:\/\/nid.pl\/wp-content\/uploads\/2026\/04\/uroczystosc-wreczenia-certyfikatow-unesco-dla-tradycji-plecionkarskich_03-1024x683.jpg 1024w, https:\/\/nid.pl\/wp-content\/uploads\/2026\/04\/uroczystosc-wreczenia-certyfikatow-unesco-dla-tradycji-plecionkarskich_03-980x653.jpg 980w, https:\/\/nid.pl\/wp-content\/uploads\/2026\/04\/uroczystosc-wreczenia-certyfikatow-unesco-dla-tradycji-plecionkarskich_03-480x320.jpg 480w\" sizes=\"(min-width: 0px) and (max-width: 480px) 480px, (min-width: 481px) and (max-width: 980px) 980px, (min-width: 981px) 1024px, 100vw\" \/><button\n\t\t\tclass=\"lightbox-trigger\"\n\t\t\ttype=\"button\"\n\t\t\taria-haspopup=\"dialog\"\n\t\t\taria-label=\"Enlarge\"\n\t\t\tdata-wp-init=\"callbacks.initTriggerButton\"\n\t\t\tdata-wp-on--click=\"actions.showLightbox\"\n\t\t\tdata-wp-style--right=\"state.imageButtonRight\"\n\t\t\tdata-wp-style--top=\"state.imageButtonTop\"\n\t\t>\n\t\t\t<svg xmlns=\"http:\/\/www.w3.org\/2000\/svg\" width=\"12\" height=\"12\" fill=\"none\" viewbox=\"0 0 12 12\">\n\t\t\t\t<path fill=\"#fff\" d=\"M2 0a2 2 0 0 0-2 2v2h1.5V2a.5.5 0 0 1 .5-.5h2V0H2Zm2 10.5H2a.5.5 0 0 1-.5-.5V8H0v2a2 2 0 0 0 2 2h2v-1.5ZM8 12v-1.5h2a.5.5 0 0 0 .5-.5V8H12v2a2 2 0 0 1-2 2H8Zm2-12a2 2 0 0 1 2 2v2h-1.5V2a.5.5 0 0 0-.5-.5H8V0h2Z\" \/>\n\t\t\t<\/svg>\n\t\t<\/button><figcaption class=\"wp-element-caption\">fot. Patrycja Adamczyk\/NID<\/figcaption><\/figure>\n<\/div>\n<\/div>\n\n\n\n<div style=\"height:30px\" aria-hidden=\"true\" class=\"wp-block-spacer\"><\/div>\n\n\n\n<div class=\"wp-block-columns is-layout-flex wp-container-core-columns-is-layout-9d6595d7 wp-block-columns-is-layout-flex\">\n<div class=\"wp-block-column is-layout-flow wp-block-column-is-layout-flow\" style=\"flex-basis:66.66%\">\n<h2 class=\"wp-block-heading\" style=\"font-size:16px\"><strong>Tradycje plecionkarskie z Polski<\/strong><\/h2>\n\n\n\n<p>Tradycje plecionkarskie, decyzj\u0105 z dnia 10 grudnia 2025 roku, podczas 20. Sesji Mi\u0119dzynarodowego Komitetu ds. Ochrony Niematerialnego Dziedzictwa Kulturowego UNESCO w New Dehli zosta\u0142y wpisane na List\u0119 reprezentatywn\u0105 niematerialnego dziedzictwa ludzko\u015bci.<\/p>\n\n\n\n<p>Plecionkarstwo to wiedza i umiej\u0119tno\u015bci dotycz\u0105ce obr\u00f3bki naturalnego surowca jakim jest wiklina, korze\u0144 czy s\u0142oma oraz r\u0119cznego wyplatania z niego przedmiot\u00f3w u\u017cytkowych i ozd\u00f3b. R\u0119ce konkretyzuj\u0105 dzie\u0142o, kt\u00f3re najpierw powstaj\u0105 w wyobra\u017ani plecionkarza na podstawie wiedzy, do\u015bwiadczenia. Tradycja wyr\u00f3\u017cnia si\u0119 r\u00f3\u017cnorodno\u015bci\u0105 form i styl\u00f3w wypracowanych przez kolejne pokolenia mistrz\u00f3w w wielu regionach Polski.<\/p>\n\n\n\n<p>Plecionkarstwo w Polsce to dziedzictwo o niezwyk\u0142ej ci\u0105g\u0142o\u015bci. Si\u0119ga g\u0142\u0119boko w nasz\u0105 histori\u0119 \u2013 ukszta\u0142towan\u0105 przez rytm natury, \u017cycie na wsi, rzemios\u0142o i ludzk\u0105 kreatywno\u015b\u0107. Od pokole\u0144 plecionkarze przekszta\u0142caj\u0105 proste materia\u0142y naturalne w przedmioty u\u017cytkowe i ozdobne: kosze, pojemniki, naczynia i narz\u0119dzia niezb\u0119dne w \u017cyciu spo\u0142eczno\u015bci.<\/p>\n<\/div>\n\n\n\n<div class=\"wp-block-column is-layout-flow wp-block-column-is-layout-flow\" style=\"flex-basis:33.33%\">\n<figure data-wp-context=\"{&quot;imageId&quot;:&quot;69f5e8690d458&quot;}\" data-wp-interactive=\"core\/image\" data-wp-key=\"69f5e8690d458\" class=\"wp-block-image alignright size-large is-resized wp-lightbox-container\"><img loading=\"lazy\" decoding=\"async\" width=\"683\" height=\"1024\" data-wp-class--hide=\"state.isContentHidden\" data-wp-class--show=\"state.isContentVisible\" data-wp-init=\"callbacks.setButtonStyles\" data-wp-on--click=\"actions.showLightbox\" data-wp-on--load=\"callbacks.setButtonStyles\" data-wp-on-window--resize=\"callbacks.setButtonStyles\" src=\"https:\/\/nid.pl\/wp-content\/uploads\/2026\/04\/uroczystosc-wreczenia-certyfikatow-unesco-dla-tradycji-plecionkarskich_05-683x1024.jpg\" alt=\"\" class=\"wp-image-34374\" style=\"box-shadow:var(--wp--preset--shadow--natural);aspect-ratio:0.6670075117001613;width:255px;height:auto\" srcset=\"https:\/\/nid.pl\/wp-content\/uploads\/2026\/04\/uroczystosc-wreczenia-certyfikatow-unesco-dla-tradycji-plecionkarskich_05-683x1024.jpg 683w, https:\/\/nid.pl\/wp-content\/uploads\/2026\/04\/uroczystosc-wreczenia-certyfikatow-unesco-dla-tradycji-plecionkarskich_05-480x720.jpg 480w\" sizes=\"(min-width: 0px) and (max-width: 480px) 480px, (min-width: 481px) 683px, 100vw\" \/><button\n\t\t\tclass=\"lightbox-trigger\"\n\t\t\ttype=\"button\"\n\t\t\taria-haspopup=\"dialog\"\n\t\t\taria-label=\"Enlarge\"\n\t\t\tdata-wp-init=\"callbacks.initTriggerButton\"\n\t\t\tdata-wp-on--click=\"actions.showLightbox\"\n\t\t\tdata-wp-style--right=\"state.imageButtonRight\"\n\t\t\tdata-wp-style--top=\"state.imageButtonTop\"\n\t\t>\n\t\t\t<svg xmlns=\"http:\/\/www.w3.org\/2000\/svg\" width=\"12\" height=\"12\" fill=\"none\" viewbox=\"0 0 12 12\">\n\t\t\t\t<path fill=\"#fff\" d=\"M2 0a2 2 0 0 0-2 2v2h1.5V2a.5.5 0 0 1 .5-.5h2V0H2Zm2 10.5H2a.5.5 0 0 1-.5-.5V8H0v2a2 2 0 0 0 2 2h2v-1.5ZM8 12v-1.5h2a.5.5 0 0 0 .5-.5V8H12v2a2 2 0 0 1-2 2H8Zm2-12a2 2 0 0 1 2 2v2h-1.5V2a.5.5 0 0 0-.5-.5H8V0h2Z\" \/>\n\t\t\t<\/svg>\n\t\t<\/button><figcaption class=\"wp-element-caption\">fot. Patrycja Adamczyk\/NID<\/figcaption><\/figure>\n<\/div>\n<\/div>\n\n\n\n<div style=\"height:30px\" aria-hidden=\"true\" class=\"wp-block-spacer\"><\/div>","protected":false},"excerpt":{"rendered":"<p>W siedzibie Departamentu Ochrony Zabytk\u00f3w MKiDN odby\u0142a si\u0119 uroczysto\u015b\u0107 wr\u0119czenia certyfikatu UNESCO dla Tradycji Plecionkarskich, wpisanych na List\u0119 reprezentatywn\u0105 niematerialnego dziedzictwa kulturowego ludzko\u015bci. Certyfikaty wr\u0119czy\u0142a Sekretarz Stanu MKiDN, Generalny Konserwator [&hellip;]<\/p>","protected":false},"author":4,"featured_media":34370,"comment_status":"closed","ping_status":"closed","sticky":false,"template":"","format":"standard","meta":{"_et_pb_use_builder":"off","_et_pb_old_content":"","_et_gb_content_width":"","_monsterinsights_skip_tracking":false,"_monsterinsights_sitenote_active":false,"_monsterinsights_sitenote_note":"","_monsterinsights_sitenote_category":0,"footnotes":""},"categories":[3],"tags":[],"class_list":["post-34369","post","type-post","status-publish","format-standard","has-post-thumbnail","hentry","category-aktualnosci"],"yoast_head":"<!-- This site is optimized with the Yoast SEO plugin v26.5 - https:\/\/yoast.com\/wordpress\/plugins\/seo\/ -->\n<title>Certyfikaty UNESCO dla polskich plecionkarzy wr\u0119czone - NID<\/title>\n<meta name=\"robots\" content=\"index, follow, max-snippet:-1, max-image-preview:large, max-video-preview:-1\" \/>\n<link rel=\"canonical\" href=\"https:\/\/nid.pl\/en\/2026\/04\/22\/certyfikaty-unesco-dla-polskich-plecionkarzy-wreczone\/\" \/>\n<meta property=\"og:locale\" content=\"en_GB\" \/>\n<meta property=\"og:type\" content=\"article\" \/>\n<meta property=\"og:title\" content=\"Certyfikaty UNESCO dla polskich plecionkarzy wr\u0119czone - NID\" \/>\n<meta property=\"og:description\" content=\"W siedzibie Departamentu Ochrony Zabytk\u00f3w MKiDN odby\u0142a si\u0119 uroczysto\u015b\u0107 wr\u0119czenia certyfikatu UNESCO dla Tradycji Plecionkarskich, wpisanych na List\u0119 reprezentatywn\u0105 niematerialnego dziedzictwa kulturowego ludzko\u015bci. Certyfikaty wr\u0119czy\u0142a Sekretarz Stanu MKiDN, Generalny Konserwator [&hellip;]\" \/>\n<meta property=\"og:url\" content=\"https:\/\/nid.pl\/en\/2026\/04\/22\/certyfikaty-unesco-dla-polskich-plecionkarzy-wreczone\/\" \/>\n<meta property=\"og:site_name\" content=\"NID\" \/>\n<meta property=\"article:publisher\" content=\"https:\/\/www.facebook.com\/zabytek\" \/>\n<meta property=\"article:published_time\" content=\"2026-04-22T11:16:25+00:00\" \/>\n<meta property=\"article:modified_time\" content=\"2026-04-22T12:07:34+00:00\" \/>\n<meta property=\"og:image\" content=\"https:\/\/nid.pl\/wp-content\/uploads\/2026\/04\/uroczystosc-wreczenia-certyfikatow-unesco-dla-tradycji-plecionkarskich_01x.jpg\" \/>\n\t<meta property=\"og:image:width\" content=\"1200\" \/>\n\t<meta property=\"og:image:height\" content=\"800\" \/>\n\t<meta property=\"og:image:type\" content=\"image\/jpeg\" \/>\n<meta name=\"author\" content=\"Marta Or\u0119ziak\" \/>\n<meta name=\"twitter:card\" content=\"summary_large_image\" \/>\n<meta name=\"twitter:creator\" content=\"@NarIDpl\" \/>\n<meta name=\"twitter:site\" content=\"@NarIDpl\" \/>\n<meta name=\"twitter:label1\" content=\"Written by\" \/>\n\t<meta name=\"twitter:data1\" content=\"Marta Or\u0119ziak\" \/>\n\t<meta name=\"twitter:label2\" content=\"Estimated reading time\" \/>\n\t<meta name=\"twitter:data2\" content=\"3 minutes\" \/>\n<script type=\"application\/ld+json\" class=\"yoast-schema-graph\">{\"@context\":\"https:\/\/schema.org\",\"@graph\":[{\"@type\":\"Article\",\"@id\":\"https:\/\/nid.pl\/2026\/04\/22\/certyfikaty-unesco-dla-polskich-plecionkarzy-wreczone\/#article\",\"isPartOf\":{\"@id\":\"https:\/\/nid.pl\/2026\/04\/22\/certyfikaty-unesco-dla-polskich-plecionkarzy-wreczone\/\"},\"author\":{\"name\":\"Marta Or\u0119ziak\",\"@id\":\"https:\/\/nid.pl\/#\/schema\/person\/9d848c4a54b78bc2a1461f1c5d8de615\"},\"headline\":\"Certyfikaty UNESCO dla polskich plecionkarzy wr\u0119czone\",\"datePublished\":\"2026-04-22T11:16:25+00:00\",\"dateModified\":\"2026-04-22T12:07:34+00:00\",\"mainEntityOfPage\":{\"@id\":\"https:\/\/nid.pl\/2026\/04\/22\/certyfikaty-unesco-dla-polskich-plecionkarzy-wreczone\/\"},\"wordCount\":483,\"publisher\":{\"@id\":\"https:\/\/nid.pl\/#organization\"},\"image\":{\"@id\":\"https:\/\/nid.pl\/2026\/04\/22\/certyfikaty-unesco-dla-polskich-plecionkarzy-wreczone\/#primaryimage\"},\"thumbnailUrl\":\"https:\/\/nid.pl\/wp-content\/uploads\/2026\/04\/uroczystosc-wreczenia-certyfikatow-unesco-dla-tradycji-plecionkarskich_01x.jpg\",\"articleSection\":[\"Aktualno\u015bci\"],\"inLanguage\":\"en-GB\"},{\"@type\":\"WebPage\",\"@id\":\"https:\/\/nid.pl\/2026\/04\/22\/certyfikaty-unesco-dla-polskich-plecionkarzy-wreczone\/\",\"url\":\"https:\/\/nid.pl\/2026\/04\/22\/certyfikaty-unesco-dla-polskich-plecionkarzy-wreczone\/\",\"name\":\"Certyfikaty UNESCO dla polskich plecionkarzy wr\u0119czone - NID\",\"isPartOf\":{\"@id\":\"https:\/\/nid.pl\/#website\"},\"primaryImageOfPage\":{\"@id\":\"https:\/\/nid.pl\/2026\/04\/22\/certyfikaty-unesco-dla-polskich-plecionkarzy-wreczone\/#primaryimage\"},\"image\":{\"@id\":\"https:\/\/nid.pl\/2026\/04\/22\/certyfikaty-unesco-dla-polskich-plecionkarzy-wreczone\/#primaryimage\"},\"thumbnailUrl\":\"https:\/\/nid.pl\/wp-content\/uploads\/2026\/04\/uroczystosc-wreczenia-certyfikatow-unesco-dla-tradycji-plecionkarskich_01x.jpg\",\"datePublished\":\"2026-04-22T11:16:25+00:00\",\"dateModified\":\"2026-04-22T12:07:34+00:00\",\"breadcrumb\":{\"@id\":\"https:\/\/nid.pl\/2026\/04\/22\/certyfikaty-unesco-dla-polskich-plecionkarzy-wreczone\/#breadcrumb\"},\"inLanguage\":\"en-GB\",\"potentialAction\":[{\"@type\":\"ReadAction\",\"target\":[\"https:\/\/nid.pl\/2026\/04\/22\/certyfikaty-unesco-dla-polskich-plecionkarzy-wreczone\/\"]}]},{\"@type\":\"ImageObject\",\"inLanguage\":\"en-GB\",\"@id\":\"https:\/\/nid.pl\/2026\/04\/22\/certyfikaty-unesco-dla-polskich-plecionkarzy-wreczone\/#primaryimage\",\"url\":\"https:\/\/nid.pl\/wp-content\/uploads\/2026\/04\/uroczystosc-wreczenia-certyfikatow-unesco-dla-tradycji-plecionkarskich_01x.jpg\",\"contentUrl\":\"https:\/\/nid.pl\/wp-content\/uploads\/2026\/04\/uroczystosc-wreczenia-certyfikatow-unesco-dla-tradycji-plecionkarskich_01x.jpg\",\"width\":1200,\"height\":800,\"caption\":\"Uroczysto\u015b\u0107 wr\u0119czenia certyfikatu UNESCO dla Tradycji Plecionkarskich, fot. Danuta Matloch\/MKiDN\"},{\"@type\":\"BreadcrumbList\",\"@id\":\"https:\/\/nid.pl\/2026\/04\/22\/certyfikaty-unesco-dla-polskich-plecionkarzy-wreczone\/#breadcrumb\",\"itemListElement\":[{\"@type\":\"ListItem\",\"position\":1,\"name\":\"Home\",\"item\":\"https:\/\/nid.pl\/\"},{\"@type\":\"ListItem\",\"position\":2,\"name\":\"Certyfikaty UNESCO dla polskich plecionkarzy wr\u0119czone\"}]},{\"@type\":\"WebSite\",\"@id\":\"https:\/\/nid.pl\/#website\",\"url\":\"https:\/\/nid.pl\/\",\"name\":\"NID\",\"description\":\"Narodowy Instytut Dziedzictwa\",\"publisher\":{\"@id\":\"https:\/\/nid.pl\/#organization\"},\"potentialAction\":[{\"@type\":\"SearchAction\",\"target\":{\"@type\":\"EntryPoint\",\"urlTemplate\":\"https:\/\/nid.pl\/?s={search_term_string}\"},\"query-input\":{\"@type\":\"PropertyValueSpecification\",\"valueRequired\":true,\"valueName\":\"search_term_string\"}}],\"inLanguage\":\"en-GB\"},{\"@type\":\"Organization\",\"@id\":\"https:\/\/nid.pl\/#organization\",\"name\":\"Narodowy Instytut Dziedzictwa\",\"url\":\"https:\/\/nid.pl\/\",\"logo\":{\"@type\":\"ImageObject\",\"inLanguage\":\"en-GB\",\"@id\":\"https:\/\/nid.pl\/#\/schema\/logo\/image\/\",\"url\":\"https:\/\/nid.pl\/wp-content\/uploads\/2022\/10\/logoRedDark.png\",\"contentUrl\":\"https:\/\/nid.pl\/wp-content\/uploads\/2022\/10\/logoRedDark.png\",\"width\":200,\"height\":197,\"caption\":\"Narodowy Instytut Dziedzictwa\"},\"image\":{\"@id\":\"https:\/\/nid.pl\/#\/schema\/logo\/image\/\"},\"sameAs\":[\"https:\/\/www.facebook.com\/zabytek\",\"https:\/\/x.com\/NarIDpl\",\"https:\/\/www.instagram.com\/nid.pl\/?hl=pl\",\"https:\/\/www.linkedin.com\/company\/narodowy-instytut-dziedzictwa\",\"https:\/\/www.youtube.com\/channel\/UCQXuhKa2uHtmNvLRUSx40JA\"]},{\"@type\":\"Person\",\"@id\":\"https:\/\/nid.pl\/#\/schema\/person\/9d848c4a54b78bc2a1461f1c5d8de615\",\"name\":\"Marta Or\u0119ziak\",\"image\":{\"@type\":\"ImageObject\",\"inLanguage\":\"en-GB\",\"@id\":\"https:\/\/nid.pl\/#\/schema\/person\/image\/\",\"url\":\"https:\/\/nid.pl\/wp-content\/litespeed\/avatar\/3cdc296a7eb01425272974c992bee3ea.jpg?ver=1777445267\",\"contentUrl\":\"https:\/\/nid.pl\/wp-content\/litespeed\/avatar\/3cdc296a7eb01425272974c992bee3ea.jpg?ver=1777445267\",\"caption\":\"Marta Or\u0119ziak\"},\"url\":\"https:\/\/nid.pl\/en\/author\/moreziak\/\"}]}<\/script>\n<!-- \/ Yoast SEO plugin. -->","yoast_head_json":{"title":"Certyfikaty UNESCO dla polskich plecionkarzy wr\u0119czone - NID","robots":{"index":"index","follow":"follow","max-snippet":"max-snippet:-1","max-image-preview":"max-image-preview:large","max-video-preview":"max-video-preview:-1"},"canonical":"https:\/\/nid.pl\/en\/2026\/04\/22\/certyfikaty-unesco-dla-polskich-plecionkarzy-wreczone\/","og_locale":"en_GB","og_type":"article","og_title":"Certyfikaty UNESCO dla polskich plecionkarzy wr\u0119czone - NID","og_description":"W siedzibie Departamentu Ochrony Zabytk\u00f3w MKiDN odby\u0142a si\u0119 uroczysto\u015b\u0107 wr\u0119czenia certyfikatu UNESCO dla Tradycji Plecionkarskich, wpisanych na List\u0119 reprezentatywn\u0105 niematerialnego dziedzictwa kulturowego ludzko\u015bci. Certyfikaty wr\u0119czy\u0142a Sekretarz Stanu MKiDN, Generalny Konserwator [&hellip;]","og_url":"https:\/\/nid.pl\/en\/2026\/04\/22\/certyfikaty-unesco-dla-polskich-plecionkarzy-wreczone\/","og_site_name":"NID","article_publisher":"https:\/\/www.facebook.com\/zabytek","article_published_time":"2026-04-22T11:16:25+00:00","article_modified_time":"2026-04-22T12:07:34+00:00","og_image":[{"width":1200,"height":800,"url":"https:\/\/nid.pl\/wp-content\/uploads\/2026\/04\/uroczystosc-wreczenia-certyfikatow-unesco-dla-tradycji-plecionkarskich_01x.jpg","type":"image\/jpeg"}],"author":"Marta Or\u0119ziak","twitter_card":"summary_large_image","twitter_creator":"@NarIDpl","twitter_site":"@NarIDpl","twitter_misc":{"Written by":"Marta Or\u0119ziak","Estimated reading time":"3 minutes"},"schema":{"@context":"https:\/\/schema.org","@graph":[{"@type":"Article","@id":"https:\/\/nid.pl\/2026\/04\/22\/certyfikaty-unesco-dla-polskich-plecionkarzy-wreczone\/#article","isPartOf":{"@id":"https:\/\/nid.pl\/2026\/04\/22\/certyfikaty-unesco-dla-polskich-plecionkarzy-wreczone\/"},"author":{"name":"Marta Or\u0119ziak","@id":"https:\/\/nid.pl\/#\/schema\/person\/9d848c4a54b78bc2a1461f1c5d8de615"},"headline":"Certyfikaty UNESCO dla polskich plecionkarzy wr\u0119czone","datePublished":"2026-04-22T11:16:25+00:00","dateModified":"2026-04-22T12:07:34+00:00","mainEntityOfPage":{"@id":"https:\/\/nid.pl\/2026\/04\/22\/certyfikaty-unesco-dla-polskich-plecionkarzy-wreczone\/"},"wordCount":483,"publisher":{"@id":"https:\/\/nid.pl\/#organization"},"image":{"@id":"https:\/\/nid.pl\/2026\/04\/22\/certyfikaty-unesco-dla-polskich-plecionkarzy-wreczone\/#primaryimage"},"thumbnailUrl":"https:\/\/nid.pl\/wp-content\/uploads\/2026\/04\/uroczystosc-wreczenia-certyfikatow-unesco-dla-tradycji-plecionkarskich_01x.jpg","articleSection":["Aktualno\u015bci"],"inLanguage":"en-GB"},{"@type":"WebPage","@id":"https:\/\/nid.pl\/2026\/04\/22\/certyfikaty-unesco-dla-polskich-plecionkarzy-wreczone\/","url":"https:\/\/nid.pl\/2026\/04\/22\/certyfikaty-unesco-dla-polskich-plecionkarzy-wreczone\/","name":"Certyfikaty UNESCO dla polskich plecionkarzy wr\u0119czone - NID","isPartOf":{"@id":"https:\/\/nid.pl\/#website"},"primaryImageOfPage":{"@id":"https:\/\/nid.pl\/2026\/04\/22\/certyfikaty-unesco-dla-polskich-plecionkarzy-wreczone\/#primaryimage"},"image":{"@id":"https:\/\/nid.pl\/2026\/04\/22\/certyfikaty-unesco-dla-polskich-plecionkarzy-wreczone\/#primaryimage"},"thumbnailUrl":"https:\/\/nid.pl\/wp-content\/uploads\/2026\/04\/uroczystosc-wreczenia-certyfikatow-unesco-dla-tradycji-plecionkarskich_01x.jpg","datePublished":"2026-04-22T11:16:25+00:00","dateModified":"2026-04-22T12:07:34+00:00","breadcrumb":{"@id":"https:\/\/nid.pl\/2026\/04\/22\/certyfikaty-unesco-dla-polskich-plecionkarzy-wreczone\/#breadcrumb"},"inLanguage":"en-GB","potentialAction":[{"@type":"ReadAction","target":["https:\/\/nid.pl\/2026\/04\/22\/certyfikaty-unesco-dla-polskich-plecionkarzy-wreczone\/"]}]},{"@type":"ImageObject","inLanguage":"en-GB","@id":"https:\/\/nid.pl\/2026\/04\/22\/certyfikaty-unesco-dla-polskich-plecionkarzy-wreczone\/#primaryimage","url":"https:\/\/nid.pl\/wp-content\/uploads\/2026\/04\/uroczystosc-wreczenia-certyfikatow-unesco-dla-tradycji-plecionkarskich_01x.jpg","contentUrl":"https:\/\/nid.pl\/wp-content\/uploads\/2026\/04\/uroczystosc-wreczenia-certyfikatow-unesco-dla-tradycji-plecionkarskich_01x.jpg","width":1200,"height":800,"caption":"Uroczysto\u015b\u0107 wr\u0119czenia certyfikatu UNESCO dla Tradycji Plecionkarskich, fot. Danuta Matloch\/MKiDN"},{"@type":"BreadcrumbList","@id":"https:\/\/nid.pl\/2026\/04\/22\/certyfikaty-unesco-dla-polskich-plecionkarzy-wreczone\/#breadcrumb","itemListElement":[{"@type":"ListItem","position":1,"name":"Home","item":"https:\/\/nid.pl\/"},{"@type":"ListItem","position":2,"name":"Certyfikaty UNESCO dla polskich plecionkarzy wr\u0119czone"}]},{"@type":"WebSite","@id":"https:\/\/nid.pl\/#website","url":"https:\/\/nid.pl\/","name":"NID","description":"Narodowy Instytut Dziedzictwa","publisher":{"@id":"https:\/\/nid.pl\/#organization"},"potentialAction":[{"@type":"SearchAction","target":{"@type":"EntryPoint","urlTemplate":"https:\/\/nid.pl\/?s={search_term_string}"},"query-input":{"@type":"PropertyValueSpecification","valueRequired":true,"valueName":"search_term_string"}}],"inLanguage":"en-GB"},{"@type":"Organization","@id":"https:\/\/nid.pl\/#organization","name":"Narodowy Instytut Dziedzictwa","url":"https:\/\/nid.pl\/","logo":{"@type":"ImageObject","inLanguage":"en-GB","@id":"https:\/\/nid.pl\/#\/schema\/logo\/image\/","url":"https:\/\/nid.pl\/wp-content\/uploads\/2022\/10\/logoRedDark.png","contentUrl":"https:\/\/nid.pl\/wp-content\/uploads\/2022\/10\/logoRedDark.png","width":200,"height":197,"caption":"Narodowy Instytut Dziedzictwa"},"image":{"@id":"https:\/\/nid.pl\/#\/schema\/logo\/image\/"},"sameAs":["https:\/\/www.facebook.com\/zabytek","https:\/\/x.com\/NarIDpl","https:\/\/www.instagram.com\/nid.pl\/?hl=pl","https:\/\/www.linkedin.com\/company\/narodowy-instytut-dziedzictwa","https:\/\/www.youtube.com\/channel\/UCQXuhKa2uHtmNvLRUSx40JA"]},{"@type":"Person","@id":"https:\/\/nid.pl\/#\/schema\/person\/9d848c4a54b78bc2a1461f1c5d8de615","name":"Marta Or\u0119ziak","image":{"@type":"ImageObject","inLanguage":"en-GB","@id":"https:\/\/nid.pl\/#\/schema\/person\/image\/","url":"https:\/\/nid.pl\/wp-content\/litespeed\/avatar\/3cdc296a7eb01425272974c992bee3ea.jpg?ver=1777445267","contentUrl":"https:\/\/nid.pl\/wp-content\/litespeed\/avatar\/3cdc296a7eb01425272974c992bee3ea.jpg?ver=1777445267","caption":"Marta Or\u0119ziak"},"url":"https:\/\/nid.pl\/en\/author\/moreziak\/"}]}},"_links":{"self":[{"href":"https:\/\/nid.pl\/en\/wp-json\/wp\/v2\/posts\/34369","targetHints":{"allow":["GET"]}}],"collection":[{"href":"https:\/\/nid.pl\/en\/wp-json\/wp\/v2\/posts"}],"about":[{"href":"https:\/\/nid.pl\/en\/wp-json\/wp\/v2\/types\/post"}],"author":[{"embeddable":true,"href":"https:\/\/nid.pl\/en\/wp-json\/wp\/v2\/users\/4"}],"replies":[{"embeddable":true,"href":"https:\/\/nid.pl\/en\/wp-json\/wp\/v2\/comments?post=34369"}],"version-history":[{"count":7,"href":"https:\/\/nid.pl\/en\/wp-json\/wp\/v2\/posts\/34369\/revisions"}],"predecessor-version":[{"id":34381,"href":"https:\/\/nid.pl\/en\/wp-json\/wp\/v2\/posts\/34369\/revisions\/34381"}],"wp:featuredmedia":[{"embeddable":true,"href":"https:\/\/nid.pl\/en\/wp-json\/wp\/v2\/media\/34370"}],"wp:attachment":[{"href":"https:\/\/nid.pl\/en\/wp-json\/wp\/v2\/media?parent=34369"}],"wp:term":[{"taxonomy":"category","embeddable":true,"href":"https:\/\/nid.pl\/en\/wp-json\/wp\/v2\/categories?post=34369"},{"taxonomy":"post_tag","embeddable":true,"href":"https:\/\/nid.pl\/en\/wp-json\/wp\/v2\/tags?post=34369"}],"curies":[{"name":"wp","href":"https:\/\/api.w.org\/{rel}","templated":true}]}}