{"id":34362,"date":"2026-04-22T12:24:20","date_gmt":"2026-04-22T10:24:20","guid":{"rendered":"https:\/\/nid.pl\/?p=34362"},"modified":"2026-04-22T12:56:46","modified_gmt":"2026-04-22T10:56:46","slug":"powolano-rade-ochrony-zabytkow","status":"publish","type":"post","link":"https:\/\/nid.pl\/en\/2026\/04\/22\/powolano-rade-ochrony-zabytkow\/","title":{"rendered":"Powo\u0142ano Rad\u0119 Ochrony Zabytk\u00f3w na kolejn\u0105 kadencj\u0119"},"content":{"rendered":"<p><strong>W siedzibie Departamentu Ochrony Zabytk\u00f3w MKiDN odby\u0142a si\u0119 uroczysto\u015b\u0107, podczas kt\u00f3rej wr\u0119czono akty powo\u0142ania cz\u0142onkom Rady Ochrony Zabytk\u00f3w na kadencj\u0119 2026-2031. Dokumenty przekaza\u0142a Sekretarz Stanu w Ministerstwie Kultury i Dziedzictwa Narodowego oraz Generalna Konserwator Zabytk\u00f3w Bo\u017cena \u017belazowska. W\u015br\u00f3d powo\u0142anych cz\u0142onk\u00f3w znale\u017ali si\u0119 tak\u017ce przedstawiciele Narodowego Instytutu Dziedzictwa.<\/strong><\/p>\n\n\n\n<p>Sekretarz Stanu w Ministerstwie Kultury i Dziedzictwa Narodowego Bo\u017cena \u017belazowska podkre\u015bli\u0142a, \u017ce jako Generalna Konserwator Zabytk\u00f3w przywi\u0105zuje szczeg\u00f3ln\u0105 wag\u0119 do dzia\u0142alno\u015bci Rady Ochrony Zabytk\u00f3w.<\/p>\n\n\n\n<blockquote class=\"wp-block-quote is-layout-flow wp-block-quote-is-layout-flow\">\n<p><em><strong>Z ogromnym uznaniem odnosz\u0119 si\u0119 do pracy jej cz\u0142onk\u00f3w, kt\u00f3ra wymaga nie tylko skrupulatno\u015bci i wnikliwo\u015bci, lecz tak\u017ce wszechstronnej analizy ka\u017cdego zagadnienia \u2013 zar\u00f3wno pod wzgl\u0119dem merytorycznym, jak i administracyjnym. To odpowiedzialno\u015b\u0107 o wyj\u0105tkowej randze, kt\u00f3r\u0105 cz\u0142onkowie Rady podejmuj\u0105 z pe\u0142nym zaanga\u017cowaniem. Istotnym elementem ich dzia\u0142alno\u015bci jest r\u00f3wnie\u017c wskazywanie obiekt\u00f3w z ca\u0142ego kraju do uznania za Pomnik Historii. Dzi\u0119ki ich pracy mo\u017cemy dzi\u015b m\u00f3wi\u0107 o 133 zabytkach uznanych za najcenniejsze w Polsce. Dla cz\u0119\u015bci z Pa\u0144stwa powo\u0142anie do Rady to kontynuacja pracy w tym zacnym gremium, dla innych \u2013 to zupe\u0142nie nowe wyzwanie, kt\u00f3re mam nadziej\u0119, b\u0119dzie sprawia\u0107 wiele rado\u015bci i satysfakcji. \u017bycz\u0119 wielu owocnych posiedze\u0144 oraz zadowolenia z rozm\u00f3w i podj\u0119tych dyskusji<\/strong><\/em> \u2013 doda\u0142a.<\/p>\n<\/blockquote>\n\n\n\n<h2 class=\"wp-block-heading has-background\" style=\"background:linear-gradient(135deg,rgba(243,243,243,0.95) 0%,rgb(255,255,255) 100%);font-size:16px\"><strong>Sk\u0142ad Rady Ochrony Zabytk\u00f3w<\/strong><\/h2>\n\n\n\n<div style=\"height:30px\" aria-hidden=\"true\" class=\"wp-block-spacer\"><\/div>\n\n\n\n<p><strong>Cz\u0142onkowie Rady powo\u0142ani na kadencj\u0119 2026-2031:<\/strong><\/p>\n\n\n\n<ul class=\"wp-block-list\">\n<li><strong>dr Anna Czerwi\u0144ska-Walczak (przewodnicz\u0105ca),<\/strong><\/li>\n\n\n\n<li><strong>prof. Janusz Rymsza (zast\u0119pca przewodnicz\u0105cego),<\/strong><\/li>\n\n\n\n<li><strong>prof. Bogumi\u0142a Rouba (zast\u0119pca przewodnicz\u0105cego),<\/strong><\/li>\n\n\n\n<li>prof. Jaros\u0142aw Adamowicz,<\/li>\n\n\n\n<li>dr hab. \u0141ukasz Bednarz,<\/li>\n\n\n\n<li>prof. Piotr Dobosz,<\/li>\n\n\n\n<li>prof. Piotr Gerber,<\/li>\n\n\n\n<li>Bp Micha\u0142 Janocha,<\/li>\n\n\n\n<li>prof. Jerzy Jasie\u0144ko,<\/li>\n\n\n\n<li>dr Piotr Kosiak,<\/li>\n\n\n\n<li>prof. Jadwiga \u0141ukaszewicz,<\/li>\n\n\n\n<li>mgr in\u017c. Adam Marek,<\/li>\n\n\n\n<li>prof. Piotr Molski,<\/li>\n\n\n\n<li>prof. Zbigniew Myczkowski,<\/li>\n\n\n\n<li>dr Romana Rupiewicz,<\/li>\n\n\n\n<li>dr in\u017c. Dorota Sikora,<\/li>\n\n\n\n<li>prof. Bogus\u0142aw Szmygin,<\/li>\n\n\n\n<li>prof. Monika Stachurska,<\/li>\n\n\n\n<li>prof. Maciej Trzci\u0144ski,<\/li>\n\n\n\n<li>Piotr \u017buchowski.<\/li>\n<\/ul>\n\n\n\n<h2 class=\"wp-block-heading has-background\" style=\"background:linear-gradient(135deg,rgba(243,243,243,0.95) 0%,rgb(255,255,255) 100%);font-size:16px\"><strong>Rada Ochrony Zabytk\u00f3w<\/strong><\/h2>\n\n\n\n<div style=\"height:30px\" aria-hidden=\"true\" class=\"wp-block-spacer\"><\/div>\n\n\n\n<p>Rada Ochrony Zabytk\u00f3w jest organem opiniodawczo-doradczym Ministra Kultury i Dziedzictwa Narodowego. Funkcjonuje na podstawie art. 97 ustawy z dnia 23 lipca 2003 r. o ochronie zabytk\u00f3w i opiece nad zabytkami. Regulamin Rady zosta\u0142 nadany zarz\u0105dzeniem Ministra Kultury z dnia 15 stycznia 2004 r.<\/p>\n\n\n\n<p>Kadencja Rady Ochrony Zabytk\u00f3w trwa pi\u0119\u0107 lat. Cz\u0142onk\u00f3w Rady \u2013 w liczbie od 10 do 20 \u2013 powo\u0142uje Minister Kultury i Dziedzictwa Narodowego spo\u015br\u00f3d os\u00f3b posiadaj\u0105cych wybitne osi\u0105gni\u0119cia i zas\u0142ugi w ochronie zabytk\u00f3w lub opiece nad zabytkami.<\/p>\n\n\n\n<div style=\"height:30px\" aria-hidden=\"true\" class=\"wp-block-spacer\"><\/div>","protected":false},"excerpt":{"rendered":"<p>W siedzibie Departamentu Ochrony Zabytk\u00f3w MKiDN odby\u0142a si\u0119 uroczysto\u015b\u0107, podczas kt\u00f3rej wr\u0119czono akty powo\u0142ania cz\u0142onkom Rady Ochrony Zabytk\u00f3w na kadencj\u0119 2026-2031. Dokumenty przekaza\u0142a Sekretarz Stanu w Ministerstwie Kultury i Dziedzictwa [&hellip;]<\/p>","protected":false},"author":4,"featured_media":34368,"comment_status":"closed","ping_status":"closed","sticky":false,"template":"","format":"standard","meta":{"_et_pb_use_builder":"off","_et_pb_old_content":"","_et_gb_content_width":"","_monsterinsights_skip_tracking":false,"_monsterinsights_sitenote_active":false,"_monsterinsights_sitenote_note":"","_monsterinsights_sitenote_category":0,"footnotes":""},"categories":[3],"tags":[],"class_list":["post-34362","post","type-post","status-publish","format-standard","has-post-thumbnail","hentry","category-aktualnosci"],"yoast_head":"<!-- This site is optimized with the Yoast SEO plugin v26.5 - https:\/\/yoast.com\/wordpress\/plugins\/seo\/ -->\n<title>Powo\u0142ano Rad\u0119 Ochrony Zabytk\u00f3w na kolejn\u0105 kadencj\u0119 - NID<\/title>\n<meta name=\"robots\" content=\"index, follow, max-snippet:-1, max-image-preview:large, max-video-preview:-1\" \/>\n<link rel=\"canonical\" href=\"https:\/\/nid.pl\/en\/2026\/04\/22\/powolano-rade-ochrony-zabytkow\/\" \/>\n<meta property=\"og:locale\" content=\"en_GB\" \/>\n<meta property=\"og:type\" content=\"article\" \/>\n<meta property=\"og:title\" content=\"Powo\u0142ano Rad\u0119 Ochrony Zabytk\u00f3w na kolejn\u0105 kadencj\u0119 - NID\" \/>\n<meta property=\"og:description\" content=\"W siedzibie Departamentu Ochrony Zabytk\u00f3w MKiDN odby\u0142a si\u0119 uroczysto\u015b\u0107, podczas kt\u00f3rej wr\u0119czono akty powo\u0142ania cz\u0142onkom Rady Ochrony Zabytk\u00f3w na kadencj\u0119 2026-2031. Dokumenty przekaza\u0142a Sekretarz Stanu w Ministerstwie Kultury i Dziedzictwa [&hellip;]\" \/>\n<meta property=\"og:url\" content=\"https:\/\/nid.pl\/en\/2026\/04\/22\/powolano-rade-ochrony-zabytkow\/\" \/>\n<meta property=\"og:site_name\" content=\"NID\" \/>\n<meta property=\"article:publisher\" content=\"https:\/\/www.facebook.com\/zabytek\" \/>\n<meta property=\"article:published_time\" content=\"2026-04-22T10:24:20+00:00\" \/>\n<meta property=\"article:modified_time\" content=\"2026-04-22T10:56:46+00:00\" \/>\n<meta property=\"og:image\" content=\"https:\/\/nid.pl\/wp-content\/uploads\/2026\/04\/powolanie-rady-ochrony-zabytkow.jpg\" \/>\n\t<meta property=\"og:image:width\" content=\"1200\" \/>\n\t<meta property=\"og:image:height\" content=\"800\" \/>\n\t<meta property=\"og:image:type\" content=\"image\/jpeg\" \/>\n<meta name=\"author\" content=\"Marta Or\u0119ziak\" \/>\n<meta name=\"twitter:card\" content=\"summary_large_image\" \/>\n<meta name=\"twitter:creator\" content=\"@NarIDpl\" \/>\n<meta name=\"twitter:site\" content=\"@NarIDpl\" \/>\n<meta name=\"twitter:label1\" content=\"Written by\" \/>\n\t<meta name=\"twitter:data1\" content=\"Marta Or\u0119ziak\" \/>\n\t<meta name=\"twitter:label2\" content=\"Estimated reading time\" \/>\n\t<meta name=\"twitter:data2\" content=\"2 minutes\" \/>\n<script type=\"application\/ld+json\" class=\"yoast-schema-graph\">{\"@context\":\"https:\/\/schema.org\",\"@graph\":[{\"@type\":\"Article\",\"@id\":\"https:\/\/nid.pl\/2026\/04\/22\/powolano-rade-ochrony-zabytkow\/#article\",\"isPartOf\":{\"@id\":\"https:\/\/nid.pl\/2026\/04\/22\/powolano-rade-ochrony-zabytkow\/\"},\"author\":{\"name\":\"Marta Or\u0119ziak\",\"@id\":\"https:\/\/nid.pl\/#\/schema\/person\/9d848c4a54b78bc2a1461f1c5d8de615\"},\"headline\":\"Powo\u0142ano Rad\u0119 Ochrony Zabytk\u00f3w na kolejn\u0105 kadencj\u0119\",\"datePublished\":\"2026-04-22T10:24:20+00:00\",\"dateModified\":\"2026-04-22T10:56:46+00:00\",\"mainEntityOfPage\":{\"@id\":\"https:\/\/nid.pl\/2026\/04\/22\/powolano-rade-ochrony-zabytkow\/\"},\"wordCount\":431,\"publisher\":{\"@id\":\"https:\/\/nid.pl\/#organization\"},\"image\":{\"@id\":\"https:\/\/nid.pl\/2026\/04\/22\/powolano-rade-ochrony-zabytkow\/#primaryimage\"},\"thumbnailUrl\":\"https:\/\/nid.pl\/wp-content\/uploads\/2026\/04\/powolanie-rady-ochrony-zabytkow.jpg\",\"articleSection\":[\"Aktualno\u015bci\"],\"inLanguage\":\"en-GB\"},{\"@type\":\"WebPage\",\"@id\":\"https:\/\/nid.pl\/2026\/04\/22\/powolano-rade-ochrony-zabytkow\/\",\"url\":\"https:\/\/nid.pl\/2026\/04\/22\/powolano-rade-ochrony-zabytkow\/\",\"name\":\"Powo\u0142ano Rad\u0119 Ochrony Zabytk\u00f3w na kolejn\u0105 kadencj\u0119 - NID\",\"isPartOf\":{\"@id\":\"https:\/\/nid.pl\/#website\"},\"primaryImageOfPage\":{\"@id\":\"https:\/\/nid.pl\/2026\/04\/22\/powolano-rade-ochrony-zabytkow\/#primaryimage\"},\"image\":{\"@id\":\"https:\/\/nid.pl\/2026\/04\/22\/powolano-rade-ochrony-zabytkow\/#primaryimage\"},\"thumbnailUrl\":\"https:\/\/nid.pl\/wp-content\/uploads\/2026\/04\/powolanie-rady-ochrony-zabytkow.jpg\",\"datePublished\":\"2026-04-22T10:24:20+00:00\",\"dateModified\":\"2026-04-22T10:56:46+00:00\",\"breadcrumb\":{\"@id\":\"https:\/\/nid.pl\/2026\/04\/22\/powolano-rade-ochrony-zabytkow\/#breadcrumb\"},\"inLanguage\":\"en-GB\",\"potentialAction\":[{\"@type\":\"ReadAction\",\"target\":[\"https:\/\/nid.pl\/2026\/04\/22\/powolano-rade-ochrony-zabytkow\/\"]}]},{\"@type\":\"ImageObject\",\"inLanguage\":\"en-GB\",\"@id\":\"https:\/\/nid.pl\/2026\/04\/22\/powolano-rade-ochrony-zabytkow\/#primaryimage\",\"url\":\"https:\/\/nid.pl\/wp-content\/uploads\/2026\/04\/powolanie-rady-ochrony-zabytkow.jpg\",\"contentUrl\":\"https:\/\/nid.pl\/wp-content\/uploads\/2026\/04\/powolanie-rady-ochrony-zabytkow.jpg\",\"width\":1200,\"height\":800,\"caption\":\"Uroczysto\u015b\u0107 wr\u0119czenia akt\u00f3w powo\u0142ania cz\u0142onkom Rady Ochrony Zabytk\u00f3w, fot. Danuta Matloch, MKiDN\"},{\"@type\":\"BreadcrumbList\",\"@id\":\"https:\/\/nid.pl\/2026\/04\/22\/powolano-rade-ochrony-zabytkow\/#breadcrumb\",\"itemListElement\":[{\"@type\":\"ListItem\",\"position\":1,\"name\":\"Home\",\"item\":\"https:\/\/nid.pl\/\"},{\"@type\":\"ListItem\",\"position\":2,\"name\":\"Powo\u0142ano Rad\u0119 Ochrony Zabytk\u00f3w na kolejn\u0105 kadencj\u0119\"}]},{\"@type\":\"WebSite\",\"@id\":\"https:\/\/nid.pl\/#website\",\"url\":\"https:\/\/nid.pl\/\",\"name\":\"NID\",\"description\":\"Narodowy Instytut Dziedzictwa\",\"publisher\":{\"@id\":\"https:\/\/nid.pl\/#organization\"},\"potentialAction\":[{\"@type\":\"SearchAction\",\"target\":{\"@type\":\"EntryPoint\",\"urlTemplate\":\"https:\/\/nid.pl\/?s={search_term_string}\"},\"query-input\":{\"@type\":\"PropertyValueSpecification\",\"valueRequired\":true,\"valueName\":\"search_term_string\"}}],\"inLanguage\":\"en-GB\"},{\"@type\":\"Organization\",\"@id\":\"https:\/\/nid.pl\/#organization\",\"name\":\"Narodowy Instytut Dziedzictwa\",\"url\":\"https:\/\/nid.pl\/\",\"logo\":{\"@type\":\"ImageObject\",\"inLanguage\":\"en-GB\",\"@id\":\"https:\/\/nid.pl\/#\/schema\/logo\/image\/\",\"url\":\"https:\/\/nid.pl\/wp-content\/uploads\/2022\/10\/logoRedDark.png\",\"contentUrl\":\"https:\/\/nid.pl\/wp-content\/uploads\/2022\/10\/logoRedDark.png\",\"width\":200,\"height\":197,\"caption\":\"Narodowy Instytut Dziedzictwa\"},\"image\":{\"@id\":\"https:\/\/nid.pl\/#\/schema\/logo\/image\/\"},\"sameAs\":[\"https:\/\/www.facebook.com\/zabytek\",\"https:\/\/x.com\/NarIDpl\",\"https:\/\/www.instagram.com\/nid.pl\/?hl=pl\",\"https:\/\/www.linkedin.com\/company\/narodowy-instytut-dziedzictwa\",\"https:\/\/www.youtube.com\/channel\/UCQXuhKa2uHtmNvLRUSx40JA\"]},{\"@type\":\"Person\",\"@id\":\"https:\/\/nid.pl\/#\/schema\/person\/9d848c4a54b78bc2a1461f1c5d8de615\",\"name\":\"Marta Or\u0119ziak\",\"image\":{\"@type\":\"ImageObject\",\"inLanguage\":\"en-GB\",\"@id\":\"https:\/\/nid.pl\/#\/schema\/person\/image\/\",\"url\":\"https:\/\/nid.pl\/wp-content\/litespeed\/avatar\/3cdc296a7eb01425272974c992bee3ea.jpg?ver=1777445267\",\"contentUrl\":\"https:\/\/nid.pl\/wp-content\/litespeed\/avatar\/3cdc296a7eb01425272974c992bee3ea.jpg?ver=1777445267\",\"caption\":\"Marta Or\u0119ziak\"},\"url\":\"https:\/\/nid.pl\/en\/author\/moreziak\/\"}]}<\/script>\n<!-- \/ Yoast SEO plugin. -->","yoast_head_json":{"title":"Powo\u0142ano Rad\u0119 Ochrony Zabytk\u00f3w na kolejn\u0105 kadencj\u0119 - NID","robots":{"index":"index","follow":"follow","max-snippet":"max-snippet:-1","max-image-preview":"max-image-preview:large","max-video-preview":"max-video-preview:-1"},"canonical":"https:\/\/nid.pl\/en\/2026\/04\/22\/powolano-rade-ochrony-zabytkow\/","og_locale":"en_GB","og_type":"article","og_title":"Powo\u0142ano Rad\u0119 Ochrony Zabytk\u00f3w na kolejn\u0105 kadencj\u0119 - NID","og_description":"W siedzibie Departamentu Ochrony Zabytk\u00f3w MKiDN odby\u0142a si\u0119 uroczysto\u015b\u0107, podczas kt\u00f3rej wr\u0119czono akty powo\u0142ania cz\u0142onkom Rady Ochrony Zabytk\u00f3w na kadencj\u0119 2026-2031. Dokumenty przekaza\u0142a Sekretarz Stanu w Ministerstwie Kultury i Dziedzictwa [&hellip;]","og_url":"https:\/\/nid.pl\/en\/2026\/04\/22\/powolano-rade-ochrony-zabytkow\/","og_site_name":"NID","article_publisher":"https:\/\/www.facebook.com\/zabytek","article_published_time":"2026-04-22T10:24:20+00:00","article_modified_time":"2026-04-22T10:56:46+00:00","og_image":[{"width":1200,"height":800,"url":"https:\/\/nid.pl\/wp-content\/uploads\/2026\/04\/powolanie-rady-ochrony-zabytkow.jpg","type":"image\/jpeg"}],"author":"Marta Or\u0119ziak","twitter_card":"summary_large_image","twitter_creator":"@NarIDpl","twitter_site":"@NarIDpl","twitter_misc":{"Written by":"Marta Or\u0119ziak","Estimated reading time":"2 minutes"},"schema":{"@context":"https:\/\/schema.org","@graph":[{"@type":"Article","@id":"https:\/\/nid.pl\/2026\/04\/22\/powolano-rade-ochrony-zabytkow\/#article","isPartOf":{"@id":"https:\/\/nid.pl\/2026\/04\/22\/powolano-rade-ochrony-zabytkow\/"},"author":{"name":"Marta Or\u0119ziak","@id":"https:\/\/nid.pl\/#\/schema\/person\/9d848c4a54b78bc2a1461f1c5d8de615"},"headline":"Powo\u0142ano Rad\u0119 Ochrony Zabytk\u00f3w na kolejn\u0105 kadencj\u0119","datePublished":"2026-04-22T10:24:20+00:00","dateModified":"2026-04-22T10:56:46+00:00","mainEntityOfPage":{"@id":"https:\/\/nid.pl\/2026\/04\/22\/powolano-rade-ochrony-zabytkow\/"},"wordCount":431,"publisher":{"@id":"https:\/\/nid.pl\/#organization"},"image":{"@id":"https:\/\/nid.pl\/2026\/04\/22\/powolano-rade-ochrony-zabytkow\/#primaryimage"},"thumbnailUrl":"https:\/\/nid.pl\/wp-content\/uploads\/2026\/04\/powolanie-rady-ochrony-zabytkow.jpg","articleSection":["Aktualno\u015bci"],"inLanguage":"en-GB"},{"@type":"WebPage","@id":"https:\/\/nid.pl\/2026\/04\/22\/powolano-rade-ochrony-zabytkow\/","url":"https:\/\/nid.pl\/2026\/04\/22\/powolano-rade-ochrony-zabytkow\/","name":"Powo\u0142ano Rad\u0119 Ochrony Zabytk\u00f3w na kolejn\u0105 kadencj\u0119 - NID","isPartOf":{"@id":"https:\/\/nid.pl\/#website"},"primaryImageOfPage":{"@id":"https:\/\/nid.pl\/2026\/04\/22\/powolano-rade-ochrony-zabytkow\/#primaryimage"},"image":{"@id":"https:\/\/nid.pl\/2026\/04\/22\/powolano-rade-ochrony-zabytkow\/#primaryimage"},"thumbnailUrl":"https:\/\/nid.pl\/wp-content\/uploads\/2026\/04\/powolanie-rady-ochrony-zabytkow.jpg","datePublished":"2026-04-22T10:24:20+00:00","dateModified":"2026-04-22T10:56:46+00:00","breadcrumb":{"@id":"https:\/\/nid.pl\/2026\/04\/22\/powolano-rade-ochrony-zabytkow\/#breadcrumb"},"inLanguage":"en-GB","potentialAction":[{"@type":"ReadAction","target":["https:\/\/nid.pl\/2026\/04\/22\/powolano-rade-ochrony-zabytkow\/"]}]},{"@type":"ImageObject","inLanguage":"en-GB","@id":"https:\/\/nid.pl\/2026\/04\/22\/powolano-rade-ochrony-zabytkow\/#primaryimage","url":"https:\/\/nid.pl\/wp-content\/uploads\/2026\/04\/powolanie-rady-ochrony-zabytkow.jpg","contentUrl":"https:\/\/nid.pl\/wp-content\/uploads\/2026\/04\/powolanie-rady-ochrony-zabytkow.jpg","width":1200,"height":800,"caption":"Uroczysto\u015b\u0107 wr\u0119czenia akt\u00f3w powo\u0142ania cz\u0142onkom Rady Ochrony Zabytk\u00f3w, fot. Danuta Matloch, MKiDN"},{"@type":"BreadcrumbList","@id":"https:\/\/nid.pl\/2026\/04\/22\/powolano-rade-ochrony-zabytkow\/#breadcrumb","itemListElement":[{"@type":"ListItem","position":1,"name":"Home","item":"https:\/\/nid.pl\/"},{"@type":"ListItem","position":2,"name":"Powo\u0142ano Rad\u0119 Ochrony Zabytk\u00f3w na kolejn\u0105 kadencj\u0119"}]},{"@type":"WebSite","@id":"https:\/\/nid.pl\/#website","url":"https:\/\/nid.pl\/","name":"NID","description":"Narodowy Instytut Dziedzictwa","publisher":{"@id":"https:\/\/nid.pl\/#organization"},"potentialAction":[{"@type":"SearchAction","target":{"@type":"EntryPoint","urlTemplate":"https:\/\/nid.pl\/?s={search_term_string}"},"query-input":{"@type":"PropertyValueSpecification","valueRequired":true,"valueName":"search_term_string"}}],"inLanguage":"en-GB"},{"@type":"Organization","@id":"https:\/\/nid.pl\/#organization","name":"Narodowy Instytut Dziedzictwa","url":"https:\/\/nid.pl\/","logo":{"@type":"ImageObject","inLanguage":"en-GB","@id":"https:\/\/nid.pl\/#\/schema\/logo\/image\/","url":"https:\/\/nid.pl\/wp-content\/uploads\/2022\/10\/logoRedDark.png","contentUrl":"https:\/\/nid.pl\/wp-content\/uploads\/2022\/10\/logoRedDark.png","width":200,"height":197,"caption":"Narodowy Instytut Dziedzictwa"},"image":{"@id":"https:\/\/nid.pl\/#\/schema\/logo\/image\/"},"sameAs":["https:\/\/www.facebook.com\/zabytek","https:\/\/x.com\/NarIDpl","https:\/\/www.instagram.com\/nid.pl\/?hl=pl","https:\/\/www.linkedin.com\/company\/narodowy-instytut-dziedzictwa","https:\/\/www.youtube.com\/channel\/UCQXuhKa2uHtmNvLRUSx40JA"]},{"@type":"Person","@id":"https:\/\/nid.pl\/#\/schema\/person\/9d848c4a54b78bc2a1461f1c5d8de615","name":"Marta Or\u0119ziak","image":{"@type":"ImageObject","inLanguage":"en-GB","@id":"https:\/\/nid.pl\/#\/schema\/person\/image\/","url":"https:\/\/nid.pl\/wp-content\/litespeed\/avatar\/3cdc296a7eb01425272974c992bee3ea.jpg?ver=1777445267","contentUrl":"https:\/\/nid.pl\/wp-content\/litespeed\/avatar\/3cdc296a7eb01425272974c992bee3ea.jpg?ver=1777445267","caption":"Marta Or\u0119ziak"},"url":"https:\/\/nid.pl\/en\/author\/moreziak\/"}]}},"_links":{"self":[{"href":"https:\/\/nid.pl\/en\/wp-json\/wp\/v2\/posts\/34362","targetHints":{"allow":["GET"]}}],"collection":[{"href":"https:\/\/nid.pl\/en\/wp-json\/wp\/v2\/posts"}],"about":[{"href":"https:\/\/nid.pl\/en\/wp-json\/wp\/v2\/types\/post"}],"author":[{"embeddable":true,"href":"https:\/\/nid.pl\/en\/wp-json\/wp\/v2\/users\/4"}],"replies":[{"embeddable":true,"href":"https:\/\/nid.pl\/en\/wp-json\/wp\/v2\/comments?post=34362"}],"version-history":[{"count":3,"href":"https:\/\/nid.pl\/en\/wp-json\/wp\/v2\/posts\/34362\/revisions"}],"predecessor-version":[{"id":34366,"href":"https:\/\/nid.pl\/en\/wp-json\/wp\/v2\/posts\/34362\/revisions\/34366"}],"wp:featuredmedia":[{"embeddable":true,"href":"https:\/\/nid.pl\/en\/wp-json\/wp\/v2\/media\/34368"}],"wp:attachment":[{"href":"https:\/\/nid.pl\/en\/wp-json\/wp\/v2\/media?parent=34362"}],"wp:term":[{"taxonomy":"category","embeddable":true,"href":"https:\/\/nid.pl\/en\/wp-json\/wp\/v2\/categories?post=34362"},{"taxonomy":"post_tag","embeddable":true,"href":"https:\/\/nid.pl\/en\/wp-json\/wp\/v2\/tags?post=34362"}],"curies":[{"name":"wp","href":"https:\/\/api.w.org\/{rel}","templated":true}]}}