{"id":34327,"date":"2026-02-20T12:09:39","date_gmt":"2026-02-20T11:09:39","guid":{"rendered":"https:\/\/nid.pl\/?p=34327"},"modified":"2026-04-20T12:14:40","modified_gmt":"2026-04-20T10:14:40","slug":"horeca-w-architekturze-2","status":"publish","type":"post","link":"https:\/\/nid.pl\/en\/2026\/02\/20\/horeca-w-architekturze-2\/","title":{"rendered":"HoReCa w architekturze"},"content":{"rendered":"<p><strong>Narodowy Instytut Dziedzictwa obj\u0105\u0142 patronatem honorowym drug\u0105 edycj\u0119 konferencji \u201eHoReCa w architekturze\u201d, kt\u00f3ra odb\u0119dzie si\u0119 27 marca 2026 roku w hotelu PURO Stare Miasto w Warszawie. Wydarzenie po\u015bwi\u0119cone jest wyzwaniom projektowania architektury typu hospitality w kontek\u015bcie historycznym oraz wsp\u00f3\u0142czesnych standard\u00f3w funkcjonalnych i estetycznych.<\/strong><\/p>\n\n\n\n<p>Konferencja stanowi przestrze\u0144 wymiany do\u015bwiadcze\u0144 pomi\u0119dzy architektami, projektantami, inwestorami oraz ekspertami zajmuj\u0105cymi si\u0119 kszta\u0142towaniem i ochron\u0105 przestrzeni miejskiej. Tegoroczna edycja b\u0119dzie mia\u0142a szczeg\u00f3lny charakter &#8211; uczestnicy spotkaj\u0105 si\u0119 w przestrzeni hotelu PURO Stare Miasto (Canaletta), uznanego przez magazyn Dezeen za najpi\u0119kniejszy hotel \u015bwiata w 2025 roku.<\/p>\n\n\n\n<p>Program wydarzenia koncentruje si\u0119 na analizie konkretnego przyk\u0142adu &#8211; nowo zrealizowanego obiektu zlokalizowanego w s\u0105siedztwie Placu Teatralnego w Warszawie. Budynek stanowi interesuj\u0105cy przyk\u0142ad harmonijnego wpisania nowoczesnej architektury w historyczn\u0105 tkank\u0119 miasta, w obszarze obj\u0119tym ochron\u0105 konserwatorsk\u0105. Refleksja nad relacj\u0105 mi\u0119dzy wsp\u00f3\u0142czesnym projektowaniem a dziedzictwem kulturowym b\u0119dzie jednym z kluczowych w\u0105tk\u00f3w spotkania.<br>W\u015br\u00f3d zaproszonych prelegent\u00f3w znajd\u0105 si\u0119 m.in. arch. Andrzej Kikowski, kt\u00f3ry przedstawi proces kszta\u0142towania bry\u0142y hotelu w wymagaj\u0105cym kontek\u015bcie urbanistycznym, oraz dr Aleksandra Karykowska, omawiaj\u0105ca zagadnienia tzw. \u201earchitektury snu\u201d i projektowania z uwzgl\u0119dnieniem fizjologicznych potrzeb u\u017cytkownik\u00f3w. Program obejmie r\u00f3wnie\u017c tematy zwi\u0105zane z wymogami sanitarnymi, dost\u0119pno\u015bci\u0105 oraz projektowaniem bez barier, a tak\u017ce prezentacj\u0119 aran\u017cacji wn\u0119trz autorstwa du\u0144skiego studia GamFratesi.<\/p>\n\n\n\n<p>Zwie\u0144czeniem spotkania b\u0119dzie wsp\u00f3lne zwiedzanie obiektu, kt\u00f3rego koncepcja \u0142\u0105czy skandynawski minimalizm z lokalnymi inspiracjami tw\u00f3rczo\u015bci\u0105 Canaletta.<\/p>\n\n\n\n<p>Wi\u0119cej informacji: <a href=\"https:\/\/sztuka-architektury.pl\/article\/18774\/zapraszamy-do-hotelu-puro-na-druga-edycje-konferencji-horeca-w-architekturze-zarejestruj-sie-juz-dzisiaj\" target=\"_blank\" rel=\"noreferrer noopener\">Zapraszamy do hotelu Puro na drug\u0105 edycj\u0119 konferencji HoReCa w architekturze<\/a><\/p>\n\n\n\n<p>Organizatorem konferencji jest Grupa Sztuka Architektury. Partnerami wydarzenia s\u0105 HEWI oraz Wintherhalter.<\/p>\n\n\n\n<p>Narodowy Instytut Dziedzictwa, obejmuj\u0105c wydarzenie patronatem honorowym, wspiera inicjatywy sprzyjaj\u0105ce dialogowi pomi\u0119dzy \u015brodowiskiem architekt\u00f3w, inwestor\u00f3w i projektant\u00f3w a instytucjami odpowiedzialnymi za ochron\u0119 i zarz\u0105dzanie dziedzictwem kulturowym.<\/p>\n\n\n\n<div style=\"height:30px\" aria-hidden=\"true\" class=\"wp-block-spacer\"><\/div>","protected":false},"excerpt":{"rendered":"<p>Narodowy Instytut Dziedzictwa obj\u0105\u0142 patronatem honorowym drug\u0105 edycj\u0119 konferencji \u201eHoReCa w architekturze\u201d, kt\u00f3ra odb\u0119dzie si\u0119 27 marca 2026 roku w hotelu PURO Stare Miasto w Warszawie. Wydarzenie po\u015bwi\u0119cone jest wyzwaniom [&hellip;]<\/p>","protected":false},"author":17,"featured_media":32386,"comment_status":"closed","ping_status":"closed","sticky":false,"template":"","format":"standard","meta":{"_et_pb_use_builder":"off","_et_pb_old_content":"","_et_gb_content_width":"","_monsterinsights_skip_tracking":false,"_monsterinsights_sitenote_active":false,"_monsterinsights_sitenote_note":"","_monsterinsights_sitenote_category":0,"footnotes":""},"categories":[28],"tags":[],"class_list":["post-34327","post","type-post","status-publish","format-standard","has-post-thumbnail","hentry","category-patronaty"],"yoast_head":"<!-- This site is optimized with the Yoast SEO plugin v26.5 - https:\/\/yoast.com\/wordpress\/plugins\/seo\/ -->\n<title>HoReCa w architekturze - NID<\/title>\n<meta name=\"robots\" content=\"index, follow, max-snippet:-1, max-image-preview:large, max-video-preview:-1\" \/>\n<link rel=\"canonical\" href=\"https:\/\/nid.pl\/en\/2026\/02\/20\/horeca-w-architekturze-2\/\" \/>\n<meta property=\"og:locale\" content=\"en_GB\" \/>\n<meta property=\"og:type\" content=\"article\" \/>\n<meta property=\"og:title\" content=\"HoReCa w architekturze - NID\" \/>\n<meta property=\"og:description\" content=\"Narodowy Instytut Dziedzictwa obj\u0105\u0142 patronatem honorowym drug\u0105 edycj\u0119 konferencji \u201eHoReCa w architekturze\u201d, kt\u00f3ra odb\u0119dzie si\u0119 27 marca 2026 roku w hotelu PURO Stare Miasto w Warszawie. Wydarzenie po\u015bwi\u0119cone jest wyzwaniom [&hellip;]\" \/>\n<meta property=\"og:url\" content=\"https:\/\/nid.pl\/en\/2026\/02\/20\/horeca-w-architekturze-2\/\" \/>\n<meta property=\"og:site_name\" content=\"NID\" \/>\n<meta property=\"article:publisher\" content=\"https:\/\/www.facebook.com\/zabytek\" \/>\n<meta property=\"article:published_time\" content=\"2026-02-20T11:09:39+00:00\" \/>\n<meta property=\"article:modified_time\" content=\"2026-04-20T10:14:40+00:00\" \/>\n<meta property=\"og:image\" content=\"https:\/\/nid.pl\/wp-content\/uploads\/2026\/02\/HoReCa-w-architekturze.jpg\" \/>\n\t<meta property=\"og:image:width\" content=\"1200\" \/>\n\t<meta property=\"og:image:height\" content=\"800\" \/>\n\t<meta property=\"og:image:type\" content=\"image\/jpeg\" \/>\n<meta name=\"author\" content=\"Magdalena Karpi\u0144ska\" \/>\n<meta name=\"twitter:card\" content=\"summary_large_image\" \/>\n<meta name=\"twitter:creator\" content=\"@NarIDpl\" \/>\n<meta name=\"twitter:site\" content=\"@NarIDpl\" \/>\n<meta name=\"twitter:label1\" content=\"Written by\" \/>\n\t<meta name=\"twitter:data1\" content=\"Magdalena Karpi\u0144ska\" \/>\n\t<meta name=\"twitter:label2\" content=\"Estimated reading time\" \/>\n\t<meta name=\"twitter:data2\" content=\"2 minutes\" \/>\n<script type=\"application\/ld+json\" class=\"yoast-schema-graph\">{\"@context\":\"https:\/\/schema.org\",\"@graph\":[{\"@type\":\"Article\",\"@id\":\"https:\/\/nid.pl\/2026\/02\/20\/horeca-w-architekturze-2\/#article\",\"isPartOf\":{\"@id\":\"https:\/\/nid.pl\/2026\/02\/20\/horeca-w-architekturze-2\/\"},\"author\":{\"name\":\"Magdalena Karpi\u0144ska\",\"@id\":\"https:\/\/nid.pl\/#\/schema\/person\/e4f08cf2d901574a0bf4bc5a724d3c45\"},\"headline\":\"HoReCa w architekturze\",\"datePublished\":\"2026-02-20T11:09:39+00:00\",\"dateModified\":\"2026-04-20T10:14:40+00:00\",\"mainEntityOfPage\":{\"@id\":\"https:\/\/nid.pl\/2026\/02\/20\/horeca-w-architekturze-2\/\"},\"wordCount\":324,\"publisher\":{\"@id\":\"https:\/\/nid.pl\/#organization\"},\"image\":{\"@id\":\"https:\/\/nid.pl\/2026\/02\/20\/horeca-w-architekturze-2\/#primaryimage\"},\"thumbnailUrl\":\"https:\/\/nid.pl\/wp-content\/uploads\/2026\/02\/HoReCa-w-architekturze.jpg\",\"articleSection\":[\"Patronaty\"],\"inLanguage\":\"en-GB\"},{\"@type\":\"WebPage\",\"@id\":\"https:\/\/nid.pl\/2026\/02\/20\/horeca-w-architekturze-2\/\",\"url\":\"https:\/\/nid.pl\/2026\/02\/20\/horeca-w-architekturze-2\/\",\"name\":\"HoReCa w architekturze - NID\",\"isPartOf\":{\"@id\":\"https:\/\/nid.pl\/#website\"},\"primaryImageOfPage\":{\"@id\":\"https:\/\/nid.pl\/2026\/02\/20\/horeca-w-architekturze-2\/#primaryimage\"},\"image\":{\"@id\":\"https:\/\/nid.pl\/2026\/02\/20\/horeca-w-architekturze-2\/#primaryimage\"},\"thumbnailUrl\":\"https:\/\/nid.pl\/wp-content\/uploads\/2026\/02\/HoReCa-w-architekturze.jpg\",\"datePublished\":\"2026-02-20T11:09:39+00:00\",\"dateModified\":\"2026-04-20T10:14:40+00:00\",\"breadcrumb\":{\"@id\":\"https:\/\/nid.pl\/2026\/02\/20\/horeca-w-architekturze-2\/#breadcrumb\"},\"inLanguage\":\"en-GB\",\"potentialAction\":[{\"@type\":\"ReadAction\",\"target\":[\"https:\/\/nid.pl\/2026\/02\/20\/horeca-w-architekturze-2\/\"]}]},{\"@type\":\"ImageObject\",\"inLanguage\":\"en-GB\",\"@id\":\"https:\/\/nid.pl\/2026\/02\/20\/horeca-w-architekturze-2\/#primaryimage\",\"url\":\"https:\/\/nid.pl\/wp-content\/uploads\/2026\/02\/HoReCa-w-architekturze.jpg\",\"contentUrl\":\"https:\/\/nid.pl\/wp-content\/uploads\/2026\/02\/HoReCa-w-architekturze.jpg\",\"width\":1200,\"height\":800,\"caption\":\"HoReCa w architekturze\"},{\"@type\":\"BreadcrumbList\",\"@id\":\"https:\/\/nid.pl\/2026\/02\/20\/horeca-w-architekturze-2\/#breadcrumb\",\"itemListElement\":[{\"@type\":\"ListItem\",\"position\":1,\"name\":\"Home\",\"item\":\"https:\/\/nid.pl\/\"},{\"@type\":\"ListItem\",\"position\":2,\"name\":\"HoReCa w architekturze\"}]},{\"@type\":\"WebSite\",\"@id\":\"https:\/\/nid.pl\/#website\",\"url\":\"https:\/\/nid.pl\/\",\"name\":\"NID\",\"description\":\"Narodowy Instytut Dziedzictwa\",\"publisher\":{\"@id\":\"https:\/\/nid.pl\/#organization\"},\"potentialAction\":[{\"@type\":\"SearchAction\",\"target\":{\"@type\":\"EntryPoint\",\"urlTemplate\":\"https:\/\/nid.pl\/?s={search_term_string}\"},\"query-input\":{\"@type\":\"PropertyValueSpecification\",\"valueRequired\":true,\"valueName\":\"search_term_string\"}}],\"inLanguage\":\"en-GB\"},{\"@type\":\"Organization\",\"@id\":\"https:\/\/nid.pl\/#organization\",\"name\":\"Narodowy Instytut Dziedzictwa\",\"url\":\"https:\/\/nid.pl\/\",\"logo\":{\"@type\":\"ImageObject\",\"inLanguage\":\"en-GB\",\"@id\":\"https:\/\/nid.pl\/#\/schema\/logo\/image\/\",\"url\":\"https:\/\/nid.pl\/wp-content\/uploads\/2022\/10\/logoRedDark.png\",\"contentUrl\":\"https:\/\/nid.pl\/wp-content\/uploads\/2022\/10\/logoRedDark.png\",\"width\":200,\"height\":197,\"caption\":\"Narodowy Instytut Dziedzictwa\"},\"image\":{\"@id\":\"https:\/\/nid.pl\/#\/schema\/logo\/image\/\"},\"sameAs\":[\"https:\/\/www.facebook.com\/zabytek\",\"https:\/\/x.com\/NarIDpl\",\"https:\/\/www.instagram.com\/nid.pl\/?hl=pl\",\"https:\/\/www.linkedin.com\/company\/narodowy-instytut-dziedzictwa\",\"https:\/\/www.youtube.com\/channel\/UCQXuhKa2uHtmNvLRUSx40JA\"]},{\"@type\":\"Person\",\"@id\":\"https:\/\/nid.pl\/#\/schema\/person\/e4f08cf2d901574a0bf4bc5a724d3c45\",\"name\":\"Magdalena Karpi\u0144ska\",\"image\":{\"@type\":\"ImageObject\",\"inLanguage\":\"en-GB\",\"@id\":\"https:\/\/nid.pl\/#\/schema\/person\/image\/\",\"url\":\"https:\/\/nid.pl\/wp-content\/litespeed\/avatar\/d642095868062d0e7a0dbc29a5e0400e.jpg?ver=1777281167\",\"contentUrl\":\"https:\/\/nid.pl\/wp-content\/litespeed\/avatar\/d642095868062d0e7a0dbc29a5e0400e.jpg?ver=1777281167\",\"caption\":\"Magdalena Karpi\u0144ska\"},\"url\":\"https:\/\/nid.pl\/en\/author\/mkarpinska\/\"}]}<\/script>\n<!-- \/ Yoast SEO plugin. -->","yoast_head_json":{"title":"HoReCa w architekturze - NID","robots":{"index":"index","follow":"follow","max-snippet":"max-snippet:-1","max-image-preview":"max-image-preview:large","max-video-preview":"max-video-preview:-1"},"canonical":"https:\/\/nid.pl\/en\/2026\/02\/20\/horeca-w-architekturze-2\/","og_locale":"en_GB","og_type":"article","og_title":"HoReCa w architekturze - NID","og_description":"Narodowy Instytut Dziedzictwa obj\u0105\u0142 patronatem honorowym drug\u0105 edycj\u0119 konferencji \u201eHoReCa w architekturze\u201d, kt\u00f3ra odb\u0119dzie si\u0119 27 marca 2026 roku w hotelu PURO Stare Miasto w Warszawie. Wydarzenie po\u015bwi\u0119cone jest wyzwaniom [&hellip;]","og_url":"https:\/\/nid.pl\/en\/2026\/02\/20\/horeca-w-architekturze-2\/","og_site_name":"NID","article_publisher":"https:\/\/www.facebook.com\/zabytek","article_published_time":"2026-02-20T11:09:39+00:00","article_modified_time":"2026-04-20T10:14:40+00:00","og_image":[{"width":1200,"height":800,"url":"https:\/\/nid.pl\/wp-content\/uploads\/2026\/02\/HoReCa-w-architekturze.jpg","type":"image\/jpeg"}],"author":"Magdalena Karpi\u0144ska","twitter_card":"summary_large_image","twitter_creator":"@NarIDpl","twitter_site":"@NarIDpl","twitter_misc":{"Written by":"Magdalena Karpi\u0144ska","Estimated reading time":"2 minutes"},"schema":{"@context":"https:\/\/schema.org","@graph":[{"@type":"Article","@id":"https:\/\/nid.pl\/2026\/02\/20\/horeca-w-architekturze-2\/#article","isPartOf":{"@id":"https:\/\/nid.pl\/2026\/02\/20\/horeca-w-architekturze-2\/"},"author":{"name":"Magdalena Karpi\u0144ska","@id":"https:\/\/nid.pl\/#\/schema\/person\/e4f08cf2d901574a0bf4bc5a724d3c45"},"headline":"HoReCa w architekturze","datePublished":"2026-02-20T11:09:39+00:00","dateModified":"2026-04-20T10:14:40+00:00","mainEntityOfPage":{"@id":"https:\/\/nid.pl\/2026\/02\/20\/horeca-w-architekturze-2\/"},"wordCount":324,"publisher":{"@id":"https:\/\/nid.pl\/#organization"},"image":{"@id":"https:\/\/nid.pl\/2026\/02\/20\/horeca-w-architekturze-2\/#primaryimage"},"thumbnailUrl":"https:\/\/nid.pl\/wp-content\/uploads\/2026\/02\/HoReCa-w-architekturze.jpg","articleSection":["Patronaty"],"inLanguage":"en-GB"},{"@type":"WebPage","@id":"https:\/\/nid.pl\/2026\/02\/20\/horeca-w-architekturze-2\/","url":"https:\/\/nid.pl\/2026\/02\/20\/horeca-w-architekturze-2\/","name":"HoReCa w architekturze - NID","isPartOf":{"@id":"https:\/\/nid.pl\/#website"},"primaryImageOfPage":{"@id":"https:\/\/nid.pl\/2026\/02\/20\/horeca-w-architekturze-2\/#primaryimage"},"image":{"@id":"https:\/\/nid.pl\/2026\/02\/20\/horeca-w-architekturze-2\/#primaryimage"},"thumbnailUrl":"https:\/\/nid.pl\/wp-content\/uploads\/2026\/02\/HoReCa-w-architekturze.jpg","datePublished":"2026-02-20T11:09:39+00:00","dateModified":"2026-04-20T10:14:40+00:00","breadcrumb":{"@id":"https:\/\/nid.pl\/2026\/02\/20\/horeca-w-architekturze-2\/#breadcrumb"},"inLanguage":"en-GB","potentialAction":[{"@type":"ReadAction","target":["https:\/\/nid.pl\/2026\/02\/20\/horeca-w-architekturze-2\/"]}]},{"@type":"ImageObject","inLanguage":"en-GB","@id":"https:\/\/nid.pl\/2026\/02\/20\/horeca-w-architekturze-2\/#primaryimage","url":"https:\/\/nid.pl\/wp-content\/uploads\/2026\/02\/HoReCa-w-architekturze.jpg","contentUrl":"https:\/\/nid.pl\/wp-content\/uploads\/2026\/02\/HoReCa-w-architekturze.jpg","width":1200,"height":800,"caption":"HoReCa w architekturze"},{"@type":"BreadcrumbList","@id":"https:\/\/nid.pl\/2026\/02\/20\/horeca-w-architekturze-2\/#breadcrumb","itemListElement":[{"@type":"ListItem","position":1,"name":"Home","item":"https:\/\/nid.pl\/"},{"@type":"ListItem","position":2,"name":"HoReCa w architekturze"}]},{"@type":"WebSite","@id":"https:\/\/nid.pl\/#website","url":"https:\/\/nid.pl\/","name":"NID","description":"Narodowy Instytut Dziedzictwa","publisher":{"@id":"https:\/\/nid.pl\/#organization"},"potentialAction":[{"@type":"SearchAction","target":{"@type":"EntryPoint","urlTemplate":"https:\/\/nid.pl\/?s={search_term_string}"},"query-input":{"@type":"PropertyValueSpecification","valueRequired":true,"valueName":"search_term_string"}}],"inLanguage":"en-GB"},{"@type":"Organization","@id":"https:\/\/nid.pl\/#organization","name":"Narodowy Instytut Dziedzictwa","url":"https:\/\/nid.pl\/","logo":{"@type":"ImageObject","inLanguage":"en-GB","@id":"https:\/\/nid.pl\/#\/schema\/logo\/image\/","url":"https:\/\/nid.pl\/wp-content\/uploads\/2022\/10\/logoRedDark.png","contentUrl":"https:\/\/nid.pl\/wp-content\/uploads\/2022\/10\/logoRedDark.png","width":200,"height":197,"caption":"Narodowy Instytut Dziedzictwa"},"image":{"@id":"https:\/\/nid.pl\/#\/schema\/logo\/image\/"},"sameAs":["https:\/\/www.facebook.com\/zabytek","https:\/\/x.com\/NarIDpl","https:\/\/www.instagram.com\/nid.pl\/?hl=pl","https:\/\/www.linkedin.com\/company\/narodowy-instytut-dziedzictwa","https:\/\/www.youtube.com\/channel\/UCQXuhKa2uHtmNvLRUSx40JA"]},{"@type":"Person","@id":"https:\/\/nid.pl\/#\/schema\/person\/e4f08cf2d901574a0bf4bc5a724d3c45","name":"Magdalena Karpi\u0144ska","image":{"@type":"ImageObject","inLanguage":"en-GB","@id":"https:\/\/nid.pl\/#\/schema\/person\/image\/","url":"https:\/\/nid.pl\/wp-content\/litespeed\/avatar\/d642095868062d0e7a0dbc29a5e0400e.jpg?ver=1777281167","contentUrl":"https:\/\/nid.pl\/wp-content\/litespeed\/avatar\/d642095868062d0e7a0dbc29a5e0400e.jpg?ver=1777281167","caption":"Magdalena Karpi\u0144ska"},"url":"https:\/\/nid.pl\/en\/author\/mkarpinska\/"}]}},"_links":{"self":[{"href":"https:\/\/nid.pl\/en\/wp-json\/wp\/v2\/posts\/34327","targetHints":{"allow":["GET"]}}],"collection":[{"href":"https:\/\/nid.pl\/en\/wp-json\/wp\/v2\/posts"}],"about":[{"href":"https:\/\/nid.pl\/en\/wp-json\/wp\/v2\/types\/post"}],"author":[{"embeddable":true,"href":"https:\/\/nid.pl\/en\/wp-json\/wp\/v2\/users\/17"}],"replies":[{"embeddable":true,"href":"https:\/\/nid.pl\/en\/wp-json\/wp\/v2\/comments?post=34327"}],"version-history":[{"count":1,"href":"https:\/\/nid.pl\/en\/wp-json\/wp\/v2\/posts\/34327\/revisions"}],"predecessor-version":[{"id":34329,"href":"https:\/\/nid.pl\/en\/wp-json\/wp\/v2\/posts\/34327\/revisions\/34329"}],"wp:featuredmedia":[{"embeddable":true,"href":"https:\/\/nid.pl\/en\/wp-json\/wp\/v2\/media\/32386"}],"wp:attachment":[{"href":"https:\/\/nid.pl\/en\/wp-json\/wp\/v2\/media?parent=34327"}],"wp:term":[{"taxonomy":"category","embeddable":true,"href":"https:\/\/nid.pl\/en\/wp-json\/wp\/v2\/categories?post=34327"},{"taxonomy":"post_tag","embeddable":true,"href":"https:\/\/nid.pl\/en\/wp-json\/wp\/v2\/tags?post=34327"}],"curies":[{"name":"wp","href":"https:\/\/api.w.org\/{rel}","templated":true}]}}