{"id":34253,"date":"2026-04-24T08:54:52","date_gmt":"2026-04-24T06:54:52","guid":{"rendered":"https:\/\/nid.pl\/?p=34253"},"modified":"2026-04-27T13:51:23","modified_gmt":"2026-04-27T11:51:23","slug":"webinarium-dla-organizatorow-eda","status":"publish","type":"post","link":"https:\/\/nid.pl\/en\/2026\/04\/24\/webinarium-dla-organizatorow-eda\/","title":{"rendered":"\u00a0\u201eZa kulisami &#8211; dni otwarte w archeologii\u201d &#8211; webinarium dla organizator\u00f3w EDA dost\u0119pne na YouTube"},"content":{"rendered":"<p><strong>Jak pokazywa\u0107 archeologi\u0119 od kuchni? Jak m\u00f3wi\u0107 o badaniach, by nie tylko przyci\u0105ga\u0107 uwag\u0119, ale te\u017c budowa\u0107 zrozumienie dla dziedzictwa archeologicznego? O tym rozmawiali\u015bmy podczas webinarium dla organizator\u00f3w Europejskich Dni Archeologii. Nagranie spotkania \u201eZa kulisami \u2013 dni otwarte w archeologii\u201d jest ju\u017c dost\u0119pne na YouTube NID TV &#8211; zapraszamy do obejrzenia wszystkich, kt\u00f3rzy nie mogli uczestniczy\u0107 na \u017cywo lub chc\u0105 wr\u00f3ci\u0107 do omawianych temat\u00f3w.<\/strong><\/p>\n\n\n\n<p>Spotkanie zosta\u0142o po\u015bwi\u0119cone dniom otwartym organizowanym na badaniach oraz w instytucjach archeologicznych &#8211; inicjatywom, kt\u00f3re mimo rozwoju EDA w Polsce nadal nale\u017c\u0105 do rzadko\u015bci. By\u0142a to okazja do wymiany do\u015bwiadcze\u0144, rozmowy o wyzwaniach organizacyjnych i refleksji nad tym, jak skutecznie pokazywa\u0107 odbiorcom codzienno\u015b\u0107 pracy archeolog\u00f3w.<\/p>\n\n\n\n<p>Do udzia\u0142u zaprosili\u015bmy przedstawicielki i przedstawicieli instytucji, kt\u00f3rzy podzielili si\u0119 swoimi praktykami i do\u015bwiadczeniami. W\u015br\u00f3d prelegent\u00f3w znale\u017ali si\u0119:<\/p>\n\n\n\n<ul class=\"wp-block-list\">\n<li>dr Nina Gli\u0144ska z Narodowego Instytutu Dziedzictwa,<\/li>\n\n\n\n<li>dr Sylwia J\u0119drzejewska z Instytutu Archeologii Uniwersytetu Rzeszowskiego,<\/li>\n\n\n\n<li>przedstawiciele Muzeum \u015al\u0105skiego w Katowicach: Marek Trojan, Ma\u0142gorzata Kurgan-Przybylska, Jacek Soida, Adam Pyzik i dr Renata Ab\u0142amowicz.<\/li>\n<\/ul>\n\n\n\n<p>O kwestiach organizacyjnych zwi\u0105zanych z EDA 2026 opowiedzia\u0142a dr Agnieszka Oniszczuk z Narodowego Instytutu Dziedzictwa.<\/p>\n\n\n\n<p>Cho\u0107 archeologia jest dzi\u015b coraz bardziej widoczna w przestrzeni publicznej, nie zawsze idzie za tym pog\u0142\u0119bione rozumienie procesu badawczego i znaczenia dziedzictwa archeologicznego. W debacie publicznej wci\u0105\u017c pojawiaj\u0105 si\u0119 uproszczenia, sensacyjne interpretacje i myl\u0105ce zestawienia profesjonalnych bada\u0144 z amatorskimi poszukiwaniami zabytk\u00f3w. Tym bardziej warto pokazywa\u0107 spo\u0142ecze\u0144stwu, jak naprawd\u0119 wygl\u0105da praca archeolog\u00f3w i dlaczego jej efekty maj\u0105 znaczenie dla nas wszystkich.<\/p>\n\n\n\n<p>Dni otwarte mog\u0105 by\u0107 jednym z najskuteczniejszych narz\u0119dzi budowania tej \u015bwiadomo\u015bci. To dzi\u0119ki nim archeologia staje si\u0119 bli\u017csza, bardziej zrozumia\u0142a i lepiej osadzona w do\u015bwiadczeniu odbiorc\u00f3w.<\/p>\n\n\n\n<p>Warto pami\u0119ta\u0107, \u017ce zaanga\u017cowani archeolodzy s\u0105 najlepszymi ambasadorami archeologii i dziedzictwa archeologicznego.<\/p>\n\n\n\n<div style=\"height:30px\" aria-hidden=\"true\" class=\"wp-block-spacer\"><\/div>\n\n\n\n<div class=\"wp-block-buttons is-content-justification-center is-layout-flex wp-container-core-buttons-is-layout-16018d1d wp-block-buttons-is-layout-flex\">\n<div class=\"wp-block-button has-custom-width wp-block-button__width-50\"><a class=\"wp-block-button__link has-background wp-element-button\" href=\"https:\/\/youtu.be\/I3_iOjxc1I8\" style=\"background:linear-gradient(135deg,rgb(26,112,187) 0%,rgb(33,76,171) 100%)\" target=\"_blank\" rel=\"noreferrer noopener\">Ogl\u0105daj na YouTube NID TV!<\/a><\/div>\n<\/div>\n\n\n\n<div style=\"height:50px\" aria-hidden=\"true\" class=\"wp-block-spacer\"><\/div>\n\n\n\n<figure data-wp-context=\"{&quot;imageId&quot;:&quot;69f5bddc37e1a&quot;}\" data-wp-interactive=\"core\/image\" data-wp-key=\"69f5bddc37e1a\" class=\"wp-block-image aligncenter size-large is-resized wp-lightbox-container\"><img loading=\"lazy\" decoding=\"async\" width=\"1024\" height=\"1024\" data-wp-class--hide=\"state.isContentHidden\" data-wp-class--show=\"state.isContentVisible\" data-wp-init=\"callbacks.setButtonStyles\" data-wp-on--click=\"actions.showLightbox\" data-wp-on--load=\"callbacks.setButtonStyles\" data-wp-on-window--resize=\"callbacks.setButtonStyles\" src=\"https:\/\/nid.pl\/wp-content\/uploads\/2026\/04\/EDA-2026-1024x1024.jpg\" alt=\"\" class=\"wp-image-34445\" style=\"width:707px;height:auto\" srcset=\"https:\/\/nid.pl\/wp-content\/uploads\/2026\/04\/EDA-2026-1024x1024.jpg 1024w, https:\/\/nid.pl\/wp-content\/uploads\/2026\/04\/EDA-2026-980x980.jpg 980w, https:\/\/nid.pl\/wp-content\/uploads\/2026\/04\/EDA-2026-480x480.jpg 480w\" sizes=\"(min-width: 0px) and (max-width: 480px) 480px, (min-width: 481px) and (max-width: 980px) 980px, (min-width: 981px) 1024px, 100vw\" \/><button\n\t\t\tclass=\"lightbox-trigger\"\n\t\t\ttype=\"button\"\n\t\t\taria-haspopup=\"dialog\"\n\t\t\taria-label=\"Enlarge\"\n\t\t\tdata-wp-init=\"callbacks.initTriggerButton\"\n\t\t\tdata-wp-on--click=\"actions.showLightbox\"\n\t\t\tdata-wp-style--right=\"state.imageButtonRight\"\n\t\t\tdata-wp-style--top=\"state.imageButtonTop\"\n\t\t>\n\t\t\t<svg xmlns=\"http:\/\/www.w3.org\/2000\/svg\" width=\"12\" height=\"12\" fill=\"none\" viewbox=\"0 0 12 12\">\n\t\t\t\t<path fill=\"#fff\" d=\"M2 0a2 2 0 0 0-2 2v2h1.5V2a.5.5 0 0 1 .5-.5h2V0H2Zm2 10.5H2a.5.5 0 0 1-.5-.5V8H0v2a2 2 0 0 0 2 2h2v-1.5ZM8 12v-1.5h2a.5.5 0 0 0 .5-.5V8H12v2a2 2 0 0 1-2 2H8Zm2-12a2 2 0 0 1 2 2v2h-1.5V2a.5.5 0 0 0-.5-.5H8V0h2Z\" \/>\n\t\t\t<\/svg>\n\t\t<\/button><figcaption class=\"wp-element-caption\">Webinarium dla organizator\u00f3w Europejskich Dni Archeologii<\/figcaption><\/figure>","protected":false},"excerpt":{"rendered":"<p>Jak pokazywa\u0107 archeologi\u0119 od kuchni? Jak m\u00f3wi\u0107 o badaniach, by nie tylko przyci\u0105ga\u0107 uwag\u0119, ale te\u017c budowa\u0107 zrozumienie dla dziedzictwa archeologicznego? O tym rozmawiali\u015bmy podczas webinarium dla organizator\u00f3w Europejskich Dni [&hellip;]<\/p>","protected":false},"author":18,"featured_media":34255,"comment_status":"closed","ping_status":"closed","sticky":false,"template":"","format":"standard","meta":{"_et_pb_use_builder":"off","_et_pb_old_content":"<!-- wp:paragraph -->\n<p><strong>Jak pokazywa\u0107 archeologi\u0119 od kuchni? Jak m\u00f3wi\u0107 o badaniach, by nie tylko przyci\u0105ga\u0107 uwag\u0119, ale te\u017c budowa\u0107 zrozumienie dla dziedzictwa archeologicznego? O tym porozmawiamy podczas webinarium dla organizator\u00f3w Europejskich Dni Archeologii, kt\u00f3re odb\u0119dzie si\u0119 20 kwietnia o godz. 11.00.<\/strong><\/p>\n<!-- \/wp:paragraph -->\n\n<!-- wp:paragraph -->\n<p>Spotkanie zostanie po\u015bwi\u0119cone dniom otwartym organizowanym na badaniach oraz w instytucjach archeologicznych - inicjatywom, kt\u00f3re mimo rozwoju EDA w Polsce nadal nale\u017c\u0105 do rzadko\u015bci. B\u0119dzie to okazja do wymiany do\u015bwiadcze\u0144, rozmowy o wyzwaniach organizacyjnych i refleksji nad tym, jak skutecznie pokazywa\u0107 odbiorcom codzienno\u015b\u0107 pracy archeolog\u00f3w.<\/p>\n<!-- \/wp:paragraph -->\n\n<!-- wp:paragraph -->\n<p>Do udzia\u0142u zaprosili\u015bmy przedstawicielki i przedstawicieli instytucji, kt\u00f3rzy podziel\u0105 si\u0119 swoimi praktykami i do\u015bwiadczeniami. W\u015br\u00f3d prelegent\u00f3w znajd\u0105 si\u0119:<\/p>\n<!-- \/wp:paragraph -->\n\n<!-- wp:list -->\n<ul class=\"wp-block-list\"><!-- wp:list-item -->\n<li>dr Nina Gli\u0144ska z Narodowego Instytutu Dziedzictwa,<\/li>\n<!-- \/wp:list-item -->\n\n<!-- wp:list-item -->\n<li>dr Sylwia J\u0119drzejewska z Instytutu Archeologii Uniwersytetu Rzeszowskiego,<\/li>\n<!-- \/wp:list-item -->\n\n<!-- wp:list-item -->\n<li>przedstawiciele Muzeum \u015al\u0105skiego w Katowicach: Marek Trojan, Ma\u0142gorzata Kurgan-Przybylska, Jacek Soida, Adam Pyzik i dr Renata Ab\u0142amowicz.<\/li>\n<!-- \/wp:list-item --><\/ul>\n<!-- \/wp:list -->\n\n<!-- wp:paragraph -->\n<p>O kwestiach organizacyjnych zwi\u0105zanych z EDA 2026 opowie r\u00f3wnie\u017c dr Agnieszka Oniszczuk z Narodowego Instytutu Dziedzictwa.<\/p>\n<!-- \/wp:paragraph -->\n\n<!-- wp:paragraph -->\n<p>Cho\u0107 archeologia jest dzi\u015b coraz bardziej widoczna w przestrzeni publicznej, nie zawsze idzie za tym pog\u0142\u0119bione rozumienie procesu badawczego i znaczenia dziedzictwa archeologicznego. W debacie publicznej wci\u0105\u017c pojawiaj\u0105 si\u0119 uproszczenia, sensacyjne interpretacje i myl\u0105ce zestawienia profesjonalnych bada\u0144 z amatorskimi poszukiwaniami zabytk\u00f3w. Tym bardziej warto pokazywa\u0107 spo\u0142ecze\u0144stwu, jak naprawd\u0119 wygl\u0105da praca archeolog\u00f3w i dlaczego jej efekty maj\u0105 znaczenie dla nas wszystkich.<\/p>\n<!-- \/wp:paragraph -->\n\n<!-- wp:paragraph -->\n<p>Dni otwarte mog\u0105 by\u0107 jednym z najskuteczniejszych narz\u0119dzi budowania tej \u015bwiadomo\u015bci. To dzi\u0119ki nim archeologia staje si\u0119 bli\u017csza, bardziej zrozumia\u0142a i lepiej osadzona w do\u015bwiadczeniu odbiorc\u00f3w.<\/p>\n<!-- \/wp:paragraph -->\n\n<!-- wp:paragraph -->\n<p>Warto pami\u0119ta\u0107, \u017ce zaanga\u017cowani archeolodzy s\u0105 najlepszymi ambasadorami archeologii i dziedzictwa archeologicznego.<\/p>\n<!-- \/wp:paragraph -->\n\n<!-- wp:paragraph -->\n<p><strong>Udzia\u0142 w webinarium nie wymaga wcze\u015bniejszej rejestracji. Spotkanie odb\u0119dzie si\u0119 na Platformie TEAMS<\/strong><\/p>\n<!-- \/wp:paragraph -->\n\n<!-- wp:spacer {\"height\":\"30px\"} -->\n<div style=\"height:30px\" aria-hidden=\"true\" class=\"wp-block-spacer\"><\/div>\n<!-- \/wp:spacer -->\n\n<!-- wp:buttons -->\n<div class=\"wp-block-buttons\"><!-- wp:button {\"width\":50,\"style\":{\"color\":{\"gradient\":\"linear-gradient(135deg,rgb(26,112,187) 0%,rgb(33,76,171) 100%)\"}}} -->\n<div class=\"wp-block-button has-custom-width wp-block-button__width-50\"><a class=\"wp-block-button__link has-background wp-element-button\" href=\"https:\/\/events.teams.microsoft.com\/event\/a195d824-7011-49b4-80cf-718001e5a3ff@263a2be6-39c0-4c4d-9b57-59437c69146e\" style=\"background:linear-gradient(135deg,rgb(26,112,187) 0%,rgb(33,76,171) 100%)\" target=\"_blank\" rel=\"noreferrer noopener\">Do\u0142\u0105cz do spotkania (MS Teams)<\/a><\/div>\n<!-- \/wp:button --><\/div>\n<!-- \/wp:buttons -->\n\n<!-- wp:spacer {\"height\":\"50px\"} -->\n<div style=\"height:50px\" aria-hidden=\"true\" class=\"wp-block-spacer\"><\/div>\n<!-- \/wp:spacer -->\n\n<!-- wp:image {\"lightbox\":{\"enabled\":true},\"id\":34254,\"sizeSlug\":\"large\",\"linkDestination\":\"none\",\"align\":\"center\"} -->\n<figure class=\"wp-block-image aligncenter size-large\"><img src=\"https:\/\/nid.pl\/wp-content\/uploads\/2026\/04\/EDA_2026_webinarium_program-768x1024.jpg\" alt=\"\" class=\"wp-image-34254\"\/><\/figure>\n<!-- \/wp:image -->","_et_gb_content_width":"","_monsterinsights_skip_tracking":false,"_monsterinsights_sitenote_active":false,"_monsterinsights_sitenote_note":"","_monsterinsights_sitenote_category":0,"footnotes":""},"categories":[3,79],"tags":[],"class_list":["post-34253","post","type-post","status-publish","format-standard","has-post-thumbnail","hentry","category-aktualnosci","category-europejskie-dni-archeologii"],"yoast_head":"<!-- This site is optimized with the Yoast SEO plugin v26.5 - https:\/\/yoast.com\/wordpress\/plugins\/seo\/ -->\n<title>\u00a0\u201eZa kulisami - dni otwarte w archeologii\u201d - webinarium dla organizator\u00f3w EDA dost\u0119pne na YouTube - NID<\/title>\n<meta name=\"robots\" content=\"index, follow, max-snippet:-1, max-image-preview:large, max-video-preview:-1\" \/>\n<link rel=\"canonical\" href=\"https:\/\/nid.pl\/en\/2026\/04\/24\/webinarium-dla-organizatorow-eda\/\" \/>\n<meta property=\"og:locale\" content=\"en_GB\" \/>\n<meta property=\"og:type\" content=\"article\" \/>\n<meta property=\"og:title\" content=\"\u00a0\u201eZa kulisami - dni otwarte w archeologii\u201d - webinarium dla organizator\u00f3w EDA dost\u0119pne na YouTube - NID\" \/>\n<meta property=\"og:description\" content=\"Jak pokazywa\u0107 archeologi\u0119 od kuchni? Jak m\u00f3wi\u0107 o badaniach, by nie tylko przyci\u0105ga\u0107 uwag\u0119, ale te\u017c budowa\u0107 zrozumienie dla dziedzictwa archeologicznego? O tym rozmawiali\u015bmy podczas webinarium dla organizator\u00f3w Europejskich Dni [&hellip;]\" \/>\n<meta property=\"og:url\" content=\"https:\/\/nid.pl\/en\/2026\/04\/24\/webinarium-dla-organizatorow-eda\/\" \/>\n<meta property=\"og:site_name\" content=\"NID\" \/>\n<meta property=\"article:publisher\" content=\"https:\/\/www.facebook.com\/zabytek\" \/>\n<meta property=\"article:published_time\" content=\"2026-04-24T06:54:52+00:00\" \/>\n<meta property=\"article:modified_time\" content=\"2026-04-27T11:51:23+00:00\" \/>\n<meta property=\"og:image\" content=\"https:\/\/nid.pl\/wp-content\/uploads\/2026\/04\/EDA_2026_webinarium.jpg\" \/>\n\t<meta property=\"og:image:width\" content=\"1200\" \/>\n\t<meta property=\"og:image:height\" content=\"800\" \/>\n\t<meta property=\"og:image:type\" content=\"image\/jpeg\" \/>\n<meta name=\"author\" content=\"Patrycja Adamczyk\" \/>\n<meta name=\"twitter:card\" content=\"summary_large_image\" \/>\n<meta name=\"twitter:creator\" content=\"@NarIDpl\" \/>\n<meta name=\"twitter:site\" content=\"@NarIDpl\" \/>\n<meta name=\"twitter:label1\" content=\"Written by\" \/>\n\t<meta name=\"twitter:data1\" content=\"Patrycja Adamczyk\" \/>\n\t<meta name=\"twitter:label2\" content=\"Estimated reading time\" \/>\n\t<meta name=\"twitter:data2\" content=\"3 minutes\" \/>\n<script type=\"application\/ld+json\" class=\"yoast-schema-graph\">{\"@context\":\"https:\/\/schema.org\",\"@graph\":[{\"@type\":\"Article\",\"@id\":\"https:\/\/nid.pl\/2026\/04\/24\/webinarium-dla-organizatorow-eda\/#article\",\"isPartOf\":{\"@id\":\"https:\/\/nid.pl\/2026\/04\/24\/webinarium-dla-organizatorow-eda\/\"},\"author\":{\"name\":\"Patrycja Adamczyk\",\"@id\":\"https:\/\/nid.pl\/#\/schema\/person\/f1d1c900c482522d2bd1a0ab19dc43b5\"},\"headline\":\"\u00a0\u201eZa kulisami &#8211; dni otwarte w archeologii\u201d &#8211; webinarium dla organizator\u00f3w EDA dost\u0119pne na YouTube\",\"datePublished\":\"2026-04-24T06:54:52+00:00\",\"dateModified\":\"2026-04-27T11:51:23+00:00\",\"mainEntityOfPage\":{\"@id\":\"https:\/\/nid.pl\/2026\/04\/24\/webinarium-dla-organizatorow-eda\/\"},\"wordCount\":347,\"publisher\":{\"@id\":\"https:\/\/nid.pl\/#organization\"},\"image\":{\"@id\":\"https:\/\/nid.pl\/2026\/04\/24\/webinarium-dla-organizatorow-eda\/#primaryimage\"},\"thumbnailUrl\":\"https:\/\/nid.pl\/wp-content\/uploads\/2026\/04\/EDA_2026_webinarium.jpg\",\"articleSection\":[\"Aktualno\u015bci\",\"EDA\"],\"inLanguage\":\"en-GB\"},{\"@type\":\"WebPage\",\"@id\":\"https:\/\/nid.pl\/2026\/04\/24\/webinarium-dla-organizatorow-eda\/\",\"url\":\"https:\/\/nid.pl\/2026\/04\/24\/webinarium-dla-organizatorow-eda\/\",\"name\":\"\u00a0\u201eZa kulisami - dni otwarte w archeologii\u201d - webinarium dla organizator\u00f3w EDA dost\u0119pne na YouTube - NID\",\"isPartOf\":{\"@id\":\"https:\/\/nid.pl\/#website\"},\"primaryImageOfPage\":{\"@id\":\"https:\/\/nid.pl\/2026\/04\/24\/webinarium-dla-organizatorow-eda\/#primaryimage\"},\"image\":{\"@id\":\"https:\/\/nid.pl\/2026\/04\/24\/webinarium-dla-organizatorow-eda\/#primaryimage\"},\"thumbnailUrl\":\"https:\/\/nid.pl\/wp-content\/uploads\/2026\/04\/EDA_2026_webinarium.jpg\",\"datePublished\":\"2026-04-24T06:54:52+00:00\",\"dateModified\":\"2026-04-27T11:51:23+00:00\",\"breadcrumb\":{\"@id\":\"https:\/\/nid.pl\/2026\/04\/24\/webinarium-dla-organizatorow-eda\/#breadcrumb\"},\"inLanguage\":\"en-GB\",\"potentialAction\":[{\"@type\":\"ReadAction\",\"target\":[\"https:\/\/nid.pl\/2026\/04\/24\/webinarium-dla-organizatorow-eda\/\"]}]},{\"@type\":\"ImageObject\",\"inLanguage\":\"en-GB\",\"@id\":\"https:\/\/nid.pl\/2026\/04\/24\/webinarium-dla-organizatorow-eda\/#primaryimage\",\"url\":\"https:\/\/nid.pl\/wp-content\/uploads\/2026\/04\/EDA_2026_webinarium.jpg\",\"contentUrl\":\"https:\/\/nid.pl\/wp-content\/uploads\/2026\/04\/EDA_2026_webinarium.jpg\",\"width\":1200,\"height\":800,\"caption\":\"Webinarium dla organizator\u00f3w Europejskich Dni Archeologii\"},{\"@type\":\"BreadcrumbList\",\"@id\":\"https:\/\/nid.pl\/2026\/04\/24\/webinarium-dla-organizatorow-eda\/#breadcrumb\",\"itemListElement\":[{\"@type\":\"ListItem\",\"position\":1,\"name\":\"Home\",\"item\":\"https:\/\/nid.pl\/\"},{\"@type\":\"ListItem\",\"position\":2,\"name\":\"\u00a0\u201eZa kulisami &#8211; dni otwarte w archeologii\u201d &#8211; webinarium dla organizator\u00f3w EDA dost\u0119pne na YouTube\"}]},{\"@type\":\"WebSite\",\"@id\":\"https:\/\/nid.pl\/#website\",\"url\":\"https:\/\/nid.pl\/\",\"name\":\"NID\",\"description\":\"Narodowy Instytut Dziedzictwa\",\"publisher\":{\"@id\":\"https:\/\/nid.pl\/#organization\"},\"potentialAction\":[{\"@type\":\"SearchAction\",\"target\":{\"@type\":\"EntryPoint\",\"urlTemplate\":\"https:\/\/nid.pl\/?s={search_term_string}\"},\"query-input\":{\"@type\":\"PropertyValueSpecification\",\"valueRequired\":true,\"valueName\":\"search_term_string\"}}],\"inLanguage\":\"en-GB\"},{\"@type\":\"Organization\",\"@id\":\"https:\/\/nid.pl\/#organization\",\"name\":\"Narodowy Instytut Dziedzictwa\",\"url\":\"https:\/\/nid.pl\/\",\"logo\":{\"@type\":\"ImageObject\",\"inLanguage\":\"en-GB\",\"@id\":\"https:\/\/nid.pl\/#\/schema\/logo\/image\/\",\"url\":\"https:\/\/nid.pl\/wp-content\/uploads\/2022\/10\/logoRedDark.png\",\"contentUrl\":\"https:\/\/nid.pl\/wp-content\/uploads\/2022\/10\/logoRedDark.png\",\"width\":200,\"height\":197,\"caption\":\"Narodowy Instytut Dziedzictwa\"},\"image\":{\"@id\":\"https:\/\/nid.pl\/#\/schema\/logo\/image\/\"},\"sameAs\":[\"https:\/\/www.facebook.com\/zabytek\",\"https:\/\/x.com\/NarIDpl\",\"https:\/\/www.instagram.com\/nid.pl\/?hl=pl\",\"https:\/\/www.linkedin.com\/company\/narodowy-instytut-dziedzictwa\",\"https:\/\/www.youtube.com\/channel\/UCQXuhKa2uHtmNvLRUSx40JA\"]},{\"@type\":\"Person\",\"@id\":\"https:\/\/nid.pl\/#\/schema\/person\/f1d1c900c482522d2bd1a0ab19dc43b5\",\"name\":\"Patrycja Adamczyk\",\"image\":{\"@type\":\"ImageObject\",\"inLanguage\":\"en-GB\",\"@id\":\"https:\/\/nid.pl\/#\/schema\/person\/image\/\",\"url\":\"https:\/\/nid.pl\/wp-content\/litespeed\/avatar\/e46462a2fea2678cdf38db7866f01bd3.jpg?ver=1777449467\",\"contentUrl\":\"https:\/\/nid.pl\/wp-content\/litespeed\/avatar\/e46462a2fea2678cdf38db7866f01bd3.jpg?ver=1777449467\",\"caption\":\"Patrycja Adamczyk\"},\"sameAs\":[\"http:\/\/www.nid.p\"],\"url\":\"https:\/\/nid.pl\/en\/author\/padamczyk\/\"}]}<\/script>\n<!-- \/ Yoast SEO plugin. -->","yoast_head_json":{"title":"\u00a0\u201eZa kulisami - dni otwarte w archeologii\u201d - webinarium dla organizator\u00f3w EDA dost\u0119pne na YouTube - NID","robots":{"index":"index","follow":"follow","max-snippet":"max-snippet:-1","max-image-preview":"max-image-preview:large","max-video-preview":"max-video-preview:-1"},"canonical":"https:\/\/nid.pl\/en\/2026\/04\/24\/webinarium-dla-organizatorow-eda\/","og_locale":"en_GB","og_type":"article","og_title":"\u00a0\u201eZa kulisami - dni otwarte w archeologii\u201d - webinarium dla organizator\u00f3w EDA dost\u0119pne na YouTube - NID","og_description":"Jak pokazywa\u0107 archeologi\u0119 od kuchni? Jak m\u00f3wi\u0107 o badaniach, by nie tylko przyci\u0105ga\u0107 uwag\u0119, ale te\u017c budowa\u0107 zrozumienie dla dziedzictwa archeologicznego? O tym rozmawiali\u015bmy podczas webinarium dla organizator\u00f3w Europejskich Dni [&hellip;]","og_url":"https:\/\/nid.pl\/en\/2026\/04\/24\/webinarium-dla-organizatorow-eda\/","og_site_name":"NID","article_publisher":"https:\/\/www.facebook.com\/zabytek","article_published_time":"2026-04-24T06:54:52+00:00","article_modified_time":"2026-04-27T11:51:23+00:00","og_image":[{"width":1200,"height":800,"url":"https:\/\/nid.pl\/wp-content\/uploads\/2026\/04\/EDA_2026_webinarium.jpg","type":"image\/jpeg"}],"author":"Patrycja Adamczyk","twitter_card":"summary_large_image","twitter_creator":"@NarIDpl","twitter_site":"@NarIDpl","twitter_misc":{"Written by":"Patrycja Adamczyk","Estimated reading time":"3 minutes"},"schema":{"@context":"https:\/\/schema.org","@graph":[{"@type":"Article","@id":"https:\/\/nid.pl\/2026\/04\/24\/webinarium-dla-organizatorow-eda\/#article","isPartOf":{"@id":"https:\/\/nid.pl\/2026\/04\/24\/webinarium-dla-organizatorow-eda\/"},"author":{"name":"Patrycja Adamczyk","@id":"https:\/\/nid.pl\/#\/schema\/person\/f1d1c900c482522d2bd1a0ab19dc43b5"},"headline":"\u00a0\u201eZa kulisami &#8211; dni otwarte w archeologii\u201d &#8211; webinarium dla organizator\u00f3w EDA dost\u0119pne na YouTube","datePublished":"2026-04-24T06:54:52+00:00","dateModified":"2026-04-27T11:51:23+00:00","mainEntityOfPage":{"@id":"https:\/\/nid.pl\/2026\/04\/24\/webinarium-dla-organizatorow-eda\/"},"wordCount":347,"publisher":{"@id":"https:\/\/nid.pl\/#organization"},"image":{"@id":"https:\/\/nid.pl\/2026\/04\/24\/webinarium-dla-organizatorow-eda\/#primaryimage"},"thumbnailUrl":"https:\/\/nid.pl\/wp-content\/uploads\/2026\/04\/EDA_2026_webinarium.jpg","articleSection":["Aktualno\u015bci","EDA"],"inLanguage":"en-GB"},{"@type":"WebPage","@id":"https:\/\/nid.pl\/2026\/04\/24\/webinarium-dla-organizatorow-eda\/","url":"https:\/\/nid.pl\/2026\/04\/24\/webinarium-dla-organizatorow-eda\/","name":"\u00a0\u201eZa kulisami - dni otwarte w archeologii\u201d - webinarium dla organizator\u00f3w EDA dost\u0119pne na YouTube - NID","isPartOf":{"@id":"https:\/\/nid.pl\/#website"},"primaryImageOfPage":{"@id":"https:\/\/nid.pl\/2026\/04\/24\/webinarium-dla-organizatorow-eda\/#primaryimage"},"image":{"@id":"https:\/\/nid.pl\/2026\/04\/24\/webinarium-dla-organizatorow-eda\/#primaryimage"},"thumbnailUrl":"https:\/\/nid.pl\/wp-content\/uploads\/2026\/04\/EDA_2026_webinarium.jpg","datePublished":"2026-04-24T06:54:52+00:00","dateModified":"2026-04-27T11:51:23+00:00","breadcrumb":{"@id":"https:\/\/nid.pl\/2026\/04\/24\/webinarium-dla-organizatorow-eda\/#breadcrumb"},"inLanguage":"en-GB","potentialAction":[{"@type":"ReadAction","target":["https:\/\/nid.pl\/2026\/04\/24\/webinarium-dla-organizatorow-eda\/"]}]},{"@type":"ImageObject","inLanguage":"en-GB","@id":"https:\/\/nid.pl\/2026\/04\/24\/webinarium-dla-organizatorow-eda\/#primaryimage","url":"https:\/\/nid.pl\/wp-content\/uploads\/2026\/04\/EDA_2026_webinarium.jpg","contentUrl":"https:\/\/nid.pl\/wp-content\/uploads\/2026\/04\/EDA_2026_webinarium.jpg","width":1200,"height":800,"caption":"Webinarium dla organizator\u00f3w Europejskich Dni Archeologii"},{"@type":"BreadcrumbList","@id":"https:\/\/nid.pl\/2026\/04\/24\/webinarium-dla-organizatorow-eda\/#breadcrumb","itemListElement":[{"@type":"ListItem","position":1,"name":"Home","item":"https:\/\/nid.pl\/"},{"@type":"ListItem","position":2,"name":"\u00a0\u201eZa kulisami &#8211; dni otwarte w archeologii\u201d &#8211; webinarium dla organizator\u00f3w EDA dost\u0119pne na YouTube"}]},{"@type":"WebSite","@id":"https:\/\/nid.pl\/#website","url":"https:\/\/nid.pl\/","name":"NID","description":"Narodowy Instytut Dziedzictwa","publisher":{"@id":"https:\/\/nid.pl\/#organization"},"potentialAction":[{"@type":"SearchAction","target":{"@type":"EntryPoint","urlTemplate":"https:\/\/nid.pl\/?s={search_term_string}"},"query-input":{"@type":"PropertyValueSpecification","valueRequired":true,"valueName":"search_term_string"}}],"inLanguage":"en-GB"},{"@type":"Organization","@id":"https:\/\/nid.pl\/#organization","name":"Narodowy Instytut Dziedzictwa","url":"https:\/\/nid.pl\/","logo":{"@type":"ImageObject","inLanguage":"en-GB","@id":"https:\/\/nid.pl\/#\/schema\/logo\/image\/","url":"https:\/\/nid.pl\/wp-content\/uploads\/2022\/10\/logoRedDark.png","contentUrl":"https:\/\/nid.pl\/wp-content\/uploads\/2022\/10\/logoRedDark.png","width":200,"height":197,"caption":"Narodowy Instytut Dziedzictwa"},"image":{"@id":"https:\/\/nid.pl\/#\/schema\/logo\/image\/"},"sameAs":["https:\/\/www.facebook.com\/zabytek","https:\/\/x.com\/NarIDpl","https:\/\/www.instagram.com\/nid.pl\/?hl=pl","https:\/\/www.linkedin.com\/company\/narodowy-instytut-dziedzictwa","https:\/\/www.youtube.com\/channel\/UCQXuhKa2uHtmNvLRUSx40JA"]},{"@type":"Person","@id":"https:\/\/nid.pl\/#\/schema\/person\/f1d1c900c482522d2bd1a0ab19dc43b5","name":"Patrycja Adamczyk","image":{"@type":"ImageObject","inLanguage":"en-GB","@id":"https:\/\/nid.pl\/#\/schema\/person\/image\/","url":"https:\/\/nid.pl\/wp-content\/litespeed\/avatar\/e46462a2fea2678cdf38db7866f01bd3.jpg?ver=1777449467","contentUrl":"https:\/\/nid.pl\/wp-content\/litespeed\/avatar\/e46462a2fea2678cdf38db7866f01bd3.jpg?ver=1777449467","caption":"Patrycja Adamczyk"},"sameAs":["http:\/\/www.nid.p"],"url":"https:\/\/nid.pl\/en\/author\/padamczyk\/"}]}},"_links":{"self":[{"href":"https:\/\/nid.pl\/en\/wp-json\/wp\/v2\/posts\/34253","targetHints":{"allow":["GET"]}}],"collection":[{"href":"https:\/\/nid.pl\/en\/wp-json\/wp\/v2\/posts"}],"about":[{"href":"https:\/\/nid.pl\/en\/wp-json\/wp\/v2\/types\/post"}],"author":[{"embeddable":true,"href":"https:\/\/nid.pl\/en\/wp-json\/wp\/v2\/users\/18"}],"replies":[{"embeddable":true,"href":"https:\/\/nid.pl\/en\/wp-json\/wp\/v2\/comments?post=34253"}],"version-history":[{"count":6,"href":"https:\/\/nid.pl\/en\/wp-json\/wp\/v2\/posts\/34253\/revisions"}],"predecessor-version":[{"id":34446,"href":"https:\/\/nid.pl\/en\/wp-json\/wp\/v2\/posts\/34253\/revisions\/34446"}],"wp:featuredmedia":[{"embeddable":true,"href":"https:\/\/nid.pl\/en\/wp-json\/wp\/v2\/media\/34255"}],"wp:attachment":[{"href":"https:\/\/nid.pl\/en\/wp-json\/wp\/v2\/media?parent=34253"}],"wp:term":[{"taxonomy":"category","embeddable":true,"href":"https:\/\/nid.pl\/en\/wp-json\/wp\/v2\/categories?post=34253"},{"taxonomy":"post_tag","embeddable":true,"href":"https:\/\/nid.pl\/en\/wp-json\/wp\/v2\/tags?post=34253"}],"curies":[{"name":"wp","href":"https:\/\/api.w.org\/{rel}","templated":true}]}}