{"id":34026,"date":"2026-04-16T10:45:08","date_gmt":"2026-04-16T08:45:08","guid":{"rendered":"https:\/\/nid.pl\/?p=34026"},"modified":"2026-04-16T11:42:40","modified_gmt":"2026-04-16T09:42:40","slug":"informacja-prasowa-mdoz-2026","status":"publish","type":"post","link":"https:\/\/nid.pl\/en\/2026\/04\/16\/informacja-prasowa-mdoz-2026\/","title":{"rendered":"Zapraszamy na konferencj\u0119 prasow\u0105 online \u2013 Mi\u0119dzynarodowy Dzie\u0144 Ochrony Zabytk\u00f3w"},"content":{"rendered":"<p><\/p>\n\n\n\n<div class=\"wp-block-media-text is-stacked-on-mobile\" style=\"grid-template-columns:15% auto\"><figure class=\"wp-block-media-text__media\"><img loading=\"lazy\" decoding=\"async\" width=\"300\" height=\"346\" src=\"https:\/\/nid.pl\/wp-content\/uploads\/2026\/04\/MDOZ_logotyp.jpg\" alt=\"\" class=\"wp-image-34038 size-full\" srcset=\"https:\/\/nid.pl\/wp-content\/uploads\/2026\/04\/MDOZ_logotyp.jpg 300w, https:\/\/nid.pl\/wp-content\/uploads\/2026\/04\/MDOZ_logotyp-260x300.jpg 260w, https:\/\/nid.pl\/wp-content\/uploads\/2026\/04\/MDOZ_logotyp-10x12.jpg 10w\" sizes=\"(max-width: 300px) 100vw, 300px\" \/><\/figure><div class=\"wp-block-media-text__content\">\n<p><strong>Od cyfrowych baz danych i dokumentacji zabytk\u00f3w po dylematy ochrony najm\u0142odszego dziedzictwa &#8211; program obchod\u00f3w Mi\u0119dzynarodowego Dnia Ochrony Zabytk\u00f3w 2026 wyznacza najwa\u017cniejsze kierunki dyskusji o przysz\u0142o\u015bci ochrony dziedzictwa w Polsce. <\/strong><\/p>\n\n\n\n<p><strong>Centralne wydarzenia odb\u0119d\u0105 si\u0119 16-17 kwietnia 2026 roku na Jasnej G\u00f3rze w Cz\u0119stochowie, gromadz\u0105c przedstawicieli administracji publicznej, ekspert\u00f3w i praktyk\u00f3w zaanga\u017cowanych w ochron\u0119 zabytk\u00f3w. Zapraszamy na konferencj\u0119 prasow\u0105, kt\u00f3ra odb\u0119dzie si\u0119 online na kanale YouTube NID TV.<\/strong><\/p>\n<\/div><\/div>\n\n\n\n<div style=\"height:30px\" aria-hidden=\"true\" class=\"wp-block-spacer\"><\/div>\n\n\n\n<p>Mi\u0119dzynarodowy Dzie\u0144 Ochrony Zabytk\u00f3w, obchodzony corocznie 18 kwietnia, jest okazj\u0105 do refleksji nad stanem dziedzictwa kulturowego oraz do rozmowy o rozwi\u0105zaniach, kt\u00f3re realnie wp\u0142ywaj\u0105 na jego ochron\u0119. Doroczne obchody, organizowane przez Narodowy Instytut Dziedzictwa, stanowi\u0105 wa\u017cn\u0105 platform\u0119 spotkania ekspert\u00f3w i praktyk\u00f3w: konserwator\u00f3w, historyk\u00f3w sztuki i architektury, archeolog\u00f3w, urbanist\u00f3w, przedstawicieli samorz\u0105d\u00f3w, instytucji publicznych i prywatnych, a tak\u017ce w\u0142a\u015bcicieli i opiekun\u00f3w zabytk\u00f3w.<\/p>\n\n\n\n<h2 class=\"wp-block-heading\" style=\"font-size:16px\"><strong>Jasna G\u00f3ra &#8211; miejsce obchod\u00f3w<\/strong><\/h2>\n\n\n\n<p>Tegoroczne obchody odbywaj\u0105 si\u0119 w zespole klasztoru ojc\u00f3w Paulin\u00f3w na Jasnej G\u00f3rze w Cz\u0119stochowie, uznanym za pomnik historii. To najwa\u017cniejsze sanktuarium maryjne w Polsce, kt\u00f3re od 1382 roku pe\u0142ni nieprzerwanie swoj\u0105 funkcj\u0119 religijn\u0105 i kulturow\u0105, b\u0119d\u0105c jednym z najwa\u017cniejszych o\u015brodk\u00f3w pielgrzymkowych w Europie \u015arodkowej.<\/p>\n\n\n\n<p>Kompleks klasztorny jest \u015bwiadectwem wielowiekowego rozwoju architektury, od gotyckich pocz\u0105tk\u00f3w, przez rozbudow\u0119 fortyfikacji w XVII wieku, po barokowe przekszta\u0142cenia i p\u00f3\u017aniejsze modernizacje. Jego znaczenie wykracza jednak poza wymiar materialny. To tak\u017ce przestrze\u0144 o szczeg\u00f3lnej warto\u015bci duchowej i symbolicznej, g\u0142\u0119boko zakorzeniona w historii i to\u017csamo\u015bci narodowej.<\/p>\n\n\n\n<p><\/p>\n\n\n\n<h2 class=\"wp-block-heading\" style=\"font-size:16px\"><strong>O Mi\u0119dzynarodowym Dniu Ochrony Zabytk\u00f3w<\/strong><\/h2>\n\n\n\n<p>Mi\u0119dzynarodowy Dzie\u0144 Ochrony Zabytk\u00f3w zosta\u0142 ustanowiony w 1983 roku przez Mi\u0119dzynarodow\u0105 Rad\u0119 Ochrony Zabytk\u00f3w ICOMOS i wpisany przez UNESCO do rejestru wa\u017cnych dat o znaczeniu \u015bwiatowym. To \u015bwi\u0119to wszystkich os\u00f3b zaanga\u017cowanych w ochron\u0119 dziedzictwa &#8211; zar\u00f3wno specjalist\u00f3w, jak i w\u0142a\u015bcicieli oraz opiekun\u00f3w zabytk\u00f3w.<\/p>\n\n\n\n<p>Obchody tego dnia sprzyjaj\u0105 dyskusji o zarz\u0105dzaniu dziedzictwem, wymianie do\u015bwiadcze\u0144 oraz przybli\u017caniu spo\u0142ecze\u0144stwu znaczenia ochrony zabytk\u00f3w i wyzwa\u0144 z ni\u0105 zwi\u0105zanych. W programie tegorocznych obchod\u00f3w znajdzie si\u0119 r\u00f3wnie\u017c uroczyste wr\u0119czenie odznacze\u0144 nadanych przez Ministra Kultury i Dziedzictwa Narodowego, w tym honorowych odznak \u201eZas\u0142u\u017cony dla Kultury Polskiej\u201d oraz odznak \u201eZa opiek\u0119 nad zabytkami\u201d.<\/p>\n\n\n\n<p>Mi\u0119dzynarodowy Dzie\u0144 Ochrony Zabytk\u00f3w przypomina, \u017ce dziedzictwo kulturowe wymaga sta\u0142ej troski, odpowiedzialno\u015bci i wsp\u00f3\u0142pracy wielu \u015brodowisk. Obchody na Jasnej G\u00f3rze w 2026 roku b\u0119d\u0105 okazj\u0105 do podsumowania dotychczasowych dzia\u0142a\u0144, a zarazem impulsem do dalszej pracy na rzecz ochrony wsp\u00f3lnego dziedzictwa.<\/p>\n\n\n\n<div class=\"wp-block-columns is-layout-flex wp-container-core-columns-is-layout-9d6595d7 wp-block-columns-is-layout-flex\">\n<div class=\"wp-block-column is-layout-flow wp-block-column-is-layout-flow\" style=\"flex-basis:66.66%\">\n<p><strong>Konferencja prasowa<\/strong><\/p>\n\n\n\n<p><strong>Konferencja prasowa odb\u0119dzie si\u0119:<br>\ud83d\udcc5 16 kwietnia 2026 r.<br>\ud83d\udd5b godz. 12:00<br>\ud83d\udccd Kaplica \u015bw. Jana Paw\u0142a II, Jasna G\u00f3ra w Cz\u0119stochowie<\/strong><br>\ud83c\udfa5 <strong>Konferencja b\u0119dzie transmitowana r\u00f3wnie\u017c online na kanale YouTube.<\/strong><\/p>\n<\/div>\n\n\n\n<div class=\"wp-block-column is-vertically-aligned-center is-layout-flow wp-block-column-is-layout-flow\" style=\"flex-basis:33.33%\">\n<div class=\"wp-block-buttons is-layout-flex wp-block-buttons-is-layout-flex\">\n<div class=\"wp-block-button\"><a class=\"wp-block-button__link has-background wp-element-button\" style=\"background:linear-gradient(135deg,rgb(112,179,128) 0%,rgb(22,78,95) 100%)\">T<strong>ransmisja online na \u017cywo<\/strong> (<strong>YouTube<\/strong>)<\/a><\/div>\n<\/div>\n<\/div>\n<\/div>\n\n\n\n<p><\/p>\n\n\n\n<p><\/p>\n\n\n\n<p><strong>W konferencji udzia\u0142 wezm\u0105 m.in.:<\/strong><\/p>\n\n\n\n<ul class=\"wp-block-list\">\n<li><strong>Bo\u017cena \u017belazowska<\/strong> \u2013 Sekretarz Stanu w Ministerstwie Kultury i Dziedzictwa Narodowego, Generalny Konserwator Zabytk\u00f3w,<\/li>\n\n\n\n<li><strong>Karol Czajkowski<\/strong> \u2013 Zast\u0119pca Dyrektorki Narodowego Instytutu Dziedzictwa,<\/li>\n\n\n\n<li><strong>o. dr Grzegorz Prus<\/strong> \u2013 Definitor Generalny Zakonu Paulin\u00f3w,<\/li>\n\n\n\n<li><strong>dr Aleksander Broda<\/strong>.<\/li>\n<\/ul>\n\n\n\n<p><\/p>\n\n\n\n<h2 class=\"wp-block-heading\" style=\"font-size:16px\"><strong>Kontakt dla medi\u00f3w:<\/strong><\/h2>\n\n\n\n<p>Patrycja Adamczyk<br>telefon: +48 609 008 643<br>e-mail: <a href=\"mailto:padamczyk@nid.pl\" target=\"_blank\" rel=\"noreferrer noopener\">padamczyk@nid.pl<\/a><\/p>\n\n\n\n<p><\/p>\n\n\n\n<p><strong>Patronat medialny:<\/strong> Polskie Radio, TVP3, Radio Jura, Dziennik Zachodni, Cz\u0119stochowa.pl, Orion TV Zawsze blisko Ciebie, Biuro Prasowe Jasnej G\u00f3ry<\/p>\n\n\n\n<p><\/p>\n\n\n\n<figure class=\"wp-block-embed aligncenter is-type-video is-provider-youtube wp-block-embed-youtube wp-embed-aspect-4-3 wp-has-aspect-ratio\"><div class=\"wp-block-embed__wrapper\">\n<iframe loading=\"lazy\" title=\"Konferencja prasowa - Mi\u0119dzynarodowy Dzie\u0144 Ochrony Zabytk\u00f3w 2026\" width=\"1080\" height=\"608\" src=\"https:\/\/www.youtube.com\/embed\/XVTDMov_U9A?feature=oembed\"  allow=\"accelerometer; autoplay; clipboard-write; encrypted-media; gyroscope; picture-in-picture; web-share\" referrerpolicy=\"strict-origin-when-cross-origin\" allowfullscreen><\/iframe>\n<\/div><\/figure>\n\n\n\n<p><\/p>\n\n\n\n<h2 class=\"wp-block-heading\" style=\"font-size:16px\"><strong>Pobierz:<\/strong><\/h2>\n\n\n\n<p><a class=\"attachment\" href=\"https:\/\/nid.pl\/wp-content\/uploads\/2026\/04\/MDOZ-2026-grafika-kwadrat-scaled.jpg\" target=\"_blank\" rel=\"noreferrer noopener\">MDOZ 2026 &#8211; grafika (jpg)<\/a><\/p>\n\n\n\n<p><\/p>\n\n\n\n<p><\/p>\n\n\n\n<div style=\"height:30px\" aria-hidden=\"true\" class=\"wp-block-spacer\"><\/div>\n\n\n\n<figure data-wp-context=\"{&quot;imageId&quot;:&quot;69f5ca8379aae&quot;}\" data-wp-interactive=\"core\/image\" data-wp-key=\"69f5ca8379aae\" class=\"wp-block-image aligncenter size-large is-resized wp-lightbox-container\"><img loading=\"lazy\" decoding=\"async\" width=\"1024\" height=\"1024\" data-wp-class--hide=\"state.isContentHidden\" data-wp-class--show=\"state.isContentVisible\" data-wp-init=\"callbacks.setButtonStyles\" data-wp-on--click=\"actions.showLightbox\" data-wp-on--load=\"callbacks.setButtonStyles\" data-wp-on-window--resize=\"callbacks.setButtonStyles\" src=\"https:\/\/nid.pl\/wp-content\/uploads\/2026\/04\/MDOZ-2026-grafika-kwadrat-plakat-1024x1024.jpg\" alt=\"\" class=\"wp-image-34033\" style=\"width:561px;height:auto\" srcset=\"https:\/\/nid.pl\/wp-content\/uploads\/2026\/04\/MDOZ-2026-grafika-kwadrat-plakat-980x980.jpg 980w, https:\/\/nid.pl\/wp-content\/uploads\/2026\/04\/MDOZ-2026-grafika-kwadrat-plakat-480x480.jpg 480w\" sizes=\"(min-width: 0px) and (max-width: 480px) 480px, (min-width: 481px) and (max-width: 980px) 980px, (min-width: 981px) 1024px, 100vw\" \/><button\n\t\t\tclass=\"lightbox-trigger\"\n\t\t\ttype=\"button\"\n\t\t\taria-haspopup=\"dialog\"\n\t\t\taria-label=\"Enlarge\"\n\t\t\tdata-wp-init=\"callbacks.initTriggerButton\"\n\t\t\tdata-wp-on--click=\"actions.showLightbox\"\n\t\t\tdata-wp-style--right=\"state.imageButtonRight\"\n\t\t\tdata-wp-style--top=\"state.imageButtonTop\"\n\t\t>\n\t\t\t<svg xmlns=\"http:\/\/www.w3.org\/2000\/svg\" width=\"12\" height=\"12\" fill=\"none\" viewbox=\"0 0 12 12\">\n\t\t\t\t<path fill=\"#fff\" d=\"M2 0a2 2 0 0 0-2 2v2h1.5V2a.5.5 0 0 1 .5-.5h2V0H2Zm2 10.5H2a.5.5 0 0 1-.5-.5V8H0v2a2 2 0 0 0 2 2h2v-1.5ZM8 12v-1.5h2a.5.5 0 0 0 .5-.5V8H12v2a2 2 0 0 1-2 2H8Zm2-12a2 2 0 0 1 2 2v2h-1.5V2a.5.5 0 0 0-.5-.5H8V0h2Z\" \/>\n\t\t\t<\/svg>\n\t\t<\/button><\/figure>\n\n\n\n<div style=\"height:30px\" aria-hidden=\"true\" class=\"wp-block-spacer\"><\/div>","protected":false},"excerpt":{"rendered":"<p>Od cyfrowych baz danych i dokumentacji zabytk\u00f3w po dylematy ochrony najm\u0142odszego dziedzictwa &#8211; program obchod\u00f3w Mi\u0119dzynarodowego Dnia Ochrony Zabytk\u00f3w 2026 wyznacza najwa\u017cniejsze kierunki dyskusji o przysz\u0142o\u015bci ochrony dziedzictwa w Polsce. [&hellip;]<\/p>","protected":false},"author":4,"featured_media":34103,"comment_status":"closed","ping_status":"closed","sticky":false,"template":"","format":"standard","meta":{"_et_pb_use_builder":"off","_et_pb_old_content":"<!-- wp:paragraph -->\n<p><\/p>\n<!-- \/wp:paragraph -->\n\n<!-- wp:media-text {\"mediaId\":34038,\"mediaLink\":\"https:\/\/nid.pl\/?attachment_id=34038\",\"mediaType\":\"image\",\"mediaWidth\":15} -->\n<div class=\"wp-block-media-text is-stacked-on-mobile\" style=\"grid-template-columns:15% auto\"><figure class=\"wp-block-media-text__media\"><img src=\"https:\/\/nid.pl\/wp-content\/uploads\/2026\/04\/MDOZ_logotyp.jpg\" alt=\"\" class=\"wp-image-34038 size-full\"\/><\/figure><div class=\"wp-block-media-text__content\"><!-- wp:paragraph {\"placeholder\":\"Tre\u015b\u0107\u2026\"} -->\n<p><strong>Od cyfrowych baz danych i dokumentacji zabytk\u00f3w po dylematy ochrony najm\u0142odszego dziedzictwa - program obchod\u00f3w Mi\u0119dzynarodowego Dnia Ochrony Zabytk\u00f3w 2026 wyznacza g\u0142\u00f3wne tematy dyskusji o przysz\u0142o\u015bci ochrony dziedzictwa w Polsce. Centralne wydarzenia odb\u0119d\u0105 si\u0119 16-17 kwietnia 2026 roku na Jasnej G\u00f3rze w Cz\u0119stochowie, gromadz\u0105c przedstawicieli administracji publicznej, ekspert\u00f3w oraz praktyk\u00f3w zaanga\u017cowanych w ochron\u0119 zabytk\u00f3w. Na obchody zapraszaj\u0105 Sekretarz Stanu w Ministerstwie Kultury i Dziedzictwa Narodowego, Generalny Konserwator Zabytk\u00f3w Bo\u017cena \u017belazowska oraz Dyrektorka Narodowego Instytutu Dziedzictwa Marlena Happach.<\/strong><\/p>\n<!-- \/wp:paragraph --><\/div><\/div>\n<!-- \/wp:media-text -->\n\n<!-- wp:spacer {\"height\":\"30px\"} -->\n<div style=\"height:30px\" aria-hidden=\"true\" class=\"wp-block-spacer\"><\/div>\n<!-- \/wp:spacer -->\n\n<!-- wp:paragraph -->\n<p>Mi\u0119dzynarodowy Dzie\u0144 Ochrony Zabytk\u00f3w, obchodzony corocznie 18 kwietnia, to moment refleksji nad stanem dziedzictwa kulturowego oraz okazja do rozmowy o rozwi\u0105zaniach, kt\u00f3re maj\u0105 realny wp\u0142yw na jego ochron\u0119. Doroczne obchody, organizowane przez Narodowy Instytut Dziedzictwa, stanowi\u0105 wa\u017cn\u0105 platform\u0119 spotka\u0144 ekspert\u00f3w i praktyk\u00f3w - konserwator\u00f3w, historyk\u00f3w sztuki i architektury, archeolog\u00f3w, urbanist\u00f3w, przedstawicieli samorz\u0105d\u00f3w, instytucji publicznych i prywatnych, a tak\u017ce w\u0142a\u015bcicieli oraz opiekun\u00f3w zabytk\u00f3w.<\/p>\n<!-- \/wp:paragraph -->\n\n<!-- wp:heading {\"style\":{\"typography\":{\"fontSize\":\"16px\"}}} -->\n<h2 class=\"wp-block-heading\" style=\"font-size:16px\"><strong>Jasna G\u00f3ra - miejsce obchod\u00f3w<\/strong><\/h2>\n<!-- \/wp:heading -->\n\n<!-- wp:paragraph -->\n<p>Tegoroczne obchody odbywaj\u0105 si\u0119 w zespole klasztoru ojc\u00f3w Paulin\u00f3w na Jasnej G\u00f3rze w Cz\u0119stochowie, uznanym za pomnik historii. To najwa\u017cniejsze sanktuarium maryjne w Polsce, kt\u00f3re od 1382 roku pe\u0142ni nieprzerwanie swoj\u0105 funkcj\u0119 religijn\u0105 i kulturow\u0105, b\u0119d\u0105c jednym z najwa\u017cniejszych o\u015brodk\u00f3w pielgrzymkowych w Europie \u015arodkowej.<\/p>\n<!-- \/wp:paragraph -->\n\n<!-- wp:paragraph -->\n<p>Kompleks klasztorny jest \u015bwiadectwem wielowiekowego rozwoju architektury, od gotyckich pocz\u0105tk\u00f3w, przez rozbudow\u0119 fortyfikacji w XVII wieku, po barokowe przekszta\u0142cenia i p\u00f3\u017aniejsze modernizacje. Jego znaczenie wykracza jednak poza wymiar materialny. To tak\u017ce przestrze\u0144 o szczeg\u00f3lnej warto\u015bci duchowej i symbolicznej, g\u0142\u0119boko zakorzeniona w historii i to\u017csamo\u015bci narodowej.<\/p>\n<!-- \/wp:paragraph -->\n\n<!-- wp:paragraph -->\n<p><\/p>\n<!-- \/wp:paragraph -->\n\n<!-- wp:heading {\"style\":{\"typography\":{\"fontSize\":\"16px\"}}} -->\n<h2 class=\"wp-block-heading\" style=\"font-size:16px\"><strong>O Mi\u0119dzynarodowym Dniu Ochrony Zabytk\u00f3w<\/strong><\/h2>\n<!-- \/wp:heading -->\n\n<!-- wp:paragraph -->\n<p>Mi\u0119dzynarodowy Dzie\u0144 Ochrony Zabytk\u00f3w zosta\u0142 ustanowiony w 1983 roku przez Mi\u0119dzynarodow\u0105 Rad\u0119 Ochrony Zabytk\u00f3w ICOMOS i wpisany przez UNESCO do rejestru wa\u017cnych dat o znaczeniu dla ca\u0142ego \u015bwiata. Jest to \u015bwi\u0119to wszystkich os\u00f3b zaanga\u017cowanych w ochron\u0119 dziedzictwa - zar\u00f3wno specjalist\u00f3w, jak i w\u0142a\u015bcicieli oraz opiekun\u00f3w zabytk\u00f3w.<\/p>\n<!-- \/wp:paragraph -->\n\n<!-- wp:paragraph -->\n<p>Obchody tego dnia zach\u0119caj\u0105 do dyskusji o zarz\u0105dzaniu dziedzictwem, wymiany do\u015bwiadcze\u0144 oraz przybli\u017cania spo\u0142ecze\u0144stwu znaczenia ochrony zabytk\u00f3w i wyzwa\u0144 z ni\u0105 zwi\u0105zanych. Podczas obchod\u00f3w odb\u0119dzie si\u0119 r\u00f3wnie\u017c uroczyste wr\u0119czenie odznacze\u0144 nadanych przez Ministra Kultury i Dziedzictwa Narodowego, w tym honorowych odznak \u201eZas\u0142u\u017cony dla Kultury Polskiej\u201d oraz odznak \u201eZa opiek\u0119 nad zabytkami\u201d. Mi\u0119dzynarodowy Dzie\u0144 Ochrony Zabytk\u00f3w przypomina, \u017ce dziedzictwo kulturowe wymaga sta\u0142ej troski, odpowiedzialno\u015bci i wsp\u00f3\u0142pracy wielu \u015brodowisk. Obchody na Jasnej G\u00f3rze w 2026 roku pozwol\u0105 podsumowa\u0107 dotychczasowe dzia\u0142ania i stan\u0105 si\u0119 impulsem do dalszych prac na rzecz ochrony wsp\u00f3lnego dziedzictwa.<\/p>\n<!-- \/wp:paragraph -->\n\n<!-- wp:paragraph -->\n<p><strong>Konferencja prasowa<\/strong><\/p>\n<!-- \/wp:paragraph -->\n\n<!-- wp:paragraph -->\n<p><strong>Konferencja prasowa odb\u0119dzie si\u0119:<br>\ud83d\udcc5 16 kwietnia 2026 r.<br>\ud83d\udd5b godz. 12:00<br>\ud83d\udccd Kaplica \u015bw. Jana Paw\u0142a II, Jasna G\u00f3ra w Cz\u0119stochowie<\/strong><\/p>\n<!-- \/wp:paragraph -->\n\n<!-- wp:paragraph -->\n<p><strong>W konferencji udzia\u0142 wezm\u0105 m.in.:<\/strong><\/p>\n<!-- \/wp:paragraph -->\n\n<!-- wp:list -->\n<ul class=\"wp-block-list\"><!-- wp:list-item -->\n<li><strong>Bo\u017cena \u017belazowska<\/strong> \u2013 Sekretarz Stanu w Ministerstwie Kultury i Dziedzictwa Narodowego, Generalny Konserwator Zabytk\u00f3w,<\/li>\n<!-- \/wp:list-item -->\n\n<!-- wp:list-item -->\n<li><strong>Anna Zawadzka<\/strong> oraz <strong>Karol Czajkowski<\/strong> \u2013 Zast\u0119pcy Dyrektorki Narodowego Instytutu Dziedzictwa,<\/li>\n<!-- \/wp:list-item -->\n\n<!-- wp:list-item -->\n<li><strong>przedstawiciele gospodarzy miejsca oraz eksperci<\/strong>.<\/li>\n<!-- \/wp:list-item --><\/ul>\n<!-- \/wp:list -->\n\n<!-- wp:heading {\"style\":{\"typography\":{\"fontSize\":\"16px\"}}} -->\n<h2 class=\"wp-block-heading\" style=\"font-size:16px\"><strong>Kontakt dla medi\u00f3w:<\/strong><\/h2>\n<!-- \/wp:heading -->\n\n<!-- wp:paragraph -->\n<p>Patrycja Adamczyk<br>telefon: +48 609 008 643<br>e-mail: <a href=\"mailto:padamczyk@nid.pl\" target=\"_blank\" rel=\"noreferrer noopener\">padamczyk@nid.pl<\/a><\/p>\n<!-- \/wp:paragraph -->\n\n<!-- wp:paragraph -->\n<p><\/p>\n<!-- \/wp:paragraph -->\n\n<!-- wp:heading {\"style\":{\"typography\":{\"fontSize\":\"16px\"}}} -->\n<h2 class=\"wp-block-heading\" style=\"font-size:16px\"><strong>Pobierz:<\/strong><\/h2>\n<!-- \/wp:heading -->\n\n<!-- wp:paragraph -->\n<p><a class=\"attachment\" href=\"https:\/\/nid.pl\/wp-content\/uploads\/2026\/04\/NID-informacja-prasowa-MDOZ-2026.pdf\" target=\"_blank\" rel=\"noreferrer noopener\">Informacja prasowa MDOZ 2026 (pdf)<\/a><\/p>\n<!-- \/wp:paragraph -->\n\n<!-- wp:paragraph -->\n<p><a class=\"attachment\" href=\"https:\/\/nid.pl\/wp-content\/uploads\/2026\/04\/MDOZ-2026-grafika-kwadrat-scaled.jpg\" target=\"_blank\" rel=\"noreferrer noopener\">MDOZ 2026 - grafika (jpg)<\/a><\/p>\n<!-- \/wp:paragraph -->\n\n<!-- wp:paragraph -->\n<p><\/p>\n<!-- \/wp:paragraph -->\n\n<!-- wp:paragraph -->\n<p><strong>Patronat medialny:<\/strong> Polskie Radio, TVP3, Radio Jura, Dziennik Zachodni, Cz\u0119stochowa.pl, Orion TV Zawsze blisko Ciebie, Biuro Prasowe Jasnej G\u00f3ry<\/p>\n<!-- \/wp:paragraph -->\n\n<!-- wp:spacer {\"height\":\"30px\"} -->\n<div style=\"height:30px\" aria-hidden=\"true\" class=\"wp-block-spacer\"><\/div>\n<!-- \/wp:spacer -->\n\n<!-- wp:image {\"lightbox\":{\"enabled\":true},\"id\":34033,\"width\":\"561px\",\"height\":\"auto\",\"sizeSlug\":\"large\",\"linkDestination\":\"none\",\"align\":\"center\"} -->\n<figure class=\"wp-block-image aligncenter size-large is-resized\"><img src=\"https:\/\/nid.pl\/wp-content\/uploads\/2026\/04\/MDOZ-2026-grafika-kwadrat-plakat-1024x1024.jpg\" alt=\"\" class=\"wp-image-34033\" style=\"width:561px;height:auto\"\/><\/figure>\n<!-- \/wp:image -->\n\n<!-- wp:spacer {\"height\":\"30px\"} -->\n<div style=\"height:30px\" aria-hidden=\"true\" class=\"wp-block-spacer\"><\/div>\n<!-- \/wp:spacer -->","_et_gb_content_width":"","_monsterinsights_skip_tracking":false,"_monsterinsights_sitenote_active":false,"_monsterinsights_sitenote_note":"","_monsterinsights_sitenote_category":0,"footnotes":""},"categories":[3,163,82],"tags":[],"class_list":["post-34026","post","type-post","status-publish","format-standard","has-post-thumbnail","hentry","category-aktualnosci","category-media","category-miedzynarodowy-dzien-ochrony-zabytkow"],"yoast_head":"<!-- This site is optimized with the Yoast SEO plugin v26.5 - https:\/\/yoast.com\/wordpress\/plugins\/seo\/ -->\n<title>Zapraszamy na konferencj\u0119 prasow\u0105 online \u2013 Mi\u0119dzynarodowy Dzie\u0144 Ochrony Zabytk\u00f3w - NID<\/title>\n<meta name=\"description\" content=\"Informacja prasowa - Mi\u0119dzynarodowy Dzie\u0144 Ochrony Zabytk\u00f3w 2026\" \/>\n<meta name=\"robots\" content=\"index, follow, max-snippet:-1, max-image-preview:large, max-video-preview:-1\" \/>\n<link rel=\"canonical\" href=\"https:\/\/nid.pl\/en\/2026\/04\/16\/informacja-prasowa-mdoz-2026\/\" \/>\n<meta property=\"og:locale\" content=\"en_GB\" \/>\n<meta property=\"og:type\" content=\"article\" \/>\n<meta property=\"og:title\" content=\"Zapraszamy na konferencj\u0119 prasow\u0105 online \u2013 Mi\u0119dzynarodowy Dzie\u0144 Ochrony Zabytk\u00f3w - NID\" \/>\n<meta property=\"og:description\" content=\"Informacja prasowa - Mi\u0119dzynarodowy Dzie\u0144 Ochrony Zabytk\u00f3w 2026\" \/>\n<meta property=\"og:url\" content=\"https:\/\/nid.pl\/en\/2026\/04\/16\/informacja-prasowa-mdoz-2026\/\" \/>\n<meta property=\"og:site_name\" content=\"NID\" \/>\n<meta property=\"article:publisher\" content=\"https:\/\/www.facebook.com\/zabytek\" \/>\n<meta property=\"article:published_time\" content=\"2026-04-16T08:45:08+00:00\" \/>\n<meta property=\"article:modified_time\" content=\"2026-04-16T09:42:40+00:00\" \/>\n<meta property=\"og:image\" content=\"https:\/\/nid.pl\/wp-content\/uploads\/2026\/04\/MDOZ-2026_miniatura.jpg\" \/>\n\t<meta property=\"og:image:width\" content=\"1200\" \/>\n\t<meta property=\"og:image:height\" content=\"800\" \/>\n\t<meta property=\"og:image:type\" content=\"image\/jpeg\" \/>\n<meta name=\"author\" content=\"Marta Or\u0119ziak\" \/>\n<meta name=\"twitter:card\" content=\"summary_large_image\" \/>\n<meta name=\"twitter:creator\" content=\"@NarIDpl\" \/>\n<meta name=\"twitter:site\" content=\"@NarIDpl\" \/>\n<meta name=\"twitter:label1\" content=\"Written by\" \/>\n\t<meta name=\"twitter:data1\" content=\"Marta Or\u0119ziak\" \/>\n\t<meta name=\"twitter:label2\" content=\"Estimated reading time\" \/>\n\t<meta name=\"twitter:data2\" content=\"4 minutes\" \/>\n<script type=\"application\/ld+json\" class=\"yoast-schema-graph\">{\"@context\":\"https:\/\/schema.org\",\"@graph\":[{\"@type\":\"Article\",\"@id\":\"https:\/\/nid.pl\/2026\/04\/16\/informacja-prasowa-mdoz-2026\/#article\",\"isPartOf\":{\"@id\":\"https:\/\/nid.pl\/2026\/04\/16\/informacja-prasowa-mdoz-2026\/\"},\"author\":{\"name\":\"Marta Or\u0119ziak\",\"@id\":\"https:\/\/nid.pl\/#\/schema\/person\/9d848c4a54b78bc2a1461f1c5d8de615\"},\"headline\":\"Zapraszamy na konferencj\u0119 prasow\u0105 online \u2013 Mi\u0119dzynarodowy Dzie\u0144 Ochrony Zabytk\u00f3w\",\"datePublished\":\"2026-04-16T08:45:08+00:00\",\"dateModified\":\"2026-04-16T09:42:40+00:00\",\"mainEntityOfPage\":{\"@id\":\"https:\/\/nid.pl\/2026\/04\/16\/informacja-prasowa-mdoz-2026\/\"},\"wordCount\":592,\"publisher\":{\"@id\":\"https:\/\/nid.pl\/#organization\"},\"image\":{\"@id\":\"https:\/\/nid.pl\/2026\/04\/16\/informacja-prasowa-mdoz-2026\/#primaryimage\"},\"thumbnailUrl\":\"https:\/\/nid.pl\/wp-content\/uploads\/2026\/04\/MDOZ-2026_miniatura.jpg\",\"articleSection\":[\"Aktualno\u015bci\",\"Dla medi\u00f3w\",\"MDOZ\"],\"inLanguage\":\"en-GB\"},{\"@type\":\"WebPage\",\"@id\":\"https:\/\/nid.pl\/2026\/04\/16\/informacja-prasowa-mdoz-2026\/\",\"url\":\"https:\/\/nid.pl\/2026\/04\/16\/informacja-prasowa-mdoz-2026\/\",\"name\":\"Zapraszamy na konferencj\u0119 prasow\u0105 online \u2013 Mi\u0119dzynarodowy Dzie\u0144 Ochrony Zabytk\u00f3w - NID\",\"isPartOf\":{\"@id\":\"https:\/\/nid.pl\/#website\"},\"primaryImageOfPage\":{\"@id\":\"https:\/\/nid.pl\/2026\/04\/16\/informacja-prasowa-mdoz-2026\/#primaryimage\"},\"image\":{\"@id\":\"https:\/\/nid.pl\/2026\/04\/16\/informacja-prasowa-mdoz-2026\/#primaryimage\"},\"thumbnailUrl\":\"https:\/\/nid.pl\/wp-content\/uploads\/2026\/04\/MDOZ-2026_miniatura.jpg\",\"datePublished\":\"2026-04-16T08:45:08+00:00\",\"dateModified\":\"2026-04-16T09:42:40+00:00\",\"description\":\"Informacja prasowa - Mi\u0119dzynarodowy Dzie\u0144 Ochrony Zabytk\u00f3w 2026\",\"breadcrumb\":{\"@id\":\"https:\/\/nid.pl\/2026\/04\/16\/informacja-prasowa-mdoz-2026\/#breadcrumb\"},\"inLanguage\":\"en-GB\",\"potentialAction\":[{\"@type\":\"ReadAction\",\"target\":[\"https:\/\/nid.pl\/2026\/04\/16\/informacja-prasowa-mdoz-2026\/\"]}]},{\"@type\":\"ImageObject\",\"inLanguage\":\"en-GB\",\"@id\":\"https:\/\/nid.pl\/2026\/04\/16\/informacja-prasowa-mdoz-2026\/#primaryimage\",\"url\":\"https:\/\/nid.pl\/wp-content\/uploads\/2026\/04\/MDOZ-2026_miniatura.jpg\",\"contentUrl\":\"https:\/\/nid.pl\/wp-content\/uploads\/2026\/04\/MDOZ-2026_miniatura.jpg\",\"width\":1200,\"height\":800,\"caption\":\"Mi\u0119dzynarodowy Dzie\u0144 Ochrony Zabytk\u00f3w - 2026\"},{\"@type\":\"BreadcrumbList\",\"@id\":\"https:\/\/nid.pl\/2026\/04\/16\/informacja-prasowa-mdoz-2026\/#breadcrumb\",\"itemListElement\":[{\"@type\":\"ListItem\",\"position\":1,\"name\":\"Home\",\"item\":\"https:\/\/nid.pl\/\"},{\"@type\":\"ListItem\",\"position\":2,\"name\":\"Zapraszamy na konferencj\u0119 prasow\u0105 online \u2013 Mi\u0119dzynarodowy Dzie\u0144 Ochrony Zabytk\u00f3w\"}]},{\"@type\":\"WebSite\",\"@id\":\"https:\/\/nid.pl\/#website\",\"url\":\"https:\/\/nid.pl\/\",\"name\":\"NID\",\"description\":\"Narodowy Instytut Dziedzictwa\",\"publisher\":{\"@id\":\"https:\/\/nid.pl\/#organization\"},\"potentialAction\":[{\"@type\":\"SearchAction\",\"target\":{\"@type\":\"EntryPoint\",\"urlTemplate\":\"https:\/\/nid.pl\/?s={search_term_string}\"},\"query-input\":{\"@type\":\"PropertyValueSpecification\",\"valueRequired\":true,\"valueName\":\"search_term_string\"}}],\"inLanguage\":\"en-GB\"},{\"@type\":\"Organization\",\"@id\":\"https:\/\/nid.pl\/#organization\",\"name\":\"Narodowy Instytut Dziedzictwa\",\"url\":\"https:\/\/nid.pl\/\",\"logo\":{\"@type\":\"ImageObject\",\"inLanguage\":\"en-GB\",\"@id\":\"https:\/\/nid.pl\/#\/schema\/logo\/image\/\",\"url\":\"https:\/\/nid.pl\/wp-content\/uploads\/2022\/10\/logoRedDark.png\",\"contentUrl\":\"https:\/\/nid.pl\/wp-content\/uploads\/2022\/10\/logoRedDark.png\",\"width\":200,\"height\":197,\"caption\":\"Narodowy Instytut Dziedzictwa\"},\"image\":{\"@id\":\"https:\/\/nid.pl\/#\/schema\/logo\/image\/\"},\"sameAs\":[\"https:\/\/www.facebook.com\/zabytek\",\"https:\/\/x.com\/NarIDpl\",\"https:\/\/www.instagram.com\/nid.pl\/?hl=pl\",\"https:\/\/www.linkedin.com\/company\/narodowy-instytut-dziedzictwa\",\"https:\/\/www.youtube.com\/channel\/UCQXuhKa2uHtmNvLRUSx40JA\"]},{\"@type\":\"Person\",\"@id\":\"https:\/\/nid.pl\/#\/schema\/person\/9d848c4a54b78bc2a1461f1c5d8de615\",\"name\":\"Marta Or\u0119ziak\",\"image\":{\"@type\":\"ImageObject\",\"inLanguage\":\"en-GB\",\"@id\":\"https:\/\/nid.pl\/#\/schema\/person\/image\/\",\"url\":\"https:\/\/nid.pl\/wp-content\/litespeed\/avatar\/3cdc296a7eb01425272974c992bee3ea.jpg?ver=1777445267\",\"contentUrl\":\"https:\/\/nid.pl\/wp-content\/litespeed\/avatar\/3cdc296a7eb01425272974c992bee3ea.jpg?ver=1777445267\",\"caption\":\"Marta Or\u0119ziak\"},\"url\":\"https:\/\/nid.pl\/en\/author\/moreziak\/\"}]}<\/script>\n<!-- \/ Yoast SEO plugin. -->","yoast_head_json":{"title":"Zapraszamy na konferencj\u0119 prasow\u0105 online \u2013 Mi\u0119dzynarodowy Dzie\u0144 Ochrony Zabytk\u00f3w - NID","description":"Informacja prasowa - Mi\u0119dzynarodowy Dzie\u0144 Ochrony Zabytk\u00f3w 2026","robots":{"index":"index","follow":"follow","max-snippet":"max-snippet:-1","max-image-preview":"max-image-preview:large","max-video-preview":"max-video-preview:-1"},"canonical":"https:\/\/nid.pl\/en\/2026\/04\/16\/informacja-prasowa-mdoz-2026\/","og_locale":"en_GB","og_type":"article","og_title":"Zapraszamy na konferencj\u0119 prasow\u0105 online \u2013 Mi\u0119dzynarodowy Dzie\u0144 Ochrony Zabytk\u00f3w - NID","og_description":"Informacja prasowa - Mi\u0119dzynarodowy Dzie\u0144 Ochrony Zabytk\u00f3w 2026","og_url":"https:\/\/nid.pl\/en\/2026\/04\/16\/informacja-prasowa-mdoz-2026\/","og_site_name":"NID","article_publisher":"https:\/\/www.facebook.com\/zabytek","article_published_time":"2026-04-16T08:45:08+00:00","article_modified_time":"2026-04-16T09:42:40+00:00","og_image":[{"width":1200,"height":800,"url":"https:\/\/nid.pl\/wp-content\/uploads\/2026\/04\/MDOZ-2026_miniatura.jpg","type":"image\/jpeg"}],"author":"Marta Or\u0119ziak","twitter_card":"summary_large_image","twitter_creator":"@NarIDpl","twitter_site":"@NarIDpl","twitter_misc":{"Written by":"Marta Or\u0119ziak","Estimated reading time":"4 minutes"},"schema":{"@context":"https:\/\/schema.org","@graph":[{"@type":"Article","@id":"https:\/\/nid.pl\/2026\/04\/16\/informacja-prasowa-mdoz-2026\/#article","isPartOf":{"@id":"https:\/\/nid.pl\/2026\/04\/16\/informacja-prasowa-mdoz-2026\/"},"author":{"name":"Marta Or\u0119ziak","@id":"https:\/\/nid.pl\/#\/schema\/person\/9d848c4a54b78bc2a1461f1c5d8de615"},"headline":"Zapraszamy na konferencj\u0119 prasow\u0105 online \u2013 Mi\u0119dzynarodowy Dzie\u0144 Ochrony Zabytk\u00f3w","datePublished":"2026-04-16T08:45:08+00:00","dateModified":"2026-04-16T09:42:40+00:00","mainEntityOfPage":{"@id":"https:\/\/nid.pl\/2026\/04\/16\/informacja-prasowa-mdoz-2026\/"},"wordCount":592,"publisher":{"@id":"https:\/\/nid.pl\/#organization"},"image":{"@id":"https:\/\/nid.pl\/2026\/04\/16\/informacja-prasowa-mdoz-2026\/#primaryimage"},"thumbnailUrl":"https:\/\/nid.pl\/wp-content\/uploads\/2026\/04\/MDOZ-2026_miniatura.jpg","articleSection":["Aktualno\u015bci","Dla medi\u00f3w","MDOZ"],"inLanguage":"en-GB"},{"@type":"WebPage","@id":"https:\/\/nid.pl\/2026\/04\/16\/informacja-prasowa-mdoz-2026\/","url":"https:\/\/nid.pl\/2026\/04\/16\/informacja-prasowa-mdoz-2026\/","name":"Zapraszamy na konferencj\u0119 prasow\u0105 online \u2013 Mi\u0119dzynarodowy Dzie\u0144 Ochrony Zabytk\u00f3w - NID","isPartOf":{"@id":"https:\/\/nid.pl\/#website"},"primaryImageOfPage":{"@id":"https:\/\/nid.pl\/2026\/04\/16\/informacja-prasowa-mdoz-2026\/#primaryimage"},"image":{"@id":"https:\/\/nid.pl\/2026\/04\/16\/informacja-prasowa-mdoz-2026\/#primaryimage"},"thumbnailUrl":"https:\/\/nid.pl\/wp-content\/uploads\/2026\/04\/MDOZ-2026_miniatura.jpg","datePublished":"2026-04-16T08:45:08+00:00","dateModified":"2026-04-16T09:42:40+00:00","description":"Informacja prasowa - Mi\u0119dzynarodowy Dzie\u0144 Ochrony Zabytk\u00f3w 2026","breadcrumb":{"@id":"https:\/\/nid.pl\/2026\/04\/16\/informacja-prasowa-mdoz-2026\/#breadcrumb"},"inLanguage":"en-GB","potentialAction":[{"@type":"ReadAction","target":["https:\/\/nid.pl\/2026\/04\/16\/informacja-prasowa-mdoz-2026\/"]}]},{"@type":"ImageObject","inLanguage":"en-GB","@id":"https:\/\/nid.pl\/2026\/04\/16\/informacja-prasowa-mdoz-2026\/#primaryimage","url":"https:\/\/nid.pl\/wp-content\/uploads\/2026\/04\/MDOZ-2026_miniatura.jpg","contentUrl":"https:\/\/nid.pl\/wp-content\/uploads\/2026\/04\/MDOZ-2026_miniatura.jpg","width":1200,"height":800,"caption":"Mi\u0119dzynarodowy Dzie\u0144 Ochrony Zabytk\u00f3w - 2026"},{"@type":"BreadcrumbList","@id":"https:\/\/nid.pl\/2026\/04\/16\/informacja-prasowa-mdoz-2026\/#breadcrumb","itemListElement":[{"@type":"ListItem","position":1,"name":"Home","item":"https:\/\/nid.pl\/"},{"@type":"ListItem","position":2,"name":"Zapraszamy na konferencj\u0119 prasow\u0105 online \u2013 Mi\u0119dzynarodowy Dzie\u0144 Ochrony Zabytk\u00f3w"}]},{"@type":"WebSite","@id":"https:\/\/nid.pl\/#website","url":"https:\/\/nid.pl\/","name":"NID","description":"Narodowy Instytut Dziedzictwa","publisher":{"@id":"https:\/\/nid.pl\/#organization"},"potentialAction":[{"@type":"SearchAction","target":{"@type":"EntryPoint","urlTemplate":"https:\/\/nid.pl\/?s={search_term_string}"},"query-input":{"@type":"PropertyValueSpecification","valueRequired":true,"valueName":"search_term_string"}}],"inLanguage":"en-GB"},{"@type":"Organization","@id":"https:\/\/nid.pl\/#organization","name":"Narodowy Instytut Dziedzictwa","url":"https:\/\/nid.pl\/","logo":{"@type":"ImageObject","inLanguage":"en-GB","@id":"https:\/\/nid.pl\/#\/schema\/logo\/image\/","url":"https:\/\/nid.pl\/wp-content\/uploads\/2022\/10\/logoRedDark.png","contentUrl":"https:\/\/nid.pl\/wp-content\/uploads\/2022\/10\/logoRedDark.png","width":200,"height":197,"caption":"Narodowy Instytut Dziedzictwa"},"image":{"@id":"https:\/\/nid.pl\/#\/schema\/logo\/image\/"},"sameAs":["https:\/\/www.facebook.com\/zabytek","https:\/\/x.com\/NarIDpl","https:\/\/www.instagram.com\/nid.pl\/?hl=pl","https:\/\/www.linkedin.com\/company\/narodowy-instytut-dziedzictwa","https:\/\/www.youtube.com\/channel\/UCQXuhKa2uHtmNvLRUSx40JA"]},{"@type":"Person","@id":"https:\/\/nid.pl\/#\/schema\/person\/9d848c4a54b78bc2a1461f1c5d8de615","name":"Marta Or\u0119ziak","image":{"@type":"ImageObject","inLanguage":"en-GB","@id":"https:\/\/nid.pl\/#\/schema\/person\/image\/","url":"https:\/\/nid.pl\/wp-content\/litespeed\/avatar\/3cdc296a7eb01425272974c992bee3ea.jpg?ver=1777445267","contentUrl":"https:\/\/nid.pl\/wp-content\/litespeed\/avatar\/3cdc296a7eb01425272974c992bee3ea.jpg?ver=1777445267","caption":"Marta Or\u0119ziak"},"url":"https:\/\/nid.pl\/en\/author\/moreziak\/"}]}},"_links":{"self":[{"href":"https:\/\/nid.pl\/en\/wp-json\/wp\/v2\/posts\/34026","targetHints":{"allow":["GET"]}}],"collection":[{"href":"https:\/\/nid.pl\/en\/wp-json\/wp\/v2\/posts"}],"about":[{"href":"https:\/\/nid.pl\/en\/wp-json\/wp\/v2\/types\/post"}],"author":[{"embeddable":true,"href":"https:\/\/nid.pl\/en\/wp-json\/wp\/v2\/users\/4"}],"replies":[{"embeddable":true,"href":"https:\/\/nid.pl\/en\/wp-json\/wp\/v2\/comments?post=34026"}],"version-history":[{"count":28,"href":"https:\/\/nid.pl\/en\/wp-json\/wp\/v2\/posts\/34026\/revisions"}],"predecessor-version":[{"id":34231,"href":"https:\/\/nid.pl\/en\/wp-json\/wp\/v2\/posts\/34026\/revisions\/34231"}],"wp:featuredmedia":[{"embeddable":true,"href":"https:\/\/nid.pl\/en\/wp-json\/wp\/v2\/media\/34103"}],"wp:attachment":[{"href":"https:\/\/nid.pl\/en\/wp-json\/wp\/v2\/media?parent=34026"}],"wp:term":[{"taxonomy":"category","embeddable":true,"href":"https:\/\/nid.pl\/en\/wp-json\/wp\/v2\/categories?post=34026"},{"taxonomy":"post_tag","embeddable":true,"href":"https:\/\/nid.pl\/en\/wp-json\/wp\/v2\/tags?post=34026"}],"curies":[{"name":"wp","href":"https:\/\/api.w.org\/{rel}","templated":true}]}}