{"id":34015,"date":"2026-04-08T11:45:37","date_gmt":"2026-04-08T09:45:37","guid":{"rendered":"https:\/\/nid.pl\/?p=34015"},"modified":"2026-04-14T12:20:41","modified_gmt":"2026-04-14T10:20:41","slug":"ogloszenie-nabor-wnioskow-niematerialne-przekaz-dalej-2026","status":"publish","type":"post","link":"https:\/\/nid.pl\/en\/2026\/04\/08\/ogloszenie-nabor-wnioskow-niematerialne-przekaz-dalej-2026\/","title":{"rendered":"Narodowy Instytut Dziedzictwa og\u0142asza nab\u00f3r wniosk\u00f3w do programu \u201eNiematerialne \u2013 przeka\u017c dalej\u201d."},"content":{"rendered":"<p><strong>Narodowy Instytut Dziedzictwa og\u0142asza nab\u00f3r wniosk\u00f3w do programu \u201eNiematerialne \u2013 przeka\u017c dalej\u201d.<\/strong><\/p>\n\n\n\n<p>Celem programu jest wspieranie projekt\u00f3w s\u0142u\u017c\u0105cych wzmocnieniu przekazu pokoleniowego, ochrony i popularyzacji zjawisk wpisanych na Krajow\u0105 list\u0119 niematerialnego dziedzictwa kulturowego oraz praktyk wpisanych do Krajowego rejestru dobrych praktyk w ochronie niematerialnego dziedzictwa kulturowego.<\/p>\n\n\n\n<p>O dofinansowanie w ramach programu mog\u0105 ubiega\u0107 si\u0119:<\/p>\n\n\n\n<ol style=\"list-style-type:lower-alpha\" class=\"wp-block-list\">\n<li>organizacje pozarz\u0105dowe b\u0119d\u0105ce podmiotami prawa polskiego,<\/li>\n\n\n\n<li>samorz\u0105dowe instytucje kultury, z wy\u0142\u0105czeniem wsp\u00f3\u0142prowadzonych przez Ministra Kultury i Dziedzictwa Narodowego,<\/li>\n\n\n\n<li>ko\u015bcio\u0142y i zwi\u0105zki wyznaniowe.<\/li>\n<\/ol>\n\n\n\n<p>Aplikowanie odbywa si\u0119 za pomoc\u0105 platformy informatycznej <a href=\"https:\/\/witkac.pl\/Account\/Login#\/Contest\/View\/42050\" target=\"_blank\" rel=\"noreferrer noopener\"><strong>Witkac<\/strong><\/a><br><\/p>\n\n\n\n<p><strong>Nab\u00f3r wniosk\u00f3w trwa od 8 kwietnia 2026 r. do 8 maja 2026 r. do godz. 15.00.<\/strong><\/p>\n\n\n\n<p>Wi\u0119cej informacji: <a href=\"https:\/\/nid.pl\/en\/dotacje\/niematerialne-przekaz-dalej\/\" target=\"_blank\" rel=\"noreferrer noopener\"><strong>Dotacje\/Niematerialne \u2013 przeka\u017c dalej<\/strong><\/a><\/p>\n\n\n\n<p><\/p>\n\n\n\n<p><\/p>\n\n\n\n<p><strong>Download<\/strong><\/p>\n\n\n\n<p><\/p>\n\n\n\n<p><a class=\"attachment\" href=\"https:\/\/nid.pl\/wp-content\/uploads\/2026\/04\/NPD_Regulamin-Niematerialne-przekaz-dalej-2026.pdf\" target=\"_blank\" rel=\"noreferrer noopener\"><strong>Regulamin programu \u201eNiematerialne \u2013 przeka\u017c dalej\u201d 2026<\/strong><\/a><\/p>\n\n\n\n<p><strong><a class=\"attachment\" href=\"https:\/\/nid.pl\/wp-content\/uploads\/2026\/04\/NPD_Instrukcja-wypelniania-wniosku-2026.pdf\" target=\"_blank\" rel=\"noreferrer noopener\">Instrukcja wype\u0142niania wniosku Niematerialne przeka\u017c dalej 2026<\/a><\/strong><\/p>\n\n\n\n<p><\/p>\n\n\n\n<p><\/p>\n\n\n\n<p>Program \u201eNiematerialne \u2013 przeka\u017c dalej\u201d jest realizowany ze \u015brodk\u00f3w Ministra Kultury i Dziedzictwa Narodowego<\/p>\n\n\n\n<div style=\"height:0px\" aria-hidden=\"true\" class=\"wp-block-spacer\"><\/div>\n\n\n\n<div style=\"height:0px\" aria-hidden=\"true\" class=\"wp-block-spacer\"><\/div>\n\n\n\n<div style=\"height:30px\" aria-hidden=\"true\" class=\"wp-block-spacer\"><\/div>\n\n\n\n<figure class=\"wp-block-image size-full is-resized\"><img loading=\"lazy\" decoding=\"async\" width=\"892\" height=\"200\" src=\"https:\/\/nid.pl\/wp-content\/uploads\/2024\/10\/nid_stopka_mkidn_nid_2024.png\" alt=\"\" class=\"wp-image-22883\" style=\"aspect-ratio:4.460326869336947;width:398px;height:auto\" srcset=\"https:\/\/nid.pl\/wp-content\/uploads\/2024\/10\/nid_stopka_mkidn_nid_2024.png 892w, https:\/\/nid.pl\/wp-content\/uploads\/2024\/10\/nid_stopka_mkidn_nid_2024-480x108.png 480w\" sizes=\"(min-width: 0px) and (max-width: 480px) 480px, (min-width: 481px) 892px, 100vw\" \/><\/figure>\n\n\n\n<div style=\"height:30px\" aria-hidden=\"true\" class=\"wp-block-spacer\"><\/div>","protected":false},"excerpt":{"rendered":"<p>Narodowy Instytut Dziedzictwa og\u0142asza nab\u00f3r wniosk\u00f3w do programu \u201eNiematerialne \u2013 przeka\u017c dalej\u201d. Celem programu jest wspieranie projekt\u00f3w s\u0142u\u017c\u0105cych wzmocnieniu przekazu pokoleniowego, ochrony i popularyzacji zjawisk wpisanych na Krajow\u0105 list\u0119 niematerialnego [&hellip;]<\/p>","protected":false},"author":4,"featured_media":0,"comment_status":"closed","ping_status":"closed","sticky":false,"template":"","format":"standard","meta":{"_et_pb_use_builder":"off","_et_pb_old_content":"","_et_gb_content_width":"","_monsterinsights_skip_tracking":false,"_monsterinsights_sitenote_active":false,"_monsterinsights_sitenote_note":"","_monsterinsights_sitenote_category":0,"footnotes":""},"categories":[159],"tags":[],"class_list":["post-34015","post","type-post","status-publish","format-standard","hentry","category-ogloszenia-bip"],"yoast_head":"<!-- This site is optimized with the Yoast SEO plugin v26.5 - https:\/\/yoast.com\/wordpress\/plugins\/seo\/ -->\n<title>Narodowy Instytut Dziedzictwa og\u0142asza nab\u00f3r wniosk\u00f3w do programu \u201eNiematerialne \u2013 przeka\u017c dalej\u201d. - NID<\/title>\n<meta name=\"robots\" content=\"index, follow, max-snippet:-1, max-image-preview:large, max-video-preview:-1\" \/>\n<link rel=\"canonical\" href=\"https:\/\/nid.pl\/en\/2026\/04\/08\/ogloszenie-nabor-wnioskow-niematerialne-przekaz-dalej-2026\/\" \/>\n<meta property=\"og:locale\" content=\"en_GB\" \/>\n<meta property=\"og:type\" content=\"article\" \/>\n<meta property=\"og:title\" content=\"Narodowy Instytut Dziedzictwa og\u0142asza nab\u00f3r wniosk\u00f3w do programu \u201eNiematerialne \u2013 przeka\u017c dalej\u201d. - NID\" \/>\n<meta property=\"og:description\" content=\"Narodowy Instytut Dziedzictwa og\u0142asza nab\u00f3r wniosk\u00f3w do programu \u201eNiematerialne \u2013 przeka\u017c dalej\u201d. Celem programu jest wspieranie projekt\u00f3w s\u0142u\u017c\u0105cych wzmocnieniu przekazu pokoleniowego, ochrony i popularyzacji zjawisk wpisanych na Krajow\u0105 list\u0119 niematerialnego [&hellip;]\" \/>\n<meta property=\"og:url\" content=\"https:\/\/nid.pl\/en\/2026\/04\/08\/ogloszenie-nabor-wnioskow-niematerialne-przekaz-dalej-2026\/\" \/>\n<meta property=\"og:site_name\" content=\"NID\" \/>\n<meta property=\"article:publisher\" content=\"https:\/\/www.facebook.com\/zabytek\" \/>\n<meta property=\"article:published_time\" content=\"2026-04-08T09:45:37+00:00\" \/>\n<meta property=\"article:modified_time\" content=\"2026-04-14T10:20:41+00:00\" \/>\n<meta property=\"og:image\" content=\"https:\/\/nid.pl\/wp-content\/uploads\/2024\/10\/nid_stopka_mkidn_nid_2024.png\" \/>\n\t<meta property=\"og:image:width\" content=\"892\" \/>\n\t<meta property=\"og:image:height\" content=\"200\" \/>\n\t<meta property=\"og:image:type\" content=\"image\/png\" \/>\n<meta name=\"author\" content=\"Marta Or\u0119ziak\" \/>\n<meta name=\"twitter:card\" content=\"summary_large_image\" \/>\n<meta name=\"twitter:creator\" content=\"@NarIDpl\" \/>\n<meta name=\"twitter:site\" content=\"@NarIDpl\" \/>\n<meta name=\"twitter:label1\" content=\"Written by\" \/>\n\t<meta name=\"twitter:data1\" content=\"Marta Or\u0119ziak\" \/>\n\t<meta name=\"twitter:label2\" content=\"Estimated reading time\" \/>\n\t<meta name=\"twitter:data2\" content=\"1 minute\" \/>\n<script type=\"application\/ld+json\" class=\"yoast-schema-graph\">{\"@context\":\"https:\/\/schema.org\",\"@graph\":[{\"@type\":\"Article\",\"@id\":\"https:\/\/nid.pl\/2026\/04\/08\/ogloszenie-nabor-wnioskow-niematerialne-przekaz-dalej-2026\/#article\",\"isPartOf\":{\"@id\":\"https:\/\/nid.pl\/2026\/04\/08\/ogloszenie-nabor-wnioskow-niematerialne-przekaz-dalej-2026\/\"},\"author\":{\"name\":\"Marta Or\u0119ziak\",\"@id\":\"https:\/\/nid.pl\/#\/schema\/person\/9d848c4a54b78bc2a1461f1c5d8de615\"},\"headline\":\"Narodowy Instytut Dziedzictwa og\u0142asza nab\u00f3r wniosk\u00f3w do programu \u201eNiematerialne \u2013 przeka\u017c dalej\u201d.\",\"datePublished\":\"2026-04-08T09:45:37+00:00\",\"dateModified\":\"2026-04-14T10:20:41+00:00\",\"mainEntityOfPage\":{\"@id\":\"https:\/\/nid.pl\/2026\/04\/08\/ogloszenie-nabor-wnioskow-niematerialne-przekaz-dalej-2026\/\"},\"wordCount\":159,\"publisher\":{\"@id\":\"https:\/\/nid.pl\/#organization\"},\"image\":{\"@id\":\"https:\/\/nid.pl\/2026\/04\/08\/ogloszenie-nabor-wnioskow-niematerialne-przekaz-dalej-2026\/#primaryimage\"},\"thumbnailUrl\":\"https:\/\/nid.pl\/wp-content\/uploads\/2024\/10\/nid_stopka_mkidn_nid_2024.png\",\"articleSection\":[\"BIP Og\u0142oszenia\"],\"inLanguage\":\"en-GB\"},{\"@type\":\"WebPage\",\"@id\":\"https:\/\/nid.pl\/2026\/04\/08\/ogloszenie-nabor-wnioskow-niematerialne-przekaz-dalej-2026\/\",\"url\":\"https:\/\/nid.pl\/2026\/04\/08\/ogloszenie-nabor-wnioskow-niematerialne-przekaz-dalej-2026\/\",\"name\":\"Narodowy Instytut Dziedzictwa og\u0142asza nab\u00f3r wniosk\u00f3w do programu \u201eNiematerialne \u2013 przeka\u017c dalej\u201d. - NID\",\"isPartOf\":{\"@id\":\"https:\/\/nid.pl\/#website\"},\"primaryImageOfPage\":{\"@id\":\"https:\/\/nid.pl\/2026\/04\/08\/ogloszenie-nabor-wnioskow-niematerialne-przekaz-dalej-2026\/#primaryimage\"},\"image\":{\"@id\":\"https:\/\/nid.pl\/2026\/04\/08\/ogloszenie-nabor-wnioskow-niematerialne-przekaz-dalej-2026\/#primaryimage\"},\"thumbnailUrl\":\"https:\/\/nid.pl\/wp-content\/uploads\/2024\/10\/nid_stopka_mkidn_nid_2024.png\",\"datePublished\":\"2026-04-08T09:45:37+00:00\",\"dateModified\":\"2026-04-14T10:20:41+00:00\",\"breadcrumb\":{\"@id\":\"https:\/\/nid.pl\/2026\/04\/08\/ogloszenie-nabor-wnioskow-niematerialne-przekaz-dalej-2026\/#breadcrumb\"},\"inLanguage\":\"en-GB\",\"potentialAction\":[{\"@type\":\"ReadAction\",\"target\":[\"https:\/\/nid.pl\/2026\/04\/08\/ogloszenie-nabor-wnioskow-niematerialne-przekaz-dalej-2026\/\"]}]},{\"@type\":\"ImageObject\",\"inLanguage\":\"en-GB\",\"@id\":\"https:\/\/nid.pl\/2026\/04\/08\/ogloszenie-nabor-wnioskow-niematerialne-przekaz-dalej-2026\/#primaryimage\",\"url\":\"https:\/\/nid.pl\/wp-content\/uploads\/2024\/10\/nid_stopka_mkidn_nid_2024.png\",\"contentUrl\":\"https:\/\/nid.pl\/wp-content\/uploads\/2024\/10\/nid_stopka_mkidn_nid_2024.png\"},{\"@type\":\"BreadcrumbList\",\"@id\":\"https:\/\/nid.pl\/2026\/04\/08\/ogloszenie-nabor-wnioskow-niematerialne-przekaz-dalej-2026\/#breadcrumb\",\"itemListElement\":[{\"@type\":\"ListItem\",\"position\":1,\"name\":\"Home\",\"item\":\"https:\/\/nid.pl\/\"},{\"@type\":\"ListItem\",\"position\":2,\"name\":\"Narodowy Instytut Dziedzictwa og\u0142asza nab\u00f3r wniosk\u00f3w do programu \u201eNiematerialne \u2013 przeka\u017c dalej\u201d.\"}]},{\"@type\":\"WebSite\",\"@id\":\"https:\/\/nid.pl\/#website\",\"url\":\"https:\/\/nid.pl\/\",\"name\":\"NID\",\"description\":\"Narodowy Instytut Dziedzictwa\",\"publisher\":{\"@id\":\"https:\/\/nid.pl\/#organization\"},\"potentialAction\":[{\"@type\":\"SearchAction\",\"target\":{\"@type\":\"EntryPoint\",\"urlTemplate\":\"https:\/\/nid.pl\/?s={search_term_string}\"},\"query-input\":{\"@type\":\"PropertyValueSpecification\",\"valueRequired\":true,\"valueName\":\"search_term_string\"}}],\"inLanguage\":\"en-GB\"},{\"@type\":\"Organization\",\"@id\":\"https:\/\/nid.pl\/#organization\",\"name\":\"Narodowy Instytut Dziedzictwa\",\"url\":\"https:\/\/nid.pl\/\",\"logo\":{\"@type\":\"ImageObject\",\"inLanguage\":\"en-GB\",\"@id\":\"https:\/\/nid.pl\/#\/schema\/logo\/image\/\",\"url\":\"https:\/\/nid.pl\/wp-content\/uploads\/2022\/10\/logoRedDark.png\",\"contentUrl\":\"https:\/\/nid.pl\/wp-content\/uploads\/2022\/10\/logoRedDark.png\",\"width\":200,\"height\":197,\"caption\":\"Narodowy Instytut Dziedzictwa\"},\"image\":{\"@id\":\"https:\/\/nid.pl\/#\/schema\/logo\/image\/\"},\"sameAs\":[\"https:\/\/www.facebook.com\/zabytek\",\"https:\/\/x.com\/NarIDpl\",\"https:\/\/www.instagram.com\/nid.pl\/?hl=pl\",\"https:\/\/www.linkedin.com\/company\/narodowy-instytut-dziedzictwa\",\"https:\/\/www.youtube.com\/channel\/UCQXuhKa2uHtmNvLRUSx40JA\"]},{\"@type\":\"Person\",\"@id\":\"https:\/\/nid.pl\/#\/schema\/person\/9d848c4a54b78bc2a1461f1c5d8de615\",\"name\":\"Marta Or\u0119ziak\",\"image\":{\"@type\":\"ImageObject\",\"inLanguage\":\"en-GB\",\"@id\":\"https:\/\/nid.pl\/#\/schema\/person\/image\/\",\"url\":\"https:\/\/nid.pl\/wp-content\/litespeed\/avatar\/3cdc296a7eb01425272974c992bee3ea.jpg?ver=1777445267\",\"contentUrl\":\"https:\/\/nid.pl\/wp-content\/litespeed\/avatar\/3cdc296a7eb01425272974c992bee3ea.jpg?ver=1777445267\",\"caption\":\"Marta Or\u0119ziak\"},\"url\":\"https:\/\/nid.pl\/en\/author\/moreziak\/\"}]}<\/script>\n<!-- \/ Yoast SEO plugin. -->","yoast_head_json":{"title":"Narodowy Instytut Dziedzictwa og\u0142asza nab\u00f3r wniosk\u00f3w do programu \u201eNiematerialne \u2013 przeka\u017c dalej\u201d. - NID","robots":{"index":"index","follow":"follow","max-snippet":"max-snippet:-1","max-image-preview":"max-image-preview:large","max-video-preview":"max-video-preview:-1"},"canonical":"https:\/\/nid.pl\/en\/2026\/04\/08\/ogloszenie-nabor-wnioskow-niematerialne-przekaz-dalej-2026\/","og_locale":"en_GB","og_type":"article","og_title":"Narodowy Instytut Dziedzictwa og\u0142asza nab\u00f3r wniosk\u00f3w do programu \u201eNiematerialne \u2013 przeka\u017c dalej\u201d. - NID","og_description":"Narodowy Instytut Dziedzictwa og\u0142asza nab\u00f3r wniosk\u00f3w do programu \u201eNiematerialne \u2013 przeka\u017c dalej\u201d. Celem programu jest wspieranie projekt\u00f3w s\u0142u\u017c\u0105cych wzmocnieniu przekazu pokoleniowego, ochrony i popularyzacji zjawisk wpisanych na Krajow\u0105 list\u0119 niematerialnego [&hellip;]","og_url":"https:\/\/nid.pl\/en\/2026\/04\/08\/ogloszenie-nabor-wnioskow-niematerialne-przekaz-dalej-2026\/","og_site_name":"NID","article_publisher":"https:\/\/www.facebook.com\/zabytek","article_published_time":"2026-04-08T09:45:37+00:00","article_modified_time":"2026-04-14T10:20:41+00:00","og_image":[{"width":892,"height":200,"url":"https:\/\/nid.pl\/wp-content\/uploads\/2024\/10\/nid_stopka_mkidn_nid_2024.png","type":"image\/png"}],"author":"Marta Or\u0119ziak","twitter_card":"summary_large_image","twitter_creator":"@NarIDpl","twitter_site":"@NarIDpl","twitter_misc":{"Written by":"Marta Or\u0119ziak","Estimated reading time":"1 minute"},"schema":{"@context":"https:\/\/schema.org","@graph":[{"@type":"Article","@id":"https:\/\/nid.pl\/2026\/04\/08\/ogloszenie-nabor-wnioskow-niematerialne-przekaz-dalej-2026\/#article","isPartOf":{"@id":"https:\/\/nid.pl\/2026\/04\/08\/ogloszenie-nabor-wnioskow-niematerialne-przekaz-dalej-2026\/"},"author":{"name":"Marta Or\u0119ziak","@id":"https:\/\/nid.pl\/#\/schema\/person\/9d848c4a54b78bc2a1461f1c5d8de615"},"headline":"Narodowy Instytut Dziedzictwa og\u0142asza nab\u00f3r wniosk\u00f3w do programu \u201eNiematerialne \u2013 przeka\u017c dalej\u201d.","datePublished":"2026-04-08T09:45:37+00:00","dateModified":"2026-04-14T10:20:41+00:00","mainEntityOfPage":{"@id":"https:\/\/nid.pl\/2026\/04\/08\/ogloszenie-nabor-wnioskow-niematerialne-przekaz-dalej-2026\/"},"wordCount":159,"publisher":{"@id":"https:\/\/nid.pl\/#organization"},"image":{"@id":"https:\/\/nid.pl\/2026\/04\/08\/ogloszenie-nabor-wnioskow-niematerialne-przekaz-dalej-2026\/#primaryimage"},"thumbnailUrl":"https:\/\/nid.pl\/wp-content\/uploads\/2024\/10\/nid_stopka_mkidn_nid_2024.png","articleSection":["BIP Og\u0142oszenia"],"inLanguage":"en-GB"},{"@type":"WebPage","@id":"https:\/\/nid.pl\/2026\/04\/08\/ogloszenie-nabor-wnioskow-niematerialne-przekaz-dalej-2026\/","url":"https:\/\/nid.pl\/2026\/04\/08\/ogloszenie-nabor-wnioskow-niematerialne-przekaz-dalej-2026\/","name":"Narodowy Instytut Dziedzictwa og\u0142asza nab\u00f3r wniosk\u00f3w do programu \u201eNiematerialne \u2013 przeka\u017c dalej\u201d. - NID","isPartOf":{"@id":"https:\/\/nid.pl\/#website"},"primaryImageOfPage":{"@id":"https:\/\/nid.pl\/2026\/04\/08\/ogloszenie-nabor-wnioskow-niematerialne-przekaz-dalej-2026\/#primaryimage"},"image":{"@id":"https:\/\/nid.pl\/2026\/04\/08\/ogloszenie-nabor-wnioskow-niematerialne-przekaz-dalej-2026\/#primaryimage"},"thumbnailUrl":"https:\/\/nid.pl\/wp-content\/uploads\/2024\/10\/nid_stopka_mkidn_nid_2024.png","datePublished":"2026-04-08T09:45:37+00:00","dateModified":"2026-04-14T10:20:41+00:00","breadcrumb":{"@id":"https:\/\/nid.pl\/2026\/04\/08\/ogloszenie-nabor-wnioskow-niematerialne-przekaz-dalej-2026\/#breadcrumb"},"inLanguage":"en-GB","potentialAction":[{"@type":"ReadAction","target":["https:\/\/nid.pl\/2026\/04\/08\/ogloszenie-nabor-wnioskow-niematerialne-przekaz-dalej-2026\/"]}]},{"@type":"ImageObject","inLanguage":"en-GB","@id":"https:\/\/nid.pl\/2026\/04\/08\/ogloszenie-nabor-wnioskow-niematerialne-przekaz-dalej-2026\/#primaryimage","url":"https:\/\/nid.pl\/wp-content\/uploads\/2024\/10\/nid_stopka_mkidn_nid_2024.png","contentUrl":"https:\/\/nid.pl\/wp-content\/uploads\/2024\/10\/nid_stopka_mkidn_nid_2024.png"},{"@type":"BreadcrumbList","@id":"https:\/\/nid.pl\/2026\/04\/08\/ogloszenie-nabor-wnioskow-niematerialne-przekaz-dalej-2026\/#breadcrumb","itemListElement":[{"@type":"ListItem","position":1,"name":"Home","item":"https:\/\/nid.pl\/"},{"@type":"ListItem","position":2,"name":"Narodowy Instytut Dziedzictwa og\u0142asza nab\u00f3r wniosk\u00f3w do programu \u201eNiematerialne \u2013 przeka\u017c dalej\u201d."}]},{"@type":"WebSite","@id":"https:\/\/nid.pl\/#website","url":"https:\/\/nid.pl\/","name":"NID","description":"Narodowy Instytut Dziedzictwa","publisher":{"@id":"https:\/\/nid.pl\/#organization"},"potentialAction":[{"@type":"SearchAction","target":{"@type":"EntryPoint","urlTemplate":"https:\/\/nid.pl\/?s={search_term_string}"},"query-input":{"@type":"PropertyValueSpecification","valueRequired":true,"valueName":"search_term_string"}}],"inLanguage":"en-GB"},{"@type":"Organization","@id":"https:\/\/nid.pl\/#organization","name":"Narodowy Instytut Dziedzictwa","url":"https:\/\/nid.pl\/","logo":{"@type":"ImageObject","inLanguage":"en-GB","@id":"https:\/\/nid.pl\/#\/schema\/logo\/image\/","url":"https:\/\/nid.pl\/wp-content\/uploads\/2022\/10\/logoRedDark.png","contentUrl":"https:\/\/nid.pl\/wp-content\/uploads\/2022\/10\/logoRedDark.png","width":200,"height":197,"caption":"Narodowy Instytut Dziedzictwa"},"image":{"@id":"https:\/\/nid.pl\/#\/schema\/logo\/image\/"},"sameAs":["https:\/\/www.facebook.com\/zabytek","https:\/\/x.com\/NarIDpl","https:\/\/www.instagram.com\/nid.pl\/?hl=pl","https:\/\/www.linkedin.com\/company\/narodowy-instytut-dziedzictwa","https:\/\/www.youtube.com\/channel\/UCQXuhKa2uHtmNvLRUSx40JA"]},{"@type":"Person","@id":"https:\/\/nid.pl\/#\/schema\/person\/9d848c4a54b78bc2a1461f1c5d8de615","name":"Marta Or\u0119ziak","image":{"@type":"ImageObject","inLanguage":"en-GB","@id":"https:\/\/nid.pl\/#\/schema\/person\/image\/","url":"https:\/\/nid.pl\/wp-content\/litespeed\/avatar\/3cdc296a7eb01425272974c992bee3ea.jpg?ver=1777445267","contentUrl":"https:\/\/nid.pl\/wp-content\/litespeed\/avatar\/3cdc296a7eb01425272974c992bee3ea.jpg?ver=1777445267","caption":"Marta Or\u0119ziak"},"url":"https:\/\/nid.pl\/en\/author\/moreziak\/"}]}},"_links":{"self":[{"href":"https:\/\/nid.pl\/en\/wp-json\/wp\/v2\/posts\/34015","targetHints":{"allow":["GET"]}}],"collection":[{"href":"https:\/\/nid.pl\/en\/wp-json\/wp\/v2\/posts"}],"about":[{"href":"https:\/\/nid.pl\/en\/wp-json\/wp\/v2\/types\/post"}],"author":[{"embeddable":true,"href":"https:\/\/nid.pl\/en\/wp-json\/wp\/v2\/users\/4"}],"replies":[{"embeddable":true,"href":"https:\/\/nid.pl\/en\/wp-json\/wp\/v2\/comments?post=34015"}],"version-history":[{"count":9,"href":"https:\/\/nid.pl\/en\/wp-json\/wp\/v2\/posts\/34015\/revisions"}],"predecessor-version":[{"id":34156,"href":"https:\/\/nid.pl\/en\/wp-json\/wp\/v2\/posts\/34015\/revisions\/34156"}],"wp:attachment":[{"href":"https:\/\/nid.pl\/en\/wp-json\/wp\/v2\/media?parent=34015"}],"wp:term":[{"taxonomy":"category","embeddable":true,"href":"https:\/\/nid.pl\/en\/wp-json\/wp\/v2\/categories?post=34015"},{"taxonomy":"post_tag","embeddable":true,"href":"https:\/\/nid.pl\/en\/wp-json\/wp\/v2\/tags?post=34015"}],"curies":[{"name":"wp","href":"https:\/\/api.w.org\/{rel}","templated":true}]}}