{"id":32773,"date":"2026-02-25T13:44:50","date_gmt":"2026-02-25T12:44:50","guid":{"rendered":"https:\/\/nid.pl\/?p=32773"},"modified":"2026-02-25T14:21:48","modified_gmt":"2026-02-25T13:21:48","slug":"zespol-ds-czlonkostwa-polski-w-komitecie","status":"publish","type":"post","link":"https:\/\/nid.pl\/en\/2026\/02\/25\/zespol-ds-czlonkostwa-polski-w-komitecie\/","title":{"rendered":"Znamy cz\u0142onk\u00f3w Zespo\u0142u ds. cz\u0142onkostwa Polski w Mi\u0119dzyrz\u0105dowym Komitecie Ochrony Dziedzictwa Kulturalnego i Naturalnego"},"content":{"rendered":"<p><strong>Polska po raz trzeci w historii obj\u0119\u0142a mandat cz\u0142onka Komitetu \u015awiatowego Dziedzictwa UNESCO. Nasze cz\u0142onkostwo w latach 2025\u20132029 realizowane jest pod has\u0142em \u201eSolidarni w ochronie dziedzictwa\u201d. Merytoryczne wsparcie Ministrowi Kultury i Dziedzictwa Narodowego zapewni Zesp\u00f3\u0142 ds. cz\u0142onkostwa Polski w Mi\u0119dzyrz\u0105dowym Komitecie Ochrony Dziedzictwa Kulturalnego i Naturalnego. W sk\u0142adzie Zespo\u0142u znalaz\u0142y si\u0119 m.in. dyrektorka NID Marlena Happach oraz kierowniczka Dzia\u0142u \u015awiatowego Dziedzictwa w NID i ekspertka narodowa w Komitecie \u015awiatowego Dziedzictwa UNESCO Anna Marconi-Betka.<\/strong><\/p>\n\n\n\n<p>Powo\u0142ania cz\u0142onkom Zespo\u0142u wr\u0119czy\u0142a Sekretarz Stanu w Ministerstwie Kultury i Dziedzictwa Narodowego, Generalna Konserwator Zabytk\u00f3w Bo\u017cena \u017belazowska, podczas pierwszego posiedzenia nowo powo\u0142anego gremium.<\/p>\n\n\n\n<figure class=\"wp-block-image aligncenter size-large is-resized\"><img loading=\"lazy\" decoding=\"async\" width=\"683\" height=\"1024\" src=\"https:\/\/nid.pl\/wp-content\/uploads\/2026\/02\/zespol-unesco_3-683x1024.jpeg\" alt=\"\" class=\"wp-image-32777\" style=\"box-shadow:var(--wp--preset--shadow--natural);width:379px;height:auto\" srcset=\"https:\/\/nid.pl\/wp-content\/uploads\/2026\/02\/zespol-unesco_3-683x1024.jpeg 683w, https:\/\/nid.pl\/wp-content\/uploads\/2026\/02\/zespol-unesco_3-480x720.jpeg 480w\" sizes=\"(min-width: 0px) and (max-width: 480px) 480px, (min-width: 481px) 683px, 100vw\" \/><figcaption class=\"wp-element-caption\">Bo\u017cena \u017belazowska, sekretarz stanu, Generalny Konserwator Zabytk\u00f3w oraz Anna Marconi-Betka\u00a0\u2013 kierowniczka Dzia\u0142u \u015awiatowego Dziedzictwa w NID i ekspertka narodowa w Komitecie \u015awiatowego Dziedzictwa UNESCO; fot. MKiDN<\/figcaption><\/figure>\n\n\n\n<p><strong>Sk\u0142ad Zespo\u0142u ds. cz\u0142onkostwa Polski w Mi\u0119dzyrz\u0105dowym Komitecie Ochrony Dziedzictwa Kulturalnego i Naturalnego:<\/strong><\/p>\n\n\n\n<ul class=\"wp-block-list\">\n<li><strong>Jakub Makowski<\/strong>&nbsp;\u2013 dyrektor Departamentu Ochrony Zabytk\u00f3w w Ministerstwie Kultury i Dziedzictwa Narodowego,&nbsp;<strong>przewodnicz\u0105cy Zespo\u0142u<\/strong>;<\/li>\n\n\n\n<li><strong>Agata Kurdziel&nbsp;<\/strong>\u2013 zast\u0119pczyni dyrektora Departamentu Ochrony Zabytk\u00f3w w Ministerstwie Kultury i Dziedzictwa Narodowego,&nbsp;<strong>zast\u0119pczyni przewodnicz\u0105cego Zespo\u0142u<\/strong>;<\/li>\n\n\n\n<li><strong>Aleksandra Chrzanowska<\/strong>&nbsp;\u2013 naczelniczka Wydzia\u0142u Strategii i Mi\u0119dzynarodowej Ochrony Dziedzictwa w Departamencie Ochrony Zabytk\u00f3w w Ministerstwie Kultury i Dziedzictwa Narodowego,&nbsp;<strong>sekretarz Zespo\u0142u<\/strong>;<\/li>\n\n\n\n<li><strong>Urszula \u015al\u0105zak<\/strong>&nbsp;\u2013 dyrektorka Departamentu Wsp\u00f3\u0142pracy z Zagranic\u0105 w Ministerstwie Kultury i Dziedzictwa Narodowego;<\/li>\n\n\n\n<li><strong>Teresa Mikulska<\/strong>&nbsp;\u2013 radca ds. organizacji mi\u0119dzynarodowych w Departamencie Wsp\u00f3\u0142pracy z Zagranic\u0105 w Ministerstwie Kultury i Dziedzictwa Narodowego;<\/li>\n\n\n\n<li><strong>Agata W\u0105sowska-Pawlik<\/strong>&nbsp;\u2013 dyrektorka Mi\u0119dzynarodowego Centrum Kultury;<\/li>\n\n\n\n<li><strong>prof. dr hab. Jacek Purchla&nbsp;<\/strong>\u2013 pe\u0142nomocnik ds. naukowych Mi\u0119dzynarodowego Centrum Kultury oraz ekspert narodowy w Komitecie \u015awiatowego Dziedzictwa UNESCO;<\/li>\n\n\n\n<li><strong>prof. dr hab. Bogus\u0142aw Szmygin<\/strong>&nbsp;\u2013 prezes Polskiego Komitetu Narodowego ICOMOS;<\/li>\n\n\n\n<li><strong>Marlena Happach<\/strong>&nbsp;\u2013 dyrektorka Narodowego Instytutu Dziedzictwa;<\/li>\n\n\n\n<li><strong>Anna Marconi-Betka&nbsp;<\/strong>\u2013 kierowniczka Dzia\u0142u \u015awiatowego Dziedzictwa w Narodowym Instytucie Dziedzictwa oraz ekspertka narodowa w Komitecie \u015awiatowego Dziedzictwa UNESCO;<\/li>\n\n\n\n<li><strong>Alicja Jagielska-Burduk<\/strong>&nbsp;\u2013 sekretarz generalna Polskiego Komitetu ds. UNESCO;<\/li>\n\n\n\n<li><strong>dr hab. in\u017c. arch. Piotr Gerber&nbsp;<\/strong>\u2013 prezes Mi\u0119dzynarodowego Komitetu Ochrony Dziedzictwa Przemys\u0142owego (TICCIH).<\/li>\n<\/ul>\n\n\n\n<figure class=\"wp-block-image size-large\"><img loading=\"lazy\" decoding=\"async\" width=\"1024\" height=\"683\" src=\"https:\/\/nid.pl\/wp-content\/uploads\/2026\/02\/zespol-unesco_2-1024x683.jpg\" alt=\"\" class=\"wp-image-32775\" style=\"box-shadow:var(--wp--preset--shadow--natural)\" srcset=\"https:\/\/nid.pl\/wp-content\/uploads\/2026\/02\/zespol-unesco_2-1024x683.jpg 1024w, https:\/\/nid.pl\/wp-content\/uploads\/2026\/02\/zespol-unesco_2-980x653.jpg 980w, https:\/\/nid.pl\/wp-content\/uploads\/2026\/02\/zespol-unesco_2-480x320.jpg 480w\" sizes=\"(min-width: 0px) and (max-width: 480px) 480px, (min-width: 481px) and (max-width: 980px) 980px, (min-width: 981px) 1024px, 100vw\" \/><figcaption class=\"wp-element-caption\">Zesp\u00f3\u0142 ds. cz\u0142onkostwa Polski w Mi\u0119dzyrz\u0105dowym Komitecie Ochrony Dziedzictwa Kulturalnego i Naturalnego, fot. MKiDN<\/figcaption><\/figure>\n\n\n\n<p>Polska sprawowa\u0142a mandat cz\u0142onka Komitetu \u015awiatowego Dziedzictwa UNESCO w latach 1976\u20131978 oraz 2013\u20132017. Wyb\u00f3r na kolejn\u0105 kadencj\u0119 w latach 2025\u20132029 stanowi wyraz uznania dla dorobku naszego kraju w zakresie ochrony dziedzictwa, a zarazem zobowi\u0105zanie do aktywnego i odpowiedzialnego wsp\u00f3\u0142tworzenia systemu ochrony ustanowionego na mocy Konwencji z 1972 roku.<\/p>\n\n\n\n<figure class=\"wp-block-image size-large is-style-default\"><img loading=\"lazy\" decoding=\"async\" width=\"1024\" height=\"683\" src=\"https:\/\/nid.pl\/wp-content\/uploads\/2026\/02\/zespol-unesco_1-1024x683.jpg\" alt=\"\" class=\"wp-image-32776\" style=\"box-shadow:var(--wp--preset--shadow--natural)\" srcset=\"https:\/\/nid.pl\/wp-content\/uploads\/2026\/02\/zespol-unesco_1-1024x683.jpg 1024w, https:\/\/nid.pl\/wp-content\/uploads\/2026\/02\/zespol-unesco_1-980x653.jpg 980w, https:\/\/nid.pl\/wp-content\/uploads\/2026\/02\/zespol-unesco_1-480x320.jpg 480w\" sizes=\"(min-width: 0px) and (max-width: 480px) 480px, (min-width: 481px) and (max-width: 980px) 980px, (min-width: 981px) 1024px, 100vw\" \/><figcaption class=\"wp-element-caption\">Zesp\u00f3\u0142 ds. cz\u0142onkostwa Polski w Mi\u0119dzyrz\u0105dowym Komitecie Ochrony Dziedzictwa Kulturalnego i Naturalnego, fot. MKiDN<\/figcaption><\/figure>\n\n\n\n<p>Has\u0142o \u201eSolidarni w ochronie dziedzictwa\u201d wyznacza kierunek dzia\u0142a\u0144 Polski w Komitecie oraz podkre\u015bla znaczenie wsp\u00f3\u0142pracy mi\u0119dzynarodowej, dialogu i wymiany do\u015bwiadcze\u0144. Za przygotowanie stanowisk eksperckich, analiz dokument\u00f3w Komitetu oraz wsparcie merytoryczne odpowiada Ministerstwo Kultury i Dziedzictwa Narodowego we wsp\u00f3\u0142pracy z Narodowym Instytutem Dziedzictwa. W realizacj\u0119 zada\u0144 w\u0142\u0105czone s\u0105 r\u00f3wnie\u017c Ministerstwo Klimatu i \u015arodowiska \u2013 w zakresie dziedzictwa przyrodniczego \u2013 oraz Ministerstwo Spraw Zagranicznych, odpowiedzialne za wymiar polityczny i dyplomatyczny udzia\u0142u Polski w pracach Komitetu.<\/p>\n\n\n\n<p>Dzia\u0142ania Polski w ramach mandatu koncentruj\u0105 si\u0119 wok\u00f3\u0142 czterech kluczowych obszar\u00f3w:<\/p>\n\n\n\n<ul class=\"wp-block-list\">\n<li>edukacja i budowanie \u015bwiadomo\u015bci spo\u0142ecznej w zakresie warto\u015bci dziedzictwa.<\/li>\n\n\n\n<li>ochrona dziedzictwa w czasie konflikt\u00f3w zbrojnych,<\/li>\n\n\n\n<li>klimat i dziedzictwo,<\/li>\n\n\n\n<li>solidarno\u015b\u0107 mi\u0119dzynarodowa.<\/li>\n<\/ul>","protected":false},"excerpt":{"rendered":"<p>Polska po raz trzeci w historii obj\u0119\u0142a mandat cz\u0142onka Komitetu \u015awiatowego Dziedzictwa UNESCO. Nasze cz\u0142onkostwo w latach 2025\u20132029 realizowane jest pod has\u0142em \u201eSolidarni w ochronie dziedzictwa\u201d. Merytoryczne wsparcie Ministrowi Kultury [&hellip;]<\/p>","protected":false},"author":4,"featured_media":32774,"comment_status":"closed","ping_status":"closed","sticky":false,"template":"","format":"standard","meta":{"_et_pb_use_builder":"off","_et_pb_old_content":"","_et_gb_content_width":"","_monsterinsights_skip_tracking":false,"_monsterinsights_sitenote_active":false,"_monsterinsights_sitenote_note":"","_monsterinsights_sitenote_category":0,"footnotes":""},"categories":[3,91],"tags":[],"class_list":["post-32773","post","type-post","status-publish","format-standard","has-post-thumbnail","hentry","category-aktualnosci","category-swiatowe-dziedzictwo"],"yoast_head":"<!-- This site is optimized with the Yoast SEO plugin v26.5 - https:\/\/yoast.com\/wordpress\/plugins\/seo\/ -->\n<title>Znamy cz\u0142onk\u00f3w Zespo\u0142u ds. cz\u0142onkostwa Polski w Mi\u0119dzyrz\u0105dowym Komitecie Ochrony Dziedzictwa Kulturalnego i Naturalnego - NID<\/title>\n<meta name=\"robots\" content=\"index, follow, max-snippet:-1, max-image-preview:large, max-video-preview:-1\" \/>\n<link rel=\"canonical\" href=\"https:\/\/nid.pl\/en\/2026\/02\/25\/zespol-ds-czlonkostwa-polski-w-komitecie\/\" \/>\n<meta property=\"og:locale\" content=\"en_GB\" \/>\n<meta property=\"og:type\" content=\"article\" \/>\n<meta property=\"og:title\" content=\"Znamy cz\u0142onk\u00f3w Zespo\u0142u ds. cz\u0142onkostwa Polski w Mi\u0119dzyrz\u0105dowym Komitecie Ochrony Dziedzictwa Kulturalnego i Naturalnego - NID\" \/>\n<meta property=\"og:description\" content=\"Polska po raz trzeci w historii obj\u0119\u0142a mandat cz\u0142onka Komitetu \u015awiatowego Dziedzictwa UNESCO. Nasze cz\u0142onkostwo w latach 2025\u20132029 realizowane jest pod has\u0142em \u201eSolidarni w ochronie dziedzictwa\u201d. Merytoryczne wsparcie Ministrowi Kultury [&hellip;]\" \/>\n<meta property=\"og:url\" content=\"https:\/\/nid.pl\/en\/2026\/02\/25\/zespol-ds-czlonkostwa-polski-w-komitecie\/\" \/>\n<meta property=\"og:site_name\" content=\"NID\" \/>\n<meta property=\"article:publisher\" content=\"https:\/\/www.facebook.com\/zabytek\" \/>\n<meta property=\"article:published_time\" content=\"2026-02-25T12:44:50+00:00\" \/>\n<meta property=\"article:modified_time\" content=\"2026-02-25T13:21:48+00:00\" \/>\n<meta property=\"og:image\" content=\"https:\/\/nid.pl\/wp-content\/uploads\/2026\/02\/zespol-unesco_miniatura.jpg\" \/>\n\t<meta property=\"og:image:width\" content=\"1200\" \/>\n\t<meta property=\"og:image:height\" content=\"800\" \/>\n\t<meta property=\"og:image:type\" content=\"image\/jpeg\" \/>\n<meta name=\"author\" content=\"Marta Or\u0119ziak\" \/>\n<meta name=\"twitter:card\" content=\"summary_large_image\" \/>\n<meta name=\"twitter:creator\" content=\"@NarIDpl\" \/>\n<meta name=\"twitter:site\" content=\"@NarIDpl\" \/>\n<meta name=\"twitter:label1\" content=\"Written by\" \/>\n\t<meta name=\"twitter:data1\" content=\"Marta Or\u0119ziak\" \/>\n\t<meta name=\"twitter:label2\" content=\"Estimated reading time\" \/>\n\t<meta name=\"twitter:data2\" content=\"4 minutes\" \/>\n<script type=\"application\/ld+json\" class=\"yoast-schema-graph\">{\"@context\":\"https:\/\/schema.org\",\"@graph\":[{\"@type\":\"Article\",\"@id\":\"https:\/\/nid.pl\/2026\/02\/25\/zespol-ds-czlonkostwa-polski-w-komitecie\/#article\",\"isPartOf\":{\"@id\":\"https:\/\/nid.pl\/2026\/02\/25\/zespol-ds-czlonkostwa-polski-w-komitecie\/\"},\"author\":{\"name\":\"Marta Or\u0119ziak\",\"@id\":\"https:\/\/nid.pl\/#\/schema\/person\/9d848c4a54b78bc2a1461f1c5d8de615\"},\"headline\":\"Znamy cz\u0142onk\u00f3w Zespo\u0142u ds. cz\u0142onkostwa Polski w Mi\u0119dzyrz\u0105dowym Komitecie Ochrony Dziedzictwa Kulturalnego i Naturalnego\",\"datePublished\":\"2026-02-25T12:44:50+00:00\",\"dateModified\":\"2026-02-25T13:21:48+00:00\",\"mainEntityOfPage\":{\"@id\":\"https:\/\/nid.pl\/2026\/02\/25\/zespol-ds-czlonkostwa-polski-w-komitecie\/\"},\"wordCount\":585,\"publisher\":{\"@id\":\"https:\/\/nid.pl\/#organization\"},\"image\":{\"@id\":\"https:\/\/nid.pl\/2026\/02\/25\/zespol-ds-czlonkostwa-polski-w-komitecie\/#primaryimage\"},\"thumbnailUrl\":\"https:\/\/nid.pl\/wp-content\/uploads\/2026\/02\/zespol-unesco_miniatura.jpg\",\"articleSection\":[\"Aktualno\u015bci\",\"\u015awiatowe dziedzictwo\"],\"inLanguage\":\"en-GB\"},{\"@type\":\"WebPage\",\"@id\":\"https:\/\/nid.pl\/2026\/02\/25\/zespol-ds-czlonkostwa-polski-w-komitecie\/\",\"url\":\"https:\/\/nid.pl\/2026\/02\/25\/zespol-ds-czlonkostwa-polski-w-komitecie\/\",\"name\":\"Znamy cz\u0142onk\u00f3w Zespo\u0142u ds. cz\u0142onkostwa Polski w Mi\u0119dzyrz\u0105dowym Komitecie Ochrony Dziedzictwa Kulturalnego i Naturalnego - NID\",\"isPartOf\":{\"@id\":\"https:\/\/nid.pl\/#website\"},\"primaryImageOfPage\":{\"@id\":\"https:\/\/nid.pl\/2026\/02\/25\/zespol-ds-czlonkostwa-polski-w-komitecie\/#primaryimage\"},\"image\":{\"@id\":\"https:\/\/nid.pl\/2026\/02\/25\/zespol-ds-czlonkostwa-polski-w-komitecie\/#primaryimage\"},\"thumbnailUrl\":\"https:\/\/nid.pl\/wp-content\/uploads\/2026\/02\/zespol-unesco_miniatura.jpg\",\"datePublished\":\"2026-02-25T12:44:50+00:00\",\"dateModified\":\"2026-02-25T13:21:48+00:00\",\"breadcrumb\":{\"@id\":\"https:\/\/nid.pl\/2026\/02\/25\/zespol-ds-czlonkostwa-polski-w-komitecie\/#breadcrumb\"},\"inLanguage\":\"en-GB\",\"potentialAction\":[{\"@type\":\"ReadAction\",\"target\":[\"https:\/\/nid.pl\/2026\/02\/25\/zespol-ds-czlonkostwa-polski-w-komitecie\/\"]}]},{\"@type\":\"ImageObject\",\"inLanguage\":\"en-GB\",\"@id\":\"https:\/\/nid.pl\/2026\/02\/25\/zespol-ds-czlonkostwa-polski-w-komitecie\/#primaryimage\",\"url\":\"https:\/\/nid.pl\/wp-content\/uploads\/2026\/02\/zespol-unesco_miniatura.jpg\",\"contentUrl\":\"https:\/\/nid.pl\/wp-content\/uploads\/2026\/02\/zespol-unesco_miniatura.jpg\",\"width\":1200,\"height\":800,\"caption\":\"Zesp\u00f3\u0142 ds. cz\u0142onkostwa Polski w Mi\u0119dzyrz\u0105dowym Komitecie Ochrony Dziedzictwa Kulturalnego i Naturalnego, fot. MKiDN\"},{\"@type\":\"BreadcrumbList\",\"@id\":\"https:\/\/nid.pl\/2026\/02\/25\/zespol-ds-czlonkostwa-polski-w-komitecie\/#breadcrumb\",\"itemListElement\":[{\"@type\":\"ListItem\",\"position\":1,\"name\":\"Home\",\"item\":\"https:\/\/nid.pl\/\"},{\"@type\":\"ListItem\",\"position\":2,\"name\":\"Znamy cz\u0142onk\u00f3w Zespo\u0142u ds. cz\u0142onkostwa Polski w Mi\u0119dzyrz\u0105dowym Komitecie Ochrony Dziedzictwa Kulturalnego i Naturalnego\"}]},{\"@type\":\"WebSite\",\"@id\":\"https:\/\/nid.pl\/#website\",\"url\":\"https:\/\/nid.pl\/\",\"name\":\"NID\",\"description\":\"Narodowy Instytut Dziedzictwa\",\"publisher\":{\"@id\":\"https:\/\/nid.pl\/#organization\"},\"potentialAction\":[{\"@type\":\"SearchAction\",\"target\":{\"@type\":\"EntryPoint\",\"urlTemplate\":\"https:\/\/nid.pl\/?s={search_term_string}\"},\"query-input\":{\"@type\":\"PropertyValueSpecification\",\"valueRequired\":true,\"valueName\":\"search_term_string\"}}],\"inLanguage\":\"en-GB\"},{\"@type\":\"Organization\",\"@id\":\"https:\/\/nid.pl\/#organization\",\"name\":\"Narodowy Instytut Dziedzictwa\",\"url\":\"https:\/\/nid.pl\/\",\"logo\":{\"@type\":\"ImageObject\",\"inLanguage\":\"en-GB\",\"@id\":\"https:\/\/nid.pl\/#\/schema\/logo\/image\/\",\"url\":\"https:\/\/nid.pl\/wp-content\/uploads\/2022\/10\/logoRedDark.png\",\"contentUrl\":\"https:\/\/nid.pl\/wp-content\/uploads\/2022\/10\/logoRedDark.png\",\"width\":200,\"height\":197,\"caption\":\"Narodowy Instytut Dziedzictwa\"},\"image\":{\"@id\":\"https:\/\/nid.pl\/#\/schema\/logo\/image\/\"},\"sameAs\":[\"https:\/\/www.facebook.com\/zabytek\",\"https:\/\/x.com\/NarIDpl\",\"https:\/\/www.instagram.com\/nid.pl\/?hl=pl\",\"https:\/\/www.linkedin.com\/company\/narodowy-instytut-dziedzictwa\",\"https:\/\/www.youtube.com\/channel\/UCQXuhKa2uHtmNvLRUSx40JA\"]},{\"@type\":\"Person\",\"@id\":\"https:\/\/nid.pl\/#\/schema\/person\/9d848c4a54b78bc2a1461f1c5d8de615\",\"name\":\"Marta Or\u0119ziak\",\"image\":{\"@type\":\"ImageObject\",\"inLanguage\":\"en-GB\",\"@id\":\"https:\/\/nid.pl\/#\/schema\/person\/image\/\",\"url\":\"https:\/\/nid.pl\/wp-content\/litespeed\/avatar\/3cdc296a7eb01425272974c992bee3ea.jpg?ver=1777445267\",\"contentUrl\":\"https:\/\/nid.pl\/wp-content\/litespeed\/avatar\/3cdc296a7eb01425272974c992bee3ea.jpg?ver=1777445267\",\"caption\":\"Marta Or\u0119ziak\"},\"url\":\"https:\/\/nid.pl\/en\/author\/moreziak\/\"}]}<\/script>\n<!-- \/ Yoast SEO plugin. -->","yoast_head_json":{"title":"Znamy cz\u0142onk\u00f3w Zespo\u0142u ds. cz\u0142onkostwa Polski w Mi\u0119dzyrz\u0105dowym Komitecie Ochrony Dziedzictwa Kulturalnego i Naturalnego - NID","robots":{"index":"index","follow":"follow","max-snippet":"max-snippet:-1","max-image-preview":"max-image-preview:large","max-video-preview":"max-video-preview:-1"},"canonical":"https:\/\/nid.pl\/en\/2026\/02\/25\/zespol-ds-czlonkostwa-polski-w-komitecie\/","og_locale":"en_GB","og_type":"article","og_title":"Znamy cz\u0142onk\u00f3w Zespo\u0142u ds. cz\u0142onkostwa Polski w Mi\u0119dzyrz\u0105dowym Komitecie Ochrony Dziedzictwa Kulturalnego i Naturalnego - NID","og_description":"Polska po raz trzeci w historii obj\u0119\u0142a mandat cz\u0142onka Komitetu \u015awiatowego Dziedzictwa UNESCO. Nasze cz\u0142onkostwo w latach 2025\u20132029 realizowane jest pod has\u0142em \u201eSolidarni w ochronie dziedzictwa\u201d. Merytoryczne wsparcie Ministrowi Kultury [&hellip;]","og_url":"https:\/\/nid.pl\/en\/2026\/02\/25\/zespol-ds-czlonkostwa-polski-w-komitecie\/","og_site_name":"NID","article_publisher":"https:\/\/www.facebook.com\/zabytek","article_published_time":"2026-02-25T12:44:50+00:00","article_modified_time":"2026-02-25T13:21:48+00:00","og_image":[{"width":1200,"height":800,"url":"https:\/\/nid.pl\/wp-content\/uploads\/2026\/02\/zespol-unesco_miniatura.jpg","type":"image\/jpeg"}],"author":"Marta Or\u0119ziak","twitter_card":"summary_large_image","twitter_creator":"@NarIDpl","twitter_site":"@NarIDpl","twitter_misc":{"Written by":"Marta Or\u0119ziak","Estimated reading time":"4 minutes"},"schema":{"@context":"https:\/\/schema.org","@graph":[{"@type":"Article","@id":"https:\/\/nid.pl\/2026\/02\/25\/zespol-ds-czlonkostwa-polski-w-komitecie\/#article","isPartOf":{"@id":"https:\/\/nid.pl\/2026\/02\/25\/zespol-ds-czlonkostwa-polski-w-komitecie\/"},"author":{"name":"Marta Or\u0119ziak","@id":"https:\/\/nid.pl\/#\/schema\/person\/9d848c4a54b78bc2a1461f1c5d8de615"},"headline":"Znamy cz\u0142onk\u00f3w Zespo\u0142u ds. cz\u0142onkostwa Polski w Mi\u0119dzyrz\u0105dowym Komitecie Ochrony Dziedzictwa Kulturalnego i Naturalnego","datePublished":"2026-02-25T12:44:50+00:00","dateModified":"2026-02-25T13:21:48+00:00","mainEntityOfPage":{"@id":"https:\/\/nid.pl\/2026\/02\/25\/zespol-ds-czlonkostwa-polski-w-komitecie\/"},"wordCount":585,"publisher":{"@id":"https:\/\/nid.pl\/#organization"},"image":{"@id":"https:\/\/nid.pl\/2026\/02\/25\/zespol-ds-czlonkostwa-polski-w-komitecie\/#primaryimage"},"thumbnailUrl":"https:\/\/nid.pl\/wp-content\/uploads\/2026\/02\/zespol-unesco_miniatura.jpg","articleSection":["Aktualno\u015bci","\u015awiatowe dziedzictwo"],"inLanguage":"en-GB"},{"@type":"WebPage","@id":"https:\/\/nid.pl\/2026\/02\/25\/zespol-ds-czlonkostwa-polski-w-komitecie\/","url":"https:\/\/nid.pl\/2026\/02\/25\/zespol-ds-czlonkostwa-polski-w-komitecie\/","name":"Znamy cz\u0142onk\u00f3w Zespo\u0142u ds. cz\u0142onkostwa Polski w Mi\u0119dzyrz\u0105dowym Komitecie Ochrony Dziedzictwa Kulturalnego i Naturalnego - NID","isPartOf":{"@id":"https:\/\/nid.pl\/#website"},"primaryImageOfPage":{"@id":"https:\/\/nid.pl\/2026\/02\/25\/zespol-ds-czlonkostwa-polski-w-komitecie\/#primaryimage"},"image":{"@id":"https:\/\/nid.pl\/2026\/02\/25\/zespol-ds-czlonkostwa-polski-w-komitecie\/#primaryimage"},"thumbnailUrl":"https:\/\/nid.pl\/wp-content\/uploads\/2026\/02\/zespol-unesco_miniatura.jpg","datePublished":"2026-02-25T12:44:50+00:00","dateModified":"2026-02-25T13:21:48+00:00","breadcrumb":{"@id":"https:\/\/nid.pl\/2026\/02\/25\/zespol-ds-czlonkostwa-polski-w-komitecie\/#breadcrumb"},"inLanguage":"en-GB","potentialAction":[{"@type":"ReadAction","target":["https:\/\/nid.pl\/2026\/02\/25\/zespol-ds-czlonkostwa-polski-w-komitecie\/"]}]},{"@type":"ImageObject","inLanguage":"en-GB","@id":"https:\/\/nid.pl\/2026\/02\/25\/zespol-ds-czlonkostwa-polski-w-komitecie\/#primaryimage","url":"https:\/\/nid.pl\/wp-content\/uploads\/2026\/02\/zespol-unesco_miniatura.jpg","contentUrl":"https:\/\/nid.pl\/wp-content\/uploads\/2026\/02\/zespol-unesco_miniatura.jpg","width":1200,"height":800,"caption":"Zesp\u00f3\u0142 ds. cz\u0142onkostwa Polski w Mi\u0119dzyrz\u0105dowym Komitecie Ochrony Dziedzictwa Kulturalnego i Naturalnego, fot. MKiDN"},{"@type":"BreadcrumbList","@id":"https:\/\/nid.pl\/2026\/02\/25\/zespol-ds-czlonkostwa-polski-w-komitecie\/#breadcrumb","itemListElement":[{"@type":"ListItem","position":1,"name":"Home","item":"https:\/\/nid.pl\/"},{"@type":"ListItem","position":2,"name":"Znamy cz\u0142onk\u00f3w Zespo\u0142u ds. cz\u0142onkostwa Polski w Mi\u0119dzyrz\u0105dowym Komitecie Ochrony Dziedzictwa Kulturalnego i Naturalnego"}]},{"@type":"WebSite","@id":"https:\/\/nid.pl\/#website","url":"https:\/\/nid.pl\/","name":"NID","description":"Narodowy Instytut Dziedzictwa","publisher":{"@id":"https:\/\/nid.pl\/#organization"},"potentialAction":[{"@type":"SearchAction","target":{"@type":"EntryPoint","urlTemplate":"https:\/\/nid.pl\/?s={search_term_string}"},"query-input":{"@type":"PropertyValueSpecification","valueRequired":true,"valueName":"search_term_string"}}],"inLanguage":"en-GB"},{"@type":"Organization","@id":"https:\/\/nid.pl\/#organization","name":"Narodowy Instytut Dziedzictwa","url":"https:\/\/nid.pl\/","logo":{"@type":"ImageObject","inLanguage":"en-GB","@id":"https:\/\/nid.pl\/#\/schema\/logo\/image\/","url":"https:\/\/nid.pl\/wp-content\/uploads\/2022\/10\/logoRedDark.png","contentUrl":"https:\/\/nid.pl\/wp-content\/uploads\/2022\/10\/logoRedDark.png","width":200,"height":197,"caption":"Narodowy Instytut Dziedzictwa"},"image":{"@id":"https:\/\/nid.pl\/#\/schema\/logo\/image\/"},"sameAs":["https:\/\/www.facebook.com\/zabytek","https:\/\/x.com\/NarIDpl","https:\/\/www.instagram.com\/nid.pl\/?hl=pl","https:\/\/www.linkedin.com\/company\/narodowy-instytut-dziedzictwa","https:\/\/www.youtube.com\/channel\/UCQXuhKa2uHtmNvLRUSx40JA"]},{"@type":"Person","@id":"https:\/\/nid.pl\/#\/schema\/person\/9d848c4a54b78bc2a1461f1c5d8de615","name":"Marta Or\u0119ziak","image":{"@type":"ImageObject","inLanguage":"en-GB","@id":"https:\/\/nid.pl\/#\/schema\/person\/image\/","url":"https:\/\/nid.pl\/wp-content\/litespeed\/avatar\/3cdc296a7eb01425272974c992bee3ea.jpg?ver=1777445267","contentUrl":"https:\/\/nid.pl\/wp-content\/litespeed\/avatar\/3cdc296a7eb01425272974c992bee3ea.jpg?ver=1777445267","caption":"Marta Or\u0119ziak"},"url":"https:\/\/nid.pl\/en\/author\/moreziak\/"}]}},"_links":{"self":[{"href":"https:\/\/nid.pl\/en\/wp-json\/wp\/v2\/posts\/32773","targetHints":{"allow":["GET"]}}],"collection":[{"href":"https:\/\/nid.pl\/en\/wp-json\/wp\/v2\/posts"}],"about":[{"href":"https:\/\/nid.pl\/en\/wp-json\/wp\/v2\/types\/post"}],"author":[{"embeddable":true,"href":"https:\/\/nid.pl\/en\/wp-json\/wp\/v2\/users\/4"}],"replies":[{"embeddable":true,"href":"https:\/\/nid.pl\/en\/wp-json\/wp\/v2\/comments?post=32773"}],"version-history":[{"count":2,"href":"https:\/\/nid.pl\/en\/wp-json\/wp\/v2\/posts\/32773\/revisions"}],"predecessor-version":[{"id":33019,"href":"https:\/\/nid.pl\/en\/wp-json\/wp\/v2\/posts\/32773\/revisions\/33019"}],"wp:featuredmedia":[{"embeddable":true,"href":"https:\/\/nid.pl\/en\/wp-json\/wp\/v2\/media\/32774"}],"wp:attachment":[{"href":"https:\/\/nid.pl\/en\/wp-json\/wp\/v2\/media?parent=32773"}],"wp:term":[{"taxonomy":"category","embeddable":true,"href":"https:\/\/nid.pl\/en\/wp-json\/wp\/v2\/categories?post=32773"},{"taxonomy":"post_tag","embeddable":true,"href":"https:\/\/nid.pl\/en\/wp-json\/wp\/v2\/tags?post=32773"}],"curies":[{"name":"wp","href":"https:\/\/api.w.org\/{rel}","templated":true}]}}