{"id":32100,"date":"2026-02-16T12:22:00","date_gmt":"2026-02-16T11:22:00","guid":{"rendered":"https:\/\/nid.pl\/?p=32100"},"modified":"2026-02-16T12:43:22","modified_gmt":"2026-02-16T11:43:22","slug":"wedrowki-po-parku-muzakowskim","status":"publish","type":"post","link":"https:\/\/nid.pl\/en\/2026\/02\/16\/wedrowki-po-parku-muzakowskim\/","title":{"rendered":"W\u0119dr\u00f3wki po Parku Mu\u017cakowskim"},"content":{"rendered":"<p><strong>Ka\u017cda pora roku jest dobra, aby odwiedzi\u0107 Park Mu\u017cakowski! Zim\u0105 i wiosn\u0105 zapraszamy na \u201eW\u0119dr\u00f3wki po Parku Mu\u017cakowskim\u201d &#8211; cykl spacer\u00f3w w j\u0119zyku polskim i niemieckim. Zach\u0119camy do poznania historii, architektury i przyrody parku podczas spokojnego spaceru w malowniczej scenerii.<\/strong><\/p>\n\n\n\n<p class=\"has-medium-font-size\"><strong>O wydarzeniu<\/strong><\/p>\n\n\n\n<p>Oprowadzania odbywaj\u0105 si\u0119 w niedziele i trwaj\u0105 oko\u0142o 1,5 godziny. Spotykamy si\u0119 przy Punkcie Informacyjnym, ul. Hutnicza 19 w \u0141\u0119knicy.<\/p>\n\n\n\n<p>UWAGA! Ilo\u015b\u0107 miejsc na wszystkich wydarzeniach jest ograniczona. Rejestracja obowi\u0105zkowa \u2013 decyduje kolejno\u015b\u0107 zg\u0142osze\u0144.<\/p>\n\n\n\n<p><\/p>\n\n\n\n<p class=\"has-medium-font-size\"><strong>Program w\u0119dr\u00f3wek<\/strong><\/p>\n\n\n\n<p class=\"has-text-color has-link-color has-medium-font-size wp-elements-8947b44676132526844bd4eff1130e23\" style=\"color:#e7557a\"><strong>15 lutego (niedziela)<\/strong><\/p>\n\n\n\n<p>\u23f0<strong>11.00 \u2013 <\/strong>Poznaj Park Mu\u017cakowski, spacer w j\u0119zyku polskim (1,5 godziny)<br>\u23f0<strong>11.30 \u2013<\/strong> Poznaj Park Mu\u017cakowski, spacer w j\u0119zyku niemieckim (1,5 godziny)<\/p>\n\n\n\n<figure class=\"wp-block-image aligncenter size-full is-resized\"><img loading=\"lazy\" decoding=\"async\" width=\"719\" height=\"960\" src=\"https:\/\/nid.pl\/wp-content\/uploads\/2026\/02\/Resized_Resized_20260215_1105412003.jpeg\" alt=\"tury\u015bci zwiedzaj\u0105cy park\" class=\"wp-image-32290\" style=\"width:425px;height:auto\" srcset=\"https:\/\/nid.pl\/wp-content\/uploads\/2026\/02\/Resized_Resized_20260215_1105412003.jpeg 719w, https:\/\/nid.pl\/wp-content\/uploads\/2026\/02\/Resized_Resized_20260215_1105412003-480x641.jpeg 480w\" sizes=\"(min-width: 0px) and (max-width: 480px) 480px, (min-width: 481px) 719px, 100vw\" \/><figcaption class=\"wp-element-caption\">fot. Przewodnicy Mu\u017cakowscy <\/figcaption><\/figure>\n\n\n\n<p class=\"has-text-color has-link-color has-medium-font-size wp-elements-74d2b54ea2847cd90433b5adad58db6b\" style=\"color:#e7557a\"><strong>29 marca (niedziela)<\/strong><\/p>\n\n\n\n<p>\u23f0<strong>11.00 \u2013 <\/strong>Poznaj Park Mu\u017cakowski, spacer w j\u0119zyku polskim (1,5 godziny)<br>\u23f0<strong>11.30 \u2013<\/strong> Poznaj Park Mu\u017cakowski, spacer w j\u0119zyku niemieckim (1,5 godziny)<\/p>\n\n\n\n<p class=\"has-text-color has-link-color has-medium-font-size wp-elements-6d80f491ac913ee5be435cc71f44460f\" style=\"color:#e7557a\"><strong>26 kwietnia (niedziela)<\/strong><\/p>\n\n\n\n<p>\u23f0<strong>11.00 \u2013 <\/strong>Poznaj Park Mu\u017cakowski, spacer w j\u0119zyku polskim (1,5 godziny)<br>\u23f0<strong>11.30 \u2013<\/strong> Poznaj Park Mu\u017cakowski, spacer w j\u0119zyku niemieckim (1,5 godziny)<\/p>\n\n\n\n<p class=\"has-text-color has-link-color has-medium-font-size wp-elements-8e99f6aeb98d1f2dd149eba5213e8d05\" style=\"color:#e7557a\"><strong>31 maja (niedziela)<\/strong><\/p>\n\n\n\n<p>\u23f0<strong>11.00 <\/strong>\u2013 Poznaj Park Mu\u017cakowski, spacer w j\u0119zyku polskim (1,5 godziny)<br>\u23f0<strong>11.30 <\/strong>\u2013 Poznaj Park Mu\u017cakowski, spacer w j\u0119zyku niemieckim (1,5 godziny)<\/p>\n\n\n\n<div class=\"wp-block-columns is-layout-flex wp-container-core-columns-is-layout-9d6595d7 wp-block-columns-is-layout-flex\">\n<div class=\"wp-block-column is-layout-flow wp-block-column-is-layout-flow\">\n<div class=\"wp-block-buttons is-layout-flex wp-block-buttons-is-layout-flex\">\n<div class=\"wp-block-button has-custom-width wp-block-button__width-100\"><a class=\"wp-block-button__link has-background has-text-align-left wp-element-button\" href=\"https:\/\/rejestracja.nid.pl\/wedrowki_po_pm_2026\" style=\"background:linear-gradient(135deg,rgb(253,87,93) 0%,rgb(151,82,239) 100%)\" target=\"_blank\" rel=\"noreferrer noopener\"><strong>Rejestracja &#8211; oprowadzanie w j\u0119zyku polskim<\/strong><\/a><\/div>\n<\/div>\n<\/div>\n\n\n\n<div class=\"wp-block-column is-layout-flow wp-block-column-is-layout-flow\">\n<div class=\"wp-block-buttons is-layout-flex wp-block-buttons-is-layout-flex\">\n<div class=\"wp-block-button has-custom-width wp-block-button__width-100\"><a class=\"wp-block-button__link has-background wp-element-button\" href=\"https:\/\/rejestracja.nid.pl\/wandern_im_mp_2026\" style=\"background:linear-gradient(135deg,rgb(253,87,91) 0%,rgb(151,82,239) 100%)\" target=\"_blank\" rel=\"noreferrer noopener\"><strong><strong>Anmeldung &#8211; F\u00fchrung auf Deutsch<\/strong><\/strong><\/a><\/div>\n<\/div>\n<\/div>\n<\/div>\n\n\n\n<p><\/p>\n\n\n\n<p>Wydarzenie \u201eW\u0119dr\u00f3wki po Parku Mu\u017cakowskim\u201d sfinansowano ze \u015brodk\u00f3w Programu Wsp\u00f3\u0142pracy INTERREG 2021 \u2013 2027 i Ministra Kultury i Dziedzictwa Narodowego.<\/p>\n\n\n\n<p>Wydarzenie organizowane przez Narodowy Instytut Dziedzictwa, we wsp\u00f3\u0142pracy z Fundacj\u0105 \u201ePark Ksi\u0119cia P\u00fccklera Bad Muskau\u201d.<\/p>\n\n\n\n<div style=\"height:30px\" aria-hidden=\"true\" class=\"wp-block-spacer\"><\/div>\n\n\n\n<div class=\"wp-block-buttons is-content-justification-center is-layout-flex wp-container-core-buttons-is-layout-16018d1d wp-block-buttons-is-layout-flex\">\n<div class=\"wp-block-button\"><a class=\"wp-block-button__link has-background has-medium-font-size has-custom-font-size wp-element-button\" href=\"https:\/\/nid.pl\/wp-content\/uploads\/2026\/02\/park-muzakowski-wedrowki_regulamin2026.pdf\" style=\"border-top-left-radius:100px;border-top-right-radius:100px;border-bottom-left-radius:100px;border-bottom-right-radius:100px;background:linear-gradient(135deg,rgb(253,87,91) 0%,rgb(151,82,239) 100%)\" target=\"_blank\" rel=\"noreferrer noopener\"><strong>Regulamin wydarzenia (PDF)<\/strong><\/a><\/div>\n<\/div>\n\n\n\n<div style=\"height:30px\" aria-hidden=\"true\" class=\"wp-block-spacer\"><\/div>\n\n\n\n<figure class=\"wp-block-image aligncenter size-large\"><img loading=\"lazy\" decoding=\"async\" width=\"717\" height=\"1024\" src=\"https:\/\/nid.pl\/wp-content\/uploads\/2026\/02\/park-muzakowski-wedrowki_plakat-717x1024.jpg\" alt=\"\" class=\"wp-image-32103\"\/><\/figure>","protected":false},"excerpt":{"rendered":"<p>Ka\u017cda pora roku jest dobra, aby odwiedzi\u0107 Park Mu\u017cakowski! Zim\u0105 i wiosn\u0105 zapraszamy na \u201eW\u0119dr\u00f3wki po Parku Mu\u017cakowskim\u201d &#8211; cykl spacer\u00f3w w j\u0119zyku polskim i niemieckim. Zach\u0119camy do poznania historii, [&hellip;]<\/p>","protected":false},"author":4,"featured_media":32101,"comment_status":"closed","ping_status":"closed","sticky":false,"template":"","format":"standard","meta":{"_et_pb_use_builder":"off","_et_pb_old_content":"","_et_gb_content_width":"","_monsterinsights_skip_tracking":false,"_monsterinsights_sitenote_active":false,"_monsterinsights_sitenote_note":"","_monsterinsights_sitenote_category":0,"footnotes":""},"categories":[3],"tags":[],"class_list":["post-32100","post","type-post","status-publish","format-standard","has-post-thumbnail","hentry","category-aktualnosci"],"yoast_head":"<!-- This site is optimized with the Yoast SEO plugin v26.5 - https:\/\/yoast.com\/wordpress\/plugins\/seo\/ -->\n<title>W\u0119dr\u00f3wki po Parku Mu\u017cakowskim - NID<\/title>\n<meta name=\"robots\" content=\"index, follow, max-snippet:-1, max-image-preview:large, max-video-preview:-1\" \/>\n<link rel=\"canonical\" href=\"https:\/\/nid.pl\/en\/2026\/02\/16\/wedrowki-po-parku-muzakowskim\/\" \/>\n<meta property=\"og:locale\" content=\"en_GB\" \/>\n<meta property=\"og:type\" content=\"article\" \/>\n<meta property=\"og:title\" content=\"W\u0119dr\u00f3wki po Parku Mu\u017cakowskim - NID\" \/>\n<meta property=\"og:description\" content=\"Ka\u017cda pora roku jest dobra, aby odwiedzi\u0107 Park Mu\u017cakowski! Zim\u0105 i wiosn\u0105 zapraszamy na \u201eW\u0119dr\u00f3wki po Parku Mu\u017cakowskim\u201d &#8211; cykl spacer\u00f3w w j\u0119zyku polskim i niemieckim. Zach\u0119camy do poznania historii, [&hellip;]\" \/>\n<meta property=\"og:url\" content=\"https:\/\/nid.pl\/en\/2026\/02\/16\/wedrowki-po-parku-muzakowskim\/\" \/>\n<meta property=\"og:site_name\" content=\"NID\" \/>\n<meta property=\"article:publisher\" content=\"https:\/\/www.facebook.com\/zabytek\" \/>\n<meta property=\"article:published_time\" content=\"2026-02-16T11:22:00+00:00\" \/>\n<meta property=\"article:modified_time\" content=\"2026-02-16T11:43:22+00:00\" \/>\n<meta property=\"og:image\" content=\"https:\/\/nid.pl\/wp-content\/uploads\/2026\/02\/park-muzakowski-wedrowki_min.jpg\" \/>\n\t<meta property=\"og:image:width\" content=\"1200\" \/>\n\t<meta property=\"og:image:height\" content=\"800\" \/>\n\t<meta property=\"og:image:type\" content=\"image\/jpeg\" \/>\n<meta name=\"author\" content=\"Marta Or\u0119ziak\" \/>\n<meta name=\"twitter:card\" content=\"summary_large_image\" \/>\n<meta name=\"twitter:creator\" content=\"@NarIDpl\" \/>\n<meta name=\"twitter:site\" content=\"@NarIDpl\" \/>\n<meta name=\"twitter:label1\" content=\"Written by\" \/>\n\t<meta name=\"twitter:data1\" content=\"Marta Or\u0119ziak\" \/>\n\t<meta name=\"twitter:label2\" content=\"Estimated reading time\" \/>\n\t<meta name=\"twitter:data2\" content=\"2 minutes\" \/>\n<script type=\"application\/ld+json\" class=\"yoast-schema-graph\">{\"@context\":\"https:\/\/schema.org\",\"@graph\":[{\"@type\":\"Article\",\"@id\":\"https:\/\/nid.pl\/2026\/02\/16\/wedrowki-po-parku-muzakowskim\/#article\",\"isPartOf\":{\"@id\":\"https:\/\/nid.pl\/2026\/02\/16\/wedrowki-po-parku-muzakowskim\/\"},\"author\":{\"name\":\"Marta Or\u0119ziak\",\"@id\":\"https:\/\/nid.pl\/#\/schema\/person\/9d848c4a54b78bc2a1461f1c5d8de615\"},\"headline\":\"W\u0119dr\u00f3wki po Parku Mu\u017cakowskim\",\"datePublished\":\"2026-02-16T11:22:00+00:00\",\"dateModified\":\"2026-02-16T11:43:22+00:00\",\"mainEntityOfPage\":{\"@id\":\"https:\/\/nid.pl\/2026\/02\/16\/wedrowki-po-parku-muzakowskim\/\"},\"wordCount\":243,\"publisher\":{\"@id\":\"https:\/\/nid.pl\/#organization\"},\"image\":{\"@id\":\"https:\/\/nid.pl\/2026\/02\/16\/wedrowki-po-parku-muzakowskim\/#primaryimage\"},\"thumbnailUrl\":\"https:\/\/nid.pl\/wp-content\/uploads\/2026\/02\/park-muzakowski-wedrowki_min.jpg\",\"articleSection\":[\"Aktualno\u015bci\"],\"inLanguage\":\"en-GB\"},{\"@type\":\"WebPage\",\"@id\":\"https:\/\/nid.pl\/2026\/02\/16\/wedrowki-po-parku-muzakowskim\/\",\"url\":\"https:\/\/nid.pl\/2026\/02\/16\/wedrowki-po-parku-muzakowskim\/\",\"name\":\"W\u0119dr\u00f3wki po Parku Mu\u017cakowskim - NID\",\"isPartOf\":{\"@id\":\"https:\/\/nid.pl\/#website\"},\"primaryImageOfPage\":{\"@id\":\"https:\/\/nid.pl\/2026\/02\/16\/wedrowki-po-parku-muzakowskim\/#primaryimage\"},\"image\":{\"@id\":\"https:\/\/nid.pl\/2026\/02\/16\/wedrowki-po-parku-muzakowskim\/#primaryimage\"},\"thumbnailUrl\":\"https:\/\/nid.pl\/wp-content\/uploads\/2026\/02\/park-muzakowski-wedrowki_min.jpg\",\"datePublished\":\"2026-02-16T11:22:00+00:00\",\"dateModified\":\"2026-02-16T11:43:22+00:00\",\"breadcrumb\":{\"@id\":\"https:\/\/nid.pl\/2026\/02\/16\/wedrowki-po-parku-muzakowskim\/#breadcrumb\"},\"inLanguage\":\"en-GB\",\"potentialAction\":[{\"@type\":\"ReadAction\",\"target\":[\"https:\/\/nid.pl\/2026\/02\/16\/wedrowki-po-parku-muzakowskim\/\"]}]},{\"@type\":\"ImageObject\",\"inLanguage\":\"en-GB\",\"@id\":\"https:\/\/nid.pl\/2026\/02\/16\/wedrowki-po-parku-muzakowskim\/#primaryimage\",\"url\":\"https:\/\/nid.pl\/wp-content\/uploads\/2026\/02\/park-muzakowski-wedrowki_min.jpg\",\"contentUrl\":\"https:\/\/nid.pl\/wp-content\/uploads\/2026\/02\/park-muzakowski-wedrowki_min.jpg\",\"width\":1200,\"height\":800,\"caption\":\"W\u0119dr\u00f3wki po Parku Mu\u017cakowskim\"},{\"@type\":\"BreadcrumbList\",\"@id\":\"https:\/\/nid.pl\/2026\/02\/16\/wedrowki-po-parku-muzakowskim\/#breadcrumb\",\"itemListElement\":[{\"@type\":\"ListItem\",\"position\":1,\"name\":\"Home\",\"item\":\"https:\/\/nid.pl\/\"},{\"@type\":\"ListItem\",\"position\":2,\"name\":\"W\u0119dr\u00f3wki po Parku Mu\u017cakowskim\"}]},{\"@type\":\"WebSite\",\"@id\":\"https:\/\/nid.pl\/#website\",\"url\":\"https:\/\/nid.pl\/\",\"name\":\"NID\",\"description\":\"Narodowy Instytut Dziedzictwa\",\"publisher\":{\"@id\":\"https:\/\/nid.pl\/#organization\"},\"potentialAction\":[{\"@type\":\"SearchAction\",\"target\":{\"@type\":\"EntryPoint\",\"urlTemplate\":\"https:\/\/nid.pl\/?s={search_term_string}\"},\"query-input\":{\"@type\":\"PropertyValueSpecification\",\"valueRequired\":true,\"valueName\":\"search_term_string\"}}],\"inLanguage\":\"en-GB\"},{\"@type\":\"Organization\",\"@id\":\"https:\/\/nid.pl\/#organization\",\"name\":\"Narodowy Instytut Dziedzictwa\",\"url\":\"https:\/\/nid.pl\/\",\"logo\":{\"@type\":\"ImageObject\",\"inLanguage\":\"en-GB\",\"@id\":\"https:\/\/nid.pl\/#\/schema\/logo\/image\/\",\"url\":\"https:\/\/nid.pl\/wp-content\/uploads\/2022\/10\/logoRedDark.png\",\"contentUrl\":\"https:\/\/nid.pl\/wp-content\/uploads\/2022\/10\/logoRedDark.png\",\"width\":200,\"height\":197,\"caption\":\"Narodowy Instytut Dziedzictwa\"},\"image\":{\"@id\":\"https:\/\/nid.pl\/#\/schema\/logo\/image\/\"},\"sameAs\":[\"https:\/\/www.facebook.com\/zabytek\",\"https:\/\/x.com\/NarIDpl\",\"https:\/\/www.instagram.com\/nid.pl\/?hl=pl\",\"https:\/\/www.linkedin.com\/company\/narodowy-instytut-dziedzictwa\",\"https:\/\/www.youtube.com\/channel\/UCQXuhKa2uHtmNvLRUSx40JA\"]},{\"@type\":\"Person\",\"@id\":\"https:\/\/nid.pl\/#\/schema\/person\/9d848c4a54b78bc2a1461f1c5d8de615\",\"name\":\"Marta Or\u0119ziak\",\"image\":{\"@type\":\"ImageObject\",\"inLanguage\":\"en-GB\",\"@id\":\"https:\/\/nid.pl\/#\/schema\/person\/image\/\",\"url\":\"https:\/\/nid.pl\/wp-content\/litespeed\/avatar\/3cdc296a7eb01425272974c992bee3ea.jpg?ver=1777445267\",\"contentUrl\":\"https:\/\/nid.pl\/wp-content\/litespeed\/avatar\/3cdc296a7eb01425272974c992bee3ea.jpg?ver=1777445267\",\"caption\":\"Marta Or\u0119ziak\"},\"url\":\"https:\/\/nid.pl\/en\/author\/moreziak\/\"}]}<\/script>\n<!-- \/ Yoast SEO plugin. -->","yoast_head_json":{"title":"W\u0119dr\u00f3wki po Parku Mu\u017cakowskim - NID","robots":{"index":"index","follow":"follow","max-snippet":"max-snippet:-1","max-image-preview":"max-image-preview:large","max-video-preview":"max-video-preview:-1"},"canonical":"https:\/\/nid.pl\/en\/2026\/02\/16\/wedrowki-po-parku-muzakowskim\/","og_locale":"en_GB","og_type":"article","og_title":"W\u0119dr\u00f3wki po Parku Mu\u017cakowskim - NID","og_description":"Ka\u017cda pora roku jest dobra, aby odwiedzi\u0107 Park Mu\u017cakowski! Zim\u0105 i wiosn\u0105 zapraszamy na \u201eW\u0119dr\u00f3wki po Parku Mu\u017cakowskim\u201d &#8211; cykl spacer\u00f3w w j\u0119zyku polskim i niemieckim. Zach\u0119camy do poznania historii, [&hellip;]","og_url":"https:\/\/nid.pl\/en\/2026\/02\/16\/wedrowki-po-parku-muzakowskim\/","og_site_name":"NID","article_publisher":"https:\/\/www.facebook.com\/zabytek","article_published_time":"2026-02-16T11:22:00+00:00","article_modified_time":"2026-02-16T11:43:22+00:00","og_image":[{"width":1200,"height":800,"url":"https:\/\/nid.pl\/wp-content\/uploads\/2026\/02\/park-muzakowski-wedrowki_min.jpg","type":"image\/jpeg"}],"author":"Marta Or\u0119ziak","twitter_card":"summary_large_image","twitter_creator":"@NarIDpl","twitter_site":"@NarIDpl","twitter_misc":{"Written by":"Marta Or\u0119ziak","Estimated reading time":"2 minutes"},"schema":{"@context":"https:\/\/schema.org","@graph":[{"@type":"Article","@id":"https:\/\/nid.pl\/2026\/02\/16\/wedrowki-po-parku-muzakowskim\/#article","isPartOf":{"@id":"https:\/\/nid.pl\/2026\/02\/16\/wedrowki-po-parku-muzakowskim\/"},"author":{"name":"Marta Or\u0119ziak","@id":"https:\/\/nid.pl\/#\/schema\/person\/9d848c4a54b78bc2a1461f1c5d8de615"},"headline":"W\u0119dr\u00f3wki po Parku Mu\u017cakowskim","datePublished":"2026-02-16T11:22:00+00:00","dateModified":"2026-02-16T11:43:22+00:00","mainEntityOfPage":{"@id":"https:\/\/nid.pl\/2026\/02\/16\/wedrowki-po-parku-muzakowskim\/"},"wordCount":243,"publisher":{"@id":"https:\/\/nid.pl\/#organization"},"image":{"@id":"https:\/\/nid.pl\/2026\/02\/16\/wedrowki-po-parku-muzakowskim\/#primaryimage"},"thumbnailUrl":"https:\/\/nid.pl\/wp-content\/uploads\/2026\/02\/park-muzakowski-wedrowki_min.jpg","articleSection":["Aktualno\u015bci"],"inLanguage":"en-GB"},{"@type":"WebPage","@id":"https:\/\/nid.pl\/2026\/02\/16\/wedrowki-po-parku-muzakowskim\/","url":"https:\/\/nid.pl\/2026\/02\/16\/wedrowki-po-parku-muzakowskim\/","name":"W\u0119dr\u00f3wki po Parku Mu\u017cakowskim - NID","isPartOf":{"@id":"https:\/\/nid.pl\/#website"},"primaryImageOfPage":{"@id":"https:\/\/nid.pl\/2026\/02\/16\/wedrowki-po-parku-muzakowskim\/#primaryimage"},"image":{"@id":"https:\/\/nid.pl\/2026\/02\/16\/wedrowki-po-parku-muzakowskim\/#primaryimage"},"thumbnailUrl":"https:\/\/nid.pl\/wp-content\/uploads\/2026\/02\/park-muzakowski-wedrowki_min.jpg","datePublished":"2026-02-16T11:22:00+00:00","dateModified":"2026-02-16T11:43:22+00:00","breadcrumb":{"@id":"https:\/\/nid.pl\/2026\/02\/16\/wedrowki-po-parku-muzakowskim\/#breadcrumb"},"inLanguage":"en-GB","potentialAction":[{"@type":"ReadAction","target":["https:\/\/nid.pl\/2026\/02\/16\/wedrowki-po-parku-muzakowskim\/"]}]},{"@type":"ImageObject","inLanguage":"en-GB","@id":"https:\/\/nid.pl\/2026\/02\/16\/wedrowki-po-parku-muzakowskim\/#primaryimage","url":"https:\/\/nid.pl\/wp-content\/uploads\/2026\/02\/park-muzakowski-wedrowki_min.jpg","contentUrl":"https:\/\/nid.pl\/wp-content\/uploads\/2026\/02\/park-muzakowski-wedrowki_min.jpg","width":1200,"height":800,"caption":"W\u0119dr\u00f3wki po Parku Mu\u017cakowskim"},{"@type":"BreadcrumbList","@id":"https:\/\/nid.pl\/2026\/02\/16\/wedrowki-po-parku-muzakowskim\/#breadcrumb","itemListElement":[{"@type":"ListItem","position":1,"name":"Home","item":"https:\/\/nid.pl\/"},{"@type":"ListItem","position":2,"name":"W\u0119dr\u00f3wki po Parku Mu\u017cakowskim"}]},{"@type":"WebSite","@id":"https:\/\/nid.pl\/#website","url":"https:\/\/nid.pl\/","name":"NID","description":"Narodowy Instytut Dziedzictwa","publisher":{"@id":"https:\/\/nid.pl\/#organization"},"potentialAction":[{"@type":"SearchAction","target":{"@type":"EntryPoint","urlTemplate":"https:\/\/nid.pl\/?s={search_term_string}"},"query-input":{"@type":"PropertyValueSpecification","valueRequired":true,"valueName":"search_term_string"}}],"inLanguage":"en-GB"},{"@type":"Organization","@id":"https:\/\/nid.pl\/#organization","name":"Narodowy Instytut Dziedzictwa","url":"https:\/\/nid.pl\/","logo":{"@type":"ImageObject","inLanguage":"en-GB","@id":"https:\/\/nid.pl\/#\/schema\/logo\/image\/","url":"https:\/\/nid.pl\/wp-content\/uploads\/2022\/10\/logoRedDark.png","contentUrl":"https:\/\/nid.pl\/wp-content\/uploads\/2022\/10\/logoRedDark.png","width":200,"height":197,"caption":"Narodowy Instytut Dziedzictwa"},"image":{"@id":"https:\/\/nid.pl\/#\/schema\/logo\/image\/"},"sameAs":["https:\/\/www.facebook.com\/zabytek","https:\/\/x.com\/NarIDpl","https:\/\/www.instagram.com\/nid.pl\/?hl=pl","https:\/\/www.linkedin.com\/company\/narodowy-instytut-dziedzictwa","https:\/\/www.youtube.com\/channel\/UCQXuhKa2uHtmNvLRUSx40JA"]},{"@type":"Person","@id":"https:\/\/nid.pl\/#\/schema\/person\/9d848c4a54b78bc2a1461f1c5d8de615","name":"Marta Or\u0119ziak","image":{"@type":"ImageObject","inLanguage":"en-GB","@id":"https:\/\/nid.pl\/#\/schema\/person\/image\/","url":"https:\/\/nid.pl\/wp-content\/litespeed\/avatar\/3cdc296a7eb01425272974c992bee3ea.jpg?ver=1777445267","contentUrl":"https:\/\/nid.pl\/wp-content\/litespeed\/avatar\/3cdc296a7eb01425272974c992bee3ea.jpg?ver=1777445267","caption":"Marta Or\u0119ziak"},"url":"https:\/\/nid.pl\/en\/author\/moreziak\/"}]}},"_links":{"self":[{"href":"https:\/\/nid.pl\/en\/wp-json\/wp\/v2\/posts\/32100","targetHints":{"allow":["GET"]}}],"collection":[{"href":"https:\/\/nid.pl\/en\/wp-json\/wp\/v2\/posts"}],"about":[{"href":"https:\/\/nid.pl\/en\/wp-json\/wp\/v2\/types\/post"}],"author":[{"embeddable":true,"href":"https:\/\/nid.pl\/en\/wp-json\/wp\/v2\/users\/4"}],"replies":[{"embeddable":true,"href":"https:\/\/nid.pl\/en\/wp-json\/wp\/v2\/comments?post=32100"}],"version-history":[{"count":20,"href":"https:\/\/nid.pl\/en\/wp-json\/wp\/v2\/posts\/32100\/revisions"}],"predecessor-version":[{"id":32291,"href":"https:\/\/nid.pl\/en\/wp-json\/wp\/v2\/posts\/32100\/revisions\/32291"}],"wp:featuredmedia":[{"embeddable":true,"href":"https:\/\/nid.pl\/en\/wp-json\/wp\/v2\/media\/32101"}],"wp:attachment":[{"href":"https:\/\/nid.pl\/en\/wp-json\/wp\/v2\/media?parent=32100"}],"wp:term":[{"taxonomy":"category","embeddable":true,"href":"https:\/\/nid.pl\/en\/wp-json\/wp\/v2\/categories?post=32100"},{"taxonomy":"post_tag","embeddable":true,"href":"https:\/\/nid.pl\/en\/wp-json\/wp\/v2\/tags?post=32100"}],"curies":[{"name":"wp","href":"https:\/\/api.w.org\/{rel}","templated":true}]}}