{"id":31148,"date":"2025-12-22T16:18:06","date_gmt":"2025-12-22T15:18:06","guid":{"rendered":"https:\/\/nid.pl\/?p=31148"},"modified":"2025-12-22T16:18:42","modified_gmt":"2025-12-22T15:18:42","slug":"zyczenia-swiateczne-nid","status":"publish","type":"post","link":"https:\/\/nid.pl\/en\/2025\/12\/22\/zyczenia-swiateczne-nid\/","title":{"rendered":"\u017byczenia \u015bwi\u0105teczne Narodowego Instytutu Dziedzictwa"},"content":{"rendered":"<p><strong>W \u015bwi\u0105tecznym czasie, kiedy \u017cyczenia staj\u0105 si\u0119 symbolem blisko\u015bci i wsp\u00f3lnoty, Narodowy Instytut Dziedzictwa pragnie podzieli\u0107 si\u0119 ciep\u0142ymi s\u0142owami i wyj\u0105tkowym akcentem polskiej tradycji \u2013 koronk\u0105 klockow\u0105. To misterny, r\u0119cznie tworzony wz\u00f3r, przypominaj\u0105cy o kunszcie, cierpliwo\u015bci i pi\u0119knie dziedziczonym przez pokolenia. Dyrektorka NID Marlena Happach kieruje serdeczne \u017cyczenia do wszystkich, kt\u00f3rzy z zaanga\u017cowaniem chroni\u0105 i piel\u0119gnuj\u0105 nasze dziedzictwo kulturowe.<\/strong><\/p>\n\n\n\n<p><\/p>\n\n\n\n<figure class=\"wp-block-image aligncenter size-large\"><img loading=\"lazy\" decoding=\"async\" width=\"742\" height=\"1024\" src=\"https:\/\/nid.pl\/wp-content\/uploads\/2025\/12\/nid-kartka-2025-742x1024.jpg\" alt=\"\" class=\"wp-image-31150\"\/><\/figure>\n\n\n\n<div style=\"height:29px\" aria-hidden=\"true\" class=\"wp-block-spacer\"><\/div>\n\n\n\n<hr class=\"wp-block-separator has-alpha-channel-opacity\"\/>\n\n\n\n<p><strong>Krakowska koronka klockowa<\/strong><\/p>\n\n\n\n<p>Umiej\u0119tno\u015b\u0107 wykonywania koronki klockowej stanowi istotn\u0105 cz\u0119\u015b\u0107 kultury tradycyjnej Karkowa i okolic, a tak\u017ce element buduj\u0105cy to\u017csamo\u015b\u0107 grupow\u0105 mieszkanek ziemi krakowskiej. Jest to jedna z najtrudniejszych technik koronkarskich, wymaga cierpliwo\u015bci i po\u015bwi\u0119cenia du\u017cej ilo\u015bci czasu, ale dzi\u0119ki temu powstaj\u0105 misterne prace.<\/p>\n\n\n\n<p>Koronk\u0119 klockow\u0105 wykonuje si\u0119 przy u\u017cyciu pod\u0142u\u017cnych szpulek, cz\u0119sto drewnianych, zwanych klockami. Technika ta polega na przeplataniu, w grupach po cztery, wielu nici nawini\u0119tych na klocki, podczas gdy wz\u00f3r umieszczany jest na specjalnym wa\u0142ku (poduszce, b\u0119bnie \u2013 nazwa zale\u017cy od regionu). Pozwala to uzyska\u0107 delikatne a\u017curowe wyroby o bardzo zr\u00f3\u017cnicowanych wzorach.<\/p>\n\n\n\n<p>Krakowska koronka klockowa wpisana jest na Krajow\u0105 list\u0119 dziedzictwa niematerialnego, kt\u00f3r\u0105 Narodowy Instytut Dziedzictwa prowadzi w imieniu Ministra Kultury i Dziedzictwa Narodowego.<\/p>","protected":false},"excerpt":{"rendered":"<p>W \u015bwi\u0105tecznym czasie, kiedy \u017cyczenia staj\u0105 si\u0119 symbolem blisko\u015bci i wsp\u00f3lnoty, Narodowy Instytut Dziedzictwa pragnie podzieli\u0107 si\u0119 ciep\u0142ymi s\u0142owami i wyj\u0105tkowym akcentem polskiej tradycji \u2013 koronk\u0105 klockow\u0105. To misterny, r\u0119cznie [&hellip;]<\/p>","protected":false},"author":4,"featured_media":31149,"comment_status":"closed","ping_status":"closed","sticky":false,"template":"","format":"standard","meta":{"_et_pb_use_builder":"off","_et_pb_old_content":"","_et_gb_content_width":"","_monsterinsights_skip_tracking":false,"_monsterinsights_sitenote_active":false,"_monsterinsights_sitenote_note":"","_monsterinsights_sitenote_category":0,"footnotes":""},"categories":[3,1],"tags":[],"class_list":["post-31148","post","type-post","status-publish","format-standard","has-post-thumbnail","hentry","category-aktualnosci","category-bez-kategorii"],"yoast_head":"<!-- This site is optimized with the Yoast SEO plugin v26.5 - https:\/\/yoast.com\/wordpress\/plugins\/seo\/ -->\n<title>\u017byczenia \u015bwi\u0105teczne Narodowego Instytutu Dziedzictwa - NID<\/title>\n<meta name=\"description\" content=\"W \u015bwi\u0105tecznym czasie, kiedy \u017cyczenia staj\u0105 si\u0119 symbolem blisko\u015bci i wsp\u00f3lnoty, Narodowy Instytut Dziedzictwa pragnie podzieli\u0107 si\u0119 ciep\u0142ymi s\u0142owami i wyj\u0105tkowym akcentem polskiej tradycji \u2013 koronk\u0105 klockow\u0105. To misterny, r\u0119cznie tworzony wz\u00f3r, przypominaj\u0105cy o kunszcie, cierpliwo\u015bci i pi\u0119knie dziedziczonym przez pokolenia. Dyrektorka NID Marlena Happach kieruje serdeczne \u017cyczenia do wszystkich, kt\u00f3rzy z zaanga\u017cowaniem chroni\u0105 i piel\u0119gnuj\u0105 nasze dziedzictwo kulturowe.\" \/>\n<meta name=\"robots\" content=\"index, follow, max-snippet:-1, max-image-preview:large, max-video-preview:-1\" \/>\n<link rel=\"canonical\" href=\"https:\/\/nid.pl\/en\/2025\/12\/22\/zyczenia-swiateczne-nid\/\" \/>\n<meta property=\"og:locale\" content=\"en_GB\" \/>\n<meta property=\"og:type\" content=\"article\" \/>\n<meta property=\"og:title\" content=\"\u017byczenia \u015bwi\u0105teczne Narodowego Instytutu Dziedzictwa - NID\" \/>\n<meta property=\"og:description\" content=\"W \u015bwi\u0105tecznym czasie, kiedy \u017cyczenia staj\u0105 si\u0119 symbolem blisko\u015bci i wsp\u00f3lnoty, Narodowy Instytut Dziedzictwa pragnie podzieli\u0107 si\u0119 ciep\u0142ymi s\u0142owami i wyj\u0105tkowym akcentem polskiej tradycji \u2013 koronk\u0105 klockow\u0105. To misterny, r\u0119cznie tworzony wz\u00f3r, przypominaj\u0105cy o kunszcie, cierpliwo\u015bci i pi\u0119knie dziedziczonym przez pokolenia. Dyrektorka NID Marlena Happach kieruje serdeczne \u017cyczenia do wszystkich, kt\u00f3rzy z zaanga\u017cowaniem chroni\u0105 i piel\u0119gnuj\u0105 nasze dziedzictwo kulturowe.\" \/>\n<meta property=\"og:url\" content=\"https:\/\/nid.pl\/en\/2025\/12\/22\/zyczenia-swiateczne-nid\/\" \/>\n<meta property=\"og:site_name\" content=\"NID\" \/>\n<meta property=\"article:publisher\" content=\"https:\/\/www.facebook.com\/zabytek\" \/>\n<meta property=\"article:published_time\" content=\"2025-12-22T15:18:06+00:00\" \/>\n<meta property=\"article:modified_time\" content=\"2025-12-22T15:18:42+00:00\" \/>\n<meta property=\"og:image\" content=\"https:\/\/nid.pl\/wp-content\/uploads\/2025\/12\/nid-kartka-2025_min.jpg\" \/>\n\t<meta property=\"og:image:width\" content=\"1200\" \/>\n\t<meta property=\"og:image:height\" content=\"800\" \/>\n\t<meta property=\"og:image:type\" content=\"image\/jpeg\" \/>\n<meta name=\"author\" content=\"Marta Or\u0119ziak\" \/>\n<meta name=\"twitter:card\" content=\"summary_large_image\" \/>\n<meta name=\"twitter:creator\" content=\"@NarIDpl\" \/>\n<meta name=\"twitter:site\" content=\"@NarIDpl\" \/>\n<meta name=\"twitter:label1\" content=\"Written by\" \/>\n\t<meta name=\"twitter:data1\" content=\"Marta Or\u0119ziak\" \/>\n\t<meta name=\"twitter:label2\" content=\"Estimated reading time\" \/>\n\t<meta name=\"twitter:data2\" content=\"2 minutes\" \/>\n<script type=\"application\/ld+json\" class=\"yoast-schema-graph\">{\"@context\":\"https:\/\/schema.org\",\"@graph\":[{\"@type\":\"Article\",\"@id\":\"https:\/\/nid.pl\/2025\/12\/22\/zyczenia-swiateczne-nid\/#article\",\"isPartOf\":{\"@id\":\"https:\/\/nid.pl\/2025\/12\/22\/zyczenia-swiateczne-nid\/\"},\"author\":{\"name\":\"Marta Or\u0119ziak\",\"@id\":\"https:\/\/nid.pl\/#\/schema\/person\/9d848c4a54b78bc2a1461f1c5d8de615\"},\"headline\":\"\u017byczenia \u015bwi\u0105teczne Narodowego Instytutu Dziedzictwa\",\"datePublished\":\"2025-12-22T15:18:06+00:00\",\"dateModified\":\"2025-12-22T15:18:42+00:00\",\"mainEntityOfPage\":{\"@id\":\"https:\/\/nid.pl\/2025\/12\/22\/zyczenia-swiateczne-nid\/\"},\"wordCount\":216,\"publisher\":{\"@id\":\"https:\/\/nid.pl\/#organization\"},\"image\":{\"@id\":\"https:\/\/nid.pl\/2025\/12\/22\/zyczenia-swiateczne-nid\/#primaryimage\"},\"thumbnailUrl\":\"https:\/\/nid.pl\/wp-content\/uploads\/2025\/12\/nid-kartka-2025_min.jpg\",\"articleSection\":[\"Aktualno\u015bci\",\"Bez kategorii\"],\"inLanguage\":\"en-GB\"},{\"@type\":\"WebPage\",\"@id\":\"https:\/\/nid.pl\/2025\/12\/22\/zyczenia-swiateczne-nid\/\",\"url\":\"https:\/\/nid.pl\/2025\/12\/22\/zyczenia-swiateczne-nid\/\",\"name\":\"\u017byczenia \u015bwi\u0105teczne Narodowego Instytutu Dziedzictwa - NID\",\"isPartOf\":{\"@id\":\"https:\/\/nid.pl\/#website\"},\"primaryImageOfPage\":{\"@id\":\"https:\/\/nid.pl\/2025\/12\/22\/zyczenia-swiateczne-nid\/#primaryimage\"},\"image\":{\"@id\":\"https:\/\/nid.pl\/2025\/12\/22\/zyczenia-swiateczne-nid\/#primaryimage\"},\"thumbnailUrl\":\"https:\/\/nid.pl\/wp-content\/uploads\/2025\/12\/nid-kartka-2025_min.jpg\",\"datePublished\":\"2025-12-22T15:18:06+00:00\",\"dateModified\":\"2025-12-22T15:18:42+00:00\",\"description\":\"W \u015bwi\u0105tecznym czasie, kiedy \u017cyczenia staj\u0105 si\u0119 symbolem blisko\u015bci i wsp\u00f3lnoty, Narodowy Instytut Dziedzictwa pragnie podzieli\u0107 si\u0119 ciep\u0142ymi s\u0142owami i wyj\u0105tkowym akcentem polskiej tradycji \u2013 koronk\u0105 klockow\u0105. To misterny, r\u0119cznie tworzony wz\u00f3r, przypominaj\u0105cy o kunszcie, cierpliwo\u015bci i pi\u0119knie dziedziczonym przez pokolenia. Dyrektorka NID Marlena Happach kieruje serdeczne \u017cyczenia do wszystkich, kt\u00f3rzy z zaanga\u017cowaniem chroni\u0105 i piel\u0119gnuj\u0105 nasze dziedzictwo kulturowe.\",\"breadcrumb\":{\"@id\":\"https:\/\/nid.pl\/2025\/12\/22\/zyczenia-swiateczne-nid\/#breadcrumb\"},\"inLanguage\":\"en-GB\",\"potentialAction\":[{\"@type\":\"ReadAction\",\"target\":[\"https:\/\/nid.pl\/2025\/12\/22\/zyczenia-swiateczne-nid\/\"]}]},{\"@type\":\"ImageObject\",\"inLanguage\":\"en-GB\",\"@id\":\"https:\/\/nid.pl\/2025\/12\/22\/zyczenia-swiateczne-nid\/#primaryimage\",\"url\":\"https:\/\/nid.pl\/wp-content\/uploads\/2025\/12\/nid-kartka-2025_min.jpg\",\"contentUrl\":\"https:\/\/nid.pl\/wp-content\/uploads\/2025\/12\/nid-kartka-2025_min.jpg\",\"width\":1200,\"height\":800,\"caption\":\"\u017byczenia \u015bwi\u0105teczne Narodowego Instytutu Dziedzictwa. AD 2025\"},{\"@type\":\"BreadcrumbList\",\"@id\":\"https:\/\/nid.pl\/2025\/12\/22\/zyczenia-swiateczne-nid\/#breadcrumb\",\"itemListElement\":[{\"@type\":\"ListItem\",\"position\":1,\"name\":\"Home\",\"item\":\"https:\/\/nid.pl\/\"},{\"@type\":\"ListItem\",\"position\":2,\"name\":\"\u017byczenia \u015bwi\u0105teczne Narodowego Instytutu Dziedzictwa\"}]},{\"@type\":\"WebSite\",\"@id\":\"https:\/\/nid.pl\/#website\",\"url\":\"https:\/\/nid.pl\/\",\"name\":\"NID\",\"description\":\"Narodowy Instytut Dziedzictwa\",\"publisher\":{\"@id\":\"https:\/\/nid.pl\/#organization\"},\"potentialAction\":[{\"@type\":\"SearchAction\",\"target\":{\"@type\":\"EntryPoint\",\"urlTemplate\":\"https:\/\/nid.pl\/?s={search_term_string}\"},\"query-input\":{\"@type\":\"PropertyValueSpecification\",\"valueRequired\":true,\"valueName\":\"search_term_string\"}}],\"inLanguage\":\"en-GB\"},{\"@type\":\"Organization\",\"@id\":\"https:\/\/nid.pl\/#organization\",\"name\":\"Narodowy Instytut Dziedzictwa\",\"url\":\"https:\/\/nid.pl\/\",\"logo\":{\"@type\":\"ImageObject\",\"inLanguage\":\"en-GB\",\"@id\":\"https:\/\/nid.pl\/#\/schema\/logo\/image\/\",\"url\":\"https:\/\/nid.pl\/wp-content\/uploads\/2022\/10\/logoRedDark.png\",\"contentUrl\":\"https:\/\/nid.pl\/wp-content\/uploads\/2022\/10\/logoRedDark.png\",\"width\":200,\"height\":197,\"caption\":\"Narodowy Instytut Dziedzictwa\"},\"image\":{\"@id\":\"https:\/\/nid.pl\/#\/schema\/logo\/image\/\"},\"sameAs\":[\"https:\/\/www.facebook.com\/zabytek\",\"https:\/\/x.com\/NarIDpl\",\"https:\/\/www.instagram.com\/nid.pl\/?hl=pl\",\"https:\/\/www.linkedin.com\/company\/narodowy-instytut-dziedzictwa\",\"https:\/\/www.youtube.com\/channel\/UCQXuhKa2uHtmNvLRUSx40JA\"]},{\"@type\":\"Person\",\"@id\":\"https:\/\/nid.pl\/#\/schema\/person\/9d848c4a54b78bc2a1461f1c5d8de615\",\"name\":\"Marta Or\u0119ziak\",\"image\":{\"@type\":\"ImageObject\",\"inLanguage\":\"en-GB\",\"@id\":\"https:\/\/nid.pl\/#\/schema\/person\/image\/\",\"url\":\"https:\/\/nid.pl\/wp-content\/litespeed\/avatar\/3cdc296a7eb01425272974c992bee3ea.jpg?ver=1777445267\",\"contentUrl\":\"https:\/\/nid.pl\/wp-content\/litespeed\/avatar\/3cdc296a7eb01425272974c992bee3ea.jpg?ver=1777445267\",\"caption\":\"Marta Or\u0119ziak\"},\"url\":\"https:\/\/nid.pl\/en\/author\/moreziak\/\"}]}<\/script>\n<!-- \/ Yoast SEO plugin. -->","yoast_head_json":{"title":"\u017byczenia \u015bwi\u0105teczne Narodowego Instytutu Dziedzictwa - NID","description":"W \u015bwi\u0105tecznym czasie, kiedy \u017cyczenia staj\u0105 si\u0119 symbolem blisko\u015bci i wsp\u00f3lnoty, Narodowy Instytut Dziedzictwa pragnie podzieli\u0107 si\u0119 ciep\u0142ymi s\u0142owami i wyj\u0105tkowym akcentem polskiej tradycji \u2013 koronk\u0105 klockow\u0105. To misterny, r\u0119cznie tworzony wz\u00f3r, przypominaj\u0105cy o kunszcie, cierpliwo\u015bci i pi\u0119knie dziedziczonym przez pokolenia. Dyrektorka NID Marlena Happach kieruje serdeczne \u017cyczenia do wszystkich, kt\u00f3rzy z zaanga\u017cowaniem chroni\u0105 i piel\u0119gnuj\u0105 nasze dziedzictwo kulturowe.","robots":{"index":"index","follow":"follow","max-snippet":"max-snippet:-1","max-image-preview":"max-image-preview:large","max-video-preview":"max-video-preview:-1"},"canonical":"https:\/\/nid.pl\/en\/2025\/12\/22\/zyczenia-swiateczne-nid\/","og_locale":"en_GB","og_type":"article","og_title":"\u017byczenia \u015bwi\u0105teczne Narodowego Instytutu Dziedzictwa - NID","og_description":"W \u015bwi\u0105tecznym czasie, kiedy \u017cyczenia staj\u0105 si\u0119 symbolem blisko\u015bci i wsp\u00f3lnoty, Narodowy Instytut Dziedzictwa pragnie podzieli\u0107 si\u0119 ciep\u0142ymi s\u0142owami i wyj\u0105tkowym akcentem polskiej tradycji \u2013 koronk\u0105 klockow\u0105. To misterny, r\u0119cznie tworzony wz\u00f3r, przypominaj\u0105cy o kunszcie, cierpliwo\u015bci i pi\u0119knie dziedziczonym przez pokolenia. Dyrektorka NID Marlena Happach kieruje serdeczne \u017cyczenia do wszystkich, kt\u00f3rzy z zaanga\u017cowaniem chroni\u0105 i piel\u0119gnuj\u0105 nasze dziedzictwo kulturowe.","og_url":"https:\/\/nid.pl\/en\/2025\/12\/22\/zyczenia-swiateczne-nid\/","og_site_name":"NID","article_publisher":"https:\/\/www.facebook.com\/zabytek","article_published_time":"2025-12-22T15:18:06+00:00","article_modified_time":"2025-12-22T15:18:42+00:00","og_image":[{"width":1200,"height":800,"url":"https:\/\/nid.pl\/wp-content\/uploads\/2025\/12\/nid-kartka-2025_min.jpg","type":"image\/jpeg"}],"author":"Marta Or\u0119ziak","twitter_card":"summary_large_image","twitter_creator":"@NarIDpl","twitter_site":"@NarIDpl","twitter_misc":{"Written by":"Marta Or\u0119ziak","Estimated reading time":"2 minutes"},"schema":{"@context":"https:\/\/schema.org","@graph":[{"@type":"Article","@id":"https:\/\/nid.pl\/2025\/12\/22\/zyczenia-swiateczne-nid\/#article","isPartOf":{"@id":"https:\/\/nid.pl\/2025\/12\/22\/zyczenia-swiateczne-nid\/"},"author":{"name":"Marta Or\u0119ziak","@id":"https:\/\/nid.pl\/#\/schema\/person\/9d848c4a54b78bc2a1461f1c5d8de615"},"headline":"\u017byczenia \u015bwi\u0105teczne Narodowego Instytutu Dziedzictwa","datePublished":"2025-12-22T15:18:06+00:00","dateModified":"2025-12-22T15:18:42+00:00","mainEntityOfPage":{"@id":"https:\/\/nid.pl\/2025\/12\/22\/zyczenia-swiateczne-nid\/"},"wordCount":216,"publisher":{"@id":"https:\/\/nid.pl\/#organization"},"image":{"@id":"https:\/\/nid.pl\/2025\/12\/22\/zyczenia-swiateczne-nid\/#primaryimage"},"thumbnailUrl":"https:\/\/nid.pl\/wp-content\/uploads\/2025\/12\/nid-kartka-2025_min.jpg","articleSection":["Aktualno\u015bci","Bez kategorii"],"inLanguage":"en-GB"},{"@type":"WebPage","@id":"https:\/\/nid.pl\/2025\/12\/22\/zyczenia-swiateczne-nid\/","url":"https:\/\/nid.pl\/2025\/12\/22\/zyczenia-swiateczne-nid\/","name":"\u017byczenia \u015bwi\u0105teczne Narodowego Instytutu Dziedzictwa - NID","isPartOf":{"@id":"https:\/\/nid.pl\/#website"},"primaryImageOfPage":{"@id":"https:\/\/nid.pl\/2025\/12\/22\/zyczenia-swiateczne-nid\/#primaryimage"},"image":{"@id":"https:\/\/nid.pl\/2025\/12\/22\/zyczenia-swiateczne-nid\/#primaryimage"},"thumbnailUrl":"https:\/\/nid.pl\/wp-content\/uploads\/2025\/12\/nid-kartka-2025_min.jpg","datePublished":"2025-12-22T15:18:06+00:00","dateModified":"2025-12-22T15:18:42+00:00","description":"W \u015bwi\u0105tecznym czasie, kiedy \u017cyczenia staj\u0105 si\u0119 symbolem blisko\u015bci i wsp\u00f3lnoty, Narodowy Instytut Dziedzictwa pragnie podzieli\u0107 si\u0119 ciep\u0142ymi s\u0142owami i wyj\u0105tkowym akcentem polskiej tradycji \u2013 koronk\u0105 klockow\u0105. To misterny, r\u0119cznie tworzony wz\u00f3r, przypominaj\u0105cy o kunszcie, cierpliwo\u015bci i pi\u0119knie dziedziczonym przez pokolenia. Dyrektorka NID Marlena Happach kieruje serdeczne \u017cyczenia do wszystkich, kt\u00f3rzy z zaanga\u017cowaniem chroni\u0105 i piel\u0119gnuj\u0105 nasze dziedzictwo kulturowe.","breadcrumb":{"@id":"https:\/\/nid.pl\/2025\/12\/22\/zyczenia-swiateczne-nid\/#breadcrumb"},"inLanguage":"en-GB","potentialAction":[{"@type":"ReadAction","target":["https:\/\/nid.pl\/2025\/12\/22\/zyczenia-swiateczne-nid\/"]}]},{"@type":"ImageObject","inLanguage":"en-GB","@id":"https:\/\/nid.pl\/2025\/12\/22\/zyczenia-swiateczne-nid\/#primaryimage","url":"https:\/\/nid.pl\/wp-content\/uploads\/2025\/12\/nid-kartka-2025_min.jpg","contentUrl":"https:\/\/nid.pl\/wp-content\/uploads\/2025\/12\/nid-kartka-2025_min.jpg","width":1200,"height":800,"caption":"\u017byczenia \u015bwi\u0105teczne Narodowego Instytutu Dziedzictwa. AD 2025"},{"@type":"BreadcrumbList","@id":"https:\/\/nid.pl\/2025\/12\/22\/zyczenia-swiateczne-nid\/#breadcrumb","itemListElement":[{"@type":"ListItem","position":1,"name":"Home","item":"https:\/\/nid.pl\/"},{"@type":"ListItem","position":2,"name":"\u017byczenia \u015bwi\u0105teczne Narodowego Instytutu Dziedzictwa"}]},{"@type":"WebSite","@id":"https:\/\/nid.pl\/#website","url":"https:\/\/nid.pl\/","name":"NID","description":"Narodowy Instytut Dziedzictwa","publisher":{"@id":"https:\/\/nid.pl\/#organization"},"potentialAction":[{"@type":"SearchAction","target":{"@type":"EntryPoint","urlTemplate":"https:\/\/nid.pl\/?s={search_term_string}"},"query-input":{"@type":"PropertyValueSpecification","valueRequired":true,"valueName":"search_term_string"}}],"inLanguage":"en-GB"},{"@type":"Organization","@id":"https:\/\/nid.pl\/#organization","name":"Narodowy Instytut Dziedzictwa","url":"https:\/\/nid.pl\/","logo":{"@type":"ImageObject","inLanguage":"en-GB","@id":"https:\/\/nid.pl\/#\/schema\/logo\/image\/","url":"https:\/\/nid.pl\/wp-content\/uploads\/2022\/10\/logoRedDark.png","contentUrl":"https:\/\/nid.pl\/wp-content\/uploads\/2022\/10\/logoRedDark.png","width":200,"height":197,"caption":"Narodowy Instytut Dziedzictwa"},"image":{"@id":"https:\/\/nid.pl\/#\/schema\/logo\/image\/"},"sameAs":["https:\/\/www.facebook.com\/zabytek","https:\/\/x.com\/NarIDpl","https:\/\/www.instagram.com\/nid.pl\/?hl=pl","https:\/\/www.linkedin.com\/company\/narodowy-instytut-dziedzictwa","https:\/\/www.youtube.com\/channel\/UCQXuhKa2uHtmNvLRUSx40JA"]},{"@type":"Person","@id":"https:\/\/nid.pl\/#\/schema\/person\/9d848c4a54b78bc2a1461f1c5d8de615","name":"Marta Or\u0119ziak","image":{"@type":"ImageObject","inLanguage":"en-GB","@id":"https:\/\/nid.pl\/#\/schema\/person\/image\/","url":"https:\/\/nid.pl\/wp-content\/litespeed\/avatar\/3cdc296a7eb01425272974c992bee3ea.jpg?ver=1777445267","contentUrl":"https:\/\/nid.pl\/wp-content\/litespeed\/avatar\/3cdc296a7eb01425272974c992bee3ea.jpg?ver=1777445267","caption":"Marta Or\u0119ziak"},"url":"https:\/\/nid.pl\/en\/author\/moreziak\/"}]}},"_links":{"self":[{"href":"https:\/\/nid.pl\/en\/wp-json\/wp\/v2\/posts\/31148","targetHints":{"allow":["GET"]}}],"collection":[{"href":"https:\/\/nid.pl\/en\/wp-json\/wp\/v2\/posts"}],"about":[{"href":"https:\/\/nid.pl\/en\/wp-json\/wp\/v2\/types\/post"}],"author":[{"embeddable":true,"href":"https:\/\/nid.pl\/en\/wp-json\/wp\/v2\/users\/4"}],"replies":[{"embeddable":true,"href":"https:\/\/nid.pl\/en\/wp-json\/wp\/v2\/comments?post=31148"}],"version-history":[{"count":1,"href":"https:\/\/nid.pl\/en\/wp-json\/wp\/v2\/posts\/31148\/revisions"}],"predecessor-version":[{"id":31151,"href":"https:\/\/nid.pl\/en\/wp-json\/wp\/v2\/posts\/31148\/revisions\/31151"}],"wp:featuredmedia":[{"embeddable":true,"href":"https:\/\/nid.pl\/en\/wp-json\/wp\/v2\/media\/31149"}],"wp:attachment":[{"href":"https:\/\/nid.pl\/en\/wp-json\/wp\/v2\/media?parent=31148"}],"wp:term":[{"taxonomy":"category","embeddable":true,"href":"https:\/\/nid.pl\/en\/wp-json\/wp\/v2\/categories?post=31148"},{"taxonomy":"post_tag","embeddable":true,"href":"https:\/\/nid.pl\/en\/wp-json\/wp\/v2\/tags?post=31148"}],"curies":[{"name":"wp","href":"https:\/\/api.w.org\/{rel}","templated":true}]}}