{"id":31140,"date":"2025-12-22T15:44:43","date_gmt":"2025-12-22T14:44:43","guid":{"rendered":"https:\/\/nid.pl\/?p=31140"},"modified":"2025-12-30T15:41:51","modified_gmt":"2025-12-30T14:41:51","slug":"zmarl-prof-andrzej-kola","status":"publish","type":"post","link":"https:\/\/nid.pl\/en\/2025\/12\/22\/zmarl-prof-andrzej-kola\/","title":{"rendered":"Zmar\u0142 prof. dr hab. Andrzej Kola \u2013 wybitny archeolog i nauczyciel akademicki"},"content":{"rendered":"<p><strong>Z g\u0142\u0119bokim smutkiem przyj\u0119li\u015bmy wiadomo\u015b\u0107 o \u015bmierci prof. dr. hab. Andrzeja Koli \u2013 wybitnego archeologa, nauczyciela akademickiego i wieloletniego pracownika Uniwersytetu Miko\u0142aja Kopernika w Toruniu, prodziekana Wydzia\u0142u Nauk Historycznych UMK w latach 1999-2002. Mia\u0142 85 lat.<\/strong><\/p>\n\n\n\n<p>Profesor Andrzej Kola urodzi\u0142 si\u0119 17 stycznia 1940 roku w Toruniu. By\u0142 absolwentem II Liceum Og\u00f3lnokszta\u0142c\u0105cego oraz Studium Nauczycielskiego, a nast\u0119pnie studi\u00f3w archeologicznych na Uniwersytecie Miko\u0142aja Kopernika. Z t\u0105 uczelni\u0105 zwi\u0105za\u0142 ca\u0142e swoje \u017cycie zawodowe. Ju\u017c w czasie studi\u00f3w bra\u0142 udzia\u0142 w badaniach archeologicznych, m.in. na terenie ruin zamku krzy\u017cackiego w Toruniu.<\/p>\n\n\n\n<p>Prac\u0119 naukow\u0105 rozpocz\u0105\u0142 w po\u0142owie lat 60. w Katedrze Archeologii Polski i Powszechnej UMK. Jego wczesne badania koncentrowa\u0142y si\u0119 na \u015bredniowiecznym Che\u0142mnie oraz grodach ziemi che\u0142mi\u0144skiej \u2013 tej problematyce po\u015bwi\u0119ci\u0142 zar\u00f3wno rozpraw\u0119 doktorsk\u0105, jak i habilitacyjn\u0105. W 1995 roku obj\u0105\u0142 stanowisko profesora UMK, a w 2007 roku otrzyma\u0142 tytu\u0142 profesora nauk humanistycznych.<\/p>\n\n\n\n<p>Od 1990 roku kierowa\u0142 Zak\u0142adem (Pracowni\u0105) Archeologii Podwodnej UMK, wsp\u00f3\u0142tworz\u0105c jeden z najwa\u017cniejszych o\u015brodk\u00f3w tej specjalizacji w Polsce. Pod jego kierownictwem prowadzone by\u0142y pionierskie badania na Jeziorze Lednica, kt\u00f3re doprowadzi\u0142y do odkrycia relikt\u00f3w Ostrowa Lednickiego \u2013 jednego z kluczowych centr\u00f3w pa\u0144stwa pierwszych Piast\u00f3w.<br>Szczeg\u00f3lne miejsce w dorobku Profesora zajmowa\u0142y badania archeologiczne w miejscach zbrodni totalitaryzm\u00f3w. Kierowa\u0142 pracami ekshumacyjnymi polskich archeolog\u00f3w w Charkowie (Piatichatki) w latach 1994-1996, a nast\u0119pnie nadzorowa\u0142 badania w Bykowni pod Kijowem, w Jedwabnem oraz na terenie oboz\u00f3w zag\u0142ady w Be\u0142\u017ccu i Sobiborze. By\u0142 autorem fundamentalnych publikacji dokumentuj\u0105cych wyniki tych prac, kt\u00f3re wnios\u0142y trwa\u0142y wk\u0142ad w badania nad najtragiczniejszymi kartami XX-wiecznej historii.<\/p>\n\n\n\n<p>W latach 1995-2002 prowadzi\u0142 tak\u017ce badania archeologiczne ogrod\u00f3w historycznych w Oporowie, J\u0119drzejowie, Bia\u0142ymstoku i Choroszczy. By\u0142 cz\u0142onkiem Rady Fundacji Genera\u0142 El\u017cbiety Zawackiej i aktywnie wsp\u00f3\u0142pracowa\u0142 z Fundacj\u0105, publikuj\u0105c w jej Biuletynie oraz wsp\u00f3\u0142organizuj\u0105c sesje naukowe po\u015bwi\u0119cone problematyce katy\u0144skiej.<\/p>\n\n\n\n<p>Profesor Andrzej Kola by\u0142 autorem i wsp\u00f3\u0142autorem licznych publikacji naukowych, kt\u00f3re na trwa\u0142e wpisa\u0142y si\u0119 w dorobek polskiej archeologii, zw\u0142aszcza archeologii podwodnej oraz bada\u0144 nad miejscami pami\u0119ci i zbrodni totalitaryzm\u00f3w. Za swoj\u0105 dzia\u0142alno\u015b\u0107 naukow\u0105, dydaktyczn\u0105 i spo\u0142eczn\u0105 zosta\u0142 uhonorowany wieloma odznaczeniami, m.in. Krzy\u017cem Kawalerskim i Krzy\u017cem Oficerskim Orderu Odrodzenia Polski, Z\u0142otym Medalem \u201eOpiekun Miejsc Pami\u0119ci Narodowej\u201d, Medalem \u201ePro Memoria\u201d, Medalem Komisji Edukacji Narodowej oraz Nagrod\u0105 Lednickiego Or\u0142a Piastowskiego.<\/p>\n\n\n\n<p>Pozostawi\u0142 po sobie ogromny dorobek naukowy, rzesz\u0119 wychowank\u00f3w oraz pami\u0119\u0107 o badaczu niezwykle rzetelnym, zaanga\u017cowanym i wra\u017cliwym na znaczenie przesz\u0142o\u015bci. Jego praca i osi\u0105gni\u0119cia na trwa\u0142e pozostan\u0105 cz\u0119\u015bci\u0105 polskiej nauki i kultury.<\/p>\n\n\n\n<p>Rodzinie i Bliskim Pana Profesora sk\u0142adamy wyrazy g\u0142\u0119bokiego wsp\u00f3\u0142czucia.<\/p>\n\n\n\n<p><\/p>\n\n\n\n<p class=\"has-text-align-center has-background\" style=\"background-color:#f2f2f2\"><strong>Uroczysto\u015bci pogrzebowe \u015bp. prof. dr. hab. Andrzeja Koli odb\u0119d\u0105 si\u0119 w pi\u0105tek 9.01.2026 r. w Toruniu.<\/strong><br><strong>Msza \u015bw. \u017ca\u0142obna zostanie odprawiona o godz. 11:30 w ko\u015bciele \u015bw. Jakuba Aposto\u0142a przy Rynku Nowomiejskim 6. <br>Ceremonia pogrzebowa b\u0119dzie mia\u0142a miejsce na cmentarzu parafialnym w Kaszczorku.<\/strong><\/p>\n\n\n\n<div style=\"height:30px\" aria-hidden=\"true\" class=\"wp-block-spacer\"><\/div>","protected":false},"excerpt":{"rendered":"<p>Z g\u0142\u0119bokim smutkiem przyj\u0119li\u015bmy wiadomo\u015b\u0107 o \u015bmierci prof. dr. hab. Andrzeja Koli \u2013 wybitnego archeologa, nauczyciela akademickiego i wieloletniego pracownika Uniwersytetu Miko\u0142aja Kopernika w Toruniu, prodziekana Wydzia\u0142u Nauk Historycznych UMK [&hellip;]<\/p>","protected":false},"author":4,"featured_media":31141,"comment_status":"closed","ping_status":"closed","sticky":false,"template":"","format":"standard","meta":{"_et_pb_use_builder":"off","_et_pb_old_content":"","_et_gb_content_width":"","_monsterinsights_skip_tracking":false,"_monsterinsights_sitenote_active":false,"_monsterinsights_sitenote_note":"","_monsterinsights_sitenote_category":0,"footnotes":""},"categories":[3],"tags":[],"class_list":["post-31140","post","type-post","status-publish","format-standard","has-post-thumbnail","hentry","category-aktualnosci"],"yoast_head":"<!-- This site is optimized with the Yoast SEO plugin v26.5 - https:\/\/yoast.com\/wordpress\/plugins\/seo\/ -->\n<title>Zmar\u0142 prof. dr hab. Andrzej Kola \u2013 wybitny archeolog i nauczyciel akademicki - NID<\/title>\n<meta name=\"robots\" content=\"index, follow, max-snippet:-1, max-image-preview:large, max-video-preview:-1\" \/>\n<link rel=\"canonical\" href=\"https:\/\/nid.pl\/en\/2025\/12\/22\/zmarl-prof-andrzej-kola\/\" \/>\n<meta property=\"og:locale\" content=\"en_GB\" \/>\n<meta property=\"og:type\" content=\"article\" \/>\n<meta property=\"og:title\" content=\"Zmar\u0142 prof. dr hab. Andrzej Kola \u2013 wybitny archeolog i nauczyciel akademicki - NID\" \/>\n<meta property=\"og:description\" content=\"Z g\u0142\u0119bokim smutkiem przyj\u0119li\u015bmy wiadomo\u015b\u0107 o \u015bmierci prof. dr. hab. Andrzeja Koli \u2013 wybitnego archeologa, nauczyciela akademickiego i wieloletniego pracownika Uniwersytetu Miko\u0142aja Kopernika w Toruniu, prodziekana Wydzia\u0142u Nauk Historycznych UMK [&hellip;]\" \/>\n<meta property=\"og:url\" content=\"https:\/\/nid.pl\/en\/2025\/12\/22\/zmarl-prof-andrzej-kola\/\" \/>\n<meta property=\"og:site_name\" content=\"NID\" \/>\n<meta property=\"article:publisher\" content=\"https:\/\/www.facebook.com\/zabytek\" \/>\n<meta property=\"article:published_time\" content=\"2025-12-22T14:44:43+00:00\" \/>\n<meta property=\"article:modified_time\" content=\"2025-12-30T14:41:51+00:00\" \/>\n<meta property=\"og:image\" content=\"https:\/\/nid.pl\/wp-content\/uploads\/2025\/12\/prof-andrzej-kola_nid.jpg\" \/>\n\t<meta property=\"og:image:width\" content=\"1200\" \/>\n\t<meta property=\"og:image:height\" content=\"800\" \/>\n\t<meta property=\"og:image:type\" content=\"image\/jpeg\" \/>\n<meta name=\"author\" content=\"Marta Or\u0119ziak\" \/>\n<meta name=\"twitter:card\" content=\"summary_large_image\" \/>\n<meta name=\"twitter:creator\" content=\"@NarIDpl\" \/>\n<meta name=\"twitter:site\" content=\"@NarIDpl\" \/>\n<meta name=\"twitter:label1\" content=\"Written by\" \/>\n\t<meta name=\"twitter:data1\" content=\"Marta Or\u0119ziak\" \/>\n\t<meta name=\"twitter:label2\" content=\"Estimated reading time\" \/>\n\t<meta name=\"twitter:data2\" content=\"3 minutes\" \/>\n<script type=\"application\/ld+json\" class=\"yoast-schema-graph\">{\"@context\":\"https:\/\/schema.org\",\"@graph\":[{\"@type\":\"Article\",\"@id\":\"https:\/\/nid.pl\/2025\/12\/22\/zmarl-prof-andrzej-kola\/#article\",\"isPartOf\":{\"@id\":\"https:\/\/nid.pl\/2025\/12\/22\/zmarl-prof-andrzej-kola\/\"},\"author\":{\"name\":\"Marta Or\u0119ziak\",\"@id\":\"https:\/\/nid.pl\/#\/schema\/person\/9d848c4a54b78bc2a1461f1c5d8de615\"},\"headline\":\"Zmar\u0142 prof. dr hab. Andrzej Kola \u2013 wybitny archeolog i nauczyciel akademicki\",\"datePublished\":\"2025-12-22T14:44:43+00:00\",\"dateModified\":\"2025-12-30T14:41:51+00:00\",\"mainEntityOfPage\":{\"@id\":\"https:\/\/nid.pl\/2025\/12\/22\/zmarl-prof-andrzej-kola\/\"},\"wordCount\":530,\"publisher\":{\"@id\":\"https:\/\/nid.pl\/#organization\"},\"image\":{\"@id\":\"https:\/\/nid.pl\/2025\/12\/22\/zmarl-prof-andrzej-kola\/#primaryimage\"},\"thumbnailUrl\":\"https:\/\/nid.pl\/wp-content\/uploads\/2025\/12\/prof-andrzej-kola_nid.jpg\",\"articleSection\":[\"Aktualno\u015bci\"],\"inLanguage\":\"en-GB\"},{\"@type\":\"WebPage\",\"@id\":\"https:\/\/nid.pl\/2025\/12\/22\/zmarl-prof-andrzej-kola\/\",\"url\":\"https:\/\/nid.pl\/2025\/12\/22\/zmarl-prof-andrzej-kola\/\",\"name\":\"Zmar\u0142 prof. dr hab. Andrzej Kola \u2013 wybitny archeolog i nauczyciel akademicki - NID\",\"isPartOf\":{\"@id\":\"https:\/\/nid.pl\/#website\"},\"primaryImageOfPage\":{\"@id\":\"https:\/\/nid.pl\/2025\/12\/22\/zmarl-prof-andrzej-kola\/#primaryimage\"},\"image\":{\"@id\":\"https:\/\/nid.pl\/2025\/12\/22\/zmarl-prof-andrzej-kola\/#primaryimage\"},\"thumbnailUrl\":\"https:\/\/nid.pl\/wp-content\/uploads\/2025\/12\/prof-andrzej-kola_nid.jpg\",\"datePublished\":\"2025-12-22T14:44:43+00:00\",\"dateModified\":\"2025-12-30T14:41:51+00:00\",\"breadcrumb\":{\"@id\":\"https:\/\/nid.pl\/2025\/12\/22\/zmarl-prof-andrzej-kola\/#breadcrumb\"},\"inLanguage\":\"en-GB\",\"potentialAction\":[{\"@type\":\"ReadAction\",\"target\":[\"https:\/\/nid.pl\/2025\/12\/22\/zmarl-prof-andrzej-kola\/\"]}]},{\"@type\":\"ImageObject\",\"inLanguage\":\"en-GB\",\"@id\":\"https:\/\/nid.pl\/2025\/12\/22\/zmarl-prof-andrzej-kola\/#primaryimage\",\"url\":\"https:\/\/nid.pl\/wp-content\/uploads\/2025\/12\/prof-andrzej-kola_nid.jpg\",\"contentUrl\":\"https:\/\/nid.pl\/wp-content\/uploads\/2025\/12\/prof-andrzej-kola_nid.jpg\",\"width\":1200,\"height\":800,\"caption\":\"Prof. dr hab. Andrzej Kola\"},{\"@type\":\"BreadcrumbList\",\"@id\":\"https:\/\/nid.pl\/2025\/12\/22\/zmarl-prof-andrzej-kola\/#breadcrumb\",\"itemListElement\":[{\"@type\":\"ListItem\",\"position\":1,\"name\":\"Home\",\"item\":\"https:\/\/nid.pl\/\"},{\"@type\":\"ListItem\",\"position\":2,\"name\":\"Zmar\u0142 prof. dr hab. Andrzej Kola \u2013 wybitny archeolog i nauczyciel akademicki\"}]},{\"@type\":\"WebSite\",\"@id\":\"https:\/\/nid.pl\/#website\",\"url\":\"https:\/\/nid.pl\/\",\"name\":\"NID\",\"description\":\"Narodowy Instytut Dziedzictwa\",\"publisher\":{\"@id\":\"https:\/\/nid.pl\/#organization\"},\"potentialAction\":[{\"@type\":\"SearchAction\",\"target\":{\"@type\":\"EntryPoint\",\"urlTemplate\":\"https:\/\/nid.pl\/?s={search_term_string}\"},\"query-input\":{\"@type\":\"PropertyValueSpecification\",\"valueRequired\":true,\"valueName\":\"search_term_string\"}}],\"inLanguage\":\"en-GB\"},{\"@type\":\"Organization\",\"@id\":\"https:\/\/nid.pl\/#organization\",\"name\":\"Narodowy Instytut Dziedzictwa\",\"url\":\"https:\/\/nid.pl\/\",\"logo\":{\"@type\":\"ImageObject\",\"inLanguage\":\"en-GB\",\"@id\":\"https:\/\/nid.pl\/#\/schema\/logo\/image\/\",\"url\":\"https:\/\/nid.pl\/wp-content\/uploads\/2022\/10\/logoRedDark.png\",\"contentUrl\":\"https:\/\/nid.pl\/wp-content\/uploads\/2022\/10\/logoRedDark.png\",\"width\":200,\"height\":197,\"caption\":\"Narodowy Instytut Dziedzictwa\"},\"image\":{\"@id\":\"https:\/\/nid.pl\/#\/schema\/logo\/image\/\"},\"sameAs\":[\"https:\/\/www.facebook.com\/zabytek\",\"https:\/\/x.com\/NarIDpl\",\"https:\/\/www.instagram.com\/nid.pl\/?hl=pl\",\"https:\/\/www.linkedin.com\/company\/narodowy-instytut-dziedzictwa\",\"https:\/\/www.youtube.com\/channel\/UCQXuhKa2uHtmNvLRUSx40JA\"]},{\"@type\":\"Person\",\"@id\":\"https:\/\/nid.pl\/#\/schema\/person\/9d848c4a54b78bc2a1461f1c5d8de615\",\"name\":\"Marta Or\u0119ziak\",\"image\":{\"@type\":\"ImageObject\",\"inLanguage\":\"en-GB\",\"@id\":\"https:\/\/nid.pl\/#\/schema\/person\/image\/\",\"url\":\"https:\/\/nid.pl\/wp-content\/litespeed\/avatar\/3cdc296a7eb01425272974c992bee3ea.jpg?ver=1777445267\",\"contentUrl\":\"https:\/\/nid.pl\/wp-content\/litespeed\/avatar\/3cdc296a7eb01425272974c992bee3ea.jpg?ver=1777445267\",\"caption\":\"Marta Or\u0119ziak\"},\"url\":\"https:\/\/nid.pl\/en\/author\/moreziak\/\"}]}<\/script>\n<!-- \/ Yoast SEO plugin. -->","yoast_head_json":{"title":"Zmar\u0142 prof. dr hab. Andrzej Kola \u2013 wybitny archeolog i nauczyciel akademicki - NID","robots":{"index":"index","follow":"follow","max-snippet":"max-snippet:-1","max-image-preview":"max-image-preview:large","max-video-preview":"max-video-preview:-1"},"canonical":"https:\/\/nid.pl\/en\/2025\/12\/22\/zmarl-prof-andrzej-kola\/","og_locale":"en_GB","og_type":"article","og_title":"Zmar\u0142 prof. dr hab. Andrzej Kola \u2013 wybitny archeolog i nauczyciel akademicki - NID","og_description":"Z g\u0142\u0119bokim smutkiem przyj\u0119li\u015bmy wiadomo\u015b\u0107 o \u015bmierci prof. dr. hab. Andrzeja Koli \u2013 wybitnego archeologa, nauczyciela akademickiego i wieloletniego pracownika Uniwersytetu Miko\u0142aja Kopernika w Toruniu, prodziekana Wydzia\u0142u Nauk Historycznych UMK [&hellip;]","og_url":"https:\/\/nid.pl\/en\/2025\/12\/22\/zmarl-prof-andrzej-kola\/","og_site_name":"NID","article_publisher":"https:\/\/www.facebook.com\/zabytek","article_published_time":"2025-12-22T14:44:43+00:00","article_modified_time":"2025-12-30T14:41:51+00:00","og_image":[{"width":1200,"height":800,"url":"https:\/\/nid.pl\/wp-content\/uploads\/2025\/12\/prof-andrzej-kola_nid.jpg","type":"image\/jpeg"}],"author":"Marta Or\u0119ziak","twitter_card":"summary_large_image","twitter_creator":"@NarIDpl","twitter_site":"@NarIDpl","twitter_misc":{"Written by":"Marta Or\u0119ziak","Estimated reading time":"3 minutes"},"schema":{"@context":"https:\/\/schema.org","@graph":[{"@type":"Article","@id":"https:\/\/nid.pl\/2025\/12\/22\/zmarl-prof-andrzej-kola\/#article","isPartOf":{"@id":"https:\/\/nid.pl\/2025\/12\/22\/zmarl-prof-andrzej-kola\/"},"author":{"name":"Marta Or\u0119ziak","@id":"https:\/\/nid.pl\/#\/schema\/person\/9d848c4a54b78bc2a1461f1c5d8de615"},"headline":"Zmar\u0142 prof. dr hab. Andrzej Kola \u2013 wybitny archeolog i nauczyciel akademicki","datePublished":"2025-12-22T14:44:43+00:00","dateModified":"2025-12-30T14:41:51+00:00","mainEntityOfPage":{"@id":"https:\/\/nid.pl\/2025\/12\/22\/zmarl-prof-andrzej-kola\/"},"wordCount":530,"publisher":{"@id":"https:\/\/nid.pl\/#organization"},"image":{"@id":"https:\/\/nid.pl\/2025\/12\/22\/zmarl-prof-andrzej-kola\/#primaryimage"},"thumbnailUrl":"https:\/\/nid.pl\/wp-content\/uploads\/2025\/12\/prof-andrzej-kola_nid.jpg","articleSection":["Aktualno\u015bci"],"inLanguage":"en-GB"},{"@type":"WebPage","@id":"https:\/\/nid.pl\/2025\/12\/22\/zmarl-prof-andrzej-kola\/","url":"https:\/\/nid.pl\/2025\/12\/22\/zmarl-prof-andrzej-kola\/","name":"Zmar\u0142 prof. dr hab. Andrzej Kola \u2013 wybitny archeolog i nauczyciel akademicki - NID","isPartOf":{"@id":"https:\/\/nid.pl\/#website"},"primaryImageOfPage":{"@id":"https:\/\/nid.pl\/2025\/12\/22\/zmarl-prof-andrzej-kola\/#primaryimage"},"image":{"@id":"https:\/\/nid.pl\/2025\/12\/22\/zmarl-prof-andrzej-kola\/#primaryimage"},"thumbnailUrl":"https:\/\/nid.pl\/wp-content\/uploads\/2025\/12\/prof-andrzej-kola_nid.jpg","datePublished":"2025-12-22T14:44:43+00:00","dateModified":"2025-12-30T14:41:51+00:00","breadcrumb":{"@id":"https:\/\/nid.pl\/2025\/12\/22\/zmarl-prof-andrzej-kola\/#breadcrumb"},"inLanguage":"en-GB","potentialAction":[{"@type":"ReadAction","target":["https:\/\/nid.pl\/2025\/12\/22\/zmarl-prof-andrzej-kola\/"]}]},{"@type":"ImageObject","inLanguage":"en-GB","@id":"https:\/\/nid.pl\/2025\/12\/22\/zmarl-prof-andrzej-kola\/#primaryimage","url":"https:\/\/nid.pl\/wp-content\/uploads\/2025\/12\/prof-andrzej-kola_nid.jpg","contentUrl":"https:\/\/nid.pl\/wp-content\/uploads\/2025\/12\/prof-andrzej-kola_nid.jpg","width":1200,"height":800,"caption":"Prof. dr hab. Andrzej Kola"},{"@type":"BreadcrumbList","@id":"https:\/\/nid.pl\/2025\/12\/22\/zmarl-prof-andrzej-kola\/#breadcrumb","itemListElement":[{"@type":"ListItem","position":1,"name":"Home","item":"https:\/\/nid.pl\/"},{"@type":"ListItem","position":2,"name":"Zmar\u0142 prof. dr hab. Andrzej Kola \u2013 wybitny archeolog i nauczyciel akademicki"}]},{"@type":"WebSite","@id":"https:\/\/nid.pl\/#website","url":"https:\/\/nid.pl\/","name":"NID","description":"Narodowy Instytut Dziedzictwa","publisher":{"@id":"https:\/\/nid.pl\/#organization"},"potentialAction":[{"@type":"SearchAction","target":{"@type":"EntryPoint","urlTemplate":"https:\/\/nid.pl\/?s={search_term_string}"},"query-input":{"@type":"PropertyValueSpecification","valueRequired":true,"valueName":"search_term_string"}}],"inLanguage":"en-GB"},{"@type":"Organization","@id":"https:\/\/nid.pl\/#organization","name":"Narodowy Instytut Dziedzictwa","url":"https:\/\/nid.pl\/","logo":{"@type":"ImageObject","inLanguage":"en-GB","@id":"https:\/\/nid.pl\/#\/schema\/logo\/image\/","url":"https:\/\/nid.pl\/wp-content\/uploads\/2022\/10\/logoRedDark.png","contentUrl":"https:\/\/nid.pl\/wp-content\/uploads\/2022\/10\/logoRedDark.png","width":200,"height":197,"caption":"Narodowy Instytut Dziedzictwa"},"image":{"@id":"https:\/\/nid.pl\/#\/schema\/logo\/image\/"},"sameAs":["https:\/\/www.facebook.com\/zabytek","https:\/\/x.com\/NarIDpl","https:\/\/www.instagram.com\/nid.pl\/?hl=pl","https:\/\/www.linkedin.com\/company\/narodowy-instytut-dziedzictwa","https:\/\/www.youtube.com\/channel\/UCQXuhKa2uHtmNvLRUSx40JA"]},{"@type":"Person","@id":"https:\/\/nid.pl\/#\/schema\/person\/9d848c4a54b78bc2a1461f1c5d8de615","name":"Marta Or\u0119ziak","image":{"@type":"ImageObject","inLanguage":"en-GB","@id":"https:\/\/nid.pl\/#\/schema\/person\/image\/","url":"https:\/\/nid.pl\/wp-content\/litespeed\/avatar\/3cdc296a7eb01425272974c992bee3ea.jpg?ver=1777445267","contentUrl":"https:\/\/nid.pl\/wp-content\/litespeed\/avatar\/3cdc296a7eb01425272974c992bee3ea.jpg?ver=1777445267","caption":"Marta Or\u0119ziak"},"url":"https:\/\/nid.pl\/en\/author\/moreziak\/"}]}},"_links":{"self":[{"href":"https:\/\/nid.pl\/en\/wp-json\/wp\/v2\/posts\/31140","targetHints":{"allow":["GET"]}}],"collection":[{"href":"https:\/\/nid.pl\/en\/wp-json\/wp\/v2\/posts"}],"about":[{"href":"https:\/\/nid.pl\/en\/wp-json\/wp\/v2\/types\/post"}],"author":[{"embeddable":true,"href":"https:\/\/nid.pl\/en\/wp-json\/wp\/v2\/users\/4"}],"replies":[{"embeddable":true,"href":"https:\/\/nid.pl\/en\/wp-json\/wp\/v2\/comments?post=31140"}],"version-history":[{"count":3,"href":"https:\/\/nid.pl\/en\/wp-json\/wp\/v2\/posts\/31140\/revisions"}],"predecessor-version":[{"id":31410,"href":"https:\/\/nid.pl\/en\/wp-json\/wp\/v2\/posts\/31140\/revisions\/31410"}],"wp:featuredmedia":[{"embeddable":true,"href":"https:\/\/nid.pl\/en\/wp-json\/wp\/v2\/media\/31141"}],"wp:attachment":[{"href":"https:\/\/nid.pl\/en\/wp-json\/wp\/v2\/media?parent=31140"}],"wp:term":[{"taxonomy":"category","embeddable":true,"href":"https:\/\/nid.pl\/en\/wp-json\/wp\/v2\/categories?post=31140"},{"taxonomy":"post_tag","embeddable":true,"href":"https:\/\/nid.pl\/en\/wp-json\/wp\/v2\/tags?post=31140"}],"curies":[{"name":"wp","href":"https:\/\/api.w.org\/{rel}","templated":true}]}}