{"id":31123,"date":"2025-12-22T13:29:11","date_gmt":"2025-12-22T12:29:11","guid":{"rendered":"https:\/\/nid.pl\/?p=31123"},"modified":"2025-12-22T13:58:21","modified_gmt":"2025-12-22T12:58:21","slug":"4-nowe-wpisy-krajowa-liste","status":"publish","type":"post","link":"https:\/\/nid.pl\/en\/2025\/12\/22\/4-nowe-wpisy-krajowa-liste\/","title":{"rendered":"4 nowe wpisy na Krajowej li\u015bcie niematerialnego dziedzictwa kulturowego"},"content":{"rendered":"<p><strong>Decyzj\u0105 Ministra Kultury i Dziedzictwa Narodowego, Krajowa lista niematerialnego dziedzictwa kulturowego wzbogaci\u0142a si\u0119 o cztery kolejne elementy. S\u0105 to: Nied\u017awiedzie wielkanocne z G\u00f3ry, Procesja Bo\u017cego Cia\u0142a z tradycj\u0105 dywan\u00f3w kwietnych w Sk\u0119czniewie, Procesja emaus i turki &#8211; stra\u017c Grobu Pa\u0144skiego w parafii Dobra oraz Umiej\u0119tno\u015b\u0107 wykonywania pisanek technik\u0105 drapan\u0105 \u2013 krasek z Krasnegostawu i okolic. Obecnie na Krajowej li\u015bcie niematerialnego dziedzictwa kulturowego znajduj\u0105 si\u0119 122 wpisy.<\/strong><\/p>\n\n\n\n<p><\/p>\n\n\n\n<h3 class=\"wp-block-heading\">Nied\u017awiedzie wielkanocne z G\u00f3ry<\/h3>\n\n\n\n<p>Nied\u017awiedzie wielkanocne w G\u00f3rze (woj. wielkopolskie) to ponadstuletni zwyczaj o udokumentowanej historii si\u0119gaj\u0105cej 1913 roku. W oba dni Wielkanocy przez wie\u015b przechodzi korow\u00f3d postaci: Baby, Dziada, dw\u00f3ch Nied\u017awiedzi, Poganiaczy, Kominiarzy oraz Grajka. W Niedziel\u0119 Zmartwychwstania wyst\u0119puje \u201eStara Ekipa\u201d, w Poniedzia\u0142ek Wielkanocny natomiast \u201eM\u0142oda Ekipa\u201d (czyli nastolatkowie dopiero zdobywaj\u0105cy do\u015bwiadczenie i aspiruj\u0105cy do \u201eStarej Ekipy\u201d), dzi\u0119ki czemu tradycja jest naturalnie przekazywana z pokolenia na pokolenie.<\/p>\n\n\n\n<p>Zwyczaj wyr\u00f3\u017cnia si\u0119 bogactwem kostium\u00f3w, w tym pracoch\u0142onnymi s\u0142omianymi strojami Nied\u017awiedzi przygotowywanymi tygodniami przed \u015bwi\u0119tami. Korow\u00f3d odwiedza domy mieszka\u0144c\u00f3w, zbiera datki i anga\u017cuje ca\u0142\u0105 spo\u0142eczno\u015b\u0107, a szczeg\u00f3ln\u0105 atrakcj\u0105 jest \u201emurzenie\u201d, czyli brudzenie twarzy sadz\u0105. Dla uczestnik\u00f3w udzia\u0142 w pochodzie jest zaszczytem i elementem lokalnej to\u017csamo\u015bci.<\/p>\n\n\n\n<div class=\"wp-block-columns is-layout-flex wp-container-core-columns-is-layout-9d6595d7 wp-block-columns-is-layout-flex\">\n<div class=\"wp-block-column is-layout-flow wp-block-column-is-layout-flow\">\n<figure data-wp-context=\"{&quot;imageId&quot;:&quot;69f74a031185c&quot;}\" data-wp-interactive=\"core\/image\" data-wp-key=\"69f74a031185c\" class=\"wp-block-image size-large wp-lightbox-container\"><img loading=\"lazy\" decoding=\"async\" width=\"1024\" height=\"683\" data-wp-class--hide=\"state.isContentHidden\" data-wp-class--show=\"state.isContentVisible\" data-wp-init=\"callbacks.setButtonStyles\" data-wp-on--click=\"actions.showLightbox\" data-wp-on--load=\"callbacks.setButtonStyles\" data-wp-on-window--resize=\"callbacks.setButtonStyles\" src=\"https:\/\/nid.pl\/wp-content\/uploads\/2025\/12\/niedzwiedzie-wielkanocne-z-gory_02-1024x683.jpg\" alt=\"\" class=\"wp-image-31122\" srcset=\"https:\/\/nid.pl\/wp-content\/uploads\/2025\/12\/niedzwiedzie-wielkanocne-z-gory_02-1024x683.jpg 1024w, https:\/\/nid.pl\/wp-content\/uploads\/2025\/12\/niedzwiedzie-wielkanocne-z-gory_02-980x653.jpg 980w, https:\/\/nid.pl\/wp-content\/uploads\/2025\/12\/niedzwiedzie-wielkanocne-z-gory_02-480x320.jpg 480w\" sizes=\"(min-width: 0px) and (max-width: 480px) 480px, (min-width: 481px) and (max-width: 980px) 980px, (min-width: 981px) 1024px, 100vw\" \/><button\n\t\t\tclass=\"lightbox-trigger\"\n\t\t\ttype=\"button\"\n\t\t\taria-haspopup=\"dialog\"\n\t\t\taria-label=\"Enlarge\"\n\t\t\tdata-wp-init=\"callbacks.initTriggerButton\"\n\t\t\tdata-wp-on--click=\"actions.showLightbox\"\n\t\t\tdata-wp-style--right=\"state.imageButtonRight\"\n\t\t\tdata-wp-style--top=\"state.imageButtonTop\"\n\t\t>\n\t\t\t<svg xmlns=\"http:\/\/www.w3.org\/2000\/svg\" width=\"12\" height=\"12\" fill=\"none\" viewbox=\"0 0 12 12\">\n\t\t\t\t<path fill=\"#fff\" d=\"M2 0a2 2 0 0 0-2 2v2h1.5V2a.5.5 0 0 1 .5-.5h2V0H2Zm2 10.5H2a.5.5 0 0 1-.5-.5V8H0v2a2 2 0 0 0 2 2h2v-1.5ZM8 12v-1.5h2a.5.5 0 0 0 .5-.5V8H12v2a2 2 0 0 1-2 2H8Zm2-12a2 2 0 0 1 2 2v2h-1.5V2a.5.5 0 0 0-.5-.5H8V0h2Z\" \/>\n\t\t\t<\/svg>\n\t\t<\/button><figcaption class=\"wp-element-caption\">Nied\u017awiedzie wielkanocne z G\u00f3ry, fot. \u0141ukasz Ma\u0107kowiak<\/figcaption><\/figure>\n<\/div>\n\n\n\n<div class=\"wp-block-column is-layout-flow wp-block-column-is-layout-flow\">\n<figure data-wp-context=\"{&quot;imageId&quot;:&quot;69f74a031267f&quot;}\" data-wp-interactive=\"core\/image\" data-wp-key=\"69f74a031267f\" class=\"wp-block-image size-large wp-lightbox-container\"><img loading=\"lazy\" decoding=\"async\" width=\"1024\" height=\"683\" data-wp-class--hide=\"state.isContentHidden\" data-wp-class--show=\"state.isContentVisible\" data-wp-init=\"callbacks.setButtonStyles\" data-wp-on--click=\"actions.showLightbox\" data-wp-on--load=\"callbacks.setButtonStyles\" data-wp-on-window--resize=\"callbacks.setButtonStyles\" src=\"https:\/\/nid.pl\/wp-content\/uploads\/2025\/12\/niedzwiedzie-wielkanocne-z-gory_01-1024x683.jpg\" alt=\"\" class=\"wp-image-31121\" srcset=\"https:\/\/nid.pl\/wp-content\/uploads\/2025\/12\/niedzwiedzie-wielkanocne-z-gory_01-1024x683.jpg 1024w, https:\/\/nid.pl\/wp-content\/uploads\/2025\/12\/niedzwiedzie-wielkanocne-z-gory_01-980x653.jpg 980w, https:\/\/nid.pl\/wp-content\/uploads\/2025\/12\/niedzwiedzie-wielkanocne-z-gory_01-480x320.jpg 480w\" sizes=\"(min-width: 0px) and (max-width: 480px) 480px, (min-width: 481px) and (max-width: 980px) 980px, (min-width: 981px) 1024px, 100vw\" \/><button\n\t\t\tclass=\"lightbox-trigger\"\n\t\t\ttype=\"button\"\n\t\t\taria-haspopup=\"dialog\"\n\t\t\taria-label=\"Enlarge\"\n\t\t\tdata-wp-init=\"callbacks.initTriggerButton\"\n\t\t\tdata-wp-on--click=\"actions.showLightbox\"\n\t\t\tdata-wp-style--right=\"state.imageButtonRight\"\n\t\t\tdata-wp-style--top=\"state.imageButtonTop\"\n\t\t>\n\t\t\t<svg xmlns=\"http:\/\/www.w3.org\/2000\/svg\" width=\"12\" height=\"12\" fill=\"none\" viewbox=\"0 0 12 12\">\n\t\t\t\t<path fill=\"#fff\" d=\"M2 0a2 2 0 0 0-2 2v2h1.5V2a.5.5 0 0 1 .5-.5h2V0H2Zm2 10.5H2a.5.5 0 0 1-.5-.5V8H0v2a2 2 0 0 0 2 2h2v-1.5ZM8 12v-1.5h2a.5.5 0 0 0 .5-.5V8H12v2a2 2 0 0 1-2 2H8Zm2-12a2 2 0 0 1 2 2v2h-1.5V2a.5.5 0 0 0-.5-.5H8V0h2Z\" \/>\n\t\t\t<\/svg>\n\t\t<\/button><figcaption class=\"wp-element-caption\">Nied\u017awiedzie wielkanocne z G\u00f3ry, fot. \u0141ukasz Ma\u0107kowiak<\/figcaption><\/figure>\n<\/div>\n\n\n\n<div class=\"wp-block-column is-layout-flow wp-block-column-is-layout-flow\">\n<figure data-wp-context=\"{&quot;imageId&quot;:&quot;69f74a0312a1b&quot;}\" data-wp-interactive=\"core\/image\" data-wp-key=\"69f74a0312a1b\" class=\"wp-block-image size-large wp-lightbox-container\"><img loading=\"lazy\" decoding=\"async\" width=\"1024\" height=\"683\" data-wp-class--hide=\"state.isContentHidden\" data-wp-class--show=\"state.isContentVisible\" data-wp-init=\"callbacks.setButtonStyles\" data-wp-on--click=\"actions.showLightbox\" data-wp-on--load=\"callbacks.setButtonStyles\" data-wp-on-window--resize=\"callbacks.setButtonStyles\" src=\"https:\/\/nid.pl\/wp-content\/uploads\/2025\/12\/niedzwiedzie-wielkanocne-z-gory_03-1024x683.jpg\" alt=\"\" class=\"wp-image-31120\" srcset=\"https:\/\/nid.pl\/wp-content\/uploads\/2025\/12\/niedzwiedzie-wielkanocne-z-gory_03-1024x683.jpg 1024w, https:\/\/nid.pl\/wp-content\/uploads\/2025\/12\/niedzwiedzie-wielkanocne-z-gory_03-980x653.jpg 980w, https:\/\/nid.pl\/wp-content\/uploads\/2025\/12\/niedzwiedzie-wielkanocne-z-gory_03-480x320.jpg 480w\" sizes=\"(min-width: 0px) and (max-width: 480px) 480px, (min-width: 481px) and (max-width: 980px) 980px, (min-width: 981px) 1024px, 100vw\" \/><button\n\t\t\tclass=\"lightbox-trigger\"\n\t\t\ttype=\"button\"\n\t\t\taria-haspopup=\"dialog\"\n\t\t\taria-label=\"Enlarge\"\n\t\t\tdata-wp-init=\"callbacks.initTriggerButton\"\n\t\t\tdata-wp-on--click=\"actions.showLightbox\"\n\t\t\tdata-wp-style--right=\"state.imageButtonRight\"\n\t\t\tdata-wp-style--top=\"state.imageButtonTop\"\n\t\t>\n\t\t\t<svg xmlns=\"http:\/\/www.w3.org\/2000\/svg\" width=\"12\" height=\"12\" fill=\"none\" viewbox=\"0 0 12 12\">\n\t\t\t\t<path fill=\"#fff\" d=\"M2 0a2 2 0 0 0-2 2v2h1.5V2a.5.5 0 0 1 .5-.5h2V0H2Zm2 10.5H2a.5.5 0 0 1-.5-.5V8H0v2a2 2 0 0 0 2 2h2v-1.5ZM8 12v-1.5h2a.5.5 0 0 0 .5-.5V8H12v2a2 2 0 0 1-2 2H8Zm2-12a2 2 0 0 1 2 2v2h-1.5V2a.5.5 0 0 0-.5-.5H8V0h2Z\" \/>\n\t\t\t<\/svg>\n\t\t<\/button><figcaption class=\"wp-element-caption\">Nied\u017awiedzie wielkanocne z G\u00f3ry, fot. archiwalna<\/figcaption><\/figure>\n<\/div>\n<\/div>\n\n\n\n<h3 class=\"wp-block-heading\">Procesja Bo\u017cego Cia\u0142a z tradycj\u0105 dywan\u00f3w kwietnych w Sk\u0119czniewie<\/h3>\n\n\n\n<p>Zwyczaj uk\u0142adania dywan\u00f3w kwiatowych w Sk\u0119czniewie &#8211; wielopokoleniowy zwyczaj mieszka\u0144c\u00f3w parafii pw. \u015awi\u0119tej Tr\u00f3jcy &#8211; powsta\u0142 tu\u017c po II wojnie \u015bwiatowej jako wyraz wdzi\u0119czno\u015bci mieszka\u0144c\u00f3w za ocalenie miejscowo\u015bci. Rozwin\u0105\u0142 si\u0119 dzi\u0119ki ks. Karolowi Mendeli, kt\u00f3ry przywi\u00f3z\u0142 inspiracje ze Spycimierza, oraz kolejnych duszpasterzy wspieraj\u0105cych i utrwalaj\u0105cych tradycj\u0119. Od dziesi\u0119cioleci mieszka\u0144cy przygotowuj\u0105 kwiaty, trociny i wzory, gromadz\u0105c materia\u0142y na kilka dni przed uroczysto\u015bci\u0105.<\/p>\n\n\n\n<p>W Bo\u017ce Cia\u0142o ca\u0142a spo\u0142eczno\u015b\u0107 (dzieci, doro\u015bli i seniorzy) uk\u0142ada wielometrowe kompozycje z naturalnych materia\u0142\u00f3w, tworz\u0105c pasy o d\u0142ugo\u015bci kilkuset metr\u00f3w. Wzory maj\u0105 charakter religijny, florystyczny i geometryczny, a ich wykonanie wymaga precyzji i wsp\u00f3lnego wysi\u0142ku. Dla mieszka\u0144c\u00f3w parafii Sk\u0119czniew to nie tylko forma religijnej ekspresji, ale r\u00f3wnie\u017c wa\u017cny moment integracji, przekazywania tradycji m\u0142odszym pokoleniom oraz budowania poczucia wsp\u00f3lnoty. Ka\u017cdego roku udzia\u0142 w przygotowaniach i samym wydarzeniu traktowany jest jako zaszczyt i wyraz przywi\u0105zania do lokalnego dziedzictwa.<\/p>\n\n\n\n<div class=\"wp-block-columns is-layout-flex wp-container-core-columns-is-layout-9d6595d7 wp-block-columns-is-layout-flex\">\n<div class=\"wp-block-column is-layout-flow wp-block-column-is-layout-flow\">\n<figure data-wp-context=\"{&quot;imageId&quot;:&quot;69f74a0312f41&quot;}\" data-wp-interactive=\"core\/image\" data-wp-key=\"69f74a0312f41\" class=\"wp-block-image size-large wp-lightbox-container\"><img loading=\"lazy\" decoding=\"async\" width=\"1024\" height=\"683\" data-wp-class--hide=\"state.isContentHidden\" data-wp-class--show=\"state.isContentVisible\" data-wp-init=\"callbacks.setButtonStyles\" data-wp-on--click=\"actions.showLightbox\" data-wp-on--load=\"callbacks.setButtonStyles\" data-wp-on-window--resize=\"callbacks.setButtonStyles\" src=\"https:\/\/nid.pl\/wp-content\/uploads\/2025\/12\/procesja-Bozego-Ciala-z-tradycja-dywanow-kwietnych-w-Skeczniewie_01-1024x683.jpg\" alt=\"\" class=\"wp-image-31125\" srcset=\"https:\/\/nid.pl\/wp-content\/uploads\/2025\/12\/procesja-Bozego-Ciala-z-tradycja-dywanow-kwietnych-w-Skeczniewie_01-1024x683.jpg 1024w, https:\/\/nid.pl\/wp-content\/uploads\/2025\/12\/procesja-Bozego-Ciala-z-tradycja-dywanow-kwietnych-w-Skeczniewie_01-980x653.jpg 980w, https:\/\/nid.pl\/wp-content\/uploads\/2025\/12\/procesja-Bozego-Ciala-z-tradycja-dywanow-kwietnych-w-Skeczniewie_01-480x320.jpg 480w\" sizes=\"(min-width: 0px) and (max-width: 480px) 480px, (min-width: 481px) and (max-width: 980px) 980px, (min-width: 981px) 1024px, 100vw\" \/><button\n\t\t\tclass=\"lightbox-trigger\"\n\t\t\ttype=\"button\"\n\t\t\taria-haspopup=\"dialog\"\n\t\t\taria-label=\"Enlarge\"\n\t\t\tdata-wp-init=\"callbacks.initTriggerButton\"\n\t\t\tdata-wp-on--click=\"actions.showLightbox\"\n\t\t\tdata-wp-style--right=\"state.imageButtonRight\"\n\t\t\tdata-wp-style--top=\"state.imageButtonTop\"\n\t\t>\n\t\t\t<svg xmlns=\"http:\/\/www.w3.org\/2000\/svg\" width=\"12\" height=\"12\" fill=\"none\" viewbox=\"0 0 12 12\">\n\t\t\t\t<path fill=\"#fff\" d=\"M2 0a2 2 0 0 0-2 2v2h1.5V2a.5.5 0 0 1 .5-.5h2V0H2Zm2 10.5H2a.5.5 0 0 1-.5-.5V8H0v2a2 2 0 0 0 2 2h2v-1.5ZM8 12v-1.5h2a.5.5 0 0 0 .5-.5V8H12v2a2 2 0 0 1-2 2H8Zm2-12a2 2 0 0 1 2 2v2h-1.5V2a.5.5 0 0 0-.5-.5H8V0h2Z\" \/>\n\t\t\t<\/svg>\n\t\t<\/button><figcaption class=\"wp-element-caption\">Procesja Bo\u017cego Cia\u0142a z tradycj\u0105 dywan\u00f3w kwietnych w Sk\u0119czniewie, fot. P. G\u0105siorek<\/figcaption><\/figure>\n<\/div>\n\n\n\n<div class=\"wp-block-column is-layout-flow wp-block-column-is-layout-flow\">\n<figure data-wp-context=\"{&quot;imageId&quot;:&quot;69f74a03132ed&quot;}\" data-wp-interactive=\"core\/image\" data-wp-key=\"69f74a03132ed\" class=\"wp-block-image size-large wp-lightbox-container\"><img loading=\"lazy\" decoding=\"async\" width=\"1024\" height=\"683\" data-wp-class--hide=\"state.isContentHidden\" data-wp-class--show=\"state.isContentVisible\" data-wp-init=\"callbacks.setButtonStyles\" data-wp-on--click=\"actions.showLightbox\" data-wp-on--load=\"callbacks.setButtonStyles\" data-wp-on-window--resize=\"callbacks.setButtonStyles\" src=\"https:\/\/nid.pl\/wp-content\/uploads\/2025\/12\/procesja-Bozego-Ciala-z-tradycja-dywanow-kwietnych-w-Skeczniewie_02-1024x683.jpg\" alt=\"\" class=\"wp-image-31126\" srcset=\"https:\/\/nid.pl\/wp-content\/uploads\/2025\/12\/procesja-Bozego-Ciala-z-tradycja-dywanow-kwietnych-w-Skeczniewie_02-1024x683.jpg 1024w, https:\/\/nid.pl\/wp-content\/uploads\/2025\/12\/procesja-Bozego-Ciala-z-tradycja-dywanow-kwietnych-w-Skeczniewie_02-980x653.jpg 980w, https:\/\/nid.pl\/wp-content\/uploads\/2025\/12\/procesja-Bozego-Ciala-z-tradycja-dywanow-kwietnych-w-Skeczniewie_02-480x320.jpg 480w\" sizes=\"(min-width: 0px) and (max-width: 480px) 480px, (min-width: 481px) and (max-width: 980px) 980px, (min-width: 981px) 1024px, 100vw\" \/><button\n\t\t\tclass=\"lightbox-trigger\"\n\t\t\ttype=\"button\"\n\t\t\taria-haspopup=\"dialog\"\n\t\t\taria-label=\"Enlarge\"\n\t\t\tdata-wp-init=\"callbacks.initTriggerButton\"\n\t\t\tdata-wp-on--click=\"actions.showLightbox\"\n\t\t\tdata-wp-style--right=\"state.imageButtonRight\"\n\t\t\tdata-wp-style--top=\"state.imageButtonTop\"\n\t\t>\n\t\t\t<svg xmlns=\"http:\/\/www.w3.org\/2000\/svg\" width=\"12\" height=\"12\" fill=\"none\" viewbox=\"0 0 12 12\">\n\t\t\t\t<path fill=\"#fff\" d=\"M2 0a2 2 0 0 0-2 2v2h1.5V2a.5.5 0 0 1 .5-.5h2V0H2Zm2 10.5H2a.5.5 0 0 1-.5-.5V8H0v2a2 2 0 0 0 2 2h2v-1.5ZM8 12v-1.5h2a.5.5 0 0 0 .5-.5V8H12v2a2 2 0 0 1-2 2H8Zm2-12a2 2 0 0 1 2 2v2h-1.5V2a.5.5 0 0 0-.5-.5H8V0h2Z\" \/>\n\t\t\t<\/svg>\n\t\t<\/button><figcaption class=\"wp-element-caption\">Procesja Bo\u017cego Cia\u0142a z tradycj\u0105 dywan\u00f3w kwietnych w Sk\u0119czniewie, fot. P. G\u0105siorek<\/figcaption><\/figure>\n<\/div>\n\n\n\n<div class=\"wp-block-column is-layout-flow wp-block-column-is-layout-flow\">\n<figure data-wp-context=\"{&quot;imageId&quot;:&quot;69f74a03136da&quot;}\" data-wp-interactive=\"core\/image\" data-wp-key=\"69f74a03136da\" class=\"wp-block-image aligncenter size-medium wp-lightbox-container\"><img loading=\"lazy\" decoding=\"async\" width=\"200\" height=\"300\" data-wp-class--hide=\"state.isContentHidden\" data-wp-class--show=\"state.isContentVisible\" data-wp-init=\"callbacks.setButtonStyles\" data-wp-on--click=\"actions.showLightbox\" data-wp-on--load=\"callbacks.setButtonStyles\" data-wp-on-window--resize=\"callbacks.setButtonStyles\" src=\"https:\/\/nid.pl\/wp-content\/uploads\/2025\/12\/procesja-Bozego-Ciala-z-tradycja-dywanow-kwietnych-w-Skeczniewie_03-200x300.jpg\" alt=\"\" class=\"wp-image-31127\" style=\"aspect-ratio:2\/3;object-fit:cover\"\/><button\n\t\t\tclass=\"lightbox-trigger\"\n\t\t\ttype=\"button\"\n\t\t\taria-haspopup=\"dialog\"\n\t\t\taria-label=\"Enlarge\"\n\t\t\tdata-wp-init=\"callbacks.initTriggerButton\"\n\t\t\tdata-wp-on--click=\"actions.showLightbox\"\n\t\t\tdata-wp-style--right=\"state.imageButtonRight\"\n\t\t\tdata-wp-style--top=\"state.imageButtonTop\"\n\t\t>\n\t\t\t<svg xmlns=\"http:\/\/www.w3.org\/2000\/svg\" width=\"12\" height=\"12\" fill=\"none\" viewbox=\"0 0 12 12\">\n\t\t\t\t<path fill=\"#fff\" d=\"M2 0a2 2 0 0 0-2 2v2h1.5V2a.5.5 0 0 1 .5-.5h2V0H2Zm2 10.5H2a.5.5 0 0 1-.5-.5V8H0v2a2 2 0 0 0 2 2h2v-1.5ZM8 12v-1.5h2a.5.5 0 0 0 .5-.5V8H12v2a2 2 0 0 1-2 2H8Zm2-12a2 2 0 0 1 2 2v2h-1.5V2a.5.5 0 0 0-.5-.5H8V0h2Z\" \/>\n\t\t\t<\/svg>\n\t\t<\/button><figcaption class=\"wp-element-caption\">Procesja Bo\u017cego Cia\u0142a z tradycj\u0105 dywan\u00f3w kwietnych w Sk\u0119czniewie, fot. P. G\u0105siorek<\/figcaption><\/figure>\n<\/div>\n<\/div>\n\n\n\n<div class=\"wp-block-columns is-layout-flex wp-container-core-columns-is-layout-9d6595d7 wp-block-columns-is-layout-flex\">\n<div class=\"wp-block-column is-layout-flow wp-block-column-is-layout-flow\"><\/div>\n<\/div>\n\n\n\n<h3 class=\"wp-block-heading\">Procesja emaus i turki &#8211; stra\u017c Grobu Pa\u0144skiego w parafii Dobra<\/h3>\n\n\n\n<p>W parafii Narodzenia Naj\u015bwi\u0119tszej Maryi Panny w Dobrej od pokole\u0144 kultywowane s\u0105 unikatowe zwyczaje wielkanocne, tworz\u0105ce sp\u00f3jny i g\u0142\u0119boko symboliczny rytua\u0142 \u015bwi\u0105teczny.<\/p>\n\n\n\n<p>Procesja Emaus wyrusza w Poniedzia\u0142ek Wielkanocny o 5.30 rano, gromadz\u0105c m\u0119\u017cczyzn w r\u00f3\u017cnym wieku na 12-kilometrowej w\u0119dr\u00f3wce wok\u00f3\u0142 miejscowo\u015bci. P\u0105tnicy zatrzymuj\u0105 si\u0119 przy osiemnastu krzy\u017cach, wykonuj\u0105 tradycyjne gesty symboliczne, modl\u0105 si\u0119 i \u015bpiewaj\u0105. Wydarzenie nawi\u0105zuje do ewangelicznej drogi uczni\u00f3w do Emaus i ma charakter g\u0142\u0119boko duchowy.<\/p>\n\n\n\n<p>Drugim filarem wielkanocnych obchod\u00f3w s\u0105 Turki \u2013 Stra\u017c Grobu Pa\u0144skiego dzia\u0142aj\u0105ca w Dobrej od 1882 roku. Formacja o wojskowym charakterze pe\u0142ni wart\u0119 od Wielkiego Pi\u0105tku do Rezurekcji, ubrana w charakterystyczne czerwone mundury wzorowane na umundurowaniu \u017co\u0142nierzy tureckich. Obecno\u015b\u0107 Turk\u00f3w nadaje uroczysto\u015bciom podnios\u0142y nastr\u00f3j i stanowi nieod\u0142\u0105czny element lokalnej tradycji.<\/p>\n\n\n\n<div class=\"wp-block-columns is-layout-flex wp-container-core-columns-is-layout-9d6595d7 wp-block-columns-is-layout-flex\">\n<div class=\"wp-block-column is-layout-flow wp-block-column-is-layout-flow\">\n<figure data-wp-context=\"{&quot;imageId&quot;:&quot;69f74a0313cf8&quot;}\" data-wp-interactive=\"core\/image\" data-wp-key=\"69f74a0313cf8\" class=\"wp-block-image size-large wp-lightbox-container\"><img loading=\"lazy\" decoding=\"async\" width=\"1024\" height=\"683\" data-wp-class--hide=\"state.isContentHidden\" data-wp-class--show=\"state.isContentVisible\" data-wp-init=\"callbacks.setButtonStyles\" data-wp-on--click=\"actions.showLightbox\" data-wp-on--load=\"callbacks.setButtonStyles\" data-wp-on-window--resize=\"callbacks.setButtonStyles\" src=\"https:\/\/nid.pl\/wp-content\/uploads\/2025\/12\/procesja-emaus-i-turki-straz-grobu-panskiego-w-parafi-dobra_02-1024x683.jpg\" alt=\"\" class=\"wp-image-31130\" srcset=\"https:\/\/nid.pl\/wp-content\/uploads\/2025\/12\/procesja-emaus-i-turki-straz-grobu-panskiego-w-parafi-dobra_02-1024x683.jpg 1024w, https:\/\/nid.pl\/wp-content\/uploads\/2025\/12\/procesja-emaus-i-turki-straz-grobu-panskiego-w-parafi-dobra_02-980x653.jpg 980w, https:\/\/nid.pl\/wp-content\/uploads\/2025\/12\/procesja-emaus-i-turki-straz-grobu-panskiego-w-parafi-dobra_02-480x320.jpg 480w\" sizes=\"(min-width: 0px) and (max-width: 480px) 480px, (min-width: 481px) and (max-width: 980px) 980px, (min-width: 981px) 1024px, 100vw\" \/><button\n\t\t\tclass=\"lightbox-trigger\"\n\t\t\ttype=\"button\"\n\t\t\taria-haspopup=\"dialog\"\n\t\t\taria-label=\"Enlarge\"\n\t\t\tdata-wp-init=\"callbacks.initTriggerButton\"\n\t\t\tdata-wp-on--click=\"actions.showLightbox\"\n\t\t\tdata-wp-style--right=\"state.imageButtonRight\"\n\t\t\tdata-wp-style--top=\"state.imageButtonTop\"\n\t\t>\n\t\t\t<svg xmlns=\"http:\/\/www.w3.org\/2000\/svg\" width=\"12\" height=\"12\" fill=\"none\" viewbox=\"0 0 12 12\">\n\t\t\t\t<path fill=\"#fff\" d=\"M2 0a2 2 0 0 0-2 2v2h1.5V2a.5.5 0 0 1 .5-.5h2V0H2Zm2 10.5H2a.5.5 0 0 1-.5-.5V8H0v2a2 2 0 0 0 2 2h2v-1.5ZM8 12v-1.5h2a.5.5 0 0 0 .5-.5V8H12v2a2 2 0 0 1-2 2H8Zm2-12a2 2 0 0 1 2 2v2h-1.5V2a.5.5 0 0 0-.5-.5H8V0h2Z\" \/>\n\t\t\t<\/svg>\n\t\t<\/button><figcaption class=\"wp-element-caption\">Procesja emaus i turki &#8211; stra\u017c Grobu Pa\u0144skiego w parafii Dobra, TURKI fot. SPZD<\/figcaption><\/figure>\n<\/div>\n\n\n\n<div class=\"wp-block-column is-layout-flow wp-block-column-is-layout-flow\">\n<figure data-wp-context=\"{&quot;imageId&quot;:&quot;69f74a0314050&quot;}\" data-wp-interactive=\"core\/image\" data-wp-key=\"69f74a0314050\" class=\"wp-block-image size-large wp-lightbox-container\"><img loading=\"lazy\" decoding=\"async\" width=\"1024\" height=\"683\" data-wp-class--hide=\"state.isContentHidden\" data-wp-class--show=\"state.isContentVisible\" data-wp-init=\"callbacks.setButtonStyles\" data-wp-on--click=\"actions.showLightbox\" data-wp-on--load=\"callbacks.setButtonStyles\" data-wp-on-window--resize=\"callbacks.setButtonStyles\" src=\"https:\/\/nid.pl\/wp-content\/uploads\/2025\/12\/procesja-emaus-i-turki-straz-grobu-panskiego-w-parafi-dobra_01-1024x683.jpg\" alt=\"\" class=\"wp-image-31129\" srcset=\"https:\/\/nid.pl\/wp-content\/uploads\/2025\/12\/procesja-emaus-i-turki-straz-grobu-panskiego-w-parafi-dobra_01-1024x683.jpg 1024w, https:\/\/nid.pl\/wp-content\/uploads\/2025\/12\/procesja-emaus-i-turki-straz-grobu-panskiego-w-parafi-dobra_01-980x653.jpg 980w, https:\/\/nid.pl\/wp-content\/uploads\/2025\/12\/procesja-emaus-i-turki-straz-grobu-panskiego-w-parafi-dobra_01-480x320.jpg 480w\" sizes=\"(min-width: 0px) and (max-width: 480px) 480px, (min-width: 481px) and (max-width: 980px) 980px, (min-width: 981px) 1024px, 100vw\" \/><button\n\t\t\tclass=\"lightbox-trigger\"\n\t\t\ttype=\"button\"\n\t\t\taria-haspopup=\"dialog\"\n\t\t\taria-label=\"Enlarge\"\n\t\t\tdata-wp-init=\"callbacks.initTriggerButton\"\n\t\t\tdata-wp-on--click=\"actions.showLightbox\"\n\t\t\tdata-wp-style--right=\"state.imageButtonRight\"\n\t\t\tdata-wp-style--top=\"state.imageButtonTop\"\n\t\t>\n\t\t\t<svg xmlns=\"http:\/\/www.w3.org\/2000\/svg\" width=\"12\" height=\"12\" fill=\"none\" viewbox=\"0 0 12 12\">\n\t\t\t\t<path fill=\"#fff\" d=\"M2 0a2 2 0 0 0-2 2v2h1.5V2a.5.5 0 0 1 .5-.5h2V0H2Zm2 10.5H2a.5.5 0 0 1-.5-.5V8H0v2a2 2 0 0 0 2 2h2v-1.5ZM8 12v-1.5h2a.5.5 0 0 0 .5-.5V8H12v2a2 2 0 0 1-2 2H8Zm2-12a2 2 0 0 1 2 2v2h-1.5V2a.5.5 0 0 0-.5-.5H8V0h2Z\" \/>\n\t\t\t<\/svg>\n\t\t<\/button><figcaption class=\"wp-element-caption\">Procesja emaus i turki &#8211; stra\u017c Grobu Pa\u0144skiego w parafii Dobra, EMAUS, fot. Jacek Gajewski<\/figcaption><\/figure>\n<\/div>\n\n\n\n<div class=\"wp-block-column is-layout-flow wp-block-column-is-layout-flow\">\n<figure data-wp-context=\"{&quot;imageId&quot;:&quot;69f74a0314385&quot;}\" data-wp-interactive=\"core\/image\" data-wp-key=\"69f74a0314385\" class=\"wp-block-image size-large wp-lightbox-container\"><img loading=\"lazy\" decoding=\"async\" width=\"1024\" height=\"683\" data-wp-class--hide=\"state.isContentHidden\" data-wp-class--show=\"state.isContentVisible\" data-wp-init=\"callbacks.setButtonStyles\" data-wp-on--click=\"actions.showLightbox\" data-wp-on--load=\"callbacks.setButtonStyles\" data-wp-on-window--resize=\"callbacks.setButtonStyles\" src=\"https:\/\/nid.pl\/wp-content\/uploads\/2025\/12\/procesja-emaus-i-turki-straz-grobu-panskiego-w-parafi-dobra_03-1024x683.jpg\" alt=\"\" class=\"wp-image-31128\" srcset=\"https:\/\/nid.pl\/wp-content\/uploads\/2025\/12\/procesja-emaus-i-turki-straz-grobu-panskiego-w-parafi-dobra_03-1024x683.jpg 1024w, https:\/\/nid.pl\/wp-content\/uploads\/2025\/12\/procesja-emaus-i-turki-straz-grobu-panskiego-w-parafi-dobra_03-980x653.jpg 980w, https:\/\/nid.pl\/wp-content\/uploads\/2025\/12\/procesja-emaus-i-turki-straz-grobu-panskiego-w-parafi-dobra_03-480x320.jpg 480w\" sizes=\"(min-width: 0px) and (max-width: 480px) 480px, (min-width: 481px) and (max-width: 980px) 980px, (min-width: 981px) 1024px, 100vw\" \/><button\n\t\t\tclass=\"lightbox-trigger\"\n\t\t\ttype=\"button\"\n\t\t\taria-haspopup=\"dialog\"\n\t\t\taria-label=\"Enlarge\"\n\t\t\tdata-wp-init=\"callbacks.initTriggerButton\"\n\t\t\tdata-wp-on--click=\"actions.showLightbox\"\n\t\t\tdata-wp-style--right=\"state.imageButtonRight\"\n\t\t\tdata-wp-style--top=\"state.imageButtonTop\"\n\t\t>\n\t\t\t<svg xmlns=\"http:\/\/www.w3.org\/2000\/svg\" width=\"12\" height=\"12\" fill=\"none\" viewbox=\"0 0 12 12\">\n\t\t\t\t<path fill=\"#fff\" d=\"M2 0a2 2 0 0 0-2 2v2h1.5V2a.5.5 0 0 1 .5-.5h2V0H2Zm2 10.5H2a.5.5 0 0 1-.5-.5V8H0v2a2 2 0 0 0 2 2h2v-1.5ZM8 12v-1.5h2a.5.5 0 0 0 .5-.5V8H12v2a2 2 0 0 1-2 2H8Zm2-12a2 2 0 0 1 2 2v2h-1.5V2a.5.5 0 0 0-.5-.5H8V0h2Z\" \/>\n\t\t\t<\/svg>\n\t\t<\/button><figcaption class=\"wp-element-caption\">Procesja emaus i turki &#8211; stra\u017c Grobu Pa\u0144skiego w parafii Dobra, TURKI zdj\u0119cie archiwalne, fot. Piotr Borycki<\/figcaption><\/figure>\n<\/div>\n<\/div>\n\n\n\n<h3 class=\"wp-block-heading\">Umiej\u0119tno\u015b\u0107 wykonywania pisanek technik\u0105 drapan\u0105 \u2013 krasek z Krasnegostawu i okolic<\/h3>\n\n\n\n<p>Kraski to tradycyjne pisanki tworzone poprzez r\u0119czne wydrapywanie wzoru na jajach barwionych w odwarze z \u0142upin cebuli, co nadaje im odcienie czerwieni, br\u0105zu i wi\u015bni. Wzory przedstawiaj\u0105 motywy geometryczne, solarne, ro\u015blinne i religijne, a ich p\u0142ynne linie i kontrastowe zestawienie kolor\u00f3w tworz\u0105 efekt o wyj\u0105tkowym, malarskim charakterze.<\/p>\n\n\n\n<p>Do wykonywania krasek u\u017cywa si\u0119 ostrych narz\u0119dzi \u2013 \u017cyletek, no\u017cyk\u00f3w czy skalpeli \u2013 a ka\u017cdy etap pracy, od doboru jaj po precyzyjne drapanie, odbywa si\u0119 r\u0119cznie. Tradycja przekazywana jest w rodzinach i lokalnych spo\u0142eczno\u015bciach, gdzie zachowuje sw\u00f3j dawny kanon, jednocze\u015bnie pozwalaj\u0105c tw\u00f3rcom na indywidualne interpretacje. Kraski pozostaj\u0105 jednym z najbardziej charakterystycznych przyk\u0142ad\u00f3w lokalnego pisankarstwa w Polsce.<\/p>\n\n\n\n<div class=\"wp-block-columns is-layout-flex wp-container-core-columns-is-layout-9d6595d7 wp-block-columns-is-layout-flex\">\n<div class=\"wp-block-column is-layout-flow wp-block-column-is-layout-flow\">\n<figure data-wp-context=\"{&quot;imageId&quot;:&quot;69f74a031489e&quot;}\" data-wp-interactive=\"core\/image\" data-wp-key=\"69f74a031489e\" class=\"wp-block-image size-large wp-lightbox-container\"><img loading=\"lazy\" decoding=\"async\" width=\"1024\" height=\"683\" data-wp-class--hide=\"state.isContentHidden\" data-wp-class--show=\"state.isContentVisible\" data-wp-init=\"callbacks.setButtonStyles\" data-wp-on--click=\"actions.showLightbox\" data-wp-on--load=\"callbacks.setButtonStyles\" data-wp-on-window--resize=\"callbacks.setButtonStyles\" src=\"https:\/\/nid.pl\/wp-content\/uploads\/2025\/12\/umiejetnosc-wyk-pisanek-technika-drapana-krasek-z-Krasnegostawu_03-1024x683.jpg\" alt=\"\" class=\"wp-image-31133\" srcset=\"https:\/\/nid.pl\/wp-content\/uploads\/2025\/12\/umiejetnosc-wyk-pisanek-technika-drapana-krasek-z-Krasnegostawu_03-1024x683.jpg 1024w, https:\/\/nid.pl\/wp-content\/uploads\/2025\/12\/umiejetnosc-wyk-pisanek-technika-drapana-krasek-z-Krasnegostawu_03-980x653.jpg 980w, https:\/\/nid.pl\/wp-content\/uploads\/2025\/12\/umiejetnosc-wyk-pisanek-technika-drapana-krasek-z-Krasnegostawu_03-480x320.jpg 480w\" sizes=\"(min-width: 0px) and (max-width: 480px) 480px, (min-width: 481px) and (max-width: 980px) 980px, (min-width: 981px) 1024px, 100vw\" \/><button\n\t\t\tclass=\"lightbox-trigger\"\n\t\t\ttype=\"button\"\n\t\t\taria-haspopup=\"dialog\"\n\t\t\taria-label=\"Enlarge\"\n\t\t\tdata-wp-init=\"callbacks.initTriggerButton\"\n\t\t\tdata-wp-on--click=\"actions.showLightbox\"\n\t\t\tdata-wp-style--right=\"state.imageButtonRight\"\n\t\t\tdata-wp-style--top=\"state.imageButtonTop\"\n\t\t>\n\t\t\t<svg xmlns=\"http:\/\/www.w3.org\/2000\/svg\" width=\"12\" height=\"12\" fill=\"none\" viewbox=\"0 0 12 12\">\n\t\t\t\t<path fill=\"#fff\" d=\"M2 0a2 2 0 0 0-2 2v2h1.5V2a.5.5 0 0 1 .5-.5h2V0H2Zm2 10.5H2a.5.5 0 0 1-.5-.5V8H0v2a2 2 0 0 0 2 2h2v-1.5ZM8 12v-1.5h2a.5.5 0 0 0 .5-.5V8H12v2a2 2 0 0 1-2 2H8Zm2-12a2 2 0 0 1 2 2v2h-1.5V2a.5.5 0 0 0-.5-.5H8V0h2Z\" \/>\n\t\t\t<\/svg>\n\t\t<\/button><figcaption class=\"wp-element-caption\">Umiej\u0119tno\u015b\u0107 wykonywania pisanek technik\u0105 drapan\u0105 \u2013 krasek z Krasnegostawu i okolic, fot. fot. Sylwia Czapla<\/figcaption><\/figure>\n<\/div>\n\n\n\n<div class=\"wp-block-column is-layout-flow wp-block-column-is-layout-flow\">\n<figure data-wp-context=\"{&quot;imageId&quot;:&quot;69f74a0314dc5&quot;}\" data-wp-interactive=\"core\/image\" data-wp-key=\"69f74a0314dc5\" class=\"wp-block-image size-large wp-lightbox-container\"><img loading=\"lazy\" decoding=\"async\" width=\"1024\" height=\"683\" data-wp-class--hide=\"state.isContentHidden\" data-wp-class--show=\"state.isContentVisible\" data-wp-init=\"callbacks.setButtonStyles\" data-wp-on--click=\"actions.showLightbox\" data-wp-on--load=\"callbacks.setButtonStyles\" data-wp-on-window--resize=\"callbacks.setButtonStyles\" src=\"https:\/\/nid.pl\/wp-content\/uploads\/2025\/12\/umiejetnosc-wyk-pisanek-technika-drapana-krasek-z-Krasnegostawu_01-1024x683.jpg\" alt=\"\" class=\"wp-image-31131\" srcset=\"https:\/\/nid.pl\/wp-content\/uploads\/2025\/12\/umiejetnosc-wyk-pisanek-technika-drapana-krasek-z-Krasnegostawu_01-1024x683.jpg 1024w, https:\/\/nid.pl\/wp-content\/uploads\/2025\/12\/umiejetnosc-wyk-pisanek-technika-drapana-krasek-z-Krasnegostawu_01-980x653.jpg 980w, https:\/\/nid.pl\/wp-content\/uploads\/2025\/12\/umiejetnosc-wyk-pisanek-technika-drapana-krasek-z-Krasnegostawu_01-480x320.jpg 480w\" sizes=\"(min-width: 0px) and (max-width: 480px) 480px, (min-width: 481px) and (max-width: 980px) 980px, (min-width: 981px) 1024px, 100vw\" \/><button\n\t\t\tclass=\"lightbox-trigger\"\n\t\t\ttype=\"button\"\n\t\t\taria-haspopup=\"dialog\"\n\t\t\taria-label=\"Enlarge\"\n\t\t\tdata-wp-init=\"callbacks.initTriggerButton\"\n\t\t\tdata-wp-on--click=\"actions.showLightbox\"\n\t\t\tdata-wp-style--right=\"state.imageButtonRight\"\n\t\t\tdata-wp-style--top=\"state.imageButtonTop\"\n\t\t>\n\t\t\t<svg xmlns=\"http:\/\/www.w3.org\/2000\/svg\" width=\"12\" height=\"12\" fill=\"none\" viewbox=\"0 0 12 12\">\n\t\t\t\t<path fill=\"#fff\" d=\"M2 0a2 2 0 0 0-2 2v2h1.5V2a.5.5 0 0 1 .5-.5h2V0H2Zm2 10.5H2a.5.5 0 0 1-.5-.5V8H0v2a2 2 0 0 0 2 2h2v-1.5ZM8 12v-1.5h2a.5.5 0 0 0 .5-.5V8H12v2a2 2 0 0 1-2 2H8Zm2-12a2 2 0 0 1 2 2v2h-1.5V2a.5.5 0 0 0-.5-.5H8V0h2Z\" \/>\n\t\t\t<\/svg>\n\t\t<\/button><figcaption class=\"wp-element-caption\">Umiej\u0119tno\u015b\u0107 wykonywania pisanek technik\u0105 drapan\u0105 \u2013 krasek z Krasnegostawu i okolic, fot. Stanis\u0142aw Kliszcz<\/figcaption><\/figure>\n<\/div>\n\n\n\n<div class=\"wp-block-column is-layout-flow wp-block-column-is-layout-flow\">\n<figure data-wp-context=\"{&quot;imageId&quot;:&quot;69f74a0315253&quot;}\" data-wp-interactive=\"core\/image\" data-wp-key=\"69f74a0315253\" class=\"wp-block-image size-large wp-lightbox-container\"><img loading=\"lazy\" decoding=\"async\" width=\"1024\" height=\"683\" data-wp-class--hide=\"state.isContentHidden\" data-wp-class--show=\"state.isContentVisible\" data-wp-init=\"callbacks.setButtonStyles\" data-wp-on--click=\"actions.showLightbox\" data-wp-on--load=\"callbacks.setButtonStyles\" data-wp-on-window--resize=\"callbacks.setButtonStyles\" src=\"https:\/\/nid.pl\/wp-content\/uploads\/2025\/12\/umiejetnosc-wyk-pisanek-technika-drapana-krasek-z-Krasnegostawu_02-1024x683.jpg\" alt=\"\" class=\"wp-image-31132\" srcset=\"https:\/\/nid.pl\/wp-content\/uploads\/2025\/12\/umiejetnosc-wyk-pisanek-technika-drapana-krasek-z-Krasnegostawu_02-1024x683.jpg 1024w, https:\/\/nid.pl\/wp-content\/uploads\/2025\/12\/umiejetnosc-wyk-pisanek-technika-drapana-krasek-z-Krasnegostawu_02-980x653.jpg 980w, https:\/\/nid.pl\/wp-content\/uploads\/2025\/12\/umiejetnosc-wyk-pisanek-technika-drapana-krasek-z-Krasnegostawu_02-480x320.jpg 480w\" sizes=\"(min-width: 0px) and (max-width: 480px) 480px, (min-width: 481px) and (max-width: 980px) 980px, (min-width: 981px) 1024px, 100vw\" \/><button\n\t\t\tclass=\"lightbox-trigger\"\n\t\t\ttype=\"button\"\n\t\t\taria-haspopup=\"dialog\"\n\t\t\taria-label=\"Enlarge\"\n\t\t\tdata-wp-init=\"callbacks.initTriggerButton\"\n\t\t\tdata-wp-on--click=\"actions.showLightbox\"\n\t\t\tdata-wp-style--right=\"state.imageButtonRight\"\n\t\t\tdata-wp-style--top=\"state.imageButtonTop\"\n\t\t>\n\t\t\t<svg xmlns=\"http:\/\/www.w3.org\/2000\/svg\" width=\"12\" height=\"12\" fill=\"none\" viewbox=\"0 0 12 12\">\n\t\t\t\t<path fill=\"#fff\" d=\"M2 0a2 2 0 0 0-2 2v2h1.5V2a.5.5 0 0 1 .5-.5h2V0H2Zm2 10.5H2a.5.5 0 0 1-.5-.5V8H0v2a2 2 0 0 0 2 2h2v-1.5ZM8 12v-1.5h2a.5.5 0 0 0 .5-.5V8H12v2a2 2 0 0 1-2 2H8Zm2-12a2 2 0 0 1 2 2v2h-1.5V2a.5.5 0 0 0-.5-.5H8V0h2Z\" \/>\n\t\t\t<\/svg>\n\t\t<\/button><figcaption class=\"wp-element-caption\">Umiej\u0119tno\u015b\u0107 wykonywania pisanek technik\u0105 drapan\u0105 \u2013 krasek z Krasnegostawu i okolic, fot. Stanis\u0142aw Kliszcz<\/figcaption><\/figure>\n<\/div>\n<\/div>\n\n\n\n<h3 class=\"wp-block-heading\">Krajowa lista niematerialnego dziedzictwa kulturowego<\/h3>\n\n\n\n<p>Ratyfikowana przez Polsk\u0119 Konwencja UNESCO w sprawie ochrony niematerialnego dziedzictwa kulturowego zobowi\u0105zuje Pa\u0144stwa-Strony do prowadzenia inwentaryzacji tradycji obecnych na ich terytorium. Wpisy na Krajow\u0105 list\u0119 niematerialnego dziedzictwa kulturowego pozwalaj\u0105 na dokumentowanie r\u00f3\u017cnorodnych praktyk kulturowych oraz promuj\u0105 ich ochron\u0119 i kontynuacj\u0119.<\/p>\n\n\n\n<p>Za prowadzenie listy odpowiada Minister Kultury i Dziedzictwa Narodowego we wsp\u00f3\u0142pracy z Narodowym Instytutem Dziedzictwa. Wszystkie spo\u0142eczno\u015bci, grupy i osoby praktykuj\u0105ce tradycje niematerialnego dziedzictwa mog\u0105 zg\u0142asza\u0107 swoje propozycje do wpisu. Obecnie Krajowa lista niematerialnego dziedzictwa kulturowego liczy 122 wpisy, w tym cztery najnowsze, kt\u00f3re przedstawiamy powy\u017cej.<\/p>\n\n\n\n<p>Wi\u0119cej o niematerialnym: <a href=\"https:\/\/niematerialne.nid.pl\" target=\"_blank\" rel=\"noreferrer noopener\">https:\/\/niematerialne.nid.pl<\/a><\/p>","protected":false},"excerpt":{"rendered":"<p>Decyzj\u0105 Ministra Kultury i Dziedzictwa Narodowego, Krajowa lista niematerialnego dziedzictwa kulturowego wzbogaci\u0142a si\u0119 o cztery kolejne elementy. S\u0105 to: Nied\u017awiedzie wielkanocne z G\u00f3ry, Procesja Bo\u017cego Cia\u0142a z tradycj\u0105 dywan\u00f3w kwietnych [&hellip;]<\/p>","protected":false},"author":4,"featured_media":31124,"comment_status":"closed","ping_status":"closed","sticky":false,"template":"","format":"standard","meta":{"_et_pb_use_builder":"off","_et_pb_old_content":"","_et_gb_content_width":"","_monsterinsights_skip_tracking":false,"_monsterinsights_sitenote_active":false,"_monsterinsights_sitenote_note":"","_monsterinsights_sitenote_category":0,"footnotes":""},"categories":[3],"tags":[],"class_list":["post-31123","post","type-post","status-publish","format-standard","has-post-thumbnail","hentry","category-aktualnosci"],"yoast_head":"<!-- This site is optimized with the Yoast SEO plugin v26.5 - https:\/\/yoast.com\/wordpress\/plugins\/seo\/ -->\n<title>4 nowe wpisy na Krajowej li\u015bcie niematerialnego dziedzictwa kulturowego - NID<\/title>\n<meta name=\"robots\" content=\"index, follow, max-snippet:-1, max-image-preview:large, max-video-preview:-1\" \/>\n<link rel=\"canonical\" href=\"https:\/\/nid.pl\/en\/2025\/12\/22\/4-nowe-wpisy-krajowa-liste\/\" \/>\n<meta property=\"og:locale\" content=\"en_GB\" \/>\n<meta property=\"og:type\" content=\"article\" \/>\n<meta property=\"og:title\" content=\"4 nowe wpisy na Krajowej li\u015bcie niematerialnego dziedzictwa kulturowego - NID\" \/>\n<meta property=\"og:description\" content=\"Decyzj\u0105 Ministra Kultury i Dziedzictwa Narodowego, Krajowa lista niematerialnego dziedzictwa kulturowego wzbogaci\u0142a si\u0119 o cztery kolejne elementy. S\u0105 to: Nied\u017awiedzie wielkanocne z G\u00f3ry, Procesja Bo\u017cego Cia\u0142a z tradycj\u0105 dywan\u00f3w kwietnych [&hellip;]\" \/>\n<meta property=\"og:url\" content=\"https:\/\/nid.pl\/en\/2025\/12\/22\/4-nowe-wpisy-krajowa-liste\/\" \/>\n<meta property=\"og:site_name\" content=\"NID\" \/>\n<meta property=\"article:publisher\" content=\"https:\/\/www.facebook.com\/zabytek\" \/>\n<meta property=\"article:published_time\" content=\"2025-12-22T12:29:11+00:00\" \/>\n<meta property=\"article:modified_time\" content=\"2025-12-22T12:58:21+00:00\" \/>\n<meta property=\"og:image\" content=\"https:\/\/nid.pl\/wp-content\/uploads\/2025\/12\/4-nowe-wpisy-na-klnd-27-listopada2025.jpg\" \/>\n\t<meta property=\"og:image:width\" content=\"1200\" \/>\n\t<meta property=\"og:image:height\" content=\"800\" \/>\n\t<meta property=\"og:image:type\" content=\"image\/jpeg\" \/>\n<meta name=\"author\" content=\"Marta Or\u0119ziak\" \/>\n<meta name=\"twitter:card\" content=\"summary_large_image\" \/>\n<meta name=\"twitter:creator\" content=\"@NarIDpl\" \/>\n<meta name=\"twitter:site\" content=\"@NarIDpl\" \/>\n<meta name=\"twitter:label1\" content=\"Written by\" \/>\n\t<meta name=\"twitter:data1\" content=\"Marta Or\u0119ziak\" \/>\n\t<meta name=\"twitter:label2\" content=\"Estimated reading time\" \/>\n\t<meta name=\"twitter:data2\" content=\"8 minutes\" \/>\n<script type=\"application\/ld+json\" class=\"yoast-schema-graph\">{\"@context\":\"https:\/\/schema.org\",\"@graph\":[{\"@type\":\"Article\",\"@id\":\"https:\/\/nid.pl\/2025\/12\/22\/4-nowe-wpisy-krajowa-liste\/#article\",\"isPartOf\":{\"@id\":\"https:\/\/nid.pl\/2025\/12\/22\/4-nowe-wpisy-krajowa-liste\/\"},\"author\":{\"name\":\"Marta Or\u0119ziak\",\"@id\":\"https:\/\/nid.pl\/#\/schema\/person\/9d848c4a54b78bc2a1461f1c5d8de615\"},\"headline\":\"4 nowe wpisy na Krajowej li\u015bcie niematerialnego dziedzictwa kulturowego\",\"datePublished\":\"2025-12-22T12:29:11+00:00\",\"dateModified\":\"2025-12-22T12:58:21+00:00\",\"mainEntityOfPage\":{\"@id\":\"https:\/\/nid.pl\/2025\/12\/22\/4-nowe-wpisy-krajowa-liste\/\"},\"wordCount\":992,\"publisher\":{\"@id\":\"https:\/\/nid.pl\/#organization\"},\"image\":{\"@id\":\"https:\/\/nid.pl\/2025\/12\/22\/4-nowe-wpisy-krajowa-liste\/#primaryimage\"},\"thumbnailUrl\":\"https:\/\/nid.pl\/wp-content\/uploads\/2025\/12\/4-nowe-wpisy-na-klnd-27-listopada2025.jpg\",\"articleSection\":[\"Aktualno\u015bci\"],\"inLanguage\":\"en-GB\"},{\"@type\":\"WebPage\",\"@id\":\"https:\/\/nid.pl\/2025\/12\/22\/4-nowe-wpisy-krajowa-liste\/\",\"url\":\"https:\/\/nid.pl\/2025\/12\/22\/4-nowe-wpisy-krajowa-liste\/\",\"name\":\"4 nowe wpisy na Krajowej li\u015bcie niematerialnego dziedzictwa kulturowego - NID\",\"isPartOf\":{\"@id\":\"https:\/\/nid.pl\/#website\"},\"primaryImageOfPage\":{\"@id\":\"https:\/\/nid.pl\/2025\/12\/22\/4-nowe-wpisy-krajowa-liste\/#primaryimage\"},\"image\":{\"@id\":\"https:\/\/nid.pl\/2025\/12\/22\/4-nowe-wpisy-krajowa-liste\/#primaryimage\"},\"thumbnailUrl\":\"https:\/\/nid.pl\/wp-content\/uploads\/2025\/12\/4-nowe-wpisy-na-klnd-27-listopada2025.jpg\",\"datePublished\":\"2025-12-22T12:29:11+00:00\",\"dateModified\":\"2025-12-22T12:58:21+00:00\",\"breadcrumb\":{\"@id\":\"https:\/\/nid.pl\/2025\/12\/22\/4-nowe-wpisy-krajowa-liste\/#breadcrumb\"},\"inLanguage\":\"en-GB\",\"potentialAction\":[{\"@type\":\"ReadAction\",\"target\":[\"https:\/\/nid.pl\/2025\/12\/22\/4-nowe-wpisy-krajowa-liste\/\"]}]},{\"@type\":\"ImageObject\",\"inLanguage\":\"en-GB\",\"@id\":\"https:\/\/nid.pl\/2025\/12\/22\/4-nowe-wpisy-krajowa-liste\/#primaryimage\",\"url\":\"https:\/\/nid.pl\/wp-content\/uploads\/2025\/12\/4-nowe-wpisy-na-klnd-27-listopada2025.jpg\",\"contentUrl\":\"https:\/\/nid.pl\/wp-content\/uploads\/2025\/12\/4-nowe-wpisy-na-klnd-27-listopada2025.jpg\",\"width\":1200,\"height\":800,\"caption\":\"4 nowe wpisy na Krajow\u0105 list\u0119 niematerialnego dziedzictwa kulturowego\"},{\"@type\":\"BreadcrumbList\",\"@id\":\"https:\/\/nid.pl\/2025\/12\/22\/4-nowe-wpisy-krajowa-liste\/#breadcrumb\",\"itemListElement\":[{\"@type\":\"ListItem\",\"position\":1,\"name\":\"Home\",\"item\":\"https:\/\/nid.pl\/\"},{\"@type\":\"ListItem\",\"position\":2,\"name\":\"4 nowe wpisy na Krajowej li\u015bcie niematerialnego dziedzictwa kulturowego\"}]},{\"@type\":\"WebSite\",\"@id\":\"https:\/\/nid.pl\/#website\",\"url\":\"https:\/\/nid.pl\/\",\"name\":\"NID\",\"description\":\"Narodowy Instytut Dziedzictwa\",\"publisher\":{\"@id\":\"https:\/\/nid.pl\/#organization\"},\"potentialAction\":[{\"@type\":\"SearchAction\",\"target\":{\"@type\":\"EntryPoint\",\"urlTemplate\":\"https:\/\/nid.pl\/?s={search_term_string}\"},\"query-input\":{\"@type\":\"PropertyValueSpecification\",\"valueRequired\":true,\"valueName\":\"search_term_string\"}}],\"inLanguage\":\"en-GB\"},{\"@type\":\"Organization\",\"@id\":\"https:\/\/nid.pl\/#organization\",\"name\":\"Narodowy Instytut Dziedzictwa\",\"url\":\"https:\/\/nid.pl\/\",\"logo\":{\"@type\":\"ImageObject\",\"inLanguage\":\"en-GB\",\"@id\":\"https:\/\/nid.pl\/#\/schema\/logo\/image\/\",\"url\":\"https:\/\/nid.pl\/wp-content\/uploads\/2022\/10\/logoRedDark.png\",\"contentUrl\":\"https:\/\/nid.pl\/wp-content\/uploads\/2022\/10\/logoRedDark.png\",\"width\":200,\"height\":197,\"caption\":\"Narodowy Instytut Dziedzictwa\"},\"image\":{\"@id\":\"https:\/\/nid.pl\/#\/schema\/logo\/image\/\"},\"sameAs\":[\"https:\/\/www.facebook.com\/zabytek\",\"https:\/\/x.com\/NarIDpl\",\"https:\/\/www.instagram.com\/nid.pl\/?hl=pl\",\"https:\/\/www.linkedin.com\/company\/narodowy-instytut-dziedzictwa\",\"https:\/\/www.youtube.com\/channel\/UCQXuhKa2uHtmNvLRUSx40JA\"]},{\"@type\":\"Person\",\"@id\":\"https:\/\/nid.pl\/#\/schema\/person\/9d848c4a54b78bc2a1461f1c5d8de615\",\"name\":\"Marta Or\u0119ziak\",\"image\":{\"@type\":\"ImageObject\",\"inLanguage\":\"en-GB\",\"@id\":\"https:\/\/nid.pl\/#\/schema\/person\/image\/\",\"url\":\"https:\/\/nid.pl\/wp-content\/litespeed\/avatar\/3cdc296a7eb01425272974c992bee3ea.jpg?ver=1777445267\",\"contentUrl\":\"https:\/\/nid.pl\/wp-content\/litespeed\/avatar\/3cdc296a7eb01425272974c992bee3ea.jpg?ver=1777445267\",\"caption\":\"Marta Or\u0119ziak\"},\"url\":\"https:\/\/nid.pl\/en\/author\/moreziak\/\"}]}<\/script>\n<!-- \/ Yoast SEO plugin. -->","yoast_head_json":{"title":"4 nowe wpisy na Krajowej li\u015bcie niematerialnego dziedzictwa kulturowego - NID","robots":{"index":"index","follow":"follow","max-snippet":"max-snippet:-1","max-image-preview":"max-image-preview:large","max-video-preview":"max-video-preview:-1"},"canonical":"https:\/\/nid.pl\/en\/2025\/12\/22\/4-nowe-wpisy-krajowa-liste\/","og_locale":"en_GB","og_type":"article","og_title":"4 nowe wpisy na Krajowej li\u015bcie niematerialnego dziedzictwa kulturowego - NID","og_description":"Decyzj\u0105 Ministra Kultury i Dziedzictwa Narodowego, Krajowa lista niematerialnego dziedzictwa kulturowego wzbogaci\u0142a si\u0119 o cztery kolejne elementy. S\u0105 to: Nied\u017awiedzie wielkanocne z G\u00f3ry, Procesja Bo\u017cego Cia\u0142a z tradycj\u0105 dywan\u00f3w kwietnych [&hellip;]","og_url":"https:\/\/nid.pl\/en\/2025\/12\/22\/4-nowe-wpisy-krajowa-liste\/","og_site_name":"NID","article_publisher":"https:\/\/www.facebook.com\/zabytek","article_published_time":"2025-12-22T12:29:11+00:00","article_modified_time":"2025-12-22T12:58:21+00:00","og_image":[{"width":1200,"height":800,"url":"https:\/\/nid.pl\/wp-content\/uploads\/2025\/12\/4-nowe-wpisy-na-klnd-27-listopada2025.jpg","type":"image\/jpeg"}],"author":"Marta Or\u0119ziak","twitter_card":"summary_large_image","twitter_creator":"@NarIDpl","twitter_site":"@NarIDpl","twitter_misc":{"Written by":"Marta Or\u0119ziak","Estimated reading time":"8 minutes"},"schema":{"@context":"https:\/\/schema.org","@graph":[{"@type":"Article","@id":"https:\/\/nid.pl\/2025\/12\/22\/4-nowe-wpisy-krajowa-liste\/#article","isPartOf":{"@id":"https:\/\/nid.pl\/2025\/12\/22\/4-nowe-wpisy-krajowa-liste\/"},"author":{"name":"Marta Or\u0119ziak","@id":"https:\/\/nid.pl\/#\/schema\/person\/9d848c4a54b78bc2a1461f1c5d8de615"},"headline":"4 nowe wpisy na Krajowej li\u015bcie niematerialnego dziedzictwa kulturowego","datePublished":"2025-12-22T12:29:11+00:00","dateModified":"2025-12-22T12:58:21+00:00","mainEntityOfPage":{"@id":"https:\/\/nid.pl\/2025\/12\/22\/4-nowe-wpisy-krajowa-liste\/"},"wordCount":992,"publisher":{"@id":"https:\/\/nid.pl\/#organization"},"image":{"@id":"https:\/\/nid.pl\/2025\/12\/22\/4-nowe-wpisy-krajowa-liste\/#primaryimage"},"thumbnailUrl":"https:\/\/nid.pl\/wp-content\/uploads\/2025\/12\/4-nowe-wpisy-na-klnd-27-listopada2025.jpg","articleSection":["Aktualno\u015bci"],"inLanguage":"en-GB"},{"@type":"WebPage","@id":"https:\/\/nid.pl\/2025\/12\/22\/4-nowe-wpisy-krajowa-liste\/","url":"https:\/\/nid.pl\/2025\/12\/22\/4-nowe-wpisy-krajowa-liste\/","name":"4 nowe wpisy na Krajowej li\u015bcie niematerialnego dziedzictwa kulturowego - NID","isPartOf":{"@id":"https:\/\/nid.pl\/#website"},"primaryImageOfPage":{"@id":"https:\/\/nid.pl\/2025\/12\/22\/4-nowe-wpisy-krajowa-liste\/#primaryimage"},"image":{"@id":"https:\/\/nid.pl\/2025\/12\/22\/4-nowe-wpisy-krajowa-liste\/#primaryimage"},"thumbnailUrl":"https:\/\/nid.pl\/wp-content\/uploads\/2025\/12\/4-nowe-wpisy-na-klnd-27-listopada2025.jpg","datePublished":"2025-12-22T12:29:11+00:00","dateModified":"2025-12-22T12:58:21+00:00","breadcrumb":{"@id":"https:\/\/nid.pl\/2025\/12\/22\/4-nowe-wpisy-krajowa-liste\/#breadcrumb"},"inLanguage":"en-GB","potentialAction":[{"@type":"ReadAction","target":["https:\/\/nid.pl\/2025\/12\/22\/4-nowe-wpisy-krajowa-liste\/"]}]},{"@type":"ImageObject","inLanguage":"en-GB","@id":"https:\/\/nid.pl\/2025\/12\/22\/4-nowe-wpisy-krajowa-liste\/#primaryimage","url":"https:\/\/nid.pl\/wp-content\/uploads\/2025\/12\/4-nowe-wpisy-na-klnd-27-listopada2025.jpg","contentUrl":"https:\/\/nid.pl\/wp-content\/uploads\/2025\/12\/4-nowe-wpisy-na-klnd-27-listopada2025.jpg","width":1200,"height":800,"caption":"4 nowe wpisy na Krajow\u0105 list\u0119 niematerialnego dziedzictwa kulturowego"},{"@type":"BreadcrumbList","@id":"https:\/\/nid.pl\/2025\/12\/22\/4-nowe-wpisy-krajowa-liste\/#breadcrumb","itemListElement":[{"@type":"ListItem","position":1,"name":"Home","item":"https:\/\/nid.pl\/"},{"@type":"ListItem","position":2,"name":"4 nowe wpisy na Krajowej li\u015bcie niematerialnego dziedzictwa kulturowego"}]},{"@type":"WebSite","@id":"https:\/\/nid.pl\/#website","url":"https:\/\/nid.pl\/","name":"NID","description":"Narodowy Instytut Dziedzictwa","publisher":{"@id":"https:\/\/nid.pl\/#organization"},"potentialAction":[{"@type":"SearchAction","target":{"@type":"EntryPoint","urlTemplate":"https:\/\/nid.pl\/?s={search_term_string}"},"query-input":{"@type":"PropertyValueSpecification","valueRequired":true,"valueName":"search_term_string"}}],"inLanguage":"en-GB"},{"@type":"Organization","@id":"https:\/\/nid.pl\/#organization","name":"Narodowy Instytut Dziedzictwa","url":"https:\/\/nid.pl\/","logo":{"@type":"ImageObject","inLanguage":"en-GB","@id":"https:\/\/nid.pl\/#\/schema\/logo\/image\/","url":"https:\/\/nid.pl\/wp-content\/uploads\/2022\/10\/logoRedDark.png","contentUrl":"https:\/\/nid.pl\/wp-content\/uploads\/2022\/10\/logoRedDark.png","width":200,"height":197,"caption":"Narodowy Instytut Dziedzictwa"},"image":{"@id":"https:\/\/nid.pl\/#\/schema\/logo\/image\/"},"sameAs":["https:\/\/www.facebook.com\/zabytek","https:\/\/x.com\/NarIDpl","https:\/\/www.instagram.com\/nid.pl\/?hl=pl","https:\/\/www.linkedin.com\/company\/narodowy-instytut-dziedzictwa","https:\/\/www.youtube.com\/channel\/UCQXuhKa2uHtmNvLRUSx40JA"]},{"@type":"Person","@id":"https:\/\/nid.pl\/#\/schema\/person\/9d848c4a54b78bc2a1461f1c5d8de615","name":"Marta Or\u0119ziak","image":{"@type":"ImageObject","inLanguage":"en-GB","@id":"https:\/\/nid.pl\/#\/schema\/person\/image\/","url":"https:\/\/nid.pl\/wp-content\/litespeed\/avatar\/3cdc296a7eb01425272974c992bee3ea.jpg?ver=1777445267","contentUrl":"https:\/\/nid.pl\/wp-content\/litespeed\/avatar\/3cdc296a7eb01425272974c992bee3ea.jpg?ver=1777445267","caption":"Marta Or\u0119ziak"},"url":"https:\/\/nid.pl\/en\/author\/moreziak\/"}]}},"_links":{"self":[{"href":"https:\/\/nid.pl\/en\/wp-json\/wp\/v2\/posts\/31123","targetHints":{"allow":["GET"]}}],"collection":[{"href":"https:\/\/nid.pl\/en\/wp-json\/wp\/v2\/posts"}],"about":[{"href":"https:\/\/nid.pl\/en\/wp-json\/wp\/v2\/types\/post"}],"author":[{"embeddable":true,"href":"https:\/\/nid.pl\/en\/wp-json\/wp\/v2\/users\/4"}],"replies":[{"embeddable":true,"href":"https:\/\/nid.pl\/en\/wp-json\/wp\/v2\/comments?post=31123"}],"version-history":[{"count":5,"href":"https:\/\/nid.pl\/en\/wp-json\/wp\/v2\/posts\/31123\/revisions"}],"predecessor-version":[{"id":31139,"href":"https:\/\/nid.pl\/en\/wp-json\/wp\/v2\/posts\/31123\/revisions\/31139"}],"wp:featuredmedia":[{"embeddable":true,"href":"https:\/\/nid.pl\/en\/wp-json\/wp\/v2\/media\/31124"}],"wp:attachment":[{"href":"https:\/\/nid.pl\/en\/wp-json\/wp\/v2\/media?parent=31123"}],"wp:term":[{"taxonomy":"category","embeddable":true,"href":"https:\/\/nid.pl\/en\/wp-json\/wp\/v2\/categories?post=31123"},{"taxonomy":"post_tag","embeddable":true,"href":"https:\/\/nid.pl\/en\/wp-json\/wp\/v2\/tags?post=31123"}],"curies":[{"name":"wp","href":"https:\/\/api.w.org\/{rel}","templated":true}]}}