{"id":31109,"date":"2025-12-18T10:16:20","date_gmt":"2025-12-18T09:16:20","guid":{"rendered":"https:\/\/nid.pl\/?p=31109"},"modified":"2025-12-18T10:18:16","modified_gmt":"2025-12-18T09:18:16","slug":"seminarium-o-dobrach-kultury-wspolczesnej","status":"publish","type":"post","link":"https:\/\/nid.pl\/en\/2025\/12\/18\/seminarium-o-dobrach-kultury-wspolczesnej\/","title":{"rendered":"Seminarium o dobrach kultury wsp\u00f3\u0142czesnej"},"content":{"rendered":"<p><strong>12 grudnia 2025 roku w Warszawie odby\u0142o si\u0119 seminarium \u201eDobra kultury wsp\u00f3\u0142czesnej \u2013 dylematy ochrony konserwatorskiej najm\u0142odszego dziedzictwa kulturowego w Polsce\u201d. Spotkanie mia\u0142o charakter warsztatowej dyskusji, a jego celem by\u0142a wymiana pogl\u0105d\u00f3w oraz do\u015bwiadcze\u0144 pomi\u0119dzy \u015brodowiskami eksperckimi na temat mo\u017cliwo\u015bci, obaw i rekomendacji w zakresie ochrony d\u00f3br kultury wsp\u00f3\u0142czesnej.<\/strong><\/p>\n\n\n\n<p>W dyskusji wzi\u0119li udzia\u0142 przedstawiciele Stowarzyszenia Architekt\u00f3w Polskich, Narodowego Instytutu Architektury i Urbanistyki oraz zaproszeni eksperci zwi\u0105zani zawodowo i naukowo z ochron\u0105 najm\u0142odszego dziedzictwa kulturowego w Polsce.<br>W seminarium uczestniczy\u0142 r\u00f3wnie\u017c zast\u0119pca dyrektorki Narodowego Instytutu Dziedzictwa dr Andrzej Siwek.<\/p>\n\n\n\n<p>Seminarium by\u0142o organizowane i prowadzone przez zesp\u00f3\u0142 Narodowego Instytutu Dziedzictwa ds. d\u00f3br kultury wsp\u00f3\u0142czesnej.<\/p>\n\n\n\n<p>Podczas seminarium uczestnicy przedstawili swoje wnioski i opinie. Najbardziej podkre\u015blono potrzeb\u0119 i zasadno\u015b\u0107 zachowania najcenniejszych wsp\u00f3\u0142czesnych obiekt\u00f3w dla przysz\u0142ych pokole\u0144. Cho\u0107 zagadnienie d\u00f3br kultury wsp\u00f3\u0142czesnej nie jest nowe, wymaga ono ponownego przeanalizowania w kontek\u015bcie proces\u00f3w, kt\u00f3re mia\u0142y miejsce w ci\u0105gu ostatnich dwudziestu lat. Temat pozostaje aktualny i wymaga przemy\u015blenia metod, mo\u017cliwo\u015bci oraz form ochrony.<\/p>\n\n\n\n<p>Dzi\u0119ki udzia\u0142owi ekspert\u00f3w z r\u00f3\u017cnych dziedzin \u2013 projektant\u00f3w-praktyk\u00f3w, teoretyk\u00f3w i historyk\u00f3w architektury oraz sztuki, urbanist\u00f3w, muzealnik\u00f3w i konserwator\u00f3w zabytk\u00f3w \u2013 seminarium umo\u017cliwi\u0142o wieloaspektow\u0105 wymian\u0119 wiedzy i rekomendacji. Organizatorzy licz\u0105 na dalsz\u0105 wsp\u00f3\u0142prac\u0119 i poszerzenie grona os\u00f3b zaanga\u017cowanych w ochron\u0119 najcenniejszych d\u00f3br kultury wsp\u00f3\u0142czesnej w Polsce.<\/p>\n\n\n\n<p><\/p>\n\n\n\n<div style=\"height:27px\" aria-hidden=\"true\" class=\"wp-block-spacer\"><\/div>\n\n\n\n<figure class=\"wp-block-image aligncenter size-large\"><a href=\"https:\/\/nid.pl\/wp-content\/uploads\/2025\/12\/seminarium-o-dobrach-kultury-wspolczesnej_2.jpg\"><img loading=\"lazy\" decoding=\"async\" width=\"1024\" height=\"683\" src=\"https:\/\/nid.pl\/wp-content\/uploads\/2025\/12\/seminarium-o-dobrach-kultury-wspolczesnej_2-1024x683.jpg\" alt=\"\" class=\"wp-image-31110\" srcset=\"https:\/\/nid.pl\/wp-content\/uploads\/2025\/12\/seminarium-o-dobrach-kultury-wspolczesnej_2-1024x683.jpg 1024w, https:\/\/nid.pl\/wp-content\/uploads\/2025\/12\/seminarium-o-dobrach-kultury-wspolczesnej_2-980x653.jpg 980w, https:\/\/nid.pl\/wp-content\/uploads\/2025\/12\/seminarium-o-dobrach-kultury-wspolczesnej_2-480x320.jpg 480w\" sizes=\"(min-width: 0px) and (max-width: 480px) 480px, (min-width: 481px) and (max-width: 980px) 980px, (min-width: 981px) 1024px, 100vw\" \/><\/a><figcaption class=\"wp-element-caption\">Seminarium o dobrach kultury wsp\u00f3\u0142czesnej, fot. NID<\/figcaption><\/figure>\n\n\n\n<figure class=\"wp-block-image aligncenter size-large\"><a href=\"https:\/\/nid.pl\/wp-content\/uploads\/2025\/12\/seminarium-o-dobrach-kultury-wspolczesnej_1.jpg\"><img loading=\"lazy\" decoding=\"async\" width=\"1024\" height=\"683\" src=\"https:\/\/nid.pl\/wp-content\/uploads\/2025\/12\/seminarium-o-dobrach-kultury-wspolczesnej_1-1024x683.jpg\" alt=\"\" class=\"wp-image-31111\" srcset=\"https:\/\/nid.pl\/wp-content\/uploads\/2025\/12\/seminarium-o-dobrach-kultury-wspolczesnej_1-1024x683.jpg 1024w, https:\/\/nid.pl\/wp-content\/uploads\/2025\/12\/seminarium-o-dobrach-kultury-wspolczesnej_1-980x653.jpg 980w, https:\/\/nid.pl\/wp-content\/uploads\/2025\/12\/seminarium-o-dobrach-kultury-wspolczesnej_1-480x320.jpg 480w\" sizes=\"(min-width: 0px) and (max-width: 480px) 480px, (min-width: 481px) and (max-width: 980px) 980px, (min-width: 981px) 1024px, 100vw\" \/><\/a><figcaption class=\"wp-element-caption\">Seminarium o dobrach kultury wsp\u00f3\u0142czesnej, fot. NID<\/figcaption><\/figure>","protected":false},"excerpt":{"rendered":"<p>12 grudnia 2025 roku w Warszawie odby\u0142o si\u0119 seminarium \u201eDobra kultury wsp\u00f3\u0142czesnej \u2013 dylematy ochrony konserwatorskiej najm\u0142odszego dziedzictwa kulturowego w Polsce\u201d. Spotkanie mia\u0142o charakter warsztatowej dyskusji, a jego celem by\u0142a [&hellip;]<\/p>","protected":false},"author":4,"featured_media":31111,"comment_status":"closed","ping_status":"closed","sticky":false,"template":"","format":"standard","meta":{"_et_pb_use_builder":"off","_et_pb_old_content":"","_et_gb_content_width":"","_monsterinsights_skip_tracking":false,"_monsterinsights_sitenote_active":false,"_monsterinsights_sitenote_note":"","_monsterinsights_sitenote_category":0,"footnotes":""},"categories":[3],"tags":[],"class_list":["post-31109","post","type-post","status-publish","format-standard","has-post-thumbnail","hentry","category-aktualnosci"],"yoast_head":"<!-- This site is optimized with the Yoast SEO plugin v26.5 - https:\/\/yoast.com\/wordpress\/plugins\/seo\/ -->\n<title>Seminarium o dobrach kultury wsp\u00f3\u0142czesnej - NID<\/title>\n<meta name=\"robots\" content=\"index, follow, max-snippet:-1, max-image-preview:large, max-video-preview:-1\" \/>\n<link rel=\"canonical\" href=\"https:\/\/nid.pl\/en\/2025\/12\/18\/seminarium-o-dobrach-kultury-wspolczesnej\/\" \/>\n<meta property=\"og:locale\" content=\"en_GB\" \/>\n<meta property=\"og:type\" content=\"article\" \/>\n<meta property=\"og:title\" content=\"Seminarium o dobrach kultury wsp\u00f3\u0142czesnej - NID\" \/>\n<meta property=\"og:description\" content=\"12 grudnia 2025 roku w Warszawie odby\u0142o si\u0119 seminarium \u201eDobra kultury wsp\u00f3\u0142czesnej \u2013 dylematy ochrony konserwatorskiej najm\u0142odszego dziedzictwa kulturowego w Polsce\u201d. Spotkanie mia\u0142o charakter warsztatowej dyskusji, a jego celem by\u0142a [&hellip;]\" \/>\n<meta property=\"og:url\" content=\"https:\/\/nid.pl\/en\/2025\/12\/18\/seminarium-o-dobrach-kultury-wspolczesnej\/\" \/>\n<meta property=\"og:site_name\" content=\"NID\" \/>\n<meta property=\"article:publisher\" content=\"https:\/\/www.facebook.com\/zabytek\" \/>\n<meta property=\"article:published_time\" content=\"2025-12-18T09:16:20+00:00\" \/>\n<meta property=\"article:modified_time\" content=\"2025-12-18T09:18:16+00:00\" \/>\n<meta property=\"og:image\" content=\"https:\/\/nid.pl\/wp-content\/uploads\/2025\/12\/seminarium-o-dobrach-kultury-wspolczesnej_1.jpg\" \/>\n\t<meta property=\"og:image:width\" content=\"1200\" \/>\n\t<meta property=\"og:image:height\" content=\"800\" \/>\n\t<meta property=\"og:image:type\" content=\"image\/jpeg\" \/>\n<meta name=\"author\" content=\"Marta Or\u0119ziak\" \/>\n<meta name=\"twitter:card\" content=\"summary_large_image\" \/>\n<meta name=\"twitter:creator\" content=\"@NarIDpl\" \/>\n<meta name=\"twitter:site\" content=\"@NarIDpl\" \/>\n<meta name=\"twitter:label1\" content=\"Written by\" \/>\n\t<meta name=\"twitter:data1\" content=\"Marta Or\u0119ziak\" \/>\n\t<meta name=\"twitter:label2\" content=\"Estimated reading time\" \/>\n\t<meta name=\"twitter:data2\" content=\"2 minutes\" \/>\n<script type=\"application\/ld+json\" class=\"yoast-schema-graph\">{\"@context\":\"https:\/\/schema.org\",\"@graph\":[{\"@type\":\"Article\",\"@id\":\"https:\/\/nid.pl\/2025\/12\/18\/seminarium-o-dobrach-kultury-wspolczesnej\/#article\",\"isPartOf\":{\"@id\":\"https:\/\/nid.pl\/2025\/12\/18\/seminarium-o-dobrach-kultury-wspolczesnej\/\"},\"author\":{\"name\":\"Marta Or\u0119ziak\",\"@id\":\"https:\/\/nid.pl\/#\/schema\/person\/9d848c4a54b78bc2a1461f1c5d8de615\"},\"headline\":\"Seminarium o dobrach kultury wsp\u00f3\u0142czesnej\",\"datePublished\":\"2025-12-18T09:16:20+00:00\",\"dateModified\":\"2025-12-18T09:18:16+00:00\",\"mainEntityOfPage\":{\"@id\":\"https:\/\/nid.pl\/2025\/12\/18\/seminarium-o-dobrach-kultury-wspolczesnej\/\"},\"wordCount\":273,\"publisher\":{\"@id\":\"https:\/\/nid.pl\/#organization\"},\"image\":{\"@id\":\"https:\/\/nid.pl\/2025\/12\/18\/seminarium-o-dobrach-kultury-wspolczesnej\/#primaryimage\"},\"thumbnailUrl\":\"https:\/\/nid.pl\/wp-content\/uploads\/2025\/12\/seminarium-o-dobrach-kultury-wspolczesnej_1.jpg\",\"articleSection\":[\"Aktualno\u015bci\"],\"inLanguage\":\"en-GB\"},{\"@type\":\"WebPage\",\"@id\":\"https:\/\/nid.pl\/2025\/12\/18\/seminarium-o-dobrach-kultury-wspolczesnej\/\",\"url\":\"https:\/\/nid.pl\/2025\/12\/18\/seminarium-o-dobrach-kultury-wspolczesnej\/\",\"name\":\"Seminarium o dobrach kultury wsp\u00f3\u0142czesnej - NID\",\"isPartOf\":{\"@id\":\"https:\/\/nid.pl\/#website\"},\"primaryImageOfPage\":{\"@id\":\"https:\/\/nid.pl\/2025\/12\/18\/seminarium-o-dobrach-kultury-wspolczesnej\/#primaryimage\"},\"image\":{\"@id\":\"https:\/\/nid.pl\/2025\/12\/18\/seminarium-o-dobrach-kultury-wspolczesnej\/#primaryimage\"},\"thumbnailUrl\":\"https:\/\/nid.pl\/wp-content\/uploads\/2025\/12\/seminarium-o-dobrach-kultury-wspolczesnej_1.jpg\",\"datePublished\":\"2025-12-18T09:16:20+00:00\",\"dateModified\":\"2025-12-18T09:18:16+00:00\",\"breadcrumb\":{\"@id\":\"https:\/\/nid.pl\/2025\/12\/18\/seminarium-o-dobrach-kultury-wspolczesnej\/#breadcrumb\"},\"inLanguage\":\"en-GB\",\"potentialAction\":[{\"@type\":\"ReadAction\",\"target\":[\"https:\/\/nid.pl\/2025\/12\/18\/seminarium-o-dobrach-kultury-wspolczesnej\/\"]}]},{\"@type\":\"ImageObject\",\"inLanguage\":\"en-GB\",\"@id\":\"https:\/\/nid.pl\/2025\/12\/18\/seminarium-o-dobrach-kultury-wspolczesnej\/#primaryimage\",\"url\":\"https:\/\/nid.pl\/wp-content\/uploads\/2025\/12\/seminarium-o-dobrach-kultury-wspolczesnej_1.jpg\",\"contentUrl\":\"https:\/\/nid.pl\/wp-content\/uploads\/2025\/12\/seminarium-o-dobrach-kultury-wspolczesnej_1.jpg\",\"width\":1200,\"height\":800,\"caption\":\"Seminarium o dobrach kultury wsp\u00f3\u0142czesnej, fot. NID\"},{\"@type\":\"BreadcrumbList\",\"@id\":\"https:\/\/nid.pl\/2025\/12\/18\/seminarium-o-dobrach-kultury-wspolczesnej\/#breadcrumb\",\"itemListElement\":[{\"@type\":\"ListItem\",\"position\":1,\"name\":\"Home\",\"item\":\"https:\/\/nid.pl\/\"},{\"@type\":\"ListItem\",\"position\":2,\"name\":\"Seminarium o dobrach kultury wsp\u00f3\u0142czesnej\"}]},{\"@type\":\"WebSite\",\"@id\":\"https:\/\/nid.pl\/#website\",\"url\":\"https:\/\/nid.pl\/\",\"name\":\"NID\",\"description\":\"Narodowy Instytut Dziedzictwa\",\"publisher\":{\"@id\":\"https:\/\/nid.pl\/#organization\"},\"potentialAction\":[{\"@type\":\"SearchAction\",\"target\":{\"@type\":\"EntryPoint\",\"urlTemplate\":\"https:\/\/nid.pl\/?s={search_term_string}\"},\"query-input\":{\"@type\":\"PropertyValueSpecification\",\"valueRequired\":true,\"valueName\":\"search_term_string\"}}],\"inLanguage\":\"en-GB\"},{\"@type\":\"Organization\",\"@id\":\"https:\/\/nid.pl\/#organization\",\"name\":\"Narodowy Instytut Dziedzictwa\",\"url\":\"https:\/\/nid.pl\/\",\"logo\":{\"@type\":\"ImageObject\",\"inLanguage\":\"en-GB\",\"@id\":\"https:\/\/nid.pl\/#\/schema\/logo\/image\/\",\"url\":\"https:\/\/nid.pl\/wp-content\/uploads\/2022\/10\/logoRedDark.png\",\"contentUrl\":\"https:\/\/nid.pl\/wp-content\/uploads\/2022\/10\/logoRedDark.png\",\"width\":200,\"height\":197,\"caption\":\"Narodowy Instytut Dziedzictwa\"},\"image\":{\"@id\":\"https:\/\/nid.pl\/#\/schema\/logo\/image\/\"},\"sameAs\":[\"https:\/\/www.facebook.com\/zabytek\",\"https:\/\/x.com\/NarIDpl\",\"https:\/\/www.instagram.com\/nid.pl\/?hl=pl\",\"https:\/\/www.linkedin.com\/company\/narodowy-instytut-dziedzictwa\",\"https:\/\/www.youtube.com\/channel\/UCQXuhKa2uHtmNvLRUSx40JA\"]},{\"@type\":\"Person\",\"@id\":\"https:\/\/nid.pl\/#\/schema\/person\/9d848c4a54b78bc2a1461f1c5d8de615\",\"name\":\"Marta Or\u0119ziak\",\"image\":{\"@type\":\"ImageObject\",\"inLanguage\":\"en-GB\",\"@id\":\"https:\/\/nid.pl\/#\/schema\/person\/image\/\",\"url\":\"https:\/\/nid.pl\/wp-content\/litespeed\/avatar\/3cdc296a7eb01425272974c992bee3ea.jpg?ver=1777445267\",\"contentUrl\":\"https:\/\/nid.pl\/wp-content\/litespeed\/avatar\/3cdc296a7eb01425272974c992bee3ea.jpg?ver=1777445267\",\"caption\":\"Marta Or\u0119ziak\"},\"url\":\"https:\/\/nid.pl\/en\/author\/moreziak\/\"}]}<\/script>\n<!-- \/ Yoast SEO plugin. -->","yoast_head_json":{"title":"Seminarium o dobrach kultury wsp\u00f3\u0142czesnej - NID","robots":{"index":"index","follow":"follow","max-snippet":"max-snippet:-1","max-image-preview":"max-image-preview:large","max-video-preview":"max-video-preview:-1"},"canonical":"https:\/\/nid.pl\/en\/2025\/12\/18\/seminarium-o-dobrach-kultury-wspolczesnej\/","og_locale":"en_GB","og_type":"article","og_title":"Seminarium o dobrach kultury wsp\u00f3\u0142czesnej - NID","og_description":"12 grudnia 2025 roku w Warszawie odby\u0142o si\u0119 seminarium \u201eDobra kultury wsp\u00f3\u0142czesnej \u2013 dylematy ochrony konserwatorskiej najm\u0142odszego dziedzictwa kulturowego w Polsce\u201d. Spotkanie mia\u0142o charakter warsztatowej dyskusji, a jego celem by\u0142a [&hellip;]","og_url":"https:\/\/nid.pl\/en\/2025\/12\/18\/seminarium-o-dobrach-kultury-wspolczesnej\/","og_site_name":"NID","article_publisher":"https:\/\/www.facebook.com\/zabytek","article_published_time":"2025-12-18T09:16:20+00:00","article_modified_time":"2025-12-18T09:18:16+00:00","og_image":[{"width":1200,"height":800,"url":"https:\/\/nid.pl\/wp-content\/uploads\/2025\/12\/seminarium-o-dobrach-kultury-wspolczesnej_1.jpg","type":"image\/jpeg"}],"author":"Marta Or\u0119ziak","twitter_card":"summary_large_image","twitter_creator":"@NarIDpl","twitter_site":"@NarIDpl","twitter_misc":{"Written by":"Marta Or\u0119ziak","Estimated reading time":"2 minutes"},"schema":{"@context":"https:\/\/schema.org","@graph":[{"@type":"Article","@id":"https:\/\/nid.pl\/2025\/12\/18\/seminarium-o-dobrach-kultury-wspolczesnej\/#article","isPartOf":{"@id":"https:\/\/nid.pl\/2025\/12\/18\/seminarium-o-dobrach-kultury-wspolczesnej\/"},"author":{"name":"Marta Or\u0119ziak","@id":"https:\/\/nid.pl\/#\/schema\/person\/9d848c4a54b78bc2a1461f1c5d8de615"},"headline":"Seminarium o dobrach kultury wsp\u00f3\u0142czesnej","datePublished":"2025-12-18T09:16:20+00:00","dateModified":"2025-12-18T09:18:16+00:00","mainEntityOfPage":{"@id":"https:\/\/nid.pl\/2025\/12\/18\/seminarium-o-dobrach-kultury-wspolczesnej\/"},"wordCount":273,"publisher":{"@id":"https:\/\/nid.pl\/#organization"},"image":{"@id":"https:\/\/nid.pl\/2025\/12\/18\/seminarium-o-dobrach-kultury-wspolczesnej\/#primaryimage"},"thumbnailUrl":"https:\/\/nid.pl\/wp-content\/uploads\/2025\/12\/seminarium-o-dobrach-kultury-wspolczesnej_1.jpg","articleSection":["Aktualno\u015bci"],"inLanguage":"en-GB"},{"@type":"WebPage","@id":"https:\/\/nid.pl\/2025\/12\/18\/seminarium-o-dobrach-kultury-wspolczesnej\/","url":"https:\/\/nid.pl\/2025\/12\/18\/seminarium-o-dobrach-kultury-wspolczesnej\/","name":"Seminarium o dobrach kultury wsp\u00f3\u0142czesnej - NID","isPartOf":{"@id":"https:\/\/nid.pl\/#website"},"primaryImageOfPage":{"@id":"https:\/\/nid.pl\/2025\/12\/18\/seminarium-o-dobrach-kultury-wspolczesnej\/#primaryimage"},"image":{"@id":"https:\/\/nid.pl\/2025\/12\/18\/seminarium-o-dobrach-kultury-wspolczesnej\/#primaryimage"},"thumbnailUrl":"https:\/\/nid.pl\/wp-content\/uploads\/2025\/12\/seminarium-o-dobrach-kultury-wspolczesnej_1.jpg","datePublished":"2025-12-18T09:16:20+00:00","dateModified":"2025-12-18T09:18:16+00:00","breadcrumb":{"@id":"https:\/\/nid.pl\/2025\/12\/18\/seminarium-o-dobrach-kultury-wspolczesnej\/#breadcrumb"},"inLanguage":"en-GB","potentialAction":[{"@type":"ReadAction","target":["https:\/\/nid.pl\/2025\/12\/18\/seminarium-o-dobrach-kultury-wspolczesnej\/"]}]},{"@type":"ImageObject","inLanguage":"en-GB","@id":"https:\/\/nid.pl\/2025\/12\/18\/seminarium-o-dobrach-kultury-wspolczesnej\/#primaryimage","url":"https:\/\/nid.pl\/wp-content\/uploads\/2025\/12\/seminarium-o-dobrach-kultury-wspolczesnej_1.jpg","contentUrl":"https:\/\/nid.pl\/wp-content\/uploads\/2025\/12\/seminarium-o-dobrach-kultury-wspolczesnej_1.jpg","width":1200,"height":800,"caption":"Seminarium o dobrach kultury wsp\u00f3\u0142czesnej, fot. NID"},{"@type":"BreadcrumbList","@id":"https:\/\/nid.pl\/2025\/12\/18\/seminarium-o-dobrach-kultury-wspolczesnej\/#breadcrumb","itemListElement":[{"@type":"ListItem","position":1,"name":"Home","item":"https:\/\/nid.pl\/"},{"@type":"ListItem","position":2,"name":"Seminarium o dobrach kultury wsp\u00f3\u0142czesnej"}]},{"@type":"WebSite","@id":"https:\/\/nid.pl\/#website","url":"https:\/\/nid.pl\/","name":"NID","description":"Narodowy Instytut Dziedzictwa","publisher":{"@id":"https:\/\/nid.pl\/#organization"},"potentialAction":[{"@type":"SearchAction","target":{"@type":"EntryPoint","urlTemplate":"https:\/\/nid.pl\/?s={search_term_string}"},"query-input":{"@type":"PropertyValueSpecification","valueRequired":true,"valueName":"search_term_string"}}],"inLanguage":"en-GB"},{"@type":"Organization","@id":"https:\/\/nid.pl\/#organization","name":"Narodowy Instytut Dziedzictwa","url":"https:\/\/nid.pl\/","logo":{"@type":"ImageObject","inLanguage":"en-GB","@id":"https:\/\/nid.pl\/#\/schema\/logo\/image\/","url":"https:\/\/nid.pl\/wp-content\/uploads\/2022\/10\/logoRedDark.png","contentUrl":"https:\/\/nid.pl\/wp-content\/uploads\/2022\/10\/logoRedDark.png","width":200,"height":197,"caption":"Narodowy Instytut Dziedzictwa"},"image":{"@id":"https:\/\/nid.pl\/#\/schema\/logo\/image\/"},"sameAs":["https:\/\/www.facebook.com\/zabytek","https:\/\/x.com\/NarIDpl","https:\/\/www.instagram.com\/nid.pl\/?hl=pl","https:\/\/www.linkedin.com\/company\/narodowy-instytut-dziedzictwa","https:\/\/www.youtube.com\/channel\/UCQXuhKa2uHtmNvLRUSx40JA"]},{"@type":"Person","@id":"https:\/\/nid.pl\/#\/schema\/person\/9d848c4a54b78bc2a1461f1c5d8de615","name":"Marta Or\u0119ziak","image":{"@type":"ImageObject","inLanguage":"en-GB","@id":"https:\/\/nid.pl\/#\/schema\/person\/image\/","url":"https:\/\/nid.pl\/wp-content\/litespeed\/avatar\/3cdc296a7eb01425272974c992bee3ea.jpg?ver=1777445267","contentUrl":"https:\/\/nid.pl\/wp-content\/litespeed\/avatar\/3cdc296a7eb01425272974c992bee3ea.jpg?ver=1777445267","caption":"Marta Or\u0119ziak"},"url":"https:\/\/nid.pl\/en\/author\/moreziak\/"}]}},"_links":{"self":[{"href":"https:\/\/nid.pl\/en\/wp-json\/wp\/v2\/posts\/31109","targetHints":{"allow":["GET"]}}],"collection":[{"href":"https:\/\/nid.pl\/en\/wp-json\/wp\/v2\/posts"}],"about":[{"href":"https:\/\/nid.pl\/en\/wp-json\/wp\/v2\/types\/post"}],"author":[{"embeddable":true,"href":"https:\/\/nid.pl\/en\/wp-json\/wp\/v2\/users\/4"}],"replies":[{"embeddable":true,"href":"https:\/\/nid.pl\/en\/wp-json\/wp\/v2\/comments?post=31109"}],"version-history":[{"count":2,"href":"https:\/\/nid.pl\/en\/wp-json\/wp\/v2\/posts\/31109\/revisions"}],"predecessor-version":[{"id":31114,"href":"https:\/\/nid.pl\/en\/wp-json\/wp\/v2\/posts\/31109\/revisions\/31114"}],"wp:featuredmedia":[{"embeddable":true,"href":"https:\/\/nid.pl\/en\/wp-json\/wp\/v2\/media\/31111"}],"wp:attachment":[{"href":"https:\/\/nid.pl\/en\/wp-json\/wp\/v2\/media?parent=31109"}],"wp:term":[{"taxonomy":"category","embeddable":true,"href":"https:\/\/nid.pl\/en\/wp-json\/wp\/v2\/categories?post=31109"},{"taxonomy":"post_tag","embeddable":true,"href":"https:\/\/nid.pl\/en\/wp-json\/wp\/v2\/tags?post=31109"}],"curies":[{"name":"wp","href":"https:\/\/api.w.org\/{rel}","templated":true}]}}