{"id":31061,"date":"2025-12-10T15:08:12","date_gmt":"2025-12-10T14:08:12","guid":{"rendered":"https:\/\/nid.pl\/?p=31061"},"modified":"2025-12-12T08:53:06","modified_gmt":"2025-12-12T07:53:06","slug":"tradycje-plecionkarskie-unesco","status":"publish","type":"post","link":"https:\/\/nid.pl\/en\/2025\/12\/10\/tradycje-plecionkarskie-unesco\/","title":{"rendered":"Tradycje Plecionkarskie z Polski na Li\u015bcie reprezentatywnej niematerialnego dziedzictwa kulturowego ludzko\u015bci UNESCO"},"content":{"rendered":"<p class=\"has-medium-font-size\"><strong>Tradycje plecionkarskie, decyzj\u0105 z dnia 10 grudnia 2025 roku, podczas 20. Sesji Mi\u0119dzynarodowego Komitetu ds. Ochrony Niematerialnego Dziedzictwa Kulturowego UNESCO w New Dehli zosta\u0142y wpisane na List\u0119 Reprezentatywn\u0105 Niematerialnego Dziedzictwa Ludzko\u015bci.<\/strong> <strong>Podczas wydarzenia Narodowy Instytut Dziedzictwa reprezentowa\u0142a Agata Mucha.<\/strong><\/p>\n\n\n\n<p class=\"has-small-font-size\">Uj\u0119cie tradycji plecionkarskich na tej presti\u017cowej li\u015bcie otwiera nowe mo\u017cliwo\u015bci dla \u015brodowisk tw\u00f3rczych. Wpis oznacza szans\u0119 na rozw\u00f3j warsztat\u00f3w rzemie\u015blniczych, zwi\u0119kszenie rozpoznawalno\u015bci plecionkarstwa w kraju i za granic\u0105, a tak\u017ce w\u0142\u0105czanie tej \u017cywej tradycji w projekty edukacyjne, spo\u0142eczne i turystyczne. Wpis ma r\u00f3wnie\u017c znaczenie symboliczne &#8211; potwierdza wag\u0119 pracy rzemie\u015blnik\u00f3w, ich umiej\u0119tno\u015bci oraz wi\u0119zi z naturalnym \u015brodowiskiem, z kt\u00f3rego wywodz\u0105 si\u0119 materia\u0142y wykorzystywane w plecionkarstwie.<\/p>\n\n\n\n<p class=\"has-small-font-size\">Polskie tradycje plecionkarskie do\u0142\u0105czaj\u0105 tym samym do sze\u015bciu innych element\u00f3w z Polski, wpisanych wcze\u015bniej na List\u0119 UNESCO: szopkarstwa krakowskiego, kultury bartniczej, sokolnictwa, tworzenia dywan\u00f3w kwiatowych na Bo\u017ce Cia\u0142o, flisactwa oraz poloneza.<\/p>\n\n\n\n<blockquote class=\"wp-block-quote is-layout-flow wp-block-quote-is-layout-flow\">\n<p class=\"has-small-font-size\">Jako depozytariusz tradycji, chcia\u0142bym podzi\u0119kowa\u0107 wszystkim za ten wa\u017cny dla ca\u0142ej naszej spo\u0142eczno\u015bci wpis. Tradycje plecionkarskie to \u017cywe dziedzictwo &#8211; jestem tutaj z moim ojcem, kt\u00f3ry przekaza\u0142 mi t\u0105 wiedz\u0119 i zwi\u0105zane z ni\u0105 umiej\u0119tno\u015bci. Plecionkarstwo to co\u015b wi\u0119cej ni\u017c rzemios\u0142o, to spos\u00f3b na splatanie pokole\u0144 oraz \u017cycie w harmonii z natur\u0105. To ogromny zaszczyt reprezentowa\u0107 ca\u0142\u0105 wsp\u00f3lnot\u0119 z Polski, tutaj w New Dehli, kiedy nasze tradycje s\u0105 wpisywane na List\u0119 reprezentatywna niematerialnego dziedzictwa ludzko\u015bci \u2013 Maciej Pawlak, pan_plecionka, depozytariusz tradycji, mistrz plecionkarstwa.<\/p>\n<\/blockquote>\n\n\n\n<p class=\"has-small-font-size\">Plecionkarze s\u0105 dumni ze swojej tradycji i otwarci na turyst\u00f3w. W centrach polskiego plecionkarstwa wypracowano produkty turystyki zr\u00f3wnowa\u017conej, kt\u00f3ra promuje lokaln\u0105 kultur\u0119 i przyrod\u0119 przy poszanowaniu lokalnych zasob\u00f3w. W Nowym Tomy\u015blu od 1985 r. dzia\u0142a Muzeum Wikliniarstwa i Chmielarstwa, a od 2006 r. w Rudniku nad Sanem Centrum Wikliniarstwa. W obu plac\u00f3wkach prezentowane s\u0105 wyroby plecionkarskie, a w otoczeniu rozmieszczone s\u0105 artystyczne formy przestrzenne z wikliny. Organizowane s\u0105 warsztaty, prelekcje, plenery i wystawy. Uczestnicz\u0105 w nich osoby w r\u00f3\u017cnym wieku, gdy\u017c uznaj\u0105 t\u0119 umiej\u0119tno\u015b\u0107 za szczeg\u00f3lnie u\u017cyteczn\u0105 i praktyczn\u0105.<\/p>\n\n\n\n<p class=\"has-small-font-size\">W zapewnieniu \u017cywotno\u015bci kluczowe jest zaanga\u017cowanie m\u0142odego pokolenia. Przyk\u0142adem dobrej praktyki s\u0105 warsztaty nauki wyplatania koszy z wikliny podczas ekopiknik\u00f3w w Cisku, na kt\u00f3rych m\u0142odzie\u017c uczy si\u0119 wyplatania koszy. W 2016 r. w ramach projektu \u201eMistrz tradycji\u201d prowadzonego przez Stowarzyszenie \u201eSerfenta\u201d, mistrz Jan Zogata uczy\u0142 sztuki wyplatania z korzeni \u015bwierka. Aktualnie dost\u0119pne s\u0105 w Polsce kursy daj\u0105ce mo\u017cliwo\u015b\u0107 uzyskania kwalifikacji zawodowych w szko\u0142ach w \u0141owiczu i Jaworze. Wysoki poziom zapewniaj\u0105 dyplomowani mistrzowie, kt\u00f3rzy prowadz\u0105 nauk\u0119 w oparciu o autorskie programy. W Pa\u0144stwowym Liceum Sztuk Plastycznych im. J\u00f3zefa Che\u0142mo\u0144skiego w Na\u0142\u0119czowie wyploty z wikliny i innych materia\u0142\u00f3w wykorzystywane s\u0105 m.in. do projekt\u00f3w nowoczesnych mebli. Dobr\u0105 praktyk\u0119 stanowi organizowany co trzy lub cztery lata \u015awiatowy Festiwal Wikliny i Plecionkarstwa w Nowym Tomy\u015blu.<\/p>\n\n\n\n<figure class=\"wp-block-image aligncenter size-large is-resized\"><img loading=\"lazy\" decoding=\"async\" width=\"1024\" height=\"683\" src=\"https:\/\/nid.pl\/wp-content\/uploads\/2025\/12\/54975768733_40a557693b_k-1024x683.jpg\" alt=\"osoby uczestnicz\u0105ce w konferencji \" class=\"wp-image-31075\" style=\"aspect-ratio:1.4993026102302809;width:609px;height:auto\" srcset=\"https:\/\/nid.pl\/wp-content\/uploads\/2025\/12\/54975768733_40a557693b_k-980x653.jpg 980w, https:\/\/nid.pl\/wp-content\/uploads\/2025\/12\/54975768733_40a557693b_k-480x320.jpg 480w\" sizes=\"(min-width: 0px) and (max-width: 480px) 480px, (min-width: 481px) and (max-width: 980px) 980px, (min-width: 981px) 1024px, 100vw\" \/><figcaption class=\"wp-element-caption\">konferencja w New Delhi, fot. UNESCO Headquarters Paris<\/figcaption><\/figure>\n\n\n\n<h5 class=\"wp-block-heading has-text-color has-link-color has-small-font-size wp-elements-5dbccd1907e615f10bae634a1ae2d2ac\" style=\"color:#727272\"><strong>Tradycje plecionkarskie z Polski <\/strong><\/h5>\n\n\n\n<p class=\"has-small-font-size\">Plecionkarstwo to wiedza i umiej\u0119tno\u015bci dotycz\u0105ce obr\u00f3bki naturalnego surowca jakim jest wiklina, korze\u0144 czy s\u0142oma oraz r\u0119cznego wyplatania z niego przedmiot\u00f3w u\u017cytkowych i ozd\u00f3b. R\u0119ce konkretyzuj\u0105 dzie\u0142o, kt\u00f3re najpierw powstaj\u0105 w wyobra\u017ani plecionkarza na podstawie wiedzy, do\u015bwiadczenia. Tradycja wyr\u00f3\u017cnia si\u0119 r\u00f3\u017cnorodno\u015bci\u0105 form i styl\u00f3w wypracowanych przez kolejne pokolenia mistrz\u00f3w w wielu regionach Polski.<\/p>\n\n\n\n<p class=\"has-small-font-size\">Plecionkarstwo kultywowane jest w co najmniej 20 miejscach w ca\u0142ej Polsce. Cz\u0119\u015b\u0107 depozytariuszy zrzeszona jest w trzech og\u00f3lnopolskich organizacjach: Og\u00f3lnopolskim Stowarzyszeniu Plecionkarzy i Wikliniarzy z siedzib\u0105 w Nowym Tomy\u015blu, Stowarzyszeniu Polskich Plecionkarzy z siedzib\u0105 w Chrustach i Korporacji Wikliniarskiej \u201eRudnik\u201d w Rudniku nad Sanem.<\/p>\n\n\n\n<p class=\"has-small-font-size\">Plecionkarstwo w Polsce to dziedzictwo o niezwyk\u0142ej ci\u0105g\u0142o\u015bci. Si\u0119ga g\u0142\u0119boko w nasz\u0105 histori\u0119 \u2013 ukszta\u0142towan\u0105 przez rytm natury, \u017cycie na wsi, rzemios\u0142o i ludzk\u0105 kreatywno\u015b\u0107. Od pokole\u0144 plecionkarze przekszta\u0142caj\u0105 proste materia\u0142y naturalne w przedmioty u\u017cytkowe i ozdobne: kosze, pojemniki, naczynia i narz\u0119dzia niezb\u0119dne w \u017cyciu spo\u0142eczno\u015bci.<\/p>\n\n\n\n<blockquote class=\"wp-block-quote is-layout-flow wp-block-quote-is-layout-flow\">\n<p class=\"has-small-font-size\">Rzemios\u0142o to uosabia dwie trwa\u0142e warto\u015bci: umiej\u0119tno\u015bci ludzkich r\u0105k i harmoni\u0119 z naturalnym \u015brodowiskiem. Wiedza ta przekazywana jest na poziomie mistrz-ucze\u0144, od rodziny do spo\u0142eczno\u015bci \u2013 nie poprzez ksi\u0105\u017cki, ale poprzez wsp\u00f3lnie sp\u0119dzony czas, cierpliwo\u015b\u0107 i praktyk\u0119. Dzisiaj plecionkarstwo nadal kwitnie w Polsce &#8211; podczas swojej wypowiedzi w czasie obrad Komitetu podkre\u015bli\u0142a Agata Kurdziel, Zast\u0119pca Dyrektora, Departament Ochrony Zabytk\u00f3w.<\/p>\n<\/blockquote>\n\n\n\n<p class=\"has-small-font-size\"><strong><br><\/strong><\/p>\n\n\n\n<figure class=\"wp-block-image aligncenter size-large is-resized\"><img loading=\"lazy\" decoding=\"async\" width=\"1024\" height=\"768\" src=\"https:\/\/nid.pl\/wp-content\/uploads\/2025\/12\/PHOTO-2025-12-11-00-25-321-1024x768.jpg\" alt=\"osoby uczestnicz\u0105ce w konferencji\" class=\"wp-image-31066\" style=\"width:615px;height:auto\" srcset=\"https:\/\/nid.pl\/wp-content\/uploads\/2025\/12\/PHOTO-2025-12-11-00-25-321-980x735.jpg 980w, https:\/\/nid.pl\/wp-content\/uploads\/2025\/12\/PHOTO-2025-12-11-00-25-321-480x360.jpg 480w\" sizes=\"(min-width: 0px) and (max-width: 480px) 480px, (min-width: 481px) and (max-width: 980px) 980px, (min-width: 981px) 1024px, 100vw\" \/><figcaption class=\"wp-element-caption\">konferencja w New Delhi, fot. NID <\/figcaption><\/figure>","protected":false},"excerpt":{"rendered":"<p>Tradycje plecionkarskie, decyzj\u0105 z dnia 10 grudnia 2025 roku, podczas 20. Sesji Mi\u0119dzynarodowego Komitetu ds. Ochrony Niematerialnego Dziedzictwa Kulturowego UNESCO w New Dehli zosta\u0142y wpisane na List\u0119 Reprezentatywn\u0105 Niematerialnego Dziedzictwa [&hellip;]<\/p>","protected":false},"author":17,"featured_media":31064,"comment_status":"closed","ping_status":"closed","sticky":false,"template":"","format":"standard","meta":{"_et_pb_use_builder":"off","_et_pb_old_content":"","_et_gb_content_width":"","_monsterinsights_skip_tracking":false,"_monsterinsights_sitenote_active":false,"_monsterinsights_sitenote_note":"","_monsterinsights_sitenote_category":0,"footnotes":""},"categories":[3],"tags":[],"class_list":["post-31061","post","type-post","status-publish","format-standard","has-post-thumbnail","hentry","category-aktualnosci"],"yoast_head":"<!-- This site is optimized with the Yoast SEO plugin v26.5 - https:\/\/yoast.com\/wordpress\/plugins\/seo\/ -->\n<title>Tradycje Plecionkarskie z Polski na Li\u015bcie reprezentatywnej niematerialnego dziedzictwa kulturowego ludzko\u015bci UNESCO - NID<\/title>\n<meta name=\"robots\" content=\"index, follow, max-snippet:-1, max-image-preview:large, max-video-preview:-1\" \/>\n<link rel=\"canonical\" href=\"https:\/\/nid.pl\/en\/2025\/12\/10\/tradycje-plecionkarskie-unesco\/\" \/>\n<meta property=\"og:locale\" content=\"en_GB\" \/>\n<meta property=\"og:type\" content=\"article\" \/>\n<meta property=\"og:title\" content=\"Tradycje Plecionkarskie z Polski na Li\u015bcie reprezentatywnej niematerialnego dziedzictwa kulturowego ludzko\u015bci UNESCO - NID\" \/>\n<meta property=\"og:description\" content=\"Tradycje plecionkarskie, decyzj\u0105 z dnia 10 grudnia 2025 roku, podczas 20. Sesji Mi\u0119dzynarodowego Komitetu ds. Ochrony Niematerialnego Dziedzictwa Kulturowego UNESCO w New Dehli zosta\u0142y wpisane na List\u0119 Reprezentatywn\u0105 Niematerialnego Dziedzictwa [&hellip;]\" \/>\n<meta property=\"og:url\" content=\"https:\/\/nid.pl\/en\/2025\/12\/10\/tradycje-plecionkarskie-unesco\/\" \/>\n<meta property=\"og:site_name\" content=\"NID\" \/>\n<meta property=\"article:publisher\" content=\"https:\/\/www.facebook.com\/zabytek\" \/>\n<meta property=\"article:published_time\" content=\"2025-12-10T14:08:12+00:00\" \/>\n<meta property=\"article:modified_time\" content=\"2025-12-12T07:53:06+00:00\" \/>\n<meta property=\"og:image\" content=\"https:\/\/nid.pl\/wp-content\/uploads\/2025\/12\/miniatura-www-NID-glowny-13.jpg\" \/>\n\t<meta property=\"og:image:width\" content=\"1200\" \/>\n\t<meta property=\"og:image:height\" content=\"800\" \/>\n\t<meta property=\"og:image:type\" content=\"image\/jpeg\" \/>\n<meta name=\"author\" content=\"Magdalena Karpi\u0144ska\" \/>\n<meta name=\"twitter:card\" content=\"summary_large_image\" \/>\n<meta name=\"twitter:creator\" content=\"@NarIDpl\" \/>\n<meta name=\"twitter:site\" content=\"@NarIDpl\" \/>\n<meta name=\"twitter:label1\" content=\"Written by\" \/>\n\t<meta name=\"twitter:data1\" content=\"Magdalena Karpi\u0144ska\" \/>\n\t<meta name=\"twitter:label2\" content=\"Estimated reading time\" \/>\n\t<meta name=\"twitter:data2\" content=\"4 minutes\" \/>\n<script type=\"application\/ld+json\" class=\"yoast-schema-graph\">{\"@context\":\"https:\/\/schema.org\",\"@graph\":[{\"@type\":\"Article\",\"@id\":\"https:\/\/nid.pl\/2025\/12\/10\/tradycje-plecionkarskie-unesco\/#article\",\"isPartOf\":{\"@id\":\"https:\/\/nid.pl\/2025\/12\/10\/tradycje-plecionkarskie-unesco\/\"},\"author\":{\"name\":\"Magdalena Karpi\u0144ska\",\"@id\":\"https:\/\/nid.pl\/#\/schema\/person\/e4f08cf2d901574a0bf4bc5a724d3c45\"},\"headline\":\"Tradycje Plecionkarskie z Polski na Li\u015bcie reprezentatywnej niematerialnego dziedzictwa kulturowego ludzko\u015bci UNESCO\",\"datePublished\":\"2025-12-10T14:08:12+00:00\",\"dateModified\":\"2025-12-12T07:53:06+00:00\",\"mainEntityOfPage\":{\"@id\":\"https:\/\/nid.pl\/2025\/12\/10\/tradycje-plecionkarskie-unesco\/\"},\"wordCount\":786,\"publisher\":{\"@id\":\"https:\/\/nid.pl\/#organization\"},\"image\":{\"@id\":\"https:\/\/nid.pl\/2025\/12\/10\/tradycje-plecionkarskie-unesco\/#primaryimage\"},\"thumbnailUrl\":\"https:\/\/nid.pl\/wp-content\/uploads\/2025\/12\/miniatura-www-NID-glowny-13.jpg\",\"articleSection\":[\"Aktualno\u015bci\"],\"inLanguage\":\"en-GB\"},{\"@type\":\"WebPage\",\"@id\":\"https:\/\/nid.pl\/2025\/12\/10\/tradycje-plecionkarskie-unesco\/\",\"url\":\"https:\/\/nid.pl\/2025\/12\/10\/tradycje-plecionkarskie-unesco\/\",\"name\":\"Tradycje Plecionkarskie z Polski na Li\u015bcie reprezentatywnej niematerialnego dziedzictwa kulturowego ludzko\u015bci UNESCO - NID\",\"isPartOf\":{\"@id\":\"https:\/\/nid.pl\/#website\"},\"primaryImageOfPage\":{\"@id\":\"https:\/\/nid.pl\/2025\/12\/10\/tradycje-plecionkarskie-unesco\/#primaryimage\"},\"image\":{\"@id\":\"https:\/\/nid.pl\/2025\/12\/10\/tradycje-plecionkarskie-unesco\/#primaryimage\"},\"thumbnailUrl\":\"https:\/\/nid.pl\/wp-content\/uploads\/2025\/12\/miniatura-www-NID-glowny-13.jpg\",\"datePublished\":\"2025-12-10T14:08:12+00:00\",\"dateModified\":\"2025-12-12T07:53:06+00:00\",\"breadcrumb\":{\"@id\":\"https:\/\/nid.pl\/2025\/12\/10\/tradycje-plecionkarskie-unesco\/#breadcrumb\"},\"inLanguage\":\"en-GB\",\"potentialAction\":[{\"@type\":\"ReadAction\",\"target\":[\"https:\/\/nid.pl\/2025\/12\/10\/tradycje-plecionkarskie-unesco\/\"]}]},{\"@type\":\"ImageObject\",\"inLanguage\":\"en-GB\",\"@id\":\"https:\/\/nid.pl\/2025\/12\/10\/tradycje-plecionkarskie-unesco\/#primaryimage\",\"url\":\"https:\/\/nid.pl\/wp-content\/uploads\/2025\/12\/miniatura-www-NID-glowny-13.jpg\",\"contentUrl\":\"https:\/\/nid.pl\/wp-content\/uploads\/2025\/12\/miniatura-www-NID-glowny-13.jpg\",\"width\":1200,\"height\":800,\"caption\":\"osoby uczestnicz\u0105ce w konferencji\"},{\"@type\":\"BreadcrumbList\",\"@id\":\"https:\/\/nid.pl\/2025\/12\/10\/tradycje-plecionkarskie-unesco\/#breadcrumb\",\"itemListElement\":[{\"@type\":\"ListItem\",\"position\":1,\"name\":\"Home\",\"item\":\"https:\/\/nid.pl\/\"},{\"@type\":\"ListItem\",\"position\":2,\"name\":\"Tradycje Plecionkarskie z Polski na Li\u015bcie reprezentatywnej niematerialnego dziedzictwa kulturowego ludzko\u015bci UNESCO\"}]},{\"@type\":\"WebSite\",\"@id\":\"https:\/\/nid.pl\/#website\",\"url\":\"https:\/\/nid.pl\/\",\"name\":\"NID\",\"description\":\"Narodowy Instytut Dziedzictwa\",\"publisher\":{\"@id\":\"https:\/\/nid.pl\/#organization\"},\"potentialAction\":[{\"@type\":\"SearchAction\",\"target\":{\"@type\":\"EntryPoint\",\"urlTemplate\":\"https:\/\/nid.pl\/?s={search_term_string}\"},\"query-input\":{\"@type\":\"PropertyValueSpecification\",\"valueRequired\":true,\"valueName\":\"search_term_string\"}}],\"inLanguage\":\"en-GB\"},{\"@type\":\"Organization\",\"@id\":\"https:\/\/nid.pl\/#organization\",\"name\":\"Narodowy Instytut Dziedzictwa\",\"url\":\"https:\/\/nid.pl\/\",\"logo\":{\"@type\":\"ImageObject\",\"inLanguage\":\"en-GB\",\"@id\":\"https:\/\/nid.pl\/#\/schema\/logo\/image\/\",\"url\":\"https:\/\/nid.pl\/wp-content\/uploads\/2022\/10\/logoRedDark.png\",\"contentUrl\":\"https:\/\/nid.pl\/wp-content\/uploads\/2022\/10\/logoRedDark.png\",\"width\":200,\"height\":197,\"caption\":\"Narodowy Instytut Dziedzictwa\"},\"image\":{\"@id\":\"https:\/\/nid.pl\/#\/schema\/logo\/image\/\"},\"sameAs\":[\"https:\/\/www.facebook.com\/zabytek\",\"https:\/\/x.com\/NarIDpl\",\"https:\/\/www.instagram.com\/nid.pl\/?hl=pl\",\"https:\/\/www.linkedin.com\/company\/narodowy-instytut-dziedzictwa\",\"https:\/\/www.youtube.com\/channel\/UCQXuhKa2uHtmNvLRUSx40JA\"]},{\"@type\":\"Person\",\"@id\":\"https:\/\/nid.pl\/#\/schema\/person\/e4f08cf2d901574a0bf4bc5a724d3c45\",\"name\":\"Magdalena Karpi\u0144ska\",\"image\":{\"@type\":\"ImageObject\",\"inLanguage\":\"en-GB\",\"@id\":\"https:\/\/nid.pl\/#\/schema\/person\/image\/\",\"url\":\"https:\/\/nid.pl\/wp-content\/litespeed\/avatar\/d642095868062d0e7a0dbc29a5e0400e.jpg?ver=1777281167\",\"contentUrl\":\"https:\/\/nid.pl\/wp-content\/litespeed\/avatar\/d642095868062d0e7a0dbc29a5e0400e.jpg?ver=1777281167\",\"caption\":\"Magdalena Karpi\u0144ska\"},\"url\":\"https:\/\/nid.pl\/en\/author\/mkarpinska\/\"}]}<\/script>\n<!-- \/ Yoast SEO plugin. -->","yoast_head_json":{"title":"Tradycje Plecionkarskie z Polski na Li\u015bcie reprezentatywnej niematerialnego dziedzictwa kulturowego ludzko\u015bci UNESCO - NID","robots":{"index":"index","follow":"follow","max-snippet":"max-snippet:-1","max-image-preview":"max-image-preview:large","max-video-preview":"max-video-preview:-1"},"canonical":"https:\/\/nid.pl\/en\/2025\/12\/10\/tradycje-plecionkarskie-unesco\/","og_locale":"en_GB","og_type":"article","og_title":"Tradycje Plecionkarskie z Polski na Li\u015bcie reprezentatywnej niematerialnego dziedzictwa kulturowego ludzko\u015bci UNESCO - NID","og_description":"Tradycje plecionkarskie, decyzj\u0105 z dnia 10 grudnia 2025 roku, podczas 20. Sesji Mi\u0119dzynarodowego Komitetu ds. Ochrony Niematerialnego Dziedzictwa Kulturowego UNESCO w New Dehli zosta\u0142y wpisane na List\u0119 Reprezentatywn\u0105 Niematerialnego Dziedzictwa [&hellip;]","og_url":"https:\/\/nid.pl\/en\/2025\/12\/10\/tradycje-plecionkarskie-unesco\/","og_site_name":"NID","article_publisher":"https:\/\/www.facebook.com\/zabytek","article_published_time":"2025-12-10T14:08:12+00:00","article_modified_time":"2025-12-12T07:53:06+00:00","og_image":[{"width":1200,"height":800,"url":"https:\/\/nid.pl\/wp-content\/uploads\/2025\/12\/miniatura-www-NID-glowny-13.jpg","type":"image\/jpeg"}],"author":"Magdalena Karpi\u0144ska","twitter_card":"summary_large_image","twitter_creator":"@NarIDpl","twitter_site":"@NarIDpl","twitter_misc":{"Written by":"Magdalena Karpi\u0144ska","Estimated reading time":"4 minutes"},"schema":{"@context":"https:\/\/schema.org","@graph":[{"@type":"Article","@id":"https:\/\/nid.pl\/2025\/12\/10\/tradycje-plecionkarskie-unesco\/#article","isPartOf":{"@id":"https:\/\/nid.pl\/2025\/12\/10\/tradycje-plecionkarskie-unesco\/"},"author":{"name":"Magdalena Karpi\u0144ska","@id":"https:\/\/nid.pl\/#\/schema\/person\/e4f08cf2d901574a0bf4bc5a724d3c45"},"headline":"Tradycje Plecionkarskie z Polski na Li\u015bcie reprezentatywnej niematerialnego dziedzictwa kulturowego ludzko\u015bci UNESCO","datePublished":"2025-12-10T14:08:12+00:00","dateModified":"2025-12-12T07:53:06+00:00","mainEntityOfPage":{"@id":"https:\/\/nid.pl\/2025\/12\/10\/tradycje-plecionkarskie-unesco\/"},"wordCount":786,"publisher":{"@id":"https:\/\/nid.pl\/#organization"},"image":{"@id":"https:\/\/nid.pl\/2025\/12\/10\/tradycje-plecionkarskie-unesco\/#primaryimage"},"thumbnailUrl":"https:\/\/nid.pl\/wp-content\/uploads\/2025\/12\/miniatura-www-NID-glowny-13.jpg","articleSection":["Aktualno\u015bci"],"inLanguage":"en-GB"},{"@type":"WebPage","@id":"https:\/\/nid.pl\/2025\/12\/10\/tradycje-plecionkarskie-unesco\/","url":"https:\/\/nid.pl\/2025\/12\/10\/tradycje-plecionkarskie-unesco\/","name":"Tradycje Plecionkarskie z Polski na Li\u015bcie reprezentatywnej niematerialnego dziedzictwa kulturowego ludzko\u015bci UNESCO - NID","isPartOf":{"@id":"https:\/\/nid.pl\/#website"},"primaryImageOfPage":{"@id":"https:\/\/nid.pl\/2025\/12\/10\/tradycje-plecionkarskie-unesco\/#primaryimage"},"image":{"@id":"https:\/\/nid.pl\/2025\/12\/10\/tradycje-plecionkarskie-unesco\/#primaryimage"},"thumbnailUrl":"https:\/\/nid.pl\/wp-content\/uploads\/2025\/12\/miniatura-www-NID-glowny-13.jpg","datePublished":"2025-12-10T14:08:12+00:00","dateModified":"2025-12-12T07:53:06+00:00","breadcrumb":{"@id":"https:\/\/nid.pl\/2025\/12\/10\/tradycje-plecionkarskie-unesco\/#breadcrumb"},"inLanguage":"en-GB","potentialAction":[{"@type":"ReadAction","target":["https:\/\/nid.pl\/2025\/12\/10\/tradycje-plecionkarskie-unesco\/"]}]},{"@type":"ImageObject","inLanguage":"en-GB","@id":"https:\/\/nid.pl\/2025\/12\/10\/tradycje-plecionkarskie-unesco\/#primaryimage","url":"https:\/\/nid.pl\/wp-content\/uploads\/2025\/12\/miniatura-www-NID-glowny-13.jpg","contentUrl":"https:\/\/nid.pl\/wp-content\/uploads\/2025\/12\/miniatura-www-NID-glowny-13.jpg","width":1200,"height":800,"caption":"osoby uczestnicz\u0105ce w konferencji"},{"@type":"BreadcrumbList","@id":"https:\/\/nid.pl\/2025\/12\/10\/tradycje-plecionkarskie-unesco\/#breadcrumb","itemListElement":[{"@type":"ListItem","position":1,"name":"Home","item":"https:\/\/nid.pl\/"},{"@type":"ListItem","position":2,"name":"Tradycje Plecionkarskie z Polski na Li\u015bcie reprezentatywnej niematerialnego dziedzictwa kulturowego ludzko\u015bci UNESCO"}]},{"@type":"WebSite","@id":"https:\/\/nid.pl\/#website","url":"https:\/\/nid.pl\/","name":"NID","description":"Narodowy Instytut Dziedzictwa","publisher":{"@id":"https:\/\/nid.pl\/#organization"},"potentialAction":[{"@type":"SearchAction","target":{"@type":"EntryPoint","urlTemplate":"https:\/\/nid.pl\/?s={search_term_string}"},"query-input":{"@type":"PropertyValueSpecification","valueRequired":true,"valueName":"search_term_string"}}],"inLanguage":"en-GB"},{"@type":"Organization","@id":"https:\/\/nid.pl\/#organization","name":"Narodowy Instytut Dziedzictwa","url":"https:\/\/nid.pl\/","logo":{"@type":"ImageObject","inLanguage":"en-GB","@id":"https:\/\/nid.pl\/#\/schema\/logo\/image\/","url":"https:\/\/nid.pl\/wp-content\/uploads\/2022\/10\/logoRedDark.png","contentUrl":"https:\/\/nid.pl\/wp-content\/uploads\/2022\/10\/logoRedDark.png","width":200,"height":197,"caption":"Narodowy Instytut Dziedzictwa"},"image":{"@id":"https:\/\/nid.pl\/#\/schema\/logo\/image\/"},"sameAs":["https:\/\/www.facebook.com\/zabytek","https:\/\/x.com\/NarIDpl","https:\/\/www.instagram.com\/nid.pl\/?hl=pl","https:\/\/www.linkedin.com\/company\/narodowy-instytut-dziedzictwa","https:\/\/www.youtube.com\/channel\/UCQXuhKa2uHtmNvLRUSx40JA"]},{"@type":"Person","@id":"https:\/\/nid.pl\/#\/schema\/person\/e4f08cf2d901574a0bf4bc5a724d3c45","name":"Magdalena Karpi\u0144ska","image":{"@type":"ImageObject","inLanguage":"en-GB","@id":"https:\/\/nid.pl\/#\/schema\/person\/image\/","url":"https:\/\/nid.pl\/wp-content\/litespeed\/avatar\/d642095868062d0e7a0dbc29a5e0400e.jpg?ver=1777281167","contentUrl":"https:\/\/nid.pl\/wp-content\/litespeed\/avatar\/d642095868062d0e7a0dbc29a5e0400e.jpg?ver=1777281167","caption":"Magdalena Karpi\u0144ska"},"url":"https:\/\/nid.pl\/en\/author\/mkarpinska\/"}]}},"_links":{"self":[{"href":"https:\/\/nid.pl\/en\/wp-json\/wp\/v2\/posts\/31061","targetHints":{"allow":["GET"]}}],"collection":[{"href":"https:\/\/nid.pl\/en\/wp-json\/wp\/v2\/posts"}],"about":[{"href":"https:\/\/nid.pl\/en\/wp-json\/wp\/v2\/types\/post"}],"author":[{"embeddable":true,"href":"https:\/\/nid.pl\/en\/wp-json\/wp\/v2\/users\/17"}],"replies":[{"embeddable":true,"href":"https:\/\/nid.pl\/en\/wp-json\/wp\/v2\/comments?post=31061"}],"version-history":[{"count":5,"href":"https:\/\/nid.pl\/en\/wp-json\/wp\/v2\/posts\/31061\/revisions"}],"predecessor-version":[{"id":31077,"href":"https:\/\/nid.pl\/en\/wp-json\/wp\/v2\/posts\/31061\/revisions\/31077"}],"wp:featuredmedia":[{"embeddable":true,"href":"https:\/\/nid.pl\/en\/wp-json\/wp\/v2\/media\/31064"}],"wp:attachment":[{"href":"https:\/\/nid.pl\/en\/wp-json\/wp\/v2\/media?parent=31061"}],"wp:term":[{"taxonomy":"category","embeddable":true,"href":"https:\/\/nid.pl\/en\/wp-json\/wp\/v2\/categories?post=31061"},{"taxonomy":"post_tag","embeddable":true,"href":"https:\/\/nid.pl\/en\/wp-json\/wp\/v2\/tags?post=31061"}],"curies":[{"name":"wp","href":"https:\/\/api.w.org\/{rel}","templated":true}]}}