{"id":30861,"date":"2025-12-04T15:39:23","date_gmt":"2025-12-04T14:39:23","guid":{"rendered":"https:\/\/nid.pl\/?p=30861"},"modified":"2025-12-05T16:18:44","modified_gmt":"2025-12-05T15:18:44","slug":"3-edycja-miedzynarodowej-konferencji-ether-za-nami","status":"publish","type":"post","link":"https:\/\/nid.pl\/en\/2025\/12\/04\/3-edycja-miedzynarodowej-konferencji-ether-za-nami\/","title":{"rendered":"3. edycja Mi\u0119dzynarodowej Konferencji ETHER \u2013 Eternal Heritage \/ Wieczne Dziedzictwo za nami"},"content":{"rendered":"<p><strong>W Muzeum Historii \u017byd\u00f3w Polskich POLIN w Warszawie zako\u0144czy\u0142a si\u0119 3. edycja Mi\u0119dzynarodowej Konferencji ETHER \u2013 Eternal Heritage \/ Wieczne Dziedzictwo, kt\u00f3ra w dniach 3-4 grudnia 2025 roku zgromadzi\u0142a przedstawicieli nauki, instytucji kultury, administracji publicznej, bran\u017c technologicznych i sektora kreatywnego.<\/strong><\/p>\n\n\n\n<p>Podsekretarz stanu w #MKiDN S\u0142awomir Rogowski podkre\u015bli\u0142, \u017ce Mi\u0119dzynarodowa Konferencja ETHER \u2013 Eternal Heritage \/ Wieczne Dziedzictwo sta\u0142a si\u0119 w przeci\u0105gu ostatnich lat jednym z najwa\u017cniejszych for\u00f3w wymiany do\u015bwiadcze\u0144 dotycz\u0105cych digitalizacji i nowych technologii w ochronie dziedzictwa.<\/p>\n\n\n\n<blockquote class=\"wp-block-quote is-layout-flow wp-block-quote-is-layout-flow\">\n<p>\u201eCiesz\u0119 si\u0119, \u017ce mo\u017cemy kontynuowa\u0107 t\u0119 inicjatyw\u0119, kt\u00f3ra nie tylko integruje \u015brodowiska zaanga\u017cowane w ochron\u0119, dokumentacj\u0119, popularyzacj\u0119 dziedzictwa w Polsce, lecz tak\u017ce przyci\u0105ga przedstawicieli instytucji mi\u0119dzynarodowych. ETHER tworzy wyj\u0105tkow\u0105 przestrze\u0144 budowania relacji, nawi\u0105zywania partnerstw i zacie\u015bniania wsp\u00f3\u0142pracy ponad granicami. Wsp\u00f3\u0142pracy, kt\u00f3ra jest kluczem do odpowiedzialnej i nowoczesnej ochrony dziedzictwa\u201d \u2013 powiedzia\u0142.<\/p>\n<\/blockquote>\n\n\n\n<p>Doda\u0142, \u017ce szczeg\u00f3ln\u0105 rol\u0119 w tej wsp\u00f3\u0142pracy odgrywa m.in. Narodowy Instytut Dziedzictwa, kt\u00f3ry pe\u0142ni funkcj\u0119 Centrum Kompetencji ds. digitalizacji zabytk\u00f3w.<\/p>\n\n\n\n<blockquote class=\"wp-block-quote is-layout-flow wp-block-quote-is-layout-flow\">\n<p>\u201eTo w\u0142a\u015bnie NID, kontynuuj\u0105c dorobek Krajowego O\u015brodka Bada\u0144 i Dokumentacji Zabytk\u00f3w, od ponad dw\u00f3ch dekad buduje w Polsce solidne podstawy dokumentacji. Wyznacza standardy, tworzy zasoby cyfrowe, rozwija metody obrazowania i pomiar\u00f3w oraz koordynuje procesy digitalizacyjne, wspieraj\u0105ce zachowanie dziedzictwa kulturowego\u201d \u2013 podkre\u015bli\u0142 podsekretarz stanu w MKiDN S\u0142awomir Rogowski.<\/p>\n<\/blockquote>\n\n\n\n<p>Dyrektorka Narodowego Instytutu Dziedzictwa Marlena Happach zaznaczy\u0142a, \u017ce konferencja od pocz\u0105tku tworzona by\u0142a jako miejsce integracji \u015brodowisk zajmuj\u0105cych si\u0119 dokumentacj\u0105, badaniami, ochron\u0105 i popularyzacj\u0105 dziedzictwa kulturowego oraz budowania mi\u0119dzynarodowej wsp\u00f3\u0142pracy opartej na wsp\u00f3lnych standardach i wymianie zasob\u00f3w.<\/p>\n\n\n\n<blockquote class=\"wp-block-quote is-layout-flow wp-block-quote-is-layout-flow\">\n<p>\u201eWierz\u0119, \u017ce ta konferencja b\u0119dzie dla nas wszystkich przestrzeni\u0105 otwart\u0105 i tw\u00f3rcz\u0105 \u2013 okazj\u0105 do rozm\u00f3w, kt\u00f3re prowadz\u0105 do wsp\u00f3\u0142pracy; do spotka\u0144, kt\u00f3re przeradzaj\u0105 si\u0119 w projekty; i do refleksji, kt\u00f3ra pozwala patrze\u0107 na dziedzictwo z nowej perspektywy\u201d \u2013 powiedzia\u0142a.<\/p>\n<\/blockquote>\n\n\n\n<p>Zast\u0119pca dyrektorki Narodowego Instytutu Dziedzictwa Karol Czajkowski zwr\u00f3ci\u0142 uwag\u0119 na rosn\u0105c\u0105 rol\u0119 technologii w dzia\u0142aniach zwi\u0105zanych z dokumentacj\u0105 dziedzictwa.<\/p>\n\n\n\n<blockquote class=\"wp-block-quote is-layout-flow wp-block-quote-is-layout-flow\">\n<p>\u201eDziedzictwo jest naszym \u015bwiatem. Zanim zaczniemy o nim opowiada\u0107, musimy je dok\u0142adnie opisa\u0107 i udokumentowa\u0107, a w tych dzia\u0142aniach technologia jest naszym sprzymierze\u0144cem. Digitalizacja czyni \u017ar\u00f3d\u0142a niezniszczalnymi replikami i otwiera przed nami zupe\u0142nie nowe mo\u017cliwo\u015bci badawcze\u201d \u2013 podkre\u015bli\u0142.<\/p>\n<\/blockquote>\n\n\n\n<p>Podczas 3. edycji konferencji ETHER, odby\u0142a si\u0119 uroczysto\u015b\u0107 wr\u0119czenia odznak honorowych \u201eZas\u0142u\u017cony dla Kultury Polskiej\u201d. W imieniu Ministry Kultury i Dziedzictwa Narodowego Marty Cienkowskiej dekoracji dokona\u0142 podsekretarz stanu S\u0142awomir Rogowski.<\/p>\n\n\n\n<p>Odznaczenia otrzymali: zast\u0119pca dyrektorki Narodowego Instytutu Dziedzictwa Karol Czajkowski oraz kierownik Dzia\u0142u Digitalizacji NID Ryszard Zimek. Wyr\u00f3\u017cnienia stanowi\u0105 uznanie dla ich wk\u0142adu w rozw\u00f3j nowoczesnych metod dokumentowania i ochrony dziedzictwa kulturowego oraz aktywne dzia\u0142ania na rzecz upowszechniania wiedzy o kulturze. Gratulujemy!<\/p>\n\n\n\n<p>Podczas tegorocznej edycji zaprezentowano projekty dotycz\u0105ce tr\u00f3jwymiarowego modelowania w muzeach, dokumentowania architektury zabytkowej, bada\u0144 archeologicznych, analiz konserwatorskich oraz zaawansowanej digitalizacji wielkich kolekcji. Eksperci podkre\u015blali rosn\u0105ce znaczenie jako\u015bci danych i roli standard\u00f3w, kt\u00f3re wp\u0142ywaj\u0105 na dalszy rozw\u00f3j cyfrowych metod ochrony zabytk\u00f3w. Szczeg\u00f3ln\u0105 uwag\u0119 zwr\u00f3cono r\u00f3wnie\u017c na potencja\u0142 technologii immersyjnych, VR i nowych form narracji cyfrowych, umo\u017cliwiaj\u0105cych reinterpretacj\u0119 historii i udost\u0119pnianie jej szerokiemu gronu odbiorc\u00f3w.<\/p>\n\n\n\n<p>Wa\u017cnym elementem wydarzenia by\u0142y tak\u017ce rozmowy o wsp\u00f3\u0142pracy bran\u017c kreatywnych z instytucjami dziedzictwa. Prelegenci omawiali m.in. rol\u0119 gier komputerowych, filmu, animacji i projektowania cyfrowego w budowaniu nowoczesnych opowie\u015bci o kulturze, a tak\u017ce ich znaczenie jako narz\u0119dzi popularyzacji to\u017csamo\u015bci i historii w globalnym obiegu.<\/p>\n\n\n\n<p>Integraln\u0105 cz\u0119\u015bci\u0105 konferencji by\u0142y warsztaty digitalizacyjne prowadzone przez ekspert\u00f3w pracuj\u0105cych zgodnie z mi\u0119dzynarodowymi standardami. Uczestnicy pracowali na profesjonalnych stanowiskach digitalizacyjnych, ucz\u0105c si\u0119 tworzenia wysokiej jako\u015bci odwzorowa\u0144 p\u0142askich obiekt\u00f3w oraz pracy z materia\u0142ami refleksyjnymi i transparentnymi zgodnie z mi\u0119dzynarodowymi standardami FADGI, Metamorfoze i ISO 19264. Drugi modu\u0142 warsztatowy pozwoli\u0142 im zdoby\u0107 praktyczne do\u015bwiadczenie w technikach tilt\/shift, regule Scheimpfluga i \u0142\u0105czeniu obraz\u00f3w cz\u0105stkowych, co umo\u017cliwi\u0142o tworzenie cyfrowych reprodukcji o wyj\u0105tkowej g\u0142\u0119bi ostro\u015bci i wysokiej rozdzielczo\u015bci.<\/p>\n\n\n\n<p>Konferencja ETHER 2025 ponownie potwierdzi\u0142a, \u017ce przysz\u0142o\u015b\u0107 ochrony dziedzictwa, zar\u00f3wno materialnego, jak i cyfrowego, wymaga wsp\u00f3\u0142pracy mi\u0119dzy instytucjami publicznymi, o\u015brodkami naukowymi i tw\u00f3rcami.<\/p>\n\n\n\n<p><\/p>\n\n\n\n<p><\/p>\n\n\n\n<p>Organizatorem wydarzenia jest Narodowy Instytut Dziedzictwa, a wsp\u00f3\u0142organizatorami s\u0105 Muzeum Historii \u017byd\u00f3w Polskich POLIN oraz Narodowe Centrum Kultury.<\/p>\n\n\n\n<p>Konferencja zosta\u0142a obj\u0119ta honorowym patronatem Ministra Kultury i Dziedzictwa Narodowego oraz Polskiego Komitetu do spraw UNESCO. Partnerem wydarzenia jest Instytut Polonika.<\/p>\n\n\n\n<p>Patronami medialnymi konferencji s\u0105 TVP 3, TVP Kultura, Dw\u00f3jka \u2013 Program 2 Polskiego Radia, CD-Action, Artinfo.<br><br>Organizacja Mi\u0119dzynarodowej Konferencji ETHER \u2013 Eternal Heritage \/ Wieczne Dziedzictwo zosta\u0142a dofinansowana ze \u015brodk\u00f3w Ministra Kultury i Dziedzictwa Narodowego, w ramach realizacji zadania \u201eDofinansowanie dzia\u0142alno\u015bci Centrum Kompetencji ds. digitalizacji zabytk\u00f3w\u201d.<\/p>\n\n\n\n<p><\/p>\n\n\n\n<div class=\"wp-block-divi-layout\">[et_pb_section fb_built=&#8221;1&#8243; _builder_version=&#8221;4.27.4&#8243; _module_preset=&#8221;default&#8221; global_colors_info=&#8221;{}&#8221;][et_pb_row _builder_version=&#8221;4.27.4&#8243; _module_preset=&#8221;default&#8221; hover_transition_duration=&#8221;550ms&#8221; global_colors_info=&#8221;{}&#8221;][et_pb_column type=&#8221;4_4&#8243; _builder_version=&#8221;4.27.4&#8243; _module_preset=&#8221;default&#8221; global_colors_info=&#8221;{}&#8221;][et_pb_gallery gallery_ids=&#8221;30825,30826,30831,30832,30837,30840,30841,30843,30847,30848,30849,30850,30851,30852,30853,30854,30855,30856,30858,30859,30892,30893,30894,30895,30896&#8243; fullwidth=&#8221;on&#8221; _builder_version=&#8221;4.27.4&#8243; _module_preset=&#8221;default&#8221; animation_style=&#8221;slide&#8221; animation_duration=&#8221;0ms&#8221; animation_intensity_slide=&#8221;0%&#8221; animation_starting_opacity=&#8221;50%&#8221; animation_speed_curve=&#8221;ease&#8221; animation_repeat=&#8221;loop&#8221; auto=&#8221;on&#8221; auto_speed=&#8221;1500&#8243; hover_transition_speed_curve=&#8221;ease-in-out&#8221; hover_enabled=&#8221;0&#8243; global_colors_info=&#8221;{}&#8221; sticky_enabled=&#8221;0&#8243;][\/et_pb_gallery][\/et_pb_column][\/et_pb_row][\/et_pb_section]<\/div>","protected":false},"excerpt":{"rendered":"<p>W Muzeum Historii \u017byd\u00f3w Polskich POLIN w Warszawie zako\u0144czy\u0142a si\u0119 3. edycja Mi\u0119dzynarodowej Konferencji ETHER \u2013 Eternal Heritage \/ Wieczne Dziedzictwo, kt\u00f3ra w dniach 3-4 grudnia 2025 roku zgromadzi\u0142a przedstawicieli [&hellip;]<\/p>","protected":false},"author":7,"featured_media":30860,"comment_status":"closed","ping_status":"closed","sticky":false,"template":"","format":"standard","meta":{"_et_pb_use_builder":"off","_et_pb_old_content":"<!-- wp:paragraph -->\n<p><strong>W Muzeum Historii \u017byd\u00f3w Polskich POLIN w Warszawie zako\u0144czy\u0142a si\u0119 3. edycja Mi\u0119dzynarodowej Konferencji ETHER \u2013 Eternal Heritage \/ Wieczne Dziedzictwo, kt\u00f3ra w dniach 3-4 grudnia 2025 roku zgromadzi\u0142a przedstawicieli nauki, instytucji kultury, administracji publicznej, bran\u017c technologicznych i sektora kreatywnego.<\/strong><\/p>\n<!-- \/wp:paragraph -->\n\n<!-- wp:paragraph -->\n<p>Podsekretarz stanu w #MKiDN S\u0142awomir Rogowski podkre\u015bli\u0142, \u017ce Mi\u0119dzynarodowa Konferencja ETHER \u2013 Eternal Heritage \/ Wieczne Dziedzictwo sta\u0142a si\u0119 w przeci\u0105gu ostatnich lat jednym z najwa\u017cniejszych for\u00f3w wymiany do\u015bwiadcze\u0144 dotycz\u0105cych digitalizacji i nowych technologii w ochronie dziedzictwa.<\/p>\n<!-- \/wp:paragraph -->\n\n<!-- wp:quote -->\n<blockquote class=\"wp-block-quote\"><!-- wp:paragraph -->\n<p>\u201eCiesz\u0119 si\u0119, \u017ce mo\u017cemy kontynuowa\u0107 t\u0119 inicjatyw\u0119, kt\u00f3ra nie tylko integruje \u015brodowiska zaanga\u017cowane w ochron\u0119, dokumentacj\u0119, popularyzacj\u0119 dziedzictwa w Polsce, lecz tak\u017ce przyci\u0105ga przedstawicieli instytucji mi\u0119dzynarodowych. ETHER tworzy wyj\u0105tkow\u0105 przestrze\u0144 budowania relacji, nawi\u0105zywania partnerstw i zacie\u015bniania wsp\u00f3\u0142pracy ponad granicami. Wsp\u00f3\u0142pracy, kt\u00f3ra jest kluczem do odpowiedzialnej i nowoczesnej ochrony dziedzictwa\u201d \u2013 powiedzia\u0142.<\/p>\n<!-- \/wp:paragraph --><\/blockquote>\n<!-- \/wp:quote -->\n\n<!-- wp:paragraph -->\n<p>Doda\u0142, \u017ce szczeg\u00f3ln\u0105 rol\u0119 w tej wsp\u00f3\u0142pracy odgrywa m.in. Narodowy Instytut Dziedzictwa, kt\u00f3ry pe\u0142ni funkcj\u0119 Centrum Kompetencji ds. digitalizacji zabytk\u00f3w.<\/p>\n<!-- \/wp:paragraph -->\n\n<!-- wp:quote -->\n<blockquote class=\"wp-block-quote\"><!-- wp:paragraph -->\n<p>\u201eTo w\u0142a\u015bnie NID, kontynuuj\u0105c dorobek Krajowego O\u015brodka Bada\u0144 i Dokumentacji Zabytk\u00f3w, od ponad dw\u00f3ch dekad buduje w Polsce solidne podstawy dokumentacji. Wyznacza standardy, tworzy zasoby cyfrowe, rozwija metody obrazowania i pomiar\u00f3w oraz koordynuje procesy digitalizacyjne, wspieraj\u0105ce zachowanie dziedzictwa kulturowego\u201d \u2013 podkre\u015bli\u0142 podsekretarz stanu w MKiDN S\u0142awomir Rogowski.<\/p>\n<!-- \/wp:paragraph --><\/blockquote>\n<!-- \/wp:quote -->\n\n<!-- wp:paragraph -->\n<p>Dyrektorka Narodowego Instytutu Dziedzictwa Marlena Happach zaznaczy\u0142a, \u017ce konferencja od pocz\u0105tku tworzona by\u0142a jako miejsce integracji \u015brodowisk zajmuj\u0105cych si\u0119 dokumentacj\u0105, badaniami, ochron\u0105 i popularyzacj\u0105 dziedzictwa kulturowego oraz budowania mi\u0119dzynarodowej wsp\u00f3\u0142pracy opartej na wsp\u00f3lnych standardach i wymianie zasob\u00f3w.<\/p>\n<!-- \/wp:paragraph -->\n\n<!-- wp:quote -->\n<blockquote class=\"wp-block-quote\"><!-- wp:paragraph -->\n<p>\u201eWierz\u0119, \u017ce ta konferencja b\u0119dzie dla nas wszystkich przestrzeni\u0105 otwart\u0105 i tw\u00f3rcz\u0105 \u2013 okazj\u0105 do rozm\u00f3w, kt\u00f3re prowadz\u0105 do wsp\u00f3\u0142pracy; do spotka\u0144, kt\u00f3re przeradzaj\u0105 si\u0119 w projekty; i do refleksji, kt\u00f3ra pozwala patrze\u0107 na dziedzictwo z nowej perspektywy\u201d \u2013 powiedzia\u0142a.<\/p>\n<!-- \/wp:paragraph --><\/blockquote>\n<!-- \/wp:quote -->\n\n<!-- wp:paragraph -->\n<p>Zast\u0119pca dyrektorki Narodowego Instytutu Dziedzictwa Karol Czajkowski zwr\u00f3ci\u0142 uwag\u0119 na rosn\u0105c\u0105 rol\u0119 technologii w dzia\u0142aniach zwi\u0105zanych z dokumentacj\u0105 dziedzictwa.<\/p>\n<!-- \/wp:paragraph -->\n\n<!-- wp:quote -->\n<blockquote class=\"wp-block-quote\"><!-- wp:paragraph -->\n<p>\u201eDziedzictwo jest naszym \u015bwiatem. Zanim zaczniemy o nim opowiada\u0107, musimy je dok\u0142adnie opisa\u0107 i udokumentowa\u0107, a w tych dzia\u0142aniach technologia jest naszym sprzymierze\u0144cem. Digitalizacja czyni \u017ar\u00f3d\u0142a niezniszczalnymi replikami i otwiera przed nami zupe\u0142nie nowe mo\u017cliwo\u015bci badawcze\u201d \u2013 podkre\u015bli\u0142.<\/p>\n<!-- \/wp:paragraph --><\/blockquote>\n<!-- \/wp:quote -->\n\n<!-- wp:paragraph -->\n<p>Podczas 3. edycji konferencji ETHER, odby\u0142a si\u0119 uroczysto\u015b\u0107 wr\u0119czenia odznak honorowych \u201eZas\u0142u\u017cony dla Kultury Polskiej\u201d. W imieniu Ministry Kultury i Dziedzictwa Narodowego Marty Cienkowskiej dekoracji dokona\u0142 podsekretarz stanu S\u0142awomir Rogowski.<\/p>\n<!-- \/wp:paragraph -->\n\n<!-- wp:paragraph -->\n<p>Odznaczenia otrzymali: zast\u0119pca dyrektorki Narodowego Instytutu Dziedzictwa Karol Czajkowski oraz kierownik Dzia\u0142u Digitalizacji NID Ryszard Zimek. Wyr\u00f3\u017cnienia stanowi\u0105 uznanie dla ich wk\u0142adu w rozw\u00f3j nowoczesnych metod dokumentowania i ochrony dziedzictwa kulturowego oraz aktywne dzia\u0142ania na rzecz upowszechniania wiedzy o kulturze.<\/p>\n<!-- \/wp:paragraph -->\n\n<!-- wp:paragraph -->\n<p>Podczas tegorocznej edycji zaprezentowano projekty dotycz\u0105ce tr\u00f3jwymiarowego modelowania w muzeach, dokumentowania architektury zabytkowej, bada\u0144 archeologicznych, analiz konserwatorskich oraz zaawansowanej digitalizacji wielkich kolekcji. Eksperci podkre\u015blali rosn\u0105ce znaczenie jako\u015bci danych i roli standard\u00f3w, kt\u00f3re wp\u0142ywaj\u0105 na dalszy rozw\u00f3j cyfrowych metod ochrony zabytk\u00f3w. Szczeg\u00f3ln\u0105 uwag\u0119 zwr\u00f3cono r\u00f3wnie\u017c na potencja\u0142 technologii immersyjnych, VR i nowych form narracji cyfrowych, umo\u017cliwiaj\u0105cych reinterpretacj\u0119 historii i udost\u0119pnianie jej szerokiemu gronu odbiorc\u00f3w.<\/p>\n<!-- \/wp:paragraph -->\n\n<!-- wp:paragraph -->\n<p>Wa\u017cnym elementem wydarzenia by\u0142y tak\u017ce rozmowy o wsp\u00f3\u0142pracy bran\u017c kreatywnych z instytucjami dziedzictwa. Prelegenci omawiali m.in. rol\u0119 gier komputerowych, filmu, animacji i projektowania cyfrowego w budowaniu nowoczesnych opowie\u015bci o kulturze, a tak\u017ce ich znaczenie jako narz\u0119dzi popularyzacji to\u017csamo\u015bci i historii w globalnym obiegu.<\/p>\n<!-- \/wp:paragraph -->\n\n<!-- wp:paragraph -->\n<p>Integraln\u0105 cz\u0119\u015bci\u0105 konferencji by\u0142y warsztaty digitalizacyjne prowadzone przez ekspert\u00f3w pracuj\u0105cych zgodnie z mi\u0119dzynarodowymi standardami. Uczestnicy pracowali na profesjonalnych stanowiskach digitalizacyjnych, ucz\u0105c si\u0119 tworzenia wysokiej jako\u015bci odwzorowa\u0144 p\u0142askich obiekt\u00f3w oraz pracy z materia\u0142ami refleksyjnymi i transparentnymi zgodnie z mi\u0119dzynarodowymi standardami FADGI, Metamorfoze i ISO 19264. Drugi modu\u0142 warsztatowy pozwoli\u0142 im zdoby\u0107 praktyczne do\u015bwiadczenie w technikach tilt\/shift, regule Scheimpfluga i \u0142\u0105czeniu obraz\u00f3w cz\u0105stkowych, co umo\u017cliwi\u0142o tworzenie cyfrowych reprodukcji o wyj\u0105tkowej g\u0142\u0119bi ostro\u015bci i wysokiej rozdzielczo\u015bci.<\/p>\n<!-- \/wp:paragraph -->\n\n<!-- wp:paragraph -->\n<p>Konferencja ETHER 2025 ponownie potwierdzi\u0142a, \u017ce przysz\u0142o\u015b\u0107 ochrony dziedzictwa, zar\u00f3wno materialnego, jak i cyfrowego, wymaga wsp\u00f3\u0142pracy mi\u0119dzy instytucjami publicznymi, o\u015brodkami naukowymi i tw\u00f3rcami.<\/p>\n<!-- \/wp:paragraph -->\n\n<!-- wp:paragraph -->\n<p><\/p>\n<!-- \/wp:paragraph -->\n\n<!-- wp:paragraph -->\n<p><\/p>\n<!-- \/wp:paragraph -->\n\n<!-- wp:paragraph -->\n<p>Organizatorem wydarzenia jest Narodowy Instytut Dziedzictwa, a wsp\u00f3\u0142organizatorami s\u0105 Muzeum Historii \u017byd\u00f3w Polskich POLIN oraz Narodowe Centrum Kultury.<\/p>\n<!-- \/wp:paragraph -->\n\n<!-- wp:paragraph -->\n<p>Konferencja zosta\u0142a obj\u0119ta honorowym patronatem Ministra Kultury i Dziedzictwa Narodowego oraz Polskiego Komitetu do spraw UNESCO. Partnerem wydarzenia jest Instytut Polonika.<\/p>\n<!-- \/wp:paragraph -->\n\n<!-- wp:paragraph -->\n<p>Patronami medialnymi konferencji s\u0105 TVP 3, TVP Kultura, Dw\u00f3jka \u2013 Program 2 Polskiego Radia, CD-Action, Artinfo.<br><br>Organizacja Mi\u0119dzynarodowej Konferencji ETHER \u2013 Eternal Heritage \/ Wieczne Dziedzictwo zosta\u0142a dofinansowana ze \u015brodk\u00f3w Ministra Kultury i Dziedzictwa Narodowego, w ramach realizacji zadania \u201eDofinansowanie dzia\u0142alno\u015bci Centrum Kompetencji ds. digitalizacji zabytk\u00f3w\u201d.<\/p>\n<!-- \/wp:paragraph -->\n\n<!-- wp:paragraph -->\n<p><\/p>\n<!-- \/wp:paragraph -->\n\n<!-- wp:divi\/layout -->\n<div class=\"wp-block-divi-layout\">[et_pb_section admin_label=\"section\"][et_pb_row admin_label=\"row\"][\/et_pb_row][\/et_pb_section]<\/div>\n<!-- \/wp:divi\/layout -->","_et_gb_content_width":"","_monsterinsights_skip_tracking":false,"_monsterinsights_sitenote_active":false,"_monsterinsights_sitenote_note":"","_monsterinsights_sitenote_category":0,"footnotes":""},"categories":[3,124],"tags":[],"class_list":["post-30861","post","type-post","status-publish","format-standard","has-post-thumbnail","hentry","category-aktualnosci","category-ether"],"yoast_head":"<!-- This site is optimized with the Yoast SEO plugin v26.5 - https:\/\/yoast.com\/wordpress\/plugins\/seo\/ -->\n<title>3. edycja Mi\u0119dzynarodowej Konferencji ETHER \u2013 Eternal Heritage \/ Wieczne Dziedzictwo za nami - NID<\/title>\n<meta name=\"robots\" content=\"index, follow, max-snippet:-1, max-image-preview:large, max-video-preview:-1\" \/>\n<link rel=\"canonical\" href=\"https:\/\/nid.pl\/en\/2025\/12\/04\/3-edycja-miedzynarodowej-konferencji-ether-za-nami\/\" \/>\n<meta property=\"og:locale\" content=\"en_GB\" \/>\n<meta property=\"og:type\" content=\"article\" \/>\n<meta property=\"og:title\" content=\"3. edycja Mi\u0119dzynarodowej Konferencji ETHER \u2013 Eternal Heritage \/ Wieczne Dziedzictwo za nami - NID\" \/>\n<meta property=\"og:description\" content=\"W Muzeum Historii \u017byd\u00f3w Polskich POLIN w Warszawie zako\u0144czy\u0142a si\u0119 3. edycja Mi\u0119dzynarodowej Konferencji ETHER \u2013 Eternal Heritage \/ Wieczne Dziedzictwo, kt\u00f3ra w dniach 3-4 grudnia 2025 roku zgromadzi\u0142a przedstawicieli [&hellip;]\" \/>\n<meta property=\"og:url\" content=\"https:\/\/nid.pl\/en\/2025\/12\/04\/3-edycja-miedzynarodowej-konferencji-ether-za-nami\/\" \/>\n<meta property=\"og:site_name\" content=\"NID\" \/>\n<meta property=\"article:publisher\" content=\"https:\/\/www.facebook.com\/zabytek\" \/>\n<meta property=\"article:published_time\" content=\"2025-12-04T14:39:23+00:00\" \/>\n<meta property=\"article:modified_time\" content=\"2025-12-05T15:18:44+00:00\" \/>\n<meta property=\"og:image\" content=\"https:\/\/nid.pl\/wp-content\/uploads\/2025\/12\/ETHER-2025-miniatura.jpg\" \/>\n\t<meta property=\"og:image:width\" content=\"1850\" \/>\n\t<meta property=\"og:image:height\" content=\"1238\" \/>\n\t<meta property=\"og:image:type\" content=\"image\/jpeg\" \/>\n<meta name=\"author\" content=\"Barbara Halliop\" \/>\n<meta name=\"twitter:card\" content=\"summary_large_image\" \/>\n<meta name=\"twitter:creator\" content=\"@NarIDpl\" \/>\n<meta name=\"twitter:site\" content=\"@NarIDpl\" \/>\n<meta name=\"twitter:label1\" content=\"Written by\" \/>\n\t<meta name=\"twitter:data1\" content=\"Barbara Halliop\" \/>\n\t<meta name=\"twitter:label2\" content=\"Estimated reading time\" \/>\n\t<meta name=\"twitter:data2\" content=\"4 minutes\" \/>\n<script type=\"application\/ld+json\" class=\"yoast-schema-graph\">{\"@context\":\"https:\/\/schema.org\",\"@graph\":[{\"@type\":\"Article\",\"@id\":\"https:\/\/nid.pl\/2025\/12\/04\/3-edycja-miedzynarodowej-konferencji-ether-za-nami\/#article\",\"isPartOf\":{\"@id\":\"https:\/\/nid.pl\/2025\/12\/04\/3-edycja-miedzynarodowej-konferencji-ether-za-nami\/\"},\"author\":{\"name\":\"Barbara Halliop\",\"@id\":\"https:\/\/nid.pl\/#\/schema\/person\/1b690a8998a5111cfb9f0ffe24195a15\"},\"headline\":\"3. edycja Mi\u0119dzynarodowej Konferencji ETHER \u2013 Eternal Heritage \/ Wieczne Dziedzictwo za nami\",\"datePublished\":\"2025-12-04T14:39:23+00:00\",\"dateModified\":\"2025-12-05T15:18:44+00:00\",\"mainEntityOfPage\":{\"@id\":\"https:\/\/nid.pl\/2025\/12\/04\/3-edycja-miedzynarodowej-konferencji-ether-za-nami\/\"},\"wordCount\":928,\"publisher\":{\"@id\":\"https:\/\/nid.pl\/#organization\"},\"image\":{\"@id\":\"https:\/\/nid.pl\/2025\/12\/04\/3-edycja-miedzynarodowej-konferencji-ether-za-nami\/#primaryimage\"},\"thumbnailUrl\":\"https:\/\/nid.pl\/wp-content\/uploads\/2025\/12\/ETHER-2025-miniatura.jpg\",\"articleSection\":[\"Aktualno\u015bci\",\"ETHER\"],\"inLanguage\":\"en-GB\"},{\"@type\":\"WebPage\",\"@id\":\"https:\/\/nid.pl\/2025\/12\/04\/3-edycja-miedzynarodowej-konferencji-ether-za-nami\/\",\"url\":\"https:\/\/nid.pl\/2025\/12\/04\/3-edycja-miedzynarodowej-konferencji-ether-za-nami\/\",\"name\":\"3. edycja Mi\u0119dzynarodowej Konferencji ETHER \u2013 Eternal Heritage \/ Wieczne Dziedzictwo za nami - NID\",\"isPartOf\":{\"@id\":\"https:\/\/nid.pl\/#website\"},\"primaryImageOfPage\":{\"@id\":\"https:\/\/nid.pl\/2025\/12\/04\/3-edycja-miedzynarodowej-konferencji-ether-za-nami\/#primaryimage\"},\"image\":{\"@id\":\"https:\/\/nid.pl\/2025\/12\/04\/3-edycja-miedzynarodowej-konferencji-ether-za-nami\/#primaryimage\"},\"thumbnailUrl\":\"https:\/\/nid.pl\/wp-content\/uploads\/2025\/12\/ETHER-2025-miniatura.jpg\",\"datePublished\":\"2025-12-04T14:39:23+00:00\",\"dateModified\":\"2025-12-05T15:18:44+00:00\",\"breadcrumb\":{\"@id\":\"https:\/\/nid.pl\/2025\/12\/04\/3-edycja-miedzynarodowej-konferencji-ether-za-nami\/#breadcrumb\"},\"inLanguage\":\"en-GB\",\"potentialAction\":[{\"@type\":\"ReadAction\",\"target\":[\"https:\/\/nid.pl\/2025\/12\/04\/3-edycja-miedzynarodowej-konferencji-ether-za-nami\/\"]}]},{\"@type\":\"ImageObject\",\"inLanguage\":\"en-GB\",\"@id\":\"https:\/\/nid.pl\/2025\/12\/04\/3-edycja-miedzynarodowej-konferencji-ether-za-nami\/#primaryimage\",\"url\":\"https:\/\/nid.pl\/wp-content\/uploads\/2025\/12\/ETHER-2025-miniatura.jpg\",\"contentUrl\":\"https:\/\/nid.pl\/wp-content\/uploads\/2025\/12\/ETHER-2025-miniatura.jpg\",\"width\":1850,\"height\":1238,\"caption\":\"uczestnicy mi\u0119dzynarodowej konferencji ether 2025\"},{\"@type\":\"BreadcrumbList\",\"@id\":\"https:\/\/nid.pl\/2025\/12\/04\/3-edycja-miedzynarodowej-konferencji-ether-za-nami\/#breadcrumb\",\"itemListElement\":[{\"@type\":\"ListItem\",\"position\":1,\"name\":\"Home\",\"item\":\"https:\/\/nid.pl\/\"},{\"@type\":\"ListItem\",\"position\":2,\"name\":\"3. edycja Mi\u0119dzynarodowej Konferencji ETHER \u2013 Eternal Heritage \/ Wieczne Dziedzictwo za nami\"}]},{\"@type\":\"WebSite\",\"@id\":\"https:\/\/nid.pl\/#website\",\"url\":\"https:\/\/nid.pl\/\",\"name\":\"NID\",\"description\":\"Narodowy Instytut Dziedzictwa\",\"publisher\":{\"@id\":\"https:\/\/nid.pl\/#organization\"},\"potentialAction\":[{\"@type\":\"SearchAction\",\"target\":{\"@type\":\"EntryPoint\",\"urlTemplate\":\"https:\/\/nid.pl\/?s={search_term_string}\"},\"query-input\":{\"@type\":\"PropertyValueSpecification\",\"valueRequired\":true,\"valueName\":\"search_term_string\"}}],\"inLanguage\":\"en-GB\"},{\"@type\":\"Organization\",\"@id\":\"https:\/\/nid.pl\/#organization\",\"name\":\"Narodowy Instytut Dziedzictwa\",\"url\":\"https:\/\/nid.pl\/\",\"logo\":{\"@type\":\"ImageObject\",\"inLanguage\":\"en-GB\",\"@id\":\"https:\/\/nid.pl\/#\/schema\/logo\/image\/\",\"url\":\"https:\/\/nid.pl\/wp-content\/uploads\/2022\/10\/logoRedDark.png\",\"contentUrl\":\"https:\/\/nid.pl\/wp-content\/uploads\/2022\/10\/logoRedDark.png\",\"width\":200,\"height\":197,\"caption\":\"Narodowy Instytut Dziedzictwa\"},\"image\":{\"@id\":\"https:\/\/nid.pl\/#\/schema\/logo\/image\/\"},\"sameAs\":[\"https:\/\/www.facebook.com\/zabytek\",\"https:\/\/x.com\/NarIDpl\",\"https:\/\/www.instagram.com\/nid.pl\/?hl=pl\",\"https:\/\/www.linkedin.com\/company\/narodowy-instytut-dziedzictwa\",\"https:\/\/www.youtube.com\/channel\/UCQXuhKa2uHtmNvLRUSx40JA\"]},{\"@type\":\"Person\",\"@id\":\"https:\/\/nid.pl\/#\/schema\/person\/1b690a8998a5111cfb9f0ffe24195a15\",\"name\":\"Barbara Halliop\",\"image\":{\"@type\":\"ImageObject\",\"inLanguage\":\"en-GB\",\"@id\":\"https:\/\/nid.pl\/#\/schema\/person\/image\/\",\"url\":\"https:\/\/nid.pl\/wp-content\/litespeed\/avatar\/924046d17dd0c842c9fa9ccf489bc6dc.jpg?ver=1776840122\",\"contentUrl\":\"https:\/\/nid.pl\/wp-content\/litespeed\/avatar\/924046d17dd0c842c9fa9ccf489bc6dc.jpg?ver=1776840122\",\"caption\":\"Barbara Halliop\"},\"url\":\"https:\/\/nid.pl\/en\/author\/bhalliop\/\"}]}<\/script>\n<!-- \/ Yoast SEO plugin. -->","yoast_head_json":{"title":"3. edycja Mi\u0119dzynarodowej Konferencji ETHER \u2013 Eternal Heritage \/ Wieczne Dziedzictwo za nami - NID","robots":{"index":"index","follow":"follow","max-snippet":"max-snippet:-1","max-image-preview":"max-image-preview:large","max-video-preview":"max-video-preview:-1"},"canonical":"https:\/\/nid.pl\/en\/2025\/12\/04\/3-edycja-miedzynarodowej-konferencji-ether-za-nami\/","og_locale":"en_GB","og_type":"article","og_title":"3. edycja Mi\u0119dzynarodowej Konferencji ETHER \u2013 Eternal Heritage \/ Wieczne Dziedzictwo za nami - NID","og_description":"W Muzeum Historii \u017byd\u00f3w Polskich POLIN w Warszawie zako\u0144czy\u0142a si\u0119 3. edycja Mi\u0119dzynarodowej Konferencji ETHER \u2013 Eternal Heritage \/ Wieczne Dziedzictwo, kt\u00f3ra w dniach 3-4 grudnia 2025 roku zgromadzi\u0142a przedstawicieli [&hellip;]","og_url":"https:\/\/nid.pl\/en\/2025\/12\/04\/3-edycja-miedzynarodowej-konferencji-ether-za-nami\/","og_site_name":"NID","article_publisher":"https:\/\/www.facebook.com\/zabytek","article_published_time":"2025-12-04T14:39:23+00:00","article_modified_time":"2025-12-05T15:18:44+00:00","og_image":[{"width":1850,"height":1238,"url":"https:\/\/nid.pl\/wp-content\/uploads\/2025\/12\/ETHER-2025-miniatura.jpg","type":"image\/jpeg"}],"author":"Barbara Halliop","twitter_card":"summary_large_image","twitter_creator":"@NarIDpl","twitter_site":"@NarIDpl","twitter_misc":{"Written by":"Barbara Halliop","Estimated reading time":"4 minutes"},"schema":{"@context":"https:\/\/schema.org","@graph":[{"@type":"Article","@id":"https:\/\/nid.pl\/2025\/12\/04\/3-edycja-miedzynarodowej-konferencji-ether-za-nami\/#article","isPartOf":{"@id":"https:\/\/nid.pl\/2025\/12\/04\/3-edycja-miedzynarodowej-konferencji-ether-za-nami\/"},"author":{"name":"Barbara Halliop","@id":"https:\/\/nid.pl\/#\/schema\/person\/1b690a8998a5111cfb9f0ffe24195a15"},"headline":"3. edycja Mi\u0119dzynarodowej Konferencji ETHER \u2013 Eternal Heritage \/ Wieczne Dziedzictwo za nami","datePublished":"2025-12-04T14:39:23+00:00","dateModified":"2025-12-05T15:18:44+00:00","mainEntityOfPage":{"@id":"https:\/\/nid.pl\/2025\/12\/04\/3-edycja-miedzynarodowej-konferencji-ether-za-nami\/"},"wordCount":928,"publisher":{"@id":"https:\/\/nid.pl\/#organization"},"image":{"@id":"https:\/\/nid.pl\/2025\/12\/04\/3-edycja-miedzynarodowej-konferencji-ether-za-nami\/#primaryimage"},"thumbnailUrl":"https:\/\/nid.pl\/wp-content\/uploads\/2025\/12\/ETHER-2025-miniatura.jpg","articleSection":["Aktualno\u015bci","ETHER"],"inLanguage":"en-GB"},{"@type":"WebPage","@id":"https:\/\/nid.pl\/2025\/12\/04\/3-edycja-miedzynarodowej-konferencji-ether-za-nami\/","url":"https:\/\/nid.pl\/2025\/12\/04\/3-edycja-miedzynarodowej-konferencji-ether-za-nami\/","name":"3. edycja Mi\u0119dzynarodowej Konferencji ETHER \u2013 Eternal Heritage \/ Wieczne Dziedzictwo za nami - NID","isPartOf":{"@id":"https:\/\/nid.pl\/#website"},"primaryImageOfPage":{"@id":"https:\/\/nid.pl\/2025\/12\/04\/3-edycja-miedzynarodowej-konferencji-ether-za-nami\/#primaryimage"},"image":{"@id":"https:\/\/nid.pl\/2025\/12\/04\/3-edycja-miedzynarodowej-konferencji-ether-za-nami\/#primaryimage"},"thumbnailUrl":"https:\/\/nid.pl\/wp-content\/uploads\/2025\/12\/ETHER-2025-miniatura.jpg","datePublished":"2025-12-04T14:39:23+00:00","dateModified":"2025-12-05T15:18:44+00:00","breadcrumb":{"@id":"https:\/\/nid.pl\/2025\/12\/04\/3-edycja-miedzynarodowej-konferencji-ether-za-nami\/#breadcrumb"},"inLanguage":"en-GB","potentialAction":[{"@type":"ReadAction","target":["https:\/\/nid.pl\/2025\/12\/04\/3-edycja-miedzynarodowej-konferencji-ether-za-nami\/"]}]},{"@type":"ImageObject","inLanguage":"en-GB","@id":"https:\/\/nid.pl\/2025\/12\/04\/3-edycja-miedzynarodowej-konferencji-ether-za-nami\/#primaryimage","url":"https:\/\/nid.pl\/wp-content\/uploads\/2025\/12\/ETHER-2025-miniatura.jpg","contentUrl":"https:\/\/nid.pl\/wp-content\/uploads\/2025\/12\/ETHER-2025-miniatura.jpg","width":1850,"height":1238,"caption":"uczestnicy mi\u0119dzynarodowej konferencji ether 2025"},{"@type":"BreadcrumbList","@id":"https:\/\/nid.pl\/2025\/12\/04\/3-edycja-miedzynarodowej-konferencji-ether-za-nami\/#breadcrumb","itemListElement":[{"@type":"ListItem","position":1,"name":"Home","item":"https:\/\/nid.pl\/"},{"@type":"ListItem","position":2,"name":"3. edycja Mi\u0119dzynarodowej Konferencji ETHER \u2013 Eternal Heritage \/ Wieczne Dziedzictwo za nami"}]},{"@type":"WebSite","@id":"https:\/\/nid.pl\/#website","url":"https:\/\/nid.pl\/","name":"NID","description":"Narodowy Instytut Dziedzictwa","publisher":{"@id":"https:\/\/nid.pl\/#organization"},"potentialAction":[{"@type":"SearchAction","target":{"@type":"EntryPoint","urlTemplate":"https:\/\/nid.pl\/?s={search_term_string}"},"query-input":{"@type":"PropertyValueSpecification","valueRequired":true,"valueName":"search_term_string"}}],"inLanguage":"en-GB"},{"@type":"Organization","@id":"https:\/\/nid.pl\/#organization","name":"Narodowy Instytut Dziedzictwa","url":"https:\/\/nid.pl\/","logo":{"@type":"ImageObject","inLanguage":"en-GB","@id":"https:\/\/nid.pl\/#\/schema\/logo\/image\/","url":"https:\/\/nid.pl\/wp-content\/uploads\/2022\/10\/logoRedDark.png","contentUrl":"https:\/\/nid.pl\/wp-content\/uploads\/2022\/10\/logoRedDark.png","width":200,"height":197,"caption":"Narodowy Instytut Dziedzictwa"},"image":{"@id":"https:\/\/nid.pl\/#\/schema\/logo\/image\/"},"sameAs":["https:\/\/www.facebook.com\/zabytek","https:\/\/x.com\/NarIDpl","https:\/\/www.instagram.com\/nid.pl\/?hl=pl","https:\/\/www.linkedin.com\/company\/narodowy-instytut-dziedzictwa","https:\/\/www.youtube.com\/channel\/UCQXuhKa2uHtmNvLRUSx40JA"]},{"@type":"Person","@id":"https:\/\/nid.pl\/#\/schema\/person\/1b690a8998a5111cfb9f0ffe24195a15","name":"Barbara Halliop","image":{"@type":"ImageObject","inLanguage":"en-GB","@id":"https:\/\/nid.pl\/#\/schema\/person\/image\/","url":"https:\/\/nid.pl\/wp-content\/litespeed\/avatar\/924046d17dd0c842c9fa9ccf489bc6dc.jpg?ver=1776840122","contentUrl":"https:\/\/nid.pl\/wp-content\/litespeed\/avatar\/924046d17dd0c842c9fa9ccf489bc6dc.jpg?ver=1776840122","caption":"Barbara Halliop"},"url":"https:\/\/nid.pl\/en\/author\/bhalliop\/"}]}},"_links":{"self":[{"href":"https:\/\/nid.pl\/en\/wp-json\/wp\/v2\/posts\/30861","targetHints":{"allow":["GET"]}}],"collection":[{"href":"https:\/\/nid.pl\/en\/wp-json\/wp\/v2\/posts"}],"about":[{"href":"https:\/\/nid.pl\/en\/wp-json\/wp\/v2\/types\/post"}],"author":[{"embeddable":true,"href":"https:\/\/nid.pl\/en\/wp-json\/wp\/v2\/users\/7"}],"replies":[{"embeddable":true,"href":"https:\/\/nid.pl\/en\/wp-json\/wp\/v2\/comments?post=30861"}],"version-history":[{"count":0,"href":"https:\/\/nid.pl\/en\/wp-json\/wp\/v2\/posts\/30861\/revisions"}],"wp:featuredmedia":[{"embeddable":true,"href":"https:\/\/nid.pl\/en\/wp-json\/wp\/v2\/media\/30860"}],"wp:attachment":[{"href":"https:\/\/nid.pl\/en\/wp-json\/wp\/v2\/media?parent=30861"}],"wp:term":[{"taxonomy":"category","embeddable":true,"href":"https:\/\/nid.pl\/en\/wp-json\/wp\/v2\/categories?post=30861"},{"taxonomy":"post_tag","embeddable":true,"href":"https:\/\/nid.pl\/en\/wp-json\/wp\/v2\/tags?post=30861"}],"curies":[{"name":"wp","href":"https:\/\/api.w.org\/{rel}","templated":true}]}}