{"id":30743,"date":"2025-11-26T15:36:40","date_gmt":"2025-11-26T14:36:40","guid":{"rendered":"https:\/\/nid.pl\/?p=30743"},"modified":"2025-11-26T15:51:57","modified_gmt":"2025-11-26T14:51:57","slug":"patronat-mikstackie-seminarium","status":"publish","type":"post","link":"https:\/\/nid.pl\/en\/2025\/11\/26\/patronat-mikstackie-seminarium\/","title":{"rendered":"I Mikstackie Seminarium o Niematerialnym Dziedzictwie Kulturowym"},"content":{"rendered":"<p><strong>W Diecezjalnym Sanktuarium \u015bw. Rocha w Mikstacie, miejscu o ponad trzystuletniej tradycji uroczysto\u015bci odpustowych ze s\u0142ynnym obrz\u0119dem b\u0142ogos\u0142awie\u0144stwa zwierz\u0105t, 19 listopada odby\u0142o si\u0119 I Mikstackie Seminarium o Niematerialnym Dziedzictwie Kulturowym. Seminarium zorganizowano z okazji 10. rocznicy wpisania tej unikalnej tradycji na Krajow\u0105 list\u0119 niematerialnego dziedzictwa kulturowego. Patronat honorowy nad wydarzeniem obj\u0105\u0142 Narodowy Instytut Dziedzictwa.<\/strong><\/p>\n\n\n\n<p>W seminarium wzi\u0119li udzia\u0142 prelegenci, kt\u00f3rzy podj\u0119li wa\u017cne kwestie dotycz\u0105ce etycznego udzia\u0142u zwierz\u0105t w niematerialnym dziedzictwie, zwracaj\u0105c szczeg\u00f3ln\u0105 uwag\u0119 na dobrostan i relacje mi\u0119dzygatunkowe. Dr hab. Katarzyna Smyk z Uniwersytetu Marii Curie-Sk\u0142odowskiej w Lublinie, om\u00f3wi\u0142a zasady wynikaj\u0105ce z konwencji UNESCO oraz podkre\u015bli\u0142a znaczenie lokalnej wsp\u00f3lnoty w ocenie i zachowaniu dziedzictwa. Dr hab. Magdalena Zi\u00f3\u0142kowska z Uniwersytetu im. Adama Mickiewicza w Poznaniu, wskaza\u0142a na odpowiedzialno\u015b\u0107 UNESCO i prawo zwierz\u0105t do ochrony przed cierpieniem. Dr Karolina Echaust, kierownik Centrum Dziedzictwa Kulturowego i Kulinarnego Powiatu Pozna\u0144skiego, analizowa\u0142a wsp\u00f3\u0142bytowanie ludzi i zwierz\u0105t w obrz\u0119dach mikstackich, podkre\u015blaj\u0105c ich rosn\u0105ce znaczenie spo\u0142eczne oraz zmiany, jakie zachodz\u0105 w tradycji.<\/p>\n\n\n\n<p>Wa\u017cnym g\u0142osem by\u0142a te\u017c prezentacja Andrzeja Szoszkiewicza, prezesa Stowarzyszenia LOT \u201eSzlak Niematerialnego Dziedzictwa Kulturowego w Polsce\u201d, podkre\u015blaj\u0105ca wsp\u00f3\u0142prac\u0119 jako warunek skutecznej ochrony i promocji dziedzictwa oraz wzbogacenie oferty turystyki kulturowej w Polsce.<br>Ks. Krzysztof Ordziniak zaprezentowa\u0142 dzia\u0142ania edukacyjne Szko\u0142y \u015bw. Rocha, kt\u00f3ra odgrywa kluczow\u0105 rol\u0119 w przekazywaniu tradycji lokalnej m\u0142odzie\u017cy, kszta\u0142tuj\u0105c poczucie odpowiedzialno\u015bci za dziedzictwo. Natomiast Tomasz \u0141uczak z Narodowego Instytutu Dziedzictwa wskaza\u0142 Szko\u0142\u0119 jako dobry przyk\u0142ad praktyki przekazu niematerialnego dziedzictwa.<\/p>\n\n\n\n<p>Sanktuarium \u015bw. Rocha w Mikstacie to drewniany ko\u015bci\u00f3\u0142 wzniesiony w 1773 roku, odbudowany po po\u017carze w 1788 roku i wielokrotnie remontowany. Od ponad 300 lat, corocznie w dniu 16 sierpnia, odbywaj\u0105 si\u0119 tam uroczysto\u015bci odpustowe i obrz\u0119d b\u0142ogos\u0142awie\u0144stwa zwierz\u0105t, b\u0119d\u0105ce \u015bwiadectwem mi\u0119dzypokoleniowego przekazu i lokalnej tradycji. Tradycja ta zosta\u0142a wpisana na Krajow\u0105 list\u0119 niematerialnego dziedzictwa kulturowego w 2015 roku.<\/p>\n\n\n\n<div style=\"height:36px\" aria-hidden=\"true\" class=\"wp-block-spacer\"><\/div>\n\n\n\n<div class=\"wp-block-divi-layout\">[et_pb_section fb_built=&#8221;1&#8243; _builder_version=&#8221;4.27.4&#8243; _module_preset=&#8221;default&#8221; global_colors_info=&#8221;{}&#8221;][et_pb_row _builder_version=&#8221;4.27.4&#8243; _module_preset=&#8221;default&#8221; global_colors_info=&#8221;{}&#8221;][et_pb_column type=&#8221;4_4&#8243; _builder_version=&#8221;4.27.4&#8243; _module_preset=&#8221;default&#8221; global_colors_info=&#8221;{}&#8221;][et_pb_gallery gallery_ids=&#8221;30741,30740,30739,30738,30737,30736,30735,30734,30733,30732,30731,30730,30729,30728,30727,30726,30725,30724,30723,30722,30721,30720,30719,30718,30717,30716,30715,30714,30713,30712,30711,30710,30709&#8243; fullwidth=&#8221;on&#8221; _builder_version=&#8221;4.27.4&#8243; _module_preset=&#8221;default&#8221; auto=&#8221;on&#8221; auto_speed=&#8221;3000&#8243; hover_enabled=&#8221;0&#8243; global_colors_info=&#8221;{}&#8221; sticky_enabled=&#8221;0&#8243;][\/et_pb_gallery][\/et_pb_column][\/et_pb_row][\/et_pb_section]<\/div>\n\n\n\n<p class=\"has-text-align-center\"><em>I Mikstackie Seminarium o Niematerialnym Dziedzictwie Kulturowym, fot. Ma\u0142gorzata Strzelec<\/em><\/p>\n\n\n\n<div style=\"height:36px\" aria-hidden=\"true\" class=\"wp-block-spacer\"><\/div>\n\n\n\n<div class=\"wp-block-divi-layout\">[et_pb_section admin_label=&#8221;section&#8221;][et_pb_row admin_label=&#8221;row&#8221;][\/et_pb_row][\/et_pb_section]<\/div>","protected":false},"excerpt":{"rendered":"<p>W Diecezjalnym Sanktuarium \u015bw. Rocha w Mikstacie, miejscu o ponad trzystuletniej tradycji uroczysto\u015bci odpustowych ze s\u0142ynnym obrz\u0119dem b\u0142ogos\u0142awie\u0144stwa zwierz\u0105t, 19 listopada odby\u0142o si\u0119 I Mikstackie Seminarium o Niematerialnym Dziedzictwie Kulturowym. [&hellip;]<\/p>","protected":false},"author":4,"featured_media":30742,"comment_status":"closed","ping_status":"closed","sticky":false,"template":"","format":"standard","meta":{"_et_pb_use_builder":"","_et_pb_old_content":"","_et_gb_content_width":"","_monsterinsights_skip_tracking":false,"_monsterinsights_sitenote_active":false,"_monsterinsights_sitenote_note":"","_monsterinsights_sitenote_category":0,"footnotes":""},"categories":[28],"tags":[],"class_list":["post-30743","post","type-post","status-publish","format-standard","has-post-thumbnail","hentry","category-patronaty"],"yoast_head":"<!-- This site is optimized with the Yoast SEO plugin v26.5 - https:\/\/yoast.com\/wordpress\/plugins\/seo\/ -->\n<title>I Mikstackie Seminarium o Niematerialnym Dziedzictwie Kulturowym - NID<\/title>\n<meta name=\"robots\" content=\"index, follow, max-snippet:-1, max-image-preview:large, max-video-preview:-1\" \/>\n<link rel=\"canonical\" href=\"https:\/\/nid.pl\/en\/2025\/11\/26\/patronat-mikstackie-seminarium\/\" \/>\n<meta property=\"og:locale\" content=\"en_GB\" \/>\n<meta property=\"og:type\" content=\"article\" \/>\n<meta property=\"og:title\" content=\"I Mikstackie Seminarium o Niematerialnym Dziedzictwie Kulturowym - NID\" \/>\n<meta property=\"og:description\" content=\"W Diecezjalnym Sanktuarium \u015bw. Rocha w Mikstacie, miejscu o ponad trzystuletniej tradycji uroczysto\u015bci odpustowych ze s\u0142ynnym obrz\u0119dem b\u0142ogos\u0142awie\u0144stwa zwierz\u0105t, 19 listopada odby\u0142o si\u0119 I Mikstackie Seminarium o Niematerialnym Dziedzictwie Kulturowym. [&hellip;]\" \/>\n<meta property=\"og:url\" content=\"https:\/\/nid.pl\/en\/2025\/11\/26\/patronat-mikstackie-seminarium\/\" \/>\n<meta property=\"og:site_name\" content=\"NID\" \/>\n<meta property=\"article:publisher\" content=\"https:\/\/www.facebook.com\/zabytek\" \/>\n<meta property=\"article:published_time\" content=\"2025-11-26T14:36:40+00:00\" \/>\n<meta property=\"article:modified_time\" content=\"2025-11-26T14:51:57+00:00\" \/>\n<meta property=\"og:image\" content=\"https:\/\/nid.pl\/wp-content\/uploads\/2025\/11\/1.mikstackie-seminarium_0497.jpg\" \/>\n\t<meta property=\"og:image:width\" content=\"1200\" \/>\n\t<meta property=\"og:image:height\" content=\"800\" \/>\n\t<meta property=\"og:image:type\" content=\"image\/jpeg\" \/>\n<meta name=\"author\" content=\"Marta Or\u0119ziak\" \/>\n<meta name=\"twitter:card\" content=\"summary_large_image\" \/>\n<meta name=\"twitter:creator\" content=\"@NarIDpl\" \/>\n<meta name=\"twitter:site\" content=\"@NarIDpl\" \/>\n<meta name=\"twitter:label1\" content=\"Written by\" \/>\n\t<meta name=\"twitter:data1\" content=\"Marta Or\u0119ziak\" \/>\n\t<meta name=\"twitter:label2\" content=\"Estimated reading time\" \/>\n\t<meta name=\"twitter:data2\" content=\"3 minutes\" \/>\n<script type=\"application\/ld+json\" class=\"yoast-schema-graph\">{\"@context\":\"https:\/\/schema.org\",\"@graph\":[{\"@type\":\"Article\",\"@id\":\"https:\/\/nid.pl\/2025\/11\/26\/patronat-mikstackie-seminarium\/#article\",\"isPartOf\":{\"@id\":\"https:\/\/nid.pl\/2025\/11\/26\/patronat-mikstackie-seminarium\/\"},\"author\":{\"name\":\"Marta Or\u0119ziak\",\"@id\":\"https:\/\/nid.pl\/#\/schema\/person\/9d848c4a54b78bc2a1461f1c5d8de615\"},\"headline\":\"I Mikstackie Seminarium o Niematerialnym Dziedzictwie Kulturowym\",\"datePublished\":\"2025-11-26T14:36:40+00:00\",\"dateModified\":\"2025-11-26T14:51:57+00:00\",\"mainEntityOfPage\":{\"@id\":\"https:\/\/nid.pl\/2025\/11\/26\/patronat-mikstackie-seminarium\/\"},\"wordCount\":450,\"publisher\":{\"@id\":\"https:\/\/nid.pl\/#organization\"},\"image\":{\"@id\":\"https:\/\/nid.pl\/2025\/11\/26\/patronat-mikstackie-seminarium\/#primaryimage\"},\"thumbnailUrl\":\"https:\/\/nid.pl\/wp-content\/uploads\/2025\/11\/1.mikstackie-seminarium_0497.jpg\",\"articleSection\":[\"Patronaty\"],\"inLanguage\":\"en-GB\"},{\"@type\":\"WebPage\",\"@id\":\"https:\/\/nid.pl\/2025\/11\/26\/patronat-mikstackie-seminarium\/\",\"url\":\"https:\/\/nid.pl\/2025\/11\/26\/patronat-mikstackie-seminarium\/\",\"name\":\"I Mikstackie Seminarium o Niematerialnym Dziedzictwie Kulturowym - NID\",\"isPartOf\":{\"@id\":\"https:\/\/nid.pl\/#website\"},\"primaryImageOfPage\":{\"@id\":\"https:\/\/nid.pl\/2025\/11\/26\/patronat-mikstackie-seminarium\/#primaryimage\"},\"image\":{\"@id\":\"https:\/\/nid.pl\/2025\/11\/26\/patronat-mikstackie-seminarium\/#primaryimage\"},\"thumbnailUrl\":\"https:\/\/nid.pl\/wp-content\/uploads\/2025\/11\/1.mikstackie-seminarium_0497.jpg\",\"datePublished\":\"2025-11-26T14:36:40+00:00\",\"dateModified\":\"2025-11-26T14:51:57+00:00\",\"breadcrumb\":{\"@id\":\"https:\/\/nid.pl\/2025\/11\/26\/patronat-mikstackie-seminarium\/#breadcrumb\"},\"inLanguage\":\"en-GB\",\"potentialAction\":[{\"@type\":\"ReadAction\",\"target\":[\"https:\/\/nid.pl\/2025\/11\/26\/patronat-mikstackie-seminarium\/\"]}]},{\"@type\":\"ImageObject\",\"inLanguage\":\"en-GB\",\"@id\":\"https:\/\/nid.pl\/2025\/11\/26\/patronat-mikstackie-seminarium\/#primaryimage\",\"url\":\"https:\/\/nid.pl\/wp-content\/uploads\/2025\/11\/1.mikstackie-seminarium_0497.jpg\",\"contentUrl\":\"https:\/\/nid.pl\/wp-content\/uploads\/2025\/11\/1.mikstackie-seminarium_0497.jpg\",\"width\":1200,\"height\":800,\"caption\":\"I Mikstackie Seminarium o Niematerialnym Dziedzictwie Kulturowym, fot. Ma\u0142gorzata Strzelec\"},{\"@type\":\"BreadcrumbList\",\"@id\":\"https:\/\/nid.pl\/2025\/11\/26\/patronat-mikstackie-seminarium\/#breadcrumb\",\"itemListElement\":[{\"@type\":\"ListItem\",\"position\":1,\"name\":\"Home\",\"item\":\"https:\/\/nid.pl\/\"},{\"@type\":\"ListItem\",\"position\":2,\"name\":\"I Mikstackie Seminarium o Niematerialnym Dziedzictwie Kulturowym\"}]},{\"@type\":\"WebSite\",\"@id\":\"https:\/\/nid.pl\/#website\",\"url\":\"https:\/\/nid.pl\/\",\"name\":\"NID\",\"description\":\"Narodowy Instytut Dziedzictwa\",\"publisher\":{\"@id\":\"https:\/\/nid.pl\/#organization\"},\"potentialAction\":[{\"@type\":\"SearchAction\",\"target\":{\"@type\":\"EntryPoint\",\"urlTemplate\":\"https:\/\/nid.pl\/?s={search_term_string}\"},\"query-input\":{\"@type\":\"PropertyValueSpecification\",\"valueRequired\":true,\"valueName\":\"search_term_string\"}}],\"inLanguage\":\"en-GB\"},{\"@type\":\"Organization\",\"@id\":\"https:\/\/nid.pl\/#organization\",\"name\":\"Narodowy Instytut Dziedzictwa\",\"url\":\"https:\/\/nid.pl\/\",\"logo\":{\"@type\":\"ImageObject\",\"inLanguage\":\"en-GB\",\"@id\":\"https:\/\/nid.pl\/#\/schema\/logo\/image\/\",\"url\":\"https:\/\/nid.pl\/wp-content\/uploads\/2022\/10\/logoRedDark.png\",\"contentUrl\":\"https:\/\/nid.pl\/wp-content\/uploads\/2022\/10\/logoRedDark.png\",\"width\":200,\"height\":197,\"caption\":\"Narodowy Instytut Dziedzictwa\"},\"image\":{\"@id\":\"https:\/\/nid.pl\/#\/schema\/logo\/image\/\"},\"sameAs\":[\"https:\/\/www.facebook.com\/zabytek\",\"https:\/\/x.com\/NarIDpl\",\"https:\/\/www.instagram.com\/nid.pl\/?hl=pl\",\"https:\/\/www.linkedin.com\/company\/narodowy-instytut-dziedzictwa\",\"https:\/\/www.youtube.com\/channel\/UCQXuhKa2uHtmNvLRUSx40JA\"]},{\"@type\":\"Person\",\"@id\":\"https:\/\/nid.pl\/#\/schema\/person\/9d848c4a54b78bc2a1461f1c5d8de615\",\"name\":\"Marta Or\u0119ziak\",\"image\":{\"@type\":\"ImageObject\",\"inLanguage\":\"en-GB\",\"@id\":\"https:\/\/nid.pl\/#\/schema\/person\/image\/\",\"url\":\"https:\/\/nid.pl\/wp-content\/litespeed\/avatar\/3cdc296a7eb01425272974c992bee3ea.jpg?ver=1777445267\",\"contentUrl\":\"https:\/\/nid.pl\/wp-content\/litespeed\/avatar\/3cdc296a7eb01425272974c992bee3ea.jpg?ver=1777445267\",\"caption\":\"Marta Or\u0119ziak\"},\"url\":\"https:\/\/nid.pl\/en\/author\/moreziak\/\"}]}<\/script>\n<!-- \/ Yoast SEO plugin. -->","yoast_head_json":{"title":"I Mikstackie Seminarium o Niematerialnym Dziedzictwie Kulturowym - NID","robots":{"index":"index","follow":"follow","max-snippet":"max-snippet:-1","max-image-preview":"max-image-preview:large","max-video-preview":"max-video-preview:-1"},"canonical":"https:\/\/nid.pl\/en\/2025\/11\/26\/patronat-mikstackie-seminarium\/","og_locale":"en_GB","og_type":"article","og_title":"I Mikstackie Seminarium o Niematerialnym Dziedzictwie Kulturowym - NID","og_description":"W Diecezjalnym Sanktuarium \u015bw. Rocha w Mikstacie, miejscu o ponad trzystuletniej tradycji uroczysto\u015bci odpustowych ze s\u0142ynnym obrz\u0119dem b\u0142ogos\u0142awie\u0144stwa zwierz\u0105t, 19 listopada odby\u0142o si\u0119 I Mikstackie Seminarium o Niematerialnym Dziedzictwie Kulturowym. [&hellip;]","og_url":"https:\/\/nid.pl\/en\/2025\/11\/26\/patronat-mikstackie-seminarium\/","og_site_name":"NID","article_publisher":"https:\/\/www.facebook.com\/zabytek","article_published_time":"2025-11-26T14:36:40+00:00","article_modified_time":"2025-11-26T14:51:57+00:00","og_image":[{"width":1200,"height":800,"url":"https:\/\/nid.pl\/wp-content\/uploads\/2025\/11\/1.mikstackie-seminarium_0497.jpg","type":"image\/jpeg"}],"author":"Marta Or\u0119ziak","twitter_card":"summary_large_image","twitter_creator":"@NarIDpl","twitter_site":"@NarIDpl","twitter_misc":{"Written by":"Marta Or\u0119ziak","Estimated reading time":"3 minutes"},"schema":{"@context":"https:\/\/schema.org","@graph":[{"@type":"Article","@id":"https:\/\/nid.pl\/2025\/11\/26\/patronat-mikstackie-seminarium\/#article","isPartOf":{"@id":"https:\/\/nid.pl\/2025\/11\/26\/patronat-mikstackie-seminarium\/"},"author":{"name":"Marta Or\u0119ziak","@id":"https:\/\/nid.pl\/#\/schema\/person\/9d848c4a54b78bc2a1461f1c5d8de615"},"headline":"I Mikstackie Seminarium o Niematerialnym Dziedzictwie Kulturowym","datePublished":"2025-11-26T14:36:40+00:00","dateModified":"2025-11-26T14:51:57+00:00","mainEntityOfPage":{"@id":"https:\/\/nid.pl\/2025\/11\/26\/patronat-mikstackie-seminarium\/"},"wordCount":450,"publisher":{"@id":"https:\/\/nid.pl\/#organization"},"image":{"@id":"https:\/\/nid.pl\/2025\/11\/26\/patronat-mikstackie-seminarium\/#primaryimage"},"thumbnailUrl":"https:\/\/nid.pl\/wp-content\/uploads\/2025\/11\/1.mikstackie-seminarium_0497.jpg","articleSection":["Patronaty"],"inLanguage":"en-GB"},{"@type":"WebPage","@id":"https:\/\/nid.pl\/2025\/11\/26\/patronat-mikstackie-seminarium\/","url":"https:\/\/nid.pl\/2025\/11\/26\/patronat-mikstackie-seminarium\/","name":"I Mikstackie Seminarium o Niematerialnym Dziedzictwie Kulturowym - NID","isPartOf":{"@id":"https:\/\/nid.pl\/#website"},"primaryImageOfPage":{"@id":"https:\/\/nid.pl\/2025\/11\/26\/patronat-mikstackie-seminarium\/#primaryimage"},"image":{"@id":"https:\/\/nid.pl\/2025\/11\/26\/patronat-mikstackie-seminarium\/#primaryimage"},"thumbnailUrl":"https:\/\/nid.pl\/wp-content\/uploads\/2025\/11\/1.mikstackie-seminarium_0497.jpg","datePublished":"2025-11-26T14:36:40+00:00","dateModified":"2025-11-26T14:51:57+00:00","breadcrumb":{"@id":"https:\/\/nid.pl\/2025\/11\/26\/patronat-mikstackie-seminarium\/#breadcrumb"},"inLanguage":"en-GB","potentialAction":[{"@type":"ReadAction","target":["https:\/\/nid.pl\/2025\/11\/26\/patronat-mikstackie-seminarium\/"]}]},{"@type":"ImageObject","inLanguage":"en-GB","@id":"https:\/\/nid.pl\/2025\/11\/26\/patronat-mikstackie-seminarium\/#primaryimage","url":"https:\/\/nid.pl\/wp-content\/uploads\/2025\/11\/1.mikstackie-seminarium_0497.jpg","contentUrl":"https:\/\/nid.pl\/wp-content\/uploads\/2025\/11\/1.mikstackie-seminarium_0497.jpg","width":1200,"height":800,"caption":"I Mikstackie Seminarium o Niematerialnym Dziedzictwie Kulturowym, fot. Ma\u0142gorzata Strzelec"},{"@type":"BreadcrumbList","@id":"https:\/\/nid.pl\/2025\/11\/26\/patronat-mikstackie-seminarium\/#breadcrumb","itemListElement":[{"@type":"ListItem","position":1,"name":"Home","item":"https:\/\/nid.pl\/"},{"@type":"ListItem","position":2,"name":"I Mikstackie Seminarium o Niematerialnym Dziedzictwie Kulturowym"}]},{"@type":"WebSite","@id":"https:\/\/nid.pl\/#website","url":"https:\/\/nid.pl\/","name":"NID","description":"Narodowy Instytut Dziedzictwa","publisher":{"@id":"https:\/\/nid.pl\/#organization"},"potentialAction":[{"@type":"SearchAction","target":{"@type":"EntryPoint","urlTemplate":"https:\/\/nid.pl\/?s={search_term_string}"},"query-input":{"@type":"PropertyValueSpecification","valueRequired":true,"valueName":"search_term_string"}}],"inLanguage":"en-GB"},{"@type":"Organization","@id":"https:\/\/nid.pl\/#organization","name":"Narodowy Instytut Dziedzictwa","url":"https:\/\/nid.pl\/","logo":{"@type":"ImageObject","inLanguage":"en-GB","@id":"https:\/\/nid.pl\/#\/schema\/logo\/image\/","url":"https:\/\/nid.pl\/wp-content\/uploads\/2022\/10\/logoRedDark.png","contentUrl":"https:\/\/nid.pl\/wp-content\/uploads\/2022\/10\/logoRedDark.png","width":200,"height":197,"caption":"Narodowy Instytut Dziedzictwa"},"image":{"@id":"https:\/\/nid.pl\/#\/schema\/logo\/image\/"},"sameAs":["https:\/\/www.facebook.com\/zabytek","https:\/\/x.com\/NarIDpl","https:\/\/www.instagram.com\/nid.pl\/?hl=pl","https:\/\/www.linkedin.com\/company\/narodowy-instytut-dziedzictwa","https:\/\/www.youtube.com\/channel\/UCQXuhKa2uHtmNvLRUSx40JA"]},{"@type":"Person","@id":"https:\/\/nid.pl\/#\/schema\/person\/9d848c4a54b78bc2a1461f1c5d8de615","name":"Marta Or\u0119ziak","image":{"@type":"ImageObject","inLanguage":"en-GB","@id":"https:\/\/nid.pl\/#\/schema\/person\/image\/","url":"https:\/\/nid.pl\/wp-content\/litespeed\/avatar\/3cdc296a7eb01425272974c992bee3ea.jpg?ver=1777445267","contentUrl":"https:\/\/nid.pl\/wp-content\/litespeed\/avatar\/3cdc296a7eb01425272974c992bee3ea.jpg?ver=1777445267","caption":"Marta Or\u0119ziak"},"url":"https:\/\/nid.pl\/en\/author\/moreziak\/"}]}},"_links":{"self":[{"href":"https:\/\/nid.pl\/en\/wp-json\/wp\/v2\/posts\/30743","targetHints":{"allow":["GET"]}}],"collection":[{"href":"https:\/\/nid.pl\/en\/wp-json\/wp\/v2\/posts"}],"about":[{"href":"https:\/\/nid.pl\/en\/wp-json\/wp\/v2\/types\/post"}],"author":[{"embeddable":true,"href":"https:\/\/nid.pl\/en\/wp-json\/wp\/v2\/users\/4"}],"replies":[{"embeddable":true,"href":"https:\/\/nid.pl\/en\/wp-json\/wp\/v2\/comments?post=30743"}],"version-history":[{"count":0,"href":"https:\/\/nid.pl\/en\/wp-json\/wp\/v2\/posts\/30743\/revisions"}],"wp:featuredmedia":[{"embeddable":true,"href":"https:\/\/nid.pl\/en\/wp-json\/wp\/v2\/media\/30742"}],"wp:attachment":[{"href":"https:\/\/nid.pl\/en\/wp-json\/wp\/v2\/media?parent=30743"}],"wp:term":[{"taxonomy":"category","embeddable":true,"href":"https:\/\/nid.pl\/en\/wp-json\/wp\/v2\/categories?post=30743"},{"taxonomy":"post_tag","embeddable":true,"href":"https:\/\/nid.pl\/en\/wp-json\/wp\/v2\/tags?post=30743"}],"curies":[{"name":"wp","href":"https:\/\/api.w.org\/{rel}","templated":true}]}}