{"id":30694,"date":"2025-11-25T15:32:58","date_gmt":"2025-11-25T14:32:58","guid":{"rendered":"https:\/\/nid.pl\/?p=30694"},"modified":"2025-11-25T16:41:18","modified_gmt":"2025-11-25T15:41:18","slug":"patronat-teatr-obrzedowy","status":"publish","type":"post","link":"https:\/\/nid.pl\/en\/2025\/11\/25\/patronat-teatr-obrzedowy\/","title":{"rendered":"Konferencja \u201eTeatr obrz\u0119dowy. Dziedzictwo wyobra\u017cone\u201d"},"content":{"rendered":"<p><strong>Wojew\u00f3dztwo \u0141\u00f3dzkie zaprasza 27 listopada do Muzeum w Piotrkowie Trybunal-skim na wyj\u0105tkow\u0105 konferencj\u0119 o teatrze obrz\u0119dowym, kt\u00f3ra odbywa si\u0119 pod hono-rowym patronatem Narodowego Instytutu Dziedzictwa. To spotkanie tw\u00f3rc\u00f3w, animator\u00f3w i badaczy po\u015bwi\u0119cone zachowaniu i promowaniu regionalnych tradycji i zwyczaj\u00f3w poprzez \u017cywe widowiska i interdyscyplinarne rozmowy.<\/strong><\/p>\n\n\n\n<p>Konferencja organizowana jest we wsp\u00f3\u0142pracy z Muzeum w Piotrkowie Trybunalskim, a partnerami s\u0105 \u0141\u00f3dzki Dom Kultury oraz Muzeum Archeologiczne i Etnograficzne w \u0141odzi. Patronat honorowy nad wydarzeniem obj\u0105\u0142 Narodowy Instytut Dziedzictwa \u2014 instytucja Ministerstwa Kultury i Dziedzictwa Narodowego, kt\u00f3ra wspiera ochron\u0119 i promocj\u0119 polskiego dziedzictwa kulturowego. R\u00f3wnie\u017c Narodowy Instytut Kultury i Dziedzictwa Wsi obj\u0105\u0142 patronatem to wa\u017cne wydarzenie.<\/p>\n\n\n\n<p>Konferencja b\u0119dzie okazj\u0105 do rozm\u00f3w o roli teatru obrz\u0119dowego w zachowaniu i przekazywaniu tradycji, zwyczaj\u00f3w oraz warto\u015bci lokalnych spo\u0142eczno\u015bci. Spotkaj\u0105 si\u0119 na niej tw\u00f3rcy ludowi, animatorzy kultury, arty\u015bci i badacze, kt\u00f3rzy przez teatr pokazu-j\u0105, jak mo\u017cemy wsp\u00f3lnie dba\u0107 o niematerialne dziedzictwo. Podczas wydarzenia za-prezentowane zostanie widowisko obrz\u0119dowe o tematyce andrzejkowej, a go\u015bcie b\u0119-d\u0105 mieli szans\u0119 pozna\u0107 kultur\u0119 w regionalnych strojach oraz uczestniczy\u0107 w wyk\u0142a-dach i dyskusjach, kt\u00f3re pokazuj\u0105, jak tradycje \u0142\u0105cz\u0105 pokolenia i kultury.<\/p>\n\n\n\n<p>Zapraszamy do udzia\u0142u w tym inspiruj\u0105cym spotkaniu, kt\u00f3re poka\u017ce, \u017ce dawne obrz\u0119dy wci\u0105\u017c maj\u0105 moc i znaczenie dla wsp\u00f3\u0142czesnych spo\u0142eczno\u015bci.<\/p>\n\n\n\n<p><strong>Pobierz: <\/strong><\/p>\n\n\n\n<p><a class=\"attachment\" href=\"https:\/\/nid.pl\/wp-content\/uploads\/2025\/11\/teatr-obrzedowy_program.pdf\" target=\"_blank\" rel=\"noreferrer noopener\"><strong>Program konferencji<\/strong><\/a><\/p>\n\n\n\n<p><a class=\"attachment\" href=\"https:\/\/nid.pl\/wp-content\/uploads\/2025\/11\/teatr-obrzedowy_ulotka.pdf\" target=\"_blank\" rel=\"noreferrer noopener\"><strong>Ulotka<\/strong><\/a><\/p>\n\n\n\n<div style=\"height:60px\" aria-hidden=\"true\" class=\"wp-block-spacer\"><\/div>\n\n\n\n<p><\/p>\n\n\n\n<figure class=\"wp-block-image aligncenter size-full\"><img loading=\"lazy\" decoding=\"async\" width=\"641\" height=\"961\" src=\"https:\/\/nid.pl\/wp-content\/uploads\/2025\/11\/teatr-obrzedowy_grafika.jpg\" alt=\"\" class=\"wp-image-30695\" srcset=\"https:\/\/nid.pl\/wp-content\/uploads\/2025\/11\/teatr-obrzedowy_grafika.jpg 641w, https:\/\/nid.pl\/wp-content\/uploads\/2025\/11\/teatr-obrzedowy_grafika-480x720.jpg 480w\" sizes=\"(min-width: 0px) and (max-width: 480px) 480px, (min-width: 481px) 641px, 100vw\" \/><\/figure>","protected":false},"excerpt":{"rendered":"<p>Wojew\u00f3dztwo \u0141\u00f3dzkie zaprasza 27 listopada do Muzeum w Piotrkowie Trybunal-skim na wyj\u0105tkow\u0105 konferencj\u0119 o teatrze obrz\u0119dowym, kt\u00f3ra odbywa si\u0119 pod hono-rowym patronatem Narodowego Instytutu Dziedzictwa. To spotkanie tw\u00f3rc\u00f3w, animator\u00f3w i [&hellip;]<\/p>","protected":false},"author":4,"featured_media":30696,"comment_status":"closed","ping_status":"closed","sticky":false,"template":"","format":"standard","meta":{"_et_pb_use_builder":"off","_et_pb_old_content":"<!-- wp:paragraph -->\n<p><strong>Wojew\u00f3dztwo \u0141\u00f3dzkie zaprasza 27 listopada do Muzeum w Piotrkowie Trybunal-skim na wyj\u0105tkow\u0105 konferencj\u0119 o teatrze obrz\u0119dowym, kt\u00f3ra odbywa si\u0119 pod hono-rowym patronatem Narodowego Instytutu Dziedzictwa. To spotkanie tw\u00f3rc\u00f3w, animator\u00f3w i badaczy po\u015bwi\u0119cone zachowaniu i promowaniu regionalnych tradycji i zwyczaj\u00f3w poprzez \u017cywe widowiska i interdyscyplinarne rozmowy.<\/strong><\/p>\n<!-- \/wp:paragraph -->\n\n<!-- wp:paragraph -->\n<p>Konferencja organizowana jest we wsp\u00f3\u0142pracy z Muzeum w Piotrkowie Trybunalskim, a partnerami s\u0105 \u0141\u00f3dzki Dom Kultury oraz Muzeum Archeologiczne i Etnograficzne w \u0141odzi. Patronat honorowy nad wydarzeniem obj\u0105\u0142 Narodowy Instytut Dziedzictwa \u2014 instytucja Ministerstwa Kultury i Dziedzictwa Narodowego, kt\u00f3ra wspiera ochron\u0119 i promocj\u0119 polskiego dziedzictwa kulturowego. R\u00f3wnie\u017c Narodowy Instytut Kultury i Dziedzictwa Wsi obj\u0105\u0142 patronatem to wa\u017cne wydarzenie.<\/p>\n<!-- \/wp:paragraph -->\n\n<!-- wp:paragraph -->\n<p>Konferencja b\u0119dzie okazj\u0105 do rozm\u00f3w o roli teatru obrz\u0119dowego w zachowaniu i przekazywaniu tradycji, zwyczaj\u00f3w oraz warto\u015bci lokalnych spo\u0142eczno\u015bci. Spotkaj\u0105 si\u0119 na niej tw\u00f3rcy ludowi, animatorzy kultury, arty\u015bci i badacze, kt\u00f3rzy przez teatr pokazu-j\u0105, jak mo\u017cemy wsp\u00f3lnie dba\u0107 o niematerialne dziedzictwo. Podczas wydarzenia za-prezentowane zostanie widowisko obrz\u0119dowe o tematyce andrzejkowej, a go\u015bcie b\u0119-d\u0105 mieli szans\u0119 pozna\u0107 kultur\u0119 w regionalnych strojach oraz uczestniczy\u0107 w wyk\u0142a-dach i dyskusjach, kt\u00f3re pokazuj\u0105, jak tradycje \u0142\u0105cz\u0105 pokolenia i kultury.<\/p>\n<!-- \/wp:paragraph -->\n\n<!-- wp:paragraph -->\n<p>Zapraszamy do udzia\u0142u w tym inspiruj\u0105cym spotkaniu, kt\u00f3re poka\u017ce, \u017ce dawne obrz\u0119dy wci\u0105\u017c maj\u0105 moc i znaczenie dla wsp\u00f3\u0142czesnych spo\u0142eczno\u015bci.<\/p>\n<!-- \/wp:paragraph -->\n\n<!-- wp:paragraph -->\n<p><strong>Pobierz: <\/strong><\/p>\n<!-- \/wp:paragraph -->\n\n<!-- wp:paragraph -->\n<p><strong><a class=\"attachment\" href=\"https:\/\/nid.pl\/wp-content\/uploads\/2025\/11\/teatr-obrzedowy_program.pdf\">Program konferencji<\/a><\/strong><\/p>\n<!-- \/wp:paragraph -->\n\n<!-- wp:paragraph -->\n<p><a class=\"attachment\" href=\"https:\/\/nid.pl\/wp-content\/uploads\/2025\/11\/teatr-obrzedowy_ulotka.pdf\">Ulotka <\/a><\/p>\n<!-- \/wp:paragraph -->\n\n<!-- wp:paragraph -->\n<p><\/p>\n<!-- \/wp:paragraph -->\n\n<!-- wp:image {\"id\":30695,\"sizeSlug\":\"full\",\"linkDestination\":\"none\",\"align\":\"center\"} -->\n<figure class=\"wp-block-image aligncenter size-full\"><img src=\"https:\/\/nid.pl\/wp-content\/uploads\/2025\/11\/teatr-obrzedowy_grafika.jpg\" alt=\"\" class=\"wp-image-30695\"\/><\/figure>\n<!-- \/wp:image -->","_et_gb_content_width":"","_monsterinsights_skip_tracking":false,"_monsterinsights_sitenote_active":false,"_monsterinsights_sitenote_note":"","_monsterinsights_sitenote_category":0,"footnotes":""},"categories":[28],"tags":[],"class_list":["post-30694","post","type-post","status-publish","format-standard","has-post-thumbnail","hentry","category-patronaty"],"yoast_head":"<!-- This site is optimized with the Yoast SEO plugin v26.5 - https:\/\/yoast.com\/wordpress\/plugins\/seo\/ -->\n<title>Konferencja \u201eTeatr obrz\u0119dowy. Dziedzictwo wyobra\u017cone\u201d - NID<\/title>\n<meta name=\"robots\" content=\"index, follow, max-snippet:-1, max-image-preview:large, max-video-preview:-1\" \/>\n<link rel=\"canonical\" href=\"https:\/\/nid.pl\/en\/2025\/11\/25\/patronat-teatr-obrzedowy\/\" \/>\n<meta property=\"og:locale\" content=\"en_GB\" \/>\n<meta property=\"og:type\" content=\"article\" \/>\n<meta property=\"og:title\" content=\"Konferencja \u201eTeatr obrz\u0119dowy. Dziedzictwo wyobra\u017cone\u201d - NID\" \/>\n<meta property=\"og:description\" content=\"Wojew\u00f3dztwo \u0141\u00f3dzkie zaprasza 27 listopada do Muzeum w Piotrkowie Trybunal-skim na wyj\u0105tkow\u0105 konferencj\u0119 o teatrze obrz\u0119dowym, kt\u00f3ra odbywa si\u0119 pod hono-rowym patronatem Narodowego Instytutu Dziedzictwa. To spotkanie tw\u00f3rc\u00f3w, animator\u00f3w i [&hellip;]\" \/>\n<meta property=\"og:url\" content=\"https:\/\/nid.pl\/en\/2025\/11\/25\/patronat-teatr-obrzedowy\/\" \/>\n<meta property=\"og:site_name\" content=\"NID\" \/>\n<meta property=\"article:publisher\" content=\"https:\/\/www.facebook.com\/zabytek\" \/>\n<meta property=\"article:published_time\" content=\"2025-11-25T14:32:58+00:00\" \/>\n<meta property=\"article:modified_time\" content=\"2025-11-25T15:41:18+00:00\" \/>\n<meta property=\"og:image\" content=\"https:\/\/nid.pl\/wp-content\/uploads\/2025\/11\/teatr-obrzedowy_miniatura.jpg\" \/>\n\t<meta property=\"og:image:width\" content=\"1200\" \/>\n\t<meta property=\"og:image:height\" content=\"800\" \/>\n\t<meta property=\"og:image:type\" content=\"image\/jpeg\" \/>\n<meta name=\"author\" content=\"Marta Or\u0119ziak\" \/>\n<meta name=\"twitter:card\" content=\"summary_large_image\" \/>\n<meta name=\"twitter:creator\" content=\"@NarIDpl\" \/>\n<meta name=\"twitter:site\" content=\"@NarIDpl\" \/>\n<meta name=\"twitter:label1\" content=\"Written by\" \/>\n\t<meta name=\"twitter:data1\" content=\"Marta Or\u0119ziak\" \/>\n\t<meta name=\"twitter:label2\" content=\"Estimated reading time\" \/>\n\t<meta name=\"twitter:data2\" content=\"2 minutes\" \/>\n<script type=\"application\/ld+json\" class=\"yoast-schema-graph\">{\"@context\":\"https:\/\/schema.org\",\"@graph\":[{\"@type\":\"Article\",\"@id\":\"https:\/\/nid.pl\/2025\/11\/25\/patronat-teatr-obrzedowy\/#article\",\"isPartOf\":{\"@id\":\"https:\/\/nid.pl\/2025\/11\/25\/patronat-teatr-obrzedowy\/\"},\"author\":{\"name\":\"Marta Or\u0119ziak\",\"@id\":\"https:\/\/nid.pl\/#\/schema\/person\/9d848c4a54b78bc2a1461f1c5d8de615\"},\"headline\":\"Konferencja \u201eTeatr obrz\u0119dowy. Dziedzictwo wyobra\u017cone\u201d\",\"datePublished\":\"2025-11-25T14:32:58+00:00\",\"dateModified\":\"2025-11-25T15:41:18+00:00\",\"mainEntityOfPage\":{\"@id\":\"https:\/\/nid.pl\/2025\/11\/25\/patronat-teatr-obrzedowy\/\"},\"wordCount\":245,\"publisher\":{\"@id\":\"https:\/\/nid.pl\/#organization\"},\"image\":{\"@id\":\"https:\/\/nid.pl\/2025\/11\/25\/patronat-teatr-obrzedowy\/#primaryimage\"},\"thumbnailUrl\":\"https:\/\/nid.pl\/wp-content\/uploads\/2025\/11\/teatr-obrzedowy_miniatura.jpg\",\"articleSection\":[\"Patronaty\"],\"inLanguage\":\"en-GB\"},{\"@type\":\"WebPage\",\"@id\":\"https:\/\/nid.pl\/2025\/11\/25\/patronat-teatr-obrzedowy\/\",\"url\":\"https:\/\/nid.pl\/2025\/11\/25\/patronat-teatr-obrzedowy\/\",\"name\":\"Konferencja \u201eTeatr obrz\u0119dowy. Dziedzictwo wyobra\u017cone\u201d - NID\",\"isPartOf\":{\"@id\":\"https:\/\/nid.pl\/#website\"},\"primaryImageOfPage\":{\"@id\":\"https:\/\/nid.pl\/2025\/11\/25\/patronat-teatr-obrzedowy\/#primaryimage\"},\"image\":{\"@id\":\"https:\/\/nid.pl\/2025\/11\/25\/patronat-teatr-obrzedowy\/#primaryimage\"},\"thumbnailUrl\":\"https:\/\/nid.pl\/wp-content\/uploads\/2025\/11\/teatr-obrzedowy_miniatura.jpg\",\"datePublished\":\"2025-11-25T14:32:58+00:00\",\"dateModified\":\"2025-11-25T15:41:18+00:00\",\"breadcrumb\":{\"@id\":\"https:\/\/nid.pl\/2025\/11\/25\/patronat-teatr-obrzedowy\/#breadcrumb\"},\"inLanguage\":\"en-GB\",\"potentialAction\":[{\"@type\":\"ReadAction\",\"target\":[\"https:\/\/nid.pl\/2025\/11\/25\/patronat-teatr-obrzedowy\/\"]}]},{\"@type\":\"ImageObject\",\"inLanguage\":\"en-GB\",\"@id\":\"https:\/\/nid.pl\/2025\/11\/25\/patronat-teatr-obrzedowy\/#primaryimage\",\"url\":\"https:\/\/nid.pl\/wp-content\/uploads\/2025\/11\/teatr-obrzedowy_miniatura.jpg\",\"contentUrl\":\"https:\/\/nid.pl\/wp-content\/uploads\/2025\/11\/teatr-obrzedowy_miniatura.jpg\",\"width\":1200,\"height\":800,\"caption\":\"Konferencja-Teatr obrz\u0119dowy. Dziedzictwo wyobra\u017cone\"},{\"@type\":\"BreadcrumbList\",\"@id\":\"https:\/\/nid.pl\/2025\/11\/25\/patronat-teatr-obrzedowy\/#breadcrumb\",\"itemListElement\":[{\"@type\":\"ListItem\",\"position\":1,\"name\":\"Home\",\"item\":\"https:\/\/nid.pl\/\"},{\"@type\":\"ListItem\",\"position\":2,\"name\":\"Konferencja \u201eTeatr obrz\u0119dowy. Dziedzictwo wyobra\u017cone\u201d\"}]},{\"@type\":\"WebSite\",\"@id\":\"https:\/\/nid.pl\/#website\",\"url\":\"https:\/\/nid.pl\/\",\"name\":\"NID\",\"description\":\"Narodowy Instytut Dziedzictwa\",\"publisher\":{\"@id\":\"https:\/\/nid.pl\/#organization\"},\"potentialAction\":[{\"@type\":\"SearchAction\",\"target\":{\"@type\":\"EntryPoint\",\"urlTemplate\":\"https:\/\/nid.pl\/?s={search_term_string}\"},\"query-input\":{\"@type\":\"PropertyValueSpecification\",\"valueRequired\":true,\"valueName\":\"search_term_string\"}}],\"inLanguage\":\"en-GB\"},{\"@type\":\"Organization\",\"@id\":\"https:\/\/nid.pl\/#organization\",\"name\":\"Narodowy Instytut Dziedzictwa\",\"url\":\"https:\/\/nid.pl\/\",\"logo\":{\"@type\":\"ImageObject\",\"inLanguage\":\"en-GB\",\"@id\":\"https:\/\/nid.pl\/#\/schema\/logo\/image\/\",\"url\":\"https:\/\/nid.pl\/wp-content\/uploads\/2022\/10\/logoRedDark.png\",\"contentUrl\":\"https:\/\/nid.pl\/wp-content\/uploads\/2022\/10\/logoRedDark.png\",\"width\":200,\"height\":197,\"caption\":\"Narodowy Instytut Dziedzictwa\"},\"image\":{\"@id\":\"https:\/\/nid.pl\/#\/schema\/logo\/image\/\"},\"sameAs\":[\"https:\/\/www.facebook.com\/zabytek\",\"https:\/\/x.com\/NarIDpl\",\"https:\/\/www.instagram.com\/nid.pl\/?hl=pl\",\"https:\/\/www.linkedin.com\/company\/narodowy-instytut-dziedzictwa\",\"https:\/\/www.youtube.com\/channel\/UCQXuhKa2uHtmNvLRUSx40JA\"]},{\"@type\":\"Person\",\"@id\":\"https:\/\/nid.pl\/#\/schema\/person\/9d848c4a54b78bc2a1461f1c5d8de615\",\"name\":\"Marta Or\u0119ziak\",\"image\":{\"@type\":\"ImageObject\",\"inLanguage\":\"en-GB\",\"@id\":\"https:\/\/nid.pl\/#\/schema\/person\/image\/\",\"url\":\"https:\/\/nid.pl\/wp-content\/litespeed\/avatar\/3cdc296a7eb01425272974c992bee3ea.jpg?ver=1777445267\",\"contentUrl\":\"https:\/\/nid.pl\/wp-content\/litespeed\/avatar\/3cdc296a7eb01425272974c992bee3ea.jpg?ver=1777445267\",\"caption\":\"Marta Or\u0119ziak\"},\"url\":\"https:\/\/nid.pl\/en\/author\/moreziak\/\"}]}<\/script>\n<!-- \/ Yoast SEO plugin. -->","yoast_head_json":{"title":"Konferencja \u201eTeatr obrz\u0119dowy. Dziedzictwo wyobra\u017cone\u201d - NID","robots":{"index":"index","follow":"follow","max-snippet":"max-snippet:-1","max-image-preview":"max-image-preview:large","max-video-preview":"max-video-preview:-1"},"canonical":"https:\/\/nid.pl\/en\/2025\/11\/25\/patronat-teatr-obrzedowy\/","og_locale":"en_GB","og_type":"article","og_title":"Konferencja \u201eTeatr obrz\u0119dowy. Dziedzictwo wyobra\u017cone\u201d - NID","og_description":"Wojew\u00f3dztwo \u0141\u00f3dzkie zaprasza 27 listopada do Muzeum w Piotrkowie Trybunal-skim na wyj\u0105tkow\u0105 konferencj\u0119 o teatrze obrz\u0119dowym, kt\u00f3ra odbywa si\u0119 pod hono-rowym patronatem Narodowego Instytutu Dziedzictwa. To spotkanie tw\u00f3rc\u00f3w, animator\u00f3w i [&hellip;]","og_url":"https:\/\/nid.pl\/en\/2025\/11\/25\/patronat-teatr-obrzedowy\/","og_site_name":"NID","article_publisher":"https:\/\/www.facebook.com\/zabytek","article_published_time":"2025-11-25T14:32:58+00:00","article_modified_time":"2025-11-25T15:41:18+00:00","og_image":[{"width":1200,"height":800,"url":"https:\/\/nid.pl\/wp-content\/uploads\/2025\/11\/teatr-obrzedowy_miniatura.jpg","type":"image\/jpeg"}],"author":"Marta Or\u0119ziak","twitter_card":"summary_large_image","twitter_creator":"@NarIDpl","twitter_site":"@NarIDpl","twitter_misc":{"Written by":"Marta Or\u0119ziak","Estimated reading time":"2 minutes"},"schema":{"@context":"https:\/\/schema.org","@graph":[{"@type":"Article","@id":"https:\/\/nid.pl\/2025\/11\/25\/patronat-teatr-obrzedowy\/#article","isPartOf":{"@id":"https:\/\/nid.pl\/2025\/11\/25\/patronat-teatr-obrzedowy\/"},"author":{"name":"Marta Or\u0119ziak","@id":"https:\/\/nid.pl\/#\/schema\/person\/9d848c4a54b78bc2a1461f1c5d8de615"},"headline":"Konferencja \u201eTeatr obrz\u0119dowy. Dziedzictwo wyobra\u017cone\u201d","datePublished":"2025-11-25T14:32:58+00:00","dateModified":"2025-11-25T15:41:18+00:00","mainEntityOfPage":{"@id":"https:\/\/nid.pl\/2025\/11\/25\/patronat-teatr-obrzedowy\/"},"wordCount":245,"publisher":{"@id":"https:\/\/nid.pl\/#organization"},"image":{"@id":"https:\/\/nid.pl\/2025\/11\/25\/patronat-teatr-obrzedowy\/#primaryimage"},"thumbnailUrl":"https:\/\/nid.pl\/wp-content\/uploads\/2025\/11\/teatr-obrzedowy_miniatura.jpg","articleSection":["Patronaty"],"inLanguage":"en-GB"},{"@type":"WebPage","@id":"https:\/\/nid.pl\/2025\/11\/25\/patronat-teatr-obrzedowy\/","url":"https:\/\/nid.pl\/2025\/11\/25\/patronat-teatr-obrzedowy\/","name":"Konferencja \u201eTeatr obrz\u0119dowy. Dziedzictwo wyobra\u017cone\u201d - NID","isPartOf":{"@id":"https:\/\/nid.pl\/#website"},"primaryImageOfPage":{"@id":"https:\/\/nid.pl\/2025\/11\/25\/patronat-teatr-obrzedowy\/#primaryimage"},"image":{"@id":"https:\/\/nid.pl\/2025\/11\/25\/patronat-teatr-obrzedowy\/#primaryimage"},"thumbnailUrl":"https:\/\/nid.pl\/wp-content\/uploads\/2025\/11\/teatr-obrzedowy_miniatura.jpg","datePublished":"2025-11-25T14:32:58+00:00","dateModified":"2025-11-25T15:41:18+00:00","breadcrumb":{"@id":"https:\/\/nid.pl\/2025\/11\/25\/patronat-teatr-obrzedowy\/#breadcrumb"},"inLanguage":"en-GB","potentialAction":[{"@type":"ReadAction","target":["https:\/\/nid.pl\/2025\/11\/25\/patronat-teatr-obrzedowy\/"]}]},{"@type":"ImageObject","inLanguage":"en-GB","@id":"https:\/\/nid.pl\/2025\/11\/25\/patronat-teatr-obrzedowy\/#primaryimage","url":"https:\/\/nid.pl\/wp-content\/uploads\/2025\/11\/teatr-obrzedowy_miniatura.jpg","contentUrl":"https:\/\/nid.pl\/wp-content\/uploads\/2025\/11\/teatr-obrzedowy_miniatura.jpg","width":1200,"height":800,"caption":"Konferencja-Teatr obrz\u0119dowy. Dziedzictwo wyobra\u017cone"},{"@type":"BreadcrumbList","@id":"https:\/\/nid.pl\/2025\/11\/25\/patronat-teatr-obrzedowy\/#breadcrumb","itemListElement":[{"@type":"ListItem","position":1,"name":"Home","item":"https:\/\/nid.pl\/"},{"@type":"ListItem","position":2,"name":"Konferencja \u201eTeatr obrz\u0119dowy. Dziedzictwo wyobra\u017cone\u201d"}]},{"@type":"WebSite","@id":"https:\/\/nid.pl\/#website","url":"https:\/\/nid.pl\/","name":"NID","description":"Narodowy Instytut Dziedzictwa","publisher":{"@id":"https:\/\/nid.pl\/#organization"},"potentialAction":[{"@type":"SearchAction","target":{"@type":"EntryPoint","urlTemplate":"https:\/\/nid.pl\/?s={search_term_string}"},"query-input":{"@type":"PropertyValueSpecification","valueRequired":true,"valueName":"search_term_string"}}],"inLanguage":"en-GB"},{"@type":"Organization","@id":"https:\/\/nid.pl\/#organization","name":"Narodowy Instytut Dziedzictwa","url":"https:\/\/nid.pl\/","logo":{"@type":"ImageObject","inLanguage":"en-GB","@id":"https:\/\/nid.pl\/#\/schema\/logo\/image\/","url":"https:\/\/nid.pl\/wp-content\/uploads\/2022\/10\/logoRedDark.png","contentUrl":"https:\/\/nid.pl\/wp-content\/uploads\/2022\/10\/logoRedDark.png","width":200,"height":197,"caption":"Narodowy Instytut Dziedzictwa"},"image":{"@id":"https:\/\/nid.pl\/#\/schema\/logo\/image\/"},"sameAs":["https:\/\/www.facebook.com\/zabytek","https:\/\/x.com\/NarIDpl","https:\/\/www.instagram.com\/nid.pl\/?hl=pl","https:\/\/www.linkedin.com\/company\/narodowy-instytut-dziedzictwa","https:\/\/www.youtube.com\/channel\/UCQXuhKa2uHtmNvLRUSx40JA"]},{"@type":"Person","@id":"https:\/\/nid.pl\/#\/schema\/person\/9d848c4a54b78bc2a1461f1c5d8de615","name":"Marta Or\u0119ziak","image":{"@type":"ImageObject","inLanguage":"en-GB","@id":"https:\/\/nid.pl\/#\/schema\/person\/image\/","url":"https:\/\/nid.pl\/wp-content\/litespeed\/avatar\/3cdc296a7eb01425272974c992bee3ea.jpg?ver=1777445267","contentUrl":"https:\/\/nid.pl\/wp-content\/litespeed\/avatar\/3cdc296a7eb01425272974c992bee3ea.jpg?ver=1777445267","caption":"Marta Or\u0119ziak"},"url":"https:\/\/nid.pl\/en\/author\/moreziak\/"}]}},"_links":{"self":[{"href":"https:\/\/nid.pl\/en\/wp-json\/wp\/v2\/posts\/30694","targetHints":{"allow":["GET"]}}],"collection":[{"href":"https:\/\/nid.pl\/en\/wp-json\/wp\/v2\/posts"}],"about":[{"href":"https:\/\/nid.pl\/en\/wp-json\/wp\/v2\/types\/post"}],"author":[{"embeddable":true,"href":"https:\/\/nid.pl\/en\/wp-json\/wp\/v2\/users\/4"}],"replies":[{"embeddable":true,"href":"https:\/\/nid.pl\/en\/wp-json\/wp\/v2\/comments?post=30694"}],"version-history":[{"count":0,"href":"https:\/\/nid.pl\/en\/wp-json\/wp\/v2\/posts\/30694\/revisions"}],"wp:featuredmedia":[{"embeddable":true,"href":"https:\/\/nid.pl\/en\/wp-json\/wp\/v2\/media\/30696"}],"wp:attachment":[{"href":"https:\/\/nid.pl\/en\/wp-json\/wp\/v2\/media?parent=30694"}],"wp:term":[{"taxonomy":"category","embeddable":true,"href":"https:\/\/nid.pl\/en\/wp-json\/wp\/v2\/categories?post=30694"},{"taxonomy":"post_tag","embeddable":true,"href":"https:\/\/nid.pl\/en\/wp-json\/wp\/v2\/tags?post=30694"}],"curies":[{"name":"wp","href":"https:\/\/api.w.org\/{rel}","templated":true}]}}