{"id":30608,"date":"2025-11-19T18:46:14","date_gmt":"2025-11-19T17:46:14","guid":{"rendered":"https:\/\/nid.pl\/?p=30608"},"modified":"2025-11-28T10:08:41","modified_gmt":"2025-11-28T09:08:41","slug":"3-edycja-miedzynarodowej-konferencji-ether-rejestracja","status":"publish","type":"post","link":"https:\/\/nid.pl\/en\/2025\/11\/19\/3-edycja-miedzynarodowej-konferencji-ether-rejestracja\/","title":{"rendered":"3. edycja Mi\u0119dzynarodowej Konferencji ETHER \u2013 Eternal Heritage \/ Wieczne Dziedzictwo \u2013 rejestracja na wydarzenie"},"content":{"rendered":"<p><strong>Ruszy\u0142a rejestracja na Mi\u0119dzynarodow\u0105 Konferencj\u0119 ETHER \u2013 Eternal Heritage \/ Wieczne Dziedzictwo! W dniach 3-4 grudnia 2025 roku w Muzeum Historii \u017byd\u00f3w Polskich POLIN w Warszawie odb\u0119dzie si\u0119 3. edycja wydarzenia po\u015bwi\u0119conego najnowszym trendom w digitalizacji dziedzictwa kulturowego, wykorzystaniu technologii immersyjnych i 3D w ochronie zabytk\u00f3w oraz tworzeniu wsp\u00f3lnej przestrzeni dialogu mi\u0119dzy sektorem kultury, administracj\u0105, nauk\u0105 i bran\u017cami kreatywnymi.<\/strong><\/p>\n\n\n\n<p><\/p>\n\n\n\n<p>Mi\u0119dzynarodowa Konferencja <strong>ETHER \u2013 Eternal Heritage \/ Wieczne Dziedzictwo<\/strong> ma na celu integracj\u0119 \u015brodowisk naukowych, archeolog\u00f3w, architekt\u00f3w, historyk\u00f3w sztuki, konserwator\u00f3w, muzealnik\u00f3w oraz szeroko rozumianych sektor\u00f3w kreatywnych, a tak\u017ce stworzenie fundament\u00f3w dla mi\u0119dzynarodowego systemu wsp\u00f3\u0142pracy, wymiany do\u015bwiadcze\u0144, potrzeb oraz wzajemnego wykorzystywania swoich zasob\u00f3w. Obecnie, wsp\u00f3\u0142praca ta ma ogromne znaczenie w kontek\u015bcie wykorzystania technologii w digitalizacji zabytk\u00f3w, a wi\u0119c r\u00f3wnie\u017c ochrony ich substancji i mo\u017cliwo\u015bci ich upowszechniania. Potencja\u0142 drzemie r\u00f3wnie\u017c w popularyzacji dziedzictwa kulturowego za pomoc\u0105 przemys\u0142u kreatywnego \u2013 m.in. film\u00f3w, gier czy wzornictwa przemys\u0142owego.<\/p>\n\n\n\n<p><\/p>\n\n\n\n<p>W programie przewidziano panele dyskusyjne, wyk\u0142ady oraz prezentacje case studies, kt\u00f3re uka\u017c\u0105 szerokie spektrum zastosowa\u0144 technologii wizualizacyjnych:<\/p>\n\n\n\n<ul class=\"wp-block-list\">\n<li>w projektowaniu wystaw muzealnych,<\/li>\n\n\n\n<li>w dokumentowaniu architektury zabytkowej,<\/li>\n\n\n\n<li>w badaniach archeologicznych,<\/li>\n\n\n\n<li>w analizie konserwatorskiej dzie\u0142 sztuki,<\/li>\n\n\n\n<li>a tak\u017ce w grach komputerowych, narracjach cyfrowych i projektowaniu immersyjnym.<\/li>\n<\/ul>\n\n\n\n<p>Uczestnicy b\u0119d\u0105 mieli okazj\u0119 wys\u0142ucha\u0107 specjalist\u00f3w reprezentuj\u0105cych instytucje kultury, jednostki badawcze oraz \u015brodowisko tw\u00f3rc\u00f3w wykorzystuj\u0105cych technologie cyfrowe do reinterpretacji dziedzictwa. Konferencja stanie si\u0119 tak\u017ce przestrzeni\u0105 do rozm\u00f3w o budowaniu synergii mi\u0119dzy instytucjami dbaj\u0105cymi o zabytki a bran\u017cami kreatywnymi \u2013 filmow\u0105, gamingow\u0105 i projektow\u0105.<\/p>\n\n\n\n<p><\/p>\n\n\n\n<h3 class=\"wp-block-heading has-text-color has-link-color wp-elements-4c31e347ea3a0cf89fa3336f3f63e10d\" style=\"color:#272727\">Digitalizacja zbior\u00f3w i dost\u0119p do danych<\/h3>\n\n\n\n<p>Podczas konferencji, wyk\u0142ady zostan\u0105 po\u015bwi\u0119cone projektom realizowanym przez wiod\u0105ce polskie instytucje kultury. Eksperci opowiedz\u0105 m.in. o:<\/p>\n\n\n\n<ul class=\"wp-block-list\">\n<li>udost\u0119pnianiu zbior\u00f3w narodowych w postaci cyfrowej,<\/li>\n\n\n\n<li>roli standard\u00f3w i jako\u015bci danych w muzeach fotograficznych,<\/li>\n\n\n\n<li>modelach wsp\u00f3\u0142pracy przy digitalizacji du\u017cych kolekcji,<\/li>\n\n\n\n<li>wykorzystaniu nowoczesnych narz\u0119dzi do prezentacji zasob\u00f3w online.<\/li>\n<\/ul>\n\n\n\n<p>Wyst\u0105pienia poka\u017c\u0105, jak instytucje wdra\u017caj\u0105 praktyczne rozwi\u0105zania umo\u017cliwiaj\u0105ce lepsz\u0105 dost\u0119pno\u015b\u0107 i ponowne wykorzystanie zasob\u00f3w kultury.<\/p>\n\n\n\n<p><\/p>\n\n\n\n<h3 class=\"wp-block-heading has-text-color has-link-color wp-elements-2f635924608eac29d87a5ef70d4e07bd\" style=\"color:#272727\">Technologie 3D i nowe metody dokumentacji zabytk\u00f3w<\/h3>\n\n\n\n<p>Kolejne bloki tematyczne skupi\u0105 si\u0119 na praktycznym zastosowaniu innowacyjnych narz\u0119dzi, takich jak skanowanie 3D, fotogrametria, modele przestrzenne oraz tomografia optyczna.<br>Prelegenci przedstawi\u0105 przyk\u0142ady digitalizacji zabytk\u00f3w architektury i rze\u017aby, zastosowania technologii w ochronie dziedzictwa za granic\u0105, a tak\u017ce innowacyjnych bada\u0144 nad struktur\u0105 i materia\u0142ami dzie\u0142 sztuki.<\/p>\n\n\n\n<p>W programie pojawi\u0105 si\u0119 r\u00f3wnie\u017c prezentacje projekt\u00f3w archeologicznych z wykorzystaniem zaawansowanego mapowania laserowego oraz bada\u0144 nad dziedzictwem rdzennych i euroameryka\u0144skich spo\u0142eczno\u015bci.<\/p>\n\n\n\n<p><\/p>\n\n\n\n<h3 class=\"wp-block-heading has-text-color has-link-color wp-elements-2481a58dc4519b4760f6a355e4bbed4d\" style=\"color:#272727\">Humanistyka cyfrowa i technologie immersyjne<\/h3>\n\n\n\n<p>Trzecia linia programowa obejmie projekty wykorzystuj\u0105ce VR, immersj\u0119 i interaktywne formy prezentacji dziedzictwa.<br>Uczestnicy poznaj\u0105 m.in.:<\/p>\n\n\n\n<ul class=\"wp-block-list\">\n<li>sposoby \u201eo\u017cywiania\u201d archiwalnych wystaw,<\/li>\n\n\n\n<li>strategie tworzenia nowoczesnych ekspozycji muzealnych,<\/li>\n\n\n\n<li>wielkoformatowe, immersyjne narracje projektowane z my\u015bl\u0105 o odpowiedzialnym odbiorze,<\/li>\n\n\n\n<li>projekty \u0142\u0105cz\u0105ce sztuczn\u0105 inteligencj\u0119 i kultur\u0119 \u2013 od analizy rynku sztuki po kreacj\u0119 dzie\u0142.<\/li>\n<\/ul>\n\n\n\n<p>W\u015br\u00f3d przyk\u0142ad\u00f3w znajd\u0105 si\u0119 inicjatywy badawcze i muzealne, w kt\u00f3rych technologie pozwalaj\u0105 nie tylko dokumentowa\u0107, lecz tak\u017ce reinterpretowa\u0107 i tw\u00f3rczo przetwarza\u0107 dziedzictwo.<\/p>\n\n\n\n<p><\/p>\n\n\n\n<h3 class=\"wp-block-heading has-text-color has-link-color wp-elements-db56447fec4b2b8b2279a4aaa1ddaa87\" style=\"color:#272727\">Bran\u017ce kreatywne, gry komputerowe i storytelling cyfrowy<\/h3>\n\n\n\n<p>Drugi dzie\u0144 konferencji obejmie r\u00f3wnie\u017c panel po\u015bwi\u0119cony roli tw\u00f3rc\u00f3w cyfrowych w budowaniu wsp\u00f3\u0142czesnego \u201esoft power\u201d kultury.<br>Poruszane tematy dotyczy\u0107 b\u0119d\u0105:<\/p>\n\n\n\n<ul class=\"wp-block-list\">\n<li>gier komputerowych jako narz\u0119dzia popularyzacji historii i to\u017csamo\u015bci,<\/li>\n\n\n\n<li>wykorzystania multimedi\u00f3w do tworzenia wci\u0105gaj\u0105cych opowie\u015bci,<\/li>\n\n\n\n<li>przenikania lokalnych historii do globalnego obiegu kultury,<\/li>\n\n\n\n<li>nowych modeli narracji audiowizualnych.<\/li>\n<\/ul>\n\n\n\n<p>Prelegenci poka\u017c\u0105, jak wsp\u00f3\u0142praca pomi\u0119dzy instytucjami dziedzictwa a bran\u017cami kreatywnymi prowadzi do powstawania nowatorskich projekt\u00f3w, inspiruj\u0105cych zar\u00f3wno odbiorc\u00f3w, jak i badaczy.<\/p>\n\n\n\n<p><\/p>\n\n\n\n<div class=\"wp-block-columns are-vertically-aligned-center is-layout-flex wp-container-core-columns-is-layout-9d6595d7 wp-block-columns-is-layout-flex\">\n<div class=\"wp-block-column is-vertically-aligned-center is-layout-flow wp-block-column-is-layout-flow\">\n<div class=\"wp-block-buttons is-content-justification-center is-layout-flex wp-container-core-buttons-is-layout-16018d1d wp-block-buttons-is-layout-flex\">\n<div class=\"wp-block-button\"><a class=\"wp-block-button__link wp-element-button\" href=\"https:\/\/nid.pl\/wp-content\/uploads\/2025\/11\/ETHER-2025-program.pdf\" target=\"_blank\" rel=\"noreferrer noopener\">\u2b07\ufe0f POBIERZ PROGRAM<br>ETHER &#8211; Eternal Heritage \/ Wieczne Dziedzictwo<\/a><\/div>\n<\/div>\n<\/div>\n\n\n\n<div class=\"wp-block-column is-vertically-aligned-center is-layout-flow wp-block-column-is-layout-flow\">\n<div class=\"wp-block-buttons is-content-justification-center is-layout-flex wp-container-core-buttons-is-layout-16018d1d wp-block-buttons-is-layout-flex\">\n<div class=\"wp-block-button\"><a class=\"wp-block-button__link wp-element-button\" href=\"https:\/\/rejestracja.nid.pl\/konferencja_ether_2025\" target=\"_blank\" rel=\"noreferrer noopener\">\ud83d\udcdd ZAREJETRUJ SI\u0118!<br>ETHER &#8211; Eternal Heritage \/ Wieczne Dziedzictwo<\/a><\/div>\n<\/div>\n<\/div>\n<\/div>\n\n\n\n<p><\/p>\n\n\n\n<p><\/p>\n\n\n\n<p><\/p>\n\n\n\n<h3 class=\"wp-block-heading has-text-color has-link-color wp-elements-9350a88a44561990e520756452d0e091\" style=\"color:#272727\">Warsztaty digitalizacyjne \u2013 wydarzenie towarzysz\u0105ce ETHER 2025<\/h3>\n\n\n\n<p>R\u00f3wnolegle z konferencj\u0105 odb\u0119d\u0105 si\u0119 bezp\u0142atne warsztaty praktyczne z digitalizacji, dost\u0119pne w dw\u00f3ch jednodniowych rundach \u2013 3 i 4 grudnia 2025 r. w Muzeum Historii \u017byd\u00f3w Polskich POLIN (godz. 10:30\u201316:30).<\/p>\n\n\n\n<p>Wi\u0119cej informacji na stronie: <a href=\"https:\/\/nid.pl\/en\/2025\/11\/18\/rejestracja-warsztaty-ether\/\" target=\"_blank\" rel=\"noreferrer noopener\"><strong>&lt;tutaj&gt;<\/strong><\/a><\/p>\n\n\n\n<p><\/p>\n\n\n\n<p><\/p>\n\n\n\n<hr class=\"wp-block-separator has-alpha-channel-opacity\"\/>\n\n\n\n<p>Organizatorem wydarzenia jest Narodowy Instytut Dziedzictwa, a wsp\u00f3\u0142organizatorami s\u0105 Muzeum Historii \u017byd\u00f3w Polskich POLIN oraz Narodowe Centrum Kultury.<\/p>\n\n\n\n<p>Konferencja zosta\u0142a obj\u0119ta honorowym patronatem Ministra Kultury i Dziedzictwa Narodowego oraz Polskiego Komitetu do spraw UNESCO. Partnerem wydarzenia jest Instytut Polonika.<\/p>\n\n\n\n<p>Patronami medialnymi konferencji s\u0105 TVP 3, TVP Kultura, Dw\u00f3jka &#8211; Program 2 Polskiego Radia, CD-Action, Artinfo.<\/p>\n\n\n\n<p>Organizacja Mi\u0119dzynarodowej Konferencji ETHER \u2013 Eternal Heritage \/ Wieczne Dziedzictwo zosta\u0142a dofinansowana ze \u015brodk\u00f3w Ministra Kultury i Dziedzictwa Narodowego, w ramach realizacji zadania \u201eDofinansowanie dzia\u0142alno\u015bci Centrum Kompetencji ds. digitalizacji zabytk\u00f3w\u201d.<\/p>\n\n\n\n<p><\/p>\n\n\n\n<p><\/p>\n\n\n\n<figure class=\"wp-block-image aligncenter size-large is-resized\"><a href=\"https:\/\/rejestracja.nid.pl\/konferencja_ether_2025\" target=\"_blank\" rel=\" noreferrer noopener\"><img loading=\"lazy\" decoding=\"async\" width=\"1024\" height=\"1024\" src=\"https:\/\/nid.pl\/wp-content\/uploads\/2025\/11\/ETHER_2025-rejestracja-kwadrat-2-1024x1024.jpg\" alt=\"\" class=\"wp-image-30609\" style=\"width:647px;height:auto\" srcset=\"https:\/\/nid.pl\/wp-content\/uploads\/2025\/11\/ETHER_2025-rejestracja-kwadrat-2-980x980.jpg 980w, https:\/\/nid.pl\/wp-content\/uploads\/2025\/11\/ETHER_2025-rejestracja-kwadrat-2-480x480.jpg 480w\" sizes=\"(min-width: 0px) and (max-width: 480px) 480px, (min-width: 481px) and (max-width: 980px) 980px, (min-width: 981px) 1024px, 100vw\" \/><\/a><\/figure>","protected":false},"excerpt":{"rendered":"<p>Ruszy\u0142a rejestracja na Mi\u0119dzynarodow\u0105 Konferencj\u0119 ETHER \u2013 Eternal Heritage \/ Wieczne Dziedzictwo! W dniach 3-4 grudnia 2025 roku w Muzeum Historii \u017byd\u00f3w Polskich POLIN w Warszawie odb\u0119dzie si\u0119 3. edycja [&hellip;]<\/p>","protected":false},"author":7,"featured_media":30607,"comment_status":"closed","ping_status":"closed","sticky":false,"template":"","format":"standard","meta":{"_et_pb_use_builder":"off","_et_pb_old_content":"<!-- wp:paragraph -->\n<p><strong>Ruszy\u0142a rejestracja na Mi\u0119dzynarodow\u0105 Konferencj\u0119 ETHER \u2013 Eternal Heritage \/ Wieczne Dziedzictwo! W dniach 3-4 grudnia 2025 roku w Muzeum Historii \u017byd\u00f3w Polskich POLIN w Warszawie odb\u0119dzie si\u0119 3. edycja wydarzenia po\u015bwi\u0119conego najnowszym trendom w digitalizacji dziedzictwa kulturowego, wykorzystaniu technologii immersyjnych i 3D w ochronie zabytk\u00f3w oraz tworzeniu wsp\u00f3lnej przestrzeni dialogu mi\u0119dzy sektorem kultury, administracj\u0105, nauk\u0105 i bran\u017cami kreatywnymi.<\/strong><\/p>\n<!-- \/wp:paragraph -->\n\n<!-- wp:paragraph -->\n<p><\/p>\n<!-- \/wp:paragraph -->\n\n<!-- wp:paragraph -->\n<p>Mi\u0119dzynarodowa Konferencja <strong>ETHER \u2013 Eternal Heritage \/ Wieczne Dziedzictwo<\/strong> ma na celu integracj\u0119 \u015brodowisk naukowych, archeolog\u00f3w, architekt\u00f3w, historyk\u00f3w sztuki, konserwator\u00f3w, muzealnik\u00f3w oraz szeroko rozumianych sektor\u00f3w kreatywnych, a tak\u017ce stworzenie fundament\u00f3w dla mi\u0119dzynarodowego systemu wsp\u00f3\u0142pracy, wymiany do\u015bwiadcze\u0144, potrzeb oraz wzajemnego wykorzystywania swoich zasob\u00f3w. Obecnie, wsp\u00f3\u0142praca ta ma ogromne znaczenie w kontek\u015bcie wykorzystania technologii w digitalizacji zabytk\u00f3w, a wi\u0119c r\u00f3wnie\u017c ochrony ich substancji i mo\u017cliwo\u015bci ich upowszechniania. Potencja\u0142 drzemie r\u00f3wnie\u017c w popularyzacji dziedzictwa kulturowego za pomoc\u0105 przemys\u0142u kreatywnego \u2013 m.in. film\u00f3w, gier czy wzornictwa przemys\u0142owego.<\/p>\n<!-- \/wp:paragraph -->\n\n<!-- wp:paragraph -->\n<p><\/p>\n<!-- \/wp:paragraph -->\n\n<!-- wp:paragraph -->\n<p>W programie przewidziano panele dyskusyjne, wyk\u0142ady oraz prezentacje case studies, kt\u00f3re uka\u017c\u0105 szerokie spektrum zastosowa\u0144 technologii wizualizacyjnych:<\/p>\n<!-- \/wp:paragraph -->\n\n<!-- wp:list -->\n<ul class=\"wp-block-list\"><!-- wp:list-item -->\n<li>w projektowaniu wystaw muzealnych,<\/li>\n<!-- \/wp:list-item -->\n\n<!-- wp:list-item -->\n<li>w dokumentowaniu architektury zabytkowej,<\/li>\n<!-- \/wp:list-item -->\n\n<!-- wp:list-item -->\n<li>w badaniach archeologicznych,<\/li>\n<!-- \/wp:list-item -->\n\n<!-- wp:list-item -->\n<li>w analizie konserwatorskiej dzie\u0142 sztuki,<\/li>\n<!-- \/wp:list-item -->\n\n<!-- wp:list-item -->\n<li>a tak\u017ce w grach komputerowych, narracjach cyfrowych i projektowaniu immersyjnym.<\/li>\n<!-- \/wp:list-item --><\/ul>\n<!-- \/wp:list -->\n\n<!-- wp:paragraph -->\n<p>Uczestnicy b\u0119d\u0105 mieli okazj\u0119 wys\u0142ucha\u0107 specjalist\u00f3w reprezentuj\u0105cych instytucje kultury, jednostki badawcze oraz \u015brodowisko tw\u00f3rc\u00f3w wykorzystuj\u0105cych technologie cyfrowe do reinterpretacji dziedzictwa. Konferencja stanie si\u0119 tak\u017ce przestrzeni\u0105 do rozm\u00f3w o budowaniu synergii mi\u0119dzy instytucjami dbaj\u0105cymi o zabytki a bran\u017cami kreatywnymi \u2013 filmow\u0105, gamingow\u0105 i projektow\u0105.<\/p>\n<!-- \/wp:paragraph -->\n\n<!-- wp:paragraph -->\n<p><\/p>\n<!-- \/wp:paragraph -->\n\n<!-- wp:heading {\"level\":3,\"style\":{\"elements\":{\"link\":{\"color\":{\"text\":\"#272727\"}}},\"color\":{\"text\":\"#272727\"}}} -->\n<h3 class=\"wp-block-heading has-text-color has-link-color\" style=\"color:#272727\">Digitalizacja zbior\u00f3w i dost\u0119p do danych<\/h3>\n<!-- \/wp:heading -->\n\n<!-- wp:paragraph -->\n<p>Podczas konferencji, wyk\u0142ady zostan\u0105 po\u015bwi\u0119cone projektom realizowanym przez wiod\u0105ce polskie instytucje kultury. Eksperci opowiedz\u0105 m.in. o:<\/p>\n<!-- \/wp:paragraph -->\n\n<!-- wp:list -->\n<ul class=\"wp-block-list\"><!-- wp:list-item -->\n<li>udost\u0119pnianiu zbior\u00f3w narodowych w postaci cyfrowej,<\/li>\n<!-- \/wp:list-item -->\n\n<!-- wp:list-item -->\n<li>roli standard\u00f3w i jako\u015bci danych w muzeach fotograficznych,<\/li>\n<!-- \/wp:list-item -->\n\n<!-- wp:list-item -->\n<li>modelach wsp\u00f3\u0142pracy przy digitalizacji du\u017cych kolekcji,<\/li>\n<!-- \/wp:list-item -->\n\n<!-- wp:list-item -->\n<li>wykorzystaniu nowoczesnych narz\u0119dzi do prezentacji zasob\u00f3w online.<\/li>\n<!-- \/wp:list-item --><\/ul>\n<!-- \/wp:list -->\n\n<!-- wp:paragraph -->\n<p>Wyst\u0105pienia poka\u017c\u0105, jak instytucje wdra\u017caj\u0105 praktyczne rozwi\u0105zania umo\u017cliwiaj\u0105ce lepsz\u0105 dost\u0119pno\u015b\u0107 i ponowne wykorzystanie zasob\u00f3w kultury.<\/p>\n<!-- \/wp:paragraph -->\n\n<!-- wp:paragraph -->\n<p><\/p>\n<!-- \/wp:paragraph -->\n\n<!-- wp:heading {\"level\":3,\"style\":{\"color\":{\"text\":\"#272727\"},\"elements\":{\"link\":{\"color\":{\"text\":\"#272727\"}}}}} -->\n<h3 class=\"wp-block-heading has-text-color has-link-color\" style=\"color:#272727\">Technologie 3D i nowe metody dokumentacji zabytk\u00f3w<\/h3>\n<!-- \/wp:heading -->\n\n<!-- wp:paragraph -->\n<p>Kolejne bloki tematyczne skupi\u0105 si\u0119 na praktycznym zastosowaniu innowacyjnych narz\u0119dzi, takich jak skanowanie 3D, fotogrametria, modele przestrzenne oraz tomografia optyczna.<br>Prelegenci przedstawi\u0105 przyk\u0142ady digitalizacji zabytk\u00f3w architektury i rze\u017aby, zastosowania technologii w ochronie dziedzictwa za granic\u0105, a tak\u017ce innowacyjnych bada\u0144 nad struktur\u0105 i materia\u0142ami dzie\u0142 sztuki.<\/p>\n<!-- \/wp:paragraph -->\n\n<!-- wp:paragraph -->\n<p>W programie pojawi\u0105 si\u0119 r\u00f3wnie\u017c prezentacje projekt\u00f3w archeologicznych z wykorzystaniem zaawansowanego mapowania laserowego oraz bada\u0144 nad dziedzictwem rdzennych i euroameryka\u0144skich spo\u0142eczno\u015bci.<\/p>\n<!-- \/wp:paragraph -->\n\n<!-- wp:paragraph -->\n<p><\/p>\n<!-- \/wp:paragraph -->\n\n<!-- wp:heading {\"level\":3,\"style\":{\"color\":{\"text\":\"#272727\"},\"elements\":{\"link\":{\"color\":{\"text\":\"#272727\"}}}}} -->\n<h3 class=\"wp-block-heading has-text-color has-link-color\" style=\"color:#272727\">Humanistyka cyfrowa i technologie immersyjne<\/h3>\n<!-- \/wp:heading -->\n\n<!-- wp:paragraph -->\n<p>Trzecia linia programowa obejmie projekty wykorzystuj\u0105ce VR, immersj\u0119 i interaktywne formy prezentacji dziedzictwa.<br>Uczestnicy poznaj\u0105 m.in.:<\/p>\n<!-- \/wp:paragraph -->\n\n<!-- wp:list -->\n<ul class=\"wp-block-list\"><!-- wp:list-item -->\n<li>sposoby \u201eo\u017cywiania\u201d archiwalnych wystaw,<\/li>\n<!-- \/wp:list-item -->\n\n<!-- wp:list-item -->\n<li>strategie tworzenia nowoczesnych ekspozycji muzealnych,<\/li>\n<!-- \/wp:list-item -->\n\n<!-- wp:list-item -->\n<li>wielkoformatowe, immersyjne narracje projektowane z my\u015bl\u0105 o odpowiedzialnym odbiorze,<\/li>\n<!-- \/wp:list-item -->\n\n<!-- wp:list-item -->\n<li>projekty \u0142\u0105cz\u0105ce sztuczn\u0105 inteligencj\u0119 i kultur\u0119 \u2013 od analizy rynku sztuki po kreacj\u0119 dzie\u0142.<\/li>\n<!-- \/wp:list-item --><\/ul>\n<!-- \/wp:list -->\n\n<!-- wp:paragraph -->\n<p>W\u015br\u00f3d przyk\u0142ad\u00f3w znajd\u0105 si\u0119 inicjatywy badawcze i muzealne, w kt\u00f3rych technologie pozwalaj\u0105 nie tylko dokumentowa\u0107, lecz tak\u017ce reinterpretowa\u0107 i tw\u00f3rczo przetwarza\u0107 dziedzictwo.<\/p>\n<!-- \/wp:paragraph -->\n\n<!-- wp:paragraph -->\n<p><\/p>\n<!-- \/wp:paragraph -->\n\n<!-- wp:heading {\"level\":3,\"style\":{\"color\":{\"text\":\"#272727\"},\"elements\":{\"link\":{\"color\":{\"text\":\"#272727\"}}}}} -->\n<h3 class=\"wp-block-heading has-text-color has-link-color\" style=\"color:#272727\">Bran\u017ce kreatywne, gry komputerowe i storytelling cyfrowy<\/h3>\n<!-- \/wp:heading -->\n\n<!-- wp:paragraph -->\n<p>Drugi dzie\u0144 konferencji obejmie r\u00f3wnie\u017c panel po\u015bwi\u0119cony roli tw\u00f3rc\u00f3w cyfrowych w budowaniu wsp\u00f3\u0142czesnego \u201esoft power\u201d kultury.<br>Poruszane tematy dotyczy\u0107 b\u0119d\u0105:<\/p>\n<!-- \/wp:paragraph -->\n\n<!-- wp:list -->\n<ul class=\"wp-block-list\"><!-- wp:list-item -->\n<li>gier komputerowych jako narz\u0119dzia popularyzacji historii i to\u017csamo\u015bci,<\/li>\n<!-- \/wp:list-item -->\n\n<!-- wp:list-item -->\n<li>wykorzystania multimedi\u00f3w do tworzenia wci\u0105gaj\u0105cych opowie\u015bci,<\/li>\n<!-- \/wp:list-item -->\n\n<!-- wp:list-item -->\n<li>przenikania lokalnych historii do globalnego obiegu kultury,<\/li>\n<!-- \/wp:list-item -->\n\n<!-- wp:list-item -->\n<li>nowych modeli narracji audiowizualnych.<\/li>\n<!-- \/wp:list-item --><\/ul>\n<!-- \/wp:list -->\n\n<!-- wp:paragraph -->\n<p>Prelegenci poka\u017c\u0105, jak wsp\u00f3\u0142praca pomi\u0119dzy instytucjami dziedzictwa a bran\u017cami kreatywnymi prowadzi do powstawania nowatorskich projekt\u00f3w, inspiruj\u0105cych zar\u00f3wno odbiorc\u00f3w, jak i badaczy.<\/p>\n<!-- \/wp:paragraph -->\n\n<!-- wp:paragraph -->\n<p><\/p>\n<!-- \/wp:paragraph -->\n\n<!-- wp:columns {\"verticalAlignment\":\"center\"} -->\n<div class=\"wp-block-columns are-vertically-aligned-center\"><!-- wp:column {\"verticalAlignment\":\"center\"} -->\n<div class=\"wp-block-column is-vertically-aligned-center\"><!-- wp:buttons {\"layout\":{\"type\":\"flex\",\"justifyContent\":\"center\"}} -->\n<div class=\"wp-block-buttons\"><!-- wp:button -->\n<div class=\"wp-block-button\"><a class=\"wp-block-button__link wp-element-button\" href=\"https:\/\/nid.pl\/wp-content\/uploads\/2025\/11\/ETHER-2025-program.pdf\" target=\"_blank\" rel=\"noreferrer noopener\">\u2b07\ufe0f POBIERZ <br>ETHER - Eternal Heritage \/ Wieczne Dziedzictwo<\/a><\/div>\n<!-- \/wp:button --><\/div>\n<!-- \/wp:buttons --><\/div>\n<!-- \/wp:column -->\n\n<!-- wp:column {\"verticalAlignment\":\"center\"} -->\n<div class=\"wp-block-column is-vertically-aligned-center\"><!-- wp:buttons {\"layout\":{\"type\":\"flex\",\"justifyContent\":\"center\"}} -->\n<div class=\"wp-block-buttons\"><!-- wp:button -->\n<div class=\"wp-block-button\"><a class=\"wp-block-button__link wp-element-button\" href=\"https:\/\/rejestracja.nid.pl\/konferencja_ether_2025\" target=\"_blank\" rel=\"noreferrer noopener\">\ud83d\udcdd ZAREJETRUJ SI\u0118!<br>ETHER - Eternal Heritage \/ Wieczne Dziedzictwo<\/a><\/div>\n<!-- \/wp:button --><\/div>\n<!-- \/wp:buttons --><\/div>\n<!-- \/wp:column --><\/div>\n<!-- \/wp:columns -->\n\n<!-- wp:paragraph -->\n<p><\/p>\n<!-- \/wp:paragraph -->\n\n<!-- wp:paragraph -->\n<p><\/p>\n<!-- \/wp:paragraph -->\n\n<!-- wp:paragraph -->\n<p><\/p>\n<!-- \/wp:paragraph -->\n\n<!-- wp:heading {\"level\":3,\"style\":{\"color\":{\"text\":\"#272727\"},\"elements\":{\"link\":{\"color\":{\"text\":\"#272727\"}}}}} -->\n<h3 class=\"wp-block-heading has-text-color has-link-color\" style=\"color:#272727\">Warsztaty digitalizacyjne \u2013 wydarzenie towarzysz\u0105ce ETHER 2025<\/h3>\n<!-- \/wp:heading -->\n\n<!-- wp:paragraph -->\n<p>R\u00f3wnolegle z konferencj\u0105 odb\u0119d\u0105 si\u0119 bezp\u0142atne warsztaty praktyczne z digitalizacji, dost\u0119pne w dw\u00f3ch jednodniowych rundach \u2013 3 i 4 grudnia 2025 r. w Muzeum Historii \u017byd\u00f3w Polskich POLIN (godz. 10:30\u201316:30).<\/p>\n<!-- \/wp:paragraph -->\n\n<!-- wp:paragraph -->\n<p>Wi\u0119cej informacji na stronie: <a href=\"https:\/\/nid.pl\/2025\/11\/18\/rejestracja-warsztaty-ether\/\" target=\"_blank\" rel=\"noreferrer noopener\"><strong>&lt;tutaj&gt;<\/strong><\/a><\/p>\n<!-- \/wp:paragraph -->\n\n<!-- wp:paragraph -->\n<p><\/p>\n<!-- \/wp:paragraph -->\n\n<!-- wp:paragraph -->\n<p><\/p>\n<!-- \/wp:paragraph -->\n\n<!-- wp:separator -->\n<hr class=\"wp-block-separator has-alpha-channel-opacity\"\/>\n<!-- \/wp:separator -->\n\n<!-- wp:paragraph -->\n<p>Organizatorem wydarzenia jest Narodowy Instytut Dziedzictwa, a wsp\u00f3\u0142organizatorami s\u0105 Muzeum Historii \u017byd\u00f3w Polskich POLIN oraz Narodowe Centrum Kultury.<\/p>\n<!-- \/wp:paragraph -->\n\n<!-- wp:paragraph -->\n<p>Konferencja zosta\u0142a obj\u0119ta honorowym patronatem Ministra Kultury i Dziedzictwa Narodowego oraz Polskiego Komitetu do spraw UNESCO. Partnerem wydarzenia jest Instytut Polonika.<\/p>\n<!-- \/wp:paragraph -->\n\n<!-- wp:paragraph -->\n<p>Patronami medialnymi konferencji s\u0105 TVP 3, TVP Kultura, Dw\u00f3jka - Program 2 Polskiego Radia, CD-Action, Artinfo.<\/p>\n<!-- \/wp:paragraph -->\n\n<!-- wp:paragraph -->\n<p>Organizacja Mi\u0119dzynarodowej Konferencji ETHER \u2013 Eternal Heritage \/ Wieczne Dziedzictwo zosta\u0142a dofinansowana ze \u015brodk\u00f3w Ministra Kultury i Dziedzictwa Narodowego, w ramach realizacji zadania \u201eDofinansowanie dzia\u0142alno\u015bci Centrum Kompetencji ds. digitalizacji zabytk\u00f3w\u201d.<\/p>\n<!-- \/wp:paragraph -->\n\n<!-- wp:paragraph -->\n<p><\/p>\n<!-- \/wp:paragraph -->\n\n<!-- wp:paragraph -->\n<p><\/p>\n<!-- \/wp:paragraph -->\n\n<!-- wp:image {\"lightbox\":{\"enabled\":false},\"id\":30609,\"width\":\"647px\",\"height\":\"auto\",\"sizeSlug\":\"large\",\"linkDestination\":\"custom\",\"align\":\"center\"} -->\n<figure class=\"wp-block-image aligncenter size-large is-resized\"><a href=\"https:\/\/rejestracja.nid.pl\/konferencja_ether_2025\" target=\"_blank\" rel=\" noreferrer noopener\"><img src=\"https:\/\/nid.pl\/wp-content\/uploads\/2025\/11\/ETHER_2025-rejestracja-kwadrat-2-1024x1024.jpg\" alt=\"\" class=\"wp-image-30609\" style=\"width:647px;height:auto\"\/><\/a><\/figure>\n<!-- \/wp:image -->","_et_gb_content_width":"","_monsterinsights_skip_tracking":false,"_monsterinsights_sitenote_active":false,"_monsterinsights_sitenote_note":"","_monsterinsights_sitenote_category":0,"footnotes":""},"categories":[3,116,124],"tags":[],"class_list":["post-30608","post","type-post","status-publish","format-standard","has-post-thumbnail","hentry","category-aktualnosci","category-centrum-kompetencji-ds-digitalizacji","category-ether"],"yoast_head":"<!-- This site is optimized with the Yoast SEO plugin v26.5 - https:\/\/yoast.com\/wordpress\/plugins\/seo\/ -->\n<title>3. edycja Mi\u0119dzynarodowej Konferencji ETHER \u2013 Eternal Heritage \/ Wieczne Dziedzictwo \u2013 rejestracja na wydarzenie - NID<\/title>\n<meta name=\"description\" content=\"Ruszy\u0142a rejestracja na Mi\u0119dzynarodow\u0105 Konferencj\u0119 ETHER \u2013 Eternal Heritage \/ Wieczne Dziedzictwo!\" \/>\n<meta name=\"robots\" content=\"index, follow, max-snippet:-1, max-image-preview:large, max-video-preview:-1\" \/>\n<link rel=\"canonical\" href=\"https:\/\/nid.pl\/en\/2025\/11\/19\/3-edycja-miedzynarodowej-konferencji-ether-rejestracja\/\" \/>\n<meta property=\"og:locale\" content=\"en_GB\" \/>\n<meta property=\"og:type\" content=\"article\" \/>\n<meta property=\"og:title\" content=\"3. edycja Mi\u0119dzynarodowej Konferencji ETHER \u2013 Eternal Heritage \/ Wieczne Dziedzictwo \u2013 rejestracja na wydarzenie - NID\" \/>\n<meta property=\"og:description\" content=\"Ruszy\u0142a rejestracja na Mi\u0119dzynarodow\u0105 Konferencj\u0119 ETHER \u2013 Eternal Heritage \/ Wieczne Dziedzictwo!\" \/>\n<meta property=\"og:url\" content=\"https:\/\/nid.pl\/en\/2025\/11\/19\/3-edycja-miedzynarodowej-konferencji-ether-rejestracja\/\" \/>\n<meta property=\"og:site_name\" content=\"NID\" \/>\n<meta property=\"article:publisher\" content=\"https:\/\/www.facebook.com\/zabytek\" \/>\n<meta property=\"article:published_time\" content=\"2025-11-19T17:46:14+00:00\" \/>\n<meta property=\"article:modified_time\" content=\"2025-11-28T09:08:41+00:00\" \/>\n<meta property=\"og:image\" content=\"https:\/\/nid.pl\/wp-content\/uploads\/2025\/11\/ETHER_2025.jpg\" \/>\n\t<meta property=\"og:image:width\" content=\"1875\" \/>\n\t<meta property=\"og:image:height\" content=\"1238\" \/>\n\t<meta property=\"og:image:type\" content=\"image\/jpeg\" \/>\n<meta name=\"author\" content=\"Barbara Halliop\" \/>\n<meta name=\"twitter:card\" content=\"summary_large_image\" \/>\n<meta name=\"twitter:creator\" content=\"@NarIDpl\" \/>\n<meta name=\"twitter:site\" content=\"@NarIDpl\" \/>\n<meta name=\"twitter:label1\" content=\"Written by\" \/>\n\t<meta name=\"twitter:data1\" content=\"Barbara Halliop\" \/>\n\t<meta name=\"twitter:label2\" content=\"Estimated reading time\" \/>\n\t<meta name=\"twitter:data2\" content=\"5 minutes\" \/>\n<script type=\"application\/ld+json\" class=\"yoast-schema-graph\">{\"@context\":\"https:\/\/schema.org\",\"@graph\":[{\"@type\":\"Article\",\"@id\":\"https:\/\/nid.pl\/2025\/11\/19\/3-edycja-miedzynarodowej-konferencji-ether-rejestracja\/#article\",\"isPartOf\":{\"@id\":\"https:\/\/nid.pl\/2025\/11\/19\/3-edycja-miedzynarodowej-konferencji-ether-rejestracja\/\"},\"author\":{\"name\":\"Barbara Halliop\",\"@id\":\"https:\/\/nid.pl\/#\/schema\/person\/1b690a8998a5111cfb9f0ffe24195a15\"},\"headline\":\"3. edycja Mi\u0119dzynarodowej Konferencji ETHER \u2013 Eternal Heritage \/ Wieczne Dziedzictwo \u2013 rejestracja na wydarzenie\",\"datePublished\":\"2025-11-19T17:46:14+00:00\",\"dateModified\":\"2025-11-28T09:08:41+00:00\",\"mainEntityOfPage\":{\"@id\":\"https:\/\/nid.pl\/2025\/11\/19\/3-edycja-miedzynarodowej-konferencji-ether-rejestracja\/\"},\"wordCount\":786,\"publisher\":{\"@id\":\"https:\/\/nid.pl\/#organization\"},\"image\":{\"@id\":\"https:\/\/nid.pl\/2025\/11\/19\/3-edycja-miedzynarodowej-konferencji-ether-rejestracja\/#primaryimage\"},\"thumbnailUrl\":\"https:\/\/nid.pl\/wp-content\/uploads\/2025\/11\/ETHER_2025.jpg\",\"articleSection\":[\"Aktualno\u015bci\",\"Centrum Kompetencji ds. Digitalizacji Zabytk\u00f3w\",\"ETHER\"],\"inLanguage\":\"en-GB\"},{\"@type\":\"WebPage\",\"@id\":\"https:\/\/nid.pl\/2025\/11\/19\/3-edycja-miedzynarodowej-konferencji-ether-rejestracja\/\",\"url\":\"https:\/\/nid.pl\/2025\/11\/19\/3-edycja-miedzynarodowej-konferencji-ether-rejestracja\/\",\"name\":\"3. edycja Mi\u0119dzynarodowej Konferencji ETHER \u2013 Eternal Heritage \/ Wieczne Dziedzictwo \u2013 rejestracja na wydarzenie - NID\",\"isPartOf\":{\"@id\":\"https:\/\/nid.pl\/#website\"},\"primaryImageOfPage\":{\"@id\":\"https:\/\/nid.pl\/2025\/11\/19\/3-edycja-miedzynarodowej-konferencji-ether-rejestracja\/#primaryimage\"},\"image\":{\"@id\":\"https:\/\/nid.pl\/2025\/11\/19\/3-edycja-miedzynarodowej-konferencji-ether-rejestracja\/#primaryimage\"},\"thumbnailUrl\":\"https:\/\/nid.pl\/wp-content\/uploads\/2025\/11\/ETHER_2025.jpg\",\"datePublished\":\"2025-11-19T17:46:14+00:00\",\"dateModified\":\"2025-11-28T09:08:41+00:00\",\"description\":\"Ruszy\u0142a rejestracja na Mi\u0119dzynarodow\u0105 Konferencj\u0119 ETHER \u2013 Eternal Heritage \/ Wieczne Dziedzictwo!\",\"breadcrumb\":{\"@id\":\"https:\/\/nid.pl\/2025\/11\/19\/3-edycja-miedzynarodowej-konferencji-ether-rejestracja\/#breadcrumb\"},\"inLanguage\":\"en-GB\",\"potentialAction\":[{\"@type\":\"ReadAction\",\"target\":[\"https:\/\/nid.pl\/2025\/11\/19\/3-edycja-miedzynarodowej-konferencji-ether-rejestracja\/\"]}]},{\"@type\":\"ImageObject\",\"inLanguage\":\"en-GB\",\"@id\":\"https:\/\/nid.pl\/2025\/11\/19\/3-edycja-miedzynarodowej-konferencji-ether-rejestracja\/#primaryimage\",\"url\":\"https:\/\/nid.pl\/wp-content\/uploads\/2025\/11\/ETHER_2025.jpg\",\"contentUrl\":\"https:\/\/nid.pl\/wp-content\/uploads\/2025\/11\/ETHER_2025.jpg\",\"width\":1875,\"height\":1238},{\"@type\":\"BreadcrumbList\",\"@id\":\"https:\/\/nid.pl\/2025\/11\/19\/3-edycja-miedzynarodowej-konferencji-ether-rejestracja\/#breadcrumb\",\"itemListElement\":[{\"@type\":\"ListItem\",\"position\":1,\"name\":\"Home\",\"item\":\"https:\/\/nid.pl\/\"},{\"@type\":\"ListItem\",\"position\":2,\"name\":\"3. edycja Mi\u0119dzynarodowej Konferencji ETHER \u2013 Eternal Heritage \/ Wieczne Dziedzictwo \u2013 rejestracja na wydarzenie\"}]},{\"@type\":\"WebSite\",\"@id\":\"https:\/\/nid.pl\/#website\",\"url\":\"https:\/\/nid.pl\/\",\"name\":\"NID\",\"description\":\"Narodowy Instytut Dziedzictwa\",\"publisher\":{\"@id\":\"https:\/\/nid.pl\/#organization\"},\"potentialAction\":[{\"@type\":\"SearchAction\",\"target\":{\"@type\":\"EntryPoint\",\"urlTemplate\":\"https:\/\/nid.pl\/?s={search_term_string}\"},\"query-input\":{\"@type\":\"PropertyValueSpecification\",\"valueRequired\":true,\"valueName\":\"search_term_string\"}}],\"inLanguage\":\"en-GB\"},{\"@type\":\"Organization\",\"@id\":\"https:\/\/nid.pl\/#organization\",\"name\":\"Narodowy Instytut Dziedzictwa\",\"url\":\"https:\/\/nid.pl\/\",\"logo\":{\"@type\":\"ImageObject\",\"inLanguage\":\"en-GB\",\"@id\":\"https:\/\/nid.pl\/#\/schema\/logo\/image\/\",\"url\":\"https:\/\/nid.pl\/wp-content\/uploads\/2022\/10\/logoRedDark.png\",\"contentUrl\":\"https:\/\/nid.pl\/wp-content\/uploads\/2022\/10\/logoRedDark.png\",\"width\":200,\"height\":197,\"caption\":\"Narodowy Instytut Dziedzictwa\"},\"image\":{\"@id\":\"https:\/\/nid.pl\/#\/schema\/logo\/image\/\"},\"sameAs\":[\"https:\/\/www.facebook.com\/zabytek\",\"https:\/\/x.com\/NarIDpl\",\"https:\/\/www.instagram.com\/nid.pl\/?hl=pl\",\"https:\/\/www.linkedin.com\/company\/narodowy-instytut-dziedzictwa\",\"https:\/\/www.youtube.com\/channel\/UCQXuhKa2uHtmNvLRUSx40JA\"]},{\"@type\":\"Person\",\"@id\":\"https:\/\/nid.pl\/#\/schema\/person\/1b690a8998a5111cfb9f0ffe24195a15\",\"name\":\"Barbara Halliop\",\"image\":{\"@type\":\"ImageObject\",\"inLanguage\":\"en-GB\",\"@id\":\"https:\/\/nid.pl\/#\/schema\/person\/image\/\",\"url\":\"https:\/\/nid.pl\/wp-content\/litespeed\/avatar\/924046d17dd0c842c9fa9ccf489bc6dc.jpg?ver=1777444967\",\"contentUrl\":\"https:\/\/nid.pl\/wp-content\/litespeed\/avatar\/924046d17dd0c842c9fa9ccf489bc6dc.jpg?ver=1777444967\",\"caption\":\"Barbara Halliop\"},\"url\":\"https:\/\/nid.pl\/en\/author\/bhalliop\/\"}]}<\/script>\n<!-- \/ Yoast SEO plugin. -->","yoast_head_json":{"title":"3. edycja Mi\u0119dzynarodowej Konferencji ETHER \u2013 Eternal Heritage \/ Wieczne Dziedzictwo \u2013 rejestracja na wydarzenie - NID","description":"Ruszy\u0142a rejestracja na Mi\u0119dzynarodow\u0105 Konferencj\u0119 ETHER \u2013 Eternal Heritage \/ Wieczne Dziedzictwo!","robots":{"index":"index","follow":"follow","max-snippet":"max-snippet:-1","max-image-preview":"max-image-preview:large","max-video-preview":"max-video-preview:-1"},"canonical":"https:\/\/nid.pl\/en\/2025\/11\/19\/3-edycja-miedzynarodowej-konferencji-ether-rejestracja\/","og_locale":"en_GB","og_type":"article","og_title":"3. edycja Mi\u0119dzynarodowej Konferencji ETHER \u2013 Eternal Heritage \/ Wieczne Dziedzictwo \u2013 rejestracja na wydarzenie - NID","og_description":"Ruszy\u0142a rejestracja na Mi\u0119dzynarodow\u0105 Konferencj\u0119 ETHER \u2013 Eternal Heritage \/ Wieczne Dziedzictwo!","og_url":"https:\/\/nid.pl\/en\/2025\/11\/19\/3-edycja-miedzynarodowej-konferencji-ether-rejestracja\/","og_site_name":"NID","article_publisher":"https:\/\/www.facebook.com\/zabytek","article_published_time":"2025-11-19T17:46:14+00:00","article_modified_time":"2025-11-28T09:08:41+00:00","og_image":[{"width":1875,"height":1238,"url":"https:\/\/nid.pl\/wp-content\/uploads\/2025\/11\/ETHER_2025.jpg","type":"image\/jpeg"}],"author":"Barbara Halliop","twitter_card":"summary_large_image","twitter_creator":"@NarIDpl","twitter_site":"@NarIDpl","twitter_misc":{"Written by":"Barbara Halliop","Estimated reading time":"5 minutes"},"schema":{"@context":"https:\/\/schema.org","@graph":[{"@type":"Article","@id":"https:\/\/nid.pl\/2025\/11\/19\/3-edycja-miedzynarodowej-konferencji-ether-rejestracja\/#article","isPartOf":{"@id":"https:\/\/nid.pl\/2025\/11\/19\/3-edycja-miedzynarodowej-konferencji-ether-rejestracja\/"},"author":{"name":"Barbara Halliop","@id":"https:\/\/nid.pl\/#\/schema\/person\/1b690a8998a5111cfb9f0ffe24195a15"},"headline":"3. edycja Mi\u0119dzynarodowej Konferencji ETHER \u2013 Eternal Heritage \/ Wieczne Dziedzictwo \u2013 rejestracja na wydarzenie","datePublished":"2025-11-19T17:46:14+00:00","dateModified":"2025-11-28T09:08:41+00:00","mainEntityOfPage":{"@id":"https:\/\/nid.pl\/2025\/11\/19\/3-edycja-miedzynarodowej-konferencji-ether-rejestracja\/"},"wordCount":786,"publisher":{"@id":"https:\/\/nid.pl\/#organization"},"image":{"@id":"https:\/\/nid.pl\/2025\/11\/19\/3-edycja-miedzynarodowej-konferencji-ether-rejestracja\/#primaryimage"},"thumbnailUrl":"https:\/\/nid.pl\/wp-content\/uploads\/2025\/11\/ETHER_2025.jpg","articleSection":["Aktualno\u015bci","Centrum Kompetencji ds. Digitalizacji Zabytk\u00f3w","ETHER"],"inLanguage":"en-GB"},{"@type":"WebPage","@id":"https:\/\/nid.pl\/2025\/11\/19\/3-edycja-miedzynarodowej-konferencji-ether-rejestracja\/","url":"https:\/\/nid.pl\/2025\/11\/19\/3-edycja-miedzynarodowej-konferencji-ether-rejestracja\/","name":"3. edycja Mi\u0119dzynarodowej Konferencji ETHER \u2013 Eternal Heritage \/ Wieczne Dziedzictwo \u2013 rejestracja na wydarzenie - NID","isPartOf":{"@id":"https:\/\/nid.pl\/#website"},"primaryImageOfPage":{"@id":"https:\/\/nid.pl\/2025\/11\/19\/3-edycja-miedzynarodowej-konferencji-ether-rejestracja\/#primaryimage"},"image":{"@id":"https:\/\/nid.pl\/2025\/11\/19\/3-edycja-miedzynarodowej-konferencji-ether-rejestracja\/#primaryimage"},"thumbnailUrl":"https:\/\/nid.pl\/wp-content\/uploads\/2025\/11\/ETHER_2025.jpg","datePublished":"2025-11-19T17:46:14+00:00","dateModified":"2025-11-28T09:08:41+00:00","description":"Ruszy\u0142a rejestracja na Mi\u0119dzynarodow\u0105 Konferencj\u0119 ETHER \u2013 Eternal Heritage \/ Wieczne Dziedzictwo!","breadcrumb":{"@id":"https:\/\/nid.pl\/2025\/11\/19\/3-edycja-miedzynarodowej-konferencji-ether-rejestracja\/#breadcrumb"},"inLanguage":"en-GB","potentialAction":[{"@type":"ReadAction","target":["https:\/\/nid.pl\/2025\/11\/19\/3-edycja-miedzynarodowej-konferencji-ether-rejestracja\/"]}]},{"@type":"ImageObject","inLanguage":"en-GB","@id":"https:\/\/nid.pl\/2025\/11\/19\/3-edycja-miedzynarodowej-konferencji-ether-rejestracja\/#primaryimage","url":"https:\/\/nid.pl\/wp-content\/uploads\/2025\/11\/ETHER_2025.jpg","contentUrl":"https:\/\/nid.pl\/wp-content\/uploads\/2025\/11\/ETHER_2025.jpg","width":1875,"height":1238},{"@type":"BreadcrumbList","@id":"https:\/\/nid.pl\/2025\/11\/19\/3-edycja-miedzynarodowej-konferencji-ether-rejestracja\/#breadcrumb","itemListElement":[{"@type":"ListItem","position":1,"name":"Home","item":"https:\/\/nid.pl\/"},{"@type":"ListItem","position":2,"name":"3. edycja Mi\u0119dzynarodowej Konferencji ETHER \u2013 Eternal Heritage \/ Wieczne Dziedzictwo \u2013 rejestracja na wydarzenie"}]},{"@type":"WebSite","@id":"https:\/\/nid.pl\/#website","url":"https:\/\/nid.pl\/","name":"NID","description":"Narodowy Instytut Dziedzictwa","publisher":{"@id":"https:\/\/nid.pl\/#organization"},"potentialAction":[{"@type":"SearchAction","target":{"@type":"EntryPoint","urlTemplate":"https:\/\/nid.pl\/?s={search_term_string}"},"query-input":{"@type":"PropertyValueSpecification","valueRequired":true,"valueName":"search_term_string"}}],"inLanguage":"en-GB"},{"@type":"Organization","@id":"https:\/\/nid.pl\/#organization","name":"Narodowy Instytut Dziedzictwa","url":"https:\/\/nid.pl\/","logo":{"@type":"ImageObject","inLanguage":"en-GB","@id":"https:\/\/nid.pl\/#\/schema\/logo\/image\/","url":"https:\/\/nid.pl\/wp-content\/uploads\/2022\/10\/logoRedDark.png","contentUrl":"https:\/\/nid.pl\/wp-content\/uploads\/2022\/10\/logoRedDark.png","width":200,"height":197,"caption":"Narodowy Instytut Dziedzictwa"},"image":{"@id":"https:\/\/nid.pl\/#\/schema\/logo\/image\/"},"sameAs":["https:\/\/www.facebook.com\/zabytek","https:\/\/x.com\/NarIDpl","https:\/\/www.instagram.com\/nid.pl\/?hl=pl","https:\/\/www.linkedin.com\/company\/narodowy-instytut-dziedzictwa","https:\/\/www.youtube.com\/channel\/UCQXuhKa2uHtmNvLRUSx40JA"]},{"@type":"Person","@id":"https:\/\/nid.pl\/#\/schema\/person\/1b690a8998a5111cfb9f0ffe24195a15","name":"Barbara Halliop","image":{"@type":"ImageObject","inLanguage":"en-GB","@id":"https:\/\/nid.pl\/#\/schema\/person\/image\/","url":"https:\/\/nid.pl\/wp-content\/litespeed\/avatar\/924046d17dd0c842c9fa9ccf489bc6dc.jpg?ver=1777444967","contentUrl":"https:\/\/nid.pl\/wp-content\/litespeed\/avatar\/924046d17dd0c842c9fa9ccf489bc6dc.jpg?ver=1777444967","caption":"Barbara Halliop"},"url":"https:\/\/nid.pl\/en\/author\/bhalliop\/"}]}},"_links":{"self":[{"href":"https:\/\/nid.pl\/en\/wp-json\/wp\/v2\/posts\/30608","targetHints":{"allow":["GET"]}}],"collection":[{"href":"https:\/\/nid.pl\/en\/wp-json\/wp\/v2\/posts"}],"about":[{"href":"https:\/\/nid.pl\/en\/wp-json\/wp\/v2\/types\/post"}],"author":[{"embeddable":true,"href":"https:\/\/nid.pl\/en\/wp-json\/wp\/v2\/users\/7"}],"replies":[{"embeddable":true,"href":"https:\/\/nid.pl\/en\/wp-json\/wp\/v2\/comments?post=30608"}],"version-history":[{"count":0,"href":"https:\/\/nid.pl\/en\/wp-json\/wp\/v2\/posts\/30608\/revisions"}],"wp:featuredmedia":[{"embeddable":true,"href":"https:\/\/nid.pl\/en\/wp-json\/wp\/v2\/media\/30607"}],"wp:attachment":[{"href":"https:\/\/nid.pl\/en\/wp-json\/wp\/v2\/media?parent=30608"}],"wp:term":[{"taxonomy":"category","embeddable":true,"href":"https:\/\/nid.pl\/en\/wp-json\/wp\/v2\/categories?post=30608"},{"taxonomy":"post_tag","embeddable":true,"href":"https:\/\/nid.pl\/en\/wp-json\/wp\/v2\/tags?post=30608"}],"curies":[{"name":"wp","href":"https:\/\/api.w.org\/{rel}","templated":true}]}}