{"id":30592,"date":"2025-11-19T11:57:42","date_gmt":"2025-11-19T10:57:42","guid":{"rendered":"https:\/\/nid.pl\/?p=30592"},"modified":"2025-11-19T12:00:47","modified_gmt":"2025-11-19T11:00:47","slug":"jesien-z-parkiem-muzakowskim-listopad","status":"publish","type":"post","link":"https:\/\/nid.pl\/en\/2025\/11\/19\/jesien-z-parkiem-muzakowskim-listopad\/","title":{"rendered":"Jesie\u0144 z Parkiem Mu\u017cakowskim &#8211; listopad"},"content":{"rendered":"<p class=\"has-medium-font-size\"><strong>Pod koniec listopada Park Mu\u017cakowski zaprasza na wydarzenie \u0142\u0105cz\u0105ce natur\u0119, histori\u0119 i literatur\u0119. W dniach 28\u201330 listopada w ramach \u201eJesieni z Parkiem Mu\u017cakowskim\u201d odb\u0119dzie si\u0119 cykl spacer\u00f3w i spotka\u0144, a jego kulminacj\u0105 b\u0119dzie promocja pierwszego polskiego wydania ksi\u0105\u017cki <em>Szkice o ogrodnictwie krajobrazowym<\/em> autorstwa tw\u00f3rcy parku, Hermanna von P\u00fccklera-Muskau.<\/strong><\/p>\n\n\n\n<p>Jesie\u0144 w Parku Mu\u017cakowskim to czas, gdy krajobraz nabiera wyj\u0105tkowych barw i nastroju. W ostatni weekend listopada park o\u017cyje dzi\u0119ki wydarzeniom przygotowanym przez Narodowy Instytut Dziedzictwa i Fundacj\u0119 \u201ePark Ksi\u0119cia P\u00fccklera Bad Muskau\u201d.<\/p>\n\n\n\n<p>W programie znajd\u0105 si\u0119 spacery w jesiennej scenerii, oprowadzania w j\u0119zyku polskim i niemieckim oraz spotkanie literackie po\u015bwi\u0119cone tw\u00f3rcy parku i jego wizji sztuki ogrodowej.<\/p>\n\n\n\n<p>Promocja pierwszego polskiego wydania <em>Szkic\u00f3w o ogrodnictwie krajobrazowym<\/em> to jeden z najwa\u017cniejszych punkt\u00f3w programu. O publikacji opowiedz\u0105 zaproszeni go\u015bcie, a aktor Dawid Ogrodnik przeczyta wybrane fragmenty, by ukaza\u0107 pe\u0142en uroku i b\u0142yskotliwo\u015bci styl autora.<\/p>\n\n\n\n<p>To propozycja dla wszystkich, kt\u00f3rzy chc\u0105 do\u015bwiadczy\u0107 parku w niecodzienny spos\u00f3b \u2013 po zmroku, w \u015bwietle dnia i poprzez s\u0142owa jego tw\u00f3rcy.<\/p>\n\n\n\n<p><strong>PROGRAM WYDARZE\u0143<\/strong><\/p>\n\n\n\n<p><strong>28 listopada (pi\u0105tek)<\/strong><\/p>\n\n\n\n<p><strong>17.30 \u2013 Spacer po zmroku \u2013 <\/strong>oprowadzanie w j\u0119zyku polskim i niemieckim\u00a0(czas zwiedzania: 2 godziny,prosimy o zabranie w\u0142asnych latarek); link do rejestracji: <a href=\"https:\/\/rejestracja.nid.pl\/jesien_z_parkiem_muzakowskim_listopad_spz_pl_2025\">&lt;tutaj><\/a>.<\/p>\n\n\n\n<p>To spacer dla odwa\u017cnych\u2013 w ciemno\u015bci, pod gwiazdami i w jesiennej aurze. Osoby uczestnicz\u0105ce wyrusz\u0105 w tras\u0119 po Parku Mu\u017cakowskim, by odkry\u0107 jego nocne oblicze. To wyj\u0105tkowa okazja do poznania parku w zupe\u0142nie innej scenerii i poczucia jego wyj\u0105tkowej atmosfery.<\/p>\n\n\n\n<p>Zbi\u00f3rka przy Punkcie Informacyjnym, ul. Hutnicza 19 w \u0141\u0119knicy. Wst\u0119p bezp\u0142atny, liczba miejsc jest ograniczona, decyduje kolejno\u015b\u0107 zg\u0142osze\u0144.<\/p>\n\n\n\n<p><strong>29 listopada (sobota)<\/strong><\/p>\n\n\n\n<p><strong>11.00 \u2013 Poznaj Park Mu\u017cakowski <\/strong>\u2013oprowadzanie w j\u0119zyku polskim\u00a0(czas zwiedzania: 1,5 godziny); link do rejestracji: <a href=\"https:\/\/rejestracja.nid.pl\/jesien_z_parkiem_muzakowskim_listopad_ppm_2025\">&lt;tutaj><\/a>.<\/p>\n\n\n\n<p><strong>11.30 \u2013<\/strong> <strong>Poznaj Park Mu\u017cakowski<\/strong> \u2013oprowadzanie w j\u0119zyku niemieckim\u00a0(czas zwiedzania: 1,5 godziny); link do rejestracji: <a href=\"https:\/\/rejestracja.nid.pl\/jesien_z_parkiem_muzakowskim_november_ppm_de_2025\">&lt;tutaj><\/a>.<\/p>\n\n\n\n<p>Podczas spaceru osoby uczestnicz\u0105ce poznaj\u0105 histori\u0119 parku oraz odwiedz\u0105 jego centraln\u0105 cz\u0119\u015b\u0107. Na oprowadzanie zapraszamy wszystkich, w tym r\u00f3wnie\u017c rodziny z dzie\u0107mi, osoby starsze i osoby z ograniczeniami ruchowymi. Trasa spaceru b\u0119dzie przebiega\u0107 przez najbardziej dost\u0119pne \u015bcie\u017cki parkowe.&nbsp;<\/p>\n\n\n\n<p>Zbi\u00f3rka przy Punkcie Informacyjnym, ul. Hutnicza 19 w \u0141\u0119knicy. Wst\u0119p bezp\u0142atny, liczba miejsc jest ograniczona, decyduje kolejno\u015b\u0107 zg\u0142osze\u0144.<\/p>\n\n\n\n<p><strong>UWAGA!<\/strong> Na powy\u017csze wydarzenia obowi\u0105zuje wst\u0119p wolny, ale liczba miejsc jest ograniczona \u2013 decyduje kolejno\u015b\u0107 zg\u0142osze\u0144.<\/p>\n\n\n\n<p><strong>30 listopada (niedziela)<\/strong><\/p>\n\n\n\n<p>12.00 \u2013 Spotkanie promocyjne ksi\u0105\u017cki Hermanna von P\u00fcckler-Muskau<em> Szkice o ogrodnictwie krajobrazowym<\/em>, Nowy Zamek<\/p>\n\n\n\n<p>Po niemal 200 latach od pierwszego wydania s\u0142ynny poradnik za\u0142o\u017cyciela Parku Mu\u017cakowskiego doczeka\u0142 si\u0119 pierwszej polskiej edycji! Porozmawiamy o autorze, jego niezwyk\u0142ej ksi\u0105\u017cce i jej bohaterze \u2013 samym parku. Dzi\u0119ki Dawidowi Ogrodnikowi, kt\u00f3ry przeczyta fragmenty ksi\u0105\u017cki, przekonamy si\u0119 te\u017c, \u017ce zosta\u0142a napisana b\u0142yskotliwym i pe\u0142nym uroku j\u0119zykiem.<\/p>\n\n\n\n<p>Po spotkaniu zapraszamy na spacer trasami wyznaczonymi niegdy\u015b przez samego P\u00fccklera.<\/p>\n\n\n\n<p><strong>UWAGA! <\/strong>Na promocj\u0119 ksi\u0105\u017cki obowi\u0105zuje wst\u0119p wolny, bez wcze\u015bniejszej rejestracji.<\/p>\n\n\n\n<p>Wydarzenie \u201eJesie\u0144 z Parkiem Mu\u017cakowskim\u201d sfinansowano ze \u015brodk\u00f3w Programu Wsp\u00f3\u0142pracy INTERREG 2021\u20132027 i Ministra Kultury i Dziedzictwa Narodowego.&nbsp;<\/p>\n\n\n\n<p>Wydarzenie organizowane przez Narodowy Instytut Dziedzictwa we wsp\u00f3\u0142pracy z Fundacj\u0105 \u201ePark Ksi\u0119cia P\u00fccklera Bad Muskau\u201d.&nbsp;<\/p>\n\n\n\n<figure class=\"wp-block-image aligncenter size-large is-resized\"><img loading=\"lazy\" decoding=\"async\" width=\"1024\" height=\"1024\" src=\"https:\/\/nid.pl\/wp-content\/uploads\/2025\/11\/Post-FB-PL-1024x1024.jpg\" alt=\"\" class=\"wp-image-30594\" style=\"width:609px;height:auto\" srcset=\"https:\/\/nid.pl\/wp-content\/uploads\/2025\/11\/Post-FB-PL-1024x1024.jpg 1024w, https:\/\/nid.pl\/wp-content\/uploads\/2025\/11\/Post-FB-PL-980x980.jpg 980w, https:\/\/nid.pl\/wp-content\/uploads\/2025\/11\/Post-FB-PL-480x480.jpg 480w\" sizes=\"(min-width: 0px) and (max-width: 480px) 480px, (min-width: 481px) and (max-width: 980px) 980px, (min-width: 981px) 1024px, 100vw\" \/><\/figure>","protected":false},"excerpt":{"rendered":"<p>Pod koniec listopada Park Mu\u017cakowski zaprasza na wydarzenie \u0142\u0105cz\u0105ce natur\u0119, histori\u0119 i literatur\u0119. W dniach 28\u201330 listopada w ramach \u201eJesieni z Parkiem Mu\u017cakowskim\u201d odb\u0119dzie si\u0119 cykl spacer\u00f3w i spotka\u0144, a [&hellip;]<\/p>","protected":false},"author":17,"featured_media":30596,"comment_status":"closed","ping_status":"closed","sticky":false,"template":"","format":"standard","meta":{"_et_pb_use_builder":"off","_et_pb_old_content":"","_et_gb_content_width":"","_monsterinsights_skip_tracking":false,"_monsterinsights_sitenote_active":false,"_monsterinsights_sitenote_note":"","_monsterinsights_sitenote_category":0,"footnotes":""},"categories":[3],"tags":[],"class_list":["post-30592","post","type-post","status-publish","format-standard","has-post-thumbnail","hentry","category-aktualnosci"],"yoast_head":"<!-- This site is optimized with the Yoast SEO plugin v26.5 - https:\/\/yoast.com\/wordpress\/plugins\/seo\/ -->\n<title>Jesie\u0144 z Parkiem Mu\u017cakowskim - listopad - NID<\/title>\n<meta name=\"robots\" content=\"index, follow, max-snippet:-1, max-image-preview:large, max-video-preview:-1\" \/>\n<link rel=\"canonical\" href=\"https:\/\/nid.pl\/en\/2025\/11\/19\/jesien-z-parkiem-muzakowskim-listopad\/\" \/>\n<meta property=\"og:locale\" content=\"en_GB\" \/>\n<meta property=\"og:type\" content=\"article\" \/>\n<meta property=\"og:title\" content=\"Jesie\u0144 z Parkiem Mu\u017cakowskim - listopad - NID\" \/>\n<meta property=\"og:description\" content=\"Pod koniec listopada Park Mu\u017cakowski zaprasza na wydarzenie \u0142\u0105cz\u0105ce natur\u0119, histori\u0119 i literatur\u0119. W dniach 28\u201330 listopada w ramach \u201eJesieni z Parkiem Mu\u017cakowskim\u201d odb\u0119dzie si\u0119 cykl spacer\u00f3w i spotka\u0144, a [&hellip;]\" \/>\n<meta property=\"og:url\" content=\"https:\/\/nid.pl\/en\/2025\/11\/19\/jesien-z-parkiem-muzakowskim-listopad\/\" \/>\n<meta property=\"og:site_name\" content=\"NID\" \/>\n<meta property=\"article:publisher\" content=\"https:\/\/www.facebook.com\/zabytek\" \/>\n<meta property=\"article:published_time\" content=\"2025-11-19T10:57:42+00:00\" \/>\n<meta property=\"article:modified_time\" content=\"2025-11-19T11:00:47+00:00\" \/>\n<meta property=\"og:image\" content=\"https:\/\/nid.pl\/wp-content\/uploads\/2025\/11\/miniatura-www-NID-glowny-5.jpg\" \/>\n\t<meta property=\"og:image:width\" content=\"1200\" \/>\n\t<meta property=\"og:image:height\" content=\"800\" \/>\n\t<meta property=\"og:image:type\" content=\"image\/jpeg\" \/>\n<meta name=\"author\" content=\"Magdalena Karpi\u0144ska\" \/>\n<meta name=\"twitter:card\" content=\"summary_large_image\" \/>\n<meta name=\"twitter:creator\" content=\"@NarIDpl\" \/>\n<meta name=\"twitter:site\" content=\"@NarIDpl\" \/>\n<meta name=\"twitter:label1\" content=\"Written by\" \/>\n\t<meta name=\"twitter:data1\" content=\"Magdalena Karpi\u0144ska\" \/>\n\t<meta name=\"twitter:label2\" content=\"Estimated reading time\" \/>\n\t<meta name=\"twitter:data2\" content=\"4 minutes\" \/>\n<script type=\"application\/ld+json\" class=\"yoast-schema-graph\">{\"@context\":\"https:\/\/schema.org\",\"@graph\":[{\"@type\":\"Article\",\"@id\":\"https:\/\/nid.pl\/2025\/11\/19\/jesien-z-parkiem-muzakowskim-listopad\/#article\",\"isPartOf\":{\"@id\":\"https:\/\/nid.pl\/2025\/11\/19\/jesien-z-parkiem-muzakowskim-listopad\/\"},\"author\":{\"name\":\"Magdalena Karpi\u0144ska\",\"@id\":\"https:\/\/nid.pl\/#\/schema\/person\/e4f08cf2d901574a0bf4bc5a724d3c45\"},\"headline\":\"Jesie\u0144 z Parkiem Mu\u017cakowskim &#8211; listopad\",\"datePublished\":\"2025-11-19T10:57:42+00:00\",\"dateModified\":\"2025-11-19T11:00:47+00:00\",\"mainEntityOfPage\":{\"@id\":\"https:\/\/nid.pl\/2025\/11\/19\/jesien-z-parkiem-muzakowskim-listopad\/\"},\"wordCount\":556,\"publisher\":{\"@id\":\"https:\/\/nid.pl\/#organization\"},\"image\":{\"@id\":\"https:\/\/nid.pl\/2025\/11\/19\/jesien-z-parkiem-muzakowskim-listopad\/#primaryimage\"},\"thumbnailUrl\":\"https:\/\/nid.pl\/wp-content\/uploads\/2025\/11\/miniatura-www-NID-glowny-5.jpg\",\"articleSection\":[\"Aktualno\u015bci\"],\"inLanguage\":\"en-GB\"},{\"@type\":\"WebPage\",\"@id\":\"https:\/\/nid.pl\/2025\/11\/19\/jesien-z-parkiem-muzakowskim-listopad\/\",\"url\":\"https:\/\/nid.pl\/2025\/11\/19\/jesien-z-parkiem-muzakowskim-listopad\/\",\"name\":\"Jesie\u0144 z Parkiem Mu\u017cakowskim - listopad - NID\",\"isPartOf\":{\"@id\":\"https:\/\/nid.pl\/#website\"},\"primaryImageOfPage\":{\"@id\":\"https:\/\/nid.pl\/2025\/11\/19\/jesien-z-parkiem-muzakowskim-listopad\/#primaryimage\"},\"image\":{\"@id\":\"https:\/\/nid.pl\/2025\/11\/19\/jesien-z-parkiem-muzakowskim-listopad\/#primaryimage\"},\"thumbnailUrl\":\"https:\/\/nid.pl\/wp-content\/uploads\/2025\/11\/miniatura-www-NID-glowny-5.jpg\",\"datePublished\":\"2025-11-19T10:57:42+00:00\",\"dateModified\":\"2025-11-19T11:00:47+00:00\",\"breadcrumb\":{\"@id\":\"https:\/\/nid.pl\/2025\/11\/19\/jesien-z-parkiem-muzakowskim-listopad\/#breadcrumb\"},\"inLanguage\":\"en-GB\",\"potentialAction\":[{\"@type\":\"ReadAction\",\"target\":[\"https:\/\/nid.pl\/2025\/11\/19\/jesien-z-parkiem-muzakowskim-listopad\/\"]}]},{\"@type\":\"ImageObject\",\"inLanguage\":\"en-GB\",\"@id\":\"https:\/\/nid.pl\/2025\/11\/19\/jesien-z-parkiem-muzakowskim-listopad\/#primaryimage\",\"url\":\"https:\/\/nid.pl\/wp-content\/uploads\/2025\/11\/miniatura-www-NID-glowny-5.jpg\",\"contentUrl\":\"https:\/\/nid.pl\/wp-content\/uploads\/2025\/11\/miniatura-www-NID-glowny-5.jpg\",\"width\":1200,\"height\":800,\"caption\":\"grafika drzewa\"},{\"@type\":\"BreadcrumbList\",\"@id\":\"https:\/\/nid.pl\/2025\/11\/19\/jesien-z-parkiem-muzakowskim-listopad\/#breadcrumb\",\"itemListElement\":[{\"@type\":\"ListItem\",\"position\":1,\"name\":\"Home\",\"item\":\"https:\/\/nid.pl\/\"},{\"@type\":\"ListItem\",\"position\":2,\"name\":\"Jesie\u0144 z Parkiem Mu\u017cakowskim &#8211; listopad\"}]},{\"@type\":\"WebSite\",\"@id\":\"https:\/\/nid.pl\/#website\",\"url\":\"https:\/\/nid.pl\/\",\"name\":\"NID\",\"description\":\"Narodowy Instytut Dziedzictwa\",\"publisher\":{\"@id\":\"https:\/\/nid.pl\/#organization\"},\"potentialAction\":[{\"@type\":\"SearchAction\",\"target\":{\"@type\":\"EntryPoint\",\"urlTemplate\":\"https:\/\/nid.pl\/?s={search_term_string}\"},\"query-input\":{\"@type\":\"PropertyValueSpecification\",\"valueRequired\":true,\"valueName\":\"search_term_string\"}}],\"inLanguage\":\"en-GB\"},{\"@type\":\"Organization\",\"@id\":\"https:\/\/nid.pl\/#organization\",\"name\":\"Narodowy Instytut Dziedzictwa\",\"url\":\"https:\/\/nid.pl\/\",\"logo\":{\"@type\":\"ImageObject\",\"inLanguage\":\"en-GB\",\"@id\":\"https:\/\/nid.pl\/#\/schema\/logo\/image\/\",\"url\":\"https:\/\/nid.pl\/wp-content\/uploads\/2022\/10\/logoRedDark.png\",\"contentUrl\":\"https:\/\/nid.pl\/wp-content\/uploads\/2022\/10\/logoRedDark.png\",\"width\":200,\"height\":197,\"caption\":\"Narodowy Instytut Dziedzictwa\"},\"image\":{\"@id\":\"https:\/\/nid.pl\/#\/schema\/logo\/image\/\"},\"sameAs\":[\"https:\/\/www.facebook.com\/zabytek\",\"https:\/\/x.com\/NarIDpl\",\"https:\/\/www.instagram.com\/nid.pl\/?hl=pl\",\"https:\/\/www.linkedin.com\/company\/narodowy-instytut-dziedzictwa\",\"https:\/\/www.youtube.com\/channel\/UCQXuhKa2uHtmNvLRUSx40JA\"]},{\"@type\":\"Person\",\"@id\":\"https:\/\/nid.pl\/#\/schema\/person\/e4f08cf2d901574a0bf4bc5a724d3c45\",\"name\":\"Magdalena Karpi\u0144ska\",\"image\":{\"@type\":\"ImageObject\",\"inLanguage\":\"en-GB\",\"@id\":\"https:\/\/nid.pl\/#\/schema\/person\/image\/\",\"url\":\"https:\/\/nid.pl\/wp-content\/litespeed\/avatar\/d642095868062d0e7a0dbc29a5e0400e.jpg?ver=1777281167\",\"contentUrl\":\"https:\/\/nid.pl\/wp-content\/litespeed\/avatar\/d642095868062d0e7a0dbc29a5e0400e.jpg?ver=1777281167\",\"caption\":\"Magdalena Karpi\u0144ska\"},\"url\":\"https:\/\/nid.pl\/en\/author\/mkarpinska\/\"}]}<\/script>\n<!-- \/ Yoast SEO plugin. -->","yoast_head_json":{"title":"Jesie\u0144 z Parkiem Mu\u017cakowskim - listopad - NID","robots":{"index":"index","follow":"follow","max-snippet":"max-snippet:-1","max-image-preview":"max-image-preview:large","max-video-preview":"max-video-preview:-1"},"canonical":"https:\/\/nid.pl\/en\/2025\/11\/19\/jesien-z-parkiem-muzakowskim-listopad\/","og_locale":"en_GB","og_type":"article","og_title":"Jesie\u0144 z Parkiem Mu\u017cakowskim - listopad - NID","og_description":"Pod koniec listopada Park Mu\u017cakowski zaprasza na wydarzenie \u0142\u0105cz\u0105ce natur\u0119, histori\u0119 i literatur\u0119. W dniach 28\u201330 listopada w ramach \u201eJesieni z Parkiem Mu\u017cakowskim\u201d odb\u0119dzie si\u0119 cykl spacer\u00f3w i spotka\u0144, a [&hellip;]","og_url":"https:\/\/nid.pl\/en\/2025\/11\/19\/jesien-z-parkiem-muzakowskim-listopad\/","og_site_name":"NID","article_publisher":"https:\/\/www.facebook.com\/zabytek","article_published_time":"2025-11-19T10:57:42+00:00","article_modified_time":"2025-11-19T11:00:47+00:00","og_image":[{"width":1200,"height":800,"url":"https:\/\/nid.pl\/wp-content\/uploads\/2025\/11\/miniatura-www-NID-glowny-5.jpg","type":"image\/jpeg"}],"author":"Magdalena Karpi\u0144ska","twitter_card":"summary_large_image","twitter_creator":"@NarIDpl","twitter_site":"@NarIDpl","twitter_misc":{"Written by":"Magdalena Karpi\u0144ska","Estimated reading time":"4 minutes"},"schema":{"@context":"https:\/\/schema.org","@graph":[{"@type":"Article","@id":"https:\/\/nid.pl\/2025\/11\/19\/jesien-z-parkiem-muzakowskim-listopad\/#article","isPartOf":{"@id":"https:\/\/nid.pl\/2025\/11\/19\/jesien-z-parkiem-muzakowskim-listopad\/"},"author":{"name":"Magdalena Karpi\u0144ska","@id":"https:\/\/nid.pl\/#\/schema\/person\/e4f08cf2d901574a0bf4bc5a724d3c45"},"headline":"Jesie\u0144 z Parkiem Mu\u017cakowskim &#8211; listopad","datePublished":"2025-11-19T10:57:42+00:00","dateModified":"2025-11-19T11:00:47+00:00","mainEntityOfPage":{"@id":"https:\/\/nid.pl\/2025\/11\/19\/jesien-z-parkiem-muzakowskim-listopad\/"},"wordCount":556,"publisher":{"@id":"https:\/\/nid.pl\/#organization"},"image":{"@id":"https:\/\/nid.pl\/2025\/11\/19\/jesien-z-parkiem-muzakowskim-listopad\/#primaryimage"},"thumbnailUrl":"https:\/\/nid.pl\/wp-content\/uploads\/2025\/11\/miniatura-www-NID-glowny-5.jpg","articleSection":["Aktualno\u015bci"],"inLanguage":"en-GB"},{"@type":"WebPage","@id":"https:\/\/nid.pl\/2025\/11\/19\/jesien-z-parkiem-muzakowskim-listopad\/","url":"https:\/\/nid.pl\/2025\/11\/19\/jesien-z-parkiem-muzakowskim-listopad\/","name":"Jesie\u0144 z Parkiem Mu\u017cakowskim - listopad - NID","isPartOf":{"@id":"https:\/\/nid.pl\/#website"},"primaryImageOfPage":{"@id":"https:\/\/nid.pl\/2025\/11\/19\/jesien-z-parkiem-muzakowskim-listopad\/#primaryimage"},"image":{"@id":"https:\/\/nid.pl\/2025\/11\/19\/jesien-z-parkiem-muzakowskim-listopad\/#primaryimage"},"thumbnailUrl":"https:\/\/nid.pl\/wp-content\/uploads\/2025\/11\/miniatura-www-NID-glowny-5.jpg","datePublished":"2025-11-19T10:57:42+00:00","dateModified":"2025-11-19T11:00:47+00:00","breadcrumb":{"@id":"https:\/\/nid.pl\/2025\/11\/19\/jesien-z-parkiem-muzakowskim-listopad\/#breadcrumb"},"inLanguage":"en-GB","potentialAction":[{"@type":"ReadAction","target":["https:\/\/nid.pl\/2025\/11\/19\/jesien-z-parkiem-muzakowskim-listopad\/"]}]},{"@type":"ImageObject","inLanguage":"en-GB","@id":"https:\/\/nid.pl\/2025\/11\/19\/jesien-z-parkiem-muzakowskim-listopad\/#primaryimage","url":"https:\/\/nid.pl\/wp-content\/uploads\/2025\/11\/miniatura-www-NID-glowny-5.jpg","contentUrl":"https:\/\/nid.pl\/wp-content\/uploads\/2025\/11\/miniatura-www-NID-glowny-5.jpg","width":1200,"height":800,"caption":"grafika drzewa"},{"@type":"BreadcrumbList","@id":"https:\/\/nid.pl\/2025\/11\/19\/jesien-z-parkiem-muzakowskim-listopad\/#breadcrumb","itemListElement":[{"@type":"ListItem","position":1,"name":"Home","item":"https:\/\/nid.pl\/"},{"@type":"ListItem","position":2,"name":"Jesie\u0144 z Parkiem Mu\u017cakowskim &#8211; listopad"}]},{"@type":"WebSite","@id":"https:\/\/nid.pl\/#website","url":"https:\/\/nid.pl\/","name":"NID","description":"Narodowy Instytut Dziedzictwa","publisher":{"@id":"https:\/\/nid.pl\/#organization"},"potentialAction":[{"@type":"SearchAction","target":{"@type":"EntryPoint","urlTemplate":"https:\/\/nid.pl\/?s={search_term_string}"},"query-input":{"@type":"PropertyValueSpecification","valueRequired":true,"valueName":"search_term_string"}}],"inLanguage":"en-GB"},{"@type":"Organization","@id":"https:\/\/nid.pl\/#organization","name":"Narodowy Instytut Dziedzictwa","url":"https:\/\/nid.pl\/","logo":{"@type":"ImageObject","inLanguage":"en-GB","@id":"https:\/\/nid.pl\/#\/schema\/logo\/image\/","url":"https:\/\/nid.pl\/wp-content\/uploads\/2022\/10\/logoRedDark.png","contentUrl":"https:\/\/nid.pl\/wp-content\/uploads\/2022\/10\/logoRedDark.png","width":200,"height":197,"caption":"Narodowy Instytut Dziedzictwa"},"image":{"@id":"https:\/\/nid.pl\/#\/schema\/logo\/image\/"},"sameAs":["https:\/\/www.facebook.com\/zabytek","https:\/\/x.com\/NarIDpl","https:\/\/www.instagram.com\/nid.pl\/?hl=pl","https:\/\/www.linkedin.com\/company\/narodowy-instytut-dziedzictwa","https:\/\/www.youtube.com\/channel\/UCQXuhKa2uHtmNvLRUSx40JA"]},{"@type":"Person","@id":"https:\/\/nid.pl\/#\/schema\/person\/e4f08cf2d901574a0bf4bc5a724d3c45","name":"Magdalena Karpi\u0144ska","image":{"@type":"ImageObject","inLanguage":"en-GB","@id":"https:\/\/nid.pl\/#\/schema\/person\/image\/","url":"https:\/\/nid.pl\/wp-content\/litespeed\/avatar\/d642095868062d0e7a0dbc29a5e0400e.jpg?ver=1777281167","contentUrl":"https:\/\/nid.pl\/wp-content\/litespeed\/avatar\/d642095868062d0e7a0dbc29a5e0400e.jpg?ver=1777281167","caption":"Magdalena Karpi\u0144ska"},"url":"https:\/\/nid.pl\/en\/author\/mkarpinska\/"}]}},"_links":{"self":[{"href":"https:\/\/nid.pl\/en\/wp-json\/wp\/v2\/posts\/30592","targetHints":{"allow":["GET"]}}],"collection":[{"href":"https:\/\/nid.pl\/en\/wp-json\/wp\/v2\/posts"}],"about":[{"href":"https:\/\/nid.pl\/en\/wp-json\/wp\/v2\/types\/post"}],"author":[{"embeddable":true,"href":"https:\/\/nid.pl\/en\/wp-json\/wp\/v2\/users\/17"}],"replies":[{"embeddable":true,"href":"https:\/\/nid.pl\/en\/wp-json\/wp\/v2\/comments?post=30592"}],"version-history":[{"count":0,"href":"https:\/\/nid.pl\/en\/wp-json\/wp\/v2\/posts\/30592\/revisions"}],"wp:featuredmedia":[{"embeddable":true,"href":"https:\/\/nid.pl\/en\/wp-json\/wp\/v2\/media\/30596"}],"wp:attachment":[{"href":"https:\/\/nid.pl\/en\/wp-json\/wp\/v2\/media?parent=30592"}],"wp:term":[{"taxonomy":"category","embeddable":true,"href":"https:\/\/nid.pl\/en\/wp-json\/wp\/v2\/categories?post=30592"},{"taxonomy":"post_tag","embeddable":true,"href":"https:\/\/nid.pl\/en\/wp-json\/wp\/v2\/tags?post=30592"}],"curies":[{"name":"wp","href":"https:\/\/api.w.org\/{rel}","templated":true}]}}