{"id":30567,"date":"2025-11-18T16:32:29","date_gmt":"2025-11-18T15:32:29","guid":{"rendered":"https:\/\/nid.pl\/?p=30567"},"modified":"2025-11-20T09:15:46","modified_gmt":"2025-11-20T08:15:46","slug":"rejestracja-warsztaty-ether","status":"publish","type":"post","link":"https:\/\/nid.pl\/en\/2025\/11\/18\/rejestracja-warsztaty-ether\/","title":{"rendered":"Ruszy\u0142a rejestracja na warsztaty digitalizacyjne towarzysz\u0105ce 3. edycji Mi\u0119dzynarodowej Konferencji ETHER \u2013 Eternal Heritage \/ Wieczne Dziedzictwo"},"content":{"rendered":"<p><strong> Narodowy Instytut Dziedzictwa zaprasza na specjalistyczne warsztaty digitalizacyjne, kt\u00f3re odb\u0119d\u0105 si\u0119 3 i 4 grudnia 2025 r. w Muzeum Historii \u017byd\u00f3w Polskich POLIN w Warszawie, jako wydarzenia towarzysz\u0105ce Mi\u0119dzynarodowej Konferencji ETHER \u2013 Eternal Heritage \/ Wieczne Dziedzictwo. Ka\u017cdy z dw\u00f3ch dni warsztatowych stanowi oddzielny modu\u0142 szkoleniowy, umo\u017cliwiaj\u0105c udzia\u0142 zar\u00f3wno w jednym wybranym bloku, jak i w obu.<\/strong><\/p>\n\n\n\n<p><\/p>\n\n\n\n<h3 class=\"wp-block-heading\"><strong><mark style=\"background-color:#50748e\" class=\"has-inline-color has-white-color\">Warsztat \u201eDigitalizacja p\u0142askich obiekt\u00f3w dziedzictwa kultury\u201d<\/mark><\/strong><\/h3>\n\n\n\n<p>Podczas warsztatu uczestnicy poznaj\u0105 zasady tworzenia wysokiej jako\u015bci odwzorowa\u0144 cyfrowych p\u0142askich obiekt\u00f3w z wykorzystaniem aparat\u00f3w cyfrowych. \u0106wiczenia obejm\u0105 prac\u0119 zar\u00f3wno z materia\u0142ami refleksyjnymi w \u015bwietle odbitym (np. papier), jak i z materia\u0142ami transparentnymi w \u015bwietle przechodz\u0105cym (np. negatywy). Om\u00f3wione zostan\u0105 zar\u00f3wno podstawy, jak i praktyczne aspekty zarz\u0105dzania barw\u0105. Nast\u0119pnie wsp\u00f3lnie zbudujemy i krok po kroku skalibrujemy stanowiska digitalizacyjne.<\/p>\n\n\n\n<p>Uczestnicy zapoznaj\u0105 si\u0119 tak\u017ce z procedurami kontroli jako\u015bci zgodnymi z wytycznymi FADGI, Metamorfoze oraz norm\u0105 ISO 19264. W trakcie wymiany do\u015bwiadcze\u0144 om\u00f3wione zostan\u0105 najcz\u0119stsze problemy oraz praktyczne wskaz\u00f3wki i sprawdzone rozwi\u0105zania.<\/p>\n\n\n\n<p><strong>Warunkiem udzia\u0142u jest posiadanie sprz\u0119tu oraz zainstalowanego oprogramowania zgodnego z poni\u017csz\u0105 specyfikacj\u0105:<\/strong><\/p>\n\n\n\n<p><strong>Wymagania sprz\u0119towe:<\/strong><\/p>\n\n\n\n<ul class=\"wp-block-list\">\n<li>laptop<\/li>\n<\/ul>\n\n\n\n<p><strong>Oprogramowanie:<\/strong><\/p>\n\n\n\n<ul class=\"wp-block-list\">\n<li>OpenDICE<\/li>\n\n\n\n<li>opcjonalnie: konto na platformie Nimbus QA lub oprogramowanie iQ-Analyzer-X (wersja darmowa) lub oprogramowanie iQ-Analyzer-X (wersja darmowa)<\/li>\n\n\n\n<li>opcjonalnie: aparat fotograficzny<\/li>\n\n\n\n<li>opcjonalnie: program do tetheringu (np. Capture One Pro lub Lightroom)<\/li>\n<\/ul>\n\n\n\n<p><\/p>\n\n\n\n<div class=\"wp-block-columns is-layout-flex wp-container-core-columns-is-layout-9d6595d7 wp-block-columns-is-layout-flex\">\n<div class=\"wp-block-column is-layout-flow wp-block-column-is-layout-flow\">\n<p class=\"has-text-align-center\"><strong>3 grudnia 2025, godz. 10.30-16.30<\/strong><\/p>\n\n\n\n<div class=\"wp-block-buttons is-content-justification-center is-layout-flex wp-container-core-buttons-is-layout-16018d1d wp-block-buttons-is-layout-flex\">\n<div class=\"wp-block-button\"><a class=\"wp-block-button__link wp-element-button\" href=\"https:\/\/rejestracja.nid.pl\/ether_digitalizacja_obiektow_plaskich_03_12_2025\" target=\"_blank\" rel=\"noreferrer noopener\">\ud83d\udcdd Zarejestruj si\u0119!<\/a><\/div>\n<\/div>\n<\/div>\n\n\n\n<div class=\"wp-block-column is-layout-flow wp-block-column-is-layout-flow\">\n<p class=\"has-text-align-center\"><strong>4 grudnia 2025, godz. 10.30-16.30<\/strong><\/p>\n\n\n\n<div class=\"wp-block-buttons is-content-justification-center is-layout-flex wp-container-core-buttons-is-layout-16018d1d wp-block-buttons-is-layout-flex\">\n<div class=\"wp-block-button\"><a class=\"wp-block-button__link wp-element-button\" href=\"https:\/\/rejestracja.nid.pl\/ether_digitalizacja_obiektow_plaskich_04_12_2025\" target=\"_blank\" rel=\"noreferrer noopener\">\ud83d\udcddZarejestruj si\u0119!<\/a><\/div>\n<\/div>\n<\/div>\n<\/div>\n\n\n\n<p><br><strong>UWAGA! Warsztaty s\u0105 jednodniowe, <\/strong>prowadzone w dw\u00f3ch dniach konferencji. Warsztaty s\u0105 bezp\u0142atne i obowi\u0105zuje limit miejsc. O przyj\u0119ciu decyduje kolejno\u015b\u0107 zg\u0142oszenia.<\/p>\n\n\n\n<p><\/p>\n\n\n\n<h3 class=\"wp-block-heading\"><br><strong><mark style=\"background-color:#50748e\" class=\"has-inline-color has-white-color\">Warsztat \u201eG\u0142\u0119bia ostro\u015bci i rozdzielczo\u015b\u0107 odwzorowania cyfrowego\u201d<\/mark><\/strong><\/h3>\n\n\n\n<p><br>Podczas zaj\u0119\u0107 uczestnicy zdob\u0119d\u0105 praktyczn\u0105 wiedz\u0119 z zakresu wykorzystania techniki tilt\/shift w tworzeniu cyfrowych odwzorowa\u0144 obiekt\u00f3w muzealnych. Wprowadzeniem do \u0107wicze\u0144 b\u0119dzie om\u00f3wienie regu\u0142y Scheimpfluga oraz jej zastosowania w celu uzyskania maksymalnej g\u0142\u0119bi ostro\u015bci.<\/p>\n\n\n\n<p>Uczestnicy przyjrz\u0105 si\u0119 technice \u0142\u0105czenia obraz\u00f3w cz\u0105stkowych (stitching), umo\u017cliwiaj\u0105cej tworzenie odwzorowa\u0144 o bardzo wysokiej rozdzielczo\u015bci, a tak\u017ce b\u0119d\u0105 samodzielnie wykonywa\u0107 odwzorowania, dobieraj\u0105c ustawienia aparatu tak, by osi\u0105gn\u0105\u0107 po\u017c\u0105dany efekt.<\/p>\n\n\n\n<p>Podczas zaj\u0119\u0107 por\u00f3wnania zostanie r\u00f3wnie\u017c jako\u015b\u0107 obraz\u00f3w wykonanych z wykorzystaniem funkcji pixelshift oraz bez jej u\u017cycia.<\/p>\n\n\n\n<p><strong>Zaj\u0119cia odb\u0119d\u0105 si\u0119 na dw\u00f3ch profesjonalnych stanowiskach sprz\u0119towych przygotowanych przez organizator\u00f3w.<\/strong><br><\/p>\n\n\n\n<div class=\"wp-block-columns is-layout-flex wp-container-core-columns-is-layout-9d6595d7 wp-block-columns-is-layout-flex\">\n<div class=\"wp-block-column is-layout-flow wp-block-column-is-layout-flow\">\n<p class=\"has-text-align-center\"><strong>3 grudnia 2025, godz. 10.30-16.30<\/strong><\/p>\n\n\n\n<div class=\"wp-block-buttons is-content-justification-center is-layout-flex wp-container-core-buttons-is-layout-16018d1d wp-block-buttons-is-layout-flex\">\n<div class=\"wp-block-button\"><a class=\"wp-block-button__link wp-element-button\" href=\"https:\/\/rejestracja.nid.pl\/ether_odwzorowanie_cyfrowe_03_12_2025\" target=\"_blank\" rel=\"noreferrer noopener\">\ud83d\udcdd Zarejestruj si\u0119 !<\/a><\/div>\n<\/div>\n<\/div>\n\n\n\n<div class=\"wp-block-column is-layout-flow wp-block-column-is-layout-flow\">\n<p class=\"has-text-align-center\"><strong>4 grudnia 2025, godz. 10.30-16.30<\/strong><\/p>\n\n\n\n<div class=\"wp-block-buttons is-content-justification-center is-layout-flex wp-container-core-buttons-is-layout-16018d1d wp-block-buttons-is-layout-flex\">\n<div class=\"wp-block-button\"><a class=\"wp-block-button__link wp-element-button\" href=\"https:\/\/rejestracja.nid.pl\/ether_odwzorowanie_cyfrowe_04_12_2025\" target=\"_blank\" rel=\"noreferrer noopener\">\ud83d\udcddZarejestruj si\u0119!<\/a><\/div>\n<\/div>\n<\/div>\n<\/div>\n\n\n\n<p><br><strong>UWAGA! Warsztaty s\u0105 jednodniowe, <\/strong>prowadzone w dw\u00f3ch dniach konferencji. Warsztaty s\u0105 bezp\u0142atne i obowi\u0105zuje limit miejsc. O przyj\u0119ciu decyduje kolejno\u015b\u0107 zg\u0142oszenia.<br><\/p>\n\n\n\n<hr class=\"wp-block-separator has-alpha-channel-opacity\"\/>\n\n\n\n<p>Organizatorem wydarzenia jest Narodowy Instytut Dziedzictwa, a wsp\u00f3\u0142organizatorami s\u0105 Muzeum Historii \u017byd\u00f3w Polskich POLIN ora Narodowe Centrum Kultury.<\/p>\n\n\n\n<p>Konferencja zosta\u0142a obj\u0119ta honorowym patronatem Ministra Kultury i Dziedzictwa Narodowego oraz Polskiego Komitetu do spraw UNESCO. Partnerem wydarzenia jest Instytut Polonika.<\/p>\n\n\n\n<p>Patronami medialnymi konferencji s\u0105 TVP 3, TVP Kultura, Polskie Radio, CD-Action, Artinfo.<\/p>\n\n\n\n<p>Organizacja Mi\u0119dzynarodowej Konferencji ETHER \u2013 Eternal Heritage \/ Wieczne Dziedzictwo zosta\u0142a dofinansowana ze \u015brodk\u00f3w Ministra Kultury i Dziedzictwa Narodowego, w ramach realizacji zadania \u201eDofinansowanie dzia\u0142alno\u015bci Centrum Kompetencji ds. digitalizacji zabytk\u00f3w\u201d.<\/p>\n\n\n\n<div style=\"height:43px\" aria-hidden=\"true\" class=\"wp-block-spacer\"><\/div>\n\n\n\n<figure class=\"wp-block-image size-large\"><img loading=\"lazy\" decoding=\"async\" width=\"1024\" height=\"1024\" src=\"https:\/\/nid.pl\/wp-content\/uploads\/2025\/11\/ETHER_2025_warsztaty_zarejestrujsie-1024x1024.jpg\" alt=\"\" class=\"wp-image-30562\" srcset=\"https:\/\/nid.pl\/wp-content\/uploads\/2025\/11\/ETHER_2025_warsztaty_zarejestrujsie-1024x1024.jpg 1024w, https:\/\/nid.pl\/wp-content\/uploads\/2025\/11\/ETHER_2025_warsztaty_zarejestrujsie-980x980.jpg 980w, https:\/\/nid.pl\/wp-content\/uploads\/2025\/11\/ETHER_2025_warsztaty_zarejestrujsie-480x480.jpg 480w\" sizes=\"(min-width: 0px) and (max-width: 480px) 480px, (min-width: 481px) and (max-width: 980px) 980px, (min-width: 981px) 1024px, 100vw\" \/><\/figure>","protected":false},"excerpt":{"rendered":"<p>Narodowy Instytut Dziedzictwa zaprasza na specjalistyczne warsztaty digitalizacyjne, kt\u00f3re odb\u0119d\u0105 si\u0119 3 i 4 grudnia 2025 r. w Muzeum Historii \u017byd\u00f3w Polskich POLIN w Warszawie, jako wydarzenia towarzysz\u0105ce Mi\u0119dzynarodowej Konferencji [&hellip;]<\/p>","protected":false},"author":4,"featured_media":30584,"comment_status":"closed","ping_status":"closed","sticky":false,"template":"","format":"standard","meta":{"_et_pb_use_builder":"off","_et_pb_old_content":"","_et_gb_content_width":"","_monsterinsights_skip_tracking":false,"_monsterinsights_sitenote_active":false,"_monsterinsights_sitenote_note":"","_monsterinsights_sitenote_category":0,"footnotes":""},"categories":[3,124],"tags":[],"class_list":["post-30567","post","type-post","status-publish","format-standard","has-post-thumbnail","hentry","category-aktualnosci","category-ether"],"yoast_head":"<!-- This site is optimized with the Yoast SEO plugin v26.5 - https:\/\/yoast.com\/wordpress\/plugins\/seo\/ -->\n<title>Ruszy\u0142a rejestracja na warsztaty digitalizacyjne towarzysz\u0105ce 3. edycji Mi\u0119dzynarodowej Konferencji ETHER \u2013 Eternal Heritage \/ Wieczne Dziedzictwo - NID<\/title>\n<meta name=\"robots\" content=\"index, follow, max-snippet:-1, max-image-preview:large, max-video-preview:-1\" \/>\n<link rel=\"canonical\" href=\"https:\/\/nid.pl\/en\/2025\/11\/18\/rejestracja-warsztaty-ether\/\" \/>\n<meta property=\"og:locale\" content=\"en_GB\" \/>\n<meta property=\"og:type\" content=\"article\" \/>\n<meta property=\"og:title\" content=\"Ruszy\u0142a rejestracja na warsztaty digitalizacyjne towarzysz\u0105ce 3. edycji Mi\u0119dzynarodowej Konferencji ETHER \u2013 Eternal Heritage \/ Wieczne Dziedzictwo - NID\" \/>\n<meta property=\"og:description\" content=\"Narodowy Instytut Dziedzictwa zaprasza na specjalistyczne warsztaty digitalizacyjne, kt\u00f3re odb\u0119d\u0105 si\u0119 3 i 4 grudnia 2025 r. w Muzeum Historii \u017byd\u00f3w Polskich POLIN w Warszawie, jako wydarzenia towarzysz\u0105ce Mi\u0119dzynarodowej Konferencji [&hellip;]\" \/>\n<meta property=\"og:url\" content=\"https:\/\/nid.pl\/en\/2025\/11\/18\/rejestracja-warsztaty-ether\/\" \/>\n<meta property=\"og:site_name\" content=\"NID\" \/>\n<meta property=\"article:publisher\" content=\"https:\/\/www.facebook.com\/zabytek\" \/>\n<meta property=\"article:published_time\" content=\"2025-11-18T15:32:29+00:00\" \/>\n<meta property=\"article:modified_time\" content=\"2025-11-20T08:15:46+00:00\" \/>\n<meta property=\"og:image\" content=\"https:\/\/nid.pl\/wp-content\/uploads\/2025\/11\/miniatura-www-NID-glowny.jpg\" \/>\n\t<meta property=\"og:image:width\" content=\"1200\" \/>\n\t<meta property=\"og:image:height\" content=\"800\" \/>\n\t<meta property=\"og:image:type\" content=\"image\/jpeg\" \/>\n<meta name=\"author\" content=\"Marta Or\u0119ziak\" \/>\n<meta name=\"twitter:card\" content=\"summary_large_image\" \/>\n<meta name=\"twitter:creator\" content=\"@NarIDpl\" \/>\n<meta name=\"twitter:site\" content=\"@NarIDpl\" \/>\n<meta name=\"twitter:label1\" content=\"Written by\" \/>\n\t<meta name=\"twitter:data1\" content=\"Marta Or\u0119ziak\" \/>\n\t<meta name=\"twitter:label2\" content=\"Estimated reading time\" \/>\n\t<meta name=\"twitter:data2\" content=\"4 minutes\" \/>\n<script type=\"application\/ld+json\" class=\"yoast-schema-graph\">{\"@context\":\"https:\/\/schema.org\",\"@graph\":[{\"@type\":\"Article\",\"@id\":\"https:\/\/nid.pl\/2025\/11\/18\/rejestracja-warsztaty-ether\/#article\",\"isPartOf\":{\"@id\":\"https:\/\/nid.pl\/2025\/11\/18\/rejestracja-warsztaty-ether\/\"},\"author\":{\"name\":\"Marta Or\u0119ziak\",\"@id\":\"https:\/\/nid.pl\/#\/schema\/person\/9d848c4a54b78bc2a1461f1c5d8de615\"},\"headline\":\"Ruszy\u0142a rejestracja na warsztaty digitalizacyjne towarzysz\u0105ce 3. edycji Mi\u0119dzynarodowej Konferencji ETHER \u2013 Eternal Heritage \/ Wieczne Dziedzictwo\",\"datePublished\":\"2025-11-18T15:32:29+00:00\",\"dateModified\":\"2025-11-20T08:15:46+00:00\",\"mainEntityOfPage\":{\"@id\":\"https:\/\/nid.pl\/2025\/11\/18\/rejestracja-warsztaty-ether\/\"},\"wordCount\":530,\"publisher\":{\"@id\":\"https:\/\/nid.pl\/#organization\"},\"image\":{\"@id\":\"https:\/\/nid.pl\/2025\/11\/18\/rejestracja-warsztaty-ether\/#primaryimage\"},\"thumbnailUrl\":\"https:\/\/nid.pl\/wp-content\/uploads\/2025\/11\/miniatura-www-NID-glowny.jpg\",\"articleSection\":[\"Aktualno\u015bci\",\"ETHER\"],\"inLanguage\":\"en-GB\"},{\"@type\":\"WebPage\",\"@id\":\"https:\/\/nid.pl\/2025\/11\/18\/rejestracja-warsztaty-ether\/\",\"url\":\"https:\/\/nid.pl\/2025\/11\/18\/rejestracja-warsztaty-ether\/\",\"name\":\"Ruszy\u0142a rejestracja na warsztaty digitalizacyjne towarzysz\u0105ce 3. edycji Mi\u0119dzynarodowej Konferencji ETHER \u2013 Eternal Heritage \/ Wieczne Dziedzictwo - NID\",\"isPartOf\":{\"@id\":\"https:\/\/nid.pl\/#website\"},\"primaryImageOfPage\":{\"@id\":\"https:\/\/nid.pl\/2025\/11\/18\/rejestracja-warsztaty-ether\/#primaryimage\"},\"image\":{\"@id\":\"https:\/\/nid.pl\/2025\/11\/18\/rejestracja-warsztaty-ether\/#primaryimage\"},\"thumbnailUrl\":\"https:\/\/nid.pl\/wp-content\/uploads\/2025\/11\/miniatura-www-NID-glowny.jpg\",\"datePublished\":\"2025-11-18T15:32:29+00:00\",\"dateModified\":\"2025-11-20T08:15:46+00:00\",\"breadcrumb\":{\"@id\":\"https:\/\/nid.pl\/2025\/11\/18\/rejestracja-warsztaty-ether\/#breadcrumb\"},\"inLanguage\":\"en-GB\",\"potentialAction\":[{\"@type\":\"ReadAction\",\"target\":[\"https:\/\/nid.pl\/2025\/11\/18\/rejestracja-warsztaty-ether\/\"]}]},{\"@type\":\"ImageObject\",\"inLanguage\":\"en-GB\",\"@id\":\"https:\/\/nid.pl\/2025\/11\/18\/rejestracja-warsztaty-ether\/#primaryimage\",\"url\":\"https:\/\/nid.pl\/wp-content\/uploads\/2025\/11\/miniatura-www-NID-glowny.jpg\",\"contentUrl\":\"https:\/\/nid.pl\/wp-content\/uploads\/2025\/11\/miniatura-www-NID-glowny.jpg\",\"width\":1200,\"height\":800},{\"@type\":\"BreadcrumbList\",\"@id\":\"https:\/\/nid.pl\/2025\/11\/18\/rejestracja-warsztaty-ether\/#breadcrumb\",\"itemListElement\":[{\"@type\":\"ListItem\",\"position\":1,\"name\":\"Home\",\"item\":\"https:\/\/nid.pl\/\"},{\"@type\":\"ListItem\",\"position\":2,\"name\":\"Ruszy\u0142a rejestracja na warsztaty digitalizacyjne towarzysz\u0105ce 3. edycji Mi\u0119dzynarodowej Konferencji ETHER \u2013 Eternal Heritage \/ Wieczne Dziedzictwo\"}]},{\"@type\":\"WebSite\",\"@id\":\"https:\/\/nid.pl\/#website\",\"url\":\"https:\/\/nid.pl\/\",\"name\":\"NID\",\"description\":\"Narodowy Instytut Dziedzictwa\",\"publisher\":{\"@id\":\"https:\/\/nid.pl\/#organization\"},\"potentialAction\":[{\"@type\":\"SearchAction\",\"target\":{\"@type\":\"EntryPoint\",\"urlTemplate\":\"https:\/\/nid.pl\/?s={search_term_string}\"},\"query-input\":{\"@type\":\"PropertyValueSpecification\",\"valueRequired\":true,\"valueName\":\"search_term_string\"}}],\"inLanguage\":\"en-GB\"},{\"@type\":\"Organization\",\"@id\":\"https:\/\/nid.pl\/#organization\",\"name\":\"Narodowy Instytut Dziedzictwa\",\"url\":\"https:\/\/nid.pl\/\",\"logo\":{\"@type\":\"ImageObject\",\"inLanguage\":\"en-GB\",\"@id\":\"https:\/\/nid.pl\/#\/schema\/logo\/image\/\",\"url\":\"https:\/\/nid.pl\/wp-content\/uploads\/2022\/10\/logoRedDark.png\",\"contentUrl\":\"https:\/\/nid.pl\/wp-content\/uploads\/2022\/10\/logoRedDark.png\",\"width\":200,\"height\":197,\"caption\":\"Narodowy Instytut Dziedzictwa\"},\"image\":{\"@id\":\"https:\/\/nid.pl\/#\/schema\/logo\/image\/\"},\"sameAs\":[\"https:\/\/www.facebook.com\/zabytek\",\"https:\/\/x.com\/NarIDpl\",\"https:\/\/www.instagram.com\/nid.pl\/?hl=pl\",\"https:\/\/www.linkedin.com\/company\/narodowy-instytut-dziedzictwa\",\"https:\/\/www.youtube.com\/channel\/UCQXuhKa2uHtmNvLRUSx40JA\"]},{\"@type\":\"Person\",\"@id\":\"https:\/\/nid.pl\/#\/schema\/person\/9d848c4a54b78bc2a1461f1c5d8de615\",\"name\":\"Marta Or\u0119ziak\",\"image\":{\"@type\":\"ImageObject\",\"inLanguage\":\"en-GB\",\"@id\":\"https:\/\/nid.pl\/#\/schema\/person\/image\/\",\"url\":\"https:\/\/nid.pl\/wp-content\/litespeed\/avatar\/3cdc296a7eb01425272974c992bee3ea.jpg?ver=1777445267\",\"contentUrl\":\"https:\/\/nid.pl\/wp-content\/litespeed\/avatar\/3cdc296a7eb01425272974c992bee3ea.jpg?ver=1777445267\",\"caption\":\"Marta Or\u0119ziak\"},\"url\":\"https:\/\/nid.pl\/en\/author\/moreziak\/\"}]}<\/script>\n<!-- \/ Yoast SEO plugin. -->","yoast_head_json":{"title":"Ruszy\u0142a rejestracja na warsztaty digitalizacyjne towarzysz\u0105ce 3. edycji Mi\u0119dzynarodowej Konferencji ETHER \u2013 Eternal Heritage \/ Wieczne Dziedzictwo - NID","robots":{"index":"index","follow":"follow","max-snippet":"max-snippet:-1","max-image-preview":"max-image-preview:large","max-video-preview":"max-video-preview:-1"},"canonical":"https:\/\/nid.pl\/en\/2025\/11\/18\/rejestracja-warsztaty-ether\/","og_locale":"en_GB","og_type":"article","og_title":"Ruszy\u0142a rejestracja na warsztaty digitalizacyjne towarzysz\u0105ce 3. edycji Mi\u0119dzynarodowej Konferencji ETHER \u2013 Eternal Heritage \/ Wieczne Dziedzictwo - NID","og_description":"Narodowy Instytut Dziedzictwa zaprasza na specjalistyczne warsztaty digitalizacyjne, kt\u00f3re odb\u0119d\u0105 si\u0119 3 i 4 grudnia 2025 r. w Muzeum Historii \u017byd\u00f3w Polskich POLIN w Warszawie, jako wydarzenia towarzysz\u0105ce Mi\u0119dzynarodowej Konferencji [&hellip;]","og_url":"https:\/\/nid.pl\/en\/2025\/11\/18\/rejestracja-warsztaty-ether\/","og_site_name":"NID","article_publisher":"https:\/\/www.facebook.com\/zabytek","article_published_time":"2025-11-18T15:32:29+00:00","article_modified_time":"2025-11-20T08:15:46+00:00","og_image":[{"width":1200,"height":800,"url":"https:\/\/nid.pl\/wp-content\/uploads\/2025\/11\/miniatura-www-NID-glowny.jpg","type":"image\/jpeg"}],"author":"Marta Or\u0119ziak","twitter_card":"summary_large_image","twitter_creator":"@NarIDpl","twitter_site":"@NarIDpl","twitter_misc":{"Written by":"Marta Or\u0119ziak","Estimated reading time":"4 minutes"},"schema":{"@context":"https:\/\/schema.org","@graph":[{"@type":"Article","@id":"https:\/\/nid.pl\/2025\/11\/18\/rejestracja-warsztaty-ether\/#article","isPartOf":{"@id":"https:\/\/nid.pl\/2025\/11\/18\/rejestracja-warsztaty-ether\/"},"author":{"name":"Marta Or\u0119ziak","@id":"https:\/\/nid.pl\/#\/schema\/person\/9d848c4a54b78bc2a1461f1c5d8de615"},"headline":"Ruszy\u0142a rejestracja na warsztaty digitalizacyjne towarzysz\u0105ce 3. edycji Mi\u0119dzynarodowej Konferencji ETHER \u2013 Eternal Heritage \/ Wieczne Dziedzictwo","datePublished":"2025-11-18T15:32:29+00:00","dateModified":"2025-11-20T08:15:46+00:00","mainEntityOfPage":{"@id":"https:\/\/nid.pl\/2025\/11\/18\/rejestracja-warsztaty-ether\/"},"wordCount":530,"publisher":{"@id":"https:\/\/nid.pl\/#organization"},"image":{"@id":"https:\/\/nid.pl\/2025\/11\/18\/rejestracja-warsztaty-ether\/#primaryimage"},"thumbnailUrl":"https:\/\/nid.pl\/wp-content\/uploads\/2025\/11\/miniatura-www-NID-glowny.jpg","articleSection":["Aktualno\u015bci","ETHER"],"inLanguage":"en-GB"},{"@type":"WebPage","@id":"https:\/\/nid.pl\/2025\/11\/18\/rejestracja-warsztaty-ether\/","url":"https:\/\/nid.pl\/2025\/11\/18\/rejestracja-warsztaty-ether\/","name":"Ruszy\u0142a rejestracja na warsztaty digitalizacyjne towarzysz\u0105ce 3. edycji Mi\u0119dzynarodowej Konferencji ETHER \u2013 Eternal Heritage \/ Wieczne Dziedzictwo - NID","isPartOf":{"@id":"https:\/\/nid.pl\/#website"},"primaryImageOfPage":{"@id":"https:\/\/nid.pl\/2025\/11\/18\/rejestracja-warsztaty-ether\/#primaryimage"},"image":{"@id":"https:\/\/nid.pl\/2025\/11\/18\/rejestracja-warsztaty-ether\/#primaryimage"},"thumbnailUrl":"https:\/\/nid.pl\/wp-content\/uploads\/2025\/11\/miniatura-www-NID-glowny.jpg","datePublished":"2025-11-18T15:32:29+00:00","dateModified":"2025-11-20T08:15:46+00:00","breadcrumb":{"@id":"https:\/\/nid.pl\/2025\/11\/18\/rejestracja-warsztaty-ether\/#breadcrumb"},"inLanguage":"en-GB","potentialAction":[{"@type":"ReadAction","target":["https:\/\/nid.pl\/2025\/11\/18\/rejestracja-warsztaty-ether\/"]}]},{"@type":"ImageObject","inLanguage":"en-GB","@id":"https:\/\/nid.pl\/2025\/11\/18\/rejestracja-warsztaty-ether\/#primaryimage","url":"https:\/\/nid.pl\/wp-content\/uploads\/2025\/11\/miniatura-www-NID-glowny.jpg","contentUrl":"https:\/\/nid.pl\/wp-content\/uploads\/2025\/11\/miniatura-www-NID-glowny.jpg","width":1200,"height":800},{"@type":"BreadcrumbList","@id":"https:\/\/nid.pl\/2025\/11\/18\/rejestracja-warsztaty-ether\/#breadcrumb","itemListElement":[{"@type":"ListItem","position":1,"name":"Home","item":"https:\/\/nid.pl\/"},{"@type":"ListItem","position":2,"name":"Ruszy\u0142a rejestracja na warsztaty digitalizacyjne towarzysz\u0105ce 3. edycji Mi\u0119dzynarodowej Konferencji ETHER \u2013 Eternal Heritage \/ Wieczne Dziedzictwo"}]},{"@type":"WebSite","@id":"https:\/\/nid.pl\/#website","url":"https:\/\/nid.pl\/","name":"NID","description":"Narodowy Instytut Dziedzictwa","publisher":{"@id":"https:\/\/nid.pl\/#organization"},"potentialAction":[{"@type":"SearchAction","target":{"@type":"EntryPoint","urlTemplate":"https:\/\/nid.pl\/?s={search_term_string}"},"query-input":{"@type":"PropertyValueSpecification","valueRequired":true,"valueName":"search_term_string"}}],"inLanguage":"en-GB"},{"@type":"Organization","@id":"https:\/\/nid.pl\/#organization","name":"Narodowy Instytut Dziedzictwa","url":"https:\/\/nid.pl\/","logo":{"@type":"ImageObject","inLanguage":"en-GB","@id":"https:\/\/nid.pl\/#\/schema\/logo\/image\/","url":"https:\/\/nid.pl\/wp-content\/uploads\/2022\/10\/logoRedDark.png","contentUrl":"https:\/\/nid.pl\/wp-content\/uploads\/2022\/10\/logoRedDark.png","width":200,"height":197,"caption":"Narodowy Instytut Dziedzictwa"},"image":{"@id":"https:\/\/nid.pl\/#\/schema\/logo\/image\/"},"sameAs":["https:\/\/www.facebook.com\/zabytek","https:\/\/x.com\/NarIDpl","https:\/\/www.instagram.com\/nid.pl\/?hl=pl","https:\/\/www.linkedin.com\/company\/narodowy-instytut-dziedzictwa","https:\/\/www.youtube.com\/channel\/UCQXuhKa2uHtmNvLRUSx40JA"]},{"@type":"Person","@id":"https:\/\/nid.pl\/#\/schema\/person\/9d848c4a54b78bc2a1461f1c5d8de615","name":"Marta Or\u0119ziak","image":{"@type":"ImageObject","inLanguage":"en-GB","@id":"https:\/\/nid.pl\/#\/schema\/person\/image\/","url":"https:\/\/nid.pl\/wp-content\/litespeed\/avatar\/3cdc296a7eb01425272974c992bee3ea.jpg?ver=1777445267","contentUrl":"https:\/\/nid.pl\/wp-content\/litespeed\/avatar\/3cdc296a7eb01425272974c992bee3ea.jpg?ver=1777445267","caption":"Marta Or\u0119ziak"},"url":"https:\/\/nid.pl\/en\/author\/moreziak\/"}]}},"_links":{"self":[{"href":"https:\/\/nid.pl\/en\/wp-json\/wp\/v2\/posts\/30567","targetHints":{"allow":["GET"]}}],"collection":[{"href":"https:\/\/nid.pl\/en\/wp-json\/wp\/v2\/posts"}],"about":[{"href":"https:\/\/nid.pl\/en\/wp-json\/wp\/v2\/types\/post"}],"author":[{"embeddable":true,"href":"https:\/\/nid.pl\/en\/wp-json\/wp\/v2\/users\/4"}],"replies":[{"embeddable":true,"href":"https:\/\/nid.pl\/en\/wp-json\/wp\/v2\/comments?post=30567"}],"version-history":[{"count":0,"href":"https:\/\/nid.pl\/en\/wp-json\/wp\/v2\/posts\/30567\/revisions"}],"wp:featuredmedia":[{"embeddable":true,"href":"https:\/\/nid.pl\/en\/wp-json\/wp\/v2\/media\/30584"}],"wp:attachment":[{"href":"https:\/\/nid.pl\/en\/wp-json\/wp\/v2\/media?parent=30567"}],"wp:term":[{"taxonomy":"category","embeddable":true,"href":"https:\/\/nid.pl\/en\/wp-json\/wp\/v2\/categories?post=30567"},{"taxonomy":"post_tag","embeddable":true,"href":"https:\/\/nid.pl\/en\/wp-json\/wp\/v2\/tags?post=30567"}],"curies":[{"name":"wp","href":"https:\/\/api.w.org\/{rel}","templated":true}]}}