{"id":30422,"date":"2025-11-17T10:21:19","date_gmt":"2025-11-17T09:21:19","guid":{"rendered":"https:\/\/nid.pl\/?p=30422"},"modified":"2025-11-17T10:22:09","modified_gmt":"2025-11-17T09:22:09","slug":"niematerialne-dwa-nowe-wpisy","status":"publish","type":"post","link":"https:\/\/nid.pl\/en\/2025\/11\/17\/niematerialne-dwa-nowe-wpisy\/","title":{"rendered":"Dwa nowe wpisy na Krajowej li\u015bcie niematerialnego dziedzictwa kulturowego\u00a0"},"content":{"rendered":"<p class=\"has-medium-font-size\"><strong>Decyzj\u0105 Ministra Kultury i Dziedzictwa Narodowego<mark style=\"background-color:rgba(0, 0, 0, 0)\" class=\"has-inline-color has-vivid-red-color\"> <\/mark>na Krajow\u0105 list\u0119 niematerialnego dziedzictwa kulturowego wpisano dwa kolejne elementy. S\u0105 to: Kultura g\u00f3rali polskich Karpat oraz \u017bywieckie tradycje zdobnictwa bibu\u0142kowego. Obecnie na li\u015bcie znajduje si\u0119 118 wpis\u00f3w.<\/strong><\/p>\n\n\n\n<p><strong>Kultura g\u00f3rali polskich Karpat<\/strong><\/p>\n\n\n\n<p>Kultura g\u00f3rali polskich Karpat to \u017cywe dziedzictwo niematerialne, g\u0142\u0119boko zakorzenione w codziennym \u017cyciu mieszka\u0144c\u00f3w po\u0142udniowej Polski. Tworz\u0105 j\u0105 wsp\u00f3lnoty g\u00f3rali \u015bl\u0105skich, \u017cywieckich, babiog\u00f3rskich, orawskich, podhala\u0144skich, zag\u00f3rza\u0144skich, gorcza\u0144skich, kliszczackich, spiskich, pieni\u0144skich, \u0142\u0105cko-kamienickich oraz nadpopradzkich. Pomimo regionalnych r\u00f3\u017cnic, \u0142\u0105czy je wsp\u00f3lna historia, j\u0119zyk, muzyka, obrz\u0119dowo\u015b\u0107 i poczucie to\u017csamo\u015bci kulturowej.<\/p>\n\n\n\n<p>W kulturze g\u00f3rali polskich Karpat istotn\u0105 rol\u0119 odgrywaj\u0105 obrz\u0119dy doroczne i rodzinne &#8211; Wyj\u0105tkowe znaczenie ma muzyka g\u00f3ralska, charakterystyczny taniec, gwara oraz bogato zdobiony str\u00f3j ludowy, czyli symbole g\u00f3ralskiej dumy i przynale\u017cno\u015bci.<br>Kultura g\u00f3rali polskich Karpat, mimo przemian wsp\u00f3\u0142czesnego \u015bwiata, wci\u0105\u017c jest przekazywana z pokolenia na pokolenie, w rodzinach, szko\u0142ach, zespo\u0142ach regionalnych, parafiach i stowarzyszeniach.<\/p>\n\n\n\n<div class=\"wp-block-divi-layout\">[et_pb_section fb_built=&#8221;1&#8243; _builder_version=&#8221;4.27.4&#8243; _module_preset=&#8221;default&#8221; global_colors_info=&#8221;{}&#8221;][et_pb_row _builder_version=&#8221;4.27.4&#8243; _module_preset=&#8221;default&#8221; global_colors_info=&#8221;{}&#8221;][et_pb_column type=&#8221;4_4&#8243; _builder_version=&#8221;4.27.4&#8243; _module_preset=&#8221;default&#8221; global_colors_info=&#8221;{}&#8221;][et_pb_gallery gallery_ids=&#8221;30388,30387,30386,30384,30383,30382,30381,30380,30379,30378,30377,30376&#8243; gallery_orderby=&#8221;rand&#8221; fullwidth=&#8221;on&#8221; _builder_version=&#8221;4.27.4&#8243; _module_preset=&#8221;default&#8221; animation_style=&#8221;fade&#8221; animation_duration=&#8221;500ms&#8221; auto=&#8221;on&#8221; auto_speed=&#8221;4000&#8243; global_colors_info=&#8221;{}&#8221;][\/et_pb_gallery][\/et_pb_column][\/et_pb_row][\/et_pb_section]<\/div>\n\n\n\n<p><\/p>\n\n\n\n<p><strong>\u017bywieckie tradycje zdobnictwa bibu\u0142kowego<\/strong><\/p>\n\n\n\n<p>Zdobnictwo bibu\u0142kowe na \u017bywiecczy\u017anie ma ponad stuletni\u0105 tradycj\u0119. Pocz\u0105tkowo ozdoby z bibu\u0142y zdobi\u0142y wn\u0119trza dom\u00f3w, a z czasem zacz\u0119\u0142y pojawia\u0107 si\u0119 tak\u017ce w przestrzeni sakralnej, np. w ko\u015bcio\u0142ach, przydro\u017cnych kapliczkach. Charakterystyczne dla regionu by\u0142y te\u017c imieninowe wie\u0144ce, kt\u00f3rymi dziewcz\u0119ta obdarowywa\u0142y swoich narzeczonych.<\/p>\n\n\n\n<p>Z bibu\u0142y wykonywano kwiaty i kompozycje inspirowane natur\u0105, r\u00f3\u017ce, maki, chabry, cz\u0119sto o przeskalowanych kszta\u0142tach, podkre\u015blaj\u0105cych ich dekoracyjny charakter. Tradycyjne kwiaty bibu\u0142kowe by\u0142y nieod\u0142\u0105cznym elementem weselnych ozd\u00f3b, palm wielkanocnych i wie\u0144c\u00f3w imieninowych.<\/p>\n\n\n\n<p>Obecnie na \u017bywiecczy\u017anie funkcjonuj\u0105 dwa nurty tej tradycji \u2013 tradycyjny, kontynuowany w ramach warsztat\u00f3w, konkurs\u00f3w i edukacji regionalnej, oraz wsp\u00f3\u0142czesny, w kt\u00f3rym tw\u00f3rczynie eksperymentuj\u0105 z form\u0105 i kolorem, dostosowuj\u0105c dawne wzory do dzisiejszych gust\u00f3w. Zainteresowanie t\u0105 form\u0105 r\u0119kodzie\u0142a w ostatnich latach ro\u015bnie, zw\u0142aszcza w\u015br\u00f3d m\u0142odych mieszka\u0144c\u00f3w regionu. Dzi\u0119ki temu \u017cywieckie zdobnictwo bibu\u0142kowe wci\u0105\u017c si\u0119 rozwija, pozostaj\u0105c istotnym elementem to\u017csamo\u015bci i krajobrazu kulturowego \u017bywiecczyzny.<\/p>\n\n\n\n<div class=\"wp-block-divi-layout\">[et_pb_section fb_built=&#8221;1&#8243; _builder_version=&#8221;4.27.4&#8243; _module_preset=&#8221;default&#8221; global_colors_info=&#8221;{}&#8221;][et_pb_row _builder_version=&#8221;4.27.4&#8243; _module_preset=&#8221;default&#8221; hover_enabled=&#8221;0&#8243; global_colors_info=&#8221;{}&#8221; max_height=&#8221;800px&#8221; sticky_enabled=&#8221;0&#8243;][et_pb_column type=&#8221;4_4&#8243; _builder_version=&#8221;4.27.4&#8243; _module_preset=&#8221;default&#8221; global_colors_info=&#8221;{}&#8221;][et_pb_gallery gallery_ids=&#8221;30434,30433,30432,30431,30430,30429,30428,30427,30426,30425&#8243; gallery_orderby=&#8221;rand&#8221; fullwidth=&#8221;on&#8221; _builder_version=&#8221;4.27.4&#8243; _module_preset=&#8221;default&#8221; animation_style=&#8221;fade&#8221; animation_duration=&#8221;500ms&#8221; auto=&#8221;on&#8221; auto_speed=&#8221;4000&#8243; hover_enabled=&#8221;0&#8243; global_colors_info=&#8221;{}&#8221; sticky_enabled=&#8221;0&#8243;][\/et_pb_gallery][\/et_pb_column][\/et_pb_row][\/et_pb_section]<\/div>\n\n\n\n<p><strong>Krajowa lista niematerialnego dziedzictwa kulturowego<\/strong><\/p>\n\n\n\n<p>Ratyfikowana przez Polsk\u0119 Konwencja UNESCO w sprawie ochrony niematerialnego dziedzictwa kulturowego zobowi\u0105zuje Pa\u0144stwa-Strony do prowadzenia inwentaryzacji tradycji obecnych na ich terytorium. Wpisy na Krajow\u0105 list\u0119 niematerialnego dziedzictwa kulturowego pozwalaj\u0105 na dokumentowanie r\u00f3\u017cnorodnych praktyk kulturowych oraz promuj\u0105 ich ochron\u0119 i kontynuacj\u0119.<\/p>\n\n\n\n<p>Za prowadzenie listy odpowiada Minister Kultury i Dziedzictwa Narodowego we wsp\u00f3\u0142pracy z Narodowym Instytutem Dziedzictwa. Wszystkie spo\u0142eczno\u015bci, grupy i osoby praktykuj\u0105ce tradycje niematerialnego dziedzictwa mog\u0105 zg\u0142asza\u0107 swoje propozycje do wpisu. Obecnie Krajowa lista niematerialnego dziedzictwa kulturowego liczy 118 wpis\u00f3w, w tym cztery najnowszych, kt\u00f3re przedstawiamy powy\u017cej.<\/p>\n\n\n\n<p><\/p>\n\n\n\n<p><br><\/p>\n\n\n\n<p>Wi\u0119cej o niematerialnym: <a href=\"http:\/\/niematerialne.nid.pl\/\">Niematerialne dziedzictwo kulturowe | NID<\/a><\/p>","protected":false},"excerpt":{"rendered":"<p>Decyzj\u0105 Ministra Kultury i Dziedzictwa Narodowego na Krajow\u0105 list\u0119 niematerialnego dziedzictwa kulturowego wpisano dwa kolejne elementy. S\u0105 to: Kultura g\u00f3rali polskich Karpat oraz \u017bywieckie tradycje zdobnictwa bibu\u0142kowego. Obecnie na li\u015bcie [&hellip;]<\/p>","protected":false},"author":4,"featured_media":30552,"comment_status":"closed","ping_status":"closed","sticky":false,"template":"","format":"standard","meta":{"_et_pb_use_builder":"off","_et_pb_old_content":"<!-- wp:paragraph -->\n<p>Decyzj\u0105 Ministra Kultury i Dziedzictwa Narodowego<mark style=\"background-color:rgba(0, 0, 0, 0)\" class=\"has-inline-color has-vivid-red-color\"> (data do uzupe\u0142nienia) <\/mark>na Krajow\u0105 list\u0119 niematerialnego dziedzictwa kulturowego wpisano dwa kolejne elementy. S\u0105 to: <mark style=\"background-color:rgba(0, 0, 0, 0)\" class=\"has-inline-color has-vivid-red-color\">Kultura g\u00f3rali polskich Karpat oraz \u017bywieckie tradycje zdobnictwa bibu\u0142kowego.<\/mark> Obecnie na li\u015bcie znajduje si\u0119 118 wpis\u00f3w.<\/p>\n<!-- \/wp:paragraph -->\n\n<!-- wp:paragraph -->\n<p><strong>Kultura g\u00f3rali polskich Karpat<\/strong><\/p>\n<!-- \/wp:paragraph -->\n\n<!-- wp:paragraph -->\n<p>Kultura g\u00f3rali polskich Karpat to \u017cywe dziedzictwo niematerialne, g\u0142\u0119boko zakorzenione w codziennym \u017cyciu mieszka\u0144c\u00f3w po\u0142udniowej Polski. Tworz\u0105 j\u0105 wsp\u00f3lnoty g\u00f3rali \u015bl\u0105skich, \u017cywieckich, babiog\u00f3rskich, orawskich, podhala\u0144skich, zag\u00f3rza\u0144skich, gorcza\u0144skich, kliszczackich, spiskich, pieni\u0144skich, \u0142\u0105cko-kamienickich oraz nadpopradzkich. Pomimo regionalnych r\u00f3\u017cnic, \u0142\u0105czy je wsp\u00f3lna historia, j\u0119zyk, muzyka, obrz\u0119dowo\u015b\u0107 i poczucie to\u017csamo\u015bci kulturowej.<\/p>\n<!-- \/wp:paragraph -->\n\n<!-- wp:paragraph -->\n<p>W kulturze g\u00f3rali polskich Karpat istotn\u0105 rol\u0119 odgrywaj\u0105 obrz\u0119dy doroczne i rodzinne - Wyj\u0105tkowe znaczenie ma muzyka g\u00f3ralska, charakterystyczny taniec, gwara oraz bogato zdobiony str\u00f3j ludowy, czyli symbole g\u00f3ralskiej dumy i przynale\u017cno\u015bci.<br>Kultura g\u00f3rali polskich Karpat, mimo przemian wsp\u00f3\u0142czesnego \u015bwiata, wci\u0105\u017c jest przekazywana z pokolenia na pokolenie, w rodzinach, szko\u0142ach, zespo\u0142ach regionalnych, parafiach i stowarzyszeniach.<\/p>\n<!-- \/wp:paragraph -->\n\n<!-- wp:paragraph -->\n<p><strong>\u017bywieckie tradycje zdobnictwa bibu\u0142kowego<\/strong><\/p>\n<!-- \/wp:paragraph -->\n\n<!-- wp:paragraph -->\n<p>Zdobnictwo bibu\u0142kowe na \u017bywiecczy\u017anie ma ponad stuletni\u0105 tradycj\u0119. Pocz\u0105tkowo ozdoby z bibu\u0142y zdobi\u0142y wn\u0119trza dom\u00f3w, a z czasem zacz\u0119\u0142y pojawia\u0107 si\u0119 tak\u017ce w przestrzeni sakralnej, np. w ko\u015bcio\u0142ach, przydro\u017cnych kapliczkach. Charakterystyczne dla regionu by\u0142y te\u017c imieninowe wie\u0144ce, kt\u00f3rymi dziewcz\u0119ta obdarowywa\u0142y swoich narzeczonych.<\/p>\n<!-- \/wp:paragraph -->\n\n<!-- wp:paragraph -->\n<p>Z bibu\u0142y wykonywano kwiaty i kompozycje inspirowane natur\u0105, r\u00f3\u017ce, maki, chabry, cz\u0119sto o przeskalowanych kszta\u0142tach, podkre\u015blaj\u0105cych ich dekoracyjny charakter. Tradycyjne kwiaty bibu\u0142kowe by\u0142y nieod\u0142\u0105cznym elementem weselnych ozd\u00f3b, palm wielkanocnych i wie\u0144c\u00f3w imieninowych.<\/p>\n<!-- \/wp:paragraph -->\n\n<!-- wp:paragraph -->\n<p>Obecnie na \u017bywiecczy\u017anie funkcjonuj\u0105 dwa nurty tej tradycji \u2013 tradycyjny, kontynuowany w ramach warsztat\u00f3w, konkurs\u00f3w i edukacji regionalnej, oraz wsp\u00f3\u0142czesny, w kt\u00f3rym tw\u00f3rczynie eksperymentuj\u0105 z form\u0105 i kolorem, dostosowuj\u0105c dawne wzory do dzisiejszych gust\u00f3w. Zainteresowanie t\u0105 form\u0105 r\u0119kodzie\u0142a w ostatnich latach ro\u015bnie, zw\u0142aszcza w\u015br\u00f3d m\u0142odych mieszka\u0144c\u00f3w regionu. Dzi\u0119ki temu \u017cywieckie zdobnictwo bibu\u0142kowe wci\u0105\u017c si\u0119 rozwija, pozostaj\u0105c istotnym elementem to\u017csamo\u015bci i krajobrazu kulturowego \u017bywiecczyzny.<\/p>\n<!-- \/wp:paragraph -->\n\n<!-- wp:divi\/layout -->\n<div class=\"wp-block-divi-layout\">[et_pb_section admin_label=\"section\"][et_pb_row admin_label=\"row\"][\/et_pb_row][\/et_pb_section]<\/div>\n<!-- \/wp:divi\/layout -->\n\n<!-- wp:paragraph -->\n<p><strong>Krajowa lista niematerialnego dziedzictwa kulturowego<\/strong><\/p>\n<!-- \/wp:paragraph -->\n\n<!-- wp:paragraph -->\n<p>Ratyfikowana przez Polsk\u0119 Konwencja UNESCO w sprawie ochrony niematerialnego dziedzictwa kulturowego zobowi\u0105zuje Pa\u0144stwa-Strony do prowadzenia inwentaryzacji tradycji obecnych na ich terytorium. Wpisy na Krajow\u0105 list\u0119 niematerialnego dziedzictwa kulturowego pozwalaj\u0105 na dokumentowanie r\u00f3\u017cnorodnych praktyk kulturowych oraz promuj\u0105 ich ochron\u0119 i kontynuacj\u0119.<\/p>\n<!-- \/wp:paragraph -->\n\n<!-- wp:paragraph -->\n<p>Za prowadzenie listy odpowiada Minister Kultury i Dziedzictwa Narodowego we wsp\u00f3\u0142pracy z Narodowym Instytutem Dziedzictwa. Wszystkie spo\u0142eczno\u015bci, grupy i osoby praktykuj\u0105ce tradycje niematerialnego dziedzictwa mog\u0105 zg\u0142asza\u0107 swoje propozycje do wpisu. Obecnie Krajowa lista niematerialnego dziedzictwa kulturowego liczy 118 wpis\u00f3w, w tym cztery najnowszych, kt\u00f3re przedstawiamy powy\u017cej.<br><\/p>\n<!-- \/wp:paragraph -->\n\n<!-- wp:paragraph -->\n<p>Wi\u0119cej o niematerialnym: <a href=\"http:\/\/niematerialne.nid.pl\/\">Niematerialne dziedzictwo kulturowe | NID<\/a><\/p>\n<!-- \/wp:paragraph -->","_et_gb_content_width":"","_monsterinsights_skip_tracking":false,"_monsterinsights_sitenote_active":false,"_monsterinsights_sitenote_note":"","_monsterinsights_sitenote_category":0,"footnotes":""},"categories":[3],"tags":[],"class_list":["post-30422","post","type-post","status-publish","format-standard","has-post-thumbnail","hentry","category-aktualnosci"],"yoast_head":"<!-- This site is optimized with the Yoast SEO plugin v26.5 - https:\/\/yoast.com\/wordpress\/plugins\/seo\/ -->\n<title>Dwa nowe wpisy na Krajowej li\u015bcie niematerialnego dziedzictwa kulturowego\u00a0 - NID<\/title>\n<meta name=\"robots\" content=\"index, follow, max-snippet:-1, max-image-preview:large, max-video-preview:-1\" \/>\n<link rel=\"canonical\" href=\"https:\/\/nid.pl\/en\/2025\/11\/17\/niematerialne-dwa-nowe-wpisy\/\" \/>\n<meta property=\"og:locale\" content=\"en_GB\" \/>\n<meta property=\"og:type\" content=\"article\" \/>\n<meta property=\"og:title\" content=\"Dwa nowe wpisy na Krajowej li\u015bcie niematerialnego dziedzictwa kulturowego\u00a0 - NID\" \/>\n<meta property=\"og:description\" content=\"Decyzj\u0105 Ministra Kultury i Dziedzictwa Narodowego na Krajow\u0105 list\u0119 niematerialnego dziedzictwa kulturowego wpisano dwa kolejne elementy. S\u0105 to: Kultura g\u00f3rali polskich Karpat oraz \u017bywieckie tradycje zdobnictwa bibu\u0142kowego. Obecnie na li\u015bcie [&hellip;]\" \/>\n<meta property=\"og:url\" content=\"https:\/\/nid.pl\/en\/2025\/11\/17\/niematerialne-dwa-nowe-wpisy\/\" \/>\n<meta property=\"og:site_name\" content=\"NID\" \/>\n<meta property=\"article:publisher\" content=\"https:\/\/www.facebook.com\/zabytek\" \/>\n<meta property=\"article:published_time\" content=\"2025-11-17T09:21:19+00:00\" \/>\n<meta property=\"article:modified_time\" content=\"2025-11-17T09:22:09+00:00\" \/>\n<meta property=\"og:image\" content=\"https:\/\/nid.pl\/wp-content\/uploads\/2025\/10\/miniatura-www-NID-glowny.jpg\" \/>\n\t<meta property=\"og:image:width\" content=\"1200\" \/>\n\t<meta property=\"og:image:height\" content=\"800\" \/>\n\t<meta property=\"og:image:type\" content=\"image\/jpeg\" \/>\n<meta name=\"author\" content=\"Marta Or\u0119ziak\" \/>\n<meta name=\"twitter:card\" content=\"summary_large_image\" \/>\n<meta name=\"twitter:creator\" content=\"@NarIDpl\" \/>\n<meta name=\"twitter:site\" content=\"@NarIDpl\" \/>\n<meta name=\"twitter:label1\" content=\"Written by\" \/>\n\t<meta name=\"twitter:data1\" content=\"Marta Or\u0119ziak\" \/>\n\t<meta name=\"twitter:label2\" content=\"Estimated reading time\" \/>\n\t<meta name=\"twitter:data2\" content=\"3 minutes\" \/>\n<script type=\"application\/ld+json\" class=\"yoast-schema-graph\">{\"@context\":\"https:\/\/schema.org\",\"@graph\":[{\"@type\":\"Article\",\"@id\":\"https:\/\/nid.pl\/2025\/11\/17\/niematerialne-dwa-nowe-wpisy\/#article\",\"isPartOf\":{\"@id\":\"https:\/\/nid.pl\/2025\/11\/17\/niematerialne-dwa-nowe-wpisy\/\"},\"author\":{\"name\":\"Marta Or\u0119ziak\",\"@id\":\"https:\/\/nid.pl\/#\/schema\/person\/9d848c4a54b78bc2a1461f1c5d8de615\"},\"headline\":\"Dwa nowe wpisy na Krajowej li\u015bcie niematerialnego dziedzictwa kulturowego\u00a0\",\"datePublished\":\"2025-11-17T09:21:19+00:00\",\"dateModified\":\"2025-11-17T09:22:09+00:00\",\"mainEntityOfPage\":{\"@id\":\"https:\/\/nid.pl\/2025\/11\/17\/niematerialne-dwa-nowe-wpisy\/\"},\"wordCount\":650,\"publisher\":{\"@id\":\"https:\/\/nid.pl\/#organization\"},\"image\":{\"@id\":\"https:\/\/nid.pl\/2025\/11\/17\/niematerialne-dwa-nowe-wpisy\/#primaryimage\"},\"thumbnailUrl\":\"https:\/\/nid.pl\/wp-content\/uploads\/2025\/10\/miniatura-www-NID-glowny.jpg\",\"articleSection\":[\"Aktualno\u015bci\"],\"inLanguage\":\"en-GB\"},{\"@type\":\"WebPage\",\"@id\":\"https:\/\/nid.pl\/2025\/11\/17\/niematerialne-dwa-nowe-wpisy\/\",\"url\":\"https:\/\/nid.pl\/2025\/11\/17\/niematerialne-dwa-nowe-wpisy\/\",\"name\":\"Dwa nowe wpisy na Krajowej li\u015bcie niematerialnego dziedzictwa kulturowego\u00a0 - NID\",\"isPartOf\":{\"@id\":\"https:\/\/nid.pl\/#website\"},\"primaryImageOfPage\":{\"@id\":\"https:\/\/nid.pl\/2025\/11\/17\/niematerialne-dwa-nowe-wpisy\/#primaryimage\"},\"image\":{\"@id\":\"https:\/\/nid.pl\/2025\/11\/17\/niematerialne-dwa-nowe-wpisy\/#primaryimage\"},\"thumbnailUrl\":\"https:\/\/nid.pl\/wp-content\/uploads\/2025\/10\/miniatura-www-NID-glowny.jpg\",\"datePublished\":\"2025-11-17T09:21:19+00:00\",\"dateModified\":\"2025-11-17T09:22:09+00:00\",\"breadcrumb\":{\"@id\":\"https:\/\/nid.pl\/2025\/11\/17\/niematerialne-dwa-nowe-wpisy\/#breadcrumb\"},\"inLanguage\":\"en-GB\",\"potentialAction\":[{\"@type\":\"ReadAction\",\"target\":[\"https:\/\/nid.pl\/2025\/11\/17\/niematerialne-dwa-nowe-wpisy\/\"]}]},{\"@type\":\"ImageObject\",\"inLanguage\":\"en-GB\",\"@id\":\"https:\/\/nid.pl\/2025\/11\/17\/niematerialne-dwa-nowe-wpisy\/#primaryimage\",\"url\":\"https:\/\/nid.pl\/wp-content\/uploads\/2025\/10\/miniatura-www-NID-glowny.jpg\",\"contentUrl\":\"https:\/\/nid.pl\/wp-content\/uploads\/2025\/10\/miniatura-www-NID-glowny.jpg\",\"width\":1200,\"height\":800,\"caption\":\"osoby kultywuj\u0105ce tradycje polskie\"},{\"@type\":\"BreadcrumbList\",\"@id\":\"https:\/\/nid.pl\/2025\/11\/17\/niematerialne-dwa-nowe-wpisy\/#breadcrumb\",\"itemListElement\":[{\"@type\":\"ListItem\",\"position\":1,\"name\":\"Home\",\"item\":\"https:\/\/nid.pl\/\"},{\"@type\":\"ListItem\",\"position\":2,\"name\":\"Dwa nowe wpisy na Krajowej li\u015bcie niematerialnego dziedzictwa kulturowego\u00a0\"}]},{\"@type\":\"WebSite\",\"@id\":\"https:\/\/nid.pl\/#website\",\"url\":\"https:\/\/nid.pl\/\",\"name\":\"NID\",\"description\":\"Narodowy Instytut Dziedzictwa\",\"publisher\":{\"@id\":\"https:\/\/nid.pl\/#organization\"},\"potentialAction\":[{\"@type\":\"SearchAction\",\"target\":{\"@type\":\"EntryPoint\",\"urlTemplate\":\"https:\/\/nid.pl\/?s={search_term_string}\"},\"query-input\":{\"@type\":\"PropertyValueSpecification\",\"valueRequired\":true,\"valueName\":\"search_term_string\"}}],\"inLanguage\":\"en-GB\"},{\"@type\":\"Organization\",\"@id\":\"https:\/\/nid.pl\/#organization\",\"name\":\"Narodowy Instytut Dziedzictwa\",\"url\":\"https:\/\/nid.pl\/\",\"logo\":{\"@type\":\"ImageObject\",\"inLanguage\":\"en-GB\",\"@id\":\"https:\/\/nid.pl\/#\/schema\/logo\/image\/\",\"url\":\"https:\/\/nid.pl\/wp-content\/uploads\/2022\/10\/logoRedDark.png\",\"contentUrl\":\"https:\/\/nid.pl\/wp-content\/uploads\/2022\/10\/logoRedDark.png\",\"width\":200,\"height\":197,\"caption\":\"Narodowy Instytut Dziedzictwa\"},\"image\":{\"@id\":\"https:\/\/nid.pl\/#\/schema\/logo\/image\/\"},\"sameAs\":[\"https:\/\/www.facebook.com\/zabytek\",\"https:\/\/x.com\/NarIDpl\",\"https:\/\/www.instagram.com\/nid.pl\/?hl=pl\",\"https:\/\/www.linkedin.com\/company\/narodowy-instytut-dziedzictwa\",\"https:\/\/www.youtube.com\/channel\/UCQXuhKa2uHtmNvLRUSx40JA\"]},{\"@type\":\"Person\",\"@id\":\"https:\/\/nid.pl\/#\/schema\/person\/9d848c4a54b78bc2a1461f1c5d8de615\",\"name\":\"Marta Or\u0119ziak\",\"image\":{\"@type\":\"ImageObject\",\"inLanguage\":\"en-GB\",\"@id\":\"https:\/\/nid.pl\/#\/schema\/person\/image\/\",\"url\":\"https:\/\/nid.pl\/wp-content\/litespeed\/avatar\/3cdc296a7eb01425272974c992bee3ea.jpg?ver=1777445267\",\"contentUrl\":\"https:\/\/nid.pl\/wp-content\/litespeed\/avatar\/3cdc296a7eb01425272974c992bee3ea.jpg?ver=1777445267\",\"caption\":\"Marta Or\u0119ziak\"},\"url\":\"https:\/\/nid.pl\/en\/author\/moreziak\/\"}]}<\/script>\n<!-- \/ Yoast SEO plugin. -->","yoast_head_json":{"title":"Dwa nowe wpisy na Krajowej li\u015bcie niematerialnego dziedzictwa kulturowego\u00a0 - NID","robots":{"index":"index","follow":"follow","max-snippet":"max-snippet:-1","max-image-preview":"max-image-preview:large","max-video-preview":"max-video-preview:-1"},"canonical":"https:\/\/nid.pl\/en\/2025\/11\/17\/niematerialne-dwa-nowe-wpisy\/","og_locale":"en_GB","og_type":"article","og_title":"Dwa nowe wpisy na Krajowej li\u015bcie niematerialnego dziedzictwa kulturowego\u00a0 - NID","og_description":"Decyzj\u0105 Ministra Kultury i Dziedzictwa Narodowego na Krajow\u0105 list\u0119 niematerialnego dziedzictwa kulturowego wpisano dwa kolejne elementy. S\u0105 to: Kultura g\u00f3rali polskich Karpat oraz \u017bywieckie tradycje zdobnictwa bibu\u0142kowego. Obecnie na li\u015bcie [&hellip;]","og_url":"https:\/\/nid.pl\/en\/2025\/11\/17\/niematerialne-dwa-nowe-wpisy\/","og_site_name":"NID","article_publisher":"https:\/\/www.facebook.com\/zabytek","article_published_time":"2025-11-17T09:21:19+00:00","article_modified_time":"2025-11-17T09:22:09+00:00","og_image":[{"width":1200,"height":800,"url":"https:\/\/nid.pl\/wp-content\/uploads\/2025\/10\/miniatura-www-NID-glowny.jpg","type":"image\/jpeg"}],"author":"Marta Or\u0119ziak","twitter_card":"summary_large_image","twitter_creator":"@NarIDpl","twitter_site":"@NarIDpl","twitter_misc":{"Written by":"Marta Or\u0119ziak","Estimated reading time":"3 minutes"},"schema":{"@context":"https:\/\/schema.org","@graph":[{"@type":"Article","@id":"https:\/\/nid.pl\/2025\/11\/17\/niematerialne-dwa-nowe-wpisy\/#article","isPartOf":{"@id":"https:\/\/nid.pl\/2025\/11\/17\/niematerialne-dwa-nowe-wpisy\/"},"author":{"name":"Marta Or\u0119ziak","@id":"https:\/\/nid.pl\/#\/schema\/person\/9d848c4a54b78bc2a1461f1c5d8de615"},"headline":"Dwa nowe wpisy na Krajowej li\u015bcie niematerialnego dziedzictwa kulturowego\u00a0","datePublished":"2025-11-17T09:21:19+00:00","dateModified":"2025-11-17T09:22:09+00:00","mainEntityOfPage":{"@id":"https:\/\/nid.pl\/2025\/11\/17\/niematerialne-dwa-nowe-wpisy\/"},"wordCount":650,"publisher":{"@id":"https:\/\/nid.pl\/#organization"},"image":{"@id":"https:\/\/nid.pl\/2025\/11\/17\/niematerialne-dwa-nowe-wpisy\/#primaryimage"},"thumbnailUrl":"https:\/\/nid.pl\/wp-content\/uploads\/2025\/10\/miniatura-www-NID-glowny.jpg","articleSection":["Aktualno\u015bci"],"inLanguage":"en-GB"},{"@type":"WebPage","@id":"https:\/\/nid.pl\/2025\/11\/17\/niematerialne-dwa-nowe-wpisy\/","url":"https:\/\/nid.pl\/2025\/11\/17\/niematerialne-dwa-nowe-wpisy\/","name":"Dwa nowe wpisy na Krajowej li\u015bcie niematerialnego dziedzictwa kulturowego\u00a0 - NID","isPartOf":{"@id":"https:\/\/nid.pl\/#website"},"primaryImageOfPage":{"@id":"https:\/\/nid.pl\/2025\/11\/17\/niematerialne-dwa-nowe-wpisy\/#primaryimage"},"image":{"@id":"https:\/\/nid.pl\/2025\/11\/17\/niematerialne-dwa-nowe-wpisy\/#primaryimage"},"thumbnailUrl":"https:\/\/nid.pl\/wp-content\/uploads\/2025\/10\/miniatura-www-NID-glowny.jpg","datePublished":"2025-11-17T09:21:19+00:00","dateModified":"2025-11-17T09:22:09+00:00","breadcrumb":{"@id":"https:\/\/nid.pl\/2025\/11\/17\/niematerialne-dwa-nowe-wpisy\/#breadcrumb"},"inLanguage":"en-GB","potentialAction":[{"@type":"ReadAction","target":["https:\/\/nid.pl\/2025\/11\/17\/niematerialne-dwa-nowe-wpisy\/"]}]},{"@type":"ImageObject","inLanguage":"en-GB","@id":"https:\/\/nid.pl\/2025\/11\/17\/niematerialne-dwa-nowe-wpisy\/#primaryimage","url":"https:\/\/nid.pl\/wp-content\/uploads\/2025\/10\/miniatura-www-NID-glowny.jpg","contentUrl":"https:\/\/nid.pl\/wp-content\/uploads\/2025\/10\/miniatura-www-NID-glowny.jpg","width":1200,"height":800,"caption":"osoby kultywuj\u0105ce tradycje polskie"},{"@type":"BreadcrumbList","@id":"https:\/\/nid.pl\/2025\/11\/17\/niematerialne-dwa-nowe-wpisy\/#breadcrumb","itemListElement":[{"@type":"ListItem","position":1,"name":"Home","item":"https:\/\/nid.pl\/"},{"@type":"ListItem","position":2,"name":"Dwa nowe wpisy na Krajowej li\u015bcie niematerialnego dziedzictwa kulturowego\u00a0"}]},{"@type":"WebSite","@id":"https:\/\/nid.pl\/#website","url":"https:\/\/nid.pl\/","name":"NID","description":"Narodowy Instytut Dziedzictwa","publisher":{"@id":"https:\/\/nid.pl\/#organization"},"potentialAction":[{"@type":"SearchAction","target":{"@type":"EntryPoint","urlTemplate":"https:\/\/nid.pl\/?s={search_term_string}"},"query-input":{"@type":"PropertyValueSpecification","valueRequired":true,"valueName":"search_term_string"}}],"inLanguage":"en-GB"},{"@type":"Organization","@id":"https:\/\/nid.pl\/#organization","name":"Narodowy Instytut Dziedzictwa","url":"https:\/\/nid.pl\/","logo":{"@type":"ImageObject","inLanguage":"en-GB","@id":"https:\/\/nid.pl\/#\/schema\/logo\/image\/","url":"https:\/\/nid.pl\/wp-content\/uploads\/2022\/10\/logoRedDark.png","contentUrl":"https:\/\/nid.pl\/wp-content\/uploads\/2022\/10\/logoRedDark.png","width":200,"height":197,"caption":"Narodowy Instytut Dziedzictwa"},"image":{"@id":"https:\/\/nid.pl\/#\/schema\/logo\/image\/"},"sameAs":["https:\/\/www.facebook.com\/zabytek","https:\/\/x.com\/NarIDpl","https:\/\/www.instagram.com\/nid.pl\/?hl=pl","https:\/\/www.linkedin.com\/company\/narodowy-instytut-dziedzictwa","https:\/\/www.youtube.com\/channel\/UCQXuhKa2uHtmNvLRUSx40JA"]},{"@type":"Person","@id":"https:\/\/nid.pl\/#\/schema\/person\/9d848c4a54b78bc2a1461f1c5d8de615","name":"Marta Or\u0119ziak","image":{"@type":"ImageObject","inLanguage":"en-GB","@id":"https:\/\/nid.pl\/#\/schema\/person\/image\/","url":"https:\/\/nid.pl\/wp-content\/litespeed\/avatar\/3cdc296a7eb01425272974c992bee3ea.jpg?ver=1777445267","contentUrl":"https:\/\/nid.pl\/wp-content\/litespeed\/avatar\/3cdc296a7eb01425272974c992bee3ea.jpg?ver=1777445267","caption":"Marta Or\u0119ziak"},"url":"https:\/\/nid.pl\/en\/author\/moreziak\/"}]}},"_links":{"self":[{"href":"https:\/\/nid.pl\/en\/wp-json\/wp\/v2\/posts\/30422","targetHints":{"allow":["GET"]}}],"collection":[{"href":"https:\/\/nid.pl\/en\/wp-json\/wp\/v2\/posts"}],"about":[{"href":"https:\/\/nid.pl\/en\/wp-json\/wp\/v2\/types\/post"}],"author":[{"embeddable":true,"href":"https:\/\/nid.pl\/en\/wp-json\/wp\/v2\/users\/4"}],"replies":[{"embeddable":true,"href":"https:\/\/nid.pl\/en\/wp-json\/wp\/v2\/comments?post=30422"}],"version-history":[{"count":0,"href":"https:\/\/nid.pl\/en\/wp-json\/wp\/v2\/posts\/30422\/revisions"}],"wp:featuredmedia":[{"embeddable":true,"href":"https:\/\/nid.pl\/en\/wp-json\/wp\/v2\/media\/30552"}],"wp:attachment":[{"href":"https:\/\/nid.pl\/en\/wp-json\/wp\/v2\/media?parent=30422"}],"wp:term":[{"taxonomy":"category","embeddable":true,"href":"https:\/\/nid.pl\/en\/wp-json\/wp\/v2\/categories?post=30422"},{"taxonomy":"post_tag","embeddable":true,"href":"https:\/\/nid.pl\/en\/wp-json\/wp\/v2\/tags?post=30422"}],"curies":[{"name":"wp","href":"https:\/\/api.w.org\/{rel}","templated":true}]}}