{"id":30048,"date":"2025-10-09T09:25:16","date_gmt":"2025-10-09T07:25:16","guid":{"rendered":"https:\/\/nid.pl\/?p=30048"},"modified":"2025-11-24T11:54:51","modified_gmt":"2025-11-24T10:54:51","slug":"rekrutacja-dda","status":"publish","type":"post","link":"https:\/\/nid.pl\/en\/2025\/10\/09\/rekrutacja-dda\/","title":{"rendered":"Kandydat\/Kandydatka do pracy w Dziale Dokumentacji Archiwalnej"},"content":{"rendered":"<p><strong>Narodowy Instytut Dziedzictwa poszukuje Kandydata\/Kandydatki do pracy w Dziale Dokumentacji Archiwalnej<\/strong><\/p>\n\n\n\n<p><\/p>\n\n\n\n<p><strong>Zakres zada\u0144:<\/strong><\/p>\n\n\n\n<ul class=\"wp-block-list\">\n<li>archiwizowanie i opracowywanie materia\u0142\u00f3w archiwalnych,<\/li>\n\n\n\n<li>ewidencjonowanie materia\u0142\u00f3w archiwalnych,<\/li>\n\n\n\n<li>uk\u0142adanie i zabezpieczanie przed zniszczeniem dokumentacji i materia\u0142\u00f3w fotograficznych,<\/li>\n\n\n\n<li>opieka nad zbiorami,<\/li>\n\n\n\n<li>udzielanie informacji na temat zbior\u00f3w znajduj\u0105cych si\u0119 w Dziale oraz ich udost\u0119pnianie zgodnie z obowi\u0105zuj\u0105cym regulaminem udost\u0119pniania,<\/li>\n\n\n\n<li>udzielanie instrukcji pracownikom Instytutu w zakresie wykonywanych czynno\u015bci kancelaryjnych i dokumentowania przebiegu za\u0142atwianych spraw, w tym doradztwo w zakresie doboru klas z Jednolitego Rzeczowego Wykazu Akt, w\u0142a\u015bciwego zak\u0142adania i prowadzenia spraw,<\/li>\n\n\n\n<li>prace porz\u0105dkowe i techniczne przy zbiorach,<\/li>\n<\/ul>\n\n\n\n<p><strong>Wymagania:<\/strong><\/p>\n\n\n\n<ul class=\"wp-block-list\">\n<li>wykszta\u0142cenia wy\u017cszego magisterskiego w zakresie archiwistyki,<\/li>\n\n\n\n<li>co najmniej 2-letniego do\u015bwiadczenia na stanowisku archiwisty,<\/li>\n\n\n\n<li>znajomo\u015bci przepis\u00f3w prawa archiwalnego i przepis\u00f3w towarzysz\u0105cych o charakterze archiwalnym,<\/li>\n\n\n\n<li>mile widziane do\u015bwiadczenie w opracowywaniu spu\u015bcizn archiwalnych,<\/li>\n\n\n\n<li>bieg\u0142a znajomo\u015b\u0107 MS Office<\/li>\n\n\n\n<li>dok\u0142adno\u015bci, sumienno\u015bci i punktualno\u015bci,<\/li>\n\n\n\n<li>umiej\u0119tno\u015bci dobrej organizacji czasu pracy,<\/li>\n\n\n\n<li>samodzielno\u015bci w wykonywaniu zada\u0144.<\/li>\n<\/ul>\n\n\n\n<p><strong>Rodzaj zatrudnienia: <\/strong>pe\u0142ny etat<\/p>\n\n\n\n<p><strong>Miejsce wykonywania pracy: <\/strong>Warszawa<\/p>\n\n\n\n<p><strong>Wymagane dokumenty: <\/strong>CV i list motywacyjny<\/p>\n\n\n\n<p><strong>Termin sk\u0142adania dokument\u00f3w: <\/strong>31 pa\u017adziernika 2025 roku<\/p>\n\n\n\n<p><strong>Spos\u00f3b sk\u0142adania dokument\u00f3w:<\/strong> Aplikacje prosimy przes\u0142a\u0107 na adres e-mail: <a href=\"mailto:rekrutacja@nid.pl\" target=\"_blank\" rel=\"noreferrer noopener\">rekrutacja@nid.pl<\/a> podaj\u0105c w tytule maila <strong>\u201erekrutacja Archiwum\u201d.<\/strong><\/p>\n\n\n\n<div class=\"wp-block-group is-layout-flow wp-block-group-is-layout-flow\">\n<p><strong>Prosimy o dopisanie w CV nast\u0119puj\u0105cej klauzuli:<\/strong><\/p>\n\n\n\n<p>Wyra\u017cam zgod\u0119 na przetwarzanie moich danych osobowych dla potrzeb niezb\u0119dnych do realizacji procesu obecnej rekrutacji przez Narodowy Instytut Dziedzictwa zgodnie art. 7 ust. 1 i 2 Rozporz\u0105dzenia Parlamentu Europejskiego i Rady (UE) 2016\/679 z dnia 27 kwietnia 2016 r. w sprawie ochrony os\u00f3b fizycznych w zwi\u0105zku z przetwarzaniem danych osobowych i w sprawie swobodnego przep\u0142ywu takich danych oraz uchylenia dyrektywy 95\/46\/WE (og\u00f3lne rozporz\u0105dzenie o ochronie danych).<\/p>\n<\/div>\n\n\n\n<p><\/p>\n\n\n\n<p><strong>Informujemy, i\u017c:<\/strong><\/p>\n\n\n\n<ol class=\"wp-block-list\"><li>Administratorem Pani\/Pana danych osobowych jest Narodowy Instytut Dziedzictwa, ul. Kopernika 36\/40, 00-924 Warszawa.<\/li><li>Kontakt z Inspektorem Ochrony Danych w NID mo\u017cliwy jest poprzez ww. adres pocztowy lub pod adresem <a href=\"mailto:iod@nid.pl\" target=\"_blank\" rel=\"noreferrer noopener\">iod@nid.pl<\/a>.<\/li><li>Pani\/Pana dane osobowe przetwarzane b\u0119d\u0105 w celu realizacji przez Administratora procesu bie\u017c\u0105cej rekrutacji a podstaw\u0105 prawn\u0105 przetwarzania danych jest Pani\/Pana zgoda.<\/li><li>Administrator nie udost\u0119pnia Pani\/Pana danych osobowych \u017cadnym odbiorcom, z wyj\u0105tkiem przypadk\u00f3w, gdy obowi\u0105zek taki wynika z przepis\u00f3w prawa powszechnie obowi\u0105zuj\u0105cego.<\/li><li>Pani\/Pana dane b\u0119d\u0105 przechowywane przez okres trwania procedury rekrutacyjnej oraz 6 miesi\u0119cy od dnia jej zako\u0144czenia.<\/li><li>Pani\/Pana uprawnienia w zakresie danych osobowych:<br>1) prawo dost\u0119pu do swoich danych (w tym prawo do otrzymania ich kopii);<br>2) prawo do sprostowania swoich danych osobowych;<br>3) prawo do ograniczenia przetwarzania danych osobowych;<br>4) prawo do przenoszenia danych do innego administratora,<br>5) prawo do wniesienia sprzeciwu wobec przetwarzania danych,<br>6) prawo do wycofania zgody na przetwarzanie danych osobowych.<br>wycofanie zgody nie ma wp\u0142ywu na zgodno\u015b\u0107 z prawem przetwarzania, kt\u00f3rego dokonano na podstawie zgody przed jej wycofaniem; zgod\u0119 mo\u017cna wycofa\u0107 w ka\u017cdym momencie,<br>&#8211; \u017c\u0105danie realizacji tych praw nale\u017cy przes\u0142a\u0107 w formie pisemnej na adres kontaktowy administratora danych, podany powy\u017cej;<br>7) prawo do wniesienia skargi do Prezesa Urz\u0119du Ochrony Danych Osobowych gdy uzna Pani\/Pan, \u017ce przetwarzanie danych osobowych narusza przepisy RODO<\/li><\/ol>\n\n\n\n<ol class=\"wp-block-list\" start=\"7\"><li>Podanie przez Pani\u0105\/Pana danych osobowych w zakresie wynikaj\u0105cym z art. 221 Kodeksu Pracy (imi\u0119, nazwisko, data urodzenia, dane kontaktowe, wykszta\u0142cenie, kwalifikacje zawodowe, przebieg dotychczasowego zatrudnienia) jest niezb\u0119dne, aby uczestniczy\u0107 w post\u0119powaniu rekrutacyjnym. Podanie przez Pani\u0105\/Pana danych innych, ni\u017c wskazane w art. 221 Kodeksu Pracy, jest dobrowolne.<\/li><li>Podane dane nie b\u0119d\u0105 podstaw\u0105 do zautomatyzowanego podejmowania decyzji; nie b\u0119d\u0105 te\u017c profilowane.<\/li><\/ol>\n\n\n\n<p><\/p>\n\n\n\n<p>W Narodowym Instytucie Dziedzictwa obowi\u0105zuje procedura zg\u0142osze\u0144 wewn\u0119trznych: <a href=\"https:\/\/nid.pl\/en\/bip\/sygnalista\/\" target=\"_blank\" rel=\"noreferrer noopener\">https:\/\/nid.pl\/bip\/sygnalista\/<\/a>. Osoba zainteresowana jej tre\u015bci\u0105 mo\u017ce uzyska\u0107 dokument do wgl\u0105du w siedzibie NID lub na wniosek poprzez udost\u0119pnienie drog\u0105 elektroniczn\u0105.<\/p>\n\n\n\n<p><strong>Oferty nades\u0142ane po up\u0142ywie wskazanego terminu lub bez kompletu wymaganych dokument\u00f3w nie b\u0119d\u0105 rozpatrywane.<\/strong><\/p>\n\n\n\n<p><strong>Zastrzegamy sobie prawo do skontaktowania si\u0119 z wybranymi kandydatami.<\/strong><\/p>\n\n\n\n<p><\/p>","protected":false},"excerpt":{"rendered":"<p>Termin sk\u0142adania dokument\u00f3w: 31 pa\u017adziernika 2025 roku<\/p>","protected":false},"author":4,"featured_media":0,"comment_status":"closed","ping_status":"closed","sticky":false,"template":"","format":"standard","meta":{"_et_pb_use_builder":"off","_et_pb_old_content":"<!-- wp:paragraph -->\n<p>Narodowy Instytut Dziedzictwa poszukuje Kierownika lub Kierowniczki Projektu \u201eDost\u0119pno\u015b\u0107 i Dziedzictwo. Standardy dost\u0119pno\u015bci w zabytkach\u201d, kt\u00f3ry b\u0119dzie dofinansowany ze \u015brodk\u00f3w Funduszy Europejskich dla Rozwoju Spo\u0142ecznego na lata 2021-2027.<\/p>\n<!-- \/wp:paragraph -->\n\n<!-- wp:paragraph -->\n<p><strong>Zakres zada\u0144 na stanowisku:<\/strong><\/p>\n<!-- \/wp:paragraph -->\n\n<!-- wp:list -->\n<ul class=\"wp-block-list\"><!-- wp:list-item -->\n<li>Koordynacja i kompleksowe prowadzenie projektu \u201eDost\u0119pno\u015b\u0107 i dziedzictwo. Standardy dost\u0119pno\u015bci w zabytkach\u201d, w tym zarz\u0105dzanie cyklem \u017cycia projektu zgodnie z metodologi\u0105 PRINCE2: planowanie, realizacja, monitoring i zamkni\u0119cie projektu zgodnie z umow\u0105 o dofinansowanie;<\/li>\n<!-- \/wp:list-item -->\n\n<!-- wp:list-item -->\n<li>Koordynacja pracy zespo\u0142u projektowego oraz wsp\u00f3\u0142praca z partnerami i podwykonawcami;<\/li>\n<!-- \/wp:list-item -->\n\n<!-- wp:list-item -->\n<li>Obs\u0142uga projektu w bazie CST2021. Przygotowywanie i sk\u0142adanie wniosk\u00f3w o p\u0142atno\u015b\u0107, wprowadzanie zmian w planie finansowym zgodnie z bie\u017c\u0105cymi potrzebami w Projekcie oraz aktualizowanie harmonogramu p\u0142atno\u015bci, weryfikacja dokonywanych wydatk\u00f3w przez NID i Partner\u00f3w pod k\u0105tem kwalifikowalno\u015bci wydatk\u00f3w;<\/li>\n<!-- \/wp:list-item -->\n\n<!-- wp:list-item -->\n<li>Prowadzenie rozlicze\u0144 Projektu, ko\u0144cowego rozliczenia finansowego i rzeczowego oraz sprawozdawczo\u015bci Projektu;<\/li>\n<!-- \/wp:list-item -->\n\n<!-- wp:list-item -->\n<li>Prowadzenie monitoringu realizacji wska\u017anik\u00f3w (monitoring post\u0119pu wdra\u017cania Projektu i osi\u0105ganych wska\u017anik\u00f3w produktu i rezultatu), identyfikacja i wdra\u017canie dzia\u0142a\u0144 optymalizacyjnych, identyfikacja ryzyk projektowych i wdra\u017canie dzia\u0142a\u0144 koryguj\u0105cych, nadz\u00f3r nad rekrutacj\u0105 uczestnik\u00f3w, prowadzenie statystyk i dokument\u00f3w projektowych<\/li>\n<!-- \/wp:list-item -->\n\n<!-- wp:list-item -->\n<li>Prowadzenie rejestru udzielanej w ramach Partnerstwa pomocy publicznej na potrzeby monitorowania i kontroli zgodno\u015bci z zasadami pomocy publicznej, zgodno\u015bci z zasadami horyzontalnymi Unii Europejskiej, w tym zasad\u0105 r\u00f3wno\u015bci kobiet i m\u0119\u017cczyzn oraz r\u00f3wno\u015bci szans i niedyskryminacji, w tym dost\u0119pno\u015bci dla os\u00f3b z niepe\u0142nosprawno\u015bciami, je\u015bli takie si\u0119 pojawi\u0105.<\/li>\n<!-- \/wp:list-item -->\n\n<!-- wp:list-item -->\n<li>Udzia\u0142 w przygotowaniu i przeprowadzeniu post\u0119powa\u0144 o udzielenie zam\u00f3wie\u0144 publicznych planowanych w ramach Projektu wraz z przygotowaniem dokumentacji w post\u0119powaniu o udzielenie zam\u00f3wienia zgodnie z Regulaminem Zam\u00f3wie\u0144 Publicznych NID, Wytycznymi dotycz\u0105cymi kwalifikowalno\u015bci wydatk\u00f3w na lata 2021-2027 Ministerstwa Funduszy i Polityki Regionalnej i in. oraz Obs\u0142uga Bazy Konkurencyjno\u015bci;<\/li>\n<!-- \/wp:list-item -->\n\n<!-- wp:list-item -->\n<li>Wsp\u00f3\u0142praca z jednostkami i kom\u00f3rkami NID zaanga\u017cowanymi w dzia\u0142ania Projektu;<\/li>\n<!-- \/wp:list-item -->\n\n<!-- wp:list-item -->\n<li>Wsp\u00f3\u0142praca z Ministerstwem Funduszy i Polityki Regionalnej, Komitetem Steruj\u0105cym oraz Partnerami w ramach realizacji Projektu;<\/li>\n<!-- \/wp:list-item -->\n\n<!-- wp:list-item -->\n<li>Nadz\u00f3r (w tym monitorowanie i koordynowanie) prawid\u0142owo\u015bci dzia\u0142a\u0144 Partner\u00f3w przy realizacji i rozliczaniu dzia\u0142a\u0144 zawartych w projekcie;<\/li>\n<!-- \/wp:list-item -->\n\n<!-- wp:list-item -->\n<li>Koordynacja dzia\u0142a\u0144 NID i partner\u00f3w na rzecz upowszechniania informacji o Projekcie i jego celach;<\/li>\n<!-- \/wp:list-item -->\n\n<!-- wp:list-item -->\n<li>Udzia\u0142 i wsp\u00f3\u0142praca podczas kontroli zewn\u0119trznej i wewn\u0119trznej Projektu;<\/li>\n<!-- \/wp:list-item -->\n\n<!-- wp:list-item -->\n<li>Wsparcie w organizacji wydarze\u0144 realizowanych w ramach Projektu, nadz\u00f3r nad wykonaniem um\u00f3w;<\/li>\n<!-- \/wp:list-item -->\n\n<!-- wp:list-item -->\n<li>Codzienne dzia\u0142ania zwi\u0105zane z realizacj\u0105 projektu.<\/li>\n<!-- \/wp:list-item --><\/ul>\n<!-- \/wp:list -->\n\n<!-- wp:paragraph -->\n<p><strong>Wymagania:<\/strong><\/p>\n<!-- \/wp:paragraph -->\n\n<!-- wp:list -->\n<ul class=\"wp-block-list\"><!-- wp:list-item -->\n<li>wykszta\u0142cenie wy\u017csze, preferowane kierunki: zarz\u0105dzanie, administracja, ekonomia, nauki spo\u0142eczne, prawo. Mile widziane Kursy lub studia podyplomowe zwi\u0105zane z zarz\u0105dzaniem projektami\/funduszami UE<\/li>\n<!-- \/wp:list-item -->\n\n<!-- wp:list-item -->\n<li>dokument potwierdzaj\u0105cy znajomo\u015b\u0107 i umiej\u0119tno\u015b\u0107 zarz\u0105dzania projektem zgodnie z metodyk\u0105 PRINCE2.<\/li>\n<!-- \/wp:list-item -->\n\n<!-- wp:list-item -->\n<li>minimum pi\u0119cioletnie do\u015bwiadczenie w pracy na stanowisku zwi\u0105zanym z zarz\u0105dzaniem projektami i z prowadzeniem\/rozliczaniem projekt\u00f3w dofinansowanych ze \u015brodk\u00f3w UE i\/lub funduszy norweskich, w tym co najmniej jeden projekt realizowany w ramach FERS lub EFS+. Minimum dziesi\u0119cioletnie do\u015bwiadczenie zawodowe;<\/li>\n<!-- \/wp:list-item -->\n\n<!-- wp:list-item -->\n<li>do\u015bwiadczenie w przygotowaniu i prowadzeniu post\u0119powa\u0144 o udzielenie zam\u00f3wienia publicznego w oparciu o przepisy ustawy z dnia 11 wrze\u015bnia 2019 r. \u2013 Prawo zam\u00f3wie\u0144 publicznych<\/li>\n<!-- \/wp:list-item -->\n\n<!-- wp:list-item -->\n<li>do\u015bwiadczenie w pracy z systemem CST2021<\/li>\n<!-- \/wp:list-item -->\n\n<!-- wp:list-item -->\n<li>znajomo\u015b\u0107 polskich i unijnych przepis\u00f3w oraz wytycznych dotycz\u0105cych projekt\u00f3w dofinansowanych z Funduszy Europejskich dla Rozwoju Spo\u0142ecznego.<\/li>\n<!-- \/wp:list-item -->\n\n<!-- wp:list-item -->\n<li>umiej\u0119tno\u015b\u0107 obs\u0142ugi program\u00f3w pakietu MS Office, w szczeg\u00f3lno\u015bci zaawansowana umiej\u0119tno\u015b\u0107 obs\u0142ugi programu Excel<\/li>\n<!-- \/wp:list-item -->\n\n<!-- wp:list-item -->\n<li>umiej\u0119tno\u015bci: zarz\u0105dzania zespo\u0142em, samodzielnego rozwi\u0105zywania problem\u00f3w, pracy pod presj\u0105 czasu, analitycznego my\u015blenia i skutecznej komunikacji;<\/li>\n<!-- \/wp:list-item -->\n\n<!-- wp:list-item -->\n<li>mile widziana znajomo\u015b\u0107 j\u0119zyka angielskiego na poziomie B2.<\/li>\n<!-- \/wp:list-item --><\/ul>\n<!-- \/wp:list -->\n\n<!-- wp:paragraph -->\n<p><strong>Wymiar zatrudnienia: <\/strong>pe\u0142ny etat<\/p>\n<!-- \/wp:paragraph -->\n\n<!-- wp:paragraph -->\n<p><strong>Rodzaj umowy: <\/strong>umowa o prac\u0119 (w okresie realizacji projektu od 1 pa\u017adziernika 2025 roku do 31 marca 2029 roku)<\/p>\n<!-- \/wp:paragraph -->\n\n<!-- wp:paragraph -->\n<p><strong>Miejsce wykonywania pracy: <\/strong>Warszawa, praca stacjonarna w siedzibie NID, mo\u017cliwo\u015b\u0107 cz\u0119\u015bciowej pracy zdalnej<\/p>\n<!-- \/wp:paragraph -->\n\n<!-- wp:paragraph -->\n<p><strong>Wymagane dokumenty:<\/strong> CV i list motywacyjny (tytu\u0142 pliku z imieniem i nazwiskiem)<\/p>\n<!-- \/wp:paragraph -->\n\n<!-- wp:paragraph -->\n<p><strong>Termin sk\u0142adania dokument\u00f3w:<\/strong> 1 wrze\u015bnia 2025 roku<\/p>\n<!-- \/wp:paragraph -->\n\n<!-- wp:paragraph -->\n<p><strong>Spos\u00f3b sk\u0142adania dokument\u00f3w: <\/strong>Aplikacje prosimy przes\u0142a\u0107 na adres e-mail: <a href=\"mailto:rekrutacja@nid.pl\" target=\"_blank\" rel=\"noreferrer noopener\">rekrutacja@nid.pl<\/a> podaj\u0105c w tytule maila <strong>\"DID<\/strong>\"<\/p>\n<!-- \/wp:paragraph -->\n\n<!-- wp:block {\"ref\":7988} \/-->\n\n<!-- wp:block {\"ref\":6236} \/-->\n\n<!-- wp:paragraph -->\n<p><strong>W Narodowym Instytucie\u00a0 Dziedzictwa obowi\u0105zuje procedura zg\u0142osze\u0144 wewn\u0119trznych:\u00a0 <a href=\"https:\/\/nid.pl\/bip\/sygnalista\/\" target=\"_blank\" rel=\"noreferrer noopener\">https:\/\/nid.pl\/bip\/sygnalista\/<\/a>.\u00a0Osoba zainteresowana jej tre\u015bci\u0105 mo\u017ce uzyska\u0107 dokument do wgl\u0105du w siedzibie NID lub na wniosek poprzez udost\u0119pnienie drog\u0105 elektroniczn\u0105.<\/strong><\/p>\n<!-- \/wp:paragraph -->\n\n<!-- wp:paragraph -->\n<p><strong>Oferty nades\u0142ane po up\u0142ywie wskazanego&nbsp; terminu lub bez kompletu wymaganych dokument\u00f3w nie b\u0119d\u0105 rozpatrywane.<\/strong><\/p>\n<!-- \/wp:paragraph -->\n\n<!-- wp:paragraph -->\n<p><strong>Zastrzegamy sobie prawo do skontaktowania si\u0119 z wybranymi kandydatami.<\/strong><\/p>\n<!-- \/wp:paragraph -->\n\n<!-- wp:image {\"id\":26190,\"sizeSlug\":\"large\",\"linkDestination\":\"none\"} -->\n<figure class=\"wp-block-image size-large\"><img src=\"https:\/\/nid.pl\/wp-content\/uploads\/2025\/04\/belka-1024x142.jpg\" alt=\"\" class=\"wp-image-26190\"\/><\/figure>\n<!-- \/wp:image -->\n\n<!-- wp:paragraph -->\n<p><\/p>\n<!-- \/wp:paragraph -->","_et_gb_content_width":"","_monsterinsights_skip_tracking":false,"_monsterinsights_sitenote_active":false,"_monsterinsights_sitenote_note":"","_monsterinsights_sitenote_category":0,"footnotes":""},"categories":[49],"tags":[55,57,51,50],"class_list":["post-30048","post","type-post","status-publish","format-standard","hentry","category-archiwum-praca-bip","tag-archiwum","tag-nid-2","tag-praca","tag-rekrutacja"],"yoast_head":"<!-- This site is optimized with the Yoast SEO plugin v26.5 - https:\/\/yoast.com\/wordpress\/plugins\/seo\/ -->\n<title>Kandydat\/Kandydatka do pracy w Dziale Dokumentacji Archiwalnej - NID<\/title>\n<meta name=\"description\" content=\"Narodowy Instytut Dziedzictwa poszukuje Kandydata\/Kandydatki do pracy w Dziale Dokumentacji Archiwalnej.\" \/>\n<meta name=\"robots\" content=\"index, follow, max-snippet:-1, max-image-preview:large, max-video-preview:-1\" \/>\n<link rel=\"canonical\" href=\"https:\/\/nid.pl\/en\/2025\/10\/09\/rekrutacja-dda\/\" \/>\n<meta property=\"og:locale\" content=\"en_GB\" \/>\n<meta property=\"og:type\" content=\"article\" \/>\n<meta property=\"og:title\" content=\"Kandydat\/Kandydatka do pracy w Dziale Dokumentacji Archiwalnej - NID\" \/>\n<meta property=\"og:description\" content=\"Narodowy Instytut Dziedzictwa poszukuje Kandydata\/Kandydatki do pracy w Dziale Dokumentacji Archiwalnej.\" \/>\n<meta property=\"og:url\" content=\"https:\/\/nid.pl\/en\/2025\/10\/09\/rekrutacja-dda\/\" \/>\n<meta property=\"og:site_name\" content=\"NID\" \/>\n<meta property=\"article:publisher\" content=\"https:\/\/www.facebook.com\/zabytek\" \/>\n<meta property=\"article:published_time\" content=\"2025-10-09T07:25:16+00:00\" \/>\n<meta property=\"article:modified_time\" content=\"2025-11-24T10:54:51+00:00\" \/>\n<meta name=\"author\" content=\"Marta Or\u0119ziak\" \/>\n<meta name=\"twitter:card\" content=\"summary_large_image\" \/>\n<meta name=\"twitter:creator\" content=\"@NarIDpl\" \/>\n<meta name=\"twitter:site\" content=\"@NarIDpl\" \/>\n<meta name=\"twitter:label1\" content=\"Written by\" \/>\n\t<meta name=\"twitter:data1\" content=\"Marta Or\u0119ziak\" \/>\n\t<meta name=\"twitter:label2\" content=\"Estimated reading time\" \/>\n\t<meta name=\"twitter:data2\" content=\"4 minutes\" \/>\n<script type=\"application\/ld+json\" class=\"yoast-schema-graph\">{\"@context\":\"https:\/\/schema.org\",\"@graph\":[{\"@type\":\"Article\",\"@id\":\"https:\/\/nid.pl\/2025\/10\/09\/rekrutacja-dda\/#article\",\"isPartOf\":{\"@id\":\"https:\/\/nid.pl\/2025\/10\/09\/rekrutacja-dda\/\"},\"author\":{\"name\":\"Marta Or\u0119ziak\",\"@id\":\"https:\/\/nid.pl\/#\/schema\/person\/9d848c4a54b78bc2a1461f1c5d8de615\"},\"headline\":\"Kandydat\/Kandydatka do pracy w Dziale Dokumentacji Archiwalnej\",\"datePublished\":\"2025-10-09T07:25:16+00:00\",\"dateModified\":\"2025-11-24T10:54:51+00:00\",\"mainEntityOfPage\":{\"@id\":\"https:\/\/nid.pl\/2025\/10\/09\/rekrutacja-dda\/\"},\"wordCount\":289,\"publisher\":{\"@id\":\"https:\/\/nid.pl\/#organization\"},\"keywords\":[\"archiwum\",\"nid\",\"praca\",\"rekrutacja\"],\"articleSection\":[\"Archiwum Praca\"],\"inLanguage\":\"en-GB\"},{\"@type\":\"WebPage\",\"@id\":\"https:\/\/nid.pl\/2025\/10\/09\/rekrutacja-dda\/\",\"url\":\"https:\/\/nid.pl\/2025\/10\/09\/rekrutacja-dda\/\",\"name\":\"Kandydat\/Kandydatka do pracy w Dziale Dokumentacji Archiwalnej - NID\",\"isPartOf\":{\"@id\":\"https:\/\/nid.pl\/#website\"},\"datePublished\":\"2025-10-09T07:25:16+00:00\",\"dateModified\":\"2025-11-24T10:54:51+00:00\",\"description\":\"Narodowy Instytut Dziedzictwa poszukuje Kandydata\/Kandydatki do pracy w Dziale Dokumentacji Archiwalnej.\",\"breadcrumb\":{\"@id\":\"https:\/\/nid.pl\/2025\/10\/09\/rekrutacja-dda\/#breadcrumb\"},\"inLanguage\":\"en-GB\",\"potentialAction\":[{\"@type\":\"ReadAction\",\"target\":[\"https:\/\/nid.pl\/2025\/10\/09\/rekrutacja-dda\/\"]}]},{\"@type\":\"BreadcrumbList\",\"@id\":\"https:\/\/nid.pl\/2025\/10\/09\/rekrutacja-dda\/#breadcrumb\",\"itemListElement\":[{\"@type\":\"ListItem\",\"position\":1,\"name\":\"Home\",\"item\":\"https:\/\/nid.pl\/\"},{\"@type\":\"ListItem\",\"position\":2,\"name\":\"Kandydat\/Kandydatka do pracy w Dziale Dokumentacji Archiwalnej\"}]},{\"@type\":\"WebSite\",\"@id\":\"https:\/\/nid.pl\/#website\",\"url\":\"https:\/\/nid.pl\/\",\"name\":\"NID\",\"description\":\"Narodowy Instytut Dziedzictwa\",\"publisher\":{\"@id\":\"https:\/\/nid.pl\/#organization\"},\"potentialAction\":[{\"@type\":\"SearchAction\",\"target\":{\"@type\":\"EntryPoint\",\"urlTemplate\":\"https:\/\/nid.pl\/?s={search_term_string}\"},\"query-input\":{\"@type\":\"PropertyValueSpecification\",\"valueRequired\":true,\"valueName\":\"search_term_string\"}}],\"inLanguage\":\"en-GB\"},{\"@type\":\"Organization\",\"@id\":\"https:\/\/nid.pl\/#organization\",\"name\":\"Narodowy Instytut Dziedzictwa\",\"url\":\"https:\/\/nid.pl\/\",\"logo\":{\"@type\":\"ImageObject\",\"inLanguage\":\"en-GB\",\"@id\":\"https:\/\/nid.pl\/#\/schema\/logo\/image\/\",\"url\":\"https:\/\/nid.pl\/wp-content\/uploads\/2022\/10\/logoRedDark.png\",\"contentUrl\":\"https:\/\/nid.pl\/wp-content\/uploads\/2022\/10\/logoRedDark.png\",\"width\":200,\"height\":197,\"caption\":\"Narodowy Instytut Dziedzictwa\"},\"image\":{\"@id\":\"https:\/\/nid.pl\/#\/schema\/logo\/image\/\"},\"sameAs\":[\"https:\/\/www.facebook.com\/zabytek\",\"https:\/\/x.com\/NarIDpl\",\"https:\/\/www.instagram.com\/nid.pl\/?hl=pl\",\"https:\/\/www.linkedin.com\/company\/narodowy-instytut-dziedzictwa\",\"https:\/\/www.youtube.com\/channel\/UCQXuhKa2uHtmNvLRUSx40JA\"]},{\"@type\":\"Person\",\"@id\":\"https:\/\/nid.pl\/#\/schema\/person\/9d848c4a54b78bc2a1461f1c5d8de615\",\"name\":\"Marta Or\u0119ziak\",\"image\":{\"@type\":\"ImageObject\",\"inLanguage\":\"en-GB\",\"@id\":\"https:\/\/nid.pl\/#\/schema\/person\/image\/\",\"url\":\"https:\/\/nid.pl\/wp-content\/litespeed\/avatar\/3cdc296a7eb01425272974c992bee3ea.jpg?ver=1777445267\",\"contentUrl\":\"https:\/\/nid.pl\/wp-content\/litespeed\/avatar\/3cdc296a7eb01425272974c992bee3ea.jpg?ver=1777445267\",\"caption\":\"Marta Or\u0119ziak\"},\"url\":\"https:\/\/nid.pl\/en\/author\/moreziak\/\"}]}<\/script>\n<!-- \/ Yoast SEO plugin. -->","yoast_head_json":{"title":"Kandydat\/Kandydatka do pracy w Dziale Dokumentacji Archiwalnej - NID","description":"Narodowy Instytut Dziedzictwa poszukuje Kandydata\/Kandydatki do pracy w Dziale Dokumentacji Archiwalnej.","robots":{"index":"index","follow":"follow","max-snippet":"max-snippet:-1","max-image-preview":"max-image-preview:large","max-video-preview":"max-video-preview:-1"},"canonical":"https:\/\/nid.pl\/en\/2025\/10\/09\/rekrutacja-dda\/","og_locale":"en_GB","og_type":"article","og_title":"Kandydat\/Kandydatka do pracy w Dziale Dokumentacji Archiwalnej - NID","og_description":"Narodowy Instytut Dziedzictwa poszukuje Kandydata\/Kandydatki do pracy w Dziale Dokumentacji Archiwalnej.","og_url":"https:\/\/nid.pl\/en\/2025\/10\/09\/rekrutacja-dda\/","og_site_name":"NID","article_publisher":"https:\/\/www.facebook.com\/zabytek","article_published_time":"2025-10-09T07:25:16+00:00","article_modified_time":"2025-11-24T10:54:51+00:00","author":"Marta Or\u0119ziak","twitter_card":"summary_large_image","twitter_creator":"@NarIDpl","twitter_site":"@NarIDpl","twitter_misc":{"Written by":"Marta Or\u0119ziak","Estimated reading time":"4 minutes"},"schema":{"@context":"https:\/\/schema.org","@graph":[{"@type":"Article","@id":"https:\/\/nid.pl\/2025\/10\/09\/rekrutacja-dda\/#article","isPartOf":{"@id":"https:\/\/nid.pl\/2025\/10\/09\/rekrutacja-dda\/"},"author":{"name":"Marta Or\u0119ziak","@id":"https:\/\/nid.pl\/#\/schema\/person\/9d848c4a54b78bc2a1461f1c5d8de615"},"headline":"Kandydat\/Kandydatka do pracy w Dziale Dokumentacji Archiwalnej","datePublished":"2025-10-09T07:25:16+00:00","dateModified":"2025-11-24T10:54:51+00:00","mainEntityOfPage":{"@id":"https:\/\/nid.pl\/2025\/10\/09\/rekrutacja-dda\/"},"wordCount":289,"publisher":{"@id":"https:\/\/nid.pl\/#organization"},"keywords":["archiwum","nid","praca","rekrutacja"],"articleSection":["Archiwum Praca"],"inLanguage":"en-GB"},{"@type":"WebPage","@id":"https:\/\/nid.pl\/2025\/10\/09\/rekrutacja-dda\/","url":"https:\/\/nid.pl\/2025\/10\/09\/rekrutacja-dda\/","name":"Kandydat\/Kandydatka do pracy w Dziale Dokumentacji Archiwalnej - NID","isPartOf":{"@id":"https:\/\/nid.pl\/#website"},"datePublished":"2025-10-09T07:25:16+00:00","dateModified":"2025-11-24T10:54:51+00:00","description":"Narodowy Instytut Dziedzictwa poszukuje Kandydata\/Kandydatki do pracy w Dziale Dokumentacji Archiwalnej.","breadcrumb":{"@id":"https:\/\/nid.pl\/2025\/10\/09\/rekrutacja-dda\/#breadcrumb"},"inLanguage":"en-GB","potentialAction":[{"@type":"ReadAction","target":["https:\/\/nid.pl\/2025\/10\/09\/rekrutacja-dda\/"]}]},{"@type":"BreadcrumbList","@id":"https:\/\/nid.pl\/2025\/10\/09\/rekrutacja-dda\/#breadcrumb","itemListElement":[{"@type":"ListItem","position":1,"name":"Home","item":"https:\/\/nid.pl\/"},{"@type":"ListItem","position":2,"name":"Kandydat\/Kandydatka do pracy w Dziale Dokumentacji Archiwalnej"}]},{"@type":"WebSite","@id":"https:\/\/nid.pl\/#website","url":"https:\/\/nid.pl\/","name":"NID","description":"Narodowy Instytut Dziedzictwa","publisher":{"@id":"https:\/\/nid.pl\/#organization"},"potentialAction":[{"@type":"SearchAction","target":{"@type":"EntryPoint","urlTemplate":"https:\/\/nid.pl\/?s={search_term_string}"},"query-input":{"@type":"PropertyValueSpecification","valueRequired":true,"valueName":"search_term_string"}}],"inLanguage":"en-GB"},{"@type":"Organization","@id":"https:\/\/nid.pl\/#organization","name":"Narodowy Instytut Dziedzictwa","url":"https:\/\/nid.pl\/","logo":{"@type":"ImageObject","inLanguage":"en-GB","@id":"https:\/\/nid.pl\/#\/schema\/logo\/image\/","url":"https:\/\/nid.pl\/wp-content\/uploads\/2022\/10\/logoRedDark.png","contentUrl":"https:\/\/nid.pl\/wp-content\/uploads\/2022\/10\/logoRedDark.png","width":200,"height":197,"caption":"Narodowy Instytut Dziedzictwa"},"image":{"@id":"https:\/\/nid.pl\/#\/schema\/logo\/image\/"},"sameAs":["https:\/\/www.facebook.com\/zabytek","https:\/\/x.com\/NarIDpl","https:\/\/www.instagram.com\/nid.pl\/?hl=pl","https:\/\/www.linkedin.com\/company\/narodowy-instytut-dziedzictwa","https:\/\/www.youtube.com\/channel\/UCQXuhKa2uHtmNvLRUSx40JA"]},{"@type":"Person","@id":"https:\/\/nid.pl\/#\/schema\/person\/9d848c4a54b78bc2a1461f1c5d8de615","name":"Marta Or\u0119ziak","image":{"@type":"ImageObject","inLanguage":"en-GB","@id":"https:\/\/nid.pl\/#\/schema\/person\/image\/","url":"https:\/\/nid.pl\/wp-content\/litespeed\/avatar\/3cdc296a7eb01425272974c992bee3ea.jpg?ver=1777445267","contentUrl":"https:\/\/nid.pl\/wp-content\/litespeed\/avatar\/3cdc296a7eb01425272974c992bee3ea.jpg?ver=1777445267","caption":"Marta Or\u0119ziak"},"url":"https:\/\/nid.pl\/en\/author\/moreziak\/"}]}},"_links":{"self":[{"href":"https:\/\/nid.pl\/en\/wp-json\/wp\/v2\/posts\/30048","targetHints":{"allow":["GET"]}}],"collection":[{"href":"https:\/\/nid.pl\/en\/wp-json\/wp\/v2\/posts"}],"about":[{"href":"https:\/\/nid.pl\/en\/wp-json\/wp\/v2\/types\/post"}],"author":[{"embeddable":true,"href":"https:\/\/nid.pl\/en\/wp-json\/wp\/v2\/users\/4"}],"replies":[{"embeddable":true,"href":"https:\/\/nid.pl\/en\/wp-json\/wp\/v2\/comments?post=30048"}],"version-history":[{"count":0,"href":"https:\/\/nid.pl\/en\/wp-json\/wp\/v2\/posts\/30048\/revisions"}],"wp:attachment":[{"href":"https:\/\/nid.pl\/en\/wp-json\/wp\/v2\/media?parent=30048"}],"wp:term":[{"taxonomy":"category","embeddable":true,"href":"https:\/\/nid.pl\/en\/wp-json\/wp\/v2\/categories?post=30048"},{"taxonomy":"post_tag","embeddable":true,"href":"https:\/\/nid.pl\/en\/wp-json\/wp\/v2\/tags?post=30048"}],"curies":[{"name":"wp","href":"https:\/\/api.w.org\/{rel}","templated":true}]}}