{"id":29245,"date":"2025-08-12T10:30:12","date_gmt":"2025-08-12T08:30:12","guid":{"rendered":"https:\/\/nid.pl\/?p=29245"},"modified":"2025-08-12T13:55:10","modified_gmt":"2025-08-12T11:55:10","slug":"alfabet-kaszubskich-palacow","status":"publish","type":"post","link":"https:\/\/nid.pl\/en\/2025\/08\/12\/alfabet-kaszubskich-palacow\/","title":{"rendered":"Alfabet kaszubskich pa\u0142ac\u00f3w"},"content":{"rendered":"<p class=\"has-medium-font-size\"><strong>Mi\u0119dzy \u0141eb\u0105 i W\u0142adys\u0142awowem, L\u0119borkiem oraz Tr\u00f3jmiastem rozci\u0105ga si\u0119 obszar, kt\u00f3ry wci\u0105\u017c czeka na odkrycie przez turyst\u00f3w. P\u00f3\u0142nocne Kaszuby to region pe\u0142en naturalnego pi\u0119kna oraz r\u00f3wnie efektownych zabytk\u00f3w: dwor\u00f3w i pa\u0142ac\u00f3w.<\/strong><\/p>\n\n\n\n<p>Lasy, jeziora, a po\u015br\u00f3d nich malowniczo rozrzucone wsie oraz dawne maj\u0105tki. Zwykle tury\u015bci mijaj\u0105 je, jad\u0105c nad Ba\u0142tyk. Cz\u0119sto nawet nie wiedz\u0105, \u017ce mo\u017cna w tym regionie znale\u017a\u0107 miejsca do wypoczynku i zwiedzania. To spadek po historii, przede wszystkim po 45 lat komunizmu, kiedy to dawne arystokratyczne rezydencje popada\u0142y w ruin\u0119. Zwykle umieszczano w nich siedziby PGR-\u00f3w lub innych instytucji, a brak prywatnych w\u0142a\u015bcicieli nie sprzyja\u0142 w\u0142a\u015bciwej opiece nad obiektami. Szcz\u0119\u015bliwie sytuacja zmieni\u0142a si\u0119 po roku 1989. Niemal wszystkie dwory i pa\u0142ace znalaz\u0142y nabywc\u00f3w, kt\u00f3rzy zainwestowali w ich renowacj\u0119, a czasem wr\u0119cz w rekonstrukcj\u0119. Czasem nie by\u0142o wyj\u015bcia. P\u00f3\u0142 wieku zaniedba\u0144 nie mog\u0142o pozosta\u0107 bez efekt\u00f3w i w niekt\u00f3rych przypadkach nie by\u0142o ju\u017c szans na ratunek dla oryginalnych budynk\u00f3w.<\/p>\n\n\n\n<p>Jak zwiedza\u0107 p\u00f3\u0142nocne Kaszuby? Oczywi\u015bcie mo\u017cna to robi\u0107 samochodem, ale znajdziemy tu te\u017c fantastycznie rozwini\u0119t\u0105 sie\u0107 dr\u00f3g rowerowych. W tym dwie trasy, kt\u00f3re dla u\u017cytkownik\u00f3w jedno\u015blad\u00f3w s\u0105 odpowiednikiem autostrad. To, prowadz\u0105ca wzd\u0142u\u017c wybrze\u017ca Ba\u0142tyku, mi\u0119dzynarodowa EuroVelo 10 oraz wiod\u0105cy przez centrum regionu, szlak pradoliny Redy-\u0141eby. Tam za\u015b, gdzie rowerowe \u201eautostrady\u201d nie docieraj\u0105 istnieje sie\u0107 dr\u00f3g lokalnych. Cz\u0119\u015b\u0107 z nich poprowadzona jest tras\u0105 dawnej kolejki w\u0105skotorowej. Mia\u0142a tu ona od po\u0142owy XIX do po\u0142owy XX wieku wyj\u0105tkowo g\u0119st\u0105 sie\u0107 po\u0142\u0105cze\u0144. Nie dlatego, \u017ce region by\u0142 mocno zaludniony, tylko z tego powodu, \u017ce p\u00f3\u0142nocne Kaszuby zaopatrywa\u0142y Gda\u0144sk w p\u0142ody rolne. Jeszcze w czasach I Rzeczpospolitej wielkie maj\u0105tki mieli tu magnaci z Sobieskimi na czele. Swoje dobra mieli tu Radziwi\u0142\u0142owie, Przebendowscy, Wejherowie i Krokowscy. Ci ostatni w czasach rozbior\u00f3w do nazwiska dodali von Krockow.<\/p>\n\n\n\n<p><\/p>\n\n\n\n<div class=\"wp-block-columns is-layout-flex wp-container-core-columns-is-layout-9d6595d7 wp-block-columns-is-layout-flex\">\n<div class=\"wp-block-column is-layout-flow wp-block-column-is-layout-flow\">\n<figure data-wp-context=\"{&quot;imageId&quot;:&quot;69f0f7d81d7c4&quot;}\" data-wp-interactive=\"core\/image\" data-wp-key=\"69f0f7d81d7c4\" class=\"wp-block-image size-large wp-lightbox-container\"><img loading=\"lazy\" decoding=\"async\" width=\"1024\" height=\"683\" data-wp-class--hide=\"state.isContentHidden\" data-wp-class--show=\"state.isContentVisible\" data-wp-init=\"callbacks.setButtonStyles\" data-wp-on--click=\"actions.showLightbox\" data-wp-on--load=\"callbacks.setButtonStyles\" data-wp-on-window--resize=\"callbacks.setButtonStyles\" src=\"https:\/\/nid.pl\/wp-content\/uploads\/2025\/08\/Krokowa-palac-stan-na-czerwiec-2022-r.-fot.-Radoslaw-Bialk-1024x683.jpg\" alt=\"Krokowa, pa\u0142ac\" class=\"wp-image-29249\" srcset=\"https:\/\/nid.pl\/wp-content\/uploads\/2025\/08\/Krokowa-palac-stan-na-czerwiec-2022-r.-fot.-Radoslaw-Bialk-980x654.jpg 980w, https:\/\/nid.pl\/wp-content\/uploads\/2025\/08\/Krokowa-palac-stan-na-czerwiec-2022-r.-fot.-Radoslaw-Bialk-480x320.jpg 480w\" sizes=\"(min-width: 0px) and (max-width: 480px) 480px, (min-width: 481px) and (max-width: 980px) 980px, (min-width: 981px) 1024px, 100vw\" \/><button\n\t\t\tclass=\"lightbox-trigger\"\n\t\t\ttype=\"button\"\n\t\t\taria-haspopup=\"dialog\"\n\t\t\taria-label=\"Enlarge\"\n\t\t\tdata-wp-init=\"callbacks.initTriggerButton\"\n\t\t\tdata-wp-on--click=\"actions.showLightbox\"\n\t\t\tdata-wp-style--right=\"state.imageButtonRight\"\n\t\t\tdata-wp-style--top=\"state.imageButtonTop\"\n\t\t>\n\t\t\t<svg xmlns=\"http:\/\/www.w3.org\/2000\/svg\" width=\"12\" height=\"12\" fill=\"none\" viewbox=\"0 0 12 12\">\n\t\t\t\t<path fill=\"#fff\" d=\"M2 0a2 2 0 0 0-2 2v2h1.5V2a.5.5 0 0 1 .5-.5h2V0H2Zm2 10.5H2a.5.5 0 0 1-.5-.5V8H0v2a2 2 0 0 0 2 2h2v-1.5ZM8 12v-1.5h2a.5.5 0 0 0 .5-.5V8H12v2a2 2 0 0 1-2 2H8Zm2-12a2 2 0 0 1 2 2v2h-1.5V2a.5.5 0 0 0-.5-.5H8V0h2Z\" \/>\n\t\t\t<\/svg>\n\t\t<\/button><figcaption class=\"wp-element-caption\">Krokowa, pa\u0142ac, stan na czerwiec 2022 r., fot. Rados\u0142aw Bia\u0142k, zabytek.pl<\/figcaption><\/figure>\n<\/div>\n\n\n\n<div class=\"wp-block-column is-layout-flow wp-block-column-is-layout-flow\">\n<figure data-wp-context=\"{&quot;imageId&quot;:&quot;69f0f7d81e4b1&quot;}\" data-wp-interactive=\"core\/image\" data-wp-key=\"69f0f7d81e4b1\" class=\"wp-block-image size-large wp-lightbox-container\"><img loading=\"lazy\" decoding=\"async\" width=\"1024\" height=\"683\" data-wp-class--hide=\"state.isContentHidden\" data-wp-class--show=\"state.isContentVisible\" data-wp-init=\"callbacks.setButtonStyles\" data-wp-on--click=\"actions.showLightbox\" data-wp-on--load=\"callbacks.setButtonStyles\" data-wp-on-window--resize=\"callbacks.setButtonStyles\" src=\"https:\/\/nid.pl\/wp-content\/uploads\/2025\/08\/Krokowa-fot.-Pawel-pbm-Szubert-talk-Licencja-CC-BY-SA-3.0-1024x683.jpg\" alt=\"Krokowa, park,\" class=\"wp-image-29256\" srcset=\"https:\/\/nid.pl\/wp-content\/uploads\/2025\/08\/Krokowa-fot.-Pawel-pbm-Szubert-talk-Licencja-CC-BY-SA-3.0-980x654.jpg 980w, https:\/\/nid.pl\/wp-content\/uploads\/2025\/08\/Krokowa-fot.-Pawel-pbm-Szubert-talk-Licencja-CC-BY-SA-3.0-480x320.jpg 480w\" sizes=\"(min-width: 0px) and (max-width: 480px) 480px, (min-width: 481px) and (max-width: 980px) 980px, (min-width: 981px) 1024px, 100vw\" \/><button\n\t\t\tclass=\"lightbox-trigger\"\n\t\t\ttype=\"button\"\n\t\t\taria-haspopup=\"dialog\"\n\t\t\taria-label=\"Enlarge\"\n\t\t\tdata-wp-init=\"callbacks.initTriggerButton\"\n\t\t\tdata-wp-on--click=\"actions.showLightbox\"\n\t\t\tdata-wp-style--right=\"state.imageButtonRight\"\n\t\t\tdata-wp-style--top=\"state.imageButtonTop\"\n\t\t>\n\t\t\t<svg xmlns=\"http:\/\/www.w3.org\/2000\/svg\" width=\"12\" height=\"12\" fill=\"none\" viewbox=\"0 0 12 12\">\n\t\t\t\t<path fill=\"#fff\" d=\"M2 0a2 2 0 0 0-2 2v2h1.5V2a.5.5 0 0 1 .5-.5h2V0H2Zm2 10.5H2a.5.5 0 0 1-.5-.5V8H0v2a2 2 0 0 0 2 2h2v-1.5ZM8 12v-1.5h2a.5.5 0 0 0 .5-.5V8H12v2a2 2 0 0 1-2 2H8Zm2-12a2 2 0 0 1 2 2v2h-1.5V2a.5.5 0 0 0-.5-.5H8V0h2Z\" \/>\n\t\t\t<\/svg>\n\t\t<\/button><figcaption class=\"wp-element-caption\">Krokowa, park, fot. Pawe\u0142 &#8216;pbm&#8217; Szubert (talk), Licencja CC BY-SA 3.0, zabytek.pl<\/figcaption><\/figure>\n<\/div>\n<\/div>\n\n\n\n<p><\/p>\n\n\n\n<p>Kaszuby by\u0142y regionem pogranicza polsko-niemieckiego. Do 1772 roku tereny te nale\u017ca\u0142y do Rzeczpospolitej Obojga Narod\u00f3w. P\u00f3\u017aniej przypad\u0142y Prusom, a ziemie kr\u00f3lewskie rozparcelowano w\u015br\u00f3d junkr\u00f3w. St\u0105d wzi\u0119\u0142y si\u0119 tu rodziny Keyserlingk\u00f3w, von Below\u00f3w, von Platen\u00f3w i Grass\u00f3w. Historia tych ostatnich sta\u0142a si\u0119 zreszt\u0105 kanw\u0105 fabu\u0142y g\u0142o\u015bnego filmu \u201eKamerdyner\u201d w re\u017cyserii Filipa Bajona. To, rozgrywaj\u0105ca si\u0119 w latach 1900-1945, opowie\u015b\u0107 o spl\u0105tanych losach Polak\u00f3w, Kaszub\u00f3w i Niemc\u00f3w. Tytu\u0142owym kamerdynerem jest ch\u0142opiec osierocony przez kaszubsk\u0105 matk\u0119, kt\u00f3ry z wzajemno\u015bci\u0105 zakochuje si\u0119 w c\u00f3rce w\u0142a\u015bcicieli maj\u0105tku. Na losach bohater\u00f3w cieniem k\u0142ad\u0105 si\u0119 gwa\u0142towne przemiany historyczne. Po I wojnie \u015bwiatowej cz\u0119\u015b\u0107 Kaszub\u00f3w opowiada si\u0119 za Polsk\u0105, a region zostaje podzielony granic\u0105. Za\u015b po II wojnie wyje\u017cd\u017caj\u0105 st\u0105d wszyscy Niemcy. Dawnych przyjaci\u00f3\u0142 dzieli nienawi\u015b\u0107, s\u0105siedzi staj\u0105 przeciwko sobie jako \u017co\u0142nierze wrogich armii, a zakochani zamieszkuj\u0105 w dw\u00f3ch r\u00f3\u017cnych krajach. Je\u015bli komu\u015b wydaje si\u0119, \u017ce to tylko literacka fikcja, jest w b\u0142\u0119dzie. Podobnych historii znajdziemy w regionie wi\u0119cej. W niedalekiej Krokowej dwaj bracia z rodziny von Krockow s\u0142u\u017cyli w dw\u00f3ch armiach. Starszy w Wojsku Polskim, a m\u0142odszy w Wehrmachcie. Co wi\u0119cej obaj kochali t\u0119 sam\u0105 kobiet\u0119, kt\u00f3ra by\u0142a \u017con\u0105 jednego z nich i obaj zgin\u0119li w czasie wojny. Albrecht von Krockow, jedyny cz\u0142onek rodziny, kt\u00f3ry prze\u017cy\u0142 po 1989 roku by\u0142 jednym z inicjator\u00f3w odbudowy pa\u0142acu, w kt\u00f3rym mie\u015bci si\u0119 dzi\u015b siedziba polsko-niemieckiej Fundacji \u201eEuropejskie Spotkania\u201d Kaszubskie Centrum Kultury Krokowa.&nbsp; &nbsp;&nbsp;<\/p>\n\n\n\n<p><\/p>\n\n\n\n<div class=\"wp-block-columns is-layout-flex wp-container-core-columns-is-layout-9d6595d7 wp-block-columns-is-layout-flex\">\n<div class=\"wp-block-column is-layout-flow wp-block-column-is-layout-flow\">\n<figure data-wp-context=\"{&quot;imageId&quot;:&quot;69f0f7d81e9d0&quot;}\" data-wp-interactive=\"core\/image\" data-wp-key=\"69f0f7d81e9d0\" class=\"wp-block-image size-large wp-lightbox-container\"><img loading=\"lazy\" decoding=\"async\" width=\"1024\" height=\"683\" data-wp-class--hide=\"state.isContentHidden\" data-wp-class--show=\"state.isContentVisible\" data-wp-init=\"callbacks.setButtonStyles\" data-wp-on--click=\"actions.showLightbox\" data-wp-on--load=\"callbacks.setButtonStyles\" data-wp-on-window--resize=\"callbacks.setButtonStyles\" src=\"https:\/\/nid.pl\/wp-content\/uploads\/2025\/08\/Zespol-dworsko-parkowy-dwor-stan-na-2014-r.-fot.-Dorota-Hryszkiewicz-Kahlau-1024x683.jpg\" alt=\"Sasino, dw\u00f3r\" class=\"wp-image-29248\" srcset=\"https:\/\/nid.pl\/wp-content\/uploads\/2025\/08\/Zespol-dworsko-parkowy-dwor-stan-na-2014-r.-fot.-Dorota-Hryszkiewicz-Kahlau-980x654.jpg 980w, https:\/\/nid.pl\/wp-content\/uploads\/2025\/08\/Zespol-dworsko-parkowy-dwor-stan-na-2014-r.-fot.-Dorota-Hryszkiewicz-Kahlau-480x320.jpg 480w\" sizes=\"(min-width: 0px) and (max-width: 480px) 480px, (min-width: 481px) and (max-width: 980px) 980px, (min-width: 981px) 1024px, 100vw\" \/><button\n\t\t\tclass=\"lightbox-trigger\"\n\t\t\ttype=\"button\"\n\t\t\taria-haspopup=\"dialog\"\n\t\t\taria-label=\"Enlarge\"\n\t\t\tdata-wp-init=\"callbacks.initTriggerButton\"\n\t\t\tdata-wp-on--click=\"actions.showLightbox\"\n\t\t\tdata-wp-style--right=\"state.imageButtonRight\"\n\t\t\tdata-wp-style--top=\"state.imageButtonTop\"\n\t\t>\n\t\t\t<svg xmlns=\"http:\/\/www.w3.org\/2000\/svg\" width=\"12\" height=\"12\" fill=\"none\" viewbox=\"0 0 12 12\">\n\t\t\t\t<path fill=\"#fff\" d=\"M2 0a2 2 0 0 0-2 2v2h1.5V2a.5.5 0 0 1 .5-.5h2V0H2Zm2 10.5H2a.5.5 0 0 1-.5-.5V8H0v2a2 2 0 0 0 2 2h2v-1.5ZM8 12v-1.5h2a.5.5 0 0 0 .5-.5V8H12v2a2 2 0 0 1-2 2H8Zm2-12a2 2 0 0 1 2 2v2h-1.5V2a.5.5 0 0 0-.5-.5H8V0h2Z\" \/>\n\t\t\t<\/svg>\n\t\t<\/button><figcaption class=\"wp-element-caption\">Sasino, sesp\u00f3\u0142 dworsko-parkowy, dw\u00f3r, stan na 2014 r., fot. Dorota Hryszkiewicz-Kahlau, zabytek.pl<\/figcaption><\/figure>\n<\/div>\n\n\n\n<div class=\"wp-block-column is-layout-flow wp-block-column-is-layout-flow\">\n<figure data-wp-context=\"{&quot;imageId&quot;:&quot;69f0f7d81ed13&quot;}\" data-wp-interactive=\"core\/image\" data-wp-key=\"69f0f7d81ed13\" class=\"wp-block-image size-large wp-lightbox-container\"><img loading=\"lazy\" decoding=\"async\" width=\"1024\" height=\"683\" data-wp-class--hide=\"state.isContentHidden\" data-wp-class--show=\"state.isContentVisible\" data-wp-init=\"callbacks.setButtonStyles\" data-wp-on--click=\"actions.showLightbox\" data-wp-on--load=\"callbacks.setButtonStyles\" data-wp-on-window--resize=\"callbacks.setButtonStyles\" src=\"https:\/\/nid.pl\/wp-content\/uploads\/2025\/08\/Slawutowko-zespol-dworsko-parkowy-stan-na-luty-2022-r.-fot.-Radoslaw-Bialk-1024x683.jpg\" alt=\"S\u0142awut\u00f3wko, zesp\u00f3\u0142 dworsko-parkowy\" class=\"wp-image-29247\" srcset=\"https:\/\/nid.pl\/wp-content\/uploads\/2025\/08\/Slawutowko-zespol-dworsko-parkowy-stan-na-luty-2022-r.-fot.-Radoslaw-Bialk-980x654.jpg 980w, https:\/\/nid.pl\/wp-content\/uploads\/2025\/08\/Slawutowko-zespol-dworsko-parkowy-stan-na-luty-2022-r.-fot.-Radoslaw-Bialk-480x320.jpg 480w\" sizes=\"(min-width: 0px) and (max-width: 480px) 480px, (min-width: 481px) and (max-width: 980px) 980px, (min-width: 981px) 1024px, 100vw\" \/><button\n\t\t\tclass=\"lightbox-trigger\"\n\t\t\ttype=\"button\"\n\t\t\taria-haspopup=\"dialog\"\n\t\t\taria-label=\"Enlarge\"\n\t\t\tdata-wp-init=\"callbacks.initTriggerButton\"\n\t\t\tdata-wp-on--click=\"actions.showLightbox\"\n\t\t\tdata-wp-style--right=\"state.imageButtonRight\"\n\t\t\tdata-wp-style--top=\"state.imageButtonTop\"\n\t\t>\n\t\t\t<svg xmlns=\"http:\/\/www.w3.org\/2000\/svg\" width=\"12\" height=\"12\" fill=\"none\" viewbox=\"0 0 12 12\">\n\t\t\t\t<path fill=\"#fff\" d=\"M2 0a2 2 0 0 0-2 2v2h1.5V2a.5.5 0 0 1 .5-.5h2V0H2Zm2 10.5H2a.5.5 0 0 1-.5-.5V8H0v2a2 2 0 0 0 2 2h2v-1.5ZM8 12v-1.5h2a.5.5 0 0 0 .5-.5V8H12v2a2 2 0 0 1-2 2H8Zm2-12a2 2 0 0 1 2 2v2h-1.5V2a.5.5 0 0 0-.5-.5H8V0h2Z\" \/>\n\t\t\t<\/svg>\n\t\t<\/button><figcaption class=\"wp-element-caption\">S\u0142awut\u00f3wko, zesp\u00f3\u0142 dworsko-parkowy, stan na luty 2022 r., fot. Rados\u0142aw Bia\u0142k, zabytek.pl<\/figcaption><\/figure>\n<\/div>\n<\/div>\n\n\n\n<p><\/p>\n\n\n\n<p>To jest jedno z tych miejsc, kt\u00f3re koniecznie trzeba odwiedzi\u0107 w czasie wycieczki na p\u00f3\u0142nocne Kaszuby. Cho\u0107by po to, \u017ceby w miejscowym muzeum, pozna\u0107 fascynuj\u0105c\u0105 histori\u0119 tych ziem. Dzi\u0119ki polsko-niemieckiej plac\u00f3wce, umieszczonej w XVIII-wiecznej \u201eGospodzie pod Mestwinem\u201d mo\u017cna si\u0119 zapozna\u0107 r\u00f3wnie\u017c ze sztuk\u0105 regionu oraz skomplikowanymi losami Kaszub\u00f3w, Polak\u00f3w, Niemc\u00f3w, czy, najmniej znanych, Olendr\u00f3w (potomk\u00f3w holenderskich osadnik\u00f3w). Znajdziemy tam zbiory etnograficzne, a tak\u017ce pami\u0105tki po rodzinie von Krockow. Pa\u0142ac (zgodnie z tradycj\u0105 nazywany zamkiem, jako \u017ce wzniesiono go na miejscu budowli XV-wiecznej) zosta\u0142 odrestaurowany 30 lat temu w kszta\u0142cie jaki uzyska\u0142 pod koniec XVIII stulecia. Dzi\u015b wygl\u0105da tak samo jak przed wojn\u0105. W obiekcie, otoczonym zabytkowym parkiem, znajduj\u0105 si\u0119 hotel i restauracja. Jest to zreszt\u0105 ca\u0142kiem cz\u0119ste w przypadku dawnych arystokratycznych rezydencji na p\u00f3\u0142nocnych Kaszubach. Podobnie jest w Ciekocinku, Sasinie, Rekowie, K\u0142aninie, Lisewie, Prusewie, S\u0142awut\u00f3wku, \u017barnowcu, Bychowie i Rzucewie. Kilka innych zabytk\u00f3w s\u0142u\u017cy jako domy mieszkalne i ogl\u0105da\u0107 mo\u017cna je tylko z zewn\u0105trz.<\/p>\n\n\n\n<p><\/p>\n\n\n\n<div class=\"wp-block-columns is-layout-flex wp-container-core-columns-is-layout-9d6595d7 wp-block-columns-is-layout-flex\">\n<div class=\"wp-block-column is-layout-flow wp-block-column-is-layout-flow\">\n<figure data-wp-context=\"{&quot;imageId&quot;:&quot;69f0f7d81f15e&quot;}\" data-wp-interactive=\"core\/image\" data-wp-key=\"69f0f7d81f15e\" class=\"wp-block-image size-large wp-lightbox-container\"><img loading=\"lazy\" decoding=\"async\" width=\"1024\" height=\"683\" data-wp-class--hide=\"state.isContentHidden\" data-wp-class--show=\"state.isContentVisible\" data-wp-init=\"callbacks.setButtonStyles\" data-wp-on--click=\"actions.showLightbox\" data-wp-on--load=\"callbacks.setButtonStyles\" data-wp-on-window--resize=\"callbacks.setButtonStyles\" src=\"https:\/\/nid.pl\/wp-content\/uploads\/2025\/08\/Rzucewo-fot.-Cezarde62-Licencja-CC-BY-SA-3.0-1024x683.jpg\" alt=\"pa\u0142ac w Rzucewie\" class=\"wp-image-29253\" srcset=\"https:\/\/nid.pl\/wp-content\/uploads\/2025\/08\/Rzucewo-fot.-Cezarde62-Licencja-CC-BY-SA-3.0-980x654.jpg 980w, https:\/\/nid.pl\/wp-content\/uploads\/2025\/08\/Rzucewo-fot.-Cezarde62-Licencja-CC-BY-SA-3.0-480x320.jpg 480w\" sizes=\"(min-width: 0px) and (max-width: 480px) 480px, (min-width: 481px) and (max-width: 980px) 980px, (min-width: 981px) 1024px, 100vw\" \/><button\n\t\t\tclass=\"lightbox-trigger\"\n\t\t\ttype=\"button\"\n\t\t\taria-haspopup=\"dialog\"\n\t\t\taria-label=\"Enlarge\"\n\t\t\tdata-wp-init=\"callbacks.initTriggerButton\"\n\t\t\tdata-wp-on--click=\"actions.showLightbox\"\n\t\t\tdata-wp-style--right=\"state.imageButtonRight\"\n\t\t\tdata-wp-style--top=\"state.imageButtonTop\"\n\t\t>\n\t\t\t<svg xmlns=\"http:\/\/www.w3.org\/2000\/svg\" width=\"12\" height=\"12\" fill=\"none\" viewbox=\"0 0 12 12\">\n\t\t\t\t<path fill=\"#fff\" d=\"M2 0a2 2 0 0 0-2 2v2h1.5V2a.5.5 0 0 1 .5-.5h2V0H2Zm2 10.5H2a.5.5 0 0 1-.5-.5V8H0v2a2 2 0 0 0 2 2h2v-1.5ZM8 12v-1.5h2a.5.5 0 0 0 .5-.5V8H12v2a2 2 0 0 1-2 2H8Zm2-12a2 2 0 0 1 2 2v2h-1.5V2a.5.5 0 0 0-.5-.5H8V0h2Z\" \/>\n\t\t\t<\/svg>\n\t\t<\/button><figcaption class=\"wp-element-caption\">Rzucewo, fot. Cezarde62, Licencja CC BY-SA 3.0, zabytek.pl<\/figcaption><\/figure>\n<\/div>\n\n\n\n<div class=\"wp-block-column is-layout-flow wp-block-column-is-layout-flow\">\n<figure class=\"wp-block-image size-large\"><img loading=\"lazy\" decoding=\"async\" width=\"1024\" height=\"683\" src=\"https:\/\/nid.pl\/wp-content\/uploads\/2025\/08\/Rzucewo-palac-elewacja-frontowa-portyk-stan-na-2005-r.-fot.-Dorota-Hryszkiewicz-Kahlau-1024x683.jpg\" alt=\"Rzucewo, pa\u0142ac, elewacja frontowa\" class=\"wp-image-29259\" srcset=\"https:\/\/nid.pl\/wp-content\/uploads\/2025\/08\/Rzucewo-palac-elewacja-frontowa-portyk-stan-na-2005-r.-fot.-Dorota-Hryszkiewicz-Kahlau-980x654.jpg 980w, https:\/\/nid.pl\/wp-content\/uploads\/2025\/08\/Rzucewo-palac-elewacja-frontowa-portyk-stan-na-2005-r.-fot.-Dorota-Hryszkiewicz-Kahlau-480x320.jpg 480w\" sizes=\"(min-width: 0px) and (max-width: 480px) 480px, (min-width: 481px) and (max-width: 980px) 980px, (min-width: 981px) 1024px, 100vw\" \/><figcaption class=\"wp-element-caption\">Rzucewo, pa\u0142ac, elewacja frontowa, portyk, stan na 2005 r., fot. Dorota Hryszkiewicz-Kahlau, zabytek.pl<\/figcaption><\/figure>\n<\/div>\n<\/div>\n\n\n\n<p><\/p>\n\n\n\n<p>Warto obejrze\u0107 wszystkie dwory i pa\u0142ace p\u00f3\u0142nocnych Kaszub, cho\u0107 trzeba na to przeznaczy\u0107 minimum 3-4 dni. Je\u015bli kto\u015b nie ma a\u017c tyle czasu, to poza Krokow\u0105 powinien obejrze\u0107 obiekty szczyc\u0105ce si\u0119 czy to niezwyk\u0142ym po\u0142o\u017ceniem czy to wn\u0119trzem. W zestawie obowi\u0105zkowym na miejscu pierwszym jest Rzucewo, bodaj najbardziej znany z kaszubskich zabytk\u00f3w. Nie chodzi tu tylko o sam, pe\u0142en uroku, neogotycki obiekt, ale o zjawiskowe otoczenie. Jest to jedyny w Polsce pa\u0142ac po\u0142o\u017cony na nadmorskim klifie, z w\u0142asnym zej\u015bciem do Ba\u0142tyku. Doda\u0107 trzeba, \u017ce \u015bcie\u017cka nad malownicz\u0105 Zatok\u0119 Puck\u0105 prowadzi przez zabytkowy park z kilkusetletnimi drzewami. Co wi\u0119cej w zasi\u0119gu spaceru znajdziemy inne niezwyk\u0142e miejsce: Park Kulturowy Osada \u0141owc\u00f3w Fok, gdzie odkryto neolityczne relikty sprzed ponad 4 tysi\u0119cy lat. Dzi\u0119ki archeologicznym rekonstrukcjom z epoki kamienia, mo\u017cemy dowiedzie\u0107 si\u0119 jak \u017cyli nasi przodkowie. Wracaj\u0105c za\u015b do rzucewskiego pa\u0142acu jego historia r\u00f3wnie\u017c jest interesuj\u0105ca. Na przestrzeni ponad czterech stuleci miejscowe dobra nale\u017ca\u0142y do pot\u0119\u017cnego pomorskiego rodu Wejher\u00f3w, jednego z najwybitniejszych polskich w\u0142adc\u00f3w Jana III Sobieskiego, a p\u00f3\u017aniej do pruskich arystokrat\u00f3w von Below\u00f3w.&nbsp;<\/p>\n\n\n\n<p><\/p>\n\n\n\n<div class=\"wp-block-columns is-layout-flex wp-container-core-columns-is-layout-9d6595d7 wp-block-columns-is-layout-flex\">\n<div class=\"wp-block-column is-layout-flow wp-block-column-is-layout-flow\">\n<figure data-wp-context=\"{&quot;imageId&quot;:&quot;69f0f7d81f689&quot;}\" data-wp-interactive=\"core\/image\" data-wp-key=\"69f0f7d81f689\" class=\"wp-block-image size-large wp-lightbox-container\"><img loading=\"lazy\" decoding=\"async\" width=\"1024\" height=\"683\" data-wp-class--hide=\"state.isContentHidden\" data-wp-class--show=\"state.isContentVisible\" data-wp-init=\"callbacks.setButtonStyles\" data-wp-on--click=\"actions.showLightbox\" data-wp-on--load=\"callbacks.setButtonStyles\" data-wp-on-window--resize=\"callbacks.setButtonStyles\" src=\"https:\/\/nid.pl\/wp-content\/uploads\/2025\/08\/Klanino-palac-stan-na-sierpien-2022-r.-fot.-Radoslaw-Bialk-1024x683.jpg\" alt=\"K\u0142anino, pa\u0142ac,\" class=\"wp-image-29250\" srcset=\"https:\/\/nid.pl\/wp-content\/uploads\/2025\/08\/Klanino-palac-stan-na-sierpien-2022-r.-fot.-Radoslaw-Bialk-980x654.jpg 980w, https:\/\/nid.pl\/wp-content\/uploads\/2025\/08\/Klanino-palac-stan-na-sierpien-2022-r.-fot.-Radoslaw-Bialk-480x320.jpg 480w\" sizes=\"(min-width: 0px) and (max-width: 480px) 480px, (min-width: 481px) and (max-width: 980px) 980px, (min-width: 981px) 1024px, 100vw\" \/><button\n\t\t\tclass=\"lightbox-trigger\"\n\t\t\ttype=\"button\"\n\t\t\taria-haspopup=\"dialog\"\n\t\t\taria-label=\"Enlarge\"\n\t\t\tdata-wp-init=\"callbacks.initTriggerButton\"\n\t\t\tdata-wp-on--click=\"actions.showLightbox\"\n\t\t\tdata-wp-style--right=\"state.imageButtonRight\"\n\t\t\tdata-wp-style--top=\"state.imageButtonTop\"\n\t\t>\n\t\t\t<svg xmlns=\"http:\/\/www.w3.org\/2000\/svg\" width=\"12\" height=\"12\" fill=\"none\" viewbox=\"0 0 12 12\">\n\t\t\t\t<path fill=\"#fff\" d=\"M2 0a2 2 0 0 0-2 2v2h1.5V2a.5.5 0 0 1 .5-.5h2V0H2Zm2 10.5H2a.5.5 0 0 1-.5-.5V8H0v2a2 2 0 0 0 2 2h2v-1.5ZM8 12v-1.5h2a.5.5 0 0 0 .5-.5V8H12v2a2 2 0 0 1-2 2H8Zm2-12a2 2 0 0 1 2 2v2h-1.5V2a.5.5 0 0 0-.5-.5H8V0h2Z\" \/>\n\t\t\t<\/svg>\n\t\t<\/button><figcaption class=\"wp-element-caption\">K\u0142anino, pa\u0142ac, stan na sierpie\u0144 2022 r., fot. Rados\u0142aw Bia\u0142k, zabytek.pl<\/figcaption><\/figure>\n<\/div>\n\n\n\n<div class=\"wp-block-column is-layout-flow wp-block-column-is-layout-flow\">\n<figure data-wp-context=\"{&quot;imageId&quot;:&quot;69f0f7d81f9a0&quot;}\" data-wp-interactive=\"core\/image\" data-wp-key=\"69f0f7d81f9a0\" class=\"wp-block-image size-large wp-lightbox-container\"><img loading=\"lazy\" decoding=\"async\" width=\"1024\" height=\"683\" data-wp-class--hide=\"state.isContentHidden\" data-wp-class--show=\"state.isContentVisible\" data-wp-init=\"callbacks.setButtonStyles\" data-wp-on--click=\"actions.showLightbox\" data-wp-on--load=\"callbacks.setButtonStyles\" data-wp-on-window--resize=\"callbacks.setButtonStyles\" src=\"https:\/\/nid.pl\/wp-content\/uploads\/2025\/08\/Klanino-palac-sien-stan-na-sierpien-2022-r.-fot.-Radoslaw-Bialk-1024x683.jpg\" alt=\"K\u0142anino, pa\u0142ac, sie\u0144\" class=\"wp-image-29251\" srcset=\"https:\/\/nid.pl\/wp-content\/uploads\/2025\/08\/Klanino-palac-sien-stan-na-sierpien-2022-r.-fot.-Radoslaw-Bialk-980x654.jpg 980w, https:\/\/nid.pl\/wp-content\/uploads\/2025\/08\/Klanino-palac-sien-stan-na-sierpien-2022-r.-fot.-Radoslaw-Bialk-480x320.jpg 480w\" sizes=\"(min-width: 0px) and (max-width: 480px) 480px, (min-width: 481px) and (max-width: 980px) 980px, (min-width: 981px) 1024px, 100vw\" \/><button\n\t\t\tclass=\"lightbox-trigger\"\n\t\t\ttype=\"button\"\n\t\t\taria-haspopup=\"dialog\"\n\t\t\taria-label=\"Enlarge\"\n\t\t\tdata-wp-init=\"callbacks.initTriggerButton\"\n\t\t\tdata-wp-on--click=\"actions.showLightbox\"\n\t\t\tdata-wp-style--right=\"state.imageButtonRight\"\n\t\t\tdata-wp-style--top=\"state.imageButtonTop\"\n\t\t>\n\t\t\t<svg xmlns=\"http:\/\/www.w3.org\/2000\/svg\" width=\"12\" height=\"12\" fill=\"none\" viewbox=\"0 0 12 12\">\n\t\t\t\t<path fill=\"#fff\" d=\"M2 0a2 2 0 0 0-2 2v2h1.5V2a.5.5 0 0 1 .5-.5h2V0H2Zm2 10.5H2a.5.5 0 0 1-.5-.5V8H0v2a2 2 0 0 0 2 2h2v-1.5ZM8 12v-1.5h2a.5.5 0 0 0 .5-.5V8H12v2a2 2 0 0 1-2 2H8Zm2-12a2 2 0 0 1 2 2v2h-1.5V2a.5.5 0 0 0-.5-.5H8V0h2Z\" \/>\n\t\t\t<\/svg>\n\t\t<\/button><figcaption class=\"wp-element-caption\">K\u0142anino, pa\u0142ac, sie\u0144 stan na sierpie\u0144 2022 r., fot. Rados\u0142aw Bia\u0142k, zabytek.pl<\/figcaption><\/figure>\n<\/div>\n<\/div>\n\n\n\n<p><\/p>\n\n\n\n<p>Nie spos\u00f3b sobie wyobrazi\u0107 wycieczki po p\u00f3\u0142nocnych Kaszubach bez wizyty pa\u0142acu w K\u0142aninie. Od razu jednak trzeba wyja\u015bni\u0107, \u017ce film \u201eKamerdyner\u201d, cho\u0107 inspirowany jest losami jego w\u0142a\u015bcicieli, nie by\u0142 tu realizowany. Co ciekawe jest jeszcze jeden \u015blad wi\u0105\u017c\u0105cy to miejsce z wa\u017cnymi dzie\u0142ami kultury. Von Grassowie, do kt\u00f3rych maj\u0105tek nale\u017ca\u0142, byli spokrewnieni z niemieckim noblist\u0105 G\u00fcnterem Grassem, kt\u00f3ry w swoich powie\u015bciach unie\u015bmiertelni\u0142 przedwojenny Gda\u0144sk. Pa\u0142ac otoczony jest wspania\u0142ym parkiem, w kt\u00f3rym rosn\u0105 m.in. 300-letnie d\u0119by, ale absolutnie najwi\u0119ksz\u0105 atrakcj\u0105 obiektu jest Sie\u0144 Gda\u0144ska. S\u0142owo \u201esie\u0144\u201d w nazwie mo\u017ce by\u0107 myl\u0105ce, nie chodzi o zwyk\u0142y korytarz. To &nbsp;dekoracja drewniana, kt\u00f3r\u0105 ozdabiano najzamo\u017cniejsze domy patrycjuszowskie. Sie\u0144 jest wielopoziomowa i bogato zdobiona: portalami, pilastrami i rze\u017abami. Co ciekawe Sie\u0144 z K\u0142anina przetrwa\u0142a wojn\u0119, ale dzi\u015b znajduje si\u0119 zupe\u0142nie gdzie indziej \u2013 w gda\u0144skim Domu \u0141awy nale\u017c\u0105cym do kompleksu Dw\u00f3r Artusa. Jednak obecnemu w\u0142a\u015bcicielowi uda\u0142o si\u0119 kupi\u0107 w jednym z antykwariat\u00f3w inny egzemplarz pochodz\u0105cy z XVII wieku. I jest to jeden z pi\u0119ciu, kt\u00f3re dotrwa\u0142y do naszych czas\u00f3w.<\/p>\n\n\n\n<p><\/p>\n\n\n\n<figure class=\"wp-block-image aligncenter size-large is-resized\"><img loading=\"lazy\" decoding=\"async\" width=\"1024\" height=\"683\" src=\"https:\/\/nid.pl\/wp-content\/uploads\/2025\/08\/Salino-dwor-stan-na-czerwiec-2022-r.-fot.-Radoslaw-Bialk-1024x683.jpg\" alt=\"Salino, dw\u00f3r\" class=\"wp-image-29252\" style=\"width:639px;height:auto\" srcset=\"https:\/\/nid.pl\/wp-content\/uploads\/2025\/08\/Salino-dwor-stan-na-czerwiec-2022-r.-fot.-Radoslaw-Bialk-980x654.jpg 980w, https:\/\/nid.pl\/wp-content\/uploads\/2025\/08\/Salino-dwor-stan-na-czerwiec-2022-r.-fot.-Radoslaw-Bialk-480x320.jpg 480w\" sizes=\"(min-width: 0px) and (max-width: 480px) 480px, (min-width: 481px) and (max-width: 980px) 980px, (min-width: 981px) 1024px, 100vw\" \/><figcaption class=\"wp-element-caption\">Salino, dw\u00f3r, stan na czerwiec 2022 r., fot. Rados\u0142aw Bia\u0142k, zabytek.pl<\/figcaption><\/figure>\n\n\n\n<p><\/p>\n\n\n\n<p>Obiektem absolutnie wyj\u0105tkowym na tle innych zabytk\u00f3w regionu jest dw\u00f3r w Salinie \u2013 jedyny dw\u00f3r polski w tych okolicach. Zbudowano go pod koniec XVIII wieku. Niestety w latach 80. XX wieku sp\u0142on\u0105\u0142 i to co dzi\u015b ogl\u0105damy to cz\u0119\u015bciowa rekonstrukcja. Dw\u00f3r zbudowany jest w charakterystycznej dla regionu konstrukcji ryglowej (tzw. pruski mur). Kryty jest s\u0142om\u0105, a w wn\u0119trzach znajdziemy oryginalne kaszubskie meble i piece. &nbsp;&nbsp;&nbsp;&nbsp;&nbsp;&nbsp;&nbsp;&nbsp;&nbsp;&nbsp;&nbsp;&nbsp;&nbsp;<\/p>\n\n\n\n<p><\/p>\n\n\n\n<div class=\"wp-block-columns is-layout-flex wp-container-core-columns-is-layout-9d6595d7 wp-block-columns-is-layout-flex\">\n<div class=\"wp-block-column is-layout-flow wp-block-column-is-layout-flow\">\n<figure data-wp-context=\"{&quot;imageId&quot;:&quot;69f0f7d81feaa&quot;}\" data-wp-interactive=\"core\/image\" data-wp-key=\"69f0f7d81feaa\" class=\"wp-block-image size-large wp-lightbox-container\"><img loading=\"lazy\" decoding=\"async\" width=\"1024\" height=\"683\" data-wp-class--hide=\"state.isContentHidden\" data-wp-class--show=\"state.isContentVisible\" data-wp-init=\"callbacks.setButtonStyles\" data-wp-on--click=\"actions.showLightbox\" data-wp-on--load=\"callbacks.setButtonStyles\" data-wp-on-window--resize=\"callbacks.setButtonStyles\" src=\"https:\/\/nid.pl\/wp-content\/uploads\/2025\/08\/Wejherowo-Muzeum-fot.-Szczebel07-Licencja-CC-BY-SA-3.0-1024x683.jpg\" alt=\"Wejherowo Muzeum Pi\u015bmiennictwa i Muzyki Kaszubsko-Pomorskiej\" class=\"wp-image-29257\" srcset=\"https:\/\/nid.pl\/wp-content\/uploads\/2025\/08\/Wejherowo-Muzeum-fot.-Szczebel07-Licencja-CC-BY-SA-3.0-980x654.jpg 980w, https:\/\/nid.pl\/wp-content\/uploads\/2025\/08\/Wejherowo-Muzeum-fot.-Szczebel07-Licencja-CC-BY-SA-3.0-480x320.jpg 480w\" sizes=\"(min-width: 0px) and (max-width: 480px) 480px, (min-width: 481px) and (max-width: 980px) 980px, (min-width: 981px) 1024px, 100vw\" \/><button\n\t\t\tclass=\"lightbox-trigger\"\n\t\t\ttype=\"button\"\n\t\t\taria-haspopup=\"dialog\"\n\t\t\taria-label=\"Enlarge\"\n\t\t\tdata-wp-init=\"callbacks.initTriggerButton\"\n\t\t\tdata-wp-on--click=\"actions.showLightbox\"\n\t\t\tdata-wp-style--right=\"state.imageButtonRight\"\n\t\t\tdata-wp-style--top=\"state.imageButtonTop\"\n\t\t>\n\t\t\t<svg xmlns=\"http:\/\/www.w3.org\/2000\/svg\" width=\"12\" height=\"12\" fill=\"none\" viewbox=\"0 0 12 12\">\n\t\t\t\t<path fill=\"#fff\" d=\"M2 0a2 2 0 0 0-2 2v2h1.5V2a.5.5 0 0 1 .5-.5h2V0H2Zm2 10.5H2a.5.5 0 0 1-.5-.5V8H0v2a2 2 0 0 0 2 2h2v-1.5ZM8 12v-1.5h2a.5.5 0 0 0 .5-.5V8H12v2a2 2 0 0 1-2 2H8Zm2-12a2 2 0 0 1 2 2v2h-1.5V2a.5.5 0 0 0-.5-.5H8V0h2Z\" \/>\n\t\t\t<\/svg>\n\t\t<\/button><figcaption class=\"wp-element-caption\">Wejherowo, Muzeum Pi\u015bmiennictwa i Muzyki Kaszubsko-Pomorskiej, fot. Szczebel07, Licencja CC BY-SA 3.0, zabytek.pl<\/figcaption><\/figure>\n<\/div>\n\n\n\n<div class=\"wp-block-column is-layout-flow wp-block-column-is-layout-flow\">\n<figure data-wp-context=\"{&quot;imageId&quot;:&quot;69f0f7d82019c&quot;}\" data-wp-interactive=\"core\/image\" data-wp-key=\"69f0f7d82019c\" class=\"wp-block-image size-large wp-lightbox-container\"><img loading=\"lazy\" decoding=\"async\" width=\"1024\" height=\"683\" data-wp-class--hide=\"state.isContentHidden\" data-wp-class--show=\"state.isContentVisible\" data-wp-init=\"callbacks.setButtonStyles\" data-wp-on--click=\"actions.showLightbox\" data-wp-on--load=\"callbacks.setButtonStyles\" data-wp-on-window--resize=\"callbacks.setButtonStyles\" src=\"https:\/\/nid.pl\/wp-content\/uploads\/2025\/08\/Wejherowo-Zespol-kosciola-parafialnego-pw.-Sw.-Trojcy-stan-na-2014-r.-fot.-Dorota-Hryszkiewicz-Kahlau-1024x683.jpg\" alt=\"Wejherowo, Zesp\u00f3\u0142 ko\u015bcio\u0142a parafialnego pw. \u015aw. Tr\u00f3jc\" class=\"wp-image-29258\" srcset=\"https:\/\/nid.pl\/wp-content\/uploads\/2025\/08\/Wejherowo-Zespol-kosciola-parafialnego-pw.-Sw.-Trojcy-stan-na-2014-r.-fot.-Dorota-Hryszkiewicz-Kahlau-980x654.jpg 980w, https:\/\/nid.pl\/wp-content\/uploads\/2025\/08\/Wejherowo-Zespol-kosciola-parafialnego-pw.-Sw.-Trojcy-stan-na-2014-r.-fot.-Dorota-Hryszkiewicz-Kahlau-480x320.jpg 480w\" sizes=\"(min-width: 0px) and (max-width: 480px) 480px, (min-width: 481px) and (max-width: 980px) 980px, (min-width: 981px) 1024px, 100vw\" \/><button\n\t\t\tclass=\"lightbox-trigger\"\n\t\t\ttype=\"button\"\n\t\t\taria-haspopup=\"dialog\"\n\t\t\taria-label=\"Enlarge\"\n\t\t\tdata-wp-init=\"callbacks.initTriggerButton\"\n\t\t\tdata-wp-on--click=\"actions.showLightbox\"\n\t\t\tdata-wp-style--right=\"state.imageButtonRight\"\n\t\t\tdata-wp-style--top=\"state.imageButtonTop\"\n\t\t>\n\t\t\t<svg xmlns=\"http:\/\/www.w3.org\/2000\/svg\" width=\"12\" height=\"12\" fill=\"none\" viewbox=\"0 0 12 12\">\n\t\t\t\t<path fill=\"#fff\" d=\"M2 0a2 2 0 0 0-2 2v2h1.5V2a.5.5 0 0 1 .5-.5h2V0H2Zm2 10.5H2a.5.5 0 0 1-.5-.5V8H0v2a2 2 0 0 0 2 2h2v-1.5ZM8 12v-1.5h2a.5.5 0 0 0 .5-.5V8H12v2a2 2 0 0 1-2 2H8Zm2-12a2 2 0 0 1 2 2v2h-1.5V2a.5.5 0 0 0-.5-.5H8V0h2Z\" \/>\n\t\t\t<\/svg>\n\t\t<\/button><figcaption class=\"wp-element-caption\">Wejherowo, Zesp\u00f3\u0142 ko\u015bcio\u0142a parafialnego pw. \u015aw. Tr\u00f3jcy, stan na 2014 r., fot. Dorota Hryszkiewicz-Kahlau, zabytek.pl<\/figcaption><\/figure>\n<\/div>\n<\/div>\n\n\n\n<p><\/p>\n\n\n\n<p>Zwiedzaj\u0105c region pr\u0119dzej czy p\u00f3\u017aniej zahaczymy Wejherowo, kt\u00f3re jest najwi\u0119kszym miastem p\u00f3\u0142nocnych Kaszub. Tam r\u00f3wnie\u017c warto si\u0119 zatrzyma\u0107, \u017ceby zobaczy\u0107 kilka najwa\u017cniejszych zabytk\u00f3w. Przede wszystkim, skoro zwiedzamy pa\u0142ace, Muzeum Pi\u015bmiennictwa i Muzyki Kaszubsko-Pomorskiej. Zanim, w latach 90. XX wieku umieszczono tu unikalne zbiory zwi\u0105zane z kultur\u0105 regionu (mo\u017cna tam np. pozna\u0107 tajemnice kaszubskiego alfabetu), obiekt s\u0142u\u017cy\u0142 szkolnictwu, a jeszcze wcze\u015bniej rezydowali tu najbogatsi arystokraci na Pomorzu Gda\u0144skim. Pierwotnie, w wieku XVIII nad potokiem Cedron pa\u0142ac zamierza\u0142 wybudowa\u0107 Ignacy Przebendowski. Inwestycji jednak nie uko\u0144czy\u0142 i maj\u0105tek trafi\u0142 do rodziny Keyserlingk\u00f3w, kt\u00f3rzy zamieszkali tu w roku 1857. Po wojnie niemieccy w\u0142a\u015bciciele wyjechali, a dzi\u015b obiekt nosi nazw\u0119 Pa\u0142ac&nbsp; Przebendowskich i Keyserlingk\u00f3w. Otoczony jest zabytkowym parkiem w stylu angielskim, w kt\u00f3rym dzi\u015b znajduje si\u0119 m.in. amfiteatr.<\/p>\n\n\n\n<p>Kaszubskie miasto jest pe\u0142ne zabytk\u00f3w i z pewno\u015bci\u0105 zas\u0142uguje, by sp\u0119dzi\u0107 w nim cho\u0107by jeden dzie\u0144: zwiedzaj\u0105c ko\u015bcio\u0142y, bramy miejskie i niezwyk\u0142\u0105 Kalwari\u0119 Wejherowsk\u0105. Jest pe\u0142ne uroku tak jak region, kt\u00f3rego jest nieoficjaln\u0105 stolic\u0105. &nbsp;&nbsp;&nbsp;&nbsp;&nbsp;&nbsp;<\/p>\n\n\n\n<p><\/p>\n\n\n\n<p><\/p>\n\n\n\n<p><\/p>","protected":false},"excerpt":{"rendered":"<p>Mi\u0119dzy \u0141eb\u0105 i W\u0142adys\u0142awowem, L\u0119borkiem oraz Tr\u00f3jmiastem rozci\u0105ga si\u0119 obszar, kt\u00f3ry wci\u0105\u017c czeka na odkrycie przez turyst\u00f3w. P\u00f3\u0142nocne Kaszuby to region pe\u0142en naturalnego pi\u0119kna oraz r\u00f3wnie efektownych zabytk\u00f3w: dwor\u00f3w i [&hellip;]<\/p>","protected":false},"author":15,"featured_media":29261,"comment_status":"closed","ping_status":"closed","sticky":false,"template":"","format":"standard","meta":{"_et_pb_use_builder":"off","_et_pb_old_content":"","_et_gb_content_width":"","_monsterinsights_skip_tracking":false,"_monsterinsights_sitenote_active":false,"_monsterinsights_sitenote_note":"","_monsterinsights_sitenote_category":0,"footnotes":""},"categories":[146],"tags":[],"class_list":["post-29245","post","type-post","status-publish","format-standard","has-post-thumbnail","hentry","category-wakacje-z-nid"],"yoast_head":"<!-- This site is optimized with the Yoast SEO plugin v26.5 - https:\/\/yoast.com\/wordpress\/plugins\/seo\/ -->\n<title>Alfabet kaszubskich pa\u0142ac\u00f3w - NID<\/title>\n<meta name=\"robots\" content=\"index, follow, max-snippet:-1, max-image-preview:large, max-video-preview:-1\" \/>\n<link rel=\"canonical\" href=\"https:\/\/nid.pl\/en\/2025\/08\/12\/alfabet-kaszubskich-palacow\/\" \/>\n<meta property=\"og:locale\" content=\"en_GB\" \/>\n<meta property=\"og:type\" content=\"article\" \/>\n<meta property=\"og:title\" content=\"Alfabet kaszubskich pa\u0142ac\u00f3w - NID\" \/>\n<meta property=\"og:description\" content=\"Mi\u0119dzy \u0141eb\u0105 i W\u0142adys\u0142awowem, L\u0119borkiem oraz Tr\u00f3jmiastem rozci\u0105ga si\u0119 obszar, kt\u00f3ry wci\u0105\u017c czeka na odkrycie przez turyst\u00f3w. P\u00f3\u0142nocne Kaszuby to region pe\u0142en naturalnego pi\u0119kna oraz r\u00f3wnie efektownych zabytk\u00f3w: dwor\u00f3w i [&hellip;]\" \/>\n<meta property=\"og:url\" content=\"https:\/\/nid.pl\/en\/2025\/08\/12\/alfabet-kaszubskich-palacow\/\" \/>\n<meta property=\"og:site_name\" content=\"NID\" \/>\n<meta property=\"article:publisher\" content=\"https:\/\/www.facebook.com\/zabytek\" \/>\n<meta property=\"article:published_time\" content=\"2025-08-12T08:30:12+00:00\" \/>\n<meta property=\"article:modified_time\" content=\"2025-08-12T11:55:10+00:00\" \/>\n<meta property=\"og:image\" content=\"https:\/\/nid.pl\/wp-content\/uploads\/2025\/08\/miniatura-rzucewo.jpg\" \/>\n\t<meta property=\"og:image:width\" content=\"1857\" \/>\n\t<meta property=\"og:image:height\" content=\"1238\" \/>\n\t<meta property=\"og:image:type\" content=\"image\/jpeg\" \/>\n<meta name=\"author\" content=\"Monika Ciura\" \/>\n<meta name=\"twitter:card\" content=\"summary_large_image\" \/>\n<meta name=\"twitter:creator\" content=\"@NarIDpl\" \/>\n<meta name=\"twitter:site\" content=\"@NarIDpl\" \/>\n<meta name=\"twitter:label1\" content=\"Written by\" \/>\n\t<meta name=\"twitter:data1\" content=\"Monika Ciura\" \/>\n\t<meta name=\"twitter:label2\" content=\"Estimated reading time\" \/>\n\t<meta name=\"twitter:data2\" content=\"11 minutes\" \/>\n<script type=\"application\/ld+json\" class=\"yoast-schema-graph\">{\"@context\":\"https:\/\/schema.org\",\"@graph\":[{\"@type\":\"Article\",\"@id\":\"https:\/\/nid.pl\/2025\/08\/12\/alfabet-kaszubskich-palacow\/#article\",\"isPartOf\":{\"@id\":\"https:\/\/nid.pl\/2025\/08\/12\/alfabet-kaszubskich-palacow\/\"},\"author\":{\"name\":\"Monika Ciura\",\"@id\":\"https:\/\/nid.pl\/#\/schema\/person\/ab9abea4caecdccde4fb0d555271145f\"},\"headline\":\"Alfabet kaszubskich pa\u0142ac\u00f3w\",\"datePublished\":\"2025-08-12T08:30:12+00:00\",\"dateModified\":\"2025-08-12T11:55:10+00:00\",\"mainEntityOfPage\":{\"@id\":\"https:\/\/nid.pl\/2025\/08\/12\/alfabet-kaszubskich-palacow\/\"},\"wordCount\":1687,\"publisher\":{\"@id\":\"https:\/\/nid.pl\/#organization\"},\"image\":{\"@id\":\"https:\/\/nid.pl\/2025\/08\/12\/alfabet-kaszubskich-palacow\/#primaryimage\"},\"thumbnailUrl\":\"https:\/\/nid.pl\/wp-content\/uploads\/2025\/08\/miniatura-rzucewo.jpg\",\"articleSection\":[\"Wakacje z NID\"],\"inLanguage\":\"en-GB\"},{\"@type\":\"WebPage\",\"@id\":\"https:\/\/nid.pl\/2025\/08\/12\/alfabet-kaszubskich-palacow\/\",\"url\":\"https:\/\/nid.pl\/2025\/08\/12\/alfabet-kaszubskich-palacow\/\",\"name\":\"Alfabet kaszubskich pa\u0142ac\u00f3w - NID\",\"isPartOf\":{\"@id\":\"https:\/\/nid.pl\/#website\"},\"primaryImageOfPage\":{\"@id\":\"https:\/\/nid.pl\/2025\/08\/12\/alfabet-kaszubskich-palacow\/#primaryimage\"},\"image\":{\"@id\":\"https:\/\/nid.pl\/2025\/08\/12\/alfabet-kaszubskich-palacow\/#primaryimage\"},\"thumbnailUrl\":\"https:\/\/nid.pl\/wp-content\/uploads\/2025\/08\/miniatura-rzucewo.jpg\",\"datePublished\":\"2025-08-12T08:30:12+00:00\",\"dateModified\":\"2025-08-12T11:55:10+00:00\",\"breadcrumb\":{\"@id\":\"https:\/\/nid.pl\/2025\/08\/12\/alfabet-kaszubskich-palacow\/#breadcrumb\"},\"inLanguage\":\"en-GB\",\"potentialAction\":[{\"@type\":\"ReadAction\",\"target\":[\"https:\/\/nid.pl\/2025\/08\/12\/alfabet-kaszubskich-palacow\/\"]}]},{\"@type\":\"ImageObject\",\"inLanguage\":\"en-GB\",\"@id\":\"https:\/\/nid.pl\/2025\/08\/12\/alfabet-kaszubskich-palacow\/#primaryimage\",\"url\":\"https:\/\/nid.pl\/wp-content\/uploads\/2025\/08\/miniatura-rzucewo.jpg\",\"contentUrl\":\"https:\/\/nid.pl\/wp-content\/uploads\/2025\/08\/miniatura-rzucewo.jpg\",\"width\":1857,\"height\":1238},{\"@type\":\"BreadcrumbList\",\"@id\":\"https:\/\/nid.pl\/2025\/08\/12\/alfabet-kaszubskich-palacow\/#breadcrumb\",\"itemListElement\":[{\"@type\":\"ListItem\",\"position\":1,\"name\":\"Home\",\"item\":\"https:\/\/nid.pl\/\"},{\"@type\":\"ListItem\",\"position\":2,\"name\":\"Alfabet kaszubskich pa\u0142ac\u00f3w\"}]},{\"@type\":\"WebSite\",\"@id\":\"https:\/\/nid.pl\/#website\",\"url\":\"https:\/\/nid.pl\/\",\"name\":\"NID\",\"description\":\"Narodowy Instytut Dziedzictwa\",\"publisher\":{\"@id\":\"https:\/\/nid.pl\/#organization\"},\"potentialAction\":[{\"@type\":\"SearchAction\",\"target\":{\"@type\":\"EntryPoint\",\"urlTemplate\":\"https:\/\/nid.pl\/?s={search_term_string}\"},\"query-input\":{\"@type\":\"PropertyValueSpecification\",\"valueRequired\":true,\"valueName\":\"search_term_string\"}}],\"inLanguage\":\"en-GB\"},{\"@type\":\"Organization\",\"@id\":\"https:\/\/nid.pl\/#organization\",\"name\":\"Narodowy Instytut Dziedzictwa\",\"url\":\"https:\/\/nid.pl\/\",\"logo\":{\"@type\":\"ImageObject\",\"inLanguage\":\"en-GB\",\"@id\":\"https:\/\/nid.pl\/#\/schema\/logo\/image\/\",\"url\":\"https:\/\/nid.pl\/wp-content\/uploads\/2022\/10\/logoRedDark.png\",\"contentUrl\":\"https:\/\/nid.pl\/wp-content\/uploads\/2022\/10\/logoRedDark.png\",\"width\":200,\"height\":197,\"caption\":\"Narodowy Instytut Dziedzictwa\"},\"image\":{\"@id\":\"https:\/\/nid.pl\/#\/schema\/logo\/image\/\"},\"sameAs\":[\"https:\/\/www.facebook.com\/zabytek\",\"https:\/\/x.com\/NarIDpl\",\"https:\/\/www.instagram.com\/nid.pl\/?hl=pl\",\"https:\/\/www.linkedin.com\/company\/narodowy-instytut-dziedzictwa\",\"https:\/\/www.youtube.com\/channel\/UCQXuhKa2uHtmNvLRUSx40JA\"]},{\"@type\":\"Person\",\"@id\":\"https:\/\/nid.pl\/#\/schema\/person\/ab9abea4caecdccde4fb0d555271145f\",\"name\":\"Monika Ciura\",\"image\":{\"@type\":\"ImageObject\",\"inLanguage\":\"en-GB\",\"@id\":\"https:\/\/nid.pl\/#\/schema\/person\/image\/\",\"url\":\"https:\/\/nid.pl\/wp-content\/litespeed\/avatar\/bfdb15d1cc317fac4b66bdc91090ff11.jpg?ver=1776840533\",\"contentUrl\":\"https:\/\/nid.pl\/wp-content\/litespeed\/avatar\/bfdb15d1cc317fac4b66bdc91090ff11.jpg?ver=1776840533\",\"caption\":\"Monika Ciura\"},\"url\":\"https:\/\/nid.pl\/en\/author\/mciura\/\"}]}<\/script>\n<!-- \/ Yoast SEO plugin. -->","yoast_head_json":{"title":"Alfabet kaszubskich pa\u0142ac\u00f3w - NID","robots":{"index":"index","follow":"follow","max-snippet":"max-snippet:-1","max-image-preview":"max-image-preview:large","max-video-preview":"max-video-preview:-1"},"canonical":"https:\/\/nid.pl\/en\/2025\/08\/12\/alfabet-kaszubskich-palacow\/","og_locale":"en_GB","og_type":"article","og_title":"Alfabet kaszubskich pa\u0142ac\u00f3w - NID","og_description":"Mi\u0119dzy \u0141eb\u0105 i W\u0142adys\u0142awowem, L\u0119borkiem oraz Tr\u00f3jmiastem rozci\u0105ga si\u0119 obszar, kt\u00f3ry wci\u0105\u017c czeka na odkrycie przez turyst\u00f3w. P\u00f3\u0142nocne Kaszuby to region pe\u0142en naturalnego pi\u0119kna oraz r\u00f3wnie efektownych zabytk\u00f3w: dwor\u00f3w i [&hellip;]","og_url":"https:\/\/nid.pl\/en\/2025\/08\/12\/alfabet-kaszubskich-palacow\/","og_site_name":"NID","article_publisher":"https:\/\/www.facebook.com\/zabytek","article_published_time":"2025-08-12T08:30:12+00:00","article_modified_time":"2025-08-12T11:55:10+00:00","og_image":[{"width":1857,"height":1238,"url":"https:\/\/nid.pl\/wp-content\/uploads\/2025\/08\/miniatura-rzucewo.jpg","type":"image\/jpeg"}],"author":"Monika Ciura","twitter_card":"summary_large_image","twitter_creator":"@NarIDpl","twitter_site":"@NarIDpl","twitter_misc":{"Written by":"Monika Ciura","Estimated reading time":"11 minutes"},"schema":{"@context":"https:\/\/schema.org","@graph":[{"@type":"Article","@id":"https:\/\/nid.pl\/2025\/08\/12\/alfabet-kaszubskich-palacow\/#article","isPartOf":{"@id":"https:\/\/nid.pl\/2025\/08\/12\/alfabet-kaszubskich-palacow\/"},"author":{"name":"Monika Ciura","@id":"https:\/\/nid.pl\/#\/schema\/person\/ab9abea4caecdccde4fb0d555271145f"},"headline":"Alfabet kaszubskich pa\u0142ac\u00f3w","datePublished":"2025-08-12T08:30:12+00:00","dateModified":"2025-08-12T11:55:10+00:00","mainEntityOfPage":{"@id":"https:\/\/nid.pl\/2025\/08\/12\/alfabet-kaszubskich-palacow\/"},"wordCount":1687,"publisher":{"@id":"https:\/\/nid.pl\/#organization"},"image":{"@id":"https:\/\/nid.pl\/2025\/08\/12\/alfabet-kaszubskich-palacow\/#primaryimage"},"thumbnailUrl":"https:\/\/nid.pl\/wp-content\/uploads\/2025\/08\/miniatura-rzucewo.jpg","articleSection":["Wakacje z NID"],"inLanguage":"en-GB"},{"@type":"WebPage","@id":"https:\/\/nid.pl\/2025\/08\/12\/alfabet-kaszubskich-palacow\/","url":"https:\/\/nid.pl\/2025\/08\/12\/alfabet-kaszubskich-palacow\/","name":"Alfabet kaszubskich pa\u0142ac\u00f3w - NID","isPartOf":{"@id":"https:\/\/nid.pl\/#website"},"primaryImageOfPage":{"@id":"https:\/\/nid.pl\/2025\/08\/12\/alfabet-kaszubskich-palacow\/#primaryimage"},"image":{"@id":"https:\/\/nid.pl\/2025\/08\/12\/alfabet-kaszubskich-palacow\/#primaryimage"},"thumbnailUrl":"https:\/\/nid.pl\/wp-content\/uploads\/2025\/08\/miniatura-rzucewo.jpg","datePublished":"2025-08-12T08:30:12+00:00","dateModified":"2025-08-12T11:55:10+00:00","breadcrumb":{"@id":"https:\/\/nid.pl\/2025\/08\/12\/alfabet-kaszubskich-palacow\/#breadcrumb"},"inLanguage":"en-GB","potentialAction":[{"@type":"ReadAction","target":["https:\/\/nid.pl\/2025\/08\/12\/alfabet-kaszubskich-palacow\/"]}]},{"@type":"ImageObject","inLanguage":"en-GB","@id":"https:\/\/nid.pl\/2025\/08\/12\/alfabet-kaszubskich-palacow\/#primaryimage","url":"https:\/\/nid.pl\/wp-content\/uploads\/2025\/08\/miniatura-rzucewo.jpg","contentUrl":"https:\/\/nid.pl\/wp-content\/uploads\/2025\/08\/miniatura-rzucewo.jpg","width":1857,"height":1238},{"@type":"BreadcrumbList","@id":"https:\/\/nid.pl\/2025\/08\/12\/alfabet-kaszubskich-palacow\/#breadcrumb","itemListElement":[{"@type":"ListItem","position":1,"name":"Home","item":"https:\/\/nid.pl\/"},{"@type":"ListItem","position":2,"name":"Alfabet kaszubskich pa\u0142ac\u00f3w"}]},{"@type":"WebSite","@id":"https:\/\/nid.pl\/#website","url":"https:\/\/nid.pl\/","name":"NID","description":"Narodowy Instytut Dziedzictwa","publisher":{"@id":"https:\/\/nid.pl\/#organization"},"potentialAction":[{"@type":"SearchAction","target":{"@type":"EntryPoint","urlTemplate":"https:\/\/nid.pl\/?s={search_term_string}"},"query-input":{"@type":"PropertyValueSpecification","valueRequired":true,"valueName":"search_term_string"}}],"inLanguage":"en-GB"},{"@type":"Organization","@id":"https:\/\/nid.pl\/#organization","name":"Narodowy Instytut Dziedzictwa","url":"https:\/\/nid.pl\/","logo":{"@type":"ImageObject","inLanguage":"en-GB","@id":"https:\/\/nid.pl\/#\/schema\/logo\/image\/","url":"https:\/\/nid.pl\/wp-content\/uploads\/2022\/10\/logoRedDark.png","contentUrl":"https:\/\/nid.pl\/wp-content\/uploads\/2022\/10\/logoRedDark.png","width":200,"height":197,"caption":"Narodowy Instytut Dziedzictwa"},"image":{"@id":"https:\/\/nid.pl\/#\/schema\/logo\/image\/"},"sameAs":["https:\/\/www.facebook.com\/zabytek","https:\/\/x.com\/NarIDpl","https:\/\/www.instagram.com\/nid.pl\/?hl=pl","https:\/\/www.linkedin.com\/company\/narodowy-instytut-dziedzictwa","https:\/\/www.youtube.com\/channel\/UCQXuhKa2uHtmNvLRUSx40JA"]},{"@type":"Person","@id":"https:\/\/nid.pl\/#\/schema\/person\/ab9abea4caecdccde4fb0d555271145f","name":"Monika Ciura","image":{"@type":"ImageObject","inLanguage":"en-GB","@id":"https:\/\/nid.pl\/#\/schema\/person\/image\/","url":"https:\/\/nid.pl\/wp-content\/litespeed\/avatar\/bfdb15d1cc317fac4b66bdc91090ff11.jpg?ver=1776840533","contentUrl":"https:\/\/nid.pl\/wp-content\/litespeed\/avatar\/bfdb15d1cc317fac4b66bdc91090ff11.jpg?ver=1776840533","caption":"Monika Ciura"},"url":"https:\/\/nid.pl\/en\/author\/mciura\/"}]}},"_links":{"self":[{"href":"https:\/\/nid.pl\/en\/wp-json\/wp\/v2\/posts\/29245","targetHints":{"allow":["GET"]}}],"collection":[{"href":"https:\/\/nid.pl\/en\/wp-json\/wp\/v2\/posts"}],"about":[{"href":"https:\/\/nid.pl\/en\/wp-json\/wp\/v2\/types\/post"}],"author":[{"embeddable":true,"href":"https:\/\/nid.pl\/en\/wp-json\/wp\/v2\/users\/15"}],"replies":[{"embeddable":true,"href":"https:\/\/nid.pl\/en\/wp-json\/wp\/v2\/comments?post=29245"}],"version-history":[{"count":0,"href":"https:\/\/nid.pl\/en\/wp-json\/wp\/v2\/posts\/29245\/revisions"}],"wp:featuredmedia":[{"embeddable":true,"href":"https:\/\/nid.pl\/en\/wp-json\/wp\/v2\/media\/29261"}],"wp:attachment":[{"href":"https:\/\/nid.pl\/en\/wp-json\/wp\/v2\/media?parent=29245"}],"wp:term":[{"taxonomy":"category","embeddable":true,"href":"https:\/\/nid.pl\/en\/wp-json\/wp\/v2\/categories?post=29245"},{"taxonomy":"post_tag","embeddable":true,"href":"https:\/\/nid.pl\/en\/wp-json\/wp\/v2\/tags?post=29245"}],"curies":[{"name":"wp","href":"https:\/\/api.w.org\/{rel}","templated":true}]}}