{"id":2891,"date":"2021-11-22T14:51:00","date_gmt":"2021-11-22T13:51:00","guid":{"rendered":"https:\/\/nid.pl\/?p=2891"},"modified":"2022-01-13T10:08:38","modified_gmt":"2022-01-13T09:08:38","slug":"znamy-laureatow-i-wyroznionych-konkursu-zabytek-zadbany-2021","status":"publish","type":"post","link":"https:\/\/nid.pl\/en\/2021\/11\/22\/znamy-laureatow-i-wyroznionych-konkursu-zabytek-zadbany-2021\/","title":{"rendered":"Znamy laureat\u00f3w i wyr\u00f3\u017cnionych konkursu Zabytek Zadbany 2021"},"content":{"rendered":"<p>22 listopada br. podczas uroczystej gali prof. Magdalena Gawin Wiceminister&nbsp;Kultury i Dziedzictwa Narodowego, Generalny Konserwator Zabytk\u00f3w oraz Bartosz Skaldawski Dyrektor Narodowego Instytutu Dziedzictwa, og\u0142osili laureat\u00f3w i wyr\u00f3\u017cnionych w konkursie \u201eZabytek Zadbany\u201d.&nbsp;<\/p>\n\n\n\n<div class=\"wp-block-group\"><div class=\"wp-block-group__inner-container is-layout-flow wp-block-group-is-layout-flow\">\n<p>\u201eZabytek Zadbany\u201d to og\u00f3lnopolski konkurs Ministra Kultury i Dziedzictwa Narodowego oraz Generalnego Konserwatora Zabytk\u00f3w , kt\u00f3rego celem jest promocja opieki nad zabytkami poprzez propagowanie najlepszych wzor\u00f3w konserwacji, utrzymania i zagospodarowania zabytk\u00f3w. Konkurs szczyci si\u0119 wieloletni\u0105 tradycj\u0105 \u2013 po raz pierwszy og\u0142oszony zosta\u0142 w 1975 roku. O miano laureat\u00f3w i wyr\u00f3\u017cnionych ubiega\u0107 si\u0119 mog\u0105 w\u0142a\u015bciciele i zarz\u0105dcy zabytkowych nieruchomo\u015bci, kt\u00f3rzy wzorowo i&nbsp;konsekwentnie prowadz\u0105 dzia\u0142ania &#8211; badawcze, rewitalizacyjne, konserwatorskie i budowlane. Procedur\u0119 konkursow\u0105 prowadzi Narodowy Instytut Dziedzictwa.<br><br>W 2021 r. do konkursu zg\u0142oszono&nbsp;<strong>136 zabytkowych obiekt\u00f3w z 15 wojew\u00f3dztw.<\/strong><br>W tegorocznej edycji konkursu Jury przyzna\u0142o&nbsp;<strong>7 nagr\u00f3d i 14 wyr\u00f3\u017cnie\u0144<\/strong>&nbsp;w sze\u015bciu kategoriach.<\/p>\n<\/div><\/div>\n\n\n\n<p><strong>Kategoria specjalna: w\u0142a\u015bciwe u\u017cytkowanie i sta\u0142a opieka nad zabytkiem<\/strong><br>Laureaci:<br>\u2022&nbsp;&nbsp;&nbsp; Zesp\u00f3\u0142 zamkowy w \u0141a\u0144cucie (woj. podkarpackie)<br>Muzeum \u2013 Zamek w \u0141a\u0144cucie otrzyma\u0142 nagrod\u0119 za sta\u0142\u0105 i troskliw\u0105 opiek\u0119 konserwatorsk\u0105, jak\u0105 zesp\u00f3\u0142 zamkowy obj\u0119ty jest przez ca\u0142y czas pe\u0142nienia funkcji muzealnej. Dzia\u0142ania te zintensyfikowano w ostatnich latach, dzi\u0119ki czemu zrewaloryzowano XVII-wieczne fortyfikacje oraz park, przeprowadzono r\u00f3wnie\u017c prace konserwatorskie i udost\u0119pniono wiele miejsc w pa\u0142acu oraz w innych budynkach, dotychczas wy\u0142\u0105czonych ze zwiedzania. Prace te wykonano z wielk\u0105 dba\u0142o\u015bci\u0105 o zachowanie oryginalnej substancji oraz wyeksponowanie i dokumentacj\u0119 najbardziej interesuj\u0105cych odkry\u0107.<\/p>\n\n\n\n<figure class=\"wp-block-gallery columns-2 is-cropped wp-block-gallery-1 is-layout-flex wp-block-gallery-is-layout-flex\"><ul class=\"blocks-gallery-grid\"><li class=\"blocks-gallery-item\"><figure><img loading=\"lazy\" decoding=\"async\" width=\"1024\" height=\"604\" src=\"https:\/\/nid.pl\/wp-content\/uploads\/2022\/01\/1-Lancut-1-1-1024x604.jpg\" alt=\"\" data-id=\"5006\" data-full-url=\"https:\/\/nid.pl\/wp-content\/uploads\/2022\/01\/1-Lancut-1-1.jpg\" data-link=\"https:\/\/nid.pl\/2021\/11\/22\/znamy-laureatow-i-wyroznionych-konkursu-zabytek-zadbany-2021\/1-lancut-1-1\/\" class=\"wp-image-5006\" srcset=\"https:\/\/nid.pl\/wp-content\/uploads\/2022\/01\/1-Lancut-1-1-980x578.jpg 980w, https:\/\/nid.pl\/wp-content\/uploads\/2022\/01\/1-Lancut-1-1-480x283.jpg 480w\" sizes=\"(min-width: 0px) and (max-width: 480px) 480px, (min-width: 481px) and (max-width: 980px) 980px, (min-width: 981px) 1024px, 100vw\" \/><figcaption class=\"blocks-gallery-item__caption\">Fot. Archiwum Muzeum &#8211; Zamku w \u0141a\u0144cucie<\/figcaption><\/figure><\/li><li class=\"blocks-gallery-item\"><figure><img loading=\"lazy\" decoding=\"async\" width=\"1024\" height=\"576\" src=\"https:\/\/nid.pl\/wp-content\/uploads\/2022\/01\/1-Lancut-0-1024x576.jpg\" alt=\"\" data-id=\"5003\" data-link=\"https:\/\/nid.pl\/2021\/11\/22\/znamy-laureatow-i-wyroznionych-konkursu-zabytek-zadbany-2021\/default-2\/\" class=\"wp-image-5003\" srcset=\"https:\/\/nid.pl\/wp-content\/uploads\/2022\/01\/1-Lancut-0-980x551.jpg 980w, https:\/\/nid.pl\/wp-content\/uploads\/2022\/01\/1-Lancut-0-480x270.jpg 480w\" sizes=\"(min-width: 0px) and (max-width: 480px) 480px, (min-width: 481px) and (max-width: 980px) 980px, (min-width: 981px) 1024px, 100vw\" \/><figcaption class=\"blocks-gallery-item__caption\">Fot. Marek \u0141abudzki<\/figcaption><\/figure><\/li><\/ul><\/figure>\n\n\n\n<div class=\"wp-block-group\"><div class=\"wp-block-group__inner-container is-layout-flow wp-block-group-is-layout-flow\">\n<p>\u2022&nbsp;&nbsp;&nbsp; Trwa\u0142a ruina zamku w Rabsztynie (woj. ma\u0142opolskie)<br>Laur przyznany zosta\u0142 Gminie Olkusz za prowadzone od ponad 20 lat kompleksowe dzia\u0142ania utrwalaj\u0105ce zagro\u017cone ruiny zamku. Prace wykonywane by\u0142y zgodnie z Kart\u0105 ochrony historycznych ruin Polskiego Komitetu Narodowego Mi\u0119dzynarodowej Rady Ochrony Zabytk\u00f3w (PKN ICOMOS), wraz z pe\u0142nym zakresem bada\u0144 archeologicznych<br>i architektonicznych. Zastosowane rozwi\u0105zania pozwoli\u0142y zabezpieczy\u0107 i wyeksponowa\u0107 najcenniejsze odkryte relikty gotyckie i renesansowe oraz przedstawi\u0107 w czytelny spos\u00f3b zar\u00f3wno histori\u0119 zamku, jak i kolejne fazy dzia\u0142a\u0144 konserwatorskich.<\/p>\n<\/div><\/div>\n\n\n\n<figure class=\"wp-block-gallery columns-2 is-cropped wp-block-gallery-2 is-layout-flex wp-block-gallery-is-layout-flex\"><ul class=\"blocks-gallery-grid\"><li class=\"blocks-gallery-item\"><figure><img loading=\"lazy\" decoding=\"async\" width=\"1024\" height=\"710\" src=\"https:\/\/nid.pl\/wp-content\/uploads\/2022\/01\/2-Rabsztyn-0-1024x710.jpg\" alt=\"\" data-id=\"5007\" data-link=\"https:\/\/nid.pl\/2021\/11\/22\/znamy-laureatow-i-wyroznionych-konkursu-zabytek-zadbany-2021\/2-rabsztyn-0\/\" class=\"wp-image-5007\" srcset=\"https:\/\/nid.pl\/wp-content\/uploads\/2022\/01\/2-Rabsztyn-0-980x679.jpg 980w, https:\/\/nid.pl\/wp-content\/uploads\/2022\/01\/2-Rabsztyn-0-480x333.jpg 480w\" sizes=\"(min-width: 0px) and (max-width: 480px) 480px, (min-width: 481px) and (max-width: 980px) 980px, (min-width: 981px) 1024px, 100vw\" \/><figcaption class=\"blocks-gallery-item__caption\">Fot. Pan Pstryk, panpstryk.pl<\/figcaption><\/figure><\/li><li class=\"blocks-gallery-item\"><figure><img loading=\"lazy\" decoding=\"async\" width=\"1024\" height=\"767\" src=\"https:\/\/nid.pl\/wp-content\/uploads\/2022\/01\/2-Rabsztyn-1-1024x767.jpg\" alt=\"\" data-id=\"5008\" data-full-url=\"https:\/\/nid.pl\/wp-content\/uploads\/2022\/01\/2-Rabsztyn-1-scaled.jpg\" data-link=\"https:\/\/nid.pl\/2021\/11\/22\/znamy-laureatow-i-wyroznionych-konkursu-zabytek-zadbany-2021\/2-rabsztyn-1\/\" class=\"wp-image-5008\" srcset=\"https:\/\/nid.pl\/wp-content\/uploads\/2022\/01\/2-Rabsztyn-1-980x734.jpg 980w, https:\/\/nid.pl\/wp-content\/uploads\/2022\/01\/2-Rabsztyn-1-480x360.jpg 480w\" sizes=\"(min-width: 0px) and (max-width: 480px) 480px, (min-width: 481px) and (max-width: 980px) 980px, (min-width: 981px) 1024px, 100vw\" \/><figcaption class=\"blocks-gallery-item__caption\">Fot. Pan Pstryk, panpstryk.pl<\/figcaption><\/figure><\/li><\/ul><\/figure>\n\n\n\n<p><strong>Kategoria: utrwalenie warto\u015bci zabytkowej obiektu<\/strong><br>Laureat:<br>Ko\u015bci\u00f3\u0142 \u015bw. Wojciecha i \u015bw. Stanis\u0142awa Biskupa w Kaliszu (woj. wielkopolskie)<br>Nagroda przyznana zosta\u0142a Parafii Rzymskokatolickiej Ordynariatu Polowego \u015awi\u0119tego Wojciecha<br>i \u015awi\u0119tego Stanis\u0142awa Biskupa w Kaliszu za modelowe, wykonane na podstawie kompleksowych bada\u0144<br>i szeroko zakrojone prace konserwatorskie. Dzia\u0142ania te utrwali\u0142y i uczytelni\u0142y oryginaln\u0105 form\u0119 i estetyk\u0119 obiektu przy jednoczesnym zachowaniu integralno\u015bci i autentyzmu jego substancji zabytkowej.<\/p>\n\n\n\n<figure class=\"wp-block-gallery columns-2 is-cropped wp-block-gallery-3 is-layout-flex wp-block-gallery-is-layout-flex\"><ul class=\"blocks-gallery-grid\"><li class=\"blocks-gallery-item\"><figure><img loading=\"lazy\" decoding=\"async\" width=\"1024\" height=\"642\" src=\"https:\/\/nid.pl\/wp-content\/uploads\/2022\/01\/3-Kalisz-0-1024x642.jpg\" alt=\"\" data-id=\"5009\" data-link=\"https:\/\/nid.pl\/2021\/11\/22\/znamy-laureatow-i-wyroznionych-konkursu-zabytek-zadbany-2021\/3-kalisz-0\/\" class=\"wp-image-5009\" srcset=\"https:\/\/nid.pl\/wp-content\/uploads\/2022\/01\/3-Kalisz-0-980x614.jpg 980w, https:\/\/nid.pl\/wp-content\/uploads\/2022\/01\/3-Kalisz-0-480x301.jpg 480w\" sizes=\"(min-width: 0px) and (max-width: 480px) 480px, (min-width: 481px) and (max-width: 980px) 980px, (min-width: 981px) 1024px, 100vw\" \/><figcaption class=\"blocks-gallery-item__caption\">Fot. Damian Kwiecie\u0144, Gorek Restauro Sp. z o.o. Sp. k.<\/figcaption><\/figure><\/li><li class=\"blocks-gallery-item\"><figure><img loading=\"lazy\" decoding=\"async\" width=\"1024\" height=\"796\" src=\"https:\/\/nid.pl\/wp-content\/uploads\/2022\/01\/3-Kalisz-1-1024x796.jpg\" alt=\"\" data-id=\"5010\" data-full-url=\"https:\/\/nid.pl\/wp-content\/uploads\/2022\/01\/3-Kalisz-1-scaled.jpg\" data-link=\"https:\/\/nid.pl\/2021\/11\/22\/znamy-laureatow-i-wyroznionych-konkursu-zabytek-zadbany-2021\/3-kalisz-1\/\" class=\"wp-image-5010\" srcset=\"https:\/\/nid.pl\/wp-content\/uploads\/2022\/01\/3-Kalisz-1-980x761.jpg 980w, https:\/\/nid.pl\/wp-content\/uploads\/2022\/01\/3-Kalisz-1-480x373.jpg 480w\" sizes=\"(min-width: 0px) and (max-width: 480px) 480px, (min-width: 481px) and (max-width: 980px) 980px, (min-width: 981px) 1024px, 100vw\" \/><figcaption class=\"blocks-gallery-item__caption\">Fot. Damian Kwiecie\u0144, Gorek Restauro Sp. z o.o. Sp. k.<\/figcaption><\/figure><\/li><\/ul><\/figure>\n\n\n\n<p>Wyr\u00f3\u017cnienia:<br>\u2022&nbsp;&nbsp;&nbsp; Budynek dawnej dyrekcji Stoczni Gda\u0144skiej przy ul. Doki 1 w Gda\u0144sku (woj. pomorskie)<br>Komisja konkursowa przyzna\u0142a wyr\u00f3\u017cnienie Stoczni Cesarskiej Development Sp. z o.o. za wykonan\u0105 z wielk\u0105 staranno\u015bci\u0105 i dba\u0142o\u015bci\u0105 o szczeg\u00f3\u0142y rewaloryzacj\u0119, stanowi\u0105c\u0105 istotny wk\u0142ad w proces rewitalizacji i utrwalenia substancji zabytkowej kompleksu historycznej stoczni.<\/p>\n\n\n\n<figure class=\"wp-block-gallery columns-1 is-cropped wp-block-gallery-4 is-layout-flex wp-block-gallery-is-layout-flex\"><ul class=\"blocks-gallery-grid\"><li class=\"blocks-gallery-item\"><figure><img loading=\"lazy\" decoding=\"async\" width=\"1024\" height=\"555\" src=\"https:\/\/nid.pl\/wp-content\/uploads\/2022\/01\/4-Gdansk-1024x555.jpg\" alt=\"\" data-id=\"5012\" data-full-url=\"https:\/\/nid.pl\/wp-content\/uploads\/2022\/01\/4-Gdansk-scaled.jpg\" data-link=\"https:\/\/nid.pl\/2021\/11\/22\/znamy-laureatow-i-wyroznionych-konkursu-zabytek-zadbany-2021\/4-gdansk\/\" class=\"wp-image-5012\" srcset=\"https:\/\/nid.pl\/wp-content\/uploads\/2022\/01\/4-Gdansk-980x532.jpg 980w, https:\/\/nid.pl\/wp-content\/uploads\/2022\/01\/4-Gdansk-480x260.jpg 480w\" sizes=\"(min-width: 0px) and (max-width: 480px) 480px, (min-width: 481px) and (max-width: 980px) 980px, (min-width: 981px) 1024px, 100vw\" \/><figcaption class=\"blocks-gallery-item__caption\">Fot. Tomasz B\u0142yskosz, Oddzia\u0142 Terenowy NID w Gda\u0144sku<\/figcaption><\/figure><\/li><\/ul><\/figure>\n\n\n\n<p>\u2022&nbsp;&nbsp;&nbsp; Kamienica przy ul. Pozna\u0144skiej 50 w Poznaniu (woj. wielkopolskie)<br>Wyr\u00f3\u017cnienie przyznane zosta\u0142o Wsp\u00f3lnocie Mieszkaniowej Pozna\u0144ska 50 w Poznaniu za kompleksowe prace konserwatorskie i budowlane, wykonane na podstawie wynik\u00f3w starannie przeprowadzonych bada\u0144 obiektu. Prace te utrwali\u0142y substancj\u0119 zabytkow\u0105 i przywr\u00f3ci\u0142y w pe\u0142ni historyczn\u0105 estetyk\u0119 secesyjnej kamienicy czynszowej.<\/p>\n\n\n\n<figure class=\"wp-block-gallery columns-1 is-cropped wp-block-gallery-5 is-layout-flex wp-block-gallery-is-layout-flex\"><ul class=\"blocks-gallery-grid\"><li class=\"blocks-gallery-item\"><figure><img loading=\"lazy\" decoding=\"async\" width=\"1024\" height=\"627\" src=\"https:\/\/nid.pl\/wp-content\/uploads\/2022\/01\/5-Poznan-kamienica-1-1024x627.png\" alt=\"\" data-id=\"5015\" data-full-url=\"https:\/\/nid.pl\/wp-content\/uploads\/2022\/01\/5-Poznan-kamienica-1.png\" data-link=\"https:\/\/nid.pl\/2021\/11\/22\/znamy-laureatow-i-wyroznionych-konkursu-zabytek-zadbany-2021\/5-poznan-kamienica-1\/\" class=\"wp-image-5015\" srcset=\"https:\/\/nid.pl\/wp-content\/uploads\/2022\/01\/5-Poznan-kamienica-1-980x600.png 980w, https:\/\/nid.pl\/wp-content\/uploads\/2022\/01\/5-Poznan-kamienica-1-480x294.png 480w\" sizes=\"(min-width: 0px) and (max-width: 480px) 480px, (min-width: 481px) and (max-width: 980px) 980px, (min-width: 981px) 1024px, 100vw\" \/><figcaption class=\"blocks-gallery-item__caption\">Fot. FOTOGRAFy, fotografu.eu<\/figcaption><\/figure><\/li><\/ul><\/figure>\n\n\n\n<p>\u2022&nbsp;&nbsp;&nbsp; Ko\u015bci\u00f3\u0142 Wniebowzi\u0119cia Naj\u015bwi\u0119tszej Marii Panny &#8211; Gwiazda Morza w Sopocie (woj. pomorskie)<br>Jury wyr\u00f3\u017cni\u0142o Parafi\u0119 Rzymskokatolick\u0105&nbsp; Naj\u015bwi\u0119tszej Marii Panny Wniebowzi\u0119tej \u2013 Gwiazdy Morza w Sopocie za utrwalenie substancji zabytkowej poprzez wykonanie kompleksowych prac obejmuj\u0105cych bry\u0142\u0119 oraz wn\u0119trze ko\u015bcio\u0142a. Wa\u017cny zakres prac stanowi\u0142o przywr\u00f3cenie historycznych materia\u0142\u00f3w oraz wyeksponowanie oryginalnych element\u00f3w wystroju poddanych konserwacji zachowawczej.<\/p>\n\n\n\n<figure class=\"wp-block-gallery columns-1 is-cropped wp-block-gallery-6 is-layout-flex wp-block-gallery-is-layout-flex\"><ul class=\"blocks-gallery-grid\"><li class=\"blocks-gallery-item\"><figure><img loading=\"lazy\" decoding=\"async\" width=\"1024\" height=\"683\" src=\"https:\/\/nid.pl\/wp-content\/uploads\/2022\/01\/6-Sopot-1024x683.jpg\" alt=\"\" data-id=\"5016\" data-full-url=\"https:\/\/nid.pl\/wp-content\/uploads\/2022\/01\/6-Sopot-scaled.jpg\" data-link=\"https:\/\/nid.pl\/2021\/11\/22\/znamy-laureatow-i-wyroznionych-konkursu-zabytek-zadbany-2021\/6-sopot\/\" class=\"wp-image-5016\" srcset=\"https:\/\/nid.pl\/wp-content\/uploads\/2022\/01\/6-Sopot-980x653.jpg 980w, https:\/\/nid.pl\/wp-content\/uploads\/2022\/01\/6-Sopot-480x320.jpg 480w\" sizes=\"(min-width: 0px) and (max-width: 480px) 480px, (min-width: 481px) and (max-width: 980px) 980px, (min-width: 981px) 1024px, 100vw\" \/><figcaption class=\"blocks-gallery-item__caption\">Fot. Krystyna Babnis, Oddzia\u0142 Terenowy NID w Gda\u0144sku<\/figcaption><\/figure><\/li><\/ul><\/figure>\n\n\n\n<p><strong>Kategoria: rewaloryzacja przestrzeni kulturowej i krajobrazu<\/strong><br>Laureat:<br>Zesp\u00f3\u0142 pa\u0142acowo-parkowy w Rakoniewicach, obecnie siedziba Urz\u0119du Gminy Rakoniewice (woj. wielkopolskie)<br>Nagroda przyznana zosta\u0142a Gminie Rakoniewice za wykonanie prac s\u0142u\u017c\u0105cych zachowaniu integralno\u015bci i utrwaleniu autentyzmu substancji zabytkowej zespo\u0142u pa\u0142acowo-parkowego, w kt\u00f3rej obecnie znajduje si\u0119 siedziba Urz\u0119du Gminy. Przeprowadzone prace pozwoli\u0142y na uratowanie dawnego za\u0142o\u017cenia rezydencjonalnego przed post\u0119puj\u0105c\u0105 degradacj\u0105 oraz przywr\u00f3ci\u0142y historyczne walory krajobrazu kulturowego.<\/p>\n\n\n\n<figure class=\"wp-block-gallery columns-2 is-cropped wp-block-gallery-7 is-layout-flex wp-block-gallery-is-layout-flex\"><ul class=\"blocks-gallery-grid\"><li class=\"blocks-gallery-item\"><figure><img loading=\"lazy\" decoding=\"async\" width=\"1024\" height=\"683\" src=\"https:\/\/nid.pl\/wp-content\/uploads\/2022\/01\/7-Rakoniewice-0-1-1024x683.jpg\" alt=\"\" data-id=\"5018\" data-link=\"https:\/\/nid.pl\/2021\/11\/22\/znamy-laureatow-i-wyroznionych-konkursu-zabytek-zadbany-2021\/7-rakoniewice-0-1\/\" class=\"wp-image-5018\" srcset=\"https:\/\/nid.pl\/wp-content\/uploads\/2022\/01\/7-Rakoniewice-0-1-980x653.jpg 980w, https:\/\/nid.pl\/wp-content\/uploads\/2022\/01\/7-Rakoniewice-0-1-480x320.jpg 480w\" sizes=\"(min-width: 0px) and (max-width: 480px) 480px, (min-width: 481px) and (max-width: 980px) 980px, (min-width: 981px) 1024px, 100vw\" \/><figcaption class=\"blocks-gallery-item__caption\">Fot. Archiwum Urz\u0119du Miejskiego Gminy Rakoniewice<\/figcaption><\/figure><\/li><li class=\"blocks-gallery-item\"><figure><img loading=\"lazy\" decoding=\"async\" width=\"1024\" height=\"767\" src=\"https:\/\/nid.pl\/wp-content\/uploads\/2022\/01\/7-Rakoniewice-1-1024x767.jpg\" alt=\"\" data-id=\"5019\" data-full-url=\"https:\/\/nid.pl\/wp-content\/uploads\/2022\/01\/7-Rakoniewice-1-scaled.jpg\" data-link=\"https:\/\/nid.pl\/2021\/11\/22\/znamy-laureatow-i-wyroznionych-konkursu-zabytek-zadbany-2021\/7-rakoniewice-1\/\" class=\"wp-image-5019\" srcset=\"https:\/\/nid.pl\/wp-content\/uploads\/2022\/01\/7-Rakoniewice-1-980x735.jpg 980w, https:\/\/nid.pl\/wp-content\/uploads\/2022\/01\/7-Rakoniewice-1-480x360.jpg 480w\" sizes=\"(min-width: 0px) and (max-width: 480px) 480px, (min-width: 481px) and (max-width: 980px) 980px, (min-width: 981px) 1024px, 100vw\" \/><figcaption class=\"blocks-gallery-item__caption\">Fot. Archiwum Urz\u0119du Miejskiego Gminy Rakoniewice<\/figcaption><\/figure><\/li><\/ul><\/figure>\n\n\n\n<p>Wyr\u00f3\u017cnienia:<br>\u2022&nbsp;&nbsp;&nbsp; Fort VII COLOMB w Poznaniu \u2013 Muzeum Martyrologii Wielkopolan (woj. wielkopolskie)<br>Wyr\u00f3\u017cnienie dla Wielkopolskiego Muzeum Niepodleg\u0142o\u015bci przyznane zosta\u0142o za utrwalenie i rewaloryzacj\u0119 substancji zabytkowej fortu \u2013 siedziby Muzeum Martyrologii Wielkopolan, przeprowadzone z pietyzmem i szacunkiem dla historycznej przestrzeni i detali.<\/p>\n\n\n\n<figure class=\"wp-block-gallery columns-1 is-cropped wp-block-gallery-8 is-layout-flex wp-block-gallery-is-layout-flex\"><ul class=\"blocks-gallery-grid\"><li class=\"blocks-gallery-item\"><figure><img loading=\"lazy\" decoding=\"async\" width=\"1024\" height=\"683\" src=\"https:\/\/nid.pl\/wp-content\/uploads\/2022\/01\/8-Poznan-fort-1024x683.jpg\" alt=\"\" data-id=\"5021\" data-full-url=\"https:\/\/nid.pl\/wp-content\/uploads\/2022\/01\/8-Poznan-fort-scaled.jpg\" data-link=\"https:\/\/nid.pl\/2021\/11\/22\/znamy-laureatow-i-wyroznionych-konkursu-zabytek-zadbany-2021\/8-poznan-fort\/\" class=\"wp-image-5021\" srcset=\"https:\/\/nid.pl\/wp-content\/uploads\/2022\/01\/8-Poznan-fort-980x653.jpg 980w, https:\/\/nid.pl\/wp-content\/uploads\/2022\/01\/8-Poznan-fort-480x320.jpg 480w\" sizes=\"(min-width: 0px) and (max-width: 480px) 480px, (min-width: 481px) and (max-width: 980px) 980px, (min-width: 981px) 1024px, 100vw\" \/><figcaption class=\"blocks-gallery-item__caption\">Fot. Przemys\u0142aw Jurkiewicz, Muzeum Martyrologii Wielkopolan &#8211; Fort VII, oddzia\u0142 Wielkopolskiego Muzeum Niepodleg\u0142o\u015bci<\/figcaption><\/figure><\/li><\/ul><\/figure>\n\n\n\n<p>\u2022&nbsp;&nbsp;&nbsp; Park pa\u0142acowy w Zielonej G\u00f3rze-Zatoniu (woj. lubuskie)<br>Kapitu\u0142a konkursowa wyr\u00f3\u017cni\u0142a Miasto Zielon\u0105 G\u00f3r\u0119 za rewaloryzacj\u0119 parku i architektury ogrodowej, kt\u00f3ra przywr\u00f3ci\u0142a integralno\u015b\u0107 ca\u0142ego za\u0142o\u017cenia pa\u0142acowo-parkowego oraz historyczne warto\u015bci krajobrazu kulturowego.<\/p>\n\n\n\n<figure class=\"wp-block-gallery columns-1 is-cropped wp-block-gallery-9 is-layout-flex wp-block-gallery-is-layout-flex\"><ul class=\"blocks-gallery-grid\"><li class=\"blocks-gallery-item\"><figure><img loading=\"lazy\" decoding=\"async\" width=\"1024\" height=\"683\" src=\"https:\/\/nid.pl\/wp-content\/uploads\/2022\/01\/9-Zatonie-park-1024x683.jpg\" alt=\"\" data-id=\"5024\" data-full-url=\"https:\/\/nid.pl\/wp-content\/uploads\/2022\/01\/9-Zatonie-park.jpg\" data-link=\"https:\/\/nid.pl\/2021\/11\/22\/znamy-laureatow-i-wyroznionych-konkursu-zabytek-zadbany-2021\/9-zatonie-park\/\" class=\"wp-image-5024\" srcset=\"https:\/\/nid.pl\/wp-content\/uploads\/2022\/01\/9-Zatonie-park-980x653.jpg 980w, https:\/\/nid.pl\/wp-content\/uploads\/2022\/01\/9-Zatonie-park-480x320.jpg 480w\" sizes=\"(min-width: 0px) and (max-width: 480px) 480px, (min-width: 481px) and (max-width: 980px) 980px, (min-width: 981px) 1024px, 100vw\" \/><figcaption class=\"blocks-gallery-item__caption\">Fot. Micha\u0142 Adamczewski<\/figcaption><\/figure><\/li><\/ul><\/figure>\n\n\n\n<p>\u2022&nbsp;&nbsp;&nbsp; Most kolejowy na rzece Borui w Bytowie (woj. pomorskie)<br>Kapitu\u0142a przyzna\u0142a wyr\u00f3\u017cnienie Gminie Byt\u00f3w za udane dzia\u0142ania konserwatorskie i za zagospodarowanie otoczenia, kt\u00f3re wyeksponowa\u0142y zabytek oraz uczyni\u0142y okolic\u0119 mostu jedn\u0105 z wa\u017cniejszych przestrzeni rekreacyjnych miasta.<\/p>\n\n\n\n<figure class=\"wp-block-gallery columns-1 is-cropped wp-block-gallery-10 is-layout-flex wp-block-gallery-is-layout-flex\"><ul class=\"blocks-gallery-grid\"><li class=\"blocks-gallery-item\"><figure><img loading=\"lazy\" decoding=\"async\" width=\"1024\" height=\"685\" src=\"https:\/\/nid.pl\/wp-content\/uploads\/2022\/01\/10-Bytow-mosty-1024x685.jpg\" alt=\"\" data-id=\"5026\" data-full-url=\"https:\/\/nid.pl\/wp-content\/uploads\/2022\/01\/10-Bytow-mosty-scaled.jpg\" data-link=\"https:\/\/nid.pl\/2021\/11\/22\/znamy-laureatow-i-wyroznionych-konkursu-zabytek-zadbany-2021\/sony-dsc-3\/\" class=\"wp-image-5026\" srcset=\"https:\/\/nid.pl\/wp-content\/uploads\/2022\/01\/10-Bytow-mosty-980x656.jpg 980w, https:\/\/nid.pl\/wp-content\/uploads\/2022\/01\/10-Bytow-mosty-480x321.jpg 480w\" sizes=\"(min-width: 0px) and (max-width: 480px) 480px, (min-width: 481px) and (max-width: 980px) 980px, (min-width: 981px) 1024px, 100vw\" \/><figcaption class=\"blocks-gallery-item__caption\">Fot. Maciej Czapiewski, Urz\u0105d Miejski w Bytowie<\/figcaption><\/figure><\/li><\/ul><\/figure>\n\n\n\n<p><strong>Kategoria: adaptacja obiekt\u00f3w zabytkowych<\/strong><br>Laureat:<br>Koszary Bramy Che\u0142mi\u0144skiej Twierdzy Toru\u0144 \u2013 Muzeum Twierdzy Toru\u0144 (woj. kujawsko-pomorskie)<br>Nagrod\u0119 otrzyma\u0142o Muzeum Okr\u0119gowemu w Toruniu za utrwalenie oryginalnej substancji zabytkowej oraz za prace przeprowadzone z poszanowaniem autentyzmu i integralno\u015bci, przystosowuj\u0105ce wn\u0119trza i otoczenie zabytku do nowej funkcji muzealnej.<\/p>\n\n\n\n<figure class=\"wp-block-gallery columns-2 is-cropped wp-block-gallery-11 is-layout-flex wp-block-gallery-is-layout-flex\"><ul class=\"blocks-gallery-grid\"><li class=\"blocks-gallery-item\"><figure><img loading=\"lazy\" decoding=\"async\" width=\"1024\" height=\"767\" src=\"https:\/\/nid.pl\/wp-content\/uploads\/2022\/01\/11-Torun-0-1024x767.jpg\" alt=\"\" data-id=\"5027\" data-link=\"https:\/\/nid.pl\/2021\/11\/22\/znamy-laureatow-i-wyroznionych-konkursu-zabytek-zadbany-2021\/11-torun-0\/\" class=\"wp-image-5027\" srcset=\"https:\/\/nid.pl\/wp-content\/uploads\/2022\/01\/11-Torun-0-980x735.jpg 980w, https:\/\/nid.pl\/wp-content\/uploads\/2022\/01\/11-Torun-0-480x360.jpg 480w\" sizes=\"(min-width: 0px) and (max-width: 480px) 480px, (min-width: 481px) and (max-width: 980px) 980px, (min-width: 981px) 1024px, 100vw\" \/><figcaption class=\"blocks-gallery-item__caption\">Fot. Adam Kowalkowski, Muzeum Okr\u0119gowe w Toruniu<\/figcaption><\/figure><\/li><li class=\"blocks-gallery-item\"><figure><img loading=\"lazy\" decoding=\"async\" width=\"1024\" height=\"683\" src=\"https:\/\/nid.pl\/wp-content\/uploads\/2022\/01\/11-Torun-1-2-1024x683.jpg\" alt=\"\" data-id=\"5028\" data-full-url=\"https:\/\/nid.pl\/wp-content\/uploads\/2022\/01\/11-Torun-1-2-scaled.jpg\" data-link=\"https:\/\/nid.pl\/2021\/11\/22\/znamy-laureatow-i-wyroznionych-konkursu-zabytek-zadbany-2021\/11-torun-1-2\/\" class=\"wp-image-5028\" srcset=\"https:\/\/nid.pl\/wp-content\/uploads\/2022\/01\/11-Torun-1-2-980x653.jpg 980w, https:\/\/nid.pl\/wp-content\/uploads\/2022\/01\/11-Torun-1-2-480x320.jpg 480w\" sizes=\"(min-width: 0px) and (max-width: 480px) 480px, (min-width: 481px) and (max-width: 980px) 980px, (min-width: 981px) 1024px, 100vw\" \/><figcaption class=\"blocks-gallery-item__caption\">Fot. Adam Kowalkowski, Muzeum Okr\u0119gowe w Toruniu<\/figcaption><\/figure><\/li><\/ul><\/figure>\n\n\n\n<p>Wyr\u00f3\u017cnienia:<br>\u2022&nbsp;&nbsp;&nbsp; Magazyn solny, obecnie Muzeum Regionalne w Drawsku Pomorskim (woj. zachodniopomorskie)<br>Jury przyzna\u0142o wyr\u00f3\u017cnienie Gminie Drawsko Pomorskie za adaptacj\u0119 dawnego magazynu solnego na cele muzealne, przeprowadzon\u0105 przy maksymalnym zachowaniu substancji zabytkowej, z uwzgl\u0119dnieniem historycznej struktury i ekspozycji poszczeg\u00f3lnych faz przebudowy obiektu.<\/p>\n\n\n\n<figure class=\"wp-block-gallery columns-1 is-cropped wp-block-gallery-12 is-layout-flex wp-block-gallery-is-layout-flex\"><ul class=\"blocks-gallery-grid\"><li class=\"blocks-gallery-item\"><figure><img loading=\"lazy\" decoding=\"async\" width=\"1024\" height=\"683\" src=\"https:\/\/nid.pl\/wp-content\/uploads\/2022\/01\/12-Drawsko-1024x683.jpg\" alt=\"\" data-id=\"5029\" data-full-url=\"https:\/\/nid.pl\/wp-content\/uploads\/2022\/01\/12-Drawsko-scaled.jpg\" data-link=\"https:\/\/nid.pl\/2021\/11\/22\/znamy-laureatow-i-wyroznionych-konkursu-zabytek-zadbany-2021\/12-drawsko\/\" class=\"wp-image-5029\" srcset=\"https:\/\/nid.pl\/wp-content\/uploads\/2022\/01\/12-Drawsko-980x653.jpg 980w, https:\/\/nid.pl\/wp-content\/uploads\/2022\/01\/12-Drawsko-480x320.jpg 480w\" sizes=\"(min-width: 0px) and (max-width: 480px) 480px, (min-width: 481px) and (max-width: 980px) 980px, (min-width: 981px) 1024px, 100vw\" \/><figcaption class=\"blocks-gallery-item__caption\">Fot. El\u017cbieta Ho\u0142ubczat, Urz\u0105d Miejski w Drawsku Pomorskim<\/figcaption><\/figure><\/li><\/ul><\/figure>\n\n\n\n<p>\u2022&nbsp;&nbsp;&nbsp; Zesp\u00f3\u0142 dworca kolejowego, obecnie Miejskie Centrum Kultury, Aktywno\u015bci i Promocji Gminy \u201dStacja Kultury\u201d w \u015awieradowie Zdroju (woj. dolno\u015bl\u0105skie)<br>Wyr\u00f3\u017cnienie przyznane zosta\u0142o Miejskiemu Centrum Kultury, Aktywno\u015bci i Promocji Gminy \u201eStacja Kultury\u201d w \u015awieradowie Zdroju za realizacj\u0119 konserwatorsk\u0105, kt\u00f3ra przywr\u00f3ci\u0142a miastu zesp\u00f3\u0142 zabudowa\u0144 historycznego dworca, umo\u017cliwiaj\u0105c jego wykorzystanie jako o\u015brodka kultury. Now\u0105 funkcj\u0119 wprowadzono przy maksymalnym zachowaniu oryginalnej substancji zabytkowej.<\/p>\n\n\n\n<figure class=\"wp-block-gallery columns-1 is-cropped wp-block-gallery-13 is-layout-flex wp-block-gallery-is-layout-flex\"><ul class=\"blocks-gallery-grid\"><li class=\"blocks-gallery-item\"><figure><img loading=\"lazy\" decoding=\"async\" width=\"1024\" height=\"682\" src=\"https:\/\/nid.pl\/wp-content\/uploads\/2022\/01\/13-Swieradow-1024x682.jpg\" alt=\"\" data-id=\"5030\" data-full-url=\"https:\/\/nid.pl\/wp-content\/uploads\/2022\/01\/13-Swieradow.jpg\" data-link=\"https:\/\/nid.pl\/2021\/11\/22\/znamy-laureatow-i-wyroznionych-konkursu-zabytek-zadbany-2021\/13-swieradow\/\" class=\"wp-image-5030\" srcset=\"https:\/\/nid.pl\/wp-content\/uploads\/2022\/01\/13-Swieradow-980x652.jpg 980w, https:\/\/nid.pl\/wp-content\/uploads\/2022\/01\/13-Swieradow-480x320.jpg 480w\" sizes=\"(min-width: 0px) and (max-width: 480px) 480px, (min-width: 481px) and (max-width: 980px) 980px, (min-width: 981px) 1024px, 100vw\" \/><figcaption class=\"blocks-gallery-item__caption\">Fot. Wies\u0142aw Biernat, FOTOplus \u015awierad\u00f3w Zdr\u00f3j<\/figcaption><\/figure><\/li><\/ul><\/figure>\n\n\n\n<p>\u2022&nbsp;&nbsp;&nbsp; \u0141a\u017ania, obecnie budynek galeryjno-muzealny przy ul. Bohater\u00f3w Westerplatte 2 w Zawierciu (woj. \u015bl\u0105skie)<br>Kapitu\u0142a konkursowa przyzna\u0142a wyr\u00f3\u017cnienie Gminie Zawiercie za dzia\u0142ania konserwatorskie i adaptacyjne, kt\u00f3re pozwoli\u0142y na wydobycie i wyeksponowanie warto\u015bci zabytkowych \u0142a\u017ani przy jednoczesnym podporz\u0105dkowaniu im prac zwi\u0105zanych z dostosowaniem obiektu do pe\u0142nienia funkcji galeryjno-muzealnych.<\/p>\n\n\n\n<figure class=\"wp-block-gallery columns-1 is-cropped wp-block-gallery-14 is-layout-flex wp-block-gallery-is-layout-flex\"><ul class=\"blocks-gallery-grid\"><li class=\"blocks-gallery-item\"><figure><img loading=\"lazy\" decoding=\"async\" width=\"1024\" height=\"683\" src=\"https:\/\/nid.pl\/wp-content\/uploads\/2022\/01\/14-Zawiercie-1024x683.jpg\" alt=\"\" data-id=\"5031\" data-full-url=\"https:\/\/nid.pl\/wp-content\/uploads\/2022\/01\/14-Zawiercie-scaled.jpg\" data-link=\"https:\/\/nid.pl\/2021\/11\/22\/znamy-laureatow-i-wyroznionych-konkursu-zabytek-zadbany-2021\/14-zawiercie\/\" class=\"wp-image-5031\" srcset=\"https:\/\/nid.pl\/wp-content\/uploads\/2022\/01\/14-Zawiercie-980x654.jpg 980w, https:\/\/nid.pl\/wp-content\/uploads\/2022\/01\/14-Zawiercie-480x320.jpg 480w\" sizes=\"(min-width: 0px) and (max-width: 480px) 480px, (min-width: 481px) and (max-width: 980px) 980px, (min-width: 981px) 1024px, 100vw\" \/><figcaption class=\"blocks-gallery-item__caption\">Fot. Ewa Wary\u015b, Pracownia Terenowa NID w Katowicach<\/figcaption><\/figure><\/li><\/ul><\/figure>\n\n\n\n<p><strong>Kategoria: architektura i budownictwo drewniane<\/strong><br>Laureat:<br>Dworzec kolejowy, obecnie restauracja \u201eLokomotywa\u201d w Puszczykowie (woj. wielkopolskie)<br>Nagrod\u0119 przyznano w\u0142a\u015bcicielom &#8211; Katarzynie i Zbigniewowi Bekasiakom za przeprowadzone z pietyzmem dzia\u0142ania konserwatorskie, kt\u00f3re uczytelni\u0142y historyczny wygl\u0105d drewnianego dworca. Do adaptacji wn\u0119trza wykorzystano oryginalne elementy pierwotnego wyposa\u017cenia, kt\u00f3re przyczyni\u0142y si\u0119 do zachowania integralno\u015bci zabytku.<\/p>\n\n\n\n<figure class=\"wp-block-gallery columns-2 is-cropped wp-block-gallery-15 is-layout-flex wp-block-gallery-is-layout-flex\"><ul class=\"blocks-gallery-grid\"><li class=\"blocks-gallery-item\"><figure><img loading=\"lazy\" decoding=\"async\" width=\"1024\" height=\"683\" src=\"https:\/\/nid.pl\/wp-content\/uploads\/2022\/01\/15-Puszczykowo-0-1024x683.jpg\" alt=\"\" data-id=\"5032\" data-link=\"https:\/\/nid.pl\/2021\/11\/22\/znamy-laureatow-i-wyroznionych-konkursu-zabytek-zadbany-2021\/15-puszczykowo-0\/\" class=\"wp-image-5032\" srcset=\"https:\/\/nid.pl\/wp-content\/uploads\/2022\/01\/15-Puszczykowo-0-980x653.jpg 980w, https:\/\/nid.pl\/wp-content\/uploads\/2022\/01\/15-Puszczykowo-0-480x320.jpg 480w\" sizes=\"(min-width: 0px) and (max-width: 480px) 480px, (min-width: 481px) and (max-width: 980px) 980px, (min-width: 981px) 1024px, 100vw\" \/><figcaption class=\"blocks-gallery-item__caption\">Fot. Jacek Matuszak, Studio FOTOMATART<\/figcaption><\/figure><\/li><li class=\"blocks-gallery-item\"><figure><img loading=\"lazy\" decoding=\"async\" width=\"683\" height=\"1024\" src=\"https:\/\/nid.pl\/wp-content\/uploads\/2022\/01\/15-Puszczykowo-1-2-683x1024.jpg\" alt=\"\" data-id=\"5035\" data-full-url=\"https:\/\/nid.pl\/wp-content\/uploads\/2022\/01\/15-Puszczykowo-1-2-scaled.jpg\" data-link=\"https:\/\/nid.pl\/2021\/11\/22\/znamy-laureatow-i-wyroznionych-konkursu-zabytek-zadbany-2021\/15-puszczykowo-1-2\/\" class=\"wp-image-5035\"\/><figcaption class=\"blocks-gallery-item__caption\">Fot. Jacek Matuszak, Studio FOTOMATART<\/figcaption><\/figure><\/li><\/ul><\/figure>\n\n\n\n<p>Wyr\u00f3\u017cnienia:<br>\u2022&nbsp;&nbsp;&nbsp; Ko\u015bci\u00f3\u0142 \u015awi\u0119tego Micha\u0142a Archanio\u0142a w Szalowej (woj. ma\u0142opolskie)<br>Kapitu\u0142a przyzna\u0142a wyr\u00f3\u017cnienie Parafii Rzymskokatolickiej \u015awi\u0119tego Micha\u0142a Archanio\u0142a w Szalowej za kompleksowe badania i prace konserwatorskie, kt\u00f3re pozwoli\u0142y zachowa\u0107 jednolity i kompletny charakter zabytkowego ko\u015bcio\u0142a parafialnego. Dzia\u0142ania prowadzone by\u0142y z najwy\u017cszym poszanowaniem autentyzmu i integralno\u015bci unikalnej barokowej kompozycji jego wn\u0119trza.<\/p>\n\n\n\n<figure class=\"wp-block-gallery columns-1 is-cropped wp-block-gallery-16 is-layout-flex wp-block-gallery-is-layout-flex\"><ul class=\"blocks-gallery-grid\"><li class=\"blocks-gallery-item\"><figure><img loading=\"lazy\" decoding=\"async\" width=\"1024\" height=\"683\" src=\"https:\/\/nid.pl\/wp-content\/uploads\/2022\/01\/16-Szalowa-1024x683.jpg\" alt=\"\" data-id=\"5036\" data-full-url=\"https:\/\/nid.pl\/wp-content\/uploads\/2022\/01\/16-Szalowa-scaled.jpg\" data-link=\"https:\/\/nid.pl\/2021\/11\/22\/znamy-laureatow-i-wyroznionych-konkursu-zabytek-zadbany-2021\/16-szalowa\/\" class=\"wp-image-5036\" srcset=\"https:\/\/nid.pl\/wp-content\/uploads\/2022\/01\/16-Szalowa-980x653.jpg 980w, https:\/\/nid.pl\/wp-content\/uploads\/2022\/01\/16-Szalowa-480x320.jpg 480w\" sizes=\"(min-width: 0px) and (max-width: 480px) 480px, (min-width: 481px) and (max-width: 980px) 980px, (min-width: 981px) 1024px, 100vw\" \/><figcaption class=\"blocks-gallery-item__caption\">Fot. Mariusz Machynia, Oddzia\u0142 Terenowy NID w Krakowie<\/figcaption><\/figure><\/li><\/ul><\/figure>\n\n\n\n<p>\u2022&nbsp;&nbsp;&nbsp; Willa Koliba \u2013 Muzeum Stylu Zakopia\u0144skiego im. Stanis\u0142awa Witkiewicza w Zakopanem (woj. ma\u0142opolskie)<br>Komisja konkursowa wyr\u00f3\u017cni\u0142a Muzeum Tatrza\u0144skie im. Dra Tytusa Cha\u0142ubi\u0144skiego \u2013 Instytucj\u0119 Kultury Wojew\u00f3dztwa Ma\u0142opolskiego za kompleksowe prace konserwatorskie i budowlane wykonane z pe\u0142nym poszanowaniem historycznej substancji i formy zabytku.<\/p>\n\n\n\n<figure class=\"wp-block-gallery columns-1 is-cropped wp-block-gallery-17 is-layout-flex wp-block-gallery-is-layout-flex\"><ul class=\"blocks-gallery-grid\"><li class=\"blocks-gallery-item\"><figure><img loading=\"lazy\" decoding=\"async\" width=\"1024\" height=\"683\" src=\"https:\/\/nid.pl\/wp-content\/uploads\/2022\/01\/17-Zakopane-1024x683.jpg\" alt=\"\" data-id=\"5038\" data-full-url=\"https:\/\/nid.pl\/wp-content\/uploads\/2022\/01\/17-Zakopane-scaled.jpg\" data-link=\"https:\/\/nid.pl\/2021\/11\/22\/znamy-laureatow-i-wyroznionych-konkursu-zabytek-zadbany-2021\/17-zakopane\/\" class=\"wp-image-5038\" srcset=\"https:\/\/nid.pl\/wp-content\/uploads\/2022\/01\/17-Zakopane-980x654.jpg 980w, https:\/\/nid.pl\/wp-content\/uploads\/2022\/01\/17-Zakopane-480x320.jpg 480w\" sizes=\"(min-width: 0px) and (max-width: 480px) 480px, (min-width: 481px) and (max-width: 980px) 980px, (min-width: 981px) 1024px, 100vw\" \/><figcaption class=\"blocks-gallery-item__caption\">Fot. Zbigniew Mo\u017adzierz, Muzeum Tatrza\u0144skie im. Doktora Tytusa Cha\u0142ubi\u0144skiego w Zakopanem<\/figcaption><\/figure><\/li><\/ul><\/figure>\n\n\n\n<p>\u2022&nbsp;&nbsp;&nbsp; Dom przy pl. Czarnieckiego 10 w Tykocinie (woj. podlaskie)<br>Jury przyzna\u0142o wyr\u00f3\u017cnienie w\u0142a\u015bcicielce domu \u2013 Marii Markiewicz za prace konserwatorskie drewnianego budynku mieszkalnego przeprowadzone z zastosowaniem tradycyjnych technik budowlanych, poprzedzone wykonaniem niezb\u0119dnych ekspertyz. Przeprowadzone procesy pozwoli\u0142y zachowa\u0107 materia\u0142 i formy typowe dla historycznego budownictwa regionu.<\/p>\n\n\n\n<figure class=\"wp-block-gallery columns-1 is-cropped wp-block-gallery-18 is-layout-flex wp-block-gallery-is-layout-flex\"><ul class=\"blocks-gallery-grid\"><li class=\"blocks-gallery-item\"><figure><img loading=\"lazy\" decoding=\"async\" width=\"1024\" height=\"768\" src=\"https:\/\/nid.pl\/wp-content\/uploads\/2022\/01\/18-Tykocin-1024x768.jpg\" alt=\"\" data-id=\"5040\" data-full-url=\"https:\/\/nid.pl\/wp-content\/uploads\/2022\/01\/18-Tykocin-scaled.jpg\" data-link=\"https:\/\/nid.pl\/2021\/11\/22\/znamy-laureatow-i-wyroznionych-konkursu-zabytek-zadbany-2021\/18-tykocin\/\" class=\"wp-image-5040\" srcset=\"https:\/\/nid.pl\/wp-content\/uploads\/2022\/01\/18-Tykocin-980x735.jpg 980w, https:\/\/nid.pl\/wp-content\/uploads\/2022\/01\/18-Tykocin-480x360.jpg 480w\" sizes=\"(min-width: 0px) and (max-width: 480px) 480px, (min-width: 481px) and (max-width: 980px) 980px, (min-width: 981px) 1024px, 100vw\" \/><figcaption class=\"blocks-gallery-item__caption\">Fot. Tomasz Markiewicz<\/figcaption><\/figure><\/li><\/ul><\/figure>\n\n\n\n<p><strong>Kategoria: zabytki techniki<\/strong><br>Laureat:<br>Wiatrak holender w Pyzdrach (woj. wielkopolskie)<br>Nagroda przyznana zosta\u0142a&nbsp; Gminie i Miastu Pyzdry za wyj\u0105tkowo starann\u0105 konserwacj\u0119 wiatraka holendra, przeprowadzon\u0105 z maksymalnym zachowaniem element\u00f3w struktury budowlanej i wyposa\u017cenia obiektu \u2013 cennego \u015bwiadka kulturowego krajobrazu Wielkopolski.<\/p>\n\n\n\n<figure class=\"wp-block-gallery columns-2 is-cropped wp-block-gallery-19 is-layout-flex wp-block-gallery-is-layout-flex\"><ul class=\"blocks-gallery-grid\"><li class=\"blocks-gallery-item\"><figure><img loading=\"lazy\" decoding=\"async\" width=\"830\" height=\"1024\" src=\"https:\/\/nid.pl\/wp-content\/uploads\/2022\/01\/19-Pyzdry-0-830x1024.jpg\" alt=\"\" data-id=\"5041\" data-link=\"https:\/\/nid.pl\/2021\/11\/22\/znamy-laureatow-i-wyroznionych-konkursu-zabytek-zadbany-2021\/19-pyzdry-0\/\" class=\"wp-image-5041\"\/><figcaption class=\"blocks-gallery-item__caption\">Fot. Aleksander Ciesielski<\/figcaption><\/figure><\/li><li class=\"blocks-gallery-item\"><figure><img loading=\"lazy\" decoding=\"async\" width=\"1024\" height=\"683\" src=\"https:\/\/nid.pl\/wp-content\/uploads\/2022\/01\/19-Pyzdry-1-1024x683.jpg\" alt=\"\" data-id=\"5042\" data-full-url=\"https:\/\/nid.pl\/wp-content\/uploads\/2022\/01\/19-Pyzdry-1-scaled.jpg\" data-link=\"https:\/\/nid.pl\/2021\/11\/22\/znamy-laureatow-i-wyroznionych-konkursu-zabytek-zadbany-2021\/19-pyzdry-1\/\" class=\"wp-image-5042\" srcset=\"https:\/\/nid.pl\/wp-content\/uploads\/2022\/01\/19-Pyzdry-1-980x653.jpg 980w, https:\/\/nid.pl\/wp-content\/uploads\/2022\/01\/19-Pyzdry-1-480x320.jpg 480w\" sizes=\"(min-width: 0px) and (max-width: 480px) 480px, (min-width: 481px) and (max-width: 980px) 980px, (min-width: 981px) 1024px, 100vw\" \/><figcaption class=\"blocks-gallery-item__caption\">Fot. Teresa Palacz, Oddzia\u0142 Terenowy NID w Poznaniu<\/figcaption><\/figure><\/li><\/ul><\/figure>\n\n\n\n<p>Wyr\u00f3\u017cnienia:<br>\u2022&nbsp;&nbsp;&nbsp; M\u0142yn wodny, nast\u0119pnie elektryczny, w Wiercicy (woj. \u015bl\u0105skie)<br>Wyr\u00f3\u017cnienie przyznane zosta\u0142o w\u0142a\u015bcicielom &#8211; Annie i Andrzejowi Dobrowolskim<br>za konsekwentnie prowadzone prace konserwatorskie, podj\u0119te z du\u017c\u0105 staranno\u015bci\u0105 i dba\u0142o\u015bci\u0105 o detale, kt\u00f3re poprawi\u0142y stan techniczny unikatowego m\u0142yna przy jednoczesnym zachowaniu jego funkcji.<\/p>\n\n\n\n<figure class=\"wp-block-gallery columns-1 is-cropped wp-block-gallery-20 is-layout-flex wp-block-gallery-is-layout-flex\"><ul class=\"blocks-gallery-grid\"><li class=\"blocks-gallery-item\"><figure><img loading=\"lazy\" decoding=\"async\" width=\"1024\" height=\"683\" src=\"https:\/\/nid.pl\/wp-content\/uploads\/2022\/01\/20-Wiercica-1024x683.jpg\" alt=\"\" data-id=\"5043\" data-full-url=\"https:\/\/nid.pl\/wp-content\/uploads\/2022\/01\/20-Wiercica-scaled.jpg\" data-link=\"https:\/\/nid.pl\/2021\/11\/22\/znamy-laureatow-i-wyroznionych-konkursu-zabytek-zadbany-2021\/20-wiercica\/\" class=\"wp-image-5043\" srcset=\"https:\/\/nid.pl\/wp-content\/uploads\/2022\/01\/20-Wiercica-980x653.jpg 980w, https:\/\/nid.pl\/wp-content\/uploads\/2022\/01\/20-Wiercica-480x320.jpg 480w\" sizes=\"(min-width: 0px) and (max-width: 480px) 480px, (min-width: 481px) and (max-width: 980px) 980px, (min-width: 981px) 1024px, 100vw\" \/><figcaption class=\"blocks-gallery-item__caption\">Fot. Dorota Bajowska, Pracownia Terenowa NID w Katowicach<\/figcaption><\/figure><\/li><\/ul><\/figure>\n\n\n\n<div class=\"wp-block-group\"><div class=\"wp-block-group__inner-container is-layout-flow wp-block-group-is-layout-flow\">\n<p>\u2022&nbsp;&nbsp;&nbsp; Zesp\u00f3\u0142 zak\u0142adu hutniczego w Male\u0144cu (woj. \u015bwi\u0119tokrzyskie)<br>Wyr\u00f3\u017cnienie przyznane zosta\u0142o Zabytkowemu Zak\u0142adowi Hutniczemu w Male\u0144cu \u2013 Instytucji Kultury Powiatu Koneckiego za prace konserwatorskie zachowuj\u0105ce autentyzm zespo\u0142u zabytkowego huty, podkre\u015blaj\u0105ce warto\u015b\u0107 u\u017cytkow\u0105 obiektu dawnej techniki i umo\u017cliwiaj\u0105ce podj\u0119cie w nim dzia\u0142a\u0144 edukacyjnych przybli\u017caj\u0105cych rozw\u00f3j gospodarczy regionu.<\/p>\n<\/div><\/div>\n\n\n\n<figure class=\"wp-block-gallery columns-1 is-cropped wp-block-gallery-21 is-layout-flex wp-block-gallery-is-layout-flex\"><ul class=\"blocks-gallery-grid\"><li class=\"blocks-gallery-item\"><figure><img loading=\"lazy\" decoding=\"async\" width=\"1024\" height=\"683\" src=\"https:\/\/nid.pl\/wp-content\/uploads\/2022\/01\/21-Maleniec-1024x683.jpg\" alt=\"\" data-id=\"5044\" data-full-url=\"https:\/\/nid.pl\/wp-content\/uploads\/2022\/01\/21-Maleniec-scaled.jpg\" data-link=\"https:\/\/nid.pl\/2021\/11\/22\/znamy-laureatow-i-wyroznionych-konkursu-zabytek-zadbany-2021\/21-maleniec\/\" class=\"wp-image-5044\" srcset=\"https:\/\/nid.pl\/wp-content\/uploads\/2022\/01\/21-Maleniec-980x653.jpg 980w, https:\/\/nid.pl\/wp-content\/uploads\/2022\/01\/21-Maleniec-480x320.jpg 480w\" sizes=\"(min-width: 0px) and (max-width: 480px) 480px, (min-width: 481px) and (max-width: 980px) 980px, (min-width: 981px) 1024px, 100vw\" \/><figcaption class=\"blocks-gallery-item__caption\">Fot. Katarzyna Gritzmann<\/figcaption><\/figure><\/li><\/ul><\/figure>\n\n\n\n<p><\/p>","protected":false},"excerpt":{"rendered":"<p>22 listopada br. podczas uroczystej gali prof. Magdalena Gawin Wiceminister&nbsp;Kultury i Dziedzictwa Narodowego, Generalny Konserwator Zabytk\u00f3w oraz Bartosz Skaldawski Dyrektor Narodowego Instytutu Dziedzictwa, og\u0142osili laureat\u00f3w i wyr\u00f3\u017cnionych w konkursie \u201eZabytek [&hellip;]<\/p>","protected":false},"author":3,"featured_media":2892,"comment_status":"open","ping_status":"open","sticky":false,"template":"","format":"standard","meta":{"_et_pb_use_builder":"off","_et_pb_old_content":"<!-- wp:paragraph -->\n<p>22 listopada br. podczas uroczystej gali prof. Magdalena Gawin Wiceminister&nbsp;Kultury i Dziedzictwa Narodowego, Generalny Konserwator Zabytk\u00f3w oraz Bartosz Skaldawski Dyrektor Narodowego Instytutu Dziedzictwa, og\u0142osili laureat\u00f3w i wyr\u00f3\u017cnionych w konkursie \u201eZabytek Zadbany\u201d.&nbsp;<\/p>\n<!-- \/wp:paragraph -->\n\n<!-- wp:group -->\n<div class=\"wp-block-group\"><div class=\"wp-block-group__inner-container\"><!-- wp:paragraph -->\n<p>\u201eZabytek Zadbany\u201d to og\u00f3lnopolski konkurs Ministra Kultury i Dziedzictwa Narodowego oraz Generalnego Konserwatora Zabytk\u00f3w , kt\u00f3rego celem jest promocja opieki nad zabytkami poprzez propagowanie najlepszych wzor\u00f3w konserwacji, utrzymania i zagospodarowania zabytk\u00f3w. Konkurs szczyci si\u0119 wieloletni\u0105 tradycj\u0105 \u2013 po raz pierwszy og\u0142oszony zosta\u0142 w 1975 roku. O miano laureat\u00f3w i wyr\u00f3\u017cnionych ubiega\u0107 si\u0119 mog\u0105 w\u0142a\u015bciciele i zarz\u0105dcy zabytkowych nieruchomo\u015bci, kt\u00f3rzy wzorowo i&nbsp;konsekwentnie prowadz\u0105 dzia\u0142ania - badawcze, rewitalizacyjne, konserwatorskie i budowlane. Procedur\u0119 konkursow\u0105 prowadzi Narodowy Instytut Dziedzictwa.<br><br>W 2021 r. do konkursu zg\u0142oszono&nbsp;<strong>136 zabytkowych obiekt\u00f3w z 15 wojew\u00f3dztw.<\/strong><br>W tegorocznej edycji konkursu Jury przyzna\u0142o&nbsp;<strong>7 nagr\u00f3d i 14 wyr\u00f3\u017cnie\u0144<\/strong>&nbsp;w sze\u015bciu kategoriach.<\/p>\n<!-- \/wp:paragraph --><\/div><\/div>\n<!-- \/wp:group -->\n\n<!-- wp:paragraph -->\n<p><strong>Kategoria specjalna: w\u0142a\u015bciwe u\u017cytkowanie i sta\u0142a opieka nad zabytkiem<\/strong><br>Laureaci:<br>\u2022&nbsp;&nbsp;&nbsp; Zesp\u00f3\u0142 zamkowy w \u0141a\u0144cucie (woj. podkarpackie)<br>Muzeum \u2013 Zamek w \u0141a\u0144cucie otrzyma\u0142 nagrod\u0119 za sta\u0142\u0105 i troskliw\u0105 opiek\u0119 konserwatorsk\u0105, jak\u0105 zesp\u00f3\u0142 zamkowy obj\u0119ty jest przez ca\u0142y czas pe\u0142nienia funkcji muzealnej. Dzia\u0142ania te zintensyfikowano w ostatnich latach, dzi\u0119ki czemu zrewaloryzowano XVII-wieczne fortyfikacje oraz park, przeprowadzono r\u00f3wnie\u017c prace konserwatorskie i udost\u0119pniono wiele miejsc w pa\u0142acu oraz w innych budynkach, dotychczas wy\u0142\u0105czonych ze zwiedzania. Prace te wykonano z wielk\u0105 dba\u0142o\u015bci\u0105 o zachowanie oryginalnej substancji oraz wyeksponowanie i dokumentacj\u0119 najbardziej interesuj\u0105cych odkry\u0107.<\/p>\n<!-- \/wp:paragraph -->\n\n<!-- wp:gallery {\"ids\":[2952,2955,2954],\"linkTo\":\"none\"} -->\n<figure class=\"wp-block-gallery columns-3 is-cropped\"><ul class=\"blocks-gallery-grid\"><li class=\"blocks-gallery-item\"><figure><img src=\"https:\/\/nid.pl\/wp-content\/uploads\/2021\/11\/2-zespol-zamkowy-Lancut-2-1024x768.jpg\" alt=\"\" data-id=\"2952\" data-link=\"https:\/\/nid.pl\/2021\/11\/22\/znamy-laureatow-i-wyroznionych-konkursu-zabytek-zadbany-2021\/2-zespol-zamkowy-lancut-2\/\" class=\"wp-image-2952\"\/><figcaption class=\"blocks-gallery-item__caption\">jkgjewkdjewh<\/figcaption><\/figure><\/li><li class=\"blocks-gallery-item\"><figure><img src=\"https:\/\/nid.pl\/wp-content\/uploads\/2021\/11\/3-zespol-zamkowy-w-Lancucie-1024x683.jpg\" alt=\"\" data-id=\"2955\" data-full-url=\"https:\/\/nid.pl\/wp-content\/uploads\/2021\/11\/3-zespol-zamkowy-w-Lancucie.jpg\" data-link=\"https:\/\/nid.pl\/2021\/11\/22\/znamy-laureatow-i-wyroznionych-konkursu-zabytek-zadbany-2021\/3-zespol-zamkowy-w-lancucie\/\" class=\"wp-image-2955\"\/><\/figure><\/li><li class=\"blocks-gallery-item\"><figure><img src=\"https:\/\/nid.pl\/wp-content\/uploads\/2021\/11\/2-zespol-zamkowy-w-Lancucie-1024x576.jpg\" alt=\"\" data-id=\"2954\" data-full-url=\"https:\/\/nid.pl\/wp-content\/uploads\/2021\/11\/2-zespol-zamkowy-w-Lancucie-scaled.jpg\" data-link=\"https:\/\/nid.pl\/2021\/11\/22\/znamy-laureatow-i-wyroznionych-konkursu-zabytek-zadbany-2021\/default\/\" class=\"wp-image-2954\"\/><\/figure><\/li><\/ul><\/figure>\n<!-- \/wp:gallery -->\n\n<!-- wp:group -->\n<div class=\"wp-block-group\"><div class=\"wp-block-group__inner-container\"><!-- wp:paragraph -->\n<p>\u2022&nbsp;&nbsp;&nbsp; Trwa\u0142a ruina zamku w Rabsztynie (woj. ma\u0142opolskie)<br>Laur przyznany zosta\u0142 Gminie Olkusz za prowadzone od ponad 20 lat kompleksowe dzia\u0142ania utrwalaj\u0105ce zagro\u017cone ruiny zamku. Prace wykonywane by\u0142y zgodnie z Kart\u0105 ochrony historycznych ruin Polskiego Komitetu Narodowego Mi\u0119dzynarodowej Rady Ochrony Zabytk\u00f3w (PKN ICOMOS), wraz z pe\u0142nym zakresem bada\u0144 archeologicznych<br>i architektonicznych. Zastosowane rozwi\u0105zania pozwoli\u0142y zabezpieczy\u0107 i wyeksponowa\u0107 najcenniejsze odkryte relikty gotyckie i renesansowe oraz przedstawi\u0107 w czytelny spos\u00f3b zar\u00f3wno histori\u0119 zamku, jak i kolejne fazy dzia\u0142a\u0144 konserwatorskich.<\/p>\n<!-- \/wp:paragraph --><\/div><\/div>\n<!-- \/wp:group -->\n\n<!-- wp:gallery {\"ids\":[2958,2956,2957],\"linkTo\":\"none\"} -->\n<figure class=\"wp-block-gallery columns-3 is-cropped\"><ul class=\"blocks-gallery-grid\"><li class=\"blocks-gallery-item\"><figure><img src=\"https:\/\/nid.pl\/wp-content\/uploads\/2021\/11\/4-Trwala-ruina-zamku-Rabsztyn-1024x768.jpg\" alt=\"\" data-id=\"2958\" data-full-url=\"https:\/\/nid.pl\/wp-content\/uploads\/2021\/11\/4-Trwala-ruina-zamku-Rabsztyn-scaled.jpg\" data-link=\"https:\/\/nid.pl\/2021\/11\/22\/znamy-laureatow-i-wyroznionych-konkursu-zabytek-zadbany-2021\/olympus-digital-camera-4\/\" class=\"wp-image-2958\"\/><\/figure><\/li><li class=\"blocks-gallery-item\"><figure><img src=\"https:\/\/nid.pl\/wp-content\/uploads\/2021\/11\/2-Trwala-ruina-zamku-Rabsztyn-1024x768.jpg\" alt=\"\" data-id=\"2956\" data-full-url=\"https:\/\/nid.pl\/wp-content\/uploads\/2021\/11\/2-Trwala-ruina-zamku-Rabsztyn-scaled.jpg\" data-link=\"https:\/\/nid.pl\/2021\/11\/22\/znamy-laureatow-i-wyroznionych-konkursu-zabytek-zadbany-2021\/dav\/\" class=\"wp-image-2956\"\/><\/figure><\/li><li class=\"blocks-gallery-item\"><figure><img src=\"https:\/\/nid.pl\/wp-content\/uploads\/2021\/11\/3-Trwala-ruina-zamku-Rabsztyn-1024x767.jpg\" alt=\"\" data-id=\"2957\" data-full-url=\"https:\/\/nid.pl\/wp-content\/uploads\/2021\/11\/3-Trwala-ruina-zamku-Rabsztyn-scaled.jpg\" data-link=\"https:\/\/nid.pl\/2021\/11\/22\/znamy-laureatow-i-wyroznionych-konkursu-zabytek-zadbany-2021\/3-trwala-ruina-zamku-rabsztyn\/\" class=\"wp-image-2957\"\/><\/figure><\/li><\/ul><\/figure>\n<!-- \/wp:gallery -->\n\n<!-- wp:paragraph -->\n<p><strong>Kategoria: utrwalenie warto\u015bci zabytkowej obiektu<\/strong><br>Laureat:<br>Ko\u015bci\u00f3\u0142 \u015bw. Wojciecha i \u015bw. Stanis\u0142awa Biskupa w Kaliszu (woj. wielkopolskie)<br>Nagroda przyznana zosta\u0142a Parafii Rzymskokatolickiej Ordynariatu Polowego \u015awi\u0119tego Wojciecha<br>i \u015awi\u0119tego Stanis\u0142awa Biskupa w Kaliszu za modelowe, wykonane na podstawie kompleksowych bada\u0144<br>i szeroko zakrojone prace konserwatorskie. Dzia\u0142ania te utrwali\u0142y i uczytelni\u0142y oryginaln\u0105 form\u0119 i estetyk\u0119 obiektu przy jednoczesnym zachowaniu integralno\u015bci i autentyzmu jego substancji zabytkowej.<\/p>\n<!-- \/wp:paragraph -->\n\n<!-- wp:gallery {\"ids\":[2961,2959,2960],\"linkTo\":\"none\"} -->\n<figure class=\"wp-block-gallery columns-3 is-cropped\"><ul class=\"blocks-gallery-grid\"><li class=\"blocks-gallery-item\"><figure><img src=\"https:\/\/nid.pl\/wp-content\/uploads\/2021\/11\/3-kosciol-w-Kaliszu-683x1024.jpg\" alt=\"\" data-id=\"2961\" data-full-url=\"https:\/\/nid.pl\/wp-content\/uploads\/2021\/11\/3-kosciol-w-Kaliszu-scaled.jpg\" data-link=\"https:\/\/nid.pl\/2021\/11\/22\/znamy-laureatow-i-wyroznionych-konkursu-zabytek-zadbany-2021\/3-kosciol-w-kaliszu\/\" class=\"wp-image-2961\"\/><\/figure><\/li><li class=\"blocks-gallery-item\"><figure><img src=\"https:\/\/nid.pl\/wp-content\/uploads\/2021\/11\/1-kosciol-w-Kaliszu-705x1024.jpg\" alt=\"\" data-id=\"2959\" data-full-url=\"https:\/\/nid.pl\/wp-content\/uploads\/2021\/11\/1-kosciol-w-Kaliszu-scaled.jpg\" data-link=\"https:\/\/nid.pl\/2021\/11\/22\/znamy-laureatow-i-wyroznionych-konkursu-zabytek-zadbany-2021\/1-kosciol-w-kaliszu\/\" class=\"wp-image-2959\"\/><\/figure><\/li><li class=\"blocks-gallery-item\"><figure><img src=\"https:\/\/nid.pl\/wp-content\/uploads\/2021\/11\/2-kosciol-w-Kaliszu-1024x683.jpg\" alt=\"\" data-id=\"2960\" data-full-url=\"https:\/\/nid.pl\/wp-content\/uploads\/2021\/11\/2-kosciol-w-Kaliszu-scaled.jpg\" data-link=\"https:\/\/nid.pl\/2021\/11\/22\/znamy-laureatow-i-wyroznionych-konkursu-zabytek-zadbany-2021\/2-kosciol-w-kaliszu\/\" class=\"wp-image-2960\"\/><\/figure><\/li><\/ul><\/figure>\n<!-- \/wp:gallery -->\n\n<!-- wp:paragraph -->\n<p>Wyr\u00f3\u017cnienia:<br>\u2022&nbsp;&nbsp;&nbsp; Budynek dawnej dyrekcji Stoczni Gda\u0144skiej przy ul. Doki 1 w Gda\u0144sku (woj. pomorskie)<br>Komisja konkursowa przyzna\u0142a wyr\u00f3\u017cnienie Stoczni Cesarskiej Development Sp. z o.o. za wykonan\u0105 z wielk\u0105 staranno\u015bci\u0105 i dba\u0142o\u015bci\u0105 o szczeg\u00f3\u0142y rewaloryzacj\u0119, stanowi\u0105c\u0105 istotny wk\u0142ad w proces rewitalizacji i utrwalenia substancji zabytkowej kompleksu historycznej stoczni.<\/p>\n<!-- \/wp:paragraph -->\n\n<!-- wp:gallery {\"ids\":[2963,2962],\"linkTo\":\"none\"} -->\n<figure class=\"wp-block-gallery columns-2 is-cropped\"><ul class=\"blocks-gallery-grid\"><li class=\"blocks-gallery-item\"><figure><img src=\"https:\/\/nid.pl\/wp-content\/uploads\/2021\/11\/2-biurowiec-dyrekcja-Stoczni-w-Gdansku-po-1024x768.jpg\" alt=\"\" data-id=\"2963\" data-full-url=\"https:\/\/nid.pl\/wp-content\/uploads\/2021\/11\/2-biurowiec-dyrekcja-Stoczni-w-Gdansku-po-scaled.jpg\" data-link=\"https:\/\/nid.pl\/2021\/11\/22\/znamy-laureatow-i-wyroznionych-konkursu-zabytek-zadbany-2021\/2-biurowiec-dyrekcja-stoczni-w-gdansku-po\/\" class=\"wp-image-2963\"\/><\/figure><\/li><li class=\"blocks-gallery-item\"><figure><img src=\"https:\/\/nid.pl\/wp-content\/uploads\/2021\/11\/1-biurowiec-dyrekcja-Stoczni-w-Gdansku-przed-1024x684.jpg\" alt=\"\" data-id=\"2962\" data-full-url=\"https:\/\/nid.pl\/wp-content\/uploads\/2021\/11\/1-biurowiec-dyrekcja-Stoczni-w-Gdansku-przed-scaled.jpg\" data-link=\"https:\/\/nid.pl\/2021\/11\/22\/znamy-laureatow-i-wyroznionych-konkursu-zabytek-zadbany-2021\/1-biurowiec-dyrekcja-stoczni-w-gdansku-przed\/\" class=\"wp-image-2962\"\/><\/figure><\/li><\/ul><\/figure>\n<!-- \/wp:gallery -->\n\n<!-- wp:paragraph -->\n<p>\u2022&nbsp;&nbsp;&nbsp; Kamienica przy ul. Pozna\u0144skiej 50 w Poznaniu (woj. wielkopolskie)<br>Wyr\u00f3\u017cnienie przyznane zosta\u0142o Wsp\u00f3lnocie Mieszkaniowej Pozna\u0144ska 50 w Poznaniu za kompleksowe prace konserwatorskie i budowlane, wykonane na podstawie wynik\u00f3w starannie przeprowadzonych bada\u0144 obiektu. Prace te utrwali\u0142y substancj\u0119 zabytkow\u0105 i przywr\u00f3ci\u0142y w pe\u0142ni historyczn\u0105 estetyk\u0119 secesyjnej kamienicy czynszowej.<\/p>\n<!-- \/wp:paragraph -->\n\n<!-- wp:gallery {\"ids\":[2964,2965],\"linkTo\":\"none\"} -->\n<figure class=\"wp-block-gallery columns-2 is-cropped\"><ul class=\"blocks-gallery-grid\"><li class=\"blocks-gallery-item\"><figure><img src=\"https:\/\/nid.pl\/wp-content\/uploads\/2021\/11\/1-kamienica-w-Poznaniu-przed.jpg\" alt=\"\" data-id=\"2964\" data-full-url=\"https:\/\/nid.pl\/wp-content\/uploads\/2021\/11\/1-kamienica-w-Poznaniu-przed.jpg\" data-link=\"https:\/\/nid.pl\/2021\/11\/22\/znamy-laureatow-i-wyroznionych-konkursu-zabytek-zadbany-2021\/1-kamienica-w-poznaniu-przed\/\" class=\"wp-image-2964\"\/><\/figure><\/li><li class=\"blocks-gallery-item\"><figure><img src=\"https:\/\/nid.pl\/wp-content\/uploads\/2021\/11\/2-kamienica-w-Poznaniu-po-1024x682.png\" alt=\"\" data-id=\"2965\" data-full-url=\"https:\/\/nid.pl\/wp-content\/uploads\/2021\/11\/2-kamienica-w-Poznaniu-po.png\" data-link=\"https:\/\/nid.pl\/2021\/11\/22\/znamy-laureatow-i-wyroznionych-konkursu-zabytek-zadbany-2021\/2-kamienica-w-poznaniu-po\/\" class=\"wp-image-2965\"\/><\/figure><\/li><\/ul><\/figure>\n<!-- \/wp:gallery -->\n\n<!-- wp:paragraph -->\n<p>\u2022&nbsp;&nbsp;&nbsp; Ko\u015bci\u00f3\u0142 Wniebowzi\u0119cia Naj\u015bwi\u0119tszej Marii Panny - Gwiazda Morza w Sopocie (woj. pomorskie)<br>Jury wyr\u00f3\u017cni\u0142o Parafi\u0119 Rzymskokatolick\u0105&nbsp; Naj\u015bwi\u0119tszej Marii Panny Wniebowzi\u0119tej \u2013 Gwiazdy Morza w Sopocie za utrwalenie substancji zabytkowej poprzez wykonanie kompleksowych prac obejmuj\u0105cych bry\u0142\u0119 oraz wn\u0119trze ko\u015bcio\u0142a. Wa\u017cny zakres prac stanowi\u0142o przywr\u00f3cenie historycznych materia\u0142\u00f3w oraz wyeksponowanie oryginalnych element\u00f3w wystroju poddanych konserwacji zachowawczej.<\/p>\n<!-- \/wp:paragraph -->\n\n<!-- wp:gallery {\"ids\":[3002,3003],\"linkTo\":\"none\"} -->\n<figure class=\"wp-block-gallery columns-2 is-cropped\"><ul class=\"blocks-gallery-grid\"><li class=\"blocks-gallery-item\"><figure><img src=\"https:\/\/nid.pl\/wp-content\/uploads\/2021\/11\/1-Kosciol-Gwiazda-Morza-w-Sopocie-przed-683x1024.jpg\" alt=\"\" data-id=\"3002\" data-link=\"https:\/\/nid.pl\/2021\/11\/22\/znamy-laureatow-i-wyroznionych-konkursu-zabytek-zadbany-2021\/1-kosciol-gwiazda-morza-w-sopocie-przed\/\" class=\"wp-image-3002\"\/><\/figure><\/li><li class=\"blocks-gallery-item\"><figure><img src=\"https:\/\/nid.pl\/wp-content\/uploads\/2021\/11\/2-Kosciol-Gwiazda-Morza-w-Sopocie-po-1-683x1024.jpg\" alt=\"\" data-id=\"3003\" data-full-url=\"https:\/\/nid.pl\/wp-content\/uploads\/2021\/11\/2-Kosciol-Gwiazda-Morza-w-Sopocie-po-1.jpg\" data-link=\"https:\/\/nid.pl\/2021\/11\/22\/znamy-laureatow-i-wyroznionych-konkursu-zabytek-zadbany-2021\/2-kosciol-gwiazda-morza-w-sopocie-po-1\/\" class=\"wp-image-3003\"\/><\/figure><\/li><\/ul><\/figure>\n<!-- \/wp:gallery -->\n\n<!-- wp:paragraph -->\n<p><strong>Kategoria: rewaloryzacja przestrzeni kulturowej i krajobrazu<\/strong><br>Laureat:<br>Zesp\u00f3\u0142 pa\u0142acowo-parkowy w Rakoniewicach, obecnie siedziba Urz\u0119du Gminy Rakoniewice (woj. wielkopolskie)<br>Nagroda przyznana zosta\u0142a Gminie Rakoniewice za wykonanie prac s\u0142u\u017c\u0105cych zachowaniu integralno\u015bci i utrwaleniu autentyzmu substancji zabytkowej zespo\u0142u pa\u0142acowo-parkowego, w kt\u00f3rej obecnie znajduje si\u0119 siedziba Urz\u0119du Gminy. Przeprowadzone prace pozwoli\u0142y na uratowanie dawnego za\u0142o\u017cenia rezydencjonalnego przed post\u0119puj\u0105c\u0105 degradacj\u0105 oraz przywr\u00f3ci\u0142y historyczne walory krajobrazu kulturowego.<\/p>\n<!-- \/wp:paragraph -->\n\n<!-- wp:gallery {\"ids\":[2969,2968,2967],\"linkTo\":\"none\"} -->\n<figure class=\"wp-block-gallery columns-3 is-cropped\"><ul class=\"blocks-gallery-grid\"><li class=\"blocks-gallery-item\"><figure><img src=\"https:\/\/nid.pl\/wp-content\/uploads\/2021\/11\/3-zespol-palacowo-parkowy-w-Rakoniewicach-po-1024x683.jpg\" alt=\"\" data-id=\"2969\" data-full-url=\"https:\/\/nid.pl\/wp-content\/uploads\/2021\/11\/3-zespol-palacowo-parkowy-w-Rakoniewicach-po-scaled.jpg\" data-link=\"https:\/\/nid.pl\/2021\/11\/22\/znamy-laureatow-i-wyroznionych-konkursu-zabytek-zadbany-2021\/3-zespol-palacowo-parkowy-w-rakoniewicach-po\/\" class=\"wp-image-2969\"\/><\/figure><\/li><li class=\"blocks-gallery-item\"><figure><img src=\"https:\/\/nid.pl\/wp-content\/uploads\/2021\/11\/2-zespol-palacowo-parkowy-w-Rakoniewicach-po-1024x575.jpg\" alt=\"\" data-id=\"2968\" data-full-url=\"https:\/\/nid.pl\/wp-content\/uploads\/2021\/11\/2-zespol-palacowo-parkowy-w-Rakoniewicach-po-scaled.jpg\" data-link=\"https:\/\/nid.pl\/2021\/11\/22\/znamy-laureatow-i-wyroznionych-konkursu-zabytek-zadbany-2021\/2-zespol-palacowo-parkowy-w-rakoniewicach-po\/\" class=\"wp-image-2968\"\/><\/figure><\/li><li class=\"blocks-gallery-item\"><figure><img src=\"https:\/\/nid.pl\/wp-content\/uploads\/2021\/11\/1-zespol-palacowo-parkowy-w-Rakoniewicach-przed-1024x681.jpg\" alt=\"\" data-id=\"2967\" data-full-url=\"https:\/\/nid.pl\/wp-content\/uploads\/2021\/11\/1-zespol-palacowo-parkowy-w-Rakoniewicach-przed-scaled.jpg\" data-link=\"https:\/\/nid.pl\/2021\/11\/22\/znamy-laureatow-i-wyroznionych-konkursu-zabytek-zadbany-2021\/1-zespol-palacowo-parkowy-w-rakoniewicach-przed\/\" class=\"wp-image-2967\"\/><\/figure><\/li><\/ul><\/figure>\n<!-- \/wp:gallery -->\n\n<!-- wp:paragraph -->\n<p>Wyr\u00f3\u017cnienia:<br>\u2022&nbsp;&nbsp;&nbsp; Fort VII COLOMB w Poznaniu \u2013 Muzeum Martyrologii Wielkopolan (woj. wielkopolskie)<br>Wyr\u00f3\u017cnienie dla Wielkopolskiego Muzeum Niepodleg\u0142o\u015bci przyznane zosta\u0142o za utrwalenie i rewaloryzacj\u0119 substancji zabytkowej fortu \u2013 siedziby Muzeum Martyrologii Wielkopolan, przeprowadzone z pietyzmem i szacunkiem dla historycznej przestrzeni i detali.<\/p>\n<!-- \/wp:paragraph -->\n\n<!-- wp:gallery {\"ids\":[2970,3004],\"linkTo\":\"none\"} -->\n<figure class=\"wp-block-gallery columns-2 is-cropped\"><ul class=\"blocks-gallery-grid\"><li class=\"blocks-gallery-item\"><figure><img src=\"https:\/\/nid.pl\/wp-content\/uploads\/2021\/11\/1-fort-VII-w-Poznaniu-przed-1024x768.jpg\" alt=\"\" data-id=\"2970\" data-link=\"https:\/\/nid.pl\/2021\/11\/22\/znamy-laureatow-i-wyroznionych-konkursu-zabytek-zadbany-2021\/1-fort-vii-w-poznaniu-przed\/\" class=\"wp-image-2970\"\/><\/figure><\/li><li class=\"blocks-gallery-item\"><figure><img src=\"https:\/\/nid.pl\/wp-content\/uploads\/2021\/11\/2-fort-VII-w-Poznaniu-po-1024x683.jpg\" alt=\"\" data-id=\"3004\" data-full-url=\"https:\/\/nid.pl\/wp-content\/uploads\/2021\/11\/2-fort-VII-w-Poznaniu-po.jpg\" data-link=\"https:\/\/nid.pl\/2021\/11\/22\/znamy-laureatow-i-wyroznionych-konkursu-zabytek-zadbany-2021\/2-fort-vii-w-poznaniu-po\/\" class=\"wp-image-3004\"\/><\/figure><\/li><\/ul><\/figure>\n<!-- \/wp:gallery -->\n\n<!-- wp:paragraph -->\n<p>\u2022&nbsp;&nbsp;&nbsp; Park pa\u0142acowy w Zielonej G\u00f3rze-Zatoniu (woj. lubuskie)<br>Kapitu\u0142a konkursowa wyr\u00f3\u017cni\u0142a Miasto Zielon\u0105 G\u00f3r\u0119 za rewaloryzacj\u0119 parku i architektury ogrodowej, kt\u00f3ra przywr\u00f3ci\u0142a integralno\u015b\u0107 ca\u0142ego za\u0142o\u017cenia pa\u0142acowo-parkowego oraz historyczne warto\u015bci krajobrazu kulturowego.<\/p>\n<!-- \/wp:paragraph -->\n\n<!-- wp:gallery {\"ids\":[2972,2971],\"linkTo\":\"none\"} -->\n<figure class=\"wp-block-gallery columns-2 is-cropped\"><ul class=\"blocks-gallery-grid\"><li class=\"blocks-gallery-item\"><figure><img src=\"https:\/\/nid.pl\/wp-content\/uploads\/2021\/11\/2-park-palacowy-Zielona-Gora-Zatonie-po-1024x768.jpg\" alt=\"\" data-id=\"2972\" data-full-url=\"https:\/\/nid.pl\/wp-content\/uploads\/2021\/11\/2-park-palacowy-Zielona-Gora-Zatonie-po.jpg\" data-link=\"https:\/\/nid.pl\/2021\/11\/22\/znamy-laureatow-i-wyroznionych-konkursu-zabytek-zadbany-2021\/2-park-palacowy-zielona-gora-zatonie-po\/\" class=\"wp-image-2972\"\/><\/figure><\/li><li class=\"blocks-gallery-item\"><figure><img src=\"https:\/\/nid.pl\/wp-content\/uploads\/2021\/11\/1-park-palacowy-Zielona-Gora-Zatonie-przed-1024x574.jpg\" alt=\"\" data-id=\"2971\" data-full-url=\"https:\/\/nid.pl\/wp-content\/uploads\/2021\/11\/1-park-palacowy-Zielona-Gora-Zatonie-przed-scaled.jpg\" data-link=\"https:\/\/nid.pl\/2021\/11\/22\/znamy-laureatow-i-wyroznionych-konkursu-zabytek-zadbany-2021\/sony-dsc\/\" class=\"wp-image-2971\"\/><\/figure><\/li><\/ul><\/figure>\n<!-- \/wp:gallery -->\n\n<!-- wp:paragraph -->\n<p>\u2022&nbsp;&nbsp;&nbsp; Most kolejowy na rzece Borui w Bytowie (woj. pomorskie)<br>Kapitu\u0142a przyzna\u0142a wyr\u00f3\u017cnienie Gminie Byt\u00f3w za udane dzia\u0142ania konserwatorskie i za zagospodarowanie otoczenia, kt\u00f3re wyeksponowa\u0142y zabytek oraz uczyni\u0142y okolic\u0119 mostu jedn\u0105 z wa\u017cniejszych przestrzeni rekreacyjnych miasta.<\/p>\n<!-- \/wp:paragraph -->\n\n<!-- wp:gallery {\"ids\":[2974,2973],\"linkTo\":\"none\"} -->\n<figure class=\"wp-block-gallery columns-2 is-cropped\"><ul class=\"blocks-gallery-grid\"><li class=\"blocks-gallery-item\"><figure><img src=\"https:\/\/nid.pl\/wp-content\/uploads\/2021\/11\/2-Most-na-rzece-Borui-w-Bytowie-po-1024x767.jpg\" alt=\"\" data-id=\"2974\" data-full-url=\"https:\/\/nid.pl\/wp-content\/uploads\/2021\/11\/2-Most-na-rzece-Borui-w-Bytowie-po-scaled.jpg\" data-link=\"https:\/\/nid.pl\/2021\/11\/22\/znamy-laureatow-i-wyroznionych-konkursu-zabytek-zadbany-2021\/2-most-na-rzece-borui-w-bytowie-po\/\" class=\"wp-image-2974\"\/><\/figure><\/li><li class=\"blocks-gallery-item\"><figure><img src=\"https:\/\/nid.pl\/wp-content\/uploads\/2021\/11\/1-Most-na-rzece-Borui-w-Bytowie-przed-1024x680.jpg\" alt=\"\" data-id=\"2973\" data-full-url=\"https:\/\/nid.pl\/wp-content\/uploads\/2021\/11\/1-Most-na-rzece-Borui-w-Bytowie-przed.jpg\" data-link=\"https:\/\/nid.pl\/2021\/11\/22\/znamy-laureatow-i-wyroznionych-konkursu-zabytek-zadbany-2021\/sony-dsc-2\/\" class=\"wp-image-2973\"\/><\/figure><\/li><\/ul><\/figure>\n<!-- \/wp:gallery -->\n\n<!-- wp:paragraph -->\n<p><strong>Kategoria: adaptacja obiekt\u00f3w zabytkowych<\/strong><br>Laureat:<br>Koszary Bramy Che\u0142mi\u0144skiej Twierdzy Toru\u0144 \u2013 Muzeum Twierdzy Toru\u0144 (woj. kujawsko-pomorskie)<br>Nagrod\u0119 otrzyma\u0142o Muzeum Okr\u0119gowemu w Toruniu za utrwalenie oryginalnej substancji zabytkowej oraz za prace przeprowadzone z poszanowaniem autentyzmu i integralno\u015bci, przystosowuj\u0105ce wn\u0119trza i otoczenie zabytku do nowej funkcji muzealnej.<\/p>\n<!-- \/wp:paragraph -->\n\n<!-- wp:gallery {\"ids\":[2975,2976,2977],\"linkTo\":\"none\"} -->\n<figure class=\"wp-block-gallery columns-3 is-cropped\"><ul class=\"blocks-gallery-grid\"><li class=\"blocks-gallery-item\"><figure><img src=\"https:\/\/nid.pl\/wp-content\/uploads\/2021\/11\/1-Twierdza-Torun-przed-1024x768.jpg\" alt=\"\" data-id=\"2975\" data-full-url=\"https:\/\/nid.pl\/wp-content\/uploads\/2021\/11\/1-Twierdza-Torun-przed-scaled.jpg\" data-link=\"https:\/\/nid.pl\/2021\/11\/22\/znamy-laureatow-i-wyroznionych-konkursu-zabytek-zadbany-2021\/1-twierdza-torun-przed\/\" class=\"wp-image-2975\"\/><\/figure><\/li><li class=\"blocks-gallery-item\"><figure><img src=\"https:\/\/nid.pl\/wp-content\/uploads\/2021\/11\/2-Twierdza-Torun-po-1024x683.jpg\" alt=\"\" data-id=\"2976\" data-full-url=\"https:\/\/nid.pl\/wp-content\/uploads\/2021\/11\/2-Twierdza-Torun-po-scaled.jpg\" data-link=\"https:\/\/nid.pl\/2021\/11\/22\/znamy-laureatow-i-wyroznionych-konkursu-zabytek-zadbany-2021\/2-twierdza-torun-po\/\" class=\"wp-image-2976\"\/><\/figure><\/li><li class=\"blocks-gallery-item\"><figure><img src=\"https:\/\/nid.pl\/wp-content\/uploads\/2021\/11\/3-Twierdza-Torun-po-1024x767.jpg\" alt=\"\" data-id=\"2977\" data-full-url=\"https:\/\/nid.pl\/wp-content\/uploads\/2021\/11\/3-Twierdza-Torun-po-scaled.jpg\" data-link=\"https:\/\/nid.pl\/2021\/11\/22\/znamy-laureatow-i-wyroznionych-konkursu-zabytek-zadbany-2021\/3-twierdza-torun-po\/\" class=\"wp-image-2977\"\/><\/figure><\/li><\/ul><\/figure>\n<!-- \/wp:gallery -->\n\n<!-- wp:paragraph -->\n<p>Wyr\u00f3\u017cnienia:<br>\u2022&nbsp;&nbsp;&nbsp; Magazyn solny, obecnie Muzeum Regionalne w Drawsku Pomorskim (woj. zachodniopomorskie)<br>Jury przyzna\u0142o wyr\u00f3\u017cnienie Gminie Drawsko Pomorskie za adaptacj\u0119 dawnego magazynu solnego na cele muzealne, przeprowadzon\u0105 przy maksymalnym zachowaniu substancji zabytkowej, z uwzgl\u0119dnieniem historycznej struktury i ekspozycji poszczeg\u00f3lnych faz przebudowy obiektu.<\/p>\n<!-- \/wp:paragraph -->\n\n<!-- wp:gallery {\"ids\":[2978,2979],\"linkTo\":\"none\"} -->\n<figure class=\"wp-block-gallery columns-2 is-cropped\"><ul class=\"blocks-gallery-grid\"><li class=\"blocks-gallery-item\"><figure><img src=\"https:\/\/nid.pl\/wp-content\/uploads\/2021\/11\/1-magazyn-solny-Muzeum-Regionalne-w-Drawsku-Pomorskim-przed-1024x768.jpg\" alt=\"\" data-id=\"2978\" data-full-url=\"https:\/\/nid.pl\/wp-content\/uploads\/2021\/11\/1-magazyn-solny-Muzeum-Regionalne-w-Drawsku-Pomorskim-przed.jpg\" data-link=\"https:\/\/nid.pl\/2021\/11\/22\/znamy-laureatow-i-wyroznionych-konkursu-zabytek-zadbany-2021\/1-magazyn-solny-muzeum-regionalne-w-drawsku-pomorskim-przed\/\" class=\"wp-image-2978\"\/><\/figure><\/li><li class=\"blocks-gallery-item\"><figure><img src=\"https:\/\/nid.pl\/wp-content\/uploads\/2021\/11\/2-magazyn-solny-Muzeum-Regionalne-w-Drawsku-Pomorskim-po-1024x683.jpg\" alt=\"\" data-id=\"2979\" data-full-url=\"https:\/\/nid.pl\/wp-content\/uploads\/2021\/11\/2-magazyn-solny-Muzeum-Regionalne-w-Drawsku-Pomorskim-po-scaled.jpg\" data-link=\"https:\/\/nid.pl\/2021\/11\/22\/znamy-laureatow-i-wyroznionych-konkursu-zabytek-zadbany-2021\/2-magazyn-solny-muzeum-regionalne-w-drawsku-pomorskim-po\/\" class=\"wp-image-2979\"\/><\/figure><\/li><\/ul><\/figure>\n<!-- \/wp:gallery -->\n\n<!-- wp:paragraph -->\n<p>\u2022&nbsp;&nbsp;&nbsp; Zesp\u00f3\u0142 dworca kolejowego, obecnie Miejskie Centrum Kultury, Aktywno\u015bci i Promocji Gminy \u201dStacja Kultury\u201d w \u015awieradowie Zdroju (woj. dolno\u015bl\u0105skie)<br>Wyr\u00f3\u017cnienie przyznane zosta\u0142o Miejskiemu Centrum Kultury, Aktywno\u015bci i Promocji Gminy \u201eStacja Kultury\u201d w \u015awieradowie Zdroju za realizacj\u0119 konserwatorsk\u0105, kt\u00f3ra przywr\u00f3ci\u0142a miastu zesp\u00f3\u0142 zabudowa\u0144 historycznego dworca, umo\u017cliwiaj\u0105c jego wykorzystanie jako o\u015brodka kultury. Now\u0105 funkcj\u0119 wprowadzono przy maksymalnym zachowaniu oryginalnej substancji zabytkowej.<\/p>\n<!-- \/wp:paragraph -->\n\n<!-- wp:gallery {\"ids\":[2980,2981],\"linkTo\":\"none\"} -->\n<figure class=\"wp-block-gallery columns-2 is-cropped\"><ul class=\"blocks-gallery-grid\"><li class=\"blocks-gallery-item\"><figure><img src=\"https:\/\/nid.pl\/wp-content\/uploads\/2021\/11\/1-zespol-dworca-kolejowego-w-Swieradowie-Zdroju-przed-1024x576.jpg\" alt=\"\" data-id=\"2980\" data-full-url=\"https:\/\/nid.pl\/wp-content\/uploads\/2021\/11\/1-zespol-dworca-kolejowego-w-Swieradowie-Zdroju-przed-scaled.jpg\" data-link=\"https:\/\/nid.pl\/2021\/11\/22\/znamy-laureatow-i-wyroznionych-konkursu-zabytek-zadbany-2021\/1-zespol-dworca-kolejowego-w-swieradowie-zdroju-przed\/\" class=\"wp-image-2980\"\/><\/figure><\/li><li class=\"blocks-gallery-item\"><figure><img src=\"https:\/\/nid.pl\/wp-content\/uploads\/2021\/11\/2-zespol-dworca-kolejowego-w-Swieradowie-Zdroju-po-1024x682.jpg\" alt=\"\" data-id=\"2981\" data-full-url=\"https:\/\/nid.pl\/wp-content\/uploads\/2021\/11\/2-zespol-dworca-kolejowego-w-Swieradowie-Zdroju-po-scaled.jpg\" data-link=\"https:\/\/nid.pl\/2021\/11\/22\/znamy-laureatow-i-wyroznionych-konkursu-zabytek-zadbany-2021\/2-zespol-dworca-kolejowego-w-swieradowie-zdroju-po\/\" class=\"wp-image-2981\"\/><\/figure><\/li><\/ul><\/figure>\n<!-- \/wp:gallery -->\n\n<!-- wp:paragraph -->\n<p>\u2022&nbsp;&nbsp;&nbsp; \u0141a\u017ania, obecnie budynek galeryjno-muzealny przy ul. Bohater\u00f3w Westerplatte 2 w Zawierciu (woj. \u015bl\u0105skie)<br>Kapitu\u0142a konkursowa przyzna\u0142a wyr\u00f3\u017cnienie Gminie Zawiercie za dzia\u0142ania konserwatorskie i adaptacyjne, kt\u00f3re pozwoli\u0142y na wydobycie i wyeksponowanie warto\u015bci zabytkowych \u0142a\u017ani przy jednoczesnym podporz\u0105dkowaniu im prac zwi\u0105zanych z dostosowaniem obiektu do pe\u0142nienia funkcji galeryjno-muzealnych.<\/p>\n<!-- \/wp:paragraph -->\n\n<!-- wp:gallery {\"ids\":[2983,2982],\"linkTo\":\"none\"} -->\n<figure class=\"wp-block-gallery columns-2 is-cropped\"><ul class=\"blocks-gallery-grid\"><li class=\"blocks-gallery-item\"><figure><img src=\"https:\/\/nid.pl\/wp-content\/uploads\/2021\/11\/2-laznia-w-Zawierciu-po-1024x681.jpg\" alt=\"\" data-id=\"2983\" data-full-url=\"https:\/\/nid.pl\/wp-content\/uploads\/2021\/11\/2-laznia-w-Zawierciu-po-scaled.jpg\" data-link=\"https:\/\/nid.pl\/2021\/11\/22\/znamy-laureatow-i-wyroznionych-konkursu-zabytek-zadbany-2021\/2-laznia-w-zawierciu-po\/\" class=\"wp-image-2983\"\/><\/figure><\/li><li class=\"blocks-gallery-item\"><figure><img src=\"https:\/\/nid.pl\/wp-content\/uploads\/2021\/11\/1-laznia-w-Zawierciu-przed-768x1024.jpg\" alt=\"\" data-id=\"2982\" data-full-url=\"https:\/\/nid.pl\/wp-content\/uploads\/2021\/11\/1-laznia-w-Zawierciu-przed-scaled.jpg\" data-link=\"https:\/\/nid.pl\/2021\/11\/22\/znamy-laureatow-i-wyroznionych-konkursu-zabytek-zadbany-2021\/1-laznia-w-zawierciu-przed\/\" class=\"wp-image-2982\"\/><\/figure><\/li><\/ul><\/figure>\n<!-- \/wp:gallery -->\n\n<!-- wp:paragraph -->\n<p><strong>Kategoria: architektura i budownictwo drewniane<\/strong><br>Laureat:<br>Dworzec kolejowy, obecnie restauracja \u201eLokomotywa\u201d w Puszczykowie (woj. wielkopolskie)<br>Nagrod\u0119 przyznano w\u0142a\u015bcicielom - Katarzynie i Zbigniewowi Bekasiakom za przeprowadzone z pietyzmem dzia\u0142ania konserwatorskie, kt\u00f3re uczytelni\u0142y historyczny wygl\u0105d drewnianego dworca. Do adaptacji wn\u0119trza wykorzystano oryginalne elementy pierwotnego wyposa\u017cenia, kt\u00f3re przyczyni\u0142y si\u0119 do zachowania integralno\u015bci zabytku.<\/p>\n<!-- \/wp:paragraph -->\n\n<!-- wp:gallery {\"ids\":[3000,2984,2985],\"linkTo\":\"none\"} -->\n<figure class=\"wp-block-gallery columns-3 is-cropped\"><ul class=\"blocks-gallery-grid\"><li class=\"blocks-gallery-item\"><figure><img src=\"https:\/\/nid.pl\/wp-content\/uploads\/2021\/11\/3-dworzec-kolejowy-restauracja-w-Puszczykowie-po-1024x682.jpg\" alt=\"\" data-id=\"3000\" data-full-url=\"https:\/\/nid.pl\/wp-content\/uploads\/2021\/11\/3-dworzec-kolejowy-restauracja-w-Puszczykowie-po.jpg\" data-link=\"https:\/\/nid.pl\/2021\/11\/22\/znamy-laureatow-i-wyroznionych-konkursu-zabytek-zadbany-2021\/3-dworzec-kolejowy-restauracja-w-puszczykowie-po\/\" class=\"wp-image-3000\"\/><\/figure><\/li><li class=\"blocks-gallery-item\"><figure><img src=\"https:\/\/nid.pl\/wp-content\/uploads\/2021\/11\/1-dworzec-kolejowy-restauracja-w-Puszczykowie-przed-1024x768.jpg\" alt=\"\" data-id=\"2984\" data-link=\"https:\/\/nid.pl\/2021\/11\/22\/znamy-laureatow-i-wyroznionych-konkursu-zabytek-zadbany-2021\/1-dworzec-kolejowy-restauracja-w-puszczykowie-przed\/\" class=\"wp-image-2984\"\/><\/figure><\/li><li class=\"blocks-gallery-item\"><figure><img src=\"https:\/\/nid.pl\/wp-content\/uploads\/2021\/11\/2-dworzec-kolejowy-restauracja-w-Puszczykowie-po-1024x472.jpg\" alt=\"\" data-id=\"2985\" data-link=\"https:\/\/nid.pl\/2021\/11\/22\/znamy-laureatow-i-wyroznionych-konkursu-zabytek-zadbany-2021\/2-dworzec-kolejowy-restauracja-w-puszczykowie-po\/\" class=\"wp-image-2985\"\/><\/figure><\/li><\/ul><\/figure>\n<!-- \/wp:gallery -->\n\n<!-- wp:paragraph -->\n<p>Wyr\u00f3\u017cnienia:<br>\u2022&nbsp;&nbsp;&nbsp; Ko\u015bci\u00f3\u0142 \u015awi\u0119tego Micha\u0142a Archanio\u0142a w Szalowej (woj. ma\u0142opolskie)<br>Kapitu\u0142a przyzna\u0142a wyr\u00f3\u017cnienie Parafii Rzymskokatolickiej \u015awi\u0119tego Micha\u0142a Archanio\u0142a w Szalowej za kompleksowe badania i prace konserwatorskie, kt\u00f3re pozwoli\u0142y zachowa\u0107 jednolity i kompletny charakter zabytkowego ko\u015bcio\u0142a parafialnego. Dzia\u0142ania prowadzone by\u0142y z najwy\u017cszym poszanowaniem autentyzmu i integralno\u015bci unikalnej barokowej kompozycji jego wn\u0119trza.<\/p>\n<!-- \/wp:paragraph -->\n\n<!-- wp:gallery {\"ids\":[2987,2988],\"linkTo\":\"none\"} -->\n<figure class=\"wp-block-gallery columns-2 is-cropped\"><ul class=\"blocks-gallery-grid\"><li class=\"blocks-gallery-item\"><figure><img src=\"https:\/\/nid.pl\/wp-content\/uploads\/2021\/11\/1-kosciol-w-Szalowej-przed-1024x685.jpg\" alt=\"\" data-id=\"2987\" data-full-url=\"https:\/\/nid.pl\/wp-content\/uploads\/2021\/11\/1-kosciol-w-Szalowej-przed-scaled.jpg\" data-link=\"https:\/\/nid.pl\/2021\/11\/22\/znamy-laureatow-i-wyroznionych-konkursu-zabytek-zadbany-2021\/1-kosciol-w-szalowej-przed\/\" class=\"wp-image-2987\"\/><\/figure><\/li><li class=\"blocks-gallery-item\"><figure><img src=\"https:\/\/nid.pl\/wp-content\/uploads\/2021\/11\/2-kosciol-w-Szalowej-po-1024x683.jpg\" alt=\"\" data-id=\"2988\" data-full-url=\"https:\/\/nid.pl\/wp-content\/uploads\/2021\/11\/2-kosciol-w-Szalowej-po-scaled.jpg\" data-link=\"https:\/\/nid.pl\/2021\/11\/22\/znamy-laureatow-i-wyroznionych-konkursu-zabytek-zadbany-2021\/2-kosciol-w-szalowej-po\/\" class=\"wp-image-2988\"\/><\/figure><\/li><\/ul><\/figure>\n<!-- \/wp:gallery -->\n\n<!-- wp:paragraph -->\n<p>\u2022&nbsp;&nbsp;&nbsp; Willa Koliba \u2013 Muzeum Stylu Zakopia\u0144skiego im. Stanis\u0142awa Witkiewicza w Zakopanem (woj. ma\u0142opolskie)<br>Komisja konkursowa wyr\u00f3\u017cni\u0142a Muzeum Tatrza\u0144skie im. Dra Tytusa Cha\u0142ubi\u0144skiego \u2013 Instytucj\u0119 Kultury Wojew\u00f3dztwa Ma\u0142opolskiego za kompleksowe prace konserwatorskie i budowlane wykonane z pe\u0142nym poszanowaniem historycznej substancji i formy zabytku.<\/p>\n<!-- \/wp:paragraph -->\n\n<!-- wp:gallery {\"ids\":[2989,3005],\"linkTo\":\"none\"} -->\n<figure class=\"wp-block-gallery columns-2 is-cropped\"><ul class=\"blocks-gallery-grid\"><li class=\"blocks-gallery-item\"><figure><img src=\"https:\/\/nid.pl\/wp-content\/uploads\/2021\/11\/1-willa-koliba-Zakopane-przed-1024x680.jpg\" alt=\"\" data-id=\"2989\" data-link=\"https:\/\/nid.pl\/2021\/11\/22\/znamy-laureatow-i-wyroznionych-konkursu-zabytek-zadbany-2021\/1-willa-koliba-zakopane-przed\/\" class=\"wp-image-2989\"\/><\/figure><\/li><li class=\"blocks-gallery-item\"><figure><img src=\"https:\/\/nid.pl\/wp-content\/uploads\/2021\/11\/2-willa-koliba-Zakopane-po-1024x683.jpg\" alt=\"\" data-id=\"3005\" data-full-url=\"https:\/\/nid.pl\/wp-content\/uploads\/2021\/11\/2-willa-koliba-Zakopane-po.jpg\" data-link=\"https:\/\/nid.pl\/2021\/11\/22\/znamy-laureatow-i-wyroznionych-konkursu-zabytek-zadbany-2021\/2-willa-koliba-zakopane-po\/\" class=\"wp-image-3005\"\/><\/figure><\/li><\/ul><\/figure>\n<!-- \/wp:gallery -->\n\n<!-- wp:paragraph -->\n<p>\u2022&nbsp;&nbsp;&nbsp; Dom przy pl. Czarnieckiego 10 w Tykocinie (woj. podlaskie)<br>Jury przyzna\u0142o wyr\u00f3\u017cnienie w\u0142a\u015bcicielce domu \u2013 Marii Markiewicz za prace konserwatorskie drewnianego budynku mieszkalnego przeprowadzone z zastosowaniem tradycyjnych technik budowlanych, poprzedzone wykonaniem niezb\u0119dnych ekspertyz. Przeprowadzone procesy pozwoli\u0142y zachowa\u0107 materia\u0142 i formy typowe dla historycznego budownictwa regionu.<\/p>\n<!-- \/wp:paragraph -->\n\n<!-- wp:gallery {\"ids\":[2990,2991],\"linkTo\":\"none\"} -->\n<figure class=\"wp-block-gallery columns-2 is-cropped\"><ul class=\"blocks-gallery-grid\"><li class=\"blocks-gallery-item\"><figure><img src=\"https:\/\/nid.pl\/wp-content\/uploads\/2021\/11\/1-dom-w-Tykocinie-przed-1024x768.jpg\" alt=\"\" data-id=\"2990\" data-full-url=\"https:\/\/nid.pl\/wp-content\/uploads\/2021\/11\/1-dom-w-Tykocinie-przed-scaled.jpg\" data-link=\"https:\/\/nid.pl\/2021\/11\/22\/znamy-laureatow-i-wyroznionych-konkursu-zabytek-zadbany-2021\/1-dom-w-tykocinie-przed\/\" class=\"wp-image-2990\"\/><\/figure><\/li><li class=\"blocks-gallery-item\"><figure><img src=\"https:\/\/nid.pl\/wp-content\/uploads\/2021\/11\/2-dom-w-Tykocinie-po-1024x768.jpg\" alt=\"\" data-id=\"2991\" data-full-url=\"https:\/\/nid.pl\/wp-content\/uploads\/2021\/11\/2-dom-w-Tykocinie-po-scaled.jpg\" data-link=\"https:\/\/nid.pl\/2021\/11\/22\/znamy-laureatow-i-wyroznionych-konkursu-zabytek-zadbany-2021\/2-dom-w-tykocinie-po\/\" class=\"wp-image-2991\"\/><\/figure><\/li><\/ul><\/figure>\n<!-- \/wp:gallery -->\n\n<!-- wp:paragraph -->\n<p><strong>Kategoria: zabytki techniki<\/strong><br>Laureat:<br>Wiatrak holender w Pyzdrach (woj. wielkopolskie)<br>Nagroda przyznana zosta\u0142a&nbsp; Gminie i Miastu Pyzdry za wyj\u0105tkowo starann\u0105 konserwacj\u0119 wiatraka holendra, przeprowadzon\u0105 z maksymalnym zachowaniem element\u00f3w struktury budowlanej i wyposa\u017cenia obiektu \u2013 cennego \u015bwiadka kulturowego krajobrazu Wielkopolski.<\/p>\n<!-- \/wp:paragraph -->\n\n<!-- wp:gallery {\"ids\":[2994,2992,2993],\"linkTo\":\"none\"} -->\n<figure class=\"wp-block-gallery columns-3 is-cropped\"><ul class=\"blocks-gallery-grid\"><li class=\"blocks-gallery-item\"><figure><img src=\"https:\/\/nid.pl\/wp-content\/uploads\/2021\/11\/3-wiatrak-holender-w-Pyzdrach-po-830x1024.jpg\" alt=\"\" data-id=\"2994\" data-full-url=\"https:\/\/nid.pl\/wp-content\/uploads\/2021\/11\/3-wiatrak-holender-w-Pyzdrach-po.jpg\" data-link=\"https:\/\/nid.pl\/2021\/11\/22\/znamy-laureatow-i-wyroznionych-konkursu-zabytek-zadbany-2021\/3-wiatrak-holender-w-pyzdrach-po\/\" class=\"wp-image-2994\"\/><\/figure><\/li><li class=\"blocks-gallery-item\"><figure><img src=\"https:\/\/nid.pl\/wp-content\/uploads\/2021\/11\/1-wiatrak-holender-w-Pyzdrach-przed-683x1024.jpg\" alt=\"\" data-id=\"2992\" data-full-url=\"https:\/\/nid.pl\/wp-content\/uploads\/2021\/11\/1-wiatrak-holender-w-Pyzdrach-przed-scaled.jpg\" data-link=\"https:\/\/nid.pl\/2021\/11\/22\/znamy-laureatow-i-wyroznionych-konkursu-zabytek-zadbany-2021\/1-wiatrak-holender-w-pyzdrach-przed\/\" class=\"wp-image-2992\"\/><\/figure><\/li><li class=\"blocks-gallery-item\"><figure><img src=\"https:\/\/nid.pl\/wp-content\/uploads\/2021\/11\/2-wiatrak-holender-w-Pyzdrach-po-1024x683.jpg\" alt=\"\" data-id=\"2993\" data-full-url=\"https:\/\/nid.pl\/wp-content\/uploads\/2021\/11\/2-wiatrak-holender-w-Pyzdrach-po-scaled.jpg\" data-link=\"https:\/\/nid.pl\/2021\/11\/22\/znamy-laureatow-i-wyroznionych-konkursu-zabytek-zadbany-2021\/2-wiatrak-holender-w-pyzdrach-po\/\" class=\"wp-image-2993\"\/><\/figure><\/li><\/ul><\/figure>\n<!-- \/wp:gallery -->\n\n<!-- wp:paragraph -->\n<p>Wyr\u00f3\u017cnienia:<br>\u2022&nbsp;&nbsp;&nbsp; M\u0142yn wodny, nast\u0119pnie elektryczny, w Wiercicy (woj. \u015bl\u0105skie)<br>Wyr\u00f3\u017cnienie przyznane zosta\u0142o w\u0142a\u015bcicielom - Annie i Andrzejowi Dobrowolskim<br>za konsekwentnie prowadzone prace konserwatorskie, podj\u0119te z du\u017c\u0105 staranno\u015bci\u0105 i dba\u0142o\u015bci\u0105 o detale, kt\u00f3re poprawi\u0142y stan techniczny unikatowego m\u0142yna przy jednoczesnym zachowaniu jego funkcji.<\/p>\n<!-- \/wp:paragraph -->\n\n<!-- wp:gallery {\"ids\":[2995,2996],\"linkTo\":\"none\"} -->\n<figure class=\"wp-block-gallery columns-2 is-cropped\"><ul class=\"blocks-gallery-grid\"><li class=\"blocks-gallery-item\"><figure><img src=\"https:\/\/nid.pl\/wp-content\/uploads\/2021\/11\/1-mlyn-w-Wiercicy-przed-1024x768.jpg\" alt=\"\" data-id=\"2995\" data-full-url=\"https:\/\/nid.pl\/wp-content\/uploads\/2021\/11\/1-mlyn-w-Wiercicy-przed-scaled.jpg\" data-link=\"https:\/\/nid.pl\/2021\/11\/22\/znamy-laureatow-i-wyroznionych-konkursu-zabytek-zadbany-2021\/olympus-digital-camera-5\/\" class=\"wp-image-2995\"\/><\/figure><\/li><li class=\"blocks-gallery-item\"><figure><img src=\"https:\/\/nid.pl\/wp-content\/uploads\/2021\/11\/2-mlyn-w-Wiercicy-po-1024x683.jpg\" alt=\"\" data-id=\"2996\" data-full-url=\"https:\/\/nid.pl\/wp-content\/uploads\/2021\/11\/2-mlyn-w-Wiercicy-po-scaled.jpg\" data-link=\"https:\/\/nid.pl\/2021\/11\/22\/znamy-laureatow-i-wyroznionych-konkursu-zabytek-zadbany-2021\/2-mlyn-w-wiercicy-po\/\" class=\"wp-image-2996\"\/><\/figure><\/li><\/ul><\/figure>\n<!-- \/wp:gallery -->\n\n<!-- wp:group -->\n<div class=\"wp-block-group\"><div class=\"wp-block-group__inner-container\"><!-- wp:paragraph -->\n<p>\u2022&nbsp;&nbsp;&nbsp; Zesp\u00f3\u0142 zak\u0142adu hutniczego w Male\u0144cu (woj. \u015bwi\u0119tokrzyskie)<br>Wyr\u00f3\u017cnienie przyznane zosta\u0142o Zabytkowemu Zak\u0142adowi Hutniczemu w Male\u0144cu \u2013 Instytucji Kultury Powiatu Koneckiego za prace konserwatorskie zachowuj\u0105ce autentyzm zespo\u0142u zabytkowego huty, podkre\u015blaj\u0105ce warto\u015b\u0107 u\u017cytkow\u0105 obiektu dawnej techniki i umo\u017cliwiaj\u0105ce podj\u0119cie w nim dzia\u0142a\u0144 edukacyjnych przybli\u017caj\u0105cych rozw\u00f3j gospodarczy regionu.<\/p>\n<!-- \/wp:paragraph --><\/div><\/div>\n<!-- \/wp:group -->\n\n<!-- wp:gallery {\"ids\":[2998,2997],\"linkTo\":\"none\"} -->\n<figure class=\"wp-block-gallery columns-2 is-cropped\"><ul class=\"blocks-gallery-grid\"><li class=\"blocks-gallery-item\"><figure><img src=\"https:\/\/nid.pl\/wp-content\/uploads\/2021\/11\/2-zespol-zakladu-hutniczego-w-Malencu-po-1024x673.jpg\" alt=\"\" data-id=\"2998\" data-full-url=\"https:\/\/nid.pl\/wp-content\/uploads\/2021\/11\/2-zespol-zakladu-hutniczego-w-Malencu-po-scaled.jpg\" data-link=\"https:\/\/nid.pl\/2021\/11\/22\/znamy-laureatow-i-wyroznionych-konkursu-zabytek-zadbany-2021\/2-zespol-zakladu-hutniczego-w-malencu-po\/\" class=\"wp-image-2998\"\/><\/figure><\/li><li class=\"blocks-gallery-item\"><figure><img src=\"https:\/\/nid.pl\/wp-content\/uploads\/2021\/11\/1-Zespol-zakladu-hutniczego-w-Malencu-przed-1024x681.jpg\" alt=\"\" data-id=\"2997\" data-full-url=\"https:\/\/nid.pl\/wp-content\/uploads\/2021\/11\/1-Zespol-zakladu-hutniczego-w-Malencu-przed.jpg\" data-link=\"https:\/\/nid.pl\/2021\/11\/22\/znamy-laureatow-i-wyroznionych-konkursu-zabytek-zadbany-2021\/1-zespol-zakladu-hutniczego-w-malencu-przed\/\" class=\"wp-image-2997\"\/><\/figure><\/li><\/ul><\/figure>\n<!-- \/wp:gallery -->\n\n<!-- wp:paragraph -->\n<p><\/p>\n<!-- \/wp:paragraph -->","_et_gb_content_width":"","_monsterinsights_skip_tracking":false,"_monsterinsights_sitenote_active":false,"_monsterinsights_sitenote_note":"","_monsterinsights_sitenote_category":0,"footnotes":""},"categories":[3,31],"tags":[],"class_list":["post-2891","post","type-post","status-publish","format-standard","has-post-thumbnail","hentry","category-aktualnosci","category-zabytek-zadbany"],"yoast_head":"<!-- This site is optimized with the Yoast SEO plugin v26.5 - https:\/\/yoast.com\/wordpress\/plugins\/seo\/ -->\n<title>Znamy laureat\u00f3w i wyr\u00f3\u017cnionych konkursu Zabytek Zadbany 2021 - NID<\/title>\n<meta name=\"robots\" content=\"index, follow, max-snippet:-1, max-image-preview:large, max-video-preview:-1\" \/>\n<link rel=\"canonical\" href=\"https:\/\/nid.pl\/en\/2021\/11\/22\/znamy-laureatow-i-wyroznionych-konkursu-zabytek-zadbany-2021\/\" \/>\n<meta property=\"og:locale\" content=\"en_GB\" \/>\n<meta property=\"og:type\" content=\"article\" \/>\n<meta property=\"og:title\" content=\"Znamy laureat\u00f3w i wyr\u00f3\u017cnionych konkursu Zabytek Zadbany 2021 - NID\" \/>\n<meta property=\"og:description\" content=\"22 listopada br. podczas uroczystej gali prof. Magdalena Gawin Wiceminister&nbsp;Kultury i Dziedzictwa Narodowego, Generalny Konserwator Zabytk\u00f3w oraz Bartosz Skaldawski Dyrektor Narodowego Instytutu Dziedzictwa, og\u0142osili laureat\u00f3w i wyr\u00f3\u017cnionych w konkursie \u201eZabytek [&hellip;]\" \/>\n<meta property=\"og:url\" content=\"https:\/\/nid.pl\/en\/2021\/11\/22\/znamy-laureatow-i-wyroznionych-konkursu-zabytek-zadbany-2021\/\" \/>\n<meta property=\"og:site_name\" content=\"NID\" \/>\n<meta property=\"article:publisher\" content=\"https:\/\/www.facebook.com\/zabytek\" \/>\n<meta property=\"article:published_time\" content=\"2021-11-22T13:51:00+00:00\" \/>\n<meta property=\"article:modified_time\" content=\"2022-01-13T09:08:38+00:00\" \/>\n<meta property=\"og:image\" content=\"https:\/\/nid.pl\/wp-content\/uploads\/2021\/11\/aktualnosciNID_ZZ_wyniki.jpg\" \/>\n\t<meta property=\"og:image:width\" content=\"1200\" \/>\n\t<meta property=\"og:image:height\" content=\"785\" \/>\n\t<meta property=\"og:image:type\" content=\"image\/jpeg\" \/>\n<meta name=\"author\" content=\"Paulina Soboniak\" \/>\n<meta name=\"twitter:card\" content=\"summary_large_image\" \/>\n<meta name=\"twitter:creator\" content=\"@NarIDpl\" \/>\n<meta name=\"twitter:site\" content=\"@NarIDpl\" \/>\n<meta name=\"twitter:label1\" content=\"Written by\" \/>\n\t<meta name=\"twitter:data1\" content=\"Paulina Soboniak\" \/>\n\t<meta name=\"twitter:label2\" content=\"Estimated reading time\" \/>\n\t<meta name=\"twitter:data2\" content=\"8 minutes\" \/>\n<script type=\"application\/ld+json\" class=\"yoast-schema-graph\">{\"@context\":\"https:\/\/schema.org\",\"@graph\":[{\"@type\":\"Article\",\"@id\":\"https:\/\/nid.pl\/2021\/11\/22\/znamy-laureatow-i-wyroznionych-konkursu-zabytek-zadbany-2021\/#article\",\"isPartOf\":{\"@id\":\"https:\/\/nid.pl\/2021\/11\/22\/znamy-laureatow-i-wyroznionych-konkursu-zabytek-zadbany-2021\/\"},\"author\":{\"name\":\"Paulina Soboniak\",\"@id\":\"https:\/\/nid.pl\/#\/schema\/person\/63074d6576b98de2c15b1d8543283f96\"},\"headline\":\"Znamy laureat\u00f3w i wyr\u00f3\u017cnionych konkursu Zabytek Zadbany 2021\",\"datePublished\":\"2021-11-22T13:51:00+00:00\",\"dateModified\":\"2022-01-13T09:08:38+00:00\",\"mainEntityOfPage\":{\"@id\":\"https:\/\/nid.pl\/2021\/11\/22\/znamy-laureatow-i-wyroznionych-konkursu-zabytek-zadbany-2021\/\"},\"wordCount\":1701,\"commentCount\":0,\"publisher\":{\"@id\":\"https:\/\/nid.pl\/#organization\"},\"image\":{\"@id\":\"https:\/\/nid.pl\/2021\/11\/22\/znamy-laureatow-i-wyroznionych-konkursu-zabytek-zadbany-2021\/#primaryimage\"},\"thumbnailUrl\":\"https:\/\/nid.pl\/wp-content\/uploads\/2021\/11\/aktualnosciNID_ZZ_wyniki.jpg\",\"articleSection\":[\"Aktualno\u015bci\",\"Zabytek Zadbany\"],\"inLanguage\":\"en-GB\"},{\"@type\":\"WebPage\",\"@id\":\"https:\/\/nid.pl\/2021\/11\/22\/znamy-laureatow-i-wyroznionych-konkursu-zabytek-zadbany-2021\/\",\"url\":\"https:\/\/nid.pl\/2021\/11\/22\/znamy-laureatow-i-wyroznionych-konkursu-zabytek-zadbany-2021\/\",\"name\":\"Znamy laureat\u00f3w i wyr\u00f3\u017cnionych konkursu Zabytek Zadbany 2021 - NID\",\"isPartOf\":{\"@id\":\"https:\/\/nid.pl\/#website\"},\"primaryImageOfPage\":{\"@id\":\"https:\/\/nid.pl\/2021\/11\/22\/znamy-laureatow-i-wyroznionych-konkursu-zabytek-zadbany-2021\/#primaryimage\"},\"image\":{\"@id\":\"https:\/\/nid.pl\/2021\/11\/22\/znamy-laureatow-i-wyroznionych-konkursu-zabytek-zadbany-2021\/#primaryimage\"},\"thumbnailUrl\":\"https:\/\/nid.pl\/wp-content\/uploads\/2021\/11\/aktualnosciNID_ZZ_wyniki.jpg\",\"datePublished\":\"2021-11-22T13:51:00+00:00\",\"dateModified\":\"2022-01-13T09:08:38+00:00\",\"breadcrumb\":{\"@id\":\"https:\/\/nid.pl\/2021\/11\/22\/znamy-laureatow-i-wyroznionych-konkursu-zabytek-zadbany-2021\/#breadcrumb\"},\"inLanguage\":\"en-GB\",\"potentialAction\":[{\"@type\":\"ReadAction\",\"target\":[\"https:\/\/nid.pl\/2021\/11\/22\/znamy-laureatow-i-wyroznionych-konkursu-zabytek-zadbany-2021\/\"]}]},{\"@type\":\"ImageObject\",\"inLanguage\":\"en-GB\",\"@id\":\"https:\/\/nid.pl\/2021\/11\/22\/znamy-laureatow-i-wyroznionych-konkursu-zabytek-zadbany-2021\/#primaryimage\",\"url\":\"https:\/\/nid.pl\/wp-content\/uploads\/2021\/11\/aktualnosciNID_ZZ_wyniki.jpg\",\"contentUrl\":\"https:\/\/nid.pl\/wp-content\/uploads\/2021\/11\/aktualnosciNID_ZZ_wyniki.jpg\",\"width\":1200,\"height\":785,\"caption\":\"aktualnosciNID ZZ wyniki\"},{\"@type\":\"BreadcrumbList\",\"@id\":\"https:\/\/nid.pl\/2021\/11\/22\/znamy-laureatow-i-wyroznionych-konkursu-zabytek-zadbany-2021\/#breadcrumb\",\"itemListElement\":[{\"@type\":\"ListItem\",\"position\":1,\"name\":\"Home\",\"item\":\"https:\/\/nid.pl\/\"},{\"@type\":\"ListItem\",\"position\":2,\"name\":\"Znamy laureat\u00f3w i wyr\u00f3\u017cnionych konkursu Zabytek Zadbany 2021\"}]},{\"@type\":\"WebSite\",\"@id\":\"https:\/\/nid.pl\/#website\",\"url\":\"https:\/\/nid.pl\/\",\"name\":\"NID\",\"description\":\"Narodowy Instytut Dziedzictwa\",\"publisher\":{\"@id\":\"https:\/\/nid.pl\/#organization\"},\"potentialAction\":[{\"@type\":\"SearchAction\",\"target\":{\"@type\":\"EntryPoint\",\"urlTemplate\":\"https:\/\/nid.pl\/?s={search_term_string}\"},\"query-input\":{\"@type\":\"PropertyValueSpecification\",\"valueRequired\":true,\"valueName\":\"search_term_string\"}}],\"inLanguage\":\"en-GB\"},{\"@type\":\"Organization\",\"@id\":\"https:\/\/nid.pl\/#organization\",\"name\":\"Narodowy Instytut Dziedzictwa\",\"url\":\"https:\/\/nid.pl\/\",\"logo\":{\"@type\":\"ImageObject\",\"inLanguage\":\"en-GB\",\"@id\":\"https:\/\/nid.pl\/#\/schema\/logo\/image\/\",\"url\":\"https:\/\/nid.pl\/wp-content\/uploads\/2022\/10\/logoRedDark.png\",\"contentUrl\":\"https:\/\/nid.pl\/wp-content\/uploads\/2022\/10\/logoRedDark.png\",\"width\":200,\"height\":197,\"caption\":\"Narodowy Instytut Dziedzictwa\"},\"image\":{\"@id\":\"https:\/\/nid.pl\/#\/schema\/logo\/image\/\"},\"sameAs\":[\"https:\/\/www.facebook.com\/zabytek\",\"https:\/\/x.com\/NarIDpl\",\"https:\/\/www.instagram.com\/nid.pl\/?hl=pl\",\"https:\/\/www.linkedin.com\/company\/narodowy-instytut-dziedzictwa\",\"https:\/\/www.youtube.com\/channel\/UCQXuhKa2uHtmNvLRUSx40JA\"]},{\"@type\":\"Person\",\"@id\":\"https:\/\/nid.pl\/#\/schema\/person\/63074d6576b98de2c15b1d8543283f96\",\"name\":\"Paulina Soboniak\",\"image\":{\"@type\":\"ImageObject\",\"inLanguage\":\"en-GB\",\"@id\":\"https:\/\/nid.pl\/#\/schema\/person\/image\/\",\"url\":\"https:\/\/nid.pl\/wp-content\/litespeed\/avatar\/1d5bf3174a401c0cc1488d0950e56c05.jpg?ver=1776843535\",\"contentUrl\":\"https:\/\/nid.pl\/wp-content\/litespeed\/avatar\/1d5bf3174a401c0cc1488d0950e56c05.jpg?ver=1776843535\",\"caption\":\"Paulina Soboniak\"},\"url\":\"https:\/\/nid.pl\/en\/author\/psoboniak\/\"}]}<\/script>\n<!-- \/ Yoast SEO plugin. -->","yoast_head_json":{"title":"Znamy laureat\u00f3w i wyr\u00f3\u017cnionych konkursu Zabytek Zadbany 2021 - NID","robots":{"index":"index","follow":"follow","max-snippet":"max-snippet:-1","max-image-preview":"max-image-preview:large","max-video-preview":"max-video-preview:-1"},"canonical":"https:\/\/nid.pl\/en\/2021\/11\/22\/znamy-laureatow-i-wyroznionych-konkursu-zabytek-zadbany-2021\/","og_locale":"en_GB","og_type":"article","og_title":"Znamy laureat\u00f3w i wyr\u00f3\u017cnionych konkursu Zabytek Zadbany 2021 - NID","og_description":"22 listopada br. podczas uroczystej gali prof. Magdalena Gawin Wiceminister&nbsp;Kultury i Dziedzictwa Narodowego, Generalny Konserwator Zabytk\u00f3w oraz Bartosz Skaldawski Dyrektor Narodowego Instytutu Dziedzictwa, og\u0142osili laureat\u00f3w i wyr\u00f3\u017cnionych w konkursie \u201eZabytek [&hellip;]","og_url":"https:\/\/nid.pl\/en\/2021\/11\/22\/znamy-laureatow-i-wyroznionych-konkursu-zabytek-zadbany-2021\/","og_site_name":"NID","article_publisher":"https:\/\/www.facebook.com\/zabytek","article_published_time":"2021-11-22T13:51:00+00:00","article_modified_time":"2022-01-13T09:08:38+00:00","og_image":[{"width":1200,"height":785,"url":"https:\/\/nid.pl\/wp-content\/uploads\/2021\/11\/aktualnosciNID_ZZ_wyniki.jpg","type":"image\/jpeg"}],"author":"Paulina Soboniak","twitter_card":"summary_large_image","twitter_creator":"@NarIDpl","twitter_site":"@NarIDpl","twitter_misc":{"Written by":"Paulina Soboniak","Estimated reading time":"8 minutes"},"schema":{"@context":"https:\/\/schema.org","@graph":[{"@type":"Article","@id":"https:\/\/nid.pl\/2021\/11\/22\/znamy-laureatow-i-wyroznionych-konkursu-zabytek-zadbany-2021\/#article","isPartOf":{"@id":"https:\/\/nid.pl\/2021\/11\/22\/znamy-laureatow-i-wyroznionych-konkursu-zabytek-zadbany-2021\/"},"author":{"name":"Paulina Soboniak","@id":"https:\/\/nid.pl\/#\/schema\/person\/63074d6576b98de2c15b1d8543283f96"},"headline":"Znamy laureat\u00f3w i wyr\u00f3\u017cnionych konkursu Zabytek Zadbany 2021","datePublished":"2021-11-22T13:51:00+00:00","dateModified":"2022-01-13T09:08:38+00:00","mainEntityOfPage":{"@id":"https:\/\/nid.pl\/2021\/11\/22\/znamy-laureatow-i-wyroznionych-konkursu-zabytek-zadbany-2021\/"},"wordCount":1701,"commentCount":0,"publisher":{"@id":"https:\/\/nid.pl\/#organization"},"image":{"@id":"https:\/\/nid.pl\/2021\/11\/22\/znamy-laureatow-i-wyroznionych-konkursu-zabytek-zadbany-2021\/#primaryimage"},"thumbnailUrl":"https:\/\/nid.pl\/wp-content\/uploads\/2021\/11\/aktualnosciNID_ZZ_wyniki.jpg","articleSection":["Aktualno\u015bci","Zabytek Zadbany"],"inLanguage":"en-GB"},{"@type":"WebPage","@id":"https:\/\/nid.pl\/2021\/11\/22\/znamy-laureatow-i-wyroznionych-konkursu-zabytek-zadbany-2021\/","url":"https:\/\/nid.pl\/2021\/11\/22\/znamy-laureatow-i-wyroznionych-konkursu-zabytek-zadbany-2021\/","name":"Znamy laureat\u00f3w i wyr\u00f3\u017cnionych konkursu Zabytek Zadbany 2021 - NID","isPartOf":{"@id":"https:\/\/nid.pl\/#website"},"primaryImageOfPage":{"@id":"https:\/\/nid.pl\/2021\/11\/22\/znamy-laureatow-i-wyroznionych-konkursu-zabytek-zadbany-2021\/#primaryimage"},"image":{"@id":"https:\/\/nid.pl\/2021\/11\/22\/znamy-laureatow-i-wyroznionych-konkursu-zabytek-zadbany-2021\/#primaryimage"},"thumbnailUrl":"https:\/\/nid.pl\/wp-content\/uploads\/2021\/11\/aktualnosciNID_ZZ_wyniki.jpg","datePublished":"2021-11-22T13:51:00+00:00","dateModified":"2022-01-13T09:08:38+00:00","breadcrumb":{"@id":"https:\/\/nid.pl\/2021\/11\/22\/znamy-laureatow-i-wyroznionych-konkursu-zabytek-zadbany-2021\/#breadcrumb"},"inLanguage":"en-GB","potentialAction":[{"@type":"ReadAction","target":["https:\/\/nid.pl\/2021\/11\/22\/znamy-laureatow-i-wyroznionych-konkursu-zabytek-zadbany-2021\/"]}]},{"@type":"ImageObject","inLanguage":"en-GB","@id":"https:\/\/nid.pl\/2021\/11\/22\/znamy-laureatow-i-wyroznionych-konkursu-zabytek-zadbany-2021\/#primaryimage","url":"https:\/\/nid.pl\/wp-content\/uploads\/2021\/11\/aktualnosciNID_ZZ_wyniki.jpg","contentUrl":"https:\/\/nid.pl\/wp-content\/uploads\/2021\/11\/aktualnosciNID_ZZ_wyniki.jpg","width":1200,"height":785,"caption":"aktualnosciNID ZZ wyniki"},{"@type":"BreadcrumbList","@id":"https:\/\/nid.pl\/2021\/11\/22\/znamy-laureatow-i-wyroznionych-konkursu-zabytek-zadbany-2021\/#breadcrumb","itemListElement":[{"@type":"ListItem","position":1,"name":"Home","item":"https:\/\/nid.pl\/"},{"@type":"ListItem","position":2,"name":"Znamy laureat\u00f3w i wyr\u00f3\u017cnionych konkursu Zabytek Zadbany 2021"}]},{"@type":"WebSite","@id":"https:\/\/nid.pl\/#website","url":"https:\/\/nid.pl\/","name":"NID","description":"Narodowy Instytut Dziedzictwa","publisher":{"@id":"https:\/\/nid.pl\/#organization"},"potentialAction":[{"@type":"SearchAction","target":{"@type":"EntryPoint","urlTemplate":"https:\/\/nid.pl\/?s={search_term_string}"},"query-input":{"@type":"PropertyValueSpecification","valueRequired":true,"valueName":"search_term_string"}}],"inLanguage":"en-GB"},{"@type":"Organization","@id":"https:\/\/nid.pl\/#organization","name":"Narodowy Instytut Dziedzictwa","url":"https:\/\/nid.pl\/","logo":{"@type":"ImageObject","inLanguage":"en-GB","@id":"https:\/\/nid.pl\/#\/schema\/logo\/image\/","url":"https:\/\/nid.pl\/wp-content\/uploads\/2022\/10\/logoRedDark.png","contentUrl":"https:\/\/nid.pl\/wp-content\/uploads\/2022\/10\/logoRedDark.png","width":200,"height":197,"caption":"Narodowy Instytut Dziedzictwa"},"image":{"@id":"https:\/\/nid.pl\/#\/schema\/logo\/image\/"},"sameAs":["https:\/\/www.facebook.com\/zabytek","https:\/\/x.com\/NarIDpl","https:\/\/www.instagram.com\/nid.pl\/?hl=pl","https:\/\/www.linkedin.com\/company\/narodowy-instytut-dziedzictwa","https:\/\/www.youtube.com\/channel\/UCQXuhKa2uHtmNvLRUSx40JA"]},{"@type":"Person","@id":"https:\/\/nid.pl\/#\/schema\/person\/63074d6576b98de2c15b1d8543283f96","name":"Paulina Soboniak","image":{"@type":"ImageObject","inLanguage":"en-GB","@id":"https:\/\/nid.pl\/#\/schema\/person\/image\/","url":"https:\/\/nid.pl\/wp-content\/litespeed\/avatar\/1d5bf3174a401c0cc1488d0950e56c05.jpg?ver=1776843535","contentUrl":"https:\/\/nid.pl\/wp-content\/litespeed\/avatar\/1d5bf3174a401c0cc1488d0950e56c05.jpg?ver=1776843535","caption":"Paulina Soboniak"},"url":"https:\/\/nid.pl\/en\/author\/psoboniak\/"}]}},"_links":{"self":[{"href":"https:\/\/nid.pl\/en\/wp-json\/wp\/v2\/posts\/2891","targetHints":{"allow":["GET"]}}],"collection":[{"href":"https:\/\/nid.pl\/en\/wp-json\/wp\/v2\/posts"}],"about":[{"href":"https:\/\/nid.pl\/en\/wp-json\/wp\/v2\/types\/post"}],"author":[{"embeddable":true,"href":"https:\/\/nid.pl\/en\/wp-json\/wp\/v2\/users\/3"}],"replies":[{"embeddable":true,"href":"https:\/\/nid.pl\/en\/wp-json\/wp\/v2\/comments?post=2891"}],"version-history":[{"count":0,"href":"https:\/\/nid.pl\/en\/wp-json\/wp\/v2\/posts\/2891\/revisions"}],"wp:featuredmedia":[{"embeddable":true,"href":"https:\/\/nid.pl\/en\/wp-json\/wp\/v2\/media\/2892"}],"wp:attachment":[{"href":"https:\/\/nid.pl\/en\/wp-json\/wp\/v2\/media?parent=2891"}],"wp:term":[{"taxonomy":"category","embeddable":true,"href":"https:\/\/nid.pl\/en\/wp-json\/wp\/v2\/categories?post=2891"},{"taxonomy":"post_tag","embeddable":true,"href":"https:\/\/nid.pl\/en\/wp-json\/wp\/v2\/tags?post=2891"}],"curies":[{"name":"wp","href":"https:\/\/api.w.org\/{rel}","templated":true}]}}