{"id":2888,"date":"2021-11-23T14:32:03","date_gmt":"2021-11-23T13:32:03","guid":{"rendered":"https:\/\/nid.pl\/?p=2888"},"modified":"2022-02-14T12:53:08","modified_gmt":"2022-02-14T11:53:08","slug":"ochrona-zabytkow-w-polskich-gminach-raport-gus","status":"publish","type":"post","link":"https:\/\/nid.pl\/en\/2021\/11\/23\/ochrona-zabytkow-w-polskich-gminach-raport-gus\/","title":{"rendered":"Ochrona zabytk\u00f3w w polskich gminach \u2013 raport GUS"},"content":{"rendered":"<p>Dla prawid\u0142owego planowania polityki w zakresie ochrony zabytk\u00f3w i opieki nad zabytkami niezb\u0119dne s\u0105 wiedza o dziedzictwie kulturowym i informacje umo\u017cliwiaj\u0105ce przeprowadzanie oceny sytuacji oraz w\u0142a\u015bciw\u0105 identyfikacj\u0119 problem\u00f3w. Dzi\u0119ki temu mo\u017cliwe jest wytyczanie cel\u00f3w oraz kierunk\u00f3w dalszych prac. Dzia\u0142ania dotycz\u0105ce ochrony zabytk\u00f3w stanowi\u0105 jedno z zada\u0144 w\u0142adz lokalnych skierowanych na popraw\u0119 stanu zabytk\u00f3w po\u0142o\u017conych na ich terenie. Opracowanie programu i realizacja przyj\u0119tych zada\u0144 zwi\u0105zanych z ochron\u0105 zabytk\u00f3w przez jednostki samorz\u0105du terytorialnego ma u\u0142atwi\u0107 aktywne zarz\u0105dzanie zasobem stanowi\u0105cym dziedzictwo kulturowe gmin.<br><br>Inicjatywa Ministerstwa Kultury i Dziedzictwa Narodowego oraz Narodowego Instytutu Dziedzictwa dotycz\u0105ca przeprowadzenia przez G\u0142\u00f3wny Urz\u0105d Statystyczny badania Ochrona zabytk\u00f3w i opieka nad zabytkami w samorz\u0105dzie gminnym mia\u0142a na celu uzyskanie odpowiedzi na pytanie, na ile gminy realizuj\u0105 obowi\u0105zki wynikaj\u0105ce z przepis\u00f3w prawnych zwi\u0105zanych z ochron\u0105 zabytk\u00f3w. Niniejszy raport jest pr\u00f3b\u0105 odpowiedzi na to pytanie i przedstawia wyniki zrealizowanego we wrze\u015bniu 2019 r. badania statystycznego na pe\u0142nej populacji gmin, przy wykorzystaniu Sprawozdania o ochronie zabytk\u00f3w i opiece nad zabytkami w samorz\u0105dzie gminnym o symbolu KK-2.<\/p>\n\n\n\n<p>Przeprowadzone badanie pozwoli\u0142o na zebranie po raz pierwszy tak bogatej bazy danych statystycznych o ochronie zabytk\u00f3w w gminach w Polsce. Uzyskane informacje umo\u017cliwiaj\u0105 charakterystyk\u0119 zakresu i skali dzia\u0142a\u0144 podejmowanych w gminach, w tym obejmuj\u0105cych prowadzenie ewidencji zabytk\u00f3w, program\u00f3w opieki nad zabytkami, finansowania ochrony zabytk\u00f3w, przedsi\u0119wzi\u0119\u0107 rewitalizacyjnych, porozumie\u0144 o samorz\u0105dowym konserwatorze zabytk\u00f3w.<\/p>\n\n\n\n<div class=\"wp-block-file\"><a id=\"wp-block-file--media-0b234ebe-1ac4-4d13-a873-cc14857fd867\" href=\"https:\/\/nid.pl\/wp-content\/uploads\/2021\/11\/Raport-GUS-Ochrona-zabytkow-i-opieka-nad-zabytkami-w-gminach-2019.pdf\" target=\"_blank\" rel=\"noreferrer noopener\">Raport GUS Ochrona zabytk\u00f3w i opieka nad zabytkami w gminach 2019<\/a><\/div>","protected":false},"excerpt":{"rendered":"<p>Dla prawid\u0142owego planowania polityki w zakresie ochrony zabytk\u00f3w i opieki nad zabytkami niezb\u0119dne s\u0105 wiedza o dziedzictwie kulturowym i informacje umo\u017cliwiaj\u0105ce przeprowadzanie oceny sytuacji oraz w\u0142a\u015bciw\u0105 identyfikacj\u0119 problem\u00f3w. Dzi\u0119ki temu [&hellip;]<\/p>","protected":false},"author":3,"featured_media":0,"comment_status":"open","ping_status":"open","sticky":false,"template":"","format":"standard","meta":{"_et_pb_use_builder":"off","_et_pb_old_content":"","_et_gb_content_width":"","_monsterinsights_skip_tracking":false,"_monsterinsights_sitenote_active":false,"_monsterinsights_sitenote_note":"","_monsterinsights_sitenote_category":0,"footnotes":""},"categories":[3],"tags":[],"class_list":["post-2888","post","type-post","status-publish","format-standard","hentry","category-aktualnosci"],"yoast_head":"<!-- This site is optimized with the Yoast SEO plugin v26.5 - https:\/\/yoast.com\/wordpress\/plugins\/seo\/ -->\n<title>Ochrona zabytk\u00f3w w polskich gminach \u2013 raport GUS - NID<\/title>\n<meta name=\"robots\" content=\"index, follow, max-snippet:-1, max-image-preview:large, max-video-preview:-1\" \/>\n<link rel=\"canonical\" href=\"https:\/\/nid.pl\/en\/2021\/11\/23\/ochrona-zabytkow-w-polskich-gminach-raport-gus\/\" \/>\n<meta property=\"og:locale\" content=\"en_GB\" \/>\n<meta property=\"og:type\" content=\"article\" \/>\n<meta property=\"og:title\" content=\"Ochrona zabytk\u00f3w w polskich gminach \u2013 raport GUS - NID\" \/>\n<meta property=\"og:description\" content=\"Dla prawid\u0142owego planowania polityki w zakresie ochrony zabytk\u00f3w i opieki nad zabytkami niezb\u0119dne s\u0105 wiedza o dziedzictwie kulturowym i informacje umo\u017cliwiaj\u0105ce przeprowadzanie oceny sytuacji oraz w\u0142a\u015bciw\u0105 identyfikacj\u0119 problem\u00f3w. Dzi\u0119ki temu [&hellip;]\" \/>\n<meta property=\"og:url\" content=\"https:\/\/nid.pl\/en\/2021\/11\/23\/ochrona-zabytkow-w-polskich-gminach-raport-gus\/\" \/>\n<meta property=\"og:site_name\" content=\"NID\" \/>\n<meta property=\"article:publisher\" content=\"https:\/\/www.facebook.com\/zabytek\" \/>\n<meta property=\"article:published_time\" content=\"2021-11-23T13:32:03+00:00\" \/>\n<meta property=\"article:modified_time\" content=\"2022-02-14T11:53:08+00:00\" \/>\n<meta name=\"author\" content=\"Paulina Soboniak\" \/>\n<meta name=\"twitter:card\" content=\"summary_large_image\" \/>\n<meta name=\"twitter:creator\" content=\"@NarIDpl\" \/>\n<meta name=\"twitter:site\" content=\"@NarIDpl\" \/>\n<meta name=\"twitter:label1\" content=\"Written by\" \/>\n\t<meta name=\"twitter:data1\" content=\"Paulina Soboniak\" \/>\n\t<meta name=\"twitter:label2\" content=\"Estimated reading time\" \/>\n\t<meta name=\"twitter:data2\" content=\"1 minute\" \/>\n<script type=\"application\/ld+json\" class=\"yoast-schema-graph\">{\"@context\":\"https:\/\/schema.org\",\"@graph\":[{\"@type\":\"Article\",\"@id\":\"https:\/\/nid.pl\/2021\/11\/23\/ochrona-zabytkow-w-polskich-gminach-raport-gus\/#article\",\"isPartOf\":{\"@id\":\"https:\/\/nid.pl\/2021\/11\/23\/ochrona-zabytkow-w-polskich-gminach-raport-gus\/\"},\"author\":{\"name\":\"Paulina Soboniak\",\"@id\":\"https:\/\/nid.pl\/#\/schema\/person\/63074d6576b98de2c15b1d8543283f96\"},\"headline\":\"Ochrona zabytk\u00f3w w polskich gminach \u2013 raport GUS\",\"datePublished\":\"2021-11-23T13:32:03+00:00\",\"dateModified\":\"2022-02-14T11:53:08+00:00\",\"mainEntityOfPage\":{\"@id\":\"https:\/\/nid.pl\/2021\/11\/23\/ochrona-zabytkow-w-polskich-gminach-raport-gus\/\"},\"wordCount\":286,\"commentCount\":0,\"publisher\":{\"@id\":\"https:\/\/nid.pl\/#organization\"},\"articleSection\":[\"Aktualno\u015bci\"],\"inLanguage\":\"en-GB\"},{\"@type\":\"WebPage\",\"@id\":\"https:\/\/nid.pl\/2021\/11\/23\/ochrona-zabytkow-w-polskich-gminach-raport-gus\/\",\"url\":\"https:\/\/nid.pl\/2021\/11\/23\/ochrona-zabytkow-w-polskich-gminach-raport-gus\/\",\"name\":\"Ochrona zabytk\u00f3w w polskich gminach \u2013 raport GUS - NID\",\"isPartOf\":{\"@id\":\"https:\/\/nid.pl\/#website\"},\"datePublished\":\"2021-11-23T13:32:03+00:00\",\"dateModified\":\"2022-02-14T11:53:08+00:00\",\"breadcrumb\":{\"@id\":\"https:\/\/nid.pl\/2021\/11\/23\/ochrona-zabytkow-w-polskich-gminach-raport-gus\/#breadcrumb\"},\"inLanguage\":\"en-GB\",\"potentialAction\":[{\"@type\":\"ReadAction\",\"target\":[\"https:\/\/nid.pl\/2021\/11\/23\/ochrona-zabytkow-w-polskich-gminach-raport-gus\/\"]}]},{\"@type\":\"BreadcrumbList\",\"@id\":\"https:\/\/nid.pl\/2021\/11\/23\/ochrona-zabytkow-w-polskich-gminach-raport-gus\/#breadcrumb\",\"itemListElement\":[{\"@type\":\"ListItem\",\"position\":1,\"name\":\"Home\",\"item\":\"https:\/\/nid.pl\/\"},{\"@type\":\"ListItem\",\"position\":2,\"name\":\"Ochrona zabytk\u00f3w w polskich gminach \u2013 raport GUS\"}]},{\"@type\":\"WebSite\",\"@id\":\"https:\/\/nid.pl\/#website\",\"url\":\"https:\/\/nid.pl\/\",\"name\":\"NID\",\"description\":\"Narodowy Instytut Dziedzictwa\",\"publisher\":{\"@id\":\"https:\/\/nid.pl\/#organization\"},\"potentialAction\":[{\"@type\":\"SearchAction\",\"target\":{\"@type\":\"EntryPoint\",\"urlTemplate\":\"https:\/\/nid.pl\/?s={search_term_string}\"},\"query-input\":{\"@type\":\"PropertyValueSpecification\",\"valueRequired\":true,\"valueName\":\"search_term_string\"}}],\"inLanguage\":\"en-GB\"},{\"@type\":\"Organization\",\"@id\":\"https:\/\/nid.pl\/#organization\",\"name\":\"Narodowy Instytut Dziedzictwa\",\"url\":\"https:\/\/nid.pl\/\",\"logo\":{\"@type\":\"ImageObject\",\"inLanguage\":\"en-GB\",\"@id\":\"https:\/\/nid.pl\/#\/schema\/logo\/image\/\",\"url\":\"https:\/\/nid.pl\/wp-content\/uploads\/2022\/10\/logoRedDark.png\",\"contentUrl\":\"https:\/\/nid.pl\/wp-content\/uploads\/2022\/10\/logoRedDark.png\",\"width\":200,\"height\":197,\"caption\":\"Narodowy Instytut Dziedzictwa\"},\"image\":{\"@id\":\"https:\/\/nid.pl\/#\/schema\/logo\/image\/\"},\"sameAs\":[\"https:\/\/www.facebook.com\/zabytek\",\"https:\/\/x.com\/NarIDpl\",\"https:\/\/www.instagram.com\/nid.pl\/?hl=pl\",\"https:\/\/www.linkedin.com\/company\/narodowy-instytut-dziedzictwa\",\"https:\/\/www.youtube.com\/channel\/UCQXuhKa2uHtmNvLRUSx40JA\"]},{\"@type\":\"Person\",\"@id\":\"https:\/\/nid.pl\/#\/schema\/person\/63074d6576b98de2c15b1d8543283f96\",\"name\":\"Paulina Soboniak\",\"image\":{\"@type\":\"ImageObject\",\"inLanguage\":\"en-GB\",\"@id\":\"https:\/\/nid.pl\/#\/schema\/person\/image\/\",\"url\":\"https:\/\/nid.pl\/wp-content\/litespeed\/avatar\/1d5bf3174a401c0cc1488d0950e56c05.jpg?ver=1777448390\",\"contentUrl\":\"https:\/\/nid.pl\/wp-content\/litespeed\/avatar\/1d5bf3174a401c0cc1488d0950e56c05.jpg?ver=1777448390\",\"caption\":\"Paulina Soboniak\"},\"url\":\"https:\/\/nid.pl\/en\/author\/psoboniak\/\"}]}<\/script>\n<!-- \/ Yoast SEO plugin. -->","yoast_head_json":{"title":"Ochrona zabytk\u00f3w w polskich gminach \u2013 raport GUS - NID","robots":{"index":"index","follow":"follow","max-snippet":"max-snippet:-1","max-image-preview":"max-image-preview:large","max-video-preview":"max-video-preview:-1"},"canonical":"https:\/\/nid.pl\/en\/2021\/11\/23\/ochrona-zabytkow-w-polskich-gminach-raport-gus\/","og_locale":"en_GB","og_type":"article","og_title":"Ochrona zabytk\u00f3w w polskich gminach \u2013 raport GUS - NID","og_description":"Dla prawid\u0142owego planowania polityki w zakresie ochrony zabytk\u00f3w i opieki nad zabytkami niezb\u0119dne s\u0105 wiedza o dziedzictwie kulturowym i informacje umo\u017cliwiaj\u0105ce przeprowadzanie oceny sytuacji oraz w\u0142a\u015bciw\u0105 identyfikacj\u0119 problem\u00f3w. Dzi\u0119ki temu [&hellip;]","og_url":"https:\/\/nid.pl\/en\/2021\/11\/23\/ochrona-zabytkow-w-polskich-gminach-raport-gus\/","og_site_name":"NID","article_publisher":"https:\/\/www.facebook.com\/zabytek","article_published_time":"2021-11-23T13:32:03+00:00","article_modified_time":"2022-02-14T11:53:08+00:00","author":"Paulina Soboniak","twitter_card":"summary_large_image","twitter_creator":"@NarIDpl","twitter_site":"@NarIDpl","twitter_misc":{"Written by":"Paulina Soboniak","Estimated reading time":"1 minute"},"schema":{"@context":"https:\/\/schema.org","@graph":[{"@type":"Article","@id":"https:\/\/nid.pl\/2021\/11\/23\/ochrona-zabytkow-w-polskich-gminach-raport-gus\/#article","isPartOf":{"@id":"https:\/\/nid.pl\/2021\/11\/23\/ochrona-zabytkow-w-polskich-gminach-raport-gus\/"},"author":{"name":"Paulina Soboniak","@id":"https:\/\/nid.pl\/#\/schema\/person\/63074d6576b98de2c15b1d8543283f96"},"headline":"Ochrona zabytk\u00f3w w polskich gminach \u2013 raport GUS","datePublished":"2021-11-23T13:32:03+00:00","dateModified":"2022-02-14T11:53:08+00:00","mainEntityOfPage":{"@id":"https:\/\/nid.pl\/2021\/11\/23\/ochrona-zabytkow-w-polskich-gminach-raport-gus\/"},"wordCount":286,"commentCount":0,"publisher":{"@id":"https:\/\/nid.pl\/#organization"},"articleSection":["Aktualno\u015bci"],"inLanguage":"en-GB"},{"@type":"WebPage","@id":"https:\/\/nid.pl\/2021\/11\/23\/ochrona-zabytkow-w-polskich-gminach-raport-gus\/","url":"https:\/\/nid.pl\/2021\/11\/23\/ochrona-zabytkow-w-polskich-gminach-raport-gus\/","name":"Ochrona zabytk\u00f3w w polskich gminach \u2013 raport GUS - NID","isPartOf":{"@id":"https:\/\/nid.pl\/#website"},"datePublished":"2021-11-23T13:32:03+00:00","dateModified":"2022-02-14T11:53:08+00:00","breadcrumb":{"@id":"https:\/\/nid.pl\/2021\/11\/23\/ochrona-zabytkow-w-polskich-gminach-raport-gus\/#breadcrumb"},"inLanguage":"en-GB","potentialAction":[{"@type":"ReadAction","target":["https:\/\/nid.pl\/2021\/11\/23\/ochrona-zabytkow-w-polskich-gminach-raport-gus\/"]}]},{"@type":"BreadcrumbList","@id":"https:\/\/nid.pl\/2021\/11\/23\/ochrona-zabytkow-w-polskich-gminach-raport-gus\/#breadcrumb","itemListElement":[{"@type":"ListItem","position":1,"name":"Home","item":"https:\/\/nid.pl\/"},{"@type":"ListItem","position":2,"name":"Ochrona zabytk\u00f3w w polskich gminach \u2013 raport GUS"}]},{"@type":"WebSite","@id":"https:\/\/nid.pl\/#website","url":"https:\/\/nid.pl\/","name":"NID","description":"Narodowy Instytut Dziedzictwa","publisher":{"@id":"https:\/\/nid.pl\/#organization"},"potentialAction":[{"@type":"SearchAction","target":{"@type":"EntryPoint","urlTemplate":"https:\/\/nid.pl\/?s={search_term_string}"},"query-input":{"@type":"PropertyValueSpecification","valueRequired":true,"valueName":"search_term_string"}}],"inLanguage":"en-GB"},{"@type":"Organization","@id":"https:\/\/nid.pl\/#organization","name":"Narodowy Instytut Dziedzictwa","url":"https:\/\/nid.pl\/","logo":{"@type":"ImageObject","inLanguage":"en-GB","@id":"https:\/\/nid.pl\/#\/schema\/logo\/image\/","url":"https:\/\/nid.pl\/wp-content\/uploads\/2022\/10\/logoRedDark.png","contentUrl":"https:\/\/nid.pl\/wp-content\/uploads\/2022\/10\/logoRedDark.png","width":200,"height":197,"caption":"Narodowy Instytut Dziedzictwa"},"image":{"@id":"https:\/\/nid.pl\/#\/schema\/logo\/image\/"},"sameAs":["https:\/\/www.facebook.com\/zabytek","https:\/\/x.com\/NarIDpl","https:\/\/www.instagram.com\/nid.pl\/?hl=pl","https:\/\/www.linkedin.com\/company\/narodowy-instytut-dziedzictwa","https:\/\/www.youtube.com\/channel\/UCQXuhKa2uHtmNvLRUSx40JA"]},{"@type":"Person","@id":"https:\/\/nid.pl\/#\/schema\/person\/63074d6576b98de2c15b1d8543283f96","name":"Paulina Soboniak","image":{"@type":"ImageObject","inLanguage":"en-GB","@id":"https:\/\/nid.pl\/#\/schema\/person\/image\/","url":"https:\/\/nid.pl\/wp-content\/litespeed\/avatar\/1d5bf3174a401c0cc1488d0950e56c05.jpg?ver=1777448390","contentUrl":"https:\/\/nid.pl\/wp-content\/litespeed\/avatar\/1d5bf3174a401c0cc1488d0950e56c05.jpg?ver=1777448390","caption":"Paulina Soboniak"},"url":"https:\/\/nid.pl\/en\/author\/psoboniak\/"}]}},"_links":{"self":[{"href":"https:\/\/nid.pl\/en\/wp-json\/wp\/v2\/posts\/2888","targetHints":{"allow":["GET"]}}],"collection":[{"href":"https:\/\/nid.pl\/en\/wp-json\/wp\/v2\/posts"}],"about":[{"href":"https:\/\/nid.pl\/en\/wp-json\/wp\/v2\/types\/post"}],"author":[{"embeddable":true,"href":"https:\/\/nid.pl\/en\/wp-json\/wp\/v2\/users\/3"}],"replies":[{"embeddable":true,"href":"https:\/\/nid.pl\/en\/wp-json\/wp\/v2\/comments?post=2888"}],"version-history":[{"count":0,"href":"https:\/\/nid.pl\/en\/wp-json\/wp\/v2\/posts\/2888\/revisions"}],"wp:attachment":[{"href":"https:\/\/nid.pl\/en\/wp-json\/wp\/v2\/media?parent=2888"}],"wp:term":[{"taxonomy":"category","embeddable":true,"href":"https:\/\/nid.pl\/en\/wp-json\/wp\/v2\/categories?post=2888"},{"taxonomy":"post_tag","embeddable":true,"href":"https:\/\/nid.pl\/en\/wp-json\/wp\/v2\/tags?post=2888"}],"curies":[{"name":"wp","href":"https:\/\/api.w.org\/{rel}","templated":true}]}}