{"id":28567,"date":"2025-07-29T14:59:58","date_gmt":"2025-07-29T12:59:58","guid":{"rendered":"https:\/\/nid.pl\/?p=28567"},"modified":"2025-07-29T15:42:46","modified_gmt":"2025-07-29T13:42:46","slug":"wakacje-podlasie","status":"publish","type":"post","link":"https:\/\/nid.pl\/en\/2025\/07\/29\/wakacje-podlasie\/","title":{"rendered":"Zabytki na Podlasiu"},"content":{"rendered":"<p><strong>Na Podlasiu podobno tylko cisza i spok\u00f3j\u2026 A czy s\u0105 tam zabytki? Oczywi\u015bcie! Podpowiadamy, jak je znale\u017a\u0107 &#8211; w puszczy i nie tylko.<\/strong><\/p>\n\n\n\n<p>,Kraina Otwartych Okiennic &#8211; zachowane uk\u0142ady ruralistyczne wsi, m.in. Soce i Trze\u015bcianka zachwycaj\u0105 tradycyjn\u0105 drewnian\u0105 zabudow\u0105 oraz kolorowymi zdobieniami okiennic i naro\u017cnik\u00f3w. Wi\u0119cej: <a href=\"https:\/\/zabytek.pl\/pl\/wycieczki\/kraina-otwartych-okiennic\" target=\"_blank\" rel=\"noreferrer noopener\">Kraina otwartych okiennic &#8211; zabytek.pl<\/a><\/p>\n\n\n\n<p>Lamusy w Kalin\u00f3wce Ko\u015bcielnej i Knyszynie to prawdziwe pere\u0142ki ludowego budownictwa, b\u0119d\u0105ce jednymi z nielicznych zachowanych do dzi\u015b lamus\u00f3w podcieniowych. Wi\u0119cej: <a href=\"https:\/\/zabytek.pl\/pl\/obiekty\/kalinowka-koscielna-lamus-plebanski-ob-izba-regionalna\" target=\"_blank\" rel=\"noreferrer noopener\">Lamus \u2013 zabytek.pl<\/a><\/p>\n\n\n\n<figure class=\"wp-block-image size-large\"><img loading=\"lazy\" decoding=\"async\" width=\"1024\" height=\"683\" src=\"https:\/\/nid.pl\/wp-content\/uploads\/2025\/07\/Lamus-plebanski-w-Kalinowce-Koscielnej-fot.-Karol-Czajkowski-NID-1024x683.jpg\" alt=\"\" class=\"wp-image-28577\" srcset=\"https:\/\/nid.pl\/wp-content\/uploads\/2025\/07\/Lamus-plebanski-w-Kalinowce-Koscielnej-fot.-Karol-Czajkowski-NID-980x653.jpg 980w, https:\/\/nid.pl\/wp-content\/uploads\/2025\/07\/Lamus-plebanski-w-Kalinowce-Koscielnej-fot.-Karol-Czajkowski-NID-480x320.jpg 480w\" sizes=\"(min-width: 0px) and (max-width: 480px) 480px, (min-width: 481px) and (max-width: 980px) 980px, (min-width: 981px) 1024px, 100vw\" \/><figcaption class=\"wp-element-caption\">Lamus pleba\u0144ski w Kalin\u00f3wce Ko\u015bcielnej. Widok od po\u0142udniowego wschodu. Stan na 2022 r., fot. Karol Czajkowski NID<\/figcaption><\/figure>\n\n\n\n<p>Ruiny pa\u0142ac\u00f3w w Hieronimowie i Dowspudzie &#8211; Hieronimowo to pozosta\u0142o\u015bci klasycystycznego pa\u0142acu i za\u0142o\u017cenia dworsko-ogrodowego genera\u0142a Kazimierza Dzieko\u0144skiego. W Dowspudzie mo\u017cna podziwia\u0107 portyk i wie\u017cyczk\u0119 &#8211; fragmenty jednej z pierwszych rezydencji neogotyckich w Polsce, zbudowanej przez Ludwika Micha\u0142a Paca. Wi\u0119cej: <a href=\"https:\/\/zabytek.pl\/pl\/obiekty\/dowspuda-zespol-palacowo-parkowy-pacow\">Dowspuda &#8211; pozosta\u0142o\u015bci zespo\u0142u pa\u0142acowego \u2013 zabytek.pl<\/a><\/p>\n\n\n\n<p>Wiatraki &#8211; w Koryciskach, D\u0105browie Bia\u0142ostockiej i Studziankach zobaczy\u0107 mo\u017cna przyk\u0142ady wiatrak\u00f3w typu holenderskiego. Co ciekawe, na Podlasiu wykszta\u0142ci\u0142 si\u0119 r\u00f3wnie\u017c lokalny typ &#8211; tzw. wiatrak sok\u00f3lski. Wiele z nich znajduje si\u0119 w stanie ruiny &#8211; mo\u017ce to ostatni moment, by je zobaczy\u0107 i doceni\u0107 ich obecno\u015b\u0107 w krajobrazie. Wi\u0119cej: <a href=\"https:\/\/zabytek.pl\/pl\/obiekty\/koryciski-wiatrak-holender\">Koryciski &#8211; wiatrak holender \u2013 zabytek.pl<\/a><\/p>\n\n\n\n<figure class=\"wp-block-image size-large\"><img loading=\"lazy\" decoding=\"async\" width=\"1024\" height=\"683\" src=\"https:\/\/nid.pl\/wp-content\/uploads\/2025\/07\/Koryciski-wiatrak-holender-fot.-R.-Trochimiak-NID-1024x683.jpg\" alt=\"\" class=\"wp-image-28576\" srcset=\"https:\/\/nid.pl\/wp-content\/uploads\/2025\/07\/Koryciski-wiatrak-holender-fot.-R.-Trochimiak-NID-980x653.jpg 980w, https:\/\/nid.pl\/wp-content\/uploads\/2025\/07\/Koryciski-wiatrak-holender-fot.-R.-Trochimiak-NID-480x320.jpg 480w\" sizes=\"(min-width: 0px) and (max-width: 480px) 480px, (min-width: 481px) and (max-width: 980px) 980px, (min-width: 981px) 1024px, 100vw\" \/><figcaption class=\"wp-element-caption\">Koryciski, wiatrak holender, widok od po\u0142udniowego zachodu, stan na 2022 r., fot. Rados\u0142aw Trochimiak, NID<\/figcaption><\/figure>\n\n\n\n<p>Cerkwie i molenny staroobrz\u0119dowc\u00f3w &#8211; drewniane, cz\u0119sto kolorowo malowane \u015bwi\u0105tynie stanowi\u0105 charakterystyczny element podlaskiego krajobrazu. Wi\u0119cej: <a href=\"https:\/\/zabytek.pl\/pl\/kolekcje\/cerkwie-pounickie-podlasia\">Cerkwie pounickie Podlasia \u2013 zabytek.pl<\/a><\/p>\n\n\n\n<figure class=\"wp-block-image size-large\"><img loading=\"lazy\" decoding=\"async\" width=\"1024\" height=\"683\" src=\"https:\/\/nid.pl\/wp-content\/uploads\/2025\/07\/Puchly-prawoslawna-cerkiew-parafialna-fot.-Aneta-Kulak-NID-1024x683.jpg\" alt=\"\" class=\"wp-image-28575\" srcset=\"https:\/\/nid.pl\/wp-content\/uploads\/2025\/07\/Puchly-prawoslawna-cerkiew-parafialna-fot.-Aneta-Kulak-NID-980x653.jpg 980w, https:\/\/nid.pl\/wp-content\/uploads\/2025\/07\/Puchly-prawoslawna-cerkiew-parafialna-fot.-Aneta-Kulak-NID-480x320.jpg 480w\" sizes=\"(min-width: 0px) and (max-width: 480px) 480px, (min-width: 481px) and (max-width: 980px) 980px, (min-width: 981px) 1024px, 100vw\" \/><figcaption class=\"wp-element-caption\">Puch\u0142y, prawos\u0142awna cerkiew parafialna pw. Opieki Matki Bo\u017cej, widok od zach., stan na 2024 r., fot. Aneta Ku\u0142ak NID<\/figcaption><\/figure>\n\n\n\n<p>Nie zapominamy te\u017c o pomnikach historii &#8211; miejscach o szczeg\u00f3lnym znaczeniu dla historii Polski &#8211; jak meczety i mizary w Bohonikach i Kruszynianach, klasztor w Supra\u015blu, Kana\u0142 Augustowski, historyczny uk\u0142ad miasta Tykocin oraz modernistyczny zesp\u00f3\u0142 ko\u015bcio\u0142a pw. Chrystusa Kr\u00f3la i \u015bw. Rocha w Bia\u0142ymstoku.<\/p>\n\n\n\n<p>Wi\u0119cej zabytk\u00f3w Podlasia znajdziesz na <a href=\"https:\/\/zabytek.pl\/pl\" target=\"_blank\" rel=\"noreferrer noopener\">zabytek.pl<\/a> &#8211; tam odkryjesz r\u00f3wnie\u017c mniej znane, zapomniane obiekty, kt\u00f3re nie le\u017c\u0105 przy popularnych trasach. <br><strong>Zach\u0119camy do odwiedzania!<\/strong><\/p>\n\n\n\n<p><\/p>","protected":false},"excerpt":{"rendered":"<p>Na Podlasiu podobno tylko cisza i spok\u00f3j\u2026 A czy s\u0105 tam zabytki? Oczywi\u015bcie! Podpowiadamy, jak je znale\u017a\u0107 &#8211; w puszczy i nie tylko. ,Kraina Otwartych Okiennic &#8211; zachowane uk\u0142ady ruralistyczne [&hellip;]<\/p>","protected":false},"author":4,"featured_media":28577,"comment_status":"closed","ping_status":"closed","sticky":false,"template":"","format":"standard","meta":{"_et_pb_use_builder":"off","_et_pb_old_content":"","_et_gb_content_width":"","_monsterinsights_skip_tracking":false,"_monsterinsights_sitenote_active":false,"_monsterinsights_sitenote_note":"","_monsterinsights_sitenote_category":0,"footnotes":""},"categories":[146],"tags":[],"class_list":["post-28567","post","type-post","status-publish","format-standard","has-post-thumbnail","hentry","category-wakacje-z-nid"],"yoast_head":"<!-- This site is optimized with the Yoast SEO plugin v26.5 - https:\/\/yoast.com\/wordpress\/plugins\/seo\/ -->\n<title>Zabytki na Podlasiu - NID<\/title>\n<meta name=\"robots\" content=\"index, follow, max-snippet:-1, max-image-preview:large, max-video-preview:-1\" \/>\n<link rel=\"canonical\" href=\"https:\/\/nid.pl\/en\/2025\/07\/29\/wakacje-podlasie\/\" \/>\n<meta property=\"og:locale\" content=\"en_GB\" \/>\n<meta property=\"og:type\" content=\"article\" \/>\n<meta property=\"og:title\" content=\"Zabytki na Podlasiu - NID\" \/>\n<meta property=\"og:description\" content=\"Na Podlasiu podobno tylko cisza i spok\u00f3j\u2026 A czy s\u0105 tam zabytki? Oczywi\u015bcie! Podpowiadamy, jak je znale\u017a\u0107 &#8211; w puszczy i nie tylko. ,Kraina Otwartych Okiennic &#8211; zachowane uk\u0142ady ruralistyczne [&hellip;]\" \/>\n<meta property=\"og:url\" content=\"https:\/\/nid.pl\/en\/2025\/07\/29\/wakacje-podlasie\/\" \/>\n<meta property=\"og:site_name\" content=\"NID\" \/>\n<meta property=\"article:publisher\" content=\"https:\/\/www.facebook.com\/zabytek\" \/>\n<meta property=\"article:published_time\" content=\"2025-07-29T12:59:58+00:00\" \/>\n<meta property=\"article:modified_time\" content=\"2025-07-29T13:42:46+00:00\" \/>\n<meta property=\"og:image\" content=\"https:\/\/nid.pl\/wp-content\/uploads\/2025\/07\/Lamus-plebanski-w-Kalinowce-Koscielnej-fot.-Karol-Czajkowski-NID.jpg\" \/>\n\t<meta property=\"og:image:width\" content=\"1500\" \/>\n\t<meta property=\"og:image:height\" content=\"1000\" \/>\n\t<meta property=\"og:image:type\" content=\"image\/jpeg\" \/>\n<meta name=\"author\" content=\"Marta Or\u0119ziak\" \/>\n<meta name=\"twitter:card\" content=\"summary_large_image\" \/>\n<meta name=\"twitter:creator\" content=\"@NarIDpl\" \/>\n<meta name=\"twitter:site\" content=\"@NarIDpl\" \/>\n<meta name=\"twitter:label1\" content=\"Written by\" \/>\n\t<meta name=\"twitter:data1\" content=\"Marta Or\u0119ziak\" \/>\n\t<meta name=\"twitter:label2\" content=\"Estimated reading time\" \/>\n\t<meta name=\"twitter:data2\" content=\"3 minutes\" \/>\n<script type=\"application\/ld+json\" class=\"yoast-schema-graph\">{\"@context\":\"https:\/\/schema.org\",\"@graph\":[{\"@type\":\"Article\",\"@id\":\"https:\/\/nid.pl\/2025\/07\/29\/wakacje-podlasie\/#article\",\"isPartOf\":{\"@id\":\"https:\/\/nid.pl\/2025\/07\/29\/wakacje-podlasie\/\"},\"author\":{\"name\":\"Marta Or\u0119ziak\",\"@id\":\"https:\/\/nid.pl\/#\/schema\/person\/9d848c4a54b78bc2a1461f1c5d8de615\"},\"headline\":\"Zabytki na Podlasiu\",\"datePublished\":\"2025-07-29T12:59:58+00:00\",\"dateModified\":\"2025-07-29T13:42:46+00:00\",\"mainEntityOfPage\":{\"@id\":\"https:\/\/nid.pl\/2025\/07\/29\/wakacje-podlasie\/\"},\"wordCount\":388,\"publisher\":{\"@id\":\"https:\/\/nid.pl\/#organization\"},\"image\":{\"@id\":\"https:\/\/nid.pl\/2025\/07\/29\/wakacje-podlasie\/#primaryimage\"},\"thumbnailUrl\":\"https:\/\/nid.pl\/wp-content\/uploads\/2025\/07\/Lamus-plebanski-w-Kalinowce-Koscielnej-fot.-Karol-Czajkowski-NID.jpg\",\"articleSection\":[\"Wakacje z NID\"],\"inLanguage\":\"en-GB\"},{\"@type\":\"WebPage\",\"@id\":\"https:\/\/nid.pl\/2025\/07\/29\/wakacje-podlasie\/\",\"url\":\"https:\/\/nid.pl\/2025\/07\/29\/wakacje-podlasie\/\",\"name\":\"Zabytki na Podlasiu - NID\",\"isPartOf\":{\"@id\":\"https:\/\/nid.pl\/#website\"},\"primaryImageOfPage\":{\"@id\":\"https:\/\/nid.pl\/2025\/07\/29\/wakacje-podlasie\/#primaryimage\"},\"image\":{\"@id\":\"https:\/\/nid.pl\/2025\/07\/29\/wakacje-podlasie\/#primaryimage\"},\"thumbnailUrl\":\"https:\/\/nid.pl\/wp-content\/uploads\/2025\/07\/Lamus-plebanski-w-Kalinowce-Koscielnej-fot.-Karol-Czajkowski-NID.jpg\",\"datePublished\":\"2025-07-29T12:59:58+00:00\",\"dateModified\":\"2025-07-29T13:42:46+00:00\",\"breadcrumb\":{\"@id\":\"https:\/\/nid.pl\/2025\/07\/29\/wakacje-podlasie\/#breadcrumb\"},\"inLanguage\":\"en-GB\",\"potentialAction\":[{\"@type\":\"ReadAction\",\"target\":[\"https:\/\/nid.pl\/2025\/07\/29\/wakacje-podlasie\/\"]}]},{\"@type\":\"ImageObject\",\"inLanguage\":\"en-GB\",\"@id\":\"https:\/\/nid.pl\/2025\/07\/29\/wakacje-podlasie\/#primaryimage\",\"url\":\"https:\/\/nid.pl\/wp-content\/uploads\/2025\/07\/Lamus-plebanski-w-Kalinowce-Koscielnej-fot.-Karol-Czajkowski-NID.jpg\",\"contentUrl\":\"https:\/\/nid.pl\/wp-content\/uploads\/2025\/07\/Lamus-plebanski-w-Kalinowce-Koscielnej-fot.-Karol-Czajkowski-NID.jpg\",\"width\":1500,\"height\":1000,\"caption\":\"Lamus pleba\u0144ski w Kalin\u00f3wce Ko\u015bcielnej. Widok od po\u0142udniowego wschodu. Stan na 2022 r., fot. Karol Czajkowski NID\"},{\"@type\":\"BreadcrumbList\",\"@id\":\"https:\/\/nid.pl\/2025\/07\/29\/wakacje-podlasie\/#breadcrumb\",\"itemListElement\":[{\"@type\":\"ListItem\",\"position\":1,\"name\":\"Home\",\"item\":\"https:\/\/nid.pl\/\"},{\"@type\":\"ListItem\",\"position\":2,\"name\":\"Zabytki na Podlasiu\"}]},{\"@type\":\"WebSite\",\"@id\":\"https:\/\/nid.pl\/#website\",\"url\":\"https:\/\/nid.pl\/\",\"name\":\"NID\",\"description\":\"Narodowy Instytut Dziedzictwa\",\"publisher\":{\"@id\":\"https:\/\/nid.pl\/#organization\"},\"potentialAction\":[{\"@type\":\"SearchAction\",\"target\":{\"@type\":\"EntryPoint\",\"urlTemplate\":\"https:\/\/nid.pl\/?s={search_term_string}\"},\"query-input\":{\"@type\":\"PropertyValueSpecification\",\"valueRequired\":true,\"valueName\":\"search_term_string\"}}],\"inLanguage\":\"en-GB\"},{\"@type\":\"Organization\",\"@id\":\"https:\/\/nid.pl\/#organization\",\"name\":\"Narodowy Instytut Dziedzictwa\",\"url\":\"https:\/\/nid.pl\/\",\"logo\":{\"@type\":\"ImageObject\",\"inLanguage\":\"en-GB\",\"@id\":\"https:\/\/nid.pl\/#\/schema\/logo\/image\/\",\"url\":\"https:\/\/nid.pl\/wp-content\/uploads\/2022\/10\/logoRedDark.png\",\"contentUrl\":\"https:\/\/nid.pl\/wp-content\/uploads\/2022\/10\/logoRedDark.png\",\"width\":200,\"height\":197,\"caption\":\"Narodowy Instytut Dziedzictwa\"},\"image\":{\"@id\":\"https:\/\/nid.pl\/#\/schema\/logo\/image\/\"},\"sameAs\":[\"https:\/\/www.facebook.com\/zabytek\",\"https:\/\/x.com\/NarIDpl\",\"https:\/\/www.instagram.com\/nid.pl\/?hl=pl\",\"https:\/\/www.linkedin.com\/company\/narodowy-instytut-dziedzictwa\",\"https:\/\/www.youtube.com\/channel\/UCQXuhKa2uHtmNvLRUSx40JA\"]},{\"@type\":\"Person\",\"@id\":\"https:\/\/nid.pl\/#\/schema\/person\/9d848c4a54b78bc2a1461f1c5d8de615\",\"name\":\"Marta Or\u0119ziak\",\"image\":{\"@type\":\"ImageObject\",\"inLanguage\":\"en-GB\",\"@id\":\"https:\/\/nid.pl\/#\/schema\/person\/image\/\",\"url\":\"https:\/\/nid.pl\/wp-content\/litespeed\/avatar\/3cdc296a7eb01425272974c992bee3ea.jpg?ver=1777445267\",\"contentUrl\":\"https:\/\/nid.pl\/wp-content\/litespeed\/avatar\/3cdc296a7eb01425272974c992bee3ea.jpg?ver=1777445267\",\"caption\":\"Marta Or\u0119ziak\"},\"url\":\"https:\/\/nid.pl\/en\/author\/moreziak\/\"}]}<\/script>\n<!-- \/ Yoast SEO plugin. -->","yoast_head_json":{"title":"Zabytki na Podlasiu - NID","robots":{"index":"index","follow":"follow","max-snippet":"max-snippet:-1","max-image-preview":"max-image-preview:large","max-video-preview":"max-video-preview:-1"},"canonical":"https:\/\/nid.pl\/en\/2025\/07\/29\/wakacje-podlasie\/","og_locale":"en_GB","og_type":"article","og_title":"Zabytki na Podlasiu - NID","og_description":"Na Podlasiu podobno tylko cisza i spok\u00f3j\u2026 A czy s\u0105 tam zabytki? Oczywi\u015bcie! Podpowiadamy, jak je znale\u017a\u0107 &#8211; w puszczy i nie tylko. ,Kraina Otwartych Okiennic &#8211; zachowane uk\u0142ady ruralistyczne [&hellip;]","og_url":"https:\/\/nid.pl\/en\/2025\/07\/29\/wakacje-podlasie\/","og_site_name":"NID","article_publisher":"https:\/\/www.facebook.com\/zabytek","article_published_time":"2025-07-29T12:59:58+00:00","article_modified_time":"2025-07-29T13:42:46+00:00","og_image":[{"width":1500,"height":1000,"url":"https:\/\/nid.pl\/wp-content\/uploads\/2025\/07\/Lamus-plebanski-w-Kalinowce-Koscielnej-fot.-Karol-Czajkowski-NID.jpg","type":"image\/jpeg"}],"author":"Marta Or\u0119ziak","twitter_card":"summary_large_image","twitter_creator":"@NarIDpl","twitter_site":"@NarIDpl","twitter_misc":{"Written by":"Marta Or\u0119ziak","Estimated reading time":"3 minutes"},"schema":{"@context":"https:\/\/schema.org","@graph":[{"@type":"Article","@id":"https:\/\/nid.pl\/2025\/07\/29\/wakacje-podlasie\/#article","isPartOf":{"@id":"https:\/\/nid.pl\/2025\/07\/29\/wakacje-podlasie\/"},"author":{"name":"Marta Or\u0119ziak","@id":"https:\/\/nid.pl\/#\/schema\/person\/9d848c4a54b78bc2a1461f1c5d8de615"},"headline":"Zabytki na Podlasiu","datePublished":"2025-07-29T12:59:58+00:00","dateModified":"2025-07-29T13:42:46+00:00","mainEntityOfPage":{"@id":"https:\/\/nid.pl\/2025\/07\/29\/wakacje-podlasie\/"},"wordCount":388,"publisher":{"@id":"https:\/\/nid.pl\/#organization"},"image":{"@id":"https:\/\/nid.pl\/2025\/07\/29\/wakacje-podlasie\/#primaryimage"},"thumbnailUrl":"https:\/\/nid.pl\/wp-content\/uploads\/2025\/07\/Lamus-plebanski-w-Kalinowce-Koscielnej-fot.-Karol-Czajkowski-NID.jpg","articleSection":["Wakacje z NID"],"inLanguage":"en-GB"},{"@type":"WebPage","@id":"https:\/\/nid.pl\/2025\/07\/29\/wakacje-podlasie\/","url":"https:\/\/nid.pl\/2025\/07\/29\/wakacje-podlasie\/","name":"Zabytki na Podlasiu - NID","isPartOf":{"@id":"https:\/\/nid.pl\/#website"},"primaryImageOfPage":{"@id":"https:\/\/nid.pl\/2025\/07\/29\/wakacje-podlasie\/#primaryimage"},"image":{"@id":"https:\/\/nid.pl\/2025\/07\/29\/wakacje-podlasie\/#primaryimage"},"thumbnailUrl":"https:\/\/nid.pl\/wp-content\/uploads\/2025\/07\/Lamus-plebanski-w-Kalinowce-Koscielnej-fot.-Karol-Czajkowski-NID.jpg","datePublished":"2025-07-29T12:59:58+00:00","dateModified":"2025-07-29T13:42:46+00:00","breadcrumb":{"@id":"https:\/\/nid.pl\/2025\/07\/29\/wakacje-podlasie\/#breadcrumb"},"inLanguage":"en-GB","potentialAction":[{"@type":"ReadAction","target":["https:\/\/nid.pl\/2025\/07\/29\/wakacje-podlasie\/"]}]},{"@type":"ImageObject","inLanguage":"en-GB","@id":"https:\/\/nid.pl\/2025\/07\/29\/wakacje-podlasie\/#primaryimage","url":"https:\/\/nid.pl\/wp-content\/uploads\/2025\/07\/Lamus-plebanski-w-Kalinowce-Koscielnej-fot.-Karol-Czajkowski-NID.jpg","contentUrl":"https:\/\/nid.pl\/wp-content\/uploads\/2025\/07\/Lamus-plebanski-w-Kalinowce-Koscielnej-fot.-Karol-Czajkowski-NID.jpg","width":1500,"height":1000,"caption":"Lamus pleba\u0144ski w Kalin\u00f3wce Ko\u015bcielnej. Widok od po\u0142udniowego wschodu. Stan na 2022 r., fot. Karol Czajkowski NID"},{"@type":"BreadcrumbList","@id":"https:\/\/nid.pl\/2025\/07\/29\/wakacje-podlasie\/#breadcrumb","itemListElement":[{"@type":"ListItem","position":1,"name":"Home","item":"https:\/\/nid.pl\/"},{"@type":"ListItem","position":2,"name":"Zabytki na Podlasiu"}]},{"@type":"WebSite","@id":"https:\/\/nid.pl\/#website","url":"https:\/\/nid.pl\/","name":"NID","description":"Narodowy Instytut Dziedzictwa","publisher":{"@id":"https:\/\/nid.pl\/#organization"},"potentialAction":[{"@type":"SearchAction","target":{"@type":"EntryPoint","urlTemplate":"https:\/\/nid.pl\/?s={search_term_string}"},"query-input":{"@type":"PropertyValueSpecification","valueRequired":true,"valueName":"search_term_string"}}],"inLanguage":"en-GB"},{"@type":"Organization","@id":"https:\/\/nid.pl\/#organization","name":"Narodowy Instytut Dziedzictwa","url":"https:\/\/nid.pl\/","logo":{"@type":"ImageObject","inLanguage":"en-GB","@id":"https:\/\/nid.pl\/#\/schema\/logo\/image\/","url":"https:\/\/nid.pl\/wp-content\/uploads\/2022\/10\/logoRedDark.png","contentUrl":"https:\/\/nid.pl\/wp-content\/uploads\/2022\/10\/logoRedDark.png","width":200,"height":197,"caption":"Narodowy Instytut Dziedzictwa"},"image":{"@id":"https:\/\/nid.pl\/#\/schema\/logo\/image\/"},"sameAs":["https:\/\/www.facebook.com\/zabytek","https:\/\/x.com\/NarIDpl","https:\/\/www.instagram.com\/nid.pl\/?hl=pl","https:\/\/www.linkedin.com\/company\/narodowy-instytut-dziedzictwa","https:\/\/www.youtube.com\/channel\/UCQXuhKa2uHtmNvLRUSx40JA"]},{"@type":"Person","@id":"https:\/\/nid.pl\/#\/schema\/person\/9d848c4a54b78bc2a1461f1c5d8de615","name":"Marta Or\u0119ziak","image":{"@type":"ImageObject","inLanguage":"en-GB","@id":"https:\/\/nid.pl\/#\/schema\/person\/image\/","url":"https:\/\/nid.pl\/wp-content\/litespeed\/avatar\/3cdc296a7eb01425272974c992bee3ea.jpg?ver=1777445267","contentUrl":"https:\/\/nid.pl\/wp-content\/litespeed\/avatar\/3cdc296a7eb01425272974c992bee3ea.jpg?ver=1777445267","caption":"Marta Or\u0119ziak"},"url":"https:\/\/nid.pl\/en\/author\/moreziak\/"}]}},"_links":{"self":[{"href":"https:\/\/nid.pl\/en\/wp-json\/wp\/v2\/posts\/28567","targetHints":{"allow":["GET"]}}],"collection":[{"href":"https:\/\/nid.pl\/en\/wp-json\/wp\/v2\/posts"}],"about":[{"href":"https:\/\/nid.pl\/en\/wp-json\/wp\/v2\/types\/post"}],"author":[{"embeddable":true,"href":"https:\/\/nid.pl\/en\/wp-json\/wp\/v2\/users\/4"}],"replies":[{"embeddable":true,"href":"https:\/\/nid.pl\/en\/wp-json\/wp\/v2\/comments?post=28567"}],"version-history":[{"count":0,"href":"https:\/\/nid.pl\/en\/wp-json\/wp\/v2\/posts\/28567\/revisions"}],"wp:featuredmedia":[{"embeddable":true,"href":"https:\/\/nid.pl\/en\/wp-json\/wp\/v2\/media\/28577"}],"wp:attachment":[{"href":"https:\/\/nid.pl\/en\/wp-json\/wp\/v2\/media?parent=28567"}],"wp:term":[{"taxonomy":"category","embeddable":true,"href":"https:\/\/nid.pl\/en\/wp-json\/wp\/v2\/categories?post=28567"},{"taxonomy":"post_tag","embeddable":true,"href":"https:\/\/nid.pl\/en\/wp-json\/wp\/v2\/tags?post=28567"}],"curies":[{"name":"wp","href":"https:\/\/api.w.org\/{rel}","templated":true}]}}