{"id":28270,"date":"2025-07-22T15:52:16","date_gmt":"2025-07-22T13:52:16","guid":{"rendered":"https:\/\/nid.pl\/?p=28270"},"modified":"2026-04-09T15:22:00","modified_gmt":"2026-04-09T13:22:00","slug":"zabytek-zadbany-wyniki","status":"publish","type":"post","link":"https:\/\/nid.pl\/en\/2025\/07\/22\/zabytek-zadbany-wyniki\/","title":{"rendered":"Znamy wyniki konkursu \u201eZabytek Zadbany 2025\u201d"},"content":{"rendered":"<p class=\"has-medium-font-size\"><strong>W dniach 1\u20132 lipca 2025 roku odby\u0142o si\u0119 posiedzenie jury konkursu \u201eZabytek Zadbany\u201d, prowadzonego przez Ministra Kultury i Dziedzictwa Narodowego oraz Generalnego Konserwatora Zabytk\u00f3w. Spo\u015br\u00f3d 67 zg\u0142oszonych obiekt\u00f3w wyr\u00f3\u017cniono 22 zabytki. Warto podkre\u015bli\u0107, \u017ce w tym roku konkurs obchodzi swoje 50-lecie, co dodatkowo czyni to wydarzenie wyj\u0105tkowym.<\/strong><\/p>\n\n\n\n<p>\u201eZabytek Zadbany\u201d to og\u00f3lnopolski konkurs Ministra Kultury i Dziedzictwa Narodowego oraz Generalnego Konserwatora Zabytk\u00f3w, kt\u00f3rego procedur\u0119 organizacyjn\u0105 prowadzi Narodowy Instytut Dziedzictwa. Jego g\u0142\u00f3wnym celem jest promocja i upowszechnianie najlepszych prac konserwatorskich, budowlanych, rewitalizacyjnych i adaptacyjnych zrealizowanych zgodnie z najwa\u017cniejszymi standardami badawczymi oraz wykonawczymi. Konkurs rozstrzygany jest corocznie od 50 lat. O miano laureat\u00f3w oraz wyr\u00f3\u017cnionych ubiega\u0107 si\u0119 mog\u0105 w\u0142a\u015bciciele i zarz\u0105dcy zabytkowych nieruchomo\u015bci, kt\u00f3rzy wzorowo oraz konsekwentnie prowadz\u0105 dzia\u0142ania \u2013 badawcze, rewitalizacyjne, konserwatorskie i budowlane.<\/p>\n\n\n\n<p><strong>Jury obradowa\u0142o w sk\u0142adzie:<\/strong><\/p>\n\n\n\n<ol class=\"wp-block-list\">\n<li>prof. dr hab. in\u017c. arch. Ma\u0142gorzata Rozbicka (przewodnicz\u0105ca jury)<\/li>\n\n\n\n<li>prof. dr hab. in\u017c. Jerzy Jasie\u0144ko (zast\u0119pca przewodnicz\u0105cego)<\/li>\n\n\n\n<li>dr Ma\u0142gorzata Gwiazdowska<\/li>\n\n\n\n<li>Marlena Happach (dyrektorka Narodowego Instytutu Dziedzictwa)<\/li>\n\n\n\n<li>dr hab. Miron Urbaniak<\/li>\n<\/ol>\n\n\n\n<p>Do oceny jury przedstawiono <strong>67 zg\u0142osze\u0144<\/strong> formalnych w nast\u0119puj\u0105cych kategoriach:<\/p>\n\n\n\n<ul class=\"wp-block-list\">\n<li>Kategoria specjalna: w\u0142a\u015bciwe u\u017cytkowanie i sta\u0142a opieka nad zabytkiem (7 zg\u0142osze\u0144)<\/li>\n\n\n\n<li>Utrwalenie warto\u015bci zabytkowej obiektu (15 zg\u0142osze\u0144)<\/li>\n\n\n\n<li>Rewaloryzacja przestrzeni kulturowej i krajobrazu (9 zg\u0142osze\u0144)<\/li>\n\n\n\n<li>Adaptacja obiekt\u00f3w zabytkowych (25 zg\u0142osze\u0144)<\/li>\n\n\n\n<li>Architektura i budownictwo drewniane (6 zg\u0142osze\u0144)<\/li>\n\n\n\n<li>Zabytki techniki (2 zg\u0142oszenia)<\/li>\n\n\n\n<li>Zabytek dost\u0119pny (3 zg\u0142oszenia)<\/li>\n<\/ul>\n\n\n\n<p>Zgodnie z regulaminem konkursu Jury dokona\u0142o zmian kategorii dla cz\u0119\u015bci zg\u0142oszonych obiekt\u00f3w. Zabytki nagrodzone i wyr\u00f3\u017cnione zosta\u0142y wy\u0142onione w g\u0142osowaniu.<\/p>\n\n\n\n<p><\/p>\n\n\n\n<p><strong>Kategoria specjalna w\u0142a\u015bciwego u\u017cytkowania i sta\u0142ej opieki nad zabytkiem<\/strong><\/p>\n\n\n\n<p><strong>Nagrody<\/strong><\/p>\n\n\n\n<p><strong>1. Ko\u015bci\u00f3\u0142 \u015awi\u0119tego Jana \u2013 Centrum \u015bw. Jana w Gda\u0144sku, woj. pomorskie<\/strong><\/p>\n\n\n\n<p>Nagroda<br>dla<br><em>Nadba\u0142tyckiego Centrum Kultury w Gda\u0144sku<\/em><\/p>\n\n\n\n<p>Ko\u015bci\u00f3\u0142 \u015awi\u0119tego Jana \u2013 obecne Centrum \u015awi\u0119tego Jana \u2013 to jedna z najcenniejszych i najbardziej monumentalnych gda\u0144skich \u015bwi\u0105ty\u0144. Obecna forma architektoniczna z tr\u00f3jnawowym, halowym korpusem oraz prezbiterium pochodzi z II po\u0142owy XV w., wyposa\u017cenie wn\u0119trza to g\u0142\u00f3wnie obiekty nowo\u017cytne. Ko\u015bci\u00f3\u0142 zosta\u0142 zniszczony w marcu 1945 roku (wyposa\u017cenie ewakuowano wcze\u015bniej), po wojnie zosta\u0142 dora\u017anie zabezpieczony. Kompleksowe prace konserwatorskie i rewaloryzacyjne rozpocz\u0119\u0142y si\u0119 w 1995 roku. Ko\u015bci\u00f3\u0142 \u0142\u0105czy obecnie przeznaczenie sakralne i rozbudowane funkcje kulturalne.<\/p>\n\n\n\n<ol class=\"wp-block-list\">\n<li><\/li>\n<\/ol>\n\n\n\n<p><\/p>\n\n\n\n<div class=\"wp-block-columns is-layout-flex wp-container-core-columns-is-layout-9d6595d7 wp-block-columns-is-layout-flex\">\n<div class=\"wp-block-column is-layout-flow wp-block-column-is-layout-flow\">\n<figure data-wp-context=\"{&quot;imageId&quot;:&quot;69f5ca8157175&quot;}\" data-wp-interactive=\"core\/image\" data-wp-key=\"69f5ca8157175\" class=\"wp-block-image size-large wp-lightbox-container\"><img loading=\"lazy\" decoding=\"async\" width=\"1024\" height=\"576\" data-wp-class--hide=\"state.isContentHidden\" data-wp-class--show=\"state.isContentVisible\" data-wp-init=\"callbacks.setButtonStyles\" data-wp-on--click=\"actions.showLightbox\" data-wp-on--load=\"callbacks.setButtonStyles\" data-wp-on-window--resize=\"callbacks.setButtonStyles\" src=\"https:\/\/nid.pl\/wp-content\/uploads\/2025\/07\/Kat.-specjalna_nagroda_Gdansk_kosciol-sw-Jana_fot_Nadbaltyckie-Centrum-Kultury-1-1024x576.jpg\" alt=\"\" class=\"wp-image-28305\" srcset=\"https:\/\/nid.pl\/wp-content\/uploads\/2025\/07\/Kat.-specjalna_nagroda_Gdansk_kosciol-sw-Jana_fot_Nadbaltyckie-Centrum-Kultury-1-980x551.jpg 980w, https:\/\/nid.pl\/wp-content\/uploads\/2025\/07\/Kat.-specjalna_nagroda_Gdansk_kosciol-sw-Jana_fot_Nadbaltyckie-Centrum-Kultury-1-480x270.jpg 480w\" sizes=\"(min-width: 0px) and (max-width: 480px) 480px, (min-width: 481px) and (max-width: 980px) 980px, (min-width: 981px) 1024px, 100vw\" \/><button\n\t\t\tclass=\"lightbox-trigger\"\n\t\t\ttype=\"button\"\n\t\t\taria-haspopup=\"dialog\"\n\t\t\taria-label=\"Enlarge\"\n\t\t\tdata-wp-init=\"callbacks.initTriggerButton\"\n\t\t\tdata-wp-on--click=\"actions.showLightbox\"\n\t\t\tdata-wp-style--right=\"state.imageButtonRight\"\n\t\t\tdata-wp-style--top=\"state.imageButtonTop\"\n\t\t>\n\t\t\t<svg xmlns=\"http:\/\/www.w3.org\/2000\/svg\" width=\"12\" height=\"12\" fill=\"none\" viewbox=\"0 0 12 12\">\n\t\t\t\t<path fill=\"#fff\" d=\"M2 0a2 2 0 0 0-2 2v2h1.5V2a.5.5 0 0 1 .5-.5h2V0H2Zm2 10.5H2a.5.5 0 0 1-.5-.5V8H0v2a2 2 0 0 0 2 2h2v-1.5ZM8 12v-1.5h2a.5.5 0 0 0 .5-.5V8H12v2a2 2 0 0 1-2 2H8Zm2-12a2 2 0 0 1 2 2v2h-1.5V2a.5.5 0 0 0-.5-.5H8V0h2Z\" \/>\n\t\t\t<\/svg>\n\t\t<\/button><figcaption class=\"wp-element-caption\">Gda\u0144sk, ko\u015bci\u00f3\u0142 \u015bw. Jana, fot. Nadba\u0142tyckie Centrum Kultury<\/figcaption><\/figure>\n<\/div>\n\n\n\n<div class=\"wp-block-column is-layout-flow wp-block-column-is-layout-flow\">\n<figure data-wp-context=\"{&quot;imageId&quot;:&quot;69f5ca8158095&quot;}\" data-wp-interactive=\"core\/image\" data-wp-key=\"69f5ca8158095\" class=\"wp-block-image size-large wp-lightbox-container\"><img loading=\"lazy\" decoding=\"async\" width=\"2560\" height=\"1441\" data-wp-class--hide=\"state.isContentHidden\" data-wp-class--show=\"state.isContentVisible\" data-wp-init=\"callbacks.setButtonStyles\" data-wp-on--click=\"actions.showLightbox\" data-wp-on--load=\"callbacks.setButtonStyles\" data-wp-on-window--resize=\"callbacks.setButtonStyles\" src=\"https:\/\/nid.pl\/wp-content\/uploads\/2025\/07\/Kat.-specjalna_nagroda_Gdansk_kosciol-sw-Jana_fot_Iwona-Berent-NCK-edited-scaled.jpg\" alt=\"\" class=\"wp-image-28314\" srcset=\"https:\/\/nid.pl\/wp-content\/uploads\/2025\/07\/Kat.-specjalna_nagroda_Gdansk_kosciol-sw-Jana_fot_Iwona-Berent-NCK-edited-scaled.jpg 2560w, https:\/\/nid.pl\/wp-content\/uploads\/2025\/07\/Kat.-specjalna_nagroda_Gdansk_kosciol-sw-Jana_fot_Iwona-Berent-NCK-edited-1280x721.jpg 1280w, https:\/\/nid.pl\/wp-content\/uploads\/2025\/07\/Kat.-specjalna_nagroda_Gdansk_kosciol-sw-Jana_fot_Iwona-Berent-NCK-edited-980x552.jpg 980w, https:\/\/nid.pl\/wp-content\/uploads\/2025\/07\/Kat.-specjalna_nagroda_Gdansk_kosciol-sw-Jana_fot_Iwona-Berent-NCK-edited-480x270.jpg 480w\" sizes=\"(min-width: 0px) and (max-width: 480px) 480px, (min-width: 481px) and (max-width: 980px) 980px, (min-width: 981px) and (max-width: 1280px) 1280px, (min-width: 1281px) 2560px, 100vw\" \/><button\n\t\t\tclass=\"lightbox-trigger\"\n\t\t\ttype=\"button\"\n\t\t\taria-haspopup=\"dialog\"\n\t\t\taria-label=\"Enlarge\"\n\t\t\tdata-wp-init=\"callbacks.initTriggerButton\"\n\t\t\tdata-wp-on--click=\"actions.showLightbox\"\n\t\t\tdata-wp-style--right=\"state.imageButtonRight\"\n\t\t\tdata-wp-style--top=\"state.imageButtonTop\"\n\t\t>\n\t\t\t<svg xmlns=\"http:\/\/www.w3.org\/2000\/svg\" width=\"12\" height=\"12\" fill=\"none\" viewbox=\"0 0 12 12\">\n\t\t\t\t<path fill=\"#fff\" d=\"M2 0a2 2 0 0 0-2 2v2h1.5V2a.5.5 0 0 1 .5-.5h2V0H2Zm2 10.5H2a.5.5 0 0 1-.5-.5V8H0v2a2 2 0 0 0 2 2h2v-1.5ZM8 12v-1.5h2a.5.5 0 0 0 .5-.5V8H12v2a2 2 0 0 1-2 2H8Zm2-12a2 2 0 0 1 2 2v2h-1.5V2a.5.5 0 0 0-.5-.5H8V0h2Z\" \/>\n\t\t\t<\/svg>\n\t\t<\/button><figcaption class=\"wp-element-caption\">Gda\u0144sk, ko\u015bci\u00f3\u0142 \u015bw. Jana, fot. NCK\/Iwona Berent<\/figcaption><\/figure>\n<\/div>\n\n\n\n<div class=\"wp-block-column is-layout-flow wp-block-column-is-layout-flow\">\n<figure data-wp-context=\"{&quot;imageId&quot;:&quot;69f5ca8158433&quot;}\" data-wp-interactive=\"core\/image\" data-wp-key=\"69f5ca8158433\" class=\"wp-block-image size-large wp-lightbox-container\"><img loading=\"lazy\" decoding=\"async\" width=\"2560\" height=\"1439\" data-wp-class--hide=\"state.isContentHidden\" data-wp-class--show=\"state.isContentVisible\" data-wp-init=\"callbacks.setButtonStyles\" data-wp-on--click=\"actions.showLightbox\" data-wp-on--load=\"callbacks.setButtonStyles\" data-wp-on-window--resize=\"callbacks.setButtonStyles\" src=\"https:\/\/nid.pl\/wp-content\/uploads\/2025\/07\/Kat.-specjalna_nagroda_Gdansk_kosciol-sw-Jana_fot_Tomasz-Blyskosz_NID-OT-Gdansk-1-edited-scaled.jpg\" alt=\"\" class=\"wp-image-28315\" srcset=\"https:\/\/nid.pl\/wp-content\/uploads\/2025\/07\/Kat.-specjalna_nagroda_Gdansk_kosciol-sw-Jana_fot_Tomasz-Blyskosz_NID-OT-Gdansk-1-edited-scaled.jpg 2560w, https:\/\/nid.pl\/wp-content\/uploads\/2025\/07\/Kat.-specjalna_nagroda_Gdansk_kosciol-sw-Jana_fot_Tomasz-Blyskosz_NID-OT-Gdansk-1-edited-1280x720.jpg 1280w, https:\/\/nid.pl\/wp-content\/uploads\/2025\/07\/Kat.-specjalna_nagroda_Gdansk_kosciol-sw-Jana_fot_Tomasz-Blyskosz_NID-OT-Gdansk-1-edited-980x551.jpg 980w, https:\/\/nid.pl\/wp-content\/uploads\/2025\/07\/Kat.-specjalna_nagroda_Gdansk_kosciol-sw-Jana_fot_Tomasz-Blyskosz_NID-OT-Gdansk-1-edited-480x270.jpg 480w\" sizes=\"(min-width: 0px) and (max-width: 480px) 480px, (min-width: 481px) and (max-width: 980px) 980px, (min-width: 981px) and (max-width: 1280px) 1280px, (min-width: 1281px) 2560px, 100vw\" \/><button\n\t\t\tclass=\"lightbox-trigger\"\n\t\t\ttype=\"button\"\n\t\t\taria-haspopup=\"dialog\"\n\t\t\taria-label=\"Enlarge\"\n\t\t\tdata-wp-init=\"callbacks.initTriggerButton\"\n\t\t\tdata-wp-on--click=\"actions.showLightbox\"\n\t\t\tdata-wp-style--right=\"state.imageButtonRight\"\n\t\t\tdata-wp-style--top=\"state.imageButtonTop\"\n\t\t>\n\t\t\t<svg xmlns=\"http:\/\/www.w3.org\/2000\/svg\" width=\"12\" height=\"12\" fill=\"none\" viewbox=\"0 0 12 12\">\n\t\t\t\t<path fill=\"#fff\" d=\"M2 0a2 2 0 0 0-2 2v2h1.5V2a.5.5 0 0 1 .5-.5h2V0H2Zm2 10.5H2a.5.5 0 0 1-.5-.5V8H0v2a2 2 0 0 0 2 2h2v-1.5ZM8 12v-1.5h2a.5.5 0 0 0 .5-.5V8H12v2a2 2 0 0 1-2 2H8Zm2-12a2 2 0 0 1 2 2v2h-1.5V2a.5.5 0 0 0-.5-.5H8V0h2Z\" \/>\n\t\t\t<\/svg>\n\t\t<\/button><figcaption class=\"wp-element-caption\">Gda\u0144sk, ko\u015bci\u00f3\u0142 \u015bw. Jana, fot. NID\/T. B\u0142yszkosz<\/figcaption><\/figure>\n\n\n\n<p><\/p>\n<\/div>\n<\/div>\n\n\n\n<p><strong>2. Dom Urodzenia Fryderyka Chopina i Park w \u017belazowej Woli, woj. mazowieckie<\/strong><\/p>\n\n\n\n<p>Nagroda<br>dla<br><em>Narodowego Instytutu Fryderyka Chopina<\/em><\/p>\n\n\n\n<p>Dom Urodzenia Fryderyka Chopina i Park w \u017belazowej Woli to miejsce upami\u0119tniaj\u0105ce jednego z najwybitniejszych kompozytor\u00f3w w historii muzyki. Obiekt obejmuje oficyn\u0119 dworsk\u0105, w kt\u00f3rej 1 marca 1810 r. urodzi\u0142 si\u0119 Fryderyk Chopin. W latach 30. XX wieku oficynie nadano form\u0119 szlacheckiego dworu i za\u0142o\u017cono wok\u00f3\u0142 modernistyczny park wed\u0142ug projektu wybitnego architekta krajobrazu mi\u0119dzywojnia, Franciszka Krzywdy-Polkowskiego. Zesp\u00f3\u0142 w \u017belazowej Woli jest plac\u00f3wk\u0105 muzealn\u0105, centrum edukacji i kultury muzycznej.<\/p>\n\n\n\n<p><\/p>\n\n\n\n<div class=\"wp-block-columns is-layout-flex wp-container-core-columns-is-layout-9d6595d7 wp-block-columns-is-layout-flex\">\n<div class=\"wp-block-column is-layout-flow wp-block-column-is-layout-flow\">\n<figure data-wp-context=\"{&quot;imageId&quot;:&quot;69f5ca81588eb&quot;}\" data-wp-interactive=\"core\/image\" data-wp-key=\"69f5ca81588eb\" class=\"wp-block-image size-large wp-lightbox-container\"><img loading=\"lazy\" decoding=\"async\" width=\"1024\" height=\"683\" data-wp-class--hide=\"state.isContentHidden\" data-wp-class--show=\"state.isContentVisible\" data-wp-init=\"callbacks.setButtonStyles\" data-wp-on--click=\"actions.showLightbox\" data-wp-on--load=\"callbacks.setButtonStyles\" data-wp-on-window--resize=\"callbacks.setButtonStyles\" src=\"https:\/\/nid.pl\/wp-content\/uploads\/2025\/07\/Kat.-specjalna_nagroda_Zelazowa-Wola_Dom-Chopina_fot_Pawel-Kobek_NID-1-1024x683.jpg\" alt=\"\" class=\"wp-image-28310\" srcset=\"https:\/\/nid.pl\/wp-content\/uploads\/2025\/07\/Kat.-specjalna_nagroda_Zelazowa-Wola_Dom-Chopina_fot_Pawel-Kobek_NID-1-980x653.jpg 980w, https:\/\/nid.pl\/wp-content\/uploads\/2025\/07\/Kat.-specjalna_nagroda_Zelazowa-Wola_Dom-Chopina_fot_Pawel-Kobek_NID-1-480x320.jpg 480w\" sizes=\"(min-width: 0px) and (max-width: 480px) 480px, (min-width: 481px) and (max-width: 980px) 980px, (min-width: 981px) 1024px, 100vw\" \/><button\n\t\t\tclass=\"lightbox-trigger\"\n\t\t\ttype=\"button\"\n\t\t\taria-haspopup=\"dialog\"\n\t\t\taria-label=\"Enlarge\"\n\t\t\tdata-wp-init=\"callbacks.initTriggerButton\"\n\t\t\tdata-wp-on--click=\"actions.showLightbox\"\n\t\t\tdata-wp-style--right=\"state.imageButtonRight\"\n\t\t\tdata-wp-style--top=\"state.imageButtonTop\"\n\t\t>\n\t\t\t<svg xmlns=\"http:\/\/www.w3.org\/2000\/svg\" width=\"12\" height=\"12\" fill=\"none\" viewbox=\"0 0 12 12\">\n\t\t\t\t<path fill=\"#fff\" d=\"M2 0a2 2 0 0 0-2 2v2h1.5V2a.5.5 0 0 1 .5-.5h2V0H2Zm2 10.5H2a.5.5 0 0 1-.5-.5V8H0v2a2 2 0 0 0 2 2h2v-1.5ZM8 12v-1.5h2a.5.5 0 0 0 .5-.5V8H12v2a2 2 0 0 1-2 2H8Zm2-12a2 2 0 0 1 2 2v2h-1.5V2a.5.5 0 0 0-.5-.5H8V0h2Z\" \/>\n\t\t\t<\/svg>\n\t\t<\/button><figcaption class=\"wp-element-caption\">\u017belazowa Wola, Dom Chopina, fot. NID\/P.Kobek<\/figcaption><\/figure>\n<\/div>\n\n\n\n<div class=\"wp-block-column is-layout-flow wp-block-column-is-layout-flow\">\n<figure data-wp-context=\"{&quot;imageId&quot;:&quot;69f5ca8158c68&quot;}\" data-wp-interactive=\"core\/image\" data-wp-key=\"69f5ca8158c68\" class=\"wp-block-image size-large wp-lightbox-container\"><img loading=\"lazy\" decoding=\"async\" width=\"1024\" height=\"686\" data-wp-class--hide=\"state.isContentHidden\" data-wp-class--show=\"state.isContentVisible\" data-wp-init=\"callbacks.setButtonStyles\" data-wp-on--click=\"actions.showLightbox\" data-wp-on--load=\"callbacks.setButtonStyles\" data-wp-on-window--resize=\"callbacks.setButtonStyles\" src=\"https:\/\/nid.pl\/wp-content\/uploads\/2025\/07\/Kat.-specjalna_nagroda_Zelazowa-Wola_Dom-Chopina_fot_M_Czechowicz-NIFCh-1024x686.jpg\" alt=\"\" class=\"wp-image-28309\" srcset=\"https:\/\/nid.pl\/wp-content\/uploads\/2025\/07\/Kat.-specjalna_nagroda_Zelazowa-Wola_Dom-Chopina_fot_M_Czechowicz-NIFCh-980x657.jpg 980w, https:\/\/nid.pl\/wp-content\/uploads\/2025\/07\/Kat.-specjalna_nagroda_Zelazowa-Wola_Dom-Chopina_fot_M_Czechowicz-NIFCh-480x322.jpg 480w\" sizes=\"(min-width: 0px) and (max-width: 480px) 480px, (min-width: 481px) and (max-width: 980px) 980px, (min-width: 981px) 1024px, 100vw\" \/><button\n\t\t\tclass=\"lightbox-trigger\"\n\t\t\ttype=\"button\"\n\t\t\taria-haspopup=\"dialog\"\n\t\t\taria-label=\"Enlarge\"\n\t\t\tdata-wp-init=\"callbacks.initTriggerButton\"\n\t\t\tdata-wp-on--click=\"actions.showLightbox\"\n\t\t\tdata-wp-style--right=\"state.imageButtonRight\"\n\t\t\tdata-wp-style--top=\"state.imageButtonTop\"\n\t\t>\n\t\t\t<svg xmlns=\"http:\/\/www.w3.org\/2000\/svg\" width=\"12\" height=\"12\" fill=\"none\" viewbox=\"0 0 12 12\">\n\t\t\t\t<path fill=\"#fff\" d=\"M2 0a2 2 0 0 0-2 2v2h1.5V2a.5.5 0 0 1 .5-.5h2V0H2Zm2 10.5H2a.5.5 0 0 1-.5-.5V8H0v2a2 2 0 0 0 2 2h2v-1.5ZM8 12v-1.5h2a.5.5 0 0 0 .5-.5V8H12v2a2 2 0 0 1-2 2H8Zm2-12a2 2 0 0 1 2 2v2h-1.5V2a.5.5 0 0 0-.5-.5H8V0h2Z\" \/>\n\t\t\t<\/svg>\n\t\t<\/button><figcaption class=\"wp-element-caption\">\u017belazowa Wola, Dom Chopina, fot. NIFC\/M. Czechowicz <\/figcaption><\/figure>\n<\/div>\n\n\n\n<div class=\"wp-block-column is-layout-flow wp-block-column-is-layout-flow\">\n<figure data-wp-context=\"{&quot;imageId&quot;:&quot;69f5ca8158f76&quot;}\" data-wp-interactive=\"core\/image\" data-wp-key=\"69f5ca8158f76\" class=\"wp-block-image size-large wp-lightbox-container\"><img loading=\"lazy\" decoding=\"async\" width=\"1024\" height=\"676\" data-wp-class--hide=\"state.isContentHidden\" data-wp-class--show=\"state.isContentVisible\" data-wp-init=\"callbacks.setButtonStyles\" data-wp-on--click=\"actions.showLightbox\" data-wp-on--load=\"callbacks.setButtonStyles\" data-wp-on-window--resize=\"callbacks.setButtonStyles\" src=\"https:\/\/nid.pl\/wp-content\/uploads\/2025\/07\/Kat.-specjalna_nagroda_Zelazowa-Wola_Dom-Chopina_fot_Pawel-Kobek_NID-4-1024x676.jpg\" alt=\"\" class=\"wp-image-28313\" srcset=\"https:\/\/nid.pl\/wp-content\/uploads\/2025\/07\/Kat.-specjalna_nagroda_Zelazowa-Wola_Dom-Chopina_fot_Pawel-Kobek_NID-4-980x647.jpg 980w, https:\/\/nid.pl\/wp-content\/uploads\/2025\/07\/Kat.-specjalna_nagroda_Zelazowa-Wola_Dom-Chopina_fot_Pawel-Kobek_NID-4-480x317.jpg 480w\" sizes=\"(min-width: 0px) and (max-width: 480px) 480px, (min-width: 481px) and (max-width: 980px) 980px, (min-width: 981px) 1024px, 100vw\" \/><button\n\t\t\tclass=\"lightbox-trigger\"\n\t\t\ttype=\"button\"\n\t\t\taria-haspopup=\"dialog\"\n\t\t\taria-label=\"Enlarge\"\n\t\t\tdata-wp-init=\"callbacks.initTriggerButton\"\n\t\t\tdata-wp-on--click=\"actions.showLightbox\"\n\t\t\tdata-wp-style--right=\"state.imageButtonRight\"\n\t\t\tdata-wp-style--top=\"state.imageButtonTop\"\n\t\t>\n\t\t\t<svg xmlns=\"http:\/\/www.w3.org\/2000\/svg\" width=\"12\" height=\"12\" fill=\"none\" viewbox=\"0 0 12 12\">\n\t\t\t\t<path fill=\"#fff\" d=\"M2 0a2 2 0 0 0-2 2v2h1.5V2a.5.5 0 0 1 .5-.5h2V0H2Zm2 10.5H2a.5.5 0 0 1-.5-.5V8H0v2a2 2 0 0 0 2 2h2v-1.5ZM8 12v-1.5h2a.5.5 0 0 0 .5-.5V8H12v2a2 2 0 0 1-2 2H8Zm2-12a2 2 0 0 1 2 2v2h-1.5V2a.5.5 0 0 0-.5-.5H8V0h2Z\" \/>\n\t\t\t<\/svg>\n\t\t<\/button><figcaption class=\"wp-element-caption\">\u017belazowa Wola, Dom Chopina, fot. NID\/P.Kobek<\/figcaption><\/figure>\n<\/div>\n<\/div>\n\n\n\n<p><\/p>\n\n\n\n<p><strong>Kategoria utrwalenia warto\u015bci zabytkowej obiektu<\/strong><\/p>\n\n\n\n<p><strong>Nagrody<\/strong><\/p>\n\n\n\n<p><strong>1. Ko\u015bci\u00f3\u0142 Wniebowzi\u0119cia Naj\u015bwi\u0119tszej Marii Panny<\/strong> <strong>i zesp\u00f3\u0142 poklasztorny w \u017baganiu, woj. lubuskie<\/strong><\/p>\n\n\n\n<p>Nagroda<br>dla<br><em>Parafii Rzymskokatolickiej Wniebowzi\u0119cia Naj\u015bwi\u0119tszej Marii Panny w \u017baganiu<\/em><\/p>\n\n\n\n<p>Kanonicy regularni \u015bw. Augustyna zostali przeniesieni do \u017bagania z pobliskiego Nowogrodu Bobrza\u0144skiego przez ksi\u0119cia Przemka w 1284 roku. Pocz\u0105tki zespo\u0142u wi\u0105\u017c\u0105 si\u0119 z przej\u0119tym przez zakon \u017caga\u0144skim ko\u015bcio\u0142em farnym. G\u0142\u00f3wna bry\u0142a obecnej pseudobazyliki z wie\u017c\u0105 w naro\u017cu korpusu i z prosto zamkni\u0119tym prezbiterium jest gotycka. W 1602 roku przed fasad\u0105 dostawiono renesansowy kru\u017cganek, po po\u017carze w 1730 roku przekszta\u0142cono okna ko\u015bcio\u0142a i wprowadzono wyposa\u017cenie barokowe. Do ko\u015bcio\u0142a przylega budynek klasztoru. Na szczeg\u00f3ln\u0105 uwag\u0119 zas\u0142uguje w nim biblioteka klasztorna z freskami autorstwa Georga Wilhelma Neunhertza w skrzydle wschodnim i wzbogacony barokowym wystrojem hol opacki w skrzydle p\u00f3\u0142nocnym.<\/p>\n\n\n\n<p><\/p>\n\n\n\n<div class=\"wp-block-columns is-layout-flex wp-container-core-columns-is-layout-9d6595d7 wp-block-columns-is-layout-flex\">\n<div class=\"wp-block-column is-layout-flow wp-block-column-is-layout-flow\">\n<figure data-wp-context=\"{&quot;imageId&quot;:&quot;69f5ca8159475&quot;}\" data-wp-interactive=\"core\/image\" data-wp-key=\"69f5ca8159475\" class=\"wp-block-image size-large wp-lightbox-container\"><img loading=\"lazy\" decoding=\"async\" width=\"683\" height=\"1024\" data-wp-class--hide=\"state.isContentHidden\" data-wp-class--show=\"state.isContentVisible\" data-wp-init=\"callbacks.setButtonStyles\" data-wp-on--click=\"actions.showLightbox\" data-wp-on--load=\"callbacks.setButtonStyles\" data-wp-on-window--resize=\"callbacks.setButtonStyles\" src=\"https:\/\/nid.pl\/wp-content\/uploads\/2025\/07\/Kat.-A-nagroda_Zagan_kosciol-i-zespol-poklasztorny_fot.-Karolin-Idryjan_NID-OT-Zielona-Gora-1-683x1024.jpg\" alt=\"\" class=\"wp-image-28226\"\/><button\n\t\t\tclass=\"lightbox-trigger\"\n\t\t\ttype=\"button\"\n\t\t\taria-haspopup=\"dialog\"\n\t\t\taria-label=\"Enlarge\"\n\t\t\tdata-wp-init=\"callbacks.initTriggerButton\"\n\t\t\tdata-wp-on--click=\"actions.showLightbox\"\n\t\t\tdata-wp-style--right=\"state.imageButtonRight\"\n\t\t\tdata-wp-style--top=\"state.imageButtonTop\"\n\t\t>\n\t\t\t<svg xmlns=\"http:\/\/www.w3.org\/2000\/svg\" width=\"12\" height=\"12\" fill=\"none\" viewbox=\"0 0 12 12\">\n\t\t\t\t<path fill=\"#fff\" d=\"M2 0a2 2 0 0 0-2 2v2h1.5V2a.5.5 0 0 1 .5-.5h2V0H2Zm2 10.5H2a.5.5 0 0 1-.5-.5V8H0v2a2 2 0 0 0 2 2h2v-1.5ZM8 12v-1.5h2a.5.5 0 0 0 .5-.5V8H12v2a2 2 0 0 1-2 2H8Zm2-12a2 2 0 0 1 2 2v2h-1.5V2a.5.5 0 0 0-.5-.5H8V0h2Z\" \/>\n\t\t\t<\/svg>\n\t\t<\/button><figcaption class=\"wp-element-caption\">\u017baga\u0144, ko\u015bci\u00f3\u0142 i zesp\u00f3\u0142 poklasztorny, fot. NID\/K. Idryjan<\/figcaption><\/figure>\n<\/div>\n\n\n\n<div class=\"wp-block-column is-layout-flow wp-block-column-is-layout-flow\">\n<figure data-wp-context=\"{&quot;imageId&quot;:&quot;69f5ca8159770&quot;}\" data-wp-interactive=\"core\/image\" data-wp-key=\"69f5ca8159770\" class=\"wp-block-image size-large wp-lightbox-container\"><img loading=\"lazy\" decoding=\"async\" width=\"683\" height=\"1024\" data-wp-class--hide=\"state.isContentHidden\" data-wp-class--show=\"state.isContentVisible\" data-wp-init=\"callbacks.setButtonStyles\" data-wp-on--click=\"actions.showLightbox\" data-wp-on--load=\"callbacks.setButtonStyles\" data-wp-on-window--resize=\"callbacks.setButtonStyles\" src=\"https:\/\/nid.pl\/wp-content\/uploads\/2025\/07\/Kat.-A-nagroda_Zagan_kosciol-i-zespol-poklasztorny_fot.-Karolin-Idryjan_NID-OT-Zielona-Gora-4-683x1024.jpg\" alt=\"\" class=\"wp-image-28228\"\/><button\n\t\t\tclass=\"lightbox-trigger\"\n\t\t\ttype=\"button\"\n\t\t\taria-haspopup=\"dialog\"\n\t\t\taria-label=\"Enlarge\"\n\t\t\tdata-wp-init=\"callbacks.initTriggerButton\"\n\t\t\tdata-wp-on--click=\"actions.showLightbox\"\n\t\t\tdata-wp-style--right=\"state.imageButtonRight\"\n\t\t\tdata-wp-style--top=\"state.imageButtonTop\"\n\t\t>\n\t\t\t<svg xmlns=\"http:\/\/www.w3.org\/2000\/svg\" width=\"12\" height=\"12\" fill=\"none\" viewbox=\"0 0 12 12\">\n\t\t\t\t<path fill=\"#fff\" d=\"M2 0a2 2 0 0 0-2 2v2h1.5V2a.5.5 0 0 1 .5-.5h2V0H2Zm2 10.5H2a.5.5 0 0 1-.5-.5V8H0v2a2 2 0 0 0 2 2h2v-1.5ZM8 12v-1.5h2a.5.5 0 0 0 .5-.5V8H12v2a2 2 0 0 1-2 2H8Zm2-12a2 2 0 0 1 2 2v2h-1.5V2a.5.5 0 0 0-.5-.5H8V0h2Z\" \/>\n\t\t\t<\/svg>\n\t\t<\/button><figcaption class=\"wp-element-caption\">\u017baga\u0144, ko\u015bci\u00f3\u0142 i zesp\u00f3\u0142 poklasztorny, fot. NID\/K. Idryjan<\/figcaption><\/figure>\n<\/div>\n\n\n\n<div class=\"wp-block-column is-layout-flow wp-block-column-is-layout-flow\">\n<figure data-wp-context=\"{&quot;imageId&quot;:&quot;69f5ca8159ac1&quot;}\" data-wp-interactive=\"core\/image\" data-wp-key=\"69f5ca8159ac1\" class=\"wp-block-image size-large wp-lightbox-container\"><img loading=\"lazy\" decoding=\"async\" width=\"683\" height=\"1024\" data-wp-class--hide=\"state.isContentHidden\" data-wp-class--show=\"state.isContentVisible\" data-wp-init=\"callbacks.setButtonStyles\" data-wp-on--click=\"actions.showLightbox\" data-wp-on--load=\"callbacks.setButtonStyles\" data-wp-on-window--resize=\"callbacks.setButtonStyles\" src=\"https:\/\/nid.pl\/wp-content\/uploads\/2025\/07\/Kat.-A-nagroda_Zagan_kosciol-i-zespol-poklasztorny_fot.-Karolin-Idryjan_NID-OT-Zielona-Gora-5-683x1024.jpg\" alt=\"\" class=\"wp-image-28229\"\/><button\n\t\t\tclass=\"lightbox-trigger\"\n\t\t\ttype=\"button\"\n\t\t\taria-haspopup=\"dialog\"\n\t\t\taria-label=\"Enlarge\"\n\t\t\tdata-wp-init=\"callbacks.initTriggerButton\"\n\t\t\tdata-wp-on--click=\"actions.showLightbox\"\n\t\t\tdata-wp-style--right=\"state.imageButtonRight\"\n\t\t\tdata-wp-style--top=\"state.imageButtonTop\"\n\t\t>\n\t\t\t<svg xmlns=\"http:\/\/www.w3.org\/2000\/svg\" width=\"12\" height=\"12\" fill=\"none\" viewbox=\"0 0 12 12\">\n\t\t\t\t<path fill=\"#fff\" d=\"M2 0a2 2 0 0 0-2 2v2h1.5V2a.5.5 0 0 1 .5-.5h2V0H2Zm2 10.5H2a.5.5 0 0 1-.5-.5V8H0v2a2 2 0 0 0 2 2h2v-1.5ZM8 12v-1.5h2a.5.5 0 0 0 .5-.5V8H12v2a2 2 0 0 1-2 2H8Zm2-12a2 2 0 0 1 2 2v2h-1.5V2a.5.5 0 0 0-.5-.5H8V0h2Z\" \/>\n\t\t\t<\/svg>\n\t\t<\/button><figcaption class=\"wp-element-caption\">\u017baga\u0144, ko\u015bci\u00f3\u0142 i zesp\u00f3\u0142 poklasztorny, fot. NID\/K. Idryjan<\/figcaption><\/figure>\n<\/div>\n<\/div>\n\n\n\n<p><\/p>\n\n\n\n<p><strong>2. Ko\u015bci\u00f3\u0142 parafialny Przemienienia Pa\u0144skiego w I\u0142awie, woj. warmi\u0144sko-mazurskie<\/strong><\/p>\n\n\n\n<p>Nagroda<br>dla<br><em>Parafii Rzymskokatolickiej Przemienienia Pa\u0144skiego w I\u0142awie<\/em><\/p>\n\n\n\n<p>Gotycka fara w I\u0142awie zosta\u0142a zbudowana w XIV wieku. \u015awi\u0105tyni\u0119 usytuowano w najwy\u017cszym punkcie miasta i sprz\u0119\u017cono z przebiegaj\u0105cym w s\u0105siedztwie murem miejskim, co sugeruje jej funkcje obronne. Po sekularyzacji ziem zakonu krzy\u017cackiego ko\u015bci\u00f3\u0142 przeszed\u0142 w r\u0119ce protestant\u00f3w. W 1550 od strony p\u00f3\u0142nocnej prezbiterium dobudowano wie\u017c\u0119. \u015awi\u0105tyni\u0119 wielokrotnie remontowano, w 1904 roku rozbudowano o obszerna krucht\u0119 zachodni\u0105. Po 1945 ko\u015bci\u00f3\u0142 sta\u0142 si\u0119 ponownie \u015bwi\u0105tyni\u0105 rzymskokatolick\u0105.<\/p>\n\n\n\n<p><\/p>\n\n\n\n<div class=\"wp-block-columns is-layout-flex wp-container-core-columns-is-layout-9d6595d7 wp-block-columns-is-layout-flex\">\n<div class=\"wp-block-column is-layout-flow wp-block-column-is-layout-flow\">\n<figure data-wp-context=\"{&quot;imageId&quot;:&quot;69f5ca8159efc&quot;}\" data-wp-interactive=\"core\/image\" data-wp-key=\"69f5ca8159efc\" class=\"wp-block-image size-large wp-lightbox-container\"><img loading=\"lazy\" decoding=\"async\" width=\"768\" height=\"1024\" data-wp-class--hide=\"state.isContentHidden\" data-wp-class--show=\"state.isContentVisible\" data-wp-init=\"callbacks.setButtonStyles\" data-wp-on--click=\"actions.showLightbox\" data-wp-on--load=\"callbacks.setButtonStyles\" data-wp-on-window--resize=\"callbacks.setButtonStyles\" src=\"https:\/\/nid.pl\/wp-content\/uploads\/2025\/07\/Kat.-A-nagroda_Ilawa_kosciol-Przemienienia-Panskiego_fot_Archiwum-Domu-Zakonnego-Misjonarzy-Obaltow-w-Ilawie-1-768x1024.jpg\" alt=\"\" class=\"wp-image-28222\"\/><button\n\t\t\tclass=\"lightbox-trigger\"\n\t\t\ttype=\"button\"\n\t\t\taria-haspopup=\"dialog\"\n\t\t\taria-label=\"Enlarge\"\n\t\t\tdata-wp-init=\"callbacks.initTriggerButton\"\n\t\t\tdata-wp-on--click=\"actions.showLightbox\"\n\t\t\tdata-wp-style--right=\"state.imageButtonRight\"\n\t\t\tdata-wp-style--top=\"state.imageButtonTop\"\n\t\t>\n\t\t\t<svg xmlns=\"http:\/\/www.w3.org\/2000\/svg\" width=\"12\" height=\"12\" fill=\"none\" viewbox=\"0 0 12 12\">\n\t\t\t\t<path fill=\"#fff\" d=\"M2 0a2 2 0 0 0-2 2v2h1.5V2a.5.5 0 0 1 .5-.5h2V0H2Zm2 10.5H2a.5.5 0 0 1-.5-.5V8H0v2a2 2 0 0 0 2 2h2v-1.5ZM8 12v-1.5h2a.5.5 0 0 0 .5-.5V8H12v2a2 2 0 0 1-2 2H8Zm2-12a2 2 0 0 1 2 2v2h-1.5V2a.5.5 0 0 0-.5-.5H8V0h2Z\" \/>\n\t\t\t<\/svg>\n\t\t<\/button><figcaption class=\"wp-element-caption\">I\u0142awa, ko\u015bci\u00f3\u0142 Przemienienia Pa\u0144skiego fot. Archiwum Domu Zakonnego Misjonarzy Obalt\u00f3w w I\u0142awie<\/figcaption><\/figure>\n<\/div>\n\n\n\n<div class=\"wp-block-column is-layout-flow wp-block-column-is-layout-flow\">\n<figure data-wp-context=\"{&quot;imageId&quot;:&quot;69f5ca815a21c&quot;}\" data-wp-interactive=\"core\/image\" data-wp-key=\"69f5ca815a21c\" class=\"wp-block-image size-large wp-lightbox-container\"><img loading=\"lazy\" decoding=\"async\" width=\"685\" height=\"1024\" data-wp-class--hide=\"state.isContentHidden\" data-wp-class--show=\"state.isContentVisible\" data-wp-init=\"callbacks.setButtonStyles\" data-wp-on--click=\"actions.showLightbox\" data-wp-on--load=\"callbacks.setButtonStyles\" data-wp-on-window--resize=\"callbacks.setButtonStyles\" src=\"https:\/\/nid.pl\/wp-content\/uploads\/2025\/07\/Kat.-A-nagroda_Ilawa_kosciol-Przemienienia-Panskiego_fot_Hanna-Mackiewicz_NID-OT-Olsztyn-685x1024.jpg\" alt=\"\" class=\"wp-image-28225\"\/><button\n\t\t\tclass=\"lightbox-trigger\"\n\t\t\ttype=\"button\"\n\t\t\taria-haspopup=\"dialog\"\n\t\t\taria-label=\"Enlarge\"\n\t\t\tdata-wp-init=\"callbacks.initTriggerButton\"\n\t\t\tdata-wp-on--click=\"actions.showLightbox\"\n\t\t\tdata-wp-style--right=\"state.imageButtonRight\"\n\t\t\tdata-wp-style--top=\"state.imageButtonTop\"\n\t\t>\n\t\t\t<svg xmlns=\"http:\/\/www.w3.org\/2000\/svg\" width=\"12\" height=\"12\" fill=\"none\" viewbox=\"0 0 12 12\">\n\t\t\t\t<path fill=\"#fff\" d=\"M2 0a2 2 0 0 0-2 2v2h1.5V2a.5.5 0 0 1 .5-.5h2V0H2Zm2 10.5H2a.5.5 0 0 1-.5-.5V8H0v2a2 2 0 0 0 2 2h2v-1.5ZM8 12v-1.5h2a.5.5 0 0 0 .5-.5V8H12v2a2 2 0 0 1-2 2H8Zm2-12a2 2 0 0 1 2 2v2h-1.5V2a.5.5 0 0 0-.5-.5H8V0h2Z\" \/>\n\t\t\t<\/svg>\n\t\t<\/button><figcaption class=\"wp-element-caption\">I\u0142awa, ko\u015bci\u00f3\u0142 Przemienienia Pa\u0144skiego fot. Archiwum Domu Zakonnego Misjonarzy Obalt\u00f3w w I\u0142awie<\/figcaption><\/figure>\n<\/div>\n\n\n\n<div class=\"wp-block-column is-layout-flow wp-block-column-is-layout-flow\">\n<figure data-wp-context=\"{&quot;imageId&quot;:&quot;69f5ca815a4fa&quot;}\" data-wp-interactive=\"core\/image\" data-wp-key=\"69f5ca815a4fa\" class=\"wp-block-image size-large wp-lightbox-container\"><img loading=\"lazy\" decoding=\"async\" width=\"1920\" height=\"2560\" data-wp-class--hide=\"state.isContentHidden\" data-wp-class--show=\"state.isContentVisible\" data-wp-init=\"callbacks.setButtonStyles\" data-wp-on--click=\"actions.showLightbox\" data-wp-on--load=\"callbacks.setButtonStyles\" data-wp-on-window--resize=\"callbacks.setButtonStyles\" src=\"https:\/\/nid.pl\/wp-content\/uploads\/2025\/07\/Kat.-A-nagroda_Ilawa_kosciol-Przemienienia-Panskiego_fot_Archiwum-Domu-Zakonnego-Misjonarzy-Obaltow-w-Ilawie-3-edited-scaled.jpg\" alt=\"\" class=\"wp-image-28319\" srcset=\"https:\/\/nid.pl\/wp-content\/uploads\/2025\/07\/Kat.-A-nagroda_Ilawa_kosciol-Przemienienia-Panskiego_fot_Archiwum-Domu-Zakonnego-Misjonarzy-Obaltow-w-Ilawie-3-edited-scaled.jpg 1920w, https:\/\/nid.pl\/wp-content\/uploads\/2025\/07\/Kat.-A-nagroda_Ilawa_kosciol-Przemienienia-Panskiego_fot_Archiwum-Domu-Zakonnego-Misjonarzy-Obaltow-w-Ilawie-3-edited-1280x1707.jpg 1280w, https:\/\/nid.pl\/wp-content\/uploads\/2025\/07\/Kat.-A-nagroda_Ilawa_kosciol-Przemienienia-Panskiego_fot_Archiwum-Domu-Zakonnego-Misjonarzy-Obaltow-w-Ilawie-3-edited-980x1307.jpg 980w, https:\/\/nid.pl\/wp-content\/uploads\/2025\/07\/Kat.-A-nagroda_Ilawa_kosciol-Przemienienia-Panskiego_fot_Archiwum-Domu-Zakonnego-Misjonarzy-Obaltow-w-Ilawie-3-edited-480x640.jpg 480w\" sizes=\"(min-width: 0px) and (max-width: 480px) 480px, (min-width: 481px) and (max-width: 980px) 980px, (min-width: 981px) and (max-width: 1280px) 1280px, (min-width: 1281px) 1920px, 100vw\" \/><button\n\t\t\tclass=\"lightbox-trigger\"\n\t\t\ttype=\"button\"\n\t\t\taria-haspopup=\"dialog\"\n\t\t\taria-label=\"Enlarge\"\n\t\t\tdata-wp-init=\"callbacks.initTriggerButton\"\n\t\t\tdata-wp-on--click=\"actions.showLightbox\"\n\t\t\tdata-wp-style--right=\"state.imageButtonRight\"\n\t\t\tdata-wp-style--top=\"state.imageButtonTop\"\n\t\t>\n\t\t\t<svg xmlns=\"http:\/\/www.w3.org\/2000\/svg\" width=\"12\" height=\"12\" fill=\"none\" viewbox=\"0 0 12 12\">\n\t\t\t\t<path fill=\"#fff\" d=\"M2 0a2 2 0 0 0-2 2v2h1.5V2a.5.5 0 0 1 .5-.5h2V0H2Zm2 10.5H2a.5.5 0 0 1-.5-.5V8H0v2a2 2 0 0 0 2 2h2v-1.5ZM8 12v-1.5h2a.5.5 0 0 0 .5-.5V8H12v2a2 2 0 0 1-2 2H8Zm2-12a2 2 0 0 1 2 2v2h-1.5V2a.5.5 0 0 0-.5-.5H8V0h2Z\" \/>\n\t\t\t<\/svg>\n\t\t<\/button><figcaption class=\"wp-element-caption\">I\u0142awa, ko\u015bci\u00f3\u0142 Przemienienia Pa\u0144skiego fot. Archiwum Domu Zakonnego Misjonarzy Obalt\u00f3w w I\u0142awie<\/figcaption><\/figure>\n<\/div>\n<\/div>\n\n\n\n<p><\/p>\n\n\n\n<p><strong>Wyr\u00f3\u017cnienia<\/strong><\/p>\n\n\n\n<p><strong>1. Spichlerz ch\u0142opski w Raciborzu-Sudole, woj. \u015bl\u0105skie<\/strong><\/p>\n\n\n\n<p>Wyr\u00f3\u017cnienie<br>dla<br><em>Miasta Racib<\/em>\u00f3rz<\/p>\n\n\n\n<p>Spichlerz ch\u0142opski w Sudole, historycznej wsi, a obecnej dzielnicy Raciborza, jest jednym z ostatnich zachowanych tego typu obiekt\u00f3w, charakterystycznych dla po\u0142udniowej cz\u0119\u015bci historycznego G\u00f3rnego \u015al\u0105ska. Wzniesiono go w 1821 roku. W odr\u00f3\u017cnieniu od innych, nie zosta\u0142 ulokowany w obr\u0119bie zagrody, lecz na nawsiu (tzw. spo\u0142ku), czyli na \u015brodkowym placu wsi, najprawdopodobniej w zwi\u0105zku z przeznaczeniem dla kilku gospodarzy.<\/p>\n\n\n\n<ol class=\"wp-block-list\">\n<li><\/li>\n<\/ol>\n\n\n\n<p><\/p>\n\n\n\n<div class=\"wp-block-columns is-layout-flex wp-container-core-columns-is-layout-9d6595d7 wp-block-columns-is-layout-flex\">\n<div class=\"wp-block-column is-layout-flow wp-block-column-is-layout-flow\">\n<figure data-wp-context=\"{&quot;imageId&quot;:&quot;69f5ca815a9ff&quot;}\" data-wp-interactive=\"core\/image\" data-wp-key=\"69f5ca815a9ff\" class=\"wp-block-image size-large wp-lightbox-container\"><img loading=\"lazy\" decoding=\"async\" width=\"1024\" height=\"683\" data-wp-class--hide=\"state.isContentHidden\" data-wp-class--show=\"state.isContentVisible\" data-wp-init=\"callbacks.setButtonStyles\" data-wp-on--click=\"actions.showLightbox\" data-wp-on--load=\"callbacks.setButtonStyles\" data-wp-on-window--resize=\"callbacks.setButtonStyles\" src=\"https:\/\/nid.pl\/wp-content\/uploads\/2025\/07\/Kat.-A-wyroznienie_Raciborz-Sudol_spichlerz_fot.-Dorota-Folan_NID-OT-Katowice-1-1024x683.jpg\" alt=\"\" class=\"wp-image-28230\" srcset=\"https:\/\/nid.pl\/wp-content\/uploads\/2025\/07\/Kat.-A-wyroznienie_Raciborz-Sudol_spichlerz_fot.-Dorota-Folan_NID-OT-Katowice-1-980x654.jpg 980w, https:\/\/nid.pl\/wp-content\/uploads\/2025\/07\/Kat.-A-wyroznienie_Raciborz-Sudol_spichlerz_fot.-Dorota-Folan_NID-OT-Katowice-1-480x320.jpg 480w\" sizes=\"(min-width: 0px) and (max-width: 480px) 480px, (min-width: 481px) and (max-width: 980px) 980px, (min-width: 981px) 1024px, 100vw\" \/><button\n\t\t\tclass=\"lightbox-trigger\"\n\t\t\ttype=\"button\"\n\t\t\taria-haspopup=\"dialog\"\n\t\t\taria-label=\"Enlarge\"\n\t\t\tdata-wp-init=\"callbacks.initTriggerButton\"\n\t\t\tdata-wp-on--click=\"actions.showLightbox\"\n\t\t\tdata-wp-style--right=\"state.imageButtonRight\"\n\t\t\tdata-wp-style--top=\"state.imageButtonTop\"\n\t\t>\n\t\t\t<svg xmlns=\"http:\/\/www.w3.org\/2000\/svg\" width=\"12\" height=\"12\" fill=\"none\" viewbox=\"0 0 12 12\">\n\t\t\t\t<path fill=\"#fff\" d=\"M2 0a2 2 0 0 0-2 2v2h1.5V2a.5.5 0 0 1 .5-.5h2V0H2Zm2 10.5H2a.5.5 0 0 1-.5-.5V8H0v2a2 2 0 0 0 2 2h2v-1.5ZM8 12v-1.5h2a.5.5 0 0 0 .5-.5V8H12v2a2 2 0 0 1-2 2H8Zm2-12a2 2 0 0 1 2 2v2h-1.5V2a.5.5 0 0 0-.5-.5H8V0h2Z\" \/>\n\t\t\t<\/svg>\n\t\t<\/button><figcaption class=\"wp-element-caption\">Racib\u00f3rz-Sud\u00f3\u0142, spichlerz, fot. NID\/D. Folan<\/figcaption><\/figure>\n<\/div>\n\n\n\n<div class=\"wp-block-column is-layout-flow wp-block-column-is-layout-flow\">\n<figure data-wp-context=\"{&quot;imageId&quot;:&quot;69f5ca815acfa&quot;}\" data-wp-interactive=\"core\/image\" data-wp-key=\"69f5ca815acfa\" class=\"wp-block-image size-large wp-lightbox-container\"><img loading=\"lazy\" decoding=\"async\" width=\"1024\" height=\"683\" data-wp-class--hide=\"state.isContentHidden\" data-wp-class--show=\"state.isContentVisible\" data-wp-init=\"callbacks.setButtonStyles\" data-wp-on--click=\"actions.showLightbox\" data-wp-on--load=\"callbacks.setButtonStyles\" data-wp-on-window--resize=\"callbacks.setButtonStyles\" src=\"https:\/\/nid.pl\/wp-content\/uploads\/2025\/07\/Kat.-A-wyroznienie_Raciborz-Sudol_spichlerz_fot.-Dorota-Folan_NID-OT-Katowice-3-1024x683.jpg\" alt=\"\" class=\"wp-image-28232\" srcset=\"https:\/\/nid.pl\/wp-content\/uploads\/2025\/07\/Kat.-A-wyroznienie_Raciborz-Sudol_spichlerz_fot.-Dorota-Folan_NID-OT-Katowice-3-980x654.jpg 980w, https:\/\/nid.pl\/wp-content\/uploads\/2025\/07\/Kat.-A-wyroznienie_Raciborz-Sudol_spichlerz_fot.-Dorota-Folan_NID-OT-Katowice-3-480x320.jpg 480w\" sizes=\"(min-width: 0px) and (max-width: 480px) 480px, (min-width: 481px) and (max-width: 980px) 980px, (min-width: 981px) 1024px, 100vw\" \/><button\n\t\t\tclass=\"lightbox-trigger\"\n\t\t\ttype=\"button\"\n\t\t\taria-haspopup=\"dialog\"\n\t\t\taria-label=\"Enlarge\"\n\t\t\tdata-wp-init=\"callbacks.initTriggerButton\"\n\t\t\tdata-wp-on--click=\"actions.showLightbox\"\n\t\t\tdata-wp-style--right=\"state.imageButtonRight\"\n\t\t\tdata-wp-style--top=\"state.imageButtonTop\"\n\t\t>\n\t\t\t<svg xmlns=\"http:\/\/www.w3.org\/2000\/svg\" width=\"12\" height=\"12\" fill=\"none\" viewbox=\"0 0 12 12\">\n\t\t\t\t<path fill=\"#fff\" d=\"M2 0a2 2 0 0 0-2 2v2h1.5V2a.5.5 0 0 1 .5-.5h2V0H2Zm2 10.5H2a.5.5 0 0 1-.5-.5V8H0v2a2 2 0 0 0 2 2h2v-1.5ZM8 12v-1.5h2a.5.5 0 0 0 .5-.5V8H12v2a2 2 0 0 1-2 2H8Zm2-12a2 2 0 0 1 2 2v2h-1.5V2a.5.5 0 0 0-.5-.5H8V0h2Z\" \/>\n\t\t\t<\/svg>\n\t\t<\/button><figcaption class=\"wp-element-caption\">Racib\u00f3rz-Sud\u00f3\u0142, spichlerz, fot. NID\/D. Folan<\/figcaption><\/figure>\n<\/div>\n\n\n\n<div class=\"wp-block-column is-layout-flow wp-block-column-is-layout-flow\">\n<figure data-wp-context=\"{&quot;imageId&quot;:&quot;69f5ca815b052&quot;}\" data-wp-interactive=\"core\/image\" data-wp-key=\"69f5ca815b052\" class=\"wp-block-image size-large wp-lightbox-container\"><img loading=\"lazy\" decoding=\"async\" width=\"1024\" height=\"683\" data-wp-class--hide=\"state.isContentHidden\" data-wp-class--show=\"state.isContentVisible\" data-wp-init=\"callbacks.setButtonStyles\" data-wp-on--click=\"actions.showLightbox\" data-wp-on--load=\"callbacks.setButtonStyles\" data-wp-on-window--resize=\"callbacks.setButtonStyles\" src=\"https:\/\/nid.pl\/wp-content\/uploads\/2025\/07\/Kat.-A-wyroznienie_Raciborz-Sudol_spichlerz_fot.-Dorota-Folan_NID-OT-Katowice-4-1024x683.jpg\" alt=\"\" class=\"wp-image-28233\" srcset=\"https:\/\/nid.pl\/wp-content\/uploads\/2025\/07\/Kat.-A-wyroznienie_Raciborz-Sudol_spichlerz_fot.-Dorota-Folan_NID-OT-Katowice-4-980x654.jpg 980w, https:\/\/nid.pl\/wp-content\/uploads\/2025\/07\/Kat.-A-wyroznienie_Raciborz-Sudol_spichlerz_fot.-Dorota-Folan_NID-OT-Katowice-4-480x320.jpg 480w\" sizes=\"(min-width: 0px) and (max-width: 480px) 480px, (min-width: 481px) and (max-width: 980px) 980px, (min-width: 981px) 1024px, 100vw\" \/><button\n\t\t\tclass=\"lightbox-trigger\"\n\t\t\ttype=\"button\"\n\t\t\taria-haspopup=\"dialog\"\n\t\t\taria-label=\"Enlarge\"\n\t\t\tdata-wp-init=\"callbacks.initTriggerButton\"\n\t\t\tdata-wp-on--click=\"actions.showLightbox\"\n\t\t\tdata-wp-style--right=\"state.imageButtonRight\"\n\t\t\tdata-wp-style--top=\"state.imageButtonTop\"\n\t\t>\n\t\t\t<svg xmlns=\"http:\/\/www.w3.org\/2000\/svg\" width=\"12\" height=\"12\" fill=\"none\" viewbox=\"0 0 12 12\">\n\t\t\t\t<path fill=\"#fff\" d=\"M2 0a2 2 0 0 0-2 2v2h1.5V2a.5.5 0 0 1 .5-.5h2V0H2Zm2 10.5H2a.5.5 0 0 1-.5-.5V8H0v2a2 2 0 0 0 2 2h2v-1.5ZM8 12v-1.5h2a.5.5 0 0 0 .5-.5V8H12v2a2 2 0 0 1-2 2H8Zm2-12a2 2 0 0 1 2 2v2h-1.5V2a.5.5 0 0 0-.5-.5H8V0h2Z\" \/>\n\t\t\t<\/svg>\n\t\t<\/button><figcaption class=\"wp-element-caption\">Racib\u00f3rz-Sud\u00f3\u0142, spichlerz, fot. NID\/D. Folan<\/figcaption><\/figure>\n<\/div>\n<\/div>\n\n\n\n<p><\/p>\n\n\n\n<p><strong>2. Kaplica my\u015bliwska \u015awi\u0119tego Huberta w Rzeszowie-Mi\u0142ocinie, woj. podkarpackie<\/strong><\/p>\n\n\n\n<p>Wyr\u00f3\u017cnienie<br>dla<br><em>Parafii Rzymskokatolickiej \u015awi\u0119tego Huberta w Rzeszowie<\/em><\/p>\n\n\n\n<p>Kaplic\u0119 \u015awi\u0119tego Huberta ufundowa\u0142 ksi\u0105\u017c\u0119 Jerzy Ignacy Lubomirski jako wotum dzi\u0119kczynne za ocalenie z wypadku podczas polowania. Mi\u0142ocin \u2013 ulubione miejsce polowa\u0144 ksi\u0119cia \u2013 by\u0142 w\u00f3wczas przysi\u00f3\u0142kiem, dzi\u015b jest dzielnic\u0105 Rzeszowa. Prace przy budowie kaplicy trwa\u0142y w latach 1741-1745. Nadz\u00f3r nad ich przebiegiem powierzono Karolowi Widemannowi, kt\u00f3ry przygotowuj\u0105c projekt najprawdopodobniej inspirowa\u0142 si\u0119 dzie\u0142ami Tylmana z Gameren, w szczeg\u00f3lno\u015bci nawi\u0105zuj\u0105c w formie do ko\u015bcio\u0142a Sakramentek w Warszawie.<\/p>\n\n\n\n<p><\/p>\n\n\n\n<div class=\"wp-block-columns is-layout-flex wp-container-core-columns-is-layout-9d6595d7 wp-block-columns-is-layout-flex\">\n<div class=\"wp-block-column is-layout-flow wp-block-column-is-layout-flow\">\n<figure data-wp-context=\"{&quot;imageId&quot;:&quot;69f5ca815b4e1&quot;}\" data-wp-interactive=\"core\/image\" data-wp-key=\"69f5ca815b4e1\" class=\"wp-block-image size-large wp-lightbox-container\"><img loading=\"lazy\" decoding=\"async\" width=\"997\" height=\"1024\" data-wp-class--hide=\"state.isContentHidden\" data-wp-class--show=\"state.isContentVisible\" data-wp-init=\"callbacks.setButtonStyles\" data-wp-on--click=\"actions.showLightbox\" data-wp-on--load=\"callbacks.setButtonStyles\" data-wp-on-window--resize=\"callbacks.setButtonStyles\" src=\"https:\/\/nid.pl\/wp-content\/uploads\/2025\/07\/Kat.-A-wyroznienie_Rzeszow_Kaplica-sw.-Huberta_fot.-Joanna-Dzik_NID-OT-Rzeszow1-997x1024.jpg\" alt=\"\" class=\"wp-image-28235\" srcset=\"https:\/\/nid.pl\/wp-content\/uploads\/2025\/07\/Kat.-A-wyroznienie_Rzeszow_Kaplica-sw.-Huberta_fot.-Joanna-Dzik_NID-OT-Rzeszow1-980x1007.jpg 980w, https:\/\/nid.pl\/wp-content\/uploads\/2025\/07\/Kat.-A-wyroznienie_Rzeszow_Kaplica-sw.-Huberta_fot.-Joanna-Dzik_NID-OT-Rzeszow1-480x493.jpg 480w\" sizes=\"(min-width: 0px) and (max-width: 480px) 480px, (min-width: 481px) and (max-width: 980px) 980px, (min-width: 981px) 997px, 100vw\" \/><button\n\t\t\tclass=\"lightbox-trigger\"\n\t\t\ttype=\"button\"\n\t\t\taria-haspopup=\"dialog\"\n\t\t\taria-label=\"Enlarge\"\n\t\t\tdata-wp-init=\"callbacks.initTriggerButton\"\n\t\t\tdata-wp-on--click=\"actions.showLightbox\"\n\t\t\tdata-wp-style--right=\"state.imageButtonRight\"\n\t\t\tdata-wp-style--top=\"state.imageButtonTop\"\n\t\t>\n\t\t\t<svg xmlns=\"http:\/\/www.w3.org\/2000\/svg\" width=\"12\" height=\"12\" fill=\"none\" viewbox=\"0 0 12 12\">\n\t\t\t\t<path fill=\"#fff\" d=\"M2 0a2 2 0 0 0-2 2v2h1.5V2a.5.5 0 0 1 .5-.5h2V0H2Zm2 10.5H2a.5.5 0 0 1-.5-.5V8H0v2a2 2 0 0 0 2 2h2v-1.5ZM8 12v-1.5h2a.5.5 0 0 0 .5-.5V8H12v2a2 2 0 0 1-2 2H8Zm2-12a2 2 0 0 1 2 2v2h-1.5V2a.5.5 0 0 0-.5-.5H8V0h2Z\" \/>\n\t\t\t<\/svg>\n\t\t<\/button><figcaption class=\"wp-element-caption\">Rzesz\u00f3w &#8211; Kaplica \u015bw. Huberta, fot. NID\/J. Dzik<\/figcaption><\/figure>\n<\/div>\n\n\n\n<div class=\"wp-block-column is-layout-flow wp-block-column-is-layout-flow\">\n<figure data-wp-context=\"{&quot;imageId&quot;:&quot;69f5ca815b7dd&quot;}\" data-wp-interactive=\"core\/image\" data-wp-key=\"69f5ca815b7dd\" class=\"wp-block-image size-large wp-lightbox-container\"><img loading=\"lazy\" decoding=\"async\" width=\"1024\" height=\"1024\" data-wp-class--hide=\"state.isContentHidden\" data-wp-class--show=\"state.isContentVisible\" data-wp-init=\"callbacks.setButtonStyles\" data-wp-on--click=\"actions.showLightbox\" data-wp-on--load=\"callbacks.setButtonStyles\" data-wp-on-window--resize=\"callbacks.setButtonStyles\" src=\"https:\/\/nid.pl\/wp-content\/uploads\/2025\/07\/Kat.-A-wyroznienie_Rzeszow_Kaplica-sw.-Huberta_fot.-Joanna-Dzik_NID-OT-Rzeszow2-1024x1024.jpg\" alt=\"\" class=\"wp-image-28236\" srcset=\"https:\/\/nid.pl\/wp-content\/uploads\/2025\/07\/Kat.-A-wyroznienie_Rzeszow_Kaplica-sw.-Huberta_fot.-Joanna-Dzik_NID-OT-Rzeszow2-980x980.jpg 980w, https:\/\/nid.pl\/wp-content\/uploads\/2025\/07\/Kat.-A-wyroznienie_Rzeszow_Kaplica-sw.-Huberta_fot.-Joanna-Dzik_NID-OT-Rzeszow2-480x480.jpg 480w\" sizes=\"(min-width: 0px) and (max-width: 480px) 480px, (min-width: 481px) and (max-width: 980px) 980px, (min-width: 981px) 1024px, 100vw\" \/><button\n\t\t\tclass=\"lightbox-trigger\"\n\t\t\ttype=\"button\"\n\t\t\taria-haspopup=\"dialog\"\n\t\t\taria-label=\"Enlarge\"\n\t\t\tdata-wp-init=\"callbacks.initTriggerButton\"\n\t\t\tdata-wp-on--click=\"actions.showLightbox\"\n\t\t\tdata-wp-style--right=\"state.imageButtonRight\"\n\t\t\tdata-wp-style--top=\"state.imageButtonTop\"\n\t\t>\n\t\t\t<svg xmlns=\"http:\/\/www.w3.org\/2000\/svg\" width=\"12\" height=\"12\" fill=\"none\" viewbox=\"0 0 12 12\">\n\t\t\t\t<path fill=\"#fff\" d=\"M2 0a2 2 0 0 0-2 2v2h1.5V2a.5.5 0 0 1 .5-.5h2V0H2Zm2 10.5H2a.5.5 0 0 1-.5-.5V8H0v2a2 2 0 0 0 2 2h2v-1.5ZM8 12v-1.5h2a.5.5 0 0 0 .5-.5V8H12v2a2 2 0 0 1-2 2H8Zm2-12a2 2 0 0 1 2 2v2h-1.5V2a.5.5 0 0 0-.5-.5H8V0h2Z\" \/>\n\t\t\t<\/svg>\n\t\t<\/button><figcaption class=\"wp-element-caption\">Rzesz\u00f3w &#8211; Kaplica \u015bw. Huberta, fot. NID\/J. Dzik<\/figcaption><\/figure>\n<\/div>\n\n\n\n<div class=\"wp-block-column is-layout-flow wp-block-column-is-layout-flow\">\n<figure data-wp-context=\"{&quot;imageId&quot;:&quot;69f5ca815bb18&quot;}\" data-wp-interactive=\"core\/image\" data-wp-key=\"69f5ca815bb18\" class=\"wp-block-image size-large wp-lightbox-container\"><img loading=\"lazy\" decoding=\"async\" width=\"1024\" height=\"1024\" data-wp-class--hide=\"state.isContentHidden\" data-wp-class--show=\"state.isContentVisible\" data-wp-init=\"callbacks.setButtonStyles\" data-wp-on--click=\"actions.showLightbox\" data-wp-on--load=\"callbacks.setButtonStyles\" data-wp-on-window--resize=\"callbacks.setButtonStyles\" src=\"https:\/\/nid.pl\/wp-content\/uploads\/2025\/07\/Kat.-A-wyroznienie_Rzeszow_Kaplica-sw.-Huberta_fot.-Joanna-Dzik_NID-OT-Rzeszow3-1024x1024.jpg\" alt=\"\" class=\"wp-image-28237\" srcset=\"https:\/\/nid.pl\/wp-content\/uploads\/2025\/07\/Kat.-A-wyroznienie_Rzeszow_Kaplica-sw.-Huberta_fot.-Joanna-Dzik_NID-OT-Rzeszow3-980x980.jpg 980w, https:\/\/nid.pl\/wp-content\/uploads\/2025\/07\/Kat.-A-wyroznienie_Rzeszow_Kaplica-sw.-Huberta_fot.-Joanna-Dzik_NID-OT-Rzeszow3-480x480.jpg 480w\" sizes=\"(min-width: 0px) and (max-width: 480px) 480px, (min-width: 481px) and (max-width: 980px) 980px, (min-width: 981px) 1024px, 100vw\" \/><button\n\t\t\tclass=\"lightbox-trigger\"\n\t\t\ttype=\"button\"\n\t\t\taria-haspopup=\"dialog\"\n\t\t\taria-label=\"Enlarge\"\n\t\t\tdata-wp-init=\"callbacks.initTriggerButton\"\n\t\t\tdata-wp-on--click=\"actions.showLightbox\"\n\t\t\tdata-wp-style--right=\"state.imageButtonRight\"\n\t\t\tdata-wp-style--top=\"state.imageButtonTop\"\n\t\t>\n\t\t\t<svg xmlns=\"http:\/\/www.w3.org\/2000\/svg\" width=\"12\" height=\"12\" fill=\"none\" viewbox=\"0 0 12 12\">\n\t\t\t\t<path fill=\"#fff\" d=\"M2 0a2 2 0 0 0-2 2v2h1.5V2a.5.5 0 0 1 .5-.5h2V0H2Zm2 10.5H2a.5.5 0 0 1-.5-.5V8H0v2a2 2 0 0 0 2 2h2v-1.5ZM8 12v-1.5h2a.5.5 0 0 0 .5-.5V8H12v2a2 2 0 0 1-2 2H8Zm2-12a2 2 0 0 1 2 2v2h-1.5V2a.5.5 0 0 0-.5-.5H8V0h2Z\" \/>\n\t\t\t<\/svg>\n\t\t<\/button><figcaption class=\"wp-element-caption\">Rzesz\u00f3w &#8211; Kaplica \u015bw. Huberta, fot. NID\/J. Dzik<\/figcaption><\/figure>\n<\/div>\n<\/div>\n\n\n\n<p><\/p>\n\n\n\n<p><strong>Kategoria rewaloryzacji przestrzeni kulturowej i krajobrazu (w tym za\u0142o\u017cenia dworskie i pa\u0142acowe)<\/strong><\/p>\n\n\n\n<p><strong>Nagrody<\/strong><\/p>\n\n\n\n<p><strong>1. Ogrody w kompleksie pa\u0142acowo-ogrodowym w Kamie\u0144cu Z\u0105bkowickim, woj. dolno\u015bl\u0105skie<\/strong><\/p>\n\n\n\n<p>Nagroda<br>dla<br><em>Gminy Kamieniec Z\u0105bkowicki<\/em><\/p>\n\n\n\n<p>Pa\u0142ac w Kamie\u0144cu Z\u0105bkowickim wzniesiono wg projektu Karla Friedricha Schinkla dla ksi\u0119cia Albrechta Pruskiego i jego \u017cony ksi\u0119\u017cniczki Marianny Ora\u0144skiej, inicjatorki budowy rezydencji. R\u00f3wnocze\u015bnie z po\u0142o\u017ceniem w 1838 roku kamienia w\u0119gielnego rozpocz\u0119to formowanie rozleg\u0142ego parku krajobrazowego ze zwierzy\u0144cem. W 1859 roku rozpocz\u0119to budow\u0119 wielopoziomowych taras\u00f3w ogrodowych z licznym elementami architektury ogrodowej i uk\u0142adem wodnym basen\u00f3w i fontann. Ca\u0142o\u015b\u0107 prac zako\u0144czono w 1872 roku.<\/p>\n\n\n\n<ol class=\"wp-block-list\">\n<li><\/li>\n<\/ol>\n\n\n\n<p><\/p>\n\n\n\n<p><\/p>\n\n\n\n<div class=\"wp-block-columns is-layout-flex wp-container-core-columns-is-layout-9d6595d7 wp-block-columns-is-layout-flex\">\n<div class=\"wp-block-column is-layout-flow wp-block-column-is-layout-flow\">\n<figure data-wp-context=\"{&quot;imageId&quot;:&quot;69f5ca815c020&quot;}\" data-wp-interactive=\"core\/image\" data-wp-key=\"69f5ca815c020\" class=\"wp-block-image size-large wp-lightbox-container\"><img loading=\"lazy\" decoding=\"async\" width=\"1024\" height=\"576\" data-wp-class--hide=\"state.isContentHidden\" data-wp-class--show=\"state.isContentVisible\" data-wp-init=\"callbacks.setButtonStyles\" data-wp-on--click=\"actions.showLightbox\" data-wp-on--load=\"callbacks.setButtonStyles\" data-wp-on-window--resize=\"callbacks.setButtonStyles\" src=\"https:\/\/nid.pl\/wp-content\/uploads\/2025\/07\/Kat.-B-nagroda_Kamieniec-Zabkowicki_ogrody_fot_Archiwum-Creoproject-Sp_z_o_o-1024x576.jpg\" alt=\"\" class=\"wp-image-28241\" srcset=\"https:\/\/nid.pl\/wp-content\/uploads\/2025\/07\/Kat.-B-nagroda_Kamieniec-Zabkowicki_ogrody_fot_Archiwum-Creoproject-Sp_z_o_o-980x551.jpg 980w, https:\/\/nid.pl\/wp-content\/uploads\/2025\/07\/Kat.-B-nagroda_Kamieniec-Zabkowicki_ogrody_fot_Archiwum-Creoproject-Sp_z_o_o-480x270.jpg 480w\" sizes=\"(min-width: 0px) and (max-width: 480px) 480px, (min-width: 481px) and (max-width: 980px) 980px, (min-width: 981px) 1024px, 100vw\" \/><button\n\t\t\tclass=\"lightbox-trigger\"\n\t\t\ttype=\"button\"\n\t\t\taria-haspopup=\"dialog\"\n\t\t\taria-label=\"Enlarge\"\n\t\t\tdata-wp-init=\"callbacks.initTriggerButton\"\n\t\t\tdata-wp-on--click=\"actions.showLightbox\"\n\t\t\tdata-wp-style--right=\"state.imageButtonRight\"\n\t\t\tdata-wp-style--top=\"state.imageButtonTop\"\n\t\t>\n\t\t\t<svg xmlns=\"http:\/\/www.w3.org\/2000\/svg\" width=\"12\" height=\"12\" fill=\"none\" viewbox=\"0 0 12 12\">\n\t\t\t\t<path fill=\"#fff\" d=\"M2 0a2 2 0 0 0-2 2v2h1.5V2a.5.5 0 0 1 .5-.5h2V0H2Zm2 10.5H2a.5.5 0 0 1-.5-.5V8H0v2a2 2 0 0 0 2 2h2v-1.5ZM8 12v-1.5h2a.5.5 0 0 0 .5-.5V8H12v2a2 2 0 0 1-2 2H8Zm2-12a2 2 0 0 1 2 2v2h-1.5V2a.5.5 0 0 0-.5-.5H8V0h2Z\" \/>\n\t\t\t<\/svg>\n\t\t<\/button><figcaption class=\"wp-element-caption\">Kamieniec Z\u0105bkowicki &#8211; ogrody, fot. Archiwum Creoproject Sp. z o.o.<\/figcaption><\/figure>\n<\/div>\n\n\n\n<div class=\"wp-block-column is-layout-flow wp-block-column-is-layout-flow\">\n<figure data-wp-context=\"{&quot;imageId&quot;:&quot;69f5ca815c374&quot;}\" data-wp-interactive=\"core\/image\" data-wp-key=\"69f5ca815c374\" class=\"wp-block-image size-large wp-lightbox-container\"><img loading=\"lazy\" decoding=\"async\" width=\"1024\" height=\"576\" data-wp-class--hide=\"state.isContentHidden\" data-wp-class--show=\"state.isContentVisible\" data-wp-init=\"callbacks.setButtonStyles\" data-wp-on--click=\"actions.showLightbox\" data-wp-on--load=\"callbacks.setButtonStyles\" data-wp-on-window--resize=\"callbacks.setButtonStyles\" src=\"https:\/\/nid.pl\/wp-content\/uploads\/2025\/07\/Kat.-B-nagroda_Kamieniec-Zabkowicki_ogrody_fot_Archiwum-Creoproject-Sp_z_o_o-2-1024x576.jpg\" alt=\"\" class=\"wp-image-28238\" srcset=\"https:\/\/nid.pl\/wp-content\/uploads\/2025\/07\/Kat.-B-nagroda_Kamieniec-Zabkowicki_ogrody_fot_Archiwum-Creoproject-Sp_z_o_o-2-980x551.jpg 980w, https:\/\/nid.pl\/wp-content\/uploads\/2025\/07\/Kat.-B-nagroda_Kamieniec-Zabkowicki_ogrody_fot_Archiwum-Creoproject-Sp_z_o_o-2-480x270.jpg 480w\" sizes=\"(min-width: 0px) and (max-width: 480px) 480px, (min-width: 481px) and (max-width: 980px) 980px, (min-width: 981px) 1024px, 100vw\" \/><button\n\t\t\tclass=\"lightbox-trigger\"\n\t\t\ttype=\"button\"\n\t\t\taria-haspopup=\"dialog\"\n\t\t\taria-label=\"Enlarge\"\n\t\t\tdata-wp-init=\"callbacks.initTriggerButton\"\n\t\t\tdata-wp-on--click=\"actions.showLightbox\"\n\t\t\tdata-wp-style--right=\"state.imageButtonRight\"\n\t\t\tdata-wp-style--top=\"state.imageButtonTop\"\n\t\t>\n\t\t\t<svg xmlns=\"http:\/\/www.w3.org\/2000\/svg\" width=\"12\" height=\"12\" fill=\"none\" viewbox=\"0 0 12 12\">\n\t\t\t\t<path fill=\"#fff\" d=\"M2 0a2 2 0 0 0-2 2v2h1.5V2a.5.5 0 0 1 .5-.5h2V0H2Zm2 10.5H2a.5.5 0 0 1-.5-.5V8H0v2a2 2 0 0 0 2 2h2v-1.5ZM8 12v-1.5h2a.5.5 0 0 0 .5-.5V8H12v2a2 2 0 0 1-2 2H8Zm2-12a2 2 0 0 1 2 2v2h-1.5V2a.5.5 0 0 0-.5-.5H8V0h2Z\" \/>\n\t\t\t<\/svg>\n\t\t<\/button><figcaption class=\"wp-element-caption\">Kamieniec Z\u0105bkowicki &#8211; ogrody, fot. Archiwum Creoproject Sp. z o.o.<\/figcaption><\/figure>\n<\/div>\n<\/div>\n\n\n\n<div class=\"wp-block-columns is-layout-flex wp-container-core-columns-is-layout-9d6595d7 wp-block-columns-is-layout-flex\">\n<div class=\"wp-block-column is-layout-flow wp-block-column-is-layout-flow\"><\/div>\n<\/div>\n\n\n\n<p><strong>2. Zesp\u00f3\u0142 dworsko-parkowy w Micha\u0142owicach, woj. ma\u0142opolskie<\/strong><\/p>\n\n\n\n<p>Nagroda<br>dla<br><em>Moniki Biernackiej-Lorenz<\/em> <em>i<\/em> <em>Jacka Lorenza<\/em><\/p>\n\n\n\n<p><\/p>\n\n\n\n<p>Budowa dworu w Micha\u0142owicach, wed\u0142ug projektu architekta Teodora Talowskiego, zosta\u0142a zako\u0144czona przez rodzin\u0119 D\u0105browskich w 1897 roku. W sierpniu 1914 roku, bezpo\u015brednio po obaleniu s\u0142up\u00f3w granicznych w Micha\u0142owicach Tadeusz D\u0105browski go\u015bci\u0142 tu \u017co\u0142nierzy I Kompanii Kadrowej Strzelc\u00f3w J\u00f3zefa Pi\u0142sudskiego. Maj\u0105tek wraz z dworem zosta\u0142 po 1945 roku upa\u0144stwowiony, po po\u017carze w 1979 dw\u00f3r popada\u0142 w ruin\u0119. W 1985 roku dw\u00f3r zosta\u0142 zakupiony przez obecnych w\u0142a\u015bcicieli prywatnych.<\/p>\n\n\n\n<p><\/p>\n\n\n\n<div class=\"wp-block-columns is-layout-flex wp-container-core-columns-is-layout-9d6595d7 wp-block-columns-is-layout-flex\">\n<div class=\"wp-block-column is-layout-flow wp-block-column-is-layout-flow\">\n<figure data-wp-context=\"{&quot;imageId&quot;:&quot;69f5ca815c8d5&quot;}\" data-wp-interactive=\"core\/image\" data-wp-key=\"69f5ca815c8d5\" class=\"wp-block-image size-large wp-lightbox-container\"><img loading=\"lazy\" decoding=\"async\" width=\"1024\" height=\"683\" data-wp-class--hide=\"state.isContentHidden\" data-wp-class--show=\"state.isContentVisible\" data-wp-init=\"callbacks.setButtonStyles\" data-wp-on--click=\"actions.showLightbox\" data-wp-on--load=\"callbacks.setButtonStyles\" data-wp-on-window--resize=\"callbacks.setButtonStyles\" src=\"https:\/\/nid.pl\/wp-content\/uploads\/2025\/07\/Kat.-B-nagroda_Michalowice_zespol-dworsko-parkowy_fot_Mariusz-Machynia_NID-OT-Krakow-4-1024x683.jpg\" alt=\"\" class=\"wp-image-28243\" srcset=\"https:\/\/nid.pl\/wp-content\/uploads\/2025\/07\/Kat.-B-nagroda_Michalowice_zespol-dworsko-parkowy_fot_Mariusz-Machynia_NID-OT-Krakow-4-980x653.jpg 980w, https:\/\/nid.pl\/wp-content\/uploads\/2025\/07\/Kat.-B-nagroda_Michalowice_zespol-dworsko-parkowy_fot_Mariusz-Machynia_NID-OT-Krakow-4-480x320.jpg 480w\" sizes=\"(min-width: 0px) and (max-width: 480px) 480px, (min-width: 481px) and (max-width: 980px) 980px, (min-width: 981px) 1024px, 100vw\" \/><button\n\t\t\tclass=\"lightbox-trigger\"\n\t\t\ttype=\"button\"\n\t\t\taria-haspopup=\"dialog\"\n\t\t\taria-label=\"Enlarge\"\n\t\t\tdata-wp-init=\"callbacks.initTriggerButton\"\n\t\t\tdata-wp-on--click=\"actions.showLightbox\"\n\t\t\tdata-wp-style--right=\"state.imageButtonRight\"\n\t\t\tdata-wp-style--top=\"state.imageButtonTop\"\n\t\t>\n\t\t\t<svg xmlns=\"http:\/\/www.w3.org\/2000\/svg\" width=\"12\" height=\"12\" fill=\"none\" viewbox=\"0 0 12 12\">\n\t\t\t\t<path fill=\"#fff\" d=\"M2 0a2 2 0 0 0-2 2v2h1.5V2a.5.5 0 0 1 .5-.5h2V0H2Zm2 10.5H2a.5.5 0 0 1-.5-.5V8H0v2a2 2 0 0 0 2 2h2v-1.5ZM8 12v-1.5h2a.5.5 0 0 0 .5-.5V8H12v2a2 2 0 0 1-2 2H8Zm2-12a2 2 0 0 1 2 2v2h-1.5V2a.5.5 0 0 0-.5-.5H8V0h2Z\" \/>\n\t\t\t<\/svg>\n\t\t<\/button><figcaption class=\"wp-element-caption\">Micha\u0142owice, zesp\u00f3\u0142 dworsko-parkowy, fot. NID\/M. Machynia<\/figcaption><\/figure>\n<\/div>\n\n\n\n<div class=\"wp-block-column is-layout-flow wp-block-column-is-layout-flow\">\n<figure data-wp-context=\"{&quot;imageId&quot;:&quot;69f5ca815cbb4&quot;}\" data-wp-interactive=\"core\/image\" data-wp-key=\"69f5ca815cbb4\" class=\"wp-block-image size-large wp-lightbox-container\"><img loading=\"lazy\" decoding=\"async\" width=\"1024\" height=\"683\" data-wp-class--hide=\"state.isContentHidden\" data-wp-class--show=\"state.isContentVisible\" data-wp-init=\"callbacks.setButtonStyles\" data-wp-on--click=\"actions.showLightbox\" data-wp-on--load=\"callbacks.setButtonStyles\" data-wp-on-window--resize=\"callbacks.setButtonStyles\" src=\"https:\/\/nid.pl\/wp-content\/uploads\/2025\/07\/Kat.-B-nagroda_Michalowice_zespol-dworsko-parkowy_fot_Mariusz-Machynia_NID-OT-Krakow-1-1024x683.jpg\" alt=\"\" class=\"wp-image-28242\" srcset=\"https:\/\/nid.pl\/wp-content\/uploads\/2025\/07\/Kat.-B-nagroda_Michalowice_zespol-dworsko-parkowy_fot_Mariusz-Machynia_NID-OT-Krakow-1-980x653.jpg 980w, https:\/\/nid.pl\/wp-content\/uploads\/2025\/07\/Kat.-B-nagroda_Michalowice_zespol-dworsko-parkowy_fot_Mariusz-Machynia_NID-OT-Krakow-1-480x320.jpg 480w\" sizes=\"(min-width: 0px) and (max-width: 480px) 480px, (min-width: 481px) and (max-width: 980px) 980px, (min-width: 981px) 1024px, 100vw\" \/><button\n\t\t\tclass=\"lightbox-trigger\"\n\t\t\ttype=\"button\"\n\t\t\taria-haspopup=\"dialog\"\n\t\t\taria-label=\"Enlarge\"\n\t\t\tdata-wp-init=\"callbacks.initTriggerButton\"\n\t\t\tdata-wp-on--click=\"actions.showLightbox\"\n\t\t\tdata-wp-style--right=\"state.imageButtonRight\"\n\t\t\tdata-wp-style--top=\"state.imageButtonTop\"\n\t\t>\n\t\t\t<svg xmlns=\"http:\/\/www.w3.org\/2000\/svg\" width=\"12\" height=\"12\" fill=\"none\" viewbox=\"0 0 12 12\">\n\t\t\t\t<path fill=\"#fff\" d=\"M2 0a2 2 0 0 0-2 2v2h1.5V2a.5.5 0 0 1 .5-.5h2V0H2Zm2 10.5H2a.5.5 0 0 1-.5-.5V8H0v2a2 2 0 0 0 2 2h2v-1.5ZM8 12v-1.5h2a.5.5 0 0 0 .5-.5V8H12v2a2 2 0 0 1-2 2H8Zm2-12a2 2 0 0 1 2 2v2h-1.5V2a.5.5 0 0 0-.5-.5H8V0h2Z\" \/>\n\t\t\t<\/svg>\n\t\t<\/button><figcaption class=\"wp-element-caption\">Micha\u0142owice, zesp\u00f3\u0142 dworsko-parkowy, fot. NID\/M. Machynia<\/figcaption><\/figure>\n<\/div>\n\n\n\n<div class=\"wp-block-column is-layout-flow wp-block-column-is-layout-flow\">\n<figure data-wp-context=\"{&quot;imageId&quot;:&quot;69f5ca815cec3&quot;}\" data-wp-interactive=\"core\/image\" data-wp-key=\"69f5ca815cec3\" class=\"wp-block-image size-large wp-lightbox-container\"><img loading=\"lazy\" decoding=\"async\" width=\"2560\" height=\"1707\" data-wp-class--hide=\"state.isContentHidden\" data-wp-class--show=\"state.isContentVisible\" data-wp-init=\"callbacks.setButtonStyles\" data-wp-on--click=\"actions.showLightbox\" data-wp-on--load=\"callbacks.setButtonStyles\" data-wp-on-window--resize=\"callbacks.setButtonStyles\" src=\"https:\/\/nid.pl\/wp-content\/uploads\/2025\/07\/Kat.-B-nagroda_Michalowice_zespol-dworsko-parkowy_fot_Monika-Biernacka-Lorenz-edited-scaled.jpg\" alt=\"\" class=\"wp-image-28324\" srcset=\"https:\/\/nid.pl\/wp-content\/uploads\/2025\/07\/Kat.-B-nagroda_Michalowice_zespol-dworsko-parkowy_fot_Monika-Biernacka-Lorenz-edited-scaled.jpg 2560w, https:\/\/nid.pl\/wp-content\/uploads\/2025\/07\/Kat.-B-nagroda_Michalowice_zespol-dworsko-parkowy_fot_Monika-Biernacka-Lorenz-edited-1280x854.jpg 1280w, https:\/\/nid.pl\/wp-content\/uploads\/2025\/07\/Kat.-B-nagroda_Michalowice_zespol-dworsko-parkowy_fot_Monika-Biernacka-Lorenz-edited-980x653.jpg 980w, https:\/\/nid.pl\/wp-content\/uploads\/2025\/07\/Kat.-B-nagroda_Michalowice_zespol-dworsko-parkowy_fot_Monika-Biernacka-Lorenz-edited-480x320.jpg 480w\" sizes=\"(min-width: 0px) and (max-width: 480px) 480px, (min-width: 481px) and (max-width: 980px) 980px, (min-width: 981px) and (max-width: 1280px) 1280px, (min-width: 1281px) 2560px, 100vw\" \/><button\n\t\t\tclass=\"lightbox-trigger\"\n\t\t\ttype=\"button\"\n\t\t\taria-haspopup=\"dialog\"\n\t\t\taria-label=\"Enlarge\"\n\t\t\tdata-wp-init=\"callbacks.initTriggerButton\"\n\t\t\tdata-wp-on--click=\"actions.showLightbox\"\n\t\t\tdata-wp-style--right=\"state.imageButtonRight\"\n\t\t\tdata-wp-style--top=\"state.imageButtonTop\"\n\t\t>\n\t\t\t<svg xmlns=\"http:\/\/www.w3.org\/2000\/svg\" width=\"12\" height=\"12\" fill=\"none\" viewbox=\"0 0 12 12\">\n\t\t\t\t<path fill=\"#fff\" d=\"M2 0a2 2 0 0 0-2 2v2h1.5V2a.5.5 0 0 1 .5-.5h2V0H2Zm2 10.5H2a.5.5 0 0 1-.5-.5V8H0v2a2 2 0 0 0 2 2h2v-1.5ZM8 12v-1.5h2a.5.5 0 0 0 .5-.5V8H12v2a2 2 0 0 1-2 2H8Zm2-12a2 2 0 0 1 2 2v2h-1.5V2a.5.5 0 0 0-.5-.5H8V0h2Z\" \/>\n\t\t\t<\/svg>\n\t\t<\/button><figcaption class=\"wp-element-caption\">Micha\u0142owice, zesp\u00f3\u0142 dworsko-parkowy, fot. Monika Biernacka-Lorenz<\/figcaption><\/figure>\n<\/div>\n<\/div>\n\n\n\n<p><\/p>\n\n\n\n<p><strong>Wyr\u00f3\u017cnienia<\/strong><\/p>\n\n\n\n<p><strong>1. Za\u0142o\u017cenie parkowe w Pokoju, woj. opolskie<\/strong><\/p>\n\n\n\n<p>Wyr\u00f3\u017cnienie<br>dla<br><em>Gminy Pok\u00f3j<\/em><\/p>\n\n\n\n<p>Za\u0142o\u017cenie parkowe w Pokoju to element p\u00f3\u017anobarokowego, koncentrycznego uk\u0142adu miejscowo\u015bci, wyj\u0105tkowego w skali kraju. W centrum znajduje si\u0119 okr\u0105g\u0142y plac (dawniej z pa\u0142acem), z kt\u00f3rego wychodz\u0105 promieni\u015bcie dawne aleje (dzi\u015b g\u0142\u00f3wne ulice w miejscowo\u015bci), tworz\u0105ce charakterystyczny podzia\u0142 na kliny. Na terenie jednego z nich za\u0142o\u017cono ogr\u00f3d francuski i ma\u0142y park angielski. W kolejnych latach program parku zosta\u0142 rozwini\u0119ty i obj\u0105\u0142 dalej po\u0142o\u017cone tereny le\u015bne.<\/p>\n\n\n\n<p><\/p>\n\n\n\n<div class=\"wp-block-columns is-layout-flex wp-container-core-columns-is-layout-9d6595d7 wp-block-columns-is-layout-flex\">\n<div class=\"wp-block-column is-layout-flow wp-block-column-is-layout-flow\">\n<figure data-wp-context=\"{&quot;imageId&quot;:&quot;69f5ca815d33a&quot;}\" data-wp-interactive=\"core\/image\" data-wp-key=\"69f5ca815d33a\" class=\"wp-block-image size-large wp-lightbox-container\"><img loading=\"lazy\" decoding=\"async\" width=\"2560\" height=\"1706\" data-wp-class--hide=\"state.isContentHidden\" data-wp-class--show=\"state.isContentVisible\" data-wp-init=\"callbacks.setButtonStyles\" data-wp-on--click=\"actions.showLightbox\" data-wp-on--load=\"callbacks.setButtonStyles\" data-wp-on-window--resize=\"callbacks.setButtonStyles\" src=\"https:\/\/nid.pl\/wp-content\/uploads\/2025\/07\/Kat.-B-wyroznienie_Pokoj_park_fot_Agnieszka-Salyga-Rzonca_NID-OT-Opole-2-edited-scaled.jpg\" alt=\"\" class=\"wp-image-28326\" srcset=\"https:\/\/nid.pl\/wp-content\/uploads\/2025\/07\/Kat.-B-wyroznienie_Pokoj_park_fot_Agnieszka-Salyga-Rzonca_NID-OT-Opole-2-edited-scaled.jpg 2560w, https:\/\/nid.pl\/wp-content\/uploads\/2025\/07\/Kat.-B-wyroznienie_Pokoj_park_fot_Agnieszka-Salyga-Rzonca_NID-OT-Opole-2-edited-1280x853.jpg 1280w, https:\/\/nid.pl\/wp-content\/uploads\/2025\/07\/Kat.-B-wyroznienie_Pokoj_park_fot_Agnieszka-Salyga-Rzonca_NID-OT-Opole-2-edited-980x653.jpg 980w, https:\/\/nid.pl\/wp-content\/uploads\/2025\/07\/Kat.-B-wyroznienie_Pokoj_park_fot_Agnieszka-Salyga-Rzonca_NID-OT-Opole-2-edited-480x320.jpg 480w\" sizes=\"(min-width: 0px) and (max-width: 480px) 480px, (min-width: 481px) and (max-width: 980px) 980px, (min-width: 981px) and (max-width: 1280px) 1280px, (min-width: 1281px) 2560px, 100vw\" \/><button\n\t\t\tclass=\"lightbox-trigger\"\n\t\t\ttype=\"button\"\n\t\t\taria-haspopup=\"dialog\"\n\t\t\taria-label=\"Enlarge\"\n\t\t\tdata-wp-init=\"callbacks.initTriggerButton\"\n\t\t\tdata-wp-on--click=\"actions.showLightbox\"\n\t\t\tdata-wp-style--right=\"state.imageButtonRight\"\n\t\t\tdata-wp-style--top=\"state.imageButtonTop\"\n\t\t>\n\t\t\t<svg xmlns=\"http:\/\/www.w3.org\/2000\/svg\" width=\"12\" height=\"12\" fill=\"none\" viewbox=\"0 0 12 12\">\n\t\t\t\t<path fill=\"#fff\" d=\"M2 0a2 2 0 0 0-2 2v2h1.5V2a.5.5 0 0 1 .5-.5h2V0H2Zm2 10.5H2a.5.5 0 0 1-.5-.5V8H0v2a2 2 0 0 0 2 2h2v-1.5ZM8 12v-1.5h2a.5.5 0 0 0 .5-.5V8H12v2a2 2 0 0 1-2 2H8Zm2-12a2 2 0 0 1 2 2v2h-1.5V2a.5.5 0 0 0-.5-.5H8V0h2Z\" \/>\n\t\t\t<\/svg>\n\t\t<\/button><figcaption class=\"wp-element-caption\">Pok\u00f3j &#8211; park, fot. NID\/A. Sa\u0142yga-Rzo\u0144ca<\/figcaption><\/figure>\n<\/div>\n\n\n\n<div class=\"wp-block-column is-layout-flow wp-block-column-is-layout-flow\">\n<figure data-wp-context=\"{&quot;imageId&quot;:&quot;69f5ca815d60f&quot;}\" data-wp-interactive=\"core\/image\" data-wp-key=\"69f5ca815d60f\" class=\"wp-block-image size-large wp-lightbox-container\"><img loading=\"lazy\" decoding=\"async\" width=\"1024\" height=\"683\" data-wp-class--hide=\"state.isContentHidden\" data-wp-class--show=\"state.isContentVisible\" data-wp-init=\"callbacks.setButtonStyles\" data-wp-on--click=\"actions.showLightbox\" data-wp-on--load=\"callbacks.setButtonStyles\" data-wp-on-window--resize=\"callbacks.setButtonStyles\" src=\"https:\/\/nid.pl\/wp-content\/uploads\/2025\/07\/Kat.-B-wyroznienie_Pokoj_park_fot_Archiwum-Gminy-Pokoj-1-1024x683.jpg\" alt=\"\" class=\"wp-image-28248\" srcset=\"https:\/\/nid.pl\/wp-content\/uploads\/2025\/07\/Kat.-B-wyroznienie_Pokoj_park_fot_Archiwum-Gminy-Pokoj-1-980x653.jpg 980w, https:\/\/nid.pl\/wp-content\/uploads\/2025\/07\/Kat.-B-wyroznienie_Pokoj_park_fot_Archiwum-Gminy-Pokoj-1-480x320.jpg 480w\" sizes=\"(min-width: 0px) and (max-width: 480px) 480px, (min-width: 481px) and (max-width: 980px) 980px, (min-width: 981px) 1024px, 100vw\" \/><button\n\t\t\tclass=\"lightbox-trigger\"\n\t\t\ttype=\"button\"\n\t\t\taria-haspopup=\"dialog\"\n\t\t\taria-label=\"Enlarge\"\n\t\t\tdata-wp-init=\"callbacks.initTriggerButton\"\n\t\t\tdata-wp-on--click=\"actions.showLightbox\"\n\t\t\tdata-wp-style--right=\"state.imageButtonRight\"\n\t\t\tdata-wp-style--top=\"state.imageButtonTop\"\n\t\t>\n\t\t\t<svg xmlns=\"http:\/\/www.w3.org\/2000\/svg\" width=\"12\" height=\"12\" fill=\"none\" viewbox=\"0 0 12 12\">\n\t\t\t\t<path fill=\"#fff\" d=\"M2 0a2 2 0 0 0-2 2v2h1.5V2a.5.5 0 0 1 .5-.5h2V0H2Zm2 10.5H2a.5.5 0 0 1-.5-.5V8H0v2a2 2 0 0 0 2 2h2v-1.5ZM8 12v-1.5h2a.5.5 0 0 0 .5-.5V8H12v2a2 2 0 0 1-2 2H8Zm2-12a2 2 0 0 1 2 2v2h-1.5V2a.5.5 0 0 0-.5-.5H8V0h2Z\" \/>\n\t\t\t<\/svg>\n\t\t<\/button><figcaption class=\"wp-element-caption\">Pok\u00f3j &#8211; park, fot. Archiwum Gminy Pok\u00f3j<\/figcaption><\/figure>\n<\/div>\n\n\n\n<div class=\"wp-block-column is-layout-flow wp-block-column-is-layout-flow\">\n<figure data-wp-context=\"{&quot;imageId&quot;:&quot;69f5ca815d8cc&quot;}\" data-wp-interactive=\"core\/image\" data-wp-key=\"69f5ca815d8cc\" class=\"wp-block-image size-large wp-lightbox-container\"><img loading=\"lazy\" decoding=\"async\" width=\"1024\" height=\"683\" data-wp-class--hide=\"state.isContentHidden\" data-wp-class--show=\"state.isContentVisible\" data-wp-init=\"callbacks.setButtonStyles\" data-wp-on--click=\"actions.showLightbox\" data-wp-on--load=\"callbacks.setButtonStyles\" data-wp-on-window--resize=\"callbacks.setButtonStyles\" src=\"https:\/\/nid.pl\/wp-content\/uploads\/2025\/07\/Kat.-B-wyroznienie_Pokoj_park_fot_Archiwum-Gminy-Pokoj-2-1024x683.jpg\" alt=\"\" class=\"wp-image-28249\" srcset=\"https:\/\/nid.pl\/wp-content\/uploads\/2025\/07\/Kat.-B-wyroznienie_Pokoj_park_fot_Archiwum-Gminy-Pokoj-2-980x653.jpg 980w, https:\/\/nid.pl\/wp-content\/uploads\/2025\/07\/Kat.-B-wyroznienie_Pokoj_park_fot_Archiwum-Gminy-Pokoj-2-480x320.jpg 480w\" sizes=\"(min-width: 0px) and (max-width: 480px) 480px, (min-width: 481px) and (max-width: 980px) 980px, (min-width: 981px) 1024px, 100vw\" \/><button\n\t\t\tclass=\"lightbox-trigger\"\n\t\t\ttype=\"button\"\n\t\t\taria-haspopup=\"dialog\"\n\t\t\taria-label=\"Enlarge\"\n\t\t\tdata-wp-init=\"callbacks.initTriggerButton\"\n\t\t\tdata-wp-on--click=\"actions.showLightbox\"\n\t\t\tdata-wp-style--right=\"state.imageButtonRight\"\n\t\t\tdata-wp-style--top=\"state.imageButtonTop\"\n\t\t>\n\t\t\t<svg xmlns=\"http:\/\/www.w3.org\/2000\/svg\" width=\"12\" height=\"12\" fill=\"none\" viewbox=\"0 0 12 12\">\n\t\t\t\t<path fill=\"#fff\" d=\"M2 0a2 2 0 0 0-2 2v2h1.5V2a.5.5 0 0 1 .5-.5h2V0H2Zm2 10.5H2a.5.5 0 0 1-.5-.5V8H0v2a2 2 0 0 0 2 2h2v-1.5ZM8 12v-1.5h2a.5.5 0 0 0 .5-.5V8H12v2a2 2 0 0 1-2 2H8Zm2-12a2 2 0 0 1 2 2v2h-1.5V2a.5.5 0 0 0-.5-.5H8V0h2Z\" \/>\n\t\t\t<\/svg>\n\t\t<\/button><figcaption class=\"wp-element-caption\">Pok\u00f3j &#8211; park, fot. Archiwum Gminy Pok\u00f3j<\/figcaption><\/figure>\n<\/div>\n<\/div>\n\n\n\n<p><\/p>\n\n\n\n<p><strong>2. Brama Lwowska Stara w Zamo\u015bciu, woj. lubelskie<\/strong><\/p>\n\n\n\n<p>Wyr\u00f3\u017cnienie<br>dla<br><em>Miasta Zamo\u015b\u0107<\/em><\/p>\n\n\n\n<p>Brama Lwowska Stara to jedna z trzech pierwotnych bram miejskich Zamo\u015bcia. Zosta\u0142a zbudowana wed\u0142ug projektu w\u0142oskiego architekta Bernarda Moranda, uzyskuj\u0105c arkadowy przejazd oraz manierystyczn\u0105 kamienn\u0105 fasad\u0119. W 1818 roku w wyniku modernizacji twierdzy w czasach Kr\u00f3lestwa Polskiego bram\u0119 zamurowano i zamieniono na kazamat\u0119. W 1937 roku dzi\u0119ki Janowi Zachwatowiczowi rozebrano wt\u00f3rne zabudowy os\u0142aniaj\u0105ce bram\u0119 i ponownie otwarto przej\u015bcie.<\/p>\n\n\n\n<p><\/p>\n\n\n\n<div class=\"wp-block-columns is-layout-flex wp-container-core-columns-is-layout-9d6595d7 wp-block-columns-is-layout-flex\">\n<div class=\"wp-block-column is-layout-flow wp-block-column-is-layout-flow\">\n<figure data-wp-context=\"{&quot;imageId&quot;:&quot;69f5ca815dce6&quot;}\" data-wp-interactive=\"core\/image\" data-wp-key=\"69f5ca815dce6\" class=\"wp-block-image size-large wp-lightbox-container\"><img loading=\"lazy\" decoding=\"async\" width=\"1024\" height=\"768\" data-wp-class--hide=\"state.isContentHidden\" data-wp-class--show=\"state.isContentVisible\" data-wp-init=\"callbacks.setButtonStyles\" data-wp-on--click=\"actions.showLightbox\" data-wp-on--load=\"callbacks.setButtonStyles\" data-wp-on-window--resize=\"callbacks.setButtonStyles\" src=\"https:\/\/nid.pl\/wp-content\/uploads\/2025\/07\/Kat.-B-wyroznienie_Zamosc_Brama-Lwowska-Stara_fot_Ewa-Prusicka_NID-OT-Lublin-1-1024x768.jpg\" alt=\"\" class=\"wp-image-28250\" srcset=\"https:\/\/nid.pl\/wp-content\/uploads\/2025\/07\/Kat.-B-wyroznienie_Zamosc_Brama-Lwowska-Stara_fot_Ewa-Prusicka_NID-OT-Lublin-1-980x735.jpg 980w, https:\/\/nid.pl\/wp-content\/uploads\/2025\/07\/Kat.-B-wyroznienie_Zamosc_Brama-Lwowska-Stara_fot_Ewa-Prusicka_NID-OT-Lublin-1-480x360.jpg 480w\" sizes=\"(min-width: 0px) and (max-width: 480px) 480px, (min-width: 481px) and (max-width: 980px) 980px, (min-width: 981px) 1024px, 100vw\" \/><button\n\t\t\tclass=\"lightbox-trigger\"\n\t\t\ttype=\"button\"\n\t\t\taria-haspopup=\"dialog\"\n\t\t\taria-label=\"Enlarge\"\n\t\t\tdata-wp-init=\"callbacks.initTriggerButton\"\n\t\t\tdata-wp-on--click=\"actions.showLightbox\"\n\t\t\tdata-wp-style--right=\"state.imageButtonRight\"\n\t\t\tdata-wp-style--top=\"state.imageButtonTop\"\n\t\t>\n\t\t\t<svg xmlns=\"http:\/\/www.w3.org\/2000\/svg\" width=\"12\" height=\"12\" fill=\"none\" viewbox=\"0 0 12 12\">\n\t\t\t\t<path fill=\"#fff\" d=\"M2 0a2 2 0 0 0-2 2v2h1.5V2a.5.5 0 0 1 .5-.5h2V0H2Zm2 10.5H2a.5.5 0 0 1-.5-.5V8H0v2a2 2 0 0 0 2 2h2v-1.5ZM8 12v-1.5h2a.5.5 0 0 0 .5-.5V8H12v2a2 2 0 0 1-2 2H8Zm2-12a2 2 0 0 1 2 2v2h-1.5V2a.5.5 0 0 0-.5-.5H8V0h2Z\" \/>\n\t\t\t<\/svg>\n\t\t<\/button><figcaption class=\"wp-element-caption\">Zamo\u015b\u0107, Brama Lwowska Stara, fot. NID\/E. Prusicka<\/figcaption><\/figure>\n<\/div>\n\n\n\n<div class=\"wp-block-column is-layout-flow wp-block-column-is-layout-flow\">\n<figure data-wp-context=\"{&quot;imageId&quot;:&quot;69f5ca815dfac&quot;}\" data-wp-interactive=\"core\/image\" data-wp-key=\"69f5ca815dfac\" class=\"wp-block-image size-large wp-lightbox-container\"><img loading=\"lazy\" decoding=\"async\" width=\"1024\" height=\"768\" data-wp-class--hide=\"state.isContentHidden\" data-wp-class--show=\"state.isContentVisible\" data-wp-init=\"callbacks.setButtonStyles\" data-wp-on--click=\"actions.showLightbox\" data-wp-on--load=\"callbacks.setButtonStyles\" data-wp-on-window--resize=\"callbacks.setButtonStyles\" src=\"https:\/\/nid.pl\/wp-content\/uploads\/2025\/07\/Kat.-B-wyroznienie_Zamosc_Brama-Lwowska-Stara_fot_Ewa-Prusicka_NID-OT-Lublin-3-1024x768.jpg\" alt=\"\" class=\"wp-image-28252\" srcset=\"https:\/\/nid.pl\/wp-content\/uploads\/2025\/07\/Kat.-B-wyroznienie_Zamosc_Brama-Lwowska-Stara_fot_Ewa-Prusicka_NID-OT-Lublin-3-980x735.jpg 980w, https:\/\/nid.pl\/wp-content\/uploads\/2025\/07\/Kat.-B-wyroznienie_Zamosc_Brama-Lwowska-Stara_fot_Ewa-Prusicka_NID-OT-Lublin-3-480x360.jpg 480w\" sizes=\"(min-width: 0px) and (max-width: 480px) 480px, (min-width: 481px) and (max-width: 980px) 980px, (min-width: 981px) 1024px, 100vw\" \/><button\n\t\t\tclass=\"lightbox-trigger\"\n\t\t\ttype=\"button\"\n\t\t\taria-haspopup=\"dialog\"\n\t\t\taria-label=\"Enlarge\"\n\t\t\tdata-wp-init=\"callbacks.initTriggerButton\"\n\t\t\tdata-wp-on--click=\"actions.showLightbox\"\n\t\t\tdata-wp-style--right=\"state.imageButtonRight\"\n\t\t\tdata-wp-style--top=\"state.imageButtonTop\"\n\t\t>\n\t\t\t<svg xmlns=\"http:\/\/www.w3.org\/2000\/svg\" width=\"12\" height=\"12\" fill=\"none\" viewbox=\"0 0 12 12\">\n\t\t\t\t<path fill=\"#fff\" d=\"M2 0a2 2 0 0 0-2 2v2h1.5V2a.5.5 0 0 1 .5-.5h2V0H2Zm2 10.5H2a.5.5 0 0 1-.5-.5V8H0v2a2 2 0 0 0 2 2h2v-1.5ZM8 12v-1.5h2a.5.5 0 0 0 .5-.5V8H12v2a2 2 0 0 1-2 2H8Zm2-12a2 2 0 0 1 2 2v2h-1.5V2a.5.5 0 0 0-.5-.5H8V0h2Z\" \/>\n\t\t\t<\/svg>\n\t\t<\/button><figcaption class=\"wp-element-caption\">Zamo\u015b\u0107, Brama Lwowska Stara, fot. NID\/E. Prusicka<\/figcaption><\/figure>\n<\/div>\n\n\n\n<div class=\"wp-block-column is-layout-flow wp-block-column-is-layout-flow\">\n<figure data-wp-context=\"{&quot;imageId&quot;:&quot;69f5ca815e2d0&quot;}\" data-wp-interactive=\"core\/image\" data-wp-key=\"69f5ca815e2d0\" class=\"wp-block-image size-large wp-lightbox-container\"><img loading=\"lazy\" decoding=\"async\" width=\"1024\" height=\"768\" data-wp-class--hide=\"state.isContentHidden\" data-wp-class--show=\"state.isContentVisible\" data-wp-init=\"callbacks.setButtonStyles\" data-wp-on--click=\"actions.showLightbox\" data-wp-on--load=\"callbacks.setButtonStyles\" data-wp-on-window--resize=\"callbacks.setButtonStyles\" src=\"https:\/\/nid.pl\/wp-content\/uploads\/2025\/07\/Kat.-B-wyroznienie_Zamosc_Brama-Lwowska-Stara_fot_Ewa-Prusicka_NID-OT-Lublin-4-1024x768.jpg\" alt=\"\" class=\"wp-image-28253\" srcset=\"https:\/\/nid.pl\/wp-content\/uploads\/2025\/07\/Kat.-B-wyroznienie_Zamosc_Brama-Lwowska-Stara_fot_Ewa-Prusicka_NID-OT-Lublin-4-980x735.jpg 980w, https:\/\/nid.pl\/wp-content\/uploads\/2025\/07\/Kat.-B-wyroznienie_Zamosc_Brama-Lwowska-Stara_fot_Ewa-Prusicka_NID-OT-Lublin-4-480x360.jpg 480w\" sizes=\"(min-width: 0px) and (max-width: 480px) 480px, (min-width: 481px) and (max-width: 980px) 980px, (min-width: 981px) 1024px, 100vw\" \/><button\n\t\t\tclass=\"lightbox-trigger\"\n\t\t\ttype=\"button\"\n\t\t\taria-haspopup=\"dialog\"\n\t\t\taria-label=\"Enlarge\"\n\t\t\tdata-wp-init=\"callbacks.initTriggerButton\"\n\t\t\tdata-wp-on--click=\"actions.showLightbox\"\n\t\t\tdata-wp-style--right=\"state.imageButtonRight\"\n\t\t\tdata-wp-style--top=\"state.imageButtonTop\"\n\t\t>\n\t\t\t<svg xmlns=\"http:\/\/www.w3.org\/2000\/svg\" width=\"12\" height=\"12\" fill=\"none\" viewbox=\"0 0 12 12\">\n\t\t\t\t<path fill=\"#fff\" d=\"M2 0a2 2 0 0 0-2 2v2h1.5V2a.5.5 0 0 1 .5-.5h2V0H2Zm2 10.5H2a.5.5 0 0 1-.5-.5V8H0v2a2 2 0 0 0 2 2h2v-1.5ZM8 12v-1.5h2a.5.5 0 0 0 .5-.5V8H12v2a2 2 0 0 1-2 2H8Zm2-12a2 2 0 0 1 2 2v2h-1.5V2a.5.5 0 0 0-.5-.5H8V0h2Z\" \/>\n\t\t\t<\/svg>\n\t\t<\/button><figcaption class=\"wp-element-caption\">Zamo\u015b\u0107, Brama Lwowska Stara, fot. NID\/E. Prusicka<\/figcaption><\/figure>\n<\/div>\n<\/div>\n\n\n\n<p><\/p>\n\n\n\n<p><strong>Kategoria adaptacji obiekt\u00f3w zabytkowych<\/strong><\/p>\n\n\n\n<p><strong>Nagrody<\/strong><\/p>\n\n\n\n<p><strong>1. Pawilon wystawowy Hala Betonowa \u2013 <em>Betonhaus<\/em> \u2013 w Poznaniu, woj. wielkopolskie<\/strong><\/p>\n\n\n\n<p>Nagroda<br>dla<br><em>Betonhaus<\/em> <em>Sp\u00f3\u0142ki z o.o.<\/em><\/p>\n\n\n\n<p>Budynek Hali Betonowej tzw. Betonhaus powsta\u0142 jako pawilon wystawowy na Wschodnioniemieck\u0105 Wystaw\u0119 Przemys\u0142u, Rzemios\u0142a i Rolnictwa w 1911 roku. Zaprojektowany przez architekt\u00f3w Klotha i Schneidera nale\u017cy do pionierskich budowli wykonanych w nowatorskiej technologii z \u017celbetonu. W 1930 roku budynek zosta\u0142 przekszta\u0142cony na sale gimnastyczne dla Uniwersytetu Pozna\u0144skiego. Do 2013 roku u\u017cytkowany by\u0142 przez AWF.<\/p>\n\n\n\n<p><\/p>\n\n\n\n<div class=\"wp-block-columns is-layout-flex wp-container-core-columns-is-layout-9d6595d7 wp-block-columns-is-layout-flex\">\n<div class=\"wp-block-column is-layout-flow wp-block-column-is-layout-flow\">\n<figure data-wp-context=\"{&quot;imageId&quot;:&quot;69f5ca815e802&quot;}\" data-wp-interactive=\"core\/image\" data-wp-key=\"69f5ca815e802\" class=\"wp-block-image size-large wp-lightbox-container\"><img loading=\"lazy\" decoding=\"async\" width=\"1024\" height=\"768\" data-wp-class--hide=\"state.isContentHidden\" data-wp-class--show=\"state.isContentVisible\" data-wp-init=\"callbacks.setButtonStyles\" data-wp-on--click=\"actions.showLightbox\" data-wp-on--load=\"callbacks.setButtonStyles\" data-wp-on-window--resize=\"callbacks.setButtonStyles\" src=\"https:\/\/nid.pl\/wp-content\/uploads\/2025\/07\/Kat.-C-nagroda_Poznan_Pawilon-wystawowy_fot_Daniel-Mikulski_NID-OT-Poznan-1024x768.jpg\" alt=\"\" class=\"wp-image-28260\" srcset=\"https:\/\/nid.pl\/wp-content\/uploads\/2025\/07\/Kat.-C-nagroda_Poznan_Pawilon-wystawowy_fot_Daniel-Mikulski_NID-OT-Poznan-980x735.jpg 980w, https:\/\/nid.pl\/wp-content\/uploads\/2025\/07\/Kat.-C-nagroda_Poznan_Pawilon-wystawowy_fot_Daniel-Mikulski_NID-OT-Poznan-480x360.jpg 480w\" sizes=\"(min-width: 0px) and (max-width: 480px) 480px, (min-width: 481px) and (max-width: 980px) 980px, (min-width: 981px) 1024px, 100vw\" \/><button\n\t\t\tclass=\"lightbox-trigger\"\n\t\t\ttype=\"button\"\n\t\t\taria-haspopup=\"dialog\"\n\t\t\taria-label=\"Enlarge\"\n\t\t\tdata-wp-init=\"callbacks.initTriggerButton\"\n\t\t\tdata-wp-on--click=\"actions.showLightbox\"\n\t\t\tdata-wp-style--right=\"state.imageButtonRight\"\n\t\t\tdata-wp-style--top=\"state.imageButtonTop\"\n\t\t>\n\t\t\t<svg xmlns=\"http:\/\/www.w3.org\/2000\/svg\" width=\"12\" height=\"12\" fill=\"none\" viewbox=\"0 0 12 12\">\n\t\t\t\t<path fill=\"#fff\" d=\"M2 0a2 2 0 0 0-2 2v2h1.5V2a.5.5 0 0 1 .5-.5h2V0H2Zm2 10.5H2a.5.5 0 0 1-.5-.5V8H0v2a2 2 0 0 0 2 2h2v-1.5ZM8 12v-1.5h2a.5.5 0 0 0 .5-.5V8H12v2a2 2 0 0 1-2 2H8Zm2-12a2 2 0 0 1 2 2v2h-1.5V2a.5.5 0 0 0-.5-.5H8V0h2Z\" \/>\n\t\t\t<\/svg>\n\t\t<\/button><figcaption class=\"wp-element-caption\">Pozna\u0144, pawilon wystawowy, fot. NID\/D. Mikulski<\/figcaption><\/figure>\n<\/div>\n\n\n\n<div class=\"wp-block-column is-layout-flow wp-block-column-is-layout-flow\">\n<figure data-wp-context=\"{&quot;imageId&quot;:&quot;69f5ca815eb2e&quot;}\" data-wp-interactive=\"core\/image\" data-wp-key=\"69f5ca815eb2e\" class=\"wp-block-image size-large wp-lightbox-container\"><img loading=\"lazy\" decoding=\"async\" width=\"1024\" height=\"768\" data-wp-class--hide=\"state.isContentHidden\" data-wp-class--show=\"state.isContentVisible\" data-wp-init=\"callbacks.setButtonStyles\" data-wp-on--click=\"actions.showLightbox\" data-wp-on--load=\"callbacks.setButtonStyles\" data-wp-on-window--resize=\"callbacks.setButtonStyles\" src=\"https:\/\/nid.pl\/wp-content\/uploads\/2025\/07\/Kat.-C-nagroda_Poznan_Pawilon-wystawowy_fot_Daniel-Mikulski_NID-OT-Poznan-2-1024x768.jpg\" alt=\"\" class=\"wp-image-28259\" srcset=\"https:\/\/nid.pl\/wp-content\/uploads\/2025\/07\/Kat.-C-nagroda_Poznan_Pawilon-wystawowy_fot_Daniel-Mikulski_NID-OT-Poznan-2-980x735.jpg 980w, https:\/\/nid.pl\/wp-content\/uploads\/2025\/07\/Kat.-C-nagroda_Poznan_Pawilon-wystawowy_fot_Daniel-Mikulski_NID-OT-Poznan-2-480x360.jpg 480w\" sizes=\"(min-width: 0px) and (max-width: 480px) 480px, (min-width: 481px) and (max-width: 980px) 980px, (min-width: 981px) 1024px, 100vw\" \/><button\n\t\t\tclass=\"lightbox-trigger\"\n\t\t\ttype=\"button\"\n\t\t\taria-haspopup=\"dialog\"\n\t\t\taria-label=\"Enlarge\"\n\t\t\tdata-wp-init=\"callbacks.initTriggerButton\"\n\t\t\tdata-wp-on--click=\"actions.showLightbox\"\n\t\t\tdata-wp-style--right=\"state.imageButtonRight\"\n\t\t\tdata-wp-style--top=\"state.imageButtonTop\"\n\t\t>\n\t\t\t<svg xmlns=\"http:\/\/www.w3.org\/2000\/svg\" width=\"12\" height=\"12\" fill=\"none\" viewbox=\"0 0 12 12\">\n\t\t\t\t<path fill=\"#fff\" d=\"M2 0a2 2 0 0 0-2 2v2h1.5V2a.5.5 0 0 1 .5-.5h2V0H2Zm2 10.5H2a.5.5 0 0 1-.5-.5V8H0v2a2 2 0 0 0 2 2h2v-1.5ZM8 12v-1.5h2a.5.5 0 0 0 .5-.5V8H12v2a2 2 0 0 1-2 2H8Zm2-12a2 2 0 0 1 2 2v2h-1.5V2a.5.5 0 0 0-.5-.5H8V0h2Z\" \/>\n\t\t\t<\/svg>\n\t\t<\/button><figcaption class=\"wp-element-caption\">Pozna\u0144, pawilon wystawowy, fot. NID\/D. Mikulski<\/figcaption><\/figure>\n<\/div>\n\n\n\n<div class=\"wp-block-column is-layout-flow wp-block-column-is-layout-flow\">\n<figure data-wp-context=\"{&quot;imageId&quot;:&quot;69f5ca815ee37&quot;}\" data-wp-interactive=\"core\/image\" data-wp-key=\"69f5ca815ee37\" class=\"wp-block-image size-large wp-lightbox-container\"><img loading=\"lazy\" decoding=\"async\" width=\"1024\" height=\"768\" data-wp-class--hide=\"state.isContentHidden\" data-wp-class--show=\"state.isContentVisible\" data-wp-init=\"callbacks.setButtonStyles\" data-wp-on--click=\"actions.showLightbox\" data-wp-on--load=\"callbacks.setButtonStyles\" data-wp-on-window--resize=\"callbacks.setButtonStyles\" src=\"https:\/\/nid.pl\/wp-content\/uploads\/2025\/07\/Kat.-C-nagroda_Poznan_Pawilon-wystawowy_fot_Daniel-Mikulski_NID-OT-Poznan-1-1024x768.jpg\" alt=\"\" class=\"wp-image-28258\" srcset=\"https:\/\/nid.pl\/wp-content\/uploads\/2025\/07\/Kat.-C-nagroda_Poznan_Pawilon-wystawowy_fot_Daniel-Mikulski_NID-OT-Poznan-1-980x735.jpg 980w, https:\/\/nid.pl\/wp-content\/uploads\/2025\/07\/Kat.-C-nagroda_Poznan_Pawilon-wystawowy_fot_Daniel-Mikulski_NID-OT-Poznan-1-480x360.jpg 480w\" sizes=\"(min-width: 0px) and (max-width: 480px) 480px, (min-width: 481px) and (max-width: 980px) 980px, (min-width: 981px) 1024px, 100vw\" \/><button\n\t\t\tclass=\"lightbox-trigger\"\n\t\t\ttype=\"button\"\n\t\t\taria-haspopup=\"dialog\"\n\t\t\taria-label=\"Enlarge\"\n\t\t\tdata-wp-init=\"callbacks.initTriggerButton\"\n\t\t\tdata-wp-on--click=\"actions.showLightbox\"\n\t\t\tdata-wp-style--right=\"state.imageButtonRight\"\n\t\t\tdata-wp-style--top=\"state.imageButtonTop\"\n\t\t>\n\t\t\t<svg xmlns=\"http:\/\/www.w3.org\/2000\/svg\" width=\"12\" height=\"12\" fill=\"none\" viewbox=\"0 0 12 12\">\n\t\t\t\t<path fill=\"#fff\" d=\"M2 0a2 2 0 0 0-2 2v2h1.5V2a.5.5 0 0 1 .5-.5h2V0H2Zm2 10.5H2a.5.5 0 0 1-.5-.5V8H0v2a2 2 0 0 0 2 2h2v-1.5ZM8 12v-1.5h2a.5.5 0 0 0 .5-.5V8H12v2a2 2 0 0 1-2 2H8Zm2-12a2 2 0 0 1 2 2v2h-1.5V2a.5.5 0 0 0-.5-.5H8V0h2Z\" \/>\n\t\t\t<\/svg>\n\t\t<\/button><figcaption class=\"wp-element-caption\">Pozna\u0144, pawilon wystawowy, fot. NID\/D. Mikulski<\/figcaption><\/figure>\n<\/div>\n<\/div>\n\n\n\n<p><\/p>\n\n\n\n<p><strong>2. Dawne Niemieckie Gimnazjum Reformowane, obecnie siedziba S\u0105du Apelacyjnego w \u0141odzi, woj. \u0142\u00f3dzkie<\/strong><\/p>\n\n\n\n<p>Nagroda<br>dla<br><em>S\u0105du Apelacyjnego w \u0141odzi<\/em><\/p>\n\n\n\n<p>Budynek szkolny zosta\u0142 wzniesiony w latach 1909-1910 wed\u0142ug projektu berli\u0144skiego architekta Ottona Herrnringa. \u0141\u0105czy cechy secesji i wczesnego modernizmu. Gimnazjum funkcjonowa\u0142o do 1945 roku. Po II wojnie \u015bwiatowej mie\u015bci\u0142a si\u0119 tu Centralna Szko\u0142a Partyjna PPR (od 1948 PZPR). W latach kolejnych \u2013 liceum og\u00f3lnokszta\u0142c\u0105ce i jednostki Uniwersytetu \u0141\u00f3dzkiego. W roku 1981 budynek by\u0142 g\u0142\u00f3wnym miejscem strajku student\u00f3w uczelni \u0142\u00f3dzkich.<\/p>\n\n\n\n<p><\/p>\n\n\n\n<div class=\"wp-block-columns is-layout-flex wp-container-core-columns-is-layout-9d6595d7 wp-block-columns-is-layout-flex\">\n<div class=\"wp-block-column is-layout-flow wp-block-column-is-layout-flow\">\n<figure data-wp-context=\"{&quot;imageId&quot;:&quot;69f5ca815f27f&quot;}\" data-wp-interactive=\"core\/image\" data-wp-key=\"69f5ca815f27f\" class=\"wp-block-image size-large wp-lightbox-container\"><img loading=\"lazy\" decoding=\"async\" width=\"1024\" height=\"683\" data-wp-class--hide=\"state.isContentHidden\" data-wp-class--show=\"state.isContentVisible\" data-wp-init=\"callbacks.setButtonStyles\" data-wp-on--click=\"actions.showLightbox\" data-wp-on--load=\"callbacks.setButtonStyles\" data-wp-on-window--resize=\"callbacks.setButtonStyles\" src=\"https:\/\/nid.pl\/wp-content\/uploads\/2025\/07\/Kat.-C-nagroda_Lodz_gimnazjum-ob.-Sad-Apelacyjny_fot_Agnieszka-Karczewska_NID-OT-Lodz-1-1024x683.jpg\" alt=\"\" class=\"wp-image-28254\" srcset=\"https:\/\/nid.pl\/wp-content\/uploads\/2025\/07\/Kat.-C-nagroda_Lodz_gimnazjum-ob.-Sad-Apelacyjny_fot_Agnieszka-Karczewska_NID-OT-Lodz-1-980x653.jpg 980w, https:\/\/nid.pl\/wp-content\/uploads\/2025\/07\/Kat.-C-nagroda_Lodz_gimnazjum-ob.-Sad-Apelacyjny_fot_Agnieszka-Karczewska_NID-OT-Lodz-1-480x320.jpg 480w\" sizes=\"(min-width: 0px) and (max-width: 480px) 480px, (min-width: 481px) and (max-width: 980px) 980px, (min-width: 981px) 1024px, 100vw\" \/><button\n\t\t\tclass=\"lightbox-trigger\"\n\t\t\ttype=\"button\"\n\t\t\taria-haspopup=\"dialog\"\n\t\t\taria-label=\"Enlarge\"\n\t\t\tdata-wp-init=\"callbacks.initTriggerButton\"\n\t\t\tdata-wp-on--click=\"actions.showLightbox\"\n\t\t\tdata-wp-style--right=\"state.imageButtonRight\"\n\t\t\tdata-wp-style--top=\"state.imageButtonTop\"\n\t\t>\n\t\t\t<svg xmlns=\"http:\/\/www.w3.org\/2000\/svg\" width=\"12\" height=\"12\" fill=\"none\" viewbox=\"0 0 12 12\">\n\t\t\t\t<path fill=\"#fff\" d=\"M2 0a2 2 0 0 0-2 2v2h1.5V2a.5.5 0 0 1 .5-.5h2V0H2Zm2 10.5H2a.5.5 0 0 1-.5-.5V8H0v2a2 2 0 0 0 2 2h2v-1.5ZM8 12v-1.5h2a.5.5 0 0 0 .5-.5V8H12v2a2 2 0 0 1-2 2H8Zm2-12a2 2 0 0 1 2 2v2h-1.5V2a.5.5 0 0 0-.5-.5H8V0h2Z\" \/>\n\t\t\t<\/svg>\n\t\t<\/button><figcaption class=\"wp-element-caption\">\u0141\u00f3d\u017a, gimnazjum, ob. S\u0105d Apelacyjny, fot. NID\/A. Karczewska<\/figcaption><\/figure>\n<\/div>\n\n\n\n<div class=\"wp-block-column is-layout-flow wp-block-column-is-layout-flow\">\n<figure data-wp-context=\"{&quot;imageId&quot;:&quot;69f5ca815f5ab&quot;}\" data-wp-interactive=\"core\/image\" data-wp-key=\"69f5ca815f5ab\" class=\"wp-block-image size-large wp-lightbox-container\"><img loading=\"lazy\" decoding=\"async\" width=\"1024\" height=\"683\" data-wp-class--hide=\"state.isContentHidden\" data-wp-class--show=\"state.isContentVisible\" data-wp-init=\"callbacks.setButtonStyles\" data-wp-on--click=\"actions.showLightbox\" data-wp-on--load=\"callbacks.setButtonStyles\" data-wp-on-window--resize=\"callbacks.setButtonStyles\" src=\"https:\/\/nid.pl\/wp-content\/uploads\/2025\/07\/Kat.-C-nagroda_Lodz_gimnazjum-ob.-Sad-Apelacyjny_fot_Agnieszka-Karczewska_NID-OT-Lodz-2-1024x683.jpg\" alt=\"\" class=\"wp-image-28255\" srcset=\"https:\/\/nid.pl\/wp-content\/uploads\/2025\/07\/Kat.-C-nagroda_Lodz_gimnazjum-ob.-Sad-Apelacyjny_fot_Agnieszka-Karczewska_NID-OT-Lodz-2-980x653.jpg 980w, https:\/\/nid.pl\/wp-content\/uploads\/2025\/07\/Kat.-C-nagroda_Lodz_gimnazjum-ob.-Sad-Apelacyjny_fot_Agnieszka-Karczewska_NID-OT-Lodz-2-480x320.jpg 480w\" sizes=\"(min-width: 0px) and (max-width: 480px) 480px, (min-width: 481px) and (max-width: 980px) 980px, (min-width: 981px) 1024px, 100vw\" \/><button\n\t\t\tclass=\"lightbox-trigger\"\n\t\t\ttype=\"button\"\n\t\t\taria-haspopup=\"dialog\"\n\t\t\taria-label=\"Enlarge\"\n\t\t\tdata-wp-init=\"callbacks.initTriggerButton\"\n\t\t\tdata-wp-on--click=\"actions.showLightbox\"\n\t\t\tdata-wp-style--right=\"state.imageButtonRight\"\n\t\t\tdata-wp-style--top=\"state.imageButtonTop\"\n\t\t>\n\t\t\t<svg xmlns=\"http:\/\/www.w3.org\/2000\/svg\" width=\"12\" height=\"12\" fill=\"none\" viewbox=\"0 0 12 12\">\n\t\t\t\t<path fill=\"#fff\" d=\"M2 0a2 2 0 0 0-2 2v2h1.5V2a.5.5 0 0 1 .5-.5h2V0H2Zm2 10.5H2a.5.5 0 0 1-.5-.5V8H0v2a2 2 0 0 0 2 2h2v-1.5ZM8 12v-1.5h2a.5.5 0 0 0 .5-.5V8H12v2a2 2 0 0 1-2 2H8Zm2-12a2 2 0 0 1 2 2v2h-1.5V2a.5.5 0 0 0-.5-.5H8V0h2Z\" \/>\n\t\t\t<\/svg>\n\t\t<\/button><figcaption class=\"wp-element-caption\">\u0141\u00f3d\u017a, gimnazjum, ob. S\u0105d Apelacyjny, fot. NID\/A. Karczewska<\/figcaption><\/figure>\n<\/div>\n\n\n\n<div class=\"wp-block-column is-layout-flow wp-block-column-is-layout-flow\">\n<figure data-wp-context=\"{&quot;imageId&quot;:&quot;69f5ca815f8ab&quot;}\" data-wp-interactive=\"core\/image\" data-wp-key=\"69f5ca815f8ab\" class=\"wp-block-image size-large wp-lightbox-container\"><img loading=\"lazy\" decoding=\"async\" width=\"1024\" height=\"683\" data-wp-class--hide=\"state.isContentHidden\" data-wp-class--show=\"state.isContentVisible\" data-wp-init=\"callbacks.setButtonStyles\" data-wp-on--click=\"actions.showLightbox\" data-wp-on--load=\"callbacks.setButtonStyles\" data-wp-on-window--resize=\"callbacks.setButtonStyles\" src=\"https:\/\/nid.pl\/wp-content\/uploads\/2025\/07\/Kat.-C-nagroda_Lodz_gimnazjum-ob.-Sad-Apelacyjny_fot_Patrycja-Podgarbi_NID-OT-Lodz-1024x683.jpg\" alt=\"\" class=\"wp-image-28257\" srcset=\"https:\/\/nid.pl\/wp-content\/uploads\/2025\/07\/Kat.-C-nagroda_Lodz_gimnazjum-ob.-Sad-Apelacyjny_fot_Patrycja-Podgarbi_NID-OT-Lodz-980x653.jpg 980w, https:\/\/nid.pl\/wp-content\/uploads\/2025\/07\/Kat.-C-nagroda_Lodz_gimnazjum-ob.-Sad-Apelacyjny_fot_Patrycja-Podgarbi_NID-OT-Lodz-480x320.jpg 480w\" sizes=\"(min-width: 0px) and (max-width: 480px) 480px, (min-width: 481px) and (max-width: 980px) 980px, (min-width: 981px) 1024px, 100vw\" \/><button\n\t\t\tclass=\"lightbox-trigger\"\n\t\t\ttype=\"button\"\n\t\t\taria-haspopup=\"dialog\"\n\t\t\taria-label=\"Enlarge\"\n\t\t\tdata-wp-init=\"callbacks.initTriggerButton\"\n\t\t\tdata-wp-on--click=\"actions.showLightbox\"\n\t\t\tdata-wp-style--right=\"state.imageButtonRight\"\n\t\t\tdata-wp-style--top=\"state.imageButtonTop\"\n\t\t>\n\t\t\t<svg xmlns=\"http:\/\/www.w3.org\/2000\/svg\" width=\"12\" height=\"12\" fill=\"none\" viewbox=\"0 0 12 12\">\n\t\t\t\t<path fill=\"#fff\" d=\"M2 0a2 2 0 0 0-2 2v2h1.5V2a.5.5 0 0 1 .5-.5h2V0H2Zm2 10.5H2a.5.5 0 0 1-.5-.5V8H0v2a2 2 0 0 0 2 2h2v-1.5ZM8 12v-1.5h2a.5.5 0 0 0 .5-.5V8H12v2a2 2 0 0 1-2 2H8Zm2-12a2 2 0 0 1 2 2v2h-1.5V2a.5.5 0 0 0-.5-.5H8V0h2Z\" \/>\n\t\t\t<\/svg>\n\t\t<\/button><figcaption class=\"wp-element-caption\">\u0141\u00f3d\u017a, gimnazjum, ob. S\u0105d Apelacyjny, fot. NID\/P. Podgarbi<\/figcaption><\/figure>\n<\/div>\n<\/div>\n\n\n\n<p><\/p>\n\n\n\n<p><strong>Wyr\u00f3\u017cnienia<\/strong><\/p>\n\n\n\n<p><strong>1. Zesp\u00f3\u0142 osiedla Kolonia Zgorzelec w Bytomiu, woj. \u015bl\u0105skie<\/strong><\/p>\n\n\n\n<p>Wyr\u00f3\u017cnienie<br>dla<br><em><em>Bytomskich Mieszka\u0144 \u2013&nbsp;jednostki bud\u017cetowej Gminy Bytom<\/em><\/em><\/p>\n\n\n\n<p>Kolonia Zgorzelec w Bytomiu zosta\u0142a wybudowana w latach 1897-1901 dla pracownik\u00f3w huty \u017celaza funkcjonuj\u0105cej pod nazw\u0105 Huta Hubertus, a nast\u0119pnie Huta Zygmunt, nale\u017c\u0105cej do rodu Tiele-Wincler\u00f3w. Budynki mieszkalne zosta\u0142y rozlokowane wzd\u0142u\u017c drogi prowadz\u0105cej z Bytomia do \u015awi\u0119toch\u0142owic, tworz\u0105c zabudow\u0119 kolonii robotniczej \u2013 rozwi\u0105zania charakterystycznego dla przemys\u0142owego \u015al\u0105ska.<\/p>\n\n\n\n<p><\/p>\n\n\n\n<div class=\"wp-block-columns is-layout-flex wp-container-core-columns-is-layout-9d6595d7 wp-block-columns-is-layout-flex\">\n<div class=\"wp-block-column is-layout-flow wp-block-column-is-layout-flow\">\n<figure data-wp-context=\"{&quot;imageId&quot;:&quot;69f5ca815fd46&quot;}\" data-wp-interactive=\"core\/image\" data-wp-key=\"69f5ca815fd46\" class=\"wp-block-image size-large wp-lightbox-container\"><img loading=\"lazy\" decoding=\"async\" width=\"1024\" height=\"683\" data-wp-class--hide=\"state.isContentHidden\" data-wp-class--show=\"state.isContentVisible\" data-wp-init=\"callbacks.setButtonStyles\" data-wp-on--click=\"actions.showLightbox\" data-wp-on--load=\"callbacks.setButtonStyles\" data-wp-on-window--resize=\"callbacks.setButtonStyles\" src=\"https:\/\/nid.pl\/wp-content\/uploads\/2025\/07\/Kat.-C-wyroznienie_Bytom_Kolonia-Zgorzelec_fot_Bozena-Lebzuch-Wach_NID-OT-Katowice-1-1024x683.jpg\" alt=\"\" class=\"wp-image-28262\" srcset=\"https:\/\/nid.pl\/wp-content\/uploads\/2025\/07\/Kat.-C-wyroznienie_Bytom_Kolonia-Zgorzelec_fot_Bozena-Lebzuch-Wach_NID-OT-Katowice-1-980x653.jpg 980w, https:\/\/nid.pl\/wp-content\/uploads\/2025\/07\/Kat.-C-wyroznienie_Bytom_Kolonia-Zgorzelec_fot_Bozena-Lebzuch-Wach_NID-OT-Katowice-1-480x320.jpg 480w\" sizes=\"(min-width: 0px) and (max-width: 480px) 480px, (min-width: 481px) and (max-width: 980px) 980px, (min-width: 981px) 1024px, 100vw\" \/><button\n\t\t\tclass=\"lightbox-trigger\"\n\t\t\ttype=\"button\"\n\t\t\taria-haspopup=\"dialog\"\n\t\t\taria-label=\"Enlarge\"\n\t\t\tdata-wp-init=\"callbacks.initTriggerButton\"\n\t\t\tdata-wp-on--click=\"actions.showLightbox\"\n\t\t\tdata-wp-style--right=\"state.imageButtonRight\"\n\t\t\tdata-wp-style--top=\"state.imageButtonTop\"\n\t\t>\n\t\t\t<svg xmlns=\"http:\/\/www.w3.org\/2000\/svg\" width=\"12\" height=\"12\" fill=\"none\" viewbox=\"0 0 12 12\">\n\t\t\t\t<path fill=\"#fff\" d=\"M2 0a2 2 0 0 0-2 2v2h1.5V2a.5.5 0 0 1 .5-.5h2V0H2Zm2 10.5H2a.5.5 0 0 1-.5-.5V8H0v2a2 2 0 0 0 2 2h2v-1.5ZM8 12v-1.5h2a.5.5 0 0 0 .5-.5V8H12v2a2 2 0 0 1-2 2H8Zm2-12a2 2 0 0 1 2 2v2h-1.5V2a.5.5 0 0 0-.5-.5H8V0h2Z\" \/>\n\t\t\t<\/svg>\n\t\t<\/button><figcaption class=\"wp-element-caption\">Bytom, Kolonia Zgorzelec, fot. NID\/B. \u0141ebzuch-Wach<\/figcaption><\/figure>\n<\/div>\n\n\n\n<div class=\"wp-block-column is-layout-flow wp-block-column-is-layout-flow\">\n<figure data-wp-context=\"{&quot;imageId&quot;:&quot;69f5ca816005c&quot;}\" data-wp-interactive=\"core\/image\" data-wp-key=\"69f5ca816005c\" class=\"wp-block-image size-large wp-lightbox-container\"><img loading=\"lazy\" decoding=\"async\" width=\"1024\" height=\"683\" data-wp-class--hide=\"state.isContentHidden\" data-wp-class--show=\"state.isContentVisible\" data-wp-init=\"callbacks.setButtonStyles\" data-wp-on--click=\"actions.showLightbox\" data-wp-on--load=\"callbacks.setButtonStyles\" data-wp-on-window--resize=\"callbacks.setButtonStyles\" src=\"https:\/\/nid.pl\/wp-content\/uploads\/2025\/07\/Kat.-C-wyroznienie_Bytom_Kolonia-Zgorzelec_fot_Bozena-Lebzuch-Wach_NID-OT-Katowice-2-1024x683.jpg\" alt=\"\" class=\"wp-image-28263\" srcset=\"https:\/\/nid.pl\/wp-content\/uploads\/2025\/07\/Kat.-C-wyroznienie_Bytom_Kolonia-Zgorzelec_fot_Bozena-Lebzuch-Wach_NID-OT-Katowice-2-980x653.jpg 980w, https:\/\/nid.pl\/wp-content\/uploads\/2025\/07\/Kat.-C-wyroznienie_Bytom_Kolonia-Zgorzelec_fot_Bozena-Lebzuch-Wach_NID-OT-Katowice-2-480x320.jpg 480w\" sizes=\"(min-width: 0px) and (max-width: 480px) 480px, (min-width: 481px) and (max-width: 980px) 980px, (min-width: 981px) 1024px, 100vw\" \/><button\n\t\t\tclass=\"lightbox-trigger\"\n\t\t\ttype=\"button\"\n\t\t\taria-haspopup=\"dialog\"\n\t\t\taria-label=\"Enlarge\"\n\t\t\tdata-wp-init=\"callbacks.initTriggerButton\"\n\t\t\tdata-wp-on--click=\"actions.showLightbox\"\n\t\t\tdata-wp-style--right=\"state.imageButtonRight\"\n\t\t\tdata-wp-style--top=\"state.imageButtonTop\"\n\t\t>\n\t\t\t<svg xmlns=\"http:\/\/www.w3.org\/2000\/svg\" width=\"12\" height=\"12\" fill=\"none\" viewbox=\"0 0 12 12\">\n\t\t\t\t<path fill=\"#fff\" d=\"M2 0a2 2 0 0 0-2 2v2h1.5V2a.5.5 0 0 1 .5-.5h2V0H2Zm2 10.5H2a.5.5 0 0 1-.5-.5V8H0v2a2 2 0 0 0 2 2h2v-1.5ZM8 12v-1.5h2a.5.5 0 0 0 .5-.5V8H12v2a2 2 0 0 1-2 2H8Zm2-12a2 2 0 0 1 2 2v2h-1.5V2a.5.5 0 0 0-.5-.5H8V0h2Z\" \/>\n\t\t\t<\/svg>\n\t\t<\/button><figcaption class=\"wp-element-caption\">Bytom, Kolonia Zgorzelec, fot. NID\/B. \u0141ebzuch-Wach<\/figcaption><\/figure>\n<\/div>\n\n\n\n<div class=\"wp-block-column is-layout-flow wp-block-column-is-layout-flow\">\n<figure data-wp-context=\"{&quot;imageId&quot;:&quot;69f5ca816039e&quot;}\" data-wp-interactive=\"core\/image\" data-wp-key=\"69f5ca816039e\" class=\"wp-block-image size-large wp-lightbox-container\"><img loading=\"lazy\" decoding=\"async\" width=\"1024\" height=\"683\" data-wp-class--hide=\"state.isContentHidden\" data-wp-class--show=\"state.isContentVisible\" data-wp-init=\"callbacks.setButtonStyles\" data-wp-on--click=\"actions.showLightbox\" data-wp-on--load=\"callbacks.setButtonStyles\" data-wp-on-window--resize=\"callbacks.setButtonStyles\" src=\"https:\/\/nid.pl\/wp-content\/uploads\/2025\/07\/Kat.-C-wyroznienie_Bytom_Kolonia-Zgorzelec_fot_Bozena-Lebzuch-Wach_NID-OT-Katowice-3-1024x683.jpg\" alt=\"\" class=\"wp-image-28264\" srcset=\"https:\/\/nid.pl\/wp-content\/uploads\/2025\/07\/Kat.-C-wyroznienie_Bytom_Kolonia-Zgorzelec_fot_Bozena-Lebzuch-Wach_NID-OT-Katowice-3-980x653.jpg 980w, https:\/\/nid.pl\/wp-content\/uploads\/2025\/07\/Kat.-C-wyroznienie_Bytom_Kolonia-Zgorzelec_fot_Bozena-Lebzuch-Wach_NID-OT-Katowice-3-480x320.jpg 480w\" sizes=\"(min-width: 0px) and (max-width: 480px) 480px, (min-width: 481px) and (max-width: 980px) 980px, (min-width: 981px) 1024px, 100vw\" \/><button\n\t\t\tclass=\"lightbox-trigger\"\n\t\t\ttype=\"button\"\n\t\t\taria-haspopup=\"dialog\"\n\t\t\taria-label=\"Enlarge\"\n\t\t\tdata-wp-init=\"callbacks.initTriggerButton\"\n\t\t\tdata-wp-on--click=\"actions.showLightbox\"\n\t\t\tdata-wp-style--right=\"state.imageButtonRight\"\n\t\t\tdata-wp-style--top=\"state.imageButtonTop\"\n\t\t>\n\t\t\t<svg xmlns=\"http:\/\/www.w3.org\/2000\/svg\" width=\"12\" height=\"12\" fill=\"none\" viewbox=\"0 0 12 12\">\n\t\t\t\t<path fill=\"#fff\" d=\"M2 0a2 2 0 0 0-2 2v2h1.5V2a.5.5 0 0 1 .5-.5h2V0H2Zm2 10.5H2a.5.5 0 0 1-.5-.5V8H0v2a2 2 0 0 0 2 2h2v-1.5ZM8 12v-1.5h2a.5.5 0 0 0 .5-.5V8H12v2a2 2 0 0 1-2 2H8Zm2-12a2 2 0 0 1 2 2v2h-1.5V2a.5.5 0 0 0-.5-.5H8V0h2Z\" \/>\n\t\t\t<\/svg>\n\t\t<\/button><figcaption class=\"wp-element-caption\">Bytom, Kolonia Zgorzelec, fot. NID\/B. \u0141ebzuch-Wach<\/figcaption><\/figure>\n<\/div>\n<\/div>\n\n\n\n<p><\/p>\n\n\n\n<p><strong>2. Budynek zwany Poniat\u00f3wk\u0105 w Piasecznie, woj. mazowieckie<\/strong><\/p>\n\n\n\n<p>Wyr\u00f3\u017cnienie<br>dla<br><em>Miasta i Gminy Piaseczno<\/em><\/p>\n\n\n\n<p>Oko\u0142o 1790 roku na piwnicach wcze\u015bniejszego budynku nadbudowano dw\u00f3r Franciszka Ryxa, kamerdynera kr\u00f3la Stanis\u0142awa Augusta Poniatowskiego. Zwyczajow\u0105 nazw\u0119 \u201ePoniat\u00f3wki\u201d wi\u0105\u017ce si\u0119 z ustnymi przekazami o cz\u0119stych wizytach ksi\u0119cia J\u00f3zefa Poniatowskiego. W XIX wieku \u201ePoniat\u00f3wka\u201d zmienia\u0142a w\u0142a\u015bcicieli, a\u017c do roku 1891, gdy budynek kupi\u0142a i przebudowa\u0142a na \u017ce\u0144ski internat hrabina Cecylia Plater-Zyberk. W\u00f3wczas budynek uzyska\u0142 obecn\u0105, niesymetryczn\u0105 nadbudow\u0119 i ganki.<\/p>\n\n\n\n<p><\/p>\n\n\n\n<div class=\"wp-block-columns is-layout-flex wp-container-core-columns-is-layout-9d6595d7 wp-block-columns-is-layout-flex\">\n<div class=\"wp-block-column is-layout-flow wp-block-column-is-layout-flow\">\n<figure data-wp-context=\"{&quot;imageId&quot;:&quot;69f5ca8160874&quot;}\" data-wp-interactive=\"core\/image\" data-wp-key=\"69f5ca8160874\" class=\"wp-block-image size-large wp-lightbox-container\"><img loading=\"lazy\" decoding=\"async\" width=\"1024\" height=\"682\" data-wp-class--hide=\"state.isContentHidden\" data-wp-class--show=\"state.isContentVisible\" data-wp-init=\"callbacks.setButtonStyles\" data-wp-on--click=\"actions.showLightbox\" data-wp-on--load=\"callbacks.setButtonStyles\" data-wp-on-window--resize=\"callbacks.setButtonStyles\" src=\"https:\/\/nid.pl\/wp-content\/uploads\/2025\/07\/Kat.-C-wyroznienie_Piaseczno_Poniatowka_fot_Zuzanna-Rejewska_NID-OT-Warszawa-1-1024x682.jpg\" alt=\"\" class=\"wp-image-28266\" srcset=\"https:\/\/nid.pl\/wp-content\/uploads\/2025\/07\/Kat.-C-wyroznienie_Piaseczno_Poniatowka_fot_Zuzanna-Rejewska_NID-OT-Warszawa-1-980x653.jpg 980w, https:\/\/nid.pl\/wp-content\/uploads\/2025\/07\/Kat.-C-wyroznienie_Piaseczno_Poniatowka_fot_Zuzanna-Rejewska_NID-OT-Warszawa-1-480x320.jpg 480w\" sizes=\"(min-width: 0px) and (max-width: 480px) 480px, (min-width: 481px) and (max-width: 980px) 980px, (min-width: 981px) 1024px, 100vw\" \/><button\n\t\t\tclass=\"lightbox-trigger\"\n\t\t\ttype=\"button\"\n\t\t\taria-haspopup=\"dialog\"\n\t\t\taria-label=\"Enlarge\"\n\t\t\tdata-wp-init=\"callbacks.initTriggerButton\"\n\t\t\tdata-wp-on--click=\"actions.showLightbox\"\n\t\t\tdata-wp-style--right=\"state.imageButtonRight\"\n\t\t\tdata-wp-style--top=\"state.imageButtonTop\"\n\t\t>\n\t\t\t<svg xmlns=\"http:\/\/www.w3.org\/2000\/svg\" width=\"12\" height=\"12\" fill=\"none\" viewbox=\"0 0 12 12\">\n\t\t\t\t<path fill=\"#fff\" d=\"M2 0a2 2 0 0 0-2 2v2h1.5V2a.5.5 0 0 1 .5-.5h2V0H2Zm2 10.5H2a.5.5 0 0 1-.5-.5V8H0v2a2 2 0 0 0 2 2h2v-1.5ZM8 12v-1.5h2a.5.5 0 0 0 .5-.5V8H12v2a2 2 0 0 1-2 2H8Zm2-12a2 2 0 0 1 2 2v2h-1.5V2a.5.5 0 0 0-.5-.5H8V0h2Z\" \/>\n\t\t\t<\/svg>\n\t\t<\/button><figcaption class=\"wp-element-caption\">Piaseczno, Poniat\u00f3wka, fot. NID\/Z. Rejewska<\/figcaption><\/figure>\n<\/div>\n\n\n\n<div class=\"wp-block-column is-layout-flow wp-block-column-is-layout-flow\">\n<figure data-wp-context=\"{&quot;imageId&quot;:&quot;69f5ca8160c80&quot;}\" data-wp-interactive=\"core\/image\" data-wp-key=\"69f5ca8160c80\" class=\"wp-block-image size-large wp-lightbox-container\"><img loading=\"lazy\" decoding=\"async\" width=\"2560\" height=\"1707\" data-wp-class--hide=\"state.isContentHidden\" data-wp-class--show=\"state.isContentVisible\" data-wp-init=\"callbacks.setButtonStyles\" data-wp-on--click=\"actions.showLightbox\" data-wp-on--load=\"callbacks.setButtonStyles\" data-wp-on-window--resize=\"callbacks.setButtonStyles\" src=\"https:\/\/nid.pl\/wp-content\/uploads\/2025\/07\/Kat.-C-wyroznienie_Piaseczno_Poniatowka_fot_Zuzanna-Rejewska_NID-OT-Warszawa-2-edited-scaled.jpg\" alt=\"\" class=\"wp-image-28328\" srcset=\"https:\/\/nid.pl\/wp-content\/uploads\/2025\/07\/Kat.-C-wyroznienie_Piaseczno_Poniatowka_fot_Zuzanna-Rejewska_NID-OT-Warszawa-2-edited-scaled.jpg 2560w, https:\/\/nid.pl\/wp-content\/uploads\/2025\/07\/Kat.-C-wyroznienie_Piaseczno_Poniatowka_fot_Zuzanna-Rejewska_NID-OT-Warszawa-2-edited-1280x854.jpg 1280w, https:\/\/nid.pl\/wp-content\/uploads\/2025\/07\/Kat.-C-wyroznienie_Piaseczno_Poniatowka_fot_Zuzanna-Rejewska_NID-OT-Warszawa-2-edited-980x653.jpg 980w, https:\/\/nid.pl\/wp-content\/uploads\/2025\/07\/Kat.-C-wyroznienie_Piaseczno_Poniatowka_fot_Zuzanna-Rejewska_NID-OT-Warszawa-2-edited-480x320.jpg 480w\" sizes=\"(min-width: 0px) and (max-width: 480px) 480px, (min-width: 481px) and (max-width: 980px) 980px, (min-width: 981px) and (max-width: 1280px) 1280px, (min-width: 1281px) 2560px, 100vw\" \/><button\n\t\t\tclass=\"lightbox-trigger\"\n\t\t\ttype=\"button\"\n\t\t\taria-haspopup=\"dialog\"\n\t\t\taria-label=\"Enlarge\"\n\t\t\tdata-wp-init=\"callbacks.initTriggerButton\"\n\t\t\tdata-wp-on--click=\"actions.showLightbox\"\n\t\t\tdata-wp-style--right=\"state.imageButtonRight\"\n\t\t\tdata-wp-style--top=\"state.imageButtonTop\"\n\t\t>\n\t\t\t<svg xmlns=\"http:\/\/www.w3.org\/2000\/svg\" width=\"12\" height=\"12\" fill=\"none\" viewbox=\"0 0 12 12\">\n\t\t\t\t<path fill=\"#fff\" d=\"M2 0a2 2 0 0 0-2 2v2h1.5V2a.5.5 0 0 1 .5-.5h2V0H2Zm2 10.5H2a.5.5 0 0 1-.5-.5V8H0v2a2 2 0 0 0 2 2h2v-1.5ZM8 12v-1.5h2a.5.5 0 0 0 .5-.5V8H12v2a2 2 0 0 1-2 2H8Zm2-12a2 2 0 0 1 2 2v2h-1.5V2a.5.5 0 0 0-.5-.5H8V0h2Z\" \/>\n\t\t\t<\/svg>\n\t\t<\/button><figcaption class=\"wp-element-caption\">Piaseczno, Poniat\u00f3wka, fot. NID\/Z. Rejewska<\/figcaption><\/figure>\n<\/div>\n\n\n\n<div class=\"wp-block-column is-layout-flow wp-block-column-is-layout-flow\">\n<figure data-wp-context=\"{&quot;imageId&quot;:&quot;69f5ca81611b8&quot;}\" data-wp-interactive=\"core\/image\" data-wp-key=\"69f5ca81611b8\" class=\"wp-block-image size-large wp-lightbox-container\"><img loading=\"lazy\" decoding=\"async\" width=\"2560\" height=\"1707\" data-wp-class--hide=\"state.isContentHidden\" data-wp-class--show=\"state.isContentVisible\" data-wp-init=\"callbacks.setButtonStyles\" data-wp-on--click=\"actions.showLightbox\" data-wp-on--load=\"callbacks.setButtonStyles\" data-wp-on-window--resize=\"callbacks.setButtonStyles\" src=\"https:\/\/nid.pl\/wp-content\/uploads\/2025\/07\/Kat.-C-wyroznienie_Piaseczno_Poniatowka_fot_Zuzanna-Rejewska_NID-OT-Warszawa-3-edited-scaled.jpg\" alt=\"\" class=\"wp-image-28329\" srcset=\"https:\/\/nid.pl\/wp-content\/uploads\/2025\/07\/Kat.-C-wyroznienie_Piaseczno_Poniatowka_fot_Zuzanna-Rejewska_NID-OT-Warszawa-3-edited-scaled.jpg 2560w, https:\/\/nid.pl\/wp-content\/uploads\/2025\/07\/Kat.-C-wyroznienie_Piaseczno_Poniatowka_fot_Zuzanna-Rejewska_NID-OT-Warszawa-3-edited-1280x854.jpg 1280w, https:\/\/nid.pl\/wp-content\/uploads\/2025\/07\/Kat.-C-wyroznienie_Piaseczno_Poniatowka_fot_Zuzanna-Rejewska_NID-OT-Warszawa-3-edited-980x653.jpg 980w, https:\/\/nid.pl\/wp-content\/uploads\/2025\/07\/Kat.-C-wyroznienie_Piaseczno_Poniatowka_fot_Zuzanna-Rejewska_NID-OT-Warszawa-3-edited-480x320.jpg 480w\" sizes=\"(min-width: 0px) and (max-width: 480px) 480px, (min-width: 481px) and (max-width: 980px) 980px, (min-width: 981px) and (max-width: 1280px) 1280px, (min-width: 1281px) 2560px, 100vw\" \/><button\n\t\t\tclass=\"lightbox-trigger\"\n\t\t\ttype=\"button\"\n\t\t\taria-haspopup=\"dialog\"\n\t\t\taria-label=\"Enlarge\"\n\t\t\tdata-wp-init=\"callbacks.initTriggerButton\"\n\t\t\tdata-wp-on--click=\"actions.showLightbox\"\n\t\t\tdata-wp-style--right=\"state.imageButtonRight\"\n\t\t\tdata-wp-style--top=\"state.imageButtonTop\"\n\t\t>\n\t\t\t<svg xmlns=\"http:\/\/www.w3.org\/2000\/svg\" width=\"12\" height=\"12\" fill=\"none\" viewbox=\"0 0 12 12\">\n\t\t\t\t<path fill=\"#fff\" d=\"M2 0a2 2 0 0 0-2 2v2h1.5V2a.5.5 0 0 1 .5-.5h2V0H2Zm2 10.5H2a.5.5 0 0 1-.5-.5V8H0v2a2 2 0 0 0 2 2h2v-1.5ZM8 12v-1.5h2a.5.5 0 0 0 .5-.5V8H12v2a2 2 0 0 1-2 2H8Zm2-12a2 2 0 0 1 2 2v2h-1.5V2a.5.5 0 0 0-.5-.5H8V0h2Z\" \/>\n\t\t\t<\/svg>\n\t\t<\/button><figcaption class=\"wp-element-caption\">Piaseczno, Poniat\u00f3wka, fot. NID\/Z. Rejewska<\/figcaption><\/figure>\n<\/div>\n<\/div>\n\n\n\n<p><\/p>\n\n\n\n<p><strong>Kategoria architektury i budownictwa drewnianego<\/strong><\/p>\n\n\n\n<p><strong>Nagrody<\/strong><\/p>\n\n\n\n<p><strong>1. Ko\u015bci\u00f3\u0142 filialny \u015awi\u0119tego Sebastiana w Kosinie, woj. podkarpackie<\/strong><\/p>\n\n\n\n<p>Nagroda<br>dla<br><em>Parafii Rzymskokatolickiej \u015awi\u0119tego Stanis\u0142awa Biskupa i M\u0119czennika w Kosinie<\/em><\/p>\n\n\n\n<p>Drewniany ko\u015bci\u00f3\u0142 \u015awi\u0119tych M\u0119czennik\u00f3w Fabiana i Sebastiana w Kosinie zosta\u0142 wzniesiony w konstrukcji zr\u0119bowej w 3 dekadzie XVIII wieku, jako jednonawowy, z dachem dwuspadowym, kt\u00f3rego po\u0142a\u0107 przed\u0142u\u017cona by\u0142a nad zakrysti\u0119. Przed 1763 rokiem dobudowano krucht\u0119 od zachodniej strony \u015bwi\u0105tyni.<\/p>\n\n\n\n<p><\/p>\n\n\n\n<div class=\"wp-block-columns is-layout-flex wp-container-core-columns-is-layout-9d6595d7 wp-block-columns-is-layout-flex\">\n<div class=\"wp-block-column is-layout-flow wp-block-column-is-layout-flow\">\n<figure data-wp-context=\"{&quot;imageId&quot;:&quot;69f5ca8161851&quot;}\" data-wp-interactive=\"core\/image\" data-wp-key=\"69f5ca8161851\" class=\"wp-block-image size-large wp-lightbox-container\"><img loading=\"lazy\" decoding=\"async\" width=\"1024\" height=\"683\" data-wp-class--hide=\"state.isContentHidden\" data-wp-class--show=\"state.isContentVisible\" data-wp-init=\"callbacks.setButtonStyles\" data-wp-on--click=\"actions.showLightbox\" data-wp-on--load=\"callbacks.setButtonStyles\" data-wp-on-window--resize=\"callbacks.setButtonStyles\" src=\"https:\/\/nid.pl\/wp-content\/uploads\/2025\/07\/Kat.-D-nagr_Kosina_kosciol-filialny_fot_Bartosz-Podubny_WUOZ-Rzeszow-1-1024x683.jpg\" alt=\"\" class=\"wp-image-28271\" srcset=\"https:\/\/nid.pl\/wp-content\/uploads\/2025\/07\/Kat.-D-nagr_Kosina_kosciol-filialny_fot_Bartosz-Podubny_WUOZ-Rzeszow-1-980x653.jpg 980w, https:\/\/nid.pl\/wp-content\/uploads\/2025\/07\/Kat.-D-nagr_Kosina_kosciol-filialny_fot_Bartosz-Podubny_WUOZ-Rzeszow-1-480x320.jpg 480w\" sizes=\"(min-width: 0px) and (max-width: 480px) 480px, (min-width: 481px) and (max-width: 980px) 980px, (min-width: 981px) 1024px, 100vw\" \/><button\n\t\t\tclass=\"lightbox-trigger\"\n\t\t\ttype=\"button\"\n\t\t\taria-haspopup=\"dialog\"\n\t\t\taria-label=\"Enlarge\"\n\t\t\tdata-wp-init=\"callbacks.initTriggerButton\"\n\t\t\tdata-wp-on--click=\"actions.showLightbox\"\n\t\t\tdata-wp-style--right=\"state.imageButtonRight\"\n\t\t\tdata-wp-style--top=\"state.imageButtonTop\"\n\t\t>\n\t\t\t<svg xmlns=\"http:\/\/www.w3.org\/2000\/svg\" width=\"12\" height=\"12\" fill=\"none\" viewbox=\"0 0 12 12\">\n\t\t\t\t<path fill=\"#fff\" d=\"M2 0a2 2 0 0 0-2 2v2h1.5V2a.5.5 0 0 1 .5-.5h2V0H2Zm2 10.5H2a.5.5 0 0 1-.5-.5V8H0v2a2 2 0 0 0 2 2h2v-1.5ZM8 12v-1.5h2a.5.5 0 0 0 .5-.5V8H12v2a2 2 0 0 1-2 2H8Zm2-12a2 2 0 0 1 2 2v2h-1.5V2a.5.5 0 0 0-.5-.5H8V0h2Z\" \/>\n\t\t\t<\/svg>\n\t\t<\/button><figcaption class=\"wp-element-caption\">Kosina, ko\u015bci\u00f3\u0142 filialny, fot. WUOZ Rzesz\u00f3w\/Bartosz Podubny.<\/figcaption><\/figure>\n<\/div>\n\n\n\n<div class=\"wp-block-column is-layout-flow wp-block-column-is-layout-flow\">\n<figure data-wp-context=\"{&quot;imageId&quot;:&quot;69f5ca8161c5b&quot;}\" data-wp-interactive=\"core\/image\" data-wp-key=\"69f5ca8161c5b\" class=\"wp-block-image size-large wp-lightbox-container\"><img loading=\"lazy\" decoding=\"async\" width=\"1024\" height=\"683\" data-wp-class--hide=\"state.isContentHidden\" data-wp-class--show=\"state.isContentVisible\" data-wp-init=\"callbacks.setButtonStyles\" data-wp-on--click=\"actions.showLightbox\" data-wp-on--load=\"callbacks.setButtonStyles\" data-wp-on-window--resize=\"callbacks.setButtonStyles\" src=\"https:\/\/nid.pl\/wp-content\/uploads\/2025\/07\/Kat.-D-nagroda_Kosina_kosciol-filialny_fot_Anna-Fortuna-Marek_NID-OT-Rzeszow-2-1024x683.jpg\" alt=\"\" class=\"wp-image-28272\" srcset=\"https:\/\/nid.pl\/wp-content\/uploads\/2025\/07\/Kat.-D-nagroda_Kosina_kosciol-filialny_fot_Anna-Fortuna-Marek_NID-OT-Rzeszow-2-980x653.jpg 980w, https:\/\/nid.pl\/wp-content\/uploads\/2025\/07\/Kat.-D-nagroda_Kosina_kosciol-filialny_fot_Anna-Fortuna-Marek_NID-OT-Rzeszow-2-480x320.jpg 480w\" sizes=\"(min-width: 0px) and (max-width: 480px) 480px, (min-width: 481px) and (max-width: 980px) 980px, (min-width: 981px) 1024px, 100vw\" \/><button\n\t\t\tclass=\"lightbox-trigger\"\n\t\t\ttype=\"button\"\n\t\t\taria-haspopup=\"dialog\"\n\t\t\taria-label=\"Enlarge\"\n\t\t\tdata-wp-init=\"callbacks.initTriggerButton\"\n\t\t\tdata-wp-on--click=\"actions.showLightbox\"\n\t\t\tdata-wp-style--right=\"state.imageButtonRight\"\n\t\t\tdata-wp-style--top=\"state.imageButtonTop\"\n\t\t>\n\t\t\t<svg xmlns=\"http:\/\/www.w3.org\/2000\/svg\" width=\"12\" height=\"12\" fill=\"none\" viewbox=\"0 0 12 12\">\n\t\t\t\t<path fill=\"#fff\" d=\"M2 0a2 2 0 0 0-2 2v2h1.5V2a.5.5 0 0 1 .5-.5h2V0H2Zm2 10.5H2a.5.5 0 0 1-.5-.5V8H0v2a2 2 0 0 0 2 2h2v-1.5ZM8 12v-1.5h2a.5.5 0 0 0 .5-.5V8H12v2a2 2 0 0 1-2 2H8Zm2-12a2 2 0 0 1 2 2v2h-1.5V2a.5.5 0 0 0-.5-.5H8V0h2Z\" \/>\n\t\t\t<\/svg>\n\t\t<\/button><figcaption class=\"wp-element-caption\">Kosina, ko\u015bci\u00f3\u0142 filialny, fot. NID\/A. Fortuna-Marek<\/figcaption><\/figure>\n<\/div>\n<\/div>\n\n\n\n<p><\/p>\n\n\n\n<p><strong>2. Ko\u015bci\u00f3\u0142 parafialny Naj\u015bwi\u0119tszej Marii Panny Niepokalanie Pocz\u0119tej w Oporowie, woj. wielkopolskie<\/strong><\/p>\n\n\n\n<p>Nagroda<br>dla<br><em>Parafii Rzymskokatolickiej Naj\u015bwi\u0119tszej Marii Panny Niepokalanie Pocz\u0119tej w Oporowie<\/em><\/p>\n\n\n\n<p>Ko\u015bci\u00f3\u0142 zosta\u0142 wzniesiony w latach 1640-1644 z fundacji Jana Smigielskiego. Na pocz\u0105tku XIX wieku dobudowano do bry\u0142y g\u0142\u00f3wnej wie\u017c\u0119 oraz krucht\u0119 przy \u015bcianie p\u00f3\u0142nocnej. Budowla ma konstrukcj\u0119 zdwojon\u0105, wewn\u0119trzn\u0105 zr\u0119bow\u0105, zewn\u0119trzn\u0105 \u2013 szkieletow\u0105 z otynkowanym wype\u0142nieniem ceglanym.<\/p>\n\n\n\n<p><\/p>\n\n\n\n<div class=\"wp-block-columns is-layout-flex wp-container-core-columns-is-layout-9d6595d7 wp-block-columns-is-layout-flex\">\n<div class=\"wp-block-column is-layout-flow wp-block-column-is-layout-flow\">\n<figure data-wp-context=\"{&quot;imageId&quot;:&quot;69f5ca8162282&quot;}\" data-wp-interactive=\"core\/image\" data-wp-key=\"69f5ca8162282\" class=\"wp-block-image size-large wp-lightbox-container\"><img loading=\"lazy\" decoding=\"async\" width=\"1024\" height=\"683\" data-wp-class--hide=\"state.isContentHidden\" data-wp-class--show=\"state.isContentVisible\" data-wp-init=\"callbacks.setButtonStyles\" data-wp-on--click=\"actions.showLightbox\" data-wp-on--load=\"callbacks.setButtonStyles\" data-wp-on-window--resize=\"callbacks.setButtonStyles\" src=\"https:\/\/nid.pl\/wp-content\/uploads\/2025\/07\/Kat.-D-nagroda_Oporowo_kosciol_fot_Teresa-Palacz_NID-OT-Poznan-1-1024x683.jpg\" alt=\"\" class=\"wp-image-28275\" srcset=\"https:\/\/nid.pl\/wp-content\/uploads\/2025\/07\/Kat.-D-nagroda_Oporowo_kosciol_fot_Teresa-Palacz_NID-OT-Poznan-1-980x653.jpg 980w, https:\/\/nid.pl\/wp-content\/uploads\/2025\/07\/Kat.-D-nagroda_Oporowo_kosciol_fot_Teresa-Palacz_NID-OT-Poznan-1-480x320.jpg 480w\" sizes=\"(min-width: 0px) and (max-width: 480px) 480px, (min-width: 481px) and (max-width: 980px) 980px, (min-width: 981px) 1024px, 100vw\" \/><button\n\t\t\tclass=\"lightbox-trigger\"\n\t\t\ttype=\"button\"\n\t\t\taria-haspopup=\"dialog\"\n\t\t\taria-label=\"Enlarge\"\n\t\t\tdata-wp-init=\"callbacks.initTriggerButton\"\n\t\t\tdata-wp-on--click=\"actions.showLightbox\"\n\t\t\tdata-wp-style--right=\"state.imageButtonRight\"\n\t\t\tdata-wp-style--top=\"state.imageButtonTop\"\n\t\t>\n\t\t\t<svg xmlns=\"http:\/\/www.w3.org\/2000\/svg\" width=\"12\" height=\"12\" fill=\"none\" viewbox=\"0 0 12 12\">\n\t\t\t\t<path fill=\"#fff\" d=\"M2 0a2 2 0 0 0-2 2v2h1.5V2a.5.5 0 0 1 .5-.5h2V0H2Zm2 10.5H2a.5.5 0 0 1-.5-.5V8H0v2a2 2 0 0 0 2 2h2v-1.5ZM8 12v-1.5h2a.5.5 0 0 0 .5-.5V8H12v2a2 2 0 0 1-2 2H8Zm2-12a2 2 0 0 1 2 2v2h-1.5V2a.5.5 0 0 0-.5-.5H8V0h2Z\" \/>\n\t\t\t<\/svg>\n\t\t<\/button><figcaption class=\"wp-element-caption\">Oporowo, ko\u015bci\u00f3\u0142, fot. NID\/T. Palacz<\/figcaption><\/figure>\n<\/div>\n\n\n\n<div class=\"wp-block-column is-layout-flow wp-block-column-is-layout-flow\">\n<figure data-wp-context=\"{&quot;imageId&quot;:&quot;69f5ca81626ac&quot;}\" data-wp-interactive=\"core\/image\" data-wp-key=\"69f5ca81626ac\" class=\"wp-block-image size-large wp-lightbox-container\"><img loading=\"lazy\" decoding=\"async\" width=\"1024\" height=\"683\" data-wp-class--hide=\"state.isContentHidden\" data-wp-class--show=\"state.isContentVisible\" data-wp-init=\"callbacks.setButtonStyles\" data-wp-on--click=\"actions.showLightbox\" data-wp-on--load=\"callbacks.setButtonStyles\" data-wp-on-window--resize=\"callbacks.setButtonStyles\" src=\"https:\/\/nid.pl\/wp-content\/uploads\/2025\/07\/Kat.-D-nagroda_Oporowo_kosciol_fot_Teresa-Palacz_NID-OT-Poznan-2-1024x683.jpg\" alt=\"\" class=\"wp-image-28276\" srcset=\"https:\/\/nid.pl\/wp-content\/uploads\/2025\/07\/Kat.-D-nagroda_Oporowo_kosciol_fot_Teresa-Palacz_NID-OT-Poznan-2-980x653.jpg 980w, https:\/\/nid.pl\/wp-content\/uploads\/2025\/07\/Kat.-D-nagroda_Oporowo_kosciol_fot_Teresa-Palacz_NID-OT-Poznan-2-480x320.jpg 480w\" sizes=\"(min-width: 0px) and (max-width: 480px) 480px, (min-width: 481px) and (max-width: 980px) 980px, (min-width: 981px) 1024px, 100vw\" \/><button\n\t\t\tclass=\"lightbox-trigger\"\n\t\t\ttype=\"button\"\n\t\t\taria-haspopup=\"dialog\"\n\t\t\taria-label=\"Enlarge\"\n\t\t\tdata-wp-init=\"callbacks.initTriggerButton\"\n\t\t\tdata-wp-on--click=\"actions.showLightbox\"\n\t\t\tdata-wp-style--right=\"state.imageButtonRight\"\n\t\t\tdata-wp-style--top=\"state.imageButtonTop\"\n\t\t>\n\t\t\t<svg xmlns=\"http:\/\/www.w3.org\/2000\/svg\" width=\"12\" height=\"12\" fill=\"none\" viewbox=\"0 0 12 12\">\n\t\t\t\t<path fill=\"#fff\" d=\"M2 0a2 2 0 0 0-2 2v2h1.5V2a.5.5 0 0 1 .5-.5h2V0H2Zm2 10.5H2a.5.5 0 0 1-.5-.5V8H0v2a2 2 0 0 0 2 2h2v-1.5ZM8 12v-1.5h2a.5.5 0 0 0 .5-.5V8H12v2a2 2 0 0 1-2 2H8Zm2-12a2 2 0 0 1 2 2v2h-1.5V2a.5.5 0 0 0-.5-.5H8V0h2Z\" \/>\n\t\t\t<\/svg>\n\t\t<\/button><figcaption class=\"wp-element-caption\">Oporowo, ko\u015bci\u00f3\u0142, fot. NID\/T. Palacz<\/figcaption><\/figure>\n<\/div>\n\n\n\n<div class=\"wp-block-column is-layout-flow wp-block-column-is-layout-flow\">\n<figure data-wp-context=\"{&quot;imageId&quot;:&quot;69f5ca8162ad9&quot;}\" data-wp-interactive=\"core\/image\" data-wp-key=\"69f5ca8162ad9\" class=\"wp-block-image size-large wp-lightbox-container\"><img loading=\"lazy\" decoding=\"async\" width=\"1024\" height=\"683\" data-wp-class--hide=\"state.isContentHidden\" data-wp-class--show=\"state.isContentVisible\" data-wp-init=\"callbacks.setButtonStyles\" data-wp-on--click=\"actions.showLightbox\" data-wp-on--load=\"callbacks.setButtonStyles\" data-wp-on-window--resize=\"callbacks.setButtonStyles\" src=\"https:\/\/nid.pl\/wp-content\/uploads\/2025\/07\/Kat.-D-nagroda_Oporowo_kosciol_fot_Teresa-Palacz_NID-OT-Poznan-3-1024x683.jpg\" alt=\"\" class=\"wp-image-28277\" srcset=\"https:\/\/nid.pl\/wp-content\/uploads\/2025\/07\/Kat.-D-nagroda_Oporowo_kosciol_fot_Teresa-Palacz_NID-OT-Poznan-3-980x653.jpg 980w, https:\/\/nid.pl\/wp-content\/uploads\/2025\/07\/Kat.-D-nagroda_Oporowo_kosciol_fot_Teresa-Palacz_NID-OT-Poznan-3-480x320.jpg 480w\" sizes=\"(min-width: 0px) and (max-width: 480px) 480px, (min-width: 481px) and (max-width: 980px) 980px, (min-width: 981px) 1024px, 100vw\" \/><button\n\t\t\tclass=\"lightbox-trigger\"\n\t\t\ttype=\"button\"\n\t\t\taria-haspopup=\"dialog\"\n\t\t\taria-label=\"Enlarge\"\n\t\t\tdata-wp-init=\"callbacks.initTriggerButton\"\n\t\t\tdata-wp-on--click=\"actions.showLightbox\"\n\t\t\tdata-wp-style--right=\"state.imageButtonRight\"\n\t\t\tdata-wp-style--top=\"state.imageButtonTop\"\n\t\t>\n\t\t\t<svg xmlns=\"http:\/\/www.w3.org\/2000\/svg\" width=\"12\" height=\"12\" fill=\"none\" viewbox=\"0 0 12 12\">\n\t\t\t\t<path fill=\"#fff\" d=\"M2 0a2 2 0 0 0-2 2v2h1.5V2a.5.5 0 0 1 .5-.5h2V0H2Zm2 10.5H2a.5.5 0 0 1-.5-.5V8H0v2a2 2 0 0 0 2 2h2v-1.5ZM8 12v-1.5h2a.5.5 0 0 0 .5-.5V8H12v2a2 2 0 0 1-2 2H8Zm2-12a2 2 0 0 1 2 2v2h-1.5V2a.5.5 0 0 0-.5-.5H8V0h2Z\" \/>\n\t\t\t<\/svg>\n\t\t<\/button><figcaption class=\"wp-element-caption\">Oporowo, ko\u015bci\u00f3\u0142, fot. NID\/T. Palacz<\/figcaption><\/figure>\n<\/div>\n<\/div>\n\n\n\n<p><\/p>\n\n\n\n<p><strong>3. Willa zwana Domem \u201eZo\u015bki\u201d w Piasecznie, woj. mazowieckie<\/strong><\/p>\n\n\n\n<p>Wyr\u00f3\u017cnienie<br>dla<br><em>Miasta i Gminy Piaseczno<\/em><\/p>\n\n\n\n<p>Niedu\u017cy dom letniskowy \u2013 drewniana willa \u2013 zosta\u0142 wzniesiony na terenach pod Piasecznem, kt\u00f3re w latach 20. XX wieku przeznaczono na parcelacj\u0119 i letniska dla mieszka\u0144c\u00f3w Warszawy. Na obszarach letnisk planowano ca\u0142o\u015bciowo uk\u0142ady przestrzenne i warunki dla form wznoszonej zabudowy i dbano o zachowanie walor\u00f3w przyrodniczych terenu. Letniska, po\u0142\u0105czone w miejscowo\u015b\u0107 nazwan\u0105 Zalesie Dolne, cieszy\u0142y si\u0119 du\u017c\u0105 popularno\u015bci\u0105, tak\u017ce w\u015br\u00f3d przedstawicieli \u015brodowisk artystycznych, naukowych, urz\u0119dniczych. Du\u017c\u0105 dzia\u0142k\u0119 posiada\u0142 tu m.in. J\u00f3zef Radwan, minister reform rolnych w II Rzeczypospolitej, kt\u00f3ry wybudowa\u0142 na niej dwa domy wed\u0142ug projektu architekta Karola Sici\u0144skiego. W 1929 roku jeden z dom\u00f3w letniskowych kupi\u0142 prof. J\u00f3zef Zawadzki, chemik, profesor i p\u00f3\u017aniejszy rektor Politechniki Warszawskiej. Willa pozostawa\u0142a w\u0142asno\u015bci\u0105 rodziny Zawadzkich do 1981 roku. Po tym czasie w\u0142a\u015bciciele budynku zmieniali si\u0119. Od 2007 roku willa pozostawa\u0142a opuszczona. W 2017 roku przesz\u0142a na w\u0142asno\u015b\u0107 gminy Piaseczno.<\/p>\n\n\n\n<p><\/p>\n\n\n\n<div class=\"wp-block-columns is-layout-flex wp-container-core-columns-is-layout-9d6595d7 wp-block-columns-is-layout-flex\">\n<div class=\"wp-block-column is-layout-flow wp-block-column-is-layout-flow\">\n<figure data-wp-context=\"{&quot;imageId&quot;:&quot;69f5ca81630fd&quot;}\" data-wp-interactive=\"core\/image\" data-wp-key=\"69f5ca81630fd\" class=\"wp-block-image size-large wp-lightbox-container\"><img loading=\"lazy\" decoding=\"async\" width=\"2560\" height=\"1707\" data-wp-class--hide=\"state.isContentHidden\" data-wp-class--show=\"state.isContentVisible\" data-wp-init=\"callbacks.setButtonStyles\" data-wp-on--click=\"actions.showLightbox\" data-wp-on--load=\"callbacks.setButtonStyles\" data-wp-on-window--resize=\"callbacks.setButtonStyles\" src=\"https:\/\/nid.pl\/wp-content\/uploads\/2025\/07\/Kat.-D-wyroznienie_Piaseczno_Dom-Zoski_fot_Archiwum-Gminy-Piaseczno-edited-scaled.jpg\" alt=\"\" class=\"wp-image-28331\" srcset=\"https:\/\/nid.pl\/wp-content\/uploads\/2025\/07\/Kat.-D-wyroznienie_Piaseczno_Dom-Zoski_fot_Archiwum-Gminy-Piaseczno-edited-scaled.jpg 2560w, https:\/\/nid.pl\/wp-content\/uploads\/2025\/07\/Kat.-D-wyroznienie_Piaseczno_Dom-Zoski_fot_Archiwum-Gminy-Piaseczno-edited-1280x854.jpg 1280w, https:\/\/nid.pl\/wp-content\/uploads\/2025\/07\/Kat.-D-wyroznienie_Piaseczno_Dom-Zoski_fot_Archiwum-Gminy-Piaseczno-edited-980x653.jpg 980w, https:\/\/nid.pl\/wp-content\/uploads\/2025\/07\/Kat.-D-wyroznienie_Piaseczno_Dom-Zoski_fot_Archiwum-Gminy-Piaseczno-edited-480x320.jpg 480w\" sizes=\"(min-width: 0px) and (max-width: 480px) 480px, (min-width: 481px) and (max-width: 980px) 980px, (min-width: 981px) and (max-width: 1280px) 1280px, (min-width: 1281px) 2560px, 100vw\" \/><button\n\t\t\tclass=\"lightbox-trigger\"\n\t\t\ttype=\"button\"\n\t\t\taria-haspopup=\"dialog\"\n\t\t\taria-label=\"Enlarge\"\n\t\t\tdata-wp-init=\"callbacks.initTriggerButton\"\n\t\t\tdata-wp-on--click=\"actions.showLightbox\"\n\t\t\tdata-wp-style--right=\"state.imageButtonRight\"\n\t\t\tdata-wp-style--top=\"state.imageButtonTop\"\n\t\t>\n\t\t\t<svg xmlns=\"http:\/\/www.w3.org\/2000\/svg\" width=\"12\" height=\"12\" fill=\"none\" viewbox=\"0 0 12 12\">\n\t\t\t\t<path fill=\"#fff\" d=\"M2 0a2 2 0 0 0-2 2v2h1.5V2a.5.5 0 0 1 .5-.5h2V0H2Zm2 10.5H2a.5.5 0 0 1-.5-.5V8H0v2a2 2 0 0 0 2 2h2v-1.5ZM8 12v-1.5h2a.5.5 0 0 0 .5-.5V8H12v2a2 2 0 0 1-2 2H8Zm2-12a2 2 0 0 1 2 2v2h-1.5V2a.5.5 0 0 0-.5-.5H8V0h2Z\" \/>\n\t\t\t<\/svg>\n\t\t<\/button><figcaption class=\"wp-element-caption\">Piaseczno, Dom Zo\u015bki, fot. Archiwum Gminy Piaseczno<\/figcaption><\/figure>\n<\/div>\n\n\n\n<div class=\"wp-block-column is-layout-flow wp-block-column-is-layout-flow\">\n<figure data-wp-context=\"{&quot;imageId&quot;:&quot;69f5ca8163508&quot;}\" data-wp-interactive=\"core\/image\" data-wp-key=\"69f5ca8163508\" class=\"wp-block-image size-large wp-lightbox-container\"><img loading=\"lazy\" decoding=\"async\" width=\"1024\" height=\"682\" data-wp-class--hide=\"state.isContentHidden\" data-wp-class--show=\"state.isContentVisible\" data-wp-init=\"callbacks.setButtonStyles\" data-wp-on--click=\"actions.showLightbox\" data-wp-on--load=\"callbacks.setButtonStyles\" data-wp-on-window--resize=\"callbacks.setButtonStyles\" src=\"https:\/\/nid.pl\/wp-content\/uploads\/2025\/07\/Kat.-D-wyroznienie_Piaseczno_Dom-Zoski_fot_Maciej-Warchol-NID-1-1024x682.jpg\" alt=\"\" class=\"wp-image-28280\" srcset=\"https:\/\/nid.pl\/wp-content\/uploads\/2025\/07\/Kat.-D-wyroznienie_Piaseczno_Dom-Zoski_fot_Maciej-Warchol-NID-1-980x653.jpg 980w, https:\/\/nid.pl\/wp-content\/uploads\/2025\/07\/Kat.-D-wyroznienie_Piaseczno_Dom-Zoski_fot_Maciej-Warchol-NID-1-480x320.jpg 480w\" sizes=\"(min-width: 0px) and (max-width: 480px) 480px, (min-width: 481px) and (max-width: 980px) 980px, (min-width: 981px) 1024px, 100vw\" \/><button\n\t\t\tclass=\"lightbox-trigger\"\n\t\t\ttype=\"button\"\n\t\t\taria-haspopup=\"dialog\"\n\t\t\taria-label=\"Enlarge\"\n\t\t\tdata-wp-init=\"callbacks.initTriggerButton\"\n\t\t\tdata-wp-on--click=\"actions.showLightbox\"\n\t\t\tdata-wp-style--right=\"state.imageButtonRight\"\n\t\t\tdata-wp-style--top=\"state.imageButtonTop\"\n\t\t>\n\t\t\t<svg xmlns=\"http:\/\/www.w3.org\/2000\/svg\" width=\"12\" height=\"12\" fill=\"none\" viewbox=\"0 0 12 12\">\n\t\t\t\t<path fill=\"#fff\" d=\"M2 0a2 2 0 0 0-2 2v2h1.5V2a.5.5 0 0 1 .5-.5h2V0H2Zm2 10.5H2a.5.5 0 0 1-.5-.5V8H0v2a2 2 0 0 0 2 2h2v-1.5ZM8 12v-1.5h2a.5.5 0 0 0 .5-.5V8H12v2a2 2 0 0 1-2 2H8Zm2-12a2 2 0 0 1 2 2v2h-1.5V2a.5.5 0 0 0-.5-.5H8V0h2Z\" \/>\n\t\t\t<\/svg>\n\t\t<\/button><figcaption class=\"wp-element-caption\">Piaseczno, Dom Zo\u015bki, fot. NID\/M. Warcho\u0142<\/figcaption><\/figure>\n<\/div>\n\n\n\n<div class=\"wp-block-column is-layout-flow wp-block-column-is-layout-flow\">\n<figure data-wp-context=\"{&quot;imageId&quot;:&quot;69f5ca816390e&quot;}\" data-wp-interactive=\"core\/image\" data-wp-key=\"69f5ca816390e\" class=\"wp-block-image size-large wp-lightbox-container\"><img loading=\"lazy\" decoding=\"async\" width=\"1024\" height=\"682\" data-wp-class--hide=\"state.isContentHidden\" data-wp-class--show=\"state.isContentVisible\" data-wp-init=\"callbacks.setButtonStyles\" data-wp-on--click=\"actions.showLightbox\" data-wp-on--load=\"callbacks.setButtonStyles\" data-wp-on-window--resize=\"callbacks.setButtonStyles\" src=\"https:\/\/nid.pl\/wp-content\/uploads\/2025\/07\/Kat.-D-wyroznienie_Piaseczno_Dom-Zoski_fot_Maciej-Warchol-NID-2-1024x682.jpg\" alt=\"\" class=\"wp-image-28281\" srcset=\"https:\/\/nid.pl\/wp-content\/uploads\/2025\/07\/Kat.-D-wyroznienie_Piaseczno_Dom-Zoski_fot_Maciej-Warchol-NID-2-980x653.jpg 980w, https:\/\/nid.pl\/wp-content\/uploads\/2025\/07\/Kat.-D-wyroznienie_Piaseczno_Dom-Zoski_fot_Maciej-Warchol-NID-2-480x320.jpg 480w\" sizes=\"(min-width: 0px) and (max-width: 480px) 480px, (min-width: 481px) and (max-width: 980px) 980px, (min-width: 981px) 1024px, 100vw\" \/><button\n\t\t\tclass=\"lightbox-trigger\"\n\t\t\ttype=\"button\"\n\t\t\taria-haspopup=\"dialog\"\n\t\t\taria-label=\"Enlarge\"\n\t\t\tdata-wp-init=\"callbacks.initTriggerButton\"\n\t\t\tdata-wp-on--click=\"actions.showLightbox\"\n\t\t\tdata-wp-style--right=\"state.imageButtonRight\"\n\t\t\tdata-wp-style--top=\"state.imageButtonTop\"\n\t\t>\n\t\t\t<svg xmlns=\"http:\/\/www.w3.org\/2000\/svg\" width=\"12\" height=\"12\" fill=\"none\" viewbox=\"0 0 12 12\">\n\t\t\t\t<path fill=\"#fff\" d=\"M2 0a2 2 0 0 0-2 2v2h1.5V2a.5.5 0 0 1 .5-.5h2V0H2Zm2 10.5H2a.5.5 0 0 1-.5-.5V8H0v2a2 2 0 0 0 2 2h2v-1.5ZM8 12v-1.5h2a.5.5 0 0 0 .5-.5V8H12v2a2 2 0 0 1-2 2H8Zm2-12a2 2 0 0 1 2 2v2h-1.5V2a.5.5 0 0 0-.5-.5H8V0h2Z\" \/>\n\t\t\t<\/svg>\n\t\t<\/button><figcaption class=\"wp-element-caption\">Piaseczno, Dom Zo\u015bki, fot. NID\/M. Warcho\u0142<\/figcaption><\/figure>\n<\/div>\n<\/div>\n\n\n\n<p><\/p>\n\n\n\n<p><strong>4. Wie\u017ca \u2013 suszarnia w\u0119\u017cy stra\u017cackich w Przyrowie, woj. \u015bl\u0105skie<\/strong><\/p>\n\n\n\n<p>Wyr\u00f3\u017cnienie<br>dla<br><em>Ochotniczej Stra\u017cy Po\u017carnej w Przyrowie<\/em><\/p>\n\n\n\n<p>Wie\u017ca stra\u017cacka w Przyrowie zosta\u0142a wybudowana w latach 1949-1950 w s\u0105siedztwie budynku Urz\u0119du Miasta, b\u0119d\u0105cego r\u00f3wnie\u017c siedzib\u0105 OSP w Przyrowie. Obiekt wzniesiony w konstrukcji s\u0142upowo-ryglowej z zastrza\u0142ami, z zewn\u0105trz szalowany deskami, nakryto czterospadowym dachem zwie\u0144czonym metalow\u0105 chor\u0105giewk\u0105 z dat\u0105 \u201e1950\u201d.<\/p>\n\n\n\n<p><\/p>\n\n\n\n<div class=\"wp-block-columns is-layout-flex wp-container-core-columns-is-layout-9d6595d7 wp-block-columns-is-layout-flex\">\n<div class=\"wp-block-column is-layout-flow wp-block-column-is-layout-flow\">\n<figure data-wp-context=\"{&quot;imageId&quot;:&quot;69f5ca8163f51&quot;}\" data-wp-interactive=\"core\/image\" data-wp-key=\"69f5ca8163f51\" class=\"wp-block-image size-large wp-lightbox-container\"><img loading=\"lazy\" decoding=\"async\" width=\"683\" height=\"1024\" data-wp-class--hide=\"state.isContentHidden\" data-wp-class--show=\"state.isContentVisible\" data-wp-init=\"callbacks.setButtonStyles\" data-wp-on--click=\"actions.showLightbox\" data-wp-on--load=\"callbacks.setButtonStyles\" data-wp-on-window--resize=\"callbacks.setButtonStyles\" src=\"https:\/\/nid.pl\/wp-content\/uploads\/2025\/07\/Kat.-D-wyroznienie_Przyrow_suszarnia_fot_Dorota-Folan_NID-OT-Katowice-1-683x1024.jpg\" alt=\"\" class=\"wp-image-28283\"\/><button\n\t\t\tclass=\"lightbox-trigger\"\n\t\t\ttype=\"button\"\n\t\t\taria-haspopup=\"dialog\"\n\t\t\taria-label=\"Enlarge\"\n\t\t\tdata-wp-init=\"callbacks.initTriggerButton\"\n\t\t\tdata-wp-on--click=\"actions.showLightbox\"\n\t\t\tdata-wp-style--right=\"state.imageButtonRight\"\n\t\t\tdata-wp-style--top=\"state.imageButtonTop\"\n\t\t>\n\t\t\t<svg xmlns=\"http:\/\/www.w3.org\/2000\/svg\" width=\"12\" height=\"12\" fill=\"none\" viewbox=\"0 0 12 12\">\n\t\t\t\t<path fill=\"#fff\" d=\"M2 0a2 2 0 0 0-2 2v2h1.5V2a.5.5 0 0 1 .5-.5h2V0H2Zm2 10.5H2a.5.5 0 0 1-.5-.5V8H0v2a2 2 0 0 0 2 2h2v-1.5ZM8 12v-1.5h2a.5.5 0 0 0 .5-.5V8H12v2a2 2 0 0 1-2 2H8Zm2-12a2 2 0 0 1 2 2v2h-1.5V2a.5.5 0 0 0-.5-.5H8V0h2Z\" \/>\n\t\t\t<\/svg>\n\t\t<\/button><figcaption class=\"wp-element-caption\">Przyr\u00f3w, suszarnia, fot. NID\/D. Folan<\/figcaption><\/figure>\n<\/div>\n\n\n\n<div class=\"wp-block-column is-layout-flow wp-block-column-is-layout-flow\">\n<figure data-wp-context=\"{&quot;imageId&quot;:&quot;69f5ca816430c&quot;}\" data-wp-interactive=\"core\/image\" data-wp-key=\"69f5ca816430c\" class=\"wp-block-image size-large wp-lightbox-container\"><img loading=\"lazy\" decoding=\"async\" width=\"683\" height=\"1024\" data-wp-class--hide=\"state.isContentHidden\" data-wp-class--show=\"state.isContentVisible\" data-wp-init=\"callbacks.setButtonStyles\" data-wp-on--click=\"actions.showLightbox\" data-wp-on--load=\"callbacks.setButtonStyles\" data-wp-on-window--resize=\"callbacks.setButtonStyles\" src=\"https:\/\/nid.pl\/wp-content\/uploads\/2025\/07\/Kat.-D-wyroznienie_Przyrow_suszarnia_fot_Dorota-Folan_NID-OT-Katowice-3-683x1024.jpg\" alt=\"\" class=\"wp-image-28286\"\/><button\n\t\t\tclass=\"lightbox-trigger\"\n\t\t\ttype=\"button\"\n\t\t\taria-haspopup=\"dialog\"\n\t\t\taria-label=\"Enlarge\"\n\t\t\tdata-wp-init=\"callbacks.initTriggerButton\"\n\t\t\tdata-wp-on--click=\"actions.showLightbox\"\n\t\t\tdata-wp-style--right=\"state.imageButtonRight\"\n\t\t\tdata-wp-style--top=\"state.imageButtonTop\"\n\t\t>\n\t\t\t<svg xmlns=\"http:\/\/www.w3.org\/2000\/svg\" width=\"12\" height=\"12\" fill=\"none\" viewbox=\"0 0 12 12\">\n\t\t\t\t<path fill=\"#fff\" d=\"M2 0a2 2 0 0 0-2 2v2h1.5V2a.5.5 0 0 1 .5-.5h2V0H2Zm2 10.5H2a.5.5 0 0 1-.5-.5V8H0v2a2 2 0 0 0 2 2h2v-1.5ZM8 12v-1.5h2a.5.5 0 0 0 .5-.5V8H12v2a2 2 0 0 1-2 2H8Zm2-12a2 2 0 0 1 2 2v2h-1.5V2a.5.5 0 0 0-.5-.5H8V0h2Z\" \/>\n\t\t\t<\/svg>\n\t\t<\/button><figcaption class=\"wp-element-caption\">Przyr\u00f3w, suszarnia, fot. NID\/D. Folan<\/figcaption><\/figure>\n<\/div>\n\n\n\n<div class=\"wp-block-column is-layout-flow wp-block-column-is-layout-flow\">\n<figure data-wp-context=\"{&quot;imageId&quot;:&quot;69f5ca81646bb&quot;}\" data-wp-interactive=\"core\/image\" data-wp-key=\"69f5ca81646bb\" class=\"wp-block-image size-large wp-lightbox-container\"><img loading=\"lazy\" decoding=\"async\" width=\"683\" height=\"1024\" data-wp-class--hide=\"state.isContentHidden\" data-wp-class--show=\"state.isContentVisible\" data-wp-init=\"callbacks.setButtonStyles\" data-wp-on--click=\"actions.showLightbox\" data-wp-on--load=\"callbacks.setButtonStyles\" data-wp-on-window--resize=\"callbacks.setButtonStyles\" src=\"https:\/\/nid.pl\/wp-content\/uploads\/2025\/07\/Kat.-D-wyroznienie_Przyrow_suszarnia_fot_Dorota-Folan_NID-OT-Katowice-4-683x1024.jpg\" alt=\"\" class=\"wp-image-28287\"\/><button\n\t\t\tclass=\"lightbox-trigger\"\n\t\t\ttype=\"button\"\n\t\t\taria-haspopup=\"dialog\"\n\t\t\taria-label=\"Enlarge\"\n\t\t\tdata-wp-init=\"callbacks.initTriggerButton\"\n\t\t\tdata-wp-on--click=\"actions.showLightbox\"\n\t\t\tdata-wp-style--right=\"state.imageButtonRight\"\n\t\t\tdata-wp-style--top=\"state.imageButtonTop\"\n\t\t>\n\t\t\t<svg xmlns=\"http:\/\/www.w3.org\/2000\/svg\" width=\"12\" height=\"12\" fill=\"none\" viewbox=\"0 0 12 12\">\n\t\t\t\t<path fill=\"#fff\" d=\"M2 0a2 2 0 0 0-2 2v2h1.5V2a.5.5 0 0 1 .5-.5h2V0H2Zm2 10.5H2a.5.5 0 0 1-.5-.5V8H0v2a2 2 0 0 0 2 2h2v-1.5ZM8 12v-1.5h2a.5.5 0 0 0 .5-.5V8H12v2a2 2 0 0 1-2 2H8Zm2-12a2 2 0 0 1 2 2v2h-1.5V2a.5.5 0 0 0-.5-.5H8V0h2Z\" \/>\n\t\t\t<\/svg>\n\t\t<\/button><figcaption class=\"wp-element-caption\">Przyr\u00f3w, suszarnia, fot. NID\/D. Folan<\/figcaption><\/figure>\n<\/div>\n<\/div>\n\n\n\n<p><\/p>\n\n\n\n<p><strong>Kategoria zabytk\u00f3w techniki (w tym budownictwo przemys\u0142owe i in\u017cynieryjne)<\/strong><\/p>\n\n\n\n<p><strong>Nagrody<\/strong><\/p>\n\n\n\n<p><strong>1. Budynek dawnej parowozowni wachlarzowej z warsztatami \u2013 Muzeum Kolejnictwa na \u015al\u0105sku w Jaworzynie \u015al\u0105skiej, woj. dolno\u015bl\u0105skie<\/strong><\/p>\n\n\n\n<p>Nagroda<br>dla<br><em>Fundacji Ochrony Dziedzictwa Przemys\u0142owego \u015al\u0105ska<\/em><\/p>\n\n\n\n<p><em>Muzeum Kolejnictwa na \u015al\u0105sku <\/em>mie\u015bci si\u0119 w zespole zabudowa\u0144 parowozowni wachlarzowej z warsztatami wraz z przyleg\u0142\u0105 historyczn\u0105 infrastruktur\u0105 kolejow\u0105. 19-stanowiskowa hala parowozowni wachlarzowej z 1909 roku, z uk\u0142adem torowym i sprawn\u0105 obrotnic\u0105 kolejow\u0105 z ok. 1920 roku jest miejscem postoju i ekspozycji najcenniejszych eksponat\u00f3w. W zespole znajduje si\u0119 tak\u017ce m.in. hala zapadni kolejowej, ku\u017ania, piaskownia, olejarnia, pomieszczenia z tematycznymi wystawami sta\u0142ymi, a tak\u017ce doprowadzony do sprawno\u015bci zabytkowy tabor.<\/p>\n\n\n\n<p><\/p>\n\n\n\n<div class=\"wp-block-columns is-layout-flex wp-container-core-columns-is-layout-9d6595d7 wp-block-columns-is-layout-flex\">\n<div class=\"wp-block-column is-layout-flow wp-block-column-is-layout-flow\">\n<figure data-wp-context=\"{&quot;imageId&quot;:&quot;69f5ca8164c70&quot;}\" data-wp-interactive=\"core\/image\" data-wp-key=\"69f5ca8164c70\" class=\"wp-block-image size-large wp-lightbox-container\"><img loading=\"lazy\" decoding=\"async\" width=\"1024\" height=\"683\" data-wp-class--hide=\"state.isContentHidden\" data-wp-class--show=\"state.isContentVisible\" data-wp-init=\"callbacks.setButtonStyles\" data-wp-on--click=\"actions.showLightbox\" data-wp-on--load=\"callbacks.setButtonStyles\" data-wp-on-window--resize=\"callbacks.setButtonStyles\" src=\"https:\/\/nid.pl\/wp-content\/uploads\/2025\/07\/Kat.-E-nagr_Jaworzyna-Sl_Muzeum-Kolejnictwa_fot_Joanna-Witek-1024x683.jpg\" alt=\"\" class=\"wp-image-28289\" srcset=\"https:\/\/nid.pl\/wp-content\/uploads\/2025\/07\/Kat.-E-nagr_Jaworzyna-Sl_Muzeum-Kolejnictwa_fot_Joanna-Witek-980x653.jpg 980w, https:\/\/nid.pl\/wp-content\/uploads\/2025\/07\/Kat.-E-nagr_Jaworzyna-Sl_Muzeum-Kolejnictwa_fot_Joanna-Witek-480x320.jpg 480w\" sizes=\"(min-width: 0px) and (max-width: 480px) 480px, (min-width: 481px) and (max-width: 980px) 980px, (min-width: 981px) 1024px, 100vw\" \/><button\n\t\t\tclass=\"lightbox-trigger\"\n\t\t\ttype=\"button\"\n\t\t\taria-haspopup=\"dialog\"\n\t\t\taria-label=\"Enlarge\"\n\t\t\tdata-wp-init=\"callbacks.initTriggerButton\"\n\t\t\tdata-wp-on--click=\"actions.showLightbox\"\n\t\t\tdata-wp-style--right=\"state.imageButtonRight\"\n\t\t\tdata-wp-style--top=\"state.imageButtonTop\"\n\t\t>\n\t\t\t<svg xmlns=\"http:\/\/www.w3.org\/2000\/svg\" width=\"12\" height=\"12\" fill=\"none\" viewbox=\"0 0 12 12\">\n\t\t\t\t<path fill=\"#fff\" d=\"M2 0a2 2 0 0 0-2 2v2h1.5V2a.5.5 0 0 1 .5-.5h2V0H2Zm2 10.5H2a.5.5 0 0 1-.5-.5V8H0v2a2 2 0 0 0 2 2h2v-1.5ZM8 12v-1.5h2a.5.5 0 0 0 .5-.5V8H12v2a2 2 0 0 1-2 2H8Zm2-12a2 2 0 0 1 2 2v2h-1.5V2a.5.5 0 0 0-.5-.5H8V0h2Z\" \/>\n\t\t\t<\/svg>\n\t\t<\/button><figcaption class=\"wp-element-caption\">Jaworzyna, Muzeum Kolejnictwa, fot. Joanna Witek<\/figcaption><\/figure>\n<\/div>\n\n\n\n<div class=\"wp-block-column is-layout-flow wp-block-column-is-layout-flow\">\n<figure data-wp-context=\"{&quot;imageId&quot;:&quot;69f5ca8164ff0&quot;}\" data-wp-interactive=\"core\/image\" data-wp-key=\"69f5ca8164ff0\" class=\"wp-block-image size-large wp-lightbox-container\"><img loading=\"lazy\" decoding=\"async\" width=\"1024\" height=\"684\" data-wp-class--hide=\"state.isContentHidden\" data-wp-class--show=\"state.isContentVisible\" data-wp-init=\"callbacks.setButtonStyles\" data-wp-on--click=\"actions.showLightbox\" data-wp-on--load=\"callbacks.setButtonStyles\" data-wp-on-window--resize=\"callbacks.setButtonStyles\" src=\"https:\/\/nid.pl\/wp-content\/uploads\/2025\/07\/Kat.-E-nagroda_Jaworzyna-Sl_Muzeum-Kolejnictwa_fot.-Krzysztof-Czartoryski_NID-OT-Wroclaw-2-1024x684.jpg\" alt=\"\" class=\"wp-image-28290\" srcset=\"https:\/\/nid.pl\/wp-content\/uploads\/2025\/07\/Kat.-E-nagroda_Jaworzyna-Sl_Muzeum-Kolejnictwa_fot.-Krzysztof-Czartoryski_NID-OT-Wroclaw-2-980x654.jpg 980w, https:\/\/nid.pl\/wp-content\/uploads\/2025\/07\/Kat.-E-nagroda_Jaworzyna-Sl_Muzeum-Kolejnictwa_fot.-Krzysztof-Czartoryski_NID-OT-Wroclaw-2-480x320.jpg 480w\" sizes=\"(min-width: 0px) and (max-width: 480px) 480px, (min-width: 481px) and (max-width: 980px) 980px, (min-width: 981px) 1024px, 100vw\" \/><button\n\t\t\tclass=\"lightbox-trigger\"\n\t\t\ttype=\"button\"\n\t\t\taria-haspopup=\"dialog\"\n\t\t\taria-label=\"Enlarge\"\n\t\t\tdata-wp-init=\"callbacks.initTriggerButton\"\n\t\t\tdata-wp-on--click=\"actions.showLightbox\"\n\t\t\tdata-wp-style--right=\"state.imageButtonRight\"\n\t\t\tdata-wp-style--top=\"state.imageButtonTop\"\n\t\t>\n\t\t\t<svg xmlns=\"http:\/\/www.w3.org\/2000\/svg\" width=\"12\" height=\"12\" fill=\"none\" viewbox=\"0 0 12 12\">\n\t\t\t\t<path fill=\"#fff\" d=\"M2 0a2 2 0 0 0-2 2v2h1.5V2a.5.5 0 0 1 .5-.5h2V0H2Zm2 10.5H2a.5.5 0 0 1-.5-.5V8H0v2a2 2 0 0 0 2 2h2v-1.5ZM8 12v-1.5h2a.5.5 0 0 0 .5-.5V8H12v2a2 2 0 0 1-2 2H8Zm2-12a2 2 0 0 1 2 2v2h-1.5V2a.5.5 0 0 0-.5-.5H8V0h2Z\" \/>\n\t\t\t<\/svg>\n\t\t<\/button><figcaption class=\"wp-element-caption\">Muzeum Kolejnictwa, fot. NID\/K. Czartoryski<\/figcaption><\/figure>\n<\/div>\n\n\n\n<div class=\"wp-block-column is-layout-flow wp-block-column-is-layout-flow\">\n<figure data-wp-context=\"{&quot;imageId&quot;:&quot;69f5ca81652c1&quot;}\" data-wp-interactive=\"core\/image\" data-wp-key=\"69f5ca81652c1\" class=\"wp-block-image size-large wp-lightbox-container\"><img loading=\"lazy\" decoding=\"async\" width=\"1024\" height=\"683\" data-wp-class--hide=\"state.isContentHidden\" data-wp-class--show=\"state.isContentVisible\" data-wp-init=\"callbacks.setButtonStyles\" data-wp-on--click=\"actions.showLightbox\" data-wp-on--load=\"callbacks.setButtonStyles\" data-wp-on-window--resize=\"callbacks.setButtonStyles\" src=\"https:\/\/nid.pl\/wp-content\/uploads\/2025\/07\/Kat.-E-nagroda_Jaworzyna-Sl_Muzeum-Kolejnictwa_fot_Joanna-Witek-1024x683.jpg\" alt=\"\" class=\"wp-image-28291\" srcset=\"https:\/\/nid.pl\/wp-content\/uploads\/2025\/07\/Kat.-E-nagroda_Jaworzyna-Sl_Muzeum-Kolejnictwa_fot_Joanna-Witek-980x653.jpg 980w, https:\/\/nid.pl\/wp-content\/uploads\/2025\/07\/Kat.-E-nagroda_Jaworzyna-Sl_Muzeum-Kolejnictwa_fot_Joanna-Witek-480x320.jpg 480w\" sizes=\"(min-width: 0px) and (max-width: 480px) 480px, (min-width: 481px) and (max-width: 980px) 980px, (min-width: 981px) 1024px, 100vw\" \/><button\n\t\t\tclass=\"lightbox-trigger\"\n\t\t\ttype=\"button\"\n\t\t\taria-haspopup=\"dialog\"\n\t\t\taria-label=\"Enlarge\"\n\t\t\tdata-wp-init=\"callbacks.initTriggerButton\"\n\t\t\tdata-wp-on--click=\"actions.showLightbox\"\n\t\t\tdata-wp-style--right=\"state.imageButtonRight\"\n\t\t\tdata-wp-style--top=\"state.imageButtonTop\"\n\t\t>\n\t\t\t<svg xmlns=\"http:\/\/www.w3.org\/2000\/svg\" width=\"12\" height=\"12\" fill=\"none\" viewbox=\"0 0 12 12\">\n\t\t\t\t<path fill=\"#fff\" d=\"M2 0a2 2 0 0 0-2 2v2h1.5V2a.5.5 0 0 1 .5-.5h2V0H2Zm2 10.5H2a.5.5 0 0 1-.5-.5V8H0v2a2 2 0 0 0 2 2h2v-1.5ZM8 12v-1.5h2a.5.5 0 0 0 .5-.5V8H12v2a2 2 0 0 1-2 2H8Zm2-12a2 2 0 0 1 2 2v2h-1.5V2a.5.5 0 0 0-.5-.5H8V0h2Z\" \/>\n\t\t\t<\/svg>\n\t\t<\/button><figcaption class=\"wp-element-caption\">Muzeum Kolejnictwa, fot_ Joanna Witek<\/figcaption><\/figure>\n<\/div>\n<\/div>\n\n\n\n<p><\/p>\n\n\n\n<p><strong>2. Stacja Ka\u0144czuga wraz z otoczeniem \u2013 magazynem spedycji i wie\u017c\u0105 ci\u015bnie\u0144, woj. podkarpackie<\/strong><\/p>\n\n\n\n<p>Nagroda<br>dla<br><em>Powiatowego Zarz\u0105du Dr\u00f3g w Przeworsku<\/em><\/p>\n\n\n\n<p>Stacja kolejowa Ka\u0144czuga, na kt\u00f3r\u0105 sk\u0142ada si\u0119 budynek stacyjny, wie\u017ca ci\u015bnie\u0144, magazyn spedycji kolejowej wraz z infrastruktur\u0105 towarzysz\u0105c\u0105, jest jedn\u0105 z siedmiu na linii kolei w\u0105skotorowej Przeworsk \u2013 Dyn\u00f3w, wybudowanej przez Galicyjskie Towarzystwo Przemys\u0142u Cukrowniczego w Przeworsku. Budynki poszczeg\u00f3lnych stacji wznoszono na podstawie jednego projektu architektonicznego. Ca\u0142o\u015b\u0107 oddano do u\u017cytku w 1904 roku.<\/p>\n\n\n\n<p><\/p>\n\n\n\n<div class=\"wp-block-columns is-layout-flex wp-container-core-columns-is-layout-9d6595d7 wp-block-columns-is-layout-flex\">\n<div class=\"wp-block-column is-layout-flow wp-block-column-is-layout-flow\">\n<figure class=\"wp-block-image size-large\"><img loading=\"lazy\" decoding=\"async\" width=\"1024\" height=\"683\" src=\"https:\/\/nid.pl\/wp-content\/uploads\/2025\/07\/Kat.-E-nagroda_Kanczuga_zespol-stacji_fot_Alicja-Kusta_NID-OT-Rzeszow-4-1024x683.jpg\" alt=\"\" class=\"wp-image-28292\" srcset=\"https:\/\/nid.pl\/wp-content\/uploads\/2025\/07\/Kat.-E-nagroda_Kanczuga_zespol-stacji_fot_Alicja-Kusta_NID-OT-Rzeszow-4-980x653.jpg 980w, https:\/\/nid.pl\/wp-content\/uploads\/2025\/07\/Kat.-E-nagroda_Kanczuga_zespol-stacji_fot_Alicja-Kusta_NID-OT-Rzeszow-4-480x320.jpg 480w\" sizes=\"(min-width: 0px) and (max-width: 480px) 480px, (min-width: 481px) and (max-width: 980px) 980px, (min-width: 981px) 1024px, 100vw\" \/><figcaption class=\"wp-element-caption\">Ka\u0144czuga, zesp\u00f3\u0142 stacji, fot. NID\/A. Ku\u015bta<\/figcaption><\/figure>\n<\/div>\n\n\n\n<div class=\"wp-block-column is-layout-flow wp-block-column-is-layout-flow\">\n<figure class=\"wp-block-image size-large\"><img loading=\"lazy\" decoding=\"async\" width=\"1024\" height=\"683\" src=\"https:\/\/nid.pl\/wp-content\/uploads\/2025\/07\/Kat.-E-nagroda_Kanczuga_zespol-stacji_fot_Barbara-Potera_NID-OT-Rzeszow-2-1024x683.jpg\" alt=\"\" class=\"wp-image-28294\" srcset=\"https:\/\/nid.pl\/wp-content\/uploads\/2025\/07\/Kat.-E-nagroda_Kanczuga_zespol-stacji_fot_Barbara-Potera_NID-OT-Rzeszow-2-980x653.jpg 980w, https:\/\/nid.pl\/wp-content\/uploads\/2025\/07\/Kat.-E-nagroda_Kanczuga_zespol-stacji_fot_Barbara-Potera_NID-OT-Rzeszow-2-480x320.jpg 480w\" sizes=\"(min-width: 0px) and (max-width: 480px) 480px, (min-width: 481px) and (max-width: 980px) 980px, (min-width: 981px) 1024px, 100vw\" \/><figcaption class=\"wp-element-caption\">Ka\u0144czuga, zesp\u00f3\u0142 stacji, fot. NID\/B. Potera<\/figcaption><\/figure>\n<\/div>\n\n\n\n<div class=\"wp-block-column is-layout-flow wp-block-column-is-layout-flow\">\n<figure class=\"wp-block-image size-large\"><img loading=\"lazy\" decoding=\"async\" width=\"1024\" height=\"683\" src=\"https:\/\/nid.pl\/wp-content\/uploads\/2025\/07\/Kat.-E-nagroda_Kanczuga_zespol-stacji_fot_Barbara-Potera_NID-OT-Rzeszow-1024x683.jpg\" alt=\"\" class=\"wp-image-28295\" srcset=\"https:\/\/nid.pl\/wp-content\/uploads\/2025\/07\/Kat.-E-nagroda_Kanczuga_zespol-stacji_fot_Barbara-Potera_NID-OT-Rzeszow-980x653.jpg 980w, https:\/\/nid.pl\/wp-content\/uploads\/2025\/07\/Kat.-E-nagroda_Kanczuga_zespol-stacji_fot_Barbara-Potera_NID-OT-Rzeszow-480x320.jpg 480w\" sizes=\"(min-width: 0px) and (max-width: 480px) 480px, (min-width: 481px) and (max-width: 980px) 980px, (min-width: 981px) 1024px, 100vw\" \/><figcaption class=\"wp-element-caption\">Ka\u0144czuga, zesp\u00f3\u0142 stacji, fot. NID\/B. Potera<\/figcaption><\/figure>\n<\/div>\n<\/div>\n\n\n\n<p><\/p>\n\n\n\n<p><strong>Wyr\u00f3\u017cnienia<\/strong><\/p>\n\n\n\n<p><strong>1. Wiatrak ko\u017alak w Lubi\u0119cinie, woj. lubuskie<\/strong><\/p>\n\n\n\n<p>Wyr\u00f3\u017cnienie<br>dla<br><em>Gminy Nowa S\u00f3l<\/em><\/p>\n\n\n\n<p>Wiatrak koz\u0142owy to najstarszy i najliczniej wyst\u0119puj\u0105cy typ m\u0142yna wietrznego na ziemi lubuskiej. Cechuje si\u0119 tym, \u017ce bry\u0142a obiektu wraz z urz\u0105dzeniem miel\u0105cym by\u0142a obracana pod wiatr na nieruchomej podstawie nazywanej stolcem lub koz\u0142em. Wiatrak w Lubi\u0119cinie zosta\u0142 wzniesiony w 1817 roku przez cie\u015bl\u0119 Gottlieba Breitera z Nowej Soli na zlecenie mistrza m\u0142ynarskiego Davida Fiedlera, co potwierdza inskrypcja zachowana na elemencie konstrukcyjnym \u2013 belce stropowej (m\u0105cznicy).<\/p>\n\n\n\n<p><\/p>\n\n\n\n<div class=\"wp-block-columns is-layout-flex wp-container-core-columns-is-layout-9d6595d7 wp-block-columns-is-layout-flex\">\n<div class=\"wp-block-column is-layout-flow wp-block-column-is-layout-flow\">\n<figure data-wp-context=\"{&quot;imageId&quot;:&quot;69f5ca8165aa7&quot;}\" data-wp-interactive=\"core\/image\" data-wp-key=\"69f5ca8165aa7\" class=\"wp-block-image size-large wp-lightbox-container\"><img loading=\"lazy\" decoding=\"async\" width=\"1024\" height=\"683\" data-wp-class--hide=\"state.isContentHidden\" data-wp-class--show=\"state.isContentVisible\" data-wp-init=\"callbacks.setButtonStyles\" data-wp-on--click=\"actions.showLightbox\" data-wp-on--load=\"callbacks.setButtonStyles\" data-wp-on-window--resize=\"callbacks.setButtonStyles\" src=\"https:\/\/nid.pl\/wp-content\/uploads\/2025\/07\/Kat.-E-wyroznienie_Lubiecin_wiatrak_fot_Marta-Klaczkowska_NID-OT-Z-Gora-1-1024x683.jpg\" alt=\"\" class=\"wp-image-28296\" srcset=\"https:\/\/nid.pl\/wp-content\/uploads\/2025\/07\/Kat.-E-wyroznienie_Lubiecin_wiatrak_fot_Marta-Klaczkowska_NID-OT-Z-Gora-1-980x653.jpg 980w, https:\/\/nid.pl\/wp-content\/uploads\/2025\/07\/Kat.-E-wyroznienie_Lubiecin_wiatrak_fot_Marta-Klaczkowska_NID-OT-Z-Gora-1-480x320.jpg 480w\" sizes=\"(min-width: 0px) and (max-width: 480px) 480px, (min-width: 481px) and (max-width: 980px) 980px, (min-width: 981px) 1024px, 100vw\" \/><button\n\t\t\tclass=\"lightbox-trigger\"\n\t\t\ttype=\"button\"\n\t\t\taria-haspopup=\"dialog\"\n\t\t\taria-label=\"Enlarge\"\n\t\t\tdata-wp-init=\"callbacks.initTriggerButton\"\n\t\t\tdata-wp-on--click=\"actions.showLightbox\"\n\t\t\tdata-wp-style--right=\"state.imageButtonRight\"\n\t\t\tdata-wp-style--top=\"state.imageButtonTop\"\n\t\t>\n\t\t\t<svg xmlns=\"http:\/\/www.w3.org\/2000\/svg\" width=\"12\" height=\"12\" fill=\"none\" viewbox=\"0 0 12 12\">\n\t\t\t\t<path fill=\"#fff\" d=\"M2 0a2 2 0 0 0-2 2v2h1.5V2a.5.5 0 0 1 .5-.5h2V0H2Zm2 10.5H2a.5.5 0 0 1-.5-.5V8H0v2a2 2 0 0 0 2 2h2v-1.5ZM8 12v-1.5h2a.5.5 0 0 0 .5-.5V8H12v2a2 2 0 0 1-2 2H8Zm2-12a2 2 0 0 1 2 2v2h-1.5V2a.5.5 0 0 0-.5-.5H8V0h2Z\" \/>\n\t\t\t<\/svg>\n\t\t<\/button><figcaption class=\"wp-element-caption\">Lubi\u0119cin, wiatrak, fot. NID\/M. K\u0142aczkowska<\/figcaption><\/figure>\n<\/div>\n\n\n\n<div class=\"wp-block-column is-layout-flow wp-block-column-is-layout-flow\">\n<figure data-wp-context=\"{&quot;imageId&quot;:&quot;69f5ca8165df6&quot;}\" data-wp-interactive=\"core\/image\" data-wp-key=\"69f5ca8165df6\" class=\"wp-block-image size-large wp-lightbox-container\"><img loading=\"lazy\" decoding=\"async\" width=\"1024\" height=\"683\" data-wp-class--hide=\"state.isContentHidden\" data-wp-class--show=\"state.isContentVisible\" data-wp-init=\"callbacks.setButtonStyles\" data-wp-on--click=\"actions.showLightbox\" data-wp-on--load=\"callbacks.setButtonStyles\" data-wp-on-window--resize=\"callbacks.setButtonStyles\" src=\"https:\/\/nid.pl\/wp-content\/uploads\/2025\/07\/Kat.-E-wyroznienie_Lubiecin_wiatrak_fot_Marta-Klaczkowska_NID-OT-Z-Gora-4-1024x683.jpg\" alt=\"\" class=\"wp-image-28299\" srcset=\"https:\/\/nid.pl\/wp-content\/uploads\/2025\/07\/Kat.-E-wyroznienie_Lubiecin_wiatrak_fot_Marta-Klaczkowska_NID-OT-Z-Gora-4-980x653.jpg 980w, https:\/\/nid.pl\/wp-content\/uploads\/2025\/07\/Kat.-E-wyroznienie_Lubiecin_wiatrak_fot_Marta-Klaczkowska_NID-OT-Z-Gora-4-480x320.jpg 480w\" sizes=\"(min-width: 0px) and (max-width: 480px) 480px, (min-width: 481px) and (max-width: 980px) 980px, (min-width: 981px) 1024px, 100vw\" \/><button\n\t\t\tclass=\"lightbox-trigger\"\n\t\t\ttype=\"button\"\n\t\t\taria-haspopup=\"dialog\"\n\t\t\taria-label=\"Enlarge\"\n\t\t\tdata-wp-init=\"callbacks.initTriggerButton\"\n\t\t\tdata-wp-on--click=\"actions.showLightbox\"\n\t\t\tdata-wp-style--right=\"state.imageButtonRight\"\n\t\t\tdata-wp-style--top=\"state.imageButtonTop\"\n\t\t>\n\t\t\t<svg xmlns=\"http:\/\/www.w3.org\/2000\/svg\" width=\"12\" height=\"12\" fill=\"none\" viewbox=\"0 0 12 12\">\n\t\t\t\t<path fill=\"#fff\" d=\"M2 0a2 2 0 0 0-2 2v2h1.5V2a.5.5 0 0 1 .5-.5h2V0H2Zm2 10.5H2a.5.5 0 0 1-.5-.5V8H0v2a2 2 0 0 0 2 2h2v-1.5ZM8 12v-1.5h2a.5.5 0 0 0 .5-.5V8H12v2a2 2 0 0 1-2 2H8Zm2-12a2 2 0 0 1 2 2v2h-1.5V2a.5.5 0 0 0-.5-.5H8V0h2Z\" \/>\n\t\t\t<\/svg>\n\t\t<\/button><figcaption class=\"wp-element-caption\">Lubi\u0119cin, wiatrak, fot. NID\/M. K\u0142aczkowska<\/figcaption><\/figure>\n<\/div>\n\n\n\n<div class=\"wp-block-column is-layout-flow wp-block-column-is-layout-flow\">\n<figure data-wp-context=\"{&quot;imageId&quot;:&quot;69f5ca81660bd&quot;}\" data-wp-interactive=\"core\/image\" data-wp-key=\"69f5ca81660bd\" class=\"wp-block-image size-large wp-lightbox-container\"><img loading=\"lazy\" decoding=\"async\" width=\"1024\" height=\"683\" data-wp-class--hide=\"state.isContentHidden\" data-wp-class--show=\"state.isContentVisible\" data-wp-init=\"callbacks.setButtonStyles\" data-wp-on--click=\"actions.showLightbox\" data-wp-on--load=\"callbacks.setButtonStyles\" data-wp-on-window--resize=\"callbacks.setButtonStyles\" src=\"https:\/\/nid.pl\/wp-content\/uploads\/2025\/07\/Kat.-E-wyroznienie_Lubiecin_wiatrak_fot_Marta-Klaczkowska_NID-OT-Z-Gora-2-1024x683.jpg\" alt=\"\" class=\"wp-image-28297\" srcset=\"https:\/\/nid.pl\/wp-content\/uploads\/2025\/07\/Kat.-E-wyroznienie_Lubiecin_wiatrak_fot_Marta-Klaczkowska_NID-OT-Z-Gora-2-980x653.jpg 980w, https:\/\/nid.pl\/wp-content\/uploads\/2025\/07\/Kat.-E-wyroznienie_Lubiecin_wiatrak_fot_Marta-Klaczkowska_NID-OT-Z-Gora-2-480x320.jpg 480w\" sizes=\"(min-width: 0px) and (max-width: 480px) 480px, (min-width: 481px) and (max-width: 980px) 980px, (min-width: 981px) 1024px, 100vw\" \/><button\n\t\t\tclass=\"lightbox-trigger\"\n\t\t\ttype=\"button\"\n\t\t\taria-haspopup=\"dialog\"\n\t\t\taria-label=\"Enlarge\"\n\t\t\tdata-wp-init=\"callbacks.initTriggerButton\"\n\t\t\tdata-wp-on--click=\"actions.showLightbox\"\n\t\t\tdata-wp-style--right=\"state.imageButtonRight\"\n\t\t\tdata-wp-style--top=\"state.imageButtonTop\"\n\t\t>\n\t\t\t<svg xmlns=\"http:\/\/www.w3.org\/2000\/svg\" width=\"12\" height=\"12\" fill=\"none\" viewbox=\"0 0 12 12\">\n\t\t\t\t<path fill=\"#fff\" d=\"M2 0a2 2 0 0 0-2 2v2h1.5V2a.5.5 0 0 1 .5-.5h2V0H2Zm2 10.5H2a.5.5 0 0 1-.5-.5V8H0v2a2 2 0 0 0 2 2h2v-1.5ZM8 12v-1.5h2a.5.5 0 0 0 .5-.5V8H12v2a2 2 0 0 1-2 2H8Zm2-12a2 2 0 0 1 2 2v2h-1.5V2a.5.5 0 0 0-.5-.5H8V0h2Z\" \/>\n\t\t\t<\/svg>\n\t\t<\/button><figcaption class=\"wp-element-caption\">Lubi\u0119cin, wiatrak, fot. NID\/M. K\u0142aczkowska<\/figcaption><\/figure>\n<\/div>\n<\/div>\n\n\n\n<p><\/p>\n\n\n\n<p><strong>2. Magazyn solny w Nowej Soli, woj. lubuskie<\/strong><\/p>\n\n\n\n<p>Wyr\u00f3\u017cnienie<br>dla<br><em>Miasta Nowa S\u00f3l<\/em><\/p>\n\n\n\n<p>Historia Nowej Soli \u015bci\u015ble zwi\u0105zana by\u0142a z warzelnictwem i handlem sol\u0105, kt\u00f3re rozwin\u0119\u0142o si\u0119 na tym obszarze od 2 po\u0142. XVI wieku. Na pocz\u0105tku XVIII stulecia. miejsce warzelni zaj\u0119\u0142a faktoria, na potrzeby kt\u00f3rej wybudowano kilka magazyn\u00f3w i sk\u0142ad\u00f3w. Zwi\u0105zany z faktori\u0105 p\u00f3\u017anobarokowy budynek wzniesiono w 2 po\u0142. XVIII wieku.<\/p>\n\n\n\n<p><\/p>\n\n\n\n<div class=\"wp-block-columns is-layout-flex wp-container-core-columns-is-layout-9d6595d7 wp-block-columns-is-layout-flex\">\n<div class=\"wp-block-column is-layout-flow wp-block-column-is-layout-flow\">\n<figure data-wp-context=\"{&quot;imageId&quot;:&quot;69f5ca8166514&quot;}\" data-wp-interactive=\"core\/image\" data-wp-key=\"69f5ca8166514\" class=\"wp-block-image size-large wp-lightbox-container\"><img loading=\"lazy\" decoding=\"async\" width=\"1024\" height=\"680\" data-wp-class--hide=\"state.isContentHidden\" data-wp-class--show=\"state.isContentVisible\" data-wp-init=\"callbacks.setButtonStyles\" data-wp-on--click=\"actions.showLightbox\" data-wp-on--load=\"callbacks.setButtonStyles\" data-wp-on-window--resize=\"callbacks.setButtonStyles\" src=\"https:\/\/nid.pl\/wp-content\/uploads\/2025\/07\/Kat.-E-wyroznienie_Nowa-Sol_magazyn-solny_fot_Krzysztof-Slowinski_NID-OT-Z-Gora-4-1024x680.jpg\" alt=\"\" class=\"wp-image-28301\" srcset=\"https:\/\/nid.pl\/wp-content\/uploads\/2025\/07\/Kat.-E-wyroznienie_Nowa-Sol_magazyn-solny_fot_Krzysztof-Slowinski_NID-OT-Z-Gora-4-980x651.jpg 980w, https:\/\/nid.pl\/wp-content\/uploads\/2025\/07\/Kat.-E-wyroznienie_Nowa-Sol_magazyn-solny_fot_Krzysztof-Slowinski_NID-OT-Z-Gora-4-480x319.jpg 480w\" sizes=\"(min-width: 0px) and (max-width: 480px) 480px, (min-width: 481px) and (max-width: 980px) 980px, (min-width: 981px) 1024px, 100vw\" \/><button\n\t\t\tclass=\"lightbox-trigger\"\n\t\t\ttype=\"button\"\n\t\t\taria-haspopup=\"dialog\"\n\t\t\taria-label=\"Enlarge\"\n\t\t\tdata-wp-init=\"callbacks.initTriggerButton\"\n\t\t\tdata-wp-on--click=\"actions.showLightbox\"\n\t\t\tdata-wp-style--right=\"state.imageButtonRight\"\n\t\t\tdata-wp-style--top=\"state.imageButtonTop\"\n\t\t>\n\t\t\t<svg xmlns=\"http:\/\/www.w3.org\/2000\/svg\" width=\"12\" height=\"12\" fill=\"none\" viewbox=\"0 0 12 12\">\n\t\t\t\t<path fill=\"#fff\" d=\"M2 0a2 2 0 0 0-2 2v2h1.5V2a.5.5 0 0 1 .5-.5h2V0H2Zm2 10.5H2a.5.5 0 0 1-.5-.5V8H0v2a2 2 0 0 0 2 2h2v-1.5ZM8 12v-1.5h2a.5.5 0 0 0 .5-.5V8H12v2a2 2 0 0 1-2 2H8Zm2-12a2 2 0 0 1 2 2v2h-1.5V2a.5.5 0 0 0-.5-.5H8V0h2Z\" \/>\n\t\t\t<\/svg>\n\t\t<\/button><figcaption class=\"wp-element-caption\">Nowa S\u00f3l, magazyn solny, fot. NID\/K. S\u0142owi\u0144ski<\/figcaption><\/figure>\n<\/div>\n\n\n\n<div class=\"wp-block-column is-layout-flow wp-block-column-is-layout-flow\">\n<figure data-wp-context=\"{&quot;imageId&quot;:&quot;69f5ca816681e&quot;}\" data-wp-interactive=\"core\/image\" data-wp-key=\"69f5ca816681e\" class=\"wp-block-image size-large wp-lightbox-container\"><img loading=\"lazy\" decoding=\"async\" width=\"1024\" height=\"680\" data-wp-class--hide=\"state.isContentHidden\" data-wp-class--show=\"state.isContentVisible\" data-wp-init=\"callbacks.setButtonStyles\" data-wp-on--click=\"actions.showLightbox\" data-wp-on--load=\"callbacks.setButtonStyles\" data-wp-on-window--resize=\"callbacks.setButtonStyles\" src=\"https:\/\/nid.pl\/wp-content\/uploads\/2025\/07\/Kat.-E-wyroznienie_Nowa-Sol_magazyn-solny_fot_Krzysztof-Slowinski_NID-OT-Z-Gora-5-1024x680.jpg\" alt=\"\" class=\"wp-image-28302\" srcset=\"https:\/\/nid.pl\/wp-content\/uploads\/2025\/07\/Kat.-E-wyroznienie_Nowa-Sol_magazyn-solny_fot_Krzysztof-Slowinski_NID-OT-Z-Gora-5-980x651.jpg 980w, https:\/\/nid.pl\/wp-content\/uploads\/2025\/07\/Kat.-E-wyroznienie_Nowa-Sol_magazyn-solny_fot_Krzysztof-Slowinski_NID-OT-Z-Gora-5-480x319.jpg 480w\" sizes=\"(min-width: 0px) and (max-width: 480px) 480px, (min-width: 481px) and (max-width: 980px) 980px, (min-width: 981px) 1024px, 100vw\" \/><button\n\t\t\tclass=\"lightbox-trigger\"\n\t\t\ttype=\"button\"\n\t\t\taria-haspopup=\"dialog\"\n\t\t\taria-label=\"Enlarge\"\n\t\t\tdata-wp-init=\"callbacks.initTriggerButton\"\n\t\t\tdata-wp-on--click=\"actions.showLightbox\"\n\t\t\tdata-wp-style--right=\"state.imageButtonRight\"\n\t\t\tdata-wp-style--top=\"state.imageButtonTop\"\n\t\t>\n\t\t\t<svg xmlns=\"http:\/\/www.w3.org\/2000\/svg\" width=\"12\" height=\"12\" fill=\"none\" viewbox=\"0 0 12 12\">\n\t\t\t\t<path fill=\"#fff\" d=\"M2 0a2 2 0 0 0-2 2v2h1.5V2a.5.5 0 0 1 .5-.5h2V0H2Zm2 10.5H2a.5.5 0 0 1-.5-.5V8H0v2a2 2 0 0 0 2 2h2v-1.5ZM8 12v-1.5h2a.5.5 0 0 0 .5-.5V8H12v2a2 2 0 0 1-2 2H8Zm2-12a2 2 0 0 1 2 2v2h-1.5V2a.5.5 0 0 0-.5-.5H8V0h2Z\" \/>\n\t\t\t<\/svg>\n\t\t<\/button><figcaption class=\"wp-element-caption\">Nowa S\u00f3l, magazyn solny, fot. NID\/K. S\u0142owi\u0144ski<\/figcaption><\/figure>\n<\/div>\n\n\n\n<div class=\"wp-block-column is-layout-flow wp-block-column-is-layout-flow\">\n<figure data-wp-context=\"{&quot;imageId&quot;:&quot;69f5ca8166b1f&quot;}\" data-wp-interactive=\"core\/image\" data-wp-key=\"69f5ca8166b1f\" class=\"wp-block-image size-large wp-lightbox-container\"><img loading=\"lazy\" decoding=\"async\" width=\"2560\" height=\"1706\" data-wp-class--hide=\"state.isContentHidden\" data-wp-class--show=\"state.isContentVisible\" data-wp-init=\"callbacks.setButtonStyles\" data-wp-on--click=\"actions.showLightbox\" data-wp-on--load=\"callbacks.setButtonStyles\" data-wp-on-window--resize=\"callbacks.setButtonStyles\" src=\"https:\/\/nid.pl\/wp-content\/uploads\/2025\/07\/Kat.-E-wyroznienie_Nowa-Sol_magazyn-solny_fot_Archiwum-UM-Nowa-Sol-edited-1-scaled.jpg\" alt=\"\" class=\"wp-image-28334\" srcset=\"https:\/\/nid.pl\/wp-content\/uploads\/2025\/07\/Kat.-E-wyroznienie_Nowa-Sol_magazyn-solny_fot_Archiwum-UM-Nowa-Sol-edited-1-scaled.jpg 2560w, https:\/\/nid.pl\/wp-content\/uploads\/2025\/07\/Kat.-E-wyroznienie_Nowa-Sol_magazyn-solny_fot_Archiwum-UM-Nowa-Sol-edited-1-1280x853.jpg 1280w, https:\/\/nid.pl\/wp-content\/uploads\/2025\/07\/Kat.-E-wyroznienie_Nowa-Sol_magazyn-solny_fot_Archiwum-UM-Nowa-Sol-edited-1-980x653.jpg 980w, https:\/\/nid.pl\/wp-content\/uploads\/2025\/07\/Kat.-E-wyroznienie_Nowa-Sol_magazyn-solny_fot_Archiwum-UM-Nowa-Sol-edited-1-480x320.jpg 480w\" sizes=\"(min-width: 0px) and (max-width: 480px) 480px, (min-width: 481px) and (max-width: 980px) 980px, (min-width: 981px) and (max-width: 1280px) 1280px, (min-width: 1281px) 2560px, 100vw\" \/><button\n\t\t\tclass=\"lightbox-trigger\"\n\t\t\ttype=\"button\"\n\t\t\taria-haspopup=\"dialog\"\n\t\t\taria-label=\"Enlarge\"\n\t\t\tdata-wp-init=\"callbacks.initTriggerButton\"\n\t\t\tdata-wp-on--click=\"actions.showLightbox\"\n\t\t\tdata-wp-style--right=\"state.imageButtonRight\"\n\t\t\tdata-wp-style--top=\"state.imageButtonTop\"\n\t\t>\n\t\t\t<svg xmlns=\"http:\/\/www.w3.org\/2000\/svg\" width=\"12\" height=\"12\" fill=\"none\" viewbox=\"0 0 12 12\">\n\t\t\t\t<path fill=\"#fff\" d=\"M2 0a2 2 0 0 0-2 2v2h1.5V2a.5.5 0 0 1 .5-.5h2V0H2Zm2 10.5H2a.5.5 0 0 1-.5-.5V8H0v2a2 2 0 0 0 2 2h2v-1.5ZM8 12v-1.5h2a.5.5 0 0 0 .5-.5V8H12v2a2 2 0 0 1-2 2H8Zm2-12a2 2 0 0 1 2 2v2h-1.5V2a.5.5 0 0 0-.5-.5H8V0h2Z\" \/>\n\t\t\t<\/svg>\n\t\t<\/button><figcaption class=\"wp-element-caption\">Nowa S\u00f3l, magazyn solny, fot. NID\/K. S\u0142owi\u0144ski<\/figcaption><\/figure>\n<\/div>\n<\/div>\n\n\n\n<p><\/p>\n\n\n\n<p><strong>Kategoria zabytek dost\u0119pny<\/strong><\/p>\n\n\n\n<p>W kategorii zabytek dost\u0119pny nie przyznano nagr\u00f3d i wyr\u00f3\u017cnie\u0144.<\/p>","protected":false},"excerpt":{"rendered":"<p>W dniach 1\u20132 lipca 2025 roku odby\u0142o si\u0119 posiedzenie jury konkursu \u201eZabytek Zadbany\u201d, prowadzonego przez Ministra Kultury i Dziedzictwa Narodowego oraz Generalnego Konserwatora Zabytk\u00f3w. Spo\u015br\u00f3d 67 zg\u0142oszonych obiekt\u00f3w wyr\u00f3\u017cniono 22 [&hellip;]<\/p>","protected":false},"author":15,"featured_media":28407,"comment_status":"closed","ping_status":"closed","sticky":false,"template":"","format":"standard","meta":{"_et_pb_use_builder":"off","_et_pb_old_content":"","_et_gb_content_width":"","_monsterinsights_skip_tracking":false,"_monsterinsights_sitenote_active":false,"_monsterinsights_sitenote_note":"","_monsterinsights_sitenote_category":0,"footnotes":""},"categories":[3,31],"tags":[],"class_list":["post-28270","post","type-post","status-publish","format-standard","has-post-thumbnail","hentry","category-aktualnosci","category-zabytek-zadbany"],"yoast_head":"<!-- This site is optimized with the Yoast SEO plugin v26.5 - https:\/\/yoast.com\/wordpress\/plugins\/seo\/ -->\n<title>Znamy wyniki konkursu \u201eZabytek Zadbany 2025\u201d - NID<\/title>\n<meta name=\"robots\" content=\"index, follow, max-snippet:-1, max-image-preview:large, max-video-preview:-1\" \/>\n<link rel=\"canonical\" href=\"https:\/\/nid.pl\/en\/2025\/07\/22\/zabytek-zadbany-wyniki\/\" \/>\n<meta property=\"og:locale\" content=\"en_GB\" \/>\n<meta property=\"og:type\" content=\"article\" \/>\n<meta property=\"og:title\" content=\"Znamy wyniki konkursu \u201eZabytek Zadbany 2025\u201d - NID\" \/>\n<meta property=\"og:description\" content=\"W dniach 1\u20132 lipca 2025 roku odby\u0142o si\u0119 posiedzenie jury konkursu \u201eZabytek Zadbany\u201d, prowadzonego przez Ministra Kultury i Dziedzictwa Narodowego oraz Generalnego Konserwatora Zabytk\u00f3w. Spo\u015br\u00f3d 67 zg\u0142oszonych obiekt\u00f3w wyr\u00f3\u017cniono 22 [&hellip;]\" \/>\n<meta property=\"og:url\" content=\"https:\/\/nid.pl\/en\/2025\/07\/22\/zabytek-zadbany-wyniki\/\" \/>\n<meta property=\"og:site_name\" content=\"NID\" \/>\n<meta property=\"article:publisher\" content=\"https:\/\/www.facebook.com\/zabytek\" \/>\n<meta property=\"article:published_time\" content=\"2025-07-22T13:52:16+00:00\" \/>\n<meta property=\"article:modified_time\" content=\"2026-04-09T13:22:00+00:00\" \/>\n<meta property=\"og:image\" content=\"https:\/\/nid.pl\/wp-content\/uploads\/2025\/07\/zabytek-zadbany-lazienki-miniaturka.jpg\" \/>\n\t<meta property=\"og:image:width\" content=\"980\" \/>\n\t<meta property=\"og:image:height\" content=\"653\" \/>\n\t<meta property=\"og:image:type\" content=\"image\/jpeg\" \/>\n<meta name=\"author\" content=\"Monika Ciura\" \/>\n<meta name=\"twitter:card\" content=\"summary_large_image\" \/>\n<meta name=\"twitter:creator\" content=\"@NarIDpl\" \/>\n<meta name=\"twitter:site\" content=\"@NarIDpl\" \/>\n<meta name=\"twitter:label1\" content=\"Written by\" \/>\n\t<meta name=\"twitter:data1\" content=\"Monika Ciura\" \/>\n\t<meta name=\"twitter:label2\" content=\"Estimated reading time\" \/>\n\t<meta name=\"twitter:data2\" content=\"28 minutes\" \/>\n<script type=\"application\/ld+json\" class=\"yoast-schema-graph\">{\"@context\":\"https:\/\/schema.org\",\"@graph\":[{\"@type\":\"Article\",\"@id\":\"https:\/\/nid.pl\/2025\/07\/22\/zabytek-zadbany-wyniki\/#article\",\"isPartOf\":{\"@id\":\"https:\/\/nid.pl\/2025\/07\/22\/zabytek-zadbany-wyniki\/\"},\"author\":{\"name\":\"Monika Ciura\",\"@id\":\"https:\/\/nid.pl\/#\/schema\/person\/ab9abea4caecdccde4fb0d555271145f\"},\"headline\":\"Znamy wyniki konkursu \u201eZabytek Zadbany 2025\u201d\",\"datePublished\":\"2025-07-22T13:52:16+00:00\",\"dateModified\":\"2026-04-09T13:22:00+00:00\",\"mainEntityOfPage\":{\"@id\":\"https:\/\/nid.pl\/2025\/07\/22\/zabytek-zadbany-wyniki\/\"},\"wordCount\":2991,\"publisher\":{\"@id\":\"https:\/\/nid.pl\/#organization\"},\"image\":{\"@id\":\"https:\/\/nid.pl\/2025\/07\/22\/zabytek-zadbany-wyniki\/#primaryimage\"},\"thumbnailUrl\":\"https:\/\/nid.pl\/wp-content\/uploads\/2025\/07\/zabytek-zadbany-lazienki-miniaturka.jpg\",\"articleSection\":[\"Aktualno\u015bci\",\"Zabytek Zadbany\"],\"inLanguage\":\"en-GB\"},{\"@type\":\"WebPage\",\"@id\":\"https:\/\/nid.pl\/2025\/07\/22\/zabytek-zadbany-wyniki\/\",\"url\":\"https:\/\/nid.pl\/2025\/07\/22\/zabytek-zadbany-wyniki\/\",\"name\":\"Znamy wyniki konkursu \u201eZabytek Zadbany 2025\u201d - NID\",\"isPartOf\":{\"@id\":\"https:\/\/nid.pl\/#website\"},\"primaryImageOfPage\":{\"@id\":\"https:\/\/nid.pl\/2025\/07\/22\/zabytek-zadbany-wyniki\/#primaryimage\"},\"image\":{\"@id\":\"https:\/\/nid.pl\/2025\/07\/22\/zabytek-zadbany-wyniki\/#primaryimage\"},\"thumbnailUrl\":\"https:\/\/nid.pl\/wp-content\/uploads\/2025\/07\/zabytek-zadbany-lazienki-miniaturka.jpg\",\"datePublished\":\"2025-07-22T13:52:16+00:00\",\"dateModified\":\"2026-04-09T13:22:00+00:00\",\"breadcrumb\":{\"@id\":\"https:\/\/nid.pl\/2025\/07\/22\/zabytek-zadbany-wyniki\/#breadcrumb\"},\"inLanguage\":\"en-GB\",\"potentialAction\":[{\"@type\":\"ReadAction\",\"target\":[\"https:\/\/nid.pl\/2025\/07\/22\/zabytek-zadbany-wyniki\/\"]}]},{\"@type\":\"ImageObject\",\"inLanguage\":\"en-GB\",\"@id\":\"https:\/\/nid.pl\/2025\/07\/22\/zabytek-zadbany-wyniki\/#primaryimage\",\"url\":\"https:\/\/nid.pl\/wp-content\/uploads\/2025\/07\/zabytek-zadbany-lazienki-miniaturka.jpg\",\"contentUrl\":\"https:\/\/nid.pl\/wp-content\/uploads\/2025\/07\/zabytek-zadbany-lazienki-miniaturka.jpg\",\"width\":980,\"height\":653},{\"@type\":\"BreadcrumbList\",\"@id\":\"https:\/\/nid.pl\/2025\/07\/22\/zabytek-zadbany-wyniki\/#breadcrumb\",\"itemListElement\":[{\"@type\":\"ListItem\",\"position\":1,\"name\":\"Home\",\"item\":\"https:\/\/nid.pl\/\"},{\"@type\":\"ListItem\",\"position\":2,\"name\":\"Znamy wyniki konkursu \u201eZabytek Zadbany 2025\u201d\"}]},{\"@type\":\"WebSite\",\"@id\":\"https:\/\/nid.pl\/#website\",\"url\":\"https:\/\/nid.pl\/\",\"name\":\"NID\",\"description\":\"Narodowy Instytut Dziedzictwa\",\"publisher\":{\"@id\":\"https:\/\/nid.pl\/#organization\"},\"potentialAction\":[{\"@type\":\"SearchAction\",\"target\":{\"@type\":\"EntryPoint\",\"urlTemplate\":\"https:\/\/nid.pl\/?s={search_term_string}\"},\"query-input\":{\"@type\":\"PropertyValueSpecification\",\"valueRequired\":true,\"valueName\":\"search_term_string\"}}],\"inLanguage\":\"en-GB\"},{\"@type\":\"Organization\",\"@id\":\"https:\/\/nid.pl\/#organization\",\"name\":\"Narodowy Instytut Dziedzictwa\",\"url\":\"https:\/\/nid.pl\/\",\"logo\":{\"@type\":\"ImageObject\",\"inLanguage\":\"en-GB\",\"@id\":\"https:\/\/nid.pl\/#\/schema\/logo\/image\/\",\"url\":\"https:\/\/nid.pl\/wp-content\/uploads\/2022\/10\/logoRedDark.png\",\"contentUrl\":\"https:\/\/nid.pl\/wp-content\/uploads\/2022\/10\/logoRedDark.png\",\"width\":200,\"height\":197,\"caption\":\"Narodowy Instytut Dziedzictwa\"},\"image\":{\"@id\":\"https:\/\/nid.pl\/#\/schema\/logo\/image\/\"},\"sameAs\":[\"https:\/\/www.facebook.com\/zabytek\",\"https:\/\/x.com\/NarIDpl\",\"https:\/\/www.instagram.com\/nid.pl\/?hl=pl\",\"https:\/\/www.linkedin.com\/company\/narodowy-instytut-dziedzictwa\",\"https:\/\/www.youtube.com\/channel\/UCQXuhKa2uHtmNvLRUSx40JA\"]},{\"@type\":\"Person\",\"@id\":\"https:\/\/nid.pl\/#\/schema\/person\/ab9abea4caecdccde4fb0d555271145f\",\"name\":\"Monika Ciura\",\"image\":{\"@type\":\"ImageObject\",\"inLanguage\":\"en-GB\",\"@id\":\"https:\/\/nid.pl\/#\/schema\/person\/image\/\",\"url\":\"https:\/\/nid.pl\/wp-content\/litespeed\/avatar\/bfdb15d1cc317fac4b66bdc91090ff11.jpg?ver=1777445370\",\"contentUrl\":\"https:\/\/nid.pl\/wp-content\/litespeed\/avatar\/bfdb15d1cc317fac4b66bdc91090ff11.jpg?ver=1777445370\",\"caption\":\"Monika Ciura\"},\"url\":\"https:\/\/nid.pl\/en\/author\/mciura\/\"}]}<\/script>\n<!-- \/ Yoast SEO plugin. -->","yoast_head_json":{"title":"Znamy wyniki konkursu \u201eZabytek Zadbany 2025\u201d - NID","robots":{"index":"index","follow":"follow","max-snippet":"max-snippet:-1","max-image-preview":"max-image-preview:large","max-video-preview":"max-video-preview:-1"},"canonical":"https:\/\/nid.pl\/en\/2025\/07\/22\/zabytek-zadbany-wyniki\/","og_locale":"en_GB","og_type":"article","og_title":"Znamy wyniki konkursu \u201eZabytek Zadbany 2025\u201d - NID","og_description":"W dniach 1\u20132 lipca 2025 roku odby\u0142o si\u0119 posiedzenie jury konkursu \u201eZabytek Zadbany\u201d, prowadzonego przez Ministra Kultury i Dziedzictwa Narodowego oraz Generalnego Konserwatora Zabytk\u00f3w. Spo\u015br\u00f3d 67 zg\u0142oszonych obiekt\u00f3w wyr\u00f3\u017cniono 22 [&hellip;]","og_url":"https:\/\/nid.pl\/en\/2025\/07\/22\/zabytek-zadbany-wyniki\/","og_site_name":"NID","article_publisher":"https:\/\/www.facebook.com\/zabytek","article_published_time":"2025-07-22T13:52:16+00:00","article_modified_time":"2026-04-09T13:22:00+00:00","og_image":[{"width":980,"height":653,"url":"https:\/\/nid.pl\/wp-content\/uploads\/2025\/07\/zabytek-zadbany-lazienki-miniaturka.jpg","type":"image\/jpeg"}],"author":"Monika Ciura","twitter_card":"summary_large_image","twitter_creator":"@NarIDpl","twitter_site":"@NarIDpl","twitter_misc":{"Written by":"Monika Ciura","Estimated reading time":"28 minutes"},"schema":{"@context":"https:\/\/schema.org","@graph":[{"@type":"Article","@id":"https:\/\/nid.pl\/2025\/07\/22\/zabytek-zadbany-wyniki\/#article","isPartOf":{"@id":"https:\/\/nid.pl\/2025\/07\/22\/zabytek-zadbany-wyniki\/"},"author":{"name":"Monika Ciura","@id":"https:\/\/nid.pl\/#\/schema\/person\/ab9abea4caecdccde4fb0d555271145f"},"headline":"Znamy wyniki konkursu \u201eZabytek Zadbany 2025\u201d","datePublished":"2025-07-22T13:52:16+00:00","dateModified":"2026-04-09T13:22:00+00:00","mainEntityOfPage":{"@id":"https:\/\/nid.pl\/2025\/07\/22\/zabytek-zadbany-wyniki\/"},"wordCount":2991,"publisher":{"@id":"https:\/\/nid.pl\/#organization"},"image":{"@id":"https:\/\/nid.pl\/2025\/07\/22\/zabytek-zadbany-wyniki\/#primaryimage"},"thumbnailUrl":"https:\/\/nid.pl\/wp-content\/uploads\/2025\/07\/zabytek-zadbany-lazienki-miniaturka.jpg","articleSection":["Aktualno\u015bci","Zabytek Zadbany"],"inLanguage":"en-GB"},{"@type":"WebPage","@id":"https:\/\/nid.pl\/2025\/07\/22\/zabytek-zadbany-wyniki\/","url":"https:\/\/nid.pl\/2025\/07\/22\/zabytek-zadbany-wyniki\/","name":"Znamy wyniki konkursu \u201eZabytek Zadbany 2025\u201d - NID","isPartOf":{"@id":"https:\/\/nid.pl\/#website"},"primaryImageOfPage":{"@id":"https:\/\/nid.pl\/2025\/07\/22\/zabytek-zadbany-wyniki\/#primaryimage"},"image":{"@id":"https:\/\/nid.pl\/2025\/07\/22\/zabytek-zadbany-wyniki\/#primaryimage"},"thumbnailUrl":"https:\/\/nid.pl\/wp-content\/uploads\/2025\/07\/zabytek-zadbany-lazienki-miniaturka.jpg","datePublished":"2025-07-22T13:52:16+00:00","dateModified":"2026-04-09T13:22:00+00:00","breadcrumb":{"@id":"https:\/\/nid.pl\/2025\/07\/22\/zabytek-zadbany-wyniki\/#breadcrumb"},"inLanguage":"en-GB","potentialAction":[{"@type":"ReadAction","target":["https:\/\/nid.pl\/2025\/07\/22\/zabytek-zadbany-wyniki\/"]}]},{"@type":"ImageObject","inLanguage":"en-GB","@id":"https:\/\/nid.pl\/2025\/07\/22\/zabytek-zadbany-wyniki\/#primaryimage","url":"https:\/\/nid.pl\/wp-content\/uploads\/2025\/07\/zabytek-zadbany-lazienki-miniaturka.jpg","contentUrl":"https:\/\/nid.pl\/wp-content\/uploads\/2025\/07\/zabytek-zadbany-lazienki-miniaturka.jpg","width":980,"height":653},{"@type":"BreadcrumbList","@id":"https:\/\/nid.pl\/2025\/07\/22\/zabytek-zadbany-wyniki\/#breadcrumb","itemListElement":[{"@type":"ListItem","position":1,"name":"Home","item":"https:\/\/nid.pl\/"},{"@type":"ListItem","position":2,"name":"Znamy wyniki konkursu \u201eZabytek Zadbany 2025\u201d"}]},{"@type":"WebSite","@id":"https:\/\/nid.pl\/#website","url":"https:\/\/nid.pl\/","name":"NID","description":"Narodowy Instytut Dziedzictwa","publisher":{"@id":"https:\/\/nid.pl\/#organization"},"potentialAction":[{"@type":"SearchAction","target":{"@type":"EntryPoint","urlTemplate":"https:\/\/nid.pl\/?s={search_term_string}"},"query-input":{"@type":"PropertyValueSpecification","valueRequired":true,"valueName":"search_term_string"}}],"inLanguage":"en-GB"},{"@type":"Organization","@id":"https:\/\/nid.pl\/#organization","name":"Narodowy Instytut Dziedzictwa","url":"https:\/\/nid.pl\/","logo":{"@type":"ImageObject","inLanguage":"en-GB","@id":"https:\/\/nid.pl\/#\/schema\/logo\/image\/","url":"https:\/\/nid.pl\/wp-content\/uploads\/2022\/10\/logoRedDark.png","contentUrl":"https:\/\/nid.pl\/wp-content\/uploads\/2022\/10\/logoRedDark.png","width":200,"height":197,"caption":"Narodowy Instytut Dziedzictwa"},"image":{"@id":"https:\/\/nid.pl\/#\/schema\/logo\/image\/"},"sameAs":["https:\/\/www.facebook.com\/zabytek","https:\/\/x.com\/NarIDpl","https:\/\/www.instagram.com\/nid.pl\/?hl=pl","https:\/\/www.linkedin.com\/company\/narodowy-instytut-dziedzictwa","https:\/\/www.youtube.com\/channel\/UCQXuhKa2uHtmNvLRUSx40JA"]},{"@type":"Person","@id":"https:\/\/nid.pl\/#\/schema\/person\/ab9abea4caecdccde4fb0d555271145f","name":"Monika Ciura","image":{"@type":"ImageObject","inLanguage":"en-GB","@id":"https:\/\/nid.pl\/#\/schema\/person\/image\/","url":"https:\/\/nid.pl\/wp-content\/litespeed\/avatar\/bfdb15d1cc317fac4b66bdc91090ff11.jpg?ver=1777445370","contentUrl":"https:\/\/nid.pl\/wp-content\/litespeed\/avatar\/bfdb15d1cc317fac4b66bdc91090ff11.jpg?ver=1777445370","caption":"Monika Ciura"},"url":"https:\/\/nid.pl\/en\/author\/mciura\/"}]}},"_links":{"self":[{"href":"https:\/\/nid.pl\/en\/wp-json\/wp\/v2\/posts\/28270","targetHints":{"allow":["GET"]}}],"collection":[{"href":"https:\/\/nid.pl\/en\/wp-json\/wp\/v2\/posts"}],"about":[{"href":"https:\/\/nid.pl\/en\/wp-json\/wp\/v2\/types\/post"}],"author":[{"embeddable":true,"href":"https:\/\/nid.pl\/en\/wp-json\/wp\/v2\/users\/15"}],"replies":[{"embeddable":true,"href":"https:\/\/nid.pl\/en\/wp-json\/wp\/v2\/comments?post=28270"}],"version-history":[{"count":2,"href":"https:\/\/nid.pl\/en\/wp-json\/wp\/v2\/posts\/28270\/revisions"}],"predecessor-version":[{"id":34073,"href":"https:\/\/nid.pl\/en\/wp-json\/wp\/v2\/posts\/28270\/revisions\/34073"}],"wp:featuredmedia":[{"embeddable":true,"href":"https:\/\/nid.pl\/en\/wp-json\/wp\/v2\/media\/28407"}],"wp:attachment":[{"href":"https:\/\/nid.pl\/en\/wp-json\/wp\/v2\/media?parent=28270"}],"wp:term":[{"taxonomy":"category","embeddable":true,"href":"https:\/\/nid.pl\/en\/wp-json\/wp\/v2\/categories?post=28270"},{"taxonomy":"post_tag","embeddable":true,"href":"https:\/\/nid.pl\/en\/wp-json\/wp\/v2\/tags?post=28270"}],"curies":[{"name":"wp","href":"https:\/\/api.w.org\/{rel}","templated":true}]}}