{"id":28147,"date":"2025-07-17T10:30:05","date_gmt":"2025-07-17T08:30:05","guid":{"rendered":"https:\/\/nid.pl\/?p=28147"},"modified":"2025-07-28T08:53:18","modified_gmt":"2025-07-28T06:53:18","slug":"wyniki-programu-niematerialne-przekaz-dalej-2025","status":"publish","type":"post","link":"https:\/\/nid.pl\/en\/2025\/07\/17\/wyniki-programu-niematerialne-przekaz-dalej-2025\/","title":{"rendered":"Wyniki Programu \u201eNiematerialne \u2013 przeka\u017c dalej\u201d 2025"},"content":{"rendered":"<p class=\"has-medium-font-size\"><strong>Informujemy, \u017ce znamy wyniki trzeciej edycji programu dotacyjnego \u201eNiematerialne \u2013 przeka\u017c dalej\u201d. Celem tego przedsi\u0119wzi\u0119cia jest wspieranie projekt\u00f3w dotycz\u0105cych zjawisk wpisanych na Krajow\u0105 list\u0119 niematerialnego dziedzictwa kulturowego i praktyk wpisanych do Krajowego rejestru dobrych praktyk w ochronie niematerialnego dziedzictwa kulturowego.<\/strong><\/p>\n\n\n\n<p>W ramach trzeciej edycji programu dofinansowanie zosta\u0142o przyznane na wykonanie <strong>20 projekt\u00f3w<\/strong>, wspieraj\u0105cych mi\u0119dzypokoleniowy przekaz wiedzy i umiej\u0119tno\u015bci, ochron\u0119 oraz popularyzacj\u0119 zjawisk i praktyk w dziedzinie niematerialnego dziedzictwa. W naborze do programu zosta\u0142o z\u0142o\u017conych \u0142\u0105cznie <strong>115 wniosk\u00f3w o dofinansowanie na kwot\u0119 ponad 3,7 mln z\u0142<\/strong>. Z powodu b\u0142\u0119d\u00f3w formalnych, 34 wnioski zosta\u0142y odrzucone.<\/p>\n\n\n\n<p>Warto\u015b\u0107 merytoryczn\u0105 projekt\u00f3w oceni\u0142 Zesp\u00f3\u0142, sk\u0142adaj\u0105cy si\u0119 ze specjalist\u00f3w w dziedzinie dziedzictwa niematerialnego. Druga cz\u0119\u015b\u0107 oceny \u2013 dotycz\u0105ca zgodno\u015bci z celami Programu i mo\u017cliwo\u015bci realizacji zada\u0144 \u2013 zosta\u0142a przeprowadzona w Narodowym Instytucie Dziedzictwa.<\/p>\n\n\n\n<p>Zgodnie z regulaminem Programu, dofinansowanie mo\u017ce by\u0107 przyznane zadaniom, kt\u00f3re w wyniku oceny otrzyma\u0142y co najmniej 70 pkt. Tak\u0105 ocen\u0119 uzyska\u0142o 59 wniosk\u00f3w, jednak \u015brodki przeznaczone na dofinansowania w ramach Programu (500 000 z\u0142) by\u0142y niewystarczaj\u0105ce do wsparcia realizacji wszystkich tych zada\u0144. Przy rozpatrywaniu wniosk\u00f3w z\u0142o\u017conych do Program\u00f3w dotacyjnych Narodowy Instytut Dziedzictwa od lat kieruje si\u0119 zasad\u0105 przyznawania dofinansowania na realizacj\u0119 zada\u0144 w takiej wysoko\u015bci, kt\u00f3ra pozwoli Beneficjentowi na jak najpe\u0142niejsze wykonanie za\u0142o\u017conych cel\u00f3w. W zwi\u0105zku z tym, na podstawie \u00a7 10 ust. 16 regulaminu Programu, zosta\u0142a podj\u0119ta decyzja o podniesieniu progu punktowego do 88 pkt. Dofinansowanie otrzyma\u0142o ostatecznie 20 projekt\u00f3w.<\/p>\n\n\n\n<p><\/p>\n\n\n\n<h6 class=\"wp-block-heading has-text-color has-link-color wp-elements-3dbe98578cf9d1a06f86fa61cd35aa6c\" style=\"color:#727272\"><strong>O Programie \u201eNiematerialne \u2013 przeka\u017c dalej\u201d<\/strong><\/h6>\n\n\n\n<p>Program zosta\u0142 zainaugurowany w 2023 r. z okazji 20. rocznicy przyj\u0119cia Konwencji UNESCO w sprawie ochrony niematerialnego dziedzictwa kulturowego oraz 10. rocznicy Krajowej listy niematerialnego dziedzictwa kulturowego.<\/p>\n\n\n\n<p>G\u0142\u00f3wnym celem programu \u201eNiematerialne \u2013 przeka\u017c dalej\u201d jest wspieranie przekazu pokoleniowego, ochrony i popularyzacji zjawisk wpisanych na<strong> Krajow\u0105 list\u0119 niematerialnego dziedzictwa kulturowego oraz praktyk wpisanych do Krajowego rejestru dobrych praktyk w dziedzinie ochrony niematerialnego dziedzictwa<\/strong>, realizowanych w obr\u0119bie spo\u0142eczno\u015bci kultywuj\u0105cych dan\u0105 tradycj\u0119 czy zwyczaj. Dofinansowane w ramach Programu dzia\u0142ania maj\u0105 r\u00f3wnie\u017c na celu aktywizacj\u0119 spo\u0142eczno\u015bci lokalnych oraz budowanie sieci wsp\u00f3\u0142pracy w zakresie poznawania, ochrony i opieki nad dziedzictwem niematerialnym.<\/p>\n\n\n\n<p>Wi\u0119cej informacji zamieszczono <a href=\"https:\/\/nid.pl\/en\/dotacje\/niematerialne-przekaz-dalej\/\" target=\"_blank\" rel=\"noreferrer noopener\">tutaj<\/a>.<\/p>\n\n\n\n<p>Na Krajowej li\u015bcie niematerialnego dziedzictwa kulturowego znajduje si\u0119 obecnie <strong>116 zjawisk<\/strong>, kt\u00f3re reprezentuj\u0105 r\u00f3\u017cnorodne przejawy \u017cywego dziedzictwa niematerialnego z terenu Polski. W\u015br\u00f3d wpis\u00f3w znajduj\u0105 si\u0119 m.in. hafciarstwo i haft sieradzki, bacowanie, carillonowa muzyka w Gda\u0144sku oraz wycinankarstwo \u015bwi\u0119tokrzyskie.<\/p>\n\n\n\n<p>Do Krajowego rejestru dobrych praktyk w dziedzinie ochrony niematerialnego dziedzictwa wpisano do tej pory <strong>13 inicjatyw<\/strong>, m.in. Flis Wi\u015blany \u2013 tradycja budowy \u0142odzi drewnianych oraz \u017ceglugi wi\u015blanej.<\/p>\n\n\n\n<p>Bud\u017cet Programu na 2025 r. wyni\u00f3s\u0142 \u0142\u0105cznie 500 000 z\u0142. Mo\u017cna by\u0142o wnioskowa\u0107 o dofinansowanie w przedziale od 5 000 z\u0142 do 50 000 z\u0142.<\/p>\n\n\n\n<p><\/p>\n\n\n\n<p><a href=\"https:\/\/nid.pl\/wp-content\/uploads\/2025\/07\/Wyniki-naboru.-Niematerialne-przekaz-dalej-2025.pdf\" target=\"_blank\" rel=\"noreferrer noopener\"><strong>Wyniki naboru wniosk\u00f3w (.pdf)<\/strong><\/a><\/p>\n\n\n\n<p><\/p>\n\n\n\n<p>Program \u201eNiematerialne \u2013 przeka\u017c dalej\u201d realizowany jest ze \u015brodk\u00f3w Ministra Kultury i Dziedzictwa Narodowego.<\/p>\n\n\n\n<figure class=\"wp-block-image aligncenter size-full is-resized\"><img loading=\"lazy\" decoding=\"async\" width=\"861\" height=\"573\" src=\"https:\/\/nid.pl\/wp-content\/uploads\/2023\/02\/MKiDN-logo-aktual_strona.jpg\" alt=\"MKiDN logo aktual strona\" class=\"wp-image-9856\" style=\"width:361px;height:auto\" srcset=\"https:\/\/nid.pl\/wp-content\/uploads\/2023\/02\/MKiDN-logo-aktual_strona.jpg 861w, https:\/\/nid.pl\/wp-content\/uploads\/2023\/02\/MKiDN-logo-aktual_strona-480x319.jpg 480w\" sizes=\"(min-width: 0px) and (max-width: 480px) 480px, (min-width: 481px) 861px, 100vw\" \/><\/figure>","protected":false},"excerpt":{"rendered":"<p>Informujemy, \u017ce znamy wyniki trzeciej edycji programu dotacyjnego \u201eNiematerialne \u2013 przeka\u017c dalej\u201d. Celem tego przedsi\u0119wzi\u0119cia jest wspieranie projekt\u00f3w dotycz\u0105cych zjawisk wpisanych na Krajow\u0105 list\u0119 niematerialnego dziedzictwa kulturowego i praktyk wpisanych [&hellip;]<\/p>","protected":false},"author":7,"featured_media":28478,"comment_status":"open","ping_status":"open","sticky":false,"template":"","format":"standard","meta":{"_et_pb_use_builder":"off","_et_pb_old_content":"","_et_gb_content_width":"","_monsterinsights_skip_tracking":false,"_monsterinsights_sitenote_active":false,"_monsterinsights_sitenote_note":"","_monsterinsights_sitenote_category":0,"footnotes":""},"categories":[3,80],"tags":[],"class_list":["post-28147","post","type-post","status-publish","format-standard","has-post-thumbnail","hentry","category-aktualnosci","category-niematerialne-przekaz-dalej"],"yoast_head":"<!-- This site is optimized with the Yoast SEO plugin v26.5 - https:\/\/yoast.com\/wordpress\/plugins\/seo\/ -->\n<title>Wyniki Programu \u201eNiematerialne \u2013 przeka\u017c dalej\u201d 2025 - NID<\/title>\n<meta name=\"robots\" content=\"index, follow, max-snippet:-1, max-image-preview:large, max-video-preview:-1\" \/>\n<link rel=\"canonical\" href=\"https:\/\/nid.pl\/en\/2025\/07\/17\/wyniki-programu-niematerialne-przekaz-dalej-2025\/\" \/>\n<meta property=\"og:locale\" content=\"en_GB\" \/>\n<meta property=\"og:type\" content=\"article\" \/>\n<meta property=\"og:title\" content=\"Wyniki Programu \u201eNiematerialne \u2013 przeka\u017c dalej\u201d 2025 - NID\" \/>\n<meta property=\"og:description\" content=\"Informujemy, \u017ce znamy wyniki trzeciej edycji programu dotacyjnego \u201eNiematerialne \u2013 przeka\u017c dalej\u201d. Celem tego przedsi\u0119wzi\u0119cia jest wspieranie projekt\u00f3w dotycz\u0105cych zjawisk wpisanych na Krajow\u0105 list\u0119 niematerialnego dziedzictwa kulturowego i praktyk wpisanych [&hellip;]\" \/>\n<meta property=\"og:url\" content=\"https:\/\/nid.pl\/en\/2025\/07\/17\/wyniki-programu-niematerialne-przekaz-dalej-2025\/\" \/>\n<meta property=\"og:site_name\" content=\"NID\" \/>\n<meta property=\"article:publisher\" content=\"https:\/\/www.facebook.com\/zabytek\" \/>\n<meta property=\"article:published_time\" content=\"2025-07-17T08:30:05+00:00\" \/>\n<meta property=\"article:modified_time\" content=\"2025-07-28T06:53:18+00:00\" \/>\n<meta property=\"og:image\" content=\"https:\/\/nid.pl\/wp-content\/uploads\/2025\/07\/Wyniki-naboru-Niematerialne-przekaz-dalej.jpg\" \/>\n\t<meta property=\"og:image:width\" content=\"1850\" \/>\n\t<meta property=\"og:image:height\" content=\"1238\" \/>\n\t<meta property=\"og:image:type\" content=\"image\/jpeg\" \/>\n<meta name=\"author\" content=\"Barbara Halliop\" \/>\n<meta name=\"twitter:card\" content=\"summary_large_image\" \/>\n<meta name=\"twitter:creator\" content=\"@NarIDpl\" \/>\n<meta name=\"twitter:site\" content=\"@NarIDpl\" \/>\n<meta name=\"twitter:label1\" content=\"Written by\" \/>\n\t<meta name=\"twitter:data1\" content=\"Barbara Halliop\" \/>\n\t<meta name=\"twitter:label2\" content=\"Estimated reading time\" \/>\n\t<meta name=\"twitter:data2\" content=\"4 minutes\" \/>\n<script type=\"application\/ld+json\" class=\"yoast-schema-graph\">{\"@context\":\"https:\/\/schema.org\",\"@graph\":[{\"@type\":\"Article\",\"@id\":\"https:\/\/nid.pl\/2025\/07\/17\/wyniki-programu-niematerialne-przekaz-dalej-2025\/#article\",\"isPartOf\":{\"@id\":\"https:\/\/nid.pl\/2025\/07\/17\/wyniki-programu-niematerialne-przekaz-dalej-2025\/\"},\"author\":{\"name\":\"Barbara Halliop\",\"@id\":\"https:\/\/nid.pl\/#\/schema\/person\/1b690a8998a5111cfb9f0ffe24195a15\"},\"headline\":\"Wyniki Programu \u201eNiematerialne \u2013 przeka\u017c dalej\u201d 2025\",\"datePublished\":\"2025-07-17T08:30:05+00:00\",\"dateModified\":\"2025-07-28T06:53:18+00:00\",\"mainEntityOfPage\":{\"@id\":\"https:\/\/nid.pl\/2025\/07\/17\/wyniki-programu-niematerialne-przekaz-dalej-2025\/\"},\"wordCount\":492,\"commentCount\":0,\"publisher\":{\"@id\":\"https:\/\/nid.pl\/#organization\"},\"image\":{\"@id\":\"https:\/\/nid.pl\/2025\/07\/17\/wyniki-programu-niematerialne-przekaz-dalej-2025\/#primaryimage\"},\"thumbnailUrl\":\"https:\/\/nid.pl\/wp-content\/uploads\/2025\/07\/Wyniki-naboru-Niematerialne-przekaz-dalej.jpg\",\"articleSection\":[\"Aktualno\u015bci\",\"Niematerialne przeka\u017c dalej\"],\"inLanguage\":\"en-GB\"},{\"@type\":\"WebPage\",\"@id\":\"https:\/\/nid.pl\/2025\/07\/17\/wyniki-programu-niematerialne-przekaz-dalej-2025\/\",\"url\":\"https:\/\/nid.pl\/2025\/07\/17\/wyniki-programu-niematerialne-przekaz-dalej-2025\/\",\"name\":\"Wyniki Programu \u201eNiematerialne \u2013 przeka\u017c dalej\u201d 2025 - NID\",\"isPartOf\":{\"@id\":\"https:\/\/nid.pl\/#website\"},\"primaryImageOfPage\":{\"@id\":\"https:\/\/nid.pl\/2025\/07\/17\/wyniki-programu-niematerialne-przekaz-dalej-2025\/#primaryimage\"},\"image\":{\"@id\":\"https:\/\/nid.pl\/2025\/07\/17\/wyniki-programu-niematerialne-przekaz-dalej-2025\/#primaryimage\"},\"thumbnailUrl\":\"https:\/\/nid.pl\/wp-content\/uploads\/2025\/07\/Wyniki-naboru-Niematerialne-przekaz-dalej.jpg\",\"datePublished\":\"2025-07-17T08:30:05+00:00\",\"dateModified\":\"2025-07-28T06:53:18+00:00\",\"breadcrumb\":{\"@id\":\"https:\/\/nid.pl\/2025\/07\/17\/wyniki-programu-niematerialne-przekaz-dalej-2025\/#breadcrumb\"},\"inLanguage\":\"en-GB\",\"potentialAction\":[{\"@type\":\"ReadAction\",\"target\":[\"https:\/\/nid.pl\/2025\/07\/17\/wyniki-programu-niematerialne-przekaz-dalej-2025\/\"]}]},{\"@type\":\"ImageObject\",\"inLanguage\":\"en-GB\",\"@id\":\"https:\/\/nid.pl\/2025\/07\/17\/wyniki-programu-niematerialne-przekaz-dalej-2025\/#primaryimage\",\"url\":\"https:\/\/nid.pl\/wp-content\/uploads\/2025\/07\/Wyniki-naboru-Niematerialne-przekaz-dalej.jpg\",\"contentUrl\":\"https:\/\/nid.pl\/wp-content\/uploads\/2025\/07\/Wyniki-naboru-Niematerialne-przekaz-dalej.jpg\",\"width\":1850,\"height\":1238,\"caption\":\"fragment haftu z wystawy \u201eKasz\u00ebbsczi w\u00ebsziw\u00eb \u2013 Chonicczi mod\u0142o\u201d, fot. GOK w Chojnicach\"},{\"@type\":\"BreadcrumbList\",\"@id\":\"https:\/\/nid.pl\/2025\/07\/17\/wyniki-programu-niematerialne-przekaz-dalej-2025\/#breadcrumb\",\"itemListElement\":[{\"@type\":\"ListItem\",\"position\":1,\"name\":\"Home\",\"item\":\"https:\/\/nid.pl\/\"},{\"@type\":\"ListItem\",\"position\":2,\"name\":\"Wyniki Programu \u201eNiematerialne \u2013 przeka\u017c dalej\u201d 2025\"}]},{\"@type\":\"WebSite\",\"@id\":\"https:\/\/nid.pl\/#website\",\"url\":\"https:\/\/nid.pl\/\",\"name\":\"NID\",\"description\":\"Narodowy Instytut Dziedzictwa\",\"publisher\":{\"@id\":\"https:\/\/nid.pl\/#organization\"},\"potentialAction\":[{\"@type\":\"SearchAction\",\"target\":{\"@type\":\"EntryPoint\",\"urlTemplate\":\"https:\/\/nid.pl\/?s={search_term_string}\"},\"query-input\":{\"@type\":\"PropertyValueSpecification\",\"valueRequired\":true,\"valueName\":\"search_term_string\"}}],\"inLanguage\":\"en-GB\"},{\"@type\":\"Organization\",\"@id\":\"https:\/\/nid.pl\/#organization\",\"name\":\"Narodowy Instytut Dziedzictwa\",\"url\":\"https:\/\/nid.pl\/\",\"logo\":{\"@type\":\"ImageObject\",\"inLanguage\":\"en-GB\",\"@id\":\"https:\/\/nid.pl\/#\/schema\/logo\/image\/\",\"url\":\"https:\/\/nid.pl\/wp-content\/uploads\/2022\/10\/logoRedDark.png\",\"contentUrl\":\"https:\/\/nid.pl\/wp-content\/uploads\/2022\/10\/logoRedDark.png\",\"width\":200,\"height\":197,\"caption\":\"Narodowy Instytut Dziedzictwa\"},\"image\":{\"@id\":\"https:\/\/nid.pl\/#\/schema\/logo\/image\/\"},\"sameAs\":[\"https:\/\/www.facebook.com\/zabytek\",\"https:\/\/x.com\/NarIDpl\",\"https:\/\/www.instagram.com\/nid.pl\/?hl=pl\",\"https:\/\/www.linkedin.com\/company\/narodowy-instytut-dziedzictwa\",\"https:\/\/www.youtube.com\/channel\/UCQXuhKa2uHtmNvLRUSx40JA\"]},{\"@type\":\"Person\",\"@id\":\"https:\/\/nid.pl\/#\/schema\/person\/1b690a8998a5111cfb9f0ffe24195a15\",\"name\":\"Barbara Halliop\",\"image\":{\"@type\":\"ImageObject\",\"inLanguage\":\"en-GB\",\"@id\":\"https:\/\/nid.pl\/#\/schema\/person\/image\/\",\"url\":\"https:\/\/nid.pl\/wp-content\/litespeed\/avatar\/924046d17dd0c842c9fa9ccf489bc6dc.jpg?ver=1776840122\",\"contentUrl\":\"https:\/\/nid.pl\/wp-content\/litespeed\/avatar\/924046d17dd0c842c9fa9ccf489bc6dc.jpg?ver=1776840122\",\"caption\":\"Barbara Halliop\"},\"url\":\"https:\/\/nid.pl\/en\/author\/bhalliop\/\"}]}<\/script>\n<!-- \/ Yoast SEO plugin. -->","yoast_head_json":{"title":"Wyniki Programu \u201eNiematerialne \u2013 przeka\u017c dalej\u201d 2025 - NID","robots":{"index":"index","follow":"follow","max-snippet":"max-snippet:-1","max-image-preview":"max-image-preview:large","max-video-preview":"max-video-preview:-1"},"canonical":"https:\/\/nid.pl\/en\/2025\/07\/17\/wyniki-programu-niematerialne-przekaz-dalej-2025\/","og_locale":"en_GB","og_type":"article","og_title":"Wyniki Programu \u201eNiematerialne \u2013 przeka\u017c dalej\u201d 2025 - NID","og_description":"Informujemy, \u017ce znamy wyniki trzeciej edycji programu dotacyjnego \u201eNiematerialne \u2013 przeka\u017c dalej\u201d. Celem tego przedsi\u0119wzi\u0119cia jest wspieranie projekt\u00f3w dotycz\u0105cych zjawisk wpisanych na Krajow\u0105 list\u0119 niematerialnego dziedzictwa kulturowego i praktyk wpisanych [&hellip;]","og_url":"https:\/\/nid.pl\/en\/2025\/07\/17\/wyniki-programu-niematerialne-przekaz-dalej-2025\/","og_site_name":"NID","article_publisher":"https:\/\/www.facebook.com\/zabytek","article_published_time":"2025-07-17T08:30:05+00:00","article_modified_time":"2025-07-28T06:53:18+00:00","og_image":[{"width":1850,"height":1238,"url":"https:\/\/nid.pl\/wp-content\/uploads\/2025\/07\/Wyniki-naboru-Niematerialne-przekaz-dalej.jpg","type":"image\/jpeg"}],"author":"Barbara Halliop","twitter_card":"summary_large_image","twitter_creator":"@NarIDpl","twitter_site":"@NarIDpl","twitter_misc":{"Written by":"Barbara Halliop","Estimated reading time":"4 minutes"},"schema":{"@context":"https:\/\/schema.org","@graph":[{"@type":"Article","@id":"https:\/\/nid.pl\/2025\/07\/17\/wyniki-programu-niematerialne-przekaz-dalej-2025\/#article","isPartOf":{"@id":"https:\/\/nid.pl\/2025\/07\/17\/wyniki-programu-niematerialne-przekaz-dalej-2025\/"},"author":{"name":"Barbara Halliop","@id":"https:\/\/nid.pl\/#\/schema\/person\/1b690a8998a5111cfb9f0ffe24195a15"},"headline":"Wyniki Programu \u201eNiematerialne \u2013 przeka\u017c dalej\u201d 2025","datePublished":"2025-07-17T08:30:05+00:00","dateModified":"2025-07-28T06:53:18+00:00","mainEntityOfPage":{"@id":"https:\/\/nid.pl\/2025\/07\/17\/wyniki-programu-niematerialne-przekaz-dalej-2025\/"},"wordCount":492,"commentCount":0,"publisher":{"@id":"https:\/\/nid.pl\/#organization"},"image":{"@id":"https:\/\/nid.pl\/2025\/07\/17\/wyniki-programu-niematerialne-przekaz-dalej-2025\/#primaryimage"},"thumbnailUrl":"https:\/\/nid.pl\/wp-content\/uploads\/2025\/07\/Wyniki-naboru-Niematerialne-przekaz-dalej.jpg","articleSection":["Aktualno\u015bci","Niematerialne przeka\u017c dalej"],"inLanguage":"en-GB"},{"@type":"WebPage","@id":"https:\/\/nid.pl\/2025\/07\/17\/wyniki-programu-niematerialne-przekaz-dalej-2025\/","url":"https:\/\/nid.pl\/2025\/07\/17\/wyniki-programu-niematerialne-przekaz-dalej-2025\/","name":"Wyniki Programu \u201eNiematerialne \u2013 przeka\u017c dalej\u201d 2025 - NID","isPartOf":{"@id":"https:\/\/nid.pl\/#website"},"primaryImageOfPage":{"@id":"https:\/\/nid.pl\/2025\/07\/17\/wyniki-programu-niematerialne-przekaz-dalej-2025\/#primaryimage"},"image":{"@id":"https:\/\/nid.pl\/2025\/07\/17\/wyniki-programu-niematerialne-przekaz-dalej-2025\/#primaryimage"},"thumbnailUrl":"https:\/\/nid.pl\/wp-content\/uploads\/2025\/07\/Wyniki-naboru-Niematerialne-przekaz-dalej.jpg","datePublished":"2025-07-17T08:30:05+00:00","dateModified":"2025-07-28T06:53:18+00:00","breadcrumb":{"@id":"https:\/\/nid.pl\/2025\/07\/17\/wyniki-programu-niematerialne-przekaz-dalej-2025\/#breadcrumb"},"inLanguage":"en-GB","potentialAction":[{"@type":"ReadAction","target":["https:\/\/nid.pl\/2025\/07\/17\/wyniki-programu-niematerialne-przekaz-dalej-2025\/"]}]},{"@type":"ImageObject","inLanguage":"en-GB","@id":"https:\/\/nid.pl\/2025\/07\/17\/wyniki-programu-niematerialne-przekaz-dalej-2025\/#primaryimage","url":"https:\/\/nid.pl\/wp-content\/uploads\/2025\/07\/Wyniki-naboru-Niematerialne-przekaz-dalej.jpg","contentUrl":"https:\/\/nid.pl\/wp-content\/uploads\/2025\/07\/Wyniki-naboru-Niematerialne-przekaz-dalej.jpg","width":1850,"height":1238,"caption":"fragment haftu z wystawy \u201eKasz\u00ebbsczi w\u00ebsziw\u00eb \u2013 Chonicczi mod\u0142o\u201d, fot. GOK w Chojnicach"},{"@type":"BreadcrumbList","@id":"https:\/\/nid.pl\/2025\/07\/17\/wyniki-programu-niematerialne-przekaz-dalej-2025\/#breadcrumb","itemListElement":[{"@type":"ListItem","position":1,"name":"Home","item":"https:\/\/nid.pl\/"},{"@type":"ListItem","position":2,"name":"Wyniki Programu \u201eNiematerialne \u2013 przeka\u017c dalej\u201d 2025"}]},{"@type":"WebSite","@id":"https:\/\/nid.pl\/#website","url":"https:\/\/nid.pl\/","name":"NID","description":"Narodowy Instytut Dziedzictwa","publisher":{"@id":"https:\/\/nid.pl\/#organization"},"potentialAction":[{"@type":"SearchAction","target":{"@type":"EntryPoint","urlTemplate":"https:\/\/nid.pl\/?s={search_term_string}"},"query-input":{"@type":"PropertyValueSpecification","valueRequired":true,"valueName":"search_term_string"}}],"inLanguage":"en-GB"},{"@type":"Organization","@id":"https:\/\/nid.pl\/#organization","name":"Narodowy Instytut Dziedzictwa","url":"https:\/\/nid.pl\/","logo":{"@type":"ImageObject","inLanguage":"en-GB","@id":"https:\/\/nid.pl\/#\/schema\/logo\/image\/","url":"https:\/\/nid.pl\/wp-content\/uploads\/2022\/10\/logoRedDark.png","contentUrl":"https:\/\/nid.pl\/wp-content\/uploads\/2022\/10\/logoRedDark.png","width":200,"height":197,"caption":"Narodowy Instytut Dziedzictwa"},"image":{"@id":"https:\/\/nid.pl\/#\/schema\/logo\/image\/"},"sameAs":["https:\/\/www.facebook.com\/zabytek","https:\/\/x.com\/NarIDpl","https:\/\/www.instagram.com\/nid.pl\/?hl=pl","https:\/\/www.linkedin.com\/company\/narodowy-instytut-dziedzictwa","https:\/\/www.youtube.com\/channel\/UCQXuhKa2uHtmNvLRUSx40JA"]},{"@type":"Person","@id":"https:\/\/nid.pl\/#\/schema\/person\/1b690a8998a5111cfb9f0ffe24195a15","name":"Barbara Halliop","image":{"@type":"ImageObject","inLanguage":"en-GB","@id":"https:\/\/nid.pl\/#\/schema\/person\/image\/","url":"https:\/\/nid.pl\/wp-content\/litespeed\/avatar\/924046d17dd0c842c9fa9ccf489bc6dc.jpg?ver=1776840122","contentUrl":"https:\/\/nid.pl\/wp-content\/litespeed\/avatar\/924046d17dd0c842c9fa9ccf489bc6dc.jpg?ver=1776840122","caption":"Barbara Halliop"},"url":"https:\/\/nid.pl\/en\/author\/bhalliop\/"}]}},"_links":{"self":[{"href":"https:\/\/nid.pl\/en\/wp-json\/wp\/v2\/posts\/28147","targetHints":{"allow":["GET"]}}],"collection":[{"href":"https:\/\/nid.pl\/en\/wp-json\/wp\/v2\/posts"}],"about":[{"href":"https:\/\/nid.pl\/en\/wp-json\/wp\/v2\/types\/post"}],"author":[{"embeddable":true,"href":"https:\/\/nid.pl\/en\/wp-json\/wp\/v2\/users\/7"}],"replies":[{"embeddable":true,"href":"https:\/\/nid.pl\/en\/wp-json\/wp\/v2\/comments?post=28147"}],"version-history":[{"count":0,"href":"https:\/\/nid.pl\/en\/wp-json\/wp\/v2\/posts\/28147\/revisions"}],"wp:featuredmedia":[{"embeddable":true,"href":"https:\/\/nid.pl\/en\/wp-json\/wp\/v2\/media\/28478"}],"wp:attachment":[{"href":"https:\/\/nid.pl\/en\/wp-json\/wp\/v2\/media?parent=28147"}],"wp:term":[{"taxonomy":"category","embeddable":true,"href":"https:\/\/nid.pl\/en\/wp-json\/wp\/v2\/categories?post=28147"},{"taxonomy":"post_tag","embeddable":true,"href":"https:\/\/nid.pl\/en\/wp-json\/wp\/v2\/tags?post=28147"}],"curies":[{"name":"wp","href":"https:\/\/api.w.org\/{rel}","templated":true}]}}