{"id":27864,"date":"2025-07-03T08:47:21","date_gmt":"2025-07-03T06:47:21","guid":{"rendered":"https:\/\/nid.pl\/?p=27864"},"modified":"2025-07-03T08:47:22","modified_gmt":"2025-07-03T06:47:22","slug":"krzemionkowskie-spotkania-z-epoka-kamienia-2","status":"publish","type":"post","link":"https:\/\/nid.pl\/en\/2025\/07\/03\/krzemionkowskie-spotkania-z-epoka-kamienia-2\/","title":{"rendered":"Krzemionkowskie Spotkania z Epok\u0105 Kamienia"},"content":{"rendered":"<p class=\"has-medium-font-size\"><strong>Muzeum Archeologiczne i Rezerwat Krzemionki w Ostrowcu \u015awi\u0119tokrzyskim zaprasza na wyj\u0105tkow\u0105 podr\u00f3\u017c w czasie. 19 i 20 lipca, na terenie pradziejowej osady, odb\u0119dzie si\u0119 trzynasta edycja wydarzenia, kt\u00f3re w tym roku obj\u0119te zosta\u0142o patronatem Narodowego Instytutu Dziedzictwa. To niepowtarzalna okazja, by poczu\u0107 klimat epoki kamienia i odkry\u0107 tajemnice \u017cycia naszych przodk\u00f3w.<\/strong>\u00a0<\/p>\n\n\n\n<p>Co czeka na uczestnik\u00f3w? Pokazy archeologii eksperymentalnej, warsztaty i inscenizacje z udzia\u0142em rekonstruktor\u00f3w, prelekcje, spotkania z ekspertami oraz laboratoria popularno-naukowe prezentuj\u0105ce archeologi\u0119 i jej nauki pomocnicze. Swoj\u0105 pasj\u0105 zwi\u0105zan\u0105 z odkrywaniem ukrytych zapis\u00f3w w r\u00f3\u017cnych materia\u0142ach oraz dotycz\u0105c\u0105 r\u00f3\u017cnorodnych metod badawczych, podziel\u0105 si\u0119 z Wami specjali\u015bci z r\u00f3\u017cnych o\u015brodk\u00f3w w Polsce.<\/p>\n\n\n\n<p>Udzia\u0142 w <strong>Krzemionkowskich Spotkaniach z Epok\u0105 Kamienia<\/strong> to niezwyk\u0142a okazja, by do\u015bwiadczy\u0107 \u017cycia codziennego, rzemios\u0142a, sztuki pradziejowej oraz obrz\u0119d\u00f3w i inscenizacji dotycz\u0105cych wyj\u0105tkowych wydarze\u0144 w \u017cyciu prehistorycznych spo\u0142eczno\u015bci zamieszkuj\u0105cych niegdy\u015b rejon naszego rezerwatu, dolin\u0119 rzeki Kamiennej czy Wy\u017cyn\u0119 Sandomiersk\u0105.<\/p>\n\n\n\n<p><strong>Kiedy: <\/strong>19 i 20 lipca 2025<strong><br>Gdzie: <\/strong>Muzeum Archeologiczne i Rezerwat Krzemionki<br>Sud\u00f3\u0142 135a, Ostrowiec \u015awi\u0119tokrzyski<\/p>\n\n\n\n<p><\/p>\n\n\n\n<p>Szczeg\u00f3\u0142owy program niebawem na stronie Organizatora: <a href=\"https:\/\/muzeumostrowiec.pl\/wydarzenia-plenerowe-2025-w-krzemionkach\/\" target=\"_blank\" rel=\"noreferrer noopener\">https:\/\/muzeumostrowiec.pl\/wydarzenia-plenerowe-2025-w-krzemionkach\/\u00a0<\/a><\/p>\n\n\n\n<p><\/p>\n\n\n\n<p><strong>Patronat honorowy:<\/strong><br>Ministerstwo Kultury i Dziedzictwa Narodowego<br>Wojewoda \u015awi\u0119tokrzyski<br>Narodowy Instytut Muze\u00f3w<br>Narodowy Instytut Dziedzictwa<br>Marsza\u0142ek Wojew\u00f3dztwa \u015awi\u0119tokrzyskiego<br>Starosta Ostrowiecki<br>\u015awi\u0119tokrzyski\u00a0Wojew\u00f3dzki\u00a0Konserwator Zabytk\u00f3w<\/p>\n\n\n\n<p><strong>Patronat medialny:<\/strong>\u00a0Archeologia \u017bywa, TVP3 Kielce, Lokalna.TV, Radio Kielce, Radio Ostrowiec, Echo Dnia \u015awi\u0119tokrzyskie, \u015awi\u0119tokrzyskie Travel, Gazeta Ostrowiecka, Radio Rekord.<\/p>\n\n\n\n<p><\/p>\n\n\n\n<figure class=\"wp-block-image aligncenter size-large is-resized\"><a href=\"https:\/\/muzeumostrowiec.pl\/wydarzenia-plenerowe-2025-w-krzemionkach\/\" target=\"_blank\" rel=\" noreferrer noopener\"><img loading=\"lazy\" decoding=\"async\" width=\"727\" height=\"1024\" src=\"https:\/\/nid.pl\/wp-content\/uploads\/2025\/07\/Patronaty-NID-Krzemionkowskie-spotkania-z-epoka-kamienia-2025-727x1024.png\" alt=\"\" class=\"wp-image-27865\" style=\"width:597px;height:auto\"\/><\/a><\/figure>","protected":false},"excerpt":{"rendered":"<p>Muzeum Archeologiczne i Rezerwat Krzemionki w Ostrowcu \u015awi\u0119tokrzyskim zaprasza na wyj\u0105tkow\u0105 podr\u00f3\u017c w czasie. 19 i 20 lipca, na terenie pradziejowej osady, odb\u0119dzie si\u0119 trzynasta edycja wydarzenia, kt\u00f3re w tym [&hellip;]<\/p>","protected":false},"author":7,"featured_media":27866,"comment_status":"open","ping_status":"open","sticky":false,"template":"","format":"standard","meta":{"_et_pb_use_builder":"off","_et_pb_old_content":"","_et_gb_content_width":"","_monsterinsights_skip_tracking":false,"_monsterinsights_sitenote_active":false,"_monsterinsights_sitenote_note":"","_monsterinsights_sitenote_category":0,"footnotes":""},"categories":[28],"tags":[],"class_list":["post-27864","post","type-post","status-publish","format-standard","has-post-thumbnail","hentry","category-patronaty"],"yoast_head":"<!-- This site is optimized with the Yoast SEO plugin v26.5 - https:\/\/yoast.com\/wordpress\/plugins\/seo\/ -->\n<title>Krzemionkowskie Spotkania z Epok\u0105 Kamienia - NID<\/title>\n<meta name=\"robots\" content=\"index, follow, max-snippet:-1, max-image-preview:large, max-video-preview:-1\" \/>\n<link rel=\"canonical\" href=\"https:\/\/nid.pl\/en\/2025\/07\/03\/krzemionkowskie-spotkania-z-epoka-kamienia-2\/\" \/>\n<meta property=\"og:locale\" content=\"en_GB\" \/>\n<meta property=\"og:type\" content=\"article\" \/>\n<meta property=\"og:title\" content=\"Krzemionkowskie Spotkania z Epok\u0105 Kamienia - NID\" \/>\n<meta property=\"og:description\" content=\"Muzeum Archeologiczne i Rezerwat Krzemionki w Ostrowcu \u015awi\u0119tokrzyskim zaprasza na wyj\u0105tkow\u0105 podr\u00f3\u017c w czasie. 19 i 20 lipca, na terenie pradziejowej osady, odb\u0119dzie si\u0119 trzynasta edycja wydarzenia, kt\u00f3re w tym [&hellip;]\" \/>\n<meta property=\"og:url\" content=\"https:\/\/nid.pl\/en\/2025\/07\/03\/krzemionkowskie-spotkania-z-epoka-kamienia-2\/\" \/>\n<meta property=\"og:site_name\" content=\"NID\" \/>\n<meta property=\"article:publisher\" content=\"https:\/\/www.facebook.com\/zabytek\" \/>\n<meta property=\"article:published_time\" content=\"2025-07-03T06:47:21+00:00\" \/>\n<meta property=\"article:modified_time\" content=\"2025-07-03T06:47:22+00:00\" \/>\n<meta property=\"og:image\" content=\"https:\/\/nid.pl\/wp-content\/uploads\/2025\/07\/Patronaty-NID-Krzemionkowskie-spotkania-z-epoka-kamienia-2025.jpg\" \/>\n\t<meta property=\"og:image:width\" content=\"1400\" \/>\n\t<meta property=\"og:image:height\" content=\"875\" \/>\n\t<meta property=\"og:image:type\" content=\"image\/jpeg\" \/>\n<meta name=\"author\" content=\"Barbara Halliop\" \/>\n<meta name=\"twitter:card\" content=\"summary_large_image\" \/>\n<meta name=\"twitter:creator\" content=\"@NarIDpl\" \/>\n<meta name=\"twitter:site\" content=\"@NarIDpl\" \/>\n<meta name=\"twitter:label1\" content=\"Written by\" \/>\n\t<meta name=\"twitter:data1\" content=\"Barbara Halliop\" \/>\n\t<meta name=\"twitter:label2\" content=\"Estimated reading time\" \/>\n\t<meta name=\"twitter:data2\" content=\"2 minutes\" \/>\n<script type=\"application\/ld+json\" class=\"yoast-schema-graph\">{\"@context\":\"https:\/\/schema.org\",\"@graph\":[{\"@type\":\"Article\",\"@id\":\"https:\/\/nid.pl\/2025\/07\/03\/krzemionkowskie-spotkania-z-epoka-kamienia-2\/#article\",\"isPartOf\":{\"@id\":\"https:\/\/nid.pl\/2025\/07\/03\/krzemionkowskie-spotkania-z-epoka-kamienia-2\/\"},\"author\":{\"name\":\"Barbara Halliop\",\"@id\":\"https:\/\/nid.pl\/#\/schema\/person\/1b690a8998a5111cfb9f0ffe24195a15\"},\"headline\":\"Krzemionkowskie Spotkania z Epok\u0105 Kamienia\",\"datePublished\":\"2025-07-03T06:47:21+00:00\",\"dateModified\":\"2025-07-03T06:47:22+00:00\",\"mainEntityOfPage\":{\"@id\":\"https:\/\/nid.pl\/2025\/07\/03\/krzemionkowskie-spotkania-z-epoka-kamienia-2\/\"},\"wordCount\":251,\"commentCount\":0,\"publisher\":{\"@id\":\"https:\/\/nid.pl\/#organization\"},\"image\":{\"@id\":\"https:\/\/nid.pl\/2025\/07\/03\/krzemionkowskie-spotkania-z-epoka-kamienia-2\/#primaryimage\"},\"thumbnailUrl\":\"https:\/\/nid.pl\/wp-content\/uploads\/2025\/07\/Patronaty-NID-Krzemionkowskie-spotkania-z-epoka-kamienia-2025.jpg\",\"articleSection\":[\"Patronaty\"],\"inLanguage\":\"en-GB\"},{\"@type\":\"WebPage\",\"@id\":\"https:\/\/nid.pl\/2025\/07\/03\/krzemionkowskie-spotkania-z-epoka-kamienia-2\/\",\"url\":\"https:\/\/nid.pl\/2025\/07\/03\/krzemionkowskie-spotkania-z-epoka-kamienia-2\/\",\"name\":\"Krzemionkowskie Spotkania z Epok\u0105 Kamienia - NID\",\"isPartOf\":{\"@id\":\"https:\/\/nid.pl\/#website\"},\"primaryImageOfPage\":{\"@id\":\"https:\/\/nid.pl\/2025\/07\/03\/krzemionkowskie-spotkania-z-epoka-kamienia-2\/#primaryimage\"},\"image\":{\"@id\":\"https:\/\/nid.pl\/2025\/07\/03\/krzemionkowskie-spotkania-z-epoka-kamienia-2\/#primaryimage\"},\"thumbnailUrl\":\"https:\/\/nid.pl\/wp-content\/uploads\/2025\/07\/Patronaty-NID-Krzemionkowskie-spotkania-z-epoka-kamienia-2025.jpg\",\"datePublished\":\"2025-07-03T06:47:21+00:00\",\"dateModified\":\"2025-07-03T06:47:22+00:00\",\"breadcrumb\":{\"@id\":\"https:\/\/nid.pl\/2025\/07\/03\/krzemionkowskie-spotkania-z-epoka-kamienia-2\/#breadcrumb\"},\"inLanguage\":\"en-GB\",\"potentialAction\":[{\"@type\":\"ReadAction\",\"target\":[\"https:\/\/nid.pl\/2025\/07\/03\/krzemionkowskie-spotkania-z-epoka-kamienia-2\/\"]}]},{\"@type\":\"ImageObject\",\"inLanguage\":\"en-GB\",\"@id\":\"https:\/\/nid.pl\/2025\/07\/03\/krzemionkowskie-spotkania-z-epoka-kamienia-2\/#primaryimage\",\"url\":\"https:\/\/nid.pl\/wp-content\/uploads\/2025\/07\/Patronaty-NID-Krzemionkowskie-spotkania-z-epoka-kamienia-2025.jpg\",\"contentUrl\":\"https:\/\/nid.pl\/wp-content\/uploads\/2025\/07\/Patronaty-NID-Krzemionkowskie-spotkania-z-epoka-kamienia-2025.jpg\",\"width\":1400,\"height\":875,\"caption\":\"Rekonstruktor odtwarza pradziejowe malowid\u0142a naskalne, rysuj\u0105c je na sk\u00f3rzanym materiale za pomoc\u0105 naturalnych barwnik\u00f3w.\"},{\"@type\":\"BreadcrumbList\",\"@id\":\"https:\/\/nid.pl\/2025\/07\/03\/krzemionkowskie-spotkania-z-epoka-kamienia-2\/#breadcrumb\",\"itemListElement\":[{\"@type\":\"ListItem\",\"position\":1,\"name\":\"Home\",\"item\":\"https:\/\/nid.pl\/\"},{\"@type\":\"ListItem\",\"position\":2,\"name\":\"Krzemionkowskie Spotkania z Epok\u0105 Kamienia\"}]},{\"@type\":\"WebSite\",\"@id\":\"https:\/\/nid.pl\/#website\",\"url\":\"https:\/\/nid.pl\/\",\"name\":\"NID\",\"description\":\"Narodowy Instytut Dziedzictwa\",\"publisher\":{\"@id\":\"https:\/\/nid.pl\/#organization\"},\"potentialAction\":[{\"@type\":\"SearchAction\",\"target\":{\"@type\":\"EntryPoint\",\"urlTemplate\":\"https:\/\/nid.pl\/?s={search_term_string}\"},\"query-input\":{\"@type\":\"PropertyValueSpecification\",\"valueRequired\":true,\"valueName\":\"search_term_string\"}}],\"inLanguage\":\"en-GB\"},{\"@type\":\"Organization\",\"@id\":\"https:\/\/nid.pl\/#organization\",\"name\":\"Narodowy Instytut Dziedzictwa\",\"url\":\"https:\/\/nid.pl\/\",\"logo\":{\"@type\":\"ImageObject\",\"inLanguage\":\"en-GB\",\"@id\":\"https:\/\/nid.pl\/#\/schema\/logo\/image\/\",\"url\":\"https:\/\/nid.pl\/wp-content\/uploads\/2022\/10\/logoRedDark.png\",\"contentUrl\":\"https:\/\/nid.pl\/wp-content\/uploads\/2022\/10\/logoRedDark.png\",\"width\":200,\"height\":197,\"caption\":\"Narodowy Instytut Dziedzictwa\"},\"image\":{\"@id\":\"https:\/\/nid.pl\/#\/schema\/logo\/image\/\"},\"sameAs\":[\"https:\/\/www.facebook.com\/zabytek\",\"https:\/\/x.com\/NarIDpl\",\"https:\/\/www.instagram.com\/nid.pl\/?hl=pl\",\"https:\/\/www.linkedin.com\/company\/narodowy-instytut-dziedzictwa\",\"https:\/\/www.youtube.com\/channel\/UCQXuhKa2uHtmNvLRUSx40JA\"]},{\"@type\":\"Person\",\"@id\":\"https:\/\/nid.pl\/#\/schema\/person\/1b690a8998a5111cfb9f0ffe24195a15\",\"name\":\"Barbara Halliop\",\"image\":{\"@type\":\"ImageObject\",\"inLanguage\":\"en-GB\",\"@id\":\"https:\/\/nid.pl\/#\/schema\/person\/image\/\",\"url\":\"https:\/\/nid.pl\/wp-content\/litespeed\/avatar\/924046d17dd0c842c9fa9ccf489bc6dc.jpg?ver=1777444967\",\"contentUrl\":\"https:\/\/nid.pl\/wp-content\/litespeed\/avatar\/924046d17dd0c842c9fa9ccf489bc6dc.jpg?ver=1777444967\",\"caption\":\"Barbara Halliop\"},\"url\":\"https:\/\/nid.pl\/en\/author\/bhalliop\/\"}]}<\/script>\n<!-- \/ Yoast SEO plugin. -->","yoast_head_json":{"title":"Krzemionkowskie Spotkania z Epok\u0105 Kamienia - NID","robots":{"index":"index","follow":"follow","max-snippet":"max-snippet:-1","max-image-preview":"max-image-preview:large","max-video-preview":"max-video-preview:-1"},"canonical":"https:\/\/nid.pl\/en\/2025\/07\/03\/krzemionkowskie-spotkania-z-epoka-kamienia-2\/","og_locale":"en_GB","og_type":"article","og_title":"Krzemionkowskie Spotkania z Epok\u0105 Kamienia - NID","og_description":"Muzeum Archeologiczne i Rezerwat Krzemionki w Ostrowcu \u015awi\u0119tokrzyskim zaprasza na wyj\u0105tkow\u0105 podr\u00f3\u017c w czasie. 19 i 20 lipca, na terenie pradziejowej osady, odb\u0119dzie si\u0119 trzynasta edycja wydarzenia, kt\u00f3re w tym [&hellip;]","og_url":"https:\/\/nid.pl\/en\/2025\/07\/03\/krzemionkowskie-spotkania-z-epoka-kamienia-2\/","og_site_name":"NID","article_publisher":"https:\/\/www.facebook.com\/zabytek","article_published_time":"2025-07-03T06:47:21+00:00","article_modified_time":"2025-07-03T06:47:22+00:00","og_image":[{"width":1400,"height":875,"url":"https:\/\/nid.pl\/wp-content\/uploads\/2025\/07\/Patronaty-NID-Krzemionkowskie-spotkania-z-epoka-kamienia-2025.jpg","type":"image\/jpeg"}],"author":"Barbara Halliop","twitter_card":"summary_large_image","twitter_creator":"@NarIDpl","twitter_site":"@NarIDpl","twitter_misc":{"Written by":"Barbara Halliop","Estimated reading time":"2 minutes"},"schema":{"@context":"https:\/\/schema.org","@graph":[{"@type":"Article","@id":"https:\/\/nid.pl\/2025\/07\/03\/krzemionkowskie-spotkania-z-epoka-kamienia-2\/#article","isPartOf":{"@id":"https:\/\/nid.pl\/2025\/07\/03\/krzemionkowskie-spotkania-z-epoka-kamienia-2\/"},"author":{"name":"Barbara Halliop","@id":"https:\/\/nid.pl\/#\/schema\/person\/1b690a8998a5111cfb9f0ffe24195a15"},"headline":"Krzemionkowskie Spotkania z Epok\u0105 Kamienia","datePublished":"2025-07-03T06:47:21+00:00","dateModified":"2025-07-03T06:47:22+00:00","mainEntityOfPage":{"@id":"https:\/\/nid.pl\/2025\/07\/03\/krzemionkowskie-spotkania-z-epoka-kamienia-2\/"},"wordCount":251,"commentCount":0,"publisher":{"@id":"https:\/\/nid.pl\/#organization"},"image":{"@id":"https:\/\/nid.pl\/2025\/07\/03\/krzemionkowskie-spotkania-z-epoka-kamienia-2\/#primaryimage"},"thumbnailUrl":"https:\/\/nid.pl\/wp-content\/uploads\/2025\/07\/Patronaty-NID-Krzemionkowskie-spotkania-z-epoka-kamienia-2025.jpg","articleSection":["Patronaty"],"inLanguage":"en-GB"},{"@type":"WebPage","@id":"https:\/\/nid.pl\/2025\/07\/03\/krzemionkowskie-spotkania-z-epoka-kamienia-2\/","url":"https:\/\/nid.pl\/2025\/07\/03\/krzemionkowskie-spotkania-z-epoka-kamienia-2\/","name":"Krzemionkowskie Spotkania z Epok\u0105 Kamienia - NID","isPartOf":{"@id":"https:\/\/nid.pl\/#website"},"primaryImageOfPage":{"@id":"https:\/\/nid.pl\/2025\/07\/03\/krzemionkowskie-spotkania-z-epoka-kamienia-2\/#primaryimage"},"image":{"@id":"https:\/\/nid.pl\/2025\/07\/03\/krzemionkowskie-spotkania-z-epoka-kamienia-2\/#primaryimage"},"thumbnailUrl":"https:\/\/nid.pl\/wp-content\/uploads\/2025\/07\/Patronaty-NID-Krzemionkowskie-spotkania-z-epoka-kamienia-2025.jpg","datePublished":"2025-07-03T06:47:21+00:00","dateModified":"2025-07-03T06:47:22+00:00","breadcrumb":{"@id":"https:\/\/nid.pl\/2025\/07\/03\/krzemionkowskie-spotkania-z-epoka-kamienia-2\/#breadcrumb"},"inLanguage":"en-GB","potentialAction":[{"@type":"ReadAction","target":["https:\/\/nid.pl\/2025\/07\/03\/krzemionkowskie-spotkania-z-epoka-kamienia-2\/"]}]},{"@type":"ImageObject","inLanguage":"en-GB","@id":"https:\/\/nid.pl\/2025\/07\/03\/krzemionkowskie-spotkania-z-epoka-kamienia-2\/#primaryimage","url":"https:\/\/nid.pl\/wp-content\/uploads\/2025\/07\/Patronaty-NID-Krzemionkowskie-spotkania-z-epoka-kamienia-2025.jpg","contentUrl":"https:\/\/nid.pl\/wp-content\/uploads\/2025\/07\/Patronaty-NID-Krzemionkowskie-spotkania-z-epoka-kamienia-2025.jpg","width":1400,"height":875,"caption":"Rekonstruktor odtwarza pradziejowe malowid\u0142a naskalne, rysuj\u0105c je na sk\u00f3rzanym materiale za pomoc\u0105 naturalnych barwnik\u00f3w."},{"@type":"BreadcrumbList","@id":"https:\/\/nid.pl\/2025\/07\/03\/krzemionkowskie-spotkania-z-epoka-kamienia-2\/#breadcrumb","itemListElement":[{"@type":"ListItem","position":1,"name":"Home","item":"https:\/\/nid.pl\/"},{"@type":"ListItem","position":2,"name":"Krzemionkowskie Spotkania z Epok\u0105 Kamienia"}]},{"@type":"WebSite","@id":"https:\/\/nid.pl\/#website","url":"https:\/\/nid.pl\/","name":"NID","description":"Narodowy Instytut Dziedzictwa","publisher":{"@id":"https:\/\/nid.pl\/#organization"},"potentialAction":[{"@type":"SearchAction","target":{"@type":"EntryPoint","urlTemplate":"https:\/\/nid.pl\/?s={search_term_string}"},"query-input":{"@type":"PropertyValueSpecification","valueRequired":true,"valueName":"search_term_string"}}],"inLanguage":"en-GB"},{"@type":"Organization","@id":"https:\/\/nid.pl\/#organization","name":"Narodowy Instytut Dziedzictwa","url":"https:\/\/nid.pl\/","logo":{"@type":"ImageObject","inLanguage":"en-GB","@id":"https:\/\/nid.pl\/#\/schema\/logo\/image\/","url":"https:\/\/nid.pl\/wp-content\/uploads\/2022\/10\/logoRedDark.png","contentUrl":"https:\/\/nid.pl\/wp-content\/uploads\/2022\/10\/logoRedDark.png","width":200,"height":197,"caption":"Narodowy Instytut Dziedzictwa"},"image":{"@id":"https:\/\/nid.pl\/#\/schema\/logo\/image\/"},"sameAs":["https:\/\/www.facebook.com\/zabytek","https:\/\/x.com\/NarIDpl","https:\/\/www.instagram.com\/nid.pl\/?hl=pl","https:\/\/www.linkedin.com\/company\/narodowy-instytut-dziedzictwa","https:\/\/www.youtube.com\/channel\/UCQXuhKa2uHtmNvLRUSx40JA"]},{"@type":"Person","@id":"https:\/\/nid.pl\/#\/schema\/person\/1b690a8998a5111cfb9f0ffe24195a15","name":"Barbara Halliop","image":{"@type":"ImageObject","inLanguage":"en-GB","@id":"https:\/\/nid.pl\/#\/schema\/person\/image\/","url":"https:\/\/nid.pl\/wp-content\/litespeed\/avatar\/924046d17dd0c842c9fa9ccf489bc6dc.jpg?ver=1777444967","contentUrl":"https:\/\/nid.pl\/wp-content\/litespeed\/avatar\/924046d17dd0c842c9fa9ccf489bc6dc.jpg?ver=1777444967","caption":"Barbara Halliop"},"url":"https:\/\/nid.pl\/en\/author\/bhalliop\/"}]}},"_links":{"self":[{"href":"https:\/\/nid.pl\/en\/wp-json\/wp\/v2\/posts\/27864","targetHints":{"allow":["GET"]}}],"collection":[{"href":"https:\/\/nid.pl\/en\/wp-json\/wp\/v2\/posts"}],"about":[{"href":"https:\/\/nid.pl\/en\/wp-json\/wp\/v2\/types\/post"}],"author":[{"embeddable":true,"href":"https:\/\/nid.pl\/en\/wp-json\/wp\/v2\/users\/7"}],"replies":[{"embeddable":true,"href":"https:\/\/nid.pl\/en\/wp-json\/wp\/v2\/comments?post=27864"}],"version-history":[{"count":0,"href":"https:\/\/nid.pl\/en\/wp-json\/wp\/v2\/posts\/27864\/revisions"}],"wp:featuredmedia":[{"embeddable":true,"href":"https:\/\/nid.pl\/en\/wp-json\/wp\/v2\/media\/27866"}],"wp:attachment":[{"href":"https:\/\/nid.pl\/en\/wp-json\/wp\/v2\/media?parent=27864"}],"wp:term":[{"taxonomy":"category","embeddable":true,"href":"https:\/\/nid.pl\/en\/wp-json\/wp\/v2\/categories?post=27864"},{"taxonomy":"post_tag","embeddable":true,"href":"https:\/\/nid.pl\/en\/wp-json\/wp\/v2\/tags?post=27864"}],"curies":[{"name":"wp","href":"https:\/\/api.w.org\/{rel}","templated":true}]}}