{"id":27413,"date":"2025-06-08T09:30:00","date_gmt":"2025-06-08T07:30:00","guid":{"rendered":"https:\/\/nid.pl\/?p=27413"},"modified":"2025-06-18T12:24:07","modified_gmt":"2025-06-18T10:24:07","slug":"13-czerwca-zapraszamy-na-webinarium-import-dobr-kultury-na-teren-unii-europejskiej-co-nowa-regulacja-oznacza-dla-rynku-sztuki","status":"publish","type":"post","link":"https:\/\/nid.pl\/en\/2025\/06\/08\/13-czerwca-zapraszamy-na-webinarium-import-dobr-kultury-na-teren-unii-europejskiej-co-nowa-regulacja-oznacza-dla-rynku-sztuki\/","title":{"rendered":"13 czerwca zapraszamy na webinarium \u201eImport d\u00f3br kultury na teren Unii Europejskiej. Co nowa regulacja oznacza dla rynku sztuki?\u201d\u00a0"},"content":{"rendered":"<p class=\"has-medium-font-size\"><strong>Webinarium skierowane jest do uczestnik\u00f3w rynku sztuki oraz przedstawicieli agencji celnych i dotyczy przepis\u00f3w dotycz\u0105cych przywozu d\u00f3br kultury na teren UE, kt\u00f3re wchodz\u0105 w \u017cycie w czerwcu 2025 r. &nbsp;Spotkanie odb\u0119dzie si\u0119 13 czerwca o godz. 13:00.<\/strong>&nbsp;<\/p>\n\n\n\n<p><strong>28 czerwca 2025 r.<\/strong> wejdzie w \u017cycie <strong>rozporz\u0105dzenie Parlamentu Europejskiego i Rady (UE) nr 2019\/880<\/strong>, kt\u00f3re na\u0142o\u017cy nowe obowi\u0105zki na osoby przywo\u017c\u0105ce dobra kultury na teren Unii Europejskiej. Od tego momentu przyw\u00f3z takich d\u00f3br b\u0119dzie mo\u017cliwy wy\u0142\u0105cznie po dope\u0142nieniu formalno\u015bci przewidzianych przez rozporz\u0105dzenie. Celem regulacji jest ograniczenie nap\u0142ywu na teren UE d\u00f3br kultury, kt\u00f3re zosta\u0142y pozyskane w wyniku przest\u0119pstwa lub wywiezione z kraju pochodzenia bez wymaganych zezwole\u0144. <strong>O tym, czego mo\u017cna si\u0119 spodziewa\u0107 po 28 czerwca br. oraz jakie nowe obowi\u0105zki b\u0119d\u0105 dotyczy\u0107 uczestnik\u00f3w rynku sztuki, opowiemy podczas webinarium.<\/strong>&nbsp;<\/p>\n\n\n\n<p><strong>Termin:<\/strong> 13 czerwca 2025 r., godz. 13:00\u00a0<br><strong>Prelegentki: <\/strong>Monika O\u015bkiewicz, Narodowy Instytut Dziedzictwa; kom. Anna Skaldawska, Ministerstwo Finans\u00f3w; Agnieszka Szymczyk, Ministerstwo Kultury i Dziedzictwa Narodowego\u00a0<br><strong>Temat:<\/strong> <em>\u201eImport d\u00f3br kultury na teren Unii Europejskiej. Co nowa regulacja oznacza dla rynku sztuki?\u201d<\/em>\u00a0<br><strong>Platforma:<\/strong> Microsoft Teams\u00a0<br><strong>Link do zapisu webinarium \u2013<\/strong><a href=\"https:\/\/youtu.be\/PcKP3orYx7g\" target=\"_blank\" rel=\"noreferrer noopener\"><strong> [tutaj]<\/strong>\u00a0<\/a><\/p>\n\n\n\n<p>Udzia\u0142 w wydarzeniu jest bezp\u0142atny, obowi\u0105zuje wcze\u015bniejsza rejestracja.&nbsp;<\/p>\n\n\n\n<p><strong>Webinarium skierowane jest do uczestnik\u00f3w rynku sztuki, w tym:<\/strong>&nbsp;<br>\u2022 antykwariuszy&nbsp;<br>\u2022 numizmatyk\u00f3w&nbsp;<br>\u2022 kolekcjoner\u00f3w&nbsp;<br>\u2022 art advisor\u00f3w&nbsp;<br>\u2022 inspektor\u00f3w ochrony zabytk\u00f3w z Wojew\u00f3dzkich Urz\u0119d\u00f3w Ochrony Zabytk\u00f3w&nbsp;<br>\u2022 oraz wszystkich zainteresowanych tematyk\u0105 obrotu dzie\u0142ami sztuki i zabytkowymi przedmiotami.&nbsp;<\/p>\n\n\n\n<p><strong>Prelegentki:<\/strong>&nbsp;<\/p>\n\n\n\n<p><strong>Monika O\u015bkiewicz<\/strong> \u2013 od 2022 r. pracuje w Narodowym Instytucie Dziedzictwa, gdzie zajmuje si\u0119 kwestiami bezpiecze\u0144stwa dziedzictwa, w tym przeciwdzia\u0142aniem przest\u0119pstwom przeciwko zabytkom ruchomym. Prawniczka i historyczka sztuki z do\u015bwiadczeniem w instytucjach publicznych, m.in. w Wojew\u00f3dzkim Urz\u0119dzie Ochrony Zabytk\u00f3w w Warszawie.&nbsp;<\/p>\n\n\n\n<p><strong>kom. Anna Skaldawska<\/strong> \u2013 zwi\u0105zana ze S\u0142u\u017cb\u0105 Celn\u0105, od 2001 r. koordynatorka ds. d\u00f3br kultury najpierw w Izbie Celnej w Warszawie, a po reformie \u2013 w Izbie Administracji Skarbowej. Od 2019 r.&nbsp;zajmuje si\u0119 tematyk\u0105 d\u00f3br kultury w&nbsp;Ministerstwie Finans\u00f3w, w Departamencie Ce\u0142. Pe\u0142ni funkcj\u0119 krajowego punktu kontaktowego platformy ARCHEO \u015awiatowej Organizacji Celnej. Wyk\u0142adowczyni Krajowej Administracji Skarbowej w zakresie zwalczania przest\u0119pczo\u015bci przeciwko zabytkom.&nbsp;<br>Uczestniczka wielu krajowych i mi\u0119dzynarodowych projekt\u00f3w, m.in.:&nbsp;<\/p>\n\n\n\n<ul class=\"wp-block-list\">\n<li>Legalny i Nielegalny Obr\u00f3t Dobrami Kultury. Platforma badawczo-edukacyjna wymiany do\u015bwiadcze\u0144 w dziedzinie zapobiegania przest\u0119pstwom przeciw dziedzictwu kulturowemu- Stop Heritage Crime, &nbsp;<\/li>\n\n\n\n<li>Further Strengthening of the Polish Customs Service -\u201dFighting against illegal trade of valuables, monuments and works of art\u201d,&nbsp;<\/li>\n\n\n\n<li>Project Group on Guidance for Customs Controls at the Export of Cultural Goods,&nbsp;<\/li>\n\n\n\n<li>Przest\u0119pczo\u015b\u0107 przeciwko dobrom kultury i CITES (CRIMART).<\/li>\n<\/ul>\n\n\n\n<p><strong>Agnieszka Szymczyk<\/strong> \u2013 prawnik i archeolog, specjalizuje si\u0119 w prawie ochrony zabytk\u00f3w. Od ponad dziesi\u0119ciu lat zwi\u0105zana z instytucjami zajmuj\u0105cymi si\u0119 ochron\u0105 dziedzictwa kulturowego \u2013 Wojew\u00f3dzkim Urz\u0119dem Ochrony Zabytk\u00f3w w Warszawie, Narodowym Instytutem Zabytk\u00f3w, a obecnie Ministerstwem Kultury i Dziedzictwa Narodowego, gdzie pracuje jako g\u0142\u00f3wny specjalista w Departamencie Ochrony Zabytk\u00f3w. Z ramienia MKiDN pe\u0142ni funkcje koordynatora ds. przest\u0119pczo\u015bci przeciwko zabytkom. Aktywnie dzia\u0142a r\u00f3wnie\u017c na polu mi\u0119dzynarodowym, bior\u0105c udzia\u0142 w pracach gremi\u00f3w zajmuj\u0105cych si\u0119 ochron\u0105 d\u00f3br kultury na forum UNESCO i Unii Europejskiej.&nbsp;<\/p>\n\n\n\n<p><\/p>\n\n\n\n<figure class=\"wp-block-image size-large\"><img loading=\"lazy\" decoding=\"async\" width=\"1024\" height=\"256\" src=\"https:\/\/nid.pl\/wp-content\/uploads\/2025\/06\/webinarium-dla-rynku-sztuki_web-1-1024x256.jpg\" alt=\"\" class=\"wp-image-27418\" srcset=\"https:\/\/nid.pl\/wp-content\/uploads\/2025\/06\/webinarium-dla-rynku-sztuki_web-1-980x245.jpg 980w, https:\/\/nid.pl\/wp-content\/uploads\/2025\/06\/webinarium-dla-rynku-sztuki_web-1-480x120.jpg 480w\" sizes=\"(min-width: 0px) and (max-width: 480px) 480px, (min-width: 481px) and (max-width: 980px) 980px, (min-width: 981px) 1024px, 100vw\" \/><\/figure>","protected":false},"excerpt":{"rendered":"<p>Webinarium skierowane jest do uczestnik\u00f3w rynku sztuki oraz przedstawicieli agencji celnych i dotyczy przepis\u00f3w dotycz\u0105cych przywozu d\u00f3br kultury na teren UE, kt\u00f3re wchodz\u0105 w \u017cycie w czerwcu 2025 r. &nbsp;Spotkanie [&hellip;]<\/p>","protected":false},"author":15,"featured_media":27467,"comment_status":"open","ping_status":"open","sticky":false,"template":"","format":"standard","meta":{"_et_pb_use_builder":"off","_et_pb_old_content":"","_et_gb_content_width":"","_monsterinsights_skip_tracking":false,"_monsterinsights_sitenote_active":false,"_monsterinsights_sitenote_note":"","_monsterinsights_sitenote_category":0,"footnotes":""},"categories":[3],"tags":[],"class_list":["post-27413","post","type-post","status-publish","format-standard","has-post-thumbnail","hentry","category-aktualnosci"],"yoast_head":"<!-- This site is optimized with the Yoast SEO plugin v26.5 - https:\/\/yoast.com\/wordpress\/plugins\/seo\/ -->\n<title>13 czerwca zapraszamy na webinarium \u201eImport d\u00f3br kultury na teren Unii Europejskiej. Co nowa regulacja oznacza dla rynku sztuki?\u201d\u00a0 - NID<\/title>\n<meta name=\"robots\" content=\"index, follow, max-snippet:-1, max-image-preview:large, max-video-preview:-1\" \/>\n<link rel=\"canonical\" href=\"https:\/\/nid.pl\/en\/2025\/06\/08\/13-czerwca-zapraszamy-na-webinarium-import-dobr-kultury-na-teren-unii-europejskiej-co-nowa-regulacja-oznacza-dla-rynku-sztuki\/\" \/>\n<meta property=\"og:locale\" content=\"en_GB\" \/>\n<meta property=\"og:type\" content=\"article\" \/>\n<meta property=\"og:title\" content=\"13 czerwca zapraszamy na webinarium \u201eImport d\u00f3br kultury na teren Unii Europejskiej. Co nowa regulacja oznacza dla rynku sztuki?\u201d\u00a0 - NID\" \/>\n<meta property=\"og:description\" content=\"Webinarium skierowane jest do uczestnik\u00f3w rynku sztuki oraz przedstawicieli agencji celnych i dotyczy przepis\u00f3w dotycz\u0105cych przywozu d\u00f3br kultury na teren UE, kt\u00f3re wchodz\u0105 w \u017cycie w czerwcu 2025 r. &nbsp;Spotkanie [&hellip;]\" \/>\n<meta property=\"og:url\" content=\"https:\/\/nid.pl\/en\/2025\/06\/08\/13-czerwca-zapraszamy-na-webinarium-import-dobr-kultury-na-teren-unii-europejskiej-co-nowa-regulacja-oznacza-dla-rynku-sztuki\/\" \/>\n<meta property=\"og:site_name\" content=\"NID\" \/>\n<meta property=\"article:publisher\" content=\"https:\/\/www.facebook.com\/zabytek\" \/>\n<meta property=\"article:published_time\" content=\"2025-06-08T07:30:00+00:00\" \/>\n<meta property=\"article:modified_time\" content=\"2025-06-18T10:24:07+00:00\" \/>\n<meta property=\"og:image\" content=\"https:\/\/nid.pl\/wp-content\/uploads\/2025\/06\/metka-webinarium-dla-sztuku.jpg\" \/>\n\t<meta property=\"og:image:width\" content=\"1857\" \/>\n\t<meta property=\"og:image:height\" content=\"1238\" \/>\n\t<meta property=\"og:image:type\" content=\"image\/jpeg\" \/>\n<meta name=\"author\" content=\"Monika Ciura\" \/>\n<meta name=\"twitter:card\" content=\"summary_large_image\" \/>\n<meta name=\"twitter:creator\" content=\"@NarIDpl\" \/>\n<meta name=\"twitter:site\" content=\"@NarIDpl\" \/>\n<meta name=\"twitter:label1\" content=\"Written by\" \/>\n\t<meta name=\"twitter:data1\" content=\"Monika Ciura\" \/>\n\t<meta name=\"twitter:label2\" content=\"Estimated reading time\" \/>\n\t<meta name=\"twitter:data2\" content=\"4 minutes\" \/>\n<script type=\"application\/ld+json\" class=\"yoast-schema-graph\">{\"@context\":\"https:\/\/schema.org\",\"@graph\":[{\"@type\":\"Article\",\"@id\":\"https:\/\/nid.pl\/2025\/06\/08\/13-czerwca-zapraszamy-na-webinarium-import-dobr-kultury-na-teren-unii-europejskiej-co-nowa-regulacja-oznacza-dla-rynku-sztuki\/#article\",\"isPartOf\":{\"@id\":\"https:\/\/nid.pl\/2025\/06\/08\/13-czerwca-zapraszamy-na-webinarium-import-dobr-kultury-na-teren-unii-europejskiej-co-nowa-regulacja-oznacza-dla-rynku-sztuki\/\"},\"author\":{\"name\":\"Monika Ciura\",\"@id\":\"https:\/\/nid.pl\/#\/schema\/person\/ab9abea4caecdccde4fb0d555271145f\"},\"headline\":\"13 czerwca zapraszamy na webinarium \u201eImport d\u00f3br kultury na teren Unii Europejskiej. Co nowa regulacja oznacza dla rynku sztuki?\u201d\u00a0\",\"datePublished\":\"2025-06-08T07:30:00+00:00\",\"dateModified\":\"2025-06-18T10:24:07+00:00\",\"mainEntityOfPage\":{\"@id\":\"https:\/\/nid.pl\/2025\/06\/08\/13-czerwca-zapraszamy-na-webinarium-import-dobr-kultury-na-teren-unii-europejskiej-co-nowa-regulacja-oznacza-dla-rynku-sztuki\/\"},\"wordCount\":581,\"commentCount\":0,\"publisher\":{\"@id\":\"https:\/\/nid.pl\/#organization\"},\"image\":{\"@id\":\"https:\/\/nid.pl\/2025\/06\/08\/13-czerwca-zapraszamy-na-webinarium-import-dobr-kultury-na-teren-unii-europejskiej-co-nowa-regulacja-oznacza-dla-rynku-sztuki\/#primaryimage\"},\"thumbnailUrl\":\"https:\/\/nid.pl\/wp-content\/uploads\/2025\/06\/metka-webinarium-dla-sztuku.jpg\",\"articleSection\":[\"Aktualno\u015bci\"],\"inLanguage\":\"en-GB\"},{\"@type\":\"WebPage\",\"@id\":\"https:\/\/nid.pl\/2025\/06\/08\/13-czerwca-zapraszamy-na-webinarium-import-dobr-kultury-na-teren-unii-europejskiej-co-nowa-regulacja-oznacza-dla-rynku-sztuki\/\",\"url\":\"https:\/\/nid.pl\/2025\/06\/08\/13-czerwca-zapraszamy-na-webinarium-import-dobr-kultury-na-teren-unii-europejskiej-co-nowa-regulacja-oznacza-dla-rynku-sztuki\/\",\"name\":\"13 czerwca zapraszamy na webinarium \u201eImport d\u00f3br kultury na teren Unii Europejskiej. Co nowa regulacja oznacza dla rynku sztuki?\u201d\u00a0 - NID\",\"isPartOf\":{\"@id\":\"https:\/\/nid.pl\/#website\"},\"primaryImageOfPage\":{\"@id\":\"https:\/\/nid.pl\/2025\/06\/08\/13-czerwca-zapraszamy-na-webinarium-import-dobr-kultury-na-teren-unii-europejskiej-co-nowa-regulacja-oznacza-dla-rynku-sztuki\/#primaryimage\"},\"image\":{\"@id\":\"https:\/\/nid.pl\/2025\/06\/08\/13-czerwca-zapraszamy-na-webinarium-import-dobr-kultury-na-teren-unii-europejskiej-co-nowa-regulacja-oznacza-dla-rynku-sztuki\/#primaryimage\"},\"thumbnailUrl\":\"https:\/\/nid.pl\/wp-content\/uploads\/2025\/06\/metka-webinarium-dla-sztuku.jpg\",\"datePublished\":\"2025-06-08T07:30:00+00:00\",\"dateModified\":\"2025-06-18T10:24:07+00:00\",\"breadcrumb\":{\"@id\":\"https:\/\/nid.pl\/2025\/06\/08\/13-czerwca-zapraszamy-na-webinarium-import-dobr-kultury-na-teren-unii-europejskiej-co-nowa-regulacja-oznacza-dla-rynku-sztuki\/#breadcrumb\"},\"inLanguage\":\"en-GB\",\"potentialAction\":[{\"@type\":\"ReadAction\",\"target\":[\"https:\/\/nid.pl\/2025\/06\/08\/13-czerwca-zapraszamy-na-webinarium-import-dobr-kultury-na-teren-unii-europejskiej-co-nowa-regulacja-oznacza-dla-rynku-sztuki\/\"]}]},{\"@type\":\"ImageObject\",\"inLanguage\":\"en-GB\",\"@id\":\"https:\/\/nid.pl\/2025\/06\/08\/13-czerwca-zapraszamy-na-webinarium-import-dobr-kultury-na-teren-unii-europejskiej-co-nowa-regulacja-oznacza-dla-rynku-sztuki\/#primaryimage\",\"url\":\"https:\/\/nid.pl\/wp-content\/uploads\/2025\/06\/metka-webinarium-dla-sztuku.jpg\",\"contentUrl\":\"https:\/\/nid.pl\/wp-content\/uploads\/2025\/06\/metka-webinarium-dla-sztuku.jpg\",\"width\":1857,\"height\":1238,\"caption\":\"zdj\u0119cie archiwalne przestawia celnik\u00f3w sprawdzaj\u0105cych ludzi\"},{\"@type\":\"BreadcrumbList\",\"@id\":\"https:\/\/nid.pl\/2025\/06\/08\/13-czerwca-zapraszamy-na-webinarium-import-dobr-kultury-na-teren-unii-europejskiej-co-nowa-regulacja-oznacza-dla-rynku-sztuki\/#breadcrumb\",\"itemListElement\":[{\"@type\":\"ListItem\",\"position\":1,\"name\":\"Home\",\"item\":\"https:\/\/nid.pl\/\"},{\"@type\":\"ListItem\",\"position\":2,\"name\":\"13 czerwca zapraszamy na webinarium \u201eImport d\u00f3br kultury na teren Unii Europejskiej. Co nowa regulacja oznacza dla rynku sztuki?\u201d\u00a0\"}]},{\"@type\":\"WebSite\",\"@id\":\"https:\/\/nid.pl\/#website\",\"url\":\"https:\/\/nid.pl\/\",\"name\":\"NID\",\"description\":\"Narodowy Instytut Dziedzictwa\",\"publisher\":{\"@id\":\"https:\/\/nid.pl\/#organization\"},\"potentialAction\":[{\"@type\":\"SearchAction\",\"target\":{\"@type\":\"EntryPoint\",\"urlTemplate\":\"https:\/\/nid.pl\/?s={search_term_string}\"},\"query-input\":{\"@type\":\"PropertyValueSpecification\",\"valueRequired\":true,\"valueName\":\"search_term_string\"}}],\"inLanguage\":\"en-GB\"},{\"@type\":\"Organization\",\"@id\":\"https:\/\/nid.pl\/#organization\",\"name\":\"Narodowy Instytut Dziedzictwa\",\"url\":\"https:\/\/nid.pl\/\",\"logo\":{\"@type\":\"ImageObject\",\"inLanguage\":\"en-GB\",\"@id\":\"https:\/\/nid.pl\/#\/schema\/logo\/image\/\",\"url\":\"https:\/\/nid.pl\/wp-content\/uploads\/2022\/10\/logoRedDark.png\",\"contentUrl\":\"https:\/\/nid.pl\/wp-content\/uploads\/2022\/10\/logoRedDark.png\",\"width\":200,\"height\":197,\"caption\":\"Narodowy Instytut Dziedzictwa\"},\"image\":{\"@id\":\"https:\/\/nid.pl\/#\/schema\/logo\/image\/\"},\"sameAs\":[\"https:\/\/www.facebook.com\/zabytek\",\"https:\/\/x.com\/NarIDpl\",\"https:\/\/www.instagram.com\/nid.pl\/?hl=pl\",\"https:\/\/www.linkedin.com\/company\/narodowy-instytut-dziedzictwa\",\"https:\/\/www.youtube.com\/channel\/UCQXuhKa2uHtmNvLRUSx40JA\"]},{\"@type\":\"Person\",\"@id\":\"https:\/\/nid.pl\/#\/schema\/person\/ab9abea4caecdccde4fb0d555271145f\",\"name\":\"Monika Ciura\",\"image\":{\"@type\":\"ImageObject\",\"inLanguage\":\"en-GB\",\"@id\":\"https:\/\/nid.pl\/#\/schema\/person\/image\/\",\"url\":\"https:\/\/nid.pl\/wp-content\/litespeed\/avatar\/bfdb15d1cc317fac4b66bdc91090ff11.jpg?ver=1777445370\",\"contentUrl\":\"https:\/\/nid.pl\/wp-content\/litespeed\/avatar\/bfdb15d1cc317fac4b66bdc91090ff11.jpg?ver=1777445370\",\"caption\":\"Monika Ciura\"},\"url\":\"https:\/\/nid.pl\/en\/author\/mciura\/\"}]}<\/script>\n<!-- \/ Yoast SEO plugin. -->","yoast_head_json":{"title":"13 czerwca zapraszamy na webinarium \u201eImport d\u00f3br kultury na teren Unii Europejskiej. Co nowa regulacja oznacza dla rynku sztuki?\u201d\u00a0 - NID","robots":{"index":"index","follow":"follow","max-snippet":"max-snippet:-1","max-image-preview":"max-image-preview:large","max-video-preview":"max-video-preview:-1"},"canonical":"https:\/\/nid.pl\/en\/2025\/06\/08\/13-czerwca-zapraszamy-na-webinarium-import-dobr-kultury-na-teren-unii-europejskiej-co-nowa-regulacja-oznacza-dla-rynku-sztuki\/","og_locale":"en_GB","og_type":"article","og_title":"13 czerwca zapraszamy na webinarium \u201eImport d\u00f3br kultury na teren Unii Europejskiej. Co nowa regulacja oznacza dla rynku sztuki?\u201d\u00a0 - NID","og_description":"Webinarium skierowane jest do uczestnik\u00f3w rynku sztuki oraz przedstawicieli agencji celnych i dotyczy przepis\u00f3w dotycz\u0105cych przywozu d\u00f3br kultury na teren UE, kt\u00f3re wchodz\u0105 w \u017cycie w czerwcu 2025 r. &nbsp;Spotkanie [&hellip;]","og_url":"https:\/\/nid.pl\/en\/2025\/06\/08\/13-czerwca-zapraszamy-na-webinarium-import-dobr-kultury-na-teren-unii-europejskiej-co-nowa-regulacja-oznacza-dla-rynku-sztuki\/","og_site_name":"NID","article_publisher":"https:\/\/www.facebook.com\/zabytek","article_published_time":"2025-06-08T07:30:00+00:00","article_modified_time":"2025-06-18T10:24:07+00:00","og_image":[{"width":1857,"height":1238,"url":"https:\/\/nid.pl\/wp-content\/uploads\/2025\/06\/metka-webinarium-dla-sztuku.jpg","type":"image\/jpeg"}],"author":"Monika Ciura","twitter_card":"summary_large_image","twitter_creator":"@NarIDpl","twitter_site":"@NarIDpl","twitter_misc":{"Written by":"Monika Ciura","Estimated reading time":"4 minutes"},"schema":{"@context":"https:\/\/schema.org","@graph":[{"@type":"Article","@id":"https:\/\/nid.pl\/2025\/06\/08\/13-czerwca-zapraszamy-na-webinarium-import-dobr-kultury-na-teren-unii-europejskiej-co-nowa-regulacja-oznacza-dla-rynku-sztuki\/#article","isPartOf":{"@id":"https:\/\/nid.pl\/2025\/06\/08\/13-czerwca-zapraszamy-na-webinarium-import-dobr-kultury-na-teren-unii-europejskiej-co-nowa-regulacja-oznacza-dla-rynku-sztuki\/"},"author":{"name":"Monika Ciura","@id":"https:\/\/nid.pl\/#\/schema\/person\/ab9abea4caecdccde4fb0d555271145f"},"headline":"13 czerwca zapraszamy na webinarium \u201eImport d\u00f3br kultury na teren Unii Europejskiej. Co nowa regulacja oznacza dla rynku sztuki?\u201d\u00a0","datePublished":"2025-06-08T07:30:00+00:00","dateModified":"2025-06-18T10:24:07+00:00","mainEntityOfPage":{"@id":"https:\/\/nid.pl\/2025\/06\/08\/13-czerwca-zapraszamy-na-webinarium-import-dobr-kultury-na-teren-unii-europejskiej-co-nowa-regulacja-oznacza-dla-rynku-sztuki\/"},"wordCount":581,"commentCount":0,"publisher":{"@id":"https:\/\/nid.pl\/#organization"},"image":{"@id":"https:\/\/nid.pl\/2025\/06\/08\/13-czerwca-zapraszamy-na-webinarium-import-dobr-kultury-na-teren-unii-europejskiej-co-nowa-regulacja-oznacza-dla-rynku-sztuki\/#primaryimage"},"thumbnailUrl":"https:\/\/nid.pl\/wp-content\/uploads\/2025\/06\/metka-webinarium-dla-sztuku.jpg","articleSection":["Aktualno\u015bci"],"inLanguage":"en-GB"},{"@type":"WebPage","@id":"https:\/\/nid.pl\/2025\/06\/08\/13-czerwca-zapraszamy-na-webinarium-import-dobr-kultury-na-teren-unii-europejskiej-co-nowa-regulacja-oznacza-dla-rynku-sztuki\/","url":"https:\/\/nid.pl\/2025\/06\/08\/13-czerwca-zapraszamy-na-webinarium-import-dobr-kultury-na-teren-unii-europejskiej-co-nowa-regulacja-oznacza-dla-rynku-sztuki\/","name":"13 czerwca zapraszamy na webinarium \u201eImport d\u00f3br kultury na teren Unii Europejskiej. Co nowa regulacja oznacza dla rynku sztuki?\u201d\u00a0 - NID","isPartOf":{"@id":"https:\/\/nid.pl\/#website"},"primaryImageOfPage":{"@id":"https:\/\/nid.pl\/2025\/06\/08\/13-czerwca-zapraszamy-na-webinarium-import-dobr-kultury-na-teren-unii-europejskiej-co-nowa-regulacja-oznacza-dla-rynku-sztuki\/#primaryimage"},"image":{"@id":"https:\/\/nid.pl\/2025\/06\/08\/13-czerwca-zapraszamy-na-webinarium-import-dobr-kultury-na-teren-unii-europejskiej-co-nowa-regulacja-oznacza-dla-rynku-sztuki\/#primaryimage"},"thumbnailUrl":"https:\/\/nid.pl\/wp-content\/uploads\/2025\/06\/metka-webinarium-dla-sztuku.jpg","datePublished":"2025-06-08T07:30:00+00:00","dateModified":"2025-06-18T10:24:07+00:00","breadcrumb":{"@id":"https:\/\/nid.pl\/2025\/06\/08\/13-czerwca-zapraszamy-na-webinarium-import-dobr-kultury-na-teren-unii-europejskiej-co-nowa-regulacja-oznacza-dla-rynku-sztuki\/#breadcrumb"},"inLanguage":"en-GB","potentialAction":[{"@type":"ReadAction","target":["https:\/\/nid.pl\/2025\/06\/08\/13-czerwca-zapraszamy-na-webinarium-import-dobr-kultury-na-teren-unii-europejskiej-co-nowa-regulacja-oznacza-dla-rynku-sztuki\/"]}]},{"@type":"ImageObject","inLanguage":"en-GB","@id":"https:\/\/nid.pl\/2025\/06\/08\/13-czerwca-zapraszamy-na-webinarium-import-dobr-kultury-na-teren-unii-europejskiej-co-nowa-regulacja-oznacza-dla-rynku-sztuki\/#primaryimage","url":"https:\/\/nid.pl\/wp-content\/uploads\/2025\/06\/metka-webinarium-dla-sztuku.jpg","contentUrl":"https:\/\/nid.pl\/wp-content\/uploads\/2025\/06\/metka-webinarium-dla-sztuku.jpg","width":1857,"height":1238,"caption":"zdj\u0119cie archiwalne przestawia celnik\u00f3w sprawdzaj\u0105cych ludzi"},{"@type":"BreadcrumbList","@id":"https:\/\/nid.pl\/2025\/06\/08\/13-czerwca-zapraszamy-na-webinarium-import-dobr-kultury-na-teren-unii-europejskiej-co-nowa-regulacja-oznacza-dla-rynku-sztuki\/#breadcrumb","itemListElement":[{"@type":"ListItem","position":1,"name":"Home","item":"https:\/\/nid.pl\/"},{"@type":"ListItem","position":2,"name":"13 czerwca zapraszamy na webinarium \u201eImport d\u00f3br kultury na teren Unii Europejskiej. Co nowa regulacja oznacza dla rynku sztuki?\u201d\u00a0"}]},{"@type":"WebSite","@id":"https:\/\/nid.pl\/#website","url":"https:\/\/nid.pl\/","name":"NID","description":"Narodowy Instytut Dziedzictwa","publisher":{"@id":"https:\/\/nid.pl\/#organization"},"potentialAction":[{"@type":"SearchAction","target":{"@type":"EntryPoint","urlTemplate":"https:\/\/nid.pl\/?s={search_term_string}"},"query-input":{"@type":"PropertyValueSpecification","valueRequired":true,"valueName":"search_term_string"}}],"inLanguage":"en-GB"},{"@type":"Organization","@id":"https:\/\/nid.pl\/#organization","name":"Narodowy Instytut Dziedzictwa","url":"https:\/\/nid.pl\/","logo":{"@type":"ImageObject","inLanguage":"en-GB","@id":"https:\/\/nid.pl\/#\/schema\/logo\/image\/","url":"https:\/\/nid.pl\/wp-content\/uploads\/2022\/10\/logoRedDark.png","contentUrl":"https:\/\/nid.pl\/wp-content\/uploads\/2022\/10\/logoRedDark.png","width":200,"height":197,"caption":"Narodowy Instytut Dziedzictwa"},"image":{"@id":"https:\/\/nid.pl\/#\/schema\/logo\/image\/"},"sameAs":["https:\/\/www.facebook.com\/zabytek","https:\/\/x.com\/NarIDpl","https:\/\/www.instagram.com\/nid.pl\/?hl=pl","https:\/\/www.linkedin.com\/company\/narodowy-instytut-dziedzictwa","https:\/\/www.youtube.com\/channel\/UCQXuhKa2uHtmNvLRUSx40JA"]},{"@type":"Person","@id":"https:\/\/nid.pl\/#\/schema\/person\/ab9abea4caecdccde4fb0d555271145f","name":"Monika Ciura","image":{"@type":"ImageObject","inLanguage":"en-GB","@id":"https:\/\/nid.pl\/#\/schema\/person\/image\/","url":"https:\/\/nid.pl\/wp-content\/litespeed\/avatar\/bfdb15d1cc317fac4b66bdc91090ff11.jpg?ver=1777445370","contentUrl":"https:\/\/nid.pl\/wp-content\/litespeed\/avatar\/bfdb15d1cc317fac4b66bdc91090ff11.jpg?ver=1777445370","caption":"Monika Ciura"},"url":"https:\/\/nid.pl\/en\/author\/mciura\/"}]}},"_links":{"self":[{"href":"https:\/\/nid.pl\/en\/wp-json\/wp\/v2\/posts\/27413","targetHints":{"allow":["GET"]}}],"collection":[{"href":"https:\/\/nid.pl\/en\/wp-json\/wp\/v2\/posts"}],"about":[{"href":"https:\/\/nid.pl\/en\/wp-json\/wp\/v2\/types\/post"}],"author":[{"embeddable":true,"href":"https:\/\/nid.pl\/en\/wp-json\/wp\/v2\/users\/15"}],"replies":[{"embeddable":true,"href":"https:\/\/nid.pl\/en\/wp-json\/wp\/v2\/comments?post=27413"}],"version-history":[{"count":0,"href":"https:\/\/nid.pl\/en\/wp-json\/wp\/v2\/posts\/27413\/revisions"}],"wp:featuredmedia":[{"embeddable":true,"href":"https:\/\/nid.pl\/en\/wp-json\/wp\/v2\/media\/27467"}],"wp:attachment":[{"href":"https:\/\/nid.pl\/en\/wp-json\/wp\/v2\/media?parent=27413"}],"wp:term":[{"taxonomy":"category","embeddable":true,"href":"https:\/\/nid.pl\/en\/wp-json\/wp\/v2\/categories?post=27413"},{"taxonomy":"post_tag","embeddable":true,"href":"https:\/\/nid.pl\/en\/wp-json\/wp\/v2\/tags?post=27413"}],"curies":[{"name":"wp","href":"https:\/\/api.w.org\/{rel}","templated":true}]}}