{"id":27338,"date":"2025-06-05T13:51:00","date_gmt":"2025-06-05T11:51:00","guid":{"rendered":"https:\/\/nid.pl\/?p=27338"},"modified":"2025-06-05T13:51:01","modified_gmt":"2025-06-05T11:51:01","slug":"webinar-mlode-dziedzictwo-czyli-co-zostanie-po-nas-przyszlym-pokoleniom","status":"publish","type":"post","link":"https:\/\/nid.pl\/en\/2025\/06\/05\/webinar-mlode-dziedzictwo-czyli-co-zostanie-po-nas-przyszlym-pokoleniom\/","title":{"rendered":"Webinar: M\u0142ode dziedzictwo. Czyli co zostanie po nas przysz\u0142ym pokoleniom?"},"content":{"rendered":"<p class=\"has-medium-font-size\"><strong>Zapraszamy na otwarty webinar organizowany w ramach tegorocznych Europejskich Dni Dziedzictwa. Najciekawsze przyk\u0142ady polskiej architektury powojennego modernizmu oraz lat 90. zaprezentuje Anna Cymer \u2013 historyczka sztuki, dziennikarka i popularyzatorka wiedzy o architekturze.<\/strong><\/p>\n\n\n\n<p>Jeszcze dekad\u0119 temu trwa\u0142 gor\u0105cy sp\u00f3r o warto\u015b\u0107 architektury powojennego modernizmu. \u201e\u0179le urodzona\u201d \u2013 bo powsta\u0142a w czasach PRL-u \u2013 by\u0142a powszechnie uznawana za architektur\u0119 niskiej jako\u015bci, pozbawion\u0105 walor\u00f3w estetycznych. Rzadko dostrzegano w niej warto\u015b\u0107 zabytkow\u0105, mimo \u017ce coraz cz\u0119\u015bciej upomina\u0142y si\u0119 o ni\u0105 r\u00f3\u017cne \u015brodowiska.<\/p>\n\n\n\n<p>Obecnie ma\u0142o kogo dziwi, \u017ce obiekty powojennego modernizmu trafiaj\u0105 na list\u0119 zabytk\u00f3w i s\u0105 obejmowane ochron\u0105 konserwatorsk\u0105. Co wi\u0119cej, coraz cz\u0119\u015bciej to sami mieszka\u0144cy domagaj\u0105 si\u0119 wpisania takich budynk\u00f3w do rejestru. Mo\u017cna zaryzykowa\u0107 stwierdzenie, \u017ce pokochali\u015bmy modernizm \u2013 tak\u017ce w jego powojennej ods\u0142onie.<\/p>\n\n\n\n<p>Spodek w Katowicach, Dworzec Centralny w Warszawie, hotel Cracovia w Krakowie, obserwatorium na \u015anie\u017cce \u2013 to dzi\u015b ikony tej epoki. Niestety, zanim architektura tego okresu zacz\u0119\u0142a by\u0107 chroniona, wiele cennych obiekt\u00f3w zosta\u0142o bezpowrotnie utraconych, jak warszawski Supersam czy katowicki \u201eBrutal\u201d.<\/p>\n\n\n\n<p>Dzi\u015b toczy si\u0119 podobna dyskusja o warto\u015bci architektury z lat 90. i pocz\u0105tku XXI wieku \u2013 tej, kt\u00f3ra powsta\u0142a w czasie transformacji ustrojowej.<\/p>\n\n\n\n<p>Tematem przewodnim Europejskich Dni Dziedzictwa 2025 jest has\u0142o \u201eW stron\u0119 architektury. M\u0142ode dziedzictwo\u201d, kt\u00f3re zach\u0119ca do poznawania i popularyzowania architektury XX wieku jako wa\u017cnej cz\u0119\u015bci naszego dziedzictwa kulturowego.<\/p>\n\n\n\n<p><strong>Kiedy:\u00a0<\/strong>12 czerwca 2025 (czwartek), godz. 17.00-18.30<br><strong>Rejestracja:<\/strong> &lt;<a href=\"https:\/\/events.teams.microsoft.com\/event\/196e8f44-bd96-4a12-92ac-a2281898fb35@263a2be6-39c0-4c4d-9b57-59437c69146e\" target=\"_blank\" rel=\"noreferrer noopener\">tutaj<\/a>><br><strong>Prowadzenie:<\/strong>\u00a0Patrycja Jastrz\u0119bska, koordynatorka krajowa EDD, Narodowy Instytut Dziedzictwa<\/p>\n\n\n\n<p><\/p>\n\n\n\n<p><\/p>\n\n\n\n<figure class=\"wp-block-image aligncenter size-large is-resized\"><img loading=\"lazy\" decoding=\"async\" width=\"1024\" height=\"396\" src=\"https:\/\/nid.pl\/wp-content\/uploads\/2025\/06\/EDD_2025_webinar_12_czerwca_fb_ver4-1024x396.jpg\" alt=\"\" class=\"wp-image-27340\" style=\"width:773px;height:auto\" srcset=\"https:\/\/nid.pl\/wp-content\/uploads\/2025\/06\/EDD_2025_webinar_12_czerwca_fb_ver4-980x379.jpg 980w, https:\/\/nid.pl\/wp-content\/uploads\/2025\/06\/EDD_2025_webinar_12_czerwca_fb_ver4-480x186.jpg 480w\" sizes=\"(min-width: 0px) and (max-width: 480px) 480px, (min-width: 481px) and (max-width: 980px) 980px, (min-width: 981px) 1024px, 100vw\" \/><\/figure>","protected":false},"excerpt":{"rendered":"<p>Zapraszamy na otwarty webinar organizowany w ramach tegorocznych Europejskich Dni Dziedzictwa. Najciekawsze przyk\u0142ady polskiej architektury powojennego modernizmu oraz lat 90. zaprezentuje Anna Cymer \u2013 historyczka sztuki, dziennikarka i popularyzatorka wiedzy [&hellip;]<\/p>","protected":false},"author":7,"featured_media":27341,"comment_status":"open","ping_status":"open","sticky":false,"template":"","format":"standard","meta":{"_et_pb_use_builder":"off","_et_pb_old_content":"","_et_gb_content_width":"","_monsterinsights_skip_tracking":false,"_monsterinsights_sitenote_active":false,"_monsterinsights_sitenote_note":"","_monsterinsights_sitenote_category":0,"footnotes":""},"categories":[89,92],"tags":[],"class_list":["post-27338","post","type-post","status-publish","format-standard","has-post-thumbnail","hentry","category-europejskie-dni-dziedzictwa","category-konferencje-i-webinary"],"yoast_head":"<!-- This site is optimized with the Yoast SEO plugin v26.5 - https:\/\/yoast.com\/wordpress\/plugins\/seo\/ -->\n<title>Webinar: M\u0142ode dziedzictwo. Czyli co zostanie po nas przysz\u0142ym pokoleniom? - NID<\/title>\n<meta name=\"robots\" content=\"index, follow, max-snippet:-1, max-image-preview:large, max-video-preview:-1\" \/>\n<link rel=\"canonical\" href=\"https:\/\/nid.pl\/en\/2025\/06\/05\/webinar-mlode-dziedzictwo-czyli-co-zostanie-po-nas-przyszlym-pokoleniom\/\" \/>\n<meta property=\"og:locale\" content=\"en_GB\" \/>\n<meta property=\"og:type\" content=\"article\" \/>\n<meta property=\"og:title\" content=\"Webinar: M\u0142ode dziedzictwo. Czyli co zostanie po nas przysz\u0142ym pokoleniom? - NID\" \/>\n<meta property=\"og:description\" content=\"Zapraszamy na otwarty webinar organizowany w ramach tegorocznych Europejskich Dni Dziedzictwa. Najciekawsze przyk\u0142ady polskiej architektury powojennego modernizmu oraz lat 90. zaprezentuje Anna Cymer \u2013 historyczka sztuki, dziennikarka i popularyzatorka wiedzy [&hellip;]\" \/>\n<meta property=\"og:url\" content=\"https:\/\/nid.pl\/en\/2025\/06\/05\/webinar-mlode-dziedzictwo-czyli-co-zostanie-po-nas-przyszlym-pokoleniom\/\" \/>\n<meta property=\"og:site_name\" content=\"NID\" \/>\n<meta property=\"article:publisher\" content=\"https:\/\/www.facebook.com\/zabytek\" \/>\n<meta property=\"article:published_time\" content=\"2025-06-05T11:51:00+00:00\" \/>\n<meta property=\"article:modified_time\" content=\"2025-06-05T11:51:01+00:00\" \/>\n<meta property=\"og:image\" content=\"https:\/\/nid.pl\/wp-content\/uploads\/2025\/06\/EDD-webinar-Anna-Cymer.jpg\" \/>\n\t<meta property=\"og:image:width\" content=\"1850\" \/>\n\t<meta property=\"og:image:height\" content=\"1238\" \/>\n\t<meta property=\"og:image:type\" content=\"image\/jpeg\" \/>\n<meta name=\"author\" content=\"Barbara Halliop\" \/>\n<meta name=\"twitter:card\" content=\"summary_large_image\" \/>\n<meta name=\"twitter:creator\" content=\"@NarIDpl\" \/>\n<meta name=\"twitter:site\" content=\"@NarIDpl\" \/>\n<meta name=\"twitter:label1\" content=\"Written by\" \/>\n\t<meta name=\"twitter:data1\" content=\"Barbara Halliop\" \/>\n\t<meta name=\"twitter:label2\" content=\"Estimated reading time\" \/>\n\t<meta name=\"twitter:data2\" content=\"2 minutes\" \/>\n<script type=\"application\/ld+json\" class=\"yoast-schema-graph\">{\"@context\":\"https:\/\/schema.org\",\"@graph\":[{\"@type\":\"Article\",\"@id\":\"https:\/\/nid.pl\/2025\/06\/05\/webinar-mlode-dziedzictwo-czyli-co-zostanie-po-nas-przyszlym-pokoleniom\/#article\",\"isPartOf\":{\"@id\":\"https:\/\/nid.pl\/2025\/06\/05\/webinar-mlode-dziedzictwo-czyli-co-zostanie-po-nas-przyszlym-pokoleniom\/\"},\"author\":{\"name\":\"Barbara Halliop\",\"@id\":\"https:\/\/nid.pl\/#\/schema\/person\/1b690a8998a5111cfb9f0ffe24195a15\"},\"headline\":\"Webinar: M\u0142ode dziedzictwo. Czyli co zostanie po nas przysz\u0142ym pokoleniom?\",\"datePublished\":\"2025-06-05T11:51:00+00:00\",\"dateModified\":\"2025-06-05T11:51:01+00:00\",\"mainEntityOfPage\":{\"@id\":\"https:\/\/nid.pl\/2025\/06\/05\/webinar-mlode-dziedzictwo-czyli-co-zostanie-po-nas-przyszlym-pokoleniom\/\"},\"wordCount\":267,\"commentCount\":0,\"publisher\":{\"@id\":\"https:\/\/nid.pl\/#organization\"},\"image\":{\"@id\":\"https:\/\/nid.pl\/2025\/06\/05\/webinar-mlode-dziedzictwo-czyli-co-zostanie-po-nas-przyszlym-pokoleniom\/#primaryimage\"},\"thumbnailUrl\":\"https:\/\/nid.pl\/wp-content\/uploads\/2025\/06\/EDD-webinar-Anna-Cymer.jpg\",\"articleSection\":[\"EDD\",\"Konferencje i webinary\"],\"inLanguage\":\"en-GB\"},{\"@type\":\"WebPage\",\"@id\":\"https:\/\/nid.pl\/2025\/06\/05\/webinar-mlode-dziedzictwo-czyli-co-zostanie-po-nas-przyszlym-pokoleniom\/\",\"url\":\"https:\/\/nid.pl\/2025\/06\/05\/webinar-mlode-dziedzictwo-czyli-co-zostanie-po-nas-przyszlym-pokoleniom\/\",\"name\":\"Webinar: M\u0142ode dziedzictwo. Czyli co zostanie po nas przysz\u0142ym pokoleniom? - NID\",\"isPartOf\":{\"@id\":\"https:\/\/nid.pl\/#website\"},\"primaryImageOfPage\":{\"@id\":\"https:\/\/nid.pl\/2025\/06\/05\/webinar-mlode-dziedzictwo-czyli-co-zostanie-po-nas-przyszlym-pokoleniom\/#primaryimage\"},\"image\":{\"@id\":\"https:\/\/nid.pl\/2025\/06\/05\/webinar-mlode-dziedzictwo-czyli-co-zostanie-po-nas-przyszlym-pokoleniom\/#primaryimage\"},\"thumbnailUrl\":\"https:\/\/nid.pl\/wp-content\/uploads\/2025\/06\/EDD-webinar-Anna-Cymer.jpg\",\"datePublished\":\"2025-06-05T11:51:00+00:00\",\"dateModified\":\"2025-06-05T11:51:01+00:00\",\"breadcrumb\":{\"@id\":\"https:\/\/nid.pl\/2025\/06\/05\/webinar-mlode-dziedzictwo-czyli-co-zostanie-po-nas-przyszlym-pokoleniom\/#breadcrumb\"},\"inLanguage\":\"en-GB\",\"potentialAction\":[{\"@type\":\"ReadAction\",\"target\":[\"https:\/\/nid.pl\/2025\/06\/05\/webinar-mlode-dziedzictwo-czyli-co-zostanie-po-nas-przyszlym-pokoleniom\/\"]}]},{\"@type\":\"ImageObject\",\"inLanguage\":\"en-GB\",\"@id\":\"https:\/\/nid.pl\/2025\/06\/05\/webinar-mlode-dziedzictwo-czyli-co-zostanie-po-nas-przyszlym-pokoleniom\/#primaryimage\",\"url\":\"https:\/\/nid.pl\/wp-content\/uploads\/2025\/06\/EDD-webinar-Anna-Cymer.jpg\",\"contentUrl\":\"https:\/\/nid.pl\/wp-content\/uploads\/2025\/06\/EDD-webinar-Anna-Cymer.jpg\",\"width\":1850,\"height\":1238,\"caption\":\"grafika\"},{\"@type\":\"BreadcrumbList\",\"@id\":\"https:\/\/nid.pl\/2025\/06\/05\/webinar-mlode-dziedzictwo-czyli-co-zostanie-po-nas-przyszlym-pokoleniom\/#breadcrumb\",\"itemListElement\":[{\"@type\":\"ListItem\",\"position\":1,\"name\":\"Home\",\"item\":\"https:\/\/nid.pl\/\"},{\"@type\":\"ListItem\",\"position\":2,\"name\":\"Webinar: M\u0142ode dziedzictwo. Czyli co zostanie po nas przysz\u0142ym pokoleniom?\"}]},{\"@type\":\"WebSite\",\"@id\":\"https:\/\/nid.pl\/#website\",\"url\":\"https:\/\/nid.pl\/\",\"name\":\"NID\",\"description\":\"Narodowy Instytut Dziedzictwa\",\"publisher\":{\"@id\":\"https:\/\/nid.pl\/#organization\"},\"potentialAction\":[{\"@type\":\"SearchAction\",\"target\":{\"@type\":\"EntryPoint\",\"urlTemplate\":\"https:\/\/nid.pl\/?s={search_term_string}\"},\"query-input\":{\"@type\":\"PropertyValueSpecification\",\"valueRequired\":true,\"valueName\":\"search_term_string\"}}],\"inLanguage\":\"en-GB\"},{\"@type\":\"Organization\",\"@id\":\"https:\/\/nid.pl\/#organization\",\"name\":\"Narodowy Instytut Dziedzictwa\",\"url\":\"https:\/\/nid.pl\/\",\"logo\":{\"@type\":\"ImageObject\",\"inLanguage\":\"en-GB\",\"@id\":\"https:\/\/nid.pl\/#\/schema\/logo\/image\/\",\"url\":\"https:\/\/nid.pl\/wp-content\/uploads\/2022\/10\/logoRedDark.png\",\"contentUrl\":\"https:\/\/nid.pl\/wp-content\/uploads\/2022\/10\/logoRedDark.png\",\"width\":200,\"height\":197,\"caption\":\"Narodowy Instytut Dziedzictwa\"},\"image\":{\"@id\":\"https:\/\/nid.pl\/#\/schema\/logo\/image\/\"},\"sameAs\":[\"https:\/\/www.facebook.com\/zabytek\",\"https:\/\/x.com\/NarIDpl\",\"https:\/\/www.instagram.com\/nid.pl\/?hl=pl\",\"https:\/\/www.linkedin.com\/company\/narodowy-instytut-dziedzictwa\",\"https:\/\/www.youtube.com\/channel\/UCQXuhKa2uHtmNvLRUSx40JA\"]},{\"@type\":\"Person\",\"@id\":\"https:\/\/nid.pl\/#\/schema\/person\/1b690a8998a5111cfb9f0ffe24195a15\",\"name\":\"Barbara Halliop\",\"image\":{\"@type\":\"ImageObject\",\"inLanguage\":\"en-GB\",\"@id\":\"https:\/\/nid.pl\/#\/schema\/person\/image\/\",\"url\":\"https:\/\/nid.pl\/wp-content\/litespeed\/avatar\/924046d17dd0c842c9fa9ccf489bc6dc.jpg?ver=1777444967\",\"contentUrl\":\"https:\/\/nid.pl\/wp-content\/litespeed\/avatar\/924046d17dd0c842c9fa9ccf489bc6dc.jpg?ver=1777444967\",\"caption\":\"Barbara Halliop\"},\"url\":\"https:\/\/nid.pl\/en\/author\/bhalliop\/\"}]}<\/script>\n<!-- \/ Yoast SEO plugin. -->","yoast_head_json":{"title":"Webinar: M\u0142ode dziedzictwo. Czyli co zostanie po nas przysz\u0142ym pokoleniom? - NID","robots":{"index":"index","follow":"follow","max-snippet":"max-snippet:-1","max-image-preview":"max-image-preview:large","max-video-preview":"max-video-preview:-1"},"canonical":"https:\/\/nid.pl\/en\/2025\/06\/05\/webinar-mlode-dziedzictwo-czyli-co-zostanie-po-nas-przyszlym-pokoleniom\/","og_locale":"en_GB","og_type":"article","og_title":"Webinar: M\u0142ode dziedzictwo. Czyli co zostanie po nas przysz\u0142ym pokoleniom? - NID","og_description":"Zapraszamy na otwarty webinar organizowany w ramach tegorocznych Europejskich Dni Dziedzictwa. Najciekawsze przyk\u0142ady polskiej architektury powojennego modernizmu oraz lat 90. zaprezentuje Anna Cymer \u2013 historyczka sztuki, dziennikarka i popularyzatorka wiedzy [&hellip;]","og_url":"https:\/\/nid.pl\/en\/2025\/06\/05\/webinar-mlode-dziedzictwo-czyli-co-zostanie-po-nas-przyszlym-pokoleniom\/","og_site_name":"NID","article_publisher":"https:\/\/www.facebook.com\/zabytek","article_published_time":"2025-06-05T11:51:00+00:00","article_modified_time":"2025-06-05T11:51:01+00:00","og_image":[{"width":1850,"height":1238,"url":"https:\/\/nid.pl\/wp-content\/uploads\/2025\/06\/EDD-webinar-Anna-Cymer.jpg","type":"image\/jpeg"}],"author":"Barbara Halliop","twitter_card":"summary_large_image","twitter_creator":"@NarIDpl","twitter_site":"@NarIDpl","twitter_misc":{"Written by":"Barbara Halliop","Estimated reading time":"2 minutes"},"schema":{"@context":"https:\/\/schema.org","@graph":[{"@type":"Article","@id":"https:\/\/nid.pl\/2025\/06\/05\/webinar-mlode-dziedzictwo-czyli-co-zostanie-po-nas-przyszlym-pokoleniom\/#article","isPartOf":{"@id":"https:\/\/nid.pl\/2025\/06\/05\/webinar-mlode-dziedzictwo-czyli-co-zostanie-po-nas-przyszlym-pokoleniom\/"},"author":{"name":"Barbara Halliop","@id":"https:\/\/nid.pl\/#\/schema\/person\/1b690a8998a5111cfb9f0ffe24195a15"},"headline":"Webinar: M\u0142ode dziedzictwo. Czyli co zostanie po nas przysz\u0142ym pokoleniom?","datePublished":"2025-06-05T11:51:00+00:00","dateModified":"2025-06-05T11:51:01+00:00","mainEntityOfPage":{"@id":"https:\/\/nid.pl\/2025\/06\/05\/webinar-mlode-dziedzictwo-czyli-co-zostanie-po-nas-przyszlym-pokoleniom\/"},"wordCount":267,"commentCount":0,"publisher":{"@id":"https:\/\/nid.pl\/#organization"},"image":{"@id":"https:\/\/nid.pl\/2025\/06\/05\/webinar-mlode-dziedzictwo-czyli-co-zostanie-po-nas-przyszlym-pokoleniom\/#primaryimage"},"thumbnailUrl":"https:\/\/nid.pl\/wp-content\/uploads\/2025\/06\/EDD-webinar-Anna-Cymer.jpg","articleSection":["EDD","Konferencje i webinary"],"inLanguage":"en-GB"},{"@type":"WebPage","@id":"https:\/\/nid.pl\/2025\/06\/05\/webinar-mlode-dziedzictwo-czyli-co-zostanie-po-nas-przyszlym-pokoleniom\/","url":"https:\/\/nid.pl\/2025\/06\/05\/webinar-mlode-dziedzictwo-czyli-co-zostanie-po-nas-przyszlym-pokoleniom\/","name":"Webinar: M\u0142ode dziedzictwo. Czyli co zostanie po nas przysz\u0142ym pokoleniom? - NID","isPartOf":{"@id":"https:\/\/nid.pl\/#website"},"primaryImageOfPage":{"@id":"https:\/\/nid.pl\/2025\/06\/05\/webinar-mlode-dziedzictwo-czyli-co-zostanie-po-nas-przyszlym-pokoleniom\/#primaryimage"},"image":{"@id":"https:\/\/nid.pl\/2025\/06\/05\/webinar-mlode-dziedzictwo-czyli-co-zostanie-po-nas-przyszlym-pokoleniom\/#primaryimage"},"thumbnailUrl":"https:\/\/nid.pl\/wp-content\/uploads\/2025\/06\/EDD-webinar-Anna-Cymer.jpg","datePublished":"2025-06-05T11:51:00+00:00","dateModified":"2025-06-05T11:51:01+00:00","breadcrumb":{"@id":"https:\/\/nid.pl\/2025\/06\/05\/webinar-mlode-dziedzictwo-czyli-co-zostanie-po-nas-przyszlym-pokoleniom\/#breadcrumb"},"inLanguage":"en-GB","potentialAction":[{"@type":"ReadAction","target":["https:\/\/nid.pl\/2025\/06\/05\/webinar-mlode-dziedzictwo-czyli-co-zostanie-po-nas-przyszlym-pokoleniom\/"]}]},{"@type":"ImageObject","inLanguage":"en-GB","@id":"https:\/\/nid.pl\/2025\/06\/05\/webinar-mlode-dziedzictwo-czyli-co-zostanie-po-nas-przyszlym-pokoleniom\/#primaryimage","url":"https:\/\/nid.pl\/wp-content\/uploads\/2025\/06\/EDD-webinar-Anna-Cymer.jpg","contentUrl":"https:\/\/nid.pl\/wp-content\/uploads\/2025\/06\/EDD-webinar-Anna-Cymer.jpg","width":1850,"height":1238,"caption":"grafika"},{"@type":"BreadcrumbList","@id":"https:\/\/nid.pl\/2025\/06\/05\/webinar-mlode-dziedzictwo-czyli-co-zostanie-po-nas-przyszlym-pokoleniom\/#breadcrumb","itemListElement":[{"@type":"ListItem","position":1,"name":"Home","item":"https:\/\/nid.pl\/"},{"@type":"ListItem","position":2,"name":"Webinar: M\u0142ode dziedzictwo. Czyli co zostanie po nas przysz\u0142ym pokoleniom?"}]},{"@type":"WebSite","@id":"https:\/\/nid.pl\/#website","url":"https:\/\/nid.pl\/","name":"NID","description":"Narodowy Instytut Dziedzictwa","publisher":{"@id":"https:\/\/nid.pl\/#organization"},"potentialAction":[{"@type":"SearchAction","target":{"@type":"EntryPoint","urlTemplate":"https:\/\/nid.pl\/?s={search_term_string}"},"query-input":{"@type":"PropertyValueSpecification","valueRequired":true,"valueName":"search_term_string"}}],"inLanguage":"en-GB"},{"@type":"Organization","@id":"https:\/\/nid.pl\/#organization","name":"Narodowy Instytut Dziedzictwa","url":"https:\/\/nid.pl\/","logo":{"@type":"ImageObject","inLanguage":"en-GB","@id":"https:\/\/nid.pl\/#\/schema\/logo\/image\/","url":"https:\/\/nid.pl\/wp-content\/uploads\/2022\/10\/logoRedDark.png","contentUrl":"https:\/\/nid.pl\/wp-content\/uploads\/2022\/10\/logoRedDark.png","width":200,"height":197,"caption":"Narodowy Instytut Dziedzictwa"},"image":{"@id":"https:\/\/nid.pl\/#\/schema\/logo\/image\/"},"sameAs":["https:\/\/www.facebook.com\/zabytek","https:\/\/x.com\/NarIDpl","https:\/\/www.instagram.com\/nid.pl\/?hl=pl","https:\/\/www.linkedin.com\/company\/narodowy-instytut-dziedzictwa","https:\/\/www.youtube.com\/channel\/UCQXuhKa2uHtmNvLRUSx40JA"]},{"@type":"Person","@id":"https:\/\/nid.pl\/#\/schema\/person\/1b690a8998a5111cfb9f0ffe24195a15","name":"Barbara Halliop","image":{"@type":"ImageObject","inLanguage":"en-GB","@id":"https:\/\/nid.pl\/#\/schema\/person\/image\/","url":"https:\/\/nid.pl\/wp-content\/litespeed\/avatar\/924046d17dd0c842c9fa9ccf489bc6dc.jpg?ver=1777444967","contentUrl":"https:\/\/nid.pl\/wp-content\/litespeed\/avatar\/924046d17dd0c842c9fa9ccf489bc6dc.jpg?ver=1777444967","caption":"Barbara Halliop"},"url":"https:\/\/nid.pl\/en\/author\/bhalliop\/"}]}},"_links":{"self":[{"href":"https:\/\/nid.pl\/en\/wp-json\/wp\/v2\/posts\/27338","targetHints":{"allow":["GET"]}}],"collection":[{"href":"https:\/\/nid.pl\/en\/wp-json\/wp\/v2\/posts"}],"about":[{"href":"https:\/\/nid.pl\/en\/wp-json\/wp\/v2\/types\/post"}],"author":[{"embeddable":true,"href":"https:\/\/nid.pl\/en\/wp-json\/wp\/v2\/users\/7"}],"replies":[{"embeddable":true,"href":"https:\/\/nid.pl\/en\/wp-json\/wp\/v2\/comments?post=27338"}],"version-history":[{"count":0,"href":"https:\/\/nid.pl\/en\/wp-json\/wp\/v2\/posts\/27338\/revisions"}],"wp:featuredmedia":[{"embeddable":true,"href":"https:\/\/nid.pl\/en\/wp-json\/wp\/v2\/media\/27341"}],"wp:attachment":[{"href":"https:\/\/nid.pl\/en\/wp-json\/wp\/v2\/media?parent=27338"}],"wp:term":[{"taxonomy":"category","embeddable":true,"href":"https:\/\/nid.pl\/en\/wp-json\/wp\/v2\/categories?post=27338"},{"taxonomy":"post_tag","embeddable":true,"href":"https:\/\/nid.pl\/en\/wp-json\/wp\/v2\/tags?post=27338"}],"curies":[{"name":"wp","href":"https:\/\/api.w.org\/{rel}","templated":true}]}}