{"id":27304,"date":"2025-06-04T16:51:43","date_gmt":"2025-06-04T14:51:43","guid":{"rendered":"https:\/\/nid.pl\/?p=27304"},"modified":"2025-06-04T16:52:12","modified_gmt":"2025-06-04T14:52:12","slug":"przyznano-nagrody-w-konkursie-im-prof-jana-zachwatowicza-za-najlepsze-prace-dyplomowe-dotyczace-ochrony-i-konserwacji-zabytkow","status":"publish","type":"post","link":"https:\/\/nid.pl\/en\/2025\/06\/04\/przyznano-nagrody-w-konkursie-im-prof-jana-zachwatowicza-za-najlepsze-prace-dyplomowe-dotyczace-ochrony-i-konserwacji-zabytkow\/","title":{"rendered":"Przyznano nagrody w konkursie im. prof. Jana Zachwatowicza za najlepsze prace dyplomowe dotycz\u0105ce ochrony i konserwacji zabytk\u00f3w"},"content":{"rendered":"<p class=\"has-medium-font-size\"><strong>Za nami konferencja naukowa PKN ICOMOS \u201eInteresariusze w zarz\u0105dzaniu dziedzictwem o najwi\u0119kszej warto\u015bci \u2013 dobra \u015awiatowego Dziedzictwa UNESCO, Europejskiego Dziedzictwa, Pomniki Historii\u201d, kt\u00f3ra odby\u0142a si\u0119 2\u20133 czerwca w \u0141azienkach Kr\u00f3lewskich w Warszawie z okazji 20-lecia Konwencji z Faro.<\/strong><\/p>\n\n\n\n<p>Podczas konferencji skupiono si\u0119 na r\u00f3\u017cnych sposobach dbania o najcenniejsze zabytki w Polsce. Uczestnicy podkre\u015blali, \u017ce ochrona takich miejsc wymaga wsp\u00f3\u0142pracy wielu os\u00f3b i instytucji \u2013 w\u0142a\u015bcicieli, samorz\u0105d\u00f3w, ekspert\u00f3w oraz lokalnych spo\u0142eczno\u015bci. Wymagania stawiane przed zarz\u0105dcami tych obiekt\u00f3w s\u0105 bardzo wysokie i cz\u0119sto wykraczaj\u0105 poza standardowe przepisy krajowe. Dlatego tak wa\u017cna jest wymiana do\u015bwiadcze\u0144 oraz korzystanie z wiedzy ekspert\u00f3w, kt\u00f3rzy znaj\u0105 mi\u0119dzynarodowe zasady ochrony dziedzictwa.<\/p>\n\n\n\n<p>Go\u015bci powita\u0142a zast\u0119pczyni dyrektorki NID, Natalia Dzieduszycka, kt\u00f3ra podkre\u015bli\u0142a rol\u0119 NID w realizacji Konwencji UNESCO i wspieraniu wszystkich, kt\u00f3rzy opiekuj\u0105 si\u0119 zabytkami. Natomiast zast\u0119pca dyrektorki NID dr Andrzej Siwek, opowiedzia\u0142 o wyzwaniach, jakie stoj\u0105 przed Krakowem jako miastem \u015bwiatowego dziedzictwa \u2013 m\u00f3wi\u0142 o zagro\u017ceniach i problemach, z jakimi walcz\u0105 zarz\u0105dcy tak wyj\u0105tkowych miejsc.<\/p>\n\n\n\n<p><\/p>\n\n\n\n<div class=\"wp-block-columns is-layout-flex wp-container-core-columns-is-layout-9d6595d7 wp-block-columns-is-layout-flex\">\n<div class=\"wp-block-column is-layout-flow wp-block-column-is-layout-flow\">\n<figure data-wp-context=\"{&quot;imageId&quot;:&quot;69f5ca80d1a74&quot;}\" data-wp-interactive=\"core\/image\" data-wp-key=\"69f5ca80d1a74\" class=\"wp-block-image size-large wp-lightbox-container\"><img loading=\"lazy\" decoding=\"async\" width=\"1024\" height=\"768\" data-wp-class--hide=\"state.isContentHidden\" data-wp-class--show=\"state.isContentVisible\" data-wp-init=\"callbacks.setButtonStyles\" data-wp-on--click=\"actions.showLightbox\" data-wp-on--load=\"callbacks.setButtonStyles\" data-wp-on-window--resize=\"callbacks.setButtonStyles\" src=\"https:\/\/nid.pl\/wp-content\/uploads\/2025\/06\/20250602_143555502_iOS-1024x768.jpg\" alt=\"\" class=\"wp-image-27313\" srcset=\"https:\/\/nid.pl\/wp-content\/uploads\/2025\/06\/20250602_143555502_iOS-980x735.jpg 980w, https:\/\/nid.pl\/wp-content\/uploads\/2025\/06\/20250602_143555502_iOS-480x360.jpg 480w\" sizes=\"(min-width: 0px) and (max-width: 480px) 480px, (min-width: 481px) and (max-width: 980px) 980px, (min-width: 981px) 1024px, 100vw\" \/><button\n\t\t\tclass=\"lightbox-trigger\"\n\t\t\ttype=\"button\"\n\t\t\taria-haspopup=\"dialog\"\n\t\t\taria-label=\"Enlarge\"\n\t\t\tdata-wp-init=\"callbacks.initTriggerButton\"\n\t\t\tdata-wp-on--click=\"actions.showLightbox\"\n\t\t\tdata-wp-style--right=\"state.imageButtonRight\"\n\t\t\tdata-wp-style--top=\"state.imageButtonTop\"\n\t\t>\n\t\t\t<svg xmlns=\"http:\/\/www.w3.org\/2000\/svg\" width=\"12\" height=\"12\" fill=\"none\" viewbox=\"0 0 12 12\">\n\t\t\t\t<path fill=\"#fff\" d=\"M2 0a2 2 0 0 0-2 2v2h1.5V2a.5.5 0 0 1 .5-.5h2V0H2Zm2 10.5H2a.5.5 0 0 1-.5-.5V8H0v2a2 2 0 0 0 2 2h2v-1.5ZM8 12v-1.5h2a.5.5 0 0 0 .5-.5V8H12v2a2 2 0 0 1-2 2H8Zm2-12a2 2 0 0 1 2 2v2h-1.5V2a.5.5 0 0 0-.5-.5H8V0h2Z\" \/>\n\t\t\t<\/svg>\n\t\t<\/button><figcaption class=\"wp-element-caption\">Zast\u0119pczyni dyrektorki NID Natalia Dzieduszycka oraz uczestnicy konferencji, fot. NID\/P. Adamczyk<\/figcaption><\/figure>\n<\/div>\n\n\n\n<div class=\"wp-block-column is-layout-flow wp-block-column-is-layout-flow\">\n<figure data-wp-context=\"{&quot;imageId&quot;:&quot;69f5ca80d261f&quot;}\" data-wp-interactive=\"core\/image\" data-wp-key=\"69f5ca80d261f\" class=\"wp-block-image size-large wp-lightbox-container\"><img loading=\"lazy\" decoding=\"async\" width=\"1024\" height=\"768\" data-wp-class--hide=\"state.isContentHidden\" data-wp-class--show=\"state.isContentVisible\" data-wp-init=\"callbacks.setButtonStyles\" data-wp-on--click=\"actions.showLightbox\" data-wp-on--load=\"callbacks.setButtonStyles\" data-wp-on-window--resize=\"callbacks.setButtonStyles\" src=\"https:\/\/nid.pl\/wp-content\/uploads\/2025\/06\/20250602_140643420_iOS-1024x768.jpg\" alt=\"\" class=\"wp-image-27311\" srcset=\"https:\/\/nid.pl\/wp-content\/uploads\/2025\/06\/20250602_140643420_iOS-980x735.jpg 980w, https:\/\/nid.pl\/wp-content\/uploads\/2025\/06\/20250602_140643420_iOS-480x360.jpg 480w\" sizes=\"(min-width: 0px) and (max-width: 480px) 480px, (min-width: 481px) and (max-width: 980px) 980px, (min-width: 981px) 1024px, 100vw\" \/><button\n\t\t\tclass=\"lightbox-trigger\"\n\t\t\ttype=\"button\"\n\t\t\taria-haspopup=\"dialog\"\n\t\t\taria-label=\"Enlarge\"\n\t\t\tdata-wp-init=\"callbacks.initTriggerButton\"\n\t\t\tdata-wp-on--click=\"actions.showLightbox\"\n\t\t\tdata-wp-style--right=\"state.imageButtonRight\"\n\t\t\tdata-wp-style--top=\"state.imageButtonTop\"\n\t\t>\n\t\t\t<svg xmlns=\"http:\/\/www.w3.org\/2000\/svg\" width=\"12\" height=\"12\" fill=\"none\" viewbox=\"0 0 12 12\">\n\t\t\t\t<path fill=\"#fff\" d=\"M2 0a2 2 0 0 0-2 2v2h1.5V2a.5.5 0 0 1 .5-.5h2V0H2Zm2 10.5H2a.5.5 0 0 1-.5-.5V8H0v2a2 2 0 0 0 2 2h2v-1.5ZM8 12v-1.5h2a.5.5 0 0 0 .5-.5V8H12v2a2 2 0 0 1-2 2H8Zm2-12a2 2 0 0 1 2 2v2h-1.5V2a.5.5 0 0 0-.5-.5H8V0h2Z\" \/>\n\t\t\t<\/svg>\n\t\t<\/button><figcaption class=\"wp-element-caption\">Zast\u0119pca dyrektorki NID dr Andrzej Siwek, fot. NID\/P. Adamczyk<\/figcaption><\/figure>\n<\/div>\n<\/div>\n\n\n\n<p><\/p>\n\n\n\n<p>W programie konferencji znalaz\u0142y si\u0119 tak\u017ce wyst\u0105pienia dotycz\u0105ce praktycznych rozwi\u0105za\u0144 i dobrych praktyk w zarz\u0105dzaniu dziedzictwem. Przedstawiono m.in. projekty Muzeum Papiernictwa w Dusznikach-Zdroju, kt\u00f3re maj\u0105 na celu zwi\u0119kszenie zaanga\u017cowania r\u00f3\u017cnych grup interesariuszy wok\u00f3\u0142 m\u0142yna papierniczego. Om\u00f3wiono tak\u017ce wsp\u00f3\u0142prac\u0119 Muzeum G\u00f3rnictwa W\u0119glowego w Zabrzu z r\u00f3\u017cnymi partnerami, dzia\u0142ania na rzecz aktywizacji lokalnej spo\u0142eczno\u015bci wok\u00f3\u0142 Twierdzy Srebrna G\u00f3ra oraz przyk\u0142ady partnerstw na rzecz ochrony dziedzictwa przemys\u0142owego w B\u00f3brce. Istotnym tematem by\u0142a r\u00f3wnie\u017c rola spo\u0142eczno\u015bci lokalnych w ochronie zamku w Malborku oraz wyzwania zwi\u0105zane z ochron\u0105 i dost\u0119pno\u015bci\u0105 Wzg\u00f3rza Wawelskiego.<\/p>\n\n\n\n<p><\/p>\n\n\n\n<div class=\"wp-block-columns is-layout-flex wp-container-core-columns-is-layout-9d6595d7 wp-block-columns-is-layout-flex\">\n<div class=\"wp-block-column is-layout-flow wp-block-column-is-layout-flow\">\n<figure data-wp-context=\"{&quot;imageId&quot;:&quot;69f5ca80d2a75&quot;}\" data-wp-interactive=\"core\/image\" data-wp-key=\"69f5ca80d2a75\" class=\"wp-block-image size-large wp-lightbox-container\"><img loading=\"lazy\" decoding=\"async\" width=\"1024\" height=\"768\" data-wp-class--hide=\"state.isContentHidden\" data-wp-class--show=\"state.isContentVisible\" data-wp-init=\"callbacks.setButtonStyles\" data-wp-on--click=\"actions.showLightbox\" data-wp-on--load=\"callbacks.setButtonStyles\" data-wp-on-window--resize=\"callbacks.setButtonStyles\" src=\"https:\/\/nid.pl\/wp-content\/uploads\/2025\/06\/20250602_141133567_iOS-1024x768.jpg\" alt=\"\" class=\"wp-image-27312\" srcset=\"https:\/\/nid.pl\/wp-content\/uploads\/2025\/06\/20250602_141133567_iOS-980x735.jpg 980w, https:\/\/nid.pl\/wp-content\/uploads\/2025\/06\/20250602_141133567_iOS-480x360.jpg 480w\" sizes=\"(min-width: 0px) and (max-width: 480px) 480px, (min-width: 481px) and (max-width: 980px) 980px, (min-width: 981px) 1024px, 100vw\" \/><button\n\t\t\tclass=\"lightbox-trigger\"\n\t\t\ttype=\"button\"\n\t\t\taria-haspopup=\"dialog\"\n\t\t\taria-label=\"Enlarge\"\n\t\t\tdata-wp-init=\"callbacks.initTriggerButton\"\n\t\t\tdata-wp-on--click=\"actions.showLightbox\"\n\t\t\tdata-wp-style--right=\"state.imageButtonRight\"\n\t\t\tdata-wp-style--top=\"state.imageButtonTop\"\n\t\t>\n\t\t\t<svg xmlns=\"http:\/\/www.w3.org\/2000\/svg\" width=\"12\" height=\"12\" fill=\"none\" viewbox=\"0 0 12 12\">\n\t\t\t\t<path fill=\"#fff\" d=\"M2 0a2 2 0 0 0-2 2v2h1.5V2a.5.5 0 0 1 .5-.5h2V0H2Zm2 10.5H2a.5.5 0 0 1-.5-.5V8H0v2a2 2 0 0 0 2 2h2v-1.5ZM8 12v-1.5h2a.5.5 0 0 0 .5-.5V8H12v2a2 2 0 0 1-2 2H8Zm2-12a2 2 0 0 1 2 2v2h-1.5V2a.5.5 0 0 0-.5-.5H8V0h2Z\" \/>\n\t\t\t<\/svg>\n\t\t<\/button><figcaption class=\"wp-element-caption\">Uczestnicy konferencji PKN ICOMOS \u201eInteresariusze w zarz\u0105dzaniu dziedzictwem o najwi\u0119kszej warto\u015bci \u2013 dobra \u015awiatowego Dziedzictwa UNESCO, Europejskiego Dziedzictwa, Pomniki Historii\u201d, fot. NID\/P.Adamczyk<\/figcaption><\/figure>\n<\/div>\n\n\n\n<div class=\"wp-block-column is-layout-flow wp-block-column-is-layout-flow\">\n<figure class=\"wp-block-image size-large\"><img loading=\"lazy\" decoding=\"async\" width=\"1024\" height=\"768\" src=\"https:\/\/nid.pl\/wp-content\/uploads\/2025\/06\/20250602_171306867_iOS-1024x768.jpg\" alt=\"\" class=\"wp-image-27314\" srcset=\"https:\/\/nid.pl\/wp-content\/uploads\/2025\/06\/20250602_171306867_iOS-980x735.jpg 980w, https:\/\/nid.pl\/wp-content\/uploads\/2025\/06\/20250602_171306867_iOS-480x360.jpg 480w\" sizes=\"(min-width: 0px) and (max-width: 480px) 480px, (min-width: 481px) and (max-width: 980px) 980px, (min-width: 981px) 1024px, 100vw\" \/><figcaption class=\"wp-element-caption\">Uczestnicy konferencji PKN ICOMOS \u201eInteresariusze w zarz\u0105dzaniu dziedzictwem o najwi\u0119kszej warto\u015bci \u2013 dobra \u015awiatowego Dziedzictwa UNESCO, Europejskiego Dziedzictwa, Pomniki Historii\u201d, fot. NID\/P.Adamczyk<\/figcaption><\/figure>\n<\/div>\n<\/div>\n\n\n\n<p><\/p>\n\n\n\n<p>Wa\u017cnym punktem konferencji by\u0142o wr\u0119czenie nagr\u00f3d w konkursie im. prof. Jana Zachwatowicza za najlepsze prace dyplomowe dotycz\u0105ce ochrony i konserwacji zabytk\u00f3w za rok 2024. Nagrody wr\u0119czy\u0142a sekretarz stanu w Ministerstwie Kultury i Dziedzictwa Narodowego, generalna konserwator zabytk\u00f3w Bo\u017cena \u017belazowska. To wyr\u00f3\u017cnienie dla m\u0142odych specjalist\u00f3w, kt\u00f3rzy ju\u017c teraz wnosz\u0105 cenny wk\u0142ad w ochron\u0119 polskiego dziedzictwa.<\/p>\n\n\n\n<p><\/p>\n\n\n\n<div class=\"wp-block-columns is-layout-flex wp-container-core-columns-is-layout-9d6595d7 wp-block-columns-is-layout-flex\">\n<div class=\"wp-block-column is-layout-flow wp-block-column-is-layout-flow\">\n<figure data-wp-context=\"{&quot;imageId&quot;:&quot;69f5ca80d2f2e&quot;}\" data-wp-interactive=\"core\/image\" data-wp-key=\"69f5ca80d2f2e\" class=\"wp-block-image size-large wp-lightbox-container\"><img loading=\"lazy\" decoding=\"async\" width=\"1024\" height=\"768\" data-wp-class--hide=\"state.isContentHidden\" data-wp-class--show=\"state.isContentVisible\" data-wp-init=\"callbacks.setButtonStyles\" data-wp-on--click=\"actions.showLightbox\" data-wp-on--load=\"callbacks.setButtonStyles\" data-wp-on-window--resize=\"callbacks.setButtonStyles\" src=\"https:\/\/nid.pl\/wp-content\/uploads\/2025\/06\/20250602_171939396_iOS-1024x768.jpg\" alt=\"\" class=\"wp-image-27316\" srcset=\"https:\/\/nid.pl\/wp-content\/uploads\/2025\/06\/20250602_171939396_iOS-980x735.jpg 980w, https:\/\/nid.pl\/wp-content\/uploads\/2025\/06\/20250602_171939396_iOS-480x360.jpg 480w\" sizes=\"(min-width: 0px) and (max-width: 480px) 480px, (min-width: 481px) and (max-width: 980px) 980px, (min-width: 981px) 1024px, 100vw\" \/><button\n\t\t\tclass=\"lightbox-trigger\"\n\t\t\ttype=\"button\"\n\t\t\taria-haspopup=\"dialog\"\n\t\t\taria-label=\"Enlarge\"\n\t\t\tdata-wp-init=\"callbacks.initTriggerButton\"\n\t\t\tdata-wp-on--click=\"actions.showLightbox\"\n\t\t\tdata-wp-style--right=\"state.imageButtonRight\"\n\t\t\tdata-wp-style--top=\"state.imageButtonTop\"\n\t\t>\n\t\t\t<svg xmlns=\"http:\/\/www.w3.org\/2000\/svg\" width=\"12\" height=\"12\" fill=\"none\" viewbox=\"0 0 12 12\">\n\t\t\t\t<path fill=\"#fff\" d=\"M2 0a2 2 0 0 0-2 2v2h1.5V2a.5.5 0 0 1 .5-.5h2V0H2Zm2 10.5H2a.5.5 0 0 1-.5-.5V8H0v2a2 2 0 0 0 2 2h2v-1.5ZM8 12v-1.5h2a.5.5 0 0 0 .5-.5V8H12v2a2 2 0 0 1-2 2H8Zm2-12a2 2 0 0 1 2 2v2h-1.5V2a.5.5 0 0 0-.5-.5H8V0h2Z\" \/>\n\t\t\t<\/svg>\n\t\t<\/button><figcaption class=\"wp-element-caption\">Sekretarz stanu w Ministerstwie Kultury i Dziedzictwa Narodowego, generalna konserwator zabytk\u00f3w Bo\u017cena \u017belazowska wr\u0119cza nagrody im. prof. Jana Zachwatowicza za najlepsze prace dyplomowe dotycz\u0105ce ochrony i konserwacji zabytk\u00f3w, fot. NID\/P.Adamczyk<\/figcaption><\/figure>\n<\/div>\n\n\n\n<div class=\"wp-block-column is-layout-flow wp-block-column-is-layout-flow\">\n<figure data-wp-context=\"{&quot;imageId&quot;:&quot;69f5ca80d31f1&quot;}\" data-wp-interactive=\"core\/image\" data-wp-key=\"69f5ca80d31f1\" class=\"wp-block-image size-large wp-lightbox-container\"><img loading=\"lazy\" decoding=\"async\" width=\"1024\" height=\"768\" data-wp-class--hide=\"state.isContentHidden\" data-wp-class--show=\"state.isContentVisible\" data-wp-init=\"callbacks.setButtonStyles\" data-wp-on--click=\"actions.showLightbox\" data-wp-on--load=\"callbacks.setButtonStyles\" data-wp-on-window--resize=\"callbacks.setButtonStyles\" src=\"https:\/\/nid.pl\/wp-content\/uploads\/2025\/06\/20250602_172017157_iOS-1024x768.jpg\" alt=\"\" class=\"wp-image-27309\" srcset=\"https:\/\/nid.pl\/wp-content\/uploads\/2025\/06\/20250602_172017157_iOS-980x735.jpg 980w, https:\/\/nid.pl\/wp-content\/uploads\/2025\/06\/20250602_172017157_iOS-480x360.jpg 480w\" sizes=\"(min-width: 0px) and (max-width: 480px) 480px, (min-width: 481px) and (max-width: 980px) 980px, (min-width: 981px) 1024px, 100vw\" \/><button\n\t\t\tclass=\"lightbox-trigger\"\n\t\t\ttype=\"button\"\n\t\t\taria-haspopup=\"dialog\"\n\t\t\taria-label=\"Enlarge\"\n\t\t\tdata-wp-init=\"callbacks.initTriggerButton\"\n\t\t\tdata-wp-on--click=\"actions.showLightbox\"\n\t\t\tdata-wp-style--right=\"state.imageButtonRight\"\n\t\t\tdata-wp-style--top=\"state.imageButtonTop\"\n\t\t>\n\t\t\t<svg xmlns=\"http:\/\/www.w3.org\/2000\/svg\" width=\"12\" height=\"12\" fill=\"none\" viewbox=\"0 0 12 12\">\n\t\t\t\t<path fill=\"#fff\" d=\"M2 0a2 2 0 0 0-2 2v2h1.5V2a.5.5 0 0 1 .5-.5h2V0H2Zm2 10.5H2a.5.5 0 0 1-.5-.5V8H0v2a2 2 0 0 0 2 2h2v-1.5ZM8 12v-1.5h2a.5.5 0 0 0 .5-.5V8H12v2a2 2 0 0 1-2 2H8Zm2-12a2 2 0 0 1 2 2v2h-1.5V2a.5.5 0 0 0-.5-.5H8V0h2Z\" \/>\n\t\t\t<\/svg>\n\t\t<\/button><figcaption class=\"wp-element-caption\">Sekretarz stanu w Ministerstwie Kultury i Dziedzictwa Narodowego, generalna konserwator zabytk\u00f3w Bo\u017cena \u017belazowska wr\u0119cza nagrody im. prof. Jana Zachwatowicza za najlepsze prace dyplomowe dotycz\u0105ce ochrony i konserwacji zabytk\u00f3w, fot. NID\/P.Adamczyk<\/figcaption><\/figure>\n<\/div>\n<\/div>\n\n\n\n<p><\/p>\n\n\n\n<p>Gratulujemy wszystkim nagrodzonym i dzi\u0119kujemy uczestnikom za wymian\u0119 do\u015bwiadcze\u0144.<\/p>\n\n\n\n<p>Organizatorami wydarzenia byli Polski Komitet Narodowy ICOMOS, Ministerstwo Kultury i Dziedzictwa Narodowego, Narodowy Instytut Dziedzictwa oraz \u0141azienki Kr\u00f3lewskie w Warszawie.<\/p>\n\n\n\n<p><\/p>\n\n\n\n<p><\/p>","protected":false},"excerpt":{"rendered":"<p>Za nami konferencja naukowa PKN ICOMOS \u201eInteresariusze w zarz\u0105dzaniu dziedzictwem o najwi\u0119kszej warto\u015bci \u2013 dobra \u015awiatowego Dziedzictwa UNESCO, Europejskiego Dziedzictwa, Pomniki Historii\u201d, kt\u00f3ra odby\u0142a si\u0119 2\u20133 czerwca w \u0141azienkach Kr\u00f3lewskich [&hellip;]<\/p>","protected":false},"author":15,"featured_media":27317,"comment_status":"open","ping_status":"open","sticky":false,"template":"","format":"standard","meta":{"_et_pb_use_builder":"off","_et_pb_old_content":"","_et_gb_content_width":"","_monsterinsights_skip_tracking":false,"_monsterinsights_sitenote_active":false,"_monsterinsights_sitenote_note":"","_monsterinsights_sitenote_category":0,"footnotes":""},"categories":[3,1],"tags":[],"class_list":["post-27304","post","type-post","status-publish","format-standard","has-post-thumbnail","hentry","category-aktualnosci","category-bez-kategorii"],"yoast_head":"<!-- This site is optimized with the Yoast SEO plugin v26.5 - https:\/\/yoast.com\/wordpress\/plugins\/seo\/ -->\n<title>Przyznano nagrody w konkursie im. prof. Jana Zachwatowicza za najlepsze prace dyplomowe dotycz\u0105ce ochrony i konserwacji zabytk\u00f3w - NID<\/title>\n<meta name=\"robots\" content=\"index, follow, max-snippet:-1, max-image-preview:large, max-video-preview:-1\" \/>\n<link rel=\"canonical\" href=\"https:\/\/nid.pl\/en\/2025\/06\/04\/przyznano-nagrody-w-konkursie-im-prof-jana-zachwatowicza-za-najlepsze-prace-dyplomowe-dotyczace-ochrony-i-konserwacji-zabytkow\/\" \/>\n<meta property=\"og:locale\" content=\"en_GB\" \/>\n<meta property=\"og:type\" content=\"article\" \/>\n<meta property=\"og:title\" content=\"Przyznano nagrody w konkursie im. prof. Jana Zachwatowicza za najlepsze prace dyplomowe dotycz\u0105ce ochrony i konserwacji zabytk\u00f3w - NID\" \/>\n<meta property=\"og:description\" content=\"Za nami konferencja naukowa PKN ICOMOS \u201eInteresariusze w zarz\u0105dzaniu dziedzictwem o najwi\u0119kszej warto\u015bci \u2013 dobra \u015awiatowego Dziedzictwa UNESCO, Europejskiego Dziedzictwa, Pomniki Historii\u201d, kt\u00f3ra odby\u0142a si\u0119 2\u20133 czerwca w \u0141azienkach Kr\u00f3lewskich [&hellip;]\" \/>\n<meta property=\"og:url\" content=\"https:\/\/nid.pl\/en\/2025\/06\/04\/przyznano-nagrody-w-konkursie-im-prof-jana-zachwatowicza-za-najlepsze-prace-dyplomowe-dotyczace-ochrony-i-konserwacji-zabytkow\/\" \/>\n<meta property=\"og:site_name\" content=\"NID\" \/>\n<meta property=\"article:publisher\" content=\"https:\/\/www.facebook.com\/zabytek\" \/>\n<meta property=\"article:published_time\" content=\"2025-06-04T14:51:43+00:00\" \/>\n<meta property=\"article:modified_time\" content=\"2025-06-04T14:52:12+00:00\" \/>\n<meta property=\"og:image\" content=\"https:\/\/nid.pl\/wp-content\/uploads\/2025\/06\/icomos-miniatura.jpg\" \/>\n\t<meta property=\"og:image:width\" content=\"1857\" \/>\n\t<meta property=\"og:image:height\" content=\"1238\" \/>\n\t<meta property=\"og:image:type\" content=\"image\/jpeg\" \/>\n<meta name=\"author\" content=\"Monika Ciura\" \/>\n<meta name=\"twitter:card\" content=\"summary_large_image\" \/>\n<meta name=\"twitter:creator\" content=\"@NarIDpl\" \/>\n<meta name=\"twitter:site\" content=\"@NarIDpl\" \/>\n<meta name=\"twitter:label1\" content=\"Written by\" \/>\n\t<meta name=\"twitter:data1\" content=\"Monika Ciura\" \/>\n\t<meta name=\"twitter:label2\" content=\"Estimated reading time\" \/>\n\t<meta name=\"twitter:data2\" content=\"5 minutes\" \/>\n<script type=\"application\/ld+json\" class=\"yoast-schema-graph\">{\"@context\":\"https:\/\/schema.org\",\"@graph\":[{\"@type\":\"Article\",\"@id\":\"https:\/\/nid.pl\/2025\/06\/04\/przyznano-nagrody-w-konkursie-im-prof-jana-zachwatowicza-za-najlepsze-prace-dyplomowe-dotyczace-ochrony-i-konserwacji-zabytkow\/#article\",\"isPartOf\":{\"@id\":\"https:\/\/nid.pl\/2025\/06\/04\/przyznano-nagrody-w-konkursie-im-prof-jana-zachwatowicza-za-najlepsze-prace-dyplomowe-dotyczace-ochrony-i-konserwacji-zabytkow\/\"},\"author\":{\"name\":\"Monika Ciura\",\"@id\":\"https:\/\/nid.pl\/#\/schema\/person\/ab9abea4caecdccde4fb0d555271145f\"},\"headline\":\"Przyznano nagrody w konkursie im. prof. Jana Zachwatowicza za najlepsze prace dyplomowe dotycz\u0105ce ochrony i konserwacji zabytk\u00f3w\",\"datePublished\":\"2025-06-04T14:51:43+00:00\",\"dateModified\":\"2025-06-04T14:52:12+00:00\",\"mainEntityOfPage\":{\"@id\":\"https:\/\/nid.pl\/2025\/06\/04\/przyznano-nagrody-w-konkursie-im-prof-jana-zachwatowicza-za-najlepsze-prace-dyplomowe-dotyczace-ochrony-i-konserwacji-zabytkow\/\"},\"wordCount\":578,\"commentCount\":0,\"publisher\":{\"@id\":\"https:\/\/nid.pl\/#organization\"},\"image\":{\"@id\":\"https:\/\/nid.pl\/2025\/06\/04\/przyznano-nagrody-w-konkursie-im-prof-jana-zachwatowicza-za-najlepsze-prace-dyplomowe-dotyczace-ochrony-i-konserwacji-zabytkow\/#primaryimage\"},\"thumbnailUrl\":\"https:\/\/nid.pl\/wp-content\/uploads\/2025\/06\/icomos-miniatura.jpg\",\"articleSection\":[\"Aktualno\u015bci\",\"Bez kategorii\"],\"inLanguage\":\"en-GB\"},{\"@type\":\"WebPage\",\"@id\":\"https:\/\/nid.pl\/2025\/06\/04\/przyznano-nagrody-w-konkursie-im-prof-jana-zachwatowicza-za-najlepsze-prace-dyplomowe-dotyczace-ochrony-i-konserwacji-zabytkow\/\",\"url\":\"https:\/\/nid.pl\/2025\/06\/04\/przyznano-nagrody-w-konkursie-im-prof-jana-zachwatowicza-za-najlepsze-prace-dyplomowe-dotyczace-ochrony-i-konserwacji-zabytkow\/\",\"name\":\"Przyznano nagrody w konkursie im. prof. Jana Zachwatowicza za najlepsze prace dyplomowe dotycz\u0105ce ochrony i konserwacji zabytk\u00f3w - NID\",\"isPartOf\":{\"@id\":\"https:\/\/nid.pl\/#website\"},\"primaryImageOfPage\":{\"@id\":\"https:\/\/nid.pl\/2025\/06\/04\/przyznano-nagrody-w-konkursie-im-prof-jana-zachwatowicza-za-najlepsze-prace-dyplomowe-dotyczace-ochrony-i-konserwacji-zabytkow\/#primaryimage\"},\"image\":{\"@id\":\"https:\/\/nid.pl\/2025\/06\/04\/przyznano-nagrody-w-konkursie-im-prof-jana-zachwatowicza-za-najlepsze-prace-dyplomowe-dotyczace-ochrony-i-konserwacji-zabytkow\/#primaryimage\"},\"thumbnailUrl\":\"https:\/\/nid.pl\/wp-content\/uploads\/2025\/06\/icomos-miniatura.jpg\",\"datePublished\":\"2025-06-04T14:51:43+00:00\",\"dateModified\":\"2025-06-04T14:52:12+00:00\",\"breadcrumb\":{\"@id\":\"https:\/\/nid.pl\/2025\/06\/04\/przyznano-nagrody-w-konkursie-im-prof-jana-zachwatowicza-za-najlepsze-prace-dyplomowe-dotyczace-ochrony-i-konserwacji-zabytkow\/#breadcrumb\"},\"inLanguage\":\"en-GB\",\"potentialAction\":[{\"@type\":\"ReadAction\",\"target\":[\"https:\/\/nid.pl\/2025\/06\/04\/przyznano-nagrody-w-konkursie-im-prof-jana-zachwatowicza-za-najlepsze-prace-dyplomowe-dotyczace-ochrony-i-konserwacji-zabytkow\/\"]}]},{\"@type\":\"ImageObject\",\"inLanguage\":\"en-GB\",\"@id\":\"https:\/\/nid.pl\/2025\/06\/04\/przyznano-nagrody-w-konkursie-im-prof-jana-zachwatowicza-za-najlepsze-prace-dyplomowe-dotyczace-ochrony-i-konserwacji-zabytkow\/#primaryimage\",\"url\":\"https:\/\/nid.pl\/wp-content\/uploads\/2025\/06\/icomos-miniatura.jpg\",\"contentUrl\":\"https:\/\/nid.pl\/wp-content\/uploads\/2025\/06\/icomos-miniatura.jpg\",\"width\":1857,\"height\":1238,\"caption\":\"uczestnicy i nagrodzeni nagrodami im zachwatowicza\"},{\"@type\":\"BreadcrumbList\",\"@id\":\"https:\/\/nid.pl\/2025\/06\/04\/przyznano-nagrody-w-konkursie-im-prof-jana-zachwatowicza-za-najlepsze-prace-dyplomowe-dotyczace-ochrony-i-konserwacji-zabytkow\/#breadcrumb\",\"itemListElement\":[{\"@type\":\"ListItem\",\"position\":1,\"name\":\"Home\",\"item\":\"https:\/\/nid.pl\/\"},{\"@type\":\"ListItem\",\"position\":2,\"name\":\"Przyznano nagrody w konkursie im. prof. Jana Zachwatowicza za najlepsze prace dyplomowe dotycz\u0105ce ochrony i konserwacji zabytk\u00f3w\"}]},{\"@type\":\"WebSite\",\"@id\":\"https:\/\/nid.pl\/#website\",\"url\":\"https:\/\/nid.pl\/\",\"name\":\"NID\",\"description\":\"Narodowy Instytut Dziedzictwa\",\"publisher\":{\"@id\":\"https:\/\/nid.pl\/#organization\"},\"potentialAction\":[{\"@type\":\"SearchAction\",\"target\":{\"@type\":\"EntryPoint\",\"urlTemplate\":\"https:\/\/nid.pl\/?s={search_term_string}\"},\"query-input\":{\"@type\":\"PropertyValueSpecification\",\"valueRequired\":true,\"valueName\":\"search_term_string\"}}],\"inLanguage\":\"en-GB\"},{\"@type\":\"Organization\",\"@id\":\"https:\/\/nid.pl\/#organization\",\"name\":\"Narodowy Instytut Dziedzictwa\",\"url\":\"https:\/\/nid.pl\/\",\"logo\":{\"@type\":\"ImageObject\",\"inLanguage\":\"en-GB\",\"@id\":\"https:\/\/nid.pl\/#\/schema\/logo\/image\/\",\"url\":\"https:\/\/nid.pl\/wp-content\/uploads\/2022\/10\/logoRedDark.png\",\"contentUrl\":\"https:\/\/nid.pl\/wp-content\/uploads\/2022\/10\/logoRedDark.png\",\"width\":200,\"height\":197,\"caption\":\"Narodowy Instytut Dziedzictwa\"},\"image\":{\"@id\":\"https:\/\/nid.pl\/#\/schema\/logo\/image\/\"},\"sameAs\":[\"https:\/\/www.facebook.com\/zabytek\",\"https:\/\/x.com\/NarIDpl\",\"https:\/\/www.instagram.com\/nid.pl\/?hl=pl\",\"https:\/\/www.linkedin.com\/company\/narodowy-instytut-dziedzictwa\",\"https:\/\/www.youtube.com\/channel\/UCQXuhKa2uHtmNvLRUSx40JA\"]},{\"@type\":\"Person\",\"@id\":\"https:\/\/nid.pl\/#\/schema\/person\/ab9abea4caecdccde4fb0d555271145f\",\"name\":\"Monika Ciura\",\"image\":{\"@type\":\"ImageObject\",\"inLanguage\":\"en-GB\",\"@id\":\"https:\/\/nid.pl\/#\/schema\/person\/image\/\",\"url\":\"https:\/\/nid.pl\/wp-content\/litespeed\/avatar\/bfdb15d1cc317fac4b66bdc91090ff11.jpg?ver=1777445370\",\"contentUrl\":\"https:\/\/nid.pl\/wp-content\/litespeed\/avatar\/bfdb15d1cc317fac4b66bdc91090ff11.jpg?ver=1777445370\",\"caption\":\"Monika Ciura\"},\"url\":\"https:\/\/nid.pl\/en\/author\/mciura\/\"}]}<\/script>\n<!-- \/ Yoast SEO plugin. -->","yoast_head_json":{"title":"Przyznano nagrody w konkursie im. prof. Jana Zachwatowicza za najlepsze prace dyplomowe dotycz\u0105ce ochrony i konserwacji zabytk\u00f3w - NID","robots":{"index":"index","follow":"follow","max-snippet":"max-snippet:-1","max-image-preview":"max-image-preview:large","max-video-preview":"max-video-preview:-1"},"canonical":"https:\/\/nid.pl\/en\/2025\/06\/04\/przyznano-nagrody-w-konkursie-im-prof-jana-zachwatowicza-za-najlepsze-prace-dyplomowe-dotyczace-ochrony-i-konserwacji-zabytkow\/","og_locale":"en_GB","og_type":"article","og_title":"Przyznano nagrody w konkursie im. prof. Jana Zachwatowicza za najlepsze prace dyplomowe dotycz\u0105ce ochrony i konserwacji zabytk\u00f3w - NID","og_description":"Za nami konferencja naukowa PKN ICOMOS \u201eInteresariusze w zarz\u0105dzaniu dziedzictwem o najwi\u0119kszej warto\u015bci \u2013 dobra \u015awiatowego Dziedzictwa UNESCO, Europejskiego Dziedzictwa, Pomniki Historii\u201d, kt\u00f3ra odby\u0142a si\u0119 2\u20133 czerwca w \u0141azienkach Kr\u00f3lewskich [&hellip;]","og_url":"https:\/\/nid.pl\/en\/2025\/06\/04\/przyznano-nagrody-w-konkursie-im-prof-jana-zachwatowicza-za-najlepsze-prace-dyplomowe-dotyczace-ochrony-i-konserwacji-zabytkow\/","og_site_name":"NID","article_publisher":"https:\/\/www.facebook.com\/zabytek","article_published_time":"2025-06-04T14:51:43+00:00","article_modified_time":"2025-06-04T14:52:12+00:00","og_image":[{"width":1857,"height":1238,"url":"https:\/\/nid.pl\/wp-content\/uploads\/2025\/06\/icomos-miniatura.jpg","type":"image\/jpeg"}],"author":"Monika Ciura","twitter_card":"summary_large_image","twitter_creator":"@NarIDpl","twitter_site":"@NarIDpl","twitter_misc":{"Written by":"Monika Ciura","Estimated reading time":"5 minutes"},"schema":{"@context":"https:\/\/schema.org","@graph":[{"@type":"Article","@id":"https:\/\/nid.pl\/2025\/06\/04\/przyznano-nagrody-w-konkursie-im-prof-jana-zachwatowicza-za-najlepsze-prace-dyplomowe-dotyczace-ochrony-i-konserwacji-zabytkow\/#article","isPartOf":{"@id":"https:\/\/nid.pl\/2025\/06\/04\/przyznano-nagrody-w-konkursie-im-prof-jana-zachwatowicza-za-najlepsze-prace-dyplomowe-dotyczace-ochrony-i-konserwacji-zabytkow\/"},"author":{"name":"Monika Ciura","@id":"https:\/\/nid.pl\/#\/schema\/person\/ab9abea4caecdccde4fb0d555271145f"},"headline":"Przyznano nagrody w konkursie im. prof. Jana Zachwatowicza za najlepsze prace dyplomowe dotycz\u0105ce ochrony i konserwacji zabytk\u00f3w","datePublished":"2025-06-04T14:51:43+00:00","dateModified":"2025-06-04T14:52:12+00:00","mainEntityOfPage":{"@id":"https:\/\/nid.pl\/2025\/06\/04\/przyznano-nagrody-w-konkursie-im-prof-jana-zachwatowicza-za-najlepsze-prace-dyplomowe-dotyczace-ochrony-i-konserwacji-zabytkow\/"},"wordCount":578,"commentCount":0,"publisher":{"@id":"https:\/\/nid.pl\/#organization"},"image":{"@id":"https:\/\/nid.pl\/2025\/06\/04\/przyznano-nagrody-w-konkursie-im-prof-jana-zachwatowicza-za-najlepsze-prace-dyplomowe-dotyczace-ochrony-i-konserwacji-zabytkow\/#primaryimage"},"thumbnailUrl":"https:\/\/nid.pl\/wp-content\/uploads\/2025\/06\/icomos-miniatura.jpg","articleSection":["Aktualno\u015bci","Bez kategorii"],"inLanguage":"en-GB"},{"@type":"WebPage","@id":"https:\/\/nid.pl\/2025\/06\/04\/przyznano-nagrody-w-konkursie-im-prof-jana-zachwatowicza-za-najlepsze-prace-dyplomowe-dotyczace-ochrony-i-konserwacji-zabytkow\/","url":"https:\/\/nid.pl\/2025\/06\/04\/przyznano-nagrody-w-konkursie-im-prof-jana-zachwatowicza-za-najlepsze-prace-dyplomowe-dotyczace-ochrony-i-konserwacji-zabytkow\/","name":"Przyznano nagrody w konkursie im. prof. Jana Zachwatowicza za najlepsze prace dyplomowe dotycz\u0105ce ochrony i konserwacji zabytk\u00f3w - NID","isPartOf":{"@id":"https:\/\/nid.pl\/#website"},"primaryImageOfPage":{"@id":"https:\/\/nid.pl\/2025\/06\/04\/przyznano-nagrody-w-konkursie-im-prof-jana-zachwatowicza-za-najlepsze-prace-dyplomowe-dotyczace-ochrony-i-konserwacji-zabytkow\/#primaryimage"},"image":{"@id":"https:\/\/nid.pl\/2025\/06\/04\/przyznano-nagrody-w-konkursie-im-prof-jana-zachwatowicza-za-najlepsze-prace-dyplomowe-dotyczace-ochrony-i-konserwacji-zabytkow\/#primaryimage"},"thumbnailUrl":"https:\/\/nid.pl\/wp-content\/uploads\/2025\/06\/icomos-miniatura.jpg","datePublished":"2025-06-04T14:51:43+00:00","dateModified":"2025-06-04T14:52:12+00:00","breadcrumb":{"@id":"https:\/\/nid.pl\/2025\/06\/04\/przyznano-nagrody-w-konkursie-im-prof-jana-zachwatowicza-za-najlepsze-prace-dyplomowe-dotyczace-ochrony-i-konserwacji-zabytkow\/#breadcrumb"},"inLanguage":"en-GB","potentialAction":[{"@type":"ReadAction","target":["https:\/\/nid.pl\/2025\/06\/04\/przyznano-nagrody-w-konkursie-im-prof-jana-zachwatowicza-za-najlepsze-prace-dyplomowe-dotyczace-ochrony-i-konserwacji-zabytkow\/"]}]},{"@type":"ImageObject","inLanguage":"en-GB","@id":"https:\/\/nid.pl\/2025\/06\/04\/przyznano-nagrody-w-konkursie-im-prof-jana-zachwatowicza-za-najlepsze-prace-dyplomowe-dotyczace-ochrony-i-konserwacji-zabytkow\/#primaryimage","url":"https:\/\/nid.pl\/wp-content\/uploads\/2025\/06\/icomos-miniatura.jpg","contentUrl":"https:\/\/nid.pl\/wp-content\/uploads\/2025\/06\/icomos-miniatura.jpg","width":1857,"height":1238,"caption":"uczestnicy i nagrodzeni nagrodami im zachwatowicza"},{"@type":"BreadcrumbList","@id":"https:\/\/nid.pl\/2025\/06\/04\/przyznano-nagrody-w-konkursie-im-prof-jana-zachwatowicza-za-najlepsze-prace-dyplomowe-dotyczace-ochrony-i-konserwacji-zabytkow\/#breadcrumb","itemListElement":[{"@type":"ListItem","position":1,"name":"Home","item":"https:\/\/nid.pl\/"},{"@type":"ListItem","position":2,"name":"Przyznano nagrody w konkursie im. prof. Jana Zachwatowicza za najlepsze prace dyplomowe dotycz\u0105ce ochrony i konserwacji zabytk\u00f3w"}]},{"@type":"WebSite","@id":"https:\/\/nid.pl\/#website","url":"https:\/\/nid.pl\/","name":"NID","description":"Narodowy Instytut Dziedzictwa","publisher":{"@id":"https:\/\/nid.pl\/#organization"},"potentialAction":[{"@type":"SearchAction","target":{"@type":"EntryPoint","urlTemplate":"https:\/\/nid.pl\/?s={search_term_string}"},"query-input":{"@type":"PropertyValueSpecification","valueRequired":true,"valueName":"search_term_string"}}],"inLanguage":"en-GB"},{"@type":"Organization","@id":"https:\/\/nid.pl\/#organization","name":"Narodowy Instytut Dziedzictwa","url":"https:\/\/nid.pl\/","logo":{"@type":"ImageObject","inLanguage":"en-GB","@id":"https:\/\/nid.pl\/#\/schema\/logo\/image\/","url":"https:\/\/nid.pl\/wp-content\/uploads\/2022\/10\/logoRedDark.png","contentUrl":"https:\/\/nid.pl\/wp-content\/uploads\/2022\/10\/logoRedDark.png","width":200,"height":197,"caption":"Narodowy Instytut Dziedzictwa"},"image":{"@id":"https:\/\/nid.pl\/#\/schema\/logo\/image\/"},"sameAs":["https:\/\/www.facebook.com\/zabytek","https:\/\/x.com\/NarIDpl","https:\/\/www.instagram.com\/nid.pl\/?hl=pl","https:\/\/www.linkedin.com\/company\/narodowy-instytut-dziedzictwa","https:\/\/www.youtube.com\/channel\/UCQXuhKa2uHtmNvLRUSx40JA"]},{"@type":"Person","@id":"https:\/\/nid.pl\/#\/schema\/person\/ab9abea4caecdccde4fb0d555271145f","name":"Monika Ciura","image":{"@type":"ImageObject","inLanguage":"en-GB","@id":"https:\/\/nid.pl\/#\/schema\/person\/image\/","url":"https:\/\/nid.pl\/wp-content\/litespeed\/avatar\/bfdb15d1cc317fac4b66bdc91090ff11.jpg?ver=1777445370","contentUrl":"https:\/\/nid.pl\/wp-content\/litespeed\/avatar\/bfdb15d1cc317fac4b66bdc91090ff11.jpg?ver=1777445370","caption":"Monika Ciura"},"url":"https:\/\/nid.pl\/en\/author\/mciura\/"}]}},"_links":{"self":[{"href":"https:\/\/nid.pl\/en\/wp-json\/wp\/v2\/posts\/27304","targetHints":{"allow":["GET"]}}],"collection":[{"href":"https:\/\/nid.pl\/en\/wp-json\/wp\/v2\/posts"}],"about":[{"href":"https:\/\/nid.pl\/en\/wp-json\/wp\/v2\/types\/post"}],"author":[{"embeddable":true,"href":"https:\/\/nid.pl\/en\/wp-json\/wp\/v2\/users\/15"}],"replies":[{"embeddable":true,"href":"https:\/\/nid.pl\/en\/wp-json\/wp\/v2\/comments?post=27304"}],"version-history":[{"count":0,"href":"https:\/\/nid.pl\/en\/wp-json\/wp\/v2\/posts\/27304\/revisions"}],"wp:featuredmedia":[{"embeddable":true,"href":"https:\/\/nid.pl\/en\/wp-json\/wp\/v2\/media\/27317"}],"wp:attachment":[{"href":"https:\/\/nid.pl\/en\/wp-json\/wp\/v2\/media?parent=27304"}],"wp:term":[{"taxonomy":"category","embeddable":true,"href":"https:\/\/nid.pl\/en\/wp-json\/wp\/v2\/categories?post=27304"},{"taxonomy":"post_tag","embeddable":true,"href":"https:\/\/nid.pl\/en\/wp-json\/wp\/v2\/tags?post=27304"}],"curies":[{"name":"wp","href":"https:\/\/api.w.org\/{rel}","templated":true}]}}