{"id":2718,"date":"2021-11-17T13:00:00","date_gmt":"2021-11-17T12:00:00","guid":{"rendered":"https:\/\/nid.pl\/?p=2718"},"modified":"2022-02-14T12:52:50","modified_gmt":"2022-02-14T11:52:50","slug":"szkolenie-zarzadzanie-dziedzictwem-lokalnym-i-ujmowanie-dziedzictwa-w-rewitalizacji-dla-gmin-wojewodztwa-mazowieckiego","status":"publish","type":"post","link":"https:\/\/nid.pl\/en\/2021\/11\/17\/szkolenie-zarzadzanie-dziedzictwem-lokalnym-i-ujmowanie-dziedzictwa-w-rewitalizacji-dla-gmin-wojewodztwa-mazowieckiego\/","title":{"rendered":"Szkolenie z rewitalizacji dla wojew\u00f3dztwa mazowieckiego"},"content":{"rendered":"<p>[et_pb_section fb_built=&#8221;1&#8243; _builder_version=&#8221;3.22&#8243;][et_pb_row _builder_version=&#8221;3.25&#8243; background_size=&#8221;initial&#8221; background_position=&#8221;top_left&#8221; background_repeat=&#8221;repeat&#8221;][et_pb_column type=&#8221;4_4&#8243; _builder_version=&#8221;3.25&#8243; custom_padding=&#8221;|||&#8221; custom_padding__hover=&#8221;|||&#8221;][et_pb_text _builder_version=&#8221;3.27.4&#8243; background_size=&#8221;initial&#8221; background_position=&#8221;top_left&#8221; background_repeat=&#8221;repeat&#8221;]<!-- divi:paragraph --><\/p>\n<p>Szkolenie przydatne b\u0119dzie dla urz\u0119dnik\u00f3w gminnych odpowiedzialnych za zabytki, rozw\u00f3j gospodarczy, promocj\u0119, kultur\u0119 i planowanie przestrzenne. Zapraszamy tak\u017ce przedstawicieli lokalnych i regionalnych instytucji kultury, organizacji pozarz\u0105dowych, muze\u00f3w, przedsi\u0119biorc\u00f3w, aktywist\u00f3w. Zarz\u0105dzanie dziedzictwem wymaga wsp\u00f3\u0142pracy wielu lokalnych&nbsp; podmiot\u00f3w &#8211; dziedzictwo jest obecne w wielu dziedzinach \u017cycia gminy. Szkolenie jest interdyscyplinarne, prowadzone przez ekspert\u00f3w z r\u00f3\u017cnych dziedzin. Pokazujemy, jak je efektywnie wykorzysta\u0107 dziedzictwo w rozwoju lokalnym.<\/p>\n<p><!-- \/divi:paragraph --> <!-- divi:paragraph --><\/p>\n<p><strong>Szkolenie dla zarejestrowanych uczestnik\u00f3w odb\u0119dzie si\u0119 online w trybie modu\u0142owym, w dniach 25 i 29 listopada oraz 1, 3 i 6 grudnia br.<\/strong> Nale\u017cy zarejestrowa\u0107 si\u0119 na ka\u017cdy dzie\u0144 szkoleniowy oddzielnie. System rejestruje obecno\u015b\u0107 zapisanych uczestnik\u00f3w na szkoleniu w kolejnych dniach, co pozwala na wydanie certyfikat\u00f3w uczestnictwa zainteresowanym osobom.<\/p>\n<p><!-- \/divi:paragraph --> <!-- divi:paragraph --><\/p>\n<p><strong>Linki rejestracyjne:<\/strong><br \/>\n<strong>Dzie\u0144 1<\/strong>:&nbsp;<a href=\"https:\/\/app.livewebinar.com\/127-668-375\">https:\/\/app.livewebinar.com\/127-668-375<\/a><br \/>\n<strong>Dzie\u0144 2<\/strong>:<a href=\"https:\/\/app.livewebinar.com\/276-045-686\">&nbsp;https:\/\/app.livewebinar.com\/276-045-686<\/a><br \/>\n<strong>Dzie\u0144 3<\/strong>:&nbsp;<a href=\"https:\/\/app.livewebinar.com\/815-690-314\">https:\/\/app.livewebinar.com\/815-690-314<\/a><br \/>\n<strong>Dzie\u0144 4<\/strong>:&nbsp;<a href=\"https:\/\/app.livewebinar.com\/199-293-472\">https:\/\/app.livewebinar.com\/199-293-472<\/a><br \/>\n<strong>Dzie\u0144 5<\/strong>:&nbsp;<a href=\"https:\/\/app.livewebinar.com\/536-742-284\">https:\/\/app.livewebinar.com\/536-742-284<\/a><\/p>\n<p><!-- \/divi:paragraph --> <!-- divi:paragraph --><\/p>\n<p>Szkolenie jest bezp\u0142atne i nie ma limit\u00f3w liczby zg\u0142osze\u0144 z jednej organizacji.<\/p>\n<p><!-- \/divi:paragraph --> <!-- divi:paragraph --><\/p>\n<p><em>W razie pyta\u0144 prosimy o kontakt: Aleksandra Chabiera, e-mail:&nbsp;<a href=\"http:\/\/\/en\/\">achabiera@nid.pl<\/a><\/em><\/p>\n<p><!-- \/divi:paragraph --> <!-- divi:file {\"id\":2738,\"href\":\"https:\/\/nid.pl\/wp-content\/uploads\/2021\/11\/broszuraSzkolenia_Zarzadzanie-dziedzictwem-z-rewitalizacja_Internet-1.pdf\",\"showDownloadButton\":false} --><\/p>\n<div class=\"wp-block-file\"><a href=\"https:\/\/nid.pl\/wp-content\/uploads\/2021\/11\/broszuraSzkolenia_Zarzadzanie-dziedzictwem-z-rewitalizacja_Internet-1.pdf\" target=\"_blank\" rel=\"noreferrer noopener\">Broszura<\/a><\/div>\n<p><!-- \/divi:file --> <!-- divi:file {\"id\":2741,\"href\":\"https:\/\/nid.pl\/wp-content\/uploads\/2021\/11\/NID_Harmonogram-szkolenia-i-linki-do-rejestracji_MAZOWIECKIE.docx\",\"showDownloadButton\":false} --><\/p>\n<div class=\"wp-block-file\"><a href=\"https:\/\/nid.pl\/wp-content\/uploads\/2021\/11\/NID_Harmonogram-szkolenia-i-linki-do-rejestracji_MAZOWIECKIE.docx\" target=\"_blank\" rel=\"noreferrer noopener\">Harmonogram<\/a><\/div>\n<p><!-- \/divi:file --> <!-- divi:paragraph --> <!-- \/divi:paragraph -->[\/et_pb_text][\/et_pb_column][\/et_pb_row][\/et_pb_section]<\/p>","protected":false},"excerpt":{"rendered":"<p>Szkolenie przydatne b\u0119dzie dla urz\u0119dnik\u00f3w gminnych odpowiedzialnych za zabytki, rozw\u00f3j gospodarczy, promocj\u0119, kultur\u0119 i planowanie przestrzenne. Zapraszamy tak\u017ce przedstawicieli lokalnych i regionalnych instytucji kultury, organizacji pozarz\u0105dowych, muze\u00f3w, przedsi\u0119biorc\u00f3w, aktywist\u00f3w. Zarz\u0105dzanie [&hellip;]<\/p>","protected":false},"author":3,"featured_media":2762,"comment_status":"open","ping_status":"open","sticky":false,"template":"","format":"standard","meta":{"_et_pb_use_builder":"on","_et_pb_old_content":"<!-- wp:paragraph -->\n<p>Szkolenie przydatne b\u0119dzie dla urz\u0119dnik\u00f3w gminnych odpowiedzialnych za zabytki, rozw\u00f3j gospodarczy, promocj\u0119, kultur\u0119 <br>i planowanie przestrzenne. Zapraszamy tak\u017ce przedstawicieli lokalnych i regionalnych instytucji kultury, organizacji pozarz\u0105dowych, muze\u00f3w, przedsi\u0119biorc\u00f3w, aktywist\u00f3w. Zarz\u0105dzanie dziedzictwem wymaga wsp\u00f3\u0142pracy wielu lokalnych&nbsp; podmiot\u00f3w - dziedzictwo jest obecne w wielu dziedzinach \u017cycia gminy. Szkolenie jest interdyscyplinarne, prowadzone przez ekspert\u00f3w z r\u00f3\u017cnych dziedzin. Pokazujemy, jak je efektywnie wykorzysta\u0107 dziedzictwo w rozwoju lokalnym.<\/p>\n<!-- \/wp:paragraph -->\n\n<!-- wp:paragraph -->\n<p><strong>Szkolenie dla zarejestrowanych uczestnik\u00f3w odb\u0119dzie si\u0119 online w trybie modu\u0142owym, w dniach 25 i 29 listopada oraz 1, 3 i 6 grudnia br.<\/strong> Nale\u017cy zarejestrowa\u0107 si\u0119 na ka\u017cdy dzie\u0144 szkoleniowy oddzielnie. System rejestruje obecno\u015b\u0107 zapisanych uczestnik\u00f3w na szkoleniu w kolejnych dniach, co pozwala na wydanie certyfikat\u00f3w uczestnictwa zainteresowanym osobom.<\/p>\n<!-- \/wp:paragraph -->\n\n<!-- wp:paragraph -->\n<p><strong>Linki rejestracyjne:<\/strong><br><strong>Dzie\u0144 1<\/strong>:&nbsp;<a href=\"https:\/\/app.livewebinar.com\/127-668-375\">https:\/\/app.livewebinar.com\/127-668-375<\/a><br><strong>Dzie\u0144 2<\/strong>:<a href=\"https:\/\/app.livewebinar.com\/276-045-686\">&nbsp;https:\/\/app.livewebinar.com\/276-045-686<\/a><br><strong>Dzie\u0144 3<\/strong>:&nbsp;<a href=\"https:\/\/app.livewebinar.com\/815-690-314\">https:\/\/app.livewebinar.com\/815-690-314<\/a><br><strong>Dzie\u0144 4<\/strong>:&nbsp;<a href=\"https:\/\/app.livewebinar.com\/199-293-472\">https:\/\/app.livewebinar.com\/199-293-472<\/a><br><strong>Dzie\u0144 5<\/strong>:&nbsp;<a href=\"https:\/\/app.livewebinar.com\/536-742-284\">https:\/\/app.livewebinar.com\/536-742-284<\/a><\/p>\n<!-- \/wp:paragraph -->\n\n<!-- wp:paragraph -->\n<p>Szkolenie jest bezp\u0142atne i nie ma limit\u00f3w liczby zg\u0142osze\u0144 z jednej organizacji.<\/p>\n<!-- \/wp:paragraph -->\n\n<!-- wp:paragraph -->\n<p><em>W razie pyta\u0144 prosimy o kontakt: Aleksandra Chabiera, e-mail:&nbsp;<a href=\"http:\">achabiera@nid.pl<\/a><\/em><\/p>\n<!-- \/wp:paragraph -->\n\n<!-- wp:file {\"id\":2738,\"href\":\"https:\/\/nid.pl\/wp-content\/uploads\/2021\/11\/broszuraSzkolenia_Zarzadzanie-dziedzictwem-z-rewitalizacja_Internet-1.pdf\",\"showDownloadButton\":false} -->\n<div class=\"wp-block-file\"><a href=\"https:\/\/nid.pl\/wp-content\/uploads\/2021\/11\/broszuraSzkolenia_Zarzadzanie-dziedzictwem-z-rewitalizacja_Internet-1.pdf\" target=\"_blank\" rel=\"noreferrer noopener\">Broszura<\/a><\/div>\n<!-- \/wp:file -->\n\n<!-- wp:file {\"id\":2741,\"href\":\"https:\/\/nid.pl\/wp-content\/uploads\/2021\/11\/NID_Harmonogram-szkolenia-i-linki-do-rejestracji_MAZOWIECKIE.docx\",\"showDownloadButton\":false} -->\n<div class=\"wp-block-file\"><a href=\"https:\/\/nid.pl\/wp-content\/uploads\/2021\/11\/NID_Harmonogram-szkolenia-i-linki-do-rejestracji_MAZOWIECKIE.docx\" target=\"_blank\" rel=\"noreferrer noopener\">Harmonogram<\/a><\/div>\n<!-- \/wp:file -->\n\n<!-- wp:paragraph -->\n<p><\/p>\n<!-- \/wp:paragraph -->","_et_gb_content_width":"","_monsterinsights_skip_tracking":false,"_monsterinsights_sitenote_active":false,"_monsterinsights_sitenote_note":"","_monsterinsights_sitenote_category":0,"footnotes":""},"categories":[3],"tags":[],"class_list":["post-2718","post","type-post","status-publish","format-standard","has-post-thumbnail","hentry","category-aktualnosci"],"yoast_head":"<!-- This site is optimized with the Yoast SEO plugin v26.5 - https:\/\/yoast.com\/wordpress\/plugins\/seo\/ -->\n<title>Szkolenie z rewitalizacji dla wojew\u00f3dztwa mazowieckiego - NID<\/title>\n<meta name=\"robots\" content=\"index, follow, max-snippet:-1, max-image-preview:large, max-video-preview:-1\" \/>\n<link rel=\"canonical\" href=\"https:\/\/nid.pl\/en\/2021\/11\/17\/szkolenie-zarzadzanie-dziedzictwem-lokalnym-i-ujmowanie-dziedzictwa-w-rewitalizacji-dla-gmin-wojewodztwa-mazowieckiego\/\" \/>\n<meta property=\"og:locale\" content=\"en_GB\" \/>\n<meta property=\"og:type\" content=\"article\" \/>\n<meta property=\"og:title\" content=\"Szkolenie z rewitalizacji dla wojew\u00f3dztwa mazowieckiego - NID\" \/>\n<meta property=\"og:description\" content=\"Szkolenie przydatne b\u0119dzie dla urz\u0119dnik\u00f3w gminnych odpowiedzialnych za zabytki, rozw\u00f3j gospodarczy, promocj\u0119, kultur\u0119 i planowanie przestrzenne. Zapraszamy tak\u017ce przedstawicieli lokalnych i regionalnych instytucji kultury, organizacji pozarz\u0105dowych, muze\u00f3w, przedsi\u0119biorc\u00f3w, aktywist\u00f3w. Zarz\u0105dzanie [&hellip;]\" \/>\n<meta property=\"og:url\" content=\"https:\/\/nid.pl\/en\/2021\/11\/17\/szkolenie-zarzadzanie-dziedzictwem-lokalnym-i-ujmowanie-dziedzictwa-w-rewitalizacji-dla-gmin-wojewodztwa-mazowieckiego\/\" \/>\n<meta property=\"og:site_name\" content=\"NID\" \/>\n<meta property=\"article:publisher\" content=\"https:\/\/www.facebook.com\/zabytek\" \/>\n<meta property=\"article:published_time\" content=\"2021-11-17T12:00:00+00:00\" \/>\n<meta property=\"article:modified_time\" content=\"2022-02-14T11:52:50+00:00\" \/>\n<meta property=\"og:image\" content=\"https:\/\/nid.pl\/wp-content\/uploads\/2021\/11\/Grafika-szkolenia-z-rewitalizacji.jpg\" \/>\n\t<meta property=\"og:image:width\" content=\"1247\" \/>\n\t<meta property=\"og:image:height\" content=\"879\" \/>\n\t<meta property=\"og:image:type\" content=\"image\/jpeg\" \/>\n<meta name=\"author\" content=\"Paulina Soboniak\" \/>\n<meta name=\"twitter:card\" content=\"summary_large_image\" \/>\n<meta name=\"twitter:creator\" content=\"@NarIDpl\" \/>\n<meta name=\"twitter:site\" content=\"@NarIDpl\" \/>\n<meta name=\"twitter:label1\" content=\"Written by\" \/>\n\t<meta name=\"twitter:data1\" content=\"Paulina Soboniak\" \/>\n\t<meta name=\"twitter:label2\" content=\"Estimated reading time\" \/>\n\t<meta name=\"twitter:data2\" content=\"1 minute\" \/>\n<script type=\"application\/ld+json\" class=\"yoast-schema-graph\">{\"@context\":\"https:\/\/schema.org\",\"@graph\":[{\"@type\":\"Article\",\"@id\":\"https:\/\/nid.pl\/2021\/11\/17\/szkolenie-zarzadzanie-dziedzictwem-lokalnym-i-ujmowanie-dziedzictwa-w-rewitalizacji-dla-gmin-wojewodztwa-mazowieckiego\/#article\",\"isPartOf\":{\"@id\":\"https:\/\/nid.pl\/2021\/11\/17\/szkolenie-zarzadzanie-dziedzictwem-lokalnym-i-ujmowanie-dziedzictwa-w-rewitalizacji-dla-gmin-wojewodztwa-mazowieckiego\/\"},\"author\":{\"name\":\"Paulina Soboniak\",\"@id\":\"https:\/\/nid.pl\/#\/schema\/person\/63074d6576b98de2c15b1d8543283f96\"},\"headline\":\"Szkolenie z rewitalizacji dla wojew\u00f3dztwa mazowieckiego\",\"datePublished\":\"2021-11-17T12:00:00+00:00\",\"dateModified\":\"2022-02-14T11:52:50+00:00\",\"mainEntityOfPage\":{\"@id\":\"https:\/\/nid.pl\/2021\/11\/17\/szkolenie-zarzadzanie-dziedzictwem-lokalnym-i-ujmowanie-dziedzictwa-w-rewitalizacji-dla-gmin-wojewodztwa-mazowieckiego\/\"},\"wordCount\":269,\"commentCount\":0,\"publisher\":{\"@id\":\"https:\/\/nid.pl\/#organization\"},\"image\":{\"@id\":\"https:\/\/nid.pl\/2021\/11\/17\/szkolenie-zarzadzanie-dziedzictwem-lokalnym-i-ujmowanie-dziedzictwa-w-rewitalizacji-dla-gmin-wojewodztwa-mazowieckiego\/#primaryimage\"},\"thumbnailUrl\":\"https:\/\/nid.pl\/wp-content\/uploads\/2021\/11\/Grafika-szkolenia-z-rewitalizacji.jpg\",\"articleSection\":[\"Aktualno\u015bci\"],\"inLanguage\":\"en-GB\"},{\"@type\":\"WebPage\",\"@id\":\"https:\/\/nid.pl\/2021\/11\/17\/szkolenie-zarzadzanie-dziedzictwem-lokalnym-i-ujmowanie-dziedzictwa-w-rewitalizacji-dla-gmin-wojewodztwa-mazowieckiego\/\",\"url\":\"https:\/\/nid.pl\/2021\/11\/17\/szkolenie-zarzadzanie-dziedzictwem-lokalnym-i-ujmowanie-dziedzictwa-w-rewitalizacji-dla-gmin-wojewodztwa-mazowieckiego\/\",\"name\":\"Szkolenie z rewitalizacji dla wojew\u00f3dztwa mazowieckiego - NID\",\"isPartOf\":{\"@id\":\"https:\/\/nid.pl\/#website\"},\"primaryImageOfPage\":{\"@id\":\"https:\/\/nid.pl\/2021\/11\/17\/szkolenie-zarzadzanie-dziedzictwem-lokalnym-i-ujmowanie-dziedzictwa-w-rewitalizacji-dla-gmin-wojewodztwa-mazowieckiego\/#primaryimage\"},\"image\":{\"@id\":\"https:\/\/nid.pl\/2021\/11\/17\/szkolenie-zarzadzanie-dziedzictwem-lokalnym-i-ujmowanie-dziedzictwa-w-rewitalizacji-dla-gmin-wojewodztwa-mazowieckiego\/#primaryimage\"},\"thumbnailUrl\":\"https:\/\/nid.pl\/wp-content\/uploads\/2021\/11\/Grafika-szkolenia-z-rewitalizacji.jpg\",\"datePublished\":\"2021-11-17T12:00:00+00:00\",\"dateModified\":\"2022-02-14T11:52:50+00:00\",\"breadcrumb\":{\"@id\":\"https:\/\/nid.pl\/2021\/11\/17\/szkolenie-zarzadzanie-dziedzictwem-lokalnym-i-ujmowanie-dziedzictwa-w-rewitalizacji-dla-gmin-wojewodztwa-mazowieckiego\/#breadcrumb\"},\"inLanguage\":\"en-GB\",\"potentialAction\":[{\"@type\":\"ReadAction\",\"target\":[\"https:\/\/nid.pl\/2021\/11\/17\/szkolenie-zarzadzanie-dziedzictwem-lokalnym-i-ujmowanie-dziedzictwa-w-rewitalizacji-dla-gmin-wojewodztwa-mazowieckiego\/\"]}]},{\"@type\":\"ImageObject\",\"inLanguage\":\"en-GB\",\"@id\":\"https:\/\/nid.pl\/2021\/11\/17\/szkolenie-zarzadzanie-dziedzictwem-lokalnym-i-ujmowanie-dziedzictwa-w-rewitalizacji-dla-gmin-wojewodztwa-mazowieckiego\/#primaryimage\",\"url\":\"https:\/\/nid.pl\/wp-content\/uploads\/2021\/11\/Grafika-szkolenia-z-rewitalizacji.jpg\",\"contentUrl\":\"https:\/\/nid.pl\/wp-content\/uploads\/2021\/11\/Grafika-szkolenia-z-rewitalizacji.jpg\",\"width\":1247,\"height\":879,\"caption\":\"Grafika szkolenia z rewitalizacji\"},{\"@type\":\"BreadcrumbList\",\"@id\":\"https:\/\/nid.pl\/2021\/11\/17\/szkolenie-zarzadzanie-dziedzictwem-lokalnym-i-ujmowanie-dziedzictwa-w-rewitalizacji-dla-gmin-wojewodztwa-mazowieckiego\/#breadcrumb\",\"itemListElement\":[{\"@type\":\"ListItem\",\"position\":1,\"name\":\"Home\",\"item\":\"https:\/\/nid.pl\/\"},{\"@type\":\"ListItem\",\"position\":2,\"name\":\"Szkolenie z rewitalizacji dla wojew\u00f3dztwa mazowieckiego\"}]},{\"@type\":\"WebSite\",\"@id\":\"https:\/\/nid.pl\/#website\",\"url\":\"https:\/\/nid.pl\/\",\"name\":\"NID\",\"description\":\"Narodowy Instytut Dziedzictwa\",\"publisher\":{\"@id\":\"https:\/\/nid.pl\/#organization\"},\"potentialAction\":[{\"@type\":\"SearchAction\",\"target\":{\"@type\":\"EntryPoint\",\"urlTemplate\":\"https:\/\/nid.pl\/?s={search_term_string}\"},\"query-input\":{\"@type\":\"PropertyValueSpecification\",\"valueRequired\":true,\"valueName\":\"search_term_string\"}}],\"inLanguage\":\"en-GB\"},{\"@type\":\"Organization\",\"@id\":\"https:\/\/nid.pl\/#organization\",\"name\":\"Narodowy Instytut Dziedzictwa\",\"url\":\"https:\/\/nid.pl\/\",\"logo\":{\"@type\":\"ImageObject\",\"inLanguage\":\"en-GB\",\"@id\":\"https:\/\/nid.pl\/#\/schema\/logo\/image\/\",\"url\":\"https:\/\/nid.pl\/wp-content\/uploads\/2022\/10\/logoRedDark.png\",\"contentUrl\":\"https:\/\/nid.pl\/wp-content\/uploads\/2022\/10\/logoRedDark.png\",\"width\":200,\"height\":197,\"caption\":\"Narodowy Instytut Dziedzictwa\"},\"image\":{\"@id\":\"https:\/\/nid.pl\/#\/schema\/logo\/image\/\"},\"sameAs\":[\"https:\/\/www.facebook.com\/zabytek\",\"https:\/\/x.com\/NarIDpl\",\"https:\/\/www.instagram.com\/nid.pl\/?hl=pl\",\"https:\/\/www.linkedin.com\/company\/narodowy-instytut-dziedzictwa\",\"https:\/\/www.youtube.com\/channel\/UCQXuhKa2uHtmNvLRUSx40JA\"]},{\"@type\":\"Person\",\"@id\":\"https:\/\/nid.pl\/#\/schema\/person\/63074d6576b98de2c15b1d8543283f96\",\"name\":\"Paulina Soboniak\",\"image\":{\"@type\":\"ImageObject\",\"inLanguage\":\"en-GB\",\"@id\":\"https:\/\/nid.pl\/#\/schema\/person\/image\/\",\"url\":\"https:\/\/nid.pl\/wp-content\/litespeed\/avatar\/1d5bf3174a401c0cc1488d0950e56c05.jpg?ver=1776843535\",\"contentUrl\":\"https:\/\/nid.pl\/wp-content\/litespeed\/avatar\/1d5bf3174a401c0cc1488d0950e56c05.jpg?ver=1776843535\",\"caption\":\"Paulina Soboniak\"},\"url\":\"https:\/\/nid.pl\/en\/author\/psoboniak\/\"}]}<\/script>\n<!-- \/ Yoast SEO plugin. -->","yoast_head_json":{"title":"Szkolenie z rewitalizacji dla wojew\u00f3dztwa mazowieckiego - NID","robots":{"index":"index","follow":"follow","max-snippet":"max-snippet:-1","max-image-preview":"max-image-preview:large","max-video-preview":"max-video-preview:-1"},"canonical":"https:\/\/nid.pl\/en\/2021\/11\/17\/szkolenie-zarzadzanie-dziedzictwem-lokalnym-i-ujmowanie-dziedzictwa-w-rewitalizacji-dla-gmin-wojewodztwa-mazowieckiego\/","og_locale":"en_GB","og_type":"article","og_title":"Szkolenie z rewitalizacji dla wojew\u00f3dztwa mazowieckiego - NID","og_description":"Szkolenie przydatne b\u0119dzie dla urz\u0119dnik\u00f3w gminnych odpowiedzialnych za zabytki, rozw\u00f3j gospodarczy, promocj\u0119, kultur\u0119 i planowanie przestrzenne. Zapraszamy tak\u017ce przedstawicieli lokalnych i regionalnych instytucji kultury, organizacji pozarz\u0105dowych, muze\u00f3w, przedsi\u0119biorc\u00f3w, aktywist\u00f3w. Zarz\u0105dzanie [&hellip;]","og_url":"https:\/\/nid.pl\/en\/2021\/11\/17\/szkolenie-zarzadzanie-dziedzictwem-lokalnym-i-ujmowanie-dziedzictwa-w-rewitalizacji-dla-gmin-wojewodztwa-mazowieckiego\/","og_site_name":"NID","article_publisher":"https:\/\/www.facebook.com\/zabytek","article_published_time":"2021-11-17T12:00:00+00:00","article_modified_time":"2022-02-14T11:52:50+00:00","og_image":[{"width":1247,"height":879,"url":"https:\/\/nid.pl\/wp-content\/uploads\/2021\/11\/Grafika-szkolenia-z-rewitalizacji.jpg","type":"image\/jpeg"}],"author":"Paulina Soboniak","twitter_card":"summary_large_image","twitter_creator":"@NarIDpl","twitter_site":"@NarIDpl","twitter_misc":{"Written by":"Paulina Soboniak","Estimated reading time":"1 minute"},"schema":{"@context":"https:\/\/schema.org","@graph":[{"@type":"Article","@id":"https:\/\/nid.pl\/2021\/11\/17\/szkolenie-zarzadzanie-dziedzictwem-lokalnym-i-ujmowanie-dziedzictwa-w-rewitalizacji-dla-gmin-wojewodztwa-mazowieckiego\/#article","isPartOf":{"@id":"https:\/\/nid.pl\/2021\/11\/17\/szkolenie-zarzadzanie-dziedzictwem-lokalnym-i-ujmowanie-dziedzictwa-w-rewitalizacji-dla-gmin-wojewodztwa-mazowieckiego\/"},"author":{"name":"Paulina Soboniak","@id":"https:\/\/nid.pl\/#\/schema\/person\/63074d6576b98de2c15b1d8543283f96"},"headline":"Szkolenie z rewitalizacji dla wojew\u00f3dztwa mazowieckiego","datePublished":"2021-11-17T12:00:00+00:00","dateModified":"2022-02-14T11:52:50+00:00","mainEntityOfPage":{"@id":"https:\/\/nid.pl\/2021\/11\/17\/szkolenie-zarzadzanie-dziedzictwem-lokalnym-i-ujmowanie-dziedzictwa-w-rewitalizacji-dla-gmin-wojewodztwa-mazowieckiego\/"},"wordCount":269,"commentCount":0,"publisher":{"@id":"https:\/\/nid.pl\/#organization"},"image":{"@id":"https:\/\/nid.pl\/2021\/11\/17\/szkolenie-zarzadzanie-dziedzictwem-lokalnym-i-ujmowanie-dziedzictwa-w-rewitalizacji-dla-gmin-wojewodztwa-mazowieckiego\/#primaryimage"},"thumbnailUrl":"https:\/\/nid.pl\/wp-content\/uploads\/2021\/11\/Grafika-szkolenia-z-rewitalizacji.jpg","articleSection":["Aktualno\u015bci"],"inLanguage":"en-GB"},{"@type":"WebPage","@id":"https:\/\/nid.pl\/2021\/11\/17\/szkolenie-zarzadzanie-dziedzictwem-lokalnym-i-ujmowanie-dziedzictwa-w-rewitalizacji-dla-gmin-wojewodztwa-mazowieckiego\/","url":"https:\/\/nid.pl\/2021\/11\/17\/szkolenie-zarzadzanie-dziedzictwem-lokalnym-i-ujmowanie-dziedzictwa-w-rewitalizacji-dla-gmin-wojewodztwa-mazowieckiego\/","name":"Szkolenie z rewitalizacji dla wojew\u00f3dztwa mazowieckiego - NID","isPartOf":{"@id":"https:\/\/nid.pl\/#website"},"primaryImageOfPage":{"@id":"https:\/\/nid.pl\/2021\/11\/17\/szkolenie-zarzadzanie-dziedzictwem-lokalnym-i-ujmowanie-dziedzictwa-w-rewitalizacji-dla-gmin-wojewodztwa-mazowieckiego\/#primaryimage"},"image":{"@id":"https:\/\/nid.pl\/2021\/11\/17\/szkolenie-zarzadzanie-dziedzictwem-lokalnym-i-ujmowanie-dziedzictwa-w-rewitalizacji-dla-gmin-wojewodztwa-mazowieckiego\/#primaryimage"},"thumbnailUrl":"https:\/\/nid.pl\/wp-content\/uploads\/2021\/11\/Grafika-szkolenia-z-rewitalizacji.jpg","datePublished":"2021-11-17T12:00:00+00:00","dateModified":"2022-02-14T11:52:50+00:00","breadcrumb":{"@id":"https:\/\/nid.pl\/2021\/11\/17\/szkolenie-zarzadzanie-dziedzictwem-lokalnym-i-ujmowanie-dziedzictwa-w-rewitalizacji-dla-gmin-wojewodztwa-mazowieckiego\/#breadcrumb"},"inLanguage":"en-GB","potentialAction":[{"@type":"ReadAction","target":["https:\/\/nid.pl\/2021\/11\/17\/szkolenie-zarzadzanie-dziedzictwem-lokalnym-i-ujmowanie-dziedzictwa-w-rewitalizacji-dla-gmin-wojewodztwa-mazowieckiego\/"]}]},{"@type":"ImageObject","inLanguage":"en-GB","@id":"https:\/\/nid.pl\/2021\/11\/17\/szkolenie-zarzadzanie-dziedzictwem-lokalnym-i-ujmowanie-dziedzictwa-w-rewitalizacji-dla-gmin-wojewodztwa-mazowieckiego\/#primaryimage","url":"https:\/\/nid.pl\/wp-content\/uploads\/2021\/11\/Grafika-szkolenia-z-rewitalizacji.jpg","contentUrl":"https:\/\/nid.pl\/wp-content\/uploads\/2021\/11\/Grafika-szkolenia-z-rewitalizacji.jpg","width":1247,"height":879,"caption":"Grafika szkolenia z rewitalizacji"},{"@type":"BreadcrumbList","@id":"https:\/\/nid.pl\/2021\/11\/17\/szkolenie-zarzadzanie-dziedzictwem-lokalnym-i-ujmowanie-dziedzictwa-w-rewitalizacji-dla-gmin-wojewodztwa-mazowieckiego\/#breadcrumb","itemListElement":[{"@type":"ListItem","position":1,"name":"Home","item":"https:\/\/nid.pl\/"},{"@type":"ListItem","position":2,"name":"Szkolenie z rewitalizacji dla wojew\u00f3dztwa mazowieckiego"}]},{"@type":"WebSite","@id":"https:\/\/nid.pl\/#website","url":"https:\/\/nid.pl\/","name":"NID","description":"Narodowy Instytut Dziedzictwa","publisher":{"@id":"https:\/\/nid.pl\/#organization"},"potentialAction":[{"@type":"SearchAction","target":{"@type":"EntryPoint","urlTemplate":"https:\/\/nid.pl\/?s={search_term_string}"},"query-input":{"@type":"PropertyValueSpecification","valueRequired":true,"valueName":"search_term_string"}}],"inLanguage":"en-GB"},{"@type":"Organization","@id":"https:\/\/nid.pl\/#organization","name":"Narodowy Instytut Dziedzictwa","url":"https:\/\/nid.pl\/","logo":{"@type":"ImageObject","inLanguage":"en-GB","@id":"https:\/\/nid.pl\/#\/schema\/logo\/image\/","url":"https:\/\/nid.pl\/wp-content\/uploads\/2022\/10\/logoRedDark.png","contentUrl":"https:\/\/nid.pl\/wp-content\/uploads\/2022\/10\/logoRedDark.png","width":200,"height":197,"caption":"Narodowy Instytut Dziedzictwa"},"image":{"@id":"https:\/\/nid.pl\/#\/schema\/logo\/image\/"},"sameAs":["https:\/\/www.facebook.com\/zabytek","https:\/\/x.com\/NarIDpl","https:\/\/www.instagram.com\/nid.pl\/?hl=pl","https:\/\/www.linkedin.com\/company\/narodowy-instytut-dziedzictwa","https:\/\/www.youtube.com\/channel\/UCQXuhKa2uHtmNvLRUSx40JA"]},{"@type":"Person","@id":"https:\/\/nid.pl\/#\/schema\/person\/63074d6576b98de2c15b1d8543283f96","name":"Paulina Soboniak","image":{"@type":"ImageObject","inLanguage":"en-GB","@id":"https:\/\/nid.pl\/#\/schema\/person\/image\/","url":"https:\/\/nid.pl\/wp-content\/litespeed\/avatar\/1d5bf3174a401c0cc1488d0950e56c05.jpg?ver=1776843535","contentUrl":"https:\/\/nid.pl\/wp-content\/litespeed\/avatar\/1d5bf3174a401c0cc1488d0950e56c05.jpg?ver=1776843535","caption":"Paulina Soboniak"},"url":"https:\/\/nid.pl\/en\/author\/psoboniak\/"}]}},"_links":{"self":[{"href":"https:\/\/nid.pl\/en\/wp-json\/wp\/v2\/posts\/2718","targetHints":{"allow":["GET"]}}],"collection":[{"href":"https:\/\/nid.pl\/en\/wp-json\/wp\/v2\/posts"}],"about":[{"href":"https:\/\/nid.pl\/en\/wp-json\/wp\/v2\/types\/post"}],"author":[{"embeddable":true,"href":"https:\/\/nid.pl\/en\/wp-json\/wp\/v2\/users\/3"}],"replies":[{"embeddable":true,"href":"https:\/\/nid.pl\/en\/wp-json\/wp\/v2\/comments?post=2718"}],"version-history":[{"count":0,"href":"https:\/\/nid.pl\/en\/wp-json\/wp\/v2\/posts\/2718\/revisions"}],"wp:featuredmedia":[{"embeddable":true,"href":"https:\/\/nid.pl\/en\/wp-json\/wp\/v2\/media\/2762"}],"wp:attachment":[{"href":"https:\/\/nid.pl\/en\/wp-json\/wp\/v2\/media?parent=2718"}],"wp:term":[{"taxonomy":"category","embeddable":true,"href":"https:\/\/nid.pl\/en\/wp-json\/wp\/v2\/categories?post=2718"},{"taxonomy":"post_tag","embeddable":true,"href":"https:\/\/nid.pl\/en\/wp-json\/wp\/v2\/tags?post=2718"}],"curies":[{"name":"wp","href":"https:\/\/api.w.org\/{rel}","templated":true}]}}