{"id":27034,"date":"2025-05-22T10:32:41","date_gmt":"2025-05-22T08:32:41","guid":{"rendered":"https:\/\/nid.pl\/?p=27034"},"modified":"2025-06-06T09:52:34","modified_gmt":"2025-06-06T07:52:34","slug":"inauguracja-europejskich-dni-archeologii-2025-na-ostrowie-lednickim","status":"publish","type":"post","link":"https:\/\/nid.pl\/en\/2025\/05\/22\/inauguracja-europejskich-dni-archeologii-2025-na-ostrowie-lednickim\/","title":{"rendered":"Inauguracja Europejskich Dni Archeologii 2025 na Ostrowie Lednickim\u00a0"},"content":{"rendered":"<p class=\"has-medium-font-size\"><strong>W tym roku og\u00f3lnopolskie obchody Europejskich Dni Archeologii rozpoczn\u0105 si\u0119 oficjalnie 10 czerwca na Ostrowie Lednickim \u2014 miejscu o szczeg\u00f3lnym znaczeniu dla bada\u0144 nad pocz\u0105tkami pa\u0144stwa polskiego. To w\u0142a\u015bnie tam spotkamy si\u0119, by wsp\u00f3lnie zastanowi\u0107 si\u0119 nad rol\u0105 archeologii w odkrywaniu naszych najdawniejszych dziej\u00f3w.&nbsp;<\/strong><\/p>\n\n\n\n<p>Wystawy, wyk\u0142ady, warsztaty terenowe, pikniki rodzinne, spacery archeologiczne, a tak\u017ce mo\u017cliwo\u015b\u0107 zajrzenia za kulisy pracy badaczy \u2013 to tylko niekt\u00f3re z atrakcji, jakie przygotowuj\u0105 w ramach<strong> EDA<\/strong> muzea, instytuty, uczelnie i stowarzyszenia z ca\u0142ej Polski.&nbsp;<\/p>\n\n\n\n<p>Tegoroczna edycja nabiera szczeg\u00f3lnego znaczenia \u2013 <strong>wpisuje si\u0119 w jubileusz 1000-lecia koronacji Boles\u0142awa Chrobrego<\/strong>. To wyj\u0105tkowa okazja, by poprzez materialne \u015blady przesz\u0142o\u015bci lepiej zrozumie\u0107, jak kszta\u0142towa\u0142a si\u0119 to\u017csamo\u015b\u0107 \u015bredniowiecznej Polski.&nbsp;<\/p>\n\n\n\n<p>Nieprzypadkowo wyb\u00f3r miejsca inauguracji pad\u0142 na <a href=\"https:\/\/zabytek.pl\/pl\/obiekty\/rybitwy-wyspa-ostrow-lednicki\" target=\"_blank\" rel=\"noreferrer noopener\"><strong>Ostr\u00f3w Lednicki \u2013 pomnik historii<\/strong><\/a> i jedno z najwa\u017cniejszych stanowisk archeologicznych w kraju. Relikty wczesnopiastowskiego grodu i zespo\u0142u pa\u0142acowo-sakralnego, kt\u00f3re wielu badaczy wi\u0105\u017ce z chrztem Mieszka I, stanowi\u0105 kluczowy punkt opowie\u015bci o <strong>narodzinach polskiej pa\u0144stwowo\u015bci.<\/strong>&nbsp;<\/p>\n\n\n\n<p>To w\u0142a\u015bnie tutaj, <strong>10 czerwca, <\/strong>odb\u0119dzie si\u0119 uroczysta<strong> inauguracja Europejskich Dni Archeologii 2025<\/strong>. W programie m.in. spotkanie po\u015bwi\u0119cone stanowiskom z epoki Piast\u00f3w, rozmowy o popularyzacji archeologii oraz prezentacja wniosk\u00f3w p\u0142yn\u0105cych z dotychczasowych edycji EDA. Zapraszamy tak\u017ce na archeologiczny spacer po Wczesnopiastowskiej Rezydencji. Wsp\u00f3\u0142organizatorem i gospodarzem wydarzenia jest Muzeum Pierwszych Piast\u00f3w na Lednicy.&nbsp;<\/p>\n\n\n\n<p><strong>Download <a href=\"https:\/\/nid.pl\/wp-content\/uploads\/2025\/06\/EDA_program_ver_6.pdf\" target=\"_blank\" rel=\"noreferrer noopener\">Program wydarzenia<\/a><\/strong><br><strong>Udzia\u0142 w inauguracji jest bezp\u0142atny, obowi\u0105zuje wcze\u015bniejsza rejestracja: <\/strong><a href=\"https:\/\/rejestracja.nid.pl\/inauguracja_eda_2025\" target=\"_blank\" rel=\"noreferrer noopener\"><strong>Zarejestruj si\u0119<\/strong><\/a><\/p>\n\n\n\n<p>Wydarzenie b\u0119dzie transmitowane na naszym profilu na <a href=\"https:\/\/www.facebook.com\/zabytek\" target=\"_blank\" rel=\"noreferrer noopener\"><strong>Facebook\u2019u.<\/strong><\/a>&nbsp;<\/p>\n\n\n\n<p>Europejskie Dni Archeologii, obecne&nbsp;w Polsce od 2019 roku, wywodz\u0105 si\u0119 z inicjatywy francuskiego Narodowego Instytutu Archeologicznych Bada\u0144 Ratowniczych (Inrap), kt\u00f3ry zainaugurowa\u0142 je w 2010 roku. Wydarzenie cieszy si\u0119 rosn\u0105cym zainteresowaniem: w 2023 roku w EDA w Polsce wzi\u0119\u0142o udzia\u0142 ponad 50 instytucji, organizuj\u0105c 115 wydarze\u0144. Rok p\u00f3\u017aniej liczba organizator\u00f3w wzros\u0142a do 65, a liczba wydarze\u0144 przekroczy\u0142a 150.&nbsp;<\/p>\n\n\n\n<p><strong>Europejskie Dni Archeologii 2025 odb\u0119d\u0105 si\u0119 w weekend 13 &#8211; 15 czerwca 2025.<\/strong>&nbsp;<\/p>\n\n\n\n<p>Wszystkie dost\u0119pne <strong>wydarzenia<\/strong> sprawdzisz na tej li\u015bcie &#8211; <a href=\"https:\/\/bit.ly\/4cJxIUy\" target=\"_blank\" rel=\"noreferrer noopener\">https:\/\/bit.ly\/4cJxIUy<\/a>&nbsp;<\/p>\n\n\n\n<p>Jako krajowy koordynator EDA z rado\u015bci\u0105 obserwujemy, jak inicjatywa zyskuje coraz wi\u0119kszy zasi\u0119g, inspiruj\u0105c do odkrywania lokalnego dziedzictwa i zacie\u015bniania wi\u0119zi z przesz\u0142o\u015bci\u0105. Mamy nadziej\u0119, \u017ce tegoroczna edycja b\u0119dzie rekordowa \u2014 zar\u00f3wno pod wzgl\u0119dem liczby uczestnik\u00f3w, jak i r\u00f3\u017cnorodno\u015bci wydarze\u0144.&nbsp;<\/p>\n\n\n\n<p>Europejskie Dni Archeologii 2025 obj\u0119te s\u0105 patronatem honorowym Ministra Kultury i Dziedzictwa Narodowego.<br>Patronem Europejskich Dni Archeologii jest Alain Berset, Sekretarz Generalny Rady Europy.\u00a0<br>Patronami medialnymi inauguracji s\u0105 TVP Info, TVP 3 Pozna\u0144, Polskie Radio oraz magazyn <em>Archeologia \u017bywa<\/em>.\u00a0<\/p>\n\n\n\n<p><\/p>\n\n\n\n<figure data-wp-context=\"{&quot;imageId&quot;:&quot;69f5da062f693&quot;}\" data-wp-interactive=\"core\/image\" data-wp-key=\"69f5da062f693\" class=\"wp-block-image aligncenter size-large is-resized wp-lightbox-container\"><img loading=\"lazy\" decoding=\"async\" width=\"717\" height=\"1024\" data-wp-class--hide=\"state.isContentHidden\" data-wp-class--show=\"state.isContentVisible\" data-wp-init=\"callbacks.setButtonStyles\" data-wp-on--click=\"actions.showLightbox\" data-wp-on--load=\"callbacks.setButtonStyles\" data-wp-on-window--resize=\"callbacks.setButtonStyles\" src=\"https:\/\/nid.pl\/wp-content\/uploads\/2025\/06\/EDA_plakat_ver_5_A-717x1024.jpg\" alt=\"\" class=\"wp-image-27332\" style=\"width:613px;height:auto\"\/><button\n\t\t\tclass=\"lightbox-trigger\"\n\t\t\ttype=\"button\"\n\t\t\taria-haspopup=\"dialog\"\n\t\t\taria-label=\"Enlarge\"\n\t\t\tdata-wp-init=\"callbacks.initTriggerButton\"\n\t\t\tdata-wp-on--click=\"actions.showLightbox\"\n\t\t\tdata-wp-style--right=\"state.imageButtonRight\"\n\t\t\tdata-wp-style--top=\"state.imageButtonTop\"\n\t\t>\n\t\t\t<svg xmlns=\"http:\/\/www.w3.org\/2000\/svg\" width=\"12\" height=\"12\" fill=\"none\" viewbox=\"0 0 12 12\">\n\t\t\t\t<path fill=\"#fff\" d=\"M2 0a2 2 0 0 0-2 2v2h1.5V2a.5.5 0 0 1 .5-.5h2V0H2Zm2 10.5H2a.5.5 0 0 1-.5-.5V8H0v2a2 2 0 0 0 2 2h2v-1.5ZM8 12v-1.5h2a.5.5 0 0 0 .5-.5V8H12v2a2 2 0 0 1-2 2H8Zm2-12a2 2 0 0 1 2 2v2h-1.5V2a.5.5 0 0 0-.5-.5H8V0h2Z\" \/>\n\t\t\t<\/svg>\n\t\t<\/button><\/figure>","protected":false},"excerpt":{"rendered":"<p>W tym roku og\u00f3lnopolskie obchody Europejskich Dni Archeologii rozpoczn\u0105 si\u0119 oficjalnie 10 czerwca na Ostrowie Lednickim \u2014 miejscu o szczeg\u00f3lnym znaczeniu dla bada\u0144 nad pocz\u0105tkami pa\u0144stwa polskiego. To w\u0142a\u015bnie tam [&hellip;]<\/p>","protected":false},"author":15,"featured_media":27035,"comment_status":"closed","ping_status":"closed","sticky":false,"template":"","format":"standard","meta":{"_et_pb_use_builder":"off","_et_pb_old_content":"","_et_gb_content_width":"","_monsterinsights_skip_tracking":false,"_monsterinsights_sitenote_active":false,"_monsterinsights_sitenote_note":"","_monsterinsights_sitenote_category":0,"footnotes":""},"categories":[3,79],"tags":[],"class_list":["post-27034","post","type-post","status-publish","format-standard","has-post-thumbnail","hentry","category-aktualnosci","category-europejskie-dni-archeologii"],"yoast_head":"<!-- This site is optimized with the Yoast SEO plugin v26.5 - https:\/\/yoast.com\/wordpress\/plugins\/seo\/ -->\n<title>Inauguracja Europejskich Dni Archeologii 2025 na Ostrowie Lednickim\u00a0 - NID<\/title>\n<meta name=\"robots\" content=\"index, follow, max-snippet:-1, max-image-preview:large, max-video-preview:-1\" \/>\n<link rel=\"canonical\" href=\"https:\/\/nid.pl\/en\/2025\/05\/22\/inauguracja-europejskich-dni-archeologii-2025-na-ostrowie-lednickim\/\" \/>\n<meta property=\"og:locale\" content=\"en_GB\" \/>\n<meta property=\"og:type\" content=\"article\" \/>\n<meta property=\"og:title\" content=\"Inauguracja Europejskich Dni Archeologii 2025 na Ostrowie Lednickim\u00a0 - NID\" \/>\n<meta property=\"og:description\" content=\"W tym roku og\u00f3lnopolskie obchody Europejskich Dni Archeologii rozpoczn\u0105 si\u0119 oficjalnie 10 czerwca na Ostrowie Lednickim \u2014 miejscu o szczeg\u00f3lnym znaczeniu dla bada\u0144 nad pocz\u0105tkami pa\u0144stwa polskiego. To w\u0142a\u015bnie tam [&hellip;]\" \/>\n<meta property=\"og:url\" content=\"https:\/\/nid.pl\/en\/2025\/05\/22\/inauguracja-europejskich-dni-archeologii-2025-na-ostrowie-lednickim\/\" \/>\n<meta property=\"og:site_name\" content=\"NID\" \/>\n<meta property=\"article:publisher\" content=\"https:\/\/www.facebook.com\/zabytek\" \/>\n<meta property=\"article:published_time\" content=\"2025-05-22T08:32:41+00:00\" \/>\n<meta property=\"article:modified_time\" content=\"2025-06-06T07:52:34+00:00\" \/>\n<meta property=\"og:image\" content=\"https:\/\/nid.pl\/wp-content\/uploads\/2025\/05\/EDA_Miniatura_1.jpg\" \/>\n\t<meta property=\"og:image:width\" content=\"980\" \/>\n\t<meta property=\"og:image:height\" content=\"653\" \/>\n\t<meta property=\"og:image:type\" content=\"image\/jpeg\" \/>\n<meta name=\"author\" content=\"Monika Ciura\" \/>\n<meta name=\"twitter:card\" content=\"summary_large_image\" \/>\n<meta name=\"twitter:creator\" content=\"@NarIDpl\" \/>\n<meta name=\"twitter:site\" content=\"@NarIDpl\" \/>\n<meta name=\"twitter:label1\" content=\"Written by\" \/>\n\t<meta name=\"twitter:data1\" content=\"Monika Ciura\" \/>\n\t<meta name=\"twitter:label2\" content=\"Estimated reading time\" \/>\n\t<meta name=\"twitter:data2\" content=\"3 minutes\" \/>\n<script type=\"application\/ld+json\" class=\"yoast-schema-graph\">{\"@context\":\"https:\/\/schema.org\",\"@graph\":[{\"@type\":\"Article\",\"@id\":\"https:\/\/nid.pl\/2025\/05\/22\/inauguracja-europejskich-dni-archeologii-2025-na-ostrowie-lednickim\/#article\",\"isPartOf\":{\"@id\":\"https:\/\/nid.pl\/2025\/05\/22\/inauguracja-europejskich-dni-archeologii-2025-na-ostrowie-lednickim\/\"},\"author\":{\"name\":\"Monika Ciura\",\"@id\":\"https:\/\/nid.pl\/#\/schema\/person\/ab9abea4caecdccde4fb0d555271145f\"},\"headline\":\"Inauguracja Europejskich Dni Archeologii 2025 na Ostrowie Lednickim\u00a0\",\"datePublished\":\"2025-05-22T08:32:41+00:00\",\"dateModified\":\"2025-06-06T07:52:34+00:00\",\"mainEntityOfPage\":{\"@id\":\"https:\/\/nid.pl\/2025\/05\/22\/inauguracja-europejskich-dni-archeologii-2025-na-ostrowie-lednickim\/\"},\"wordCount\":458,\"publisher\":{\"@id\":\"https:\/\/nid.pl\/#organization\"},\"image\":{\"@id\":\"https:\/\/nid.pl\/2025\/05\/22\/inauguracja-europejskich-dni-archeologii-2025-na-ostrowie-lednickim\/#primaryimage\"},\"thumbnailUrl\":\"https:\/\/nid.pl\/wp-content\/uploads\/2025\/05\/EDA_Miniatura_1.jpg\",\"articleSection\":[\"Aktualno\u015bci\",\"EDA\"],\"inLanguage\":\"en-GB\"},{\"@type\":\"WebPage\",\"@id\":\"https:\/\/nid.pl\/2025\/05\/22\/inauguracja-europejskich-dni-archeologii-2025-na-ostrowie-lednickim\/\",\"url\":\"https:\/\/nid.pl\/2025\/05\/22\/inauguracja-europejskich-dni-archeologii-2025-na-ostrowie-lednickim\/\",\"name\":\"Inauguracja Europejskich Dni Archeologii 2025 na Ostrowie Lednickim\u00a0 - NID\",\"isPartOf\":{\"@id\":\"https:\/\/nid.pl\/#website\"},\"primaryImageOfPage\":{\"@id\":\"https:\/\/nid.pl\/2025\/05\/22\/inauguracja-europejskich-dni-archeologii-2025-na-ostrowie-lednickim\/#primaryimage\"},\"image\":{\"@id\":\"https:\/\/nid.pl\/2025\/05\/22\/inauguracja-europejskich-dni-archeologii-2025-na-ostrowie-lednickim\/#primaryimage\"},\"thumbnailUrl\":\"https:\/\/nid.pl\/wp-content\/uploads\/2025\/05\/EDA_Miniatura_1.jpg\",\"datePublished\":\"2025-05-22T08:32:41+00:00\",\"dateModified\":\"2025-06-06T07:52:34+00:00\",\"breadcrumb\":{\"@id\":\"https:\/\/nid.pl\/2025\/05\/22\/inauguracja-europejskich-dni-archeologii-2025-na-ostrowie-lednickim\/#breadcrumb\"},\"inLanguage\":\"en-GB\",\"potentialAction\":[{\"@type\":\"ReadAction\",\"target\":[\"https:\/\/nid.pl\/2025\/05\/22\/inauguracja-europejskich-dni-archeologii-2025-na-ostrowie-lednickim\/\"]}]},{\"@type\":\"ImageObject\",\"inLanguage\":\"en-GB\",\"@id\":\"https:\/\/nid.pl\/2025\/05\/22\/inauguracja-europejskich-dni-archeologii-2025-na-ostrowie-lednickim\/#primaryimage\",\"url\":\"https:\/\/nid.pl\/wp-content\/uploads\/2025\/05\/EDA_Miniatura_1.jpg\",\"contentUrl\":\"https:\/\/nid.pl\/wp-content\/uploads\/2025\/05\/EDA_Miniatura_1.jpg\",\"width\":980,\"height\":653,\"caption\":\"zdj\u0119cie wyspy Ostr\u00f3w Lednicki z lotu ptaka i napis europejskie dni archeologii 13-14 czerwca 2025\"},{\"@type\":\"BreadcrumbList\",\"@id\":\"https:\/\/nid.pl\/2025\/05\/22\/inauguracja-europejskich-dni-archeologii-2025-na-ostrowie-lednickim\/#breadcrumb\",\"itemListElement\":[{\"@type\":\"ListItem\",\"position\":1,\"name\":\"Home\",\"item\":\"https:\/\/nid.pl\/\"},{\"@type\":\"ListItem\",\"position\":2,\"name\":\"Inauguracja Europejskich Dni Archeologii 2025 na Ostrowie Lednickim\u00a0\"}]},{\"@type\":\"WebSite\",\"@id\":\"https:\/\/nid.pl\/#website\",\"url\":\"https:\/\/nid.pl\/\",\"name\":\"NID\",\"description\":\"Narodowy Instytut Dziedzictwa\",\"publisher\":{\"@id\":\"https:\/\/nid.pl\/#organization\"},\"potentialAction\":[{\"@type\":\"SearchAction\",\"target\":{\"@type\":\"EntryPoint\",\"urlTemplate\":\"https:\/\/nid.pl\/?s={search_term_string}\"},\"query-input\":{\"@type\":\"PropertyValueSpecification\",\"valueRequired\":true,\"valueName\":\"search_term_string\"}}],\"inLanguage\":\"en-GB\"},{\"@type\":\"Organization\",\"@id\":\"https:\/\/nid.pl\/#organization\",\"name\":\"Narodowy Instytut Dziedzictwa\",\"url\":\"https:\/\/nid.pl\/\",\"logo\":{\"@type\":\"ImageObject\",\"inLanguage\":\"en-GB\",\"@id\":\"https:\/\/nid.pl\/#\/schema\/logo\/image\/\",\"url\":\"https:\/\/nid.pl\/wp-content\/uploads\/2022\/10\/logoRedDark.png\",\"contentUrl\":\"https:\/\/nid.pl\/wp-content\/uploads\/2022\/10\/logoRedDark.png\",\"width\":200,\"height\":197,\"caption\":\"Narodowy Instytut Dziedzictwa\"},\"image\":{\"@id\":\"https:\/\/nid.pl\/#\/schema\/logo\/image\/\"},\"sameAs\":[\"https:\/\/www.facebook.com\/zabytek\",\"https:\/\/x.com\/NarIDpl\",\"https:\/\/www.instagram.com\/nid.pl\/?hl=pl\",\"https:\/\/www.linkedin.com\/company\/narodowy-instytut-dziedzictwa\",\"https:\/\/www.youtube.com\/channel\/UCQXuhKa2uHtmNvLRUSx40JA\"]},{\"@type\":\"Person\",\"@id\":\"https:\/\/nid.pl\/#\/schema\/person\/ab9abea4caecdccde4fb0d555271145f\",\"name\":\"Monika Ciura\",\"image\":{\"@type\":\"ImageObject\",\"inLanguage\":\"en-GB\",\"@id\":\"https:\/\/nid.pl\/#\/schema\/person\/image\/\",\"url\":\"https:\/\/nid.pl\/wp-content\/litespeed\/avatar\/bfdb15d1cc317fac4b66bdc91090ff11.jpg?ver=1777445370\",\"contentUrl\":\"https:\/\/nid.pl\/wp-content\/litespeed\/avatar\/bfdb15d1cc317fac4b66bdc91090ff11.jpg?ver=1777445370\",\"caption\":\"Monika Ciura\"},\"url\":\"https:\/\/nid.pl\/en\/author\/mciura\/\"}]}<\/script>\n<!-- \/ Yoast SEO plugin. -->","yoast_head_json":{"title":"Inauguracja Europejskich Dni Archeologii 2025 na Ostrowie Lednickim\u00a0 - NID","robots":{"index":"index","follow":"follow","max-snippet":"max-snippet:-1","max-image-preview":"max-image-preview:large","max-video-preview":"max-video-preview:-1"},"canonical":"https:\/\/nid.pl\/en\/2025\/05\/22\/inauguracja-europejskich-dni-archeologii-2025-na-ostrowie-lednickim\/","og_locale":"en_GB","og_type":"article","og_title":"Inauguracja Europejskich Dni Archeologii 2025 na Ostrowie Lednickim\u00a0 - NID","og_description":"W tym roku og\u00f3lnopolskie obchody Europejskich Dni Archeologii rozpoczn\u0105 si\u0119 oficjalnie 10 czerwca na Ostrowie Lednickim \u2014 miejscu o szczeg\u00f3lnym znaczeniu dla bada\u0144 nad pocz\u0105tkami pa\u0144stwa polskiego. To w\u0142a\u015bnie tam [&hellip;]","og_url":"https:\/\/nid.pl\/en\/2025\/05\/22\/inauguracja-europejskich-dni-archeologii-2025-na-ostrowie-lednickim\/","og_site_name":"NID","article_publisher":"https:\/\/www.facebook.com\/zabytek","article_published_time":"2025-05-22T08:32:41+00:00","article_modified_time":"2025-06-06T07:52:34+00:00","og_image":[{"width":980,"height":653,"url":"https:\/\/nid.pl\/wp-content\/uploads\/2025\/05\/EDA_Miniatura_1.jpg","type":"image\/jpeg"}],"author":"Monika Ciura","twitter_card":"summary_large_image","twitter_creator":"@NarIDpl","twitter_site":"@NarIDpl","twitter_misc":{"Written by":"Monika Ciura","Estimated reading time":"3 minutes"},"schema":{"@context":"https:\/\/schema.org","@graph":[{"@type":"Article","@id":"https:\/\/nid.pl\/2025\/05\/22\/inauguracja-europejskich-dni-archeologii-2025-na-ostrowie-lednickim\/#article","isPartOf":{"@id":"https:\/\/nid.pl\/2025\/05\/22\/inauguracja-europejskich-dni-archeologii-2025-na-ostrowie-lednickim\/"},"author":{"name":"Monika Ciura","@id":"https:\/\/nid.pl\/#\/schema\/person\/ab9abea4caecdccde4fb0d555271145f"},"headline":"Inauguracja Europejskich Dni Archeologii 2025 na Ostrowie Lednickim\u00a0","datePublished":"2025-05-22T08:32:41+00:00","dateModified":"2025-06-06T07:52:34+00:00","mainEntityOfPage":{"@id":"https:\/\/nid.pl\/2025\/05\/22\/inauguracja-europejskich-dni-archeologii-2025-na-ostrowie-lednickim\/"},"wordCount":458,"publisher":{"@id":"https:\/\/nid.pl\/#organization"},"image":{"@id":"https:\/\/nid.pl\/2025\/05\/22\/inauguracja-europejskich-dni-archeologii-2025-na-ostrowie-lednickim\/#primaryimage"},"thumbnailUrl":"https:\/\/nid.pl\/wp-content\/uploads\/2025\/05\/EDA_Miniatura_1.jpg","articleSection":["Aktualno\u015bci","EDA"],"inLanguage":"en-GB"},{"@type":"WebPage","@id":"https:\/\/nid.pl\/2025\/05\/22\/inauguracja-europejskich-dni-archeologii-2025-na-ostrowie-lednickim\/","url":"https:\/\/nid.pl\/2025\/05\/22\/inauguracja-europejskich-dni-archeologii-2025-na-ostrowie-lednickim\/","name":"Inauguracja Europejskich Dni Archeologii 2025 na Ostrowie Lednickim\u00a0 - NID","isPartOf":{"@id":"https:\/\/nid.pl\/#website"},"primaryImageOfPage":{"@id":"https:\/\/nid.pl\/2025\/05\/22\/inauguracja-europejskich-dni-archeologii-2025-na-ostrowie-lednickim\/#primaryimage"},"image":{"@id":"https:\/\/nid.pl\/2025\/05\/22\/inauguracja-europejskich-dni-archeologii-2025-na-ostrowie-lednickim\/#primaryimage"},"thumbnailUrl":"https:\/\/nid.pl\/wp-content\/uploads\/2025\/05\/EDA_Miniatura_1.jpg","datePublished":"2025-05-22T08:32:41+00:00","dateModified":"2025-06-06T07:52:34+00:00","breadcrumb":{"@id":"https:\/\/nid.pl\/2025\/05\/22\/inauguracja-europejskich-dni-archeologii-2025-na-ostrowie-lednickim\/#breadcrumb"},"inLanguage":"en-GB","potentialAction":[{"@type":"ReadAction","target":["https:\/\/nid.pl\/2025\/05\/22\/inauguracja-europejskich-dni-archeologii-2025-na-ostrowie-lednickim\/"]}]},{"@type":"ImageObject","inLanguage":"en-GB","@id":"https:\/\/nid.pl\/2025\/05\/22\/inauguracja-europejskich-dni-archeologii-2025-na-ostrowie-lednickim\/#primaryimage","url":"https:\/\/nid.pl\/wp-content\/uploads\/2025\/05\/EDA_Miniatura_1.jpg","contentUrl":"https:\/\/nid.pl\/wp-content\/uploads\/2025\/05\/EDA_Miniatura_1.jpg","width":980,"height":653,"caption":"zdj\u0119cie wyspy Ostr\u00f3w Lednicki z lotu ptaka i napis europejskie dni archeologii 13-14 czerwca 2025"},{"@type":"BreadcrumbList","@id":"https:\/\/nid.pl\/2025\/05\/22\/inauguracja-europejskich-dni-archeologii-2025-na-ostrowie-lednickim\/#breadcrumb","itemListElement":[{"@type":"ListItem","position":1,"name":"Home","item":"https:\/\/nid.pl\/"},{"@type":"ListItem","position":2,"name":"Inauguracja Europejskich Dni Archeologii 2025 na Ostrowie Lednickim\u00a0"}]},{"@type":"WebSite","@id":"https:\/\/nid.pl\/#website","url":"https:\/\/nid.pl\/","name":"NID","description":"Narodowy Instytut Dziedzictwa","publisher":{"@id":"https:\/\/nid.pl\/#organization"},"potentialAction":[{"@type":"SearchAction","target":{"@type":"EntryPoint","urlTemplate":"https:\/\/nid.pl\/?s={search_term_string}"},"query-input":{"@type":"PropertyValueSpecification","valueRequired":true,"valueName":"search_term_string"}}],"inLanguage":"en-GB"},{"@type":"Organization","@id":"https:\/\/nid.pl\/#organization","name":"Narodowy Instytut Dziedzictwa","url":"https:\/\/nid.pl\/","logo":{"@type":"ImageObject","inLanguage":"en-GB","@id":"https:\/\/nid.pl\/#\/schema\/logo\/image\/","url":"https:\/\/nid.pl\/wp-content\/uploads\/2022\/10\/logoRedDark.png","contentUrl":"https:\/\/nid.pl\/wp-content\/uploads\/2022\/10\/logoRedDark.png","width":200,"height":197,"caption":"Narodowy Instytut Dziedzictwa"},"image":{"@id":"https:\/\/nid.pl\/#\/schema\/logo\/image\/"},"sameAs":["https:\/\/www.facebook.com\/zabytek","https:\/\/x.com\/NarIDpl","https:\/\/www.instagram.com\/nid.pl\/?hl=pl","https:\/\/www.linkedin.com\/company\/narodowy-instytut-dziedzictwa","https:\/\/www.youtube.com\/channel\/UCQXuhKa2uHtmNvLRUSx40JA"]},{"@type":"Person","@id":"https:\/\/nid.pl\/#\/schema\/person\/ab9abea4caecdccde4fb0d555271145f","name":"Monika Ciura","image":{"@type":"ImageObject","inLanguage":"en-GB","@id":"https:\/\/nid.pl\/#\/schema\/person\/image\/","url":"https:\/\/nid.pl\/wp-content\/litespeed\/avatar\/bfdb15d1cc317fac4b66bdc91090ff11.jpg?ver=1777445370","contentUrl":"https:\/\/nid.pl\/wp-content\/litespeed\/avatar\/bfdb15d1cc317fac4b66bdc91090ff11.jpg?ver=1777445370","caption":"Monika Ciura"},"url":"https:\/\/nid.pl\/en\/author\/mciura\/"}]}},"_links":{"self":[{"href":"https:\/\/nid.pl\/en\/wp-json\/wp\/v2\/posts\/27034","targetHints":{"allow":["GET"]}}],"collection":[{"href":"https:\/\/nid.pl\/en\/wp-json\/wp\/v2\/posts"}],"about":[{"href":"https:\/\/nid.pl\/en\/wp-json\/wp\/v2\/types\/post"}],"author":[{"embeddable":true,"href":"https:\/\/nid.pl\/en\/wp-json\/wp\/v2\/users\/15"}],"replies":[{"embeddable":true,"href":"https:\/\/nid.pl\/en\/wp-json\/wp\/v2\/comments?post=27034"}],"version-history":[{"count":0,"href":"https:\/\/nid.pl\/en\/wp-json\/wp\/v2\/posts\/27034\/revisions"}],"wp:featuredmedia":[{"embeddable":true,"href":"https:\/\/nid.pl\/en\/wp-json\/wp\/v2\/media\/27035"}],"wp:attachment":[{"href":"https:\/\/nid.pl\/en\/wp-json\/wp\/v2\/media?parent=27034"}],"wp:term":[{"taxonomy":"category","embeddable":true,"href":"https:\/\/nid.pl\/en\/wp-json\/wp\/v2\/categories?post=27034"},{"taxonomy":"post_tag","embeddable":true,"href":"https:\/\/nid.pl\/en\/wp-json\/wp\/v2\/tags?post=27034"}],"curies":[{"name":"wp","href":"https:\/\/api.w.org\/{rel}","templated":true}]}}