{"id":26897,"date":"2025-05-11T11:19:02","date_gmt":"2025-05-11T09:19:02","guid":{"rendered":"https:\/\/nid.pl\/?p=26897"},"modified":"2025-05-13T10:49:51","modified_gmt":"2025-05-13T08:49:51","slug":"spotkanie-plenarne-partnerow-projektu-triquetra-na-cyprze","status":"publish","type":"post","link":"https:\/\/nid.pl\/en\/2025\/05\/11\/spotkanie-plenarne-partnerow-projektu-triquetra-na-cyprze\/","title":{"rendered":"Spotkanie plenarne partner\u00f3w projektu TRIQUETRA na Cyprze"},"content":{"rendered":"<p class=\"has-medium-font-size\"><strong>Min\u0119\u0142o kolejne p\u00f3\u0142 roku dzia\u0142a\u0144 w ramach europejskiego projektu TRIQUETRA. W dniach 8\u201310 maja nasi eksperci uczestniczyli w spotkaniu plenarnym zorganizowanym przez partner\u00f3w projektu w Muzeum Archeologicznym w Pafos na Cyprze<\/strong><\/p>\n\n\n\n<p><a href=\"https:\/\/nid.pl\/en\/projekt-triquetra\/\">Projekt TRIQUETRA<\/a> ma na celu opracowanie zestawu narz\u0119dzi do oceny i minimalizowania ryzyka zwi\u0105zanego ze skutkami zmian klimatycznych oraz czynnikami naturalnymi zagra\u017caj\u0105cymi dziedzictwu kulturowemu, w szczeg\u00f3lno\u015bci stanowiskom archeologicznym. Bierze w nim udzia\u0142 21 instytucji z ca\u0142ej Europy, a wypracowane rozwi\u0105zania s\u0105 testowane na stanowiskach pilota\u017cowych. Jednym z nich jest osada obronna kultury \u0142u\u017cyckiej znajduj\u0105ca si\u0119 w Smuszewie, nazywana <a href=\"https:\/\/nid.pl\/en\/2023\/12\/28\/projekt-triquetra-czyli-o-tym-jak-chronic-drugi-biskupin-i-inne-stanowiska-archeologiczne-zagrozone-skutkami-zmian-klimatycznych\/\">\u201edrugim Biskupinem\u201d.<\/a><\/p>\n\n\n\n<p>Na ostatnim spotkaniu z partnerami omawiali\u015bmy post\u0119p prac nad projektem. Szczeg\u00f3lnie interesowa\u0142y nas rozwi\u0105zania cyfrowe, takie jak aplikacja \u0142\u0105cz\u0105ca informacje dla turyst\u00f3w z mo\u017cliwo\u015bci\u0105 monitoringu stanowisk archeologicznych za pomoc\u0105 danych przekazywanych przez u\u017cytkownik\u00f3w. Kolejnym wa\u017cnym narz\u0119dziem tworzonym w ramach projektu jest Decision Support System (DSS) \u2013 cyfrowa platforma u\u0142atwiaj\u0105ca wyb\u00f3r najlepszych metod \u0142agodzenia skutk\u00f3w zmian klimatu dla danego stanowiska.<\/p>\n\n\n\n<p>Przedstawiciele partner\u00f3w  projektu zreferowali zadania realizowane na stanowiskach pilota\u017cowych. Uniwersytet Adama Mickiewicza w Poznaniu prowadzi\u0142 monitoring stanowiska w Smuszewie i jego najbli\u017cszego otoczenia metodami nieinwazyjnymi. Z kolei eksperci NID planuj\u0105 powr\u00f3t do Smuszewa i kontynuacj\u0119 dzia\u0142a\u0144 edukacyjnych. Mamy nadziej\u0119, \u017ce do udzia\u0142u uda si\u0119 nam zaprosi\u0107 r\u00f3wnie\u017c zagranicznych uczestnik\u00f3w projektu! Do tej pory zorganizowali\u015bmy m.in. <a href=\"https:\/\/nid.pl\/en\/2024\/05\/07\/spotkania-z-mieszkancami-gminy-damaslawek-triquetra\/\">spotkanie z przedstawicielami gminy Damas\u0142awek<\/a> czy <a href=\"https:\/\/nid.pl\/en\/2024\/09\/30\/piknik-archeologiczny-w-smuszewie-czyli-archeologia-z-powietrza-i-w-wodzie\/\">piknik archeologiczny.<\/a><\/p>\n\n\n\n<p>Uczestnicy spotkania odwiedzili tak\u017ce cypryjskie stanowisko pilota\u017cowe \u2013 osad\u0119 neolityczn\u0105 w Chirokitia oraz ruiny antycznego Nea Pafos. Tu ponownie pojawi\u0142 si\u0119 rodzimy w\u0105tek \u2013 to greckie i rzymskie miasto jest badane od 1965 roku przez polsk\u0105 misj\u0119 archeologiczn\u0105.<\/p>\n\n\n\n<p>Projekt TRIQUETRA Toolbox for assessing and mitigating Climate Change risks and natural hazards threatening Cultural Heritage (TRIQUETRA Zestaw narz\u0119dzi do oceny i minimalizowania ryzyka zwi\u0105zanego ze skutkami zmian klimatycznych i czynnikami naturalnymi zagra\u017caj\u0105cymi dziedzictwu kulturowemu), finansowany jest z unijnego programu Horyzont Europa w zakresie bada\u0144 i innowacji na podstawie umowy nr 101094818.<\/p>\n\n\n\n<p><\/p>\n\n\n\n<figure class=\"wp-block-image size-large\"><img loading=\"lazy\" decoding=\"async\" width=\"1024\" height=\"136\" src=\"https:\/\/nid.pl\/wp-content\/uploads\/2024\/05\/PL-Finansowane-przez-Unie-Europejska_triquetra-1024x136.jpg\" alt=\"belka z logotypami\" class=\"wp-image-18936\" srcset=\"https:\/\/nid.pl\/wp-content\/uploads\/2024\/05\/PL-Finansowane-przez-Unie-Europejska_triquetra-980x130.jpg 980w, https:\/\/nid.pl\/wp-content\/uploads\/2024\/05\/PL-Finansowane-przez-Unie-Europejska_triquetra-480x64.jpg 480w\" sizes=\"(min-width: 0px) and (max-width: 480px) 480px, (min-width: 481px) and (max-width: 980px) 980px, (min-width: 981px) 1024px, 100vw\" \/><\/figure>\n\n\n\n<p><\/p>\n\n\n\n<figure class=\"wp-block-image aligncenter size-large\"><img loading=\"lazy\" decoding=\"async\" width=\"1024\" height=\"683\" src=\"https:\/\/nid.pl\/wp-content\/uploads\/2025\/05\/3L5A3132-1024x683.jpg\" alt=\"\" class=\"wp-image-26903\" srcset=\"https:\/\/nid.pl\/wp-content\/uploads\/2025\/05\/3L5A3132-980x653.jpg 980w, https:\/\/nid.pl\/wp-content\/uploads\/2025\/05\/3L5A3132-480x320.jpg 480w\" sizes=\"(min-width: 0px) and (max-width: 480px) 480px, (min-width: 481px) and (max-width: 980px) 980px, (min-width: 981px) 1024px, 100vw\" \/><figcaption class=\"wp-element-caption\">Prezentacja dr Agnieszki Oniszczuk z NID na spotkaniu plenarnym, fot. NID\/Agnieszka Makowska<\/figcaption><\/figure>\n\n\n\n<p><\/p>\n\n\n\n<figure class=\"wp-block-image aligncenter size-large\"><img loading=\"lazy\" decoding=\"async\" width=\"1024\" height=\"683\" src=\"https:\/\/nid.pl\/wp-content\/uploads\/2025\/05\/3L5A3162-1-1024x683.jpg\" alt=\"\" class=\"wp-image-26901\" srcset=\"https:\/\/nid.pl\/wp-content\/uploads\/2025\/05\/3L5A3162-1-980x653.jpg 980w, https:\/\/nid.pl\/wp-content\/uploads\/2025\/05\/3L5A3162-1-480x320.jpg 480w\" sizes=\"(min-width: 0px) and (max-width: 480px) 480px, (min-width: 481px) and (max-width: 980px) 980px, (min-width: 981px) 1024px, 100vw\" \/><figcaption class=\"wp-element-caption\">Zwiedzanie stanowiska pilota\u017cowego Chirokitia, fot. NID\/Agnieszka Makowska<\/figcaption><\/figure>\n\n\n\n<p><\/p>\n\n\n\n<figure class=\"wp-block-image aligncenter size-large\"><img loading=\"lazy\" decoding=\"async\" width=\"1024\" height=\"683\" src=\"https:\/\/nid.pl\/wp-content\/uploads\/2025\/05\/3L5A3185-1024x683.jpg\" alt=\"\" class=\"wp-image-26902\" srcset=\"https:\/\/nid.pl\/wp-content\/uploads\/2025\/05\/3L5A3185-980x653.jpg 980w, https:\/\/nid.pl\/wp-content\/uploads\/2025\/05\/3L5A3185-480x320.jpg 480w\" sizes=\"(min-width: 0px) and (max-width: 480px) 480px, (min-width: 481px) and (max-width: 980px) 980px, (min-width: 981px) 1024px, 100vw\" \/><figcaption class=\"wp-element-caption\"><br>Zwiedzanie stanowiska pilota\u017cowego Chirokitia, fot. NID\/Agnieszka Makowska<\/figcaption><\/figure>","protected":false},"excerpt":{"rendered":"<p>Min\u0119\u0142o kolejne p\u00f3\u0142 roku dzia\u0142a\u0144 w ramach europejskiego projektu TRIQUETRA. W dniach 8\u201310 maja nasi eksperci uczestniczyli w spotkaniu plenarnym zorganizowanym przez partner\u00f3w projektu w Muzeum Archeologicznym w Pafos na [&hellip;]<\/p>","protected":false},"author":15,"featured_media":26898,"comment_status":"closed","ping_status":"closed","sticky":false,"template":"","format":"standard","meta":{"_et_pb_use_builder":"off","_et_pb_old_content":"","_et_gb_content_width":"","_monsterinsights_skip_tracking":false,"_monsterinsights_sitenote_active":false,"_monsterinsights_sitenote_note":"","_monsterinsights_sitenote_category":0,"footnotes":""},"categories":[3,1],"tags":[],"class_list":["post-26897","post","type-post","status-publish","format-standard","has-post-thumbnail","hentry","category-aktualnosci","category-bez-kategorii"],"yoast_head":"<!-- This site is optimized with the Yoast SEO plugin v26.5 - https:\/\/yoast.com\/wordpress\/plugins\/seo\/ -->\n<title>Spotkanie plenarne partner\u00f3w projektu TRIQUETRA na Cyprze - NID<\/title>\n<meta name=\"robots\" content=\"index, follow, max-snippet:-1, max-image-preview:large, max-video-preview:-1\" \/>\n<link rel=\"canonical\" href=\"https:\/\/nid.pl\/en\/2025\/05\/11\/spotkanie-plenarne-partnerow-projektu-triquetra-na-cyprze\/\" \/>\n<meta property=\"og:locale\" content=\"en_GB\" \/>\n<meta property=\"og:type\" content=\"article\" \/>\n<meta property=\"og:title\" content=\"Spotkanie plenarne partner\u00f3w projektu TRIQUETRA na Cyprze - NID\" \/>\n<meta property=\"og:description\" content=\"Min\u0119\u0142o kolejne p\u00f3\u0142 roku dzia\u0142a\u0144 w ramach europejskiego projektu TRIQUETRA. W dniach 8\u201310 maja nasi eksperci uczestniczyli w spotkaniu plenarnym zorganizowanym przez partner\u00f3w projektu w Muzeum Archeologicznym w Pafos na [&hellip;]\" \/>\n<meta property=\"og:url\" content=\"https:\/\/nid.pl\/en\/2025\/05\/11\/spotkanie-plenarne-partnerow-projektu-triquetra-na-cyprze\/\" \/>\n<meta property=\"og:site_name\" content=\"NID\" \/>\n<meta property=\"article:publisher\" content=\"https:\/\/www.facebook.com\/zabytek\" \/>\n<meta property=\"article:published_time\" content=\"2025-05-11T09:19:02+00:00\" \/>\n<meta property=\"article:modified_time\" content=\"2025-05-13T08:49:51+00:00\" \/>\n<meta property=\"og:image\" content=\"https:\/\/nid.pl\/wp-content\/uploads\/2025\/05\/miniatura-www.jpg\" \/>\n\t<meta property=\"og:image:width\" content=\"1857\" \/>\n\t<meta property=\"og:image:height\" content=\"1238\" \/>\n\t<meta property=\"og:image:type\" content=\"image\/jpeg\" \/>\n<meta name=\"author\" content=\"Monika Ciura\" \/>\n<meta name=\"twitter:card\" content=\"summary_large_image\" \/>\n<meta name=\"twitter:creator\" content=\"@NarIDpl\" \/>\n<meta name=\"twitter:site\" content=\"@NarIDpl\" \/>\n<meta name=\"twitter:label1\" content=\"Written by\" \/>\n\t<meta name=\"twitter:data1\" content=\"Monika Ciura\" \/>\n\t<meta name=\"twitter:label2\" content=\"Estimated reading time\" \/>\n\t<meta name=\"twitter:data2\" content=\"3 minutes\" \/>\n<script type=\"application\/ld+json\" class=\"yoast-schema-graph\">{\"@context\":\"https:\/\/schema.org\",\"@graph\":[{\"@type\":\"Article\",\"@id\":\"https:\/\/nid.pl\/2025\/05\/11\/spotkanie-plenarne-partnerow-projektu-triquetra-na-cyprze\/#article\",\"isPartOf\":{\"@id\":\"https:\/\/nid.pl\/2025\/05\/11\/spotkanie-plenarne-partnerow-projektu-triquetra-na-cyprze\/\"},\"author\":{\"name\":\"Monika Ciura\",\"@id\":\"https:\/\/nid.pl\/#\/schema\/person\/ab9abea4caecdccde4fb0d555271145f\"},\"headline\":\"Spotkanie plenarne partner\u00f3w projektu TRIQUETRA na Cyprze\",\"datePublished\":\"2025-05-11T09:19:02+00:00\",\"dateModified\":\"2025-05-13T08:49:51+00:00\",\"mainEntityOfPage\":{\"@id\":\"https:\/\/nid.pl\/2025\/05\/11\/spotkanie-plenarne-partnerow-projektu-triquetra-na-cyprze\/\"},\"wordCount\":384,\"publisher\":{\"@id\":\"https:\/\/nid.pl\/#organization\"},\"image\":{\"@id\":\"https:\/\/nid.pl\/2025\/05\/11\/spotkanie-plenarne-partnerow-projektu-triquetra-na-cyprze\/#primaryimage\"},\"thumbnailUrl\":\"https:\/\/nid.pl\/wp-content\/uploads\/2025\/05\/miniatura-www.jpg\",\"articleSection\":[\"Aktualno\u015bci\",\"Bez kategorii\"],\"inLanguage\":\"en-GB\"},{\"@type\":\"WebPage\",\"@id\":\"https:\/\/nid.pl\/2025\/05\/11\/spotkanie-plenarne-partnerow-projektu-triquetra-na-cyprze\/\",\"url\":\"https:\/\/nid.pl\/2025\/05\/11\/spotkanie-plenarne-partnerow-projektu-triquetra-na-cyprze\/\",\"name\":\"Spotkanie plenarne partner\u00f3w projektu TRIQUETRA na Cyprze - NID\",\"isPartOf\":{\"@id\":\"https:\/\/nid.pl\/#website\"},\"primaryImageOfPage\":{\"@id\":\"https:\/\/nid.pl\/2025\/05\/11\/spotkanie-plenarne-partnerow-projektu-triquetra-na-cyprze\/#primaryimage\"},\"image\":{\"@id\":\"https:\/\/nid.pl\/2025\/05\/11\/spotkanie-plenarne-partnerow-projektu-triquetra-na-cyprze\/#primaryimage\"},\"thumbnailUrl\":\"https:\/\/nid.pl\/wp-content\/uploads\/2025\/05\/miniatura-www.jpg\",\"datePublished\":\"2025-05-11T09:19:02+00:00\",\"dateModified\":\"2025-05-13T08:49:51+00:00\",\"breadcrumb\":{\"@id\":\"https:\/\/nid.pl\/2025\/05\/11\/spotkanie-plenarne-partnerow-projektu-triquetra-na-cyprze\/#breadcrumb\"},\"inLanguage\":\"en-GB\",\"potentialAction\":[{\"@type\":\"ReadAction\",\"target\":[\"https:\/\/nid.pl\/2025\/05\/11\/spotkanie-plenarne-partnerow-projektu-triquetra-na-cyprze\/\"]}]},{\"@type\":\"ImageObject\",\"inLanguage\":\"en-GB\",\"@id\":\"https:\/\/nid.pl\/2025\/05\/11\/spotkanie-plenarne-partnerow-projektu-triquetra-na-cyprze\/#primaryimage\",\"url\":\"https:\/\/nid.pl\/wp-content\/uploads\/2025\/05\/miniatura-www.jpg\",\"contentUrl\":\"https:\/\/nid.pl\/wp-content\/uploads\/2025\/05\/miniatura-www.jpg\",\"width\":1857,\"height\":1238,\"caption\":\"budynki na stanowisku archeologicznym Zwiedzanie stanowiska pilota\u017cowego Chirokitia, fot. NID\/Agnieszka Makowska\"},{\"@type\":\"BreadcrumbList\",\"@id\":\"https:\/\/nid.pl\/2025\/05\/11\/spotkanie-plenarne-partnerow-projektu-triquetra-na-cyprze\/#breadcrumb\",\"itemListElement\":[{\"@type\":\"ListItem\",\"position\":1,\"name\":\"Home\",\"item\":\"https:\/\/nid.pl\/\"},{\"@type\":\"ListItem\",\"position\":2,\"name\":\"Spotkanie plenarne partner\u00f3w projektu TRIQUETRA na Cyprze\"}]},{\"@type\":\"WebSite\",\"@id\":\"https:\/\/nid.pl\/#website\",\"url\":\"https:\/\/nid.pl\/\",\"name\":\"NID\",\"description\":\"Narodowy Instytut Dziedzictwa\",\"publisher\":{\"@id\":\"https:\/\/nid.pl\/#organization\"},\"potentialAction\":[{\"@type\":\"SearchAction\",\"target\":{\"@type\":\"EntryPoint\",\"urlTemplate\":\"https:\/\/nid.pl\/?s={search_term_string}\"},\"query-input\":{\"@type\":\"PropertyValueSpecification\",\"valueRequired\":true,\"valueName\":\"search_term_string\"}}],\"inLanguage\":\"en-GB\"},{\"@type\":\"Organization\",\"@id\":\"https:\/\/nid.pl\/#organization\",\"name\":\"Narodowy Instytut Dziedzictwa\",\"url\":\"https:\/\/nid.pl\/\",\"logo\":{\"@type\":\"ImageObject\",\"inLanguage\":\"en-GB\",\"@id\":\"https:\/\/nid.pl\/#\/schema\/logo\/image\/\",\"url\":\"https:\/\/nid.pl\/wp-content\/uploads\/2022\/10\/logoRedDark.png\",\"contentUrl\":\"https:\/\/nid.pl\/wp-content\/uploads\/2022\/10\/logoRedDark.png\",\"width\":200,\"height\":197,\"caption\":\"Narodowy Instytut Dziedzictwa\"},\"image\":{\"@id\":\"https:\/\/nid.pl\/#\/schema\/logo\/image\/\"},\"sameAs\":[\"https:\/\/www.facebook.com\/zabytek\",\"https:\/\/x.com\/NarIDpl\",\"https:\/\/www.instagram.com\/nid.pl\/?hl=pl\",\"https:\/\/www.linkedin.com\/company\/narodowy-instytut-dziedzictwa\",\"https:\/\/www.youtube.com\/channel\/UCQXuhKa2uHtmNvLRUSx40JA\"]},{\"@type\":\"Person\",\"@id\":\"https:\/\/nid.pl\/#\/schema\/person\/ab9abea4caecdccde4fb0d555271145f\",\"name\":\"Monika Ciura\",\"image\":{\"@type\":\"ImageObject\",\"inLanguage\":\"en-GB\",\"@id\":\"https:\/\/nid.pl\/#\/schema\/person\/image\/\",\"url\":\"https:\/\/nid.pl\/wp-content\/litespeed\/avatar\/bfdb15d1cc317fac4b66bdc91090ff11.jpg?ver=1777445370\",\"contentUrl\":\"https:\/\/nid.pl\/wp-content\/litespeed\/avatar\/bfdb15d1cc317fac4b66bdc91090ff11.jpg?ver=1777445370\",\"caption\":\"Monika Ciura\"},\"url\":\"https:\/\/nid.pl\/en\/author\/mciura\/\"}]}<\/script>\n<!-- \/ Yoast SEO plugin. -->","yoast_head_json":{"title":"Spotkanie plenarne partner\u00f3w projektu TRIQUETRA na Cyprze - NID","robots":{"index":"index","follow":"follow","max-snippet":"max-snippet:-1","max-image-preview":"max-image-preview:large","max-video-preview":"max-video-preview:-1"},"canonical":"https:\/\/nid.pl\/en\/2025\/05\/11\/spotkanie-plenarne-partnerow-projektu-triquetra-na-cyprze\/","og_locale":"en_GB","og_type":"article","og_title":"Spotkanie plenarne partner\u00f3w projektu TRIQUETRA na Cyprze - NID","og_description":"Min\u0119\u0142o kolejne p\u00f3\u0142 roku dzia\u0142a\u0144 w ramach europejskiego projektu TRIQUETRA. W dniach 8\u201310 maja nasi eksperci uczestniczyli w spotkaniu plenarnym zorganizowanym przez partner\u00f3w projektu w Muzeum Archeologicznym w Pafos na [&hellip;]","og_url":"https:\/\/nid.pl\/en\/2025\/05\/11\/spotkanie-plenarne-partnerow-projektu-triquetra-na-cyprze\/","og_site_name":"NID","article_publisher":"https:\/\/www.facebook.com\/zabytek","article_published_time":"2025-05-11T09:19:02+00:00","article_modified_time":"2025-05-13T08:49:51+00:00","og_image":[{"width":1857,"height":1238,"url":"https:\/\/nid.pl\/wp-content\/uploads\/2025\/05\/miniatura-www.jpg","type":"image\/jpeg"}],"author":"Monika Ciura","twitter_card":"summary_large_image","twitter_creator":"@NarIDpl","twitter_site":"@NarIDpl","twitter_misc":{"Written by":"Monika Ciura","Estimated reading time":"3 minutes"},"schema":{"@context":"https:\/\/schema.org","@graph":[{"@type":"Article","@id":"https:\/\/nid.pl\/2025\/05\/11\/spotkanie-plenarne-partnerow-projektu-triquetra-na-cyprze\/#article","isPartOf":{"@id":"https:\/\/nid.pl\/2025\/05\/11\/spotkanie-plenarne-partnerow-projektu-triquetra-na-cyprze\/"},"author":{"name":"Monika Ciura","@id":"https:\/\/nid.pl\/#\/schema\/person\/ab9abea4caecdccde4fb0d555271145f"},"headline":"Spotkanie plenarne partner\u00f3w projektu TRIQUETRA na Cyprze","datePublished":"2025-05-11T09:19:02+00:00","dateModified":"2025-05-13T08:49:51+00:00","mainEntityOfPage":{"@id":"https:\/\/nid.pl\/2025\/05\/11\/spotkanie-plenarne-partnerow-projektu-triquetra-na-cyprze\/"},"wordCount":384,"publisher":{"@id":"https:\/\/nid.pl\/#organization"},"image":{"@id":"https:\/\/nid.pl\/2025\/05\/11\/spotkanie-plenarne-partnerow-projektu-triquetra-na-cyprze\/#primaryimage"},"thumbnailUrl":"https:\/\/nid.pl\/wp-content\/uploads\/2025\/05\/miniatura-www.jpg","articleSection":["Aktualno\u015bci","Bez kategorii"],"inLanguage":"en-GB"},{"@type":"WebPage","@id":"https:\/\/nid.pl\/2025\/05\/11\/spotkanie-plenarne-partnerow-projektu-triquetra-na-cyprze\/","url":"https:\/\/nid.pl\/2025\/05\/11\/spotkanie-plenarne-partnerow-projektu-triquetra-na-cyprze\/","name":"Spotkanie plenarne partner\u00f3w projektu TRIQUETRA na Cyprze - NID","isPartOf":{"@id":"https:\/\/nid.pl\/#website"},"primaryImageOfPage":{"@id":"https:\/\/nid.pl\/2025\/05\/11\/spotkanie-plenarne-partnerow-projektu-triquetra-na-cyprze\/#primaryimage"},"image":{"@id":"https:\/\/nid.pl\/2025\/05\/11\/spotkanie-plenarne-partnerow-projektu-triquetra-na-cyprze\/#primaryimage"},"thumbnailUrl":"https:\/\/nid.pl\/wp-content\/uploads\/2025\/05\/miniatura-www.jpg","datePublished":"2025-05-11T09:19:02+00:00","dateModified":"2025-05-13T08:49:51+00:00","breadcrumb":{"@id":"https:\/\/nid.pl\/2025\/05\/11\/spotkanie-plenarne-partnerow-projektu-triquetra-na-cyprze\/#breadcrumb"},"inLanguage":"en-GB","potentialAction":[{"@type":"ReadAction","target":["https:\/\/nid.pl\/2025\/05\/11\/spotkanie-plenarne-partnerow-projektu-triquetra-na-cyprze\/"]}]},{"@type":"ImageObject","inLanguage":"en-GB","@id":"https:\/\/nid.pl\/2025\/05\/11\/spotkanie-plenarne-partnerow-projektu-triquetra-na-cyprze\/#primaryimage","url":"https:\/\/nid.pl\/wp-content\/uploads\/2025\/05\/miniatura-www.jpg","contentUrl":"https:\/\/nid.pl\/wp-content\/uploads\/2025\/05\/miniatura-www.jpg","width":1857,"height":1238,"caption":"budynki na stanowisku archeologicznym Zwiedzanie stanowiska pilota\u017cowego Chirokitia, fot. NID\/Agnieszka Makowska"},{"@type":"BreadcrumbList","@id":"https:\/\/nid.pl\/2025\/05\/11\/spotkanie-plenarne-partnerow-projektu-triquetra-na-cyprze\/#breadcrumb","itemListElement":[{"@type":"ListItem","position":1,"name":"Home","item":"https:\/\/nid.pl\/"},{"@type":"ListItem","position":2,"name":"Spotkanie plenarne partner\u00f3w projektu TRIQUETRA na Cyprze"}]},{"@type":"WebSite","@id":"https:\/\/nid.pl\/#website","url":"https:\/\/nid.pl\/","name":"NID","description":"Narodowy Instytut Dziedzictwa","publisher":{"@id":"https:\/\/nid.pl\/#organization"},"potentialAction":[{"@type":"SearchAction","target":{"@type":"EntryPoint","urlTemplate":"https:\/\/nid.pl\/?s={search_term_string}"},"query-input":{"@type":"PropertyValueSpecification","valueRequired":true,"valueName":"search_term_string"}}],"inLanguage":"en-GB"},{"@type":"Organization","@id":"https:\/\/nid.pl\/#organization","name":"Narodowy Instytut Dziedzictwa","url":"https:\/\/nid.pl\/","logo":{"@type":"ImageObject","inLanguage":"en-GB","@id":"https:\/\/nid.pl\/#\/schema\/logo\/image\/","url":"https:\/\/nid.pl\/wp-content\/uploads\/2022\/10\/logoRedDark.png","contentUrl":"https:\/\/nid.pl\/wp-content\/uploads\/2022\/10\/logoRedDark.png","width":200,"height":197,"caption":"Narodowy Instytut Dziedzictwa"},"image":{"@id":"https:\/\/nid.pl\/#\/schema\/logo\/image\/"},"sameAs":["https:\/\/www.facebook.com\/zabytek","https:\/\/x.com\/NarIDpl","https:\/\/www.instagram.com\/nid.pl\/?hl=pl","https:\/\/www.linkedin.com\/company\/narodowy-instytut-dziedzictwa","https:\/\/www.youtube.com\/channel\/UCQXuhKa2uHtmNvLRUSx40JA"]},{"@type":"Person","@id":"https:\/\/nid.pl\/#\/schema\/person\/ab9abea4caecdccde4fb0d555271145f","name":"Monika Ciura","image":{"@type":"ImageObject","inLanguage":"en-GB","@id":"https:\/\/nid.pl\/#\/schema\/person\/image\/","url":"https:\/\/nid.pl\/wp-content\/litespeed\/avatar\/bfdb15d1cc317fac4b66bdc91090ff11.jpg?ver=1777445370","contentUrl":"https:\/\/nid.pl\/wp-content\/litespeed\/avatar\/bfdb15d1cc317fac4b66bdc91090ff11.jpg?ver=1777445370","caption":"Monika Ciura"},"url":"https:\/\/nid.pl\/en\/author\/mciura\/"}]}},"_links":{"self":[{"href":"https:\/\/nid.pl\/en\/wp-json\/wp\/v2\/posts\/26897","targetHints":{"allow":["GET"]}}],"collection":[{"href":"https:\/\/nid.pl\/en\/wp-json\/wp\/v2\/posts"}],"about":[{"href":"https:\/\/nid.pl\/en\/wp-json\/wp\/v2\/types\/post"}],"author":[{"embeddable":true,"href":"https:\/\/nid.pl\/en\/wp-json\/wp\/v2\/users\/15"}],"replies":[{"embeddable":true,"href":"https:\/\/nid.pl\/en\/wp-json\/wp\/v2\/comments?post=26897"}],"version-history":[{"count":0,"href":"https:\/\/nid.pl\/en\/wp-json\/wp\/v2\/posts\/26897\/revisions"}],"wp:featuredmedia":[{"embeddable":true,"href":"https:\/\/nid.pl\/en\/wp-json\/wp\/v2\/media\/26898"}],"wp:attachment":[{"href":"https:\/\/nid.pl\/en\/wp-json\/wp\/v2\/media?parent=26897"}],"wp:term":[{"taxonomy":"category","embeddable":true,"href":"https:\/\/nid.pl\/en\/wp-json\/wp\/v2\/categories?post=26897"},{"taxonomy":"post_tag","embeddable":true,"href":"https:\/\/nid.pl\/en\/wp-json\/wp\/v2\/tags?post=26897"}],"curies":[{"name":"wp","href":"https:\/\/api.w.org\/{rel}","templated":true}]}}