{"id":26866,"date":"2025-05-08T09:47:18","date_gmt":"2025-05-08T07:47:18","guid":{"rendered":"https:\/\/nid.pl\/?p=26866"},"modified":"2025-05-08T09:47:35","modified_gmt":"2025-05-08T07:47:35","slug":"rozstrzygniecie-v-regionalnego-konkursu-im-ireneusza-slipka","status":"publish","type":"post","link":"https:\/\/nid.pl\/en\/2025\/05\/08\/rozstrzygniecie-v-regionalnego-konkursu-im-ireneusza-slipka\/","title":{"rendered":"Rozstrzygni\u0119cie V Regionalnego Konkursu im. Ireneusza \u015alipka pt. &#8220;OPOWIEMY CI ICH HISTORIE\u2026 opowiadania inspirowane losami mieszka\u0144c\u00f3w Gminy Warta \u2013 ofiar II wojny \u015bwiatowej\u201d"},"content":{"rendered":"<p class=\"has-medium-font-size\"><strong>Adresatami konkursu byli uczniowie klas VI \u2013 VIII szk\u00f3\u0142 podstawowych z Gminy Warta. Zadaniem uczestnik\u00f3w by\u0142o zredagowanie pracy literackiej &#8211; opowiadania tw\u00f3rczego opartego na wydarzeniach z \u017cycia mieszka\u0144ca Gminy Warta \u2013 ofiary II wojny \u015bwiatowej, kt\u00f3rej dane znajduj\u0105 si\u0119 w zasobach portalu spo\u0142eczno\u015bciowego \u201eWartonalia\u201d w zak\u0142adce \u201eLosy mieszka\u0144c\u00f3w Gminy Warta w czasie II wojny \u015bwiatowej\u201d.<\/strong><\/p>\n\n\n\n<p>Prace oceniane by\u0142y przez jury w sk\u0142adzie:<\/p>\n\n\n\n<ul class=\"wp-block-list\">\n<li>Adriana Bryk \u2013 historyczka, archiwistka, kierownik Archiwum Pa\u0144stwowego w \u0141odzi\u00a0 Oddzia\u0142 w\u00a0Sieradzu;<\/li>\n\n\n\n<li>Patrycja Do\u0142owy \u2013 pisarka, fotografka, artystka multimedialna, autorka sztuk teatralnych, dzia\u0142aczka spo\u0142eczno-kulturalna, cz\u0142onkini Zgromadzenia Fundator\u00f3w JCC Warszawa;<\/li>\n\n\n\n<li>Bart\u0142omiej Grzanka \u2013 historyk, archiwista, kustosz, kierownik Muzeum by\u0142ego niemieckiego Obozu Zag\u0142ady Kulmhof w Che\u0142mnie nad Nerem &#8211; Oddzia\u0142u Muzeum Martyrologicznego w \u017babikowie;<\/li>\n\n\n\n<li>Ilona Lewandowska \u2013 polonistka, konsultantka Centrum Rozwoju Edukacji Wojew\u00f3dztwa \u0141\u00f3dzkiego w Sieradzu;<\/li>\n\n\n\n<li>Kamila Klauzi\u0144ska \u2013 antropolog kultury, judaistka; cz\u0142onkini Komitetu Wykonawczego International Institute for Jewish Genealogy w Jerozolimie;<\/li>\n\n\n\n<li>Zbigniew Talaga \u2013 anglista, t\u0142umacz przysi\u0119g\u0142y, prezes naszego stowarzyszenia.<\/li>\n<\/ul>\n\n\n\n<h5 class=\"wp-block-heading\"><strong>Wyniki konkursu:<\/strong><\/h5>\n\n\n\n<ul class=\"wp-block-list\">\n<li>I miejsce Otylia Rzepnicka ze Szko\u0142y Podstawowej w Warcie za opowiadanie pt. <a href=\"https:\/\/nid.pl\/wp-content\/uploads\/2025\/05\/Patronaty-Otylia-Rzepnicka-Szkola-Podstawowa-w-Warcie.pdf\" target=\"_blank\" rel=\"noreferrer noopener\">\u201ePrzez dziur\u0119 w murze\u201d<\/a> <\/li>\n\n\n\n<li>II miejsce Zuzanna Nowak ze Szko\u0142y Podstawowej w Warcie za opowiadanie pt. <a href=\"https:\/\/nid.pl\/wp-content\/uploads\/2025\/05\/Patronaty-Zuzia-Nowak-Szkola-Podstawowa-w-Warcie.pdf\" target=\"_blank\" rel=\"noreferrer noopener\">\u201eM\u00f3wi\u0105 na mnie Hadasa\u201d<\/a><\/li>\n\n\n\n<li>III miejsce Magdalena Kurcbuch ze Szko\u0142y Podstawowej w Rossoszycy za opowiadanie pt. <a href=\"https:\/\/nid.pl\/wp-content\/uploads\/2025\/05\/Patronaty-Magdalena-Kurcbuch-Szkola-Podstawowa-w-Rossoszycy.pdf\">\u201eOstatnia parafia\u201d<\/a><\/li>\n<\/ul>\n\n\n\n<h5 class=\"wp-block-heading\">Wyr\u00f3\u017cnienia:<\/h5>\n\n\n\n<ul class=\"wp-block-list\">\n<li>Zuzanna Wielowska za opowiadanie \u201e\u017bycie w cieniu wojennej przesz\u0142o\u015bci\u201d (Szko\u0142a Podstawowa w Cielcach),<\/li>\n\n\n\n<li>Nikola Krupi\u0144ska za opowiadanie \u201e\u0106ma\u201d (Szko\u0142a Podstawowa w Raczkowie),<\/li>\n\n\n\n<li>Maria Zawiasa za opowiadanie \u201eCie\u0144 nad Wart\u0105\u201d (Szko\u0142a Podstawowa we W\u0142yniu),<\/li>\n\n\n\n<li>Oliwia Zalewska za opowiadanie \u201e\u015amier\u0107 warta kromki chleba\u201d (Szko\u0142a Podstawowa w Raczkowie),<\/li>\n\n\n\n<li>Maja Smus  za opowiadanie \u201eKruk Bia\u0142y\u201d (Szko\u0142a Podstawowa w Warcie).<\/li>\n<\/ul>\n\n\n\n<p>Konkurs jest efektem wsp\u00f3\u0142pracy kilku instytucji: Stowarzyszenia im. Ireneusza \u015alipka na rzecz dialogu polsko-\u017cydowskiego w Warcie, Szko\u0142y Podstawowej im. kpt. pil. Stanis\u0142awa Skar\u017cy\u0144skiego oraz Centrum Rozwoju Edukacji Wojew\u00f3dztwa \u0141\u00f3dzkiego w Sieradzu i zosta\u0142 obj\u0119ty patronatem Marsza\u0142ka Wojew\u00f3dztwa \u0141\u00f3dzkiego, Burmistrza Warty, Narodowego Instytutu Dziedzictwa, Archiwum Pa\u0144stwowego w \u0141odzi, Muzeum Historii \u017byd\u00f3w Polskich POLIN, \u017bydowskiego Instytutu Historycznego, Centrum Dialogu im. Marka Edelmana w \u0141odzi, Centrum Dialogu i Modlitwy w O\u015bwi\u0119cimiu, Muzeum Martyrologicznego w \u017babikowie.<\/p>\n\n\n\n<p><\/p>\n\n\n\n<figure class=\"wp-block-image aligncenter size-large is-resized\"><img loading=\"lazy\" decoding=\"async\" width=\"1024\" height=\"768\" src=\"https:\/\/nid.pl\/wp-content\/uploads\/2025\/05\/Laureatki-konkursu-fot.-Stowarzyszenie-im.-Ireneusza-Slipka-1024x768.jpg\" alt=\"\" class=\"wp-image-26864\" style=\"width:739px;height:auto\" srcset=\"https:\/\/nid.pl\/wp-content\/uploads\/2025\/05\/Laureatki-konkursu-fot.-Stowarzyszenie-im.-Ireneusza-Slipka-980x735.jpg 980w, https:\/\/nid.pl\/wp-content\/uploads\/2025\/05\/Laureatki-konkursu-fot.-Stowarzyszenie-im.-Ireneusza-Slipka-480x360.jpg 480w\" sizes=\"(min-width: 0px) and (max-width: 480px) 480px, (min-width: 481px) and (max-width: 980px) 980px, (min-width: 981px) 1024px, 100vw\" \/><figcaption class=\"wp-element-caption\">Laureatki konkursu, fot. Stowarzyszenie im. Ireneusza \u015alipka<\/figcaption><\/figure>","protected":false},"excerpt":{"rendered":"<p>Adresatami konkursu byli uczniowie klas VI \u2013 VIII szk\u00f3\u0142 podstawowych z Gminy Warta. Zadaniem uczestnik\u00f3w by\u0142o zredagowanie pracy literackiej &#8211; opowiadania tw\u00f3rczego opartego na wydarzeniach z \u017cycia mieszka\u0144ca Gminy Warta [&hellip;]<\/p>","protected":false},"author":7,"featured_media":26865,"comment_status":"closed","ping_status":"closed","sticky":false,"template":"","format":"standard","meta":{"_et_pb_use_builder":"off","_et_pb_old_content":"","_et_gb_content_width":"","_monsterinsights_skip_tracking":false,"_monsterinsights_sitenote_active":false,"_monsterinsights_sitenote_note":"","_monsterinsights_sitenote_category":0,"footnotes":""},"categories":[28],"tags":[],"class_list":["post-26866","post","type-post","status-publish","format-standard","has-post-thumbnail","hentry","category-patronaty"],"yoast_head":"<!-- This site is optimized with the Yoast SEO plugin v26.5 - https:\/\/yoast.com\/wordpress\/plugins\/seo\/ -->\n<title>Rozstrzygni\u0119cie V Regionalnego Konkursu im. Ireneusza \u015alipka pt. &quot;OPOWIEMY CI ICH HISTORIE\u2026 opowiadania inspirowane losami mieszka\u0144c\u00f3w Gminy Warta \u2013 ofiar II wojny \u015bwiatowej\u201d - NID<\/title>\n<meta name=\"robots\" content=\"index, follow, max-snippet:-1, max-image-preview:large, max-video-preview:-1\" \/>\n<link rel=\"canonical\" href=\"https:\/\/nid.pl\/en\/2025\/05\/08\/rozstrzygniecie-v-regionalnego-konkursu-im-ireneusza-slipka\/\" \/>\n<meta property=\"og:locale\" content=\"en_GB\" \/>\n<meta property=\"og:type\" content=\"article\" \/>\n<meta property=\"og:title\" content=\"Rozstrzygni\u0119cie V Regionalnego Konkursu im. Ireneusza \u015alipka pt. &quot;OPOWIEMY CI ICH HISTORIE\u2026 opowiadania inspirowane losami mieszka\u0144c\u00f3w Gminy Warta \u2013 ofiar II wojny \u015bwiatowej\u201d - NID\" \/>\n<meta property=\"og:description\" content=\"Adresatami konkursu byli uczniowie klas VI \u2013 VIII szk\u00f3\u0142 podstawowych z Gminy Warta. Zadaniem uczestnik\u00f3w by\u0142o zredagowanie pracy literackiej &#8211; opowiadania tw\u00f3rczego opartego na wydarzeniach z \u017cycia mieszka\u0144ca Gminy Warta [&hellip;]\" \/>\n<meta property=\"og:url\" content=\"https:\/\/nid.pl\/en\/2025\/05\/08\/rozstrzygniecie-v-regionalnego-konkursu-im-ireneusza-slipka\/\" \/>\n<meta property=\"og:site_name\" content=\"NID\" \/>\n<meta property=\"article:publisher\" content=\"https:\/\/www.facebook.com\/zabytek\" \/>\n<meta property=\"article:published_time\" content=\"2025-05-08T07:47:18+00:00\" \/>\n<meta property=\"article:modified_time\" content=\"2025-05-08T07:47:35+00:00\" \/>\n<meta property=\"og:image\" content=\"https:\/\/nid.pl\/wp-content\/uploads\/2025\/05\/Patronaty-Rozstrzygniecie-konkursu-im.-Ireneusza-Slipka.jpg\" \/>\n\t<meta property=\"og:image:width\" content=\"1400\" \/>\n\t<meta property=\"og:image:height\" content=\"875\" \/>\n\t<meta property=\"og:image:type\" content=\"image\/jpeg\" \/>\n<meta name=\"author\" content=\"Barbara Halliop\" \/>\n<meta name=\"twitter:card\" content=\"summary_large_image\" \/>\n<meta name=\"twitter:creator\" content=\"@NarIDpl\" \/>\n<meta name=\"twitter:site\" content=\"@NarIDpl\" \/>\n<meta name=\"twitter:label1\" content=\"Written by\" \/>\n\t<meta name=\"twitter:data1\" content=\"Barbara Halliop\" \/>\n\t<meta name=\"twitter:label2\" content=\"Estimated reading time\" \/>\n\t<meta name=\"twitter:data2\" content=\"3 minutes\" \/>\n<script type=\"application\/ld+json\" class=\"yoast-schema-graph\">{\"@context\":\"https:\/\/schema.org\",\"@graph\":[{\"@type\":\"Article\",\"@id\":\"https:\/\/nid.pl\/2025\/05\/08\/rozstrzygniecie-v-regionalnego-konkursu-im-ireneusza-slipka\/#article\",\"isPartOf\":{\"@id\":\"https:\/\/nid.pl\/2025\/05\/08\/rozstrzygniecie-v-regionalnego-konkursu-im-ireneusza-slipka\/\"},\"author\":{\"name\":\"Barbara Halliop\",\"@id\":\"https:\/\/nid.pl\/#\/schema\/person\/1b690a8998a5111cfb9f0ffe24195a15\"},\"headline\":\"Rozstrzygni\u0119cie V Regionalnego Konkursu im. Ireneusza \u015alipka pt. &#8220;OPOWIEMY CI ICH HISTORIE\u2026 opowiadania inspirowane losami mieszka\u0144c\u00f3w Gminy Warta \u2013 ofiar II wojny \u015bwiatowej\u201d\",\"datePublished\":\"2025-05-08T07:47:18+00:00\",\"dateModified\":\"2025-05-08T07:47:35+00:00\",\"mainEntityOfPage\":{\"@id\":\"https:\/\/nid.pl\/2025\/05\/08\/rozstrzygniecie-v-regionalnego-konkursu-im-ireneusza-slipka\/\"},\"wordCount\":410,\"publisher\":{\"@id\":\"https:\/\/nid.pl\/#organization\"},\"image\":{\"@id\":\"https:\/\/nid.pl\/2025\/05\/08\/rozstrzygniecie-v-regionalnego-konkursu-im-ireneusza-slipka\/#primaryimage\"},\"thumbnailUrl\":\"https:\/\/nid.pl\/wp-content\/uploads\/2025\/05\/Patronaty-Rozstrzygniecie-konkursu-im.-Ireneusza-Slipka.jpg\",\"articleSection\":[\"Patronaty\"],\"inLanguage\":\"en-GB\"},{\"@type\":\"WebPage\",\"@id\":\"https:\/\/nid.pl\/2025\/05\/08\/rozstrzygniecie-v-regionalnego-konkursu-im-ireneusza-slipka\/\",\"url\":\"https:\/\/nid.pl\/2025\/05\/08\/rozstrzygniecie-v-regionalnego-konkursu-im-ireneusza-slipka\/\",\"name\":\"Rozstrzygni\u0119cie V Regionalnego Konkursu im. Ireneusza \u015alipka pt. \\\"OPOWIEMY CI ICH HISTORIE\u2026 opowiadania inspirowane losami mieszka\u0144c\u00f3w Gminy Warta \u2013 ofiar II wojny \u015bwiatowej\u201d - NID\",\"isPartOf\":{\"@id\":\"https:\/\/nid.pl\/#website\"},\"primaryImageOfPage\":{\"@id\":\"https:\/\/nid.pl\/2025\/05\/08\/rozstrzygniecie-v-regionalnego-konkursu-im-ireneusza-slipka\/#primaryimage\"},\"image\":{\"@id\":\"https:\/\/nid.pl\/2025\/05\/08\/rozstrzygniecie-v-regionalnego-konkursu-im-ireneusza-slipka\/#primaryimage\"},\"thumbnailUrl\":\"https:\/\/nid.pl\/wp-content\/uploads\/2025\/05\/Patronaty-Rozstrzygniecie-konkursu-im.-Ireneusza-Slipka.jpg\",\"datePublished\":\"2025-05-08T07:47:18+00:00\",\"dateModified\":\"2025-05-08T07:47:35+00:00\",\"breadcrumb\":{\"@id\":\"https:\/\/nid.pl\/2025\/05\/08\/rozstrzygniecie-v-regionalnego-konkursu-im-ireneusza-slipka\/#breadcrumb\"},\"inLanguage\":\"en-GB\",\"potentialAction\":[{\"@type\":\"ReadAction\",\"target\":[\"https:\/\/nid.pl\/2025\/05\/08\/rozstrzygniecie-v-regionalnego-konkursu-im-ireneusza-slipka\/\"]}]},{\"@type\":\"ImageObject\",\"inLanguage\":\"en-GB\",\"@id\":\"https:\/\/nid.pl\/2025\/05\/08\/rozstrzygniecie-v-regionalnego-konkursu-im-ireneusza-slipka\/#primaryimage\",\"url\":\"https:\/\/nid.pl\/wp-content\/uploads\/2025\/05\/Patronaty-Rozstrzygniecie-konkursu-im.-Ireneusza-Slipka.jpg\",\"contentUrl\":\"https:\/\/nid.pl\/wp-content\/uploads\/2025\/05\/Patronaty-Rozstrzygniecie-konkursu-im.-Ireneusza-Slipka.jpg\",\"width\":1400,\"height\":875},{\"@type\":\"BreadcrumbList\",\"@id\":\"https:\/\/nid.pl\/2025\/05\/08\/rozstrzygniecie-v-regionalnego-konkursu-im-ireneusza-slipka\/#breadcrumb\",\"itemListElement\":[{\"@type\":\"ListItem\",\"position\":1,\"name\":\"Home\",\"item\":\"https:\/\/nid.pl\/\"},{\"@type\":\"ListItem\",\"position\":2,\"name\":\"Rozstrzygni\u0119cie V Regionalnego Konkursu im. Ireneusza \u015alipka pt. &#8220;OPOWIEMY CI ICH HISTORIE\u2026 opowiadania inspirowane losami mieszka\u0144c\u00f3w Gminy Warta \u2013 ofiar II wojny \u015bwiatowej\u201d\"}]},{\"@type\":\"WebSite\",\"@id\":\"https:\/\/nid.pl\/#website\",\"url\":\"https:\/\/nid.pl\/\",\"name\":\"NID\",\"description\":\"Narodowy Instytut Dziedzictwa\",\"publisher\":{\"@id\":\"https:\/\/nid.pl\/#organization\"},\"potentialAction\":[{\"@type\":\"SearchAction\",\"target\":{\"@type\":\"EntryPoint\",\"urlTemplate\":\"https:\/\/nid.pl\/?s={search_term_string}\"},\"query-input\":{\"@type\":\"PropertyValueSpecification\",\"valueRequired\":true,\"valueName\":\"search_term_string\"}}],\"inLanguage\":\"en-GB\"},{\"@type\":\"Organization\",\"@id\":\"https:\/\/nid.pl\/#organization\",\"name\":\"Narodowy Instytut Dziedzictwa\",\"url\":\"https:\/\/nid.pl\/\",\"logo\":{\"@type\":\"ImageObject\",\"inLanguage\":\"en-GB\",\"@id\":\"https:\/\/nid.pl\/#\/schema\/logo\/image\/\",\"url\":\"https:\/\/nid.pl\/wp-content\/uploads\/2022\/10\/logoRedDark.png\",\"contentUrl\":\"https:\/\/nid.pl\/wp-content\/uploads\/2022\/10\/logoRedDark.png\",\"width\":200,\"height\":197,\"caption\":\"Narodowy Instytut Dziedzictwa\"},\"image\":{\"@id\":\"https:\/\/nid.pl\/#\/schema\/logo\/image\/\"},\"sameAs\":[\"https:\/\/www.facebook.com\/zabytek\",\"https:\/\/x.com\/NarIDpl\",\"https:\/\/www.instagram.com\/nid.pl\/?hl=pl\",\"https:\/\/www.linkedin.com\/company\/narodowy-instytut-dziedzictwa\",\"https:\/\/www.youtube.com\/channel\/UCQXuhKa2uHtmNvLRUSx40JA\"]},{\"@type\":\"Person\",\"@id\":\"https:\/\/nid.pl\/#\/schema\/person\/1b690a8998a5111cfb9f0ffe24195a15\",\"name\":\"Barbara Halliop\",\"image\":{\"@type\":\"ImageObject\",\"inLanguage\":\"en-GB\",\"@id\":\"https:\/\/nid.pl\/#\/schema\/person\/image\/\",\"url\":\"https:\/\/nid.pl\/wp-content\/litespeed\/avatar\/924046d17dd0c842c9fa9ccf489bc6dc.jpg?ver=1777444967\",\"contentUrl\":\"https:\/\/nid.pl\/wp-content\/litespeed\/avatar\/924046d17dd0c842c9fa9ccf489bc6dc.jpg?ver=1777444967\",\"caption\":\"Barbara Halliop\"},\"url\":\"https:\/\/nid.pl\/en\/author\/bhalliop\/\"}]}<\/script>\n<!-- \/ Yoast SEO plugin. -->","yoast_head_json":{"title":"Rozstrzygni\u0119cie V Regionalnego Konkursu im. Ireneusza \u015alipka pt. \"OPOWIEMY CI ICH HISTORIE\u2026 opowiadania inspirowane losami mieszka\u0144c\u00f3w Gminy Warta \u2013 ofiar II wojny \u015bwiatowej\u201d - NID","robots":{"index":"index","follow":"follow","max-snippet":"max-snippet:-1","max-image-preview":"max-image-preview:large","max-video-preview":"max-video-preview:-1"},"canonical":"https:\/\/nid.pl\/en\/2025\/05\/08\/rozstrzygniecie-v-regionalnego-konkursu-im-ireneusza-slipka\/","og_locale":"en_GB","og_type":"article","og_title":"Rozstrzygni\u0119cie V Regionalnego Konkursu im. Ireneusza \u015alipka pt. \"OPOWIEMY CI ICH HISTORIE\u2026 opowiadania inspirowane losami mieszka\u0144c\u00f3w Gminy Warta \u2013 ofiar II wojny \u015bwiatowej\u201d - NID","og_description":"Adresatami konkursu byli uczniowie klas VI \u2013 VIII szk\u00f3\u0142 podstawowych z Gminy Warta. Zadaniem uczestnik\u00f3w by\u0142o zredagowanie pracy literackiej &#8211; opowiadania tw\u00f3rczego opartego na wydarzeniach z \u017cycia mieszka\u0144ca Gminy Warta [&hellip;]","og_url":"https:\/\/nid.pl\/en\/2025\/05\/08\/rozstrzygniecie-v-regionalnego-konkursu-im-ireneusza-slipka\/","og_site_name":"NID","article_publisher":"https:\/\/www.facebook.com\/zabytek","article_published_time":"2025-05-08T07:47:18+00:00","article_modified_time":"2025-05-08T07:47:35+00:00","og_image":[{"width":1400,"height":875,"url":"https:\/\/nid.pl\/wp-content\/uploads\/2025\/05\/Patronaty-Rozstrzygniecie-konkursu-im.-Ireneusza-Slipka.jpg","type":"image\/jpeg"}],"author":"Barbara Halliop","twitter_card":"summary_large_image","twitter_creator":"@NarIDpl","twitter_site":"@NarIDpl","twitter_misc":{"Written by":"Barbara Halliop","Estimated reading time":"3 minutes"},"schema":{"@context":"https:\/\/schema.org","@graph":[{"@type":"Article","@id":"https:\/\/nid.pl\/2025\/05\/08\/rozstrzygniecie-v-regionalnego-konkursu-im-ireneusza-slipka\/#article","isPartOf":{"@id":"https:\/\/nid.pl\/2025\/05\/08\/rozstrzygniecie-v-regionalnego-konkursu-im-ireneusza-slipka\/"},"author":{"name":"Barbara Halliop","@id":"https:\/\/nid.pl\/#\/schema\/person\/1b690a8998a5111cfb9f0ffe24195a15"},"headline":"Rozstrzygni\u0119cie V Regionalnego Konkursu im. Ireneusza \u015alipka pt. &#8220;OPOWIEMY CI ICH HISTORIE\u2026 opowiadania inspirowane losami mieszka\u0144c\u00f3w Gminy Warta \u2013 ofiar II wojny \u015bwiatowej\u201d","datePublished":"2025-05-08T07:47:18+00:00","dateModified":"2025-05-08T07:47:35+00:00","mainEntityOfPage":{"@id":"https:\/\/nid.pl\/2025\/05\/08\/rozstrzygniecie-v-regionalnego-konkursu-im-ireneusza-slipka\/"},"wordCount":410,"publisher":{"@id":"https:\/\/nid.pl\/#organization"},"image":{"@id":"https:\/\/nid.pl\/2025\/05\/08\/rozstrzygniecie-v-regionalnego-konkursu-im-ireneusza-slipka\/#primaryimage"},"thumbnailUrl":"https:\/\/nid.pl\/wp-content\/uploads\/2025\/05\/Patronaty-Rozstrzygniecie-konkursu-im.-Ireneusza-Slipka.jpg","articleSection":["Patronaty"],"inLanguage":"en-GB"},{"@type":"WebPage","@id":"https:\/\/nid.pl\/2025\/05\/08\/rozstrzygniecie-v-regionalnego-konkursu-im-ireneusza-slipka\/","url":"https:\/\/nid.pl\/2025\/05\/08\/rozstrzygniecie-v-regionalnego-konkursu-im-ireneusza-slipka\/","name":"Rozstrzygni\u0119cie V Regionalnego Konkursu im. Ireneusza \u015alipka pt. \"OPOWIEMY CI ICH HISTORIE\u2026 opowiadania inspirowane losami mieszka\u0144c\u00f3w Gminy Warta \u2013 ofiar II wojny \u015bwiatowej\u201d - NID","isPartOf":{"@id":"https:\/\/nid.pl\/#website"},"primaryImageOfPage":{"@id":"https:\/\/nid.pl\/2025\/05\/08\/rozstrzygniecie-v-regionalnego-konkursu-im-ireneusza-slipka\/#primaryimage"},"image":{"@id":"https:\/\/nid.pl\/2025\/05\/08\/rozstrzygniecie-v-regionalnego-konkursu-im-ireneusza-slipka\/#primaryimage"},"thumbnailUrl":"https:\/\/nid.pl\/wp-content\/uploads\/2025\/05\/Patronaty-Rozstrzygniecie-konkursu-im.-Ireneusza-Slipka.jpg","datePublished":"2025-05-08T07:47:18+00:00","dateModified":"2025-05-08T07:47:35+00:00","breadcrumb":{"@id":"https:\/\/nid.pl\/2025\/05\/08\/rozstrzygniecie-v-regionalnego-konkursu-im-ireneusza-slipka\/#breadcrumb"},"inLanguage":"en-GB","potentialAction":[{"@type":"ReadAction","target":["https:\/\/nid.pl\/2025\/05\/08\/rozstrzygniecie-v-regionalnego-konkursu-im-ireneusza-slipka\/"]}]},{"@type":"ImageObject","inLanguage":"en-GB","@id":"https:\/\/nid.pl\/2025\/05\/08\/rozstrzygniecie-v-regionalnego-konkursu-im-ireneusza-slipka\/#primaryimage","url":"https:\/\/nid.pl\/wp-content\/uploads\/2025\/05\/Patronaty-Rozstrzygniecie-konkursu-im.-Ireneusza-Slipka.jpg","contentUrl":"https:\/\/nid.pl\/wp-content\/uploads\/2025\/05\/Patronaty-Rozstrzygniecie-konkursu-im.-Ireneusza-Slipka.jpg","width":1400,"height":875},{"@type":"BreadcrumbList","@id":"https:\/\/nid.pl\/2025\/05\/08\/rozstrzygniecie-v-regionalnego-konkursu-im-ireneusza-slipka\/#breadcrumb","itemListElement":[{"@type":"ListItem","position":1,"name":"Home","item":"https:\/\/nid.pl\/"},{"@type":"ListItem","position":2,"name":"Rozstrzygni\u0119cie V Regionalnego Konkursu im. Ireneusza \u015alipka pt. &#8220;OPOWIEMY CI ICH HISTORIE\u2026 opowiadania inspirowane losami mieszka\u0144c\u00f3w Gminy Warta \u2013 ofiar II wojny \u015bwiatowej\u201d"}]},{"@type":"WebSite","@id":"https:\/\/nid.pl\/#website","url":"https:\/\/nid.pl\/","name":"NID","description":"Narodowy Instytut Dziedzictwa","publisher":{"@id":"https:\/\/nid.pl\/#organization"},"potentialAction":[{"@type":"SearchAction","target":{"@type":"EntryPoint","urlTemplate":"https:\/\/nid.pl\/?s={search_term_string}"},"query-input":{"@type":"PropertyValueSpecification","valueRequired":true,"valueName":"search_term_string"}}],"inLanguage":"en-GB"},{"@type":"Organization","@id":"https:\/\/nid.pl\/#organization","name":"Narodowy Instytut Dziedzictwa","url":"https:\/\/nid.pl\/","logo":{"@type":"ImageObject","inLanguage":"en-GB","@id":"https:\/\/nid.pl\/#\/schema\/logo\/image\/","url":"https:\/\/nid.pl\/wp-content\/uploads\/2022\/10\/logoRedDark.png","contentUrl":"https:\/\/nid.pl\/wp-content\/uploads\/2022\/10\/logoRedDark.png","width":200,"height":197,"caption":"Narodowy Instytut Dziedzictwa"},"image":{"@id":"https:\/\/nid.pl\/#\/schema\/logo\/image\/"},"sameAs":["https:\/\/www.facebook.com\/zabytek","https:\/\/x.com\/NarIDpl","https:\/\/www.instagram.com\/nid.pl\/?hl=pl","https:\/\/www.linkedin.com\/company\/narodowy-instytut-dziedzictwa","https:\/\/www.youtube.com\/channel\/UCQXuhKa2uHtmNvLRUSx40JA"]},{"@type":"Person","@id":"https:\/\/nid.pl\/#\/schema\/person\/1b690a8998a5111cfb9f0ffe24195a15","name":"Barbara Halliop","image":{"@type":"ImageObject","inLanguage":"en-GB","@id":"https:\/\/nid.pl\/#\/schema\/person\/image\/","url":"https:\/\/nid.pl\/wp-content\/litespeed\/avatar\/924046d17dd0c842c9fa9ccf489bc6dc.jpg?ver=1777444967","contentUrl":"https:\/\/nid.pl\/wp-content\/litespeed\/avatar\/924046d17dd0c842c9fa9ccf489bc6dc.jpg?ver=1777444967","caption":"Barbara Halliop"},"url":"https:\/\/nid.pl\/en\/author\/bhalliop\/"}]}},"_links":{"self":[{"href":"https:\/\/nid.pl\/en\/wp-json\/wp\/v2\/posts\/26866","targetHints":{"allow":["GET"]}}],"collection":[{"href":"https:\/\/nid.pl\/en\/wp-json\/wp\/v2\/posts"}],"about":[{"href":"https:\/\/nid.pl\/en\/wp-json\/wp\/v2\/types\/post"}],"author":[{"embeddable":true,"href":"https:\/\/nid.pl\/en\/wp-json\/wp\/v2\/users\/7"}],"replies":[{"embeddable":true,"href":"https:\/\/nid.pl\/en\/wp-json\/wp\/v2\/comments?post=26866"}],"version-history":[{"count":0,"href":"https:\/\/nid.pl\/en\/wp-json\/wp\/v2\/posts\/26866\/revisions"}],"wp:featuredmedia":[{"embeddable":true,"href":"https:\/\/nid.pl\/en\/wp-json\/wp\/v2\/media\/26865"}],"wp:attachment":[{"href":"https:\/\/nid.pl\/en\/wp-json\/wp\/v2\/media?parent=26866"}],"wp:term":[{"taxonomy":"category","embeddable":true,"href":"https:\/\/nid.pl\/en\/wp-json\/wp\/v2\/categories?post=26866"},{"taxonomy":"post_tag","embeddable":true,"href":"https:\/\/nid.pl\/en\/wp-json\/wp\/v2\/tags?post=26866"}],"curies":[{"name":"wp","href":"https:\/\/api.w.org\/{rel}","templated":true}]}}