{"id":26846,"date":"2025-05-07T14:09:53","date_gmt":"2025-05-07T12:09:53","guid":{"rendered":"https:\/\/nid.pl\/?p=26846"},"modified":"2025-05-07T14:19:52","modified_gmt":"2025-05-07T12:19:52","slug":"welna-zrodlo-i-potencjal-dobre-praktyki-i-wyzwania-w-wykorzystaniu-lokalnych-zasobow-do-dzialalnosci-artystycznej-i-rzemieslniczej","status":"publish","type":"post","link":"https:\/\/nid.pl\/en\/2025\/05\/07\/welna-zrodlo-i-potencjal-dobre-praktyki-i-wyzwania-w-wykorzystaniu-lokalnych-zasobow-do-dzialalnosci-artystycznej-i-rzemieslniczej\/","title":{"rendered":"\u201eWe\u0142na \u2013 \u017ar\u00f3d\u0142o i potencja\u0142. Dobre praktyki i wyzwania w wykorzystaniu lokalnych zasob\u00f3w do dzia\u0142alno\u015bci artystycznej i rzemie\u015blniczej\u201d"},"content":{"rendered":"<p><\/p>\n\n\n\n<p><strong>Zapraszamy na wydarzenia inauguruj\u0105ce projekt, nad kt\u00f3rym patronat obj\u0105\u0142 Narodowy Instytut Dziedzictwa.<\/strong><\/p>\n\n\n\n<p><strong>15 maja w siedzibie Instytutu Wzornictwa Przemys\u0142owego w Warszawie<\/strong> odb\u0119d\u0105 si\u0119 dwa wyj\u0105tkowe wydarzenia:<\/p>\n\n\n\n<ul class=\"wp-block-list\">\n<li><strong>Konferencja<\/strong> w godzinach <strong>13:00\u201317:00<\/strong><\/li>\n\n\n\n<li><strong>Wernisa\u017c wystawy<\/strong> o godzinie <strong>18:00<\/strong><\/li>\n<\/ul>\n\n\n\n<p><strong>\u201eWe\u0142na \u2013 \u017ar\u00f3d\u0142o i potencja\u0142\u201d<\/strong> koncentruje si\u0119 na bogactwie, tradycji oraz przysz\u0142o\u015bci wykorzystania we\u0142ny w kontek\u015bcie dziedzictwa kulturowego i wsp\u00f3\u0142czesnego wzornictwa.<\/p>\n\n\n\n<p>Projekt dedykowany jest tw\u00f3rcom, rzemie\u015blnikom, instytucjom kultury oraz sektorowi przemys\u0142u. Dzia\u0142ania edukacyjne w Warszawie oraz w regionach pasterskich b\u0119d\u0105 popularyzowa\u0107 niedoceniany obecnie materia\u0142, podkre\u015blaj\u0105c jego spo\u0142eczne, ekologiczne i kulturowe, a nie tylko ekonomiczne warto\u015bci ukazuj\u0105c szerokie spektrum wykorzystania we\u0142ny. Na wystawie b\u0119dzie mo\u017cna zobaczy\u0107 zar\u00f3wno obiekty historyczne, jak ubrania czy kilimy, ale r\u00f3wnie\u017c pozna\u0107 nowoczesne zastosowania tego surowca &#8211; panele akustyczne, nawozy czy materia\u0142y izolacyjne.<\/p>\n\n\n\n<p><\/p>\n\n\n\n<p><strong>Mi\u0119dzynarodowa inicjatywa<\/strong> <strong>\u201eWe\u0142na \u2013 \u017ar\u00f3d\u0142o i potencja\u0142\u201d<\/strong> realizowana jest przez <strong>Fundacj\u0119 Instytutu Wzornictwa Przemys\u0142owego <\/strong>we wsp\u00f3\u0142pracy z polskimi i europejskimi instytucjami. Jest cz\u0119\u015bci\u0105 programu kulturalnego polskiej prezydencji w Radzie Unii Europejskiej 2025 obj\u0119tego programem dotacyjnym SYNERGIE. <strong><em><\/em><\/strong><\/p>\n\n\n\n<p>Projekt ma na celu zwr\u00f3cenie uwagi na marnowanie warto\u015bciowego naturalnego surowca, jakim jest we\u0142na. W ca\u0142ej Europie nie jest ona w\u0142a\u015bciwie u\u017cytkowana, a jej rynkowa cena nie pokrywa koszt\u00f3w zwi\u0105zanych ze strzy\u017ceniem. W Finlandii wyrzuca si\u0119 do 70% runa owiec, tak\u017ce w Polsce wi\u0119kszo\u015b\u0107 lokalnych zasob\u00f3w we\u0142ny jest marnowana. W\u015br\u00f3d producent\u00f3w panuje cz\u0119sto przekonanie, o niskich walorach tego materia\u0142u, wypieranego przez we\u0142n\u0119 z Australii i Nowej Zelandii, Ameryki Po\u0142udniowej oraz przez w\u0142\u00f3kna sztuczne. Runo lokalnych owiec jest wi\u0119c utylizowane, wypas jest ograniczany, maleje bior\u00f3\u017cnorodno\u015b\u0107, a tradycyjne rasy owiec s\u0105 zagro\u017cone.<\/p>\n\n\n\n<p>We\u0142na owcza to naturalny i ekologiczny surowiec o wyj\u0105tkowych w\u0142a\u015bciwo\u015bciach. Jest wykorzystywana w meblarstwie, budownictwie i ogrodnictwie, jest wodo- i ognioodporna oraz skutecznie izoluje termicznie i akustycznie. Surowiec ten zyskuje obecnie nowe znaczenie \u2013 przyci\u0105ga uwag\u0119 projektant\u00f3w, naukowc\u00f3w.<\/p>\n\n\n\n<p>G\u0142\u00f3wnym celem przedsi\u0119wzi\u0119cia jest przywr\u00f3cenie zainteresowania wykorzystaniem lokalnych zasob\u00f3w, przywr\u00f3cenie ich na rynek oraz poprawa ich zastosowania, kt\u00f3ra wspiera zr\u00f3wnowa\u017con\u0105 i cyrkularn\u0105 produkcj\u0119. Wydarzenia w ramach projektu \u201eWe\u0142na \u2013 \u017ar\u00f3d\u0142o i potencja\u0142\u201d promuj\u0105 r\u00f3\u017cne formy jej zastosowania na styku tradycyjnego rzemios\u0142a oraz designu, a tak\u017ce nowe, energooszcz\u0119dne technologie przetwarzania we\u0142ny oraz jej rol\u0119 w redukcji emisji gaz\u00f3w cieplarnianych. Wspieraj\u0105 integracj\u0119 spo\u0142eczno\u015bci lokalnych i europejskich, promuj\u0105c polskie produkty na rynku mi\u0119dzynarodowym, r\u00f3wnocze\u015bnie buduj\u0105c poczucie r\u00f3wno\u015bci i przynale\u017cno\u015bci do wsp\u00f3lnoty kulturowej.<\/p>\n\n\n\n<p><br><a href=\"https:\/\/nid.pl\/wp-content\/uploads\/2025\/05\/Wydarzenia-w-ramach-projektu-Welna-zrodlo-i-potencjal.pdf\"><strong>Program wydarze\u0144<\/strong><\/a><\/p>\n\n\n\n<p>Szczeg\u00f3\u0142owe informacje i zapisy: <a href=\"https:\/\/instytutwzornictwa.com\/wiadomosci\/welna-zrodlo-i-potencjal-konferencja-i-wystawa\/\" target=\"_blank\" rel=\"noreferrer noopener\">&lt;tutaj><\/a><\/p>\n\n\n\n<p><\/p>\n\n\n\n<figure class=\"wp-block-image aligncenter size-large is-resized\"><img loading=\"lazy\" decoding=\"async\" width=\"819\" height=\"1024\" src=\"https:\/\/nid.pl\/wp-content\/uploads\/2025\/05\/Patronaty-welna-819x1024.jpg\" alt=\"zaproszenie na konferencj\u0119\" class=\"wp-image-26847\" style=\"width:679px;height:auto\"\/><\/figure>\n\n\n\n<p><\/p>","protected":false},"excerpt":{"rendered":"<p>Zapraszamy na wydarzenia inauguruj\u0105ce projekt, nad kt\u00f3rym patronat obj\u0105\u0142 Narodowy Instytut Dziedzictwa. 15 maja w siedzibie Instytutu Wzornictwa Przemys\u0142owego w Warszawie odb\u0119d\u0105 si\u0119 dwa wyj\u0105tkowe wydarzenia: \u201eWe\u0142na \u2013 \u017ar\u00f3d\u0142o i [&hellip;]<\/p>","protected":false},"author":7,"featured_media":26852,"comment_status":"closed","ping_status":"closed","sticky":false,"template":"","format":"standard","meta":{"_et_pb_use_builder":"off","_et_pb_old_content":"","_et_gb_content_width":"","_monsterinsights_skip_tracking":false,"_monsterinsights_sitenote_active":false,"_monsterinsights_sitenote_note":"","_monsterinsights_sitenote_category":0,"footnotes":""},"categories":[28],"tags":[],"class_list":["post-26846","post","type-post","status-publish","format-standard","has-post-thumbnail","hentry","category-patronaty"],"yoast_head":"<!-- This site is optimized with the Yoast SEO plugin v26.5 - https:\/\/yoast.com\/wordpress\/plugins\/seo\/ -->\n<title>\u201eWe\u0142na \u2013 \u017ar\u00f3d\u0142o i potencja\u0142. Dobre praktyki i wyzwania w wykorzystaniu lokalnych zasob\u00f3w do dzia\u0142alno\u015bci artystycznej i rzemie\u015blniczej\u201d - NID<\/title>\n<meta name=\"robots\" content=\"index, follow, max-snippet:-1, max-image-preview:large, max-video-preview:-1\" \/>\n<link rel=\"canonical\" href=\"https:\/\/nid.pl\/en\/2025\/05\/07\/welna-zrodlo-i-potencjal-dobre-praktyki-i-wyzwania-w-wykorzystaniu-lokalnych-zasobow-do-dzialalnosci-artystycznej-i-rzemieslniczej\/\" \/>\n<meta property=\"og:locale\" content=\"en_GB\" \/>\n<meta property=\"og:type\" content=\"article\" \/>\n<meta property=\"og:title\" content=\"\u201eWe\u0142na \u2013 \u017ar\u00f3d\u0142o i potencja\u0142. Dobre praktyki i wyzwania w wykorzystaniu lokalnych zasob\u00f3w do dzia\u0142alno\u015bci artystycznej i rzemie\u015blniczej\u201d - NID\" \/>\n<meta property=\"og:description\" content=\"Zapraszamy na wydarzenia inauguruj\u0105ce projekt, nad kt\u00f3rym patronat obj\u0105\u0142 Narodowy Instytut Dziedzictwa. 15 maja w siedzibie Instytutu Wzornictwa Przemys\u0142owego w Warszawie odb\u0119d\u0105 si\u0119 dwa wyj\u0105tkowe wydarzenia: \u201eWe\u0142na \u2013 \u017ar\u00f3d\u0142o i [&hellip;]\" \/>\n<meta property=\"og:url\" content=\"https:\/\/nid.pl\/en\/2025\/05\/07\/welna-zrodlo-i-potencjal-dobre-praktyki-i-wyzwania-w-wykorzystaniu-lokalnych-zasobow-do-dzialalnosci-artystycznej-i-rzemieslniczej\/\" \/>\n<meta property=\"og:site_name\" content=\"NID\" \/>\n<meta property=\"article:publisher\" content=\"https:\/\/www.facebook.com\/zabytek\" \/>\n<meta property=\"article:published_time\" content=\"2025-05-07T12:09:53+00:00\" \/>\n<meta property=\"article:modified_time\" content=\"2025-05-07T12:19:52+00:00\" \/>\n<meta property=\"og:image\" content=\"https:\/\/nid.pl\/wp-content\/uploads\/2025\/05\/Patronaty-NID-welna.jpg\" \/>\n\t<meta property=\"og:image:width\" content=\"1400\" \/>\n\t<meta property=\"og:image:height\" content=\"875\" \/>\n\t<meta property=\"og:image:type\" content=\"image\/jpeg\" \/>\n<meta name=\"author\" content=\"Barbara Halliop\" \/>\n<meta name=\"twitter:card\" content=\"summary_large_image\" \/>\n<meta name=\"twitter:creator\" content=\"@NarIDpl\" \/>\n<meta name=\"twitter:site\" content=\"@NarIDpl\" \/>\n<meta name=\"twitter:label1\" content=\"Written by\" \/>\n\t<meta name=\"twitter:data1\" content=\"Barbara Halliop\" \/>\n\t<meta name=\"twitter:label2\" content=\"Estimated reading time\" \/>\n\t<meta name=\"twitter:data2\" content=\"3 minutes\" \/>\n<script type=\"application\/ld+json\" class=\"yoast-schema-graph\">{\"@context\":\"https:\/\/schema.org\",\"@graph\":[{\"@type\":\"Article\",\"@id\":\"https:\/\/nid.pl\/2025\/05\/07\/welna-zrodlo-i-potencjal-dobre-praktyki-i-wyzwania-w-wykorzystaniu-lokalnych-zasobow-do-dzialalnosci-artystycznej-i-rzemieslniczej\/#article\",\"isPartOf\":{\"@id\":\"https:\/\/nid.pl\/2025\/05\/07\/welna-zrodlo-i-potencjal-dobre-praktyki-i-wyzwania-w-wykorzystaniu-lokalnych-zasobow-do-dzialalnosci-artystycznej-i-rzemieslniczej\/\"},\"author\":{\"name\":\"Barbara Halliop\",\"@id\":\"https:\/\/nid.pl\/#\/schema\/person\/1b690a8998a5111cfb9f0ffe24195a15\"},\"headline\":\"\u201eWe\u0142na \u2013 \u017ar\u00f3d\u0142o i potencja\u0142. Dobre praktyki i wyzwania w wykorzystaniu lokalnych zasob\u00f3w do dzia\u0142alno\u015bci artystycznej i rzemie\u015blniczej\u201d\",\"datePublished\":\"2025-05-07T12:09:53+00:00\",\"dateModified\":\"2025-05-07T12:19:52+00:00\",\"mainEntityOfPage\":{\"@id\":\"https:\/\/nid.pl\/2025\/05\/07\/welna-zrodlo-i-potencjal-dobre-praktyki-i-wyzwania-w-wykorzystaniu-lokalnych-zasobow-do-dzialalnosci-artystycznej-i-rzemieslniczej\/\"},\"wordCount\":488,\"publisher\":{\"@id\":\"https:\/\/nid.pl\/#organization\"},\"image\":{\"@id\":\"https:\/\/nid.pl\/2025\/05\/07\/welna-zrodlo-i-potencjal-dobre-praktyki-i-wyzwania-w-wykorzystaniu-lokalnych-zasobow-do-dzialalnosci-artystycznej-i-rzemieslniczej\/#primaryimage\"},\"thumbnailUrl\":\"https:\/\/nid.pl\/wp-content\/uploads\/2025\/05\/Patronaty-NID-welna.jpg\",\"articleSection\":[\"Patronaty\"],\"inLanguage\":\"en-GB\"},{\"@type\":\"WebPage\",\"@id\":\"https:\/\/nid.pl\/2025\/05\/07\/welna-zrodlo-i-potencjal-dobre-praktyki-i-wyzwania-w-wykorzystaniu-lokalnych-zasobow-do-dzialalnosci-artystycznej-i-rzemieslniczej\/\",\"url\":\"https:\/\/nid.pl\/2025\/05\/07\/welna-zrodlo-i-potencjal-dobre-praktyki-i-wyzwania-w-wykorzystaniu-lokalnych-zasobow-do-dzialalnosci-artystycznej-i-rzemieslniczej\/\",\"name\":\"\u201eWe\u0142na \u2013 \u017ar\u00f3d\u0142o i potencja\u0142. Dobre praktyki i wyzwania w wykorzystaniu lokalnych zasob\u00f3w do dzia\u0142alno\u015bci artystycznej i rzemie\u015blniczej\u201d - NID\",\"isPartOf\":{\"@id\":\"https:\/\/nid.pl\/#website\"},\"primaryImageOfPage\":{\"@id\":\"https:\/\/nid.pl\/2025\/05\/07\/welna-zrodlo-i-potencjal-dobre-praktyki-i-wyzwania-w-wykorzystaniu-lokalnych-zasobow-do-dzialalnosci-artystycznej-i-rzemieslniczej\/#primaryimage\"},\"image\":{\"@id\":\"https:\/\/nid.pl\/2025\/05\/07\/welna-zrodlo-i-potencjal-dobre-praktyki-i-wyzwania-w-wykorzystaniu-lokalnych-zasobow-do-dzialalnosci-artystycznej-i-rzemieslniczej\/#primaryimage\"},\"thumbnailUrl\":\"https:\/\/nid.pl\/wp-content\/uploads\/2025\/05\/Patronaty-NID-welna.jpg\",\"datePublished\":\"2025-05-07T12:09:53+00:00\",\"dateModified\":\"2025-05-07T12:19:52+00:00\",\"breadcrumb\":{\"@id\":\"https:\/\/nid.pl\/2025\/05\/07\/welna-zrodlo-i-potencjal-dobre-praktyki-i-wyzwania-w-wykorzystaniu-lokalnych-zasobow-do-dzialalnosci-artystycznej-i-rzemieslniczej\/#breadcrumb\"},\"inLanguage\":\"en-GB\",\"potentialAction\":[{\"@type\":\"ReadAction\",\"target\":[\"https:\/\/nid.pl\/2025\/05\/07\/welna-zrodlo-i-potencjal-dobre-praktyki-i-wyzwania-w-wykorzystaniu-lokalnych-zasobow-do-dzialalnosci-artystycznej-i-rzemieslniczej\/\"]}]},{\"@type\":\"ImageObject\",\"inLanguage\":\"en-GB\",\"@id\":\"https:\/\/nid.pl\/2025\/05\/07\/welna-zrodlo-i-potencjal-dobre-praktyki-i-wyzwania-w-wykorzystaniu-lokalnych-zasobow-do-dzialalnosci-artystycznej-i-rzemieslniczej\/#primaryimage\",\"url\":\"https:\/\/nid.pl\/wp-content\/uploads\/2025\/05\/Patronaty-NID-welna.jpg\",\"contentUrl\":\"https:\/\/nid.pl\/wp-content\/uploads\/2025\/05\/Patronaty-NID-welna.jpg\",\"width\":1400,\"height\":875,\"caption\":\"we\u0142na\"},{\"@type\":\"BreadcrumbList\",\"@id\":\"https:\/\/nid.pl\/2025\/05\/07\/welna-zrodlo-i-potencjal-dobre-praktyki-i-wyzwania-w-wykorzystaniu-lokalnych-zasobow-do-dzialalnosci-artystycznej-i-rzemieslniczej\/#breadcrumb\",\"itemListElement\":[{\"@type\":\"ListItem\",\"position\":1,\"name\":\"Home\",\"item\":\"https:\/\/nid.pl\/\"},{\"@type\":\"ListItem\",\"position\":2,\"name\":\"\u201eWe\u0142na \u2013 \u017ar\u00f3d\u0142o i potencja\u0142. Dobre praktyki i wyzwania w wykorzystaniu lokalnych zasob\u00f3w do dzia\u0142alno\u015bci artystycznej i rzemie\u015blniczej\u201d\"}]},{\"@type\":\"WebSite\",\"@id\":\"https:\/\/nid.pl\/#website\",\"url\":\"https:\/\/nid.pl\/\",\"name\":\"NID\",\"description\":\"Narodowy Instytut Dziedzictwa\",\"publisher\":{\"@id\":\"https:\/\/nid.pl\/#organization\"},\"potentialAction\":[{\"@type\":\"SearchAction\",\"target\":{\"@type\":\"EntryPoint\",\"urlTemplate\":\"https:\/\/nid.pl\/?s={search_term_string}\"},\"query-input\":{\"@type\":\"PropertyValueSpecification\",\"valueRequired\":true,\"valueName\":\"search_term_string\"}}],\"inLanguage\":\"en-GB\"},{\"@type\":\"Organization\",\"@id\":\"https:\/\/nid.pl\/#organization\",\"name\":\"Narodowy Instytut Dziedzictwa\",\"url\":\"https:\/\/nid.pl\/\",\"logo\":{\"@type\":\"ImageObject\",\"inLanguage\":\"en-GB\",\"@id\":\"https:\/\/nid.pl\/#\/schema\/logo\/image\/\",\"url\":\"https:\/\/nid.pl\/wp-content\/uploads\/2022\/10\/logoRedDark.png\",\"contentUrl\":\"https:\/\/nid.pl\/wp-content\/uploads\/2022\/10\/logoRedDark.png\",\"width\":200,\"height\":197,\"caption\":\"Narodowy Instytut Dziedzictwa\"},\"image\":{\"@id\":\"https:\/\/nid.pl\/#\/schema\/logo\/image\/\"},\"sameAs\":[\"https:\/\/www.facebook.com\/zabytek\",\"https:\/\/x.com\/NarIDpl\",\"https:\/\/www.instagram.com\/nid.pl\/?hl=pl\",\"https:\/\/www.linkedin.com\/company\/narodowy-instytut-dziedzictwa\",\"https:\/\/www.youtube.com\/channel\/UCQXuhKa2uHtmNvLRUSx40JA\"]},{\"@type\":\"Person\",\"@id\":\"https:\/\/nid.pl\/#\/schema\/person\/1b690a8998a5111cfb9f0ffe24195a15\",\"name\":\"Barbara Halliop\",\"image\":{\"@type\":\"ImageObject\",\"inLanguage\":\"en-GB\",\"@id\":\"https:\/\/nid.pl\/#\/schema\/person\/image\/\",\"url\":\"https:\/\/nid.pl\/wp-content\/litespeed\/avatar\/924046d17dd0c842c9fa9ccf489bc6dc.jpg?ver=1777444967\",\"contentUrl\":\"https:\/\/nid.pl\/wp-content\/litespeed\/avatar\/924046d17dd0c842c9fa9ccf489bc6dc.jpg?ver=1777444967\",\"caption\":\"Barbara Halliop\"},\"url\":\"https:\/\/nid.pl\/en\/author\/bhalliop\/\"}]}<\/script>\n<!-- \/ Yoast SEO plugin. -->","yoast_head_json":{"title":"\u201eWe\u0142na \u2013 \u017ar\u00f3d\u0142o i potencja\u0142. Dobre praktyki i wyzwania w wykorzystaniu lokalnych zasob\u00f3w do dzia\u0142alno\u015bci artystycznej i rzemie\u015blniczej\u201d - NID","robots":{"index":"index","follow":"follow","max-snippet":"max-snippet:-1","max-image-preview":"max-image-preview:large","max-video-preview":"max-video-preview:-1"},"canonical":"https:\/\/nid.pl\/en\/2025\/05\/07\/welna-zrodlo-i-potencjal-dobre-praktyki-i-wyzwania-w-wykorzystaniu-lokalnych-zasobow-do-dzialalnosci-artystycznej-i-rzemieslniczej\/","og_locale":"en_GB","og_type":"article","og_title":"\u201eWe\u0142na \u2013 \u017ar\u00f3d\u0142o i potencja\u0142. Dobre praktyki i wyzwania w wykorzystaniu lokalnych zasob\u00f3w do dzia\u0142alno\u015bci artystycznej i rzemie\u015blniczej\u201d - NID","og_description":"Zapraszamy na wydarzenia inauguruj\u0105ce projekt, nad kt\u00f3rym patronat obj\u0105\u0142 Narodowy Instytut Dziedzictwa. 15 maja w siedzibie Instytutu Wzornictwa Przemys\u0142owego w Warszawie odb\u0119d\u0105 si\u0119 dwa wyj\u0105tkowe wydarzenia: \u201eWe\u0142na \u2013 \u017ar\u00f3d\u0142o i [&hellip;]","og_url":"https:\/\/nid.pl\/en\/2025\/05\/07\/welna-zrodlo-i-potencjal-dobre-praktyki-i-wyzwania-w-wykorzystaniu-lokalnych-zasobow-do-dzialalnosci-artystycznej-i-rzemieslniczej\/","og_site_name":"NID","article_publisher":"https:\/\/www.facebook.com\/zabytek","article_published_time":"2025-05-07T12:09:53+00:00","article_modified_time":"2025-05-07T12:19:52+00:00","og_image":[{"width":1400,"height":875,"url":"https:\/\/nid.pl\/wp-content\/uploads\/2025\/05\/Patronaty-NID-welna.jpg","type":"image\/jpeg"}],"author":"Barbara Halliop","twitter_card":"summary_large_image","twitter_creator":"@NarIDpl","twitter_site":"@NarIDpl","twitter_misc":{"Written by":"Barbara Halliop","Estimated reading time":"3 minutes"},"schema":{"@context":"https:\/\/schema.org","@graph":[{"@type":"Article","@id":"https:\/\/nid.pl\/2025\/05\/07\/welna-zrodlo-i-potencjal-dobre-praktyki-i-wyzwania-w-wykorzystaniu-lokalnych-zasobow-do-dzialalnosci-artystycznej-i-rzemieslniczej\/#article","isPartOf":{"@id":"https:\/\/nid.pl\/2025\/05\/07\/welna-zrodlo-i-potencjal-dobre-praktyki-i-wyzwania-w-wykorzystaniu-lokalnych-zasobow-do-dzialalnosci-artystycznej-i-rzemieslniczej\/"},"author":{"name":"Barbara Halliop","@id":"https:\/\/nid.pl\/#\/schema\/person\/1b690a8998a5111cfb9f0ffe24195a15"},"headline":"\u201eWe\u0142na \u2013 \u017ar\u00f3d\u0142o i potencja\u0142. Dobre praktyki i wyzwania w wykorzystaniu lokalnych zasob\u00f3w do dzia\u0142alno\u015bci artystycznej i rzemie\u015blniczej\u201d","datePublished":"2025-05-07T12:09:53+00:00","dateModified":"2025-05-07T12:19:52+00:00","mainEntityOfPage":{"@id":"https:\/\/nid.pl\/2025\/05\/07\/welna-zrodlo-i-potencjal-dobre-praktyki-i-wyzwania-w-wykorzystaniu-lokalnych-zasobow-do-dzialalnosci-artystycznej-i-rzemieslniczej\/"},"wordCount":488,"publisher":{"@id":"https:\/\/nid.pl\/#organization"},"image":{"@id":"https:\/\/nid.pl\/2025\/05\/07\/welna-zrodlo-i-potencjal-dobre-praktyki-i-wyzwania-w-wykorzystaniu-lokalnych-zasobow-do-dzialalnosci-artystycznej-i-rzemieslniczej\/#primaryimage"},"thumbnailUrl":"https:\/\/nid.pl\/wp-content\/uploads\/2025\/05\/Patronaty-NID-welna.jpg","articleSection":["Patronaty"],"inLanguage":"en-GB"},{"@type":"WebPage","@id":"https:\/\/nid.pl\/2025\/05\/07\/welna-zrodlo-i-potencjal-dobre-praktyki-i-wyzwania-w-wykorzystaniu-lokalnych-zasobow-do-dzialalnosci-artystycznej-i-rzemieslniczej\/","url":"https:\/\/nid.pl\/2025\/05\/07\/welna-zrodlo-i-potencjal-dobre-praktyki-i-wyzwania-w-wykorzystaniu-lokalnych-zasobow-do-dzialalnosci-artystycznej-i-rzemieslniczej\/","name":"\u201eWe\u0142na \u2013 \u017ar\u00f3d\u0142o i potencja\u0142. Dobre praktyki i wyzwania w wykorzystaniu lokalnych zasob\u00f3w do dzia\u0142alno\u015bci artystycznej i rzemie\u015blniczej\u201d - NID","isPartOf":{"@id":"https:\/\/nid.pl\/#website"},"primaryImageOfPage":{"@id":"https:\/\/nid.pl\/2025\/05\/07\/welna-zrodlo-i-potencjal-dobre-praktyki-i-wyzwania-w-wykorzystaniu-lokalnych-zasobow-do-dzialalnosci-artystycznej-i-rzemieslniczej\/#primaryimage"},"image":{"@id":"https:\/\/nid.pl\/2025\/05\/07\/welna-zrodlo-i-potencjal-dobre-praktyki-i-wyzwania-w-wykorzystaniu-lokalnych-zasobow-do-dzialalnosci-artystycznej-i-rzemieslniczej\/#primaryimage"},"thumbnailUrl":"https:\/\/nid.pl\/wp-content\/uploads\/2025\/05\/Patronaty-NID-welna.jpg","datePublished":"2025-05-07T12:09:53+00:00","dateModified":"2025-05-07T12:19:52+00:00","breadcrumb":{"@id":"https:\/\/nid.pl\/2025\/05\/07\/welna-zrodlo-i-potencjal-dobre-praktyki-i-wyzwania-w-wykorzystaniu-lokalnych-zasobow-do-dzialalnosci-artystycznej-i-rzemieslniczej\/#breadcrumb"},"inLanguage":"en-GB","potentialAction":[{"@type":"ReadAction","target":["https:\/\/nid.pl\/2025\/05\/07\/welna-zrodlo-i-potencjal-dobre-praktyki-i-wyzwania-w-wykorzystaniu-lokalnych-zasobow-do-dzialalnosci-artystycznej-i-rzemieslniczej\/"]}]},{"@type":"ImageObject","inLanguage":"en-GB","@id":"https:\/\/nid.pl\/2025\/05\/07\/welna-zrodlo-i-potencjal-dobre-praktyki-i-wyzwania-w-wykorzystaniu-lokalnych-zasobow-do-dzialalnosci-artystycznej-i-rzemieslniczej\/#primaryimage","url":"https:\/\/nid.pl\/wp-content\/uploads\/2025\/05\/Patronaty-NID-welna.jpg","contentUrl":"https:\/\/nid.pl\/wp-content\/uploads\/2025\/05\/Patronaty-NID-welna.jpg","width":1400,"height":875,"caption":"we\u0142na"},{"@type":"BreadcrumbList","@id":"https:\/\/nid.pl\/2025\/05\/07\/welna-zrodlo-i-potencjal-dobre-praktyki-i-wyzwania-w-wykorzystaniu-lokalnych-zasobow-do-dzialalnosci-artystycznej-i-rzemieslniczej\/#breadcrumb","itemListElement":[{"@type":"ListItem","position":1,"name":"Home","item":"https:\/\/nid.pl\/"},{"@type":"ListItem","position":2,"name":"\u201eWe\u0142na \u2013 \u017ar\u00f3d\u0142o i potencja\u0142. Dobre praktyki i wyzwania w wykorzystaniu lokalnych zasob\u00f3w do dzia\u0142alno\u015bci artystycznej i rzemie\u015blniczej\u201d"}]},{"@type":"WebSite","@id":"https:\/\/nid.pl\/#website","url":"https:\/\/nid.pl\/","name":"NID","description":"Narodowy Instytut Dziedzictwa","publisher":{"@id":"https:\/\/nid.pl\/#organization"},"potentialAction":[{"@type":"SearchAction","target":{"@type":"EntryPoint","urlTemplate":"https:\/\/nid.pl\/?s={search_term_string}"},"query-input":{"@type":"PropertyValueSpecification","valueRequired":true,"valueName":"search_term_string"}}],"inLanguage":"en-GB"},{"@type":"Organization","@id":"https:\/\/nid.pl\/#organization","name":"Narodowy Instytut Dziedzictwa","url":"https:\/\/nid.pl\/","logo":{"@type":"ImageObject","inLanguage":"en-GB","@id":"https:\/\/nid.pl\/#\/schema\/logo\/image\/","url":"https:\/\/nid.pl\/wp-content\/uploads\/2022\/10\/logoRedDark.png","contentUrl":"https:\/\/nid.pl\/wp-content\/uploads\/2022\/10\/logoRedDark.png","width":200,"height":197,"caption":"Narodowy Instytut Dziedzictwa"},"image":{"@id":"https:\/\/nid.pl\/#\/schema\/logo\/image\/"},"sameAs":["https:\/\/www.facebook.com\/zabytek","https:\/\/x.com\/NarIDpl","https:\/\/www.instagram.com\/nid.pl\/?hl=pl","https:\/\/www.linkedin.com\/company\/narodowy-instytut-dziedzictwa","https:\/\/www.youtube.com\/channel\/UCQXuhKa2uHtmNvLRUSx40JA"]},{"@type":"Person","@id":"https:\/\/nid.pl\/#\/schema\/person\/1b690a8998a5111cfb9f0ffe24195a15","name":"Barbara Halliop","image":{"@type":"ImageObject","inLanguage":"en-GB","@id":"https:\/\/nid.pl\/#\/schema\/person\/image\/","url":"https:\/\/nid.pl\/wp-content\/litespeed\/avatar\/924046d17dd0c842c9fa9ccf489bc6dc.jpg?ver=1777444967","contentUrl":"https:\/\/nid.pl\/wp-content\/litespeed\/avatar\/924046d17dd0c842c9fa9ccf489bc6dc.jpg?ver=1777444967","caption":"Barbara Halliop"},"url":"https:\/\/nid.pl\/en\/author\/bhalliop\/"}]}},"_links":{"self":[{"href":"https:\/\/nid.pl\/en\/wp-json\/wp\/v2\/posts\/26846","targetHints":{"allow":["GET"]}}],"collection":[{"href":"https:\/\/nid.pl\/en\/wp-json\/wp\/v2\/posts"}],"about":[{"href":"https:\/\/nid.pl\/en\/wp-json\/wp\/v2\/types\/post"}],"author":[{"embeddable":true,"href":"https:\/\/nid.pl\/en\/wp-json\/wp\/v2\/users\/7"}],"replies":[{"embeddable":true,"href":"https:\/\/nid.pl\/en\/wp-json\/wp\/v2\/comments?post=26846"}],"version-history":[{"count":0,"href":"https:\/\/nid.pl\/en\/wp-json\/wp\/v2\/posts\/26846\/revisions"}],"wp:featuredmedia":[{"embeddable":true,"href":"https:\/\/nid.pl\/en\/wp-json\/wp\/v2\/media\/26852"}],"wp:attachment":[{"href":"https:\/\/nid.pl\/en\/wp-json\/wp\/v2\/media?parent=26846"}],"wp:term":[{"taxonomy":"category","embeddable":true,"href":"https:\/\/nid.pl\/en\/wp-json\/wp\/v2\/categories?post=26846"},{"taxonomy":"post_tag","embeddable":true,"href":"https:\/\/nid.pl\/en\/wp-json\/wp\/v2\/tags?post=26846"}],"curies":[{"name":"wp","href":"https:\/\/api.w.org\/{rel}","templated":true}]}}