{"id":26786,"date":"2025-04-29T10:29:02","date_gmt":"2025-04-29T08:29:02","guid":{"rendered":"https:\/\/nid.pl\/?p=26786"},"modified":"2025-04-29T10:29:04","modified_gmt":"2025-04-29T08:29:04","slug":"iii-forum-dziedzictwa-kultury-przemyslowej-sztuka-w-przestrzeniach-postindustrialnych","status":"publish","type":"post","link":"https:\/\/nid.pl\/en\/2025\/04\/29\/iii-forum-dziedzictwa-kultury-przemyslowej-sztuka-w-przestrzeniach-postindustrialnych\/","title":{"rendered":"III Forum Dziedzictwa Kultury Przemys\u0142owej. Sztuka w przestrzeniach postindustrialnych"},"content":{"rendered":"<p class=\"has-medium-font-size\"><strong>Wraz z Instytutem im. Wojciecha Korfantego zapraszamy na III edycj\u0119 Forum Dziedzictwa Kultury Przemys\u0142owej nad kt\u00f3rym Narodowy Instytut Dziedzictwa obj\u0105\u0142 patronat. Wydarzenie odb\u0119dzie si\u0119  <\/strong>w\u00a0siedzibie<strong> Instytutu w Katowicach i w formie wizyty studyjnej w O\u015brodku Dokumentacji Sztuki Tadeusza Kantora Cricoteka w Krakowie. To interdyscyplinarne wydarzenie, zainicjowane w 2023 roku, jest platform\u0105 wymiany wiedzy i\u00a0do\u015bwiadcze\u0144 z zakresu upowszechniania nowoczesnych form przekazu kulturowego oraz promocji dziedzictwa kultury przemys\u0142owej<\/strong>.<\/p>\n\n\n\n<p>Punktem wyj\u015bcia do organizacji Forum Dziedzictwa Kultury Przemys\u0142owej by\u0142a interpretacja kultury jako elementu stymuluj\u0105cego rozw\u00f3j sektora kreatywnego.<\/p>\n\n\n\n<p>\u2013 Kultura mo\u017ce sta\u0107 si\u0119 katalizatorem rozwoju gospodarczego, a tym samym przyczyni\u0107 si\u0119 do rozwoju miast i region\u00f3w, sprzyja\u0107 rozwojowi lokalnych i regionalnych rynk\u00f3w pracy, wp\u0142ywa\u0107 na ich atrakcyjno\u015b\u0107 osiedle\u0144cz\u0105 i inwestycyjn\u0105 oraz promocj\u0119 i upowszechnienie dziedzictwa przemys\u0142owego jako elementu turystyki kulturowej na arenie og\u00f3lnopolskiej oraz europejskiej \u2013 podkre\u015bla Dorota Pociask-Fr\u0105cek, autorka projektu, Dyrektor Instytutu im. Wojciecha Korfantego.<\/p>\n\n\n\n<p>Tegoroczna edycja Forum po\u015bwi\u0119cona b\u0119dzie \u201esztuce w przestrzeniach postindustrialnych\u201d, kt\u00f3re dzi\u015b stanowi\u0105 siedziby presti\u017cowych instytucji kultury. Uczestnicy poznaj\u0105 inspiruj\u0105ce historie transformacji miejsc dawniej zwi\u0105zanych z przemys\u0142em w \u017cywe centra \u017cycia artystycznego.<\/p>\n\n\n\n<p>W\u015br\u00f3d omawianych przyk\u0142ad\u00f3w znajd\u0105 si\u0119:<\/p>\n\n\n\n<ol class=\"wp-block-list\">\n<li>Nowy Teatr w Warszawie \u2013 teren, na kt\u00f3rym obecnie znajduje si\u0119\u00a0Nowy Teatr by\u0142 eksploatowany jako wyrobisko gliny do produkcji ceg\u0142y. Po up\u0142ywie pi\u0119\u0107dziesi\u0119ciu lat gliniank\u0119 zasypano ha\u0142dami \u015bmieci. W 1927 roku, na skraju dawnego wyrobiska, powsta\u0142a hala warsztatowa przeznaczona do naprawy woz\u00f3w oczyszczania miasta. W 2008 roku rozpoczyna si\u0119 tu historia Nowego Teatru, a\u00a0w\u00a0roku 2014 zostaje zainaugurowana budowa Mi\u0119dzynarodowego Centrum Kultury Nowy Teatr w Warszawie wed\u0142ug projektu pracowni Piotr Fortuna Architekci z Gdyni.<\/li>\n\n\n\n<li>Muzeum Sztuki w \u0141odzi MS2 \u2013 oddzia\u0142 Muzeum Sztuki mie\u015bci si\u0119 w\u00a0zrewitalizowanej prz\u0119dzalni fabryki Izraela Pozna\u0144skiego. To\u00a0nowoczesna plac\u00f3wka, w kt\u00f3rej sztuka wysoka wsp\u00f3\u0142istnieje z\u00a0centrum handlowym, o czym podczas konferencji opowie Leszek Karczewski, zast\u0119pca Dyrektora ds. Promocji i Upowszechnienia Muzeum.<\/li>\n\n\n\n<li>Teatr Rozbark w Bytomiu \u2013 znajduje si\u0119 w zabytkowej Cechowni kopalni Rozbark. W jego postindustrialnej przestrzeni prezentowane s\u0105 spektakle taneczne, a tak\u017ce dzia\u0142ania edukacyjne i spo\u0142eczne dla\u00a0r\u00f3\u017cnych grup odbiorc\u00f3w. O adaptacji Cechowni na potrzeby dzia\u0142alno\u015bci teatralnej opowie Pawe\u0142 Murlik.<\/li>\n\n\n\n<li>O\u015brodek Dokumentacji Sztuki Tadeusza Kantora CRICOTEKA w Krakowie \u2013 przyk\u0142ad nowoczesnej adaptacji dawnej elektrowni na instytucj\u0119 kultury, dominuj\u0105c\u0105 architektonicznie nad brzegiem Wis\u0142y. Podczas wizyty studyjnej po budynku oprowadzi architektka Agnieszka Szultk.<\/li>\n<\/ol>\n\n\n\n<p><\/p>\n\n\n\n<p><a href=\"https:\/\/nid.pl\/wp-content\/uploads\/2025\/04\/Patronat-NID-III-Forum-Dziedzictwa-Kultury-Przemyslowej-PROGRAM.pdf\">PROGRAM WYDARZENIA<\/a><\/p>\n\n\n\n<p><\/p>\n\n\n\n<figure class=\"wp-block-image aligncenter size-large is-resized\"><img loading=\"lazy\" decoding=\"async\" width=\"1024\" height=\"683\" src=\"https:\/\/nid.pl\/wp-content\/uploads\/2025\/04\/III-FDKP-09-10.05.25-1200x800-1-1024x683.png\" alt=\"\" class=\"wp-image-26787\" style=\"width:787px;height:auto\" srcset=\"https:\/\/nid.pl\/wp-content\/uploads\/2025\/04\/III-FDKP-09-10.05.25-1200x800-1-1024x683.png 1024w, https:\/\/nid.pl\/wp-content\/uploads\/2025\/04\/III-FDKP-09-10.05.25-1200x800-1-980x653.png 980w, https:\/\/nid.pl\/wp-content\/uploads\/2025\/04\/III-FDKP-09-10.05.25-1200x800-1-480x320.png 480w\" sizes=\"(min-width: 0px) and (max-width: 480px) 480px, (min-width: 481px) and (max-width: 980px) 980px, (min-width: 981px) 1024px, 100vw\" \/><\/figure>","protected":false},"excerpt":{"rendered":"<p>Wraz z Instytutem im. Wojciecha Korfantego zapraszamy na III edycj\u0119 Forum Dziedzictwa Kultury Przemys\u0142owej nad kt\u00f3rym Narodowy Instytut Dziedzictwa obj\u0105\u0142 patronat. Wydarzenie odb\u0119dzie si\u0119 w\u00a0siedzibie Instytutu w Katowicach i w [&hellip;]<\/p>","protected":false},"author":7,"featured_media":26790,"comment_status":"closed","ping_status":"closed","sticky":false,"template":"","format":"standard","meta":{"_et_pb_use_builder":"off","_et_pb_old_content":"","_et_gb_content_width":"","_monsterinsights_skip_tracking":false,"_monsterinsights_sitenote_active":false,"_monsterinsights_sitenote_note":"","_monsterinsights_sitenote_category":0,"footnotes":""},"categories":[28],"tags":[],"class_list":["post-26786","post","type-post","status-publish","format-standard","has-post-thumbnail","hentry","category-patronaty"],"yoast_head":"<!-- This site is optimized with the Yoast SEO plugin v26.5 - https:\/\/yoast.com\/wordpress\/plugins\/seo\/ -->\n<title>III Forum Dziedzictwa Kultury Przemys\u0142owej. Sztuka w przestrzeniach postindustrialnych - NID<\/title>\n<meta name=\"robots\" content=\"index, follow, max-snippet:-1, max-image-preview:large, max-video-preview:-1\" \/>\n<link rel=\"canonical\" href=\"https:\/\/nid.pl\/en\/2025\/04\/29\/iii-forum-dziedzictwa-kultury-przemyslowej-sztuka-w-przestrzeniach-postindustrialnych\/\" \/>\n<meta property=\"og:locale\" content=\"en_GB\" \/>\n<meta property=\"og:type\" content=\"article\" \/>\n<meta property=\"og:title\" content=\"III Forum Dziedzictwa Kultury Przemys\u0142owej. Sztuka w przestrzeniach postindustrialnych - NID\" \/>\n<meta property=\"og:description\" content=\"Wraz z Instytutem im. Wojciecha Korfantego zapraszamy na III edycj\u0119 Forum Dziedzictwa Kultury Przemys\u0142owej nad kt\u00f3rym Narodowy Instytut Dziedzictwa obj\u0105\u0142 patronat. Wydarzenie odb\u0119dzie si\u0119 w\u00a0siedzibie Instytutu w Katowicach i w [&hellip;]\" \/>\n<meta property=\"og:url\" content=\"https:\/\/nid.pl\/en\/2025\/04\/29\/iii-forum-dziedzictwa-kultury-przemyslowej-sztuka-w-przestrzeniach-postindustrialnych\/\" \/>\n<meta property=\"og:site_name\" content=\"NID\" \/>\n<meta property=\"article:publisher\" content=\"https:\/\/www.facebook.com\/zabytek\" \/>\n<meta property=\"article:published_time\" content=\"2025-04-29T08:29:02+00:00\" \/>\n<meta property=\"article:modified_time\" content=\"2025-04-29T08:29:04+00:00\" \/>\n<meta property=\"og:image\" content=\"https:\/\/nid.pl\/wp-content\/uploads\/2025\/04\/Patronaty-NID-III-FDKP.jpg\" \/>\n\t<meta property=\"og:image:width\" content=\"1400\" \/>\n\t<meta property=\"og:image:height\" content=\"875\" \/>\n\t<meta property=\"og:image:type\" content=\"image\/jpeg\" \/>\n<meta name=\"author\" content=\"Barbara Halliop\" \/>\n<meta name=\"twitter:card\" content=\"summary_large_image\" \/>\n<meta name=\"twitter:creator\" content=\"@NarIDpl\" \/>\n<meta name=\"twitter:site\" content=\"@NarIDpl\" \/>\n<meta name=\"twitter:label1\" content=\"Written by\" \/>\n\t<meta name=\"twitter:data1\" content=\"Barbara Halliop\" \/>\n\t<meta name=\"twitter:label2\" content=\"Estimated reading time\" \/>\n\t<meta name=\"twitter:data2\" content=\"3 minutes\" \/>\n<script type=\"application\/ld+json\" class=\"yoast-schema-graph\">{\"@context\":\"https:\/\/schema.org\",\"@graph\":[{\"@type\":\"Article\",\"@id\":\"https:\/\/nid.pl\/2025\/04\/29\/iii-forum-dziedzictwa-kultury-przemyslowej-sztuka-w-przestrzeniach-postindustrialnych\/#article\",\"isPartOf\":{\"@id\":\"https:\/\/nid.pl\/2025\/04\/29\/iii-forum-dziedzictwa-kultury-przemyslowej-sztuka-w-przestrzeniach-postindustrialnych\/\"},\"author\":{\"name\":\"Barbara Halliop\",\"@id\":\"https:\/\/nid.pl\/#\/schema\/person\/1b690a8998a5111cfb9f0ffe24195a15\"},\"headline\":\"III Forum Dziedzictwa Kultury Przemys\u0142owej. Sztuka w przestrzeniach postindustrialnych\",\"datePublished\":\"2025-04-29T08:29:02+00:00\",\"dateModified\":\"2025-04-29T08:29:04+00:00\",\"mainEntityOfPage\":{\"@id\":\"https:\/\/nid.pl\/2025\/04\/29\/iii-forum-dziedzictwa-kultury-przemyslowej-sztuka-w-przestrzeniach-postindustrialnych\/\"},\"wordCount\":430,\"publisher\":{\"@id\":\"https:\/\/nid.pl\/#organization\"},\"image\":{\"@id\":\"https:\/\/nid.pl\/2025\/04\/29\/iii-forum-dziedzictwa-kultury-przemyslowej-sztuka-w-przestrzeniach-postindustrialnych\/#primaryimage\"},\"thumbnailUrl\":\"https:\/\/nid.pl\/wp-content\/uploads\/2025\/04\/Patronaty-NID-III-FDKP.jpg\",\"articleSection\":[\"Patronaty\"],\"inLanguage\":\"en-GB\"},{\"@type\":\"WebPage\",\"@id\":\"https:\/\/nid.pl\/2025\/04\/29\/iii-forum-dziedzictwa-kultury-przemyslowej-sztuka-w-przestrzeniach-postindustrialnych\/\",\"url\":\"https:\/\/nid.pl\/2025\/04\/29\/iii-forum-dziedzictwa-kultury-przemyslowej-sztuka-w-przestrzeniach-postindustrialnych\/\",\"name\":\"III Forum Dziedzictwa Kultury Przemys\u0142owej. Sztuka w przestrzeniach postindustrialnych - NID\",\"isPartOf\":{\"@id\":\"https:\/\/nid.pl\/#website\"},\"primaryImageOfPage\":{\"@id\":\"https:\/\/nid.pl\/2025\/04\/29\/iii-forum-dziedzictwa-kultury-przemyslowej-sztuka-w-przestrzeniach-postindustrialnych\/#primaryimage\"},\"image\":{\"@id\":\"https:\/\/nid.pl\/2025\/04\/29\/iii-forum-dziedzictwa-kultury-przemyslowej-sztuka-w-przestrzeniach-postindustrialnych\/#primaryimage\"},\"thumbnailUrl\":\"https:\/\/nid.pl\/wp-content\/uploads\/2025\/04\/Patronaty-NID-III-FDKP.jpg\",\"datePublished\":\"2025-04-29T08:29:02+00:00\",\"dateModified\":\"2025-04-29T08:29:04+00:00\",\"breadcrumb\":{\"@id\":\"https:\/\/nid.pl\/2025\/04\/29\/iii-forum-dziedzictwa-kultury-przemyslowej-sztuka-w-przestrzeniach-postindustrialnych\/#breadcrumb\"},\"inLanguage\":\"en-GB\",\"potentialAction\":[{\"@type\":\"ReadAction\",\"target\":[\"https:\/\/nid.pl\/2025\/04\/29\/iii-forum-dziedzictwa-kultury-przemyslowej-sztuka-w-przestrzeniach-postindustrialnych\/\"]}]},{\"@type\":\"ImageObject\",\"inLanguage\":\"en-GB\",\"@id\":\"https:\/\/nid.pl\/2025\/04\/29\/iii-forum-dziedzictwa-kultury-przemyslowej-sztuka-w-przestrzeniach-postindustrialnych\/#primaryimage\",\"url\":\"https:\/\/nid.pl\/wp-content\/uploads\/2025\/04\/Patronaty-NID-III-FDKP.jpg\",\"contentUrl\":\"https:\/\/nid.pl\/wp-content\/uploads\/2025\/04\/Patronaty-NID-III-FDKP.jpg\",\"width\":1400,\"height\":875,\"caption\":\"grafika\"},{\"@type\":\"BreadcrumbList\",\"@id\":\"https:\/\/nid.pl\/2025\/04\/29\/iii-forum-dziedzictwa-kultury-przemyslowej-sztuka-w-przestrzeniach-postindustrialnych\/#breadcrumb\",\"itemListElement\":[{\"@type\":\"ListItem\",\"position\":1,\"name\":\"Home\",\"item\":\"https:\/\/nid.pl\/\"},{\"@type\":\"ListItem\",\"position\":2,\"name\":\"III Forum Dziedzictwa Kultury Przemys\u0142owej. Sztuka w przestrzeniach postindustrialnych\"}]},{\"@type\":\"WebSite\",\"@id\":\"https:\/\/nid.pl\/#website\",\"url\":\"https:\/\/nid.pl\/\",\"name\":\"NID\",\"description\":\"Narodowy Instytut Dziedzictwa\",\"publisher\":{\"@id\":\"https:\/\/nid.pl\/#organization\"},\"potentialAction\":[{\"@type\":\"SearchAction\",\"target\":{\"@type\":\"EntryPoint\",\"urlTemplate\":\"https:\/\/nid.pl\/?s={search_term_string}\"},\"query-input\":{\"@type\":\"PropertyValueSpecification\",\"valueRequired\":true,\"valueName\":\"search_term_string\"}}],\"inLanguage\":\"en-GB\"},{\"@type\":\"Organization\",\"@id\":\"https:\/\/nid.pl\/#organization\",\"name\":\"Narodowy Instytut Dziedzictwa\",\"url\":\"https:\/\/nid.pl\/\",\"logo\":{\"@type\":\"ImageObject\",\"inLanguage\":\"en-GB\",\"@id\":\"https:\/\/nid.pl\/#\/schema\/logo\/image\/\",\"url\":\"https:\/\/nid.pl\/wp-content\/uploads\/2022\/10\/logoRedDark.png\",\"contentUrl\":\"https:\/\/nid.pl\/wp-content\/uploads\/2022\/10\/logoRedDark.png\",\"width\":200,\"height\":197,\"caption\":\"Narodowy Instytut Dziedzictwa\"},\"image\":{\"@id\":\"https:\/\/nid.pl\/#\/schema\/logo\/image\/\"},\"sameAs\":[\"https:\/\/www.facebook.com\/zabytek\",\"https:\/\/x.com\/NarIDpl\",\"https:\/\/www.instagram.com\/nid.pl\/?hl=pl\",\"https:\/\/www.linkedin.com\/company\/narodowy-instytut-dziedzictwa\",\"https:\/\/www.youtube.com\/channel\/UCQXuhKa2uHtmNvLRUSx40JA\"]},{\"@type\":\"Person\",\"@id\":\"https:\/\/nid.pl\/#\/schema\/person\/1b690a8998a5111cfb9f0ffe24195a15\",\"name\":\"Barbara Halliop\",\"image\":{\"@type\":\"ImageObject\",\"inLanguage\":\"en-GB\",\"@id\":\"https:\/\/nid.pl\/#\/schema\/person\/image\/\",\"url\":\"https:\/\/nid.pl\/wp-content\/litespeed\/avatar\/924046d17dd0c842c9fa9ccf489bc6dc.jpg?ver=1777444967\",\"contentUrl\":\"https:\/\/nid.pl\/wp-content\/litespeed\/avatar\/924046d17dd0c842c9fa9ccf489bc6dc.jpg?ver=1777444967\",\"caption\":\"Barbara Halliop\"},\"url\":\"https:\/\/nid.pl\/en\/author\/bhalliop\/\"}]}<\/script>\n<!-- \/ Yoast SEO plugin. -->","yoast_head_json":{"title":"III Forum Dziedzictwa Kultury Przemys\u0142owej. Sztuka w przestrzeniach postindustrialnych - NID","robots":{"index":"index","follow":"follow","max-snippet":"max-snippet:-1","max-image-preview":"max-image-preview:large","max-video-preview":"max-video-preview:-1"},"canonical":"https:\/\/nid.pl\/en\/2025\/04\/29\/iii-forum-dziedzictwa-kultury-przemyslowej-sztuka-w-przestrzeniach-postindustrialnych\/","og_locale":"en_GB","og_type":"article","og_title":"III Forum Dziedzictwa Kultury Przemys\u0142owej. Sztuka w przestrzeniach postindustrialnych - NID","og_description":"Wraz z Instytutem im. Wojciecha Korfantego zapraszamy na III edycj\u0119 Forum Dziedzictwa Kultury Przemys\u0142owej nad kt\u00f3rym Narodowy Instytut Dziedzictwa obj\u0105\u0142 patronat. Wydarzenie odb\u0119dzie si\u0119 w\u00a0siedzibie Instytutu w Katowicach i w [&hellip;]","og_url":"https:\/\/nid.pl\/en\/2025\/04\/29\/iii-forum-dziedzictwa-kultury-przemyslowej-sztuka-w-przestrzeniach-postindustrialnych\/","og_site_name":"NID","article_publisher":"https:\/\/www.facebook.com\/zabytek","article_published_time":"2025-04-29T08:29:02+00:00","article_modified_time":"2025-04-29T08:29:04+00:00","og_image":[{"width":1400,"height":875,"url":"https:\/\/nid.pl\/wp-content\/uploads\/2025\/04\/Patronaty-NID-III-FDKP.jpg","type":"image\/jpeg"}],"author":"Barbara Halliop","twitter_card":"summary_large_image","twitter_creator":"@NarIDpl","twitter_site":"@NarIDpl","twitter_misc":{"Written by":"Barbara Halliop","Estimated reading time":"3 minutes"},"schema":{"@context":"https:\/\/schema.org","@graph":[{"@type":"Article","@id":"https:\/\/nid.pl\/2025\/04\/29\/iii-forum-dziedzictwa-kultury-przemyslowej-sztuka-w-przestrzeniach-postindustrialnych\/#article","isPartOf":{"@id":"https:\/\/nid.pl\/2025\/04\/29\/iii-forum-dziedzictwa-kultury-przemyslowej-sztuka-w-przestrzeniach-postindustrialnych\/"},"author":{"name":"Barbara Halliop","@id":"https:\/\/nid.pl\/#\/schema\/person\/1b690a8998a5111cfb9f0ffe24195a15"},"headline":"III Forum Dziedzictwa Kultury Przemys\u0142owej. Sztuka w przestrzeniach postindustrialnych","datePublished":"2025-04-29T08:29:02+00:00","dateModified":"2025-04-29T08:29:04+00:00","mainEntityOfPage":{"@id":"https:\/\/nid.pl\/2025\/04\/29\/iii-forum-dziedzictwa-kultury-przemyslowej-sztuka-w-przestrzeniach-postindustrialnych\/"},"wordCount":430,"publisher":{"@id":"https:\/\/nid.pl\/#organization"},"image":{"@id":"https:\/\/nid.pl\/2025\/04\/29\/iii-forum-dziedzictwa-kultury-przemyslowej-sztuka-w-przestrzeniach-postindustrialnych\/#primaryimage"},"thumbnailUrl":"https:\/\/nid.pl\/wp-content\/uploads\/2025\/04\/Patronaty-NID-III-FDKP.jpg","articleSection":["Patronaty"],"inLanguage":"en-GB"},{"@type":"WebPage","@id":"https:\/\/nid.pl\/2025\/04\/29\/iii-forum-dziedzictwa-kultury-przemyslowej-sztuka-w-przestrzeniach-postindustrialnych\/","url":"https:\/\/nid.pl\/2025\/04\/29\/iii-forum-dziedzictwa-kultury-przemyslowej-sztuka-w-przestrzeniach-postindustrialnych\/","name":"III Forum Dziedzictwa Kultury Przemys\u0142owej. Sztuka w przestrzeniach postindustrialnych - NID","isPartOf":{"@id":"https:\/\/nid.pl\/#website"},"primaryImageOfPage":{"@id":"https:\/\/nid.pl\/2025\/04\/29\/iii-forum-dziedzictwa-kultury-przemyslowej-sztuka-w-przestrzeniach-postindustrialnych\/#primaryimage"},"image":{"@id":"https:\/\/nid.pl\/2025\/04\/29\/iii-forum-dziedzictwa-kultury-przemyslowej-sztuka-w-przestrzeniach-postindustrialnych\/#primaryimage"},"thumbnailUrl":"https:\/\/nid.pl\/wp-content\/uploads\/2025\/04\/Patronaty-NID-III-FDKP.jpg","datePublished":"2025-04-29T08:29:02+00:00","dateModified":"2025-04-29T08:29:04+00:00","breadcrumb":{"@id":"https:\/\/nid.pl\/2025\/04\/29\/iii-forum-dziedzictwa-kultury-przemyslowej-sztuka-w-przestrzeniach-postindustrialnych\/#breadcrumb"},"inLanguage":"en-GB","potentialAction":[{"@type":"ReadAction","target":["https:\/\/nid.pl\/2025\/04\/29\/iii-forum-dziedzictwa-kultury-przemyslowej-sztuka-w-przestrzeniach-postindustrialnych\/"]}]},{"@type":"ImageObject","inLanguage":"en-GB","@id":"https:\/\/nid.pl\/2025\/04\/29\/iii-forum-dziedzictwa-kultury-przemyslowej-sztuka-w-przestrzeniach-postindustrialnych\/#primaryimage","url":"https:\/\/nid.pl\/wp-content\/uploads\/2025\/04\/Patronaty-NID-III-FDKP.jpg","contentUrl":"https:\/\/nid.pl\/wp-content\/uploads\/2025\/04\/Patronaty-NID-III-FDKP.jpg","width":1400,"height":875,"caption":"grafika"},{"@type":"BreadcrumbList","@id":"https:\/\/nid.pl\/2025\/04\/29\/iii-forum-dziedzictwa-kultury-przemyslowej-sztuka-w-przestrzeniach-postindustrialnych\/#breadcrumb","itemListElement":[{"@type":"ListItem","position":1,"name":"Home","item":"https:\/\/nid.pl\/"},{"@type":"ListItem","position":2,"name":"III Forum Dziedzictwa Kultury Przemys\u0142owej. Sztuka w przestrzeniach postindustrialnych"}]},{"@type":"WebSite","@id":"https:\/\/nid.pl\/#website","url":"https:\/\/nid.pl\/","name":"NID","description":"Narodowy Instytut Dziedzictwa","publisher":{"@id":"https:\/\/nid.pl\/#organization"},"potentialAction":[{"@type":"SearchAction","target":{"@type":"EntryPoint","urlTemplate":"https:\/\/nid.pl\/?s={search_term_string}"},"query-input":{"@type":"PropertyValueSpecification","valueRequired":true,"valueName":"search_term_string"}}],"inLanguage":"en-GB"},{"@type":"Organization","@id":"https:\/\/nid.pl\/#organization","name":"Narodowy Instytut Dziedzictwa","url":"https:\/\/nid.pl\/","logo":{"@type":"ImageObject","inLanguage":"en-GB","@id":"https:\/\/nid.pl\/#\/schema\/logo\/image\/","url":"https:\/\/nid.pl\/wp-content\/uploads\/2022\/10\/logoRedDark.png","contentUrl":"https:\/\/nid.pl\/wp-content\/uploads\/2022\/10\/logoRedDark.png","width":200,"height":197,"caption":"Narodowy Instytut Dziedzictwa"},"image":{"@id":"https:\/\/nid.pl\/#\/schema\/logo\/image\/"},"sameAs":["https:\/\/www.facebook.com\/zabytek","https:\/\/x.com\/NarIDpl","https:\/\/www.instagram.com\/nid.pl\/?hl=pl","https:\/\/www.linkedin.com\/company\/narodowy-instytut-dziedzictwa","https:\/\/www.youtube.com\/channel\/UCQXuhKa2uHtmNvLRUSx40JA"]},{"@type":"Person","@id":"https:\/\/nid.pl\/#\/schema\/person\/1b690a8998a5111cfb9f0ffe24195a15","name":"Barbara Halliop","image":{"@type":"ImageObject","inLanguage":"en-GB","@id":"https:\/\/nid.pl\/#\/schema\/person\/image\/","url":"https:\/\/nid.pl\/wp-content\/litespeed\/avatar\/924046d17dd0c842c9fa9ccf489bc6dc.jpg?ver=1777444967","contentUrl":"https:\/\/nid.pl\/wp-content\/litespeed\/avatar\/924046d17dd0c842c9fa9ccf489bc6dc.jpg?ver=1777444967","caption":"Barbara Halliop"},"url":"https:\/\/nid.pl\/en\/author\/bhalliop\/"}]}},"_links":{"self":[{"href":"https:\/\/nid.pl\/en\/wp-json\/wp\/v2\/posts\/26786","targetHints":{"allow":["GET"]}}],"collection":[{"href":"https:\/\/nid.pl\/en\/wp-json\/wp\/v2\/posts"}],"about":[{"href":"https:\/\/nid.pl\/en\/wp-json\/wp\/v2\/types\/post"}],"author":[{"embeddable":true,"href":"https:\/\/nid.pl\/en\/wp-json\/wp\/v2\/users\/7"}],"replies":[{"embeddable":true,"href":"https:\/\/nid.pl\/en\/wp-json\/wp\/v2\/comments?post=26786"}],"version-history":[{"count":0,"href":"https:\/\/nid.pl\/en\/wp-json\/wp\/v2\/posts\/26786\/revisions"}],"wp:featuredmedia":[{"embeddable":true,"href":"https:\/\/nid.pl\/en\/wp-json\/wp\/v2\/media\/26790"}],"wp:attachment":[{"href":"https:\/\/nid.pl\/en\/wp-json\/wp\/v2\/media?parent=26786"}],"wp:term":[{"taxonomy":"category","embeddable":true,"href":"https:\/\/nid.pl\/en\/wp-json\/wp\/v2\/categories?post=26786"},{"taxonomy":"post_tag","embeddable":true,"href":"https:\/\/nid.pl\/en\/wp-json\/wp\/v2\/tags?post=26786"}],"curies":[{"name":"wp","href":"https:\/\/api.w.org\/{rel}","templated":true}]}}