{"id":26681,"date":"2025-04-16T17:20:56","date_gmt":"2025-04-16T15:20:56","guid":{"rendered":"https:\/\/nid.pl\/?p=26681"},"modified":"2025-04-16T18:09:05","modified_gmt":"2025-04-16T16:09:05","slug":"u-zrodel-wspolczesnej-konserwacji-malarstwa-w-polsce-promocja-ksiazki","status":"publish","type":"post","link":"https:\/\/nid.pl\/en\/2025\/04\/16\/u-zrodel-wspolczesnej-konserwacji-malarstwa-w-polsce-promocja-ksiazki\/","title":{"rendered":"U\u00a0\u017ar\u00f3de\u0142 wsp\u00f3\u0142czesnej konserwacji malarstwa w\u00a0Polsce &#8211; promocja ksi\u0105\u017cki"},"content":{"rendered":"<p><strong>Kto naprawd\u0119 stoi za ratowaniem najcenniejszych polskich dzie\u0142 malarstwa? 23 kwietnia zapraszamy do Akademii Sztuk Pi\u0119knych w Warszawie na spotkanie z dr Ann\u0105 Czerwi\u0144sk\u0105-Walczak, autork\u0105 ksi\u0105\u017cki \u201eU \u017ar\u00f3de\u0142 wsp\u00f3\u0142czesnej konserwacji malarstwa w Polsce. Studium dzia\u0142alno\u015bci Bohdana Marconiego\u201d.<\/strong><\/p>\n\n\n\n<p>Nowa publikacja dr Anny Czerwi\u0144skiej-Walczak to fascynuj\u0105ca opowie\u015b\u0107 o prof. Bohdanie Marconim \u2013 pionierze i wizjonerze, kt\u00f3ry nie tylko ratowa\u0142 dzie\u0142a sztuki, ale tak\u017ce zmienia\u0142 my\u015blenie o ich ochronie. Ksi\u0105\u017cka napisana z pasj\u0105, pe\u0142na nieznanych fakt\u00f3w i ciekawych anegdot, kt\u00f3ra pozwala zajrze\u0107 za kulisy polskiej konserwacji. <\/p>\n\n\n\n<p>Podczas spotkania b\u0119dzie mo\u017cna dowiedzie\u0107 si\u0119, jak wygl\u0105da\u0142a praca konserwator\u00f3w w czasach prze\u0142omowych, pozna\u0107 \u017ar\u00f3d\u0142a sukcesu prof. Marconiego oraz us\u0142ysze\u0107 inspiruj\u0105ce historie ratowania bezcennych dzie\u0142 sztuki. To tak\u017ce niepowtarzalna okazja do rozmowy z autork\u0105, wymiany refleksji i spojrzenia na sztuk\u0119 z zupe\u0142nie nowej perspektywy. Serdecznie zapraszamy!<\/p>\n\n\n\n<p>Spotkanie poprowadzi dr hab. Monika Stachurska, dziekan Wydzia\u0142u Konserwacji i Restauracji Dzie\u0142 Sztuki ASP w Warszawie.<\/p>\n\n\n\n<p>Ksi\u0105\u017cka dost\u0119pna jest w ksi\u0119garni Muzeum Pa\u0142acu Kr\u00f3la Jana III w Wilanowie i w sklepie online:&nbsp;&nbsp;<a href=\"https:\/\/wilanow-palac.pl\/produkt\/u-zrodel-wspolczesnej-konserwacji-malarstwa-w-polsce-studium-dzialalnosci-bohdana-marconiego\" target=\"_blank\" rel=\"noreferrer noopener\">https:\/\/wilanow-palac.pl\/produkt\/u-zrodel-wspolczesnej-konserwacji-malarstwa-w-polsce-studium-dzialalnosci-bohdana-marconiego<\/a><\/p>\n\n\n\n<p>Wydawcami ksi\u0105\u017cki s\u0105 Muzeum Pa\u0142acu Kr\u00f3la Jana III w Wilanowie i Narodowy Instytut Dziedzictwa.<\/p>\n\n\n\n<p>Partnerem wydarzenia jest Akademia Sztuk Pi\u0119knych w Warszawie oraz Fundacja Kultury i Natury.<\/p>\n\n\n\n<p><a href=\"https:\/\/nid.pl\/en\/2025\/01\/15\/50-rocznica-smierci-prof-bohdana-marconiego\/?print-posts=pdf\" target=\"_blank\" rel=\"noreferrer noopener\"><\/a><a href=\"https:\/\/nid.pl\/en\/2025\/01\/15\/50-rocznica-smierci-prof-bohdana-marconiego\/\" target=\"_blank\" rel=\"noreferrer noopener\"><\/a><\/p>\n\n\n\n<figure class=\"wp-block-image size-large\"><img loading=\"lazy\" decoding=\"async\" width=\"1024\" height=\"724\" src=\"https:\/\/nid.pl\/wp-content\/uploads\/2025\/04\/U-zrodel-wspolczesnej-konserwacji-malarstwa-w-Polsce-zaproszenie-1024x724.jpg\" alt=\"\" class=\"wp-image-26683\" srcset=\"https:\/\/nid.pl\/wp-content\/uploads\/2025\/04\/U-zrodel-wspolczesnej-konserwacji-malarstwa-w-Polsce-zaproszenie-980x693.jpg 980w, https:\/\/nid.pl\/wp-content\/uploads\/2025\/04\/U-zrodel-wspolczesnej-konserwacji-malarstwa-w-Polsce-zaproszenie-480x339.jpg 480w\" sizes=\"(min-width: 0px) and (max-width: 480px) 480px, (min-width: 481px) and (max-width: 980px) 980px, (min-width: 981px) 1024px, 100vw\" \/><\/figure>","protected":false},"excerpt":{"rendered":"<p>Kto naprawd\u0119 stoi za ratowaniem najcenniejszych polskich dzie\u0142 malarstwa? 23 kwietnia zapraszamy do Akademii Sztuk Pi\u0119knych w Warszawie na spotkanie z dr Ann\u0105 Czerwi\u0144sk\u0105-Walczak, autork\u0105 ksi\u0105\u017cki \u201eU \u017ar\u00f3de\u0142 wsp\u00f3\u0142czesnej konserwacji [&hellip;]<\/p>","protected":false},"author":18,"featured_media":26682,"comment_status":"closed","ping_status":"closed","sticky":false,"template":"","format":"standard","meta":{"_et_pb_use_builder":"off","_et_pb_old_content":"","_et_gb_content_width":"","_monsterinsights_skip_tracking":false,"_monsterinsights_sitenote_active":false,"_monsterinsights_sitenote_note":"","_monsterinsights_sitenote_category":0,"footnotes":"[]"},"categories":[3],"tags":[],"class_list":["post-26681","post","type-post","status-publish","format-standard","has-post-thumbnail","hentry","category-aktualnosci"],"yoast_head":"<!-- This site is optimized with the Yoast SEO plugin v26.5 - https:\/\/yoast.com\/wordpress\/plugins\/seo\/ -->\n<title>U\u00a0\u017ar\u00f3de\u0142 wsp\u00f3\u0142czesnej konserwacji malarstwa w\u00a0Polsce - promocja ksi\u0105\u017cki - NID<\/title>\n<meta name=\"description\" content=\"Jak rodzi\u0142y si\u0119 nowoczesne metody konserwacji i jakie historie kryj\u0105 si\u0119 za kulisami pracy konserwator\u00f3w? 23 kwietnia zapraszamy do Akademii Sztuk Pi\u0119knych w Warszawie na spotkanie z dr Ann\u0105 Czerwi\u0144sk\u0105-Walczak, autork\u0105 ksi\u0105\u017cki \u201eU \u017ar\u00f3de\u0142 wsp\u00f3\u0142czesnej konserwacji malarstwa w Polsce. Studium dzia\u0142alno\u015bci Bohdana Marconiego\u201d.\" \/>\n<meta name=\"robots\" content=\"index, follow, max-snippet:-1, max-image-preview:large, max-video-preview:-1\" \/>\n<link rel=\"canonical\" href=\"https:\/\/nid.pl\/en\/2025\/04\/16\/u-zrodel-wspolczesnej-konserwacji-malarstwa-w-polsce-promocja-ksiazki\/\" \/>\n<meta property=\"og:locale\" content=\"en_GB\" \/>\n<meta property=\"og:type\" content=\"article\" \/>\n<meta property=\"og:title\" content=\"U\u00a0\u017ar\u00f3de\u0142 wsp\u00f3\u0142czesnej konserwacji malarstwa w\u00a0Polsce - promocja ksi\u0105\u017cki - NID\" \/>\n<meta property=\"og:description\" content=\"Jak rodzi\u0142y si\u0119 nowoczesne metody konserwacji i jakie historie kryj\u0105 si\u0119 za kulisami pracy konserwator\u00f3w? 23 kwietnia zapraszamy do Akademii Sztuk Pi\u0119knych w Warszawie na spotkanie z dr Ann\u0105 Czerwi\u0144sk\u0105-Walczak, autork\u0105 ksi\u0105\u017cki \u201eU \u017ar\u00f3de\u0142 wsp\u00f3\u0142czesnej konserwacji malarstwa w Polsce. Studium dzia\u0142alno\u015bci Bohdana Marconiego\u201d.\" \/>\n<meta property=\"og:url\" content=\"https:\/\/nid.pl\/en\/2025\/04\/16\/u-zrodel-wspolczesnej-konserwacji-malarstwa-w-polsce-promocja-ksiazki\/\" \/>\n<meta property=\"og:site_name\" content=\"NID\" \/>\n<meta property=\"article:publisher\" content=\"https:\/\/www.facebook.com\/zabytek\" \/>\n<meta property=\"article:published_time\" content=\"2025-04-16T15:20:56+00:00\" \/>\n<meta property=\"article:modified_time\" content=\"2025-04-16T16:09:05+00:00\" \/>\n<meta property=\"og:image\" content=\"https:\/\/nid.pl\/wp-content\/uploads\/2025\/04\/miniatura-www-6.jpg\" \/>\n\t<meta property=\"og:image:width\" content=\"1857\" \/>\n\t<meta property=\"og:image:height\" content=\"1238\" \/>\n\t<meta property=\"og:image:type\" content=\"image\/jpeg\" \/>\n<meta name=\"author\" content=\"Patrycja Adamczyk\" \/>\n<meta name=\"twitter:card\" content=\"summary_large_image\" \/>\n<meta name=\"twitter:creator\" content=\"@NarIDpl\" \/>\n<meta name=\"twitter:site\" content=\"@NarIDpl\" \/>\n<meta name=\"twitter:label1\" content=\"Written by\" \/>\n\t<meta name=\"twitter:data1\" content=\"Patrycja Adamczyk\" \/>\n\t<meta name=\"twitter:label2\" content=\"Estimated reading time\" \/>\n\t<meta name=\"twitter:data2\" content=\"2 minutes\" \/>\n<script type=\"application\/ld+json\" class=\"yoast-schema-graph\">{\"@context\":\"https:\/\/schema.org\",\"@graph\":[{\"@type\":\"Article\",\"@id\":\"https:\/\/nid.pl\/2025\/04\/16\/u-zrodel-wspolczesnej-konserwacji-malarstwa-w-polsce-promocja-ksiazki\/#article\",\"isPartOf\":{\"@id\":\"https:\/\/nid.pl\/2025\/04\/16\/u-zrodel-wspolczesnej-konserwacji-malarstwa-w-polsce-promocja-ksiazki\/\"},\"author\":{\"name\":\"Patrycja Adamczyk\",\"@id\":\"https:\/\/nid.pl\/#\/schema\/person\/f1d1c900c482522d2bd1a0ab19dc43b5\"},\"headline\":\"U\u00a0\u017ar\u00f3de\u0142 wsp\u00f3\u0142czesnej konserwacji malarstwa w\u00a0Polsce &#8211; promocja ksi\u0105\u017cki\",\"datePublished\":\"2025-04-16T15:20:56+00:00\",\"dateModified\":\"2025-04-16T16:09:05+00:00\",\"mainEntityOfPage\":{\"@id\":\"https:\/\/nid.pl\/2025\/04\/16\/u-zrodel-wspolczesnej-konserwacji-malarstwa-w-polsce-promocja-ksiazki\/\"},\"wordCount\":246,\"publisher\":{\"@id\":\"https:\/\/nid.pl\/#organization\"},\"image\":{\"@id\":\"https:\/\/nid.pl\/2025\/04\/16\/u-zrodel-wspolczesnej-konserwacji-malarstwa-w-polsce-promocja-ksiazki\/#primaryimage\"},\"thumbnailUrl\":\"https:\/\/nid.pl\/wp-content\/uploads\/2025\/04\/miniatura-www-6.jpg\",\"articleSection\":[\"Aktualno\u015bci\"],\"inLanguage\":\"en-GB\"},{\"@type\":\"WebPage\",\"@id\":\"https:\/\/nid.pl\/2025\/04\/16\/u-zrodel-wspolczesnej-konserwacji-malarstwa-w-polsce-promocja-ksiazki\/\",\"url\":\"https:\/\/nid.pl\/2025\/04\/16\/u-zrodel-wspolczesnej-konserwacji-malarstwa-w-polsce-promocja-ksiazki\/\",\"name\":\"U\u00a0\u017ar\u00f3de\u0142 wsp\u00f3\u0142czesnej konserwacji malarstwa w\u00a0Polsce - promocja ksi\u0105\u017cki - NID\",\"isPartOf\":{\"@id\":\"https:\/\/nid.pl\/#website\"},\"primaryImageOfPage\":{\"@id\":\"https:\/\/nid.pl\/2025\/04\/16\/u-zrodel-wspolczesnej-konserwacji-malarstwa-w-polsce-promocja-ksiazki\/#primaryimage\"},\"image\":{\"@id\":\"https:\/\/nid.pl\/2025\/04\/16\/u-zrodel-wspolczesnej-konserwacji-malarstwa-w-polsce-promocja-ksiazki\/#primaryimage\"},\"thumbnailUrl\":\"https:\/\/nid.pl\/wp-content\/uploads\/2025\/04\/miniatura-www-6.jpg\",\"datePublished\":\"2025-04-16T15:20:56+00:00\",\"dateModified\":\"2025-04-16T16:09:05+00:00\",\"description\":\"Jak rodzi\u0142y si\u0119 nowoczesne metody konserwacji i jakie historie kryj\u0105 si\u0119 za kulisami pracy konserwator\u00f3w? 23 kwietnia zapraszamy do Akademii Sztuk Pi\u0119knych w Warszawie na spotkanie z dr Ann\u0105 Czerwi\u0144sk\u0105-Walczak, autork\u0105 ksi\u0105\u017cki \u201eU \u017ar\u00f3de\u0142 wsp\u00f3\u0142czesnej konserwacji malarstwa w Polsce. Studium dzia\u0142alno\u015bci Bohdana Marconiego\u201d.\",\"breadcrumb\":{\"@id\":\"https:\/\/nid.pl\/2025\/04\/16\/u-zrodel-wspolczesnej-konserwacji-malarstwa-w-polsce-promocja-ksiazki\/#breadcrumb\"},\"inLanguage\":\"en-GB\",\"potentialAction\":[{\"@type\":\"ReadAction\",\"target\":[\"https:\/\/nid.pl\/2025\/04\/16\/u-zrodel-wspolczesnej-konserwacji-malarstwa-w-polsce-promocja-ksiazki\/\"]}]},{\"@type\":\"ImageObject\",\"inLanguage\":\"en-GB\",\"@id\":\"https:\/\/nid.pl\/2025\/04\/16\/u-zrodel-wspolczesnej-konserwacji-malarstwa-w-polsce-promocja-ksiazki\/#primaryimage\",\"url\":\"https:\/\/nid.pl\/wp-content\/uploads\/2025\/04\/miniatura-www-6.jpg\",\"contentUrl\":\"https:\/\/nid.pl\/wp-content\/uploads\/2025\/04\/miniatura-www-6.jpg\",\"width\":1857,\"height\":1238},{\"@type\":\"BreadcrumbList\",\"@id\":\"https:\/\/nid.pl\/2025\/04\/16\/u-zrodel-wspolczesnej-konserwacji-malarstwa-w-polsce-promocja-ksiazki\/#breadcrumb\",\"itemListElement\":[{\"@type\":\"ListItem\",\"position\":1,\"name\":\"Home\",\"item\":\"https:\/\/nid.pl\/\"},{\"@type\":\"ListItem\",\"position\":2,\"name\":\"U\u00a0\u017ar\u00f3de\u0142 wsp\u00f3\u0142czesnej konserwacji malarstwa w\u00a0Polsce &#8211; promocja ksi\u0105\u017cki\"}]},{\"@type\":\"WebSite\",\"@id\":\"https:\/\/nid.pl\/#website\",\"url\":\"https:\/\/nid.pl\/\",\"name\":\"NID\",\"description\":\"Narodowy Instytut Dziedzictwa\",\"publisher\":{\"@id\":\"https:\/\/nid.pl\/#organization\"},\"potentialAction\":[{\"@type\":\"SearchAction\",\"target\":{\"@type\":\"EntryPoint\",\"urlTemplate\":\"https:\/\/nid.pl\/?s={search_term_string}\"},\"query-input\":{\"@type\":\"PropertyValueSpecification\",\"valueRequired\":true,\"valueName\":\"search_term_string\"}}],\"inLanguage\":\"en-GB\"},{\"@type\":\"Organization\",\"@id\":\"https:\/\/nid.pl\/#organization\",\"name\":\"Narodowy Instytut Dziedzictwa\",\"url\":\"https:\/\/nid.pl\/\",\"logo\":{\"@type\":\"ImageObject\",\"inLanguage\":\"en-GB\",\"@id\":\"https:\/\/nid.pl\/#\/schema\/logo\/image\/\",\"url\":\"https:\/\/nid.pl\/wp-content\/uploads\/2022\/10\/logoRedDark.png\",\"contentUrl\":\"https:\/\/nid.pl\/wp-content\/uploads\/2022\/10\/logoRedDark.png\",\"width\":200,\"height\":197,\"caption\":\"Narodowy Instytut Dziedzictwa\"},\"image\":{\"@id\":\"https:\/\/nid.pl\/#\/schema\/logo\/image\/\"},\"sameAs\":[\"https:\/\/www.facebook.com\/zabytek\",\"https:\/\/x.com\/NarIDpl\",\"https:\/\/www.instagram.com\/nid.pl\/?hl=pl\",\"https:\/\/www.linkedin.com\/company\/narodowy-instytut-dziedzictwa\",\"https:\/\/www.youtube.com\/channel\/UCQXuhKa2uHtmNvLRUSx40JA\"]},{\"@type\":\"Person\",\"@id\":\"https:\/\/nid.pl\/#\/schema\/person\/f1d1c900c482522d2bd1a0ab19dc43b5\",\"name\":\"Patrycja Adamczyk\",\"image\":{\"@type\":\"ImageObject\",\"inLanguage\":\"en-GB\",\"@id\":\"https:\/\/nid.pl\/#\/schema\/person\/image\/\",\"url\":\"https:\/\/nid.pl\/wp-content\/litespeed\/avatar\/e46462a2fea2678cdf38db7866f01bd3.jpg?ver=1777449467\",\"contentUrl\":\"https:\/\/nid.pl\/wp-content\/litespeed\/avatar\/e46462a2fea2678cdf38db7866f01bd3.jpg?ver=1777449467\",\"caption\":\"Patrycja Adamczyk\"},\"sameAs\":[\"http:\/\/www.nid.p\"],\"url\":\"https:\/\/nid.pl\/en\/author\/padamczyk\/\"}]}<\/script>\n<!-- \/ Yoast SEO plugin. -->","yoast_head_json":{"title":"U\u00a0\u017ar\u00f3de\u0142 wsp\u00f3\u0142czesnej konserwacji malarstwa w\u00a0Polsce - promocja ksi\u0105\u017cki - NID","description":"Jak rodzi\u0142y si\u0119 nowoczesne metody konserwacji i jakie historie kryj\u0105 si\u0119 za kulisami pracy konserwator\u00f3w? 23 kwietnia zapraszamy do Akademii Sztuk Pi\u0119knych w Warszawie na spotkanie z dr Ann\u0105 Czerwi\u0144sk\u0105-Walczak, autork\u0105 ksi\u0105\u017cki \u201eU \u017ar\u00f3de\u0142 wsp\u00f3\u0142czesnej konserwacji malarstwa w Polsce. Studium dzia\u0142alno\u015bci Bohdana Marconiego\u201d.","robots":{"index":"index","follow":"follow","max-snippet":"max-snippet:-1","max-image-preview":"max-image-preview:large","max-video-preview":"max-video-preview:-1"},"canonical":"https:\/\/nid.pl\/en\/2025\/04\/16\/u-zrodel-wspolczesnej-konserwacji-malarstwa-w-polsce-promocja-ksiazki\/","og_locale":"en_GB","og_type":"article","og_title":"U\u00a0\u017ar\u00f3de\u0142 wsp\u00f3\u0142czesnej konserwacji malarstwa w\u00a0Polsce - promocja ksi\u0105\u017cki - NID","og_description":"Jak rodzi\u0142y si\u0119 nowoczesne metody konserwacji i jakie historie kryj\u0105 si\u0119 za kulisami pracy konserwator\u00f3w? 23 kwietnia zapraszamy do Akademii Sztuk Pi\u0119knych w Warszawie na spotkanie z dr Ann\u0105 Czerwi\u0144sk\u0105-Walczak, autork\u0105 ksi\u0105\u017cki \u201eU \u017ar\u00f3de\u0142 wsp\u00f3\u0142czesnej konserwacji malarstwa w Polsce. Studium dzia\u0142alno\u015bci Bohdana Marconiego\u201d.","og_url":"https:\/\/nid.pl\/en\/2025\/04\/16\/u-zrodel-wspolczesnej-konserwacji-malarstwa-w-polsce-promocja-ksiazki\/","og_site_name":"NID","article_publisher":"https:\/\/www.facebook.com\/zabytek","article_published_time":"2025-04-16T15:20:56+00:00","article_modified_time":"2025-04-16T16:09:05+00:00","og_image":[{"width":1857,"height":1238,"url":"https:\/\/nid.pl\/wp-content\/uploads\/2025\/04\/miniatura-www-6.jpg","type":"image\/jpeg"}],"author":"Patrycja Adamczyk","twitter_card":"summary_large_image","twitter_creator":"@NarIDpl","twitter_site":"@NarIDpl","twitter_misc":{"Written by":"Patrycja Adamczyk","Estimated reading time":"2 minutes"},"schema":{"@context":"https:\/\/schema.org","@graph":[{"@type":"Article","@id":"https:\/\/nid.pl\/2025\/04\/16\/u-zrodel-wspolczesnej-konserwacji-malarstwa-w-polsce-promocja-ksiazki\/#article","isPartOf":{"@id":"https:\/\/nid.pl\/2025\/04\/16\/u-zrodel-wspolczesnej-konserwacji-malarstwa-w-polsce-promocja-ksiazki\/"},"author":{"name":"Patrycja Adamczyk","@id":"https:\/\/nid.pl\/#\/schema\/person\/f1d1c900c482522d2bd1a0ab19dc43b5"},"headline":"U\u00a0\u017ar\u00f3de\u0142 wsp\u00f3\u0142czesnej konserwacji malarstwa w\u00a0Polsce &#8211; promocja ksi\u0105\u017cki","datePublished":"2025-04-16T15:20:56+00:00","dateModified":"2025-04-16T16:09:05+00:00","mainEntityOfPage":{"@id":"https:\/\/nid.pl\/2025\/04\/16\/u-zrodel-wspolczesnej-konserwacji-malarstwa-w-polsce-promocja-ksiazki\/"},"wordCount":246,"publisher":{"@id":"https:\/\/nid.pl\/#organization"},"image":{"@id":"https:\/\/nid.pl\/2025\/04\/16\/u-zrodel-wspolczesnej-konserwacji-malarstwa-w-polsce-promocja-ksiazki\/#primaryimage"},"thumbnailUrl":"https:\/\/nid.pl\/wp-content\/uploads\/2025\/04\/miniatura-www-6.jpg","articleSection":["Aktualno\u015bci"],"inLanguage":"en-GB"},{"@type":"WebPage","@id":"https:\/\/nid.pl\/2025\/04\/16\/u-zrodel-wspolczesnej-konserwacji-malarstwa-w-polsce-promocja-ksiazki\/","url":"https:\/\/nid.pl\/2025\/04\/16\/u-zrodel-wspolczesnej-konserwacji-malarstwa-w-polsce-promocja-ksiazki\/","name":"U\u00a0\u017ar\u00f3de\u0142 wsp\u00f3\u0142czesnej konserwacji malarstwa w\u00a0Polsce - promocja ksi\u0105\u017cki - NID","isPartOf":{"@id":"https:\/\/nid.pl\/#website"},"primaryImageOfPage":{"@id":"https:\/\/nid.pl\/2025\/04\/16\/u-zrodel-wspolczesnej-konserwacji-malarstwa-w-polsce-promocja-ksiazki\/#primaryimage"},"image":{"@id":"https:\/\/nid.pl\/2025\/04\/16\/u-zrodel-wspolczesnej-konserwacji-malarstwa-w-polsce-promocja-ksiazki\/#primaryimage"},"thumbnailUrl":"https:\/\/nid.pl\/wp-content\/uploads\/2025\/04\/miniatura-www-6.jpg","datePublished":"2025-04-16T15:20:56+00:00","dateModified":"2025-04-16T16:09:05+00:00","description":"Jak rodzi\u0142y si\u0119 nowoczesne metody konserwacji i jakie historie kryj\u0105 si\u0119 za kulisami pracy konserwator\u00f3w? 23 kwietnia zapraszamy do Akademii Sztuk Pi\u0119knych w Warszawie na spotkanie z dr Ann\u0105 Czerwi\u0144sk\u0105-Walczak, autork\u0105 ksi\u0105\u017cki \u201eU \u017ar\u00f3de\u0142 wsp\u00f3\u0142czesnej konserwacji malarstwa w Polsce. Studium dzia\u0142alno\u015bci Bohdana Marconiego\u201d.","breadcrumb":{"@id":"https:\/\/nid.pl\/2025\/04\/16\/u-zrodel-wspolczesnej-konserwacji-malarstwa-w-polsce-promocja-ksiazki\/#breadcrumb"},"inLanguage":"en-GB","potentialAction":[{"@type":"ReadAction","target":["https:\/\/nid.pl\/2025\/04\/16\/u-zrodel-wspolczesnej-konserwacji-malarstwa-w-polsce-promocja-ksiazki\/"]}]},{"@type":"ImageObject","inLanguage":"en-GB","@id":"https:\/\/nid.pl\/2025\/04\/16\/u-zrodel-wspolczesnej-konserwacji-malarstwa-w-polsce-promocja-ksiazki\/#primaryimage","url":"https:\/\/nid.pl\/wp-content\/uploads\/2025\/04\/miniatura-www-6.jpg","contentUrl":"https:\/\/nid.pl\/wp-content\/uploads\/2025\/04\/miniatura-www-6.jpg","width":1857,"height":1238},{"@type":"BreadcrumbList","@id":"https:\/\/nid.pl\/2025\/04\/16\/u-zrodel-wspolczesnej-konserwacji-malarstwa-w-polsce-promocja-ksiazki\/#breadcrumb","itemListElement":[{"@type":"ListItem","position":1,"name":"Home","item":"https:\/\/nid.pl\/"},{"@type":"ListItem","position":2,"name":"U\u00a0\u017ar\u00f3de\u0142 wsp\u00f3\u0142czesnej konserwacji malarstwa w\u00a0Polsce &#8211; promocja ksi\u0105\u017cki"}]},{"@type":"WebSite","@id":"https:\/\/nid.pl\/#website","url":"https:\/\/nid.pl\/","name":"NID","description":"Narodowy Instytut Dziedzictwa","publisher":{"@id":"https:\/\/nid.pl\/#organization"},"potentialAction":[{"@type":"SearchAction","target":{"@type":"EntryPoint","urlTemplate":"https:\/\/nid.pl\/?s={search_term_string}"},"query-input":{"@type":"PropertyValueSpecification","valueRequired":true,"valueName":"search_term_string"}}],"inLanguage":"en-GB"},{"@type":"Organization","@id":"https:\/\/nid.pl\/#organization","name":"Narodowy Instytut Dziedzictwa","url":"https:\/\/nid.pl\/","logo":{"@type":"ImageObject","inLanguage":"en-GB","@id":"https:\/\/nid.pl\/#\/schema\/logo\/image\/","url":"https:\/\/nid.pl\/wp-content\/uploads\/2022\/10\/logoRedDark.png","contentUrl":"https:\/\/nid.pl\/wp-content\/uploads\/2022\/10\/logoRedDark.png","width":200,"height":197,"caption":"Narodowy Instytut Dziedzictwa"},"image":{"@id":"https:\/\/nid.pl\/#\/schema\/logo\/image\/"},"sameAs":["https:\/\/www.facebook.com\/zabytek","https:\/\/x.com\/NarIDpl","https:\/\/www.instagram.com\/nid.pl\/?hl=pl","https:\/\/www.linkedin.com\/company\/narodowy-instytut-dziedzictwa","https:\/\/www.youtube.com\/channel\/UCQXuhKa2uHtmNvLRUSx40JA"]},{"@type":"Person","@id":"https:\/\/nid.pl\/#\/schema\/person\/f1d1c900c482522d2bd1a0ab19dc43b5","name":"Patrycja Adamczyk","image":{"@type":"ImageObject","inLanguage":"en-GB","@id":"https:\/\/nid.pl\/#\/schema\/person\/image\/","url":"https:\/\/nid.pl\/wp-content\/litespeed\/avatar\/e46462a2fea2678cdf38db7866f01bd3.jpg?ver=1777449467","contentUrl":"https:\/\/nid.pl\/wp-content\/litespeed\/avatar\/e46462a2fea2678cdf38db7866f01bd3.jpg?ver=1777449467","caption":"Patrycja Adamczyk"},"sameAs":["http:\/\/www.nid.p"],"url":"https:\/\/nid.pl\/en\/author\/padamczyk\/"}]}},"_links":{"self":[{"href":"https:\/\/nid.pl\/en\/wp-json\/wp\/v2\/posts\/26681","targetHints":{"allow":["GET"]}}],"collection":[{"href":"https:\/\/nid.pl\/en\/wp-json\/wp\/v2\/posts"}],"about":[{"href":"https:\/\/nid.pl\/en\/wp-json\/wp\/v2\/types\/post"}],"author":[{"embeddable":true,"href":"https:\/\/nid.pl\/en\/wp-json\/wp\/v2\/users\/18"}],"replies":[{"embeddable":true,"href":"https:\/\/nid.pl\/en\/wp-json\/wp\/v2\/comments?post=26681"}],"version-history":[{"count":0,"href":"https:\/\/nid.pl\/en\/wp-json\/wp\/v2\/posts\/26681\/revisions"}],"wp:featuredmedia":[{"embeddable":true,"href":"https:\/\/nid.pl\/en\/wp-json\/wp\/v2\/media\/26682"}],"wp:attachment":[{"href":"https:\/\/nid.pl\/en\/wp-json\/wp\/v2\/media?parent=26681"}],"wp:term":[{"taxonomy":"category","embeddable":true,"href":"https:\/\/nid.pl\/en\/wp-json\/wp\/v2\/categories?post=26681"},{"taxonomy":"post_tag","embeddable":true,"href":"https:\/\/nid.pl\/en\/wp-json\/wp\/v2\/tags?post=26681"}],"curies":[{"name":"wp","href":"https:\/\/api.w.org\/{rel}","templated":true}]}}