{"id":26633,"date":"2025-04-15T11:17:09","date_gmt":"2025-04-15T09:17:09","guid":{"rendered":"https:\/\/nid.pl\/?p=26633"},"modified":"2025-04-16T10:48:28","modified_gmt":"2025-04-16T08:48:28","slug":"ruszyl-nabor-wnioskow-do-programu-niematerialne-przekaz-dalej-na-2025-r","status":"publish","type":"post","link":"https:\/\/nid.pl\/en\/2025\/04\/15\/ruszyl-nabor-wnioskow-do-programu-niematerialne-przekaz-dalej-na-2025-r\/","title":{"rendered":"Ruszy\u0142 nab\u00f3r wniosk\u00f3w do programu \u201eNiematerialne \u2013 przeka\u017c dalej\u201d na 2025 r."},"content":{"rendered":"<p class=\"has-medium-font-size\"><strong>Og\u0142aszamy nab\u00f3r do 3. edycji programu dotacyjnego \u201eNiematerialne \u2013 przeka\u017c dalej\u201d. To okazja, aby uzyska\u0107 wsparcie finansowe na realizacj\u0119 projekt\u00f3w edukacyjnych, dokumentacyjnych oraz inicjatyw wzmacniaj\u0105cych mi\u0119dzypokoleniowy przekaz i warto\u015bci kulturowe.<\/strong><\/p>\n\n\n\n<p>G\u0142\u00f3wnym celem programu <strong>\u201eNiematerialne \u2013 przeka\u017c dalej\u201d<\/strong> jest wspieranie przekazu mi\u0119dzypokoleniowego zjawisk wpisanych na <strong>Krajow\u0105 list\u0119 niematerialnego dziedzictwa kulturowego<\/strong> oraz praktyk wpisanych do <strong>Krajowego rejestru dobrych praktyk<\/strong> <strong>w ochronie niematerialnego dziedzictwa kulturowego.<\/strong><\/p>\n\n\n\n<p><strong>Zakres zada\u0144,<\/strong> kt\u00f3re mog\u0105 zosta\u0107 dofinansowane:<\/p>\n\n\n\n<ol start=\"1\" class=\"wp-block-list\">\n<li>dzia\u0142ania wspieraj\u0105ce mi\u0119dzypokoleniowy przekaz wiedzy i umiej\u0119tno\u015bci, prowadz\u0105ce do nabycia lub rozwoju kompetencji we wszystkich dziedzinach zwi\u0105zanych z danym zjawiskiem lub praktyk\u0105,<\/li>\n\n\n\n<li>dzia\u0142ania edukacyjne prowadz\u0105ce do wzmocnienia \u015bwiadomo\u015bci spo\u0142ecznej, szczeg\u00f3lnie w\u015br\u00f3d m\u0142odego pokolenia na temat roli dziedzictwa niematerialnego w kulturze lokalnej i og\u00f3lnopolskiej,<\/li>\n\n\n\n<li>dzia\u0142ania zwi\u0105zane z dokumentowaniem element\u00f3w niematerialnego dziedzictwa prowadz\u0105ce do ich g\u0142\u0119bszego utrwalenia, zachowania dla kolejnych pokole\u0144 oraz popularyzuj\u0105ce lokalne niematerialne dziedzictwo.<\/li>\n<\/ol>\n\n\n\n<p>O dofinansowanie w ramach programu <strong>mog\u0105 ubiega\u0107 si\u0119<\/strong>:<\/p>\n\n\n\n<ol class=\"wp-block-list\">\n<li>organizacje pozarz\u0105dowe b\u0119d\u0105ce podmiotami prawa polskiego,<\/li>\n\n\n\n<li>samorz\u0105dowe instytucje kultury (z wy\u0142\u0105czeniem wsp\u00f3\u0142prowadzonych przez Ministra Kultury i Dziedzictwa Narodowego),<\/li>\n\n\n\n<li>ko\u015bcio\u0142y i zwi\u0105zki wyznaniowe.<\/li>\n<\/ol>\n\n\n\n<p>Program \u201eNiematerialne \u2013 przeka\u017c dalej\u201d skierowany jest do<strong> Depozytariuszy<\/strong> zjawisk i dobrych praktyk wpisanych na Krajow\u0105 list\u0119 niematerialnego dziedzictwa kulturowego oraz do Krajowego rejestru dobrych praktyk w ochronie niematerialnego dziedzictwa kulturowego. Udzia\u0142 Depozytariuszy w realizacji zg\u0142aszanych do konkursu zada\u0144 stanowi jeden z <strong>kluczowych warunk\u00f3w<\/strong> poprawno\u015bci wniosku o dofinansowanie.&nbsp;<\/p>\n\n\n\n<p>Bud\u017cet programu \u201eNiematerialne \u2013 przeka\u017c dalej\u201d na 2025 rok wynosi 500 000 z\u0142. Wysoko\u015b\u0107 dofinansowania na realizacj\u0119 pojedynczego zadania mo\u017ce wynosi\u0107 <strong>od 5 000 z\u0142 do 50 000 z\u0142.<\/strong> Ka\u017cdy Wnioskodawca mo\u017ce z\u0142o\u017cy\u0107<strong> maksymalnie jeden wniosek <\/strong>w danej edycji programu.<\/p>\n\n\n\n<p><strong>Uwaga! <\/strong>W tej edycji wprowadzono wa\u017cn\u0105 zmian\u0119: organizacje i instytucje, kt\u00f3re nie s\u0105 Depozytariuszami, zobowi\u0105zane s\u0105 do\u0142\u0105czy\u0107 do wniosku <strong>skan deklaracji zgody Depozytariusza na udzia\u0142 w realizacji zadania<\/strong>. W przypadku braku dokumentu wniosek zostanie odrzucony na etapie oceny formalnej. <\/p>\n\n\n\n<p>Krajowa lista niematerialnego dziedzictwa kulturowego to oficjalny spis przejaw\u00f3w \u017cywego dziedzictwa niematerialnego z terenu Polski. Lista stanowi form\u0119 ochrony wynikaj\u0105c\u0105 z ratyfikowania przez Polsk\u0119 Konwencji UNESCO z 2003 r. w sprawie ochrony niematerialnego dziedzictwa kulturowego. Obecnie na li\u015bcie znajduje si\u0119 112 wpis\u00f3w, obejmuj\u0105cych m.in. wycinank\u0119 \u015bwi\u0119tokrzysk\u0105, wykonywanie krywulek \u0142emkowskich czy tradycyjne malarstwo Zalipia i Powi\u015bla D\u0105browskiego.<\/p>\n\n\n\n<p>Krajowy rejestr dobrych praktyk w ochronie niematerialnego dziedzictwa kulturowego obejmuje dzia\u0142ania krajowe, regionalne i ponadregionalne, kt\u00f3re najlepiej realizuj\u0105 zasady i cele Konwencji UNESCO, s\u0142u\u017c\u0105c ochronie dziedzictwa niematerialnego. Zar\u00f3wno Krajow\u0105 list\u0119, jak i Rejestr prowadzi <strong>Minister Kultury i Dziedzictwa Narodowego we wsp\u00f3\u0142pracy z Narodowym Instytutem Dziedzictwa.<\/strong><\/p>\n\n\n\n<p>Aplikowanie do programu odbywa si\u0119 za pomoc\u0105 platformy <strong><a href=\"https:\/\/witkac.pl\/Account\/Login#\/contest\/view?id=36603\" target=\"_blank\" rel=\"noreferrer noopener\">Witkac<\/a><\/strong>.<\/p>\n\n\n\n<p><strong>Wnioski mo\u017cna sk\u0142ada\u0107 do 16 maja 2025 r. do godz. 15.00.<\/strong><\/p>\n\n\n\n<p>Wi\u0119cej informacji: <a href=\"https:\/\/nid.pl\/en\/dotacje\/niematerialne-przekaz-dalej\/\" target=\"_blank\" rel=\"noreferrer noopener\">Dotacje\/ Niematerialne \u2013 przeka\u017c dalej<\/a><\/p>\n\n\n\n<p>Program \u201eNiematerialne \u2013 przeka\u017c dalej\u201d jest realizowany ze \u015brodk\u00f3w Ministra Kultury i Dziedzictwa Narodowego.<\/p>\n\n\n\n<p><\/p>\n\n\n\n<p><\/p>\n\n\n\n<div class=\"wp-block-columns is-layout-flex wp-container-core-columns-is-layout-9d6595d7 wp-block-columns-is-layout-flex\">\n<div class=\"wp-block-column is-layout-flow wp-block-column-is-layout-flow\">\n<figure class=\"wp-block-image size-full is-resized\"><img loading=\"lazy\" decoding=\"async\" width=\"602\" height=\"112\" src=\"https:\/\/nid.pl\/wp-content\/uploads\/2024\/04\/logotyp-MKiDN-i-NID.jpg\" alt=\"\" class=\"wp-image-18358\" style=\"width:457px;height:auto\"\/><\/figure>\n<\/div>\n<\/div>","protected":false},"excerpt":{"rendered":"<p>Og\u0142aszamy nab\u00f3r do 3. edycji programu dotacyjnego \u201eNiematerialne \u2013 przeka\u017c dalej\u201d. To okazja, aby uzyska\u0107 wsparcie finansowe na realizacj\u0119 projekt\u00f3w edukacyjnych, dokumentacyjnych oraz inicjatyw wzmacniaj\u0105cych mi\u0119dzypokoleniowy przekaz i warto\u015bci kulturowe. [&hellip;]<\/p>","protected":false},"author":15,"featured_media":26636,"comment_status":"closed","ping_status":"closed","sticky":false,"template":"","format":"standard","meta":{"_et_pb_use_builder":"off","_et_pb_old_content":"","_et_gb_content_width":"","_monsterinsights_skip_tracking":false,"_monsterinsights_sitenote_active":false,"_monsterinsights_sitenote_note":"","_monsterinsights_sitenote_category":0,"footnotes":""},"categories":[3,80],"tags":[],"class_list":["post-26633","post","type-post","status-publish","format-standard","has-post-thumbnail","hentry","category-aktualnosci","category-niematerialne-przekaz-dalej"],"yoast_head":"<!-- This site is optimized with the Yoast SEO plugin v26.5 - https:\/\/yoast.com\/wordpress\/plugins\/seo\/ -->\n<title>Ruszy\u0142 nab\u00f3r wniosk\u00f3w do programu \u201eNiematerialne \u2013 przeka\u017c dalej\u201d na 2025 r. - NID<\/title>\n<meta name=\"robots\" content=\"index, follow, max-snippet:-1, max-image-preview:large, max-video-preview:-1\" \/>\n<link rel=\"canonical\" href=\"https:\/\/nid.pl\/en\/2025\/04\/15\/ruszyl-nabor-wnioskow-do-programu-niematerialne-przekaz-dalej-na-2025-r\/\" \/>\n<meta property=\"og:locale\" content=\"en_GB\" \/>\n<meta property=\"og:type\" content=\"article\" \/>\n<meta property=\"og:title\" content=\"Ruszy\u0142 nab\u00f3r wniosk\u00f3w do programu \u201eNiematerialne \u2013 przeka\u017c dalej\u201d na 2025 r. - NID\" \/>\n<meta property=\"og:description\" content=\"Og\u0142aszamy nab\u00f3r do 3. edycji programu dotacyjnego \u201eNiematerialne \u2013 przeka\u017c dalej\u201d. To okazja, aby uzyska\u0107 wsparcie finansowe na realizacj\u0119 projekt\u00f3w edukacyjnych, dokumentacyjnych oraz inicjatyw wzmacniaj\u0105cych mi\u0119dzypokoleniowy przekaz i warto\u015bci kulturowe. [&hellip;]\" \/>\n<meta property=\"og:url\" content=\"https:\/\/nid.pl\/en\/2025\/04\/15\/ruszyl-nabor-wnioskow-do-programu-niematerialne-przekaz-dalej-na-2025-r\/\" \/>\n<meta property=\"og:site_name\" content=\"NID\" \/>\n<meta property=\"article:publisher\" content=\"https:\/\/www.facebook.com\/zabytek\" \/>\n<meta property=\"article:published_time\" content=\"2025-04-15T09:17:09+00:00\" \/>\n<meta property=\"article:modified_time\" content=\"2025-04-16T08:48:28+00:00\" \/>\n<meta property=\"og:image\" content=\"https:\/\/nid.pl\/wp-content\/uploads\/2025\/04\/Niematerialne-przekaz-dalej.jpg\" \/>\n\t<meta property=\"og:image:width\" content=\"1857\" \/>\n\t<meta property=\"og:image:height\" content=\"1238\" \/>\n\t<meta property=\"og:image:type\" content=\"image\/jpeg\" \/>\n<meta name=\"author\" content=\"Monika Ciura\" \/>\n<meta name=\"twitter:card\" content=\"summary_large_image\" \/>\n<meta name=\"twitter:creator\" content=\"@NarIDpl\" \/>\n<meta name=\"twitter:site\" content=\"@NarIDpl\" \/>\n<meta name=\"twitter:label1\" content=\"Written by\" \/>\n\t<meta name=\"twitter:data1\" content=\"Monika Ciura\" \/>\n\t<meta name=\"twitter:label2\" content=\"Estimated reading time\" \/>\n\t<meta name=\"twitter:data2\" content=\"3 minutes\" \/>\n<script type=\"application\/ld+json\" class=\"yoast-schema-graph\">{\"@context\":\"https:\/\/schema.org\",\"@graph\":[{\"@type\":\"Article\",\"@id\":\"https:\/\/nid.pl\/2025\/04\/15\/ruszyl-nabor-wnioskow-do-programu-niematerialne-przekaz-dalej-na-2025-r\/#article\",\"isPartOf\":{\"@id\":\"https:\/\/nid.pl\/2025\/04\/15\/ruszyl-nabor-wnioskow-do-programu-niematerialne-przekaz-dalej-na-2025-r\/\"},\"author\":{\"name\":\"Monika Ciura\",\"@id\":\"https:\/\/nid.pl\/#\/schema\/person\/ab9abea4caecdccde4fb0d555271145f\"},\"headline\":\"Ruszy\u0142 nab\u00f3r wniosk\u00f3w do programu \u201eNiematerialne \u2013 przeka\u017c dalej\u201d na 2025 r.\",\"datePublished\":\"2025-04-15T09:17:09+00:00\",\"dateModified\":\"2025-04-16T08:48:28+00:00\",\"mainEntityOfPage\":{\"@id\":\"https:\/\/nid.pl\/2025\/04\/15\/ruszyl-nabor-wnioskow-do-programu-niematerialne-przekaz-dalej-na-2025-r\/\"},\"wordCount\":497,\"publisher\":{\"@id\":\"https:\/\/nid.pl\/#organization\"},\"image\":{\"@id\":\"https:\/\/nid.pl\/2025\/04\/15\/ruszyl-nabor-wnioskow-do-programu-niematerialne-przekaz-dalej-na-2025-r\/#primaryimage\"},\"thumbnailUrl\":\"https:\/\/nid.pl\/wp-content\/uploads\/2025\/04\/Niematerialne-przekaz-dalej.jpg\",\"articleSection\":[\"Aktualno\u015bci\",\"Niematerialne przeka\u017c dalej\"],\"inLanguage\":\"en-GB\"},{\"@type\":\"WebPage\",\"@id\":\"https:\/\/nid.pl\/2025\/04\/15\/ruszyl-nabor-wnioskow-do-programu-niematerialne-przekaz-dalej-na-2025-r\/\",\"url\":\"https:\/\/nid.pl\/2025\/04\/15\/ruszyl-nabor-wnioskow-do-programu-niematerialne-przekaz-dalej-na-2025-r\/\",\"name\":\"Ruszy\u0142 nab\u00f3r wniosk\u00f3w do programu \u201eNiematerialne \u2013 przeka\u017c dalej\u201d na 2025 r. - NID\",\"isPartOf\":{\"@id\":\"https:\/\/nid.pl\/#website\"},\"primaryImageOfPage\":{\"@id\":\"https:\/\/nid.pl\/2025\/04\/15\/ruszyl-nabor-wnioskow-do-programu-niematerialne-przekaz-dalej-na-2025-r\/#primaryimage\"},\"image\":{\"@id\":\"https:\/\/nid.pl\/2025\/04\/15\/ruszyl-nabor-wnioskow-do-programu-niematerialne-przekaz-dalej-na-2025-r\/#primaryimage\"},\"thumbnailUrl\":\"https:\/\/nid.pl\/wp-content\/uploads\/2025\/04\/Niematerialne-przekaz-dalej.jpg\",\"datePublished\":\"2025-04-15T09:17:09+00:00\",\"dateModified\":\"2025-04-16T08:48:28+00:00\",\"breadcrumb\":{\"@id\":\"https:\/\/nid.pl\/2025\/04\/15\/ruszyl-nabor-wnioskow-do-programu-niematerialne-przekaz-dalej-na-2025-r\/#breadcrumb\"},\"inLanguage\":\"en-GB\",\"potentialAction\":[{\"@type\":\"ReadAction\",\"target\":[\"https:\/\/nid.pl\/2025\/04\/15\/ruszyl-nabor-wnioskow-do-programu-niematerialne-przekaz-dalej-na-2025-r\/\"]}]},{\"@type\":\"ImageObject\",\"inLanguage\":\"en-GB\",\"@id\":\"https:\/\/nid.pl\/2025\/04\/15\/ruszyl-nabor-wnioskow-do-programu-niematerialne-przekaz-dalej-na-2025-r\/#primaryimage\",\"url\":\"https:\/\/nid.pl\/wp-content\/uploads\/2025\/04\/Niematerialne-przekaz-dalej.jpg\",\"contentUrl\":\"https:\/\/nid.pl\/wp-content\/uploads\/2025\/04\/Niematerialne-przekaz-dalej.jpg\",\"width\":1857,\"height\":1238},{\"@type\":\"BreadcrumbList\",\"@id\":\"https:\/\/nid.pl\/2025\/04\/15\/ruszyl-nabor-wnioskow-do-programu-niematerialne-przekaz-dalej-na-2025-r\/#breadcrumb\",\"itemListElement\":[{\"@type\":\"ListItem\",\"position\":1,\"name\":\"Home\",\"item\":\"https:\/\/nid.pl\/\"},{\"@type\":\"ListItem\",\"position\":2,\"name\":\"Ruszy\u0142 nab\u00f3r wniosk\u00f3w do programu \u201eNiematerialne \u2013 przeka\u017c dalej\u201d na 2025 r.\"}]},{\"@type\":\"WebSite\",\"@id\":\"https:\/\/nid.pl\/#website\",\"url\":\"https:\/\/nid.pl\/\",\"name\":\"NID\",\"description\":\"Narodowy Instytut Dziedzictwa\",\"publisher\":{\"@id\":\"https:\/\/nid.pl\/#organization\"},\"potentialAction\":[{\"@type\":\"SearchAction\",\"target\":{\"@type\":\"EntryPoint\",\"urlTemplate\":\"https:\/\/nid.pl\/?s={search_term_string}\"},\"query-input\":{\"@type\":\"PropertyValueSpecification\",\"valueRequired\":true,\"valueName\":\"search_term_string\"}}],\"inLanguage\":\"en-GB\"},{\"@type\":\"Organization\",\"@id\":\"https:\/\/nid.pl\/#organization\",\"name\":\"Narodowy Instytut Dziedzictwa\",\"url\":\"https:\/\/nid.pl\/\",\"logo\":{\"@type\":\"ImageObject\",\"inLanguage\":\"en-GB\",\"@id\":\"https:\/\/nid.pl\/#\/schema\/logo\/image\/\",\"url\":\"https:\/\/nid.pl\/wp-content\/uploads\/2022\/10\/logoRedDark.png\",\"contentUrl\":\"https:\/\/nid.pl\/wp-content\/uploads\/2022\/10\/logoRedDark.png\",\"width\":200,\"height\":197,\"caption\":\"Narodowy Instytut Dziedzictwa\"},\"image\":{\"@id\":\"https:\/\/nid.pl\/#\/schema\/logo\/image\/\"},\"sameAs\":[\"https:\/\/www.facebook.com\/zabytek\",\"https:\/\/x.com\/NarIDpl\",\"https:\/\/www.instagram.com\/nid.pl\/?hl=pl\",\"https:\/\/www.linkedin.com\/company\/narodowy-instytut-dziedzictwa\",\"https:\/\/www.youtube.com\/channel\/UCQXuhKa2uHtmNvLRUSx40JA\"]},{\"@type\":\"Person\",\"@id\":\"https:\/\/nid.pl\/#\/schema\/person\/ab9abea4caecdccde4fb0d555271145f\",\"name\":\"Monika Ciura\",\"image\":{\"@type\":\"ImageObject\",\"inLanguage\":\"en-GB\",\"@id\":\"https:\/\/nid.pl\/#\/schema\/person\/image\/\",\"url\":\"https:\/\/nid.pl\/wp-content\/litespeed\/avatar\/bfdb15d1cc317fac4b66bdc91090ff11.jpg?ver=1776840533\",\"contentUrl\":\"https:\/\/nid.pl\/wp-content\/litespeed\/avatar\/bfdb15d1cc317fac4b66bdc91090ff11.jpg?ver=1776840533\",\"caption\":\"Monika Ciura\"},\"url\":\"https:\/\/nid.pl\/en\/author\/mciura\/\"}]}<\/script>\n<!-- \/ Yoast SEO plugin. -->","yoast_head_json":{"title":"Ruszy\u0142 nab\u00f3r wniosk\u00f3w do programu \u201eNiematerialne \u2013 przeka\u017c dalej\u201d na 2025 r. - NID","robots":{"index":"index","follow":"follow","max-snippet":"max-snippet:-1","max-image-preview":"max-image-preview:large","max-video-preview":"max-video-preview:-1"},"canonical":"https:\/\/nid.pl\/en\/2025\/04\/15\/ruszyl-nabor-wnioskow-do-programu-niematerialne-przekaz-dalej-na-2025-r\/","og_locale":"en_GB","og_type":"article","og_title":"Ruszy\u0142 nab\u00f3r wniosk\u00f3w do programu \u201eNiematerialne \u2013 przeka\u017c dalej\u201d na 2025 r. - NID","og_description":"Og\u0142aszamy nab\u00f3r do 3. edycji programu dotacyjnego \u201eNiematerialne \u2013 przeka\u017c dalej\u201d. To okazja, aby uzyska\u0107 wsparcie finansowe na realizacj\u0119 projekt\u00f3w edukacyjnych, dokumentacyjnych oraz inicjatyw wzmacniaj\u0105cych mi\u0119dzypokoleniowy przekaz i warto\u015bci kulturowe. [&hellip;]","og_url":"https:\/\/nid.pl\/en\/2025\/04\/15\/ruszyl-nabor-wnioskow-do-programu-niematerialne-przekaz-dalej-na-2025-r\/","og_site_name":"NID","article_publisher":"https:\/\/www.facebook.com\/zabytek","article_published_time":"2025-04-15T09:17:09+00:00","article_modified_time":"2025-04-16T08:48:28+00:00","og_image":[{"width":1857,"height":1238,"url":"https:\/\/nid.pl\/wp-content\/uploads\/2025\/04\/Niematerialne-przekaz-dalej.jpg","type":"image\/jpeg"}],"author":"Monika Ciura","twitter_card":"summary_large_image","twitter_creator":"@NarIDpl","twitter_site":"@NarIDpl","twitter_misc":{"Written by":"Monika Ciura","Estimated reading time":"3 minutes"},"schema":{"@context":"https:\/\/schema.org","@graph":[{"@type":"Article","@id":"https:\/\/nid.pl\/2025\/04\/15\/ruszyl-nabor-wnioskow-do-programu-niematerialne-przekaz-dalej-na-2025-r\/#article","isPartOf":{"@id":"https:\/\/nid.pl\/2025\/04\/15\/ruszyl-nabor-wnioskow-do-programu-niematerialne-przekaz-dalej-na-2025-r\/"},"author":{"name":"Monika Ciura","@id":"https:\/\/nid.pl\/#\/schema\/person\/ab9abea4caecdccde4fb0d555271145f"},"headline":"Ruszy\u0142 nab\u00f3r wniosk\u00f3w do programu \u201eNiematerialne \u2013 przeka\u017c dalej\u201d na 2025 r.","datePublished":"2025-04-15T09:17:09+00:00","dateModified":"2025-04-16T08:48:28+00:00","mainEntityOfPage":{"@id":"https:\/\/nid.pl\/2025\/04\/15\/ruszyl-nabor-wnioskow-do-programu-niematerialne-przekaz-dalej-na-2025-r\/"},"wordCount":497,"publisher":{"@id":"https:\/\/nid.pl\/#organization"},"image":{"@id":"https:\/\/nid.pl\/2025\/04\/15\/ruszyl-nabor-wnioskow-do-programu-niematerialne-przekaz-dalej-na-2025-r\/#primaryimage"},"thumbnailUrl":"https:\/\/nid.pl\/wp-content\/uploads\/2025\/04\/Niematerialne-przekaz-dalej.jpg","articleSection":["Aktualno\u015bci","Niematerialne przeka\u017c dalej"],"inLanguage":"en-GB"},{"@type":"WebPage","@id":"https:\/\/nid.pl\/2025\/04\/15\/ruszyl-nabor-wnioskow-do-programu-niematerialne-przekaz-dalej-na-2025-r\/","url":"https:\/\/nid.pl\/2025\/04\/15\/ruszyl-nabor-wnioskow-do-programu-niematerialne-przekaz-dalej-na-2025-r\/","name":"Ruszy\u0142 nab\u00f3r wniosk\u00f3w do programu \u201eNiematerialne \u2013 przeka\u017c dalej\u201d na 2025 r. - NID","isPartOf":{"@id":"https:\/\/nid.pl\/#website"},"primaryImageOfPage":{"@id":"https:\/\/nid.pl\/2025\/04\/15\/ruszyl-nabor-wnioskow-do-programu-niematerialne-przekaz-dalej-na-2025-r\/#primaryimage"},"image":{"@id":"https:\/\/nid.pl\/2025\/04\/15\/ruszyl-nabor-wnioskow-do-programu-niematerialne-przekaz-dalej-na-2025-r\/#primaryimage"},"thumbnailUrl":"https:\/\/nid.pl\/wp-content\/uploads\/2025\/04\/Niematerialne-przekaz-dalej.jpg","datePublished":"2025-04-15T09:17:09+00:00","dateModified":"2025-04-16T08:48:28+00:00","breadcrumb":{"@id":"https:\/\/nid.pl\/2025\/04\/15\/ruszyl-nabor-wnioskow-do-programu-niematerialne-przekaz-dalej-na-2025-r\/#breadcrumb"},"inLanguage":"en-GB","potentialAction":[{"@type":"ReadAction","target":["https:\/\/nid.pl\/2025\/04\/15\/ruszyl-nabor-wnioskow-do-programu-niematerialne-przekaz-dalej-na-2025-r\/"]}]},{"@type":"ImageObject","inLanguage":"en-GB","@id":"https:\/\/nid.pl\/2025\/04\/15\/ruszyl-nabor-wnioskow-do-programu-niematerialne-przekaz-dalej-na-2025-r\/#primaryimage","url":"https:\/\/nid.pl\/wp-content\/uploads\/2025\/04\/Niematerialne-przekaz-dalej.jpg","contentUrl":"https:\/\/nid.pl\/wp-content\/uploads\/2025\/04\/Niematerialne-przekaz-dalej.jpg","width":1857,"height":1238},{"@type":"BreadcrumbList","@id":"https:\/\/nid.pl\/2025\/04\/15\/ruszyl-nabor-wnioskow-do-programu-niematerialne-przekaz-dalej-na-2025-r\/#breadcrumb","itemListElement":[{"@type":"ListItem","position":1,"name":"Home","item":"https:\/\/nid.pl\/"},{"@type":"ListItem","position":2,"name":"Ruszy\u0142 nab\u00f3r wniosk\u00f3w do programu \u201eNiematerialne \u2013 przeka\u017c dalej\u201d na 2025 r."}]},{"@type":"WebSite","@id":"https:\/\/nid.pl\/#website","url":"https:\/\/nid.pl\/","name":"NID","description":"Narodowy Instytut Dziedzictwa","publisher":{"@id":"https:\/\/nid.pl\/#organization"},"potentialAction":[{"@type":"SearchAction","target":{"@type":"EntryPoint","urlTemplate":"https:\/\/nid.pl\/?s={search_term_string}"},"query-input":{"@type":"PropertyValueSpecification","valueRequired":true,"valueName":"search_term_string"}}],"inLanguage":"en-GB"},{"@type":"Organization","@id":"https:\/\/nid.pl\/#organization","name":"Narodowy Instytut Dziedzictwa","url":"https:\/\/nid.pl\/","logo":{"@type":"ImageObject","inLanguage":"en-GB","@id":"https:\/\/nid.pl\/#\/schema\/logo\/image\/","url":"https:\/\/nid.pl\/wp-content\/uploads\/2022\/10\/logoRedDark.png","contentUrl":"https:\/\/nid.pl\/wp-content\/uploads\/2022\/10\/logoRedDark.png","width":200,"height":197,"caption":"Narodowy Instytut Dziedzictwa"},"image":{"@id":"https:\/\/nid.pl\/#\/schema\/logo\/image\/"},"sameAs":["https:\/\/www.facebook.com\/zabytek","https:\/\/x.com\/NarIDpl","https:\/\/www.instagram.com\/nid.pl\/?hl=pl","https:\/\/www.linkedin.com\/company\/narodowy-instytut-dziedzictwa","https:\/\/www.youtube.com\/channel\/UCQXuhKa2uHtmNvLRUSx40JA"]},{"@type":"Person","@id":"https:\/\/nid.pl\/#\/schema\/person\/ab9abea4caecdccde4fb0d555271145f","name":"Monika Ciura","image":{"@type":"ImageObject","inLanguage":"en-GB","@id":"https:\/\/nid.pl\/#\/schema\/person\/image\/","url":"https:\/\/nid.pl\/wp-content\/litespeed\/avatar\/bfdb15d1cc317fac4b66bdc91090ff11.jpg?ver=1776840533","contentUrl":"https:\/\/nid.pl\/wp-content\/litespeed\/avatar\/bfdb15d1cc317fac4b66bdc91090ff11.jpg?ver=1776840533","caption":"Monika Ciura"},"url":"https:\/\/nid.pl\/en\/author\/mciura\/"}]}},"_links":{"self":[{"href":"https:\/\/nid.pl\/en\/wp-json\/wp\/v2\/posts\/26633","targetHints":{"allow":["GET"]}}],"collection":[{"href":"https:\/\/nid.pl\/en\/wp-json\/wp\/v2\/posts"}],"about":[{"href":"https:\/\/nid.pl\/en\/wp-json\/wp\/v2\/types\/post"}],"author":[{"embeddable":true,"href":"https:\/\/nid.pl\/en\/wp-json\/wp\/v2\/users\/15"}],"replies":[{"embeddable":true,"href":"https:\/\/nid.pl\/en\/wp-json\/wp\/v2\/comments?post=26633"}],"version-history":[{"count":0,"href":"https:\/\/nid.pl\/en\/wp-json\/wp\/v2\/posts\/26633\/revisions"}],"wp:featuredmedia":[{"embeddable":true,"href":"https:\/\/nid.pl\/en\/wp-json\/wp\/v2\/media\/26636"}],"wp:attachment":[{"href":"https:\/\/nid.pl\/en\/wp-json\/wp\/v2\/media?parent=26633"}],"wp:term":[{"taxonomy":"category","embeddable":true,"href":"https:\/\/nid.pl\/en\/wp-json\/wp\/v2\/categories?post=26633"},{"taxonomy":"post_tag","embeddable":true,"href":"https:\/\/nid.pl\/en\/wp-json\/wp\/v2\/tags?post=26633"}],"curies":[{"name":"wp","href":"https:\/\/api.w.org\/{rel}","templated":true}]}}