{"id":26625,"date":"2025-04-15T10:24:01","date_gmt":"2025-04-15T08:24:01","guid":{"rendered":"https:\/\/nid.pl\/?p=26625"},"modified":"2025-04-15T10:25:49","modified_gmt":"2025-04-15T08:25:49","slug":"dziedzictwo-w-antropocenie-skrot-raportu","status":"publish","type":"post","link":"https:\/\/nid.pl\/en\/2025\/04\/15\/dziedzictwo-w-antropocenie-skrot-raportu\/","title":{"rendered":"Nowy raport o wp\u0142ywie zmian klimatycznych na pomniki historii w Polsce"},"content":{"rendered":"<p class=\"has-medium-font-size\"><strong>Zapraszamy do zapoznania si\u0119 ze skr\u00f3tem raportu \u201eDziedzictwo w antropocenie. Wp\u0142yw zmian klimatycznych na pomniki historii w Polsce\u201d przygotowanego przez Instytut Bada\u0144 Organizacji Kultury \u2013 IBOK na zlecenie Narodowego Instytutu Dziedzictwa.<\/strong><\/p>\n\n\n\n<p>Raport \u201eDziedzictwo w antropocenie. Wp\u0142yw zmian klimatycznych na pomniki historii w Polsce\u201d jest kontynuacj\u0105 analizy z 2023 roku, kt\u00f3ra dotyczy\u0142a wp\u0142ywu zmian klimatycznych na polskie obiekty wpisane na List\u0119 \u015bwiatowego dziedzictwa UNESCO.<\/p>\n\n\n\n<p>Badania przeprowadzi\u0142 Instytut Bada\u0144 Organizacji Kultury \u2013 IBOK na zlecenie Narodowego Instytutu Dziedzictwa. Trwa\u0142y one od lipca do wrze\u015bnia 2024 roku. Raport zawiera wyniki ankiety skierowanej do os\u00f3b odpowiedzialnych za zarz\u0105dzanie pomnikami historii i dostarcza cennych informacji na temat obserwowanych skutk\u00f3w zmian klimatycznych oraz rekomendowanych dzia\u0142a\u0144 ochronnych.<\/p>\n\n\n\n<p>W raporcie opisano m.in. zagro\u017cenia wynikaj\u0105ce z gwa\u0142townych opad\u00f3w, burz oraz wzrostu temperatur oraz ich wp\u0142yw na stan techniczny i konserwacj\u0119 zabytk\u00f3w. Publikacja wskazuje r\u00f3wnie\u017c najwa\u017cniejsze obszary wymagaj\u0105ce dzia\u0142a\u0144 adaptacyjnych \u2013 w tym wdra\u017canie rozwi\u0105za\u0144 ograniczaj\u0105cych negatywne skutki zmian klimatu oraz wykorzystanie sprawdzonych praktyk ochrony dziedzictwa.<\/p>\n\n\n\n<p>Wierzymy, \u017ce wyniki bada\u0144 oka\u017c\u0105 si\u0119 szczeg\u00f3lnie przydatne dla zarz\u0105dc\u00f3w pomnik\u00f3w historii. Raport stanowi tak\u017ce warto\u015bciowe \u017ar\u00f3d\u0142o wiedzy dla decydent\u00f3w, ekspert\u00f3w, planist\u00f3w przestrzennych oraz student\u00f3w zainteresowanych wsp\u00f3\u0142czesnymi wyzwaniami w ochronie zabytk\u00f3w.<\/p>\n\n\n\n<p>Pe\u0142na wersja raportu oraz raport z 2023 roku zostan\u0105 opublikowane na stronie internetowej Narodowego Instytutu Dziedzictwa.<\/p>\n\n\n\n<p><strong>Download<\/strong> <a href=\"https:\/\/nid.pl\/wp-content\/uploads\/2025\/04\/Dziedzictwo-w-antropocenie-1.pdf\" target=\"_blank\" rel=\"noreferrer noopener\">Raport \u201eDziedzictwo w antropocenie. Wp\u0142yw zmian klimatycznych na pomniki historii w Polsce\u201d<\/a><\/p>\n\n\n\n<p><\/p>\n\n\n\n<figure class=\"wp-block-image aligncenter size-full is-resized\"><img loading=\"lazy\" decoding=\"async\" width=\"443\" height=\"627\" src=\"https:\/\/nid.pl\/wp-content\/uploads\/2025\/04\/Okladka-Dziedzictwo-w-antropocenie.jpg\" alt=\"\" class=\"wp-image-26626\" style=\"width:333px;height:auto\" srcset=\"https:\/\/nid.pl\/wp-content\/uploads\/2025\/04\/Okladka-Dziedzictwo-w-antropocenie.jpg 443w, https:\/\/nid.pl\/wp-content\/uploads\/2025\/04\/Okladka-Dziedzictwo-w-antropocenie-212x300.jpg 212w, https:\/\/nid.pl\/wp-content\/uploads\/2025\/04\/Okladka-Dziedzictwo-w-antropocenie-8x12.jpg 8w\" sizes=\"(max-width: 443px) 100vw, 443px\" \/><\/figure>","protected":false},"excerpt":{"rendered":"<p>Zapraszamy do zapoznania si\u0119 ze skr\u00f3tem raportu \u201eDziedzictwo w antropocenie. Wp\u0142yw zmian klimatycznych na pomniki historii w Polsce\u201d przygotowanego przez Instytut Bada\u0144 Organizacji Kultury \u2013 IBOK na zlecenie Narodowego Instytutu [&hellip;]<\/p>","protected":false},"author":7,"featured_media":26628,"comment_status":"closed","ping_status":"closed","sticky":false,"template":"","format":"standard","meta":{"_et_pb_use_builder":"off","_et_pb_old_content":"","_et_gb_content_width":"","_monsterinsights_skip_tracking":false,"_monsterinsights_sitenote_active":false,"_monsterinsights_sitenote_note":"","_monsterinsights_sitenote_category":0,"footnotes":""},"categories":[3],"tags":[],"class_list":["post-26625","post","type-post","status-publish","format-standard","has-post-thumbnail","hentry","category-aktualnosci"],"yoast_head":"<!-- This site is optimized with the Yoast SEO plugin v26.5 - https:\/\/yoast.com\/wordpress\/plugins\/seo\/ -->\n<title>Nowy raport o wp\u0142ywie zmian klimatycznych na pomniki historii w Polsce - NID<\/title>\n<meta name=\"robots\" content=\"index, follow, max-snippet:-1, max-image-preview:large, max-video-preview:-1\" \/>\n<link rel=\"canonical\" href=\"https:\/\/nid.pl\/en\/2025\/04\/15\/dziedzictwo-w-antropocenie-skrot-raportu\/\" \/>\n<meta property=\"og:locale\" content=\"en_GB\" \/>\n<meta property=\"og:type\" content=\"article\" \/>\n<meta property=\"og:title\" content=\"Nowy raport o wp\u0142ywie zmian klimatycznych na pomniki historii w Polsce - NID\" \/>\n<meta property=\"og:description\" content=\"Zapraszamy do zapoznania si\u0119 ze skr\u00f3tem raportu \u201eDziedzictwo w antropocenie. Wp\u0142yw zmian klimatycznych na pomniki historii w Polsce\u201d przygotowanego przez Instytut Bada\u0144 Organizacji Kultury \u2013 IBOK na zlecenie Narodowego Instytutu [&hellip;]\" \/>\n<meta property=\"og:url\" content=\"https:\/\/nid.pl\/en\/2025\/04\/15\/dziedzictwo-w-antropocenie-skrot-raportu\/\" \/>\n<meta property=\"og:site_name\" content=\"NID\" \/>\n<meta property=\"article:publisher\" content=\"https:\/\/www.facebook.com\/zabytek\" \/>\n<meta property=\"article:published_time\" content=\"2025-04-15T08:24:01+00:00\" \/>\n<meta property=\"article:modified_time\" content=\"2025-04-15T08:25:49+00:00\" \/>\n<meta property=\"og:image\" content=\"https:\/\/nid.pl\/wp-content\/uploads\/2025\/04\/Dziedzictwo-w-antropocenie.-Wplym-zmian-na-pomniki-historii.jpg\" \/>\n\t<meta property=\"og:image:width\" content=\"1850\" \/>\n\t<meta property=\"og:image:height\" content=\"1238\" \/>\n\t<meta property=\"og:image:type\" content=\"image\/jpeg\" \/>\n<meta name=\"author\" content=\"Barbara Halliop\" \/>\n<meta name=\"twitter:card\" content=\"summary_large_image\" \/>\n<meta name=\"twitter:creator\" content=\"@NarIDpl\" \/>\n<meta name=\"twitter:site\" content=\"@NarIDpl\" \/>\n<meta name=\"twitter:label1\" content=\"Written by\" \/>\n\t<meta name=\"twitter:data1\" content=\"Barbara Halliop\" \/>\n\t<meta name=\"twitter:label2\" content=\"Estimated reading time\" \/>\n\t<meta name=\"twitter:data2\" content=\"2 minutes\" \/>\n<script type=\"application\/ld+json\" class=\"yoast-schema-graph\">{\"@context\":\"https:\/\/schema.org\",\"@graph\":[{\"@type\":\"Article\",\"@id\":\"https:\/\/nid.pl\/2025\/04\/15\/dziedzictwo-w-antropocenie-skrot-raportu\/#article\",\"isPartOf\":{\"@id\":\"https:\/\/nid.pl\/2025\/04\/15\/dziedzictwo-w-antropocenie-skrot-raportu\/\"},\"author\":{\"name\":\"Barbara Halliop\",\"@id\":\"https:\/\/nid.pl\/#\/schema\/person\/1b690a8998a5111cfb9f0ffe24195a15\"},\"headline\":\"Nowy raport o wp\u0142ywie zmian klimatycznych na pomniki historii w Polsce\",\"datePublished\":\"2025-04-15T08:24:01+00:00\",\"dateModified\":\"2025-04-15T08:25:49+00:00\",\"mainEntityOfPage\":{\"@id\":\"https:\/\/nid.pl\/2025\/04\/15\/dziedzictwo-w-antropocenie-skrot-raportu\/\"},\"wordCount\":265,\"publisher\":{\"@id\":\"https:\/\/nid.pl\/#organization\"},\"image\":{\"@id\":\"https:\/\/nid.pl\/2025\/04\/15\/dziedzictwo-w-antropocenie-skrot-raportu\/#primaryimage\"},\"thumbnailUrl\":\"https:\/\/nid.pl\/wp-content\/uploads\/2025\/04\/Dziedzictwo-w-antropocenie.-Wplym-zmian-na-pomniki-historii.jpg\",\"articleSection\":[\"Aktualno\u015bci\"],\"inLanguage\":\"en-GB\"},{\"@type\":\"WebPage\",\"@id\":\"https:\/\/nid.pl\/2025\/04\/15\/dziedzictwo-w-antropocenie-skrot-raportu\/\",\"url\":\"https:\/\/nid.pl\/2025\/04\/15\/dziedzictwo-w-antropocenie-skrot-raportu\/\",\"name\":\"Nowy raport o wp\u0142ywie zmian klimatycznych na pomniki historii w Polsce - NID\",\"isPartOf\":{\"@id\":\"https:\/\/nid.pl\/#website\"},\"primaryImageOfPage\":{\"@id\":\"https:\/\/nid.pl\/2025\/04\/15\/dziedzictwo-w-antropocenie-skrot-raportu\/#primaryimage\"},\"image\":{\"@id\":\"https:\/\/nid.pl\/2025\/04\/15\/dziedzictwo-w-antropocenie-skrot-raportu\/#primaryimage\"},\"thumbnailUrl\":\"https:\/\/nid.pl\/wp-content\/uploads\/2025\/04\/Dziedzictwo-w-antropocenie.-Wplym-zmian-na-pomniki-historii.jpg\",\"datePublished\":\"2025-04-15T08:24:01+00:00\",\"dateModified\":\"2025-04-15T08:25:49+00:00\",\"breadcrumb\":{\"@id\":\"https:\/\/nid.pl\/2025\/04\/15\/dziedzictwo-w-antropocenie-skrot-raportu\/#breadcrumb\"},\"inLanguage\":\"en-GB\",\"potentialAction\":[{\"@type\":\"ReadAction\",\"target\":[\"https:\/\/nid.pl\/2025\/04\/15\/dziedzictwo-w-antropocenie-skrot-raportu\/\"]}]},{\"@type\":\"ImageObject\",\"inLanguage\":\"en-GB\",\"@id\":\"https:\/\/nid.pl\/2025\/04\/15\/dziedzictwo-w-antropocenie-skrot-raportu\/#primaryimage\",\"url\":\"https:\/\/nid.pl\/wp-content\/uploads\/2025\/04\/Dziedzictwo-w-antropocenie.-Wplym-zmian-na-pomniki-historii.jpg\",\"contentUrl\":\"https:\/\/nid.pl\/wp-content\/uploads\/2025\/04\/Dziedzictwo-w-antropocenie.-Wplym-zmian-na-pomniki-historii.jpg\",\"width\":1850,\"height\":1238,\"caption\":\"grafika\"},{\"@type\":\"BreadcrumbList\",\"@id\":\"https:\/\/nid.pl\/2025\/04\/15\/dziedzictwo-w-antropocenie-skrot-raportu\/#breadcrumb\",\"itemListElement\":[{\"@type\":\"ListItem\",\"position\":1,\"name\":\"Home\",\"item\":\"https:\/\/nid.pl\/\"},{\"@type\":\"ListItem\",\"position\":2,\"name\":\"Nowy raport o wp\u0142ywie zmian klimatycznych na pomniki historii w Polsce\"}]},{\"@type\":\"WebSite\",\"@id\":\"https:\/\/nid.pl\/#website\",\"url\":\"https:\/\/nid.pl\/\",\"name\":\"NID\",\"description\":\"Narodowy Instytut Dziedzictwa\",\"publisher\":{\"@id\":\"https:\/\/nid.pl\/#organization\"},\"potentialAction\":[{\"@type\":\"SearchAction\",\"target\":{\"@type\":\"EntryPoint\",\"urlTemplate\":\"https:\/\/nid.pl\/?s={search_term_string}\"},\"query-input\":{\"@type\":\"PropertyValueSpecification\",\"valueRequired\":true,\"valueName\":\"search_term_string\"}}],\"inLanguage\":\"en-GB\"},{\"@type\":\"Organization\",\"@id\":\"https:\/\/nid.pl\/#organization\",\"name\":\"Narodowy Instytut Dziedzictwa\",\"url\":\"https:\/\/nid.pl\/\",\"logo\":{\"@type\":\"ImageObject\",\"inLanguage\":\"en-GB\",\"@id\":\"https:\/\/nid.pl\/#\/schema\/logo\/image\/\",\"url\":\"https:\/\/nid.pl\/wp-content\/uploads\/2022\/10\/logoRedDark.png\",\"contentUrl\":\"https:\/\/nid.pl\/wp-content\/uploads\/2022\/10\/logoRedDark.png\",\"width\":200,\"height\":197,\"caption\":\"Narodowy Instytut Dziedzictwa\"},\"image\":{\"@id\":\"https:\/\/nid.pl\/#\/schema\/logo\/image\/\"},\"sameAs\":[\"https:\/\/www.facebook.com\/zabytek\",\"https:\/\/x.com\/NarIDpl\",\"https:\/\/www.instagram.com\/nid.pl\/?hl=pl\",\"https:\/\/www.linkedin.com\/company\/narodowy-instytut-dziedzictwa\",\"https:\/\/www.youtube.com\/channel\/UCQXuhKa2uHtmNvLRUSx40JA\"]},{\"@type\":\"Person\",\"@id\":\"https:\/\/nid.pl\/#\/schema\/person\/1b690a8998a5111cfb9f0ffe24195a15\",\"name\":\"Barbara Halliop\",\"image\":{\"@type\":\"ImageObject\",\"inLanguage\":\"en-GB\",\"@id\":\"https:\/\/nid.pl\/#\/schema\/person\/image\/\",\"url\":\"https:\/\/nid.pl\/wp-content\/litespeed\/avatar\/924046d17dd0c842c9fa9ccf489bc6dc.jpg?ver=1776840122\",\"contentUrl\":\"https:\/\/nid.pl\/wp-content\/litespeed\/avatar\/924046d17dd0c842c9fa9ccf489bc6dc.jpg?ver=1776840122\",\"caption\":\"Barbara Halliop\"},\"url\":\"https:\/\/nid.pl\/en\/author\/bhalliop\/\"}]}<\/script>\n<!-- \/ Yoast SEO plugin. -->","yoast_head_json":{"title":"Nowy raport o wp\u0142ywie zmian klimatycznych na pomniki historii w Polsce - NID","robots":{"index":"index","follow":"follow","max-snippet":"max-snippet:-1","max-image-preview":"max-image-preview:large","max-video-preview":"max-video-preview:-1"},"canonical":"https:\/\/nid.pl\/en\/2025\/04\/15\/dziedzictwo-w-antropocenie-skrot-raportu\/","og_locale":"en_GB","og_type":"article","og_title":"Nowy raport o wp\u0142ywie zmian klimatycznych na pomniki historii w Polsce - NID","og_description":"Zapraszamy do zapoznania si\u0119 ze skr\u00f3tem raportu \u201eDziedzictwo w antropocenie. Wp\u0142yw zmian klimatycznych na pomniki historii w Polsce\u201d przygotowanego przez Instytut Bada\u0144 Organizacji Kultury \u2013 IBOK na zlecenie Narodowego Instytutu [&hellip;]","og_url":"https:\/\/nid.pl\/en\/2025\/04\/15\/dziedzictwo-w-antropocenie-skrot-raportu\/","og_site_name":"NID","article_publisher":"https:\/\/www.facebook.com\/zabytek","article_published_time":"2025-04-15T08:24:01+00:00","article_modified_time":"2025-04-15T08:25:49+00:00","og_image":[{"width":1850,"height":1238,"url":"https:\/\/nid.pl\/wp-content\/uploads\/2025\/04\/Dziedzictwo-w-antropocenie.-Wplym-zmian-na-pomniki-historii.jpg","type":"image\/jpeg"}],"author":"Barbara Halliop","twitter_card":"summary_large_image","twitter_creator":"@NarIDpl","twitter_site":"@NarIDpl","twitter_misc":{"Written by":"Barbara Halliop","Estimated reading time":"2 minutes"},"schema":{"@context":"https:\/\/schema.org","@graph":[{"@type":"Article","@id":"https:\/\/nid.pl\/2025\/04\/15\/dziedzictwo-w-antropocenie-skrot-raportu\/#article","isPartOf":{"@id":"https:\/\/nid.pl\/2025\/04\/15\/dziedzictwo-w-antropocenie-skrot-raportu\/"},"author":{"name":"Barbara Halliop","@id":"https:\/\/nid.pl\/#\/schema\/person\/1b690a8998a5111cfb9f0ffe24195a15"},"headline":"Nowy raport o wp\u0142ywie zmian klimatycznych na pomniki historii w Polsce","datePublished":"2025-04-15T08:24:01+00:00","dateModified":"2025-04-15T08:25:49+00:00","mainEntityOfPage":{"@id":"https:\/\/nid.pl\/2025\/04\/15\/dziedzictwo-w-antropocenie-skrot-raportu\/"},"wordCount":265,"publisher":{"@id":"https:\/\/nid.pl\/#organization"},"image":{"@id":"https:\/\/nid.pl\/2025\/04\/15\/dziedzictwo-w-antropocenie-skrot-raportu\/#primaryimage"},"thumbnailUrl":"https:\/\/nid.pl\/wp-content\/uploads\/2025\/04\/Dziedzictwo-w-antropocenie.-Wplym-zmian-na-pomniki-historii.jpg","articleSection":["Aktualno\u015bci"],"inLanguage":"en-GB"},{"@type":"WebPage","@id":"https:\/\/nid.pl\/2025\/04\/15\/dziedzictwo-w-antropocenie-skrot-raportu\/","url":"https:\/\/nid.pl\/2025\/04\/15\/dziedzictwo-w-antropocenie-skrot-raportu\/","name":"Nowy raport o wp\u0142ywie zmian klimatycznych na pomniki historii w Polsce - NID","isPartOf":{"@id":"https:\/\/nid.pl\/#website"},"primaryImageOfPage":{"@id":"https:\/\/nid.pl\/2025\/04\/15\/dziedzictwo-w-antropocenie-skrot-raportu\/#primaryimage"},"image":{"@id":"https:\/\/nid.pl\/2025\/04\/15\/dziedzictwo-w-antropocenie-skrot-raportu\/#primaryimage"},"thumbnailUrl":"https:\/\/nid.pl\/wp-content\/uploads\/2025\/04\/Dziedzictwo-w-antropocenie.-Wplym-zmian-na-pomniki-historii.jpg","datePublished":"2025-04-15T08:24:01+00:00","dateModified":"2025-04-15T08:25:49+00:00","breadcrumb":{"@id":"https:\/\/nid.pl\/2025\/04\/15\/dziedzictwo-w-antropocenie-skrot-raportu\/#breadcrumb"},"inLanguage":"en-GB","potentialAction":[{"@type":"ReadAction","target":["https:\/\/nid.pl\/2025\/04\/15\/dziedzictwo-w-antropocenie-skrot-raportu\/"]}]},{"@type":"ImageObject","inLanguage":"en-GB","@id":"https:\/\/nid.pl\/2025\/04\/15\/dziedzictwo-w-antropocenie-skrot-raportu\/#primaryimage","url":"https:\/\/nid.pl\/wp-content\/uploads\/2025\/04\/Dziedzictwo-w-antropocenie.-Wplym-zmian-na-pomniki-historii.jpg","contentUrl":"https:\/\/nid.pl\/wp-content\/uploads\/2025\/04\/Dziedzictwo-w-antropocenie.-Wplym-zmian-na-pomniki-historii.jpg","width":1850,"height":1238,"caption":"grafika"},{"@type":"BreadcrumbList","@id":"https:\/\/nid.pl\/2025\/04\/15\/dziedzictwo-w-antropocenie-skrot-raportu\/#breadcrumb","itemListElement":[{"@type":"ListItem","position":1,"name":"Home","item":"https:\/\/nid.pl\/"},{"@type":"ListItem","position":2,"name":"Nowy raport o wp\u0142ywie zmian klimatycznych na pomniki historii w Polsce"}]},{"@type":"WebSite","@id":"https:\/\/nid.pl\/#website","url":"https:\/\/nid.pl\/","name":"NID","description":"Narodowy Instytut Dziedzictwa","publisher":{"@id":"https:\/\/nid.pl\/#organization"},"potentialAction":[{"@type":"SearchAction","target":{"@type":"EntryPoint","urlTemplate":"https:\/\/nid.pl\/?s={search_term_string}"},"query-input":{"@type":"PropertyValueSpecification","valueRequired":true,"valueName":"search_term_string"}}],"inLanguage":"en-GB"},{"@type":"Organization","@id":"https:\/\/nid.pl\/#organization","name":"Narodowy Instytut Dziedzictwa","url":"https:\/\/nid.pl\/","logo":{"@type":"ImageObject","inLanguage":"en-GB","@id":"https:\/\/nid.pl\/#\/schema\/logo\/image\/","url":"https:\/\/nid.pl\/wp-content\/uploads\/2022\/10\/logoRedDark.png","contentUrl":"https:\/\/nid.pl\/wp-content\/uploads\/2022\/10\/logoRedDark.png","width":200,"height":197,"caption":"Narodowy Instytut Dziedzictwa"},"image":{"@id":"https:\/\/nid.pl\/#\/schema\/logo\/image\/"},"sameAs":["https:\/\/www.facebook.com\/zabytek","https:\/\/x.com\/NarIDpl","https:\/\/www.instagram.com\/nid.pl\/?hl=pl","https:\/\/www.linkedin.com\/company\/narodowy-instytut-dziedzictwa","https:\/\/www.youtube.com\/channel\/UCQXuhKa2uHtmNvLRUSx40JA"]},{"@type":"Person","@id":"https:\/\/nid.pl\/#\/schema\/person\/1b690a8998a5111cfb9f0ffe24195a15","name":"Barbara Halliop","image":{"@type":"ImageObject","inLanguage":"en-GB","@id":"https:\/\/nid.pl\/#\/schema\/person\/image\/","url":"https:\/\/nid.pl\/wp-content\/litespeed\/avatar\/924046d17dd0c842c9fa9ccf489bc6dc.jpg?ver=1776840122","contentUrl":"https:\/\/nid.pl\/wp-content\/litespeed\/avatar\/924046d17dd0c842c9fa9ccf489bc6dc.jpg?ver=1776840122","caption":"Barbara Halliop"},"url":"https:\/\/nid.pl\/en\/author\/bhalliop\/"}]}},"_links":{"self":[{"href":"https:\/\/nid.pl\/en\/wp-json\/wp\/v2\/posts\/26625","targetHints":{"allow":["GET"]}}],"collection":[{"href":"https:\/\/nid.pl\/en\/wp-json\/wp\/v2\/posts"}],"about":[{"href":"https:\/\/nid.pl\/en\/wp-json\/wp\/v2\/types\/post"}],"author":[{"embeddable":true,"href":"https:\/\/nid.pl\/en\/wp-json\/wp\/v2\/users\/7"}],"replies":[{"embeddable":true,"href":"https:\/\/nid.pl\/en\/wp-json\/wp\/v2\/comments?post=26625"}],"version-history":[{"count":0,"href":"https:\/\/nid.pl\/en\/wp-json\/wp\/v2\/posts\/26625\/revisions"}],"wp:featuredmedia":[{"embeddable":true,"href":"https:\/\/nid.pl\/en\/wp-json\/wp\/v2\/media\/26628"}],"wp:attachment":[{"href":"https:\/\/nid.pl\/en\/wp-json\/wp\/v2\/media?parent=26625"}],"wp:term":[{"taxonomy":"category","embeddable":true,"href":"https:\/\/nid.pl\/en\/wp-json\/wp\/v2\/categories?post=26625"},{"taxonomy":"post_tag","embeddable":true,"href":"https:\/\/nid.pl\/en\/wp-json\/wp\/v2\/tags?post=26625"}],"curies":[{"name":"wp","href":"https:\/\/api.w.org\/{rel}","templated":true}]}}