{"id":26334,"date":"2025-04-09T10:52:49","date_gmt":"2025-04-09T08:52:49","guid":{"rendered":"https:\/\/nid.pl\/?p=26334"},"modified":"2025-04-09T10:52:50","modified_gmt":"2025-04-09T08:52:50","slug":"nowe-wpisy-na-krajowej-liscie-niematerialnego-dziedzictwa-kulturowego-3","status":"publish","type":"post","link":"https:\/\/nid.pl\/en\/2025\/04\/09\/nowe-wpisy-na-krajowej-liscie-niematerialnego-dziedzictwa-kulturowego-3\/","title":{"rendered":"Nowe wpisy na Krajowej li\u015bcie niematerialnego dziedzictwa kulturowego\u00a0"},"content":{"rendered":"<p class=\"has-medium-font-size\"><strong>Decyzj\u0105 Ministra Kultury i Dziedzictwa Narodowego, Krajowa lista niematerialnego dziedzictwa kulturowego zosta\u0142a poszerzona o kolejne cztery elementy: hafciarstwo pa\u0142uckie, hafciarstwo i haft sieradzki, kultur\u0119 toru\u0144skiego piernika oraz wi\u015bla\u0144skie kol\u0119dowanie pod oknami. Z kolei dzia\u0142alno\u015b\u0107 Amatorskiego Zesp\u00f3\u0142 Teatralny \u201eTradycja\u201d z Rozmierzy zosta\u0142a wpisana do Krajowego rejestru dobrych praktyk w ochronie niematerialnego dziedzictwa kulturowego.\u00a0<\/strong><\/p>\n\n\n\n<p><\/p>\n\n\n\n<h6 class=\"wp-block-heading has-text-color has-link-color wp-elements-c5afe703d9d80dec08b106298e1c7eeb\" style=\"color:#727272\"><strong>Hafciarstwo pa\u0142uckie<\/strong>&nbsp;<\/h6>\n\n\n\n<p><\/p>\n\n\n\n<p>Hafciarstwo pa\u0142uckie wyst\u0119puje w regionie etnograficznym<strong> Pa\u0142uki,<\/strong> po\u0142o\u017conym w wojew\u00f3dztwach: kujawsko-pomorskim (Kcynia, Szubin i \u017bnin) i wielkopolskim (W\u0105growiec i jego okolice). Wywodzi si\u0119 z <strong>tradycyjnego kobiecego stroju ludowego<\/strong>. Rozw\u00f3j stroju pa\u0142uckiego na prze\u0142omie XIX i XX wieku by\u0142 odpowiedzi\u0105 na pr\u00f3b\u0119 germanizacji ludno\u015bci podczas zabor\u00f3w.\u00a0 Sta\u0142 si\u0119 on w\u00f3wczas <strong>symbolem polsko\u015bci i patriotyzmu<\/strong>.\u00a0\u00a0<\/p>\n\n\n\n<p><\/p>\n\n\n\n<div class=\"wp-block-columns is-layout-flex wp-container-core-columns-is-layout-9d6595d7 wp-block-columns-is-layout-flex\">\n<div class=\"wp-block-column is-layout-flow wp-block-column-is-layout-flow\">\n<p>Na tle innych tradycyjnych haft\u00f3w r\u0119kodzielniczych hafciarstwo pa\u0142uckie charakteryzuje si\u0119 powszechnym u\u017cyciem <strong>bia\u0142ych nici <\/strong>na p\u0142\u00f3tnie lnianym, bawe\u0142nianym i tiulu oraz nici czarnych zastrze\u017conych dla flanelowego (dawniej lnianego) p\u0142\u00f3tna czerwonego s\u0142u\u017c\u0105cego wyrobowi halek nazywanych <strong>piekielnicami<\/strong>. Haft pierwotnie zdobi\u0142 elementy stroju (m.in. koszule, kryzy, halki, fartuchy oraz &#8211; najpi\u0119kniejsz\u0105 cz\u0119\u015b\u0107 stroju pa\u0142uckiego &#8211; czepce z d\u0142ugimi wi\u0105zaniami, czyli bandami). Obecnie przenoszony jest na serwetki, bie\u017cniki, obrusy, bielizn\u0119 po\u015bcielow\u0105 i wiele innych przedmiot\u00f3w u\u017cytkowych. Za typowe dla haftu pa\u0142uckiego uznawane s\u0105 <strong>motywy ro\u015blinne<\/strong>, m. in. kwiaty, ga\u0142\u0105zki i li\u015bcie, owoce. W celu uzyskania odpowiednich efekt\u00f3w estetycznych wykorzystywane s\u0105 r\u00f3\u017cnorodne techniki \u015bciegu, dzi\u0119ki kt\u00f3rym to zdobienie jest bardzo wypuk\u0142e.\u00a0\u00a0<\/p>\n\n\n\n<p>Do popularyzacji hafciarstwa pa\u0142uckiego przyczyni\u0142y si\u0119<strong> kursy <\/strong>organizowane od lat 50. XX wieku w Kcyni, \u017bninie i Szubinie, odbywaj\u0105cy si\u0119 od 1963 roku coroczny Konkurs Sztuka Ludowa Pa\u0142uk im. Wandy Szkulmowskiej oraz cykliczny kiermasz sztuki ludowej \u201eJesie\u0144 na Pa\u0142ukach\u201d. Fenomenem jest dzia\u0142aj\u0105ce od ponad 10 lat <strong>Ko\u0142o hafciarskie przy Muzeum Regionalnym w W\u0105growcu, <\/strong>jedno z najwi\u0119kszych w Polsce k\u00f3\u0142 r\u0119kodzielniczych. Haft pa\u0142ucki pozostaje wci\u0105\u017c symbolem lokalnej to\u017csamo\u015bci, kultury i tradycji regionu.\u00a0<\/p>\n<\/div>\n\n\n\n<div class=\"wp-block-column is-layout-flow wp-block-column-is-layout-flow\">\n<figure data-wp-context=\"{&quot;imageId&quot;:&quot;69f5ba390cbeb&quot;}\" data-wp-interactive=\"core\/image\" data-wp-key=\"69f5ba390cbeb\" class=\"wp-block-image aligncenter size-large is-resized wp-lightbox-container\"><img loading=\"lazy\" decoding=\"async\" width=\"1919\" height=\"2560\" data-wp-class--hide=\"state.isContentHidden\" data-wp-class--show=\"state.isContentVisible\" data-wp-init=\"callbacks.setButtonStyles\" data-wp-on--click=\"actions.showLightbox\" data-wp-on--load=\"callbacks.setButtonStyles\" data-wp-on-window--resize=\"callbacks.setButtonStyles\" src=\"https:\/\/nid.pl\/wp-content\/uploads\/2025\/04\/Paluczanka-w-stroju-swiatecznym-Kcynia-2022r.-fot.-Andrzej-Kowalewski-edited-scaled.jpg\" alt=\"Pa\u0142uczanka w stroju \u015bwi\u0105tecznym, Kcynia, 2022r., fot. Andrzej Kowalewski\" class=\"wp-image-26368\" style=\"width:371px;height:auto\" srcset=\"https:\/\/nid.pl\/wp-content\/uploads\/2025\/04\/Paluczanka-w-stroju-swiatecznym-Kcynia-2022r.-fot.-Andrzej-Kowalewski-edited-scaled.jpg 1919w, https:\/\/nid.pl\/wp-content\/uploads\/2025\/04\/Paluczanka-w-stroju-swiatecznym-Kcynia-2022r.-fot.-Andrzej-Kowalewski-edited-1280x1708.jpg 1280w, https:\/\/nid.pl\/wp-content\/uploads\/2025\/04\/Paluczanka-w-stroju-swiatecznym-Kcynia-2022r.-fot.-Andrzej-Kowalewski-edited-980x1307.jpg 980w, https:\/\/nid.pl\/wp-content\/uploads\/2025\/04\/Paluczanka-w-stroju-swiatecznym-Kcynia-2022r.-fot.-Andrzej-Kowalewski-edited-480x640.jpg 480w\" sizes=\"(min-width: 0px) and (max-width: 480px) 480px, (min-width: 481px) and (max-width: 980px) 980px, (min-width: 981px) and (max-width: 1280px) 1280px, (min-width: 1281px) 1919px, 100vw\" \/><button\n\t\t\tclass=\"lightbox-trigger\"\n\t\t\ttype=\"button\"\n\t\t\taria-haspopup=\"dialog\"\n\t\t\taria-label=\"Enlarge\"\n\t\t\tdata-wp-init=\"callbacks.initTriggerButton\"\n\t\t\tdata-wp-on--click=\"actions.showLightbox\"\n\t\t\tdata-wp-style--right=\"state.imageButtonRight\"\n\t\t\tdata-wp-style--top=\"state.imageButtonTop\"\n\t\t>\n\t\t\t<svg xmlns=\"http:\/\/www.w3.org\/2000\/svg\" width=\"12\" height=\"12\" fill=\"none\" viewbox=\"0 0 12 12\">\n\t\t\t\t<path fill=\"#fff\" d=\"M2 0a2 2 0 0 0-2 2v2h1.5V2a.5.5 0 0 1 .5-.5h2V0H2Zm2 10.5H2a.5.5 0 0 1-.5-.5V8H0v2a2 2 0 0 0 2 2h2v-1.5ZM8 12v-1.5h2a.5.5 0 0 0 .5-.5V8H12v2a2 2 0 0 1-2 2H8Zm2-12a2 2 0 0 1 2 2v2h-1.5V2a.5.5 0 0 0-.5-.5H8V0h2Z\" \/>\n\t\t\t<\/svg>\n\t\t<\/button><figcaption class=\"wp-element-caption\">Pa\u0142uczanka w stroju \u015bwi\u0105tecznym, Kcynia, 2022r., fot. Andrzej Kowalewski<\/figcaption><\/figure>\n<\/div>\n<\/div>\n\n\n\n<p><\/p>\n\n\n\n<div class=\"wp-block-columns is-layout-flex wp-container-core-columns-is-layout-9d6595d7 wp-block-columns-is-layout-flex\">\n<div class=\"wp-block-column is-layout-flow wp-block-column-is-layout-flow\">\n<figure data-wp-context=\"{&quot;imageId&quot;:&quot;69f5ba390d112&quot;}\" data-wp-interactive=\"core\/image\" data-wp-key=\"69f5ba390d112\" class=\"wp-block-image size-large wp-lightbox-container\"><img loading=\"lazy\" decoding=\"async\" width=\"2560\" height=\"1919\" data-wp-class--hide=\"state.isContentHidden\" data-wp-class--show=\"state.isContentVisible\" data-wp-init=\"callbacks.setButtonStyles\" data-wp-on--click=\"actions.showLightbox\" data-wp-on--load=\"callbacks.setButtonStyles\" data-wp-on-window--resize=\"callbacks.setButtonStyles\" src=\"https:\/\/nid.pl\/wp-content\/uploads\/2025\/04\/Brzeg-halki-czerwonej-wyk.-H.-Kaszewska-fot.-A.-Zakrzewski-Arch.-MET-edited-scaled.jpg\" alt=\"Brzeg halki czerwonej,\" class=\"wp-image-26355\" srcset=\"https:\/\/nid.pl\/wp-content\/uploads\/2025\/04\/Brzeg-halki-czerwonej-wyk.-H.-Kaszewska-fot.-A.-Zakrzewski-Arch.-MET-edited-scaled.jpg 2560w, https:\/\/nid.pl\/wp-content\/uploads\/2025\/04\/Brzeg-halki-czerwonej-wyk.-H.-Kaszewska-fot.-A.-Zakrzewski-Arch.-MET-edited-1280x960.jpg 1280w, https:\/\/nid.pl\/wp-content\/uploads\/2025\/04\/Brzeg-halki-czerwonej-wyk.-H.-Kaszewska-fot.-A.-Zakrzewski-Arch.-MET-edited-980x735.jpg 980w, https:\/\/nid.pl\/wp-content\/uploads\/2025\/04\/Brzeg-halki-czerwonej-wyk.-H.-Kaszewska-fot.-A.-Zakrzewski-Arch.-MET-edited-480x360.jpg 480w\" sizes=\"(min-width: 0px) and (max-width: 480px) 480px, (min-width: 481px) and (max-width: 980px) 980px, (min-width: 981px) and (max-width: 1280px) 1280px, (min-width: 1281px) 2560px, 100vw\" \/><button\n\t\t\tclass=\"lightbox-trigger\"\n\t\t\ttype=\"button\"\n\t\t\taria-haspopup=\"dialog\"\n\t\t\taria-label=\"Enlarge\"\n\t\t\tdata-wp-init=\"callbacks.initTriggerButton\"\n\t\t\tdata-wp-on--click=\"actions.showLightbox\"\n\t\t\tdata-wp-style--right=\"state.imageButtonRight\"\n\t\t\tdata-wp-style--top=\"state.imageButtonTop\"\n\t\t>\n\t\t\t<svg xmlns=\"http:\/\/www.w3.org\/2000\/svg\" width=\"12\" height=\"12\" fill=\"none\" viewbox=\"0 0 12 12\">\n\t\t\t\t<path fill=\"#fff\" d=\"M2 0a2 2 0 0 0-2 2v2h1.5V2a.5.5 0 0 1 .5-.5h2V0H2Zm2 10.5H2a.5.5 0 0 1-.5-.5V8H0v2a2 2 0 0 0 2 2h2v-1.5ZM8 12v-1.5h2a.5.5 0 0 0 .5-.5V8H12v2a2 2 0 0 1-2 2H8Zm2-12a2 2 0 0 1 2 2v2h-1.5V2a.5.5 0 0 0-.5-.5H8V0h2Z\" \/>\n\t\t\t<\/svg>\n\t\t<\/button><figcaption class=\"wp-element-caption\">Brzeg halki czerwonej, wykona\u0142a H. Kaszewska, fot. A. Zakrzewski, Arch. MET<\/figcaption><\/figure>\n<\/div>\n\n\n\n<div class=\"wp-block-column is-layout-flow wp-block-column-is-layout-flow\">\n<figure data-wp-context=\"{&quot;imageId&quot;:&quot;69f5ba390d473&quot;}\" data-wp-interactive=\"core\/image\" data-wp-key=\"69f5ba390d473\" class=\"wp-block-image size-large wp-lightbox-container\"><img loading=\"lazy\" decoding=\"async\" width=\"2535\" height=\"1900\" data-wp-class--hide=\"state.isContentHidden\" data-wp-class--show=\"state.isContentVisible\" data-wp-init=\"callbacks.setButtonStyles\" data-wp-on--click=\"actions.showLightbox\" data-wp-on--load=\"callbacks.setButtonStyles\" data-wp-on-window--resize=\"callbacks.setButtonStyles\" src=\"https:\/\/nid.pl\/wp-content\/uploads\/2025\/04\/Zespol-Paluki-arch.-MET-edited.jpg\" alt=\"zdj\u0119cie archiwalne - zesp\u00f3\u0142 pa\u0142uki\" class=\"wp-image-26356\" srcset=\"https:\/\/nid.pl\/wp-content\/uploads\/2025\/04\/Zespol-Paluki-arch.-MET-edited.jpg 2535w, https:\/\/nid.pl\/wp-content\/uploads\/2025\/04\/Zespol-Paluki-arch.-MET-edited-1280x959.jpg 1280w, https:\/\/nid.pl\/wp-content\/uploads\/2025\/04\/Zespol-Paluki-arch.-MET-edited-980x735.jpg 980w, https:\/\/nid.pl\/wp-content\/uploads\/2025\/04\/Zespol-Paluki-arch.-MET-edited-480x360.jpg 480w\" sizes=\"(min-width: 0px) and (max-width: 480px) 480px, (min-width: 481px) and (max-width: 980px) 980px, (min-width: 981px) and (max-width: 1280px) 1280px, (min-width: 1281px) 2535px, 100vw\" \/><button\n\t\t\tclass=\"lightbox-trigger\"\n\t\t\ttype=\"button\"\n\t\t\taria-haspopup=\"dialog\"\n\t\t\taria-label=\"Enlarge\"\n\t\t\tdata-wp-init=\"callbacks.initTriggerButton\"\n\t\t\tdata-wp-on--click=\"actions.showLightbox\"\n\t\t\tdata-wp-style--right=\"state.imageButtonRight\"\n\t\t\tdata-wp-style--top=\"state.imageButtonTop\"\n\t\t>\n\t\t\t<svg xmlns=\"http:\/\/www.w3.org\/2000\/svg\" width=\"12\" height=\"12\" fill=\"none\" viewbox=\"0 0 12 12\">\n\t\t\t\t<path fill=\"#fff\" d=\"M2 0a2 2 0 0 0-2 2v2h1.5V2a.5.5 0 0 1 .5-.5h2V0H2Zm2 10.5H2a.5.5 0 0 1-.5-.5V8H0v2a2 2 0 0 0 2 2h2v-1.5ZM8 12v-1.5h2a.5.5 0 0 0 .5-.5V8H12v2a2 2 0 0 1-2 2H8Zm2-12a2 2 0 0 1 2 2v2h-1.5V2a.5.5 0 0 0-.5-.5H8V0h2Z\" \/>\n\t\t\t<\/svg>\n\t\t<\/button><figcaption class=\"wp-element-caption\">Zesp\u00f3\u0142 Pa\u0142uki, arch. MET<\/figcaption><\/figure>\n<\/div>\n<\/div>\n\n\n\n<p><\/p>\n\n\n\n<h6 class=\"wp-block-heading has-text-color has-link-color wp-elements-682613c8234abf56a9a20b49c80181d5\" style=\"color:#727272\"><strong>Hafciarstwo i haft sieradzki<\/strong> &nbsp;<\/h6>\n\n\n\n<p><\/p>\n\n\n\n<p><strong>Haft sieradzki<\/strong> jest charakterystycznym elementem kultury ludowej regionu sieradzkiego. W pocz\u0105tkowej fazie, do 1914 roku, haft by\u0142 prosty i ograniczony do kilku podstawowych \u015bcieg\u00f3w oraz kolor\u00f3w, takich jak czerwony, niebieski, bia\u0142y i rzadziej \u017c\u00f3\u0142ty. W okresie mi\u0119dzywojennym i po II wojnie \u015bwiatowej haft sieradzki zyska\u0142 na z\u0142o\u017cono\u015bci, z wi\u0119ksz\u0105<strong> ilo\u015bci\u0105 kolor\u00f3w<\/strong> i bardziej skomplikowanymi wzorami.\u00a0<\/p>\n\n\n\n<p>Tradycyjne kobiece koszule \u015bwi\u0105teczne by\u0142y bogato haftowane, szczeg\u00f3lnie przy ramionach i mankietach, r\u00f3wnie\u017c m\u0119skie koszule zdobione haftem na ko\u0142nierzykach i mankietach. <strong>Haft bia\u0142y i kolorowy <\/strong>ozdabia\u0142 tak\u017ce fartuchy w pasy. Do wykonania zdobie\u0144 stosuje si\u0119 kilka technik, w tym haft p\u0142aski, cieniowany, na tiulu oraz charakterystyczny haft marszczony, zwany \u201ewod\u0105\u201d, kt\u00f3ry daje efekt strukturalny.\u00a0<\/p>\n\n\n\n<p>Motywy haftu sieradzkiego s\u0105 <strong>inspirowane natur\u0105 i obejmuj\u0105 r\u00f3\u017cne kwiaty,<\/strong> najs\u0142ynniejszym z nich jest r\u00f3\u017ca sieradzka. Wzory s\u0105 wyraziste i szczeg\u00f3\u0142owe, a sam haft wci\u0105\u017c u\u017cywany jest do ozdabiania tradycyjnych stroj\u00f3w, jak i przedmiot\u00f3w u\u017cytkowych. Obecnie wzory haftu sieradzkiego znajduj\u0105 r\u00f3wnie\u017c swoje miejsce w innych formach tw\u00f3rczo\u015bci, takich jak malowanie na tkaninie czy filcowanie.<\/p>\n\n\n\n<p><\/p>\n\n\n\n<div class=\"wp-block-columns is-layout-flex wp-container-core-columns-is-layout-9d6595d7 wp-block-columns-is-layout-flex\">\n<div class=\"wp-block-column is-layout-flow wp-block-column-is-layout-flow\">\n<figure data-wp-context=\"{&quot;imageId&quot;:&quot;69f5ba390d9b6&quot;}\" data-wp-interactive=\"core\/image\" data-wp-key=\"69f5ba390d9b6\" class=\"wp-block-image size-large wp-lightbox-container\"><img loading=\"lazy\" decoding=\"async\" width=\"821\" height=\"616\" data-wp-class--hide=\"state.isContentHidden\" data-wp-class--show=\"state.isContentVisible\" data-wp-init=\"callbacks.setButtonStyles\" data-wp-on--click=\"actions.showLightbox\" data-wp-on--load=\"callbacks.setButtonStyles\" data-wp-on-window--resize=\"callbacks.setButtonStyles\" src=\"https:\/\/nid.pl\/wp-content\/uploads\/2025\/04\/1.-Warsztaty-haftu-sieradzkiego_fot.-A.-Curul-edited.png\" alt=\"Warsztaty haftu sieradzkiego\" class=\"wp-image-26358\" srcset=\"https:\/\/nid.pl\/wp-content\/uploads\/2025\/04\/1.-Warsztaty-haftu-sieradzkiego_fot.-A.-Curul-edited.png 821w, https:\/\/nid.pl\/wp-content\/uploads\/2025\/04\/1.-Warsztaty-haftu-sieradzkiego_fot.-A.-Curul-edited-480x360.png 480w\" sizes=\"(min-width: 0px) and (max-width: 480px) 480px, (min-width: 481px) 821px, 100vw\" \/><button\n\t\t\tclass=\"lightbox-trigger\"\n\t\t\ttype=\"button\"\n\t\t\taria-haspopup=\"dialog\"\n\t\t\taria-label=\"Enlarge\"\n\t\t\tdata-wp-init=\"callbacks.initTriggerButton\"\n\t\t\tdata-wp-on--click=\"actions.showLightbox\"\n\t\t\tdata-wp-style--right=\"state.imageButtonRight\"\n\t\t\tdata-wp-style--top=\"state.imageButtonTop\"\n\t\t>\n\t\t\t<svg xmlns=\"http:\/\/www.w3.org\/2000\/svg\" width=\"12\" height=\"12\" fill=\"none\" viewbox=\"0 0 12 12\">\n\t\t\t\t<path fill=\"#fff\" d=\"M2 0a2 2 0 0 0-2 2v2h1.5V2a.5.5 0 0 1 .5-.5h2V0H2Zm2 10.5H2a.5.5 0 0 1-.5-.5V8H0v2a2 2 0 0 0 2 2h2v-1.5ZM8 12v-1.5h2a.5.5 0 0 0 .5-.5V8H12v2a2 2 0 0 1-2 2H8Zm2-12a2 2 0 0 1 2 2v2h-1.5V2a.5.5 0 0 0-.5-.5H8V0h2Z\" \/>\n\t\t\t<\/svg>\n\t\t<\/button><figcaption class=\"wp-element-caption\">Warsztaty haftu sieradzkiego, fot. A. Curu\u0142<\/figcaption><\/figure>\n<\/div>\n\n\n\n<div class=\"wp-block-column is-layout-flow wp-block-column-is-layout-flow\">\n<figure data-wp-context=\"{&quot;imageId&quot;:&quot;69f5ba390dca6&quot;}\" data-wp-interactive=\"core\/image\" data-wp-key=\"69f5ba390dca6\" class=\"wp-block-image size-full wp-lightbox-container\"><img loading=\"lazy\" decoding=\"async\" width=\"619\" height=\"464\" data-wp-class--hide=\"state.isContentHidden\" data-wp-class--show=\"state.isContentVisible\" data-wp-init=\"callbacks.setButtonStyles\" data-wp-on--click=\"actions.showLightbox\" data-wp-on--load=\"callbacks.setButtonStyles\" data-wp-on-window--resize=\"callbacks.setButtonStyles\" src=\"https:\/\/nid.pl\/wp-content\/uploads\/2025\/04\/2.-Warsztaty-haftu-sieradzkiego_fot.-A.-Curul-edited.png\" alt=\"Warsztaty haftu sieradzkiego\" class=\"wp-image-26359\" srcset=\"https:\/\/nid.pl\/wp-content\/uploads\/2025\/04\/2.-Warsztaty-haftu-sieradzkiego_fot.-A.-Curul-edited.png 619w, https:\/\/nid.pl\/wp-content\/uploads\/2025\/04\/2.-Warsztaty-haftu-sieradzkiego_fot.-A.-Curul-edited-480x360.png 480w\" sizes=\"(min-width: 0px) and (max-width: 480px) 480px, (min-width: 481px) 619px, 100vw\" \/><button\n\t\t\tclass=\"lightbox-trigger\"\n\t\t\ttype=\"button\"\n\t\t\taria-haspopup=\"dialog\"\n\t\t\taria-label=\"Enlarge\"\n\t\t\tdata-wp-init=\"callbacks.initTriggerButton\"\n\t\t\tdata-wp-on--click=\"actions.showLightbox\"\n\t\t\tdata-wp-style--right=\"state.imageButtonRight\"\n\t\t\tdata-wp-style--top=\"state.imageButtonTop\"\n\t\t>\n\t\t\t<svg xmlns=\"http:\/\/www.w3.org\/2000\/svg\" width=\"12\" height=\"12\" fill=\"none\" viewbox=\"0 0 12 12\">\n\t\t\t\t<path fill=\"#fff\" d=\"M2 0a2 2 0 0 0-2 2v2h1.5V2a.5.5 0 0 1 .5-.5h2V0H2Zm2 10.5H2a.5.5 0 0 1-.5-.5V8H0v2a2 2 0 0 0 2 2h2v-1.5ZM8 12v-1.5h2a.5.5 0 0 0 .5-.5V8H12v2a2 2 0 0 1-2 2H8Zm2-12a2 2 0 0 1 2 2v2h-1.5V2a.5.5 0 0 0-.5-.5H8V0h2Z\" \/>\n\t\t\t<\/svg>\n\t\t<\/button><figcaption class=\"wp-element-caption\">Warsztaty haftu sieradzkiego, fot. A. Curu\u0142<\/figcaption><\/figure>\n<\/div>\n<\/div>\n\n\n\n<p><\/p>\n\n\n\n<h6 class=\"wp-block-heading has-text-color has-link-color wp-elements-691ee9a922403cc56ccb232b633335c8\" style=\"color:#727272\"><strong>Kultura toru\u0144skiego piernika<\/strong>&nbsp;<\/h6>\n\n\n\n<p><\/p>\n\n\n\n<p>Historia toru\u0144skiego piernika si\u0119ga \u015bredniowiecza, a jego nazwa wywodzi si\u0119 od staropolskiego s\u0142owa <strong>\u201epierny&#8221;<\/strong>, kt\u00f3re oznacza\u0142o <strong>pieprzny<\/strong>. Pierniki toru\u0144skie, oparte na prostych sk\u0142adnikach jak m\u0105ka, mi\u00f3d i przyprawy korzenne, sta\u0142y si\u0119 jednym z <strong>symboli Torunia<\/strong>, a ich wyj\u0105tkowy smak i aromat przez wieki przyci\u0105ga\u0142y uwag\u0119 nie tylko mieszka\u0144c\u00f3w, ale i go\u015bci z ca\u0142ej Polski.\u00a0<\/p>\n\n\n\n<p>Pierniki toru\u0144skie charakteryzuj\u0105 si\u0119 tak\u017ce unikalnym wygl\u0105dem.<strong> Formowane w przer\u00f3\u017cne kszta\u0142ty, <\/strong>cz\u0119sto ozdobione misternymi wzorami, sta\u0142y si\u0119 swoist\u0105 form\u0105 sztuki. Stare drewniane formy, kt\u00f3re przetrwa\u0142y do dzi\u015b, ukazuj\u0105, jak pierniki by\u0142y wypiekane w przesz\u0142o\u015bci, a popularnymi motywami by\u0142y <strong>wizerunki postaci, karety, serca czy symbole Torunia<\/strong>.\u00a0<\/p>\n\n\n\n<p>Pierniki, pocz\u0105tkowo luksusowy towar, wr\u0119czane by\u0142y na dworach kr\u00f3lewskich i jako cenne podarunki. Z biegiem czasu, tradycja sta\u0142a si\u0119 popularna w Toruniu, a same pierniki zacz\u0119\u0142y pe\u0142ni\u0107 rol\u0119 prezent\u00f3w wr\u0119czanych podczas wa\u017cnych wydarze\u0144.\u00a0 Dzi\u015b toru\u0144skie pierniki to nie tylko kulinarna tradycja, ale tak\u017ce symbol miasta. Toru\u0144 kontynuuje swoj\u0105<strong> piernikarsk\u0105 histori\u0119, <\/strong>organizuj\u0105c wydarzenia jak <strong>\u015awi\u0119to Piernika czy \u015awi\u0105teczny Festiwal Toru\u0144skiej Katarzynki<\/strong>. Muzeum Toru\u0144skiego Piernika oraz prywatne piernikarnie oferuj\u0105 interaktywne warsztaty, \u0142\u0105cz\u0105c edukacj\u0119 z zabaw\u0105. Piernik sta\u0142 si\u0119 tak\u017ce inspiracj\u0105 dla nowych produkt\u00f3w kulinarnych, takich jak piernikowe lody, ciasta czy piwa o korzennym smaku.\u00a0<\/p>\n\n\n\n<p><\/p>\n\n\n\n<div class=\"wp-block-columns is-layout-flex wp-container-core-columns-is-layout-9d6595d7 wp-block-columns-is-layout-flex\">\n<div class=\"wp-block-column is-layout-flow wp-block-column-is-layout-flow\">\n<figure data-wp-context=\"{&quot;imageId&quot;:&quot;69f5ba390e1ba&quot;}\" data-wp-interactive=\"core\/image\" data-wp-key=\"69f5ba390e1ba\" class=\"wp-block-image size-large wp-lightbox-container\"><img loading=\"lazy\" decoding=\"async\" width=\"2560\" height=\"1921\" data-wp-class--hide=\"state.isContentHidden\" data-wp-class--show=\"state.isContentVisible\" data-wp-init=\"callbacks.setButtonStyles\" data-wp-on--click=\"actions.showLightbox\" data-wp-on--load=\"callbacks.setButtonStyles\" data-wp-on-window--resize=\"callbacks.setButtonStyles\" src=\"https:\/\/nid.pl\/wp-content\/uploads\/2025\/04\/Formy-piernikarskie-z-kolekcji-Muzeum-Okregowego-w-Toruniu_arch.-MOT-edited-scaled.jpg\" alt=\"Formy piernikarskie\" class=\"wp-image-26361\" srcset=\"https:\/\/nid.pl\/wp-content\/uploads\/2025\/04\/Formy-piernikarskie-z-kolekcji-Muzeum-Okregowego-w-Toruniu_arch.-MOT-edited-scaled.jpg 2560w, https:\/\/nid.pl\/wp-content\/uploads\/2025\/04\/Formy-piernikarskie-z-kolekcji-Muzeum-Okregowego-w-Toruniu_arch.-MOT-edited-1280x961.jpg 1280w, https:\/\/nid.pl\/wp-content\/uploads\/2025\/04\/Formy-piernikarskie-z-kolekcji-Muzeum-Okregowego-w-Toruniu_arch.-MOT-edited-980x735.jpg 980w, https:\/\/nid.pl\/wp-content\/uploads\/2025\/04\/Formy-piernikarskie-z-kolekcji-Muzeum-Okregowego-w-Toruniu_arch.-MOT-edited-480x360.jpg 480w\" sizes=\"(min-width: 0px) and (max-width: 480px) 480px, (min-width: 481px) and (max-width: 980px) 980px, (min-width: 981px) and (max-width: 1280px) 1280px, (min-width: 1281px) 2560px, 100vw\" \/><button\n\t\t\tclass=\"lightbox-trigger\"\n\t\t\ttype=\"button\"\n\t\t\taria-haspopup=\"dialog\"\n\t\t\taria-label=\"Enlarge\"\n\t\t\tdata-wp-init=\"callbacks.initTriggerButton\"\n\t\t\tdata-wp-on--click=\"actions.showLightbox\"\n\t\t\tdata-wp-style--right=\"state.imageButtonRight\"\n\t\t\tdata-wp-style--top=\"state.imageButtonTop\"\n\t\t>\n\t\t\t<svg xmlns=\"http:\/\/www.w3.org\/2000\/svg\" width=\"12\" height=\"12\" fill=\"none\" viewbox=\"0 0 12 12\">\n\t\t\t\t<path fill=\"#fff\" d=\"M2 0a2 2 0 0 0-2 2v2h1.5V2a.5.5 0 0 1 .5-.5h2V0H2Zm2 10.5H2a.5.5 0 0 1-.5-.5V8H0v2a2 2 0 0 0 2 2h2v-1.5ZM8 12v-1.5h2a.5.5 0 0 0 .5-.5V8H12v2a2 2 0 0 1-2 2H8Zm2-12a2 2 0 0 1 2 2v2h-1.5V2a.5.5 0 0 0-.5-.5H8V0h2Z\" \/>\n\t\t\t<\/svg>\n\t\t<\/button><figcaption class=\"wp-element-caption\">Formy piernikarskie z kolekcji Muzeum Okr\u0119gowego w Toruniu, fot. MOT<\/figcaption><\/figure>\n<\/div>\n\n\n\n<div class=\"wp-block-column is-layout-flow wp-block-column-is-layout-flow\">\n<figure data-wp-context=\"{&quot;imageId&quot;:&quot;69f5ba390e4a3&quot;}\" data-wp-interactive=\"core\/image\" data-wp-key=\"69f5ba390e4a3\" class=\"wp-block-image size-large wp-lightbox-container\"><img loading=\"lazy\" decoding=\"async\" width=\"2560\" height=\"1921\" data-wp-class--hide=\"state.isContentHidden\" data-wp-class--show=\"state.isContentVisible\" data-wp-init=\"callbacks.setButtonStyles\" data-wp-on--click=\"actions.showLightbox\" data-wp-on--load=\"callbacks.setButtonStyles\" data-wp-on-window--resize=\"callbacks.setButtonStyles\" src=\"https:\/\/nid.pl\/wp-content\/uploads\/2025\/04\/Warsztaty-piernikarskie_arch.-Muzeum-Okregowe-w-Toruniu-edited-scaled.jpg\" alt=\"Warsztaty piernikarskie\" class=\"wp-image-26362\" srcset=\"https:\/\/nid.pl\/wp-content\/uploads\/2025\/04\/Warsztaty-piernikarskie_arch.-Muzeum-Okregowe-w-Toruniu-edited-scaled.jpg 2560w, https:\/\/nid.pl\/wp-content\/uploads\/2025\/04\/Warsztaty-piernikarskie_arch.-Muzeum-Okregowe-w-Toruniu-edited-1280x961.jpg 1280w, https:\/\/nid.pl\/wp-content\/uploads\/2025\/04\/Warsztaty-piernikarskie_arch.-Muzeum-Okregowe-w-Toruniu-edited-980x735.jpg 980w, https:\/\/nid.pl\/wp-content\/uploads\/2025\/04\/Warsztaty-piernikarskie_arch.-Muzeum-Okregowe-w-Toruniu-edited-480x360.jpg 480w\" sizes=\"(min-width: 0px) and (max-width: 480px) 480px, (min-width: 481px) and (max-width: 980px) 980px, (min-width: 981px) and (max-width: 1280px) 1280px, (min-width: 1281px) 2560px, 100vw\" \/><button\n\t\t\tclass=\"lightbox-trigger\"\n\t\t\ttype=\"button\"\n\t\t\taria-haspopup=\"dialog\"\n\t\t\taria-label=\"Enlarge\"\n\t\t\tdata-wp-init=\"callbacks.initTriggerButton\"\n\t\t\tdata-wp-on--click=\"actions.showLightbox\"\n\t\t\tdata-wp-style--right=\"state.imageButtonRight\"\n\t\t\tdata-wp-style--top=\"state.imageButtonTop\"\n\t\t>\n\t\t\t<svg xmlns=\"http:\/\/www.w3.org\/2000\/svg\" width=\"12\" height=\"12\" fill=\"none\" viewbox=\"0 0 12 12\">\n\t\t\t\t<path fill=\"#fff\" d=\"M2 0a2 2 0 0 0-2 2v2h1.5V2a.5.5 0 0 1 .5-.5h2V0H2Zm2 10.5H2a.5.5 0 0 1-.5-.5V8H0v2a2 2 0 0 0 2 2h2v-1.5ZM8 12v-1.5h2a.5.5 0 0 0 .5-.5V8H12v2a2 2 0 0 1-2 2H8Zm2-12a2 2 0 0 1 2 2v2h-1.5V2a.5.5 0 0 0-.5-.5H8V0h2Z\" \/>\n\t\t\t<\/svg>\n\t\t<\/button><figcaption class=\"wp-element-caption\">Warsztaty piernikarskie, fot. Muzeum Okr\u0119gowe w Toruniu<\/figcaption><\/figure>\n<\/div>\n<\/div>\n\n\n\n<p><\/p>\n\n\n\n<h6 class=\"wp-block-heading has-text-color has-link-color wp-elements-f430ed87a5747b4ccc302c5444f7b3ad\" style=\"color:#727272\"><strong>Wi\u015bla\u0144skie kol\u0119dowanie pod oknami<\/strong>&nbsp;<\/h6>\n\n\n\n<p><\/p>\n\n\n\n<p><strong>Wi\u015bla\u0144skie kol\u0119dowanie<\/strong> pod oknami to jeden z najstarszych i najpi\u0119kniejszych <strong>zwyczaj\u00f3w \u015bwi\u0105tecznych w Wi\u015ble, <\/strong>piel\u0119gnowany przez pokolenia. Kol\u0119dnicy, ubrani w<strong> tradycyjne stroje g\u00f3ralskie<\/strong>, odwiedzaj\u0105 domy w drugi dzie\u0144 \u015awi\u0105t Bo\u017cego Narodzenia, \u015bpiewaj\u0105c kol\u0119dy pod oknami, sk\u0142adaj\u0105c gospodarzom \u017cyczenia zdrowia, pomy\u015blno\u015bci i b\u0142ogos\u0142awie\u0144stwa.\u00a0<\/p>\n\n\n\n<p>Tradycyjne kol\u0119dy maj\u0105 charakter osobisty, skierowany do poszczeg\u00f3lnych cz\u0142onk\u00f3w rodziny, a ich s\u0142owa pe\u0142ne s\u0105 melodyjnych powt\u00f3rze\u0144 i zdrobnie\u0144, nadaj\u0105cych im serdeczny charakter. W repertuarze doros\u0142ych kol\u0119dnik\u00f3w dominuj\u0105<strong> pie\u015bni \u017cycz\u0105ce szcz\u0119\u015bcia w mi\u0142o\u015bci,<\/strong> z motywami pier\u015bcienia, jab\u0142ka czy zielonego orzecha. Kol\u0119dowanie ma symboliczne znaczenie, przynosz\u0105c gospodarzom szcz\u0119\u015bcie i dobrobyt na nadchodz\u0105cy rok.\u00a0<\/p>\n\n\n\n<p>Kol\u0119dnicy, ubrani w we\u0142niane spodnie, bia\u0142e koszule, czarne kamizelki i ciep\u0142e p\u0142aszcze, s\u0105 rozpoznawani przez swoje <strong>charakterystyczne stroje<\/strong>. Dla gospodarzy to wielki zaszczyt, gdy kol\u0119dnicy odwiedz\u0105 ich dom, co wed\u0142ug tradycji przynosi szcz\u0119\u015bcie i powodzenie.\u00a0<\/p>\n\n\n\n<p><\/p>\n\n\n\n<div class=\"wp-block-columns is-layout-flex wp-container-core-columns-is-layout-9d6595d7 wp-block-columns-is-layout-flex\">\n<div class=\"wp-block-column is-layout-flow wp-block-column-is-layout-flow\">\n<figure data-wp-context=\"{&quot;imageId&quot;:&quot;69f5ba390e96b&quot;}\" data-wp-interactive=\"core\/image\" data-wp-key=\"69f5ba390e96b\" class=\"wp-block-image size-large wp-lightbox-container\"><img loading=\"lazy\" decoding=\"async\" width=\"2560\" height=\"1708\" data-wp-class--hide=\"state.isContentHidden\" data-wp-class--show=\"state.isContentVisible\" data-wp-init=\"callbacks.setButtonStyles\" data-wp-on--click=\"actions.showLightbox\" data-wp-on--load=\"callbacks.setButtonStyles\" data-wp-on-window--resize=\"callbacks.setButtonStyles\" src=\"https:\/\/nid.pl\/wp-content\/uploads\/2025\/04\/fot.-Szymon-Brodacki-edited-scaled.jpg\" alt=\"Wi\u015bla\u0144skie kol\u0119dowanie, fot. Szymon Brodacki\" class=\"wp-image-26363\" srcset=\"https:\/\/nid.pl\/wp-content\/uploads\/2025\/04\/fot.-Szymon-Brodacki-edited-scaled.jpg 2560w, https:\/\/nid.pl\/wp-content\/uploads\/2025\/04\/fot.-Szymon-Brodacki-edited-1280x854.jpg 1280w, https:\/\/nid.pl\/wp-content\/uploads\/2025\/04\/fot.-Szymon-Brodacki-edited-980x654.jpg 980w, https:\/\/nid.pl\/wp-content\/uploads\/2025\/04\/fot.-Szymon-Brodacki-edited-480x320.jpg 480w\" sizes=\"(min-width: 0px) and (max-width: 480px) 480px, (min-width: 481px) and (max-width: 980px) 980px, (min-width: 981px) and (max-width: 1280px) 1280px, (min-width: 1281px) 2560px, 100vw\" \/><button\n\t\t\tclass=\"lightbox-trigger\"\n\t\t\ttype=\"button\"\n\t\t\taria-haspopup=\"dialog\"\n\t\t\taria-label=\"Enlarge\"\n\t\t\tdata-wp-init=\"callbacks.initTriggerButton\"\n\t\t\tdata-wp-on--click=\"actions.showLightbox\"\n\t\t\tdata-wp-style--right=\"state.imageButtonRight\"\n\t\t\tdata-wp-style--top=\"state.imageButtonTop\"\n\t\t>\n\t\t\t<svg xmlns=\"http:\/\/www.w3.org\/2000\/svg\" width=\"12\" height=\"12\" fill=\"none\" viewbox=\"0 0 12 12\">\n\t\t\t\t<path fill=\"#fff\" d=\"M2 0a2 2 0 0 0-2 2v2h1.5V2a.5.5 0 0 1 .5-.5h2V0H2Zm2 10.5H2a.5.5 0 0 1-.5-.5V8H0v2a2 2 0 0 0 2 2h2v-1.5ZM8 12v-1.5h2a.5.5 0 0 0 .5-.5V8H12v2a2 2 0 0 1-2 2H8Zm2-12a2 2 0 0 1 2 2v2h-1.5V2a.5.5 0 0 0-.5-.5H8V0h2Z\" \/>\n\t\t\t<\/svg>\n\t\t<\/button><figcaption class=\"wp-element-caption\">Wi\u015bla\u0144skie kol\u0119dowanie, fot. Szymon Brodacki<\/figcaption><\/figure>\n<\/div>\n\n\n\n<div class=\"wp-block-column is-layout-flow wp-block-column-is-layout-flow\">\n<figure data-wp-context=\"{&quot;imageId&quot;:&quot;69f5ba390ec36&quot;}\" data-wp-interactive=\"core\/image\" data-wp-key=\"69f5ba390ec36\" class=\"wp-block-image size-large wp-lightbox-container\"><img loading=\"lazy\" decoding=\"async\" width=\"2560\" height=\"1708\" data-wp-class--hide=\"state.isContentHidden\" data-wp-class--show=\"state.isContentVisible\" data-wp-init=\"callbacks.setButtonStyles\" data-wp-on--click=\"actions.showLightbox\" data-wp-on--load=\"callbacks.setButtonStyles\" data-wp-on-window--resize=\"callbacks.setButtonStyles\" src=\"https:\/\/nid.pl\/wp-content\/uploads\/2025\/04\/fot.-Szymon-Brodacki-2-edited-scaled.jpg\" alt=\"\" class=\"wp-image-26364\" srcset=\"https:\/\/nid.pl\/wp-content\/uploads\/2025\/04\/fot.-Szymon-Brodacki-2-edited-scaled.jpg 2560w, https:\/\/nid.pl\/wp-content\/uploads\/2025\/04\/fot.-Szymon-Brodacki-2-edited-1280x854.jpg 1280w, https:\/\/nid.pl\/wp-content\/uploads\/2025\/04\/fot.-Szymon-Brodacki-2-edited-980x654.jpg 980w, https:\/\/nid.pl\/wp-content\/uploads\/2025\/04\/fot.-Szymon-Brodacki-2-edited-480x320.jpg 480w\" sizes=\"(min-width: 0px) and (max-width: 480px) 480px, (min-width: 481px) and (max-width: 980px) 980px, (min-width: 981px) and (max-width: 1280px) 1280px, (min-width: 1281px) 2560px, 100vw\" \/><button\n\t\t\tclass=\"lightbox-trigger\"\n\t\t\ttype=\"button\"\n\t\t\taria-haspopup=\"dialog\"\n\t\t\taria-label=\"Enlarge\"\n\t\t\tdata-wp-init=\"callbacks.initTriggerButton\"\n\t\t\tdata-wp-on--click=\"actions.showLightbox\"\n\t\t\tdata-wp-style--right=\"state.imageButtonRight\"\n\t\t\tdata-wp-style--top=\"state.imageButtonTop\"\n\t\t>\n\t\t\t<svg xmlns=\"http:\/\/www.w3.org\/2000\/svg\" width=\"12\" height=\"12\" fill=\"none\" viewbox=\"0 0 12 12\">\n\t\t\t\t<path fill=\"#fff\" d=\"M2 0a2 2 0 0 0-2 2v2h1.5V2a.5.5 0 0 1 .5-.5h2V0H2Zm2 10.5H2a.5.5 0 0 1-.5-.5V8H0v2a2 2 0 0 0 2 2h2v-1.5ZM8 12v-1.5h2a.5.5 0 0 0 .5-.5V8H12v2a2 2 0 0 1-2 2H8Zm2-12a2 2 0 0 1 2 2v2h-1.5V2a.5.5 0 0 0-.5-.5H8V0h2Z\" \/>\n\t\t\t<\/svg>\n\t\t<\/button><figcaption class=\"wp-element-caption\">Wi\u015bla\u0144skie kol\u0119dowanie, fot. Szymon Brodacki<\/figcaption><\/figure>\n<\/div>\n<\/div>\n\n\n\n<p><\/p>\n\n\n\n<h6 class=\"wp-block-heading has-text-color has-link-color wp-elements-55c1144c490ce6516eb2d23e2dc57f63\" style=\"color:#727272\"><strong>Krajowa lista niematerialnego dziedzictwa kulturowego<\/strong>&nbsp;<\/h6>\n\n\n\n<p><\/p>\n\n\n\n<p>Ratyfikowana przez Polsk\u0119 Konwencja UNESCO w sprawie ochrony niematerialnego dziedzictwa kulturowego zobowi\u0105zuje Pa\u0144stwa-Strony do prowadzenia inwentaryzacji tradycji obecnych na ich terytorium. Wpisy na <a href=\"https:\/\/niematerialne.nid.pl\/\" target=\"_blank\" rel=\"noreferrer noopener\"><strong>Krajow\u0105 list\u0119 niematerialnego dziedzictwa kulturowego<\/strong> <\/a>pozwalaj\u0105 na dokumentowanie r\u00f3\u017cnorodnych praktyk kulturowych oraz promuj\u0105 ich ochron\u0119 i kontynuacj\u0119. Za prowadzenie listy odpowiada Minister Kultury i Dziedzictwa Narodowego we wsp\u00f3\u0142pracy z Narodowym Instytutem Dziedzictwa. Wszystkie spo\u0142eczno\u015bci, grupy i osoby praktykuj\u0105ce tradycje niematerialnego dziedzictwa mog\u0105 zg\u0142asza\u0107 swoje propozycje do wpisu.\u00a0<\/p>\n\n\n\n<p>Obecnie Krajowa lista niematerialnego dziedzictwa kulturowego liczy <strong>112 wpis\u00f3w<\/strong>, w tym cztery najnowsze, kt\u00f3re przedstawiamy powy\u017cej.\u00a0\u00a0<\/p>\n\n\n\n<p><\/p>\n\n\n\n<h6 class=\"wp-block-heading has-text-color has-link-color wp-elements-c7eff723d9361e3f9b77ee69eee3bb7e\" style=\"color:#727272\"><strong>Krajowy rejestr dobrych praktyk w ochronie niematerialnego dziedzictwa kulturowego&nbsp;<\/strong>&nbsp;<\/h6>\n\n\n\n<p><\/p>\n\n\n\n<p>Krajowy rejestr dobrych praktyk to platforma wymiany do\u015bwiadcze\u0144 oraz inspiracji dla Pa\u0144stw-Stron Konwencji, wsp\u00f3lnot oraz wszystkich zainteresowanych ochron\u0105 niematerialnego dziedzictwa kulturowego. <strong>Obecnie polski rejestr liczy 13 pozycji, a najnowszym elementem na li\u015bcie jest Amatorski Zesp\u00f3\u0142 Teatralny \u201eTradycja\u201d z Rozmierzy.<\/strong><\/p>\n\n\n\n<p>\u00a0<\/p>\n\n\n\n<h6 class=\"wp-block-heading has-text-color has-link-color wp-elements-bb46fb99830608204ab944a754e588ae\" style=\"color:#727272\"><strong>Amatorski Zesp\u00f3\u0142 Teatralny \u201eTradycja\u201d z Rozmierzy<\/strong>&nbsp;<\/h6>\n\n\n\n<p><\/p>\n\n\n\n<p><strong>Amatorski Zesp\u00f3\u0142 Teatralny \u201eTradycja\u201d z Rozmierzy<\/strong> to jeden z najstarszych i najbardziej aktywnych teatr\u00f3w amatorskich w regionie. Istniej\u0105cy <strong>od 1949 rok<\/strong>u, zesp\u00f3\u0142 przez ponad 70 lat \u0142\u0105czy pokolenia i integruje spo\u0142eczno\u015b\u0107 Rozmierzy. Dzia\u0142alno\u015b\u0107 teatru rozpocz\u0119\u0142a si\u0119 od inicjatywy Franciszka Klyszcza, \u015blusarza w Fabryce Maszyn Rolniczych, a dzi\u015b jest dum\u0105 wsi i regionu.\u00a0<\/p>\n\n\n\n<p>W repertuarze zespo\u0142u znajduj\u0105 si\u0119 zar\u00f3wno <strong>sztuki klasyczne, jak i wsp\u00f3\u0142czesne, <\/strong>a przedstawienia cz\u0119sto grane s\u0105 w <strong>gwarze \u015bl\u0105skiej<\/strong>, co podkre\u015bla lokalny charakter. Teatr \u201eTradycja\u201d to tak\u017ce miejsce integracji spo\u0142ecznej, w kt\u00f3rym anga\u017cuj\u0105 si\u0119 nie tylko aktorzy, ale r\u00f3wnie\u017c osoby odpowiedzialne za scenografi\u0119 i technik\u0119. W 2009 roku powsta\u0142 tak\u017ce zesp\u00f3\u0142 dla dzieci, poszerzaj\u0105c ofert\u0119 kulturaln\u0105.\u00a0<\/p>\n\n\n\n<p>Teatr regularnie bierze udzia\u0142 w przegl\u0105dach teatralnych, zdobywaj\u0105c liczne wyr\u00f3\u017cnienia. \u201eTradycja\u201d jest symbolem pasji, zaanga\u017cowania i kultywowania lokalnych tradycji, udowadniaj\u0105c, \u017ce kultura mo\u017ce rozwija\u0107 si\u0119 w ma\u0142ej spo\u0142eczno\u015bci, tworz\u0105c siln\u0105 wi\u0119\u017a mi\u0119dzy pokoleniami.&nbsp;<\/p>\n\n\n\n<p><\/p>\n\n\n\n<div class=\"wp-block-columns is-layout-flex wp-container-core-columns-is-layout-9d6595d7 wp-block-columns-is-layout-flex\">\n<div class=\"wp-block-column is-layout-flow wp-block-column-is-layout-flow\">\n<figure data-wp-context=\"{&quot;imageId&quot;:&quot;69f5ba390f347&quot;}\" data-wp-interactive=\"core\/image\" data-wp-key=\"69f5ba390f347\" class=\"wp-block-image size-large wp-lightbox-container\"><img loading=\"lazy\" decoding=\"async\" width=\"1024\" height=\"683\" data-wp-class--hide=\"state.isContentHidden\" data-wp-class--show=\"state.isContentVisible\" data-wp-init=\"callbacks.setButtonStyles\" data-wp-on--click=\"actions.showLightbox\" data-wp-on--load=\"callbacks.setButtonStyles\" data-wp-on-window--resize=\"callbacks.setButtonStyles\" src=\"https:\/\/nid.pl\/wp-content\/uploads\/2025\/04\/7-Zespol_2015_arch.SOWiDK-miejscowosci-Rozmierz-1024x683.jpg\" alt=\"Amatorski Zesp\u00f3\u0142 Teatralny \u201eTradycja\u201d z Rozmierzy\" class=\"wp-image-26350\" srcset=\"https:\/\/nid.pl\/wp-content\/uploads\/2025\/04\/7-Zespol_2015_arch.SOWiDK-miejscowosci-Rozmierz-980x653.jpg 980w, https:\/\/nid.pl\/wp-content\/uploads\/2025\/04\/7-Zespol_2015_arch.SOWiDK-miejscowosci-Rozmierz-480x320.jpg 480w\" sizes=\"(min-width: 0px) and (max-width: 480px) 480px, (min-width: 481px) and (max-width: 980px) 980px, (min-width: 981px) 1024px, 100vw\" \/><button\n\t\t\tclass=\"lightbox-trigger\"\n\t\t\ttype=\"button\"\n\t\t\taria-haspopup=\"dialog\"\n\t\t\taria-label=\"Enlarge\"\n\t\t\tdata-wp-init=\"callbacks.initTriggerButton\"\n\t\t\tdata-wp-on--click=\"actions.showLightbox\"\n\t\t\tdata-wp-style--right=\"state.imageButtonRight\"\n\t\t\tdata-wp-style--top=\"state.imageButtonTop\"\n\t\t>\n\t\t\t<svg xmlns=\"http:\/\/www.w3.org\/2000\/svg\" width=\"12\" height=\"12\" fill=\"none\" viewbox=\"0 0 12 12\">\n\t\t\t\t<path fill=\"#fff\" d=\"M2 0a2 2 0 0 0-2 2v2h1.5V2a.5.5 0 0 1 .5-.5h2V0H2Zm2 10.5H2a.5.5 0 0 1-.5-.5V8H0v2a2 2 0 0 0 2 2h2v-1.5ZM8 12v-1.5h2a.5.5 0 0 0 .5-.5V8H12v2a2 2 0 0 1-2 2H8Zm2-12a2 2 0 0 1 2 2v2h-1.5V2a.5.5 0 0 0-.5-.5H8V0h2Z\" \/>\n\t\t\t<\/svg>\n\t\t<\/button><figcaption class=\"wp-element-caption\">Amatorski Zesp\u00f3\u0142 Teatralny \u201eTradycja\u201d z Rozmierzy, fot. SOWiDK miejscowo\u015bci Rozmierz<\/figcaption><\/figure>\n<\/div>\n\n\n\n<div class=\"wp-block-column is-layout-flow wp-block-column-is-layout-flow\">\n<figure data-wp-context=\"{&quot;imageId&quot;:&quot;69f5ba390f64b&quot;}\" data-wp-interactive=\"core\/image\" data-wp-key=\"69f5ba390f64b\" class=\"wp-block-image size-large wp-lightbox-container\"><img loading=\"lazy\" decoding=\"async\" width=\"2560\" height=\"1706\" data-wp-class--hide=\"state.isContentHidden\" data-wp-class--show=\"state.isContentVisible\" data-wp-init=\"callbacks.setButtonStyles\" data-wp-on--click=\"actions.showLightbox\" data-wp-on--load=\"callbacks.setButtonStyles\" data-wp-on-window--resize=\"callbacks.setButtonStyles\" src=\"https:\/\/nid.pl\/wp-content\/uploads\/2025\/04\/2-Zespol_2019_arch.SOWiDK-miejscowosci-Rozmierz-edited-scaled.jpg\" alt=\"Amatorski Zesp\u00f3\u0142 Teatralny \u201eTradycja\u201d z Rozmierzy, fot. SOWiDK miejscowo\u015bci Rozmierz\" class=\"wp-image-26365\" srcset=\"https:\/\/nid.pl\/wp-content\/uploads\/2025\/04\/2-Zespol_2019_arch.SOWiDK-miejscowosci-Rozmierz-edited-scaled.jpg 2560w, https:\/\/nid.pl\/wp-content\/uploads\/2025\/04\/2-Zespol_2019_arch.SOWiDK-miejscowosci-Rozmierz-edited-1280x853.jpg 1280w, https:\/\/nid.pl\/wp-content\/uploads\/2025\/04\/2-Zespol_2019_arch.SOWiDK-miejscowosci-Rozmierz-edited-980x653.jpg 980w, https:\/\/nid.pl\/wp-content\/uploads\/2025\/04\/2-Zespol_2019_arch.SOWiDK-miejscowosci-Rozmierz-edited-480x320.jpg 480w\" sizes=\"(min-width: 0px) and (max-width: 480px) 480px, (min-width: 481px) and (max-width: 980px) 980px, (min-width: 981px) and (max-width: 1280px) 1280px, (min-width: 1281px) 2560px, 100vw\" \/><button\n\t\t\tclass=\"lightbox-trigger\"\n\t\t\ttype=\"button\"\n\t\t\taria-haspopup=\"dialog\"\n\t\t\taria-label=\"Enlarge\"\n\t\t\tdata-wp-init=\"callbacks.initTriggerButton\"\n\t\t\tdata-wp-on--click=\"actions.showLightbox\"\n\t\t\tdata-wp-style--right=\"state.imageButtonRight\"\n\t\t\tdata-wp-style--top=\"state.imageButtonTop\"\n\t\t>\n\t\t\t<svg xmlns=\"http:\/\/www.w3.org\/2000\/svg\" width=\"12\" height=\"12\" fill=\"none\" viewbox=\"0 0 12 12\">\n\t\t\t\t<path fill=\"#fff\" d=\"M2 0a2 2 0 0 0-2 2v2h1.5V2a.5.5 0 0 1 .5-.5h2V0H2Zm2 10.5H2a.5.5 0 0 1-.5-.5V8H0v2a2 2 0 0 0 2 2h2v-1.5ZM8 12v-1.5h2a.5.5 0 0 0 .5-.5V8H12v2a2 2 0 0 1-2 2H8Zm2-12a2 2 0 0 1 2 2v2h-1.5V2a.5.5 0 0 0-.5-.5H8V0h2Z\" \/>\n\t\t\t<\/svg>\n\t\t<\/button><figcaption class=\"wp-element-caption\">Amatorski Zesp\u00f3\u0142 Teatralny \u201eTradycja\u201d z Rozmierzy, fot. SOWiDK miejscowo\u015bci Rozmierz<\/figcaption><\/figure>\n<\/div>\n<\/div>","protected":false},"excerpt":{"rendered":"<p>Decyzj\u0105 Ministra Kultury i Dziedzictwa Narodowego, Krajowa lista niematerialnego dziedzictwa kulturowego zosta\u0142a poszerzona o kolejne cztery elementy: hafciarstwo pa\u0142uckie, hafciarstwo i haft sieradzki, kultur\u0119 toru\u0144skiego piernika oraz wi\u015bla\u0144skie kol\u0119dowanie pod [&hellip;]<\/p>","protected":false},"author":15,"featured_media":26372,"comment_status":"closed","ping_status":"closed","sticky":false,"template":"","format":"standard","meta":{"_et_pb_use_builder":"off","_et_pb_old_content":"","_et_gb_content_width":"","_monsterinsights_skip_tracking":false,"_monsterinsights_sitenote_active":false,"_monsterinsights_sitenote_note":"","_monsterinsights_sitenote_category":0,"footnotes":""},"categories":[3],"tags":[],"class_list":["post-26334","post","type-post","status-publish","format-standard","has-post-thumbnail","hentry","category-aktualnosci"],"yoast_head":"<!-- This site is optimized with the Yoast SEO plugin v26.5 - https:\/\/yoast.com\/wordpress\/plugins\/seo\/ -->\n<title>Nowe wpisy na Krajowej li\u015bcie niematerialnego dziedzictwa kulturowego\u00a0 - NID<\/title>\n<meta name=\"robots\" content=\"index, follow, max-snippet:-1, max-image-preview:large, max-video-preview:-1\" \/>\n<link rel=\"canonical\" href=\"https:\/\/nid.pl\/en\/2025\/04\/09\/nowe-wpisy-na-krajowej-liscie-niematerialnego-dziedzictwa-kulturowego-3\/\" \/>\n<meta property=\"og:locale\" content=\"en_GB\" \/>\n<meta property=\"og:type\" content=\"article\" \/>\n<meta property=\"og:title\" content=\"Nowe wpisy na Krajowej li\u015bcie niematerialnego dziedzictwa kulturowego\u00a0 - NID\" \/>\n<meta property=\"og:description\" content=\"Decyzj\u0105 Ministra Kultury i Dziedzictwa Narodowego, Krajowa lista niematerialnego dziedzictwa kulturowego zosta\u0142a poszerzona o kolejne cztery elementy: hafciarstwo pa\u0142uckie, hafciarstwo i haft sieradzki, kultur\u0119 toru\u0144skiego piernika oraz wi\u015bla\u0144skie kol\u0119dowanie pod [&hellip;]\" \/>\n<meta property=\"og:url\" content=\"https:\/\/nid.pl\/en\/2025\/04\/09\/nowe-wpisy-na-krajowej-liscie-niematerialnego-dziedzictwa-kulturowego-3\/\" \/>\n<meta property=\"og:site_name\" content=\"NID\" \/>\n<meta property=\"article:publisher\" content=\"https:\/\/www.facebook.com\/zabytek\" \/>\n<meta property=\"article:published_time\" content=\"2025-04-09T08:52:49+00:00\" \/>\n<meta property=\"article:modified_time\" content=\"2025-04-09T08:52:50+00:00\" \/>\n<meta property=\"og:image\" content=\"https:\/\/nid.pl\/wp-content\/uploads\/2025\/04\/pierniki-miniatura-www.jpg\" \/>\n\t<meta property=\"og:image:width\" content=\"1857\" \/>\n\t<meta property=\"og:image:height\" content=\"1238\" \/>\n\t<meta property=\"og:image:type\" content=\"image\/jpeg\" \/>\n<meta name=\"author\" content=\"Monika Ciura\" \/>\n<meta name=\"twitter:card\" content=\"summary_large_image\" \/>\n<meta name=\"twitter:creator\" content=\"@NarIDpl\" \/>\n<meta name=\"twitter:site\" content=\"@NarIDpl\" \/>\n<meta name=\"twitter:label1\" content=\"Written by\" \/>\n\t<meta name=\"twitter:data1\" content=\"Monika Ciura\" \/>\n\t<meta name=\"twitter:label2\" content=\"Estimated reading time\" \/>\n\t<meta name=\"twitter:data2\" content=\"10 minutes\" \/>\n<script type=\"application\/ld+json\" class=\"yoast-schema-graph\">{\"@context\":\"https:\/\/schema.org\",\"@graph\":[{\"@type\":\"Article\",\"@id\":\"https:\/\/nid.pl\/2025\/04\/09\/nowe-wpisy-na-krajowej-liscie-niematerialnego-dziedzictwa-kulturowego-3\/#article\",\"isPartOf\":{\"@id\":\"https:\/\/nid.pl\/2025\/04\/09\/nowe-wpisy-na-krajowej-liscie-niematerialnego-dziedzictwa-kulturowego-3\/\"},\"author\":{\"name\":\"Monika Ciura\",\"@id\":\"https:\/\/nid.pl\/#\/schema\/person\/ab9abea4caecdccde4fb0d555271145f\"},\"headline\":\"Nowe wpisy na Krajowej li\u015bcie niematerialnego dziedzictwa kulturowego\u00a0\",\"datePublished\":\"2025-04-09T08:52:49+00:00\",\"dateModified\":\"2025-04-09T08:52:50+00:00\",\"mainEntityOfPage\":{\"@id\":\"https:\/\/nid.pl\/2025\/04\/09\/nowe-wpisy-na-krajowej-liscie-niematerialnego-dziedzictwa-kulturowego-3\/\"},\"wordCount\":1418,\"publisher\":{\"@id\":\"https:\/\/nid.pl\/#organization\"},\"image\":{\"@id\":\"https:\/\/nid.pl\/2025\/04\/09\/nowe-wpisy-na-krajowej-liscie-niematerialnego-dziedzictwa-kulturowego-3\/#primaryimage\"},\"thumbnailUrl\":\"https:\/\/nid.pl\/wp-content\/uploads\/2025\/04\/pierniki-miniatura-www.jpg\",\"articleSection\":[\"Aktualno\u015bci\"],\"inLanguage\":\"en-GB\"},{\"@type\":\"WebPage\",\"@id\":\"https:\/\/nid.pl\/2025\/04\/09\/nowe-wpisy-na-krajowej-liscie-niematerialnego-dziedzictwa-kulturowego-3\/\",\"url\":\"https:\/\/nid.pl\/2025\/04\/09\/nowe-wpisy-na-krajowej-liscie-niematerialnego-dziedzictwa-kulturowego-3\/\",\"name\":\"Nowe wpisy na Krajowej li\u015bcie niematerialnego dziedzictwa kulturowego\u00a0 - NID\",\"isPartOf\":{\"@id\":\"https:\/\/nid.pl\/#website\"},\"primaryImageOfPage\":{\"@id\":\"https:\/\/nid.pl\/2025\/04\/09\/nowe-wpisy-na-krajowej-liscie-niematerialnego-dziedzictwa-kulturowego-3\/#primaryimage\"},\"image\":{\"@id\":\"https:\/\/nid.pl\/2025\/04\/09\/nowe-wpisy-na-krajowej-liscie-niematerialnego-dziedzictwa-kulturowego-3\/#primaryimage\"},\"thumbnailUrl\":\"https:\/\/nid.pl\/wp-content\/uploads\/2025\/04\/pierniki-miniatura-www.jpg\",\"datePublished\":\"2025-04-09T08:52:49+00:00\",\"dateModified\":\"2025-04-09T08:52:50+00:00\",\"breadcrumb\":{\"@id\":\"https:\/\/nid.pl\/2025\/04\/09\/nowe-wpisy-na-krajowej-liscie-niematerialnego-dziedzictwa-kulturowego-3\/#breadcrumb\"},\"inLanguage\":\"en-GB\",\"potentialAction\":[{\"@type\":\"ReadAction\",\"target\":[\"https:\/\/nid.pl\/2025\/04\/09\/nowe-wpisy-na-krajowej-liscie-niematerialnego-dziedzictwa-kulturowego-3\/\"]}]},{\"@type\":\"ImageObject\",\"inLanguage\":\"en-GB\",\"@id\":\"https:\/\/nid.pl\/2025\/04\/09\/nowe-wpisy-na-krajowej-liscie-niematerialnego-dziedzictwa-kulturowego-3\/#primaryimage\",\"url\":\"https:\/\/nid.pl\/wp-content\/uploads\/2025\/04\/pierniki-miniatura-www.jpg\",\"contentUrl\":\"https:\/\/nid.pl\/wp-content\/uploads\/2025\/04\/pierniki-miniatura-www.jpg\",\"width\":1857,\"height\":1238},{\"@type\":\"BreadcrumbList\",\"@id\":\"https:\/\/nid.pl\/2025\/04\/09\/nowe-wpisy-na-krajowej-liscie-niematerialnego-dziedzictwa-kulturowego-3\/#breadcrumb\",\"itemListElement\":[{\"@type\":\"ListItem\",\"position\":1,\"name\":\"Home\",\"item\":\"https:\/\/nid.pl\/\"},{\"@type\":\"ListItem\",\"position\":2,\"name\":\"Nowe wpisy na Krajowej li\u015bcie niematerialnego dziedzictwa kulturowego\u00a0\"}]},{\"@type\":\"WebSite\",\"@id\":\"https:\/\/nid.pl\/#website\",\"url\":\"https:\/\/nid.pl\/\",\"name\":\"NID\",\"description\":\"Narodowy Instytut Dziedzictwa\",\"publisher\":{\"@id\":\"https:\/\/nid.pl\/#organization\"},\"potentialAction\":[{\"@type\":\"SearchAction\",\"target\":{\"@type\":\"EntryPoint\",\"urlTemplate\":\"https:\/\/nid.pl\/?s={search_term_string}\"},\"query-input\":{\"@type\":\"PropertyValueSpecification\",\"valueRequired\":true,\"valueName\":\"search_term_string\"}}],\"inLanguage\":\"en-GB\"},{\"@type\":\"Organization\",\"@id\":\"https:\/\/nid.pl\/#organization\",\"name\":\"Narodowy Instytut Dziedzictwa\",\"url\":\"https:\/\/nid.pl\/\",\"logo\":{\"@type\":\"ImageObject\",\"inLanguage\":\"en-GB\",\"@id\":\"https:\/\/nid.pl\/#\/schema\/logo\/image\/\",\"url\":\"https:\/\/nid.pl\/wp-content\/uploads\/2022\/10\/logoRedDark.png\",\"contentUrl\":\"https:\/\/nid.pl\/wp-content\/uploads\/2022\/10\/logoRedDark.png\",\"width\":200,\"height\":197,\"caption\":\"Narodowy Instytut Dziedzictwa\"},\"image\":{\"@id\":\"https:\/\/nid.pl\/#\/schema\/logo\/image\/\"},\"sameAs\":[\"https:\/\/www.facebook.com\/zabytek\",\"https:\/\/x.com\/NarIDpl\",\"https:\/\/www.instagram.com\/nid.pl\/?hl=pl\",\"https:\/\/www.linkedin.com\/company\/narodowy-instytut-dziedzictwa\",\"https:\/\/www.youtube.com\/channel\/UCQXuhKa2uHtmNvLRUSx40JA\"]},{\"@type\":\"Person\",\"@id\":\"https:\/\/nid.pl\/#\/schema\/person\/ab9abea4caecdccde4fb0d555271145f\",\"name\":\"Monika Ciura\",\"image\":{\"@type\":\"ImageObject\",\"inLanguage\":\"en-GB\",\"@id\":\"https:\/\/nid.pl\/#\/schema\/person\/image\/\",\"url\":\"https:\/\/nid.pl\/wp-content\/litespeed\/avatar\/bfdb15d1cc317fac4b66bdc91090ff11.jpg?ver=1777445370\",\"contentUrl\":\"https:\/\/nid.pl\/wp-content\/litespeed\/avatar\/bfdb15d1cc317fac4b66bdc91090ff11.jpg?ver=1777445370\",\"caption\":\"Monika Ciura\"},\"url\":\"https:\/\/nid.pl\/en\/author\/mciura\/\"}]}<\/script>\n<!-- \/ Yoast SEO plugin. -->","yoast_head_json":{"title":"Nowe wpisy na Krajowej li\u015bcie niematerialnego dziedzictwa kulturowego\u00a0 - NID","robots":{"index":"index","follow":"follow","max-snippet":"max-snippet:-1","max-image-preview":"max-image-preview:large","max-video-preview":"max-video-preview:-1"},"canonical":"https:\/\/nid.pl\/en\/2025\/04\/09\/nowe-wpisy-na-krajowej-liscie-niematerialnego-dziedzictwa-kulturowego-3\/","og_locale":"en_GB","og_type":"article","og_title":"Nowe wpisy na Krajowej li\u015bcie niematerialnego dziedzictwa kulturowego\u00a0 - NID","og_description":"Decyzj\u0105 Ministra Kultury i Dziedzictwa Narodowego, Krajowa lista niematerialnego dziedzictwa kulturowego zosta\u0142a poszerzona o kolejne cztery elementy: hafciarstwo pa\u0142uckie, hafciarstwo i haft sieradzki, kultur\u0119 toru\u0144skiego piernika oraz wi\u015bla\u0144skie kol\u0119dowanie pod [&hellip;]","og_url":"https:\/\/nid.pl\/en\/2025\/04\/09\/nowe-wpisy-na-krajowej-liscie-niematerialnego-dziedzictwa-kulturowego-3\/","og_site_name":"NID","article_publisher":"https:\/\/www.facebook.com\/zabytek","article_published_time":"2025-04-09T08:52:49+00:00","article_modified_time":"2025-04-09T08:52:50+00:00","og_image":[{"width":1857,"height":1238,"url":"https:\/\/nid.pl\/wp-content\/uploads\/2025\/04\/pierniki-miniatura-www.jpg","type":"image\/jpeg"}],"author":"Monika Ciura","twitter_card":"summary_large_image","twitter_creator":"@NarIDpl","twitter_site":"@NarIDpl","twitter_misc":{"Written by":"Monika Ciura","Estimated reading time":"10 minutes"},"schema":{"@context":"https:\/\/schema.org","@graph":[{"@type":"Article","@id":"https:\/\/nid.pl\/2025\/04\/09\/nowe-wpisy-na-krajowej-liscie-niematerialnego-dziedzictwa-kulturowego-3\/#article","isPartOf":{"@id":"https:\/\/nid.pl\/2025\/04\/09\/nowe-wpisy-na-krajowej-liscie-niematerialnego-dziedzictwa-kulturowego-3\/"},"author":{"name":"Monika Ciura","@id":"https:\/\/nid.pl\/#\/schema\/person\/ab9abea4caecdccde4fb0d555271145f"},"headline":"Nowe wpisy na Krajowej li\u015bcie niematerialnego dziedzictwa kulturowego\u00a0","datePublished":"2025-04-09T08:52:49+00:00","dateModified":"2025-04-09T08:52:50+00:00","mainEntityOfPage":{"@id":"https:\/\/nid.pl\/2025\/04\/09\/nowe-wpisy-na-krajowej-liscie-niematerialnego-dziedzictwa-kulturowego-3\/"},"wordCount":1418,"publisher":{"@id":"https:\/\/nid.pl\/#organization"},"image":{"@id":"https:\/\/nid.pl\/2025\/04\/09\/nowe-wpisy-na-krajowej-liscie-niematerialnego-dziedzictwa-kulturowego-3\/#primaryimage"},"thumbnailUrl":"https:\/\/nid.pl\/wp-content\/uploads\/2025\/04\/pierniki-miniatura-www.jpg","articleSection":["Aktualno\u015bci"],"inLanguage":"en-GB"},{"@type":"WebPage","@id":"https:\/\/nid.pl\/2025\/04\/09\/nowe-wpisy-na-krajowej-liscie-niematerialnego-dziedzictwa-kulturowego-3\/","url":"https:\/\/nid.pl\/2025\/04\/09\/nowe-wpisy-na-krajowej-liscie-niematerialnego-dziedzictwa-kulturowego-3\/","name":"Nowe wpisy na Krajowej li\u015bcie niematerialnego dziedzictwa kulturowego\u00a0 - NID","isPartOf":{"@id":"https:\/\/nid.pl\/#website"},"primaryImageOfPage":{"@id":"https:\/\/nid.pl\/2025\/04\/09\/nowe-wpisy-na-krajowej-liscie-niematerialnego-dziedzictwa-kulturowego-3\/#primaryimage"},"image":{"@id":"https:\/\/nid.pl\/2025\/04\/09\/nowe-wpisy-na-krajowej-liscie-niematerialnego-dziedzictwa-kulturowego-3\/#primaryimage"},"thumbnailUrl":"https:\/\/nid.pl\/wp-content\/uploads\/2025\/04\/pierniki-miniatura-www.jpg","datePublished":"2025-04-09T08:52:49+00:00","dateModified":"2025-04-09T08:52:50+00:00","breadcrumb":{"@id":"https:\/\/nid.pl\/2025\/04\/09\/nowe-wpisy-na-krajowej-liscie-niematerialnego-dziedzictwa-kulturowego-3\/#breadcrumb"},"inLanguage":"en-GB","potentialAction":[{"@type":"ReadAction","target":["https:\/\/nid.pl\/2025\/04\/09\/nowe-wpisy-na-krajowej-liscie-niematerialnego-dziedzictwa-kulturowego-3\/"]}]},{"@type":"ImageObject","inLanguage":"en-GB","@id":"https:\/\/nid.pl\/2025\/04\/09\/nowe-wpisy-na-krajowej-liscie-niematerialnego-dziedzictwa-kulturowego-3\/#primaryimage","url":"https:\/\/nid.pl\/wp-content\/uploads\/2025\/04\/pierniki-miniatura-www.jpg","contentUrl":"https:\/\/nid.pl\/wp-content\/uploads\/2025\/04\/pierniki-miniatura-www.jpg","width":1857,"height":1238},{"@type":"BreadcrumbList","@id":"https:\/\/nid.pl\/2025\/04\/09\/nowe-wpisy-na-krajowej-liscie-niematerialnego-dziedzictwa-kulturowego-3\/#breadcrumb","itemListElement":[{"@type":"ListItem","position":1,"name":"Home","item":"https:\/\/nid.pl\/"},{"@type":"ListItem","position":2,"name":"Nowe wpisy na Krajowej li\u015bcie niematerialnego dziedzictwa kulturowego\u00a0"}]},{"@type":"WebSite","@id":"https:\/\/nid.pl\/#website","url":"https:\/\/nid.pl\/","name":"NID","description":"Narodowy Instytut Dziedzictwa","publisher":{"@id":"https:\/\/nid.pl\/#organization"},"potentialAction":[{"@type":"SearchAction","target":{"@type":"EntryPoint","urlTemplate":"https:\/\/nid.pl\/?s={search_term_string}"},"query-input":{"@type":"PropertyValueSpecification","valueRequired":true,"valueName":"search_term_string"}}],"inLanguage":"en-GB"},{"@type":"Organization","@id":"https:\/\/nid.pl\/#organization","name":"Narodowy Instytut Dziedzictwa","url":"https:\/\/nid.pl\/","logo":{"@type":"ImageObject","inLanguage":"en-GB","@id":"https:\/\/nid.pl\/#\/schema\/logo\/image\/","url":"https:\/\/nid.pl\/wp-content\/uploads\/2022\/10\/logoRedDark.png","contentUrl":"https:\/\/nid.pl\/wp-content\/uploads\/2022\/10\/logoRedDark.png","width":200,"height":197,"caption":"Narodowy Instytut Dziedzictwa"},"image":{"@id":"https:\/\/nid.pl\/#\/schema\/logo\/image\/"},"sameAs":["https:\/\/www.facebook.com\/zabytek","https:\/\/x.com\/NarIDpl","https:\/\/www.instagram.com\/nid.pl\/?hl=pl","https:\/\/www.linkedin.com\/company\/narodowy-instytut-dziedzictwa","https:\/\/www.youtube.com\/channel\/UCQXuhKa2uHtmNvLRUSx40JA"]},{"@type":"Person","@id":"https:\/\/nid.pl\/#\/schema\/person\/ab9abea4caecdccde4fb0d555271145f","name":"Monika Ciura","image":{"@type":"ImageObject","inLanguage":"en-GB","@id":"https:\/\/nid.pl\/#\/schema\/person\/image\/","url":"https:\/\/nid.pl\/wp-content\/litespeed\/avatar\/bfdb15d1cc317fac4b66bdc91090ff11.jpg?ver=1777445370","contentUrl":"https:\/\/nid.pl\/wp-content\/litespeed\/avatar\/bfdb15d1cc317fac4b66bdc91090ff11.jpg?ver=1777445370","caption":"Monika Ciura"},"url":"https:\/\/nid.pl\/en\/author\/mciura\/"}]}},"_links":{"self":[{"href":"https:\/\/nid.pl\/en\/wp-json\/wp\/v2\/posts\/26334","targetHints":{"allow":["GET"]}}],"collection":[{"href":"https:\/\/nid.pl\/en\/wp-json\/wp\/v2\/posts"}],"about":[{"href":"https:\/\/nid.pl\/en\/wp-json\/wp\/v2\/types\/post"}],"author":[{"embeddable":true,"href":"https:\/\/nid.pl\/en\/wp-json\/wp\/v2\/users\/15"}],"replies":[{"embeddable":true,"href":"https:\/\/nid.pl\/en\/wp-json\/wp\/v2\/comments?post=26334"}],"version-history":[{"count":0,"href":"https:\/\/nid.pl\/en\/wp-json\/wp\/v2\/posts\/26334\/revisions"}],"wp:featuredmedia":[{"embeddable":true,"href":"https:\/\/nid.pl\/en\/wp-json\/wp\/v2\/media\/26372"}],"wp:attachment":[{"href":"https:\/\/nid.pl\/en\/wp-json\/wp\/v2\/media?parent=26334"}],"wp:term":[{"taxonomy":"category","embeddable":true,"href":"https:\/\/nid.pl\/en\/wp-json\/wp\/v2\/categories?post=26334"},{"taxonomy":"post_tag","embeddable":true,"href":"https:\/\/nid.pl\/en\/wp-json\/wp\/v2\/tags?post=26334"}],"curies":[{"name":"wp","href":"https:\/\/api.w.org\/{rel}","templated":true}]}}