{"id":26276,"date":"2025-04-08T10:49:49","date_gmt":"2025-04-08T08:49:49","guid":{"rendered":"https:\/\/nid.pl\/?p=26276"},"modified":"2025-04-08T10:57:37","modified_gmt":"2025-04-08T08:57:37","slug":"webinarium-dla-organizatorow-wydarzen-w-ramach-europejskich-dni-archeologii","status":"publish","type":"post","link":"https:\/\/nid.pl\/en\/2025\/04\/08\/webinarium-dla-organizatorow-wydarzen-w-ramach-europejskich-dni-archeologii\/","title":{"rendered":"Webinarium dla organizator\u00f3w wydarze\u0144 w ramach Europejskich Dni Archeologii\u00a0\u00a0"},"content":{"rendered":"<p class=\"has-medium-font-size\"><strong>11 kwietnia zapraszamy na webinarium dla organizator\u00f3w wydarze\u0144 w ramach Europejskich Dni Archeologii, kt\u00f3re odb\u0119d\u0105 si\u0119 13 \u2013 15 czerwca 2025 r.\u00a0<\/strong><\/p>\n\n\n\n<p>Jak co roku, z przyjemno\u015bci\u0105 zapraszamy instytucje kultury oraz jednostki naukowo-badawcze do wsp\u00f3\u0142tworzenia programu <strong>Europejskich Dni Archeologii<\/strong>, kt\u00f3re w 2025 roku odb\u0119d\u0105 si\u0119 w dniach 13\u201315 czerwca.\u00a0<\/p>\n\n\n\n<p>To wyj\u0105tkowa okazja, by zaprezentowa\u0107 dziedzictwo archeologiczne szerokiej publiczno\u015bci \u2013 poprzez wystawy, wyk\u0142ady, pikniki, warsztaty i inne wydarzenia, kt\u00f3re \u0142\u0105cz\u0105 nauk\u0119, histori\u0119 oraz aktywne uczestnictwo. Europejskie Dni Archeologii to \u017cywa lekcja historii, umo\u017cliwiaj\u0105ca bezpo\u015bredni kontakt z przesz\u0142o\u015bci\u0105 oraz zrozumienie pracy archeolog\u00f3w i jej znaczenia dla ochrony zabytk\u00f3w.<\/p>\n\n\n\n<p><strong>Termin:<\/strong> 11 kwietnia 2024 r., w godz. 11:00\u201313:00\u00a0<\/p>\n\n\n\n<p><strong>Program spotkania do pobrania: <a href=\"https:\/\/nid.pl\/wp-content\/uploads\/2025\/04\/Webinarium-11.04-program.pdf\" target=\"_blank\" rel=\"noreferrer noopener\">&lt;tutaj><\/a>\u00a0<\/strong><\/p>\n\n\n\n<p>Spotkanie odb\u0119dzie na platformie Teams, wymagana jest wcze\u015bniejsza, bezp\u0142atna rejestracja: <a href=\"https:\/\/events.teams.microsoft.com\/event\/19b86079-845a-4187-892e-532d198cacdf@263a2be6-39c0-4c4d-9b57-59437c69146e\"><strong>&lt;tutaj>\u00a0<\/strong><\/a><\/p>\n\n\n\n<p>Podczas spotkania poruszymy najwa\u017cniejsze kwestie organizacyjne oraz podzielimy si\u0119 inspiruj\u0105cymi przyk\u0142adami dzia\u0142a\u0144 z Polski i zagranicy. W programie m.in.:\u00a0<\/p>\n\n\n\n<ul class=\"wp-block-list\">\n<li>prezentacja do\u015bwiadcze\u0144 partner\u00f3w z Flandrii,\u00a0<\/li>\n\n\n\n<li>relacja z mi\u0119dzynarodowego forum koordynator\u00f3w EDA,\u00a0<\/li>\n\n\n\n<li>dobre praktyki komunikacji z m\u0142odzie\u017c\u0105 i seniorami w muzeum,<\/li>\n\n\n\n<li>oraz om\u00f3wienie kwestii praktycznych i organizacyjnych.<\/li>\n<\/ul>\n\n\n\n<p>Zach\u0119camy do udzia\u0142u wszystkie instytucje i osoby, kt\u00f3re chc\u0105 aktywnie wsp\u00f3\u0142tworzy\u0107 tegoroczn\u0105 edycj\u0119 Europejskich Dni Archeologii i wsp\u00f3lnie promowa\u0107 archeologiczne dziedzictwo Polski.&nbsp;<\/p>","protected":false},"excerpt":{"rendered":"<p>11 kwietnia zapraszamy na webinarium dla organizator\u00f3w wydarze\u0144 w ramach Europejskich Dni Archeologii, kt\u00f3re odb\u0119d\u0105 si\u0119 13 \u2013 15 czerwca 2025 r.\u00a0 Jak co roku, z przyjemno\u015bci\u0105 zapraszamy instytucje kultury [&hellip;]<\/p>","protected":false},"author":15,"featured_media":26277,"comment_status":"closed","ping_status":"closed","sticky":false,"template":"","format":"standard","meta":{"_et_pb_use_builder":"off","_et_pb_old_content":"","_et_gb_content_width":"","_monsterinsights_skip_tracking":false,"_monsterinsights_sitenote_active":false,"_monsterinsights_sitenote_note":"","_monsterinsights_sitenote_category":0,"footnotes":""},"categories":[3,79],"tags":[],"class_list":["post-26276","post","type-post","status-publish","format-standard","has-post-thumbnail","hentry","category-aktualnosci","category-europejskie-dni-archeologii"],"yoast_head":"<!-- This site is optimized with the Yoast SEO plugin v26.5 - https:\/\/yoast.com\/wordpress\/plugins\/seo\/ -->\n<title>Webinarium dla organizator\u00f3w wydarze\u0144 w ramach Europejskich Dni Archeologii\u00a0\u00a0 - NID<\/title>\n<meta name=\"robots\" content=\"index, follow, max-snippet:-1, max-image-preview:large, max-video-preview:-1\" \/>\n<link rel=\"canonical\" href=\"https:\/\/nid.pl\/en\/2025\/04\/08\/webinarium-dla-organizatorow-wydarzen-w-ramach-europejskich-dni-archeologii\/\" \/>\n<meta property=\"og:locale\" content=\"en_GB\" \/>\n<meta property=\"og:type\" content=\"article\" \/>\n<meta property=\"og:title\" content=\"Webinarium dla organizator\u00f3w wydarze\u0144 w ramach Europejskich Dni Archeologii\u00a0\u00a0 - NID\" \/>\n<meta property=\"og:description\" content=\"11 kwietnia zapraszamy na webinarium dla organizator\u00f3w wydarze\u0144 w ramach Europejskich Dni Archeologii, kt\u00f3re odb\u0119d\u0105 si\u0119 13 \u2013 15 czerwca 2025 r.\u00a0 Jak co roku, z przyjemno\u015bci\u0105 zapraszamy instytucje kultury [&hellip;]\" \/>\n<meta property=\"og:url\" content=\"https:\/\/nid.pl\/en\/2025\/04\/08\/webinarium-dla-organizatorow-wydarzen-w-ramach-europejskich-dni-archeologii\/\" \/>\n<meta property=\"og:site_name\" content=\"NID\" \/>\n<meta property=\"article:publisher\" content=\"https:\/\/www.facebook.com\/zabytek\" \/>\n<meta property=\"article:published_time\" content=\"2025-04-08T08:49:49+00:00\" \/>\n<meta property=\"article:modified_time\" content=\"2025-04-08T08:57:37+00:00\" \/>\n<meta property=\"og:image\" content=\"https:\/\/nid.pl\/wp-content\/uploads\/2025\/04\/miniatura-webinarium-eda.jpg\" \/>\n\t<meta property=\"og:image:width\" content=\"1857\" \/>\n\t<meta property=\"og:image:height\" content=\"1238\" \/>\n\t<meta property=\"og:image:type\" content=\"image\/jpeg\" \/>\n<meta name=\"author\" content=\"Monika Ciura\" \/>\n<meta name=\"twitter:card\" content=\"summary_large_image\" \/>\n<meta name=\"twitter:creator\" content=\"@NarIDpl\" \/>\n<meta name=\"twitter:site\" content=\"@NarIDpl\" \/>\n<meta name=\"twitter:label1\" content=\"Written by\" \/>\n\t<meta name=\"twitter:data1\" content=\"Monika Ciura\" \/>\n\t<meta name=\"twitter:label2\" content=\"Estimated reading time\" \/>\n\t<meta name=\"twitter:data2\" content=\"2 minutes\" \/>\n<script type=\"application\/ld+json\" class=\"yoast-schema-graph\">{\"@context\":\"https:\/\/schema.org\",\"@graph\":[{\"@type\":\"Article\",\"@id\":\"https:\/\/nid.pl\/2025\/04\/08\/webinarium-dla-organizatorow-wydarzen-w-ramach-europejskich-dni-archeologii\/#article\",\"isPartOf\":{\"@id\":\"https:\/\/nid.pl\/2025\/04\/08\/webinarium-dla-organizatorow-wydarzen-w-ramach-europejskich-dni-archeologii\/\"},\"author\":{\"name\":\"Monika Ciura\",\"@id\":\"https:\/\/nid.pl\/#\/schema\/person\/ab9abea4caecdccde4fb0d555271145f\"},\"headline\":\"Webinarium dla organizator\u00f3w wydarze\u0144 w ramach Europejskich Dni Archeologii\u00a0\u00a0\",\"datePublished\":\"2025-04-08T08:49:49+00:00\",\"dateModified\":\"2025-04-08T08:57:37+00:00\",\"mainEntityOfPage\":{\"@id\":\"https:\/\/nid.pl\/2025\/04\/08\/webinarium-dla-organizatorow-wydarzen-w-ramach-europejskich-dni-archeologii\/\"},\"wordCount\":226,\"publisher\":{\"@id\":\"https:\/\/nid.pl\/#organization\"},\"image\":{\"@id\":\"https:\/\/nid.pl\/2025\/04\/08\/webinarium-dla-organizatorow-wydarzen-w-ramach-europejskich-dni-archeologii\/#primaryimage\"},\"thumbnailUrl\":\"https:\/\/nid.pl\/wp-content\/uploads\/2025\/04\/miniatura-webinarium-eda.jpg\",\"articleSection\":[\"Aktualno\u015bci\",\"EDA\"],\"inLanguage\":\"en-GB\"},{\"@type\":\"WebPage\",\"@id\":\"https:\/\/nid.pl\/2025\/04\/08\/webinarium-dla-organizatorow-wydarzen-w-ramach-europejskich-dni-archeologii\/\",\"url\":\"https:\/\/nid.pl\/2025\/04\/08\/webinarium-dla-organizatorow-wydarzen-w-ramach-europejskich-dni-archeologii\/\",\"name\":\"Webinarium dla organizator\u00f3w wydarze\u0144 w ramach Europejskich Dni Archeologii\u00a0\u00a0 - NID\",\"isPartOf\":{\"@id\":\"https:\/\/nid.pl\/#website\"},\"primaryImageOfPage\":{\"@id\":\"https:\/\/nid.pl\/2025\/04\/08\/webinarium-dla-organizatorow-wydarzen-w-ramach-europejskich-dni-archeologii\/#primaryimage\"},\"image\":{\"@id\":\"https:\/\/nid.pl\/2025\/04\/08\/webinarium-dla-organizatorow-wydarzen-w-ramach-europejskich-dni-archeologii\/#primaryimage\"},\"thumbnailUrl\":\"https:\/\/nid.pl\/wp-content\/uploads\/2025\/04\/miniatura-webinarium-eda.jpg\",\"datePublished\":\"2025-04-08T08:49:49+00:00\",\"dateModified\":\"2025-04-08T08:57:37+00:00\",\"breadcrumb\":{\"@id\":\"https:\/\/nid.pl\/2025\/04\/08\/webinarium-dla-organizatorow-wydarzen-w-ramach-europejskich-dni-archeologii\/#breadcrumb\"},\"inLanguage\":\"en-GB\",\"potentialAction\":[{\"@type\":\"ReadAction\",\"target\":[\"https:\/\/nid.pl\/2025\/04\/08\/webinarium-dla-organizatorow-wydarzen-w-ramach-europejskich-dni-archeologii\/\"]}]},{\"@type\":\"ImageObject\",\"inLanguage\":\"en-GB\",\"@id\":\"https:\/\/nid.pl\/2025\/04\/08\/webinarium-dla-organizatorow-wydarzen-w-ramach-europejskich-dni-archeologii\/#primaryimage\",\"url\":\"https:\/\/nid.pl\/wp-content\/uploads\/2025\/04\/miniatura-webinarium-eda.jpg\",\"contentUrl\":\"https:\/\/nid.pl\/wp-content\/uploads\/2025\/04\/miniatura-webinarium-eda.jpg\",\"width\":1857,\"height\":1238},{\"@type\":\"BreadcrumbList\",\"@id\":\"https:\/\/nid.pl\/2025\/04\/08\/webinarium-dla-organizatorow-wydarzen-w-ramach-europejskich-dni-archeologii\/#breadcrumb\",\"itemListElement\":[{\"@type\":\"ListItem\",\"position\":1,\"name\":\"Home\",\"item\":\"https:\/\/nid.pl\/\"},{\"@type\":\"ListItem\",\"position\":2,\"name\":\"Webinarium dla organizator\u00f3w wydarze\u0144 w ramach Europejskich Dni Archeologii\u00a0\u00a0\"}]},{\"@type\":\"WebSite\",\"@id\":\"https:\/\/nid.pl\/#website\",\"url\":\"https:\/\/nid.pl\/\",\"name\":\"NID\",\"description\":\"Narodowy Instytut Dziedzictwa\",\"publisher\":{\"@id\":\"https:\/\/nid.pl\/#organization\"},\"potentialAction\":[{\"@type\":\"SearchAction\",\"target\":{\"@type\":\"EntryPoint\",\"urlTemplate\":\"https:\/\/nid.pl\/?s={search_term_string}\"},\"query-input\":{\"@type\":\"PropertyValueSpecification\",\"valueRequired\":true,\"valueName\":\"search_term_string\"}}],\"inLanguage\":\"en-GB\"},{\"@type\":\"Organization\",\"@id\":\"https:\/\/nid.pl\/#organization\",\"name\":\"Narodowy Instytut Dziedzictwa\",\"url\":\"https:\/\/nid.pl\/\",\"logo\":{\"@type\":\"ImageObject\",\"inLanguage\":\"en-GB\",\"@id\":\"https:\/\/nid.pl\/#\/schema\/logo\/image\/\",\"url\":\"https:\/\/nid.pl\/wp-content\/uploads\/2022\/10\/logoRedDark.png\",\"contentUrl\":\"https:\/\/nid.pl\/wp-content\/uploads\/2022\/10\/logoRedDark.png\",\"width\":200,\"height\":197,\"caption\":\"Narodowy Instytut Dziedzictwa\"},\"image\":{\"@id\":\"https:\/\/nid.pl\/#\/schema\/logo\/image\/\"},\"sameAs\":[\"https:\/\/www.facebook.com\/zabytek\",\"https:\/\/x.com\/NarIDpl\",\"https:\/\/www.instagram.com\/nid.pl\/?hl=pl\",\"https:\/\/www.linkedin.com\/company\/narodowy-instytut-dziedzictwa\",\"https:\/\/www.youtube.com\/channel\/UCQXuhKa2uHtmNvLRUSx40JA\"]},{\"@type\":\"Person\",\"@id\":\"https:\/\/nid.pl\/#\/schema\/person\/ab9abea4caecdccde4fb0d555271145f\",\"name\":\"Monika Ciura\",\"image\":{\"@type\":\"ImageObject\",\"inLanguage\":\"en-GB\",\"@id\":\"https:\/\/nid.pl\/#\/schema\/person\/image\/\",\"url\":\"https:\/\/nid.pl\/wp-content\/litespeed\/avatar\/bfdb15d1cc317fac4b66bdc91090ff11.jpg?ver=1777445370\",\"contentUrl\":\"https:\/\/nid.pl\/wp-content\/litespeed\/avatar\/bfdb15d1cc317fac4b66bdc91090ff11.jpg?ver=1777445370\",\"caption\":\"Monika Ciura\"},\"url\":\"https:\/\/nid.pl\/en\/author\/mciura\/\"}]}<\/script>\n<!-- \/ Yoast SEO plugin. -->","yoast_head_json":{"title":"Webinarium dla organizator\u00f3w wydarze\u0144 w ramach Europejskich Dni Archeologii\u00a0\u00a0 - NID","robots":{"index":"index","follow":"follow","max-snippet":"max-snippet:-1","max-image-preview":"max-image-preview:large","max-video-preview":"max-video-preview:-1"},"canonical":"https:\/\/nid.pl\/en\/2025\/04\/08\/webinarium-dla-organizatorow-wydarzen-w-ramach-europejskich-dni-archeologii\/","og_locale":"en_GB","og_type":"article","og_title":"Webinarium dla organizator\u00f3w wydarze\u0144 w ramach Europejskich Dni Archeologii\u00a0\u00a0 - NID","og_description":"11 kwietnia zapraszamy na webinarium dla organizator\u00f3w wydarze\u0144 w ramach Europejskich Dni Archeologii, kt\u00f3re odb\u0119d\u0105 si\u0119 13 \u2013 15 czerwca 2025 r.\u00a0 Jak co roku, z przyjemno\u015bci\u0105 zapraszamy instytucje kultury [&hellip;]","og_url":"https:\/\/nid.pl\/en\/2025\/04\/08\/webinarium-dla-organizatorow-wydarzen-w-ramach-europejskich-dni-archeologii\/","og_site_name":"NID","article_publisher":"https:\/\/www.facebook.com\/zabytek","article_published_time":"2025-04-08T08:49:49+00:00","article_modified_time":"2025-04-08T08:57:37+00:00","og_image":[{"width":1857,"height":1238,"url":"https:\/\/nid.pl\/wp-content\/uploads\/2025\/04\/miniatura-webinarium-eda.jpg","type":"image\/jpeg"}],"author":"Monika Ciura","twitter_card":"summary_large_image","twitter_creator":"@NarIDpl","twitter_site":"@NarIDpl","twitter_misc":{"Written by":"Monika Ciura","Estimated reading time":"2 minutes"},"schema":{"@context":"https:\/\/schema.org","@graph":[{"@type":"Article","@id":"https:\/\/nid.pl\/2025\/04\/08\/webinarium-dla-organizatorow-wydarzen-w-ramach-europejskich-dni-archeologii\/#article","isPartOf":{"@id":"https:\/\/nid.pl\/2025\/04\/08\/webinarium-dla-organizatorow-wydarzen-w-ramach-europejskich-dni-archeologii\/"},"author":{"name":"Monika Ciura","@id":"https:\/\/nid.pl\/#\/schema\/person\/ab9abea4caecdccde4fb0d555271145f"},"headline":"Webinarium dla organizator\u00f3w wydarze\u0144 w ramach Europejskich Dni Archeologii\u00a0\u00a0","datePublished":"2025-04-08T08:49:49+00:00","dateModified":"2025-04-08T08:57:37+00:00","mainEntityOfPage":{"@id":"https:\/\/nid.pl\/2025\/04\/08\/webinarium-dla-organizatorow-wydarzen-w-ramach-europejskich-dni-archeologii\/"},"wordCount":226,"publisher":{"@id":"https:\/\/nid.pl\/#organization"},"image":{"@id":"https:\/\/nid.pl\/2025\/04\/08\/webinarium-dla-organizatorow-wydarzen-w-ramach-europejskich-dni-archeologii\/#primaryimage"},"thumbnailUrl":"https:\/\/nid.pl\/wp-content\/uploads\/2025\/04\/miniatura-webinarium-eda.jpg","articleSection":["Aktualno\u015bci","EDA"],"inLanguage":"en-GB"},{"@type":"WebPage","@id":"https:\/\/nid.pl\/2025\/04\/08\/webinarium-dla-organizatorow-wydarzen-w-ramach-europejskich-dni-archeologii\/","url":"https:\/\/nid.pl\/2025\/04\/08\/webinarium-dla-organizatorow-wydarzen-w-ramach-europejskich-dni-archeologii\/","name":"Webinarium dla organizator\u00f3w wydarze\u0144 w ramach Europejskich Dni Archeologii\u00a0\u00a0 - NID","isPartOf":{"@id":"https:\/\/nid.pl\/#website"},"primaryImageOfPage":{"@id":"https:\/\/nid.pl\/2025\/04\/08\/webinarium-dla-organizatorow-wydarzen-w-ramach-europejskich-dni-archeologii\/#primaryimage"},"image":{"@id":"https:\/\/nid.pl\/2025\/04\/08\/webinarium-dla-organizatorow-wydarzen-w-ramach-europejskich-dni-archeologii\/#primaryimage"},"thumbnailUrl":"https:\/\/nid.pl\/wp-content\/uploads\/2025\/04\/miniatura-webinarium-eda.jpg","datePublished":"2025-04-08T08:49:49+00:00","dateModified":"2025-04-08T08:57:37+00:00","breadcrumb":{"@id":"https:\/\/nid.pl\/2025\/04\/08\/webinarium-dla-organizatorow-wydarzen-w-ramach-europejskich-dni-archeologii\/#breadcrumb"},"inLanguage":"en-GB","potentialAction":[{"@type":"ReadAction","target":["https:\/\/nid.pl\/2025\/04\/08\/webinarium-dla-organizatorow-wydarzen-w-ramach-europejskich-dni-archeologii\/"]}]},{"@type":"ImageObject","inLanguage":"en-GB","@id":"https:\/\/nid.pl\/2025\/04\/08\/webinarium-dla-organizatorow-wydarzen-w-ramach-europejskich-dni-archeologii\/#primaryimage","url":"https:\/\/nid.pl\/wp-content\/uploads\/2025\/04\/miniatura-webinarium-eda.jpg","contentUrl":"https:\/\/nid.pl\/wp-content\/uploads\/2025\/04\/miniatura-webinarium-eda.jpg","width":1857,"height":1238},{"@type":"BreadcrumbList","@id":"https:\/\/nid.pl\/2025\/04\/08\/webinarium-dla-organizatorow-wydarzen-w-ramach-europejskich-dni-archeologii\/#breadcrumb","itemListElement":[{"@type":"ListItem","position":1,"name":"Home","item":"https:\/\/nid.pl\/"},{"@type":"ListItem","position":2,"name":"Webinarium dla organizator\u00f3w wydarze\u0144 w ramach Europejskich Dni Archeologii\u00a0\u00a0"}]},{"@type":"WebSite","@id":"https:\/\/nid.pl\/#website","url":"https:\/\/nid.pl\/","name":"NID","description":"Narodowy Instytut Dziedzictwa","publisher":{"@id":"https:\/\/nid.pl\/#organization"},"potentialAction":[{"@type":"SearchAction","target":{"@type":"EntryPoint","urlTemplate":"https:\/\/nid.pl\/?s={search_term_string}"},"query-input":{"@type":"PropertyValueSpecification","valueRequired":true,"valueName":"search_term_string"}}],"inLanguage":"en-GB"},{"@type":"Organization","@id":"https:\/\/nid.pl\/#organization","name":"Narodowy Instytut Dziedzictwa","url":"https:\/\/nid.pl\/","logo":{"@type":"ImageObject","inLanguage":"en-GB","@id":"https:\/\/nid.pl\/#\/schema\/logo\/image\/","url":"https:\/\/nid.pl\/wp-content\/uploads\/2022\/10\/logoRedDark.png","contentUrl":"https:\/\/nid.pl\/wp-content\/uploads\/2022\/10\/logoRedDark.png","width":200,"height":197,"caption":"Narodowy Instytut Dziedzictwa"},"image":{"@id":"https:\/\/nid.pl\/#\/schema\/logo\/image\/"},"sameAs":["https:\/\/www.facebook.com\/zabytek","https:\/\/x.com\/NarIDpl","https:\/\/www.instagram.com\/nid.pl\/?hl=pl","https:\/\/www.linkedin.com\/company\/narodowy-instytut-dziedzictwa","https:\/\/www.youtube.com\/channel\/UCQXuhKa2uHtmNvLRUSx40JA"]},{"@type":"Person","@id":"https:\/\/nid.pl\/#\/schema\/person\/ab9abea4caecdccde4fb0d555271145f","name":"Monika Ciura","image":{"@type":"ImageObject","inLanguage":"en-GB","@id":"https:\/\/nid.pl\/#\/schema\/person\/image\/","url":"https:\/\/nid.pl\/wp-content\/litespeed\/avatar\/bfdb15d1cc317fac4b66bdc91090ff11.jpg?ver=1777445370","contentUrl":"https:\/\/nid.pl\/wp-content\/litespeed\/avatar\/bfdb15d1cc317fac4b66bdc91090ff11.jpg?ver=1777445370","caption":"Monika Ciura"},"url":"https:\/\/nid.pl\/en\/author\/mciura\/"}]}},"_links":{"self":[{"href":"https:\/\/nid.pl\/en\/wp-json\/wp\/v2\/posts\/26276","targetHints":{"allow":["GET"]}}],"collection":[{"href":"https:\/\/nid.pl\/en\/wp-json\/wp\/v2\/posts"}],"about":[{"href":"https:\/\/nid.pl\/en\/wp-json\/wp\/v2\/types\/post"}],"author":[{"embeddable":true,"href":"https:\/\/nid.pl\/en\/wp-json\/wp\/v2\/users\/15"}],"replies":[{"embeddable":true,"href":"https:\/\/nid.pl\/en\/wp-json\/wp\/v2\/comments?post=26276"}],"version-history":[{"count":0,"href":"https:\/\/nid.pl\/en\/wp-json\/wp\/v2\/posts\/26276\/revisions"}],"wp:featuredmedia":[{"embeddable":true,"href":"https:\/\/nid.pl\/en\/wp-json\/wp\/v2\/media\/26277"}],"wp:attachment":[{"href":"https:\/\/nid.pl\/en\/wp-json\/wp\/v2\/media?parent=26276"}],"wp:term":[{"taxonomy":"category","embeddable":true,"href":"https:\/\/nid.pl\/en\/wp-json\/wp\/v2\/categories?post=26276"},{"taxonomy":"post_tag","embeddable":true,"href":"https:\/\/nid.pl\/en\/wp-json\/wp\/v2\/tags?post=26276"}],"curies":[{"name":"wp","href":"https:\/\/api.w.org\/{rel}","templated":true}]}}