{"id":26159,"date":"2025-04-01T15:47:00","date_gmt":"2025-04-01T13:47:00","guid":{"rendered":"https:\/\/nid.pl\/?p=26159"},"modified":"2025-04-11T14:53:56","modified_gmt":"2025-04-11T12:53:56","slug":"webinarium-zielen-w-planowaniu-przestrzennym-i-procesie-rewitalizacji-uwarunkowania-prawne","status":"publish","type":"post","link":"https:\/\/nid.pl\/en\/2025\/04\/01\/webinarium-zielen-w-planowaniu-przestrzennym-i-procesie-rewitalizacji-uwarunkowania-prawne\/","title":{"rendered":"Webinarium \u201eZiele\u0144 w planowaniu przestrzennym i procesie rewitalizacji \u2013 uwarunkowania prawne&#8221;"},"content":{"rendered":"<p class=\"has-medium-font-size\"><strong>Zapraszamy do udzia\u0142u w webinarium \u201eZiele\u0144 w planowaniu przestrzennym i procesie rewitalizacji \u2013 uwarunkowania prawne&#8221;, kt\u00f3re odb\u0119dzie si\u0119 na platformie MS Teams 14 kwietnia 2025 r. w&nbsp;godzinach 10:00-11:45. Spotkanie przeznaczone jest dla przedstawicieli gmin z terenu ca\u0142ego kraju.<\/strong><\/p>\n\n\n\n<p>Prawid\u0142owe kszta\u0142towanie zieleni staje si\u0119 jednym z wa\u017cniejszych wyzwa\u0144 podczas prowadzonych przez gminy <strong>dzia\u0142a\u0144 rewitalizacyjnych<\/strong>. Zar\u00f3wno na etapie wyznaczania obszaru zdegradowanego i obszaru rewitalizacji, jak i podczas opracowania <strong>gminnego programu rewitalizacji<\/strong> \u2013 gminy powinny zapewni\u0107 wewn\u0119trzn\u0105 sp\u00f3jno\u015b\u0107 tych dzia\u0142a\u0144 z dokumentami z zakresu planowania przestrzennego. Gminny program rewitalizacji musi spe\u0142nia\u0107<strong> wymogi prawne <\/strong>okre\u015blone zar\u00f3wno w ustawie z dnia 9 pa\u017adziernika 2015 r. o rewitalizacji, jak i, mi\u0119dzy innymi, w ustawie z dnia 7 lipca 2003 r. o planowaniu i&nbsp;zagospodarowaniu przestrzennym.<\/p>\n\n\n\n<p>Uwzgl\u0119dnienie w\u0142a\u015bciwych<strong> potrzeb ochrony zieleni<\/strong> ju\u017c na etapie proces\u00f3w planistycznych, umo\u017cliwia zwi\u0119kszenie skuteczno\u015bci w zarz\u0105dzaniu przestrzeni\u0105 i przywracaniu jej walor\u00f3w, tak\u017ce krajobrazowych i kulturowych. Jest to szczeg\u00f3lnie wa\u017cne podczas prowadzenia rewitalizacji <strong>na obszarach zabytkowych.<\/strong> W takich przypadkach gminy musz\u0105 realizowa\u0107 dzia\u0142ania rewitalizacyjne w zgodzie nie tylko z wymogami przyrodniczymi i zasadami ochrony zabytk\u00f3w, ale r\u00f3wnie\u017c z innymi przepisami prawa. W trakcie webinarium om\u00f3wione zostan\u0105 kluczowe aspekty prawne dotycz\u0105ce ochrony istniej\u0105cej zieleni oraz wprowadzania nowej ro\u015blinno\u015bci.&nbsp;<\/p>\n\n\n\n<p><strong>Program webinarium:<\/strong><\/p>\n\n\n\n<ul class=\"wp-block-list\">\n<li>akty planistyczne i dokumenty strategiczne odnosz\u0105cych si\u0119 do zieleni i zielonej infrastruktury;<\/li>\n\n\n\n<li>podstawowe poj\u0119cia: tereny zieleni, tereny zieleni publicznej itp.;<\/li>\n\n\n\n<li>powierzchnia biologicznie czynna i jej znaczenie;<\/li>\n\n\n\n<li>uwarunkowania prawne zag\u0119szczania miast i zabezpieczania zielonej infrastruktury \u2013 \u201egreenfield\u201d vs \u201ebrownfield\u201d \u2013d\u0105\u017cenie do dog\u0119szczania miasta czy do nasycenia go zieleni\u0105. Jak traktowa\u0107 luki w zabudowie przy bilansowaniu terenu ze szczeg\u00f3lnym uwzgl\u0119dnieniem ochrony zabytk\u00f3w (ochrona za\u0142o\u017ce\u0144 historycznych, osi widokowych, przedpoli);<\/li>\n\n\n\n<li>strategia rozwoju gminy a opracowania ekofizjograficzne;<\/li>\n\n\n\n<li>plan og\u00f3lny gminy a prawid\u0142owe zabezpieczenie zieleni istniej\u0105cej i nowoprojektowanej;<\/li>\n\n\n\n<li>wp\u0142yw ustale\u0144 miejscowych plan\u00f3w zagospodarowania przestrzennego na kszta\u0142towanie zieleni i jej ochron\u0119;<\/li>\n\n\n\n<li>wp\u0142yw gminnych program\u00f3w adaptacji do zmian klimatu na planowanie przestrzenne i procesy rewitalizacji;<\/li>\n\n\n\n<li>specyfika planowania teren\u00f3w zieleni i \u201ezielonej infrastruktury\u201d na obszarach zabytkowych;<\/li>\n\n\n\n<li>wewn\u0119trzne standardy urz\u0105dzania i utrzymania zieleni w gminach od strony prawnej \u2013 wyzwania zwi\u0105zane z nasadzeniami historycznymi oraz nowymi nasadzeniami, w szczeg\u00f3lno\u015bci z doborem form i gatunk\u00f3w. Prawne uwarunkowania dotycz\u0105ce&nbsp;gatunk\u00f3w inwazyjnych.<\/li>\n<\/ul>\n\n\n\n<p><strong>Termin<\/strong>: 14 kwietnia 2025 r. w&nbsp;godzinach 10:00-11:45<\/p>\n\n\n\n<p><strong>Rejestracja:<\/strong> <a href=\"https:\/\/events.teams.microsoft.com\/event\/9a4b9452-8576-4426-a3e9-79380e53c47b@263a2be6-39c0-4c4d-9b57-59437c69146e\" target=\"_blank\" rel=\"noreferrer noopener\">https:\/\/events.teams.microsoft.com\/event\/9a4b9452-8576-4426-a3e9-79380e53c47b@263a2be6-39c0-4c4d-9b57-59437c69146e<\/a><\/p>\n\n\n\n<p>Spotkanie odb\u0119dzie si\u0119 online, na platformie MS Teams. Wymagana jest wcze\u015bniejsza rejestracja.<\/p>\n\n\n\n<p><strong>Webinarium poprowadzi dr Anna Fogel<\/strong> &#8211; doktor nauk prawnych, radca prawny, g\u0142\u00f3wny specjalista w&nbsp; Zespole Zadaniowym ds. Zarz\u0105dzania Dziedzictwem i Analiz Wp\u0142ywu Zmian Klimatu na Dziedzictwo w Narodowym Instytucie Dziedzictwa.<\/p>\n\n\n\n<p>Dr Anna Fogel specjalizuje si\u0119 w zagadnieniach prawnych zwi\u0105zanych z ochron\u0105 zabytk\u00f3w, ochron\u0105 \u015brodowiska oraz planowaniem i zagospodarowaniem przestrzennym, a tak\u017ce konfliktami w tym obszarze. Przez wiele lat pracownik samorz\u0105dowy oraz wsp\u00f3\u0142pracownik gmin, nadzorowa\u0142a od strony prawnej ponad sto procedur planistycznych.  Jest autork\u0105 kilkudziesi\u0119ciu publikacji o tej tematyce, mi\u0119dzy innymi komentarza do Ustawy o zmianie niekt\u00f3rych&nbsp;ustaw&nbsp;w zwi\u0105zku ze wzmocnieniem narz\u0119dzi ochrony krajobrazu (\u201eUstawy krajobrazowej\u201d) oraz ustawy o planowaniu i zagospodarowaniu przestrzennym. Cz\u0142onek Zespo\u0142u Prawno-Urbanistycznego przy Komitecie Przestrzennego Zagospodarowania Kraju PAN (2020 \u2013 obecnie) oraz&nbsp; Zespo\u0142u ds. zapewnienia ochrony drzew i krzew\u00f3w przy Ministrze ds Klimatu i \u015arodowiska (2025).<\/p>\n\n\n\n<p>Webinarium jest realizowane w ramach Projektu \u201eCentra Kompetencji ds. Rewitalizacji w Narodowym Instytucie Dziedzictwa\u201d (poddzia\u0142anie 2.1), dofinansowanego ze \u015brodk\u00f3w Programu Pomoc Techniczna dla Funduszy Europejskich na lata 2021-2027.<\/p>\n\n\n\n<p>Celem g\u0142\u00f3wnym projektu jest wsparcie gmin w programowaniu i wdra\u017caniu rewitalizacji z&nbsp;uwzgl\u0119dnieniem materialnego i niematerialnego dziedzictwa kulturowego w kontek\u015bcie zmian klimatu i tzw. zielonej rewitalizacji oraz s\u0142u\u017cb konserwatorskich w rozwini\u0119ciu i wzmocnieniu kompetencji zwi\u0105zanych z ochron\u0105 zabytk\u00f3w i wykorzystaniem potencja\u0142u dziedzictwa kulturowego w&nbsp;tym procesie.<\/p>\n\n\n\n<p>Webinarium b\u0119dzie nagrywane i opublikowane na platformie YouTube.<\/p>\n\n\n\n<p>Wi\u0119cej informacji o projekcie oraz proponowanych dzia\u0142aniach adresowanych do gmin i pracownik\u00f3w urz\u0119d\u00f3w konserwatorskich jest dost\u0119pnych na stronie <a href=\"https:\/\/nid.pl\/en\/centra-kompetencji-ds-rewitalizacji\/\" target=\"_blank\" rel=\"noreferrer noopener\">https:\/\/nid.pl\/centra-kompetencji-ds-rewitalizacji\/<\/a><\/p>\n\n\n\n<p><\/p>\n\n\n\n<p><strong>Uwaga:<\/strong> W zwi\u0105zku z bardzo du\u017cym zainteresowaniem webinarium i przekroczeniem maksymalnej mo\u017cliwej liczby os\u00f3b zarejestrowanych, zainteresowanych Pa\u0144stwa zapraszamy do udzia\u0142u w webinarium dr Anny Fogel w drugim terminie, pod koniec maja br. Dok\u0142adna data wydarzenia zostanie podana w pierwszej po\u0142owie maja br. na stronie nid.pl i samorzad.nid.pl oraz w mediach spo\u0142eczno\u015bciowych.<\/p>\n\n\n\n<p><\/p>\n\n\n\n<p class=\"has-text-align-center\"><strong>#FunduszeUE #WsparcieJST #RewitalizacjaCentraKompetencjiNID<\/strong><\/p>\n\n\n\n<p><\/p>\n\n\n\n<figure class=\"wp-block-image size-large\"><img loading=\"lazy\" decoding=\"async\" width=\"1024\" height=\"128\" src=\"https:\/\/nid.pl\/wp-content\/uploads\/2024\/11\/belka-PTFE-NID-1024x128.jpg\" alt=\"belka z logotypami\" class=\"wp-image-23948\" srcset=\"https:\/\/nid.pl\/wp-content\/uploads\/2024\/11\/belka-PTFE-NID-980x123.jpg 980w, https:\/\/nid.pl\/wp-content\/uploads\/2024\/11\/belka-PTFE-NID-480x60.jpg 480w\" sizes=\"(min-width: 0px) and (max-width: 480px) 480px, (min-width: 481px) and (max-width: 980px) 980px, (min-width: 981px) 1024px, 100vw\" \/><\/figure>","protected":false},"excerpt":{"rendered":"<p>Zapraszamy do udzia\u0142u w webinarium \u201eZiele\u0144 w planowaniu przestrzennym i procesie rewitalizacji \u2013 uwarunkowania prawne&#8221;, kt\u00f3re odb\u0119dzie si\u0119 na platformie MS Teams 14 kwietnia 2025 r. w&nbsp;godzinach 10:00-11:45. Spotkanie przeznaczone [&hellip;]<\/p>","protected":false},"author":15,"featured_media":26166,"comment_status":"closed","ping_status":"closed","sticky":false,"template":"","format":"standard","meta":{"_et_pb_use_builder":"off","_et_pb_old_content":"","_et_gb_content_width":"","_monsterinsights_skip_tracking":false,"_monsterinsights_sitenote_active":false,"_monsterinsights_sitenote_note":"","_monsterinsights_sitenote_category":0,"footnotes":""},"categories":[3,112],"tags":[],"class_list":["post-26159","post","type-post","status-publish","format-standard","has-post-thumbnail","hentry","category-aktualnosci","category-ck-rewitalizacja"],"yoast_head":"<!-- This site is optimized with the Yoast SEO plugin v26.5 - https:\/\/yoast.com\/wordpress\/plugins\/seo\/ -->\n<title>Webinarium \u201eZiele\u0144 w planowaniu przestrzennym i procesie rewitalizacji \u2013 uwarunkowania prawne&quot; - NID<\/title>\n<meta name=\"robots\" content=\"index, follow, max-snippet:-1, max-image-preview:large, max-video-preview:-1\" \/>\n<link rel=\"canonical\" href=\"https:\/\/nid.pl\/en\/2025\/04\/01\/webinarium-zielen-w-planowaniu-przestrzennym-i-procesie-rewitalizacji-uwarunkowania-prawne\/\" \/>\n<meta property=\"og:locale\" content=\"en_GB\" \/>\n<meta property=\"og:type\" content=\"article\" \/>\n<meta property=\"og:title\" content=\"Webinarium \u201eZiele\u0144 w planowaniu przestrzennym i procesie rewitalizacji \u2013 uwarunkowania prawne&quot; - NID\" \/>\n<meta property=\"og:description\" content=\"Zapraszamy do udzia\u0142u w webinarium \u201eZiele\u0144 w planowaniu przestrzennym i procesie rewitalizacji \u2013 uwarunkowania prawne&#8221;, kt\u00f3re odb\u0119dzie si\u0119 na platformie MS Teams 14 kwietnia 2025 r. w&nbsp;godzinach 10:00-11:45. Spotkanie przeznaczone [&hellip;]\" \/>\n<meta property=\"og:url\" content=\"https:\/\/nid.pl\/en\/2025\/04\/01\/webinarium-zielen-w-planowaniu-przestrzennym-i-procesie-rewitalizacji-uwarunkowania-prawne\/\" \/>\n<meta property=\"og:site_name\" content=\"NID\" \/>\n<meta property=\"article:publisher\" content=\"https:\/\/www.facebook.com\/zabytek\" \/>\n<meta property=\"article:published_time\" content=\"2025-04-01T13:47:00+00:00\" \/>\n<meta property=\"article:modified_time\" content=\"2025-04-11T12:53:56+00:00\" \/>\n<meta property=\"og:image\" content=\"https:\/\/nid.pl\/wp-content\/uploads\/2025\/04\/webinarium-rewitalizacja.jpg\" \/>\n\t<meta property=\"og:image:width\" content=\"1857\" \/>\n\t<meta property=\"og:image:height\" content=\"1238\" \/>\n\t<meta property=\"og:image:type\" content=\"image\/jpeg\" \/>\n<meta name=\"author\" content=\"Monika Ciura\" \/>\n<meta name=\"twitter:card\" content=\"summary_large_image\" \/>\n<meta name=\"twitter:creator\" content=\"@NarIDpl\" \/>\n<meta name=\"twitter:site\" content=\"@NarIDpl\" \/>\n<meta name=\"twitter:label1\" content=\"Written by\" \/>\n\t<meta name=\"twitter:data1\" content=\"Monika Ciura\" \/>\n\t<meta name=\"twitter:label2\" content=\"Estimated reading time\" \/>\n\t<meta name=\"twitter:data2\" content=\"5 minutes\" \/>\n<script type=\"application\/ld+json\" class=\"yoast-schema-graph\">{\"@context\":\"https:\/\/schema.org\",\"@graph\":[{\"@type\":\"Article\",\"@id\":\"https:\/\/nid.pl\/2025\/04\/01\/webinarium-zielen-w-planowaniu-przestrzennym-i-procesie-rewitalizacji-uwarunkowania-prawne\/#article\",\"isPartOf\":{\"@id\":\"https:\/\/nid.pl\/2025\/04\/01\/webinarium-zielen-w-planowaniu-przestrzennym-i-procesie-rewitalizacji-uwarunkowania-prawne\/\"},\"author\":{\"name\":\"Monika Ciura\",\"@id\":\"https:\/\/nid.pl\/#\/schema\/person\/ab9abea4caecdccde4fb0d555271145f\"},\"headline\":\"Webinarium \u201eZiele\u0144 w planowaniu przestrzennym i procesie rewitalizacji \u2013 uwarunkowania prawne&#8221;\",\"datePublished\":\"2025-04-01T13:47:00+00:00\",\"dateModified\":\"2025-04-11T12:53:56+00:00\",\"mainEntityOfPage\":{\"@id\":\"https:\/\/nid.pl\/2025\/04\/01\/webinarium-zielen-w-planowaniu-przestrzennym-i-procesie-rewitalizacji-uwarunkowania-prawne\/\"},\"wordCount\":803,\"publisher\":{\"@id\":\"https:\/\/nid.pl\/#organization\"},\"image\":{\"@id\":\"https:\/\/nid.pl\/2025\/04\/01\/webinarium-zielen-w-planowaniu-przestrzennym-i-procesie-rewitalizacji-uwarunkowania-prawne\/#primaryimage\"},\"thumbnailUrl\":\"https:\/\/nid.pl\/wp-content\/uploads\/2025\/04\/webinarium-rewitalizacja.jpg\",\"articleSection\":[\"Aktualno\u015bci\",\"Centra Kompetencji ds. Rewitalizacji\"],\"inLanguage\":\"en-GB\"},{\"@type\":\"WebPage\",\"@id\":\"https:\/\/nid.pl\/2025\/04\/01\/webinarium-zielen-w-planowaniu-przestrzennym-i-procesie-rewitalizacji-uwarunkowania-prawne\/\",\"url\":\"https:\/\/nid.pl\/2025\/04\/01\/webinarium-zielen-w-planowaniu-przestrzennym-i-procesie-rewitalizacji-uwarunkowania-prawne\/\",\"name\":\"Webinarium \u201eZiele\u0144 w planowaniu przestrzennym i procesie rewitalizacji \u2013 uwarunkowania prawne\\\" - NID\",\"isPartOf\":{\"@id\":\"https:\/\/nid.pl\/#website\"},\"primaryImageOfPage\":{\"@id\":\"https:\/\/nid.pl\/2025\/04\/01\/webinarium-zielen-w-planowaniu-przestrzennym-i-procesie-rewitalizacji-uwarunkowania-prawne\/#primaryimage\"},\"image\":{\"@id\":\"https:\/\/nid.pl\/2025\/04\/01\/webinarium-zielen-w-planowaniu-przestrzennym-i-procesie-rewitalizacji-uwarunkowania-prawne\/#primaryimage\"},\"thumbnailUrl\":\"https:\/\/nid.pl\/wp-content\/uploads\/2025\/04\/webinarium-rewitalizacja.jpg\",\"datePublished\":\"2025-04-01T13:47:00+00:00\",\"dateModified\":\"2025-04-11T12:53:56+00:00\",\"breadcrumb\":{\"@id\":\"https:\/\/nid.pl\/2025\/04\/01\/webinarium-zielen-w-planowaniu-przestrzennym-i-procesie-rewitalizacji-uwarunkowania-prawne\/#breadcrumb\"},\"inLanguage\":\"en-GB\",\"potentialAction\":[{\"@type\":\"ReadAction\",\"target\":[\"https:\/\/nid.pl\/2025\/04\/01\/webinarium-zielen-w-planowaniu-przestrzennym-i-procesie-rewitalizacji-uwarunkowania-prawne\/\"]}]},{\"@type\":\"ImageObject\",\"inLanguage\":\"en-GB\",\"@id\":\"https:\/\/nid.pl\/2025\/04\/01\/webinarium-zielen-w-planowaniu-przestrzennym-i-procesie-rewitalizacji-uwarunkowania-prawne\/#primaryimage\",\"url\":\"https:\/\/nid.pl\/wp-content\/uploads\/2025\/04\/webinarium-rewitalizacja.jpg\",\"contentUrl\":\"https:\/\/nid.pl\/wp-content\/uploads\/2025\/04\/webinarium-rewitalizacja.jpg\",\"width\":1857,\"height\":1238,\"caption\":\"laptop na kt\u00f3rym wy\u015bwietla si\u0119 obraz Warszawy\"},{\"@type\":\"BreadcrumbList\",\"@id\":\"https:\/\/nid.pl\/2025\/04\/01\/webinarium-zielen-w-planowaniu-przestrzennym-i-procesie-rewitalizacji-uwarunkowania-prawne\/#breadcrumb\",\"itemListElement\":[{\"@type\":\"ListItem\",\"position\":1,\"name\":\"Home\",\"item\":\"https:\/\/nid.pl\/\"},{\"@type\":\"ListItem\",\"position\":2,\"name\":\"Webinarium \u201eZiele\u0144 w planowaniu przestrzennym i procesie rewitalizacji \u2013 uwarunkowania prawne&#8221;\"}]},{\"@type\":\"WebSite\",\"@id\":\"https:\/\/nid.pl\/#website\",\"url\":\"https:\/\/nid.pl\/\",\"name\":\"NID\",\"description\":\"Narodowy Instytut Dziedzictwa\",\"publisher\":{\"@id\":\"https:\/\/nid.pl\/#organization\"},\"potentialAction\":[{\"@type\":\"SearchAction\",\"target\":{\"@type\":\"EntryPoint\",\"urlTemplate\":\"https:\/\/nid.pl\/?s={search_term_string}\"},\"query-input\":{\"@type\":\"PropertyValueSpecification\",\"valueRequired\":true,\"valueName\":\"search_term_string\"}}],\"inLanguage\":\"en-GB\"},{\"@type\":\"Organization\",\"@id\":\"https:\/\/nid.pl\/#organization\",\"name\":\"Narodowy Instytut Dziedzictwa\",\"url\":\"https:\/\/nid.pl\/\",\"logo\":{\"@type\":\"ImageObject\",\"inLanguage\":\"en-GB\",\"@id\":\"https:\/\/nid.pl\/#\/schema\/logo\/image\/\",\"url\":\"https:\/\/nid.pl\/wp-content\/uploads\/2022\/10\/logoRedDark.png\",\"contentUrl\":\"https:\/\/nid.pl\/wp-content\/uploads\/2022\/10\/logoRedDark.png\",\"width\":200,\"height\":197,\"caption\":\"Narodowy Instytut Dziedzictwa\"},\"image\":{\"@id\":\"https:\/\/nid.pl\/#\/schema\/logo\/image\/\"},\"sameAs\":[\"https:\/\/www.facebook.com\/zabytek\",\"https:\/\/x.com\/NarIDpl\",\"https:\/\/www.instagram.com\/nid.pl\/?hl=pl\",\"https:\/\/www.linkedin.com\/company\/narodowy-instytut-dziedzictwa\",\"https:\/\/www.youtube.com\/channel\/UCQXuhKa2uHtmNvLRUSx40JA\"]},{\"@type\":\"Person\",\"@id\":\"https:\/\/nid.pl\/#\/schema\/person\/ab9abea4caecdccde4fb0d555271145f\",\"name\":\"Monika Ciura\",\"image\":{\"@type\":\"ImageObject\",\"inLanguage\":\"en-GB\",\"@id\":\"https:\/\/nid.pl\/#\/schema\/person\/image\/\",\"url\":\"https:\/\/nid.pl\/wp-content\/litespeed\/avatar\/bfdb15d1cc317fac4b66bdc91090ff11.jpg?ver=1777445370\",\"contentUrl\":\"https:\/\/nid.pl\/wp-content\/litespeed\/avatar\/bfdb15d1cc317fac4b66bdc91090ff11.jpg?ver=1777445370\",\"caption\":\"Monika Ciura\"},\"url\":\"https:\/\/nid.pl\/en\/author\/mciura\/\"}]}<\/script>\n<!-- \/ Yoast SEO plugin. -->","yoast_head_json":{"title":"Webinarium \u201eZiele\u0144 w planowaniu przestrzennym i procesie rewitalizacji \u2013 uwarunkowania prawne\" - NID","robots":{"index":"index","follow":"follow","max-snippet":"max-snippet:-1","max-image-preview":"max-image-preview:large","max-video-preview":"max-video-preview:-1"},"canonical":"https:\/\/nid.pl\/en\/2025\/04\/01\/webinarium-zielen-w-planowaniu-przestrzennym-i-procesie-rewitalizacji-uwarunkowania-prawne\/","og_locale":"en_GB","og_type":"article","og_title":"Webinarium \u201eZiele\u0144 w planowaniu przestrzennym i procesie rewitalizacji \u2013 uwarunkowania prawne\" - NID","og_description":"Zapraszamy do udzia\u0142u w webinarium \u201eZiele\u0144 w planowaniu przestrzennym i procesie rewitalizacji \u2013 uwarunkowania prawne&#8221;, kt\u00f3re odb\u0119dzie si\u0119 na platformie MS Teams 14 kwietnia 2025 r. w&nbsp;godzinach 10:00-11:45. Spotkanie przeznaczone [&hellip;]","og_url":"https:\/\/nid.pl\/en\/2025\/04\/01\/webinarium-zielen-w-planowaniu-przestrzennym-i-procesie-rewitalizacji-uwarunkowania-prawne\/","og_site_name":"NID","article_publisher":"https:\/\/www.facebook.com\/zabytek","article_published_time":"2025-04-01T13:47:00+00:00","article_modified_time":"2025-04-11T12:53:56+00:00","og_image":[{"width":1857,"height":1238,"url":"https:\/\/nid.pl\/wp-content\/uploads\/2025\/04\/webinarium-rewitalizacja.jpg","type":"image\/jpeg"}],"author":"Monika Ciura","twitter_card":"summary_large_image","twitter_creator":"@NarIDpl","twitter_site":"@NarIDpl","twitter_misc":{"Written by":"Monika Ciura","Estimated reading time":"5 minutes"},"schema":{"@context":"https:\/\/schema.org","@graph":[{"@type":"Article","@id":"https:\/\/nid.pl\/2025\/04\/01\/webinarium-zielen-w-planowaniu-przestrzennym-i-procesie-rewitalizacji-uwarunkowania-prawne\/#article","isPartOf":{"@id":"https:\/\/nid.pl\/2025\/04\/01\/webinarium-zielen-w-planowaniu-przestrzennym-i-procesie-rewitalizacji-uwarunkowania-prawne\/"},"author":{"name":"Monika Ciura","@id":"https:\/\/nid.pl\/#\/schema\/person\/ab9abea4caecdccde4fb0d555271145f"},"headline":"Webinarium \u201eZiele\u0144 w planowaniu przestrzennym i procesie rewitalizacji \u2013 uwarunkowania prawne&#8221;","datePublished":"2025-04-01T13:47:00+00:00","dateModified":"2025-04-11T12:53:56+00:00","mainEntityOfPage":{"@id":"https:\/\/nid.pl\/2025\/04\/01\/webinarium-zielen-w-planowaniu-przestrzennym-i-procesie-rewitalizacji-uwarunkowania-prawne\/"},"wordCount":803,"publisher":{"@id":"https:\/\/nid.pl\/#organization"},"image":{"@id":"https:\/\/nid.pl\/2025\/04\/01\/webinarium-zielen-w-planowaniu-przestrzennym-i-procesie-rewitalizacji-uwarunkowania-prawne\/#primaryimage"},"thumbnailUrl":"https:\/\/nid.pl\/wp-content\/uploads\/2025\/04\/webinarium-rewitalizacja.jpg","articleSection":["Aktualno\u015bci","Centra Kompetencji ds. Rewitalizacji"],"inLanguage":"en-GB"},{"@type":"WebPage","@id":"https:\/\/nid.pl\/2025\/04\/01\/webinarium-zielen-w-planowaniu-przestrzennym-i-procesie-rewitalizacji-uwarunkowania-prawne\/","url":"https:\/\/nid.pl\/2025\/04\/01\/webinarium-zielen-w-planowaniu-przestrzennym-i-procesie-rewitalizacji-uwarunkowania-prawne\/","name":"Webinarium \u201eZiele\u0144 w planowaniu przestrzennym i procesie rewitalizacji \u2013 uwarunkowania prawne\" - NID","isPartOf":{"@id":"https:\/\/nid.pl\/#website"},"primaryImageOfPage":{"@id":"https:\/\/nid.pl\/2025\/04\/01\/webinarium-zielen-w-planowaniu-przestrzennym-i-procesie-rewitalizacji-uwarunkowania-prawne\/#primaryimage"},"image":{"@id":"https:\/\/nid.pl\/2025\/04\/01\/webinarium-zielen-w-planowaniu-przestrzennym-i-procesie-rewitalizacji-uwarunkowania-prawne\/#primaryimage"},"thumbnailUrl":"https:\/\/nid.pl\/wp-content\/uploads\/2025\/04\/webinarium-rewitalizacja.jpg","datePublished":"2025-04-01T13:47:00+00:00","dateModified":"2025-04-11T12:53:56+00:00","breadcrumb":{"@id":"https:\/\/nid.pl\/2025\/04\/01\/webinarium-zielen-w-planowaniu-przestrzennym-i-procesie-rewitalizacji-uwarunkowania-prawne\/#breadcrumb"},"inLanguage":"en-GB","potentialAction":[{"@type":"ReadAction","target":["https:\/\/nid.pl\/2025\/04\/01\/webinarium-zielen-w-planowaniu-przestrzennym-i-procesie-rewitalizacji-uwarunkowania-prawne\/"]}]},{"@type":"ImageObject","inLanguage":"en-GB","@id":"https:\/\/nid.pl\/2025\/04\/01\/webinarium-zielen-w-planowaniu-przestrzennym-i-procesie-rewitalizacji-uwarunkowania-prawne\/#primaryimage","url":"https:\/\/nid.pl\/wp-content\/uploads\/2025\/04\/webinarium-rewitalizacja.jpg","contentUrl":"https:\/\/nid.pl\/wp-content\/uploads\/2025\/04\/webinarium-rewitalizacja.jpg","width":1857,"height":1238,"caption":"laptop na kt\u00f3rym wy\u015bwietla si\u0119 obraz Warszawy"},{"@type":"BreadcrumbList","@id":"https:\/\/nid.pl\/2025\/04\/01\/webinarium-zielen-w-planowaniu-przestrzennym-i-procesie-rewitalizacji-uwarunkowania-prawne\/#breadcrumb","itemListElement":[{"@type":"ListItem","position":1,"name":"Home","item":"https:\/\/nid.pl\/"},{"@type":"ListItem","position":2,"name":"Webinarium \u201eZiele\u0144 w planowaniu przestrzennym i procesie rewitalizacji \u2013 uwarunkowania prawne&#8221;"}]},{"@type":"WebSite","@id":"https:\/\/nid.pl\/#website","url":"https:\/\/nid.pl\/","name":"NID","description":"Narodowy Instytut Dziedzictwa","publisher":{"@id":"https:\/\/nid.pl\/#organization"},"potentialAction":[{"@type":"SearchAction","target":{"@type":"EntryPoint","urlTemplate":"https:\/\/nid.pl\/?s={search_term_string}"},"query-input":{"@type":"PropertyValueSpecification","valueRequired":true,"valueName":"search_term_string"}}],"inLanguage":"en-GB"},{"@type":"Organization","@id":"https:\/\/nid.pl\/#organization","name":"Narodowy Instytut Dziedzictwa","url":"https:\/\/nid.pl\/","logo":{"@type":"ImageObject","inLanguage":"en-GB","@id":"https:\/\/nid.pl\/#\/schema\/logo\/image\/","url":"https:\/\/nid.pl\/wp-content\/uploads\/2022\/10\/logoRedDark.png","contentUrl":"https:\/\/nid.pl\/wp-content\/uploads\/2022\/10\/logoRedDark.png","width":200,"height":197,"caption":"Narodowy Instytut Dziedzictwa"},"image":{"@id":"https:\/\/nid.pl\/#\/schema\/logo\/image\/"},"sameAs":["https:\/\/www.facebook.com\/zabytek","https:\/\/x.com\/NarIDpl","https:\/\/www.instagram.com\/nid.pl\/?hl=pl","https:\/\/www.linkedin.com\/company\/narodowy-instytut-dziedzictwa","https:\/\/www.youtube.com\/channel\/UCQXuhKa2uHtmNvLRUSx40JA"]},{"@type":"Person","@id":"https:\/\/nid.pl\/#\/schema\/person\/ab9abea4caecdccde4fb0d555271145f","name":"Monika Ciura","image":{"@type":"ImageObject","inLanguage":"en-GB","@id":"https:\/\/nid.pl\/#\/schema\/person\/image\/","url":"https:\/\/nid.pl\/wp-content\/litespeed\/avatar\/bfdb15d1cc317fac4b66bdc91090ff11.jpg?ver=1777445370","contentUrl":"https:\/\/nid.pl\/wp-content\/litespeed\/avatar\/bfdb15d1cc317fac4b66bdc91090ff11.jpg?ver=1777445370","caption":"Monika Ciura"},"url":"https:\/\/nid.pl\/en\/author\/mciura\/"}]}},"_links":{"self":[{"href":"https:\/\/nid.pl\/en\/wp-json\/wp\/v2\/posts\/26159","targetHints":{"allow":["GET"]}}],"collection":[{"href":"https:\/\/nid.pl\/en\/wp-json\/wp\/v2\/posts"}],"about":[{"href":"https:\/\/nid.pl\/en\/wp-json\/wp\/v2\/types\/post"}],"author":[{"embeddable":true,"href":"https:\/\/nid.pl\/en\/wp-json\/wp\/v2\/users\/15"}],"replies":[{"embeddable":true,"href":"https:\/\/nid.pl\/en\/wp-json\/wp\/v2\/comments?post=26159"}],"version-history":[{"count":0,"href":"https:\/\/nid.pl\/en\/wp-json\/wp\/v2\/posts\/26159\/revisions"}],"wp:featuredmedia":[{"embeddable":true,"href":"https:\/\/nid.pl\/en\/wp-json\/wp\/v2\/media\/26166"}],"wp:attachment":[{"href":"https:\/\/nid.pl\/en\/wp-json\/wp\/v2\/media?parent=26159"}],"wp:term":[{"taxonomy":"category","embeddable":true,"href":"https:\/\/nid.pl\/en\/wp-json\/wp\/v2\/categories?post=26159"},{"taxonomy":"post_tag","embeddable":true,"href":"https:\/\/nid.pl\/en\/wp-json\/wp\/v2\/tags?post=26159"}],"curies":[{"name":"wp","href":"https:\/\/api.w.org\/{rel}","templated":true}]}}