{"id":25993,"date":"2025-03-21T14:26:47","date_gmt":"2025-03-21T13:26:47","guid":{"rendered":"https:\/\/nid.pl\/?p=25993"},"modified":"2025-03-24T08:38:50","modified_gmt":"2025-03-24T07:38:50","slug":"zycie-po-zyciu-archiwow-archeologicznych-sympozjum-europejskiej-rady-archeologicznej-w-gdansku","status":"publish","type":"post","link":"https:\/\/nid.pl\/en\/2025\/03\/21\/zycie-po-zyciu-archiwow-archeologicznych-sympozjum-europejskiej-rady-archeologicznej-w-gdansku\/","title":{"rendered":"\u017bycie po \u017cyciu archiw\u00f3w archeologicznych \u2013 Sympozjum Europejskiej Rady Archeologicznej w Gda\u0144sku\u00a0"},"content":{"rendered":"<p class=\"has-medium-font-size\"><strong>Ju\u017c 27 marca rozpocznie si\u0119 26. Sympozjum Europejskiej Rady Archeologicznej. Jej cz\u0142onkowie oraz specjali\u015bci z ca\u0142ej Europy zgromadz\u0105 si\u0119, aby przez dwa dni rozmawia\u0107 o przysz\u0142o\u015bci dokumentacji archeologicznej i archiw\u00f3w w dobie cyfryzacji. Wsp\u00f3\u0142organizatorami wydarzenia s\u0105 Narodowy Instytut Dziedzictwa, Muzeum Archeologiczne w Gda\u0144sku oraz Muzeum Gda\u0144ska, kt\u00f3re jest gospodarzem sympozjum. <\/strong><strong>Wydarzenie obj\u0119te jest patronatem polskiej prezydencji w Radzie UE.<\/strong>&nbsp;<\/p>\n\n\n\n<p><\/p>\n\n\n\n<h6 class=\"wp-block-heading has-text-color has-link-color wp-elements-0669e6c3677990bc8bb5ffdd7634e25a\" style=\"color:#727272\"><strong>Europejska Rada Archeologiczna i jej misja<\/strong>&nbsp;<\/h6>\n\n\n\n<p><\/p>\n\n\n\n<p><strong>Europejska Rada Archeologiczna (EAC)<\/strong> to organizacja zrzeszaj\u0105ca przedstawicieli instytucji odpowiedzialnych za zarz\u0105dzanie dziedzictwem archeologicznym z\u00a032 kraj\u00f3w Europy. Jej dzia\u0142alno\u015b\u0107 koncentruje si\u0119 na ujednolicaniu standard\u00f3w bada\u0144 archeologicznych i zarz\u0105dzania dziedzictwem archeologicznym, a tak\u017ce na zwi\u0119kszaniu jego dost\u0119pno\u015bci dla spo\u0142ecze\u0144stwa. EAC organizuje <strong>coroczne sympozja<\/strong>, kt\u00f3re s\u0105 okazj\u0105 do wymiany do\u015bwiadcze\u0144 oraz dyskusji na temat przysz\u0142o\u015bci dziedzictwa archeologicznego w Europie.\u00a0<\/p>\n\n\n\n<p><\/p>\n\n\n\n<h6 class=\"wp-block-heading has-text-color has-link-color wp-elements-23defa69418eed06d29403d75302c818\" style=\"color:#727272\"><strong>26. Sympozjum EAC w Gda\u0144sku <\/strong>\u00a0<\/h6>\n\n\n\n<p><\/p>\n\n\n\n<p>Tegoroczne sympozjum odb\u0119dzie si\u0119 w<strong> Gda\u0144sku<\/strong> pod has\u0142em <strong>&#8220;\u017bycie po \u017cyciu archiw\u00f3w archeologicznych \u2013 dost\u0119pno\u015b\u0107 i ponowne wykorzystanie zbior\u00f3w archeologicznych w zarz\u0105dzaniu dziedzictwem&#8221;.<\/strong> Organizatorami wydarzenia s\u0105 Narodowy Instytut Dziedzictwa, Muzeum Archeologiczne w Gda\u0144sku oraz Muzeum Gda\u0144ska, kt\u00f3re jest gospodarzem konferencji. Sympozjum odbywa si\u0119 pod patronatem Polskiej Prezydencji w Radzie Unii Europejskiej.\u00a0<\/p>\n\n\n\n<p>Spotkanie obejmie<strong> trzy sesje <\/strong>tematyczne, w ramach kt\u00f3rych zaprezentowanych zostanie <strong>17 wyst\u0105pie\u0144 ekspert\u00f3w <\/strong>z ca\u0142ej Europy. Ich celem jest analiza wyzwa\u0144 zwi\u0105zanych z <strong>zarz\u0105dzaniem kolekcjami i archiwami archeologicznymi<\/strong> oraz prezentacja innowacyjnych rozwi\u0105za\u0144 u\u0142atwiaj\u0105cych ponowne wykorzystanie danych zgromadzonych w trakcie bada\u0144.\u00a0<\/p>\n\n\n\n<p><\/p>\n\n\n\n<h6 class=\"wp-block-heading has-text-color has-link-color wp-elements-f1bf2c748a874dc78c8c6950156c6c43\" style=\"color:#727272\"><strong>SESJA 1: Dane archeologiczne zgodne z zasad\u0105 FAIR <\/strong>&nbsp;<\/h6>\n\n\n\n<p><\/p>\n\n\n\n<p>Pierwsza sesja, prowadzona przez dr. Davida Nov\u00e1ka, skupi si\u0119 na zasadach <strong>FAIR (Findable, Accessible, Interoperable, Reusable)<\/strong> w zarz\u0105dzaniu danymi archeologicznymi. Julian Hollaender, Christin Keller i Philipp von Rummel, przedstawi\u0105 dzia\u0142ania konsorcjum <strong>NFDI4Objects\u00a0<\/strong>na rzecz skutecznego zarz\u0105dzania danymi badawczymi. Wyst\u0105pienie skupi si\u0119 na wyzwaniach zwi\u0105zanych z\u00a0rozwijaniem infrastruktury cyfrowej umo\u017cliwiaj\u0105cej d\u0142ugoterminowe przechowywanie i ponowne wykorzystanie danych z bada\u0144 nad obiektami historycznymi.\u00a0<\/p>\n\n\n\n<p>Nast\u0119pnie zaprezentowane zostan\u0105 dzia\u0142ania Landesamt f\u00fcr Denkmalpflege im Regierungspr\u00e4sidium Stuttgart (LAD-BW) w zakresie<strong> zarz\u0105dzania cyfrow\u0105 dokumentacj\u0105<\/strong> z wykopalisk archeologicznych w Badenii-Wirtembergii. Prelegenci, Anna-Marie D\u00fcrr, Jonas Abele, Marco Schrickel, Steffen Berger i Julian Hollaender, om\u00f3wi\u0105 rozwi\u0105zania zwi\u0105zane z d\u0142ugoterminowym przechowywaniem oraz standaryzacj\u0105 danych pochodz\u0105cych z nawet<strong> 300 bada\u0144 rocznie<\/strong>.\u00a0<\/p>\n\n\n\n<p>A jak standaryzowa\u0107 dane dotycz\u0105ce <strong>pr\u00f3bek archeologicznych<\/strong> i archeometrycznych? Na to pytanie odpowiedz\u0105 Yiu-Kang Hsu, Thomas St\u00f6llner, Ingolf L\u00f6ffler, Jan Sessing i Rorie Edmunds, prezentuj\u0105c dzia\u0142ania Deutsches Bergbau-Museum Bochum w zakresie wdra\u017cania systemu IGSN ID\u00a0(International Generic Sample Number).\u00a0<\/p>\n\n\n\n<p>Do\u015bwiadczenie w\u0119gierskie w stosowaniu zasady FAIR przedstawi\u0105 Gabor Viragos i Attila Kreiter. G\u0142\u00f3wnym tematem b\u0119dzie Hungarian Archaeology Database, internetowa baza danych tworzona przez Hungarian National Museum Public Collection Centre. Baza ta ma na celu gromadzenie i udost\u0119pnianie informacji o<strong> wszystkich zarejestrowanych stanowiskach archeologicznych<\/strong> na W\u0119grzech, w tym metadanych, dokumentacji terenowej oraz raport\u00f3w naukowych.\u00a0<\/p>\n\n\n\n<p>Jen Parker Wooding i Amanda Forster om\u00f3wi\u0105 projekt<strong> Dig Digital<\/strong>, kt\u00f3ry mia\u0142 na celu opracowanie metodologii cyfrowego archiwizowania danych oraz wdro\u017cenie jej w Wielkiej Brytanii. Prelegentki zaprezentuj\u0105 Toolkit Dig Digital \u2013 profesjonalny zestaw<strong> narz\u0119dzi, wytycznych i zasob\u00f3w <\/strong>edukacyjnych wspieraj\u0105cych zarz\u0105dzanie danymi zgodnie z zasad\u0105 FAIR.\u00a0<\/p>\n\n\n\n<p><\/p>\n\n\n\n<h6 class=\"wp-block-heading has-text-color has-link-color wp-elements-63ba0d76596d6b9d7ca06a7fc4e1a954\" style=\"color:#727272\"><strong>SESJA 2: Jak maksymalnie wykorzysta\u0107 fizyczne archiwa archeologiczne?<\/strong>&nbsp;<\/h6>\n\n\n\n<p><\/p>\n\n\n\n<p>Pod przewodnictwem Kaat De Langhe om\u00f3wione zostan\u0105 wyzwania zwi\u0105zane z przechowywaniem i udost\u0119pnianiem zbior\u00f3w archeologicznych. &nbsp;<\/p>\n\n\n\n<p>Peter McKeague z Historic Environment Scotland (HES) om\u00f3wi wyzwania i mo\u017cliwo\u015bci zwi\u0105zane z archiwizacj\u0105 oraz udost\u0119pnianiem danych o<strong> szkockim dziedzictwie morskim<\/strong>. Szczeg\u00f3ln\u0105 uwag\u0119 zwr\u00f3ci na wykorzystanie nowoczesnych technologii, w tym\u00a0tworzenie modeli 3D, kt\u00f3re mog\u0105 znacz\u0105co zwi\u0119kszy\u0107 zaanga\u017cowanie spo\u0142eczne i poprawi\u0107 dost\u0119p do tre\u015bci online.\u00a0<\/p>\n\n\n\n<p>Rachel Barrett opowie jak Irlandia poradzi\u0142a sobie z brakiem ujednoliconych wytycznych dotycz\u0105cych<strong> przechowywania dokumentacji z wykopalisk.<\/strong> Podobnymi do\u015bwiadczeniami podziel\u0105 si\u0119 \u00c1rmann Gu\u00f0mundsson i Hr\u00f6nn Konr\u00e1\u00f0sd\u00f3ttir z National Museum of Iceland. W tym kraju pierwsze <strong>standardy baz danych<\/strong> wprowadzono dopiero oko\u0142o 10 lat temu.\u00a0<\/p>\n\n\n\n<p>Nathalie Vossen\u00a0om\u00f3wi wyniki 10-letniego <strong>monitoringu dost\u0119pno\u015bci magazyn\u00f3w archeologicznych<\/strong>\u00a0w Holandii. Zgodnie z Dutch Heritage Act, ka\u017cda prowincja musi przechowywa\u0107 znaleziska archeologiczne oraz dokumentacj\u0119 wykopaliskow\u0105 w warunkach zapewniaj\u0105cych ich d\u0142ugoterminowe zachowanie i dost\u0119pno\u015b\u0107. \u00a0<\/p>\n\n\n\n<p>W Belgii z kolei wprowadzono <strong>&#8220;immovable heritage depots&#8221;<\/strong>, kt\u00f3re przechowuj\u0105 obiekty usuni\u0119te z pierwotnych lokalizacji. Wyst\u0105pienie Lien Lombaert i Lieselotte Desnerck\u00a0skupi si\u0119 na wyzwaniach zwi\u0105zanych z zachowaniem ich kontekstu historycznego oraz skutecznym udost\u0119pnianiem dziedzictwa spo\u0142ecze\u0144stwu.\u00a0<\/p>\n\n\n\n<p>Prelekcja Sophie Deno\u00ebl i Claire Goffioul\u00a0b\u0119dzie dotyczy\u0142a nowoczesnego zarz\u0105dzania archiwami archeologicznymi w Walonii, kt\u00f3re mierzy si\u0119 z <strong>wyzwaniami klimatycznymi<\/strong>, zmianami prawnymi oraz transformacj\u0105 cyfrow\u0105. Szczeg\u00f3lna uwaga po\u015bwi\u0119cona zostanie katastrofalnym powodziom z 2021 roku.\u00a0<\/p>\n\n\n\n<p><\/p>\n\n\n\n<h6 class=\"wp-block-heading has-text-color has-link-color wp-elements-3a0272f7a56e0844d4703b02d1ad25a6\" style=\"color:#727272\"><strong>SESJA 3: Poza archeologi\u0105 \u2013 warto\u015b\u0107 archiw\u00f3w archeologicznych<\/strong>&nbsp;<\/h6>\n\n\n\n<p><\/p>\n\n\n\n<p>Trzecia sesja, prowadzona przez Adriana Oliviera, skupi si\u0119 na interdyscyplinarnym wykorzystaniu archiw\u00f3w archeologicznych. Agnieszka Oniszczuk z Narodowego Instytutu Dziedzictwa zaproponuje model integracji lokalnych mieszka\u0144c\u00f3w wok\u00f3\u0142 dziedzictwa archeologicznego. Barney Sloane wska\u017ce, jak kwerendy archiwalne mog\u0105 przyczyni\u0107 si\u0119 do <strong>bada\u0144 nad ewolucj\u0105 cz\u0142owieka<\/strong>, chorobami i bior\u00f3\u017cnorodno\u015bci\u0105. Paulina Florjanowicz z Narodowego Instytutu Muze\u00f3w zaprezentuje z kolei znaczenie <strong>historycznych decyzji politycznych<\/strong> dla wsp\u00f3\u0142czesnej ochrony dziedzictwa. \u00a0<\/p>\n\n\n\n<p>Transport Infrastructure Ireland od 2001 roku nadzorowa\u0142o ponad 2 000 bada\u0144 archeologicznych realizowanych w ramach budowy\u00a0infrastruktury dr\u00f3g. Prezentacja Jamesa Eogana skupi si\u0119 na inicjatywie, w ramach kt\u00f3rej udost\u0119pniono ponad <strong>2 600 raport\u00f3w z wykopalisk, <\/strong>skany 3D, dane geofizyczne oraz publikacje naukowe.\u00a0<\/p>\n\n\n\n<p>Przedstawiciele The Discovery Programm opowiedz\u0105 o projekcie 5Dculture, realizowanym przez 24 miesi\u0105ce z udzia\u0142em dwunastu partner\u00f3w z sektor\u00f3w dziedzictwa kulturowego, muzealnictwa i mody. Mia\u0142 on na celu zwi\u0119kszenie wykorzystania <strong>zasob\u00f3w 3D w edukacji, turystyce i sektorach kreatywnych<\/strong>. \u00a0<\/p>\n\n\n\n<p>Sympozjum zako\u0144czy prezentacja Jiri\u2019ego Ungera, Martina Kostala, Jiri\u2019ego Kosty\u00a0kt\u00f3rzy poka\u017c\u0105, jak wykorzysta\u0107 archiwa archeologiczne w <strong>cyfrowym storytellingu<\/strong>. Prezentacja skupi si\u0119 na przekszta\u0142caniu statycznych materia\u0142\u00f3w archiwalnych w dynamiczne i anga\u017cuj\u0105ce narz\u0119dzia edukacyjne.\u00a0<\/p>\n\n\n\n<p><\/p>\n\n\n\n<p><a href=\"https:\/\/www.europae-archaeologiae-consilium.org\/_files\/ugd\/881a59_50176205aec244599928950b742fdd41.pdf\" target=\"_blank\" rel=\"noreferrer noopener\">Program wydarzenia<\/a> &nbsp;<\/p>\n\n\n\n<p><a href=\"https:\/\/www.europae-archaeologiae-consilium.org\/_files\/ugd\/881a59_cdb8629f71fe44fcbebfc9ec82258361.pdf\" target=\"_blank\" rel=\"noreferrer noopener\">Ksi\u0119ga abstrakt\u00f3w<\/a> &nbsp;&nbsp;<\/p>\n\n\n\n<p><\/p>\n\n\n\n<p>Wi\u0119cej na temat Europejskiej Rady Archeologicznej, jej dzia\u0142alno\u015bci oraz poprzednich sympozj\u00f3w znajdziesz <a href=\"https:\/\/www.europae-archaeologiae-consilium.org\/\" target=\"_blank\" rel=\"noreferrer noopener\">tutaj.<\/a>&nbsp;<\/p>\n\n\n\n<p><\/p>\n\n\n\n<h6 class=\"wp-block-heading has-text-color has-link-color wp-elements-1653e156da624b988e491dc28e8346f2\" style=\"color:#727272\"><strong>Podsumowanie \u2013 nowe wyzwania i kierunki rozwoju<\/strong>&nbsp;<\/h6>\n\n\n\n<p>Sympozjum w Gda\u0144sku stanowi wyj\u0105tkow\u0105 okazj\u0119 do om\u00f3wienia przysz\u0142o\u015bci archiw\u00f3w archeologicznych i ich roli w badaniach, edukacji oraz zarz\u0105dzaniu dziedzictwem. Wsp\u00f3\u0142czesne technologie, od cyfryzacji po modelowanie 3D, otwieraj\u0105 nowe mo\u017cliwo\u015bci dla naukowc\u00f3w, muzealnik\u00f3w i spo\u0142eczno\u015bci lokalnych. Tegoroczne spotkanie EAC pomo\u017ce w wypracowaniu wsp\u00f3lnych standard\u00f3w i metodologii, kt\u00f3re uczyni\u0105 archeologiczne archiwa bardziej dost\u0119pnymi i u\u017cytecznymi w r\u00f3\u017cnych obszarach \u017cycia spo\u0142ecznego.&nbsp;<\/p>\n\n\n\n<p><\/p>\n\n\n\n<p>Organizacja 26. Sympozjum Europejskiej Rady Archeologicznej finansowana jest ze \u015brodk\u00f3w Ministra Kultury i Dziedzictwa Narodowego. \u00a0<br>Wsp\u00f3\u0142organizatorami wydarzenia s\u0105 Narodowy Instytut Dziedzictwa, Muzeum Archeologiczne w Gda\u0144sku oraz Muzeum Gda\u0144ska.\u00a0<br>Wydarzenie obj\u0119te jest patronatem polskiej prezydencji w Radzie UE.\u00a0<\/p>\n\n\n\n<p><\/p>\n\n\n\n<p><\/p>\n\n\n\n<p><\/p>","protected":false},"excerpt":{"rendered":"<p>Ju\u017c 27 marca rozpocznie si\u0119 26. Sympozjum Europejskiej Rady Archeologicznej. Jej cz\u0142onkowie oraz specjali\u015bci z ca\u0142ej Europy zgromadz\u0105 si\u0119, aby przez dwa dni rozmawia\u0107 o przysz\u0142o\u015bci dokumentacji archeologicznej i archiw\u00f3w [&hellip;]<\/p>","protected":false},"author":15,"featured_media":26005,"comment_status":"closed","ping_status":"closed","sticky":false,"template":"","format":"standard","meta":{"_et_pb_use_builder":"off","_et_pb_old_content":"","_et_gb_content_width":"","_monsterinsights_skip_tracking":false,"_monsterinsights_sitenote_active":false,"_monsterinsights_sitenote_note":"","_monsterinsights_sitenote_category":0,"footnotes":""},"categories":[3],"tags":[],"class_list":["post-25993","post","type-post","status-publish","format-standard","has-post-thumbnail","hentry","category-aktualnosci"],"yoast_head":"<!-- This site is optimized with the Yoast SEO plugin v26.5 - https:\/\/yoast.com\/wordpress\/plugins\/seo\/ -->\n<title>\u017bycie po \u017cyciu archiw\u00f3w archeologicznych \u2013 Sympozjum Europejskiej Rady Archeologicznej w Gda\u0144sku\u00a0 - NID<\/title>\n<meta name=\"robots\" content=\"index, follow, max-snippet:-1, max-image-preview:large, max-video-preview:-1\" \/>\n<link rel=\"canonical\" href=\"https:\/\/nid.pl\/en\/2025\/03\/21\/zycie-po-zyciu-archiwow-archeologicznych-sympozjum-europejskiej-rady-archeologicznej-w-gdansku\/\" \/>\n<meta property=\"og:locale\" content=\"en_GB\" \/>\n<meta property=\"og:type\" content=\"article\" \/>\n<meta property=\"og:title\" content=\"\u017bycie po \u017cyciu archiw\u00f3w archeologicznych \u2013 Sympozjum Europejskiej Rady Archeologicznej w Gda\u0144sku\u00a0 - NID\" \/>\n<meta property=\"og:description\" content=\"Ju\u017c 27 marca rozpocznie si\u0119 26. Sympozjum Europejskiej Rady Archeologicznej. Jej cz\u0142onkowie oraz specjali\u015bci z ca\u0142ej Europy zgromadz\u0105 si\u0119, aby przez dwa dni rozmawia\u0107 o przysz\u0142o\u015bci dokumentacji archeologicznej i archiw\u00f3w [&hellip;]\" \/>\n<meta property=\"og:url\" content=\"https:\/\/nid.pl\/en\/2025\/03\/21\/zycie-po-zyciu-archiwow-archeologicznych-sympozjum-europejskiej-rady-archeologicznej-w-gdansku\/\" \/>\n<meta property=\"og:site_name\" content=\"NID\" \/>\n<meta property=\"article:publisher\" content=\"https:\/\/www.facebook.com\/zabytek\" \/>\n<meta property=\"article:published_time\" content=\"2025-03-21T13:26:47+00:00\" \/>\n<meta property=\"article:modified_time\" content=\"2025-03-24T07:38:50+00:00\" \/>\n<meta property=\"og:image\" content=\"https:\/\/nid.pl\/wp-content\/uploads\/2025\/03\/miniatura-EAC.jpg\" \/>\n\t<meta property=\"og:image:width\" content=\"1857\" \/>\n\t<meta property=\"og:image:height\" content=\"1238\" \/>\n\t<meta property=\"og:image:type\" content=\"image\/jpeg\" \/>\n<meta name=\"author\" content=\"Monika Ciura\" \/>\n<meta name=\"twitter:card\" content=\"summary_large_image\" \/>\n<meta name=\"twitter:creator\" content=\"@NarIDpl\" \/>\n<meta name=\"twitter:site\" content=\"@NarIDpl\" \/>\n<meta name=\"twitter:label1\" content=\"Written by\" \/>\n\t<meta name=\"twitter:data1\" content=\"Monika Ciura\" \/>\n\t<meta name=\"twitter:label2\" content=\"Estimated reading time\" \/>\n\t<meta name=\"twitter:data2\" content=\"7 minutes\" \/>\n<script type=\"application\/ld+json\" class=\"yoast-schema-graph\">{\"@context\":\"https:\/\/schema.org\",\"@graph\":[{\"@type\":\"Article\",\"@id\":\"https:\/\/nid.pl\/2025\/03\/21\/zycie-po-zyciu-archiwow-archeologicznych-sympozjum-europejskiej-rady-archeologicznej-w-gdansku\/#article\",\"isPartOf\":{\"@id\":\"https:\/\/nid.pl\/2025\/03\/21\/zycie-po-zyciu-archiwow-archeologicznych-sympozjum-europejskiej-rady-archeologicznej-w-gdansku\/\"},\"author\":{\"name\":\"Monika Ciura\",\"@id\":\"https:\/\/nid.pl\/#\/schema\/person\/ab9abea4caecdccde4fb0d555271145f\"},\"headline\":\"\u017bycie po \u017cyciu archiw\u00f3w archeologicznych \u2013 Sympozjum Europejskiej Rady Archeologicznej w Gda\u0144sku\u00a0\",\"datePublished\":\"2025-03-21T13:26:47+00:00\",\"dateModified\":\"2025-03-24T07:38:50+00:00\",\"mainEntityOfPage\":{\"@id\":\"https:\/\/nid.pl\/2025\/03\/21\/zycie-po-zyciu-archiwow-archeologicznych-sympozjum-europejskiej-rady-archeologicznej-w-gdansku\/\"},\"wordCount\":1190,\"publisher\":{\"@id\":\"https:\/\/nid.pl\/#organization\"},\"image\":{\"@id\":\"https:\/\/nid.pl\/2025\/03\/21\/zycie-po-zyciu-archiwow-archeologicznych-sympozjum-europejskiej-rady-archeologicznej-w-gdansku\/#primaryimage\"},\"thumbnailUrl\":\"https:\/\/nid.pl\/wp-content\/uploads\/2025\/03\/miniatura-EAC.jpg\",\"articleSection\":[\"Aktualno\u015bci\"],\"inLanguage\":\"en-GB\"},{\"@type\":\"WebPage\",\"@id\":\"https:\/\/nid.pl\/2025\/03\/21\/zycie-po-zyciu-archiwow-archeologicznych-sympozjum-europejskiej-rady-archeologicznej-w-gdansku\/\",\"url\":\"https:\/\/nid.pl\/2025\/03\/21\/zycie-po-zyciu-archiwow-archeologicznych-sympozjum-europejskiej-rady-archeologicznej-w-gdansku\/\",\"name\":\"\u017bycie po \u017cyciu archiw\u00f3w archeologicznych \u2013 Sympozjum Europejskiej Rady Archeologicznej w Gda\u0144sku\u00a0 - NID\",\"isPartOf\":{\"@id\":\"https:\/\/nid.pl\/#website\"},\"primaryImageOfPage\":{\"@id\":\"https:\/\/nid.pl\/2025\/03\/21\/zycie-po-zyciu-archiwow-archeologicznych-sympozjum-europejskiej-rady-archeologicznej-w-gdansku\/#primaryimage\"},\"image\":{\"@id\":\"https:\/\/nid.pl\/2025\/03\/21\/zycie-po-zyciu-archiwow-archeologicznych-sympozjum-europejskiej-rady-archeologicznej-w-gdansku\/#primaryimage\"},\"thumbnailUrl\":\"https:\/\/nid.pl\/wp-content\/uploads\/2025\/03\/miniatura-EAC.jpg\",\"datePublished\":\"2025-03-21T13:26:47+00:00\",\"dateModified\":\"2025-03-24T07:38:50+00:00\",\"breadcrumb\":{\"@id\":\"https:\/\/nid.pl\/2025\/03\/21\/zycie-po-zyciu-archiwow-archeologicznych-sympozjum-europejskiej-rady-archeologicznej-w-gdansku\/#breadcrumb\"},\"inLanguage\":\"en-GB\",\"potentialAction\":[{\"@type\":\"ReadAction\",\"target\":[\"https:\/\/nid.pl\/2025\/03\/21\/zycie-po-zyciu-archiwow-archeologicznych-sympozjum-europejskiej-rady-archeologicznej-w-gdansku\/\"]}]},{\"@type\":\"ImageObject\",\"inLanguage\":\"en-GB\",\"@id\":\"https:\/\/nid.pl\/2025\/03\/21\/zycie-po-zyciu-archiwow-archeologicznych-sympozjum-europejskiej-rady-archeologicznej-w-gdansku\/#primaryimage\",\"url\":\"https:\/\/nid.pl\/wp-content\/uploads\/2025\/03\/miniatura-EAC.jpg\",\"contentUrl\":\"https:\/\/nid.pl\/wp-content\/uploads\/2025\/03\/miniatura-EAC.jpg\",\"width\":1857,\"height\":1238,\"caption\":\"urna twarzowa kultury pomorskiej na fioletowym tle\"},{\"@type\":\"BreadcrumbList\",\"@id\":\"https:\/\/nid.pl\/2025\/03\/21\/zycie-po-zyciu-archiwow-archeologicznych-sympozjum-europejskiej-rady-archeologicznej-w-gdansku\/#breadcrumb\",\"itemListElement\":[{\"@type\":\"ListItem\",\"position\":1,\"name\":\"Home\",\"item\":\"https:\/\/nid.pl\/\"},{\"@type\":\"ListItem\",\"position\":2,\"name\":\"\u017bycie po \u017cyciu archiw\u00f3w archeologicznych \u2013 Sympozjum Europejskiej Rady Archeologicznej w Gda\u0144sku\u00a0\"}]},{\"@type\":\"WebSite\",\"@id\":\"https:\/\/nid.pl\/#website\",\"url\":\"https:\/\/nid.pl\/\",\"name\":\"NID\",\"description\":\"Narodowy Instytut Dziedzictwa\",\"publisher\":{\"@id\":\"https:\/\/nid.pl\/#organization\"},\"potentialAction\":[{\"@type\":\"SearchAction\",\"target\":{\"@type\":\"EntryPoint\",\"urlTemplate\":\"https:\/\/nid.pl\/?s={search_term_string}\"},\"query-input\":{\"@type\":\"PropertyValueSpecification\",\"valueRequired\":true,\"valueName\":\"search_term_string\"}}],\"inLanguage\":\"en-GB\"},{\"@type\":\"Organization\",\"@id\":\"https:\/\/nid.pl\/#organization\",\"name\":\"Narodowy Instytut Dziedzictwa\",\"url\":\"https:\/\/nid.pl\/\",\"logo\":{\"@type\":\"ImageObject\",\"inLanguage\":\"en-GB\",\"@id\":\"https:\/\/nid.pl\/#\/schema\/logo\/image\/\",\"url\":\"https:\/\/nid.pl\/wp-content\/uploads\/2022\/10\/logoRedDark.png\",\"contentUrl\":\"https:\/\/nid.pl\/wp-content\/uploads\/2022\/10\/logoRedDark.png\",\"width\":200,\"height\":197,\"caption\":\"Narodowy Instytut Dziedzictwa\"},\"image\":{\"@id\":\"https:\/\/nid.pl\/#\/schema\/logo\/image\/\"},\"sameAs\":[\"https:\/\/www.facebook.com\/zabytek\",\"https:\/\/x.com\/NarIDpl\",\"https:\/\/www.instagram.com\/nid.pl\/?hl=pl\",\"https:\/\/www.linkedin.com\/company\/narodowy-instytut-dziedzictwa\",\"https:\/\/www.youtube.com\/channel\/UCQXuhKa2uHtmNvLRUSx40JA\"]},{\"@type\":\"Person\",\"@id\":\"https:\/\/nid.pl\/#\/schema\/person\/ab9abea4caecdccde4fb0d555271145f\",\"name\":\"Monika Ciura\",\"image\":{\"@type\":\"ImageObject\",\"inLanguage\":\"en-GB\",\"@id\":\"https:\/\/nid.pl\/#\/schema\/person\/image\/\",\"url\":\"https:\/\/nid.pl\/wp-content\/litespeed\/avatar\/bfdb15d1cc317fac4b66bdc91090ff11.jpg?ver=1776840533\",\"contentUrl\":\"https:\/\/nid.pl\/wp-content\/litespeed\/avatar\/bfdb15d1cc317fac4b66bdc91090ff11.jpg?ver=1776840533\",\"caption\":\"Monika Ciura\"},\"url\":\"https:\/\/nid.pl\/en\/author\/mciura\/\"}]}<\/script>\n<!-- \/ Yoast SEO plugin. -->","yoast_head_json":{"title":"\u017bycie po \u017cyciu archiw\u00f3w archeologicznych \u2013 Sympozjum Europejskiej Rady Archeologicznej w Gda\u0144sku\u00a0 - NID","robots":{"index":"index","follow":"follow","max-snippet":"max-snippet:-1","max-image-preview":"max-image-preview:large","max-video-preview":"max-video-preview:-1"},"canonical":"https:\/\/nid.pl\/en\/2025\/03\/21\/zycie-po-zyciu-archiwow-archeologicznych-sympozjum-europejskiej-rady-archeologicznej-w-gdansku\/","og_locale":"en_GB","og_type":"article","og_title":"\u017bycie po \u017cyciu archiw\u00f3w archeologicznych \u2013 Sympozjum Europejskiej Rady Archeologicznej w Gda\u0144sku\u00a0 - NID","og_description":"Ju\u017c 27 marca rozpocznie si\u0119 26. Sympozjum Europejskiej Rady Archeologicznej. Jej cz\u0142onkowie oraz specjali\u015bci z ca\u0142ej Europy zgromadz\u0105 si\u0119, aby przez dwa dni rozmawia\u0107 o przysz\u0142o\u015bci dokumentacji archeologicznej i archiw\u00f3w [&hellip;]","og_url":"https:\/\/nid.pl\/en\/2025\/03\/21\/zycie-po-zyciu-archiwow-archeologicznych-sympozjum-europejskiej-rady-archeologicznej-w-gdansku\/","og_site_name":"NID","article_publisher":"https:\/\/www.facebook.com\/zabytek","article_published_time":"2025-03-21T13:26:47+00:00","article_modified_time":"2025-03-24T07:38:50+00:00","og_image":[{"width":1857,"height":1238,"url":"https:\/\/nid.pl\/wp-content\/uploads\/2025\/03\/miniatura-EAC.jpg","type":"image\/jpeg"}],"author":"Monika Ciura","twitter_card":"summary_large_image","twitter_creator":"@NarIDpl","twitter_site":"@NarIDpl","twitter_misc":{"Written by":"Monika Ciura","Estimated reading time":"7 minutes"},"schema":{"@context":"https:\/\/schema.org","@graph":[{"@type":"Article","@id":"https:\/\/nid.pl\/2025\/03\/21\/zycie-po-zyciu-archiwow-archeologicznych-sympozjum-europejskiej-rady-archeologicznej-w-gdansku\/#article","isPartOf":{"@id":"https:\/\/nid.pl\/2025\/03\/21\/zycie-po-zyciu-archiwow-archeologicznych-sympozjum-europejskiej-rady-archeologicznej-w-gdansku\/"},"author":{"name":"Monika Ciura","@id":"https:\/\/nid.pl\/#\/schema\/person\/ab9abea4caecdccde4fb0d555271145f"},"headline":"\u017bycie po \u017cyciu archiw\u00f3w archeologicznych \u2013 Sympozjum Europejskiej Rady Archeologicznej w Gda\u0144sku\u00a0","datePublished":"2025-03-21T13:26:47+00:00","dateModified":"2025-03-24T07:38:50+00:00","mainEntityOfPage":{"@id":"https:\/\/nid.pl\/2025\/03\/21\/zycie-po-zyciu-archiwow-archeologicznych-sympozjum-europejskiej-rady-archeologicznej-w-gdansku\/"},"wordCount":1190,"publisher":{"@id":"https:\/\/nid.pl\/#organization"},"image":{"@id":"https:\/\/nid.pl\/2025\/03\/21\/zycie-po-zyciu-archiwow-archeologicznych-sympozjum-europejskiej-rady-archeologicznej-w-gdansku\/#primaryimage"},"thumbnailUrl":"https:\/\/nid.pl\/wp-content\/uploads\/2025\/03\/miniatura-EAC.jpg","articleSection":["Aktualno\u015bci"],"inLanguage":"en-GB"},{"@type":"WebPage","@id":"https:\/\/nid.pl\/2025\/03\/21\/zycie-po-zyciu-archiwow-archeologicznych-sympozjum-europejskiej-rady-archeologicznej-w-gdansku\/","url":"https:\/\/nid.pl\/2025\/03\/21\/zycie-po-zyciu-archiwow-archeologicznych-sympozjum-europejskiej-rady-archeologicznej-w-gdansku\/","name":"\u017bycie po \u017cyciu archiw\u00f3w archeologicznych \u2013 Sympozjum Europejskiej Rady Archeologicznej w Gda\u0144sku\u00a0 - NID","isPartOf":{"@id":"https:\/\/nid.pl\/#website"},"primaryImageOfPage":{"@id":"https:\/\/nid.pl\/2025\/03\/21\/zycie-po-zyciu-archiwow-archeologicznych-sympozjum-europejskiej-rady-archeologicznej-w-gdansku\/#primaryimage"},"image":{"@id":"https:\/\/nid.pl\/2025\/03\/21\/zycie-po-zyciu-archiwow-archeologicznych-sympozjum-europejskiej-rady-archeologicznej-w-gdansku\/#primaryimage"},"thumbnailUrl":"https:\/\/nid.pl\/wp-content\/uploads\/2025\/03\/miniatura-EAC.jpg","datePublished":"2025-03-21T13:26:47+00:00","dateModified":"2025-03-24T07:38:50+00:00","breadcrumb":{"@id":"https:\/\/nid.pl\/2025\/03\/21\/zycie-po-zyciu-archiwow-archeologicznych-sympozjum-europejskiej-rady-archeologicznej-w-gdansku\/#breadcrumb"},"inLanguage":"en-GB","potentialAction":[{"@type":"ReadAction","target":["https:\/\/nid.pl\/2025\/03\/21\/zycie-po-zyciu-archiwow-archeologicznych-sympozjum-europejskiej-rady-archeologicznej-w-gdansku\/"]}]},{"@type":"ImageObject","inLanguage":"en-GB","@id":"https:\/\/nid.pl\/2025\/03\/21\/zycie-po-zyciu-archiwow-archeologicznych-sympozjum-europejskiej-rady-archeologicznej-w-gdansku\/#primaryimage","url":"https:\/\/nid.pl\/wp-content\/uploads\/2025\/03\/miniatura-EAC.jpg","contentUrl":"https:\/\/nid.pl\/wp-content\/uploads\/2025\/03\/miniatura-EAC.jpg","width":1857,"height":1238,"caption":"urna twarzowa kultury pomorskiej na fioletowym tle"},{"@type":"BreadcrumbList","@id":"https:\/\/nid.pl\/2025\/03\/21\/zycie-po-zyciu-archiwow-archeologicznych-sympozjum-europejskiej-rady-archeologicznej-w-gdansku\/#breadcrumb","itemListElement":[{"@type":"ListItem","position":1,"name":"Home","item":"https:\/\/nid.pl\/"},{"@type":"ListItem","position":2,"name":"\u017bycie po \u017cyciu archiw\u00f3w archeologicznych \u2013 Sympozjum Europejskiej Rady Archeologicznej w Gda\u0144sku\u00a0"}]},{"@type":"WebSite","@id":"https:\/\/nid.pl\/#website","url":"https:\/\/nid.pl\/","name":"NID","description":"Narodowy Instytut Dziedzictwa","publisher":{"@id":"https:\/\/nid.pl\/#organization"},"potentialAction":[{"@type":"SearchAction","target":{"@type":"EntryPoint","urlTemplate":"https:\/\/nid.pl\/?s={search_term_string}"},"query-input":{"@type":"PropertyValueSpecification","valueRequired":true,"valueName":"search_term_string"}}],"inLanguage":"en-GB"},{"@type":"Organization","@id":"https:\/\/nid.pl\/#organization","name":"Narodowy Instytut Dziedzictwa","url":"https:\/\/nid.pl\/","logo":{"@type":"ImageObject","inLanguage":"en-GB","@id":"https:\/\/nid.pl\/#\/schema\/logo\/image\/","url":"https:\/\/nid.pl\/wp-content\/uploads\/2022\/10\/logoRedDark.png","contentUrl":"https:\/\/nid.pl\/wp-content\/uploads\/2022\/10\/logoRedDark.png","width":200,"height":197,"caption":"Narodowy Instytut Dziedzictwa"},"image":{"@id":"https:\/\/nid.pl\/#\/schema\/logo\/image\/"},"sameAs":["https:\/\/www.facebook.com\/zabytek","https:\/\/x.com\/NarIDpl","https:\/\/www.instagram.com\/nid.pl\/?hl=pl","https:\/\/www.linkedin.com\/company\/narodowy-instytut-dziedzictwa","https:\/\/www.youtube.com\/channel\/UCQXuhKa2uHtmNvLRUSx40JA"]},{"@type":"Person","@id":"https:\/\/nid.pl\/#\/schema\/person\/ab9abea4caecdccde4fb0d555271145f","name":"Monika Ciura","image":{"@type":"ImageObject","inLanguage":"en-GB","@id":"https:\/\/nid.pl\/#\/schema\/person\/image\/","url":"https:\/\/nid.pl\/wp-content\/litespeed\/avatar\/bfdb15d1cc317fac4b66bdc91090ff11.jpg?ver=1776840533","contentUrl":"https:\/\/nid.pl\/wp-content\/litespeed\/avatar\/bfdb15d1cc317fac4b66bdc91090ff11.jpg?ver=1776840533","caption":"Monika Ciura"},"url":"https:\/\/nid.pl\/en\/author\/mciura\/"}]}},"_links":{"self":[{"href":"https:\/\/nid.pl\/en\/wp-json\/wp\/v2\/posts\/25993","targetHints":{"allow":["GET"]}}],"collection":[{"href":"https:\/\/nid.pl\/en\/wp-json\/wp\/v2\/posts"}],"about":[{"href":"https:\/\/nid.pl\/en\/wp-json\/wp\/v2\/types\/post"}],"author":[{"embeddable":true,"href":"https:\/\/nid.pl\/en\/wp-json\/wp\/v2\/users\/15"}],"replies":[{"embeddable":true,"href":"https:\/\/nid.pl\/en\/wp-json\/wp\/v2\/comments?post=25993"}],"version-history":[{"count":0,"href":"https:\/\/nid.pl\/en\/wp-json\/wp\/v2\/posts\/25993\/revisions"}],"wp:featuredmedia":[{"embeddable":true,"href":"https:\/\/nid.pl\/en\/wp-json\/wp\/v2\/media\/26005"}],"wp:attachment":[{"href":"https:\/\/nid.pl\/en\/wp-json\/wp\/v2\/media?parent=25993"}],"wp:term":[{"taxonomy":"category","embeddable":true,"href":"https:\/\/nid.pl\/en\/wp-json\/wp\/v2\/categories?post=25993"},{"taxonomy":"post_tag","embeddable":true,"href":"https:\/\/nid.pl\/en\/wp-json\/wp\/v2\/tags?post=25993"}],"curies":[{"name":"wp","href":"https:\/\/api.w.org\/{rel}","templated":true}]}}