{"id":25950,"date":"2025-03-19T11:59:48","date_gmt":"2025-03-19T10:59:48","guid":{"rendered":"https:\/\/nid.pl\/?p=25950"},"modified":"2025-05-20T14:06:32","modified_gmt":"2025-05-20T12:06:32","slug":"skuteczne-strategie-ochrony-dziedzictwa-wizyta-studyjna-nid-w-belgii-i-holandii","status":"publish","type":"post","link":"https:\/\/nid.pl\/en\/2025\/03\/19\/skuteczne-strategie-ochrony-dziedzictwa-wizyta-studyjna-nid-w-belgii-i-holandii\/","title":{"rendered":"Skuteczne strategie ochrony dziedzictwa \u2013 wizyta studyjna\u00a0NID w Belgii i Holandii\u00a0"},"content":{"rendered":"<p class=\"has-medium-font-size\"><strong>19 i 20 marca odby\u0142y si\u0119 ostatnie ju\u017c wydarzenia w ramach bilateralnego norwesko-polskiego projektu po\u015bwi\u0119conego systemowi prewencyjnej konserwacji obiekt\u00f3w zabytkowych. &nbsp;Podczas wyjazdu studyjnego do Hertogenbosch i Antwerpii dyrektorka Narodowego Instytutu Dziedzictwa Marlena Happach wraz z ekspertami Instytutu oraz specjali\u015bci z Norweskiego Dyrektoriatu ds. Dziedzictwa Kulturowego zdobyli do\u015bwiadczenia&nbsp;zwi\u0105zane z prac\u0105 dw\u00f3ch organizacji: Monumentenwacht Vlaanderen oraz Monumentenwacht NL. Od 50 lat organizacje te z powodzeniem wdra\u017caj\u0105 innowacyjne metody zapobiegania degradacji obiekt\u00f3w zabytkowych w Belgii i Holandii.<\/strong>&nbsp;<\/p>\n\n\n\n<p><\/p>\n\n\n\n<p><\/p>\n\n\n\n<h6 class=\"wp-block-heading has-text-color has-link-color wp-elements-53887818fd2cf0802f6c8bfed01883c6\" style=\"color:#727272\"><strong>Co to jest Monumentenwacht?<\/strong>&nbsp;<\/h6>\n\n\n\n<p><\/p>\n\n\n\n<p><strong>Monumentenwacht (Monument Wacht<\/strong>) to organizacja zajmuj\u0105ca si\u0119 prewencyjn\u0105 konserwacj\u0105 dziedzictwa architektonicznego, finansowana w wi\u0119kszo\u015bci przez rz\u0105d Belgii i samorz\u0105dy lokalne. Jej dzia\u0142alno\u015b\u0107 opiera si\u0119 na zasadzie <strong>,,lepiej zapobiega\u0107 ni\u017c leczy\u0107\u201d,<\/strong> a zesp\u00f3\u0142 ekspert\u00f3w monitoruje stan budynk\u00f3w, wskazuje potencjalne zagro\u017cenia, oferuje rozwi\u0105zania minimalizuj\u0105ce ryzyko degradacji i przeprowadza drobne naprawy. W\u0142a\u015bciciele i u\u017cytkownicy budynk\u00f3w zabytkowych mog\u0105 do\u0142\u0105czy\u0107 jako cz\u0142onkowie, co zapewnia im dost\u0119p do <strong>regularnych us\u0142ug inspekcyjnych<\/strong> oraz wytycznych konserwatorskich po preferencyjnych stawkach. Na podstawie raport\u00f3w mog\u0105 oni ubiega\u0107 si\u0119 o dotacje na utrzymanie obiekt\u00f3w. Model Monumentenwacht sta\u0142 si\u0119 inspiracj\u0105 dla podobnych inicjatyw w Europie, pokazuj\u0105c, jak regularne i przyst\u0119pne cenowo dzia\u0142ania konserwatorskie mog\u0105 stanowi\u0107 <strong>alternatyw\u0119 dla kosztownych remont\u00f3w generalnych<\/strong>, skutecznie chroni\u0105c architektoniczne dziedzictwo kulturowe dla przysz\u0142ych pokole\u0144.&nbsp;<\/p>\n\n\n\n<p><\/p>\n\n\n\n<h6 class=\"wp-block-heading has-text-color has-link-color wp-elements-adeb0bbf584d3893f5059e3b918a4c46\" style=\"color:#727272\"><strong>Udzia\u0142 Narodowego Instytutu Dziedzictwa<\/strong>&nbsp;<\/h6>\n\n\n\n<p>Udzia\u0142 delegacji Narodowego Instytutu Dziedzictwa w wyje\u017adzie studyjnym by\u0142 dobr\u0105 okazj\u0105, aby pog\u0142\u0119bi\u0107 wsp\u00f3\u0142prac\u0119 mi\u0119dzynarodow\u0105 oraz pozna\u0107 skuteczne strategie ochrony dziedzictwa kulturowego. Przedstawiciele NID mieli mo\u017cliwo\u015b\u0107 przetestowania ,,od kuchni\u201d zasady dzia\u0142ania systemu, kt\u00f3rego za\u0142o\u017cenia teoretyczne poznali podczas ubieg\u0142otygodniowej konferencji<strong> ,,Preserving by Maintenance\u201d w Bratys\u0142awie<\/strong>. Obserwacja z bliska reali\u00f3w funkcjonuj\u0105cego z powodzeniem od p\u00f3\u0142wiecza systemu nie tylko umo\u017cliwi\u0142a ekspertom NID dog\u0142\u0119bne jego poznanie, ale tak\u017ce pozwoli na ocen\u0119 mo\u017cliwo\u015bci wprowadzenia podobnych rozwi\u0105za\u0144 w Polsce. &nbsp;<\/p>\n\n\n\n<p><\/p>\n\n\n\n<h6 class=\"wp-block-heading has-text-color has-link-color wp-elements-363ca980b24b02f471fabd6a25f2a7a7\" style=\"color:#727272\"><strong>Program wyjazdu studyjnego<\/strong>&nbsp;<\/h6>\n\n\n\n<p><\/p>\n\n\n\n<p>Pierwszy dzie\u0144 wizyty w Hertogenbosch w Holandii rozpocz\u0105\u0142 si\u0119 od<strong> interaktywnej prezentacji dzia\u0142alno\u015bci Monumentenwacht <\/strong>Noord-Brabant, po kt\u00f3rej zaprezentowano codzienn\u0105 prac\u0119 zawodow\u0105 inspektor\u00f3w Monumentenwacht Noord-Brabant. Uczestnicy wizyty wzi\u0119li te\u017c udzia\u0142 w regularnej <strong>inspekcji zabytkowego budynku<\/strong>. Dzie\u0144 zako\u0144czy\u0142 si\u0119 udzia\u0142em delegacji NID oraz Riksantikvaren w uroczystych obchodach 50-lecia dzia\u0142alno\u015bci organizacji.&nbsp;<\/p>\n\n\n\n<p>Drugiego dnia konferencja przenios\u0142a si\u0119 do Antwerpii w Belgii. Uczestnicy mieli okazj\u0119 zobaczy\u0107 <strong>demonstracj\u0119 inspekcji historycznych wn\u0119trz<\/strong> w Muzeum Plantin-Moretus. Nast\u0119pnie wzi\u0119li udzia\u0142 w prezentacji po\u015bwi\u0119conej strukturze, dzia\u0142aniom oraz organizacji Monumentenwacht Vlaanderen. Kolejnym punktem programu by\u0142a demonstracja inspekcji budowlanej w Katedrze Naj\u015bwi\u0119tszej Marii Panny, z wykorzystaniem technik linowych i dron\u00f3w do badania trudno dost\u0119pnych cz\u0119\u015bci obiektu.&nbsp;<\/p>\n\n\n\n<p><\/p>\n\n\n\n<figure class=\"wp-block-image aligncenter size-large is-resized\"><img loading=\"lazy\" decoding=\"async\" width=\"1024\" height=\"768\" src=\"https:\/\/nid.pl\/wp-content\/uploads\/2025\/03\/Jheronimus-Academy-of-Data-Science-JADS-fot.-Patrycja-Adamczyk-1024x768.jpeg\" alt=\"budynek i otoczenie Jheronimus Academy of Data Science \" class=\"wp-image-25952\" style=\"width:723px;height:auto\" srcset=\"https:\/\/nid.pl\/wp-content\/uploads\/2025\/03\/Jheronimus-Academy-of-Data-Science-JADS-fot.-Patrycja-Adamczyk-980x735.jpeg 980w, https:\/\/nid.pl\/wp-content\/uploads\/2025\/03\/Jheronimus-Academy-of-Data-Science-JADS-fot.-Patrycja-Adamczyk-480x360.jpeg 480w\" sizes=\"(min-width: 0px) and (max-width: 480px) 480px, (min-width: 481px) and (max-width: 980px) 980px, (min-width: 981px) 1024px, 100vw\" \/><figcaption class=\"wp-element-caption\">Jheronimus Academy of Data Science (JADS), fot.  NID\/Patrycja Adamczyk<\/figcaption><\/figure>\n\n\n\n<p><\/p>\n\n\n\n<figure class=\"wp-block-image aligncenter size-large is-resized\"><img loading=\"lazy\" decoding=\"async\" width=\"1024\" height=\"659\" src=\"https:\/\/nid.pl\/wp-content\/uploads\/2025\/03\/IMG_4895-1024x659.jpeg\" alt=\"Marlena Happach - dyrektorka NID oraz Agata Mucha - ekspertka NID z Oddzia\u0142u Terenowego w Katowicach siedz\u0105 na spotkaniu\" class=\"wp-image-25956\" style=\"width:721px;height:auto\" srcset=\"https:\/\/nid.pl\/wp-content\/uploads\/2025\/03\/IMG_4895-980x630.jpeg 980w, https:\/\/nid.pl\/wp-content\/uploads\/2025\/03\/IMG_4895-480x309.jpeg 480w\" sizes=\"(min-width: 0px) and (max-width: 480px) 480px, (min-width: 481px) and (max-width: 980px) 980px, (min-width: 981px) 1024px, 100vw\" \/><figcaption class=\"wp-element-caption\">Marlena Happach &#8211; dyrektorka NID oraz Agata Mucha &#8211; ekspertka NID z Oddzia\u0142u Terenowego w Katowicach, fot. NID\/P.Adamczyk<\/figcaption><\/figure>\n\n\n\n<p><\/p>\n\n\n\n<figure class=\"wp-block-image aligncenter size-large is-resized\"><img loading=\"lazy\" decoding=\"async\" width=\"768\" height=\"1024\" src=\"https:\/\/nid.pl\/wp-content\/uploads\/2025\/03\/Director-Sanne-de-Koning-\u2013-Director-Monumentenwacht-Noord-Brabant-768x1024.jpeg\" alt=\"Sanne de Koning dyrektorka Monumentenwacht Noord-Brabant, stoi na tle wy\u015bwietlanej na ekranie prezentacji\" class=\"wp-image-25954\" style=\"width:610px;height:auto\" srcset=\"https:\/\/nid.pl\/wp-content\/uploads\/2025\/03\/Director-Sanne-de-Koning-\u2013-Director-Monumentenwacht-Noord-Brabant-768x1024.jpeg 768w, https:\/\/nid.pl\/wp-content\/uploads\/2025\/03\/Director-Sanne-de-Koning-\u2013-Director-Monumentenwacht-Noord-Brabant-225x300.jpeg 225w, https:\/\/nid.pl\/wp-content\/uploads\/2025\/03\/Director-Sanne-de-Koning-\u2013-Director-Monumentenwacht-Noord-Brabant-1152x1536.jpeg 1152w, https:\/\/nid.pl\/wp-content\/uploads\/2025\/03\/Director-Sanne-de-Koning-\u2013-Director-Monumentenwacht-Noord-Brabant-1536x2048.jpeg 1536w, https:\/\/nid.pl\/wp-content\/uploads\/2025\/03\/Director-Sanne-de-Koning-\u2013-Director-Monumentenwacht-Noord-Brabant-9x12.jpeg 9w, https:\/\/nid.pl\/wp-content\/uploads\/2025\/03\/Director-Sanne-de-Koning-\u2013-Director-Monumentenwacht-Noord-Brabant-1080x1440.jpeg 1080w, https:\/\/nid.pl\/wp-content\/uploads\/2025\/03\/Director-Sanne-de-Koning-\u2013-Director-Monumentenwacht-Noord-Brabant-1280x1707.jpeg 1280w, https:\/\/nid.pl\/wp-content\/uploads\/2025\/03\/Director-Sanne-de-Koning-\u2013-Director-Monumentenwacht-Noord-Brabant-980x1307.jpeg 980w, https:\/\/nid.pl\/wp-content\/uploads\/2025\/03\/Director-Sanne-de-Koning-\u2013-Director-Monumentenwacht-Noord-Brabant-480x640.jpeg 480w, https:\/\/nid.pl\/wp-content\/uploads\/2025\/03\/Director-Sanne-de-Koning-\u2013-Director-Monumentenwacht-Noord-Brabant-scaled.jpeg 1920w\" sizes=\"(max-width: 768px) 100vw, 768px\" \/><figcaption class=\"wp-element-caption\">Sanne de Koning dyrektorka Monumentenwacht Noord-Brabant, fot. NID\/P. Adamczyk<\/figcaption><\/figure>\n\n\n\n<p><\/p>\n\n\n\n<figure class=\"wp-block-image aligncenter size-large is-resized\"><img loading=\"lazy\" decoding=\"async\" width=\"1024\" height=\"768\" src=\"https:\/\/nid.pl\/wp-content\/uploads\/2025\/03\/IMG_4892-1024x768.jpeg\" alt=\"Uczestnicy spotkania na temat dzia\u0142alno\u015bci Monumentenwacht Noord-Brabant siedz\u0105 przy \u0142awce\" class=\"wp-image-25957\" style=\"width:753px;height:auto\" srcset=\"https:\/\/nid.pl\/wp-content\/uploads\/2025\/03\/IMG_4892-980x735.jpeg 980w, https:\/\/nid.pl\/wp-content\/uploads\/2025\/03\/IMG_4892-480x360.jpeg 480w\" sizes=\"(min-width: 0px) and (max-width: 480px) 480px, (min-width: 481px) and (max-width: 980px) 980px, (min-width: 981px) 1024px, 100vw\" \/><figcaption class=\"wp-element-caption\">Uczestnicy spotkania na temat dzia\u0142alno\u015bci Monumentenwacht Noord-Brabant, fot. NID\/P. Adamczyk<\/figcaption><\/figure>\n\n\n\n<p><\/p>\n\n\n\n<figure class=\"wp-block-image aligncenter size-large is-resized\"><img loading=\"lazy\" decoding=\"async\" width=\"1024\" height=\"768\" src=\"https:\/\/nid.pl\/wp-content\/uploads\/2025\/03\/IMG_4946-1024x768.jpeg\" alt=\"m\u0119\u017cczyzna pokazuje wn\u0119trze busa, w kt\u00f3rym znajduj\u0105 si\u0119 sprz\u0119ty i materia\u0142y do przeprowadzenia inspekcji konserwatorskiej zabytku\" class=\"wp-image-25964\" style=\"width:743px;height:auto\" srcset=\"https:\/\/nid.pl\/wp-content\/uploads\/2025\/03\/IMG_4946-980x735.jpeg 980w, https:\/\/nid.pl\/wp-content\/uploads\/2025\/03\/IMG_4946-480x360.jpeg 480w\" sizes=\"(min-width: 0px) and (max-width: 480px) 480px, (min-width: 481px) and (max-width: 980px) 980px, (min-width: 981px) 1024px, 100vw\" \/><figcaption class=\"wp-element-caption\">Samoch\u00f3d z wyposa\u017ceniem niezb\u0119dnym do przeprowadzenia inspekcji, fot. NID\/P.Adamczyk<\/figcaption><\/figure>\n\n\n\n<p><\/p>\n\n\n\n<figure class=\"wp-block-image aligncenter size-large is-resized\"><img loading=\"lazy\" decoding=\"async\" width=\"768\" height=\"1024\" src=\"https:\/\/nid.pl\/wp-content\/uploads\/2025\/03\/IMG_4993-1-768x1024.jpeg\" alt=\"M\u0119\u017cczy\u017ani w roboczych strojach i kaskach opowiadaj\u0105 o inspekcji zabytk\u00f3w trzem kobietom, pokazuj\u0105c metalowe sprz\u0119ty\" class=\"wp-image-25965\" style=\"width:598px;height:auto\"\/><figcaption class=\"wp-element-caption\">Demonstracja inspekcji budynku, fot. NID\/P.Adamczyk<\/figcaption><\/figure>\n\n\n\n<p><\/p>\n\n\n\n<figure class=\"wp-block-image aligncenter size-large is-resized\"><img loading=\"lazy\" decoding=\"async\" width=\"1024\" height=\"768\" src=\"https:\/\/nid.pl\/wp-content\/uploads\/2025\/03\/IMG_5008-1024x768.jpeg\" alt=\"grupa os\u00f3b stoi pod budynkiem ceglanym i obserwuje dw\u00f3ch inspektor\u00f3w kt\u00f3rzy po drabinie weszli na dach w celu inspekcji zabytku\" class=\"wp-image-25963\" style=\"width:731px;height:auto\" srcset=\"https:\/\/nid.pl\/wp-content\/uploads\/2025\/03\/IMG_5008-980x735.jpeg 980w, https:\/\/nid.pl\/wp-content\/uploads\/2025\/03\/IMG_5008-480x360.jpeg 480w\" sizes=\"(min-width: 0px) and (max-width: 480px) 480px, (min-width: 481px) and (max-width: 980px) 980px, (min-width: 981px) 1024px, 100vw\" \/><figcaption class=\"wp-element-caption\">Demonstracja inspekcji budynku, fot. NID\/P.Adamczyk<\/figcaption><\/figure>\n\n\n\n<p><\/p>\n\n\n\n<figure class=\"wp-block-image aligncenter size-large is-resized\"><img loading=\"lazy\" decoding=\"async\" width=\"1024\" height=\"768\" src=\"https:\/\/nid.pl\/wp-content\/uploads\/2025\/03\/IMG_4978-1024x768.jpeg\" alt=\"dw\u00f3ch inspektor\u00f3w w roboczych strojach prowadzi prace na dachu zabytkowego budynku\" class=\"wp-image-25962\" style=\"width:723px;height:auto\" srcset=\"https:\/\/nid.pl\/wp-content\/uploads\/2025\/03\/IMG_4978-980x735.jpeg 980w, https:\/\/nid.pl\/wp-content\/uploads\/2025\/03\/IMG_4978-480x360.jpeg 480w\" sizes=\"(min-width: 0px) and (max-width: 480px) 480px, (min-width: 481px) and (max-width: 980px) 980px, (min-width: 981px) 1024px, 100vw\" \/><figcaption class=\"wp-element-caption\">Demonstracja inspekcji budynku, fot. NID\/P.Adamczyk<\/figcaption><\/figure>\n\n\n\n<p><\/p>\n\n\n\n<figure class=\"wp-block-image aligncenter size-large is-resized\"><img loading=\"lazy\" decoding=\"async\" width=\"1024\" height=\"768\" src=\"https:\/\/nid.pl\/wp-content\/uploads\/2025\/03\/IMG_5022-1024x768.jpeg\" alt=\"zdj\u0119cie grupowe uczestnik\u00f3w wizyty studyjnej\" class=\"wp-image-25966\" style=\"width:727px;height:auto\" srcset=\"https:\/\/nid.pl\/wp-content\/uploads\/2025\/03\/IMG_5022-980x735.jpeg 980w, https:\/\/nid.pl\/wp-content\/uploads\/2025\/03\/IMG_5022-480x360.jpeg 480w\" sizes=\"(min-width: 0px) and (max-width: 480px) 480px, (min-width: 481px) and (max-width: 980px) 980px, (min-width: 981px) 1024px, 100vw\" \/><figcaption class=\"wp-element-caption\">Uczestnicy wizyty studyjnej w Holandii, fot. NID\/P.Adamczyk<\/figcaption><\/figure>\n\n\n\n<p><\/p>\n\n\n\n<figure class=\"wp-block-image aligncenter size-large is-resized\"><img loading=\"lazy\" decoding=\"async\" width=\"1024\" height=\"768\" src=\"https:\/\/nid.pl\/wp-content\/uploads\/2025\/03\/IMG_5078-1024x768.jpeg\" alt=\"grupa zwiedzaj\u0105cych na dziedzi\u0144cu muzeum\" class=\"wp-image-25976\" style=\"width:719px;height:auto\" srcset=\"https:\/\/nid.pl\/wp-content\/uploads\/2025\/03\/IMG_5078-980x735.jpeg 980w, https:\/\/nid.pl\/wp-content\/uploads\/2025\/03\/IMG_5078-480x360.jpeg 480w\" sizes=\"(min-width: 0px) and (max-width: 480px) 480px, (min-width: 481px) and (max-width: 980px) 980px, (min-width: 981px) 1024px, 100vw\" \/><figcaption class=\"wp-element-caption\">Inspekcja historycznych wn\u0119trz w Muzeum Plantin-Moretus w Belgii, fot.  NID\/P.Adamczyk<\/figcaption><\/figure>\n\n\n\n<p><\/p>\n\n\n\n<figure class=\"wp-block-image aligncenter size-large is-resized\"><img loading=\"lazy\" decoding=\"async\" width=\"1024\" height=\"768\" src=\"https:\/\/nid.pl\/wp-content\/uploads\/2025\/03\/IMG_5110-1024x768.jpeg\" alt=\"grupa zwiedzaj\u0105cych wn\u0119trze muzeum, na \u015bcianach wisz\u0105 pod\u015bwietlone obrazy\" class=\"wp-image-25975\" style=\"width:723px;height:auto\" srcset=\"https:\/\/nid.pl\/wp-content\/uploads\/2025\/03\/IMG_5110-980x735.jpeg 980w, https:\/\/nid.pl\/wp-content\/uploads\/2025\/03\/IMG_5110-480x360.jpeg 480w\" sizes=\"(min-width: 0px) and (max-width: 480px) 480px, (min-width: 481px) and (max-width: 980px) 980px, (min-width: 981px) 1024px, 100vw\" \/><figcaption class=\"wp-element-caption\">Inspekcja historycznych wn\u0119trz W Muzeum Plantin-Moretus, fot.  NID\/P.Adamczyk<\/figcaption><\/figure>\n\n\n\n<p><\/p>\n\n\n\n<figure class=\"wp-block-image aligncenter size-large is-resized\"><img loading=\"lazy\" decoding=\"async\" width=\"1024\" height=\"768\" src=\"https:\/\/nid.pl\/wp-content\/uploads\/2025\/03\/IMG_5134-1024x768.jpeg\" alt=\"osoby zwiedzaj\u0105ce wn\u0119trze muzeum w maszynami drukarskimi\" class=\"wp-image-25974\" style=\"width:729px;height:auto\" srcset=\"https:\/\/nid.pl\/wp-content\/uploads\/2025\/03\/IMG_5134-980x735.jpeg 980w, https:\/\/nid.pl\/wp-content\/uploads\/2025\/03\/IMG_5134-480x360.jpeg 480w\" sizes=\"(min-width: 0px) and (max-width: 480px) 480px, (min-width: 481px) and (max-width: 980px) 980px, (min-width: 981px) 1024px, 100vw\" \/><figcaption class=\"wp-element-caption\">Inspekcja historycznych wn\u0119trz W Muzeum Plantin-Moretus, fot.  NID\/P.Adamczyk<\/figcaption><\/figure>\n\n\n\n<p><\/p>\n\n\n\n<figure class=\"wp-block-image aligncenter size-large is-resized\"><img loading=\"lazy\" decoding=\"async\" width=\"1024\" height=\"768\" src=\"https:\/\/nid.pl\/wp-content\/uploads\/2025\/03\/IMG_5145-1024x768.jpeg\" alt=\"osoby zwiedzaj\u0105ce wn\u0119trze muzeum w maszynami drukarskimi\" class=\"wp-image-25973\" style=\"width:729px;height:auto\" srcset=\"https:\/\/nid.pl\/wp-content\/uploads\/2025\/03\/IMG_5145-980x735.jpeg 980w, https:\/\/nid.pl\/wp-content\/uploads\/2025\/03\/IMG_5145-480x360.jpeg 480w\" sizes=\"(min-width: 0px) and (max-width: 480px) 480px, (min-width: 481px) and (max-width: 980px) 980px, (min-width: 981px) 1024px, 100vw\" \/><figcaption class=\"wp-element-caption\">Inspekcja historycznych wn\u0119trz W Muzeum Plantin-Moretus, fot.  NID\/P.Adamczyk<\/figcaption><\/figure>\n\n\n\n<p><\/p>\n\n\n\n<figure class=\"wp-block-image aligncenter size-large is-resized\"><img loading=\"lazy\" decoding=\"async\" width=\"1024\" height=\"768\" src=\"https:\/\/nid.pl\/wp-content\/uploads\/2025\/03\/IMG_5169-1024x768.jpeg\" alt=\"grupa os\u00f3b na dziedzi\u0144cu przed zabytkowym budynkiem\" class=\"wp-image-25977\" style=\"width:727px;height:auto\" srcset=\"https:\/\/nid.pl\/wp-content\/uploads\/2025\/03\/IMG_5169-980x735.jpeg 980w, https:\/\/nid.pl\/wp-content\/uploads\/2025\/03\/IMG_5169-480x360.jpeg 480w\" sizes=\"(min-width: 0px) and (max-width: 480px) 480px, (min-width: 481px) and (max-width: 980px) 980px, (min-width: 981px) 1024px, 100vw\" \/><figcaption class=\"wp-element-caption\">Wizyta w siedzibie Monumentenwacht Vlaanderen, fot. NID\/P.Adamczyk<\/figcaption><\/figure>\n\n\n\n<p><\/p>\n\n\n\n<figure class=\"wp-block-image aligncenter size-large is-resized\"><img loading=\"lazy\" decoding=\"async\" width=\"1024\" height=\"768\" src=\"https:\/\/nid.pl\/wp-content\/uploads\/2025\/03\/IMG_5172-1024x768.jpeg\" alt=\"m\u0119\u017cczyzna stoi w zabytkowym wn\u0119trzu o du\u017cych oknach i niebieskich \u015bcianach, prezentuje dzia\u0142alno\u015b\u0107 organizacji Monumentenwacht Vlaanderen\" class=\"wp-image-25978\" style=\"width:737px;height:auto\" srcset=\"https:\/\/nid.pl\/wp-content\/uploads\/2025\/03\/IMG_5172-980x735.jpeg 980w, https:\/\/nid.pl\/wp-content\/uploads\/2025\/03\/IMG_5172-480x360.jpeg 480w\" sizes=\"(min-width: 0px) and (max-width: 480px) 480px, (min-width: 481px) and (max-width: 980px) 980px, (min-width: 981px) 1024px, 100vw\" \/><figcaption class=\"wp-element-caption\">Wizyta w siedzibie Monumentenwacht Vlaanderen, fot. NID\/P.Adamczyk<\/figcaption><\/figure>\n\n\n\n<p><\/p>\n\n\n\n<figure class=\"wp-block-image aligncenter size-large is-resized\"><img loading=\"lazy\" decoding=\"async\" width=\"1024\" height=\"768\" src=\"https:\/\/nid.pl\/wp-content\/uploads\/2025\/03\/IMG_5216-1024x768.jpeg\" alt=\"grupa zwiedzaj\u0105cych we wn\u0119trzu gotyckiej katedry\" class=\"wp-image-25986\" style=\"width:731px;height:auto\" srcset=\"https:\/\/nid.pl\/wp-content\/uploads\/2025\/03\/IMG_5216-980x735.jpeg 980w, https:\/\/nid.pl\/wp-content\/uploads\/2025\/03\/IMG_5216-480x360.jpeg 480w\" sizes=\"(min-width: 0px) and (max-width: 480px) 480px, (min-width: 481px) and (max-width: 980px) 980px, (min-width: 981px) 1024px, 100vw\" \/><figcaption class=\"wp-element-caption\">Demonstracja inspekcji budowlanej w Katedrze Naj\u015bwi\u0119tszej Marii Panny, z wykorzystaniem technik linowych i dron\u00f3w do badania trudno dost\u0119pnych cz\u0119\u015bci obiektu, fot. NID\/P.Adamczyk<\/figcaption><\/figure>\n\n\n\n<p><\/p>\n\n\n\n<figure class=\"wp-block-image aligncenter size-large is-resized\"><img loading=\"lazy\" decoding=\"async\" width=\"1024\" height=\"768\" src=\"https:\/\/nid.pl\/wp-content\/uploads\/2025\/03\/IMG_5226-1024x768.jpeg\" alt=\"wn\u0119trze katedry gotyckiej\" class=\"wp-image-25990\" style=\"width:735px;height:auto\" srcset=\"https:\/\/nid.pl\/wp-content\/uploads\/2025\/03\/IMG_5226-980x735.jpeg 980w, https:\/\/nid.pl\/wp-content\/uploads\/2025\/03\/IMG_5226-480x360.jpeg 480w\" sizes=\"(min-width: 0px) and (max-width: 480px) 480px, (min-width: 481px) and (max-width: 980px) 980px, (min-width: 981px) 1024px, 100vw\" \/><figcaption class=\"wp-element-caption\">Demonstracja inspekcji budowlanej w Katedrze Naj\u015bwi\u0119tszej Marii Panny, z wykorzystaniem technik linowych i dron\u00f3w do badania trudno dost\u0119pnych cz\u0119\u015bci obiektu, fot. NID\/P.Adamczyk<\/figcaption><\/figure>\n\n\n\n<p><\/p>\n\n\n\n<figure class=\"wp-block-image aligncenter size-large is-resized\"><img loading=\"lazy\" decoding=\"async\" width=\"1024\" height=\"768\" src=\"https:\/\/nid.pl\/wp-content\/uploads\/2025\/03\/IMG_5236-1024x768.jpeg\" alt=\"m\u0119\u017cczyzna wchodz\u0105cy po drabinie na dach katedry\" class=\"wp-image-25989\" style=\"width:739px;height:auto\" srcset=\"https:\/\/nid.pl\/wp-content\/uploads\/2025\/03\/IMG_5236-980x735.jpeg 980w, https:\/\/nid.pl\/wp-content\/uploads\/2025\/03\/IMG_5236-480x360.jpeg 480w\" sizes=\"(min-width: 0px) and (max-width: 480px) 480px, (min-width: 481px) and (max-width: 980px) 980px, (min-width: 981px) 1024px, 100vw\" \/><figcaption class=\"wp-element-caption\">Demonstracja inspekcji budowlanej w Katedrze Naj\u015bwi\u0119tszej Marii Panny, z wykorzystaniem technik linowych i dron\u00f3w do badania trudno dost\u0119pnych cz\u0119\u015bci obiektu, fot. NID\/P.Adamczyk<\/figcaption><\/figure>\n\n\n\n<p><\/p>\n\n\n\n<figure class=\"wp-block-image aligncenter size-large is-resized\"><img loading=\"lazy\" decoding=\"async\" width=\"1024\" height=\"768\" src=\"https:\/\/nid.pl\/wp-content\/uploads\/2025\/03\/IMG_5284-1024x768.jpeg\" alt=\"m\u0119\u017cczyzna trzymaj\u0105cy w r\u0119kach drona\" class=\"wp-image-25988\" style=\"width:727px;height:auto\" srcset=\"https:\/\/nid.pl\/wp-content\/uploads\/2025\/03\/IMG_5284-980x735.jpeg 980w, https:\/\/nid.pl\/wp-content\/uploads\/2025\/03\/IMG_5284-480x360.jpeg 480w\" sizes=\"(min-width: 0px) and (max-width: 480px) 480px, (min-width: 481px) and (max-width: 980px) 980px, (min-width: 981px) 1024px, 100vw\" \/><figcaption class=\"wp-element-caption\">Demonstracja inspekcji budowlanej w Katedrze Naj\u015bwi\u0119tszej Marii Panny, z wykorzystaniem technik linowych i dron\u00f3w do badania trudno dost\u0119pnych cz\u0119\u015bci obiektu, fot. NID\/P.Adamczyk<\/figcaption><\/figure>\n\n\n\n<p><\/p>\n\n\n\n<figure class=\"wp-block-image aligncenter size-large is-resized\"><img loading=\"lazy\" decoding=\"async\" width=\"1024\" height=\"768\" src=\"https:\/\/nid.pl\/wp-content\/uploads\/2025\/03\/IMG_5297-1024x768.jpeg\" alt=\"grupa os\u00f3b stoj\u0105ca naoko\u0142o m\u0119\u017cczyzny prezentuj\u0105cego sprz\u0119t do bada\u0144 trudno dost\u0119pnych cz\u0119\u015bci katedry\" class=\"wp-image-25987\" style=\"width:727px;height:auto\" srcset=\"https:\/\/nid.pl\/wp-content\/uploads\/2025\/03\/IMG_5297-980x735.jpeg 980w, https:\/\/nid.pl\/wp-content\/uploads\/2025\/03\/IMG_5297-480x360.jpeg 480w\" sizes=\"(min-width: 0px) and (max-width: 480px) 480px, (min-width: 481px) and (max-width: 980px) 980px, (min-width: 981px) 1024px, 100vw\" \/><figcaption class=\"wp-element-caption\">Demonstracja inspekcji budowlanej w Katedrze Naj\u015bwi\u0119tszej Marii Panny, z wykorzystaniem technik linowych i dron\u00f3w do badania trudno dost\u0119pnych cz\u0119\u015bci obiektu, fot. NID\/P.Adamczyk<\/figcaption><\/figure>","protected":false},"excerpt":{"rendered":"<p>19 i 20 marca odby\u0142y si\u0119 ostatnie ju\u017c wydarzenia w ramach bilateralnego norwesko-polskiego projektu po\u015bwi\u0119conego systemowi prewencyjnej konserwacji obiekt\u00f3w zabytkowych. &nbsp;Podczas wyjazdu studyjnego do Hertogenbosch i Antwerpii dyrektorka Narodowego Instytutu [&hellip;]<\/p>","protected":false},"author":15,"featured_media":25959,"comment_status":"closed","ping_status":"closed","sticky":false,"template":"","format":"standard","meta":{"_et_pb_use_builder":"off","_et_pb_old_content":"","_et_gb_content_width":"","_monsterinsights_skip_tracking":false,"_monsterinsights_sitenote_active":false,"_monsterinsights_sitenote_note":"","_monsterinsights_sitenote_category":0,"footnotes":""},"categories":[3,144],"tags":[],"class_list":["post-25950","post","type-post","status-publish","format-standard","has-post-thumbnail","hentry","category-aktualnosci","category-projekt-dziedzictwo-kulturowe-a-zmiany-klimatu"],"yoast_head":"<!-- This site is optimized with the Yoast SEO plugin v26.5 - https:\/\/yoast.com\/wordpress\/plugins\/seo\/ -->\n<title>Skuteczne strategie ochrony dziedzictwa \u2013 wizyta studyjna\u00a0NID w Belgii i Holandii\u00a0 - NID<\/title>\n<meta name=\"robots\" content=\"index, follow, max-snippet:-1, max-image-preview:large, max-video-preview:-1\" \/>\n<link rel=\"canonical\" href=\"https:\/\/nid.pl\/en\/2025\/03\/19\/skuteczne-strategie-ochrony-dziedzictwa-wizyta-studyjna-nid-w-belgii-i-holandii\/\" \/>\n<meta property=\"og:locale\" content=\"en_GB\" \/>\n<meta property=\"og:type\" content=\"article\" \/>\n<meta property=\"og:title\" content=\"Skuteczne strategie ochrony dziedzictwa \u2013 wizyta studyjna\u00a0NID w Belgii i Holandii\u00a0 - NID\" \/>\n<meta property=\"og:description\" content=\"19 i 20 marca odby\u0142y si\u0119 ostatnie ju\u017c wydarzenia w ramach bilateralnego norwesko-polskiego projektu po\u015bwi\u0119conego systemowi prewencyjnej konserwacji obiekt\u00f3w zabytkowych. &nbsp;Podczas wyjazdu studyjnego do Hertogenbosch i Antwerpii dyrektorka Narodowego Instytutu [&hellip;]\" \/>\n<meta property=\"og:url\" content=\"https:\/\/nid.pl\/en\/2025\/03\/19\/skuteczne-strategie-ochrony-dziedzictwa-wizyta-studyjna-nid-w-belgii-i-holandii\/\" \/>\n<meta property=\"og:site_name\" content=\"NID\" \/>\n<meta property=\"article:publisher\" content=\"https:\/\/www.facebook.com\/zabytek\" \/>\n<meta property=\"article:published_time\" content=\"2025-03-19T10:59:48+00:00\" \/>\n<meta property=\"article:modified_time\" content=\"2025-05-20T12:06:32+00:00\" \/>\n<meta property=\"og:image\" content=\"https:\/\/nid.pl\/wp-content\/uploads\/2025\/03\/miniatura-holandia.jpg\" \/>\n\t<meta property=\"og:image:width\" content=\"1857\" \/>\n\t<meta property=\"og:image:height\" content=\"1238\" \/>\n\t<meta property=\"og:image:type\" content=\"image\/jpeg\" \/>\n<meta name=\"author\" content=\"Monika Ciura\" \/>\n<meta name=\"twitter:card\" content=\"summary_large_image\" \/>\n<meta name=\"twitter:creator\" content=\"@NarIDpl\" \/>\n<meta name=\"twitter:site\" content=\"@NarIDpl\" \/>\n<meta name=\"twitter:label1\" content=\"Written by\" \/>\n\t<meta name=\"twitter:data1\" content=\"Monika Ciura\" \/>\n\t<meta name=\"twitter:label2\" content=\"Estimated reading time\" \/>\n\t<meta name=\"twitter:data2\" content=\"8 minutes\" \/>\n<script type=\"application\/ld+json\" class=\"yoast-schema-graph\">{\"@context\":\"https:\/\/schema.org\",\"@graph\":[{\"@type\":\"Article\",\"@id\":\"https:\/\/nid.pl\/2025\/03\/19\/skuteczne-strategie-ochrony-dziedzictwa-wizyta-studyjna-nid-w-belgii-i-holandii\/#article\",\"isPartOf\":{\"@id\":\"https:\/\/nid.pl\/2025\/03\/19\/skuteczne-strategie-ochrony-dziedzictwa-wizyta-studyjna-nid-w-belgii-i-holandii\/\"},\"author\":{\"name\":\"Monika Ciura\",\"@id\":\"https:\/\/nid.pl\/#\/schema\/person\/ab9abea4caecdccde4fb0d555271145f\"},\"headline\":\"Skuteczne strategie ochrony dziedzictwa \u2013 wizyta studyjna\u00a0NID w Belgii i Holandii\u00a0\",\"datePublished\":\"2025-03-19T10:59:48+00:00\",\"dateModified\":\"2025-05-20T12:06:32+00:00\",\"mainEntityOfPage\":{\"@id\":\"https:\/\/nid.pl\/2025\/03\/19\/skuteczne-strategie-ochrony-dziedzictwa-wizyta-studyjna-nid-w-belgii-i-holandii\/\"},\"wordCount\":784,\"publisher\":{\"@id\":\"https:\/\/nid.pl\/#organization\"},\"image\":{\"@id\":\"https:\/\/nid.pl\/2025\/03\/19\/skuteczne-strategie-ochrony-dziedzictwa-wizyta-studyjna-nid-w-belgii-i-holandii\/#primaryimage\"},\"thumbnailUrl\":\"https:\/\/nid.pl\/wp-content\/uploads\/2025\/03\/miniatura-holandia.jpg\",\"articleSection\":[\"Aktualno\u015bci\",\"PROJEKT - Dziedzictwo kulturowe a zmiany klimatu\"],\"inLanguage\":\"en-GB\"},{\"@type\":\"WebPage\",\"@id\":\"https:\/\/nid.pl\/2025\/03\/19\/skuteczne-strategie-ochrony-dziedzictwa-wizyta-studyjna-nid-w-belgii-i-holandii\/\",\"url\":\"https:\/\/nid.pl\/2025\/03\/19\/skuteczne-strategie-ochrony-dziedzictwa-wizyta-studyjna-nid-w-belgii-i-holandii\/\",\"name\":\"Skuteczne strategie ochrony dziedzictwa \u2013 wizyta studyjna\u00a0NID w Belgii i Holandii\u00a0 - NID\",\"isPartOf\":{\"@id\":\"https:\/\/nid.pl\/#website\"},\"primaryImageOfPage\":{\"@id\":\"https:\/\/nid.pl\/2025\/03\/19\/skuteczne-strategie-ochrony-dziedzictwa-wizyta-studyjna-nid-w-belgii-i-holandii\/#primaryimage\"},\"image\":{\"@id\":\"https:\/\/nid.pl\/2025\/03\/19\/skuteczne-strategie-ochrony-dziedzictwa-wizyta-studyjna-nid-w-belgii-i-holandii\/#primaryimage\"},\"thumbnailUrl\":\"https:\/\/nid.pl\/wp-content\/uploads\/2025\/03\/miniatura-holandia.jpg\",\"datePublished\":\"2025-03-19T10:59:48+00:00\",\"dateModified\":\"2025-05-20T12:06:32+00:00\",\"breadcrumb\":{\"@id\":\"https:\/\/nid.pl\/2025\/03\/19\/skuteczne-strategie-ochrony-dziedzictwa-wizyta-studyjna-nid-w-belgii-i-holandii\/#breadcrumb\"},\"inLanguage\":\"en-GB\",\"potentialAction\":[{\"@type\":\"ReadAction\",\"target\":[\"https:\/\/nid.pl\/2025\/03\/19\/skuteczne-strategie-ochrony-dziedzictwa-wizyta-studyjna-nid-w-belgii-i-holandii\/\"]}]},{\"@type\":\"ImageObject\",\"inLanguage\":\"en-GB\",\"@id\":\"https:\/\/nid.pl\/2025\/03\/19\/skuteczne-strategie-ochrony-dziedzictwa-wizyta-studyjna-nid-w-belgii-i-holandii\/#primaryimage\",\"url\":\"https:\/\/nid.pl\/wp-content\/uploads\/2025\/03\/miniatura-holandia.jpg\",\"contentUrl\":\"https:\/\/nid.pl\/wp-content\/uploads\/2025\/03\/miniatura-holandia.jpg\",\"width\":1857,\"height\":1238,\"caption\":\"budynek i otoczenie Jheronimus Academy of Data Science\"},{\"@type\":\"BreadcrumbList\",\"@id\":\"https:\/\/nid.pl\/2025\/03\/19\/skuteczne-strategie-ochrony-dziedzictwa-wizyta-studyjna-nid-w-belgii-i-holandii\/#breadcrumb\",\"itemListElement\":[{\"@type\":\"ListItem\",\"position\":1,\"name\":\"Home\",\"item\":\"https:\/\/nid.pl\/\"},{\"@type\":\"ListItem\",\"position\":2,\"name\":\"Skuteczne strategie ochrony dziedzictwa \u2013 wizyta studyjna\u00a0NID w Belgii i Holandii\u00a0\"}]},{\"@type\":\"WebSite\",\"@id\":\"https:\/\/nid.pl\/#website\",\"url\":\"https:\/\/nid.pl\/\",\"name\":\"NID\",\"description\":\"Narodowy Instytut Dziedzictwa\",\"publisher\":{\"@id\":\"https:\/\/nid.pl\/#organization\"},\"potentialAction\":[{\"@type\":\"SearchAction\",\"target\":{\"@type\":\"EntryPoint\",\"urlTemplate\":\"https:\/\/nid.pl\/?s={search_term_string}\"},\"query-input\":{\"@type\":\"PropertyValueSpecification\",\"valueRequired\":true,\"valueName\":\"search_term_string\"}}],\"inLanguage\":\"en-GB\"},{\"@type\":\"Organization\",\"@id\":\"https:\/\/nid.pl\/#organization\",\"name\":\"Narodowy Instytut Dziedzictwa\",\"url\":\"https:\/\/nid.pl\/\",\"logo\":{\"@type\":\"ImageObject\",\"inLanguage\":\"en-GB\",\"@id\":\"https:\/\/nid.pl\/#\/schema\/logo\/image\/\",\"url\":\"https:\/\/nid.pl\/wp-content\/uploads\/2022\/10\/logoRedDark.png\",\"contentUrl\":\"https:\/\/nid.pl\/wp-content\/uploads\/2022\/10\/logoRedDark.png\",\"width\":200,\"height\":197,\"caption\":\"Narodowy Instytut Dziedzictwa\"},\"image\":{\"@id\":\"https:\/\/nid.pl\/#\/schema\/logo\/image\/\"},\"sameAs\":[\"https:\/\/www.facebook.com\/zabytek\",\"https:\/\/x.com\/NarIDpl\",\"https:\/\/www.instagram.com\/nid.pl\/?hl=pl\",\"https:\/\/www.linkedin.com\/company\/narodowy-instytut-dziedzictwa\",\"https:\/\/www.youtube.com\/channel\/UCQXuhKa2uHtmNvLRUSx40JA\"]},{\"@type\":\"Person\",\"@id\":\"https:\/\/nid.pl\/#\/schema\/person\/ab9abea4caecdccde4fb0d555271145f\",\"name\":\"Monika Ciura\",\"image\":{\"@type\":\"ImageObject\",\"inLanguage\":\"en-GB\",\"@id\":\"https:\/\/nid.pl\/#\/schema\/person\/image\/\",\"url\":\"https:\/\/nid.pl\/wp-content\/litespeed\/avatar\/bfdb15d1cc317fac4b66bdc91090ff11.jpg?ver=1776840533\",\"contentUrl\":\"https:\/\/nid.pl\/wp-content\/litespeed\/avatar\/bfdb15d1cc317fac4b66bdc91090ff11.jpg?ver=1776840533\",\"caption\":\"Monika Ciura\"},\"url\":\"https:\/\/nid.pl\/en\/author\/mciura\/\"}]}<\/script>\n<!-- \/ Yoast SEO plugin. -->","yoast_head_json":{"title":"Skuteczne strategie ochrony dziedzictwa \u2013 wizyta studyjna\u00a0NID w Belgii i Holandii\u00a0 - NID","robots":{"index":"index","follow":"follow","max-snippet":"max-snippet:-1","max-image-preview":"max-image-preview:large","max-video-preview":"max-video-preview:-1"},"canonical":"https:\/\/nid.pl\/en\/2025\/03\/19\/skuteczne-strategie-ochrony-dziedzictwa-wizyta-studyjna-nid-w-belgii-i-holandii\/","og_locale":"en_GB","og_type":"article","og_title":"Skuteczne strategie ochrony dziedzictwa \u2013 wizyta studyjna\u00a0NID w Belgii i Holandii\u00a0 - NID","og_description":"19 i 20 marca odby\u0142y si\u0119 ostatnie ju\u017c wydarzenia w ramach bilateralnego norwesko-polskiego projektu po\u015bwi\u0119conego systemowi prewencyjnej konserwacji obiekt\u00f3w zabytkowych. &nbsp;Podczas wyjazdu studyjnego do Hertogenbosch i Antwerpii dyrektorka Narodowego Instytutu [&hellip;]","og_url":"https:\/\/nid.pl\/en\/2025\/03\/19\/skuteczne-strategie-ochrony-dziedzictwa-wizyta-studyjna-nid-w-belgii-i-holandii\/","og_site_name":"NID","article_publisher":"https:\/\/www.facebook.com\/zabytek","article_published_time":"2025-03-19T10:59:48+00:00","article_modified_time":"2025-05-20T12:06:32+00:00","og_image":[{"width":1857,"height":1238,"url":"https:\/\/nid.pl\/wp-content\/uploads\/2025\/03\/miniatura-holandia.jpg","type":"image\/jpeg"}],"author":"Monika Ciura","twitter_card":"summary_large_image","twitter_creator":"@NarIDpl","twitter_site":"@NarIDpl","twitter_misc":{"Written by":"Monika Ciura","Estimated reading time":"8 minutes"},"schema":{"@context":"https:\/\/schema.org","@graph":[{"@type":"Article","@id":"https:\/\/nid.pl\/2025\/03\/19\/skuteczne-strategie-ochrony-dziedzictwa-wizyta-studyjna-nid-w-belgii-i-holandii\/#article","isPartOf":{"@id":"https:\/\/nid.pl\/2025\/03\/19\/skuteczne-strategie-ochrony-dziedzictwa-wizyta-studyjna-nid-w-belgii-i-holandii\/"},"author":{"name":"Monika Ciura","@id":"https:\/\/nid.pl\/#\/schema\/person\/ab9abea4caecdccde4fb0d555271145f"},"headline":"Skuteczne strategie ochrony dziedzictwa \u2013 wizyta studyjna\u00a0NID w Belgii i Holandii\u00a0","datePublished":"2025-03-19T10:59:48+00:00","dateModified":"2025-05-20T12:06:32+00:00","mainEntityOfPage":{"@id":"https:\/\/nid.pl\/2025\/03\/19\/skuteczne-strategie-ochrony-dziedzictwa-wizyta-studyjna-nid-w-belgii-i-holandii\/"},"wordCount":784,"publisher":{"@id":"https:\/\/nid.pl\/#organization"},"image":{"@id":"https:\/\/nid.pl\/2025\/03\/19\/skuteczne-strategie-ochrony-dziedzictwa-wizyta-studyjna-nid-w-belgii-i-holandii\/#primaryimage"},"thumbnailUrl":"https:\/\/nid.pl\/wp-content\/uploads\/2025\/03\/miniatura-holandia.jpg","articleSection":["Aktualno\u015bci","PROJEKT - Dziedzictwo kulturowe a zmiany klimatu"],"inLanguage":"en-GB"},{"@type":"WebPage","@id":"https:\/\/nid.pl\/2025\/03\/19\/skuteczne-strategie-ochrony-dziedzictwa-wizyta-studyjna-nid-w-belgii-i-holandii\/","url":"https:\/\/nid.pl\/2025\/03\/19\/skuteczne-strategie-ochrony-dziedzictwa-wizyta-studyjna-nid-w-belgii-i-holandii\/","name":"Skuteczne strategie ochrony dziedzictwa \u2013 wizyta studyjna\u00a0NID w Belgii i Holandii\u00a0 - NID","isPartOf":{"@id":"https:\/\/nid.pl\/#website"},"primaryImageOfPage":{"@id":"https:\/\/nid.pl\/2025\/03\/19\/skuteczne-strategie-ochrony-dziedzictwa-wizyta-studyjna-nid-w-belgii-i-holandii\/#primaryimage"},"image":{"@id":"https:\/\/nid.pl\/2025\/03\/19\/skuteczne-strategie-ochrony-dziedzictwa-wizyta-studyjna-nid-w-belgii-i-holandii\/#primaryimage"},"thumbnailUrl":"https:\/\/nid.pl\/wp-content\/uploads\/2025\/03\/miniatura-holandia.jpg","datePublished":"2025-03-19T10:59:48+00:00","dateModified":"2025-05-20T12:06:32+00:00","breadcrumb":{"@id":"https:\/\/nid.pl\/2025\/03\/19\/skuteczne-strategie-ochrony-dziedzictwa-wizyta-studyjna-nid-w-belgii-i-holandii\/#breadcrumb"},"inLanguage":"en-GB","potentialAction":[{"@type":"ReadAction","target":["https:\/\/nid.pl\/2025\/03\/19\/skuteczne-strategie-ochrony-dziedzictwa-wizyta-studyjna-nid-w-belgii-i-holandii\/"]}]},{"@type":"ImageObject","inLanguage":"en-GB","@id":"https:\/\/nid.pl\/2025\/03\/19\/skuteczne-strategie-ochrony-dziedzictwa-wizyta-studyjna-nid-w-belgii-i-holandii\/#primaryimage","url":"https:\/\/nid.pl\/wp-content\/uploads\/2025\/03\/miniatura-holandia.jpg","contentUrl":"https:\/\/nid.pl\/wp-content\/uploads\/2025\/03\/miniatura-holandia.jpg","width":1857,"height":1238,"caption":"budynek i otoczenie Jheronimus Academy of Data Science"},{"@type":"BreadcrumbList","@id":"https:\/\/nid.pl\/2025\/03\/19\/skuteczne-strategie-ochrony-dziedzictwa-wizyta-studyjna-nid-w-belgii-i-holandii\/#breadcrumb","itemListElement":[{"@type":"ListItem","position":1,"name":"Home","item":"https:\/\/nid.pl\/"},{"@type":"ListItem","position":2,"name":"Skuteczne strategie ochrony dziedzictwa \u2013 wizyta studyjna\u00a0NID w Belgii i Holandii\u00a0"}]},{"@type":"WebSite","@id":"https:\/\/nid.pl\/#website","url":"https:\/\/nid.pl\/","name":"NID","description":"Narodowy Instytut Dziedzictwa","publisher":{"@id":"https:\/\/nid.pl\/#organization"},"potentialAction":[{"@type":"SearchAction","target":{"@type":"EntryPoint","urlTemplate":"https:\/\/nid.pl\/?s={search_term_string}"},"query-input":{"@type":"PropertyValueSpecification","valueRequired":true,"valueName":"search_term_string"}}],"inLanguage":"en-GB"},{"@type":"Organization","@id":"https:\/\/nid.pl\/#organization","name":"Narodowy Instytut Dziedzictwa","url":"https:\/\/nid.pl\/","logo":{"@type":"ImageObject","inLanguage":"en-GB","@id":"https:\/\/nid.pl\/#\/schema\/logo\/image\/","url":"https:\/\/nid.pl\/wp-content\/uploads\/2022\/10\/logoRedDark.png","contentUrl":"https:\/\/nid.pl\/wp-content\/uploads\/2022\/10\/logoRedDark.png","width":200,"height":197,"caption":"Narodowy Instytut Dziedzictwa"},"image":{"@id":"https:\/\/nid.pl\/#\/schema\/logo\/image\/"},"sameAs":["https:\/\/www.facebook.com\/zabytek","https:\/\/x.com\/NarIDpl","https:\/\/www.instagram.com\/nid.pl\/?hl=pl","https:\/\/www.linkedin.com\/company\/narodowy-instytut-dziedzictwa","https:\/\/www.youtube.com\/channel\/UCQXuhKa2uHtmNvLRUSx40JA"]},{"@type":"Person","@id":"https:\/\/nid.pl\/#\/schema\/person\/ab9abea4caecdccde4fb0d555271145f","name":"Monika Ciura","image":{"@type":"ImageObject","inLanguage":"en-GB","@id":"https:\/\/nid.pl\/#\/schema\/person\/image\/","url":"https:\/\/nid.pl\/wp-content\/litespeed\/avatar\/bfdb15d1cc317fac4b66bdc91090ff11.jpg?ver=1776840533","contentUrl":"https:\/\/nid.pl\/wp-content\/litespeed\/avatar\/bfdb15d1cc317fac4b66bdc91090ff11.jpg?ver=1776840533","caption":"Monika Ciura"},"url":"https:\/\/nid.pl\/en\/author\/mciura\/"}]}},"_links":{"self":[{"href":"https:\/\/nid.pl\/en\/wp-json\/wp\/v2\/posts\/25950","targetHints":{"allow":["GET"]}}],"collection":[{"href":"https:\/\/nid.pl\/en\/wp-json\/wp\/v2\/posts"}],"about":[{"href":"https:\/\/nid.pl\/en\/wp-json\/wp\/v2\/types\/post"}],"author":[{"embeddable":true,"href":"https:\/\/nid.pl\/en\/wp-json\/wp\/v2\/users\/15"}],"replies":[{"embeddable":true,"href":"https:\/\/nid.pl\/en\/wp-json\/wp\/v2\/comments?post=25950"}],"version-history":[{"count":0,"href":"https:\/\/nid.pl\/en\/wp-json\/wp\/v2\/posts\/25950\/revisions"}],"wp:featuredmedia":[{"embeddable":true,"href":"https:\/\/nid.pl\/en\/wp-json\/wp\/v2\/media\/25959"}],"wp:attachment":[{"href":"https:\/\/nid.pl\/en\/wp-json\/wp\/v2\/media?parent=25950"}],"wp:term":[{"taxonomy":"category","embeddable":true,"href":"https:\/\/nid.pl\/en\/wp-json\/wp\/v2\/categories?post=25950"},{"taxonomy":"post_tag","embeddable":true,"href":"https:\/\/nid.pl\/en\/wp-json\/wp\/v2\/tags?post=25950"}],"curies":[{"name":"wp","href":"https:\/\/api.w.org\/{rel}","templated":true}]}}