{"id":25886,"date":"2025-03-13T16:10:30","date_gmt":"2025-03-13T15:10:30","guid":{"rendered":"https:\/\/nid.pl\/?p=25886"},"modified":"2025-05-20T14:06:07","modified_gmt":"2025-05-20T12:06:07","slug":"jak-skuteczniej-chronic-zabytki-konferencja-w-bratyslawie","status":"publish","type":"post","link":"https:\/\/nid.pl\/en\/2025\/03\/13\/jak-skuteczniej-chronic-zabytki-konferencja-w-bratyslawie\/","title":{"rendered":"Jak skuteczniej chroni\u0107 zabytki? W Bratys\u0142awie zako\u0144czy\u0142a si\u0119 konferencja \u201ePreventing by Maintaining\u201d\u00a0"},"content":{"rendered":"<p class=\"has-medium-font-size\"><strong>Jak \u0142\u0105czy\u0107 system prewencji, nowe technologie i dost\u0119pne fundusze, by skutecznie chroni\u0107 zabytki przed skutkami zmian klimatu? W dniach 11-13 marca w Bratys\u0142awie odby\u0142a si\u0119 mi\u0119dzynarodowa konferencja \u201ePreventing by Maintaining\u201d, po\u015bwi\u0119cona prewencyjnej ochronie dziedzictwa kulturowego. W wydarzeniu&nbsp;wzi\u0119li udzia\u0142 eksperci z ca\u0142ej Europy. Narodowy Instytut Dziedzictwa reprezentowali zast\u0119pca dyrektora Natalia Dzieduszycka oraz specjali\u015bci Instytutu, kt\u00f3rzy zdobywali wiedz\u0119 w zakresie system\u00f3w konserwacji zapobiegawczej. Na konferencji&nbsp;byli tak\u017ce obecni cz\u0142onkowie organizacji Monumentenwacht, kt\u00f3ra od 50 lat skutecznie zapobiega degradacji zabytk\u00f3w w Belgii i Holandii.<\/strong>&nbsp;<\/p>\n\n\n\n<p><strong>Co to jest Monumentenwacht?<\/strong>&nbsp;<\/p>\n\n\n\n<p>Monumentenwacht (Monument Watch) to organizacja zajmuj\u0105ca si\u0119 prewencyjn\u0105 konserwacj\u0105 dziedzictwa architektonicznego, finansowana w wi\u0119kszo\u015bci przez rz\u0105d Belgii i samorz\u0105dy lokalne. Jej dzia\u0142alno\u015b\u0107 opiera si\u0119 na zasadzie &#8220;lepiej zapobiega\u0107 ni\u017c leczy\u0107&#8221;, a zesp\u00f3\u0142 ekspert\u00f3w monitoruje stan budynk\u00f3w, wskazuje potencjalne zagro\u017cenia, oferuje rozwi\u0105zania minimalizuj\u0105ce ryzyko degradacji &nbsp;<br>i przeprowadza drobne naprawy. W\u0142a\u015bciciele i u\u017cytkownicy budynk\u00f3w zabytkowych mog\u0105 do\u0142\u0105czy\u0107 jako cz\u0142onkowie, co zapewnia im dost\u0119p do regularnych us\u0142ug inspekcyjnych oraz wytycznych konserwatorskich po preferencyjnych stawkach. Na podstawie raport\u00f3w mog\u0105 oni ubiega\u0107 si\u0119 &nbsp;<br>o dotacje na utrzymanie obiekt\u00f3w.&nbsp;&nbsp;<\/p>\n\n\n\n<p>Model Monumentenwacht sta\u0142 si\u0119 inspiracj\u0105 dla podobnych inicjatyw w Europie, pokazuj\u0105c, jak regularne i przyst\u0119pne cenowo dzia\u0142ania konserwatorskie mog\u0105 stanowi\u0107 alternatyw\u0119 dla kosztownych remont\u00f3w generalnych, skutecznie chroni\u0105c architektoniczne dziedzictwo kulturowe dla przysz\u0142ych pokole\u0144.&nbsp;<\/p>\n\n\n\n<p><strong>Jaka jest rola NID?<\/strong>&nbsp;<\/p>\n\n\n\n<p>Poprzez udzia\u0142 w konferencji eksperci Narodowego Instytutu Dziedzictwa poszerzali swoj\u0105 wiedz\u0119 specjalistyczn\u0105 o funkcjonowaniu modelu Monumentenwacht oraz zidentyfikowali elementy, kt\u00f3re mog\u0142yby sta\u0107 si\u0119 rozszerzeniem funkcjonuj\u0105cego w Polsce systemu ochrony zabytk\u00f3w<s>.<\/s> Przedstawiciele Instytutu aktywnie uczestniczyli w panelach dyskusyjnych dotycz\u0105cych praktycznego wdra\u017cania system\u00f3w konserwacji zapobiegawczej, co umo\u017cliwi\u0142o im pog\u0142\u0119bienie kompetencji i bezpo\u015bredni\u0105 wymian\u0119 do\u015bwiadcze\u0144 z mi\u0119dzynarodowymi specjalistami. Szczeg\u00f3lny nacisk zosta\u0142 po\u0142o\u017cony na analiz\u0119 do\u015bwiadcze\u0144 i perspektyw innych kraj\u00f3w europejskich, kt\u00f3re skutecznie wdro\u017cy\u0142y efektywne systemy konserwacji zapobiegawczej, co b\u0119dzie nieocenione w rozwijaniu wiedzy potrzebnej do oceny mo\u017cliwo\u015bci wprowadzenia podobnych rozwi\u0105za\u0144 w kontek\u015bcie zarz\u0105dzania dziedzictwem kulturowym. Wyjazd realizowany by\u0142 w ramach bilateralnego projektu ,,Cultural Heritage and the Climate Changes. New perspectives&#8221; finansowanego z funduszy EEA i Norweskich Mechanizm\u00f3w Finansowych.&nbsp;<\/p>\n\n\n\n<p><strong>Program konferencji&nbsp;<\/strong>&nbsp;<\/p>\n\n\n\n<p>Uczestnicy podczas konferencji skupili si\u0119 na kluczowych wyzwaniach wsp\u00f3\u0142czesnej ochrony dziedzictwa kulturowego. Pierwszego dnia om\u00f3wiona zosta\u0142a rola prewencji w konserwacji zabytk\u00f3w \u2013 w tym model <em>Monumentenwacht<\/em>, kt\u00f3ry od 50 lat udowadnia, \u017ce systematyczne przegl\u0105dy i drobne naprawy minimalizuj\u0105 konieczno\u015b\u0107 p\u00f3\u017aniejszych kosztownych prac remontowych oraz konserwatorskich.&nbsp;<\/p>\n\n\n\n<p>Drugi dzie\u0144 po\u015bwi\u0119cony zosta\u0142&nbsp;nowym technologiom w ochronie dziedzictwa, takim jak drony, sztuczna inteligencja czy cyfrowe platformy (np. <em>HeritageCare<\/em>), kt\u00f3re umo\u017cliwiaj\u0105 precyzyjne monitorowanie stanu budynk\u00f3w i wczesne wykrywanie zagro\u017ce\u0144. Zaprezentowano r\u00f3wnie\u017c case studies z Polski i S\u0142owacji, w tym efekty programu <em>Promonumenta<\/em> oraz strategie walki&nbsp;<br>z ekstremalnymi zjawiskami pogodowymi, takimi jak powodzie czy susze.&nbsp;<\/p>\n\n\n\n<p>Trzeciego dnia uczestnicy pojechali do Banskiej \u0160tiavnicy \u2013 zabytkowego miasta g\u00f3rniczego wpisanego na List\u0119 \u015bwiatowego dziedzictwa kulturowego UNESCO. Uczestnicy zwiedzili m.in. Kalwari\u0119, Stary Zamek z XIII w., gdzie poznali metody ochrony przed wilgoci\u0105 i korozj\u0105, oraz skansen g\u00f3rniczy z autentycznymi podziemnymi chodnikami, ilustruj\u0105cymi historyczne techniki wydobywcze i wsp\u00f3\u0142czesne rozwi\u0105zania konserwatorskie.&nbsp;<\/p>\n\n\n\n<p>Warsztaty i panele dyskusyjne dotyczy\u0142y tak\u017ce wsp\u00f3\u0142pracy z w\u0142a\u015bcicielami zabytk\u00f3w &nbsp;<br>i spo\u0142eczno\u015bciami lokalnymi, w tym komunikacji, system\u00f3w finansowania (dotacje, ulgi podatkowe) oraz anga\u017cowania wolontariuszy. Poruszono r\u00f3wnie\u017c mechanizmy finansowe, takie jak programy Interreg Polska-S\u0142owacja czy EEA, Norweskie Mechanizmy Finansowe, kt\u00f3re wspieraj\u0105 projekty adaptacji zabytk\u00f3w do zmian klimatu.&nbsp;<\/p>\n\n\n\n<p>W trakcie konferencji zaprezentowano tak\u017ce&nbsp;wyniki projekt\u00f3w wsp\u00f3\u0142finansowanych z programu FEnIKS, takich jak modernizacja system\u00f3w odwodnie\u0144 w zabytkowych obiektach czy digitalizacja dziedzictwa z wykorzystaniem dron\u00f3w i skaner\u00f3w 3D.&nbsp;<\/p>\n\n\n\n<figure class=\"wp-block-image size-full\"><img loading=\"lazy\" decoding=\"async\" width=\"173\" height=\"71\" src=\"https:\/\/nid.pl\/wp-content\/uploads\/2025\/01\/image001.png\" alt=\"logotyp\" class=\"wp-image-24857\" srcset=\"https:\/\/nid.pl\/wp-content\/uploads\/2025\/01\/image001.png 173w, https:\/\/nid.pl\/wp-content\/uploads\/2025\/01\/image001-18x7.png 18w\" sizes=\"(max-width: 173px) 100vw, 173px\" \/><\/figure>\n\n\n\n<p><\/p>\n\n\n\n<p><\/p>\n\n\n\n<figure data-wp-context=\"{&quot;imageId&quot;:&quot;69f71ad42e124&quot;}\" data-wp-interactive=\"core\/image\" data-wp-key=\"69f71ad42e124\" class=\"wp-block-image aligncenter size-large is-resized wp-lightbox-container\"><img loading=\"lazy\" decoding=\"async\" width=\"1024\" height=\"756\" data-wp-class--hide=\"state.isContentHidden\" data-wp-class--show=\"state.isContentVisible\" data-wp-init=\"callbacks.setButtonStyles\" data-wp-on--click=\"actions.showLightbox\" data-wp-on--load=\"callbacks.setButtonStyles\" data-wp-on-window--resize=\"callbacks.setButtonStyles\" src=\"https:\/\/nid.pl\/wp-content\/uploads\/2025\/03\/Konferencja-Preventing-by-Maintaining-fot.-Anna-Turowska-NID-2-1024x756.jpg\" alt=\"\" class=\"wp-image-25892\" style=\"width:649px;height:auto\" srcset=\"https:\/\/nid.pl\/wp-content\/uploads\/2025\/03\/Konferencja-Preventing-by-Maintaining-fot.-Anna-Turowska-NID-2-980x724.jpg 980w, https:\/\/nid.pl\/wp-content\/uploads\/2025\/03\/Konferencja-Preventing-by-Maintaining-fot.-Anna-Turowska-NID-2-480x354.jpg 480w\" sizes=\"(min-width: 0px) and (max-width: 480px) 480px, (min-width: 481px) and (max-width: 980px) 980px, (min-width: 981px) 1024px, 100vw\" \/><button\n\t\t\tclass=\"lightbox-trigger\"\n\t\t\ttype=\"button\"\n\t\t\taria-haspopup=\"dialog\"\n\t\t\taria-label=\"Enlarge\"\n\t\t\tdata-wp-init=\"callbacks.initTriggerButton\"\n\t\t\tdata-wp-on--click=\"actions.showLightbox\"\n\t\t\tdata-wp-style--right=\"state.imageButtonRight\"\n\t\t\tdata-wp-style--top=\"state.imageButtonTop\"\n\t\t>\n\t\t\t<svg xmlns=\"http:\/\/www.w3.org\/2000\/svg\" width=\"12\" height=\"12\" fill=\"none\" viewbox=\"0 0 12 12\">\n\t\t\t\t<path fill=\"#fff\" d=\"M2 0a2 2 0 0 0-2 2v2h1.5V2a.5.5 0 0 1 .5-.5h2V0H2Zm2 10.5H2a.5.5 0 0 1-.5-.5V8H0v2a2 2 0 0 0 2 2h2v-1.5ZM8 12v-1.5h2a.5.5 0 0 0 .5-.5V8H12v2a2 2 0 0 1-2 2H8Zm2-12a2 2 0 0 1 2 2v2h-1.5V2a.5.5 0 0 0-.5-.5H8V0h2Z\" \/>\n\t\t\t<\/svg>\n\t\t<\/button><figcaption class=\"wp-element-caption\">Konferencja \u201ePreventing by Maintaining\u201d, fot. Anna Turowska\/NID<\/figcaption><\/figure>\n\n\n\n<p><\/p>\n\n\n\n<figure data-wp-context=\"{&quot;imageId&quot;:&quot;69f71ad42e609&quot;}\" data-wp-interactive=\"core\/image\" data-wp-key=\"69f71ad42e609\" class=\"wp-block-image aligncenter size-large is-resized wp-lightbox-container\"><img loading=\"lazy\" decoding=\"async\" width=\"1024\" height=\"768\" data-wp-class--hide=\"state.isContentHidden\" data-wp-class--show=\"state.isContentVisible\" data-wp-init=\"callbacks.setButtonStyles\" data-wp-on--click=\"actions.showLightbox\" data-wp-on--load=\"callbacks.setButtonStyles\" data-wp-on-window--resize=\"callbacks.setButtonStyles\" src=\"https:\/\/nid.pl\/wp-content\/uploads\/2025\/03\/Konferencja-Preventing-by-Maintaining-fot.-Anna-Turowska-NID-7-1024x768.jpg\" alt=\"\" class=\"wp-image-25907\" style=\"width:649px;height:auto\" srcset=\"https:\/\/nid.pl\/wp-content\/uploads\/2025\/03\/Konferencja-Preventing-by-Maintaining-fot.-Anna-Turowska-NID-7-980x735.jpg 980w, https:\/\/nid.pl\/wp-content\/uploads\/2025\/03\/Konferencja-Preventing-by-Maintaining-fot.-Anna-Turowska-NID-7-480x360.jpg 480w\" sizes=\"(min-width: 0px) and (max-width: 480px) 480px, (min-width: 481px) and (max-width: 980px) 980px, (min-width: 981px) 1024px, 100vw\" \/><button\n\t\t\tclass=\"lightbox-trigger\"\n\t\t\ttype=\"button\"\n\t\t\taria-haspopup=\"dialog\"\n\t\t\taria-label=\"Enlarge\"\n\t\t\tdata-wp-init=\"callbacks.initTriggerButton\"\n\t\t\tdata-wp-on--click=\"actions.showLightbox\"\n\t\t\tdata-wp-style--right=\"state.imageButtonRight\"\n\t\t\tdata-wp-style--top=\"state.imageButtonTop\"\n\t\t>\n\t\t\t<svg xmlns=\"http:\/\/www.w3.org\/2000\/svg\" width=\"12\" height=\"12\" fill=\"none\" viewbox=\"0 0 12 12\">\n\t\t\t\t<path fill=\"#fff\" d=\"M2 0a2 2 0 0 0-2 2v2h1.5V2a.5.5 0 0 1 .5-.5h2V0H2Zm2 10.5H2a.5.5 0 0 1-.5-.5V8H0v2a2 2 0 0 0 2 2h2v-1.5ZM8 12v-1.5h2a.5.5 0 0 0 .5-.5V8H12v2a2 2 0 0 1-2 2H8Zm2-12a2 2 0 0 1 2 2v2h-1.5V2a.5.5 0 0 0-.5-.5H8V0h2Z\" \/>\n\t\t\t<\/svg>\n\t\t<\/button><figcaption class=\"wp-element-caption\">Konferencja \u201ePreventing by Maintaining\u201d, fot. Anna Turowska\/NID<\/figcaption><\/figure>\n\n\n\n<p><\/p>\n\n\n\n<figure data-wp-context=\"{&quot;imageId&quot;:&quot;69f71ad42e947&quot;}\" data-wp-interactive=\"core\/image\" data-wp-key=\"69f71ad42e947\" class=\"wp-block-image aligncenter size-large is-resized wp-lightbox-container\"><img loading=\"lazy\" decoding=\"async\" width=\"1024\" height=\"829\" data-wp-class--hide=\"state.isContentHidden\" data-wp-class--show=\"state.isContentVisible\" data-wp-init=\"callbacks.setButtonStyles\" data-wp-on--click=\"actions.showLightbox\" data-wp-on--load=\"callbacks.setButtonStyles\" data-wp-on-window--resize=\"callbacks.setButtonStyles\" src=\"https:\/\/nid.pl\/wp-content\/uploads\/2025\/03\/Konferencja-Preventing-by-Maintaining-fot.-Anna-Turowska-NID-4-1024x829.jpeg\" alt=\"\" class=\"wp-image-25893\" style=\"width:651px;height:auto\" srcset=\"https:\/\/nid.pl\/wp-content\/uploads\/2025\/03\/Konferencja-Preventing-by-Maintaining-fot.-Anna-Turowska-NID-4-980x793.jpeg 980w, https:\/\/nid.pl\/wp-content\/uploads\/2025\/03\/Konferencja-Preventing-by-Maintaining-fot.-Anna-Turowska-NID-4-480x388.jpeg 480w\" sizes=\"(min-width: 0px) and (max-width: 480px) 480px, (min-width: 481px) and (max-width: 980px) 980px, (min-width: 981px) 1024px, 100vw\" \/><button\n\t\t\tclass=\"lightbox-trigger\"\n\t\t\ttype=\"button\"\n\t\t\taria-haspopup=\"dialog\"\n\t\t\taria-label=\"Enlarge\"\n\t\t\tdata-wp-init=\"callbacks.initTriggerButton\"\n\t\t\tdata-wp-on--click=\"actions.showLightbox\"\n\t\t\tdata-wp-style--right=\"state.imageButtonRight\"\n\t\t\tdata-wp-style--top=\"state.imageButtonTop\"\n\t\t>\n\t\t\t<svg xmlns=\"http:\/\/www.w3.org\/2000\/svg\" width=\"12\" height=\"12\" fill=\"none\" viewbox=\"0 0 12 12\">\n\t\t\t\t<path fill=\"#fff\" d=\"M2 0a2 2 0 0 0-2 2v2h1.5V2a.5.5 0 0 1 .5-.5h2V0H2Zm2 10.5H2a.5.5 0 0 1-.5-.5V8H0v2a2 2 0 0 0 2 2h2v-1.5ZM8 12v-1.5h2a.5.5 0 0 0 .5-.5V8H12v2a2 2 0 0 1-2 2H8Zm2-12a2 2 0 0 1 2 2v2h-1.5V2a.5.5 0 0 0-.5-.5H8V0h2Z\" \/>\n\t\t\t<\/svg>\n\t\t<\/button><figcaption class=\"wp-element-caption\">Bus Monumentenwacht z wyposa\u017ceniem do przeprowadzania ispekcji zabytk\u00f3w i wykonania drobnych napraw, Konferencja \u201ePreventing by Maintaining\u201d, fot. Anna Turowska\/NID <\/figcaption><\/figure>\n\n\n\n<p><\/p>\n\n\n\n<figure data-wp-context=\"{&quot;imageId&quot;:&quot;69f71ad42ecbd&quot;}\" data-wp-interactive=\"core\/image\" data-wp-key=\"69f71ad42ecbd\" class=\"wp-block-image aligncenter size-large is-resized wp-lightbox-container\"><img loading=\"lazy\" decoding=\"async\" width=\"1024\" height=\"667\" data-wp-class--hide=\"state.isContentHidden\" data-wp-class--show=\"state.isContentVisible\" data-wp-init=\"callbacks.setButtonStyles\" data-wp-on--click=\"actions.showLightbox\" data-wp-on--load=\"callbacks.setButtonStyles\" data-wp-on-window--resize=\"callbacks.setButtonStyles\" src=\"https:\/\/nid.pl\/wp-content\/uploads\/2025\/03\/Konferencja-Preventing-by-Maintaining-fot.-Anna-Turowska-NID-1-2-1024x667.jpg\" alt=\"\" class=\"wp-image-25890\" style=\"width:655px;height:auto\" srcset=\"https:\/\/nid.pl\/wp-content\/uploads\/2025\/03\/Konferencja-Preventing-by-Maintaining-fot.-Anna-Turowska-NID-1-2-980x638.jpg 980w, https:\/\/nid.pl\/wp-content\/uploads\/2025\/03\/Konferencja-Preventing-by-Maintaining-fot.-Anna-Turowska-NID-1-2-480x313.jpg 480w\" sizes=\"(min-width: 0px) and (max-width: 480px) 480px, (min-width: 481px) and (max-width: 980px) 980px, (min-width: 981px) 1024px, 100vw\" \/><button\n\t\t\tclass=\"lightbox-trigger\"\n\t\t\ttype=\"button\"\n\t\t\taria-haspopup=\"dialog\"\n\t\t\taria-label=\"Enlarge\"\n\t\t\tdata-wp-init=\"callbacks.initTriggerButton\"\n\t\t\tdata-wp-on--click=\"actions.showLightbox\"\n\t\t\tdata-wp-style--right=\"state.imageButtonRight\"\n\t\t\tdata-wp-style--top=\"state.imageButtonTop\"\n\t\t>\n\t\t\t<svg xmlns=\"http:\/\/www.w3.org\/2000\/svg\" width=\"12\" height=\"12\" fill=\"none\" viewbox=\"0 0 12 12\">\n\t\t\t\t<path fill=\"#fff\" d=\"M2 0a2 2 0 0 0-2 2v2h1.5V2a.5.5 0 0 1 .5-.5h2V0H2Zm2 10.5H2a.5.5 0 0 1-.5-.5V8H0v2a2 2 0 0 0 2 2h2v-1.5ZM8 12v-1.5h2a.5.5 0 0 0 .5-.5V8H12v2a2 2 0 0 1-2 2H8Zm2-12a2 2 0 0 1 2 2v2h-1.5V2a.5.5 0 0 0-.5-.5H8V0h2Z\" \/>\n\t\t\t<\/svg>\n\t\t<\/button><figcaption class=\"wp-element-caption\">Konferencja \u201ePreventing by Maintaining\u201d, fot. Anna Turowska\/NID<\/figcaption><\/figure>\n\n\n\n<p><\/p>\n\n\n\n<figure data-wp-context=\"{&quot;imageId&quot;:&quot;69f71ad42effe&quot;}\" data-wp-interactive=\"core\/image\" data-wp-key=\"69f71ad42effe\" class=\"wp-block-image aligncenter size-large is-resized wp-lightbox-container\"><img loading=\"lazy\" decoding=\"async\" width=\"1024\" height=\"768\" data-wp-class--hide=\"state.isContentHidden\" data-wp-class--show=\"state.isContentVisible\" data-wp-init=\"callbacks.setButtonStyles\" data-wp-on--click=\"actions.showLightbox\" data-wp-on--load=\"callbacks.setButtonStyles\" data-wp-on-window--resize=\"callbacks.setButtonStyles\" src=\"https:\/\/nid.pl\/wp-content\/uploads\/2025\/03\/Konferencja-Preventing-by-Maintaining-fot.-Anna-Turowska-NID-6-1024x768.jpg\" alt=\"\" class=\"wp-image-25898\" style=\"width:655px;height:auto\" srcset=\"https:\/\/nid.pl\/wp-content\/uploads\/2025\/03\/Konferencja-Preventing-by-Maintaining-fot.-Anna-Turowska-NID-6-980x735.jpg 980w, https:\/\/nid.pl\/wp-content\/uploads\/2025\/03\/Konferencja-Preventing-by-Maintaining-fot.-Anna-Turowska-NID-6-480x360.jpg 480w\" sizes=\"(min-width: 0px) and (max-width: 480px) 480px, (min-width: 481px) and (max-width: 980px) 980px, (min-width: 981px) 1024px, 100vw\" \/><button\n\t\t\tclass=\"lightbox-trigger\"\n\t\t\ttype=\"button\"\n\t\t\taria-haspopup=\"dialog\"\n\t\t\taria-label=\"Enlarge\"\n\t\t\tdata-wp-init=\"callbacks.initTriggerButton\"\n\t\t\tdata-wp-on--click=\"actions.showLightbox\"\n\t\t\tdata-wp-style--right=\"state.imageButtonRight\"\n\t\t\tdata-wp-style--top=\"state.imageButtonTop\"\n\t\t>\n\t\t\t<svg xmlns=\"http:\/\/www.w3.org\/2000\/svg\" width=\"12\" height=\"12\" fill=\"none\" viewbox=\"0 0 12 12\">\n\t\t\t\t<path fill=\"#fff\" d=\"M2 0a2 2 0 0 0-2 2v2h1.5V2a.5.5 0 0 1 .5-.5h2V0H2Zm2 10.5H2a.5.5 0 0 1-.5-.5V8H0v2a2 2 0 0 0 2 2h2v-1.5ZM8 12v-1.5h2a.5.5 0 0 0 .5-.5V8H12v2a2 2 0 0 1-2 2H8Zm2-12a2 2 0 0 1 2 2v2h-1.5V2a.5.5 0 0 0-.5-.5H8V0h2Z\" \/>\n\t\t\t<\/svg>\n\t\t<\/button><figcaption class=\"wp-element-caption\">Konferencja \u201ePreventing by Maintaining\u201d, fot. Anna Turowska\/NID<\/figcaption><\/figure>\n\n\n\n<p><\/p>\n\n\n\n<figure data-wp-context=\"{&quot;imageId&quot;:&quot;69f71ad42f2f5&quot;}\" data-wp-interactive=\"core\/image\" data-wp-key=\"69f71ad42f2f5\" class=\"wp-block-image aligncenter size-large is-resized wp-lightbox-container\"><img loading=\"lazy\" decoding=\"async\" width=\"1024\" height=\"768\" data-wp-class--hide=\"state.isContentHidden\" data-wp-class--show=\"state.isContentVisible\" data-wp-init=\"callbacks.setButtonStyles\" data-wp-on--click=\"actions.showLightbox\" data-wp-on--load=\"callbacks.setButtonStyles\" data-wp-on-window--resize=\"callbacks.setButtonStyles\" src=\"https:\/\/nid.pl\/wp-content\/uploads\/2025\/03\/Konferencja-Preventing-by-Maintaining-fot.-Anna-Turowska-NID-1-1024x768.jpeg\" alt=\"\" class=\"wp-image-25887\" style=\"width:657px;height:auto\" srcset=\"https:\/\/nid.pl\/wp-content\/uploads\/2025\/03\/Konferencja-Preventing-by-Maintaining-fot.-Anna-Turowska-NID-1-980x735.jpeg 980w, https:\/\/nid.pl\/wp-content\/uploads\/2025\/03\/Konferencja-Preventing-by-Maintaining-fot.-Anna-Turowska-NID-1-480x360.jpeg 480w\" sizes=\"(min-width: 0px) and (max-width: 480px) 480px, (min-width: 481px) and (max-width: 980px) 980px, (min-width: 981px) 1024px, 100vw\" \/><button\n\t\t\tclass=\"lightbox-trigger\"\n\t\t\ttype=\"button\"\n\t\t\taria-haspopup=\"dialog\"\n\t\t\taria-label=\"Enlarge\"\n\t\t\tdata-wp-init=\"callbacks.initTriggerButton\"\n\t\t\tdata-wp-on--click=\"actions.showLightbox\"\n\t\t\tdata-wp-style--right=\"state.imageButtonRight\"\n\t\t\tdata-wp-style--top=\"state.imageButtonTop\"\n\t\t>\n\t\t\t<svg xmlns=\"http:\/\/www.w3.org\/2000\/svg\" width=\"12\" height=\"12\" fill=\"none\" viewbox=\"0 0 12 12\">\n\t\t\t\t<path fill=\"#fff\" d=\"M2 0a2 2 0 0 0-2 2v2h1.5V2a.5.5 0 0 1 .5-.5h2V0H2Zm2 10.5H2a.5.5 0 0 1-.5-.5V8H0v2a2 2 0 0 0 2 2h2v-1.5ZM8 12v-1.5h2a.5.5 0 0 0 .5-.5V8H12v2a2 2 0 0 1-2 2H8Zm2-12a2 2 0 0 1 2 2v2h-1.5V2a.5.5 0 0 0-.5-.5H8V0h2Z\" \/>\n\t\t\t<\/svg>\n\t\t<\/button><figcaption class=\"wp-element-caption\">Wn\u0119trze busa Pro Monumenta, konferencja \u201ePreventing by Maintaining\u201d, fot. Anna Turowska\/NID<\/figcaption><\/figure>\n\n\n\n<p><\/p>\n\n\n\n<figure data-wp-context=\"{&quot;imageId&quot;:&quot;69f71ad42f5dd&quot;}\" data-wp-interactive=\"core\/image\" data-wp-key=\"69f71ad42f5dd\" class=\"wp-block-image aligncenter size-large is-resized wp-lightbox-container\"><img loading=\"lazy\" decoding=\"async\" width=\"1024\" height=\"768\" data-wp-class--hide=\"state.isContentHidden\" data-wp-class--show=\"state.isContentVisible\" data-wp-init=\"callbacks.setButtonStyles\" data-wp-on--click=\"actions.showLightbox\" data-wp-on--load=\"callbacks.setButtonStyles\" data-wp-on-window--resize=\"callbacks.setButtonStyles\" src=\"https:\/\/nid.pl\/wp-content\/uploads\/2025\/03\/Konferencja-Preventing-by-Maintaining-fot.-Anna-Turowska-NID-2-1024x768.jpeg\" alt=\"\" class=\"wp-image-25891\" style=\"width:661px;height:auto\" srcset=\"https:\/\/nid.pl\/wp-content\/uploads\/2025\/03\/Konferencja-Preventing-by-Maintaining-fot.-Anna-Turowska-NID-2-980x735.jpeg 980w, https:\/\/nid.pl\/wp-content\/uploads\/2025\/03\/Konferencja-Preventing-by-Maintaining-fot.-Anna-Turowska-NID-2-480x360.jpeg 480w\" sizes=\"(min-width: 0px) and (max-width: 480px) 480px, (min-width: 481px) and (max-width: 980px) 980px, (min-width: 981px) 1024px, 100vw\" \/><button\n\t\t\tclass=\"lightbox-trigger\"\n\t\t\ttype=\"button\"\n\t\t\taria-haspopup=\"dialog\"\n\t\t\taria-label=\"Enlarge\"\n\t\t\tdata-wp-init=\"callbacks.initTriggerButton\"\n\t\t\tdata-wp-on--click=\"actions.showLightbox\"\n\t\t\tdata-wp-style--right=\"state.imageButtonRight\"\n\t\t\tdata-wp-style--top=\"state.imageButtonTop\"\n\t\t>\n\t\t\t<svg xmlns=\"http:\/\/www.w3.org\/2000\/svg\" width=\"12\" height=\"12\" fill=\"none\" viewbox=\"0 0 12 12\">\n\t\t\t\t<path fill=\"#fff\" d=\"M2 0a2 2 0 0 0-2 2v2h1.5V2a.5.5 0 0 1 .5-.5h2V0H2Zm2 10.5H2a.5.5 0 0 1-.5-.5V8H0v2a2 2 0 0 0 2 2h2v-1.5ZM8 12v-1.5h2a.5.5 0 0 0 .5-.5V8H12v2a2 2 0 0 1-2 2H8Zm2-12a2 2 0 0 1 2 2v2h-1.5V2a.5.5 0 0 0-.5-.5H8V0h2Z\" \/>\n\t\t\t<\/svg>\n\t\t<\/button><figcaption class=\"wp-element-caption\">Bus Pro Monumenta, Konferencja \u201ePreventing by Maintaining\u201d, fot. Anna Turowska\/NID<\/figcaption><\/figure>\n\n\n\n<figure data-wp-context=\"{&quot;imageId&quot;:&quot;69f71ad42f88e&quot;}\" data-wp-interactive=\"core\/image\" data-wp-key=\"69f71ad42f88e\" class=\"wp-block-image aligncenter size-large is-resized wp-lightbox-container\"><img loading=\"lazy\" decoding=\"async\" width=\"768\" height=\"1024\" data-wp-class--hide=\"state.isContentHidden\" data-wp-class--show=\"state.isContentVisible\" data-wp-init=\"callbacks.setButtonStyles\" data-wp-on--click=\"actions.showLightbox\" data-wp-on--load=\"callbacks.setButtonStyles\" data-wp-on-window--resize=\"callbacks.setButtonStyles\" src=\"https:\/\/nid.pl\/wp-content\/uploads\/2025\/03\/Konferencja-Preventing-by-Maintaining-fot.-Anna-Turowska-NID-8-768x1024.jpg\" alt=\"uczestnicy konferencji przed s\u0142owack\u0105 galeri\u0105 narodow\u0105\" class=\"wp-image-25915\" style=\"width:520px;height:auto\"\/><button\n\t\t\tclass=\"lightbox-trigger\"\n\t\t\ttype=\"button\"\n\t\t\taria-haspopup=\"dialog\"\n\t\t\taria-label=\"Enlarge\"\n\t\t\tdata-wp-init=\"callbacks.initTriggerButton\"\n\t\t\tdata-wp-on--click=\"actions.showLightbox\"\n\t\t\tdata-wp-style--right=\"state.imageButtonRight\"\n\t\t\tdata-wp-style--top=\"state.imageButtonTop\"\n\t\t>\n\t\t\t<svg xmlns=\"http:\/\/www.w3.org\/2000\/svg\" width=\"12\" height=\"12\" fill=\"none\" viewbox=\"0 0 12 12\">\n\t\t\t\t<path fill=\"#fff\" d=\"M2 0a2 2 0 0 0-2 2v2h1.5V2a.5.5 0 0 1 .5-.5h2V0H2Zm2 10.5H2a.5.5 0 0 1-.5-.5V8H0v2a2 2 0 0 0 2 2h2v-1.5ZM8 12v-1.5h2a.5.5 0 0 0 .5-.5V8H12v2a2 2 0 0 1-2 2H8Zm2-12a2 2 0 0 1 2 2v2h-1.5V2a.5.5 0 0 0-.5-.5H8V0h2Z\" \/>\n\t\t\t<\/svg>\n\t\t<\/button><figcaption class=\"wp-element-caption\">S\u0142owacka Galeria Narodowa, konferencja \u201ePreventing by Maintaining\u201d, fot. Anna Turowska NID<\/figcaption><\/figure>\n\n\n\n<figure data-wp-context=\"{&quot;imageId&quot;:&quot;69f71ad42fc11&quot;}\" data-wp-interactive=\"core\/image\" data-wp-key=\"69f71ad42fc11\" class=\"wp-block-image aligncenter size-large is-resized wp-lightbox-container\"><img loading=\"lazy\" decoding=\"async\" width=\"1024\" height=\"745\" data-wp-class--hide=\"state.isContentHidden\" data-wp-class--show=\"state.isContentVisible\" data-wp-init=\"callbacks.setButtonStyles\" data-wp-on--click=\"actions.showLightbox\" data-wp-on--load=\"callbacks.setButtonStyles\" data-wp-on-window--resize=\"callbacks.setButtonStyles\" src=\"https:\/\/nid.pl\/wp-content\/uploads\/2025\/03\/Banska-Stiavnica-\u2013-gornicze-miasto-UNESCO-1024x745.jpg\" alt=\"Uczestnicy na spacerze w mie\u015bcie Ba\u0142ka\u0144ska Stavnica\" class=\"wp-image-25924\" style=\"width:661px;height:auto\" srcset=\"https:\/\/nid.pl\/wp-content\/uploads\/2025\/03\/Banska-Stiavnica-\u2013-gornicze-miasto-UNESCO-1024x745.jpg 1024w, https:\/\/nid.pl\/wp-content\/uploads\/2025\/03\/Banska-Stiavnica-\u2013-gornicze-miasto-UNESCO-300x218.jpg 300w, https:\/\/nid.pl\/wp-content\/uploads\/2025\/03\/Banska-Stiavnica-\u2013-gornicze-miasto-UNESCO-768x559.jpg 768w, https:\/\/nid.pl\/wp-content\/uploads\/2025\/03\/Banska-Stiavnica-\u2013-gornicze-miasto-UNESCO-1536x1118.jpg 1536w, https:\/\/nid.pl\/wp-content\/uploads\/2025\/03\/Banska-Stiavnica-\u2013-gornicze-miasto-UNESCO-2048x1491.jpg 2048w, https:\/\/nid.pl\/wp-content\/uploads\/2025\/03\/Banska-Stiavnica-\u2013-gornicze-miasto-UNESCO-16x12.jpg 16w, https:\/\/nid.pl\/wp-content\/uploads\/2025\/03\/Banska-Stiavnica-\u2013-gornicze-miasto-UNESCO-1080x786.jpg 1080w, https:\/\/nid.pl\/wp-content\/uploads\/2025\/03\/Banska-Stiavnica-\u2013-gornicze-miasto-UNESCO-1280x932.jpg 1280w, https:\/\/nid.pl\/wp-content\/uploads\/2025\/03\/Banska-Stiavnica-\u2013-gornicze-miasto-UNESCO-980x714.jpg 980w, https:\/\/nid.pl\/wp-content\/uploads\/2025\/03\/Banska-Stiavnica-\u2013-gornicze-miasto-UNESCO-480x350.jpg 480w\" sizes=\"(max-width: 1024px) 100vw, 1024px\" \/><button\n\t\t\tclass=\"lightbox-trigger\"\n\t\t\ttype=\"button\"\n\t\t\taria-haspopup=\"dialog\"\n\t\t\taria-label=\"Enlarge\"\n\t\t\tdata-wp-init=\"callbacks.initTriggerButton\"\n\t\t\tdata-wp-on--click=\"actions.showLightbox\"\n\t\t\tdata-wp-style--right=\"state.imageButtonRight\"\n\t\t\tdata-wp-style--top=\"state.imageButtonTop\"\n\t\t>\n\t\t\t<svg xmlns=\"http:\/\/www.w3.org\/2000\/svg\" width=\"12\" height=\"12\" fill=\"none\" viewbox=\"0 0 12 12\">\n\t\t\t\t<path fill=\"#fff\" d=\"M2 0a2 2 0 0 0-2 2v2h1.5V2a.5.5 0 0 1 .5-.5h2V0H2Zm2 10.5H2a.5.5 0 0 1-.5-.5V8H0v2a2 2 0 0 0 2 2h2v-1.5ZM8 12v-1.5h2a.5.5 0 0 0 .5-.5V8H12v2a2 2 0 0 1-2 2H8Zm2-12a2 2 0 0 1 2 2v2h-1.5V2a.5.5 0 0 0-.5-.5H8V0h2Z\" \/>\n\t\t\t<\/svg>\n\t\t<\/button><figcaption class=\"wp-element-caption\">Uczestnicy na spacerze w Banskiej \u0160tiavnicy \u2013 g\u00f3rniczym mie\u015bcie UNESCO, fot. Anna Turowska\/NID<\/figcaption><\/figure>\n\n\n\n<p><\/p>\n\n\n\n<figure data-wp-context=\"{&quot;imageId&quot;:&quot;69f71ad4300f6&quot;}\" data-wp-interactive=\"core\/image\" data-wp-key=\"69f71ad4300f6\" class=\"wp-block-image aligncenter size-large is-resized wp-lightbox-container\"><img loading=\"lazy\" decoding=\"async\" width=\"1024\" height=\"768\" data-wp-class--hide=\"state.isContentHidden\" data-wp-class--show=\"state.isContentVisible\" data-wp-init=\"callbacks.setButtonStyles\" data-wp-on--click=\"actions.showLightbox\" data-wp-on--load=\"callbacks.setButtonStyles\" data-wp-on-window--resize=\"callbacks.setButtonStyles\" src=\"https:\/\/nid.pl\/wp-content\/uploads\/2025\/03\/Banska-Stiavnica-\u2013-gornicze-miasto-UNESCO_1-1024x768.jpg\" alt=\"\" class=\"wp-image-25925\" style=\"width:665px;height:auto\" srcset=\"https:\/\/nid.pl\/wp-content\/uploads\/2025\/03\/Banska-Stiavnica-\u2013-gornicze-miasto-UNESCO_1-1024x768.jpg 1024w, https:\/\/nid.pl\/wp-content\/uploads\/2025\/03\/Banska-Stiavnica-\u2013-gornicze-miasto-UNESCO_1-300x225.jpg 300w, https:\/\/nid.pl\/wp-content\/uploads\/2025\/03\/Banska-Stiavnica-\u2013-gornicze-miasto-UNESCO_1-768x576.jpg 768w, https:\/\/nid.pl\/wp-content\/uploads\/2025\/03\/Banska-Stiavnica-\u2013-gornicze-miasto-UNESCO_1-1536x1152.jpg 1536w, https:\/\/nid.pl\/wp-content\/uploads\/2025\/03\/Banska-Stiavnica-\u2013-gornicze-miasto-UNESCO_1-2048x1536.jpg 2048w, https:\/\/nid.pl\/wp-content\/uploads\/2025\/03\/Banska-Stiavnica-\u2013-gornicze-miasto-UNESCO_1-16x12.jpg 16w, https:\/\/nid.pl\/wp-content\/uploads\/2025\/03\/Banska-Stiavnica-\u2013-gornicze-miasto-UNESCO_1-510x382.jpg 510w, https:\/\/nid.pl\/wp-content\/uploads\/2025\/03\/Banska-Stiavnica-\u2013-gornicze-miasto-UNESCO_1-1080x810.jpg 1080w, https:\/\/nid.pl\/wp-content\/uploads\/2025\/03\/Banska-Stiavnica-\u2013-gornicze-miasto-UNESCO_1-1280x960.jpg 1280w, https:\/\/nid.pl\/wp-content\/uploads\/2025\/03\/Banska-Stiavnica-\u2013-gornicze-miasto-UNESCO_1-980x735.jpg 980w, https:\/\/nid.pl\/wp-content\/uploads\/2025\/03\/Banska-Stiavnica-\u2013-gornicze-miasto-UNESCO_1-480x360.jpg 480w\" sizes=\"(max-width: 1024px) 100vw, 1024px\" \/><button\n\t\t\tclass=\"lightbox-trigger\"\n\t\t\ttype=\"button\"\n\t\t\taria-haspopup=\"dialog\"\n\t\t\taria-label=\"Enlarge\"\n\t\t\tdata-wp-init=\"callbacks.initTriggerButton\"\n\t\t\tdata-wp-on--click=\"actions.showLightbox\"\n\t\t\tdata-wp-style--right=\"state.imageButtonRight\"\n\t\t\tdata-wp-style--top=\"state.imageButtonTop\"\n\t\t>\n\t\t\t<svg xmlns=\"http:\/\/www.w3.org\/2000\/svg\" width=\"12\" height=\"12\" fill=\"none\" viewbox=\"0 0 12 12\">\n\t\t\t\t<path fill=\"#fff\" d=\"M2 0a2 2 0 0 0-2 2v2h1.5V2a.5.5 0 0 1 .5-.5h2V0H2Zm2 10.5H2a.5.5 0 0 1-.5-.5V8H0v2a2 2 0 0 0 2 2h2v-1.5ZM8 12v-1.5h2a.5.5 0 0 0 .5-.5V8H12v2a2 2 0 0 1-2 2H8Zm2-12a2 2 0 0 1 2 2v2h-1.5V2a.5.5 0 0 0-.5-.5H8V0h2Z\" \/>\n\t\t\t<\/svg>\n\t\t<\/button><figcaption class=\"wp-element-caption\">Banska \u0160tiavnica \u2013 g\u00f3rnicze miasto UNESCO, fot. Anna Turowska\/NID<\/figcaption><\/figure>\n\n\n\n<p><\/p>\n\n\n\n<figure data-wp-context=\"{&quot;imageId&quot;:&quot;69f71ad4304e0&quot;}\" data-wp-interactive=\"core\/image\" data-wp-key=\"69f71ad4304e0\" class=\"wp-block-image aligncenter size-large is-resized wp-lightbox-container\"><img loading=\"lazy\" decoding=\"async\" width=\"1024\" height=\"768\" data-wp-class--hide=\"state.isContentHidden\" data-wp-class--show=\"state.isContentVisible\" data-wp-init=\"callbacks.setButtonStyles\" data-wp-on--click=\"actions.showLightbox\" data-wp-on--load=\"callbacks.setButtonStyles\" data-wp-on-window--resize=\"callbacks.setButtonStyles\" src=\"https:\/\/nid.pl\/wp-content\/uploads\/2025\/03\/Banska-Stiavnica-\u2013-gornicze-miasto-UNESCO_2-1024x768.jpg\" alt=\"\" class=\"wp-image-25926\" style=\"width:663px;height:auto\" srcset=\"https:\/\/nid.pl\/wp-content\/uploads\/2025\/03\/Banska-Stiavnica-\u2013-gornicze-miasto-UNESCO_2-1024x768.jpg 1024w, https:\/\/nid.pl\/wp-content\/uploads\/2025\/03\/Banska-Stiavnica-\u2013-gornicze-miasto-UNESCO_2-300x225.jpg 300w, https:\/\/nid.pl\/wp-content\/uploads\/2025\/03\/Banska-Stiavnica-\u2013-gornicze-miasto-UNESCO_2-768x576.jpg 768w, https:\/\/nid.pl\/wp-content\/uploads\/2025\/03\/Banska-Stiavnica-\u2013-gornicze-miasto-UNESCO_2-1536x1152.jpg 1536w, https:\/\/nid.pl\/wp-content\/uploads\/2025\/03\/Banska-Stiavnica-\u2013-gornicze-miasto-UNESCO_2-2048x1536.jpg 2048w, https:\/\/nid.pl\/wp-content\/uploads\/2025\/03\/Banska-Stiavnica-\u2013-gornicze-miasto-UNESCO_2-16x12.jpg 16w, https:\/\/nid.pl\/wp-content\/uploads\/2025\/03\/Banska-Stiavnica-\u2013-gornicze-miasto-UNESCO_2-510x382.jpg 510w, https:\/\/nid.pl\/wp-content\/uploads\/2025\/03\/Banska-Stiavnica-\u2013-gornicze-miasto-UNESCO_2-1080x810.jpg 1080w, https:\/\/nid.pl\/wp-content\/uploads\/2025\/03\/Banska-Stiavnica-\u2013-gornicze-miasto-UNESCO_2-1280x960.jpg 1280w, https:\/\/nid.pl\/wp-content\/uploads\/2025\/03\/Banska-Stiavnica-\u2013-gornicze-miasto-UNESCO_2-980x735.jpg 980w, https:\/\/nid.pl\/wp-content\/uploads\/2025\/03\/Banska-Stiavnica-\u2013-gornicze-miasto-UNESCO_2-480x360.jpg 480w\" sizes=\"(max-width: 1024px) 100vw, 1024px\" \/><button\n\t\t\tclass=\"lightbox-trigger\"\n\t\t\ttype=\"button\"\n\t\t\taria-haspopup=\"dialog\"\n\t\t\taria-label=\"Enlarge\"\n\t\t\tdata-wp-init=\"callbacks.initTriggerButton\"\n\t\t\tdata-wp-on--click=\"actions.showLightbox\"\n\t\t\tdata-wp-style--right=\"state.imageButtonRight\"\n\t\t\tdata-wp-style--top=\"state.imageButtonTop\"\n\t\t>\n\t\t\t<svg xmlns=\"http:\/\/www.w3.org\/2000\/svg\" width=\"12\" height=\"12\" fill=\"none\" viewbox=\"0 0 12 12\">\n\t\t\t\t<path fill=\"#fff\" d=\"M2 0a2 2 0 0 0-2 2v2h1.5V2a.5.5 0 0 1 .5-.5h2V0H2Zm2 10.5H2a.5.5 0 0 1-.5-.5V8H0v2a2 2 0 0 0 2 2h2v-1.5ZM8 12v-1.5h2a.5.5 0 0 0 .5-.5V8H12v2a2 2 0 0 1-2 2H8Zm2-12a2 2 0 0 1 2 2v2h-1.5V2a.5.5 0 0 0-.5-.5H8V0h2Z\" \/>\n\t\t\t<\/svg>\n\t\t<\/button><figcaption class=\"wp-element-caption\">Banska \u0160tiavnica \u2013 g\u00f3rnicze miasto UNESCO, fot. Anna Turowska\/NID<\/figcaption><\/figure>\n\n\n\n<p><\/p>\n\n\n\n<figure data-wp-context=\"{&quot;imageId&quot;:&quot;69f71ad430889&quot;}\" data-wp-interactive=\"core\/image\" data-wp-key=\"69f71ad430889\" class=\"wp-block-image aligncenter size-large is-resized wp-lightbox-container\"><img loading=\"lazy\" decoding=\"async\" width=\"1024\" height=\"768\" data-wp-class--hide=\"state.isContentHidden\" data-wp-class--show=\"state.isContentVisible\" data-wp-init=\"callbacks.setButtonStyles\" data-wp-on--click=\"actions.showLightbox\" data-wp-on--load=\"callbacks.setButtonStyles\" data-wp-on-window--resize=\"callbacks.setButtonStyles\" src=\"https:\/\/nid.pl\/wp-content\/uploads\/2025\/03\/Kosciol-sw.-Katarzyny-w-Banskiej-Stiavnicy-1024x768.jpg\" alt=\"wn\u0119trze ko\u015bcio\u0142a \u015bwi\u0119tej Katarzyny w Ba\u0144skiej Stiavnicy\" class=\"wp-image-25930\" style=\"width:665px;height:auto\" srcset=\"https:\/\/nid.pl\/wp-content\/uploads\/2025\/03\/Kosciol-sw.-Katarzyny-w-Banskiej-Stiavnicy-980x735.jpg 980w, https:\/\/nid.pl\/wp-content\/uploads\/2025\/03\/Kosciol-sw.-Katarzyny-w-Banskiej-Stiavnicy-480x360.jpg 480w\" sizes=\"(min-width: 0px) and (max-width: 480px) 480px, (min-width: 481px) and (max-width: 980px) 980px, (min-width: 981px) 1024px, 100vw\" \/><button\n\t\t\tclass=\"lightbox-trigger\"\n\t\t\ttype=\"button\"\n\t\t\taria-haspopup=\"dialog\"\n\t\t\taria-label=\"Enlarge\"\n\t\t\tdata-wp-init=\"callbacks.initTriggerButton\"\n\t\t\tdata-wp-on--click=\"actions.showLightbox\"\n\t\t\tdata-wp-style--right=\"state.imageButtonRight\"\n\t\t\tdata-wp-style--top=\"state.imageButtonTop\"\n\t\t>\n\t\t\t<svg xmlns=\"http:\/\/www.w3.org\/2000\/svg\" width=\"12\" height=\"12\" fill=\"none\" viewbox=\"0 0 12 12\">\n\t\t\t\t<path fill=\"#fff\" d=\"M2 0a2 2 0 0 0-2 2v2h1.5V2a.5.5 0 0 1 .5-.5h2V0H2Zm2 10.5H2a.5.5 0 0 1-.5-.5V8H0v2a2 2 0 0 0 2 2h2v-1.5ZM8 12v-1.5h2a.5.5 0 0 0 .5-.5V8H12v2a2 2 0 0 1-2 2H8Zm2-12a2 2 0 0 1 2 2v2h-1.5V2a.5.5 0 0 0-.5-.5H8V0h2Z\" \/>\n\t\t\t<\/svg>\n\t\t<\/button><figcaption class=\"wp-element-caption\">Ko\u015bci\u00f3\u0142 \u015bw. Katarzyny w Ba\u0144skiej \u0160tiavnicy, fot. Anna Turowska\/NID<\/figcaption><\/figure>\n\n\n\n<p><\/p>\n\n\n\n<figure data-wp-context=\"{&quot;imageId&quot;:&quot;69f71ad430b8a&quot;}\" data-wp-interactive=\"core\/image\" data-wp-key=\"69f71ad430b8a\" class=\"wp-block-image aligncenter size-large is-resized wp-lightbox-container\"><img loading=\"lazy\" decoding=\"async\" width=\"1024\" height=\"852\" data-wp-class--hide=\"state.isContentHidden\" data-wp-class--show=\"state.isContentVisible\" data-wp-init=\"callbacks.setButtonStyles\" data-wp-on--click=\"actions.showLightbox\" data-wp-on--load=\"callbacks.setButtonStyles\" data-wp-on-window--resize=\"callbacks.setButtonStyles\" src=\"https:\/\/nid.pl\/wp-content\/uploads\/2025\/03\/Pracownia-Pro-Monumenta-w-Banskiej-Stiavnicy-\u2013-gorniczym-miescie-UNESCO-1024x852.jpg\" alt=\"\" class=\"wp-image-25929\" style=\"width:665px;height:auto\" srcset=\"https:\/\/nid.pl\/wp-content\/uploads\/2025\/03\/Pracownia-Pro-Monumenta-w-Banskiej-Stiavnicy-\u2013-gorniczym-miescie-UNESCO-1024x852.jpg 1024w, https:\/\/nid.pl\/wp-content\/uploads\/2025\/03\/Pracownia-Pro-Monumenta-w-Banskiej-Stiavnicy-\u2013-gorniczym-miescie-UNESCO-300x250.jpg 300w, https:\/\/nid.pl\/wp-content\/uploads\/2025\/03\/Pracownia-Pro-Monumenta-w-Banskiej-Stiavnicy-\u2013-gorniczym-miescie-UNESCO-768x639.jpg 768w, https:\/\/nid.pl\/wp-content\/uploads\/2025\/03\/Pracownia-Pro-Monumenta-w-Banskiej-Stiavnicy-\u2013-gorniczym-miescie-UNESCO-1536x1278.jpg 1536w, https:\/\/nid.pl\/wp-content\/uploads\/2025\/03\/Pracownia-Pro-Monumenta-w-Banskiej-Stiavnicy-\u2013-gorniczym-miescie-UNESCO-2048x1703.jpg 2048w, https:\/\/nid.pl\/wp-content\/uploads\/2025\/03\/Pracownia-Pro-Monumenta-w-Banskiej-Stiavnicy-\u2013-gorniczym-miescie-UNESCO-14x12.jpg 14w, https:\/\/nid.pl\/wp-content\/uploads\/2025\/03\/Pracownia-Pro-Monumenta-w-Banskiej-Stiavnicy-\u2013-gorniczym-miescie-UNESCO-1080x898.jpg 1080w, https:\/\/nid.pl\/wp-content\/uploads\/2025\/03\/Pracownia-Pro-Monumenta-w-Banskiej-Stiavnicy-\u2013-gorniczym-miescie-UNESCO-1280x1065.jpg 1280w, https:\/\/nid.pl\/wp-content\/uploads\/2025\/03\/Pracownia-Pro-Monumenta-w-Banskiej-Stiavnicy-\u2013-gorniczym-miescie-UNESCO-980x815.jpg 980w, https:\/\/nid.pl\/wp-content\/uploads\/2025\/03\/Pracownia-Pro-Monumenta-w-Banskiej-Stiavnicy-\u2013-gorniczym-miescie-UNESCO-480x399.jpg 480w\" sizes=\"(max-width: 1024px) 100vw, 1024px\" \/><button\n\t\t\tclass=\"lightbox-trigger\"\n\t\t\ttype=\"button\"\n\t\t\taria-haspopup=\"dialog\"\n\t\t\taria-label=\"Enlarge\"\n\t\t\tdata-wp-init=\"callbacks.initTriggerButton\"\n\t\t\tdata-wp-on--click=\"actions.showLightbox\"\n\t\t\tdata-wp-style--right=\"state.imageButtonRight\"\n\t\t\tdata-wp-style--top=\"state.imageButtonTop\"\n\t\t>\n\t\t\t<svg xmlns=\"http:\/\/www.w3.org\/2000\/svg\" width=\"12\" height=\"12\" fill=\"none\" viewbox=\"0 0 12 12\">\n\t\t\t\t<path fill=\"#fff\" d=\"M2 0a2 2 0 0 0-2 2v2h1.5V2a.5.5 0 0 1 .5-.5h2V0H2Zm2 10.5H2a.5.5 0 0 1-.5-.5V8H0v2a2 2 0 0 0 2 2h2v-1.5ZM8 12v-1.5h2a.5.5 0 0 0 .5-.5V8H12v2a2 2 0 0 1-2 2H8Zm2-12a2 2 0 0 1 2 2v2h-1.5V2a.5.5 0 0 0-.5-.5H8V0h2Z\" \/>\n\t\t\t<\/svg>\n\t\t<\/button><figcaption class=\"wp-element-caption\">Pracownia Pro Monumenta w Ba\u0144skiej \u0160tiavnicy, fot. Anna Turowska\/NID<\/figcaption><\/figure>\n\n\n\n<p><\/p>\n\n\n\n<figure data-wp-context=\"{&quot;imageId&quot;:&quot;69f71ad430ec6&quot;}\" data-wp-interactive=\"core\/image\" data-wp-key=\"69f71ad430ec6\" class=\"wp-block-image aligncenter size-large is-resized wp-lightbox-container\"><img loading=\"lazy\" decoding=\"async\" width=\"1024\" height=\"768\" data-wp-class--hide=\"state.isContentHidden\" data-wp-class--show=\"state.isContentVisible\" data-wp-init=\"callbacks.setButtonStyles\" data-wp-on--click=\"actions.showLightbox\" data-wp-on--load=\"callbacks.setButtonStyles\" data-wp-on-window--resize=\"callbacks.setButtonStyles\" src=\"https:\/\/nid.pl\/wp-content\/uploads\/2025\/03\/Pracownia-Pro-Monumenta-w-Balkanskiej-Szczawnicyfot.-Anna-Turowska-1024x768.jpg\" alt=\"\" class=\"wp-image-25928\" style=\"width:667px;height:auto\" srcset=\"https:\/\/nid.pl\/wp-content\/uploads\/2025\/03\/Pracownia-Pro-Monumenta-w-Balkanskiej-Szczawnicyfot.-Anna-Turowska-980x735.jpg 980w, https:\/\/nid.pl\/wp-content\/uploads\/2025\/03\/Pracownia-Pro-Monumenta-w-Balkanskiej-Szczawnicyfot.-Anna-Turowska-480x360.jpg 480w\" sizes=\"(min-width: 0px) and (max-width: 480px) 480px, (min-width: 481px) and (max-width: 980px) 980px, (min-width: 981px) 1024px, 100vw\" \/><button\n\t\t\tclass=\"lightbox-trigger\"\n\t\t\ttype=\"button\"\n\t\t\taria-haspopup=\"dialog\"\n\t\t\taria-label=\"Enlarge\"\n\t\t\tdata-wp-init=\"callbacks.initTriggerButton\"\n\t\t\tdata-wp-on--click=\"actions.showLightbox\"\n\t\t\tdata-wp-style--right=\"state.imageButtonRight\"\n\t\t\tdata-wp-style--top=\"state.imageButtonTop\"\n\t\t>\n\t\t\t<svg xmlns=\"http:\/\/www.w3.org\/2000\/svg\" width=\"12\" height=\"12\" fill=\"none\" viewbox=\"0 0 12 12\">\n\t\t\t\t<path fill=\"#fff\" d=\"M2 0a2 2 0 0 0-2 2v2h1.5V2a.5.5 0 0 1 .5-.5h2V0H2Zm2 10.5H2a.5.5 0 0 1-.5-.5V8H0v2a2 2 0 0 0 2 2h2v-1.5ZM8 12v-1.5h2a.5.5 0 0 0 .5-.5V8H12v2a2 2 0 0 1-2 2H8Zm2-12a2 2 0 0 1 2 2v2h-1.5V2a.5.5 0 0 0-.5-.5H8V0h2Z\" \/>\n\t\t\t<\/svg>\n\t\t<\/button><figcaption class=\"wp-element-caption\">Pracownia Pro Monumenta w Ba\u0144skiej \u0160tiavnicy, fot. Anna Turowska\/NID<\/figcaption><\/figure>\n\n\n\n<p><\/p>","protected":false},"excerpt":{"rendered":"<p>Jak \u0142\u0105czy\u0107 system prewencji, nowe technologie i dost\u0119pne fundusze, by skutecznie chroni\u0107 zabytki przed skutkami zmian klimatu? W dniach 11-13 marca w Bratys\u0142awie odby\u0142a si\u0119 mi\u0119dzynarodowa konferencja \u201ePreventing by Maintaining\u201d, [&hellip;]<\/p>","protected":false},"author":7,"featured_media":25895,"comment_status":"closed","ping_status":"closed","sticky":false,"template":"","format":"standard","meta":{"_et_pb_use_builder":"off","_et_pb_old_content":"","_et_gb_content_width":"","_monsterinsights_skip_tracking":false,"_monsterinsights_sitenote_active":false,"_monsterinsights_sitenote_note":"","_monsterinsights_sitenote_category":0,"footnotes":""},"categories":[3,144],"tags":[],"class_list":["post-25886","post","type-post","status-publish","format-standard","has-post-thumbnail","hentry","category-aktualnosci","category-projekt-dziedzictwo-kulturowe-a-zmiany-klimatu"],"yoast_head":"<!-- This site is optimized with the Yoast SEO plugin v26.5 - https:\/\/yoast.com\/wordpress\/plugins\/seo\/ -->\n<title>Jak skuteczniej chroni\u0107 zabytki? W Bratys\u0142awie zako\u0144czy\u0142a si\u0119 konferencja \u201ePreventing by Maintaining\u201d\u00a0 - NID<\/title>\n<meta name=\"robots\" content=\"index, follow, max-snippet:-1, max-image-preview:large, max-video-preview:-1\" \/>\n<link rel=\"canonical\" href=\"https:\/\/nid.pl\/en\/2025\/03\/13\/jak-skuteczniej-chronic-zabytki-konferencja-w-bratyslawie\/\" \/>\n<meta property=\"og:locale\" content=\"en_GB\" \/>\n<meta property=\"og:type\" content=\"article\" \/>\n<meta property=\"og:title\" content=\"Jak skuteczniej chroni\u0107 zabytki? W Bratys\u0142awie zako\u0144czy\u0142a si\u0119 konferencja \u201ePreventing by Maintaining\u201d\u00a0 - NID\" \/>\n<meta property=\"og:description\" content=\"Jak \u0142\u0105czy\u0107 system prewencji, nowe technologie i dost\u0119pne fundusze, by skutecznie chroni\u0107 zabytki przed skutkami zmian klimatu? W dniach 11-13 marca w Bratys\u0142awie odby\u0142a si\u0119 mi\u0119dzynarodowa konferencja \u201ePreventing by Maintaining\u201d, [&hellip;]\" \/>\n<meta property=\"og:url\" content=\"https:\/\/nid.pl\/en\/2025\/03\/13\/jak-skuteczniej-chronic-zabytki-konferencja-w-bratyslawie\/\" \/>\n<meta property=\"og:site_name\" content=\"NID\" \/>\n<meta property=\"article:publisher\" content=\"https:\/\/www.facebook.com\/zabytek\" \/>\n<meta property=\"article:published_time\" content=\"2025-03-13T15:10:30+00:00\" \/>\n<meta property=\"article:modified_time\" content=\"2025-05-20T12:06:07+00:00\" \/>\n<meta property=\"og:image\" content=\"https:\/\/nid.pl\/wp-content\/uploads\/2025\/03\/Konferencja-w-Bratyslawie.jpg\" \/>\n\t<meta property=\"og:image:width\" content=\"1850\" \/>\n\t<meta property=\"og:image:height\" content=\"1238\" \/>\n\t<meta property=\"og:image:type\" content=\"image\/jpeg\" \/>\n<meta name=\"author\" content=\"Barbara Halliop\" \/>\n<meta name=\"twitter:card\" content=\"summary_large_image\" \/>\n<meta name=\"twitter:creator\" content=\"@NarIDpl\" \/>\n<meta name=\"twitter:site\" content=\"@NarIDpl\" \/>\n<meta name=\"twitter:label1\" content=\"Written by\" \/>\n\t<meta name=\"twitter:data1\" content=\"Barbara Halliop\" \/>\n\t<meta name=\"twitter:label2\" content=\"Estimated reading time\" \/>\n\t<meta name=\"twitter:data2\" content=\"8 minutes\" \/>\n<script type=\"application\/ld+json\" class=\"yoast-schema-graph\">{\"@context\":\"https:\/\/schema.org\",\"@graph\":[{\"@type\":\"Article\",\"@id\":\"https:\/\/nid.pl\/2025\/03\/13\/jak-skuteczniej-chronic-zabytki-konferencja-w-bratyslawie\/#article\",\"isPartOf\":{\"@id\":\"https:\/\/nid.pl\/2025\/03\/13\/jak-skuteczniej-chronic-zabytki-konferencja-w-bratyslawie\/\"},\"author\":{\"name\":\"Barbara Halliop\",\"@id\":\"https:\/\/nid.pl\/#\/schema\/person\/1b690a8998a5111cfb9f0ffe24195a15\"},\"headline\":\"Jak skuteczniej chroni\u0107 zabytki? W Bratys\u0142awie zako\u0144czy\u0142a si\u0119 konferencja \u201ePreventing by Maintaining\u201d\u00a0\",\"datePublished\":\"2025-03-13T15:10:30+00:00\",\"dateModified\":\"2025-05-20T12:06:07+00:00\",\"mainEntityOfPage\":{\"@id\":\"https:\/\/nid.pl\/2025\/03\/13\/jak-skuteczniej-chronic-zabytki-konferencja-w-bratyslawie\/\"},\"wordCount\":850,\"publisher\":{\"@id\":\"https:\/\/nid.pl\/#organization\"},\"image\":{\"@id\":\"https:\/\/nid.pl\/2025\/03\/13\/jak-skuteczniej-chronic-zabytki-konferencja-w-bratyslawie\/#primaryimage\"},\"thumbnailUrl\":\"https:\/\/nid.pl\/wp-content\/uploads\/2025\/03\/Konferencja-w-Bratyslawie.jpg\",\"articleSection\":[\"Aktualno\u015bci\",\"PROJEKT - Dziedzictwo kulturowe a zmiany klimatu\"],\"inLanguage\":\"en-GB\"},{\"@type\":\"WebPage\",\"@id\":\"https:\/\/nid.pl\/2025\/03\/13\/jak-skuteczniej-chronic-zabytki-konferencja-w-bratyslawie\/\",\"url\":\"https:\/\/nid.pl\/2025\/03\/13\/jak-skuteczniej-chronic-zabytki-konferencja-w-bratyslawie\/\",\"name\":\"Jak skuteczniej chroni\u0107 zabytki? W Bratys\u0142awie zako\u0144czy\u0142a si\u0119 konferencja \u201ePreventing by Maintaining\u201d\u00a0 - NID\",\"isPartOf\":{\"@id\":\"https:\/\/nid.pl\/#website\"},\"primaryImageOfPage\":{\"@id\":\"https:\/\/nid.pl\/2025\/03\/13\/jak-skuteczniej-chronic-zabytki-konferencja-w-bratyslawie\/#primaryimage\"},\"image\":{\"@id\":\"https:\/\/nid.pl\/2025\/03\/13\/jak-skuteczniej-chronic-zabytki-konferencja-w-bratyslawie\/#primaryimage\"},\"thumbnailUrl\":\"https:\/\/nid.pl\/wp-content\/uploads\/2025\/03\/Konferencja-w-Bratyslawie.jpg\",\"datePublished\":\"2025-03-13T15:10:30+00:00\",\"dateModified\":\"2025-05-20T12:06:07+00:00\",\"breadcrumb\":{\"@id\":\"https:\/\/nid.pl\/2025\/03\/13\/jak-skuteczniej-chronic-zabytki-konferencja-w-bratyslawie\/#breadcrumb\"},\"inLanguage\":\"en-GB\",\"potentialAction\":[{\"@type\":\"ReadAction\",\"target\":[\"https:\/\/nid.pl\/2025\/03\/13\/jak-skuteczniej-chronic-zabytki-konferencja-w-bratyslawie\/\"]}]},{\"@type\":\"ImageObject\",\"inLanguage\":\"en-GB\",\"@id\":\"https:\/\/nid.pl\/2025\/03\/13\/jak-skuteczniej-chronic-zabytki-konferencja-w-bratyslawie\/#primaryimage\",\"url\":\"https:\/\/nid.pl\/wp-content\/uploads\/2025\/03\/Konferencja-w-Bratyslawie.jpg\",\"contentUrl\":\"https:\/\/nid.pl\/wp-content\/uploads\/2025\/03\/Konferencja-w-Bratyslawie.jpg\",\"width\":1850,\"height\":1238,\"caption\":\"uczestnicy konferencji w Bratys\u0142awie\"},{\"@type\":\"BreadcrumbList\",\"@id\":\"https:\/\/nid.pl\/2025\/03\/13\/jak-skuteczniej-chronic-zabytki-konferencja-w-bratyslawie\/#breadcrumb\",\"itemListElement\":[{\"@type\":\"ListItem\",\"position\":1,\"name\":\"Home\",\"item\":\"https:\/\/nid.pl\/\"},{\"@type\":\"ListItem\",\"position\":2,\"name\":\"Jak skuteczniej chroni\u0107 zabytki? W Bratys\u0142awie zako\u0144czy\u0142a si\u0119 konferencja \u201ePreventing by Maintaining\u201d\u00a0\"}]},{\"@type\":\"WebSite\",\"@id\":\"https:\/\/nid.pl\/#website\",\"url\":\"https:\/\/nid.pl\/\",\"name\":\"NID\",\"description\":\"Narodowy Instytut Dziedzictwa\",\"publisher\":{\"@id\":\"https:\/\/nid.pl\/#organization\"},\"potentialAction\":[{\"@type\":\"SearchAction\",\"target\":{\"@type\":\"EntryPoint\",\"urlTemplate\":\"https:\/\/nid.pl\/?s={search_term_string}\"},\"query-input\":{\"@type\":\"PropertyValueSpecification\",\"valueRequired\":true,\"valueName\":\"search_term_string\"}}],\"inLanguage\":\"en-GB\"},{\"@type\":\"Organization\",\"@id\":\"https:\/\/nid.pl\/#organization\",\"name\":\"Narodowy Instytut Dziedzictwa\",\"url\":\"https:\/\/nid.pl\/\",\"logo\":{\"@type\":\"ImageObject\",\"inLanguage\":\"en-GB\",\"@id\":\"https:\/\/nid.pl\/#\/schema\/logo\/image\/\",\"url\":\"https:\/\/nid.pl\/wp-content\/uploads\/2022\/10\/logoRedDark.png\",\"contentUrl\":\"https:\/\/nid.pl\/wp-content\/uploads\/2022\/10\/logoRedDark.png\",\"width\":200,\"height\":197,\"caption\":\"Narodowy Instytut Dziedzictwa\"},\"image\":{\"@id\":\"https:\/\/nid.pl\/#\/schema\/logo\/image\/\"},\"sameAs\":[\"https:\/\/www.facebook.com\/zabytek\",\"https:\/\/x.com\/NarIDpl\",\"https:\/\/www.instagram.com\/nid.pl\/?hl=pl\",\"https:\/\/www.linkedin.com\/company\/narodowy-instytut-dziedzictwa\",\"https:\/\/www.youtube.com\/channel\/UCQXuhKa2uHtmNvLRUSx40JA\"]},{\"@type\":\"Person\",\"@id\":\"https:\/\/nid.pl\/#\/schema\/person\/1b690a8998a5111cfb9f0ffe24195a15\",\"name\":\"Barbara Halliop\",\"image\":{\"@type\":\"ImageObject\",\"inLanguage\":\"en-GB\",\"@id\":\"https:\/\/nid.pl\/#\/schema\/person\/image\/\",\"url\":\"https:\/\/nid.pl\/wp-content\/litespeed\/avatar\/924046d17dd0c842c9fa9ccf489bc6dc.jpg?ver=1777444967\",\"contentUrl\":\"https:\/\/nid.pl\/wp-content\/litespeed\/avatar\/924046d17dd0c842c9fa9ccf489bc6dc.jpg?ver=1777444967\",\"caption\":\"Barbara Halliop\"},\"url\":\"https:\/\/nid.pl\/en\/author\/bhalliop\/\"}]}<\/script>\n<!-- \/ Yoast SEO plugin. -->","yoast_head_json":{"title":"Jak skuteczniej chroni\u0107 zabytki? W Bratys\u0142awie zako\u0144czy\u0142a si\u0119 konferencja \u201ePreventing by Maintaining\u201d\u00a0 - NID","robots":{"index":"index","follow":"follow","max-snippet":"max-snippet:-1","max-image-preview":"max-image-preview:large","max-video-preview":"max-video-preview:-1"},"canonical":"https:\/\/nid.pl\/en\/2025\/03\/13\/jak-skuteczniej-chronic-zabytki-konferencja-w-bratyslawie\/","og_locale":"en_GB","og_type":"article","og_title":"Jak skuteczniej chroni\u0107 zabytki? W Bratys\u0142awie zako\u0144czy\u0142a si\u0119 konferencja \u201ePreventing by Maintaining\u201d\u00a0 - NID","og_description":"Jak \u0142\u0105czy\u0107 system prewencji, nowe technologie i dost\u0119pne fundusze, by skutecznie chroni\u0107 zabytki przed skutkami zmian klimatu? W dniach 11-13 marca w Bratys\u0142awie odby\u0142a si\u0119 mi\u0119dzynarodowa konferencja \u201ePreventing by Maintaining\u201d, [&hellip;]","og_url":"https:\/\/nid.pl\/en\/2025\/03\/13\/jak-skuteczniej-chronic-zabytki-konferencja-w-bratyslawie\/","og_site_name":"NID","article_publisher":"https:\/\/www.facebook.com\/zabytek","article_published_time":"2025-03-13T15:10:30+00:00","article_modified_time":"2025-05-20T12:06:07+00:00","og_image":[{"width":1850,"height":1238,"url":"https:\/\/nid.pl\/wp-content\/uploads\/2025\/03\/Konferencja-w-Bratyslawie.jpg","type":"image\/jpeg"}],"author":"Barbara Halliop","twitter_card":"summary_large_image","twitter_creator":"@NarIDpl","twitter_site":"@NarIDpl","twitter_misc":{"Written by":"Barbara Halliop","Estimated reading time":"8 minutes"},"schema":{"@context":"https:\/\/schema.org","@graph":[{"@type":"Article","@id":"https:\/\/nid.pl\/2025\/03\/13\/jak-skuteczniej-chronic-zabytki-konferencja-w-bratyslawie\/#article","isPartOf":{"@id":"https:\/\/nid.pl\/2025\/03\/13\/jak-skuteczniej-chronic-zabytki-konferencja-w-bratyslawie\/"},"author":{"name":"Barbara Halliop","@id":"https:\/\/nid.pl\/#\/schema\/person\/1b690a8998a5111cfb9f0ffe24195a15"},"headline":"Jak skuteczniej chroni\u0107 zabytki? W Bratys\u0142awie zako\u0144czy\u0142a si\u0119 konferencja \u201ePreventing by Maintaining\u201d\u00a0","datePublished":"2025-03-13T15:10:30+00:00","dateModified":"2025-05-20T12:06:07+00:00","mainEntityOfPage":{"@id":"https:\/\/nid.pl\/2025\/03\/13\/jak-skuteczniej-chronic-zabytki-konferencja-w-bratyslawie\/"},"wordCount":850,"publisher":{"@id":"https:\/\/nid.pl\/#organization"},"image":{"@id":"https:\/\/nid.pl\/2025\/03\/13\/jak-skuteczniej-chronic-zabytki-konferencja-w-bratyslawie\/#primaryimage"},"thumbnailUrl":"https:\/\/nid.pl\/wp-content\/uploads\/2025\/03\/Konferencja-w-Bratyslawie.jpg","articleSection":["Aktualno\u015bci","PROJEKT - Dziedzictwo kulturowe a zmiany klimatu"],"inLanguage":"en-GB"},{"@type":"WebPage","@id":"https:\/\/nid.pl\/2025\/03\/13\/jak-skuteczniej-chronic-zabytki-konferencja-w-bratyslawie\/","url":"https:\/\/nid.pl\/2025\/03\/13\/jak-skuteczniej-chronic-zabytki-konferencja-w-bratyslawie\/","name":"Jak skuteczniej chroni\u0107 zabytki? W Bratys\u0142awie zako\u0144czy\u0142a si\u0119 konferencja \u201ePreventing by Maintaining\u201d\u00a0 - NID","isPartOf":{"@id":"https:\/\/nid.pl\/#website"},"primaryImageOfPage":{"@id":"https:\/\/nid.pl\/2025\/03\/13\/jak-skuteczniej-chronic-zabytki-konferencja-w-bratyslawie\/#primaryimage"},"image":{"@id":"https:\/\/nid.pl\/2025\/03\/13\/jak-skuteczniej-chronic-zabytki-konferencja-w-bratyslawie\/#primaryimage"},"thumbnailUrl":"https:\/\/nid.pl\/wp-content\/uploads\/2025\/03\/Konferencja-w-Bratyslawie.jpg","datePublished":"2025-03-13T15:10:30+00:00","dateModified":"2025-05-20T12:06:07+00:00","breadcrumb":{"@id":"https:\/\/nid.pl\/2025\/03\/13\/jak-skuteczniej-chronic-zabytki-konferencja-w-bratyslawie\/#breadcrumb"},"inLanguage":"en-GB","potentialAction":[{"@type":"ReadAction","target":["https:\/\/nid.pl\/2025\/03\/13\/jak-skuteczniej-chronic-zabytki-konferencja-w-bratyslawie\/"]}]},{"@type":"ImageObject","inLanguage":"en-GB","@id":"https:\/\/nid.pl\/2025\/03\/13\/jak-skuteczniej-chronic-zabytki-konferencja-w-bratyslawie\/#primaryimage","url":"https:\/\/nid.pl\/wp-content\/uploads\/2025\/03\/Konferencja-w-Bratyslawie.jpg","contentUrl":"https:\/\/nid.pl\/wp-content\/uploads\/2025\/03\/Konferencja-w-Bratyslawie.jpg","width":1850,"height":1238,"caption":"uczestnicy konferencji w Bratys\u0142awie"},{"@type":"BreadcrumbList","@id":"https:\/\/nid.pl\/2025\/03\/13\/jak-skuteczniej-chronic-zabytki-konferencja-w-bratyslawie\/#breadcrumb","itemListElement":[{"@type":"ListItem","position":1,"name":"Home","item":"https:\/\/nid.pl\/"},{"@type":"ListItem","position":2,"name":"Jak skuteczniej chroni\u0107 zabytki? W Bratys\u0142awie zako\u0144czy\u0142a si\u0119 konferencja \u201ePreventing by Maintaining\u201d\u00a0"}]},{"@type":"WebSite","@id":"https:\/\/nid.pl\/#website","url":"https:\/\/nid.pl\/","name":"NID","description":"Narodowy Instytut Dziedzictwa","publisher":{"@id":"https:\/\/nid.pl\/#organization"},"potentialAction":[{"@type":"SearchAction","target":{"@type":"EntryPoint","urlTemplate":"https:\/\/nid.pl\/?s={search_term_string}"},"query-input":{"@type":"PropertyValueSpecification","valueRequired":true,"valueName":"search_term_string"}}],"inLanguage":"en-GB"},{"@type":"Organization","@id":"https:\/\/nid.pl\/#organization","name":"Narodowy Instytut Dziedzictwa","url":"https:\/\/nid.pl\/","logo":{"@type":"ImageObject","inLanguage":"en-GB","@id":"https:\/\/nid.pl\/#\/schema\/logo\/image\/","url":"https:\/\/nid.pl\/wp-content\/uploads\/2022\/10\/logoRedDark.png","contentUrl":"https:\/\/nid.pl\/wp-content\/uploads\/2022\/10\/logoRedDark.png","width":200,"height":197,"caption":"Narodowy Instytut Dziedzictwa"},"image":{"@id":"https:\/\/nid.pl\/#\/schema\/logo\/image\/"},"sameAs":["https:\/\/www.facebook.com\/zabytek","https:\/\/x.com\/NarIDpl","https:\/\/www.instagram.com\/nid.pl\/?hl=pl","https:\/\/www.linkedin.com\/company\/narodowy-instytut-dziedzictwa","https:\/\/www.youtube.com\/channel\/UCQXuhKa2uHtmNvLRUSx40JA"]},{"@type":"Person","@id":"https:\/\/nid.pl\/#\/schema\/person\/1b690a8998a5111cfb9f0ffe24195a15","name":"Barbara Halliop","image":{"@type":"ImageObject","inLanguage":"en-GB","@id":"https:\/\/nid.pl\/#\/schema\/person\/image\/","url":"https:\/\/nid.pl\/wp-content\/litespeed\/avatar\/924046d17dd0c842c9fa9ccf489bc6dc.jpg?ver=1777444967","contentUrl":"https:\/\/nid.pl\/wp-content\/litespeed\/avatar\/924046d17dd0c842c9fa9ccf489bc6dc.jpg?ver=1777444967","caption":"Barbara Halliop"},"url":"https:\/\/nid.pl\/en\/author\/bhalliop\/"}]}},"_links":{"self":[{"href":"https:\/\/nid.pl\/en\/wp-json\/wp\/v2\/posts\/25886","targetHints":{"allow":["GET"]}}],"collection":[{"href":"https:\/\/nid.pl\/en\/wp-json\/wp\/v2\/posts"}],"about":[{"href":"https:\/\/nid.pl\/en\/wp-json\/wp\/v2\/types\/post"}],"author":[{"embeddable":true,"href":"https:\/\/nid.pl\/en\/wp-json\/wp\/v2\/users\/7"}],"replies":[{"embeddable":true,"href":"https:\/\/nid.pl\/en\/wp-json\/wp\/v2\/comments?post=25886"}],"version-history":[{"count":0,"href":"https:\/\/nid.pl\/en\/wp-json\/wp\/v2\/posts\/25886\/revisions"}],"wp:featuredmedia":[{"embeddable":true,"href":"https:\/\/nid.pl\/en\/wp-json\/wp\/v2\/media\/25895"}],"wp:attachment":[{"href":"https:\/\/nid.pl\/en\/wp-json\/wp\/v2\/media?parent=25886"}],"wp:term":[{"taxonomy":"category","embeddable":true,"href":"https:\/\/nid.pl\/en\/wp-json\/wp\/v2\/categories?post=25886"},{"taxonomy":"post_tag","embeddable":true,"href":"https:\/\/nid.pl\/en\/wp-json\/wp\/v2\/tags?post=25886"}],"curies":[{"name":"wp","href":"https:\/\/api.w.org\/{rel}","templated":true}]}}