{"id":25473,"date":"2025-03-24T09:00:00","date_gmt":"2025-03-24T08:00:00","guid":{"rendered":"https:\/\/nid.pl\/?p=25473"},"modified":"2025-06-03T11:12:43","modified_gmt":"2025-06-03T09:12:43","slug":"szkoly-ciesielskie-nid-2025-zapowiedz-otwarcia-rejestracji","status":"publish","type":"post","link":"https:\/\/nid.pl\/en\/2025\/03\/24\/szkoly-ciesielskie-nid-2025-zapowiedz-otwarcia-rejestracji\/","title":{"rendered":"Szko\u0142y Ciesielskie NID 2025 &#8211; rejestracja ju\u017c otwarta\u00a0"},"content":{"rendered":"<p class=\"has-medium-font-size\"><strong>Zapraszamy do udzia\u0142u w kolejnej edycji Szk\u00f3\u0142 Ciesielskich Narodowego Instytutu Dziedzictwa, kt\u00f3re w tym roku odb\u0119d\u0105 si\u0119 na Pog\u00f3rzu Izerskim oraz w Garbatce Letnisko! Zjazdy zaplanowane s\u0105 na czerwiec i lipiec. Pierwsza tura kierowana jest wy\u0142\u0105cznie do aktywnych cie\u015bli, druga natomiast do nauczycieli szk\u00f3\u0142 bran\u017cowych i technik\u00f3w prowadz\u0105cych zaj\u0119cia zwi\u0105zane z ciesielstwem oraz architekt\u00f3w, konstruktor\u00f3w i inspektor\u00f3w nadzoru.&nbsp;<\/strong>&nbsp;<\/p>\n\n\n\n<p><strong>Szko\u0142y Ciesielskie NID<\/strong> to po\u0142\u0105czenie praktycznych warsztat\u00f3w, podczas kt\u00f3rych uczestnicy poznaj\u0105 tajniki tradycyjnego ciesielstwa i cyklu wyk\u0142ad\u00f3w poruszaj\u0105cych zagadnienia wok\u00f3\u0142 historycznych obiekt\u00f3w drewnianych.&nbsp;<\/p>\n\n\n\n<p>W 2025 roku wsp\u00f3\u0142organizatorami Szk\u00f3\u0142 Ciesielskich s\u0105: <strong>Fundacja Dziki Zach\u00f3d \u2013 Dru\u017cyna Ciesielska R\u0119barz<\/strong> oraz <strong>Stowarzyszenie Drzewna<\/strong> dzia\u0142aj\u0105ce przy <strong>Zespole Szk\u00f3\u0142 Drzewnych i\u202fLe\u015bnych im. Jana Kochanowskiego\u202fw\u202fGarbatce-Letnisku.<\/strong> Warsztaty odb\u0119d\u0105 si\u0119 w siedzibach wsp\u00f3\u0142organizator\u00f3w:&nbsp;<\/p>\n\n\n\n<p>\u2022<strong> <\/strong>Szko\u0142a Ciesielska Pog\u00f3rze Izerskie \u2013 Grabiszyce Dolne<strong> <\/strong>(woj. dolno\u015bl\u0105skie, pow. luba\u0144ski, gm. Le\u015bna) \u2013 Fundacja Dziki Zach\u00f3d \u2013 Dru\u017cyna Ciesielska R\u0119barz&nbsp;&nbsp;<\/p>\n\n\n\n<p><strong>\u2022 <\/strong>Szko\u0142a Ciesielska Garbatka Letnisko (woj. mazowieckie, pow. kozienicki, gm. Garbatka-Letnisko) \u2013 Stowarzyszenie Drzewna&nbsp;<\/p>\n\n\n\n<p>Warsztaty organizowane s\u0105 w formule dw\u00f3ch zjazd\u00f3w uj\u0119tych w bloki tematyczne.<\/p>\n\n\n\n<p><\/p>\n\n\n\n<h6 class=\"wp-block-heading has-text-color has-link-color wp-elements-886e174065f36737734c639c0e37d633\" style=\"color:#727272\"><strong>Szko\u0142a Ciesielska Pog\u00f3rze Izerskie \u2013 Grabiszyce Dolne<\/strong><\/h6>\n\n\n\n<p>Warsztaty po\u015bwi\u0119cone historycznym konstrukcjom drewnianym skierowane s\u0105 wy\u0142\u0105cznie do aktywnych cie\u015bli. Praca b\u0119dzie odbywa\u0142a si\u0119 cz\u0119\u015bciowo w terenie.<br><br>Terminy: <strong>5-8.06.2025<\/strong> oraz <strong>19-22.06.2025<\/strong><br><strong><a href=\"https:\/\/nid.pl\/wp-content\/uploads\/2025\/06\/Harmonogram_Grabiszyce-Dolne_aktual.pdf\" target=\"_blank\" rel=\"noreferrer noopener\">Program zjazd\u00f3w<\/a><\/strong><br>Rejestracja zako\u0144czona.<\/p>\n\n\n\n<p><\/p>\n\n\n\n<p><\/p>\n\n\n\n<h6 class=\"wp-block-heading has-text-color has-link-color wp-elements-9b2cd1b3e9d887ad41c74b621aa5bd36\" style=\"color:#727272\"><strong>Szko\u0142a Ciesielska Garbatka Letnisko <\/strong><\/h6>\n\n\n\n<p>Warsztaty b\u0119d\u0105 odbywa\u0142y si\u0119 w warunkach i pracowniach szkolnych, skierowane s\u0105 przede wszystkim do nauczycieli szk\u00f3\u0142 bran\u017cowych i technik\u00f3w prowadz\u0105cych zaj\u0119cia zwi\u0105zane z ciesielstwem (I zjazd) oraz architekt\u00f3w, konstruktor\u00f3w i inspektor\u00f3w nadzoru (II zjazd).&nbsp;<\/p>\n\n\n\n<p>Terminy: <strong>4-6.07.2025<\/strong> oraz <strong>11-13.07.2025<\/strong>&nbsp;<br><strong><a href=\"https:\/\/nid.pl\/wp-content\/uploads\/2025\/04\/Harmonogram_Garbatka-Letnisko.pdf\" target=\"_blank\" rel=\"noreferrer noopener\">Program zjazd\u00f3w<\/a><\/strong><br>Rejestracja zako\u0144czona.<\/p>\n\n\n\n<p><\/p>\n\n\n\n<h6 class=\"wp-block-heading has-text-color has-link-color wp-elements-920bade53b78f5a87e438360e30e6f2e\" style=\"color:#727272\"><strong>Uczestnictwo w warsztatach<\/strong>&nbsp;<\/h6>\n\n\n\n<p><\/p>\n\n\n\n<p>Udzia\u0142 w warsztatach jest nieodp\u0142atny. Organizatorzy zapewniaj\u0105 zaplecze merytoryczne, materia\u0142y edukacyjne oraz szkolenie BHP. Organizatorzy nie pokrywaj\u0105 natomiast koszt\u00f3w zwi\u0105zanych z zakwaterowaniem, wy\u017cywieniem oraz dojazdem. Uczestnicy szkolenia otrzymaj\u0105 \u015bwiadectwa uko\u0144czenia Szko\u0142y Ciesielskiej NID.&nbsp;<\/p>\n\n\n\n<p>Zasady dotycz\u0105ce zg\u0142osze\u0144:&nbsp;<\/p>\n\n\n\n<ul class=\"wp-block-list\">\n<li>Uczestnicy b\u0119d\u0105 wybierani na podstawie ich do\u015bwiadczenia w praktycznej pracy przy drewnianych konstrukcjach historycznych. Dob\u00f3r uczestnik\u00f3w ma na celu stworzenie grup o zbli\u017conych kompetencjach i umiej\u0119tno\u015bciach.&nbsp;<\/li>\n\n\n\n<li>Dob\u00f3r uczestnik\u00f3w b\u0119dzie konsultowany z cie\u015blami prowadz\u0105cymi zaj\u0119cia.&nbsp;<\/li>\n\n\n\n<li>Uczestnicy powinni mie\u0107 na uwadze, \u017ce warsztaty b\u0119d\u0105 polega\u0142y g\u0142\u00f3wnie na pracy fizycznej.&nbsp;<\/li>\n\n\n\n<li>Przy zapisach NIE DECYDUJE kolejno\u015b\u0107 zg\u0142osze\u0144.&nbsp;<\/li>\n<\/ul>\n\n\n\n<p><a href=\"https:\/\/nid.pl\/wp-content\/uploads\/2025\/03\/Regulamin-Szkola-Ciesielska-NID-2025_aktual.pdf\"><strong>Regulamin Szk\u00f3\u0142 Ciesielskich<\/strong><\/a><\/p>\n\n\n\n<p>Szko\u0142y ciesielskie finansowe s\u0105 ze \u015brodk\u00f3w Ministerstwa Kultury i Dziedzictwa Narodowego w ramach dzia\u0142a\u0144 Centrum Architektury Drewnianej Narodowego Instytutu Dziedzictwa.&nbsp;<\/p>\n\n\n\n<p><\/p>\n\n\n\n<figure class=\"wp-block-image alignleft size-large is-resized\"><img loading=\"lazy\" decoding=\"async\" width=\"1024\" height=\"1024\" src=\"https:\/\/nid.pl\/wp-content\/uploads\/2025\/02\/szkoly-ciesielskie-2025-kwadrat-1024x1024.jpg\" alt=\"\" class=\"wp-image-25507\" style=\"width:639px;height:auto\" srcset=\"https:\/\/nid.pl\/wp-content\/uploads\/2025\/02\/szkoly-ciesielskie-2025-kwadrat-980x980.jpg 980w, https:\/\/nid.pl\/wp-content\/uploads\/2025\/02\/szkoly-ciesielskie-2025-kwadrat-480x480.jpg 480w\" sizes=\"(min-width: 0px) and (max-width: 480px) 480px, (min-width: 481px) and (max-width: 980px) 980px, (min-width: 981px) 1024px, 100vw\" \/><\/figure>","protected":false},"excerpt":{"rendered":"<p>Zapraszamy do udzia\u0142u w kolejnej edycji Szk\u00f3\u0142 Ciesielskich Narodowego Instytutu Dziedzictwa, kt\u00f3re w tym roku odb\u0119d\u0105 si\u0119 na Pog\u00f3rzu Izerskim oraz w Garbatce Letnisko! Zjazdy zaplanowane s\u0105 na czerwiec i [&hellip;]<\/p>","protected":false},"author":15,"featured_media":25495,"comment_status":"closed","ping_status":"closed","sticky":false,"template":"","format":"standard","meta":{"_et_pb_use_builder":"off","_et_pb_old_content":"<!-- wp:paragraph {\"fontSize\":\"medium\"} -->\n<p class=\"has-medium-font-size\"><strong>Zapraszamy do udzia\u0142u w kolejnej edycji Szk\u00f3\u0142 Ciesielskich Narodowego Instytutu Dziedzictwa, kt\u00f3re w tym roku odb\u0119d\u0105 si\u0119 na Pog\u00f3rzu Izerskim oraz w Garbatce Letnisko! Zjazdy zaplanowane s\u0105 na czerwiec i lipiec. Pierwsza tura kierowana jest wy\u0142\u0105cznie do aktywnych cie\u015bli, druga natomiast do nauczycieli szk\u00f3\u0142 bran\u017cowych i technik\u00f3w prowadz\u0105cych zaj\u0119cia zwi\u0105zane z ciesielstwem oraz architekt\u00f3w, konstruktor\u00f3w i inspektor\u00f3w nadzoru.&nbsp;<\/strong>&nbsp;<\/p>\n<!-- \/wp:paragraph -->\n\n<!-- wp:paragraph -->\n<p><strong>Szko\u0142y Ciesielskie NID<\/strong> to po\u0142\u0105czenie praktycznych warsztat\u00f3w, podczas kt\u00f3rych uczestnicy poznaj\u0105 tajniki tradycyjnego ciesielstwa i cyklu wyk\u0142ad\u00f3w poruszaj\u0105cych zagadnienia wok\u00f3\u0142 historycznych obiekt\u00f3w drewnianych.&nbsp;<\/p>\n<!-- \/wp:paragraph -->\n\n<!-- wp:paragraph -->\n<p>W 2025 roku wsp\u00f3\u0142organizatorami Szk\u00f3\u0142 Ciesielskich s\u0105: <strong>Fundacja Dziki Zach\u00f3d \u2013 Dru\u017cyna Ciesielska R\u0119barz<\/strong> oraz <strong>Stowarzyszenie Drzewna<\/strong> dzia\u0142aj\u0105ce przy <strong>Zespole Szk\u00f3\u0142 Drzewnych i\u202fLe\u015bnych im. Jana Kochanowskiego\u202fw\u202fGarbatce-Letnisku.<\/strong> Warsztaty odb\u0119d\u0105 si\u0119 w siedzibach wsp\u00f3\u0142organizator\u00f3w:&nbsp;<\/p>\n<!-- \/wp:paragraph -->\n\n<!-- wp:paragraph -->\n<p>\u2022<strong> <\/strong>Szko\u0142a Ciesielska Pog\u00f3rze Izerskie \u2013 Grabiszyce Dolne<strong> <\/strong>(woj. dolno\u015bl\u0105skie, pow. luba\u0144ski, gm. Le\u015bna) \u2013 Fundacja Dziki Zach\u00f3d \u2013 Dru\u017cyna Ciesielska R\u0119barz&nbsp;&nbsp;<\/p>\n<!-- \/wp:paragraph -->\n\n<!-- wp:paragraph -->\n<p><strong>\u2022 <\/strong>Szko\u0142a Ciesielska Garbatka Letnisko (woj. mazowieckie, pow. kozienicki, gm. Garbatka-Letnisko) \u2013 Stowarzyszenie Drzewna&nbsp;<\/p>\n<!-- \/wp:paragraph -->\n\n<!-- wp:paragraph -->\n<p>Warsztaty organizowane s\u0105 w formule dw\u00f3ch zjazd\u00f3w uj\u0119tych w bloki tematyczne.<\/p>\n<!-- \/wp:paragraph -->\n\n<!-- wp:paragraph -->\n<p><\/p>\n<!-- \/wp:paragraph -->\n\n<!-- wp:heading {\"level\":6,\"style\":{\"elements\":{\"link\":{\"color\":{\"text\":\"#727272\"}}},\"color\":{\"text\":\"#727272\"}}} -->\n<h6 class=\"wp-block-heading has-text-color has-link-color\" style=\"color:#727272\"><strong>Szko\u0142a Ciesielska Pog\u00f3rze Izerskie \u2013 Grabiszyce Dolne<\/strong><\/h6>\n<!-- \/wp:heading -->\n\n<!-- wp:paragraph -->\n<p>Warsztaty po\u015bwi\u0119cone historycznym konstrukcjom drewnianym skierowane s\u0105 wy\u0142\u0105cznie do aktywnych cie\u015bli. Praca b\u0119dzie odbywa\u0142a si\u0119 cz\u0119\u015bciowo w terenie.<br><br>Terminy: <strong>5-8.06.2025<\/strong> oraz <strong>19-22.06.2025<\/strong><br><strong><a href=\"https:\/\/nid.pl\/wp-content\/uploads\/2025\/05\/Harmonogram_Grabiszyce-Dolne_zm.pdf\" target=\"_blank\" rel=\"noreferrer noopener\">Program zjazd\u00f3w<\/a><\/strong><br>Rejestracja zako\u0144czona.<\/p>\n<!-- \/wp:paragraph -->\n\n<!-- wp:paragraph -->\n<p><\/p>\n<!-- \/wp:paragraph -->\n\n<!-- wp:paragraph -->\n<p><\/p>\n<!-- \/wp:paragraph -->\n\n<!-- wp:heading {\"level\":6,\"style\":{\"elements\":{\"link\":{\"color\":{\"text\":\"#727272\"}}},\"color\":{\"text\":\"#727272\"}}} -->\n<h6 class=\"wp-block-heading has-text-color has-link-color\" style=\"color:#727272\"><strong>Szko\u0142a Ciesielska Garbatka Letnisko <\/strong><\/h6>\n<!-- \/wp:heading -->\n\n<!-- wp:paragraph -->\n<p>Warsztaty b\u0119d\u0105 odbywa\u0142y si\u0119 w warunkach i pracowniach szkolnych, skierowane s\u0105 przede wszystkim do nauczycieli szk\u00f3\u0142 bran\u017cowych i technik\u00f3w prowadz\u0105cych zaj\u0119cia zwi\u0105zane z ciesielstwem (I zjazd) oraz architekt\u00f3w, konstruktor\u00f3w i inspektor\u00f3w nadzoru (II zjazd).&nbsp;<\/p>\n<!-- \/wp:paragraph -->\n\n<!-- wp:paragraph -->\n<p>Terminy: <strong>4-6.07.2025<\/strong> oraz <strong>11-13.07.2025<\/strong>&nbsp;<br><strong><a href=\"https:\/\/nid.pl\/wp-content\/uploads\/2025\/04\/Harmonogram_Garbatka-Letnisko.pdf\" target=\"_blank\" rel=\"noreferrer noopener\">Program zjazd\u00f3w<\/a><\/strong><br>Rejestracja zako\u0144czona.<\/p>\n<!-- \/wp:paragraph -->\n\n<!-- wp:paragraph -->\n<p><\/p>\n<!-- \/wp:paragraph -->\n\n<!-- wp:heading {\"level\":6,\"style\":{\"elements\":{\"link\":{\"color\":{\"text\":\"#727272\"}}},\"color\":{\"text\":\"#727272\"}}} -->\n<h6 class=\"wp-block-heading has-text-color has-link-color\" style=\"color:#727272\"><strong>Uczestnictwo w warsztatach<\/strong>&nbsp;<\/h6>\n<!-- \/wp:heading -->\n\n<!-- wp:paragraph -->\n<p><\/p>\n<!-- \/wp:paragraph -->\n\n<!-- wp:paragraph -->\n<p>Udzia\u0142 w warsztatach jest nieodp\u0142atny. Organizatorzy zapewniaj\u0105 zaplecze merytoryczne, materia\u0142y edukacyjne oraz szkolenie BHP. Organizatorzy nie pokrywaj\u0105 natomiast koszt\u00f3w zwi\u0105zanych z zakwaterowaniem, wy\u017cywieniem oraz dojazdem. Uczestnicy szkolenia otrzymaj\u0105 \u015bwiadectwa uko\u0144czenia Szko\u0142y Ciesielskiej NID.&nbsp;<\/p>\n<!-- \/wp:paragraph -->\n\n<!-- wp:paragraph -->\n<p>Zasady dotycz\u0105ce zg\u0142osze\u0144:&nbsp;<\/p>\n<!-- \/wp:paragraph -->\n\n<!-- wp:list -->\n<ul class=\"wp-block-list\"><!-- wp:list-item -->\n<li>Uczestnicy b\u0119d\u0105 wybierani na podstawie ich do\u015bwiadczenia w praktycznej pracy przy drewnianych konstrukcjach historycznych. Dob\u00f3r uczestnik\u00f3w ma na celu stworzenie grup o zbli\u017conych kompetencjach i umiej\u0119tno\u015bciach.&nbsp;<\/li>\n<!-- \/wp:list-item -->\n\n<!-- wp:list-item -->\n<li>Dob\u00f3r uczestnik\u00f3w b\u0119dzie konsultowany z cie\u015blami prowadz\u0105cymi zaj\u0119cia.&nbsp;<\/li>\n<!-- \/wp:list-item -->\n\n<!-- wp:list-item -->\n<li>Uczestnicy powinni mie\u0107 na uwadze, \u017ce warsztaty b\u0119d\u0105 polega\u0142y g\u0142\u00f3wnie na pracy fizycznej.&nbsp;<\/li>\n<!-- \/wp:list-item -->\n\n<!-- wp:list-item -->\n<li>Przy zapisach NIE DECYDUJE kolejno\u015b\u0107 zg\u0142osze\u0144.&nbsp;<\/li>\n<!-- \/wp:list-item --><\/ul>\n<!-- \/wp:list -->\n\n<!-- wp:paragraph -->\n<p><a href=\"https:\/\/nid.pl\/wp-content\/uploads\/2025\/03\/Regulamin-Szkola-Ciesielska-NID-2025_aktual.pdf\"><strong>Regulamin Szk\u00f3\u0142 Ciesielskich<\/strong><\/a><\/p>\n<!-- \/wp:paragraph -->\n\n<!-- wp:paragraph -->\n<p>Szko\u0142y ciesielskie finansowe s\u0105 ze \u015brodk\u00f3w Ministerstwa Kultury i Dziedzictwa Narodowego w ramach dzia\u0142a\u0144 Centrum Architektury Drewnianej Narodowego Instytutu Dziedzictwa.&nbsp;<\/p>\n<!-- \/wp:paragraph -->\n\n<!-- wp:paragraph -->\n<p><\/p>\n<!-- \/wp:paragraph -->\n\n<!-- wp:image {\"id\":25507,\"width\":\"639px\",\"height\":\"auto\",\"sizeSlug\":\"large\",\"linkDestination\":\"none\",\"align\":\"left\"} -->\n<figure class=\"wp-block-image alignleft size-large is-resized\"><img src=\"https:\/\/nid.pl\/wp-content\/uploads\/2025\/02\/szkoly-ciesielskie-2025-kwadrat-1024x1024.jpg\" alt=\"\" class=\"wp-image-25507\" style=\"width:639px;height:auto\"\/><\/figure>\n<!-- \/wp:image -->","_et_gb_content_width":"","_monsterinsights_skip_tracking":false,"_monsterinsights_sitenote_active":false,"_monsterinsights_sitenote_note":"","_monsterinsights_sitenote_category":0,"footnotes":""},"categories":[3,77],"tags":[],"class_list":["post-25473","post","type-post","status-publish","format-standard","has-post-thumbnail","hentry","category-aktualnosci","category-centrum-architektury-drewnianej"],"yoast_head":"<!-- This site is optimized with the Yoast SEO plugin v26.5 - https:\/\/yoast.com\/wordpress\/plugins\/seo\/ -->\n<title>Szko\u0142y Ciesielskie NID 2025 - rejestracja ju\u017c otwarta\u00a0 - NID<\/title>\n<meta name=\"description\" content=\"Zapraszamy do udzia\u0142u w kolejnej edycji Szk\u00f3\u0142 Ciesielskich NID, kt\u00f3re w tym roku odb\u0119d\u0105 si\u0119 na Pog\u00f3rzu Izerskim oraz w Garbatce Letnisko! Zjazdy zaplanowane s\u0105 na czerwiec i lipiec\" \/>\n<meta name=\"robots\" content=\"index, follow, max-snippet:-1, max-image-preview:large, max-video-preview:-1\" \/>\n<link rel=\"canonical\" href=\"https:\/\/nid.pl\/en\/2025\/03\/24\/szkoly-ciesielskie-nid-2025-zapowiedz-otwarcia-rejestracji\/\" \/>\n<meta property=\"og:locale\" content=\"en_GB\" \/>\n<meta property=\"og:type\" content=\"article\" \/>\n<meta property=\"og:title\" content=\"Szko\u0142y Ciesielskie NID 2025 - rejestracja ju\u017c otwarta\u00a0 - NID\" \/>\n<meta property=\"og:description\" content=\"Zapraszamy do udzia\u0142u w kolejnej edycji Szk\u00f3\u0142 Ciesielskich NID, kt\u00f3re w tym roku odb\u0119d\u0105 si\u0119 na Pog\u00f3rzu Izerskim oraz w Garbatce Letnisko! Zjazdy zaplanowane s\u0105 na czerwiec i lipiec\" \/>\n<meta property=\"og:url\" content=\"https:\/\/nid.pl\/en\/2025\/03\/24\/szkoly-ciesielskie-nid-2025-zapowiedz-otwarcia-rejestracji\/\" \/>\n<meta property=\"og:site_name\" content=\"NID\" \/>\n<meta property=\"article:publisher\" content=\"https:\/\/www.facebook.com\/zabytek\" \/>\n<meta property=\"article:published_time\" content=\"2025-03-24T08:00:00+00:00\" \/>\n<meta property=\"article:modified_time\" content=\"2025-06-03T09:12:43+00:00\" \/>\n<meta property=\"og:image\" content=\"https:\/\/nid.pl\/wp-content\/uploads\/2025\/02\/miniatura-www-szkoly-ciesielksie.jpg\" \/>\n\t<meta property=\"og:image:width\" content=\"1857\" \/>\n\t<meta property=\"og:image:height\" content=\"1238\" \/>\n\t<meta property=\"og:image:type\" content=\"image\/jpeg\" \/>\n<meta name=\"author\" content=\"Monika Ciura\" \/>\n<meta name=\"twitter:card\" content=\"summary_large_image\" \/>\n<meta name=\"twitter:creator\" content=\"@NarIDpl\" \/>\n<meta name=\"twitter:site\" content=\"@NarIDpl\" \/>\n<meta name=\"twitter:label1\" content=\"Written by\" \/>\n\t<meta name=\"twitter:data1\" content=\"Monika Ciura\" \/>\n\t<meta name=\"twitter:label2\" content=\"Estimated reading time\" \/>\n\t<meta name=\"twitter:data2\" content=\"3 minutes\" \/>\n<script type=\"application\/ld+json\" class=\"yoast-schema-graph\">{\"@context\":\"https:\/\/schema.org\",\"@graph\":[{\"@type\":\"Article\",\"@id\":\"https:\/\/nid.pl\/2025\/03\/24\/szkoly-ciesielskie-nid-2025-zapowiedz-otwarcia-rejestracji\/#article\",\"isPartOf\":{\"@id\":\"https:\/\/nid.pl\/2025\/03\/24\/szkoly-ciesielskie-nid-2025-zapowiedz-otwarcia-rejestracji\/\"},\"author\":{\"name\":\"Monika Ciura\",\"@id\":\"https:\/\/nid.pl\/#\/schema\/person\/ab9abea4caecdccde4fb0d555271145f\"},\"headline\":\"Szko\u0142y Ciesielskie NID 2025 &#8211; rejestracja ju\u017c otwarta\u00a0\",\"datePublished\":\"2025-03-24T08:00:00+00:00\",\"dateModified\":\"2025-06-03T09:12:43+00:00\",\"mainEntityOfPage\":{\"@id\":\"https:\/\/nid.pl\/2025\/03\/24\/szkoly-ciesielskie-nid-2025-zapowiedz-otwarcia-rejestracji\/\"},\"wordCount\":471,\"publisher\":{\"@id\":\"https:\/\/nid.pl\/#organization\"},\"image\":{\"@id\":\"https:\/\/nid.pl\/2025\/03\/24\/szkoly-ciesielskie-nid-2025-zapowiedz-otwarcia-rejestracji\/#primaryimage\"},\"thumbnailUrl\":\"https:\/\/nid.pl\/wp-content\/uploads\/2025\/02\/miniatura-www-szkoly-ciesielksie.jpg\",\"articleSection\":[\"Aktualno\u015bci\",\"Centrum Architektury Drewnianej\"],\"inLanguage\":\"en-GB\"},{\"@type\":\"WebPage\",\"@id\":\"https:\/\/nid.pl\/2025\/03\/24\/szkoly-ciesielskie-nid-2025-zapowiedz-otwarcia-rejestracji\/\",\"url\":\"https:\/\/nid.pl\/2025\/03\/24\/szkoly-ciesielskie-nid-2025-zapowiedz-otwarcia-rejestracji\/\",\"name\":\"Szko\u0142y Ciesielskie NID 2025 - rejestracja ju\u017c otwarta\u00a0 - NID\",\"isPartOf\":{\"@id\":\"https:\/\/nid.pl\/#website\"},\"primaryImageOfPage\":{\"@id\":\"https:\/\/nid.pl\/2025\/03\/24\/szkoly-ciesielskie-nid-2025-zapowiedz-otwarcia-rejestracji\/#primaryimage\"},\"image\":{\"@id\":\"https:\/\/nid.pl\/2025\/03\/24\/szkoly-ciesielskie-nid-2025-zapowiedz-otwarcia-rejestracji\/#primaryimage\"},\"thumbnailUrl\":\"https:\/\/nid.pl\/wp-content\/uploads\/2025\/02\/miniatura-www-szkoly-ciesielksie.jpg\",\"datePublished\":\"2025-03-24T08:00:00+00:00\",\"dateModified\":\"2025-06-03T09:12:43+00:00\",\"description\":\"Zapraszamy do udzia\u0142u w kolejnej edycji Szk\u00f3\u0142 Ciesielskich NID, kt\u00f3re w tym roku odb\u0119d\u0105 si\u0119 na Pog\u00f3rzu Izerskim oraz w Garbatce Letnisko! Zjazdy zaplanowane s\u0105 na czerwiec i lipiec\",\"breadcrumb\":{\"@id\":\"https:\/\/nid.pl\/2025\/03\/24\/szkoly-ciesielskie-nid-2025-zapowiedz-otwarcia-rejestracji\/#breadcrumb\"},\"inLanguage\":\"en-GB\",\"potentialAction\":[{\"@type\":\"ReadAction\",\"target\":[\"https:\/\/nid.pl\/2025\/03\/24\/szkoly-ciesielskie-nid-2025-zapowiedz-otwarcia-rejestracji\/\"]}]},{\"@type\":\"ImageObject\",\"inLanguage\":\"en-GB\",\"@id\":\"https:\/\/nid.pl\/2025\/03\/24\/szkoly-ciesielskie-nid-2025-zapowiedz-otwarcia-rejestracji\/#primaryimage\",\"url\":\"https:\/\/nid.pl\/wp-content\/uploads\/2025\/02\/miniatura-www-szkoly-ciesielksie.jpg\",\"contentUrl\":\"https:\/\/nid.pl\/wp-content\/uploads\/2025\/02\/miniatura-www-szkoly-ciesielksie.jpg\",\"width\":1857,\"height\":1238,\"caption\":\"miniatura przedstawia cie\u015bl\u0119 przy pracy\"},{\"@type\":\"BreadcrumbList\",\"@id\":\"https:\/\/nid.pl\/2025\/03\/24\/szkoly-ciesielskie-nid-2025-zapowiedz-otwarcia-rejestracji\/#breadcrumb\",\"itemListElement\":[{\"@type\":\"ListItem\",\"position\":1,\"name\":\"Home\",\"item\":\"https:\/\/nid.pl\/\"},{\"@type\":\"ListItem\",\"position\":2,\"name\":\"Szko\u0142y Ciesielskie NID 2025 &#8211; rejestracja ju\u017c otwarta\u00a0\"}]},{\"@type\":\"WebSite\",\"@id\":\"https:\/\/nid.pl\/#website\",\"url\":\"https:\/\/nid.pl\/\",\"name\":\"NID\",\"description\":\"Narodowy Instytut Dziedzictwa\",\"publisher\":{\"@id\":\"https:\/\/nid.pl\/#organization\"},\"potentialAction\":[{\"@type\":\"SearchAction\",\"target\":{\"@type\":\"EntryPoint\",\"urlTemplate\":\"https:\/\/nid.pl\/?s={search_term_string}\"},\"query-input\":{\"@type\":\"PropertyValueSpecification\",\"valueRequired\":true,\"valueName\":\"search_term_string\"}}],\"inLanguage\":\"en-GB\"},{\"@type\":\"Organization\",\"@id\":\"https:\/\/nid.pl\/#organization\",\"name\":\"Narodowy Instytut Dziedzictwa\",\"url\":\"https:\/\/nid.pl\/\",\"logo\":{\"@type\":\"ImageObject\",\"inLanguage\":\"en-GB\",\"@id\":\"https:\/\/nid.pl\/#\/schema\/logo\/image\/\",\"url\":\"https:\/\/nid.pl\/wp-content\/uploads\/2022\/10\/logoRedDark.png\",\"contentUrl\":\"https:\/\/nid.pl\/wp-content\/uploads\/2022\/10\/logoRedDark.png\",\"width\":200,\"height\":197,\"caption\":\"Narodowy Instytut Dziedzictwa\"},\"image\":{\"@id\":\"https:\/\/nid.pl\/#\/schema\/logo\/image\/\"},\"sameAs\":[\"https:\/\/www.facebook.com\/zabytek\",\"https:\/\/x.com\/NarIDpl\",\"https:\/\/www.instagram.com\/nid.pl\/?hl=pl\",\"https:\/\/www.linkedin.com\/company\/narodowy-instytut-dziedzictwa\",\"https:\/\/www.youtube.com\/channel\/UCQXuhKa2uHtmNvLRUSx40JA\"]},{\"@type\":\"Person\",\"@id\":\"https:\/\/nid.pl\/#\/schema\/person\/ab9abea4caecdccde4fb0d555271145f\",\"name\":\"Monika Ciura\",\"image\":{\"@type\":\"ImageObject\",\"inLanguage\":\"en-GB\",\"@id\":\"https:\/\/nid.pl\/#\/schema\/person\/image\/\",\"url\":\"https:\/\/nid.pl\/wp-content\/litespeed\/avatar\/bfdb15d1cc317fac4b66bdc91090ff11.jpg?ver=1776840533\",\"contentUrl\":\"https:\/\/nid.pl\/wp-content\/litespeed\/avatar\/bfdb15d1cc317fac4b66bdc91090ff11.jpg?ver=1776840533\",\"caption\":\"Monika Ciura\"},\"url\":\"https:\/\/nid.pl\/en\/author\/mciura\/\"}]}<\/script>\n<!-- \/ Yoast SEO plugin. -->","yoast_head_json":{"title":"Szko\u0142y Ciesielskie NID 2025 - rejestracja ju\u017c otwarta\u00a0 - NID","description":"Zapraszamy do udzia\u0142u w kolejnej edycji Szk\u00f3\u0142 Ciesielskich NID, kt\u00f3re w tym roku odb\u0119d\u0105 si\u0119 na Pog\u00f3rzu Izerskim oraz w Garbatce Letnisko! Zjazdy zaplanowane s\u0105 na czerwiec i lipiec","robots":{"index":"index","follow":"follow","max-snippet":"max-snippet:-1","max-image-preview":"max-image-preview:large","max-video-preview":"max-video-preview:-1"},"canonical":"https:\/\/nid.pl\/en\/2025\/03\/24\/szkoly-ciesielskie-nid-2025-zapowiedz-otwarcia-rejestracji\/","og_locale":"en_GB","og_type":"article","og_title":"Szko\u0142y Ciesielskie NID 2025 - rejestracja ju\u017c otwarta\u00a0 - NID","og_description":"Zapraszamy do udzia\u0142u w kolejnej edycji Szk\u00f3\u0142 Ciesielskich NID, kt\u00f3re w tym roku odb\u0119d\u0105 si\u0119 na Pog\u00f3rzu Izerskim oraz w Garbatce Letnisko! Zjazdy zaplanowane s\u0105 na czerwiec i lipiec","og_url":"https:\/\/nid.pl\/en\/2025\/03\/24\/szkoly-ciesielskie-nid-2025-zapowiedz-otwarcia-rejestracji\/","og_site_name":"NID","article_publisher":"https:\/\/www.facebook.com\/zabytek","article_published_time":"2025-03-24T08:00:00+00:00","article_modified_time":"2025-06-03T09:12:43+00:00","og_image":[{"width":1857,"height":1238,"url":"https:\/\/nid.pl\/wp-content\/uploads\/2025\/02\/miniatura-www-szkoly-ciesielksie.jpg","type":"image\/jpeg"}],"author":"Monika Ciura","twitter_card":"summary_large_image","twitter_creator":"@NarIDpl","twitter_site":"@NarIDpl","twitter_misc":{"Written by":"Monika Ciura","Estimated reading time":"3 minutes"},"schema":{"@context":"https:\/\/schema.org","@graph":[{"@type":"Article","@id":"https:\/\/nid.pl\/2025\/03\/24\/szkoly-ciesielskie-nid-2025-zapowiedz-otwarcia-rejestracji\/#article","isPartOf":{"@id":"https:\/\/nid.pl\/2025\/03\/24\/szkoly-ciesielskie-nid-2025-zapowiedz-otwarcia-rejestracji\/"},"author":{"name":"Monika Ciura","@id":"https:\/\/nid.pl\/#\/schema\/person\/ab9abea4caecdccde4fb0d555271145f"},"headline":"Szko\u0142y Ciesielskie NID 2025 &#8211; rejestracja ju\u017c otwarta\u00a0","datePublished":"2025-03-24T08:00:00+00:00","dateModified":"2025-06-03T09:12:43+00:00","mainEntityOfPage":{"@id":"https:\/\/nid.pl\/2025\/03\/24\/szkoly-ciesielskie-nid-2025-zapowiedz-otwarcia-rejestracji\/"},"wordCount":471,"publisher":{"@id":"https:\/\/nid.pl\/#organization"},"image":{"@id":"https:\/\/nid.pl\/2025\/03\/24\/szkoly-ciesielskie-nid-2025-zapowiedz-otwarcia-rejestracji\/#primaryimage"},"thumbnailUrl":"https:\/\/nid.pl\/wp-content\/uploads\/2025\/02\/miniatura-www-szkoly-ciesielksie.jpg","articleSection":["Aktualno\u015bci","Centrum Architektury Drewnianej"],"inLanguage":"en-GB"},{"@type":"WebPage","@id":"https:\/\/nid.pl\/2025\/03\/24\/szkoly-ciesielskie-nid-2025-zapowiedz-otwarcia-rejestracji\/","url":"https:\/\/nid.pl\/2025\/03\/24\/szkoly-ciesielskie-nid-2025-zapowiedz-otwarcia-rejestracji\/","name":"Szko\u0142y Ciesielskie NID 2025 - rejestracja ju\u017c otwarta\u00a0 - NID","isPartOf":{"@id":"https:\/\/nid.pl\/#website"},"primaryImageOfPage":{"@id":"https:\/\/nid.pl\/2025\/03\/24\/szkoly-ciesielskie-nid-2025-zapowiedz-otwarcia-rejestracji\/#primaryimage"},"image":{"@id":"https:\/\/nid.pl\/2025\/03\/24\/szkoly-ciesielskie-nid-2025-zapowiedz-otwarcia-rejestracji\/#primaryimage"},"thumbnailUrl":"https:\/\/nid.pl\/wp-content\/uploads\/2025\/02\/miniatura-www-szkoly-ciesielksie.jpg","datePublished":"2025-03-24T08:00:00+00:00","dateModified":"2025-06-03T09:12:43+00:00","description":"Zapraszamy do udzia\u0142u w kolejnej edycji Szk\u00f3\u0142 Ciesielskich NID, kt\u00f3re w tym roku odb\u0119d\u0105 si\u0119 na Pog\u00f3rzu Izerskim oraz w Garbatce Letnisko! Zjazdy zaplanowane s\u0105 na czerwiec i lipiec","breadcrumb":{"@id":"https:\/\/nid.pl\/2025\/03\/24\/szkoly-ciesielskie-nid-2025-zapowiedz-otwarcia-rejestracji\/#breadcrumb"},"inLanguage":"en-GB","potentialAction":[{"@type":"ReadAction","target":["https:\/\/nid.pl\/2025\/03\/24\/szkoly-ciesielskie-nid-2025-zapowiedz-otwarcia-rejestracji\/"]}]},{"@type":"ImageObject","inLanguage":"en-GB","@id":"https:\/\/nid.pl\/2025\/03\/24\/szkoly-ciesielskie-nid-2025-zapowiedz-otwarcia-rejestracji\/#primaryimage","url":"https:\/\/nid.pl\/wp-content\/uploads\/2025\/02\/miniatura-www-szkoly-ciesielksie.jpg","contentUrl":"https:\/\/nid.pl\/wp-content\/uploads\/2025\/02\/miniatura-www-szkoly-ciesielksie.jpg","width":1857,"height":1238,"caption":"miniatura przedstawia cie\u015bl\u0119 przy pracy"},{"@type":"BreadcrumbList","@id":"https:\/\/nid.pl\/2025\/03\/24\/szkoly-ciesielskie-nid-2025-zapowiedz-otwarcia-rejestracji\/#breadcrumb","itemListElement":[{"@type":"ListItem","position":1,"name":"Home","item":"https:\/\/nid.pl\/"},{"@type":"ListItem","position":2,"name":"Szko\u0142y Ciesielskie NID 2025 &#8211; rejestracja ju\u017c otwarta\u00a0"}]},{"@type":"WebSite","@id":"https:\/\/nid.pl\/#website","url":"https:\/\/nid.pl\/","name":"NID","description":"Narodowy Instytut Dziedzictwa","publisher":{"@id":"https:\/\/nid.pl\/#organization"},"potentialAction":[{"@type":"SearchAction","target":{"@type":"EntryPoint","urlTemplate":"https:\/\/nid.pl\/?s={search_term_string}"},"query-input":{"@type":"PropertyValueSpecification","valueRequired":true,"valueName":"search_term_string"}}],"inLanguage":"en-GB"},{"@type":"Organization","@id":"https:\/\/nid.pl\/#organization","name":"Narodowy Instytut Dziedzictwa","url":"https:\/\/nid.pl\/","logo":{"@type":"ImageObject","inLanguage":"en-GB","@id":"https:\/\/nid.pl\/#\/schema\/logo\/image\/","url":"https:\/\/nid.pl\/wp-content\/uploads\/2022\/10\/logoRedDark.png","contentUrl":"https:\/\/nid.pl\/wp-content\/uploads\/2022\/10\/logoRedDark.png","width":200,"height":197,"caption":"Narodowy Instytut Dziedzictwa"},"image":{"@id":"https:\/\/nid.pl\/#\/schema\/logo\/image\/"},"sameAs":["https:\/\/www.facebook.com\/zabytek","https:\/\/x.com\/NarIDpl","https:\/\/www.instagram.com\/nid.pl\/?hl=pl","https:\/\/www.linkedin.com\/company\/narodowy-instytut-dziedzictwa","https:\/\/www.youtube.com\/channel\/UCQXuhKa2uHtmNvLRUSx40JA"]},{"@type":"Person","@id":"https:\/\/nid.pl\/#\/schema\/person\/ab9abea4caecdccde4fb0d555271145f","name":"Monika Ciura","image":{"@type":"ImageObject","inLanguage":"en-GB","@id":"https:\/\/nid.pl\/#\/schema\/person\/image\/","url":"https:\/\/nid.pl\/wp-content\/litespeed\/avatar\/bfdb15d1cc317fac4b66bdc91090ff11.jpg?ver=1776840533","contentUrl":"https:\/\/nid.pl\/wp-content\/litespeed\/avatar\/bfdb15d1cc317fac4b66bdc91090ff11.jpg?ver=1776840533","caption":"Monika Ciura"},"url":"https:\/\/nid.pl\/en\/author\/mciura\/"}]}},"_links":{"self":[{"href":"https:\/\/nid.pl\/en\/wp-json\/wp\/v2\/posts\/25473","targetHints":{"allow":["GET"]}}],"collection":[{"href":"https:\/\/nid.pl\/en\/wp-json\/wp\/v2\/posts"}],"about":[{"href":"https:\/\/nid.pl\/en\/wp-json\/wp\/v2\/types\/post"}],"author":[{"embeddable":true,"href":"https:\/\/nid.pl\/en\/wp-json\/wp\/v2\/users\/15"}],"replies":[{"embeddable":true,"href":"https:\/\/nid.pl\/en\/wp-json\/wp\/v2\/comments?post=25473"}],"version-history":[{"count":0,"href":"https:\/\/nid.pl\/en\/wp-json\/wp\/v2\/posts\/25473\/revisions"}],"wp:featuredmedia":[{"embeddable":true,"href":"https:\/\/nid.pl\/en\/wp-json\/wp\/v2\/media\/25495"}],"wp:attachment":[{"href":"https:\/\/nid.pl\/en\/wp-json\/wp\/v2\/media?parent=25473"}],"wp:term":[{"taxonomy":"category","embeddable":true,"href":"https:\/\/nid.pl\/en\/wp-json\/wp\/v2\/categories?post=25473"},{"taxonomy":"post_tag","embeddable":true,"href":"https:\/\/nid.pl\/en\/wp-json\/wp\/v2\/tags?post=25473"}],"curies":[{"name":"wp","href":"https:\/\/api.w.org\/{rel}","templated":true}]}}